{"id":1197,"date":"2017-01-16T16:50:54","date_gmt":"2017-01-16T18:50:54","guid":{"rendered":"http:\/\/sindicatodosbancarios.org.br\/?p=1197"},"modified":"2017-08-22T15:02:42","modified_gmt":"2017-08-22T18:02:42","slug":"informe-0062017-informacoes-sobre-o-vale-cultura","status":"publish","type":"post","link":"https:\/\/sindicatodosbancarios.org.br\/site2022\/2017\/01\/16\/informe-0062017-informacoes-sobre-o-vale-cultura\/","title":{"rendered":"INFORME 006\/2017 &#8211; INFORMA\u00c7\u00d5ES SOBRE O VALE CULTURA"},"content":{"rendered":"<p>No ano de 2016, o ministro da Cultura, Roberto Freire (PPS) defendeu a manuten\u00e7\u00e3o do Vale Cultura at\u00e9 2021 e, lutou para garantir recursos no Or\u00e7amento de 2017 para subsidiar o beneficio. No entanto, o pagamento s\u00f3 pode ser feito ap\u00f3s altera\u00e7\u00e3o no artigo 10 da Lei n\u00ba12.761\/12, que previa a manuten\u00e7\u00e3o do programa at\u00e9 dezembro de 2016. A prorroga\u00e7\u00e3o pode ser feita pelo Presidente da Rep\u00fablica por Decreto.<\/p>\n<p>O Minist\u00e9rio da Cultura informou que h\u00e1 recursos para execu\u00e7\u00e3o do programa em 2017, e que o mesmo j\u00e1 est\u00e1 previsto na Lei Or\u00e7ament\u00e1ria Anual (LOA) aprovada pelo Congresso Nacional. Por\u00e9m, ainda falta dois passos: 1\u02da &#8211; A autoriza\u00e7\u00e3o do Minist\u00e9rio da Fazenda, e o 2\u02da, a Publica\u00e7\u00e3o Do Decreto Presidencial no Di\u00e1rio da Uni\u00e3o.<\/p>\n<p>A CONTEC seguir\u00e1 acompanhando e cobrando das autoridades competentes a Publica\u00e7\u00e3o Da Prorroga\u00e7\u00e3o Do Vale Cultura.<\/p>\n<p><span style=\"font-size: 8pt;\"><em>FONTE: SEEB JGS E REGI\u00c3O SC.<\/em><\/span><\/p>\n","protected":false},"excerpt":{"rendered":"<p>No ano de 2016, o ministro da Cultura, Roberto Freire (PPS) defendeu a manuten\u00e7\u00e3o do Vale Cultura at\u00e9 [&hellip;]<\/p>\n","protected":false},"author":2,"featured_media":1198,"comment_status":"open","ping_status":"open","sticky":false,"template":"","format":"standard","meta":{"jetpack_post_was_ever_published":false,"jetpack_publicize_message":"","jetpack_is_tweetstorm":false,"jetpack_publicize_feature_enabled":true,"jetpack_social_post_already_shared":true,"jetpack_social_options":[]},"categories":[1],"tags":[],"jetpack_publicize_connections":[],"acf":[],"yoast_head":"<!-- This site is optimized with the Yoast SEO plugin v19.14 - https:\/\/yoast.com\/wordpress\/plugins\/seo\/ -->\n<title>INFORME 006\/2017 - INFORMA\u00c7\u00d5ES SOBRE O VALE CULTURA - Sindicato dos Banc\u00e1rios de S\u00e3o Bento do Sul e Regi\u00e3o<\/title>\n<meta name=\"robots\" content=\"index, follow, max-snippet:-1, max-image-preview:large, max-video-preview:-1\" \/>\n<link rel=\"canonical\" href=\"https:\/\/sindicatodosbancarios.org.br\/site2022\/2017\/01\/16\/informe-0062017-informacoes-sobre-o-vale-cultura\/\" \/>\n<meta property=\"og:locale\" content=\"pt_BR\" \/>\n<meta property=\"og:type\" content=\"article\" \/>\n<meta property=\"og:title\" content=\"INFORME 006\/2017 - INFORMA\u00c7\u00d5ES SOBRE O VALE CULTURA - Sindicato dos Banc\u00e1rios de S\u00e3o Bento do Sul e Regi\u00e3o\" \/>\n<meta property=\"og:description\" content=\"No ano de 2016, o ministro da Cultura, Roberto Freire (PPS) defendeu a manuten\u00e7\u00e3o do Vale Cultura at\u00e9 [&hellip;]\" \/>\n<meta property=\"og:url\" content=\"https:\/\/sindicatodosbancarios.org.br\/site2022\/2017\/01\/16\/informe-0062017-informacoes-sobre-o-vale-cultura\/\" \/>\n<meta property=\"og:site_name\" content=\"Sindicato dos Banc\u00e1rios de S\u00e3o Bento do Sul e Regi\u00e3o\" \/>\n<meta property=\"article:author\" content=\"https:\/\/www.facebook.com\/seeb.sbs.9\" \/>\n<meta property=\"article:published_time\" content=\"2017-01-16T18:50:54+00:00\" \/>\n<meta property=\"article:modified_time\" content=\"2017-08-22T18:02:42+00:00\" \/>\n<meta property=\"og:image\" content=\"https:\/\/sindicatodosbancarios.org.br\/site2022\/wp-content\/uploads\/2017\/08\/6.jpg\" \/>\n\t<meta property=\"og:image:width\" content=\"96\" \/>\n\t<meta property=\"og:image:height\" content=\"96\" \/>\n\t<meta property=\"og:image:type\" content=\"image\/jpeg\" \/>\n<meta name=\"author\" content=\"Sindicato dos Banc\u00e1rios S\u00e3o Bento do Sul e Regi\u00e3o\" \/>\n<meta name=\"twitter:card\" content=\"summary_large_image\" \/>\n<meta name=\"twitter:label1\" content=\"Escrito por\" \/>\n\t<meta name=\"twitter:data1\" content=\"Sindicato dos Banc\u00e1rios S\u00e3o Bento do Sul e Regi\u00e3o\" \/>\n\t<meta name=\"twitter:label2\" content=\"Est. tempo de leitura\" \/>\n\t<meta name=\"twitter:data2\" content=\"1 minuto\" \/>\n<script type=\"application\/ld+json\" class=\"yoast-schema-graph\">{\"@context\":\"https:\/\/schema.org\",\"@graph\":[{\"@type\":\"Article\",\"@id\":\"https:\/\/sindicatodosbancarios.org.br\/site2022\/2017\/01\/16\/informe-0062017-informacoes-sobre-o-vale-cultura\/#article\",\"isPartOf\":{\"@id\":\"https:\/\/sindicatodosbancarios.org.br\/site2022\/2017\/01\/16\/informe-0062017-informacoes-sobre-o-vale-cultura\/\"},\"author\":{\"name\":\"Sindicato dos Banc\u00e1rios S\u00e3o Bento do Sul e Regi\u00e3o\",\"@id\":\"https:\/\/sindicatodosbancarios.org.br\/site2022\/#\/schema\/person\/a7d92da77d1084df4d28b57962f1e1bd\"},\"headline\":\"INFORME 006\/2017 &#8211; INFORMA\u00c7\u00d5ES SOBRE O VALE CULTURA\",\"datePublished\":\"2017-01-16T18:50:54+00:00\",\"dateModified\":\"2017-08-22T18:02:42+00:00\",\"mainEntityOfPage\":{\"@id\":\"https:\/\/sindicatodosbancarios.org.br\/site2022\/2017\/01\/16\/informe-0062017-informacoes-sobre-o-vale-cultura\/\"},\"wordCount\":166,\"commentCount\":0,\"publisher\":{\"@id\":\"https:\/\/sindicatodosbancarios.org.br\/site2022\/#organization\"},\"articleSection\":[\"Geral\"],\"inLanguage\":\"pt-BR\",\"potentialAction\":[{\"@type\":\"CommentAction\",\"name\":\"Comment\",\"target\":[\"https:\/\/sindicatodosbancarios.org.br\/site2022\/2017\/01\/16\/informe-0062017-informacoes-sobre-o-vale-cultura\/#respond\"]}]},{\"@type\":\"WebPage\",\"@id\":\"https:\/\/sindicatodosbancarios.org.br\/site2022\/2017\/01\/16\/informe-0062017-informacoes-sobre-o-vale-cultura\/\",\"url\":\"https:\/\/sindicatodosbancarios.org.br\/site2022\/2017\/01\/16\/informe-0062017-informacoes-sobre-o-vale-cultura\/\",\"name\":\"INFORME 006\/2017 - INFORMA\u00c7\u00d5ES SOBRE O VALE CULTURA - Sindicato dos Banc\u00e1rios de S\u00e3o Bento do Sul e Regi\u00e3o\",\"isPartOf\":{\"@id\":\"https:\/\/sindicatodosbancarios.org.br\/site2022\/#website\"},\"datePublished\":\"2017-01-16T18:50:54+00:00\",\"dateModified\":\"2017-08-22T18:02:42+00:00\",\"breadcrumb\":{\"@id\":\"https:\/\/sindicatodosbancarios.org.br\/site2022\/2017\/01\/16\/informe-0062017-informacoes-sobre-o-vale-cultura\/#breadcrumb\"},\"inLanguage\":\"pt-BR\",\"potentialAction\":[{\"@type\":\"ReadAction\",\"target\":[\"https:\/\/sindicatodosbancarios.org.br\/site2022\/2017\/01\/16\/informe-0062017-informacoes-sobre-o-vale-cultura\/\"]}]},{\"@type\":\"BreadcrumbList\",\"@id\":\"https:\/\/sindicatodosbancarios.org.br\/site2022\/2017\/01\/16\/informe-0062017-informacoes-sobre-o-vale-cultura\/#breadcrumb\",\"itemListElement\":[{\"@type\":\"ListItem\",\"position\":1,\"name\":\"In\u00edcio\",\"item\":\"https:\/\/sindicatodosbancarios.org.br\/site2022\/\"},{\"@type\":\"ListItem\",\"position\":2,\"name\":\"INFORME 006\/2017 &#8211; INFORMA\u00c7\u00d5ES SOBRE O VALE CULTURA\"}]},{\"@type\":\"WebSite\",\"@id\":\"https:\/\/sindicatodosbancarios.org.br\/site2022\/#website\",\"url\":\"https:\/\/sindicatodosbancarios.org.br\/site2022\/\",\"name\":\"Sindicato dos Banc\u00e1rios de S\u00e3o Bento do Sul e Regi\u00e3o\",\"description\":\"Website institucional do Sindicato dos Banc\u00e1rios de S\u00e3o Bento do Sul e Regi\u00e3o\",\"publisher\":{\"@id\":\"https:\/\/sindicatodosbancarios.org.br\/site2022\/#organization\"},\"potentialAction\":[{\"@type\":\"SearchAction\",\"target\":{\"@type\":\"EntryPoint\",\"urlTemplate\":\"https:\/\/sindicatodosbancarios.org.br\/site2022\/?s={search_term_string}\"},\"query-input\":\"required name=search_term_string\"}],\"inLanguage\":\"pt-BR\"},{\"@type\":\"Organization\",\"@id\":\"https:\/\/sindicatodosbancarios.org.br\/site2022\/#organization\",\"name\":\"Sindicato dos Banc\u00e1rios de S\u00e3o Bento do Sul e Regi\u00e3o\",\"url\":\"https:\/\/sindicatodosbancarios.org.br\/site2022\/\",\"logo\":{\"@type\":\"ImageObject\",\"inLanguage\":\"pt-BR\",\"@id\":\"https:\/\/sindicatodosbancarios.org.br\/site2022\/#\/schema\/logo\/image\/\",\"url\":\"https:\/\/sindicatodosbancarios.org.br\/site2022\/wp-content\/uploads\/2017\/06\/cropped-logo-2.png\",\"contentUrl\":\"https:\/\/sindicatodosbancarios.org.br\/site2022\/wp-content\/uploads\/2017\/06\/cropped-logo-2.png\",\"width\":292,\"height\":292,\"caption\":\"Sindicato dos Banc\u00e1rios de S\u00e3o Bento do Sul e Regi\u00e3o\"},\"image\":{\"@id\":\"https:\/\/sindicatodosbancarios.org.br\/site2022\/#\/schema\/logo\/image\/\"}},{\"@type\":\"Person\",\"@id\":\"https:\/\/sindicatodosbancarios.org.br\/site2022\/#\/schema\/person\/a7d92da77d1084df4d28b57962f1e1bd\",\"name\":\"Sindicato dos Banc\u00e1rios S\u00e3o Bento do Sul e Regi\u00e3o\",\"image\":{\"@type\":\"ImageObject\",\"inLanguage\":\"pt-BR\",\"@id\":\"https:\/\/sindicatodosbancarios.org.br\/site2022\/#\/schema\/person\/image\/\",\"url\":\"https:\/\/secure.gravatar.com\/avatar\/f1d1a06f698f2345352e539387180d42?s=96&d=mm&r=g\",\"contentUrl\":\"https:\/\/secure.gravatar.com\/avatar\/f1d1a06f698f2345352e539387180d42?s=96&d=mm&r=g\",\"caption\":\"Sindicato dos Banc\u00e1rios S\u00e3o Bento do Sul e Regi\u00e3o\"},\"sameAs\":[\"http:\/\/sindicatodosbancarios.org.br\/site2022\/\",\"https:\/\/www.facebook.com\/seeb.sbs.9\"],\"url\":\"https:\/\/sindicatodosbancarios.org.br\/site2022\/author\/sindicatodosbancarios\/\"}]}<\/script>\n<!-- \/ Yoast SEO plugin. -->","yoast_head_json":{"title":"INFORME 006\/2017 - INFORMA\u00c7\u00d5ES SOBRE O VALE CULTURA - Sindicato dos Banc\u00e1rios de S\u00e3o Bento do Sul e Regi\u00e3o","robots":{"index":"index","follow":"follow","max-snippet":"max-snippet:-1","max-image-preview":"max-image-preview:large","max-video-preview":"max-video-preview:-1"},"canonical":"https:\/\/sindicatodosbancarios.org.br\/site2022\/2017\/01\/16\/informe-0062017-informacoes-sobre-o-vale-cultura\/","og_locale":"pt_BR","og_type":"article","og_title":"INFORME 006\/2017 - INFORMA\u00c7\u00d5ES SOBRE O VALE CULTURA - Sindicato dos Banc\u00e1rios de S\u00e3o Bento do Sul e Regi\u00e3o","og_description":"No ano de 2016, o ministro da Cultura, Roberto Freire (PPS) defendeu a manuten\u00e7\u00e3o do Vale Cultura at\u00e9 [&hellip;]","og_url":"https:\/\/sindicatodosbancarios.org.br\/site2022\/2017\/01\/16\/informe-0062017-informacoes-sobre-o-vale-cultura\/","og_site_name":"Sindicato dos Banc\u00e1rios de S\u00e3o Bento do Sul e Regi\u00e3o","article_author":"https:\/\/www.facebook.com\/seeb.sbs.9","article_published_time":"2017-01-16T18:50:54+00:00","article_modified_time":"2017-08-22T18:02:42+00:00","og_image":[{"width":96,"height":96,"url":"https:\/\/sindicatodosbancarios.org.br\/site2022\/wp-content\/uploads\/2017\/08\/6.jpg","type":"image\/jpeg"}],"author":"Sindicato dos Banc\u00e1rios S\u00e3o Bento do Sul e Regi\u00e3o","twitter_card":"summary_large_image","twitter_misc":{"Escrito por":"Sindicato dos Banc\u00e1rios S\u00e3o Bento do Sul e Regi\u00e3o","Est. tempo de leitura":"1 minuto"},"schema":{"@context":"https:\/\/schema.org","@graph":[{"@type":"Article","@id":"https:\/\/sindicatodosbancarios.org.br\/site2022\/2017\/01\/16\/informe-0062017-informacoes-sobre-o-vale-cultura\/#article","isPartOf":{"@id":"https:\/\/sindicatodosbancarios.org.br\/site2022\/2017\/01\/16\/informe-0062017-informacoes-sobre-o-vale-cultura\/"},"author":{"name":"Sindicato dos Banc\u00e1rios S\u00e3o Bento do Sul e Regi\u00e3o","@id":"https:\/\/sindicatodosbancarios.org.br\/site2022\/#\/schema\/person\/a7d92da77d1084df4d28b57962f1e1bd"},"headline":"INFORME 006\/2017 &#8211; INFORMA\u00c7\u00d5ES SOBRE O VALE CULTURA","datePublished":"2017-01-16T18:50:54+00:00","dateModified":"2017-08-22T18:02:42+00:00","mainEntityOfPage":{"@id":"https:\/\/sindicatodosbancarios.org.br\/site2022\/2017\/01\/16\/informe-0062017-informacoes-sobre-o-vale-cultura\/"},"wordCount":166,"commentCount":0,"publisher":{"@id":"https:\/\/sindicatodosbancarios.org.br\/site2022\/#organization"},"articleSection":["Geral"],"inLanguage":"pt-BR","potentialAction":[{"@type":"CommentAction","name":"Comment","target":["https:\/\/sindicatodosbancarios.org.br\/site2022\/2017\/01\/16\/informe-0062017-informacoes-sobre-o-vale-cultura\/#respond"]}]},{"@type":"WebPage","@id":"https:\/\/sindicatodosbancarios.org.br\/site2022\/2017\/01\/16\/informe-0062017-informacoes-sobre-o-vale-cultura\/","url":"https:\/\/sindicatodosbancarios.org.br\/site2022\/2017\/01\/16\/informe-0062017-informacoes-sobre-o-vale-cultura\/","name":"INFORME 006\/2017 - INFORMA\u00c7\u00d5ES SOBRE O VALE CULTURA - Sindicato dos Banc\u00e1rios de S\u00e3o Bento do Sul e Regi\u00e3o","isPartOf":{"@id":"https:\/\/sindicatodosbancarios.org.br\/site2022\/#website"},"datePublished":"2017-01-16T18:50:54+00:00","dateModified":"2017-08-22T18:02:42+00:00","breadcrumb":{"@id":"https:\/\/sindicatodosbancarios.org.br\/site2022\/2017\/01\/16\/informe-0062017-informacoes-sobre-o-vale-cultura\/#breadcrumb"},"inLanguage":"pt-BR","potentialAction":[{"@type":"ReadAction","target":["https:\/\/sindicatodosbancarios.org.br\/site2022\/2017\/01\/16\/informe-0062017-informacoes-sobre-o-vale-cultura\/"]}]},{"@type":"BreadcrumbList","@id":"https:\/\/sindicatodosbancarios.org.br\/site2022\/2017\/01\/16\/informe-0062017-informacoes-sobre-o-vale-cultura\/#breadcrumb","itemListElement":[{"@type":"ListItem","position":1,"name":"In\u00edcio","item":"https:\/\/sindicatodosbancarios.org.br\/site2022\/"},{"@type":"ListItem","position":2,"name":"INFORME 006\/2017 &#8211; INFORMA\u00c7\u00d5ES SOBRE O VALE CULTURA"}]},{"@type":"WebSite","@id":"https:\/\/sindicatodosbancarios.org.br\/site2022\/#website","url":"https:\/\/sindicatodosbancarios.org.br\/site2022\/","name":"Sindicato dos Banc\u00e1rios de S\u00e3o Bento do Sul e Regi\u00e3o","description":"Website institucional do Sindicato dos Banc\u00e1rios de S\u00e3o Bento do Sul e Regi\u00e3o","publisher":{"@id":"https:\/\/sindicatodosbancarios.org.br\/site2022\/#organization"},"potentialAction":[{"@type":"SearchAction","target":{"@type":"EntryPoint","urlTemplate":"https:\/\/sindicatodosbancarios.org.br\/site2022\/?s={search_term_string}"},"query-input":"required name=search_term_string"}],"inLanguage":"pt-BR"},{"@type":"Organization","@id":"https:\/\/sindicatodosbancarios.org.br\/site2022\/#organization","name":"Sindicato dos Banc\u00e1rios de S\u00e3o Bento do Sul e Regi\u00e3o","url":"https:\/\/sindicatodosbancarios.org.br\/site2022\/","logo":{"@type":"ImageObject","inLanguage":"pt-BR","@id":"https:\/\/sindicatodosbancarios.org.br\/site2022\/#\/schema\/logo\/image\/","url":"https:\/\/sindicatodosbancarios.org.br\/site2022\/wp-content\/uploads\/2017\/06\/cropped-logo-2.png","contentUrl":"https:\/\/sindicatodosbancarios.org.br\/site2022\/wp-content\/uploads\/2017\/06\/cropped-logo-2.png","width":292,"height":292,"caption":"Sindicato dos Banc\u00e1rios de S\u00e3o Bento do Sul e Regi\u00e3o"},"image":{"@id":"https:\/\/sindicatodosbancarios.org.br\/site2022\/#\/schema\/logo\/image\/"}},{"@type":"Person","@id":"https:\/\/sindicatodosbancarios.org.br\/site2022\/#\/schema\/person\/a7d92da77d1084df4d28b57962f1e1bd","name":"Sindicato dos Banc\u00e1rios S\u00e3o Bento do Sul e Regi\u00e3o","image":{"@type":"ImageObject","inLanguage":"pt-BR","@id":"https:\/\/sindicatodosbancarios.org.br\/site2022\/#\/schema\/person\/image\/","url":"https:\/\/secure.gravatar.com\/avatar\/f1d1a06f698f2345352e539387180d42?s=96&d=mm&r=g","contentUrl":"https:\/\/secure.gravatar.com\/avatar\/f1d1a06f698f2345352e539387180d42?s=96&d=mm&r=g","caption":"Sindicato dos Banc\u00e1rios S\u00e3o Bento do Sul e Regi\u00e3o"},"sameAs":["http:\/\/sindicatodosbancarios.org.br\/site2022\/","https:\/\/www.facebook.com\/seeb.sbs.9"],"url":"https:\/\/sindicatodosbancarios.org.br\/site2022\/author\/sindicatodosbancarios\/"}]}},"jetpack_featured_media_url":"https:\/\/sindicatodosbancarios.org.br\/site2022\/wp-content\/uploads\/2017\/08\/6.jpg","jetpack_sharing_enabled":true,"jetpack_shortlink":"https:\/\/wp.me\/p8RSbI-jj","jetpack-related-posts":[{"id":5812,"url":"https:\/\/sindicatodosbancarios.org.br\/site2022\/2021\/11\/16\/informe-bancario-246-2021-o-vale-alimentacao-vai-mudar-entenda-o-que-acontece-com-novo-decreto\/","url_meta":{"origin":1197,"position":0},"title":"INFORME BANC\u00c1RIO \u2013 246\/2021 O vale-alimenta\u00e7\u00e3o vai mudar? Entenda o que acontece com novo decreto","date":"16 de novembro de 2021","format":false,"excerpt":"Entre simplifica\u00e7\u00f5es de normas trabalhistas, o decreto n\u00ba 10.854 trouxe novas regras para a oferta de benef\u00edcios de alimenta\u00e7\u00e3o Nesta semana, o governo federal\u00a0publicou o decreto n\u00ba 10.854,\u00a0documento que simplifica diversas normas trabalhistas e as re\u00fane em 15 pontos. A maior novidade fica no cap\u00edtulo sobre a alimenta\u00e7\u00e3o do trabalhador,\u2026","rel":"","context":"Em &quot;Geral&quot;","img":{"alt_text":"","src":"https:\/\/i0.wp.com\/sindicatodosbancarios.org.br\/site2022\/wp-content\/uploads\/2021\/11\/refeicao-alimentacao.jpg?resize=350%2C200&ssl=1","width":350,"height":200},"classes":[]},{"id":4474,"url":"https:\/\/sindicatodosbancarios.org.br\/site2022\/2020\/09\/11\/informe-bancario-340-2020-governo-endurece-regra-para-ter-direito-as-4-parcelas-de-r-300-do-auxilio\/","url_meta":{"origin":1197,"position":1},"title":"INFORME BANC\u00c1RIO \u2013 340\/2020 Governo endurece regra para ter direito \u00e0s 4 parcelas de R$ 300 do aux\u00edlio","date":"11 de setembro de 2020","format":false,"excerpt":"A medida provis\u00f3ria publicada nesta quinta-feira (3) que prorrogou o aux\u00edlio emergencial com mais quatro parcelas de R$ 300 tamb\u00e9m alterou os crit\u00e9rios de renda para ter direito \u00e0 ajuda do governo federal. Al\u00e9m das regras previstas na lei que criou o aux\u00edlio emergencial, agora h\u00e1 novos fatores que podem\u2026","rel":"","context":"Em &quot;Geral&quot;","img":{"alt_text":"","src":"https:\/\/i0.wp.com\/sindicatodosbancarios.org.br\/site2022\/wp-content\/uploads\/2020\/06\/app-caixa-07042020120509129.png?resize=350%2C200&ssl=1","width":350,"height":200},"classes":[]},{"id":4714,"url":"https:\/\/sindicatodosbancarios.org.br\/site2022\/2020\/11\/03\/informe-bancario-414-2020-sus-bolsonaro-revoga-decreto-sobre-privatizacao-de-unidades-basicas-de-saude\/","url_meta":{"origin":1197,"position":2},"title":"INFORME BANC\u00c1RIO \u2013 414\/2020 SUS: Bolsonaro revoga decreto sobre privatiza\u00e7\u00e3o de unidades b\u00e1sicas de sa\u00fade","date":"3 de novembro de 2020","format":false,"excerpt":"Decis\u00e3o foi anunciada em rede social e, depois, publicada em edi\u00e7\u00e3o extra do 'Di\u00e1rio Oficial'. Entidades criticaram possibilidade de privatiza\u00e7\u00e3o. O presidente\u00a0Jair Bolsonaro\u00a0revogou nesta quarta-feira (28) o decreto que autorizava o\u00a0Minist\u00e9rio da Economia\u00a0a realizar estudos sobre a\u00a0inclus\u00e3o das unidades b\u00e1sicas de sa\u00fade (UBSs) no Programa de Parcerias de Investimentos\u00a0da Presid\u00eancia\u2026","rel":"","context":"Em &quot;Geral&quot;","img":{"alt_text":"","src":"https:\/\/i0.wp.com\/sindicatodosbancarios.org.br\/site2022\/wp-content\/uploads\/2020\/11\/unnamed.jpg?resize=350%2C200&ssl=1","width":350,"height":200},"classes":[]},{"id":5329,"url":"https:\/\/sindicatodosbancarios.org.br\/site2022\/2021\/04\/22\/informe-bancarios-104-2021-sem-programa-do-governo-empresas-e-sindicatos-negociam-e-evitam-demissoes\/","url_meta":{"origin":1197,"position":3},"title":"INFORME BANC\u00c1RIOS \u2013 104\/2021 Sem programa do governo, empresas e sindicatos negociam e evitam demiss\u00f5es","date":"22 de abril de 2021","format":false,"excerpt":"O governo federal ainda n\u00e3o retomou o programa que permite redu\u00e7\u00e3o de jornada ou suspens\u00e3o do contrato de trabalho, para evitar demiss\u00f5es. Por causa disso, empresas e sindicatos est\u00e3o fazendo acordos coletivos para adotar uma das duas medidas e evitar corte de pessoal. Segundo levantamento do Salari\u00f4metro, da Fipe (Funda\u00e7\u00e3o\u2026","rel":"","context":"Em &quot;Geral&quot;","img":{"alt_text":"","src":"https:\/\/i0.wp.com\/sindicatodosbancarios.org.br\/site2022\/wp-content\/uploads\/2021\/02\/ecv8by7wzopiiudr6exo2c0gh.jpg?resize=350%2C200&ssl=1","width":350,"height":200},"classes":[]},{"id":5798,"url":"https:\/\/sindicatodosbancarios.org.br\/site2022\/2021\/11\/09\/informe-bancario-242-2021-decisao-do-governo-que-proibe-empresas-de-exigir-vacinacao-de-funcionarios-contra-covid-e-alvo-de-criticas-entenda\/","url_meta":{"origin":1197,"position":4},"title":"INFORME BANC\u00c1RIO \u2013 242\/2021 Decis\u00e3o do governo que pro\u00edbe empresas de exigir vacina\u00e7\u00e3o de funcion\u00e1rios contra Covid \u00e9 alvo de cr\u00edticas; entenda","date":"9 de novembro de 2021","format":false,"excerpt":"A portaria publicada pelo Minist\u00e9rio do Trabalho e Previd\u00eancia que pro\u00edbe empregadores de exigirem carteiras de vacina\u00e7\u00e3o de seus empregados gerou cr\u00edticas de juristas e d\u00favidas dentro das empresas, no momento em que muitas implementam seus planos de retorno ao trabalho presencial. A norma, publicada em edi\u00e7\u00e3o extra do Di\u00e1rio\u2026","rel":"","context":"Em &quot;Geral&quot;","img":{"alt_text":"","src":"https:\/\/i0.wp.com\/sindicatodosbancarios.org.br\/site2022\/wp-content\/uploads\/2021\/11\/xcarteiras-de-trabalho-1.pagespeed.ic_.a84cgtwbv4.jpg?resize=350%2C200&ssl=1","width":350,"height":200},"classes":[]},{"id":5540,"url":"https:\/\/sindicatodosbancarios.org.br\/site2022\/2021\/07\/15\/informe-bancario-169-2021-reforma-tributaria-ameaca-trabalhador-de-perder-vale-refeicao-e-alimentacao\/","url_meta":{"origin":1197,"position":5},"title":"INFORME BANC\u00c1RIO \u2013 169\/2021 Reforma tribut\u00e1ria amea\u00e7a trabalhador de perder vale-refei\u00e7\u00e3o e alimenta\u00e7\u00e3o","date":"15 de julho de 2021","format":false,"excerpt":"Mudan\u00e7as propostas na reforma tribut\u00e1ria podem fazer os trabalhadores perderem o vale-refei\u00e7\u00e3o e o vale-alimenta\u00e7\u00e3o que recebem das empresas. Hoje, as companhias que oferecem esse benef\u00edcio aos empregados t\u00eam direito de abater essa despesa do IR (Imposto de Renda) no regime de lucro real. Por sugest\u00e3o do governo, o relator\u2026","rel":"","context":"Em &quot;Banco do Brasil&quot;","img":{"alt_text":"","src":"https:\/\/i0.wp.com\/sindicatodosbancarios.org.br\/site2022\/wp-content\/uploads\/2021\/07\/1ts4so3g4quhu.jpg?resize=350%2C200&ssl=1","width":350,"height":200},"classes":[]}],"_links":{"self":[{"href":"https:\/\/sindicatodosbancarios.org.br\/site2022\/wp-json\/wp\/v2\/posts\/1197"}],"collection":[{"href":"https:\/\/sindicatodosbancarios.org.br\/site2022\/wp-json\/wp\/v2\/posts"}],"about":[{"href":"https:\/\/sindicatodosbancarios.org.br\/site2022\/wp-json\/wp\/v2\/types\/post"}],"author":[{"embeddable":true,"href":"https:\/\/sindicatodosbancarios.org.br\/site2022\/wp-json\/wp\/v2\/users\/2"}],"replies":[{"embeddable":true,"href":"https:\/\/sindicatodosbancarios.org.br\/site2022\/wp-json\/wp\/v2\/comments?post=1197"}],"version-history":[{"count":2,"href":"https:\/\/sindicatodosbancarios.org.br\/site2022\/wp-json\/wp\/v2\/posts\/1197\/revisions"}],"predecessor-version":[{"id":1443,"href":"https:\/\/sindicatodosbancarios.org.br\/site2022\/wp-json\/wp\/v2\/posts\/1197\/revisions\/1443"}],"wp:featuredmedia":[{"embeddable":true,"href":"https:\/\/sindicatodosbancarios.org.br\/site2022\/wp-json\/wp\/v2\/media\/1198"}],"wp:attachment":[{"href":"https:\/\/sindicatodosbancarios.org.br\/site2022\/wp-json\/wp\/v2\/media?parent=1197"}],"wp:term":[{"taxonomy":"category","embeddable":true,"href":"https:\/\/sindicatodosbancarios.org.br\/site2022\/wp-json\/wp\/v2\/categories?post=1197"},{"taxonomy":"post_tag","embeddable":true,"href":"https:\/\/sindicatodosbancarios.org.br\/site2022\/wp-json\/wp\/v2\/tags?post=1197"}],"curies":[{"name":"wp","href":"https:\/\/api.w.org\/{rel}","templated":true}]}}