{"id":1238,"date":"2017-01-16T16:57:19","date_gmt":"2017-01-16T18:57:19","guid":{"rendered":"http:\/\/sindicatodosbancarios.org.br\/?p=1238"},"modified":"2017-08-22T15:01:49","modified_gmt":"2017-08-22T18:01:49","slug":"informe-0082017-fst-e-confederacoes-avaliam-propostas-de-reforma-trabalhista-e-previdenciaria","status":"publish","type":"post","link":"https:\/\/sindicatodosbancarios.org.br\/site2022\/2017\/01\/16\/informe-0082017-fst-e-confederacoes-avaliam-propostas-de-reforma-trabalhista-e-previdenciaria\/","title":{"rendered":"INFORME 008\/2017 &#8211; FST E CONFEDERA\u00c7\u00d5ES AVALIAM PROPOSTAS DE REFORMA TRABALHISTA E PREVIDENCI\u00c1RIA"},"content":{"rendered":"<p>Representantes de 10 confedera\u00e7\u00f5es de trabalhadores estiveram reunidos ontem (10\/01), em reuni\u00e3o do F\u00f3rum Sindical dos Trabalhadores (FST), em S\u00e3o Paulo, na sede do Sindicato dos Metal\u00fargicos daquele estado para de debater e analisar as propostas de reforma trabalhista e previdenci\u00e1ria do Governo de Michel Temer. A categoria banc\u00e1ria e securit\u00e1ria foi representada pelo presidente da CONTEC, Louren\u00e7o Prado.<\/p>\n<p>Entre os temas analisados e abordados: o Programa de Seguro Emprego; Banco de Horas; Negociado sobre o legislado; Ultratividade; Trabalho remoto; Trabalho em regime de tempo parcial; com enfoque nos seguintes pontos: Proposta do governo Temer, a lei vigente, algumas das 101 Propostas da CNI (patronal) e a vis\u00e3o dos trabalhadores.<\/p>\n<p>Ao final da reuni\u00e3o foi aprovado consensualmente a luta unit\u00e1ria do movimento sindical no sentido de apresentar emendas aos Projetos de Lei do Governo e intensa mobiliza\u00e7\u00e3o das bases sindicais, por meio dos Sindicatos das respectivas categorias profissionais, no sentido de impedir que medidas contra os direitos e interesses dos trabalhadores sejam adotadas em n\u00edvel dos Poderes Executivo, Legislativo e Judici\u00e1rio, com a coloca\u00e7\u00e3o da pauta do movimento sindical, como a redu\u00e7\u00e3o da jornada de trabalho para 40 horas semanais, dentre outras.<\/p>\n<p>Novas reuni\u00f5es ser\u00e3o realizadas com o mesmo objetivo, mediante convoca\u00e7\u00e3o e coordena\u00e7\u00e3o dos FSTs Estaduais, que dever\u00e3o ainda dialogar os Parlamentares dos respectivos Estados, pressionando-os para votarem pela aprova\u00e7\u00e3o das reivindica\u00e7\u00f5es dos trabalhadores. \u201cQueremos que o movimento sindical fortale\u00e7a um processo de resist\u00eancia a novas investidas dos patr\u00f5es e do Governo federal para que n\u00e3o haja perdas aos direitos conquistados pelos trabalhadores\u201d, avaliou Louren\u00e7o Prado.<\/p>\n<p><span style=\"font-size: 8pt;\"><em>Fonte: Diretoria Executiva da CONTEC.<\/em><\/span><\/p>\n","protected":false},"excerpt":{"rendered":"<p>Representantes de 10 confedera\u00e7\u00f5es de trabalhadores estiveram reunidos ontem (10\/01), em reuni\u00e3o do F\u00f3rum Sindical dos Trabalhadores (FST), [&hellip;]<\/p>\n","protected":false},"author":2,"featured_media":1239,"comment_status":"open","ping_status":"open","sticky":false,"template":"","format":"standard","meta":{"jetpack_post_was_ever_published":false,"jetpack_publicize_message":"","jetpack_is_tweetstorm":false,"jetpack_publicize_feature_enabled":true,"jetpack_social_post_already_shared":true,"jetpack_social_options":[]},"categories":[1],"tags":[],"jetpack_publicize_connections":[],"acf":[],"yoast_head":"<!-- This site is optimized with the Yoast SEO plugin v19.14 - https:\/\/yoast.com\/wordpress\/plugins\/seo\/ -->\n<title>INFORME 008\/2017 - FST E CONFEDERA\u00c7\u00d5ES AVALIAM PROPOSTAS DE REFORMA TRABALHISTA E PREVIDENCI\u00c1RIA - Sindicato dos Banc\u00e1rios de S\u00e3o Bento do Sul e Regi\u00e3o<\/title>\n<meta name=\"robots\" content=\"index, follow, max-snippet:-1, max-image-preview:large, max-video-preview:-1\" \/>\n<link rel=\"canonical\" href=\"https:\/\/sindicatodosbancarios.org.br\/site2022\/2017\/01\/16\/informe-0082017-fst-e-confederacoes-avaliam-propostas-de-reforma-trabalhista-e-previdenciaria\/\" \/>\n<meta property=\"og:locale\" content=\"pt_BR\" \/>\n<meta property=\"og:type\" content=\"article\" \/>\n<meta property=\"og:title\" content=\"INFORME 008\/2017 - FST E CONFEDERA\u00c7\u00d5ES AVALIAM PROPOSTAS DE REFORMA TRABALHISTA E PREVIDENCI\u00c1RIA - Sindicato dos Banc\u00e1rios de S\u00e3o Bento do Sul e Regi\u00e3o\" \/>\n<meta property=\"og:description\" content=\"Representantes de 10 confedera\u00e7\u00f5es de trabalhadores estiveram reunidos ontem (10\/01), em reuni\u00e3o do F\u00f3rum Sindical dos Trabalhadores (FST), [&hellip;]\" \/>\n<meta property=\"og:url\" content=\"https:\/\/sindicatodosbancarios.org.br\/site2022\/2017\/01\/16\/informe-0082017-fst-e-confederacoes-avaliam-propostas-de-reforma-trabalhista-e-previdenciaria\/\" \/>\n<meta property=\"og:site_name\" content=\"Sindicato dos Banc\u00e1rios de S\u00e3o Bento do Sul e Regi\u00e3o\" \/>\n<meta property=\"article:author\" content=\"https:\/\/www.facebook.com\/seeb.sbs.9\" \/>\n<meta property=\"article:published_time\" content=\"2017-01-16T18:57:19+00:00\" \/>\n<meta property=\"article:modified_time\" content=\"2017-08-22T18:01:49+00:00\" \/>\n<meta property=\"og:image\" content=\"https:\/\/sindicatodosbancarios.org.br\/site2022\/wp-content\/uploads\/2017\/08\/7-1.jpg\" \/>\n\t<meta property=\"og:image:width\" content=\"800\" \/>\n\t<meta property=\"og:image:height\" content=\"445\" \/>\n\t<meta property=\"og:image:type\" content=\"image\/jpeg\" \/>\n<meta name=\"author\" content=\"Sindicato dos Banc\u00e1rios S\u00e3o Bento do Sul e Regi\u00e3o\" \/>\n<meta name=\"twitter:card\" content=\"summary_large_image\" \/>\n<meta name=\"twitter:label1\" content=\"Escrito por\" \/>\n\t<meta name=\"twitter:data1\" content=\"Sindicato dos Banc\u00e1rios S\u00e3o Bento do Sul e Regi\u00e3o\" \/>\n\t<meta name=\"twitter:label2\" content=\"Est. tempo de leitura\" \/>\n\t<meta name=\"twitter:data2\" content=\"1 minuto\" \/>\n<script type=\"application\/ld+json\" class=\"yoast-schema-graph\">{\"@context\":\"https:\/\/schema.org\",\"@graph\":[{\"@type\":\"Article\",\"@id\":\"https:\/\/sindicatodosbancarios.org.br\/site2022\/2017\/01\/16\/informe-0082017-fst-e-confederacoes-avaliam-propostas-de-reforma-trabalhista-e-previdenciaria\/#article\",\"isPartOf\":{\"@id\":\"https:\/\/sindicatodosbancarios.org.br\/site2022\/2017\/01\/16\/informe-0082017-fst-e-confederacoes-avaliam-propostas-de-reforma-trabalhista-e-previdenciaria\/\"},\"author\":{\"name\":\"Sindicato dos Banc\u00e1rios S\u00e3o Bento do Sul e Regi\u00e3o\",\"@id\":\"https:\/\/sindicatodosbancarios.org.br\/site2022\/#\/schema\/person\/a7d92da77d1084df4d28b57962f1e1bd\"},\"headline\":\"INFORME 008\/2017 &#8211; FST E CONFEDERA\u00c7\u00d5ES AVALIAM PROPOSTAS DE REFORMA TRABALHISTA E PREVIDENCI\u00c1RIA\",\"datePublished\":\"2017-01-16T18:57:19+00:00\",\"dateModified\":\"2017-08-22T18:01:49+00:00\",\"mainEntityOfPage\":{\"@id\":\"https:\/\/sindicatodosbancarios.org.br\/site2022\/2017\/01\/16\/informe-0082017-fst-e-confederacoes-avaliam-propostas-de-reforma-trabalhista-e-previdenciaria\/\"},\"wordCount\":301,\"commentCount\":0,\"publisher\":{\"@id\":\"https:\/\/sindicatodosbancarios.org.br\/site2022\/#organization\"},\"articleSection\":[\"Geral\"],\"inLanguage\":\"pt-BR\",\"potentialAction\":[{\"@type\":\"CommentAction\",\"name\":\"Comment\",\"target\":[\"https:\/\/sindicatodosbancarios.org.br\/site2022\/2017\/01\/16\/informe-0082017-fst-e-confederacoes-avaliam-propostas-de-reforma-trabalhista-e-previdenciaria\/#respond\"]}]},{\"@type\":\"WebPage\",\"@id\":\"https:\/\/sindicatodosbancarios.org.br\/site2022\/2017\/01\/16\/informe-0082017-fst-e-confederacoes-avaliam-propostas-de-reforma-trabalhista-e-previdenciaria\/\",\"url\":\"https:\/\/sindicatodosbancarios.org.br\/site2022\/2017\/01\/16\/informe-0082017-fst-e-confederacoes-avaliam-propostas-de-reforma-trabalhista-e-previdenciaria\/\",\"name\":\"INFORME 008\/2017 - FST E CONFEDERA\u00c7\u00d5ES AVALIAM PROPOSTAS DE REFORMA TRABALHISTA E PREVIDENCI\u00c1RIA - Sindicato dos Banc\u00e1rios de S\u00e3o Bento do Sul e Regi\u00e3o\",\"isPartOf\":{\"@id\":\"https:\/\/sindicatodosbancarios.org.br\/site2022\/#website\"},\"datePublished\":\"2017-01-16T18:57:19+00:00\",\"dateModified\":\"2017-08-22T18:01:49+00:00\",\"breadcrumb\":{\"@id\":\"https:\/\/sindicatodosbancarios.org.br\/site2022\/2017\/01\/16\/informe-0082017-fst-e-confederacoes-avaliam-propostas-de-reforma-trabalhista-e-previdenciaria\/#breadcrumb\"},\"inLanguage\":\"pt-BR\",\"potentialAction\":[{\"@type\":\"ReadAction\",\"target\":[\"https:\/\/sindicatodosbancarios.org.br\/site2022\/2017\/01\/16\/informe-0082017-fst-e-confederacoes-avaliam-propostas-de-reforma-trabalhista-e-previdenciaria\/\"]}]},{\"@type\":\"BreadcrumbList\",\"@id\":\"https:\/\/sindicatodosbancarios.org.br\/site2022\/2017\/01\/16\/informe-0082017-fst-e-confederacoes-avaliam-propostas-de-reforma-trabalhista-e-previdenciaria\/#breadcrumb\",\"itemListElement\":[{\"@type\":\"ListItem\",\"position\":1,\"name\":\"In\u00edcio\",\"item\":\"https:\/\/sindicatodosbancarios.org.br\/site2022\/\"},{\"@type\":\"ListItem\",\"position\":2,\"name\":\"INFORME 008\/2017 &#8211; FST E CONFEDERA\u00c7\u00d5ES AVALIAM PROPOSTAS DE REFORMA TRABALHISTA E PREVIDENCI\u00c1RIA\"}]},{\"@type\":\"WebSite\",\"@id\":\"https:\/\/sindicatodosbancarios.org.br\/site2022\/#website\",\"url\":\"https:\/\/sindicatodosbancarios.org.br\/site2022\/\",\"name\":\"Sindicato dos Banc\u00e1rios de S\u00e3o Bento do Sul e Regi\u00e3o\",\"description\":\"Website institucional do Sindicato dos Banc\u00e1rios de S\u00e3o Bento do Sul e Regi\u00e3o\",\"publisher\":{\"@id\":\"https:\/\/sindicatodosbancarios.org.br\/site2022\/#organization\"},\"potentialAction\":[{\"@type\":\"SearchAction\",\"target\":{\"@type\":\"EntryPoint\",\"urlTemplate\":\"https:\/\/sindicatodosbancarios.org.br\/site2022\/?s={search_term_string}\"},\"query-input\":\"required name=search_term_string\"}],\"inLanguage\":\"pt-BR\"},{\"@type\":\"Organization\",\"@id\":\"https:\/\/sindicatodosbancarios.org.br\/site2022\/#organization\",\"name\":\"Sindicato dos Banc\u00e1rios de S\u00e3o Bento do Sul e Regi\u00e3o\",\"url\":\"https:\/\/sindicatodosbancarios.org.br\/site2022\/\",\"logo\":{\"@type\":\"ImageObject\",\"inLanguage\":\"pt-BR\",\"@id\":\"https:\/\/sindicatodosbancarios.org.br\/site2022\/#\/schema\/logo\/image\/\",\"url\":\"https:\/\/sindicatodosbancarios.org.br\/site2022\/wp-content\/uploads\/2017\/06\/cropped-logo-2.png\",\"contentUrl\":\"https:\/\/sindicatodosbancarios.org.br\/site2022\/wp-content\/uploads\/2017\/06\/cropped-logo-2.png\",\"width\":292,\"height\":292,\"caption\":\"Sindicato dos Banc\u00e1rios de S\u00e3o Bento do Sul e Regi\u00e3o\"},\"image\":{\"@id\":\"https:\/\/sindicatodosbancarios.org.br\/site2022\/#\/schema\/logo\/image\/\"}},{\"@type\":\"Person\",\"@id\":\"https:\/\/sindicatodosbancarios.org.br\/site2022\/#\/schema\/person\/a7d92da77d1084df4d28b57962f1e1bd\",\"name\":\"Sindicato dos Banc\u00e1rios S\u00e3o Bento do Sul e Regi\u00e3o\",\"image\":{\"@type\":\"ImageObject\",\"inLanguage\":\"pt-BR\",\"@id\":\"https:\/\/sindicatodosbancarios.org.br\/site2022\/#\/schema\/person\/image\/\",\"url\":\"https:\/\/secure.gravatar.com\/avatar\/f1d1a06f698f2345352e539387180d42?s=96&d=mm&r=g\",\"contentUrl\":\"https:\/\/secure.gravatar.com\/avatar\/f1d1a06f698f2345352e539387180d42?s=96&d=mm&r=g\",\"caption\":\"Sindicato dos Banc\u00e1rios S\u00e3o Bento do Sul e Regi\u00e3o\"},\"sameAs\":[\"http:\/\/sindicatodosbancarios.org.br\/site2022\/\",\"https:\/\/www.facebook.com\/seeb.sbs.9\"],\"url\":\"https:\/\/sindicatodosbancarios.org.br\/site2022\/author\/sindicatodosbancarios\/\"}]}<\/script>\n<!-- \/ Yoast SEO plugin. -->","yoast_head_json":{"title":"INFORME 008\/2017 - FST E CONFEDERA\u00c7\u00d5ES AVALIAM PROPOSTAS DE REFORMA TRABALHISTA E PREVIDENCI\u00c1RIA - Sindicato dos Banc\u00e1rios de S\u00e3o Bento do Sul e Regi\u00e3o","robots":{"index":"index","follow":"follow","max-snippet":"max-snippet:-1","max-image-preview":"max-image-preview:large","max-video-preview":"max-video-preview:-1"},"canonical":"https:\/\/sindicatodosbancarios.org.br\/site2022\/2017\/01\/16\/informe-0082017-fst-e-confederacoes-avaliam-propostas-de-reforma-trabalhista-e-previdenciaria\/","og_locale":"pt_BR","og_type":"article","og_title":"INFORME 008\/2017 - FST E CONFEDERA\u00c7\u00d5ES AVALIAM PROPOSTAS DE REFORMA TRABALHISTA E PREVIDENCI\u00c1RIA - Sindicato dos Banc\u00e1rios de S\u00e3o Bento do Sul e Regi\u00e3o","og_description":"Representantes de 10 confedera\u00e7\u00f5es de trabalhadores estiveram reunidos ontem (10\/01), em reuni\u00e3o do F\u00f3rum Sindical dos Trabalhadores (FST), [&hellip;]","og_url":"https:\/\/sindicatodosbancarios.org.br\/site2022\/2017\/01\/16\/informe-0082017-fst-e-confederacoes-avaliam-propostas-de-reforma-trabalhista-e-previdenciaria\/","og_site_name":"Sindicato dos Banc\u00e1rios de S\u00e3o Bento do Sul e Regi\u00e3o","article_author":"https:\/\/www.facebook.com\/seeb.sbs.9","article_published_time":"2017-01-16T18:57:19+00:00","article_modified_time":"2017-08-22T18:01:49+00:00","og_image":[{"width":800,"height":445,"url":"https:\/\/sindicatodosbancarios.org.br\/site2022\/wp-content\/uploads\/2017\/08\/7-1.jpg","type":"image\/jpeg"}],"author":"Sindicato dos Banc\u00e1rios S\u00e3o Bento do Sul e Regi\u00e3o","twitter_card":"summary_large_image","twitter_misc":{"Escrito por":"Sindicato dos Banc\u00e1rios S\u00e3o Bento do Sul e Regi\u00e3o","Est. tempo de leitura":"1 minuto"},"schema":{"@context":"https:\/\/schema.org","@graph":[{"@type":"Article","@id":"https:\/\/sindicatodosbancarios.org.br\/site2022\/2017\/01\/16\/informe-0082017-fst-e-confederacoes-avaliam-propostas-de-reforma-trabalhista-e-previdenciaria\/#article","isPartOf":{"@id":"https:\/\/sindicatodosbancarios.org.br\/site2022\/2017\/01\/16\/informe-0082017-fst-e-confederacoes-avaliam-propostas-de-reforma-trabalhista-e-previdenciaria\/"},"author":{"name":"Sindicato dos Banc\u00e1rios S\u00e3o Bento do Sul e Regi\u00e3o","@id":"https:\/\/sindicatodosbancarios.org.br\/site2022\/#\/schema\/person\/a7d92da77d1084df4d28b57962f1e1bd"},"headline":"INFORME 008\/2017 &#8211; FST E CONFEDERA\u00c7\u00d5ES AVALIAM PROPOSTAS DE REFORMA TRABALHISTA E PREVIDENCI\u00c1RIA","datePublished":"2017-01-16T18:57:19+00:00","dateModified":"2017-08-22T18:01:49+00:00","mainEntityOfPage":{"@id":"https:\/\/sindicatodosbancarios.org.br\/site2022\/2017\/01\/16\/informe-0082017-fst-e-confederacoes-avaliam-propostas-de-reforma-trabalhista-e-previdenciaria\/"},"wordCount":301,"commentCount":0,"publisher":{"@id":"https:\/\/sindicatodosbancarios.org.br\/site2022\/#organization"},"articleSection":["Geral"],"inLanguage":"pt-BR","potentialAction":[{"@type":"CommentAction","name":"Comment","target":["https:\/\/sindicatodosbancarios.org.br\/site2022\/2017\/01\/16\/informe-0082017-fst-e-confederacoes-avaliam-propostas-de-reforma-trabalhista-e-previdenciaria\/#respond"]}]},{"@type":"WebPage","@id":"https:\/\/sindicatodosbancarios.org.br\/site2022\/2017\/01\/16\/informe-0082017-fst-e-confederacoes-avaliam-propostas-de-reforma-trabalhista-e-previdenciaria\/","url":"https:\/\/sindicatodosbancarios.org.br\/site2022\/2017\/01\/16\/informe-0082017-fst-e-confederacoes-avaliam-propostas-de-reforma-trabalhista-e-previdenciaria\/","name":"INFORME 008\/2017 - FST E CONFEDERA\u00c7\u00d5ES AVALIAM PROPOSTAS DE REFORMA TRABALHISTA E PREVIDENCI\u00c1RIA - Sindicato dos Banc\u00e1rios de S\u00e3o Bento do Sul e Regi\u00e3o","isPartOf":{"@id":"https:\/\/sindicatodosbancarios.org.br\/site2022\/#website"},"datePublished":"2017-01-16T18:57:19+00:00","dateModified":"2017-08-22T18:01:49+00:00","breadcrumb":{"@id":"https:\/\/sindicatodosbancarios.org.br\/site2022\/2017\/01\/16\/informe-0082017-fst-e-confederacoes-avaliam-propostas-de-reforma-trabalhista-e-previdenciaria\/#breadcrumb"},"inLanguage":"pt-BR","potentialAction":[{"@type":"ReadAction","target":["https:\/\/sindicatodosbancarios.org.br\/site2022\/2017\/01\/16\/informe-0082017-fst-e-confederacoes-avaliam-propostas-de-reforma-trabalhista-e-previdenciaria\/"]}]},{"@type":"BreadcrumbList","@id":"https:\/\/sindicatodosbancarios.org.br\/site2022\/2017\/01\/16\/informe-0082017-fst-e-confederacoes-avaliam-propostas-de-reforma-trabalhista-e-previdenciaria\/#breadcrumb","itemListElement":[{"@type":"ListItem","position":1,"name":"In\u00edcio","item":"https:\/\/sindicatodosbancarios.org.br\/site2022\/"},{"@type":"ListItem","position":2,"name":"INFORME 008\/2017 &#8211; FST E CONFEDERA\u00c7\u00d5ES AVALIAM PROPOSTAS DE REFORMA TRABALHISTA E PREVIDENCI\u00c1RIA"}]},{"@type":"WebSite","@id":"https:\/\/sindicatodosbancarios.org.br\/site2022\/#website","url":"https:\/\/sindicatodosbancarios.org.br\/site2022\/","name":"Sindicato dos Banc\u00e1rios de S\u00e3o Bento do Sul e Regi\u00e3o","description":"Website institucional do Sindicato dos Banc\u00e1rios de S\u00e3o Bento do Sul e Regi\u00e3o","publisher":{"@id":"https:\/\/sindicatodosbancarios.org.br\/site2022\/#organization"},"potentialAction":[{"@type":"SearchAction","target":{"@type":"EntryPoint","urlTemplate":"https:\/\/sindicatodosbancarios.org.br\/site2022\/?s={search_term_string}"},"query-input":"required name=search_term_string"}],"inLanguage":"pt-BR"},{"@type":"Organization","@id":"https:\/\/sindicatodosbancarios.org.br\/site2022\/#organization","name":"Sindicato dos Banc\u00e1rios de S\u00e3o Bento do Sul e Regi\u00e3o","url":"https:\/\/sindicatodosbancarios.org.br\/site2022\/","logo":{"@type":"ImageObject","inLanguage":"pt-BR","@id":"https:\/\/sindicatodosbancarios.org.br\/site2022\/#\/schema\/logo\/image\/","url":"https:\/\/sindicatodosbancarios.org.br\/site2022\/wp-content\/uploads\/2017\/06\/cropped-logo-2.png","contentUrl":"https:\/\/sindicatodosbancarios.org.br\/site2022\/wp-content\/uploads\/2017\/06\/cropped-logo-2.png","width":292,"height":292,"caption":"Sindicato dos Banc\u00e1rios de S\u00e3o Bento do Sul e Regi\u00e3o"},"image":{"@id":"https:\/\/sindicatodosbancarios.org.br\/site2022\/#\/schema\/logo\/image\/"}},{"@type":"Person","@id":"https:\/\/sindicatodosbancarios.org.br\/site2022\/#\/schema\/person\/a7d92da77d1084df4d28b57962f1e1bd","name":"Sindicato dos Banc\u00e1rios S\u00e3o Bento do Sul e Regi\u00e3o","image":{"@type":"ImageObject","inLanguage":"pt-BR","@id":"https:\/\/sindicatodosbancarios.org.br\/site2022\/#\/schema\/person\/image\/","url":"https:\/\/secure.gravatar.com\/avatar\/f1d1a06f698f2345352e539387180d42?s=96&d=mm&r=g","contentUrl":"https:\/\/secure.gravatar.com\/avatar\/f1d1a06f698f2345352e539387180d42?s=96&d=mm&r=g","caption":"Sindicato dos Banc\u00e1rios S\u00e3o Bento do Sul e Regi\u00e3o"},"sameAs":["http:\/\/sindicatodosbancarios.org.br\/site2022\/","https:\/\/www.facebook.com\/seeb.sbs.9"],"url":"https:\/\/sindicatodosbancarios.org.br\/site2022\/author\/sindicatodosbancarios\/"}]}},"jetpack_featured_media_url":"https:\/\/sindicatodosbancarios.org.br\/site2022\/wp-content\/uploads\/2017\/08\/7-1.jpg","jetpack_sharing_enabled":true,"jetpack_shortlink":"https:\/\/wp.me\/p8RSbI-jY","jetpack-related-posts":[{"id":5873,"url":"https:\/\/sindicatodosbancarios.org.br\/site2022\/2022\/01\/28\/informe-bancario-06-2022-por-que-espanha-quer-rever-reforma-trabalhista-o-mesmo-que-lula-disse-querer-fazer-no-brasil\/","url_meta":{"origin":1238,"position":0},"title":"INFORME BANC\u00c1RIO \u2013 06\/2022 Por que Espanha quer rever reforma trabalhista, o mesmo que Lula disse querer fazer no Brasil","date":"28 de janeiro de 2022","format":false,"excerpt":"Menos de cinco anos depois de ser aprovada no Congresso e implementada no Brasil, a reforma trabalhista do governo de Michel Temer (2016-2018) voltou a ser pauta na agenda pol\u00edtica brasileira, ap\u00f3s manifesta\u00e7\u00f5es do ex-presidente Luiz In\u00e1cio Lula da Silva (PT). Lula, que \u00e9 tido como pr\u00e9-candidato ao Planalto nas\u2026","rel":"","context":"Em &quot;Geral&quot;","img":{"alt_text":"","src":"https:\/\/i0.wp.com\/sindicatodosbancarios.org.br\/site2022\/wp-content\/uploads\/2022\/01\/lula-848x477.jpeg?resize=350%2C200&ssl=1","width":350,"height":200},"classes":[]},{"id":5728,"url":"https:\/\/sindicatodosbancarios.org.br\/site2022\/2021\/10\/07\/informe-bancario-228-2021-4-anos-depois-reforma-trabalhista-nao-gerou-boom-de-empregos-prometido\/","url_meta":{"origin":1238,"position":1},"title":"INFORME BANC\u00c1RIO \u2013 228\/2021 4 anos depois, reforma trabalhista n\u00e3o gerou &#8216;boom&#8217; de empregos prometido","date":"7 de outubro de 2021","format":false,"excerpt":"Quase quatro anos \u2014e uma pandemia\u2014 depois de a reforma trabalhista do governo Michel Temer entrar em vigor, o \"boom\" de empregos prometido n\u00e3o se concretizou. Na \u00e9poca, o governo chegou a falar em dois milh\u00f5es de vagas em dois anos, e seis milh\u00f5es em dez anos. Dados do IBGE\u2026","rel":"","context":"Em &quot;Geral&quot;","img":{"alt_text":"","src":"https:\/\/i0.wp.com\/sindicatodosbancarios.org.br\/site2022\/wp-content\/uploads\/2021\/10\/reforma-e1543516064120.jpg?resize=350%2C200&ssl=1","width":350,"height":200},"classes":[]},{"id":6322,"url":"https:\/\/sindicatodosbancarios.org.br\/site2022\/2022\/04\/29\/informe-bancario-54-2022-pauta-de-reivindicacoes-dos-bancarios-do-sul-e-unificada-e-sera-levada-ao-encontro-nacional-no-proximo-dia-10-de-maio\/","url_meta":{"origin":1238,"position":2},"title":"INFORME BANC\u00c1RIO \u2013 54\/2022 Pauta de reivindica\u00e7\u00f5es dos banc\u00e1rios do sul \u00e9 unificada e ser\u00e1 levada ao Encontro Nacional no pr\u00f3ximo dia 10 de maio","date":"29 de abril de 2022","format":false,"excerpt":"Nesta quarta-feira (27\/4), o Encontro dos Dirigentes Sindicais Banc\u00e1rios dos Estados do Sul finalizou com a conclus\u00e3o de uma pauta unificada de reivindica\u00e7\u00f5es confeccionada a partir da contribui\u00e7\u00e3o das bases do Paran\u00e1, Santa Catarina e Rio Grande do Sul. \u201cEsperamos debater os anseios dos banc\u00e1rios do Sul, assim como de\u2026","rel":"","context":"Em &quot;Banco do Brasil&quot;","img":{"alt_text":"","src":"https:\/\/i0.wp.com\/sindicatodosbancarios.org.br\/site2022\/wp-content\/uploads\/2022\/04\/campanha-salarial-2022.jpg?resize=350%2C200&ssl=1","width":350,"height":200},"classes":[]},{"id":5540,"url":"https:\/\/sindicatodosbancarios.org.br\/site2022\/2021\/07\/15\/informe-bancario-169-2021-reforma-tributaria-ameaca-trabalhador-de-perder-vale-refeicao-e-alimentacao\/","url_meta":{"origin":1238,"position":3},"title":"INFORME BANC\u00c1RIO \u2013 169\/2021 Reforma tribut\u00e1ria amea\u00e7a trabalhador de perder vale-refei\u00e7\u00e3o e alimenta\u00e7\u00e3o","date":"15 de julho de 2021","format":false,"excerpt":"Mudan\u00e7as propostas na reforma tribut\u00e1ria podem fazer os trabalhadores perderem o vale-refei\u00e7\u00e3o e o vale-alimenta\u00e7\u00e3o que recebem das empresas. Hoje, as companhias que oferecem esse benef\u00edcio aos empregados t\u00eam direito de abater essa despesa do IR (Imposto de Renda) no regime de lucro real. Por sugest\u00e3o do governo, o relator\u2026","rel":"","context":"Em &quot;Banco do Brasil&quot;","img":{"alt_text":"","src":"https:\/\/i0.wp.com\/sindicatodosbancarios.org.br\/site2022\/wp-content\/uploads\/2021\/07\/1ts4so3g4quhu.jpg?resize=350%2C200&ssl=1","width":350,"height":200},"classes":[]},{"id":5671,"url":"https:\/\/sindicatodosbancarios.org.br\/site2022\/2021\/09\/02\/informe-bancario-209-2021-reforma-trabalhista-rejeitada-veja-pontos-positivos-e-negativos\/","url_meta":{"origin":1238,"position":4},"title":"INFORME BANC\u00c1RIO \u2013 209\/2021 Reforma trabalhista rejeitada: veja pontos positivos e negativos","date":"2 de setembro de 2021","format":false,"excerpt":"O Senado rejeitou na noite desta quarta-feira (01), medida provis\u00f3ria que mudava uma s\u00e9rie de regras para os trabalhadores. A proposta havia sido aprovada pela C\u00e2mara dos Deputados, mas foi rejeitada pelo Senado, em uma derrota ao governo. Oposi\u00e7\u00e3o e sindicatos fizeram cr\u00edticas \u00e0s mudan\u00e7as que a MP trazia, dizendo\u2026","rel":"","context":"Em &quot;Geral&quot;","img":{"alt_text":"","src":"https:\/\/i0.wp.com\/sindicatodosbancarios.org.br\/site2022\/wp-content\/uploads\/2021\/09\/unnamed.jpg?resize=350%2C200&ssl=1","width":350,"height":200},"classes":[]},{"id":5586,"url":"https:\/\/sindicatodosbancarios.org.br\/site2022\/2021\/08\/09\/informe-bancario-184-2021-comissao-do-senado-aprecia-projetos-que-alteram-regras-da-reforma-trabalhista\/","url_meta":{"origin":1238,"position":5},"title":"INFORME BANC\u00c1RIO \u2013 184\/2021 Comiss\u00e3o do Senado aprecia projetos que alteram regras da reforma trabalhista","date":"9 de agosto de 2021","format":false,"excerpt":"Na primeira reuni\u00e3o para vota\u00e7\u00e3o de projetos desde o in\u00edcio da pandemia, a Comiss\u00e3o de Direitos Humanos e Legisla\u00e7\u00e3o Participativa (CDH) se re\u00fane na segunda-feira (9), \u00e0s 14h, para analisar 50 itens, entre eles, propostas que buscam alterar pontos da reforma trabalhista aprovada em 2017 (Lei 13.467, de 2017). Um\u2026","rel":"","context":"Em &quot;Geral&quot;","img":{"alt_text":"","src":"https:\/\/i0.wp.com\/sindicatodosbancarios.org.br\/site2022\/wp-content\/uploads\/2021\/08\/paulo-paim.jpg?resize=350%2C200&ssl=1","width":350,"height":200},"classes":[]}],"_links":{"self":[{"href":"https:\/\/sindicatodosbancarios.org.br\/site2022\/wp-json\/wp\/v2\/posts\/1238"}],"collection":[{"href":"https:\/\/sindicatodosbancarios.org.br\/site2022\/wp-json\/wp\/v2\/posts"}],"about":[{"href":"https:\/\/sindicatodosbancarios.org.br\/site2022\/wp-json\/wp\/v2\/types\/post"}],"author":[{"embeddable":true,"href":"https:\/\/sindicatodosbancarios.org.br\/site2022\/wp-json\/wp\/v2\/users\/2"}],"replies":[{"embeddable":true,"href":"https:\/\/sindicatodosbancarios.org.br\/site2022\/wp-json\/wp\/v2\/comments?post=1238"}],"version-history":[{"count":4,"href":"https:\/\/sindicatodosbancarios.org.br\/site2022\/wp-json\/wp\/v2\/posts\/1238\/revisions"}],"predecessor-version":[{"id":1441,"href":"https:\/\/sindicatodosbancarios.org.br\/site2022\/wp-json\/wp\/v2\/posts\/1238\/revisions\/1441"}],"wp:featuredmedia":[{"embeddable":true,"href":"https:\/\/sindicatodosbancarios.org.br\/site2022\/wp-json\/wp\/v2\/media\/1239"}],"wp:attachment":[{"href":"https:\/\/sindicatodosbancarios.org.br\/site2022\/wp-json\/wp\/v2\/media?parent=1238"}],"wp:term":[{"taxonomy":"category","embeddable":true,"href":"https:\/\/sindicatodosbancarios.org.br\/site2022\/wp-json\/wp\/v2\/categories?post=1238"},{"taxonomy":"post_tag","embeddable":true,"href":"https:\/\/sindicatodosbancarios.org.br\/site2022\/wp-json\/wp\/v2\/tags?post=1238"}],"curies":[{"name":"wp","href":"https:\/\/api.w.org\/{rel}","templated":true}]}}