{"id":1385,"date":"2017-01-24T13:29:23","date_gmt":"2017-01-24T15:29:23","guid":{"rendered":"http:\/\/sindicatodosbancarios.org.br\/?p=1385"},"modified":"2017-08-22T13:37:12","modified_gmt":"2017-08-22T16:37:12","slug":"informe-0092017-reforma-da-previdencia-vai-dificultar-acesso-aposentadoria","status":"publish","type":"post","link":"https:\/\/sindicatodosbancarios.org.br\/site2022\/2017\/01\/24\/informe-0092017-reforma-da-previdencia-vai-dificultar-acesso-aposentadoria\/","title":{"rendered":"INFORME 009\/2017 &#8211; REFORMA DA PREVID\u00caNCIA VAI DIFICULTAR ACESSO \u00c0 APOSENTADORIA"},"content":{"rendered":"<p>O Departamento Intersindical de Estat\u00edstica e Estudos Socioecon\u00f4micos (Dieese) divulgou hoje (20) nota t\u00e9cnica em que afirma que a reforma da previd\u00eancia social vai restringir o direito \u00e0 aposentadoria. \u201cO que esse projeto vai fazer \u00e9 estender, na verdade, sob a capa de igualdade de tratamento ao impor idade m\u00ednima e ampliar o tempo de contribui\u00e7\u00e3o, \u00e9 condenar a maior parte dos trabalhadores brasileiros a n\u00e3o se aposentar mais\u201d, disse a economista do departamento, Patr\u00edcia Pelatieri, ap\u00f3s participar de uma reuni\u00e3o com l\u00edderes de centrais sindicais.<\/p>\n<p>Na avalia\u00e7\u00e3o da economista, um dos principais problemas do Proposta de Emenda \u00e0 Constitui\u00e7\u00e3o (PEC) \u00e9 acabar com parte das diferencia\u00e7\u00f5es previstas nas regras atuais, por sexo e ocupa\u00e7\u00e3o. \u201cSob a aparente uniformidade que d\u00e1 para todos os trabalhadores, na verdade, ela aprofunda muitas desigualdades\u201d, destacou.<\/p>\n<p>O estudo do Dieese foi feito a partir da compara\u00e7\u00e3o das regras existentes e as propostas de mudan\u00e7a, detalhando os impactos de cada medida. \u201cPara garantir o valor integral do benef\u00edcio, a pessoa trabalhadora teria que contribuir por 49 anos, tempo que demonstra a utopia que ser\u00e1 o desejo de se aposentar com valor integral, mesmo que calculado com base em toda a trajet\u00f3ria contributiva\u201d, diz a nota t\u00e9cnica sobre o aumento do tempo de contribui\u00e7\u00e3o.<\/p>\n<p>A economista ressaltou que o mercado de trabalho brasileiro \u00e9 \u201cextremamente desigual\u201d, o que dificulta que os trabalhadores consigam contribuir ininterruptamente para atingir novas exig\u00eancias. \u201cEssa PEC que est\u00e1 sendo apresentada trata de uma transforma\u00e7\u00e3o profunda nas regras existentes de cobertura previdenci\u00e1ria no Brasil\u201d, acrescentou.<\/p>\n<p>Pelas regras propostas, o trabalhador precisa atingir a idade m\u00ednima de 65 anos e pelo menos 25 anos de contribui\u00e7\u00e3o para poder se aposentar. Neste caso, ele receber\u00e1 76% do valor da aposentadoria &#8211; que corresponder\u00e1 a 51% da m\u00e9dia dos sal\u00e1rios de contribui\u00e7\u00e3o, acrescidos de um ponto percentual desta m\u00e9dia para cada ano de contribui\u00e7\u00e3o. A cada ano que contribuir a mais o trabalhador ter\u00e1 direito a um ponto percentual. Desta forma, para receber a aposentadoria integral (100% do valor), o trabalhador precisar\u00e1 contribuir por 49 anos, a soma dos 25 anos obrigat\u00f3rios e 24 anos a mais.<\/p>\n<p>Mobiliza\u00e7\u00e3o<\/p>\n<p>As centrais sindicais preparam uma mobiliza\u00e7\u00e3o conjunta para negociar areforma. \u201cAs seis centrais sindicais decidiram fazer um calend\u00e1rio de mobiliza\u00e7\u00f5es, porque a reforma da Previd\u00eancia j\u00e1 est\u00e1 no Congresso Nacional, vai ser debatida e vai ter um resultado. Ent\u00e3o, n\u00f3s achamos que para ter negocia\u00e7\u00f5es tem que ter press\u00e3o para que possamos modificar e trazer o que interessa para os trabalhadores\u201d, disse o secret\u00e1rio-geral da For\u00e7a Sindical, Jo\u00e3o Carlos Gon\u00e7alves, o Juruna.<\/p>\n<p>Uma das demandas \u00e9 que, al\u00e9m de um ajuste mais brando sobre o tempo de contribui\u00e7\u00e3o e idades m\u00ednimas, seja feita uma regra de transi\u00e7\u00e3o gradativa para quem j\u00e1 est\u00e1 no mercado de trabalho. \u201cTem que ter uma proporcionalidade para o tempo de trabalho que j\u00e1 foi exercido, que a regra de transi\u00e7\u00e3o seja mais justa\u201d, destacou Juruna.<\/p>\n<p>Conforme a proposta do governo, haver\u00e1 uma regra de transi\u00e7\u00e3o para quem est\u00e1 perto da aposentadoria. Homens com 50 anos de idade ou mais e mulheres com 45 anos de idade ou mais poder\u00e3o aposentar-se com regras diferenciadas. A regra de transi\u00e7\u00e3o s\u00f3 vale para o tempo de aposentadoria, j\u00e1 para o c\u00e1lculo do benef\u00edcio valer\u00e1 a nova regra proposta. Trabalhadores nessa situa\u00e7\u00e3o dever\u00e3o cumprir um per\u00edodo adicional de contribui\u00e7\u00e3o, uma esp\u00e9cie de &#8220;ped\u00e1gio&#8221;, equivalente a 50% do tempo que faltaria para atingir o tempo de contribui\u00e7\u00e3o exigido.<\/p>\n<p>O governo argumenta que a reforma \u00e9 necess\u00e1ria por causa do envelhecimento da popula\u00e7\u00e3o e o aumento das despesas da Uni\u00e3o com o pagamento de aposentadorias e que faz parte do pacote de medidas do ajuste fiscal da economia.<\/p>\n<p><span style=\"font-size: 8pt;\"><em>Fonte: UOL.<\/em><\/span><\/p>\n","protected":false},"excerpt":{"rendered":"<p>O Departamento Intersindical de Estat\u00edstica e Estudos Socioecon\u00f4micos (Dieese) divulgou hoje (20) nota t\u00e9cnica em que afirma que [&hellip;]<\/p>\n","protected":false},"author":2,"featured_media":1386,"comment_status":"open","ping_status":"open","sticky":false,"template":"","format":"standard","meta":{"jetpack_post_was_ever_published":false,"jetpack_publicize_message":"","jetpack_is_tweetstorm":false,"jetpack_publicize_feature_enabled":true,"jetpack_social_post_already_shared":true,"jetpack_social_options":[]},"categories":[1],"tags":[],"jetpack_publicize_connections":[],"acf":[],"yoast_head":"<!-- This site is optimized with the Yoast SEO plugin v19.14 - https:\/\/yoast.com\/wordpress\/plugins\/seo\/ -->\n<title>INFORME 009\/2017 - REFORMA DA PREVID\u00caNCIA VAI DIFICULTAR ACESSO \u00c0 APOSENTADORIA - Sindicato dos Banc\u00e1rios de S\u00e3o Bento do Sul e Regi\u00e3o<\/title>\n<meta name=\"robots\" content=\"index, follow, max-snippet:-1, max-image-preview:large, max-video-preview:-1\" \/>\n<link rel=\"canonical\" href=\"https:\/\/sindicatodosbancarios.org.br\/site2022\/2017\/01\/24\/informe-0092017-reforma-da-previdencia-vai-dificultar-acesso-aposentadoria\/\" \/>\n<meta property=\"og:locale\" content=\"pt_BR\" \/>\n<meta property=\"og:type\" content=\"article\" \/>\n<meta property=\"og:title\" content=\"INFORME 009\/2017 - REFORMA DA PREVID\u00caNCIA VAI DIFICULTAR ACESSO \u00c0 APOSENTADORIA - Sindicato dos Banc\u00e1rios de S\u00e3o Bento do Sul e Regi\u00e3o\" \/>\n<meta property=\"og:description\" content=\"O Departamento Intersindical de Estat\u00edstica e Estudos Socioecon\u00f4micos (Dieese) divulgou hoje (20) nota t\u00e9cnica em que afirma que [&hellip;]\" \/>\n<meta property=\"og:url\" content=\"https:\/\/sindicatodosbancarios.org.br\/site2022\/2017\/01\/24\/informe-0092017-reforma-da-previdencia-vai-dificultar-acesso-aposentadoria\/\" \/>\n<meta property=\"og:site_name\" content=\"Sindicato dos Banc\u00e1rios de S\u00e3o Bento do Sul e Regi\u00e3o\" \/>\n<meta property=\"article:author\" content=\"https:\/\/www.facebook.com\/seeb.sbs.9\" \/>\n<meta property=\"article:published_time\" content=\"2017-01-24T15:29:23+00:00\" \/>\n<meta property=\"article:modified_time\" content=\"2017-08-22T16:37:12+00:00\" \/>\n<meta property=\"og:image\" content=\"https:\/\/sindicatodosbancarios.org.br\/site2022\/wp-content\/uploads\/2017\/08\/9.jpg\" \/>\n\t<meta property=\"og:image:width\" content=\"635\" \/>\n\t<meta property=\"og:image:height\" content=\"359\" \/>\n\t<meta property=\"og:image:type\" content=\"image\/jpeg\" \/>\n<meta name=\"author\" content=\"Sindicato dos Banc\u00e1rios S\u00e3o Bento do Sul e Regi\u00e3o\" \/>\n<meta name=\"twitter:card\" content=\"summary_large_image\" \/>\n<meta name=\"twitter:label1\" content=\"Escrito por\" \/>\n\t<meta name=\"twitter:data1\" content=\"Sindicato dos Banc\u00e1rios S\u00e3o Bento do Sul e Regi\u00e3o\" \/>\n\t<meta name=\"twitter:label2\" content=\"Est. tempo de leitura\" \/>\n\t<meta name=\"twitter:data2\" content=\"3 minutos\" \/>\n<script type=\"application\/ld+json\" class=\"yoast-schema-graph\">{\"@context\":\"https:\/\/schema.org\",\"@graph\":[{\"@type\":\"Article\",\"@id\":\"https:\/\/sindicatodosbancarios.org.br\/site2022\/2017\/01\/24\/informe-0092017-reforma-da-previdencia-vai-dificultar-acesso-aposentadoria\/#article\",\"isPartOf\":{\"@id\":\"https:\/\/sindicatodosbancarios.org.br\/site2022\/2017\/01\/24\/informe-0092017-reforma-da-previdencia-vai-dificultar-acesso-aposentadoria\/\"},\"author\":{\"name\":\"Sindicato dos Banc\u00e1rios S\u00e3o Bento do Sul e Regi\u00e3o\",\"@id\":\"https:\/\/sindicatodosbancarios.org.br\/site2022\/#\/schema\/person\/a7d92da77d1084df4d28b57962f1e1bd\"},\"headline\":\"INFORME 009\/2017 &#8211; REFORMA DA PREVID\u00caNCIA VAI DIFICULTAR ACESSO \u00c0 APOSENTADORIA\",\"datePublished\":\"2017-01-24T15:29:23+00:00\",\"dateModified\":\"2017-08-22T16:37:12+00:00\",\"mainEntityOfPage\":{\"@id\":\"https:\/\/sindicatodosbancarios.org.br\/site2022\/2017\/01\/24\/informe-0092017-reforma-da-previdencia-vai-dificultar-acesso-aposentadoria\/\"},\"wordCount\":666,\"commentCount\":0,\"publisher\":{\"@id\":\"https:\/\/sindicatodosbancarios.org.br\/site2022\/#organization\"},\"articleSection\":[\"Geral\"],\"inLanguage\":\"pt-BR\",\"potentialAction\":[{\"@type\":\"CommentAction\",\"name\":\"Comment\",\"target\":[\"https:\/\/sindicatodosbancarios.org.br\/site2022\/2017\/01\/24\/informe-0092017-reforma-da-previdencia-vai-dificultar-acesso-aposentadoria\/#respond\"]}]},{\"@type\":\"WebPage\",\"@id\":\"https:\/\/sindicatodosbancarios.org.br\/site2022\/2017\/01\/24\/informe-0092017-reforma-da-previdencia-vai-dificultar-acesso-aposentadoria\/\",\"url\":\"https:\/\/sindicatodosbancarios.org.br\/site2022\/2017\/01\/24\/informe-0092017-reforma-da-previdencia-vai-dificultar-acesso-aposentadoria\/\",\"name\":\"INFORME 009\/2017 - REFORMA DA PREVID\u00caNCIA VAI DIFICULTAR ACESSO \u00c0 APOSENTADORIA - Sindicato dos Banc\u00e1rios de S\u00e3o Bento do Sul e Regi\u00e3o\",\"isPartOf\":{\"@id\":\"https:\/\/sindicatodosbancarios.org.br\/site2022\/#website\"},\"datePublished\":\"2017-01-24T15:29:23+00:00\",\"dateModified\":\"2017-08-22T16:37:12+00:00\",\"breadcrumb\":{\"@id\":\"https:\/\/sindicatodosbancarios.org.br\/site2022\/2017\/01\/24\/informe-0092017-reforma-da-previdencia-vai-dificultar-acesso-aposentadoria\/#breadcrumb\"},\"inLanguage\":\"pt-BR\",\"potentialAction\":[{\"@type\":\"ReadAction\",\"target\":[\"https:\/\/sindicatodosbancarios.org.br\/site2022\/2017\/01\/24\/informe-0092017-reforma-da-previdencia-vai-dificultar-acesso-aposentadoria\/\"]}]},{\"@type\":\"BreadcrumbList\",\"@id\":\"https:\/\/sindicatodosbancarios.org.br\/site2022\/2017\/01\/24\/informe-0092017-reforma-da-previdencia-vai-dificultar-acesso-aposentadoria\/#breadcrumb\",\"itemListElement\":[{\"@type\":\"ListItem\",\"position\":1,\"name\":\"In\u00edcio\",\"item\":\"https:\/\/sindicatodosbancarios.org.br\/site2022\/\"},{\"@type\":\"ListItem\",\"position\":2,\"name\":\"INFORME 009\/2017 &#8211; REFORMA DA PREVID\u00caNCIA VAI DIFICULTAR ACESSO \u00c0 APOSENTADORIA\"}]},{\"@type\":\"WebSite\",\"@id\":\"https:\/\/sindicatodosbancarios.org.br\/site2022\/#website\",\"url\":\"https:\/\/sindicatodosbancarios.org.br\/site2022\/\",\"name\":\"Sindicato dos Banc\u00e1rios de S\u00e3o Bento do Sul e Regi\u00e3o\",\"description\":\"Website institucional do Sindicato dos Banc\u00e1rios de S\u00e3o Bento do Sul e Regi\u00e3o\",\"publisher\":{\"@id\":\"https:\/\/sindicatodosbancarios.org.br\/site2022\/#organization\"},\"potentialAction\":[{\"@type\":\"SearchAction\",\"target\":{\"@type\":\"EntryPoint\",\"urlTemplate\":\"https:\/\/sindicatodosbancarios.org.br\/site2022\/?s={search_term_string}\"},\"query-input\":\"required name=search_term_string\"}],\"inLanguage\":\"pt-BR\"},{\"@type\":\"Organization\",\"@id\":\"https:\/\/sindicatodosbancarios.org.br\/site2022\/#organization\",\"name\":\"Sindicato dos Banc\u00e1rios de S\u00e3o Bento do Sul e Regi\u00e3o\",\"url\":\"https:\/\/sindicatodosbancarios.org.br\/site2022\/\",\"logo\":{\"@type\":\"ImageObject\",\"inLanguage\":\"pt-BR\",\"@id\":\"https:\/\/sindicatodosbancarios.org.br\/site2022\/#\/schema\/logo\/image\/\",\"url\":\"https:\/\/sindicatodosbancarios.org.br\/site2022\/wp-content\/uploads\/2017\/06\/cropped-logo-2.png\",\"contentUrl\":\"https:\/\/sindicatodosbancarios.org.br\/site2022\/wp-content\/uploads\/2017\/06\/cropped-logo-2.png\",\"width\":292,\"height\":292,\"caption\":\"Sindicato dos Banc\u00e1rios de S\u00e3o Bento do Sul e Regi\u00e3o\"},\"image\":{\"@id\":\"https:\/\/sindicatodosbancarios.org.br\/site2022\/#\/schema\/logo\/image\/\"}},{\"@type\":\"Person\",\"@id\":\"https:\/\/sindicatodosbancarios.org.br\/site2022\/#\/schema\/person\/a7d92da77d1084df4d28b57962f1e1bd\",\"name\":\"Sindicato dos Banc\u00e1rios S\u00e3o Bento do Sul e Regi\u00e3o\",\"image\":{\"@type\":\"ImageObject\",\"inLanguage\":\"pt-BR\",\"@id\":\"https:\/\/sindicatodosbancarios.org.br\/site2022\/#\/schema\/person\/image\/\",\"url\":\"https:\/\/secure.gravatar.com\/avatar\/f1d1a06f698f2345352e539387180d42?s=96&d=mm&r=g\",\"contentUrl\":\"https:\/\/secure.gravatar.com\/avatar\/f1d1a06f698f2345352e539387180d42?s=96&d=mm&r=g\",\"caption\":\"Sindicato dos Banc\u00e1rios S\u00e3o Bento do Sul e Regi\u00e3o\"},\"sameAs\":[\"http:\/\/sindicatodosbancarios.org.br\/site2022\/\",\"https:\/\/www.facebook.com\/seeb.sbs.9\"],\"url\":\"https:\/\/sindicatodosbancarios.org.br\/site2022\/author\/sindicatodosbancarios\/\"}]}<\/script>\n<!-- \/ Yoast SEO plugin. -->","yoast_head_json":{"title":"INFORME 009\/2017 - REFORMA DA PREVID\u00caNCIA VAI DIFICULTAR ACESSO \u00c0 APOSENTADORIA - Sindicato dos Banc\u00e1rios de S\u00e3o Bento do Sul e Regi\u00e3o","robots":{"index":"index","follow":"follow","max-snippet":"max-snippet:-1","max-image-preview":"max-image-preview:large","max-video-preview":"max-video-preview:-1"},"canonical":"https:\/\/sindicatodosbancarios.org.br\/site2022\/2017\/01\/24\/informe-0092017-reforma-da-previdencia-vai-dificultar-acesso-aposentadoria\/","og_locale":"pt_BR","og_type":"article","og_title":"INFORME 009\/2017 - REFORMA DA PREVID\u00caNCIA VAI DIFICULTAR ACESSO \u00c0 APOSENTADORIA - Sindicato dos Banc\u00e1rios de S\u00e3o Bento do Sul e Regi\u00e3o","og_description":"O Departamento Intersindical de Estat\u00edstica e Estudos Socioecon\u00f4micos (Dieese) divulgou hoje (20) nota t\u00e9cnica em que afirma que [&hellip;]","og_url":"https:\/\/sindicatodosbancarios.org.br\/site2022\/2017\/01\/24\/informe-0092017-reforma-da-previdencia-vai-dificultar-acesso-aposentadoria\/","og_site_name":"Sindicato dos Banc\u00e1rios de S\u00e3o Bento do Sul e Regi\u00e3o","article_author":"https:\/\/www.facebook.com\/seeb.sbs.9","article_published_time":"2017-01-24T15:29:23+00:00","article_modified_time":"2017-08-22T16:37:12+00:00","og_image":[{"width":635,"height":359,"url":"https:\/\/sindicatodosbancarios.org.br\/site2022\/wp-content\/uploads\/2017\/08\/9.jpg","type":"image\/jpeg"}],"author":"Sindicato dos Banc\u00e1rios S\u00e3o Bento do Sul e Regi\u00e3o","twitter_card":"summary_large_image","twitter_misc":{"Escrito por":"Sindicato dos Banc\u00e1rios S\u00e3o Bento do Sul e Regi\u00e3o","Est. tempo de leitura":"3 minutos"},"schema":{"@context":"https:\/\/schema.org","@graph":[{"@type":"Article","@id":"https:\/\/sindicatodosbancarios.org.br\/site2022\/2017\/01\/24\/informe-0092017-reforma-da-previdencia-vai-dificultar-acesso-aposentadoria\/#article","isPartOf":{"@id":"https:\/\/sindicatodosbancarios.org.br\/site2022\/2017\/01\/24\/informe-0092017-reforma-da-previdencia-vai-dificultar-acesso-aposentadoria\/"},"author":{"name":"Sindicato dos Banc\u00e1rios S\u00e3o Bento do Sul e Regi\u00e3o","@id":"https:\/\/sindicatodosbancarios.org.br\/site2022\/#\/schema\/person\/a7d92da77d1084df4d28b57962f1e1bd"},"headline":"INFORME 009\/2017 &#8211; REFORMA DA PREVID\u00caNCIA VAI DIFICULTAR ACESSO \u00c0 APOSENTADORIA","datePublished":"2017-01-24T15:29:23+00:00","dateModified":"2017-08-22T16:37:12+00:00","mainEntityOfPage":{"@id":"https:\/\/sindicatodosbancarios.org.br\/site2022\/2017\/01\/24\/informe-0092017-reforma-da-previdencia-vai-dificultar-acesso-aposentadoria\/"},"wordCount":666,"commentCount":0,"publisher":{"@id":"https:\/\/sindicatodosbancarios.org.br\/site2022\/#organization"},"articleSection":["Geral"],"inLanguage":"pt-BR","potentialAction":[{"@type":"CommentAction","name":"Comment","target":["https:\/\/sindicatodosbancarios.org.br\/site2022\/2017\/01\/24\/informe-0092017-reforma-da-previdencia-vai-dificultar-acesso-aposentadoria\/#respond"]}]},{"@type":"WebPage","@id":"https:\/\/sindicatodosbancarios.org.br\/site2022\/2017\/01\/24\/informe-0092017-reforma-da-previdencia-vai-dificultar-acesso-aposentadoria\/","url":"https:\/\/sindicatodosbancarios.org.br\/site2022\/2017\/01\/24\/informe-0092017-reforma-da-previdencia-vai-dificultar-acesso-aposentadoria\/","name":"INFORME 009\/2017 - REFORMA DA PREVID\u00caNCIA VAI DIFICULTAR ACESSO \u00c0 APOSENTADORIA - Sindicato dos Banc\u00e1rios de S\u00e3o Bento do Sul e Regi\u00e3o","isPartOf":{"@id":"https:\/\/sindicatodosbancarios.org.br\/site2022\/#website"},"datePublished":"2017-01-24T15:29:23+00:00","dateModified":"2017-08-22T16:37:12+00:00","breadcrumb":{"@id":"https:\/\/sindicatodosbancarios.org.br\/site2022\/2017\/01\/24\/informe-0092017-reforma-da-previdencia-vai-dificultar-acesso-aposentadoria\/#breadcrumb"},"inLanguage":"pt-BR","potentialAction":[{"@type":"ReadAction","target":["https:\/\/sindicatodosbancarios.org.br\/site2022\/2017\/01\/24\/informe-0092017-reforma-da-previdencia-vai-dificultar-acesso-aposentadoria\/"]}]},{"@type":"BreadcrumbList","@id":"https:\/\/sindicatodosbancarios.org.br\/site2022\/2017\/01\/24\/informe-0092017-reforma-da-previdencia-vai-dificultar-acesso-aposentadoria\/#breadcrumb","itemListElement":[{"@type":"ListItem","position":1,"name":"In\u00edcio","item":"https:\/\/sindicatodosbancarios.org.br\/site2022\/"},{"@type":"ListItem","position":2,"name":"INFORME 009\/2017 &#8211; REFORMA DA PREVID\u00caNCIA VAI DIFICULTAR ACESSO \u00c0 APOSENTADORIA"}]},{"@type":"WebSite","@id":"https:\/\/sindicatodosbancarios.org.br\/site2022\/#website","url":"https:\/\/sindicatodosbancarios.org.br\/site2022\/","name":"Sindicato dos Banc\u00e1rios de S\u00e3o Bento do Sul e Regi\u00e3o","description":"Website institucional do Sindicato dos Banc\u00e1rios de S\u00e3o Bento do Sul e Regi\u00e3o","publisher":{"@id":"https:\/\/sindicatodosbancarios.org.br\/site2022\/#organization"},"potentialAction":[{"@type":"SearchAction","target":{"@type":"EntryPoint","urlTemplate":"https:\/\/sindicatodosbancarios.org.br\/site2022\/?s={search_term_string}"},"query-input":"required name=search_term_string"}],"inLanguage":"pt-BR"},{"@type":"Organization","@id":"https:\/\/sindicatodosbancarios.org.br\/site2022\/#organization","name":"Sindicato dos Banc\u00e1rios de S\u00e3o Bento do Sul e Regi\u00e3o","url":"https:\/\/sindicatodosbancarios.org.br\/site2022\/","logo":{"@type":"ImageObject","inLanguage":"pt-BR","@id":"https:\/\/sindicatodosbancarios.org.br\/site2022\/#\/schema\/logo\/image\/","url":"https:\/\/sindicatodosbancarios.org.br\/site2022\/wp-content\/uploads\/2017\/06\/cropped-logo-2.png","contentUrl":"https:\/\/sindicatodosbancarios.org.br\/site2022\/wp-content\/uploads\/2017\/06\/cropped-logo-2.png","width":292,"height":292,"caption":"Sindicato dos Banc\u00e1rios de S\u00e3o Bento do Sul e Regi\u00e3o"},"image":{"@id":"https:\/\/sindicatodosbancarios.org.br\/site2022\/#\/schema\/logo\/image\/"}},{"@type":"Person","@id":"https:\/\/sindicatodosbancarios.org.br\/site2022\/#\/schema\/person\/a7d92da77d1084df4d28b57962f1e1bd","name":"Sindicato dos Banc\u00e1rios S\u00e3o Bento do Sul e Regi\u00e3o","image":{"@type":"ImageObject","inLanguage":"pt-BR","@id":"https:\/\/sindicatodosbancarios.org.br\/site2022\/#\/schema\/person\/image\/","url":"https:\/\/secure.gravatar.com\/avatar\/f1d1a06f698f2345352e539387180d42?s=96&d=mm&r=g","contentUrl":"https:\/\/secure.gravatar.com\/avatar\/f1d1a06f698f2345352e539387180d42?s=96&d=mm&r=g","caption":"Sindicato dos Banc\u00e1rios S\u00e3o Bento do Sul e Regi\u00e3o"},"sameAs":["http:\/\/sindicatodosbancarios.org.br\/site2022\/","https:\/\/www.facebook.com\/seeb.sbs.9"],"url":"https:\/\/sindicatodosbancarios.org.br\/site2022\/author\/sindicatodosbancarios\/"}]}},"jetpack_featured_media_url":"https:\/\/sindicatodosbancarios.org.br\/site2022\/wp-content\/uploads\/2017\/08\/9.jpg","jetpack_sharing_enabled":true,"jetpack_shortlink":"https:\/\/wp.me\/p8RSbI-ml","jetpack-related-posts":[{"id":4983,"url":"https:\/\/sindicatodosbancarios.org.br\/site2022\/2021\/01\/07\/informe-bancario-489-2021-novas-regras-de-aposentadorias-e-pensoes-do-inss-em-2021-comecam-a-valer-entenda\/","url_meta":{"origin":1385,"position":0},"title":"INFORME BANC\u00c1RIO \u2013 11\/2021 Novas regras de aposentadorias e pens\u00f5es do INSS em 2021 come\u00e7am a valer; entenda","date":"7 de janeiro de 2021","format":false,"excerpt":"Segundo o especialista Hil\u00e1rio Bocchi J\u00fanior, ap\u00f3s a Reforma da Previd\u00eancia, cada in\u00edcio de ano tem novos gatilhos para trabalhador obter benef\u00edcios. A Reforma da Previd\u00eancia aconteceu em novembro de 2019, mas seus efeitos ser\u00e3o duradouros. Alguns gatilhos ser\u00e3o acionados sempre quando come\u00e7ar um ano novo e, nos pr\u00f3ximos sete\u2026","rel":"","context":"Em &quot;Geral&quot;","img":{"alt_text":"","src":"https:\/\/i0.wp.com\/sindicatodosbancarios.org.br\/site2022\/wp-content\/uploads\/2020\/06\/n_42647_16228b5e1674c79bce66f686777a9b59.1.jpg?resize=350%2C200&ssl=1","width":350,"height":200},"classes":[]},{"id":4958,"url":"https:\/\/sindicatodosbancarios.org.br\/site2022\/2021\/01\/05\/informe-bancario-484-2020-vai-dar-entrada-na-aposentadoria-em-2021-veja-as-principais-mudancas-para-solicitar-o-beneficio\/","url_meta":{"origin":1385,"position":1},"title":"INFORME BANC\u00c1RIO \u2013 06\/2021 Vai dar entrada na aposentadoria em 2021? Veja as principais mudan\u00e7as para solicitar o benef\u00edcio","date":"5 de janeiro de 2021","format":false,"excerpt":"Mudan\u00e7as incidem em regras de transi\u00e7\u00e3o, possibilitando com que contribuintes do INSS se aposentem antes da idade m\u00ednima prevista na reforma da Previd\u00eancia. Em novembro de 2020, a\u00a0Reforma da Previd\u00eancia\u00a0soprou as velinhas comemorando um ano em vigor. Com ela, v\u00e1rias mudan\u00e7as foram implantadas para dar entrada na\u00a0aposentadoria\u00a0no Instituto Nacional do\u2026","rel":"","context":"Em &quot;Geral&quot;","img":{"alt_text":"","src":"https:\/\/i0.wp.com\/sindicatodosbancarios.org.br\/site2022\/wp-content\/uploads\/2021\/01\/inss-1200x900.jpg?resize=350%2C200&ssl=1","width":350,"height":200},"classes":[]},{"id":5581,"url":"https:\/\/sindicatodosbancarios.org.br\/site2022\/2021\/08\/06\/informe-bancario-182-2021-veja-quem-ainda-consegue-se-aposentar-sem-idade-minima\/","url_meta":{"origin":1385,"position":2},"title":"INFORME BANC\u00c1RIO \u2013 182\/2021 Veja quem ainda consegue se aposentar sem idade m\u00ednima","date":"6 de agosto de 2021","format":false,"excerpt":"Reforma passou a exigir limite de idade; confira casos em que n\u00e3o \u00e9 preciso cumprir essa exig\u00eancia no INSS A principal\u00a0altera\u00e7\u00e3o nas regras das aposentadorias trazida pela reforma da Previd\u00eancia foi a cria\u00e7\u00e3o da idade m\u00ednima para pedir o benef\u00edcio ao INSS (Instituto Nacional do Seguro Social). No entanto, h\u00e1\u2026","rel":"","context":"Em &quot;Geral&quot;","img":{"alt_text":"","src":"https:\/\/i0.wp.com\/sindicatodosbancarios.org.br\/site2022\/wp-content\/uploads\/2021\/02\/ecv8by7wzopiiudr6exo2c0gh.jpg?resize=350%2C200&ssl=1","width":350,"height":200},"classes":[]},{"id":4311,"url":"https:\/\/sindicatodosbancarios.org.br\/site2022\/2020\/08\/20\/informe-bancario-306-2020-novas-regras-do-auxilio-doenca-entenda-o-que-mudou-apos-a-reforma-da-previdencia\/","url_meta":{"origin":1385,"position":3},"title":"INFORME BANC\u00c1RIO \u2013 306\/2020 Novas regras do aux\u00edlio-doen\u00e7a: Entenda o que mudou ap\u00f3s a Reforma da Previd\u00eancia","date":"20 de agosto de 2020","format":false,"excerpt":"Regras para ter direito ao aux\u00edlio-doen\u00e7a e aposentadoria por invalidez ficaram mais duras ap\u00f3s a reforma. Entenda como \u00e9 feito o c\u00e1lculo em cada modalidade. Muitos segurados do\u00a0Instituto Nacional do Seguro Social (INSS) ainda t\u00eam d\u00favidas sobre as novas regras da\u00a0aposentadoria, que entraram em vigor ap\u00f3s a Reforma da Previd\u00eancia\u2026","rel":"","context":"Em &quot;Geral&quot;","img":{"alt_text":"","src":"https:\/\/i0.wp.com\/sindicatodosbancarios.org.br\/site2022\/wp-content\/uploads\/2020\/08\/pedido-auxilio-doenca.jpg?resize=350%2C200&ssl=1","width":350,"height":200},"classes":[]},{"id":5218,"url":"https:\/\/sindicatodosbancarios.org.br\/site2022\/2021\/03\/01\/informe-bancarios-72-2021-sou-trabalhador-autonomo-tenho-direito-a-aposentadoria-especial\/","url_meta":{"origin":1385,"position":4},"title":"INFORME BANC\u00c1RIOS \u2013 72\/2021 Sou trabalhador aut\u00f4nomo, tenho direito \u00e0 aposentadoria especial?","date":"1 de mar\u00e7o de 2021","format":false,"excerpt":"Modalidade previdenci\u00e1ria do INSS garante menos tempo de contribui\u00e7\u00e3o e maior benef\u00edcio para aqueles que exercem atividades insalubres ou de risco. Trabalhadores aut\u00f4nomos\u00a0que exercem atividades insalubres, perigosas e penosas podem adquirir benef\u00edcios maiores ou com menor tempo de exig\u00eancia em rela\u00e7\u00e3o ao seu cumprimento junto ao Instituto Nacional do Seguro\u2026","rel":"","context":"Em &quot;Geral&quot;","img":{"alt_text":"","src":"https:\/\/i0.wp.com\/sindicatodosbancarios.org.br\/site2022\/wp-content\/uploads\/2021\/03\/multi-tasking-2840792_1920.jpg?resize=350%2C200&ssl=1","width":350,"height":200},"classes":[]},{"id":4425,"url":"https:\/\/sindicatodosbancarios.org.br\/site2022\/2020\/09\/03\/informe-bancario-325-2020-a-aposentadoria-por-tempo-de-contribuicao-acabou-apos-reforma\/","url_meta":{"origin":1385,"position":5},"title":"INFORME BANC\u00c1RIO \u2013 325\/2020 A Aposentadoria por tempo de contribui\u00e7\u00e3o acabou ap\u00f3s Reforma?","date":"3 de setembro de 2020","format":false,"excerpt":"1. As altera\u00e7\u00f5es na aposentadoria por tempo de contribui\u00e7\u00e3o Nas regras previdenci\u00e1rias anteriormente vigentes, as aposentadorias eram conhecidas por aposentadoria \u201cpor tempo de contribui\u00e7\u00e3o\u201d, \u201cpor idade (rural ou urbana)\u201d, \u201cespecial\u201d e \u201cpor invalidez\u201d. Neste texto vou tratar das principais mudan\u00e7as na aposentadoria \u201cpor tempo de contribui\u00e7\u00e3o\u201d, tamb\u00e9m muito conhecida como\u2026","rel":"","context":"Em &quot;Geral&quot;","img":{"alt_text":"","src":"https:\/\/i0.wp.com\/sindicatodosbancarios.org.br\/site2022\/wp-content\/uploads\/2020\/09\/idoso-1.jpg?resize=350%2C200&ssl=1","width":350,"height":200},"classes":[]}],"_links":{"self":[{"href":"https:\/\/sindicatodosbancarios.org.br\/site2022\/wp-json\/wp\/v2\/posts\/1385"}],"collection":[{"href":"https:\/\/sindicatodosbancarios.org.br\/site2022\/wp-json\/wp\/v2\/posts"}],"about":[{"href":"https:\/\/sindicatodosbancarios.org.br\/site2022\/wp-json\/wp\/v2\/types\/post"}],"author":[{"embeddable":true,"href":"https:\/\/sindicatodosbancarios.org.br\/site2022\/wp-json\/wp\/v2\/users\/2"}],"replies":[{"embeddable":true,"href":"https:\/\/sindicatodosbancarios.org.br\/site2022\/wp-json\/wp\/v2\/comments?post=1385"}],"version-history":[{"count":2,"href":"https:\/\/sindicatodosbancarios.org.br\/site2022\/wp-json\/wp\/v2\/posts\/1385\/revisions"}],"predecessor-version":[{"id":1391,"href":"https:\/\/sindicatodosbancarios.org.br\/site2022\/wp-json\/wp\/v2\/posts\/1385\/revisions\/1391"}],"wp:featuredmedia":[{"embeddable":true,"href":"https:\/\/sindicatodosbancarios.org.br\/site2022\/wp-json\/wp\/v2\/media\/1386"}],"wp:attachment":[{"href":"https:\/\/sindicatodosbancarios.org.br\/site2022\/wp-json\/wp\/v2\/media?parent=1385"}],"wp:term":[{"taxonomy":"category","embeddable":true,"href":"https:\/\/sindicatodosbancarios.org.br\/site2022\/wp-json\/wp\/v2\/categories?post=1385"},{"taxonomy":"post_tag","embeddable":true,"href":"https:\/\/sindicatodosbancarios.org.br\/site2022\/wp-json\/wp\/v2\/tags?post=1385"}],"curies":[{"name":"wp","href":"https:\/\/api.w.org\/{rel}","templated":true}]}}