{"id":1388,"date":"2017-01-24T13:35:37","date_gmt":"2017-01-24T15:35:37","guid":{"rendered":"http:\/\/sindicatodosbancarios.org.br\/?p=1388"},"modified":"2017-08-22T13:36:28","modified_gmt":"2017-08-22T16:36:28","slug":"informe-0102017-tecnico-bancario-pode-acumular-cargo-de-professor-afirma-trt-8a-regiao-paap","status":"publish","type":"post","link":"https:\/\/sindicatodosbancarios.org.br\/site2022\/2017\/01\/24\/informe-0102017-tecnico-bancario-pode-acumular-cargo-de-professor-afirma-trt-8a-regiao-paap\/","title":{"rendered":"INFORME 010\/2017 &#8211; T\u00c9CNICO BANC\u00c1RIO PODE ACUMULAR CARGO DE PROFESSOR, AFIRMA TRT 8\u00aa REGI\u00c3O PA\/AP"},"content":{"rendered":"<p>A acumula\u00e7\u00e3o de emprego p\u00fablico nos cargos de t\u00e9cnico banc\u00e1rio e professor da rede estadual \u00e9 l\u00edcita. O entendimento \u00e9 da 1\u00aa Turma do Tribunal Regional do Trabalho da 8\u00aa Regi\u00e3o (PA\/AP) ao condenar a Caixa Econ\u00f4mica Federal a pagar indeniza\u00e7\u00e3o por danos morais e materiais a uma trabalhadora que foi obrigada pelo banco a pedir exonera\u00e7\u00e3o do cargo de professora. O valor total das indeniza\u00e7\u00f5es \u00e9 de R$ 400 mil.<\/p>\n<p>De acordo com o processo, a mulher foi admitida pelo banco em 1989, para o cargo de escritur\u00e1ria, atualmente denominado t\u00e9cnico banc\u00e1rio. Atualmente, ela ocupava a fun\u00e7\u00e3o gratificada de avaliadora de penhor. Em 2009, foi nomeada para o cargo de professora estadual, ap\u00f3s ser aprovada em concurso p\u00fablico.<\/p>\n<p>Na peti\u00e7\u00e3o inicial, alegou que, apesar do exerc\u00edcio do magist\u00e9rio ser em hor\u00e1rio compat\u00edvel com seu trabalho no banco, foi obrigada pela institui\u00e7\u00e3o financeira a pedir exonera\u00e7\u00e3o do seu cargo de professora, em decorr\u00eancia da suposta acumula\u00e7\u00e3o ilegal de cargos p\u00fablicos.<\/p>\n<p>Em seu voto, a relatora, desembargadora Suzy Elizabeth Cavalcante Koury, explicou que o caso se enquadra na hip\u00f3tese prevista no artigo 37, inciso XVI, al\u00ednea b, da Constitui\u00e7\u00e3o Federal, que permite a acumula\u00e7\u00e3o de um cargo de professor com outro t\u00e9cnico ou cient\u00edfico. Isso porque, explica a relatora, apesar de exigir n\u00edvel superior, o cargo ocupado no banco \u00e9 de car\u00e1ter t\u00e9cnico, considerando as peculiaridades das fun\u00e7\u00f5es a ele inerentes.<\/p>\n<p>\u201cDe fato, \u00e9 equivocada e superada a previs\u00e3o do Decreto 35.956\/1954, de utiliza\u00e7\u00e3o, como par\u00e2metro, da forma\u00e7\u00e3o de n\u00edvel superior para assim reconhec\u00ea-lo, estando, na verdade, relacionado \u00e0 exig\u00eancia de conhecimentos espec\u00edficos e especializados, cuja complexidade esteja acima do dom\u00ednio das pessoas comuns, embora com igual forma\u00e7\u00e3o educacional\u201d, explicou a relatora.<\/p>\n<p>Diante destas considera\u00e7\u00f5es, foi reconhecida a exist\u00eancia de dano moral a ser indenizado, \u201cna medida em que a situa\u00e7\u00e3o experimentada pela autora, sem d\u00favida, provoca v\u00e1rios sentimentos negativos, dentre os quais profunda frustra\u00e7\u00e3o, o que, como se sabe, compromete o equil\u00edbrio psicoemocional do ser humano\u201d.<\/p>\n<p>Na decis\u00e3o, o valor estipulado para o dano moral foi de R$ 100 mil. Com rela\u00e7\u00e3o ao dano material, que objetiva reparar o preju\u00edzo sofrido pelo patrim\u00f4nio do trabalhadora, o valor foi fixado em mais de R$ 300 mil, calculado considerando o valor mensal que receberia no cargo de professor at\u00e9 completar 75 anos de idade. Com informa\u00e7\u00f5es da Assessoria de Imprensa do TRT-8.<\/p>\n<p><span><em><span style=\"font-size: 8pt;\">Fonte: Consultor\u00a0<\/span><span style=\"font-size: 10.6667px; line-height: 16px;\">Jur\u00eddico<\/span><span style=\"font-size: 8pt;\">.<\/span><\/em><\/span><\/p>\n","protected":false},"excerpt":{"rendered":"<p>A acumula\u00e7\u00e3o de emprego p\u00fablico nos cargos de t\u00e9cnico banc\u00e1rio e professor da rede estadual \u00e9 l\u00edcita. O [&hellip;]<\/p>\n","protected":false},"author":2,"featured_media":1389,"comment_status":"open","ping_status":"open","sticky":false,"template":"","format":"standard","meta":{"jetpack_post_was_ever_published":false,"jetpack_publicize_message":"","jetpack_is_tweetstorm":false,"jetpack_publicize_feature_enabled":true,"jetpack_social_post_already_shared":true,"jetpack_social_options":[]},"categories":[1],"tags":[],"jetpack_publicize_connections":[],"acf":[],"yoast_head":"<!-- This site is optimized with the Yoast SEO plugin v19.14 - https:\/\/yoast.com\/wordpress\/plugins\/seo\/ -->\n<title>INFORME 010\/2017 - T\u00c9CNICO BANC\u00c1RIO PODE ACUMULAR CARGO DE PROFESSOR, AFIRMA TRT 8\u00aa REGI\u00c3O PA\/AP - Sindicato dos Banc\u00e1rios de S\u00e3o Bento do Sul e Regi\u00e3o<\/title>\n<meta name=\"robots\" content=\"index, follow, max-snippet:-1, max-image-preview:large, max-video-preview:-1\" \/>\n<link rel=\"canonical\" href=\"https:\/\/sindicatodosbancarios.org.br\/site2022\/2017\/01\/24\/informe-0102017-tecnico-bancario-pode-acumular-cargo-de-professor-afirma-trt-8a-regiao-paap\/\" \/>\n<meta property=\"og:locale\" content=\"pt_BR\" \/>\n<meta property=\"og:type\" content=\"article\" \/>\n<meta property=\"og:title\" content=\"INFORME 010\/2017 - T\u00c9CNICO BANC\u00c1RIO PODE ACUMULAR CARGO DE PROFESSOR, AFIRMA TRT 8\u00aa REGI\u00c3O PA\/AP - Sindicato dos Banc\u00e1rios de S\u00e3o Bento do Sul e Regi\u00e3o\" \/>\n<meta property=\"og:description\" content=\"A acumula\u00e7\u00e3o de emprego p\u00fablico nos cargos de t\u00e9cnico banc\u00e1rio e professor da rede estadual \u00e9 l\u00edcita. O [&hellip;]\" \/>\n<meta property=\"og:url\" content=\"https:\/\/sindicatodosbancarios.org.br\/site2022\/2017\/01\/24\/informe-0102017-tecnico-bancario-pode-acumular-cargo-de-professor-afirma-trt-8a-regiao-paap\/\" \/>\n<meta property=\"og:site_name\" content=\"Sindicato dos Banc\u00e1rios de S\u00e3o Bento do Sul e Regi\u00e3o\" \/>\n<meta property=\"article:author\" content=\"https:\/\/www.facebook.com\/seeb.sbs.9\" \/>\n<meta property=\"article:published_time\" content=\"2017-01-24T15:35:37+00:00\" \/>\n<meta property=\"article:modified_time\" content=\"2017-08-22T16:36:28+00:00\" \/>\n<meta property=\"og:image\" content=\"https:\/\/sindicatodosbancarios.org.br\/site2022\/wp-content\/uploads\/2017\/08\/10.jpg\" \/>\n\t<meta property=\"og:image:width\" content=\"3888\" \/>\n\t<meta property=\"og:image:height\" content=\"2592\" \/>\n\t<meta property=\"og:image:type\" content=\"image\/jpeg\" \/>\n<meta name=\"author\" content=\"Sindicato dos Banc\u00e1rios S\u00e3o Bento do Sul e Regi\u00e3o\" \/>\n<meta name=\"twitter:card\" content=\"summary_large_image\" \/>\n<meta name=\"twitter:label1\" content=\"Escrito por\" \/>\n\t<meta name=\"twitter:data1\" content=\"Sindicato dos Banc\u00e1rios S\u00e3o Bento do Sul e Regi\u00e3o\" \/>\n\t<meta name=\"twitter:label2\" content=\"Est. tempo de leitura\" \/>\n\t<meta name=\"twitter:data2\" content=\"2 minutos\" \/>\n<script type=\"application\/ld+json\" class=\"yoast-schema-graph\">{\"@context\":\"https:\/\/schema.org\",\"@graph\":[{\"@type\":\"Article\",\"@id\":\"https:\/\/sindicatodosbancarios.org.br\/site2022\/2017\/01\/24\/informe-0102017-tecnico-bancario-pode-acumular-cargo-de-professor-afirma-trt-8a-regiao-paap\/#article\",\"isPartOf\":{\"@id\":\"https:\/\/sindicatodosbancarios.org.br\/site2022\/2017\/01\/24\/informe-0102017-tecnico-bancario-pode-acumular-cargo-de-professor-afirma-trt-8a-regiao-paap\/\"},\"author\":{\"name\":\"Sindicato dos Banc\u00e1rios S\u00e3o Bento do Sul e Regi\u00e3o\",\"@id\":\"https:\/\/sindicatodosbancarios.org.br\/site2022\/#\/schema\/person\/a7d92da77d1084df4d28b57962f1e1bd\"},\"headline\":\"INFORME 010\/2017 &#8211; T\u00c9CNICO BANC\u00c1RIO PODE ACUMULAR CARGO DE PROFESSOR, AFIRMA TRT 8\u00aa REGI\u00c3O PA\/AP\",\"datePublished\":\"2017-01-24T15:35:37+00:00\",\"dateModified\":\"2017-08-22T16:36:28+00:00\",\"mainEntityOfPage\":{\"@id\":\"https:\/\/sindicatodosbancarios.org.br\/site2022\/2017\/01\/24\/informe-0102017-tecnico-bancario-pode-acumular-cargo-de-professor-afirma-trt-8a-regiao-paap\/\"},\"wordCount\":454,\"commentCount\":0,\"publisher\":{\"@id\":\"https:\/\/sindicatodosbancarios.org.br\/site2022\/#organization\"},\"articleSection\":[\"Geral\"],\"inLanguage\":\"pt-BR\",\"potentialAction\":[{\"@type\":\"CommentAction\",\"name\":\"Comment\",\"target\":[\"https:\/\/sindicatodosbancarios.org.br\/site2022\/2017\/01\/24\/informe-0102017-tecnico-bancario-pode-acumular-cargo-de-professor-afirma-trt-8a-regiao-paap\/#respond\"]}]},{\"@type\":\"WebPage\",\"@id\":\"https:\/\/sindicatodosbancarios.org.br\/site2022\/2017\/01\/24\/informe-0102017-tecnico-bancario-pode-acumular-cargo-de-professor-afirma-trt-8a-regiao-paap\/\",\"url\":\"https:\/\/sindicatodosbancarios.org.br\/site2022\/2017\/01\/24\/informe-0102017-tecnico-bancario-pode-acumular-cargo-de-professor-afirma-trt-8a-regiao-paap\/\",\"name\":\"INFORME 010\/2017 - T\u00c9CNICO BANC\u00c1RIO PODE ACUMULAR CARGO DE PROFESSOR, AFIRMA TRT 8\u00aa REGI\u00c3O PA\/AP - Sindicato dos Banc\u00e1rios de S\u00e3o Bento do Sul e Regi\u00e3o\",\"isPartOf\":{\"@id\":\"https:\/\/sindicatodosbancarios.org.br\/site2022\/#website\"},\"datePublished\":\"2017-01-24T15:35:37+00:00\",\"dateModified\":\"2017-08-22T16:36:28+00:00\",\"breadcrumb\":{\"@id\":\"https:\/\/sindicatodosbancarios.org.br\/site2022\/2017\/01\/24\/informe-0102017-tecnico-bancario-pode-acumular-cargo-de-professor-afirma-trt-8a-regiao-paap\/#breadcrumb\"},\"inLanguage\":\"pt-BR\",\"potentialAction\":[{\"@type\":\"ReadAction\",\"target\":[\"https:\/\/sindicatodosbancarios.org.br\/site2022\/2017\/01\/24\/informe-0102017-tecnico-bancario-pode-acumular-cargo-de-professor-afirma-trt-8a-regiao-paap\/\"]}]},{\"@type\":\"BreadcrumbList\",\"@id\":\"https:\/\/sindicatodosbancarios.org.br\/site2022\/2017\/01\/24\/informe-0102017-tecnico-bancario-pode-acumular-cargo-de-professor-afirma-trt-8a-regiao-paap\/#breadcrumb\",\"itemListElement\":[{\"@type\":\"ListItem\",\"position\":1,\"name\":\"In\u00edcio\",\"item\":\"https:\/\/sindicatodosbancarios.org.br\/site2022\/\"},{\"@type\":\"ListItem\",\"position\":2,\"name\":\"INFORME 010\/2017 &#8211; T\u00c9CNICO BANC\u00c1RIO PODE ACUMULAR CARGO DE PROFESSOR, AFIRMA TRT 8\u00aa REGI\u00c3O PA\/AP\"}]},{\"@type\":\"WebSite\",\"@id\":\"https:\/\/sindicatodosbancarios.org.br\/site2022\/#website\",\"url\":\"https:\/\/sindicatodosbancarios.org.br\/site2022\/\",\"name\":\"Sindicato dos Banc\u00e1rios de S\u00e3o Bento do Sul e Regi\u00e3o\",\"description\":\"Website institucional do Sindicato dos Banc\u00e1rios de S\u00e3o Bento do Sul e Regi\u00e3o\",\"publisher\":{\"@id\":\"https:\/\/sindicatodosbancarios.org.br\/site2022\/#organization\"},\"potentialAction\":[{\"@type\":\"SearchAction\",\"target\":{\"@type\":\"EntryPoint\",\"urlTemplate\":\"https:\/\/sindicatodosbancarios.org.br\/site2022\/?s={search_term_string}\"},\"query-input\":\"required name=search_term_string\"}],\"inLanguage\":\"pt-BR\"},{\"@type\":\"Organization\",\"@id\":\"https:\/\/sindicatodosbancarios.org.br\/site2022\/#organization\",\"name\":\"Sindicato dos Banc\u00e1rios de S\u00e3o Bento do Sul e Regi\u00e3o\",\"url\":\"https:\/\/sindicatodosbancarios.org.br\/site2022\/\",\"logo\":{\"@type\":\"ImageObject\",\"inLanguage\":\"pt-BR\",\"@id\":\"https:\/\/sindicatodosbancarios.org.br\/site2022\/#\/schema\/logo\/image\/\",\"url\":\"https:\/\/sindicatodosbancarios.org.br\/site2022\/wp-content\/uploads\/2017\/06\/cropped-logo-2.png\",\"contentUrl\":\"https:\/\/sindicatodosbancarios.org.br\/site2022\/wp-content\/uploads\/2017\/06\/cropped-logo-2.png\",\"width\":292,\"height\":292,\"caption\":\"Sindicato dos Banc\u00e1rios de S\u00e3o Bento do Sul e Regi\u00e3o\"},\"image\":{\"@id\":\"https:\/\/sindicatodosbancarios.org.br\/site2022\/#\/schema\/logo\/image\/\"}},{\"@type\":\"Person\",\"@id\":\"https:\/\/sindicatodosbancarios.org.br\/site2022\/#\/schema\/person\/a7d92da77d1084df4d28b57962f1e1bd\",\"name\":\"Sindicato dos Banc\u00e1rios S\u00e3o Bento do Sul e Regi\u00e3o\",\"image\":{\"@type\":\"ImageObject\",\"inLanguage\":\"pt-BR\",\"@id\":\"https:\/\/sindicatodosbancarios.org.br\/site2022\/#\/schema\/person\/image\/\",\"url\":\"https:\/\/secure.gravatar.com\/avatar\/f1d1a06f698f2345352e539387180d42?s=96&d=mm&r=g\",\"contentUrl\":\"https:\/\/secure.gravatar.com\/avatar\/f1d1a06f698f2345352e539387180d42?s=96&d=mm&r=g\",\"caption\":\"Sindicato dos Banc\u00e1rios S\u00e3o Bento do Sul e Regi\u00e3o\"},\"sameAs\":[\"http:\/\/sindicatodosbancarios.org.br\/site2022\/\",\"https:\/\/www.facebook.com\/seeb.sbs.9\"],\"url\":\"https:\/\/sindicatodosbancarios.org.br\/site2022\/author\/sindicatodosbancarios\/\"}]}<\/script>\n<!-- \/ Yoast SEO plugin. -->","yoast_head_json":{"title":"INFORME 010\/2017 - T\u00c9CNICO BANC\u00c1RIO PODE ACUMULAR CARGO DE PROFESSOR, AFIRMA TRT 8\u00aa REGI\u00c3O PA\/AP - Sindicato dos Banc\u00e1rios de S\u00e3o Bento do Sul e Regi\u00e3o","robots":{"index":"index","follow":"follow","max-snippet":"max-snippet:-1","max-image-preview":"max-image-preview:large","max-video-preview":"max-video-preview:-1"},"canonical":"https:\/\/sindicatodosbancarios.org.br\/site2022\/2017\/01\/24\/informe-0102017-tecnico-bancario-pode-acumular-cargo-de-professor-afirma-trt-8a-regiao-paap\/","og_locale":"pt_BR","og_type":"article","og_title":"INFORME 010\/2017 - T\u00c9CNICO BANC\u00c1RIO PODE ACUMULAR CARGO DE PROFESSOR, AFIRMA TRT 8\u00aa REGI\u00c3O PA\/AP - Sindicato dos Banc\u00e1rios de S\u00e3o Bento do Sul e Regi\u00e3o","og_description":"A acumula\u00e7\u00e3o de emprego p\u00fablico nos cargos de t\u00e9cnico banc\u00e1rio e professor da rede estadual \u00e9 l\u00edcita. O [&hellip;]","og_url":"https:\/\/sindicatodosbancarios.org.br\/site2022\/2017\/01\/24\/informe-0102017-tecnico-bancario-pode-acumular-cargo-de-professor-afirma-trt-8a-regiao-paap\/","og_site_name":"Sindicato dos Banc\u00e1rios de S\u00e3o Bento do Sul e Regi\u00e3o","article_author":"https:\/\/www.facebook.com\/seeb.sbs.9","article_published_time":"2017-01-24T15:35:37+00:00","article_modified_time":"2017-08-22T16:36:28+00:00","og_image":[{"width":3888,"height":2592,"url":"https:\/\/sindicatodosbancarios.org.br\/site2022\/wp-content\/uploads\/2017\/08\/10.jpg","type":"image\/jpeg"}],"author":"Sindicato dos Banc\u00e1rios S\u00e3o Bento do Sul e Regi\u00e3o","twitter_card":"summary_large_image","twitter_misc":{"Escrito por":"Sindicato dos Banc\u00e1rios S\u00e3o Bento do Sul e Regi\u00e3o","Est. tempo de leitura":"2 minutos"},"schema":{"@context":"https:\/\/schema.org","@graph":[{"@type":"Article","@id":"https:\/\/sindicatodosbancarios.org.br\/site2022\/2017\/01\/24\/informe-0102017-tecnico-bancario-pode-acumular-cargo-de-professor-afirma-trt-8a-regiao-paap\/#article","isPartOf":{"@id":"https:\/\/sindicatodosbancarios.org.br\/site2022\/2017\/01\/24\/informe-0102017-tecnico-bancario-pode-acumular-cargo-de-professor-afirma-trt-8a-regiao-paap\/"},"author":{"name":"Sindicato dos Banc\u00e1rios S\u00e3o Bento do Sul e Regi\u00e3o","@id":"https:\/\/sindicatodosbancarios.org.br\/site2022\/#\/schema\/person\/a7d92da77d1084df4d28b57962f1e1bd"},"headline":"INFORME 010\/2017 &#8211; T\u00c9CNICO BANC\u00c1RIO PODE ACUMULAR CARGO DE PROFESSOR, AFIRMA TRT 8\u00aa REGI\u00c3O PA\/AP","datePublished":"2017-01-24T15:35:37+00:00","dateModified":"2017-08-22T16:36:28+00:00","mainEntityOfPage":{"@id":"https:\/\/sindicatodosbancarios.org.br\/site2022\/2017\/01\/24\/informe-0102017-tecnico-bancario-pode-acumular-cargo-de-professor-afirma-trt-8a-regiao-paap\/"},"wordCount":454,"commentCount":0,"publisher":{"@id":"https:\/\/sindicatodosbancarios.org.br\/site2022\/#organization"},"articleSection":["Geral"],"inLanguage":"pt-BR","potentialAction":[{"@type":"CommentAction","name":"Comment","target":["https:\/\/sindicatodosbancarios.org.br\/site2022\/2017\/01\/24\/informe-0102017-tecnico-bancario-pode-acumular-cargo-de-professor-afirma-trt-8a-regiao-paap\/#respond"]}]},{"@type":"WebPage","@id":"https:\/\/sindicatodosbancarios.org.br\/site2022\/2017\/01\/24\/informe-0102017-tecnico-bancario-pode-acumular-cargo-de-professor-afirma-trt-8a-regiao-paap\/","url":"https:\/\/sindicatodosbancarios.org.br\/site2022\/2017\/01\/24\/informe-0102017-tecnico-bancario-pode-acumular-cargo-de-professor-afirma-trt-8a-regiao-paap\/","name":"INFORME 010\/2017 - T\u00c9CNICO BANC\u00c1RIO PODE ACUMULAR CARGO DE PROFESSOR, AFIRMA TRT 8\u00aa REGI\u00c3O PA\/AP - Sindicato dos Banc\u00e1rios de S\u00e3o Bento do Sul e Regi\u00e3o","isPartOf":{"@id":"https:\/\/sindicatodosbancarios.org.br\/site2022\/#website"},"datePublished":"2017-01-24T15:35:37+00:00","dateModified":"2017-08-22T16:36:28+00:00","breadcrumb":{"@id":"https:\/\/sindicatodosbancarios.org.br\/site2022\/2017\/01\/24\/informe-0102017-tecnico-bancario-pode-acumular-cargo-de-professor-afirma-trt-8a-regiao-paap\/#breadcrumb"},"inLanguage":"pt-BR","potentialAction":[{"@type":"ReadAction","target":["https:\/\/sindicatodosbancarios.org.br\/site2022\/2017\/01\/24\/informe-0102017-tecnico-bancario-pode-acumular-cargo-de-professor-afirma-trt-8a-regiao-paap\/"]}]},{"@type":"BreadcrumbList","@id":"https:\/\/sindicatodosbancarios.org.br\/site2022\/2017\/01\/24\/informe-0102017-tecnico-bancario-pode-acumular-cargo-de-professor-afirma-trt-8a-regiao-paap\/#breadcrumb","itemListElement":[{"@type":"ListItem","position":1,"name":"In\u00edcio","item":"https:\/\/sindicatodosbancarios.org.br\/site2022\/"},{"@type":"ListItem","position":2,"name":"INFORME 010\/2017 &#8211; T\u00c9CNICO BANC\u00c1RIO PODE ACUMULAR CARGO DE PROFESSOR, AFIRMA TRT 8\u00aa REGI\u00c3O PA\/AP"}]},{"@type":"WebSite","@id":"https:\/\/sindicatodosbancarios.org.br\/site2022\/#website","url":"https:\/\/sindicatodosbancarios.org.br\/site2022\/","name":"Sindicato dos Banc\u00e1rios de S\u00e3o Bento do Sul e Regi\u00e3o","description":"Website institucional do Sindicato dos Banc\u00e1rios de S\u00e3o Bento do Sul e Regi\u00e3o","publisher":{"@id":"https:\/\/sindicatodosbancarios.org.br\/site2022\/#organization"},"potentialAction":[{"@type":"SearchAction","target":{"@type":"EntryPoint","urlTemplate":"https:\/\/sindicatodosbancarios.org.br\/site2022\/?s={search_term_string}"},"query-input":"required name=search_term_string"}],"inLanguage":"pt-BR"},{"@type":"Organization","@id":"https:\/\/sindicatodosbancarios.org.br\/site2022\/#organization","name":"Sindicato dos Banc\u00e1rios de S\u00e3o Bento do Sul e Regi\u00e3o","url":"https:\/\/sindicatodosbancarios.org.br\/site2022\/","logo":{"@type":"ImageObject","inLanguage":"pt-BR","@id":"https:\/\/sindicatodosbancarios.org.br\/site2022\/#\/schema\/logo\/image\/","url":"https:\/\/sindicatodosbancarios.org.br\/site2022\/wp-content\/uploads\/2017\/06\/cropped-logo-2.png","contentUrl":"https:\/\/sindicatodosbancarios.org.br\/site2022\/wp-content\/uploads\/2017\/06\/cropped-logo-2.png","width":292,"height":292,"caption":"Sindicato dos Banc\u00e1rios de S\u00e3o Bento do Sul e Regi\u00e3o"},"image":{"@id":"https:\/\/sindicatodosbancarios.org.br\/site2022\/#\/schema\/logo\/image\/"}},{"@type":"Person","@id":"https:\/\/sindicatodosbancarios.org.br\/site2022\/#\/schema\/person\/a7d92da77d1084df4d28b57962f1e1bd","name":"Sindicato dos Banc\u00e1rios S\u00e3o Bento do Sul e Regi\u00e3o","image":{"@type":"ImageObject","inLanguage":"pt-BR","@id":"https:\/\/sindicatodosbancarios.org.br\/site2022\/#\/schema\/person\/image\/","url":"https:\/\/secure.gravatar.com\/avatar\/f1d1a06f698f2345352e539387180d42?s=96&d=mm&r=g","contentUrl":"https:\/\/secure.gravatar.com\/avatar\/f1d1a06f698f2345352e539387180d42?s=96&d=mm&r=g","caption":"Sindicato dos Banc\u00e1rios S\u00e3o Bento do Sul e Regi\u00e3o"},"sameAs":["http:\/\/sindicatodosbancarios.org.br\/site2022\/","https:\/\/www.facebook.com\/seeb.sbs.9"],"url":"https:\/\/sindicatodosbancarios.org.br\/site2022\/author\/sindicatodosbancarios\/"}]}},"jetpack_featured_media_url":"https:\/\/sindicatodosbancarios.org.br\/site2022\/wp-content\/uploads\/2017\/08\/10.jpg","jetpack_sharing_enabled":true,"jetpack_shortlink":"https:\/\/wp.me\/p8RSbI-mo","jetpack-related-posts":[{"id":4620,"url":"https:\/\/sindicatodosbancarios.org.br\/site2022\/2020\/10\/08\/informe-bancario-383-2020-banco-do-brasil-bbas3-esclarece-supostas-irregularidades\/","url_meta":{"origin":1388,"position":0},"title":"INFORME BANC\u00c1RIO \u2013 383\/2020 Banco do Brasil (BBAS3) esclarece supostas irregularidades","date":"8 de outubro de 2020","format":false,"excerpt":"O\u00a0Banco do Brasil\u00a0(BBAS3)\u00a0divulgou, na manh\u00e3 desta segunda-feira (5), um comunicado ao mercado esclarecendo a not\u00edcia divulgada pela \u201cCNN\u201d, na \u00faltima quinta-feira (1), acerca de supostas irregularidades que teriam ocorrido na gest\u00e3o do banco sob o comando de\u00a0Rubem Novaes. O Banco do Brasil \u00e9 acusado de interferir em sua auditoria interna,\u2026","rel":"","context":"Em &quot;Banco do Brasil&quot;","img":{"alt_text":"","src":"https:\/\/i0.wp.com\/sindicatodosbancarios.org.br\/site2022\/wp-content\/uploads\/2020\/10\/16da4bb8-banco-do-brasil-1.jpeg?resize=350%2C200&ssl=1","width":350,"height":200},"classes":[]},{"id":5059,"url":"https:\/\/sindicatodosbancarios.org.br\/site2022\/2021\/01\/25\/informe-bancario-29-2021-apos-privatizacao-de-banco-estadual-bradesco-pode-dispensar-sem-motivacao\/","url_meta":{"origin":1388,"position":1},"title":"INFORME BANC\u00c1RIO \u2013 29\/2021 Ap\u00f3s privatiza\u00e7\u00e3o de banco estadual, Bradesco pode dispensar sem motiva\u00e7\u00e3o","date":"25 de janeiro de 2021","format":false,"excerpt":"A 4\u00aa\u00a0Turma do Tribunal Superior do Trabalho entendeu que n\u00e3o h\u00e1 nulidade na dispensa sem justa causa de uma empregada do Banco do Estado do Cear\u00e1 que permaneceu trabalhando para o Banco Bradesco S. A. ap\u00f3s a privatiza\u00e7\u00e3o. Para o colegiado, o decreto estadual que obrigava a motiva\u00e7\u00e3o do ato\u2026","rel":"","context":"Em &quot;Bradesco\/HSBC&quot;","img":{"alt_text":"","src":"https:\/\/i0.wp.com\/sindicatodosbancarios.org.br\/site2022\/wp-content\/uploads\/2020\/06\/281211bradesco07.jpg?resize=350%2C200&ssl=1","width":350,"height":200},"classes":[]},{"id":4308,"url":"https:\/\/sindicatodosbancarios.org.br\/site2022\/2020\/08\/20\/informe-bancario-305-2020-andre-brandao-e-confirmado-como-novo-presidente-do-banco-do-brasil\/","url_meta":{"origin":1388,"position":2},"title":"INFORME BANC\u00c1RIO \u2013 305\/2020 Andr\u00e9 Brand\u00e3o \u00e9 confirmado como novo presidente do Banco do Brasil","date":"20 de agosto de 2020","format":false,"excerpt":"Andr\u00e9 Brand\u00e3o foi confirmado hoje como o novo presidente do Banco do Brasil. Ele vai substituir Rubem Novaes, de 74 anos, que anunciou sua sa\u00edda do cargo no m\u00eas passado. \"O Banco do Brasil comunica que, ap\u00f3s comunica\u00e7\u00e3o formal, via Of\u00edcio do Minist\u00e9rio da Economia, desta data, iniciou-se no \u00e2mbito\u2026","rel":"","context":"Em &quot;Banco do Brasil&quot;","img":{"alt_text":"","src":"https:\/\/i0.wp.com\/sindicatodosbancarios.org.br\/site2022\/wp-content\/uploads\/2020\/08\/andre-brandao-ex-presidente-do-hsbc-no-brasil-em-foto-de-2015-1596233334570_v2_900x506.jpg?resize=350%2C200&ssl=1","width":350,"height":200},"classes":[]},{"id":5404,"url":"https:\/\/sindicatodosbancarios.org.br\/site2022\/2021\/05\/20\/informe-bancario-126-2021-reuniao-com-santander-sobre-banco-de-horas\/","url_meta":{"origin":1388,"position":3},"title":"INFORME BANC\u00c1RIO &#8211; 126\/2021 &#8211; REUNI\u00c3O COM SANTANDER SOBRE BANCO DE HORAS","date":"20 de maio de 2021","format":false,"excerpt":"S\u00e3o Bento do Sul, 14 de maio de 2021. Em reuni\u00e3o entre CONTEC com o BANCO SANTANDER (BRASIL) SA. nesta quinta (13\/05\/21), \u00e0s 16h, foi informado que a partir de maio corrente, em virtude de n\u00e3o ter sido poss\u00edvel renovar o Acordo Coletivo de Banco de Horas, ser\u00e1 aplicada pelo\u2026","rel":"","context":"Em &quot;Ita\u00fa&quot;","img":{"alt_text":"","src":"https:\/\/i0.wp.com\/sindicatodosbancarios.org.br\/site2022\/wp-content\/uploads\/2021\/02\/tim.jpg?resize=350%2C200&ssl=1","width":350,"height":200},"classes":[]},{"id":4299,"url":"https:\/\/sindicatodosbancarios.org.br\/site2022\/2020\/08\/20\/informe-bancario-302-2020-governo-oficializa-indicacao-de-andre-brandao-como-presidente-do-banco-do-brasil\/","url_meta":{"origin":1388,"position":4},"title":"INFORME BANC\u00c1RIO \u2013 302\/2020 Governo oficializa indica\u00e7\u00e3o de Andr\u00e9 Brand\u00e3o como presidente do Banco do Brasil","date":"20 de agosto de 2020","format":false,"excerpt":"O\u00a0Banco do Brasil\u00a0(BBSA3)\u00a0informou nesta sexta-feira que come\u00e7ou os procedimentos para confirmar a elei\u00e7\u00e3o de Andr\u00e9 Guilherme Brand\u00e3o para o cargo de presidente da companhia. Os tr\u00e2mites come\u00e7ar\u00e3o ap\u00f3s comunica\u00e7\u00e3o do\u00a0Minist\u00e9rio da Economia, afirmou o banco em fato relevante, indicando que o governo federal, acionista controlador, indicou o executivo para a\u2026","rel":"","context":"Em &quot;Banco do Brasil&quot;","img":{"alt_text":"","src":"https:\/\/i0.wp.com\/sindicatodosbancarios.org.br\/site2022\/wp-content\/uploads\/2020\/08\/Andr\u00e9-Guilherme-Brand\u00e3o.jpg?resize=350%2C200&ssl=1","width":350,"height":200},"classes":[]},{"id":5042,"url":"https:\/\/sindicatodosbancarios.org.br\/site2022\/2021\/01\/20\/informe-bancario-24-2021-lucro-de-2020-da-caixa-devera-ser-recorde-diz-presidente-do-banco\/","url_meta":{"origin":1388,"position":5},"title":"INFORME BANC\u00c1RIO \u2013 24\/2021 Lucro de 2020 da Caixa dever\u00e1 ser recorde, diz presidente do banco","date":"20 de janeiro de 2021","format":false,"excerpt":"O presidente da Caixa Econ\u00f4mica Federal, Pedro Guimar\u00e3es, afirmou hoje que o lucro do banco dever\u00e1 ser recorde em 2020. Em evento de 160 anos da Caixa no Pal\u00e1cio do Planalto, Guimar\u00e3es destacou a atua\u00e7\u00e3o do banco durante a pandemia da covid-19. \"Na hora mais complexa, batemos recorde de cr\u00e9dito\u2026","rel":"","context":"Em &quot;Caixa Econ\u00f4mica Federal&quot;","img":{"alt_text":"","src":"https:\/\/i0.wp.com\/sindicatodosbancarios.org.br\/site2022\/wp-content\/uploads\/2020\/12\/presidente-da-caixa-pedro-guimaraes-1546887533953_615x300.png?resize=350%2C200&ssl=1","width":350,"height":200},"classes":[]}],"_links":{"self":[{"href":"https:\/\/sindicatodosbancarios.org.br\/site2022\/wp-json\/wp\/v2\/posts\/1388"}],"collection":[{"href":"https:\/\/sindicatodosbancarios.org.br\/site2022\/wp-json\/wp\/v2\/posts"}],"about":[{"href":"https:\/\/sindicatodosbancarios.org.br\/site2022\/wp-json\/wp\/v2\/types\/post"}],"author":[{"embeddable":true,"href":"https:\/\/sindicatodosbancarios.org.br\/site2022\/wp-json\/wp\/v2\/users\/2"}],"replies":[{"embeddable":true,"href":"https:\/\/sindicatodosbancarios.org.br\/site2022\/wp-json\/wp\/v2\/comments?post=1388"}],"version-history":[{"count":1,"href":"https:\/\/sindicatodosbancarios.org.br\/site2022\/wp-json\/wp\/v2\/posts\/1388\/revisions"}],"predecessor-version":[{"id":1390,"href":"https:\/\/sindicatodosbancarios.org.br\/site2022\/wp-json\/wp\/v2\/posts\/1388\/revisions\/1390"}],"wp:featuredmedia":[{"embeddable":true,"href":"https:\/\/sindicatodosbancarios.org.br\/site2022\/wp-json\/wp\/v2\/media\/1389"}],"wp:attachment":[{"href":"https:\/\/sindicatodosbancarios.org.br\/site2022\/wp-json\/wp\/v2\/media?parent=1388"}],"wp:term":[{"taxonomy":"category","embeddable":true,"href":"https:\/\/sindicatodosbancarios.org.br\/site2022\/wp-json\/wp\/v2\/categories?post=1388"},{"taxonomy":"post_tag","embeddable":true,"href":"https:\/\/sindicatodosbancarios.org.br\/site2022\/wp-json\/wp\/v2\/tags?post=1388"}],"curies":[{"name":"wp","href":"https:\/\/api.w.org\/{rel}","templated":true}]}}