{"id":1403,"date":"2017-01-31T13:59:52","date_gmt":"2017-01-31T15:59:52","guid":{"rendered":"http:\/\/sindicatodosbancarios.org.br\/?p=1403"},"modified":"2017-08-22T14:00:20","modified_gmt":"2017-08-22T17:00:20","slug":"informe-0142017-vale-cultura-contec-reforca-pedido-ao-ministro-da-fazenda","status":"publish","type":"post","link":"https:\/\/sindicatodosbancarios.org.br\/site2022\/2017\/01\/31\/informe-0142017-vale-cultura-contec-reforca-pedido-ao-ministro-da-fazenda\/","title":{"rendered":"INFORME 014\/2017 &#8211; VALE CULTURA: CONTEC REFOR\u00c7A PEDIDO AO MINISTRO DA FAZENDA"},"content":{"rendered":"<p>A CONTEC protocolou novo of\u00edcio no Minist\u00e9rio da Fazenda, solicitando ao ministro Henrique Meirelles, celeridade no processo de autoriza\u00e7\u00e3o dos recursos para o vale-cultura do trabalhador.<\/p>\n<p>O presidente da CONTEC, Louren\u00e7o Prado, ratificou a import\u00e2ncia do incentivo na vida do trabalhador. \u201cO vale-cultura possibilitou a milhares de brasileiros o acesso a produ\u00e7\u00e3o art\u00edstica, liter\u00e1ria e cultural. Por isto, estamos lutando tanto para que essa conquista da classe trabalhadora seja mantida\u201d, avalia.<\/p>\n<p>O vale-cultura foi criado pela Lei n\u00ba12.761, de 27 de dezembro de 2012. Ele consiste no aux\u00edlio de R$ 50 (cinquenta reais) mensais para que o trabalhador brasileiro possa investir no acesso a produtos e servi\u00e7os culturais. Infelizmente, a vig\u00eancia deste projeto se encerrou em 31 de dezembro de 2016.<\/p>\n<p>No entanto, o Ministro da Cultura, deputado Roberto Freire, entendendo a import\u00e2ncia dos resultados do Vale-Cultura, garantiu no Or\u00e7amento Geral da Uni\u00e3o 2017 recursos para a continuidade dessa iniciativa. Mas ainda \u00e9 necess\u00e1ria a chancela do Minist\u00e9rio da Fazenda para que haja a prorroga\u00e7\u00e3o do prazo da lei.<\/p>\n<p><span style=\"font-size: 8pt;\"><em>Fonte: <\/em><em>CONTEC<\/em>.<\/span><\/p>\n","protected":false},"excerpt":{"rendered":"<p>A CONTEC protocolou novo of\u00edcio no Minist\u00e9rio da Fazenda, solicitando ao ministro Henrique Meirelles, celeridade no processo de [&hellip;]<\/p>\n","protected":false},"author":2,"featured_media":1404,"comment_status":"open","ping_status":"open","sticky":false,"template":"","format":"standard","meta":{"jetpack_post_was_ever_published":false,"jetpack_publicize_message":"","jetpack_is_tweetstorm":false,"jetpack_publicize_feature_enabled":true,"jetpack_social_post_already_shared":true,"jetpack_social_options":[]},"categories":[1],"tags":[],"jetpack_publicize_connections":[],"acf":[],"yoast_head":"<!-- This site is optimized with the Yoast SEO plugin v19.14 - https:\/\/yoast.com\/wordpress\/plugins\/seo\/ -->\n<title>INFORME 014\/2017 - VALE CULTURA: CONTEC REFOR\u00c7A PEDIDO AO MINISTRO DA FAZENDA - Sindicato dos Banc\u00e1rios de S\u00e3o Bento do Sul e Regi\u00e3o<\/title>\n<meta name=\"robots\" content=\"index, follow, max-snippet:-1, max-image-preview:large, max-video-preview:-1\" \/>\n<link rel=\"canonical\" href=\"https:\/\/sindicatodosbancarios.org.br\/site2022\/2017\/01\/31\/informe-0142017-vale-cultura-contec-reforca-pedido-ao-ministro-da-fazenda\/\" \/>\n<meta property=\"og:locale\" content=\"pt_BR\" \/>\n<meta property=\"og:type\" content=\"article\" \/>\n<meta property=\"og:title\" content=\"INFORME 014\/2017 - VALE CULTURA: CONTEC REFOR\u00c7A PEDIDO AO MINISTRO DA FAZENDA - Sindicato dos Banc\u00e1rios de S\u00e3o Bento do Sul e Regi\u00e3o\" \/>\n<meta property=\"og:description\" content=\"A CONTEC protocolou novo of\u00edcio no Minist\u00e9rio da Fazenda, solicitando ao ministro Henrique Meirelles, celeridade no processo de [&hellip;]\" \/>\n<meta property=\"og:url\" content=\"https:\/\/sindicatodosbancarios.org.br\/site2022\/2017\/01\/31\/informe-0142017-vale-cultura-contec-reforca-pedido-ao-ministro-da-fazenda\/\" \/>\n<meta property=\"og:site_name\" content=\"Sindicato dos Banc\u00e1rios de S\u00e3o Bento do Sul e Regi\u00e3o\" \/>\n<meta property=\"article:author\" content=\"https:\/\/www.facebook.com\/seeb.sbs.9\" \/>\n<meta property=\"article:published_time\" content=\"2017-01-31T15:59:52+00:00\" \/>\n<meta property=\"article:modified_time\" content=\"2017-08-22T17:00:20+00:00\" \/>\n<meta property=\"og:image\" content=\"https:\/\/sindicatodosbancarios.org.br\/site2022\/wp-content\/uploads\/2017\/08\/14.jpg\" \/>\n\t<meta property=\"og:image:width\" content=\"1438\" \/>\n\t<meta property=\"og:image:height\" content=\"808\" \/>\n\t<meta property=\"og:image:type\" content=\"image\/jpeg\" \/>\n<meta name=\"author\" content=\"Sindicato dos Banc\u00e1rios S\u00e3o Bento do Sul e Regi\u00e3o\" \/>\n<meta name=\"twitter:card\" content=\"summary_large_image\" \/>\n<meta name=\"twitter:label1\" content=\"Escrito por\" \/>\n\t<meta name=\"twitter:data1\" content=\"Sindicato dos Banc\u00e1rios S\u00e3o Bento do Sul e Regi\u00e3o\" \/>\n\t<meta name=\"twitter:label2\" content=\"Est. tempo de leitura\" \/>\n\t<meta name=\"twitter:data2\" content=\"1 minuto\" \/>\n<script type=\"application\/ld+json\" class=\"yoast-schema-graph\">{\"@context\":\"https:\/\/schema.org\",\"@graph\":[{\"@type\":\"Article\",\"@id\":\"https:\/\/sindicatodosbancarios.org.br\/site2022\/2017\/01\/31\/informe-0142017-vale-cultura-contec-reforca-pedido-ao-ministro-da-fazenda\/#article\",\"isPartOf\":{\"@id\":\"https:\/\/sindicatodosbancarios.org.br\/site2022\/2017\/01\/31\/informe-0142017-vale-cultura-contec-reforca-pedido-ao-ministro-da-fazenda\/\"},\"author\":{\"name\":\"Sindicato dos Banc\u00e1rios S\u00e3o Bento do Sul e Regi\u00e3o\",\"@id\":\"https:\/\/sindicatodosbancarios.org.br\/site2022\/#\/schema\/person\/a7d92da77d1084df4d28b57962f1e1bd\"},\"headline\":\"INFORME 014\/2017 &#8211; VALE CULTURA: CONTEC REFOR\u00c7A PEDIDO AO MINISTRO DA FAZENDA\",\"datePublished\":\"2017-01-31T15:59:52+00:00\",\"dateModified\":\"2017-08-22T17:00:20+00:00\",\"mainEntityOfPage\":{\"@id\":\"https:\/\/sindicatodosbancarios.org.br\/site2022\/2017\/01\/31\/informe-0142017-vale-cultura-contec-reforca-pedido-ao-ministro-da-fazenda\/\"},\"wordCount\":193,\"commentCount\":0,\"publisher\":{\"@id\":\"https:\/\/sindicatodosbancarios.org.br\/site2022\/#organization\"},\"articleSection\":[\"Geral\"],\"inLanguage\":\"pt-BR\",\"potentialAction\":[{\"@type\":\"CommentAction\",\"name\":\"Comment\",\"target\":[\"https:\/\/sindicatodosbancarios.org.br\/site2022\/2017\/01\/31\/informe-0142017-vale-cultura-contec-reforca-pedido-ao-ministro-da-fazenda\/#respond\"]}]},{\"@type\":\"WebPage\",\"@id\":\"https:\/\/sindicatodosbancarios.org.br\/site2022\/2017\/01\/31\/informe-0142017-vale-cultura-contec-reforca-pedido-ao-ministro-da-fazenda\/\",\"url\":\"https:\/\/sindicatodosbancarios.org.br\/site2022\/2017\/01\/31\/informe-0142017-vale-cultura-contec-reforca-pedido-ao-ministro-da-fazenda\/\",\"name\":\"INFORME 014\/2017 - VALE CULTURA: CONTEC REFOR\u00c7A PEDIDO AO MINISTRO DA FAZENDA - Sindicato dos Banc\u00e1rios de S\u00e3o Bento do Sul e Regi\u00e3o\",\"isPartOf\":{\"@id\":\"https:\/\/sindicatodosbancarios.org.br\/site2022\/#website\"},\"datePublished\":\"2017-01-31T15:59:52+00:00\",\"dateModified\":\"2017-08-22T17:00:20+00:00\",\"breadcrumb\":{\"@id\":\"https:\/\/sindicatodosbancarios.org.br\/site2022\/2017\/01\/31\/informe-0142017-vale-cultura-contec-reforca-pedido-ao-ministro-da-fazenda\/#breadcrumb\"},\"inLanguage\":\"pt-BR\",\"potentialAction\":[{\"@type\":\"ReadAction\",\"target\":[\"https:\/\/sindicatodosbancarios.org.br\/site2022\/2017\/01\/31\/informe-0142017-vale-cultura-contec-reforca-pedido-ao-ministro-da-fazenda\/\"]}]},{\"@type\":\"BreadcrumbList\",\"@id\":\"https:\/\/sindicatodosbancarios.org.br\/site2022\/2017\/01\/31\/informe-0142017-vale-cultura-contec-reforca-pedido-ao-ministro-da-fazenda\/#breadcrumb\",\"itemListElement\":[{\"@type\":\"ListItem\",\"position\":1,\"name\":\"In\u00edcio\",\"item\":\"https:\/\/sindicatodosbancarios.org.br\/site2022\/\"},{\"@type\":\"ListItem\",\"position\":2,\"name\":\"INFORME 014\/2017 &#8211; VALE CULTURA: CONTEC REFOR\u00c7A PEDIDO AO MINISTRO DA FAZENDA\"}]},{\"@type\":\"WebSite\",\"@id\":\"https:\/\/sindicatodosbancarios.org.br\/site2022\/#website\",\"url\":\"https:\/\/sindicatodosbancarios.org.br\/site2022\/\",\"name\":\"Sindicato dos Banc\u00e1rios de S\u00e3o Bento do Sul e Regi\u00e3o\",\"description\":\"Website institucional do Sindicato dos Banc\u00e1rios de S\u00e3o Bento do Sul e Regi\u00e3o\",\"publisher\":{\"@id\":\"https:\/\/sindicatodosbancarios.org.br\/site2022\/#organization\"},\"potentialAction\":[{\"@type\":\"SearchAction\",\"target\":{\"@type\":\"EntryPoint\",\"urlTemplate\":\"https:\/\/sindicatodosbancarios.org.br\/site2022\/?s={search_term_string}\"},\"query-input\":\"required name=search_term_string\"}],\"inLanguage\":\"pt-BR\"},{\"@type\":\"Organization\",\"@id\":\"https:\/\/sindicatodosbancarios.org.br\/site2022\/#organization\",\"name\":\"Sindicato dos Banc\u00e1rios de S\u00e3o Bento do Sul e Regi\u00e3o\",\"url\":\"https:\/\/sindicatodosbancarios.org.br\/site2022\/\",\"logo\":{\"@type\":\"ImageObject\",\"inLanguage\":\"pt-BR\",\"@id\":\"https:\/\/sindicatodosbancarios.org.br\/site2022\/#\/schema\/logo\/image\/\",\"url\":\"https:\/\/sindicatodosbancarios.org.br\/site2022\/wp-content\/uploads\/2017\/06\/cropped-logo-2.png\",\"contentUrl\":\"https:\/\/sindicatodosbancarios.org.br\/site2022\/wp-content\/uploads\/2017\/06\/cropped-logo-2.png\",\"width\":292,\"height\":292,\"caption\":\"Sindicato dos Banc\u00e1rios de S\u00e3o Bento do Sul e Regi\u00e3o\"},\"image\":{\"@id\":\"https:\/\/sindicatodosbancarios.org.br\/site2022\/#\/schema\/logo\/image\/\"}},{\"@type\":\"Person\",\"@id\":\"https:\/\/sindicatodosbancarios.org.br\/site2022\/#\/schema\/person\/a7d92da77d1084df4d28b57962f1e1bd\",\"name\":\"Sindicato dos Banc\u00e1rios S\u00e3o Bento do Sul e Regi\u00e3o\",\"image\":{\"@type\":\"ImageObject\",\"inLanguage\":\"pt-BR\",\"@id\":\"https:\/\/sindicatodosbancarios.org.br\/site2022\/#\/schema\/person\/image\/\",\"url\":\"https:\/\/secure.gravatar.com\/avatar\/f1d1a06f698f2345352e539387180d42?s=96&d=mm&r=g\",\"contentUrl\":\"https:\/\/secure.gravatar.com\/avatar\/f1d1a06f698f2345352e539387180d42?s=96&d=mm&r=g\",\"caption\":\"Sindicato dos Banc\u00e1rios S\u00e3o Bento do Sul e Regi\u00e3o\"},\"sameAs\":[\"http:\/\/sindicatodosbancarios.org.br\/site2022\/\",\"https:\/\/www.facebook.com\/seeb.sbs.9\"],\"url\":\"https:\/\/sindicatodosbancarios.org.br\/site2022\/author\/sindicatodosbancarios\/\"}]}<\/script>\n<!-- \/ Yoast SEO plugin. -->","yoast_head_json":{"title":"INFORME 014\/2017 - VALE CULTURA: CONTEC REFOR\u00c7A PEDIDO AO MINISTRO DA FAZENDA - Sindicato dos Banc\u00e1rios de S\u00e3o Bento do Sul e Regi\u00e3o","robots":{"index":"index","follow":"follow","max-snippet":"max-snippet:-1","max-image-preview":"max-image-preview:large","max-video-preview":"max-video-preview:-1"},"canonical":"https:\/\/sindicatodosbancarios.org.br\/site2022\/2017\/01\/31\/informe-0142017-vale-cultura-contec-reforca-pedido-ao-ministro-da-fazenda\/","og_locale":"pt_BR","og_type":"article","og_title":"INFORME 014\/2017 - VALE CULTURA: CONTEC REFOR\u00c7A PEDIDO AO MINISTRO DA FAZENDA - Sindicato dos Banc\u00e1rios de S\u00e3o Bento do Sul e Regi\u00e3o","og_description":"A CONTEC protocolou novo of\u00edcio no Minist\u00e9rio da Fazenda, solicitando ao ministro Henrique Meirelles, celeridade no processo de [&hellip;]","og_url":"https:\/\/sindicatodosbancarios.org.br\/site2022\/2017\/01\/31\/informe-0142017-vale-cultura-contec-reforca-pedido-ao-ministro-da-fazenda\/","og_site_name":"Sindicato dos Banc\u00e1rios de S\u00e3o Bento do Sul e Regi\u00e3o","article_author":"https:\/\/www.facebook.com\/seeb.sbs.9","article_published_time":"2017-01-31T15:59:52+00:00","article_modified_time":"2017-08-22T17:00:20+00:00","og_image":[{"width":1438,"height":808,"url":"https:\/\/sindicatodosbancarios.org.br\/site2022\/wp-content\/uploads\/2017\/08\/14.jpg","type":"image\/jpeg"}],"author":"Sindicato dos Banc\u00e1rios S\u00e3o Bento do Sul e Regi\u00e3o","twitter_card":"summary_large_image","twitter_misc":{"Escrito por":"Sindicato dos Banc\u00e1rios S\u00e3o Bento do Sul e Regi\u00e3o","Est. tempo de leitura":"1 minuto"},"schema":{"@context":"https:\/\/schema.org","@graph":[{"@type":"Article","@id":"https:\/\/sindicatodosbancarios.org.br\/site2022\/2017\/01\/31\/informe-0142017-vale-cultura-contec-reforca-pedido-ao-ministro-da-fazenda\/#article","isPartOf":{"@id":"https:\/\/sindicatodosbancarios.org.br\/site2022\/2017\/01\/31\/informe-0142017-vale-cultura-contec-reforca-pedido-ao-ministro-da-fazenda\/"},"author":{"name":"Sindicato dos Banc\u00e1rios S\u00e3o Bento do Sul e Regi\u00e3o","@id":"https:\/\/sindicatodosbancarios.org.br\/site2022\/#\/schema\/person\/a7d92da77d1084df4d28b57962f1e1bd"},"headline":"INFORME 014\/2017 &#8211; VALE CULTURA: CONTEC REFOR\u00c7A PEDIDO AO MINISTRO DA FAZENDA","datePublished":"2017-01-31T15:59:52+00:00","dateModified":"2017-08-22T17:00:20+00:00","mainEntityOfPage":{"@id":"https:\/\/sindicatodosbancarios.org.br\/site2022\/2017\/01\/31\/informe-0142017-vale-cultura-contec-reforca-pedido-ao-ministro-da-fazenda\/"},"wordCount":193,"commentCount":0,"publisher":{"@id":"https:\/\/sindicatodosbancarios.org.br\/site2022\/#organization"},"articleSection":["Geral"],"inLanguage":"pt-BR","potentialAction":[{"@type":"CommentAction","name":"Comment","target":["https:\/\/sindicatodosbancarios.org.br\/site2022\/2017\/01\/31\/informe-0142017-vale-cultura-contec-reforca-pedido-ao-ministro-da-fazenda\/#respond"]}]},{"@type":"WebPage","@id":"https:\/\/sindicatodosbancarios.org.br\/site2022\/2017\/01\/31\/informe-0142017-vale-cultura-contec-reforca-pedido-ao-ministro-da-fazenda\/","url":"https:\/\/sindicatodosbancarios.org.br\/site2022\/2017\/01\/31\/informe-0142017-vale-cultura-contec-reforca-pedido-ao-ministro-da-fazenda\/","name":"INFORME 014\/2017 - VALE CULTURA: CONTEC REFOR\u00c7A PEDIDO AO MINISTRO DA FAZENDA - Sindicato dos Banc\u00e1rios de S\u00e3o Bento do Sul e Regi\u00e3o","isPartOf":{"@id":"https:\/\/sindicatodosbancarios.org.br\/site2022\/#website"},"datePublished":"2017-01-31T15:59:52+00:00","dateModified":"2017-08-22T17:00:20+00:00","breadcrumb":{"@id":"https:\/\/sindicatodosbancarios.org.br\/site2022\/2017\/01\/31\/informe-0142017-vale-cultura-contec-reforca-pedido-ao-ministro-da-fazenda\/#breadcrumb"},"inLanguage":"pt-BR","potentialAction":[{"@type":"ReadAction","target":["https:\/\/sindicatodosbancarios.org.br\/site2022\/2017\/01\/31\/informe-0142017-vale-cultura-contec-reforca-pedido-ao-ministro-da-fazenda\/"]}]},{"@type":"BreadcrumbList","@id":"https:\/\/sindicatodosbancarios.org.br\/site2022\/2017\/01\/31\/informe-0142017-vale-cultura-contec-reforca-pedido-ao-ministro-da-fazenda\/#breadcrumb","itemListElement":[{"@type":"ListItem","position":1,"name":"In\u00edcio","item":"https:\/\/sindicatodosbancarios.org.br\/site2022\/"},{"@type":"ListItem","position":2,"name":"INFORME 014\/2017 &#8211; VALE CULTURA: CONTEC REFOR\u00c7A PEDIDO AO MINISTRO DA FAZENDA"}]},{"@type":"WebSite","@id":"https:\/\/sindicatodosbancarios.org.br\/site2022\/#website","url":"https:\/\/sindicatodosbancarios.org.br\/site2022\/","name":"Sindicato dos Banc\u00e1rios de S\u00e3o Bento do Sul e Regi\u00e3o","description":"Website institucional do Sindicato dos Banc\u00e1rios de S\u00e3o Bento do Sul e Regi\u00e3o","publisher":{"@id":"https:\/\/sindicatodosbancarios.org.br\/site2022\/#organization"},"potentialAction":[{"@type":"SearchAction","target":{"@type":"EntryPoint","urlTemplate":"https:\/\/sindicatodosbancarios.org.br\/site2022\/?s={search_term_string}"},"query-input":"required name=search_term_string"}],"inLanguage":"pt-BR"},{"@type":"Organization","@id":"https:\/\/sindicatodosbancarios.org.br\/site2022\/#organization","name":"Sindicato dos Banc\u00e1rios de S\u00e3o Bento do Sul e Regi\u00e3o","url":"https:\/\/sindicatodosbancarios.org.br\/site2022\/","logo":{"@type":"ImageObject","inLanguage":"pt-BR","@id":"https:\/\/sindicatodosbancarios.org.br\/site2022\/#\/schema\/logo\/image\/","url":"https:\/\/sindicatodosbancarios.org.br\/site2022\/wp-content\/uploads\/2017\/06\/cropped-logo-2.png","contentUrl":"https:\/\/sindicatodosbancarios.org.br\/site2022\/wp-content\/uploads\/2017\/06\/cropped-logo-2.png","width":292,"height":292,"caption":"Sindicato dos Banc\u00e1rios de S\u00e3o Bento do Sul e Regi\u00e3o"},"image":{"@id":"https:\/\/sindicatodosbancarios.org.br\/site2022\/#\/schema\/logo\/image\/"}},{"@type":"Person","@id":"https:\/\/sindicatodosbancarios.org.br\/site2022\/#\/schema\/person\/a7d92da77d1084df4d28b57962f1e1bd","name":"Sindicato dos Banc\u00e1rios S\u00e3o Bento do Sul e Regi\u00e3o","image":{"@type":"ImageObject","inLanguage":"pt-BR","@id":"https:\/\/sindicatodosbancarios.org.br\/site2022\/#\/schema\/person\/image\/","url":"https:\/\/secure.gravatar.com\/avatar\/f1d1a06f698f2345352e539387180d42?s=96&d=mm&r=g","contentUrl":"https:\/\/secure.gravatar.com\/avatar\/f1d1a06f698f2345352e539387180d42?s=96&d=mm&r=g","caption":"Sindicato dos Banc\u00e1rios S\u00e3o Bento do Sul e Regi\u00e3o"},"sameAs":["http:\/\/sindicatodosbancarios.org.br\/site2022\/","https:\/\/www.facebook.com\/seeb.sbs.9"],"url":"https:\/\/sindicatodosbancarios.org.br\/site2022\/author\/sindicatodosbancarios\/"}]}},"jetpack_featured_media_url":"https:\/\/sindicatodosbancarios.org.br\/site2022\/wp-content\/uploads\/2017\/08\/14.jpg","jetpack_sharing_enabled":true,"jetpack_shortlink":"https:\/\/wp.me\/p8RSbI-mD","jetpack-related-posts":[{"id":5812,"url":"https:\/\/sindicatodosbancarios.org.br\/site2022\/2021\/11\/16\/informe-bancario-246-2021-o-vale-alimentacao-vai-mudar-entenda-o-que-acontece-com-novo-decreto\/","url_meta":{"origin":1403,"position":0},"title":"INFORME BANC\u00c1RIO \u2013 246\/2021 O vale-alimenta\u00e7\u00e3o vai mudar? Entenda o que acontece com novo decreto","date":"16 de novembro de 2021","format":false,"excerpt":"Entre simplifica\u00e7\u00f5es de normas trabalhistas, o decreto n\u00ba 10.854 trouxe novas regras para a oferta de benef\u00edcios de alimenta\u00e7\u00e3o Nesta semana, o governo federal\u00a0publicou o decreto n\u00ba 10.854,\u00a0documento que simplifica diversas normas trabalhistas e as re\u00fane em 15 pontos. A maior novidade fica no cap\u00edtulo sobre a alimenta\u00e7\u00e3o do trabalhador,\u2026","rel":"","context":"Em &quot;Geral&quot;","img":{"alt_text":"","src":"https:\/\/i0.wp.com\/sindicatodosbancarios.org.br\/site2022\/wp-content\/uploads\/2021\/11\/refeicao-alimentacao.jpg?resize=350%2C200&ssl=1","width":350,"height":200},"classes":[]},{"id":5540,"url":"https:\/\/sindicatodosbancarios.org.br\/site2022\/2021\/07\/15\/informe-bancario-169-2021-reforma-tributaria-ameaca-trabalhador-de-perder-vale-refeicao-e-alimentacao\/","url_meta":{"origin":1403,"position":1},"title":"INFORME BANC\u00c1RIO \u2013 169\/2021 Reforma tribut\u00e1ria amea\u00e7a trabalhador de perder vale-refei\u00e7\u00e3o e alimenta\u00e7\u00e3o","date":"15 de julho de 2021","format":false,"excerpt":"Mudan\u00e7as propostas na reforma tribut\u00e1ria podem fazer os trabalhadores perderem o vale-refei\u00e7\u00e3o e o vale-alimenta\u00e7\u00e3o que recebem das empresas. Hoje, as companhias que oferecem esse benef\u00edcio aos empregados t\u00eam direito de abater essa despesa do IR (Imposto de Renda) no regime de lucro real. Por sugest\u00e3o do governo, o relator\u2026","rel":"","context":"Em &quot;Banco do Brasil&quot;","img":{"alt_text":"","src":"https:\/\/i0.wp.com\/sindicatodosbancarios.org.br\/site2022\/wp-content\/uploads\/2021\/07\/1ts4so3g4quhu.jpg?resize=350%2C200&ssl=1","width":350,"height":200},"classes":[]},{"id":5571,"url":"https:\/\/sindicatodosbancarios.org.br\/site2022\/2021\/07\/29\/informe-bancario-179-2021-pressionado-sabino-recua-e-mantem-incentivos-ao-vale-alimentacao-na-reforma\/","url_meta":{"origin":1403,"position":2},"title":"INFORME BANC\u00c1RIO \u2013 179\/2021 Pressionado, Sabino recua e mant\u00e9m incentivos ao vale-alimenta\u00e7\u00e3o na reforma","date":"29 de julho de 2021","format":false,"excerpt":"Proposta da reforma tribut\u00e1ria retirava os incentivos fiscais das empresas que participam do Programa de Alimenta\u00e7\u00e3o do Trabalhador (PAT) \u2013 algo que foi visto com temor por associa\u00e7\u00f5es e sindicatos. Ap\u00f3s sofrer press\u00e3o de entidades trabalhistas e de deputados da oposi\u00e7\u00e3o, o\u00a0deputado Celso Sabino (PSDB-PA)\u00a0e o Minist\u00e9rio da Economia recuaram\u2026","rel":"","context":"Em &quot;Geral&quot;","img":{"alt_text":"","src":"https:\/\/i0.wp.com\/sindicatodosbancarios.org.br\/site2022\/wp-content\/uploads\/2021\/07\/1_celso_sabino-6759637.jpg?resize=350%2C200&ssl=1","width":350,"height":200},"classes":[]},{"id":4462,"url":"https:\/\/sindicatodosbancarios.org.br\/site2022\/2020\/09\/10\/informe-bancario-336-2020-inss-trabalhador-demitido-tem-direito-a-beneficio-por-ate-tres-anos\/","url_meta":{"origin":1403,"position":3},"title":"INFORME BANC\u00c1RIO \u2013 336\/2020 INSS: Trabalhador demitido tem direito a benef\u00edcio por at\u00e9 tr\u00eas anos","date":"10 de setembro de 2020","format":false,"excerpt":"Acesso ao alongamento na qualidade de segurado depende da quantidade de contribui\u00e7\u00f5es realizadas antes da demiss\u00e3o. A\u00a0pandemia\u00a0de Covid-19 agravou ainda mais o setor das contrata\u00e7\u00f5es este ano. Para ter uma ideia do impacto, atualmente, h\u00e1 quase 13 milh\u00f5es de brasileiros desempregados. Com a retomada t\u00edmida das atividades econ\u00f4micas, a conta\u2026","rel":"","context":"Em &quot;Geral&quot;","img":{"alt_text":"","src":"https:\/\/i0.wp.com\/sindicatodosbancarios.org.br\/site2022\/wp-content\/uploads\/2020\/06\/caged.jpg?resize=350%2C200&ssl=1","width":350,"height":200},"classes":[]},{"id":5420,"url":"https:\/\/sindicatodosbancarios.org.br\/site2022\/2021\/06\/01\/informe-bancario-131-2021-fgts-inss-ferias-e-13o-o-que-muda-com-a-reducao-de-jornada-e-suspensao-dos-contratos-de-trabalho\/","url_meta":{"origin":1403,"position":4},"title":"INFORME BANC\u00c1RIO \u2013 131\/2021 FGTS, INSS, f\u00e9rias e 13\u00ba: o que muda com a redu\u00e7\u00e3o de jornada e suspens\u00e3o dos contratos de trabalho","date":"1 de junho de 2021","format":false,"excerpt":"Recolhimento do FGTS, por exemplo, passa a ser calculado sobre o sal\u00e1rio reduzido em casos de diminui\u00e7\u00e3o de jornada. O governo relan\u00e7ou, no final de abril, duas Medidas Provis\u00f3rias (MPs) que permitem a\u00a0redu\u00e7\u00e3o da jornada e a suspens\u00e3o dos contratos de trabalho\u00a0e trazem medidas que\u00a0flexibilizam regras trabalhistas referentes a direitos\u2026","rel":"","context":"Em &quot;Geral&quot;","img":{"alt_text":"","src":"https:\/\/i0.wp.com\/sindicatodosbancarios.org.br\/site2022\/wp-content\/uploads\/2020\/11\/Justificando-Ventura-Pedroza-Carteira-de-trabalho-coronavirus.png?resize=350%2C200&ssl=1","width":350,"height":200},"classes":[]},{"id":6250,"url":"https:\/\/sindicatodosbancarios.org.br\/site2022\/2022\/04\/06\/informe-bancario-35-2022-governo-publica-novas-regras-para-vale-alimentacao-e-vale-refeicao-veja\/","url_meta":{"origin":1403,"position":5},"title":"INFORME BANC\u00c1RIO \u2013 35\/2022 Governo publica novas regras para vale-alimenta\u00e7\u00e3o e vale-refei\u00e7\u00e3o; veja","date":"6 de abril de 2022","format":false,"excerpt":"O governo publicou na edi\u00e7\u00e3o desta segunda-feira (28) do Di\u00e1rio Oficial da Uni\u00e3o as novas regras para o vale-alimenta\u00e7\u00e3o e vale-refei\u00e7\u00e3o dos trabalhadores. A partir de agora, o benef\u00edcio poder\u00e1 ser usado apenas para a compra de refei\u00e7\u00f5es e alimentos \u2014o governo alega que antes ele era destinado a servi\u00e7os\u2026","rel":"","context":"Em &quot;Geral&quot;","img":{"alt_text":"","src":"https:\/\/i0.wp.com\/sindicatodosbancarios.org.br\/site2022\/wp-content\/uploads\/2022\/04\/original-1cf99c36e61cf20e4ec25821fc1eeb70.jpg?resize=350%2C200&ssl=1","width":350,"height":200},"classes":[]}],"_links":{"self":[{"href":"https:\/\/sindicatodosbancarios.org.br\/site2022\/wp-json\/wp\/v2\/posts\/1403"}],"collection":[{"href":"https:\/\/sindicatodosbancarios.org.br\/site2022\/wp-json\/wp\/v2\/posts"}],"about":[{"href":"https:\/\/sindicatodosbancarios.org.br\/site2022\/wp-json\/wp\/v2\/types\/post"}],"author":[{"embeddable":true,"href":"https:\/\/sindicatodosbancarios.org.br\/site2022\/wp-json\/wp\/v2\/users\/2"}],"replies":[{"embeddable":true,"href":"https:\/\/sindicatodosbancarios.org.br\/site2022\/wp-json\/wp\/v2\/comments?post=1403"}],"version-history":[{"count":1,"href":"https:\/\/sindicatodosbancarios.org.br\/site2022\/wp-json\/wp\/v2\/posts\/1403\/revisions"}],"predecessor-version":[{"id":1405,"href":"https:\/\/sindicatodosbancarios.org.br\/site2022\/wp-json\/wp\/v2\/posts\/1403\/revisions\/1405"}],"wp:featuredmedia":[{"embeddable":true,"href":"https:\/\/sindicatodosbancarios.org.br\/site2022\/wp-json\/wp\/v2\/media\/1404"}],"wp:attachment":[{"href":"https:\/\/sindicatodosbancarios.org.br\/site2022\/wp-json\/wp\/v2\/media?parent=1403"}],"wp:term":[{"taxonomy":"category","embeddable":true,"href":"https:\/\/sindicatodosbancarios.org.br\/site2022\/wp-json\/wp\/v2\/categories?post=1403"},{"taxonomy":"post_tag","embeddable":true,"href":"https:\/\/sindicatodosbancarios.org.br\/site2022\/wp-json\/wp\/v2\/tags?post=1403"}],"curies":[{"name":"wp","href":"https:\/\/api.w.org\/{rel}","templated":true}]}}