{"id":1406,"date":"2017-01-31T14:02:17","date_gmt":"2017-01-31T16:02:17","guid":{"rendered":"http:\/\/sindicatodosbancarios.org.br\/?p=1406"},"modified":"2017-08-22T14:02:56","modified_gmt":"2017-08-22T17:02:56","slug":"informe-0152017-apos-cobranca-dos-bancarios-licencapaternidade-de-20-dias-esta-valendo","status":"publish","type":"post","link":"https:\/\/sindicatodosbancarios.org.br\/site2022\/2017\/01\/31\/informe-0152017-apos-cobranca-dos-bancarios-licencapaternidade-de-20-dias-esta-valendo\/","title":{"rendered":"INFORME 015\/2017 &#8211; AP\u00d3S COBRAN\u00c7A DOS BANC\u00c1RIOS, LICEN\u00c7APATERNIDADE DE 20 DIAS EST\u00c1 VALENDO"},"content":{"rendered":"<p>Conquista da Campanha Nacional 2016, a licen\u00e7a-paternidade de 20 dias est\u00e1 prevista na cl\u00e1usula 26 da Conven\u00e7\u00e3o Coletiva de Trabalho (CCT) da categoria banc\u00e1ria. Mesmo atrelada \u00e0 renova\u00e7\u00e3o do Programa Empresa Cidad\u00e3, pelo governo federal, os sindicatos de banc\u00e1rios de todo o pa\u00eds vinham recebendo den\u00fancias de que os bancos n\u00e3o estavam respeitando esse direito. Ap\u00f3s press\u00e3o do Comando Nacional dos Banc\u00e1rios, para que os bancos resolvessem o problema, a Federa\u00e7\u00e3o Nacional dos Bancos (Fenaban) comunicou oficialmente \u00e0 Contraf-CUT, nesta sexta-feira (27), que a licen\u00e7a est\u00e1 em vigor e que a institui\u00e7\u00f5es financeiras est\u00e3o sendo comunicadas sobre o assunto.<\/p>\n<p>\u201c\u00c9 uma conquista muito importante para os pais e para as m\u00e3es. \u00c9 uma reivindica\u00e7\u00e3o antiga do nosso movimento sindical, para que os banc\u00e1rios possam ficam mais tempo com seu filho, logo ap\u00f3s o nascimento. Assim que detectamos falhas no cumprimento do que est\u00e1 previsto na nossa CCT, cobramos dos bancos para que resolvessem o problema. Agora est\u00e1 em vigor, de fato.\u201d, informa Roberto von der Osten, presidente da Contraf-CUT e um dos coordenadores do Comando Nacional dos Banc\u00e1rios.<\/p>\n<p>A licen\u00e7a-paternidade passou de cinco para vinte dias. Mas, para ter direito ao per\u00edodo ampliado, a empresa precisa estar vinculada ao Programa Empresa Cidad\u00e3, do governo federal. O item 13 da p\u00e1gina 91 da Lei Or\u00e7ament\u00e1ria do pa\u00eds para 2017 prev\u00ea \u201cdedu\u00e7\u00e3o do imposto devido do total da remunera\u00e7\u00e3o integral paga a empregados\u201d, durante a licen\u00e7a.<\/p>\n<p><span style=\"font-size: 8pt;\"><em>Fonte: Contraf-CUT.<\/em><\/span><\/p>\n","protected":false},"excerpt":{"rendered":"<p>Conquista da Campanha Nacional 2016, a licen\u00e7a-paternidade de 20 dias est\u00e1 prevista na cl\u00e1usula 26 da Conven\u00e7\u00e3o Coletiva [&hellip;]<\/p>\n","protected":false},"author":2,"featured_media":1407,"comment_status":"open","ping_status":"open","sticky":false,"template":"","format":"standard","meta":{"jetpack_post_was_ever_published":false,"jetpack_publicize_message":"","jetpack_is_tweetstorm":false,"jetpack_publicize_feature_enabled":true,"jetpack_social_post_already_shared":true,"jetpack_social_options":[]},"categories":[1],"tags":[],"jetpack_publicize_connections":[],"acf":[],"yoast_head":"<!-- This site is optimized with the Yoast SEO plugin v19.14 - https:\/\/yoast.com\/wordpress\/plugins\/seo\/ -->\n<title>INFORME 015\/2017 - AP\u00d3S COBRAN\u00c7A DOS BANC\u00c1RIOS, LICEN\u00c7APATERNIDADE DE 20 DIAS EST\u00c1 VALENDO - Sindicato dos Banc\u00e1rios de S\u00e3o Bento do Sul e Regi\u00e3o<\/title>\n<meta name=\"robots\" content=\"index, follow, max-snippet:-1, max-image-preview:large, max-video-preview:-1\" \/>\n<link rel=\"canonical\" href=\"https:\/\/sindicatodosbancarios.org.br\/site2022\/2017\/01\/31\/informe-0152017-apos-cobranca-dos-bancarios-licencapaternidade-de-20-dias-esta-valendo\/\" \/>\n<meta property=\"og:locale\" content=\"pt_BR\" \/>\n<meta property=\"og:type\" content=\"article\" \/>\n<meta property=\"og:title\" content=\"INFORME 015\/2017 - AP\u00d3S COBRAN\u00c7A DOS BANC\u00c1RIOS, LICEN\u00c7APATERNIDADE DE 20 DIAS EST\u00c1 VALENDO - Sindicato dos Banc\u00e1rios de S\u00e3o Bento do Sul e Regi\u00e3o\" \/>\n<meta property=\"og:description\" content=\"Conquista da Campanha Nacional 2016, a licen\u00e7a-paternidade de 20 dias est\u00e1 prevista na cl\u00e1usula 26 da Conven\u00e7\u00e3o Coletiva [&hellip;]\" \/>\n<meta property=\"og:url\" content=\"https:\/\/sindicatodosbancarios.org.br\/site2022\/2017\/01\/31\/informe-0152017-apos-cobranca-dos-bancarios-licencapaternidade-de-20-dias-esta-valendo\/\" \/>\n<meta property=\"og:site_name\" content=\"Sindicato dos Banc\u00e1rios de S\u00e3o Bento do Sul e Regi\u00e3o\" \/>\n<meta property=\"article:author\" content=\"https:\/\/www.facebook.com\/seeb.sbs.9\" \/>\n<meta property=\"article:published_time\" content=\"2017-01-31T16:02:17+00:00\" \/>\n<meta property=\"article:modified_time\" content=\"2017-08-22T17:02:56+00:00\" \/>\n<meta property=\"og:image\" content=\"https:\/\/sindicatodosbancarios.org.br\/site2022\/wp-content\/uploads\/2017\/08\/15.jpg\" \/>\n\t<meta property=\"og:image:width\" content=\"640\" \/>\n\t<meta property=\"og:image:height\" content=\"426\" \/>\n\t<meta property=\"og:image:type\" content=\"image\/jpeg\" \/>\n<meta name=\"author\" content=\"Sindicato dos Banc\u00e1rios S\u00e3o Bento do Sul e Regi\u00e3o\" \/>\n<meta name=\"twitter:card\" content=\"summary_large_image\" \/>\n<meta name=\"twitter:label1\" content=\"Escrito por\" \/>\n\t<meta name=\"twitter:data1\" content=\"Sindicato dos Banc\u00e1rios S\u00e3o Bento do Sul e Regi\u00e3o\" \/>\n\t<meta name=\"twitter:label2\" content=\"Est. tempo de leitura\" \/>\n\t<meta name=\"twitter:data2\" content=\"1 minuto\" \/>\n<script type=\"application\/ld+json\" class=\"yoast-schema-graph\">{\"@context\":\"https:\/\/schema.org\",\"@graph\":[{\"@type\":\"Article\",\"@id\":\"https:\/\/sindicatodosbancarios.org.br\/site2022\/2017\/01\/31\/informe-0152017-apos-cobranca-dos-bancarios-licencapaternidade-de-20-dias-esta-valendo\/#article\",\"isPartOf\":{\"@id\":\"https:\/\/sindicatodosbancarios.org.br\/site2022\/2017\/01\/31\/informe-0152017-apos-cobranca-dos-bancarios-licencapaternidade-de-20-dias-esta-valendo\/\"},\"author\":{\"name\":\"Sindicato dos Banc\u00e1rios S\u00e3o Bento do Sul e Regi\u00e3o\",\"@id\":\"https:\/\/sindicatodosbancarios.org.br\/site2022\/#\/schema\/person\/a7d92da77d1084df4d28b57962f1e1bd\"},\"headline\":\"INFORME 015\/2017 &#8211; AP\u00d3S COBRAN\u00c7A DOS BANC\u00c1RIOS, LICEN\u00c7APATERNIDADE DE 20 DIAS EST\u00c1 VALENDO\",\"datePublished\":\"2017-01-31T16:02:17+00:00\",\"dateModified\":\"2017-08-22T17:02:56+00:00\",\"mainEntityOfPage\":{\"@id\":\"https:\/\/sindicatodosbancarios.org.br\/site2022\/2017\/01\/31\/informe-0152017-apos-cobranca-dos-bancarios-licencapaternidade-de-20-dias-esta-valendo\/\"},\"wordCount\":270,\"commentCount\":0,\"publisher\":{\"@id\":\"https:\/\/sindicatodosbancarios.org.br\/site2022\/#organization\"},\"articleSection\":[\"Geral\"],\"inLanguage\":\"pt-BR\",\"potentialAction\":[{\"@type\":\"CommentAction\",\"name\":\"Comment\",\"target\":[\"https:\/\/sindicatodosbancarios.org.br\/site2022\/2017\/01\/31\/informe-0152017-apos-cobranca-dos-bancarios-licencapaternidade-de-20-dias-esta-valendo\/#respond\"]}]},{\"@type\":\"WebPage\",\"@id\":\"https:\/\/sindicatodosbancarios.org.br\/site2022\/2017\/01\/31\/informe-0152017-apos-cobranca-dos-bancarios-licencapaternidade-de-20-dias-esta-valendo\/\",\"url\":\"https:\/\/sindicatodosbancarios.org.br\/site2022\/2017\/01\/31\/informe-0152017-apos-cobranca-dos-bancarios-licencapaternidade-de-20-dias-esta-valendo\/\",\"name\":\"INFORME 015\/2017 - AP\u00d3S COBRAN\u00c7A DOS BANC\u00c1RIOS, LICEN\u00c7APATERNIDADE DE 20 DIAS EST\u00c1 VALENDO - Sindicato dos Banc\u00e1rios de S\u00e3o Bento do Sul e Regi\u00e3o\",\"isPartOf\":{\"@id\":\"https:\/\/sindicatodosbancarios.org.br\/site2022\/#website\"},\"datePublished\":\"2017-01-31T16:02:17+00:00\",\"dateModified\":\"2017-08-22T17:02:56+00:00\",\"breadcrumb\":{\"@id\":\"https:\/\/sindicatodosbancarios.org.br\/site2022\/2017\/01\/31\/informe-0152017-apos-cobranca-dos-bancarios-licencapaternidade-de-20-dias-esta-valendo\/#breadcrumb\"},\"inLanguage\":\"pt-BR\",\"potentialAction\":[{\"@type\":\"ReadAction\",\"target\":[\"https:\/\/sindicatodosbancarios.org.br\/site2022\/2017\/01\/31\/informe-0152017-apos-cobranca-dos-bancarios-licencapaternidade-de-20-dias-esta-valendo\/\"]}]},{\"@type\":\"BreadcrumbList\",\"@id\":\"https:\/\/sindicatodosbancarios.org.br\/site2022\/2017\/01\/31\/informe-0152017-apos-cobranca-dos-bancarios-licencapaternidade-de-20-dias-esta-valendo\/#breadcrumb\",\"itemListElement\":[{\"@type\":\"ListItem\",\"position\":1,\"name\":\"In\u00edcio\",\"item\":\"https:\/\/sindicatodosbancarios.org.br\/site2022\/\"},{\"@type\":\"ListItem\",\"position\":2,\"name\":\"INFORME 015\/2017 &#8211; AP\u00d3S COBRAN\u00c7A DOS BANC\u00c1RIOS, LICEN\u00c7APATERNIDADE DE 20 DIAS EST\u00c1 VALENDO\"}]},{\"@type\":\"WebSite\",\"@id\":\"https:\/\/sindicatodosbancarios.org.br\/site2022\/#website\",\"url\":\"https:\/\/sindicatodosbancarios.org.br\/site2022\/\",\"name\":\"Sindicato dos Banc\u00e1rios de S\u00e3o Bento do Sul e Regi\u00e3o\",\"description\":\"Website institucional do Sindicato dos Banc\u00e1rios de S\u00e3o Bento do Sul e Regi\u00e3o\",\"publisher\":{\"@id\":\"https:\/\/sindicatodosbancarios.org.br\/site2022\/#organization\"},\"potentialAction\":[{\"@type\":\"SearchAction\",\"target\":{\"@type\":\"EntryPoint\",\"urlTemplate\":\"https:\/\/sindicatodosbancarios.org.br\/site2022\/?s={search_term_string}\"},\"query-input\":\"required name=search_term_string\"}],\"inLanguage\":\"pt-BR\"},{\"@type\":\"Organization\",\"@id\":\"https:\/\/sindicatodosbancarios.org.br\/site2022\/#organization\",\"name\":\"Sindicato dos Banc\u00e1rios de S\u00e3o Bento do Sul e Regi\u00e3o\",\"url\":\"https:\/\/sindicatodosbancarios.org.br\/site2022\/\",\"logo\":{\"@type\":\"ImageObject\",\"inLanguage\":\"pt-BR\",\"@id\":\"https:\/\/sindicatodosbancarios.org.br\/site2022\/#\/schema\/logo\/image\/\",\"url\":\"https:\/\/sindicatodosbancarios.org.br\/site2022\/wp-content\/uploads\/2017\/06\/cropped-logo-2.png\",\"contentUrl\":\"https:\/\/sindicatodosbancarios.org.br\/site2022\/wp-content\/uploads\/2017\/06\/cropped-logo-2.png\",\"width\":292,\"height\":292,\"caption\":\"Sindicato dos Banc\u00e1rios de S\u00e3o Bento do Sul e Regi\u00e3o\"},\"image\":{\"@id\":\"https:\/\/sindicatodosbancarios.org.br\/site2022\/#\/schema\/logo\/image\/\"}},{\"@type\":\"Person\",\"@id\":\"https:\/\/sindicatodosbancarios.org.br\/site2022\/#\/schema\/person\/a7d92da77d1084df4d28b57962f1e1bd\",\"name\":\"Sindicato dos Banc\u00e1rios S\u00e3o Bento do Sul e Regi\u00e3o\",\"image\":{\"@type\":\"ImageObject\",\"inLanguage\":\"pt-BR\",\"@id\":\"https:\/\/sindicatodosbancarios.org.br\/site2022\/#\/schema\/person\/image\/\",\"url\":\"https:\/\/secure.gravatar.com\/avatar\/f1d1a06f698f2345352e539387180d42?s=96&d=mm&r=g\",\"contentUrl\":\"https:\/\/secure.gravatar.com\/avatar\/f1d1a06f698f2345352e539387180d42?s=96&d=mm&r=g\",\"caption\":\"Sindicato dos Banc\u00e1rios S\u00e3o Bento do Sul e Regi\u00e3o\"},\"sameAs\":[\"http:\/\/sindicatodosbancarios.org.br\/site2022\/\",\"https:\/\/www.facebook.com\/seeb.sbs.9\"],\"url\":\"https:\/\/sindicatodosbancarios.org.br\/site2022\/author\/sindicatodosbancarios\/\"}]}<\/script>\n<!-- \/ Yoast SEO plugin. -->","yoast_head_json":{"title":"INFORME 015\/2017 - AP\u00d3S COBRAN\u00c7A DOS BANC\u00c1RIOS, LICEN\u00c7APATERNIDADE DE 20 DIAS EST\u00c1 VALENDO - Sindicato dos Banc\u00e1rios de S\u00e3o Bento do Sul e Regi\u00e3o","robots":{"index":"index","follow":"follow","max-snippet":"max-snippet:-1","max-image-preview":"max-image-preview:large","max-video-preview":"max-video-preview:-1"},"canonical":"https:\/\/sindicatodosbancarios.org.br\/site2022\/2017\/01\/31\/informe-0152017-apos-cobranca-dos-bancarios-licencapaternidade-de-20-dias-esta-valendo\/","og_locale":"pt_BR","og_type":"article","og_title":"INFORME 015\/2017 - AP\u00d3S COBRAN\u00c7A DOS BANC\u00c1RIOS, LICEN\u00c7APATERNIDADE DE 20 DIAS EST\u00c1 VALENDO - Sindicato dos Banc\u00e1rios de S\u00e3o Bento do Sul e Regi\u00e3o","og_description":"Conquista da Campanha Nacional 2016, a licen\u00e7a-paternidade de 20 dias est\u00e1 prevista na cl\u00e1usula 26 da Conven\u00e7\u00e3o Coletiva [&hellip;]","og_url":"https:\/\/sindicatodosbancarios.org.br\/site2022\/2017\/01\/31\/informe-0152017-apos-cobranca-dos-bancarios-licencapaternidade-de-20-dias-esta-valendo\/","og_site_name":"Sindicato dos Banc\u00e1rios de S\u00e3o Bento do Sul e Regi\u00e3o","article_author":"https:\/\/www.facebook.com\/seeb.sbs.9","article_published_time":"2017-01-31T16:02:17+00:00","article_modified_time":"2017-08-22T17:02:56+00:00","og_image":[{"width":640,"height":426,"url":"https:\/\/sindicatodosbancarios.org.br\/site2022\/wp-content\/uploads\/2017\/08\/15.jpg","type":"image\/jpeg"}],"author":"Sindicato dos Banc\u00e1rios S\u00e3o Bento do Sul e Regi\u00e3o","twitter_card":"summary_large_image","twitter_misc":{"Escrito por":"Sindicato dos Banc\u00e1rios S\u00e3o Bento do Sul e Regi\u00e3o","Est. tempo de leitura":"1 minuto"},"schema":{"@context":"https:\/\/schema.org","@graph":[{"@type":"Article","@id":"https:\/\/sindicatodosbancarios.org.br\/site2022\/2017\/01\/31\/informe-0152017-apos-cobranca-dos-bancarios-licencapaternidade-de-20-dias-esta-valendo\/#article","isPartOf":{"@id":"https:\/\/sindicatodosbancarios.org.br\/site2022\/2017\/01\/31\/informe-0152017-apos-cobranca-dos-bancarios-licencapaternidade-de-20-dias-esta-valendo\/"},"author":{"name":"Sindicato dos Banc\u00e1rios S\u00e3o Bento do Sul e Regi\u00e3o","@id":"https:\/\/sindicatodosbancarios.org.br\/site2022\/#\/schema\/person\/a7d92da77d1084df4d28b57962f1e1bd"},"headline":"INFORME 015\/2017 &#8211; AP\u00d3S COBRAN\u00c7A DOS BANC\u00c1RIOS, LICEN\u00c7APATERNIDADE DE 20 DIAS EST\u00c1 VALENDO","datePublished":"2017-01-31T16:02:17+00:00","dateModified":"2017-08-22T17:02:56+00:00","mainEntityOfPage":{"@id":"https:\/\/sindicatodosbancarios.org.br\/site2022\/2017\/01\/31\/informe-0152017-apos-cobranca-dos-bancarios-licencapaternidade-de-20-dias-esta-valendo\/"},"wordCount":270,"commentCount":0,"publisher":{"@id":"https:\/\/sindicatodosbancarios.org.br\/site2022\/#organization"},"articleSection":["Geral"],"inLanguage":"pt-BR","potentialAction":[{"@type":"CommentAction","name":"Comment","target":["https:\/\/sindicatodosbancarios.org.br\/site2022\/2017\/01\/31\/informe-0152017-apos-cobranca-dos-bancarios-licencapaternidade-de-20-dias-esta-valendo\/#respond"]}]},{"@type":"WebPage","@id":"https:\/\/sindicatodosbancarios.org.br\/site2022\/2017\/01\/31\/informe-0152017-apos-cobranca-dos-bancarios-licencapaternidade-de-20-dias-esta-valendo\/","url":"https:\/\/sindicatodosbancarios.org.br\/site2022\/2017\/01\/31\/informe-0152017-apos-cobranca-dos-bancarios-licencapaternidade-de-20-dias-esta-valendo\/","name":"INFORME 015\/2017 - AP\u00d3S COBRAN\u00c7A DOS BANC\u00c1RIOS, LICEN\u00c7APATERNIDADE DE 20 DIAS EST\u00c1 VALENDO - Sindicato dos Banc\u00e1rios de S\u00e3o Bento do Sul e Regi\u00e3o","isPartOf":{"@id":"https:\/\/sindicatodosbancarios.org.br\/site2022\/#website"},"datePublished":"2017-01-31T16:02:17+00:00","dateModified":"2017-08-22T17:02:56+00:00","breadcrumb":{"@id":"https:\/\/sindicatodosbancarios.org.br\/site2022\/2017\/01\/31\/informe-0152017-apos-cobranca-dos-bancarios-licencapaternidade-de-20-dias-esta-valendo\/#breadcrumb"},"inLanguage":"pt-BR","potentialAction":[{"@type":"ReadAction","target":["https:\/\/sindicatodosbancarios.org.br\/site2022\/2017\/01\/31\/informe-0152017-apos-cobranca-dos-bancarios-licencapaternidade-de-20-dias-esta-valendo\/"]}]},{"@type":"BreadcrumbList","@id":"https:\/\/sindicatodosbancarios.org.br\/site2022\/2017\/01\/31\/informe-0152017-apos-cobranca-dos-bancarios-licencapaternidade-de-20-dias-esta-valendo\/#breadcrumb","itemListElement":[{"@type":"ListItem","position":1,"name":"In\u00edcio","item":"https:\/\/sindicatodosbancarios.org.br\/site2022\/"},{"@type":"ListItem","position":2,"name":"INFORME 015\/2017 &#8211; AP\u00d3S COBRAN\u00c7A DOS BANC\u00c1RIOS, LICEN\u00c7APATERNIDADE DE 20 DIAS EST\u00c1 VALENDO"}]},{"@type":"WebSite","@id":"https:\/\/sindicatodosbancarios.org.br\/site2022\/#website","url":"https:\/\/sindicatodosbancarios.org.br\/site2022\/","name":"Sindicato dos Banc\u00e1rios de S\u00e3o Bento do Sul e Regi\u00e3o","description":"Website institucional do Sindicato dos Banc\u00e1rios de S\u00e3o Bento do Sul e Regi\u00e3o","publisher":{"@id":"https:\/\/sindicatodosbancarios.org.br\/site2022\/#organization"},"potentialAction":[{"@type":"SearchAction","target":{"@type":"EntryPoint","urlTemplate":"https:\/\/sindicatodosbancarios.org.br\/site2022\/?s={search_term_string}"},"query-input":"required name=search_term_string"}],"inLanguage":"pt-BR"},{"@type":"Organization","@id":"https:\/\/sindicatodosbancarios.org.br\/site2022\/#organization","name":"Sindicato dos Banc\u00e1rios de S\u00e3o Bento do Sul e Regi\u00e3o","url":"https:\/\/sindicatodosbancarios.org.br\/site2022\/","logo":{"@type":"ImageObject","inLanguage":"pt-BR","@id":"https:\/\/sindicatodosbancarios.org.br\/site2022\/#\/schema\/logo\/image\/","url":"https:\/\/sindicatodosbancarios.org.br\/site2022\/wp-content\/uploads\/2017\/06\/cropped-logo-2.png","contentUrl":"https:\/\/sindicatodosbancarios.org.br\/site2022\/wp-content\/uploads\/2017\/06\/cropped-logo-2.png","width":292,"height":292,"caption":"Sindicato dos Banc\u00e1rios de S\u00e3o Bento do Sul e Regi\u00e3o"},"image":{"@id":"https:\/\/sindicatodosbancarios.org.br\/site2022\/#\/schema\/logo\/image\/"}},{"@type":"Person","@id":"https:\/\/sindicatodosbancarios.org.br\/site2022\/#\/schema\/person\/a7d92da77d1084df4d28b57962f1e1bd","name":"Sindicato dos Banc\u00e1rios S\u00e3o Bento do Sul e Regi\u00e3o","image":{"@type":"ImageObject","inLanguage":"pt-BR","@id":"https:\/\/sindicatodosbancarios.org.br\/site2022\/#\/schema\/person\/image\/","url":"https:\/\/secure.gravatar.com\/avatar\/f1d1a06f698f2345352e539387180d42?s=96&d=mm&r=g","contentUrl":"https:\/\/secure.gravatar.com\/avatar\/f1d1a06f698f2345352e539387180d42?s=96&d=mm&r=g","caption":"Sindicato dos Banc\u00e1rios S\u00e3o Bento do Sul e Regi\u00e3o"},"sameAs":["http:\/\/sindicatodosbancarios.org.br\/site2022\/","https:\/\/www.facebook.com\/seeb.sbs.9"],"url":"https:\/\/sindicatodosbancarios.org.br\/site2022\/author\/sindicatodosbancarios\/"}]}},"jetpack_featured_media_url":"https:\/\/sindicatodosbancarios.org.br\/site2022\/wp-content\/uploads\/2017\/08\/15.jpg","jetpack_sharing_enabled":true,"jetpack_shortlink":"https:\/\/wp.me\/p8RSbI-mG","jetpack-related-posts":[{"id":5468,"url":"https:\/\/sindicatodosbancarios.org.br\/site2022\/2021\/06\/17\/informe-bancario-147-2021-plr-no-2o-semestre-de-2021-esta-garantida-pelo-acordo-coletivo\/","url_meta":{"origin":1406,"position":0},"title":"INFORME BANC\u00c1RIO \u2013 147\/2021 PLR NO 2\u00ba SEMESTRE DE 2021 EST\u00c1 GARANTIDA PELO ACORDO COLETIVO","date":"17 de junho de 2021","format":false,"excerpt":"Com a conquista pela categoria banc\u00e1ria, em 2020, de uma Conven\u00e7\u00e3o Coletiva de Trabalho (CCT) v\u00e1lida por 2 anos, o pagamento da Participa\u00e7\u00e3o nos Lucros e Resultados (PLR) no 2\u00ba semestre deste ano j\u00e1 tem prazos estabelecidos (veja abaixo). A atual CCT das banc\u00e1rias e banc\u00e1rios, que garante uma s\u00e9rie\u2026","rel":"","context":"Em &quot;Geral&quot;","img":{"alt_text":"","src":"https:\/\/i0.wp.com\/sindicatodosbancarios.org.br\/site2022\/wp-content\/uploads\/2021\/06\/plr-21-11677-980x500m0.jpg?resize=350%2C200&ssl=1","width":350,"height":200},"classes":[]},{"id":5527,"url":"https:\/\/sindicatodosbancarios.org.br\/site2022\/2021\/07\/07\/informe-bancario-165-2021-bancarios-entram-no-plano-nacional-de-vacinacao\/","url_meta":{"origin":1406,"position":1},"title":"INFORME BANC\u00c1RIO \u2013 165\/2021 Banc\u00e1rios entram no Plano Nacional de Vacina\u00e7\u00e3o","date":"7 de julho de 2021","format":false,"excerpt":"Em reuni\u00e3o realizada com a FENABAN, hoje (06), \u00e0s 13h30, a CONTEC foi comunicada que o Minist\u00e9rio da Sa\u00fade vai incluir os banc\u00e1rios como prioridade no Plano Nacional de Vacina\u00e7\u00e3o contra a covid-19. A medida atende os pedidos da CONTEC \u2013 formalizados por of\u00edcio junto ao governo em janeiro 2021\u2026","rel":"","context":"Em &quot;Geral&quot;","img":{"alt_text":"","src":"https:\/\/i0.wp.com\/sindicatodosbancarios.org.br\/site2022\/wp-content\/uploads\/2020\/10\/coronavac.png?resize=350%2C200&ssl=1","width":350,"height":200},"classes":[]},{"id":5620,"url":"https:\/\/sindicatodosbancarios.org.br\/site2022\/2021\/08\/19\/informe-bancario-194-2021-sindicato-dos-bancarios-garante-manutencao-de-beneficios-aumento-real-e-plr\/","url_meta":{"origin":1406,"position":2},"title":"INFORME BANC\u00c1RIO \u2013 194\/2021 SINDICATO DOS BANC\u00c1RIOS GARANTE MANUTEN\u00c7\u00c3O DE BENEF\u00cdCIOS, AUMENTO REAL E PLR","date":"19 de agosto de 2021","format":false,"excerpt":"RESSALTADO QUE OS BANQUEIROS QUERIAM REDUZIR BENEF\u00cdCIOS, USANDO A JUSTIFICATIVA DA PANDEMIA DE COVID-19. Na Campanha Nacional 2020, a categoria banc\u00e1ria garantiu a manuten\u00e7\u00e3o de todos os direitos da Conven\u00e7\u00e3o Coletiva de Trabalho (CCT) e dos acordos espec\u00edficos com os bancos p\u00fablicos. Com isso, est\u00e1 assegurado o pagamento da Participa\u00e7\u00e3o\u2026","rel":"","context":"Em &quot;Geral&quot;","img":{"alt_text":"","src":"https:\/\/i0.wp.com\/sindicatodosbancarios.org.br\/site2022\/wp-content\/uploads\/2021\/08\/DESTQUE_shutterstock_1035216352-768x512.jpg?resize=350%2C200&ssl=1","width":350,"height":200},"classes":[]},{"id":4322,"url":"https:\/\/sindicatodosbancarios.org.br\/site2022\/2020\/08\/20\/informe-bancario-309-2020-saiba-quanto-a-plr-do-santander-sera-reduzida-com-a-proposta-da-fenaban\/","url_meta":{"origin":1406,"position":3},"title":"INFORME BANC\u00c1RIO \u2013 309\/2020 SAIBA QUANTO A PLR DO SANTANDER SER\u00c1 REDUZIDA COM A PROPOSTA DA FENABAN","date":"20 de agosto de 2020","format":false,"excerpt":"Federa\u00e7\u00e3o dos Bancos apresentou proposta que pode encolher em at\u00e9 31% a PLR dos Banc\u00e1rios do Santander; veja quadro comparativo com os percentuais de redu\u00e7\u00e3o por faixas salariais Veja no quadro abaixo os percentuais de redu\u00e7\u00e3o da PLR do Santander por faixas salariais que a proposta da FENABAN iria resultar.\u2026","rel":"","context":"Em &quot;Geral&quot;","img":{"alt_text":"","src":"https:\/\/i0.wp.com\/sindicatodosbancarios.org.br\/site2022\/wp-content\/uploads\/2020\/08\/200820135734-SANTANDER.jpg?resize=350%2C200&ssl=1","width":350,"height":200},"classes":[]},{"id":4319,"url":"https:\/\/sindicatodosbancarios.org.br\/site2022\/2020\/08\/20\/informe-bancario-308-2020-veja-a-reducao-da-plr-do-bradesco-com-a-proposta-da-fenaban\/","url_meta":{"origin":1406,"position":4},"title":"INFORME BANC\u00c1RIO \u2013 308\/2020 VEJA A REDU\u00c7\u00c3O DA PLR DO BRADESCO COM A PROPOSTA DA FENABAN","date":"20 de agosto de 2020","format":false,"excerpt":"Federa\u00e7\u00e3o dos Bancos apresentou proposta que pode encolher em at\u00e9 48% a PLR dos Banc\u00e1rios; veja quadro comparativo com os percentuais de redu\u00e7\u00e3o por faixas salariais Na sexta rodada da Campanha Nacional dos Banc\u00e1rios 2020, nesta ter\u00e7a-feira 18, a FENABAN (Federa\u00e7\u00e3o dos Bancos), apresentou uma proposta que pode reduzir em\u2026","rel":"","context":"Em &quot;Bradesco\/HSBC&quot;","img":{"alt_text":"","src":"https:\/\/i0.wp.com\/sindicatodosbancarios.org.br\/site2022\/wp-content\/uploads\/2020\/08\/200820134502-BRADESCO.jpg?resize=350%2C200&ssl=1","width":350,"height":200},"classes":[]},{"id":4828,"url":"https:\/\/sindicatodosbancarios.org.br\/site2022\/2020\/12\/02\/informe-bancario-447-2020-sindicato-cobra-e-banco-do-brasil-marca-negociacao-sobre-funcionarios-incorporados\/","url_meta":{"origin":1406,"position":5},"title":"INFORME BANC\u00c1RIO \u2013 447\/2020 Sindicato cobra e Banco do Brasil marca negocia\u00e7\u00e3o sobre funcion\u00e1rios incorporados","date":"2 de dezembro de 2020","format":false,"excerpt":"Conquista da Campanha Nacional 2020, primeira rodada de negocia\u00e7\u00e3o ser\u00e1 realizada em primeiro de dezembro; pauta de reivindica\u00e7\u00f5es a ser debatida foi constru\u00edda a partir da demanda dos trabalhadores, confira\u00a0 Ap\u00f3s cobran\u00e7a do movimento sindical, o Banco do Brasil marcou para o dia primeiro de dezembro a primeira rodada de\u2026","rel":"","context":"Em &quot;Banco do Brasil&quot;","img":{"alt_text":"","src":"https:\/\/i0.wp.com\/sindicatodosbancarios.org.br\/site2022\/wp-content\/uploads\/2020\/12\/bb_marca_negociacao_sobre_funcionarios_incorporados.jpg?resize=350%2C200&ssl=1","width":350,"height":200},"classes":[]}],"_links":{"self":[{"href":"https:\/\/sindicatodosbancarios.org.br\/site2022\/wp-json\/wp\/v2\/posts\/1406"}],"collection":[{"href":"https:\/\/sindicatodosbancarios.org.br\/site2022\/wp-json\/wp\/v2\/posts"}],"about":[{"href":"https:\/\/sindicatodosbancarios.org.br\/site2022\/wp-json\/wp\/v2\/types\/post"}],"author":[{"embeddable":true,"href":"https:\/\/sindicatodosbancarios.org.br\/site2022\/wp-json\/wp\/v2\/users\/2"}],"replies":[{"embeddable":true,"href":"https:\/\/sindicatodosbancarios.org.br\/site2022\/wp-json\/wp\/v2\/comments?post=1406"}],"version-history":[{"count":1,"href":"https:\/\/sindicatodosbancarios.org.br\/site2022\/wp-json\/wp\/v2\/posts\/1406\/revisions"}],"predecessor-version":[{"id":1408,"href":"https:\/\/sindicatodosbancarios.org.br\/site2022\/wp-json\/wp\/v2\/posts\/1406\/revisions\/1408"}],"wp:featuredmedia":[{"embeddable":true,"href":"https:\/\/sindicatodosbancarios.org.br\/site2022\/wp-json\/wp\/v2\/media\/1407"}],"wp:attachment":[{"href":"https:\/\/sindicatodosbancarios.org.br\/site2022\/wp-json\/wp\/v2\/media?parent=1406"}],"wp:term":[{"taxonomy":"category","embeddable":true,"href":"https:\/\/sindicatodosbancarios.org.br\/site2022\/wp-json\/wp\/v2\/categories?post=1406"},{"taxonomy":"post_tag","embeddable":true,"href":"https:\/\/sindicatodosbancarios.org.br\/site2022\/wp-json\/wp\/v2\/tags?post=1406"}],"curies":[{"name":"wp","href":"https:\/\/api.w.org\/{rel}","templated":true}]}}