{"id":1427,"date":"2017-02-03T14:35:43","date_gmt":"2017-02-03T16:35:43","guid":{"rendered":"http:\/\/sindicatodosbancarios.org.br\/?p=1427"},"modified":"2017-08-22T14:36:23","modified_gmt":"2017-08-22T17:36:23","slug":"informe-0222017-emenda-altera-pontos-da-reforma-da-previdencia","status":"publish","type":"post","link":"https:\/\/sindicatodosbancarios.org.br\/site2022\/2017\/02\/03\/informe-0222017-emenda-altera-pontos-da-reforma-da-previdencia\/","title":{"rendered":"INFORME 022\/2017 &#8211; EMENDA ALTERA PONTOS DA REFORMA DA PREVID\u00caNCIA"},"content":{"rendered":"<p>A base aliada do presidente Michel Temer na C\u00e2mara est\u00e1 finalizando um texto alternativo ao apresentado pelo Executivo, flexibilizando consideravelmente a reforma da previd\u00eancia. Na contram\u00e3o do que quer o governo, a emenda reduz a idade m\u00ednima para aposentadoria, mant\u00e9m o pagamento integral das pens\u00f5es e acaba com a regra de transi\u00e7\u00e3o. Encabe\u00e7ada pelo deputado Paulo Pereira da Silva (SD-SP), o texto tem o apoio de parlamentares do PSD, PR, PP e PTB, que integram a base de Temer no Congresso, al\u00e9m do PCdoB, que \u00e9 oposi\u00e7\u00e3o.<\/p>\n<p>O texto reduz a idade m\u00ednima de 65 anos para 60 anos para os homens e 58 anos para as mulheres. A ado\u00e7\u00e3o de 65 anos para aposentadoria na iniciativa privada e no servi\u00e7o p\u00fablico vem sendo tratada como \u201celemento-chave\u201d pelo governo, em especial, pelo ministro Eliseu Padilha (Casa Civil), que coordenou a proposta apresentada ao Congresso.<\/p>\n<p>Outra mudan\u00e7a que est\u00e1 sendo feita pelos deputados \u00e9 quanto ao pagamento de pens\u00f5es. A proposta do governo acaba com o repasse integral \u00e0s vi\u00favas. O valor m\u00ednimo previsto \u00e9 de 60% do benef\u00edcio calculado e aumenta a depender do n\u00famero de dependentes, at\u00e9 atingir os 100%. Na emenda dos parlamentares, a pens\u00e3o se manter\u00e1 integral, n\u00e3o podendo, entretanto, ultrapassar o teto.<\/p>\n<p>Os deputados querem, ainda, acabar com a regra de transi\u00e7\u00e3o estabelecida. Pela proposta original, homens acima de 50 anos e mulheres acima dos 45 anos entrariam na regra, pagando um ped\u00e1gio para se aposentar: aplica-se acr\u00e9scimo de 50% sobre o tempo de contribui\u00e7\u00e3o que resta com base na regra antiga. Por exemplo, se faltam 10 anos para se aposentar, esse trabalhador teria que trabalhar 15 anos. Na emenda liderada por Paulinho, o ped\u00e1gio passa a ser de 30% sobre a idade ou tempo de contribui\u00e7\u00e3o, o que for melhor para o trabalhador. Esta transi\u00e7\u00e3o vale para todos os empregados que j\u00e1 est\u00e3o no mercado de trabalho, sem o corte de idade, como estabelece o texto do governo.<\/p>\n<p>A emenda substitutiva ao texto est\u00e1 sendo constru\u00edda por 20 deputados. Al\u00e9m de Paulinho, s\u00e3o autores da proposta os deputados Aelton de Freitas (PR-MG), Rog\u00e9rio Rosso (PSD-DF), Aguinaldo Ribeiro (PP-PB), Arnaldo Faria de S\u00e1 (PTB-SP), Orlando Silva (PCdoB-SP), entre outros.<\/p>\n<p><span style=\"font-size: 8pt;\"><em>Fonte: \u00c9poca Neg\u00f3cios.<\/em><\/span><\/p>\n","protected":false},"excerpt":{"rendered":"<p>A base aliada do presidente Michel Temer na C\u00e2mara est\u00e1 finalizando um texto alternativo ao apresentado pelo Executivo, [&hellip;]<\/p>\n","protected":false},"author":2,"featured_media":1428,"comment_status":"open","ping_status":"open","sticky":false,"template":"","format":"standard","meta":{"jetpack_post_was_ever_published":false,"jetpack_publicize_message":"","jetpack_is_tweetstorm":false,"jetpack_publicize_feature_enabled":true,"jetpack_social_post_already_shared":true,"jetpack_social_options":[]},"categories":[1],"tags":[],"jetpack_publicize_connections":[],"acf":[],"yoast_head":"<!-- This site is optimized with the Yoast SEO plugin v19.14 - https:\/\/yoast.com\/wordpress\/plugins\/seo\/ -->\n<title>INFORME 022\/2017 - EMENDA ALTERA PONTOS DA REFORMA DA PREVID\u00caNCIA - Sindicato dos Banc\u00e1rios de S\u00e3o Bento do Sul e Regi\u00e3o<\/title>\n<meta name=\"robots\" content=\"index, follow, max-snippet:-1, max-image-preview:large, max-video-preview:-1\" \/>\n<link rel=\"canonical\" href=\"https:\/\/sindicatodosbancarios.org.br\/site2022\/2017\/02\/03\/informe-0222017-emenda-altera-pontos-da-reforma-da-previdencia\/\" \/>\n<meta property=\"og:locale\" content=\"pt_BR\" \/>\n<meta property=\"og:type\" content=\"article\" \/>\n<meta property=\"og:title\" content=\"INFORME 022\/2017 - EMENDA ALTERA PONTOS DA REFORMA DA PREVID\u00caNCIA - Sindicato dos Banc\u00e1rios de S\u00e3o Bento do Sul e Regi\u00e3o\" \/>\n<meta property=\"og:description\" content=\"A base aliada do presidente Michel Temer na C\u00e2mara est\u00e1 finalizando um texto alternativo ao apresentado pelo Executivo, [&hellip;]\" \/>\n<meta property=\"og:url\" content=\"https:\/\/sindicatodosbancarios.org.br\/site2022\/2017\/02\/03\/informe-0222017-emenda-altera-pontos-da-reforma-da-previdencia\/\" \/>\n<meta property=\"og:site_name\" content=\"Sindicato dos Banc\u00e1rios de S\u00e3o Bento do Sul e Regi\u00e3o\" \/>\n<meta property=\"article:author\" content=\"https:\/\/www.facebook.com\/seeb.sbs.9\" \/>\n<meta property=\"article:published_time\" content=\"2017-02-03T16:35:43+00:00\" \/>\n<meta property=\"article:modified_time\" content=\"2017-08-22T17:36:23+00:00\" \/>\n<meta property=\"og:image\" content=\"https:\/\/sindicatodosbancarios.org.br\/site2022\/wp-content\/uploads\/2017\/08\/22.jpg\" \/>\n\t<meta property=\"og:image:width\" content=\"800\" \/>\n\t<meta property=\"og:image:height\" content=\"445\" \/>\n\t<meta property=\"og:image:type\" content=\"image\/jpeg\" \/>\n<meta name=\"author\" content=\"Sindicato dos Banc\u00e1rios S\u00e3o Bento do Sul e Regi\u00e3o\" \/>\n<meta name=\"twitter:card\" content=\"summary_large_image\" \/>\n<meta name=\"twitter:label1\" content=\"Escrito por\" \/>\n\t<meta name=\"twitter:data1\" content=\"Sindicato dos Banc\u00e1rios S\u00e3o Bento do Sul e Regi\u00e3o\" \/>\n\t<meta name=\"twitter:label2\" content=\"Est. tempo de leitura\" \/>\n\t<meta name=\"twitter:data2\" content=\"2 minutos\" \/>\n<script type=\"application\/ld+json\" class=\"yoast-schema-graph\">{\"@context\":\"https:\/\/schema.org\",\"@graph\":[{\"@type\":\"Article\",\"@id\":\"https:\/\/sindicatodosbancarios.org.br\/site2022\/2017\/02\/03\/informe-0222017-emenda-altera-pontos-da-reforma-da-previdencia\/#article\",\"isPartOf\":{\"@id\":\"https:\/\/sindicatodosbancarios.org.br\/site2022\/2017\/02\/03\/informe-0222017-emenda-altera-pontos-da-reforma-da-previdencia\/\"},\"author\":{\"name\":\"Sindicato dos Banc\u00e1rios S\u00e3o Bento do Sul e Regi\u00e3o\",\"@id\":\"https:\/\/sindicatodosbancarios.org.br\/site2022\/#\/schema\/person\/a7d92da77d1084df4d28b57962f1e1bd\"},\"headline\":\"INFORME 022\/2017 &#8211; EMENDA ALTERA PONTOS DA REFORMA DA PREVID\u00caNCIA\",\"datePublished\":\"2017-02-03T16:35:43+00:00\",\"dateModified\":\"2017-08-22T17:36:23+00:00\",\"mainEntityOfPage\":{\"@id\":\"https:\/\/sindicatodosbancarios.org.br\/site2022\/2017\/02\/03\/informe-0222017-emenda-altera-pontos-da-reforma-da-previdencia\/\"},\"wordCount\":395,\"commentCount\":0,\"publisher\":{\"@id\":\"https:\/\/sindicatodosbancarios.org.br\/site2022\/#organization\"},\"articleSection\":[\"Geral\"],\"inLanguage\":\"pt-BR\",\"potentialAction\":[{\"@type\":\"CommentAction\",\"name\":\"Comment\",\"target\":[\"https:\/\/sindicatodosbancarios.org.br\/site2022\/2017\/02\/03\/informe-0222017-emenda-altera-pontos-da-reforma-da-previdencia\/#respond\"]}]},{\"@type\":\"WebPage\",\"@id\":\"https:\/\/sindicatodosbancarios.org.br\/site2022\/2017\/02\/03\/informe-0222017-emenda-altera-pontos-da-reforma-da-previdencia\/\",\"url\":\"https:\/\/sindicatodosbancarios.org.br\/site2022\/2017\/02\/03\/informe-0222017-emenda-altera-pontos-da-reforma-da-previdencia\/\",\"name\":\"INFORME 022\/2017 - EMENDA ALTERA PONTOS DA REFORMA DA PREVID\u00caNCIA - Sindicato dos Banc\u00e1rios de S\u00e3o Bento do Sul e Regi\u00e3o\",\"isPartOf\":{\"@id\":\"https:\/\/sindicatodosbancarios.org.br\/site2022\/#website\"},\"datePublished\":\"2017-02-03T16:35:43+00:00\",\"dateModified\":\"2017-08-22T17:36:23+00:00\",\"breadcrumb\":{\"@id\":\"https:\/\/sindicatodosbancarios.org.br\/site2022\/2017\/02\/03\/informe-0222017-emenda-altera-pontos-da-reforma-da-previdencia\/#breadcrumb\"},\"inLanguage\":\"pt-BR\",\"potentialAction\":[{\"@type\":\"ReadAction\",\"target\":[\"https:\/\/sindicatodosbancarios.org.br\/site2022\/2017\/02\/03\/informe-0222017-emenda-altera-pontos-da-reforma-da-previdencia\/\"]}]},{\"@type\":\"BreadcrumbList\",\"@id\":\"https:\/\/sindicatodosbancarios.org.br\/site2022\/2017\/02\/03\/informe-0222017-emenda-altera-pontos-da-reforma-da-previdencia\/#breadcrumb\",\"itemListElement\":[{\"@type\":\"ListItem\",\"position\":1,\"name\":\"In\u00edcio\",\"item\":\"https:\/\/sindicatodosbancarios.org.br\/site2022\/\"},{\"@type\":\"ListItem\",\"position\":2,\"name\":\"INFORME 022\/2017 &#8211; EMENDA ALTERA PONTOS DA REFORMA DA PREVID\u00caNCIA\"}]},{\"@type\":\"WebSite\",\"@id\":\"https:\/\/sindicatodosbancarios.org.br\/site2022\/#website\",\"url\":\"https:\/\/sindicatodosbancarios.org.br\/site2022\/\",\"name\":\"Sindicato dos Banc\u00e1rios de S\u00e3o Bento do Sul e Regi\u00e3o\",\"description\":\"Website institucional do Sindicato dos Banc\u00e1rios de S\u00e3o Bento do Sul e Regi\u00e3o\",\"publisher\":{\"@id\":\"https:\/\/sindicatodosbancarios.org.br\/site2022\/#organization\"},\"potentialAction\":[{\"@type\":\"SearchAction\",\"target\":{\"@type\":\"EntryPoint\",\"urlTemplate\":\"https:\/\/sindicatodosbancarios.org.br\/site2022\/?s={search_term_string}\"},\"query-input\":\"required name=search_term_string\"}],\"inLanguage\":\"pt-BR\"},{\"@type\":\"Organization\",\"@id\":\"https:\/\/sindicatodosbancarios.org.br\/site2022\/#organization\",\"name\":\"Sindicato dos Banc\u00e1rios de S\u00e3o Bento do Sul e Regi\u00e3o\",\"url\":\"https:\/\/sindicatodosbancarios.org.br\/site2022\/\",\"logo\":{\"@type\":\"ImageObject\",\"inLanguage\":\"pt-BR\",\"@id\":\"https:\/\/sindicatodosbancarios.org.br\/site2022\/#\/schema\/logo\/image\/\",\"url\":\"https:\/\/sindicatodosbancarios.org.br\/site2022\/wp-content\/uploads\/2017\/06\/cropped-logo-2.png\",\"contentUrl\":\"https:\/\/sindicatodosbancarios.org.br\/site2022\/wp-content\/uploads\/2017\/06\/cropped-logo-2.png\",\"width\":292,\"height\":292,\"caption\":\"Sindicato dos Banc\u00e1rios de S\u00e3o Bento do Sul e Regi\u00e3o\"},\"image\":{\"@id\":\"https:\/\/sindicatodosbancarios.org.br\/site2022\/#\/schema\/logo\/image\/\"}},{\"@type\":\"Person\",\"@id\":\"https:\/\/sindicatodosbancarios.org.br\/site2022\/#\/schema\/person\/a7d92da77d1084df4d28b57962f1e1bd\",\"name\":\"Sindicato dos Banc\u00e1rios S\u00e3o Bento do Sul e Regi\u00e3o\",\"image\":{\"@type\":\"ImageObject\",\"inLanguage\":\"pt-BR\",\"@id\":\"https:\/\/sindicatodosbancarios.org.br\/site2022\/#\/schema\/person\/image\/\",\"url\":\"https:\/\/secure.gravatar.com\/avatar\/f1d1a06f698f2345352e539387180d42?s=96&d=mm&r=g\",\"contentUrl\":\"https:\/\/secure.gravatar.com\/avatar\/f1d1a06f698f2345352e539387180d42?s=96&d=mm&r=g\",\"caption\":\"Sindicato dos Banc\u00e1rios S\u00e3o Bento do Sul e Regi\u00e3o\"},\"sameAs\":[\"http:\/\/sindicatodosbancarios.org.br\/site2022\/\",\"https:\/\/www.facebook.com\/seeb.sbs.9\"],\"url\":\"https:\/\/sindicatodosbancarios.org.br\/site2022\/author\/sindicatodosbancarios\/\"}]}<\/script>\n<!-- \/ Yoast SEO plugin. -->","yoast_head_json":{"title":"INFORME 022\/2017 - EMENDA ALTERA PONTOS DA REFORMA DA PREVID\u00caNCIA - Sindicato dos Banc\u00e1rios de S\u00e3o Bento do Sul e Regi\u00e3o","robots":{"index":"index","follow":"follow","max-snippet":"max-snippet:-1","max-image-preview":"max-image-preview:large","max-video-preview":"max-video-preview:-1"},"canonical":"https:\/\/sindicatodosbancarios.org.br\/site2022\/2017\/02\/03\/informe-0222017-emenda-altera-pontos-da-reforma-da-previdencia\/","og_locale":"pt_BR","og_type":"article","og_title":"INFORME 022\/2017 - EMENDA ALTERA PONTOS DA REFORMA DA PREVID\u00caNCIA - Sindicato dos Banc\u00e1rios de S\u00e3o Bento do Sul e Regi\u00e3o","og_description":"A base aliada do presidente Michel Temer na C\u00e2mara est\u00e1 finalizando um texto alternativo ao apresentado pelo Executivo, [&hellip;]","og_url":"https:\/\/sindicatodosbancarios.org.br\/site2022\/2017\/02\/03\/informe-0222017-emenda-altera-pontos-da-reforma-da-previdencia\/","og_site_name":"Sindicato dos Banc\u00e1rios de S\u00e3o Bento do Sul e Regi\u00e3o","article_author":"https:\/\/www.facebook.com\/seeb.sbs.9","article_published_time":"2017-02-03T16:35:43+00:00","article_modified_time":"2017-08-22T17:36:23+00:00","og_image":[{"width":800,"height":445,"url":"https:\/\/sindicatodosbancarios.org.br\/site2022\/wp-content\/uploads\/2017\/08\/22.jpg","type":"image\/jpeg"}],"author":"Sindicato dos Banc\u00e1rios S\u00e3o Bento do Sul e Regi\u00e3o","twitter_card":"summary_large_image","twitter_misc":{"Escrito por":"Sindicato dos Banc\u00e1rios S\u00e3o Bento do Sul e Regi\u00e3o","Est. tempo de leitura":"2 minutos"},"schema":{"@context":"https:\/\/schema.org","@graph":[{"@type":"Article","@id":"https:\/\/sindicatodosbancarios.org.br\/site2022\/2017\/02\/03\/informe-0222017-emenda-altera-pontos-da-reforma-da-previdencia\/#article","isPartOf":{"@id":"https:\/\/sindicatodosbancarios.org.br\/site2022\/2017\/02\/03\/informe-0222017-emenda-altera-pontos-da-reforma-da-previdencia\/"},"author":{"name":"Sindicato dos Banc\u00e1rios S\u00e3o Bento do Sul e Regi\u00e3o","@id":"https:\/\/sindicatodosbancarios.org.br\/site2022\/#\/schema\/person\/a7d92da77d1084df4d28b57962f1e1bd"},"headline":"INFORME 022\/2017 &#8211; EMENDA ALTERA PONTOS DA REFORMA DA PREVID\u00caNCIA","datePublished":"2017-02-03T16:35:43+00:00","dateModified":"2017-08-22T17:36:23+00:00","mainEntityOfPage":{"@id":"https:\/\/sindicatodosbancarios.org.br\/site2022\/2017\/02\/03\/informe-0222017-emenda-altera-pontos-da-reforma-da-previdencia\/"},"wordCount":395,"commentCount":0,"publisher":{"@id":"https:\/\/sindicatodosbancarios.org.br\/site2022\/#organization"},"articleSection":["Geral"],"inLanguage":"pt-BR","potentialAction":[{"@type":"CommentAction","name":"Comment","target":["https:\/\/sindicatodosbancarios.org.br\/site2022\/2017\/02\/03\/informe-0222017-emenda-altera-pontos-da-reforma-da-previdencia\/#respond"]}]},{"@type":"WebPage","@id":"https:\/\/sindicatodosbancarios.org.br\/site2022\/2017\/02\/03\/informe-0222017-emenda-altera-pontos-da-reforma-da-previdencia\/","url":"https:\/\/sindicatodosbancarios.org.br\/site2022\/2017\/02\/03\/informe-0222017-emenda-altera-pontos-da-reforma-da-previdencia\/","name":"INFORME 022\/2017 - EMENDA ALTERA PONTOS DA REFORMA DA PREVID\u00caNCIA - Sindicato dos Banc\u00e1rios de S\u00e3o Bento do Sul e Regi\u00e3o","isPartOf":{"@id":"https:\/\/sindicatodosbancarios.org.br\/site2022\/#website"},"datePublished":"2017-02-03T16:35:43+00:00","dateModified":"2017-08-22T17:36:23+00:00","breadcrumb":{"@id":"https:\/\/sindicatodosbancarios.org.br\/site2022\/2017\/02\/03\/informe-0222017-emenda-altera-pontos-da-reforma-da-previdencia\/#breadcrumb"},"inLanguage":"pt-BR","potentialAction":[{"@type":"ReadAction","target":["https:\/\/sindicatodosbancarios.org.br\/site2022\/2017\/02\/03\/informe-0222017-emenda-altera-pontos-da-reforma-da-previdencia\/"]}]},{"@type":"BreadcrumbList","@id":"https:\/\/sindicatodosbancarios.org.br\/site2022\/2017\/02\/03\/informe-0222017-emenda-altera-pontos-da-reforma-da-previdencia\/#breadcrumb","itemListElement":[{"@type":"ListItem","position":1,"name":"In\u00edcio","item":"https:\/\/sindicatodosbancarios.org.br\/site2022\/"},{"@type":"ListItem","position":2,"name":"INFORME 022\/2017 &#8211; EMENDA ALTERA PONTOS DA REFORMA DA PREVID\u00caNCIA"}]},{"@type":"WebSite","@id":"https:\/\/sindicatodosbancarios.org.br\/site2022\/#website","url":"https:\/\/sindicatodosbancarios.org.br\/site2022\/","name":"Sindicato dos Banc\u00e1rios de S\u00e3o Bento do Sul e Regi\u00e3o","description":"Website institucional do Sindicato dos Banc\u00e1rios de S\u00e3o Bento do Sul e Regi\u00e3o","publisher":{"@id":"https:\/\/sindicatodosbancarios.org.br\/site2022\/#organization"},"potentialAction":[{"@type":"SearchAction","target":{"@type":"EntryPoint","urlTemplate":"https:\/\/sindicatodosbancarios.org.br\/site2022\/?s={search_term_string}"},"query-input":"required name=search_term_string"}],"inLanguage":"pt-BR"},{"@type":"Organization","@id":"https:\/\/sindicatodosbancarios.org.br\/site2022\/#organization","name":"Sindicato dos Banc\u00e1rios de S\u00e3o Bento do Sul e Regi\u00e3o","url":"https:\/\/sindicatodosbancarios.org.br\/site2022\/","logo":{"@type":"ImageObject","inLanguage":"pt-BR","@id":"https:\/\/sindicatodosbancarios.org.br\/site2022\/#\/schema\/logo\/image\/","url":"https:\/\/sindicatodosbancarios.org.br\/site2022\/wp-content\/uploads\/2017\/06\/cropped-logo-2.png","contentUrl":"https:\/\/sindicatodosbancarios.org.br\/site2022\/wp-content\/uploads\/2017\/06\/cropped-logo-2.png","width":292,"height":292,"caption":"Sindicato dos Banc\u00e1rios de S\u00e3o Bento do Sul e Regi\u00e3o"},"image":{"@id":"https:\/\/sindicatodosbancarios.org.br\/site2022\/#\/schema\/logo\/image\/"}},{"@type":"Person","@id":"https:\/\/sindicatodosbancarios.org.br\/site2022\/#\/schema\/person\/a7d92da77d1084df4d28b57962f1e1bd","name":"Sindicato dos Banc\u00e1rios S\u00e3o Bento do Sul e Regi\u00e3o","image":{"@type":"ImageObject","inLanguage":"pt-BR","@id":"https:\/\/sindicatodosbancarios.org.br\/site2022\/#\/schema\/person\/image\/","url":"https:\/\/secure.gravatar.com\/avatar\/f1d1a06f698f2345352e539387180d42?s=96&d=mm&r=g","contentUrl":"https:\/\/secure.gravatar.com\/avatar\/f1d1a06f698f2345352e539387180d42?s=96&d=mm&r=g","caption":"Sindicato dos Banc\u00e1rios S\u00e3o Bento do Sul e Regi\u00e3o"},"sameAs":["http:\/\/sindicatodosbancarios.org.br\/site2022\/","https:\/\/www.facebook.com\/seeb.sbs.9"],"url":"https:\/\/sindicatodosbancarios.org.br\/site2022\/author\/sindicatodosbancarios\/"}]}},"jetpack_featured_media_url":"https:\/\/sindicatodosbancarios.org.br\/site2022\/wp-content\/uploads\/2017\/08\/22.jpg","jetpack_sharing_enabled":true,"jetpack_shortlink":"https:\/\/wp.me\/p8RSbI-n1","jetpack-related-posts":[{"id":4983,"url":"https:\/\/sindicatodosbancarios.org.br\/site2022\/2021\/01\/07\/informe-bancario-489-2021-novas-regras-de-aposentadorias-e-pensoes-do-inss-em-2021-comecam-a-valer-entenda\/","url_meta":{"origin":1427,"position":0},"title":"INFORME BANC\u00c1RIO \u2013 11\/2021 Novas regras de aposentadorias e pens\u00f5es do INSS em 2021 come\u00e7am a valer; entenda","date":"7 de janeiro de 2021","format":false,"excerpt":"Segundo o especialista Hil\u00e1rio Bocchi J\u00fanior, ap\u00f3s a Reforma da Previd\u00eancia, cada in\u00edcio de ano tem novos gatilhos para trabalhador obter benef\u00edcios. A Reforma da Previd\u00eancia aconteceu em novembro de 2019, mas seus efeitos ser\u00e3o duradouros. Alguns gatilhos ser\u00e3o acionados sempre quando come\u00e7ar um ano novo e, nos pr\u00f3ximos sete\u2026","rel":"","context":"Em &quot;Geral&quot;","img":{"alt_text":"","src":"https:\/\/i0.wp.com\/sindicatodosbancarios.org.br\/site2022\/wp-content\/uploads\/2020\/06\/n_42647_16228b5e1674c79bce66f686777a9b59.1.jpg?resize=350%2C200&ssl=1","width":350,"height":200},"classes":[]},{"id":4517,"url":"https:\/\/sindicatodosbancarios.org.br\/site2022\/2020\/09\/18\/informe-bancario-356-2020-idade-minima-de-aposentadoria-do-inss-para-2020-e-confirmada-confira\/","url_meta":{"origin":1427,"position":1},"title":"INFORME BANC\u00c1RIO \u2013 356\/2020 Idade m\u00ednima de aposentadoria do INSS para 2020 \u00e9 confirmada; Confira!","date":"18 de setembro de 2020","format":false,"excerpt":"No geral, transi\u00e7\u00f5es requerem mais seis meses de contribui\u00e7\u00e3o para quem est\u00e1 pr\u00f3ximo de se aposentar. As novas regras de transi\u00e7\u00e3o da aposentadoria pelo\u00a0Instituto Nacional do Seguro Social (INSS) entraram em vigor no dia 1\u00ba de janeiro deste ano. Desde ent\u00e3o, os c\u00e1lculos envolvendo as concess\u00f5es seguem crit\u00e9rios mais r\u00edgidos\u2026","rel":"","context":"Em &quot;Geral&quot;","img":{"alt_text":"","src":"https:\/\/i0.wp.com\/sindicatodosbancarios.org.br\/site2022\/wp-content\/uploads\/2020\/06\/img201405271557565747683MED.jpg?resize=350%2C200&ssl=1","width":350,"height":200},"classes":[]},{"id":5478,"url":"https:\/\/sindicatodosbancarios.org.br\/site2022\/2021\/06\/18\/informe-bancario-150-2021-as-novas-regras-para-se-aposentar-pela-idade-minima\/","url_meta":{"origin":1427,"position":2},"title":"INFORME BANC\u00c1RIO \u2013 150\/2021 As novas regras para se aposentar pela idade m\u00ednima","date":"18 de junho de 2021","format":false,"excerpt":"As novas regras para se aposentar mudaram depois da Reforma da Previd\u00eancia, que entrou em vigor em novembro de 2019. A Reforma vem confundindo muita gente no que diz respeito as regras de aposentadoria por idade m\u00ednima e por pontos. O que mudou com a Reforma? A mudan\u00e7a aconteceu na\u2026","rel":"","context":"Em &quot;Geral&quot;","img":{"alt_text":"","src":"https:\/\/i0.wp.com\/sindicatodosbancarios.org.br\/site2022\/wp-content\/uploads\/2021\/01\/inss-1200x900.jpg?resize=350%2C200&ssl=1","width":350,"height":200},"classes":[]},{"id":4944,"url":"https:\/\/sindicatodosbancarios.org.br\/site2022\/2021\/01\/04\/informe-bancario-479-2020-confirmada-idade-minima-para-aposentadoria-ate-o-fim-de-2020-conforme-novas-regras-confira\/","url_meta":{"origin":1427,"position":3},"title":"INFORME BANC\u00c1RIO \u2013 01\/2021 Confirmada idade m\u00ednima para aposentadoria at\u00e9 o fim de 2020 conforme novas regras. Confira!","date":"4 de janeiro de 2021","format":false,"excerpt":"Reforma da Previd\u00eancia determinou tr\u00eas transi\u00e7\u00f5es, sendo que em cada uma delas, o INSS ir\u00e1 exigir mais seis meses de contribui\u00e7\u00e3o. Confira as regras para 2020. Segurados do Instituto Nacional do Seguro Social (INSS) que desejam se aposentar em breve devem ficar atentos \u00e0s novas regras de transi\u00e7\u00e3o para solicitar\u2026","rel":"","context":"Em &quot;Geral&quot;","img":{"alt_text":"","src":"https:\/\/i0.wp.com\/sindicatodosbancarios.org.br\/site2022\/wp-content\/uploads\/2021\/01\/carteira-de-trabalho-desemprego-960x540-e1565355192788-727x375.jpg?resize=350%2C200&ssl=1","width":350,"height":200},"classes":[]},{"id":4248,"url":"https:\/\/sindicatodosbancarios.org.br\/site2022\/2020\/08\/10\/informe-bancario-288-2020-aposentadoria-por-tempo-de-contribuicao-acabou-para-todos\/","url_meta":{"origin":1427,"position":4},"title":"INFORME BANC\u00c1RIO \u2013 288\/2020 Aposentadoria por tempo de contribui\u00e7\u00e3o acabou para todos?","date":"10 de agosto de 2020","format":false,"excerpt":"A partir de novembro de 2019, com a Reforma da Previd\u00eancia a Aposentadoria por Tempo de contribui\u00e7\u00e3o foi extinta, dando lugar ao novo benef\u00edcio que exige al\u00e9m do tempo de contribui\u00e7\u00e3o, a idade m\u00ednima de 62 anos pra mulher e 65 anos para homem, no qual vamos abordar no pr\u00f3ximo\u2026","rel":"","context":"Em &quot;Geral&quot;","img":{"alt_text":"","src":"https:\/\/i0.wp.com\/sindicatodosbancarios.org.br\/site2022\/wp-content\/uploads\/2020\/08\/idoso-aposentadoria2.jpg?resize=350%2C200&ssl=1","width":350,"height":200},"classes":[]},{"id":4958,"url":"https:\/\/sindicatodosbancarios.org.br\/site2022\/2021\/01\/05\/informe-bancario-484-2020-vai-dar-entrada-na-aposentadoria-em-2021-veja-as-principais-mudancas-para-solicitar-o-beneficio\/","url_meta":{"origin":1427,"position":5},"title":"INFORME BANC\u00c1RIO \u2013 06\/2021 Vai dar entrada na aposentadoria em 2021? Veja as principais mudan\u00e7as para solicitar o benef\u00edcio","date":"5 de janeiro de 2021","format":false,"excerpt":"Mudan\u00e7as incidem em regras de transi\u00e7\u00e3o, possibilitando com que contribuintes do INSS se aposentem antes da idade m\u00ednima prevista na reforma da Previd\u00eancia. Em novembro de 2020, a\u00a0Reforma da Previd\u00eancia\u00a0soprou as velinhas comemorando um ano em vigor. Com ela, v\u00e1rias mudan\u00e7as foram implantadas para dar entrada na\u00a0aposentadoria\u00a0no Instituto Nacional do\u2026","rel":"","context":"Em &quot;Geral&quot;","img":{"alt_text":"","src":"https:\/\/i0.wp.com\/sindicatodosbancarios.org.br\/site2022\/wp-content\/uploads\/2021\/01\/inss-1200x900.jpg?resize=350%2C200&ssl=1","width":350,"height":200},"classes":[]}],"_links":{"self":[{"href":"https:\/\/sindicatodosbancarios.org.br\/site2022\/wp-json\/wp\/v2\/posts\/1427"}],"collection":[{"href":"https:\/\/sindicatodosbancarios.org.br\/site2022\/wp-json\/wp\/v2\/posts"}],"about":[{"href":"https:\/\/sindicatodosbancarios.org.br\/site2022\/wp-json\/wp\/v2\/types\/post"}],"author":[{"embeddable":true,"href":"https:\/\/sindicatodosbancarios.org.br\/site2022\/wp-json\/wp\/v2\/users\/2"}],"replies":[{"embeddable":true,"href":"https:\/\/sindicatodosbancarios.org.br\/site2022\/wp-json\/wp\/v2\/comments?post=1427"}],"version-history":[{"count":1,"href":"https:\/\/sindicatodosbancarios.org.br\/site2022\/wp-json\/wp\/v2\/posts\/1427\/revisions"}],"predecessor-version":[{"id":1429,"href":"https:\/\/sindicatodosbancarios.org.br\/site2022\/wp-json\/wp\/v2\/posts\/1427\/revisions\/1429"}],"wp:featuredmedia":[{"embeddable":true,"href":"https:\/\/sindicatodosbancarios.org.br\/site2022\/wp-json\/wp\/v2\/media\/1428"}],"wp:attachment":[{"href":"https:\/\/sindicatodosbancarios.org.br\/site2022\/wp-json\/wp\/v2\/media?parent=1427"}],"wp:term":[{"taxonomy":"category","embeddable":true,"href":"https:\/\/sindicatodosbancarios.org.br\/site2022\/wp-json\/wp\/v2\/categories?post=1427"},{"taxonomy":"post_tag","embeddable":true,"href":"https:\/\/sindicatodosbancarios.org.br\/site2022\/wp-json\/wp\/v2\/tags?post=1427"}],"curies":[{"name":"wp","href":"https:\/\/api.w.org\/{rel}","templated":true}]}}