{"id":1520,"date":"2017-02-17T16:47:50","date_gmt":"2017-02-17T18:47:50","guid":{"rendered":"http:\/\/sindicatodosbancarios.org.br\/?p=1520"},"modified":"2017-08-24T16:48:16","modified_gmt":"2017-08-24T19:48:16","slug":"informe-0442017-terceira-reuniao-do-gt-requalificacao-profissional-tem-avancos-importantes","status":"publish","type":"post","link":"https:\/\/sindicatodosbancarios.org.br\/site2022\/2017\/02\/17\/informe-0442017-terceira-reuniao-do-gt-requalificacao-profissional-tem-avancos-importantes\/","title":{"rendered":"INFORME 044\/2017 &#8211; TERCEIRA REUNI\u00c3O DO GT REQUALIFICA\u00c7\u00c3O PROFISSIONAL TEM AVAN\u00c7OS IMPORTANTES"},"content":{"rendered":"<p>A Fenaban recebeu as considera\u00e7\u00f5es da categoria sobre debate de requalifica\u00e7\u00e3o e realoca\u00e7\u00e3o de funcion\u00e1rios.<\/p>\n<p>A terceira reuni\u00e3o entre Comando Nacional dos Banc\u00e1rios e a Fenaban, do Grupo de Trabalho Bipartite de Requalifica\u00e7\u00e3o e Realoca\u00e7\u00e3o Profissional, realizada na quarta-feira (15\/02\/17), em S\u00e3o Paulo &#8211; SP, terminou de forma positiva.<\/p>\n<p>Na reuni\u00e3o anterior, a Fenaban apresentou dois documentos: um delimitava abrang\u00eancia da cl\u00e1usula 62 e o outro com a\u00e7\u00f5es que s\u00e3o realizadas pelos bancos de realoca\u00e7\u00e3o e requalifica\u00e7\u00e3o profissional. Com os documentos em m\u00e3os, o Comando concluiu que os bancos est\u00e3o passando por um processo de reestrutura\u00e7\u00e3o movido pela tecnologia e por mudan\u00e7as no perfil dos neg\u00f3cios e que as atuais a\u00e7\u00f5es de requalifica\u00e7\u00e3o e realoca\u00e7\u00e3o n\u00e3o s\u00e3o efetivas. Os representantes dos trabalhadores tamb\u00e9m identificaram que falta transpar\u00eancia dos bancos na divulga\u00e7\u00e3o das informa\u00e7\u00f5es para os pr\u00f3prios funcion\u00e1rios e para o movimento sindical. Os bancos concordaram com os trabalhadores em muitos pontos apresentados na \u00faltima reuni\u00e3o, mas argumentam que a cl\u00e1usula 62 abrange apenas os trabalhadores que est\u00e3o em \u00e1reas atingidas por mudan\u00e7as.<\/p>\n<p>A Fenaban concordou com transpar\u00eancia na divulga\u00e7\u00e3o das vagas para esses trabalhadores e garantiu que os candidatos n\u00e3o sofrer\u00e3o restri\u00e7\u00f5es por idade, ra\u00e7a, g\u00eanero, orienta\u00e7\u00e3o sexual ou defici\u00eancia na disputa por oportunidades oferecidas. Outro ponto de concord\u00e2ncia, \u00e9 que a responsabilidade pela requalifica\u00e7\u00e3o e realoca\u00e7\u00e3o ser\u00e1 compartilhada entre o empregado e o banco. Mas, n\u00e3o acataram a proposta de aux\u00edlio-educa\u00e7\u00e3o para todos. Uma vez terminado este debate e definidos os processos de realoca\u00e7\u00e3o e requalifica\u00e7\u00e3o o acompanhamento e a avalia\u00e7\u00e3o dos programas ser\u00e3o feitos em dois n\u00edveis: resultados espec\u00edficos do banco, pelas COEs, avalia\u00e7\u00e3o de natureza qualitativa pelo Comando e pela Fenaban.<\/p>\n<p>\u201cApesar da Fenaban delimitar muito a \u00e1rea de atua\u00e7\u00e3o desses processos de transpar\u00eancias e democratiza\u00e7\u00e3o de oportunidades, foi uma reuni\u00e3o positiva. No nosso ponto de vista, todos os empregados de um banco deveriam conhecer as oportunidades que existem nas empresas, e em quais locais e quais fun\u00e7\u00f5es est\u00e3o dispon\u00edveis. Deveriam tamb\u00e9m conhecer quais trilhas de aprendizagem deveriam percorrer para se qualificar para fun\u00e7\u00f5es desejadas. Isso ajudaria no planejamento de carreira do empregado e permitiria uma prepara\u00e7\u00e3o mais efetiva que impediria, de certa forma, a obsolesc\u00eancia dos conhecimentos\u201d.<\/p>\n<p>Os banc\u00e1rios entregaram um documento com as considera\u00e7\u00f5es do Comando Nacional sobre o debate de requalifica\u00e7\u00e3o e realoca\u00e7\u00e3o de empregados dos bancos em processos de reestrutura\u00e7\u00e3o previsto na cl\u00e1usula 62\u00ba da CCT 2016\/2018. Entre os pontos principais est\u00e3o: a responsabilidade dos bancos com seus clientes, usu\u00e1rios e funcion\u00e1rios, propostas de a\u00e7\u00f5es de igualdade e democratiza\u00e7\u00e3o de vagas e de a\u00e7\u00f5es de orienta\u00e7\u00e3o profissional e planejamento de carreira para todos e a necessidade de os bancos oferecerem aux\u00edlio-educa\u00e7\u00e3o. Os bancos se comprometeram a analisar o documento para iniciar a finaliza\u00e7\u00e3o do programa global de requalifica\u00e7\u00e3o e realoca\u00e7\u00e3o profissional na pr\u00f3xima reuni\u00e3o, prevista para 16 de mar\u00e7o de 2017.<\/p>\n<p>A instala\u00e7\u00e3o do GT foi conquistada durante a Campanha Nacional 2016, que tinha como uma das suas principais bandeiras, a defesa do emprego. Formado por representantes dos banc\u00e1rios e da Fenaban, o grupo discute crit\u00e9rios para a constru\u00e7\u00e3o de centros de requalifica\u00e7\u00e3o e realoca\u00e7\u00e3o de empregados, conforme cl\u00e1usula 62 da Conven\u00e7\u00e3o Coletiva de Trabalho -CCT 2016\/2018.<\/p>\n<p><span style=\"font-size: 8pt;\"><em>Fonte: CONTRAF.<\/em><\/span><\/p>\n","protected":false},"excerpt":{"rendered":"<p>A Fenaban recebeu as considera\u00e7\u00f5es da categoria sobre debate de requalifica\u00e7\u00e3o e realoca\u00e7\u00e3o de funcion\u00e1rios. A terceira reuni\u00e3o [&hellip;]<\/p>\n","protected":false},"author":2,"featured_media":1521,"comment_status":"open","ping_status":"open","sticky":false,"template":"","format":"standard","meta":{"jetpack_post_was_ever_published":false,"jetpack_publicize_message":"","jetpack_is_tweetstorm":false,"jetpack_publicize_feature_enabled":true,"jetpack_social_post_already_shared":true,"jetpack_social_options":[]},"categories":[1],"tags":[],"jetpack_publicize_connections":[],"acf":[],"yoast_head":"<!-- This site is optimized with the Yoast SEO plugin v19.14 - https:\/\/yoast.com\/wordpress\/plugins\/seo\/ -->\n<title>INFORME 044\/2017 - TERCEIRA REUNI\u00c3O DO GT REQUALIFICA\u00c7\u00c3O PROFISSIONAL TEM AVAN\u00c7OS IMPORTANTES - Sindicato dos Banc\u00e1rios de S\u00e3o Bento do Sul e Regi\u00e3o<\/title>\n<meta name=\"robots\" content=\"index, follow, max-snippet:-1, max-image-preview:large, max-video-preview:-1\" \/>\n<link rel=\"canonical\" href=\"https:\/\/sindicatodosbancarios.org.br\/site2022\/2017\/02\/17\/informe-0442017-terceira-reuniao-do-gt-requalificacao-profissional-tem-avancos-importantes\/\" \/>\n<meta property=\"og:locale\" content=\"pt_BR\" \/>\n<meta property=\"og:type\" content=\"article\" \/>\n<meta property=\"og:title\" content=\"INFORME 044\/2017 - TERCEIRA REUNI\u00c3O DO GT REQUALIFICA\u00c7\u00c3O PROFISSIONAL TEM AVAN\u00c7OS IMPORTANTES - Sindicato dos Banc\u00e1rios de S\u00e3o Bento do Sul e Regi\u00e3o\" \/>\n<meta property=\"og:description\" content=\"A Fenaban recebeu as considera\u00e7\u00f5es da categoria sobre debate de requalifica\u00e7\u00e3o e realoca\u00e7\u00e3o de funcion\u00e1rios. A terceira reuni\u00e3o [&hellip;]\" \/>\n<meta property=\"og:url\" content=\"https:\/\/sindicatodosbancarios.org.br\/site2022\/2017\/02\/17\/informe-0442017-terceira-reuniao-do-gt-requalificacao-profissional-tem-avancos-importantes\/\" \/>\n<meta property=\"og:site_name\" content=\"Sindicato dos Banc\u00e1rios de S\u00e3o Bento do Sul e Regi\u00e3o\" \/>\n<meta property=\"article:author\" content=\"https:\/\/www.facebook.com\/seeb.sbs.9\" \/>\n<meta property=\"article:published_time\" content=\"2017-02-17T18:47:50+00:00\" \/>\n<meta property=\"article:modified_time\" content=\"2017-08-24T19:48:16+00:00\" \/>\n<meta property=\"og:image\" content=\"https:\/\/sindicatodosbancarios.org.br\/site2022\/wp-content\/uploads\/2017\/08\/44.jpg\" \/>\n\t<meta property=\"og:image:width\" content=\"700\" \/>\n\t<meta property=\"og:image:height\" content=\"465\" \/>\n\t<meta property=\"og:image:type\" content=\"image\/jpeg\" \/>\n<meta name=\"author\" content=\"Sindicato dos Banc\u00e1rios S\u00e3o Bento do Sul e Regi\u00e3o\" \/>\n<meta name=\"twitter:card\" content=\"summary_large_image\" \/>\n<meta name=\"twitter:label1\" content=\"Escrito por\" \/>\n\t<meta name=\"twitter:data1\" content=\"Sindicato dos Banc\u00e1rios S\u00e3o Bento do Sul e Regi\u00e3o\" \/>\n\t<meta name=\"twitter:label2\" content=\"Est. tempo de leitura\" \/>\n\t<meta name=\"twitter:data2\" content=\"3 minutos\" \/>\n<script type=\"application\/ld+json\" class=\"yoast-schema-graph\">{\"@context\":\"https:\/\/schema.org\",\"@graph\":[{\"@type\":\"Article\",\"@id\":\"https:\/\/sindicatodosbancarios.org.br\/site2022\/2017\/02\/17\/informe-0442017-terceira-reuniao-do-gt-requalificacao-profissional-tem-avancos-importantes\/#article\",\"isPartOf\":{\"@id\":\"https:\/\/sindicatodosbancarios.org.br\/site2022\/2017\/02\/17\/informe-0442017-terceira-reuniao-do-gt-requalificacao-profissional-tem-avancos-importantes\/\"},\"author\":{\"name\":\"Sindicato dos Banc\u00e1rios S\u00e3o Bento do Sul e Regi\u00e3o\",\"@id\":\"https:\/\/sindicatodosbancarios.org.br\/site2022\/#\/schema\/person\/a7d92da77d1084df4d28b57962f1e1bd\"},\"headline\":\"INFORME 044\/2017 &#8211; TERCEIRA REUNI\u00c3O DO GT REQUALIFICA\u00c7\u00c3O PROFISSIONAL TEM AVAN\u00c7OS IMPORTANTES\",\"datePublished\":\"2017-02-17T18:47:50+00:00\",\"dateModified\":\"2017-08-24T19:48:16+00:00\",\"mainEntityOfPage\":{\"@id\":\"https:\/\/sindicatodosbancarios.org.br\/site2022\/2017\/02\/17\/informe-0442017-terceira-reuniao-do-gt-requalificacao-profissional-tem-avancos-importantes\/\"},\"wordCount\":627,\"commentCount\":0,\"publisher\":{\"@id\":\"https:\/\/sindicatodosbancarios.org.br\/site2022\/#organization\"},\"articleSection\":[\"Geral\"],\"inLanguage\":\"pt-BR\",\"potentialAction\":[{\"@type\":\"CommentAction\",\"name\":\"Comment\",\"target\":[\"https:\/\/sindicatodosbancarios.org.br\/site2022\/2017\/02\/17\/informe-0442017-terceira-reuniao-do-gt-requalificacao-profissional-tem-avancos-importantes\/#respond\"]}]},{\"@type\":\"WebPage\",\"@id\":\"https:\/\/sindicatodosbancarios.org.br\/site2022\/2017\/02\/17\/informe-0442017-terceira-reuniao-do-gt-requalificacao-profissional-tem-avancos-importantes\/\",\"url\":\"https:\/\/sindicatodosbancarios.org.br\/site2022\/2017\/02\/17\/informe-0442017-terceira-reuniao-do-gt-requalificacao-profissional-tem-avancos-importantes\/\",\"name\":\"INFORME 044\/2017 - TERCEIRA REUNI\u00c3O DO GT REQUALIFICA\u00c7\u00c3O PROFISSIONAL TEM AVAN\u00c7OS IMPORTANTES - Sindicato dos Banc\u00e1rios de S\u00e3o Bento do Sul e Regi\u00e3o\",\"isPartOf\":{\"@id\":\"https:\/\/sindicatodosbancarios.org.br\/site2022\/#website\"},\"datePublished\":\"2017-02-17T18:47:50+00:00\",\"dateModified\":\"2017-08-24T19:48:16+00:00\",\"breadcrumb\":{\"@id\":\"https:\/\/sindicatodosbancarios.org.br\/site2022\/2017\/02\/17\/informe-0442017-terceira-reuniao-do-gt-requalificacao-profissional-tem-avancos-importantes\/#breadcrumb\"},\"inLanguage\":\"pt-BR\",\"potentialAction\":[{\"@type\":\"ReadAction\",\"target\":[\"https:\/\/sindicatodosbancarios.org.br\/site2022\/2017\/02\/17\/informe-0442017-terceira-reuniao-do-gt-requalificacao-profissional-tem-avancos-importantes\/\"]}]},{\"@type\":\"BreadcrumbList\",\"@id\":\"https:\/\/sindicatodosbancarios.org.br\/site2022\/2017\/02\/17\/informe-0442017-terceira-reuniao-do-gt-requalificacao-profissional-tem-avancos-importantes\/#breadcrumb\",\"itemListElement\":[{\"@type\":\"ListItem\",\"position\":1,\"name\":\"In\u00edcio\",\"item\":\"https:\/\/sindicatodosbancarios.org.br\/site2022\/\"},{\"@type\":\"ListItem\",\"position\":2,\"name\":\"INFORME 044\/2017 &#8211; TERCEIRA REUNI\u00c3O DO GT REQUALIFICA\u00c7\u00c3O PROFISSIONAL TEM AVAN\u00c7OS IMPORTANTES\"}]},{\"@type\":\"WebSite\",\"@id\":\"https:\/\/sindicatodosbancarios.org.br\/site2022\/#website\",\"url\":\"https:\/\/sindicatodosbancarios.org.br\/site2022\/\",\"name\":\"Sindicato dos Banc\u00e1rios de S\u00e3o Bento do Sul e Regi\u00e3o\",\"description\":\"Website institucional do Sindicato dos Banc\u00e1rios de S\u00e3o Bento do Sul e Regi\u00e3o\",\"publisher\":{\"@id\":\"https:\/\/sindicatodosbancarios.org.br\/site2022\/#organization\"},\"potentialAction\":[{\"@type\":\"SearchAction\",\"target\":{\"@type\":\"EntryPoint\",\"urlTemplate\":\"https:\/\/sindicatodosbancarios.org.br\/site2022\/?s={search_term_string}\"},\"query-input\":\"required name=search_term_string\"}],\"inLanguage\":\"pt-BR\"},{\"@type\":\"Organization\",\"@id\":\"https:\/\/sindicatodosbancarios.org.br\/site2022\/#organization\",\"name\":\"Sindicato dos Banc\u00e1rios de S\u00e3o Bento do Sul e Regi\u00e3o\",\"url\":\"https:\/\/sindicatodosbancarios.org.br\/site2022\/\",\"logo\":{\"@type\":\"ImageObject\",\"inLanguage\":\"pt-BR\",\"@id\":\"https:\/\/sindicatodosbancarios.org.br\/site2022\/#\/schema\/logo\/image\/\",\"url\":\"https:\/\/sindicatodosbancarios.org.br\/site2022\/wp-content\/uploads\/2017\/06\/cropped-logo-2.png\",\"contentUrl\":\"https:\/\/sindicatodosbancarios.org.br\/site2022\/wp-content\/uploads\/2017\/06\/cropped-logo-2.png\",\"width\":292,\"height\":292,\"caption\":\"Sindicato dos Banc\u00e1rios de S\u00e3o Bento do Sul e Regi\u00e3o\"},\"image\":{\"@id\":\"https:\/\/sindicatodosbancarios.org.br\/site2022\/#\/schema\/logo\/image\/\"}},{\"@type\":\"Person\",\"@id\":\"https:\/\/sindicatodosbancarios.org.br\/site2022\/#\/schema\/person\/a7d92da77d1084df4d28b57962f1e1bd\",\"name\":\"Sindicato dos Banc\u00e1rios S\u00e3o Bento do Sul e Regi\u00e3o\",\"image\":{\"@type\":\"ImageObject\",\"inLanguage\":\"pt-BR\",\"@id\":\"https:\/\/sindicatodosbancarios.org.br\/site2022\/#\/schema\/person\/image\/\",\"url\":\"https:\/\/secure.gravatar.com\/avatar\/f1d1a06f698f2345352e539387180d42?s=96&d=mm&r=g\",\"contentUrl\":\"https:\/\/secure.gravatar.com\/avatar\/f1d1a06f698f2345352e539387180d42?s=96&d=mm&r=g\",\"caption\":\"Sindicato dos Banc\u00e1rios S\u00e3o Bento do Sul e Regi\u00e3o\"},\"sameAs\":[\"http:\/\/sindicatodosbancarios.org.br\/site2022\/\",\"https:\/\/www.facebook.com\/seeb.sbs.9\"],\"url\":\"https:\/\/sindicatodosbancarios.org.br\/site2022\/author\/sindicatodosbancarios\/\"}]}<\/script>\n<!-- \/ Yoast SEO plugin. -->","yoast_head_json":{"title":"INFORME 044\/2017 - TERCEIRA REUNI\u00c3O DO GT REQUALIFICA\u00c7\u00c3O PROFISSIONAL TEM AVAN\u00c7OS IMPORTANTES - Sindicato dos Banc\u00e1rios de S\u00e3o Bento do Sul e Regi\u00e3o","robots":{"index":"index","follow":"follow","max-snippet":"max-snippet:-1","max-image-preview":"max-image-preview:large","max-video-preview":"max-video-preview:-1"},"canonical":"https:\/\/sindicatodosbancarios.org.br\/site2022\/2017\/02\/17\/informe-0442017-terceira-reuniao-do-gt-requalificacao-profissional-tem-avancos-importantes\/","og_locale":"pt_BR","og_type":"article","og_title":"INFORME 044\/2017 - TERCEIRA REUNI\u00c3O DO GT REQUALIFICA\u00c7\u00c3O PROFISSIONAL TEM AVAN\u00c7OS IMPORTANTES - Sindicato dos Banc\u00e1rios de S\u00e3o Bento do Sul e Regi\u00e3o","og_description":"A Fenaban recebeu as considera\u00e7\u00f5es da categoria sobre debate de requalifica\u00e7\u00e3o e realoca\u00e7\u00e3o de funcion\u00e1rios. A terceira reuni\u00e3o [&hellip;]","og_url":"https:\/\/sindicatodosbancarios.org.br\/site2022\/2017\/02\/17\/informe-0442017-terceira-reuniao-do-gt-requalificacao-profissional-tem-avancos-importantes\/","og_site_name":"Sindicato dos Banc\u00e1rios de S\u00e3o Bento do Sul e Regi\u00e3o","article_author":"https:\/\/www.facebook.com\/seeb.sbs.9","article_published_time":"2017-02-17T18:47:50+00:00","article_modified_time":"2017-08-24T19:48:16+00:00","og_image":[{"width":700,"height":465,"url":"https:\/\/sindicatodosbancarios.org.br\/site2022\/wp-content\/uploads\/2017\/08\/44.jpg","type":"image\/jpeg"}],"author":"Sindicato dos Banc\u00e1rios S\u00e3o Bento do Sul e Regi\u00e3o","twitter_card":"summary_large_image","twitter_misc":{"Escrito por":"Sindicato dos Banc\u00e1rios S\u00e3o Bento do Sul e Regi\u00e3o","Est. tempo de leitura":"3 minutos"},"schema":{"@context":"https:\/\/schema.org","@graph":[{"@type":"Article","@id":"https:\/\/sindicatodosbancarios.org.br\/site2022\/2017\/02\/17\/informe-0442017-terceira-reuniao-do-gt-requalificacao-profissional-tem-avancos-importantes\/#article","isPartOf":{"@id":"https:\/\/sindicatodosbancarios.org.br\/site2022\/2017\/02\/17\/informe-0442017-terceira-reuniao-do-gt-requalificacao-profissional-tem-avancos-importantes\/"},"author":{"name":"Sindicato dos Banc\u00e1rios S\u00e3o Bento do Sul e Regi\u00e3o","@id":"https:\/\/sindicatodosbancarios.org.br\/site2022\/#\/schema\/person\/a7d92da77d1084df4d28b57962f1e1bd"},"headline":"INFORME 044\/2017 &#8211; TERCEIRA REUNI\u00c3O DO GT REQUALIFICA\u00c7\u00c3O PROFISSIONAL TEM AVAN\u00c7OS IMPORTANTES","datePublished":"2017-02-17T18:47:50+00:00","dateModified":"2017-08-24T19:48:16+00:00","mainEntityOfPage":{"@id":"https:\/\/sindicatodosbancarios.org.br\/site2022\/2017\/02\/17\/informe-0442017-terceira-reuniao-do-gt-requalificacao-profissional-tem-avancos-importantes\/"},"wordCount":627,"commentCount":0,"publisher":{"@id":"https:\/\/sindicatodosbancarios.org.br\/site2022\/#organization"},"articleSection":["Geral"],"inLanguage":"pt-BR","potentialAction":[{"@type":"CommentAction","name":"Comment","target":["https:\/\/sindicatodosbancarios.org.br\/site2022\/2017\/02\/17\/informe-0442017-terceira-reuniao-do-gt-requalificacao-profissional-tem-avancos-importantes\/#respond"]}]},{"@type":"WebPage","@id":"https:\/\/sindicatodosbancarios.org.br\/site2022\/2017\/02\/17\/informe-0442017-terceira-reuniao-do-gt-requalificacao-profissional-tem-avancos-importantes\/","url":"https:\/\/sindicatodosbancarios.org.br\/site2022\/2017\/02\/17\/informe-0442017-terceira-reuniao-do-gt-requalificacao-profissional-tem-avancos-importantes\/","name":"INFORME 044\/2017 - TERCEIRA REUNI\u00c3O DO GT REQUALIFICA\u00c7\u00c3O PROFISSIONAL TEM AVAN\u00c7OS IMPORTANTES - Sindicato dos Banc\u00e1rios de S\u00e3o Bento do Sul e Regi\u00e3o","isPartOf":{"@id":"https:\/\/sindicatodosbancarios.org.br\/site2022\/#website"},"datePublished":"2017-02-17T18:47:50+00:00","dateModified":"2017-08-24T19:48:16+00:00","breadcrumb":{"@id":"https:\/\/sindicatodosbancarios.org.br\/site2022\/2017\/02\/17\/informe-0442017-terceira-reuniao-do-gt-requalificacao-profissional-tem-avancos-importantes\/#breadcrumb"},"inLanguage":"pt-BR","potentialAction":[{"@type":"ReadAction","target":["https:\/\/sindicatodosbancarios.org.br\/site2022\/2017\/02\/17\/informe-0442017-terceira-reuniao-do-gt-requalificacao-profissional-tem-avancos-importantes\/"]}]},{"@type":"BreadcrumbList","@id":"https:\/\/sindicatodosbancarios.org.br\/site2022\/2017\/02\/17\/informe-0442017-terceira-reuniao-do-gt-requalificacao-profissional-tem-avancos-importantes\/#breadcrumb","itemListElement":[{"@type":"ListItem","position":1,"name":"In\u00edcio","item":"https:\/\/sindicatodosbancarios.org.br\/site2022\/"},{"@type":"ListItem","position":2,"name":"INFORME 044\/2017 &#8211; TERCEIRA REUNI\u00c3O DO GT REQUALIFICA\u00c7\u00c3O PROFISSIONAL TEM AVAN\u00c7OS IMPORTANTES"}]},{"@type":"WebSite","@id":"https:\/\/sindicatodosbancarios.org.br\/site2022\/#website","url":"https:\/\/sindicatodosbancarios.org.br\/site2022\/","name":"Sindicato dos Banc\u00e1rios de S\u00e3o Bento do Sul e Regi\u00e3o","description":"Website institucional do Sindicato dos Banc\u00e1rios de S\u00e3o Bento do Sul e Regi\u00e3o","publisher":{"@id":"https:\/\/sindicatodosbancarios.org.br\/site2022\/#organization"},"potentialAction":[{"@type":"SearchAction","target":{"@type":"EntryPoint","urlTemplate":"https:\/\/sindicatodosbancarios.org.br\/site2022\/?s={search_term_string}"},"query-input":"required name=search_term_string"}],"inLanguage":"pt-BR"},{"@type":"Organization","@id":"https:\/\/sindicatodosbancarios.org.br\/site2022\/#organization","name":"Sindicato dos Banc\u00e1rios de S\u00e3o Bento do Sul e Regi\u00e3o","url":"https:\/\/sindicatodosbancarios.org.br\/site2022\/","logo":{"@type":"ImageObject","inLanguage":"pt-BR","@id":"https:\/\/sindicatodosbancarios.org.br\/site2022\/#\/schema\/logo\/image\/","url":"https:\/\/sindicatodosbancarios.org.br\/site2022\/wp-content\/uploads\/2017\/06\/cropped-logo-2.png","contentUrl":"https:\/\/sindicatodosbancarios.org.br\/site2022\/wp-content\/uploads\/2017\/06\/cropped-logo-2.png","width":292,"height":292,"caption":"Sindicato dos Banc\u00e1rios de S\u00e3o Bento do Sul e Regi\u00e3o"},"image":{"@id":"https:\/\/sindicatodosbancarios.org.br\/site2022\/#\/schema\/logo\/image\/"}},{"@type":"Person","@id":"https:\/\/sindicatodosbancarios.org.br\/site2022\/#\/schema\/person\/a7d92da77d1084df4d28b57962f1e1bd","name":"Sindicato dos Banc\u00e1rios S\u00e3o Bento do Sul e Regi\u00e3o","image":{"@type":"ImageObject","inLanguage":"pt-BR","@id":"https:\/\/sindicatodosbancarios.org.br\/site2022\/#\/schema\/person\/image\/","url":"https:\/\/secure.gravatar.com\/avatar\/f1d1a06f698f2345352e539387180d42?s=96&d=mm&r=g","contentUrl":"https:\/\/secure.gravatar.com\/avatar\/f1d1a06f698f2345352e539387180d42?s=96&d=mm&r=g","caption":"Sindicato dos Banc\u00e1rios S\u00e3o Bento do Sul e Regi\u00e3o"},"sameAs":["http:\/\/sindicatodosbancarios.org.br\/site2022\/","https:\/\/www.facebook.com\/seeb.sbs.9"],"url":"https:\/\/sindicatodosbancarios.org.br\/site2022\/author\/sindicatodosbancarios\/"}]}},"jetpack_featured_media_url":"https:\/\/sindicatodosbancarios.org.br\/site2022\/wp-content\/uploads\/2017\/08\/44.jpg","jetpack_sharing_enabled":true,"jetpack_shortlink":"https:\/\/wp.me\/p8RSbI-ow","jetpack-related-posts":[{"id":4227,"url":"https:\/\/sindicatodosbancarios.org.br\/site2022\/2020\/08\/07\/informe-bancario-282-2020-terceira-reuniao-entre-a-comissao-de-negociacao-da-contec-e-a-comissao-de-negociacao-da-fenaban\/","url_meta":{"origin":1520,"position":0},"title":"INFORME BANC\u00c1RIO \u2013 282\/2020  Terceira reuni\u00e3o entre a Comiss\u00e3o de Negocia\u00e7\u00e3o da CONTEC e a Comiss\u00e3o de Negocia\u00e7\u00e3o da FENABAN","date":"7 de agosto de 2020","format":false,"excerpt":"Realizada\u00a0nesta\u00a0quinta-feira (06), a\u00a0partir das 12h,\u00a0via remota\/virtual, a\u00a0terceira\u00a0reuni\u00e3o entre a Comiss\u00e3o de Negocia\u00e7\u00e3o da\u00a0CONTEC\u00a0e a\u00a0Comiss\u00e3o de Negocia\u00e7\u00e3o da\u00a0FENABAN,\u00a0para debate\u00a0das reivindica\u00e7\u00f5es dos\u00a0banc\u00e1rios,\u00a0visando a\u00a0manuten\u00e7\u00e3o da\u00a0CCT\u00a0vigente e agrega\u00e7\u00e3o de\u00a0outros\u00a0benef\u00edcios,\u00a0objetivando\u00a0assegurar a qualidade de vida e\u00a0o bom atendimento da sociedade. Na\u00a0reuni\u00e3o\u00a0foram\u00a0debatidas\u00a0as quest\u00f5es\u00a0referentes \u00e0s Comiss\u00f5es Tem\u00e1ticas, com destaque para a preocupa\u00e7\u00e3o da manuten\u00e7\u00e3o dos planos de sa\u00fade\u2026","rel":"","context":"Em &quot;Banco do Brasil&quot;","img":{"alt_text":"","src":"https:\/\/i0.wp.com\/sindicatodosbancarios.org.br\/site2022\/wp-content\/uploads\/2020\/08\/camp-salarial-3.jpg?resize=350%2C200&ssl=1","width":350,"height":200},"classes":[]},{"id":4219,"url":"https:\/\/sindicatodosbancarios.org.br\/site2022\/2020\/08\/05\/informe-bancario-280-2020-resultado-reuniao-fenaban-de-04-08-2020-campanha-salarial-dos-bancarios-2020\/","url_meta":{"origin":1520,"position":1},"title":"INFORME BANC\u00c1RIO \u2013 280\/2020 RESULTADO REUNI\u00c3O FENABAN DE 04\/08\/2020 &#8211; CAMPANHA SALARIAL DOS BANC\u00c1RIOS 2020","date":"5 de agosto de 2020","format":false,"excerpt":"Foi realizada na tarde desta ter\u00e7a-feira (04), a partir das 14h, via remota\/virtual, a segunda reuni\u00e3o entre a Comiss\u00e3o de Negocia\u00e7\u00e3o da CONTEC e a FENABAN, a fim de debater as Reivindica\u00e7\u00f5es dos Banc\u00e1rios 2020, para manter a Conven\u00e7\u00e3o Coletiva de Trabalho vigente e agregar outros benef\u00edcios relativos aos direitos\u2026","rel":"","context":"Em &quot;Banco do Brasil&quot;","img":{"alt_text":"","src":"https:\/\/i0.wp.com\/sindicatodosbancarios.org.br\/site2022\/wp-content\/uploads\/2020\/08\/050820143012-REUNI\u00c3O-FENABAN-04_08_20-SEEB-JGS-E-REGI\u00c3O-SC..png?resize=350%2C200&ssl=1","width":350,"height":200},"classes":[]},{"id":4326,"url":"https:\/\/sindicatodosbancarios.org.br\/site2022\/2020\/08\/21\/informe-bancario-310-2020-campanha-salarial-2020-fenaban\/","url_meta":{"origin":1520,"position":2},"title":"INFORME BANC\u00c1RIO \u2013 310\/2020 Campanha salarial 2020 \u2013 FENABAN","date":"21 de agosto de 2020","format":false,"excerpt":"A partir das 17h40 desta quinta-feira (20\/8), a Comiss\u00e3o Executiva Banc\u00e1ria Nacional de Negocia\u00e7\u00e3o da CONTEC realizou \u2013 via remota\/virtual \u2013, a oitava reuni\u00e3o com a Comiss\u00e3o de Negocia\u00e7\u00e3o da FENABAN, para dar continuidade aos debates das reivindica\u00e7\u00f5es dos banc\u00e1rios para a presente data-base, com vistas \u00e0 manuten\u00e7\u00e3o dos direitos\u2026","rel":"","context":"Em &quot;Banco do Brasil&quot;","img":{"alt_text":"","src":"https:\/\/i0.wp.com\/sindicatodosbancarios.org.br\/site2022\/wp-content\/uploads\/2020\/08\/BEDD0270-C889-4668-91EC-9BA7152B423F-2.jpeg?resize=350%2C200&ssl=1","width":350,"height":200},"classes":[]},{"id":5099,"url":"https:\/\/sindicatodosbancarios.org.br\/site2022\/2021\/02\/03\/informe-bancario-41-2021-reuniao-com-a-fenaban-sobre-covid-19\/","url_meta":{"origin":1520,"position":3},"title":"INFORME BANC\u00c1RIO \u2013 41\/2021 Reuni\u00e3o com a Fenaban sobre COVID 19","date":"3 de fevereiro de 2021","format":false,"excerpt":"Na tarde desta ter\u00e7a-feira (02\/02),\u00a0a mesa de negocia\u00e7\u00e3o da CONTEC se reuniu, por videoconfer\u00eancia, com a mesa da FENABAN, para debater sobre medidas\u00a0para enfrentamento da segunda onda da pandemia do COVID. O negociador da FENABAN, Dr. Adauto Duarte, come\u00e7ou a reuni\u00e3o enaltecendo os trabalhos que v\u00eam sendo desenvolvidos pelos dirigentes\u2026","rel":"","context":"Em &quot;Geral&quot;","img":{"alt_text":"","src":"https:\/\/i0.wp.com\/sindicatodosbancarios.org.br\/site2022\/wp-content\/uploads\/2021\/02\/contecfenaban.jpg?resize=350%2C200&ssl=1","width":350,"height":200},"classes":[]},{"id":4273,"url":"https:\/\/sindicatodosbancarios.org.br\/site2022\/2020\/08\/13\/informe-bancario-295-2020-campanha-salarial-2020-fenaban\/","url_meta":{"origin":1520,"position":4},"title":"INFORME BANC\u00c1RIO \u2013 295\/2020 Campanha salarial 2020 \u2013 FENABAN","date":"13 de agosto de 2020","format":false,"excerpt":"Na manh\u00e3 desta quinta-feira(13), pela manh\u00e3,\u00a0a Comiss\u00e3o Executiva de Negocia\u00e7\u00e3o da CONTEC realizou\u00a0\u2013\u00a0via remota\/virtual\u00a0\u2013, a quinta\u00a0reuni\u00e3o\u00a0com\u00a0a\u00a0Comiss\u00e3o de Negocia\u00e7\u00e3o da\u00a0FENABAN,\u00a0para debate\u00a0das reivindica\u00e7\u00f5es dos\u00a0banc\u00e1rios,\u00a0buscando\u00a0manter os direitos\u00a0atuais e acrescentar outros benef\u00edcios \u00e0\u00a0Conven\u00e7\u00e3o\u00a0Coletiva de\u00a0Trabalho, com objetivo de\u00a0melhorar a\u00a0qualidade de vida\u00a0dos trabalhadores\u00a0e\u00a0o\u00a0adequado\u00a0atendimento da sociedade. A reuni\u00e3o teve in\u00edcio com a apresenta\u00e7\u00e3o\u00a0sobre o Censo da Diversidade\u2026","rel":"","context":"Em &quot;Banco do Brasil&quot;","img":{"alt_text":"","src":"https:\/\/i0.wp.com\/sindicatodosbancarios.org.br\/site2022\/wp-content\/uploads\/2020\/08\/04A2E752-2A22-455B-8DC4-4A105379BC29.jpeg?resize=350%2C200&ssl=1","width":350,"height":200},"classes":[]},{"id":4322,"url":"https:\/\/sindicatodosbancarios.org.br\/site2022\/2020\/08\/20\/informe-bancario-309-2020-saiba-quanto-a-plr-do-santander-sera-reduzida-com-a-proposta-da-fenaban\/","url_meta":{"origin":1520,"position":5},"title":"INFORME BANC\u00c1RIO \u2013 309\/2020 SAIBA QUANTO A PLR DO SANTANDER SER\u00c1 REDUZIDA COM A PROPOSTA DA FENABAN","date":"20 de agosto de 2020","format":false,"excerpt":"Federa\u00e7\u00e3o dos Bancos apresentou proposta que pode encolher em at\u00e9 31% a PLR dos Banc\u00e1rios do Santander; veja quadro comparativo com os percentuais de redu\u00e7\u00e3o por faixas salariais Veja no quadro abaixo os percentuais de redu\u00e7\u00e3o da PLR do Santander por faixas salariais que a proposta da FENABAN iria resultar.\u2026","rel":"","context":"Em &quot;Geral&quot;","img":{"alt_text":"","src":"https:\/\/i0.wp.com\/sindicatodosbancarios.org.br\/site2022\/wp-content\/uploads\/2020\/08\/200820135734-SANTANDER.jpg?resize=350%2C200&ssl=1","width":350,"height":200},"classes":[]}],"_links":{"self":[{"href":"https:\/\/sindicatodosbancarios.org.br\/site2022\/wp-json\/wp\/v2\/posts\/1520"}],"collection":[{"href":"https:\/\/sindicatodosbancarios.org.br\/site2022\/wp-json\/wp\/v2\/posts"}],"about":[{"href":"https:\/\/sindicatodosbancarios.org.br\/site2022\/wp-json\/wp\/v2\/types\/post"}],"author":[{"embeddable":true,"href":"https:\/\/sindicatodosbancarios.org.br\/site2022\/wp-json\/wp\/v2\/users\/2"}],"replies":[{"embeddable":true,"href":"https:\/\/sindicatodosbancarios.org.br\/site2022\/wp-json\/wp\/v2\/comments?post=1520"}],"version-history":[{"count":1,"href":"https:\/\/sindicatodosbancarios.org.br\/site2022\/wp-json\/wp\/v2\/posts\/1520\/revisions"}],"predecessor-version":[{"id":1522,"href":"https:\/\/sindicatodosbancarios.org.br\/site2022\/wp-json\/wp\/v2\/posts\/1520\/revisions\/1522"}],"wp:featuredmedia":[{"embeddable":true,"href":"https:\/\/sindicatodosbancarios.org.br\/site2022\/wp-json\/wp\/v2\/media\/1521"}],"wp:attachment":[{"href":"https:\/\/sindicatodosbancarios.org.br\/site2022\/wp-json\/wp\/v2\/media?parent=1520"}],"wp:term":[{"taxonomy":"category","embeddable":true,"href":"https:\/\/sindicatodosbancarios.org.br\/site2022\/wp-json\/wp\/v2\/categories?post=1520"},{"taxonomy":"post_tag","embeddable":true,"href":"https:\/\/sindicatodosbancarios.org.br\/site2022\/wp-json\/wp\/v2\/tags?post=1520"}],"curies":[{"name":"wp","href":"https:\/\/api.w.org\/{rel}","templated":true}]}}