{"id":1546,"date":"2017-08-28T13:32:36","date_gmt":"2017-08-28T16:32:36","guid":{"rendered":"http:\/\/sindicatodosbancarios.org.br\/?p=1546"},"modified":"2017-08-28T13:38:43","modified_gmt":"2017-08-28T16:38:43","slug":"informe-1492017-dia-dos-bancarios-28-de-agosto","status":"publish","type":"post","link":"https:\/\/sindicatodosbancarios.org.br\/site2022\/2017\/08\/28\/informe-1492017-dia-dos-bancarios-28-de-agosto\/","title":{"rendered":"INFORME 149\/2017 &#8211; DIA DOS BANC\u00c1RIOS 28 DE AGOSTO"},"content":{"rendered":"<p>Esta data \u00e9 uma homenagem a todos os profissionais que trabalham nas mais diversas fun\u00e7\u00f5es de um banco ou demais institui\u00e7\u00f5es financeiras.<\/p>\n<p>Os banc\u00e1rios s\u00e3o essenciais para o funcionamento desses espa\u00e7os, seja atendendo os clientes, realizando transa\u00e7\u00f5es, pagamentos, dep\u00f3sitos e etc.<\/p>\n<p>Em alguns estados brasileiros, como a Para\u00edba, por exemplo, o Dia dos Banc\u00e1rios \u00e9 considerado um feriado para os profissionais da classe. Ou seja, nesta data os bancos ficam encerrados naquele estado (Lei n\u00ba 8.939, de 27 de outubro de 2009).<\/p>\n<p><strong>Origem do Dia dos Banc\u00e1rios<\/strong><\/p>\n<p>A data de comemora\u00e7\u00e3o da classe banc\u00e1ria \u00e9 uma homenagem a um momento hist\u00f3rico de extrema import\u00e2ncia para esses profissionais no pa\u00eds.<\/p>\n<p>No dia 28 de agosto de 1951, o Sindicato de Banc\u00e1rios de S\u00e3o Paulo entrou em greve ap\u00f3s receber uma proposta de reajuste salarial insignificante do governo. Os profissionais pediam, na \u00e9poca, 40% de melhoria salarial e melhores condi\u00e7\u00f5es de trabalho.<\/p>\n<p>V\u00e1rios outros sindicatos por todo o territ\u00f3rio nacional aderiram \u00e0 greve, no entanto, n\u00e3o aguentaram a press\u00e3o e acabaram por aceitar as propostas do governo, que estavam bem abaixo da m\u00e9dia solicitada pela classe banc\u00e1ria.<\/p>\n<p>Apenas em S\u00e3o Paulo os trabalhadores continuavam resistindo as press\u00f5es. Em 5 de novembro, ap\u00f3s 69 dias em greve, os banc\u00e1rios conseguiram um reajuste de 31% no sal\u00e1rio. Uma grande vit\u00f3ria para a classe, que passou a ser perseguida depois da greve. Muitos perderam seus empregos e foram alvos de repres\u00e1lias.<\/p>\n<p>A insist\u00eancia e for\u00e7a dos profissionais daquela \u00e9poca se tornaram um exemplo para toda a classe. Por isso, o dia 28 de agosto \u00e9 lembrado como o Dia dos Banc\u00e1rios em todo o Brasil.<\/p>\n<p><strong>Mensagem para o Dia dos Banc\u00e1rios<\/strong><\/p>\n<p>Nesta data, n\u00e3o h\u00e1 valor que cobre todo o profissionalismo, dedica\u00e7\u00e3o e comprometimento que voc\u00ea tem com os clientes e a institui\u00e7\u00e3o! Parab\u00e9ns e feliz dia!<\/p>\n<p>Hoje \u00e9 dia de liquidar com a tristeza, estourar com o estresse, abrir uma conta na alegria e compartilhar boas energias com todo mundo!<\/p>\n<p>Parab\u00e9ns pela sua compet\u00eancia! Feliz Dia do Banc\u00e1rio!<\/p>\n<p>&nbsp;<\/p>\n<p style=\"text-align: right;\"><em>SEEB S\u00c3O BENTO DO SUL E REGI\u00c3O<\/em><\/p>\n","protected":false},"excerpt":{"rendered":"<p>Esta data \u00e9 uma homenagem a todos os profissionais que trabalham nas mais diversas fun\u00e7\u00f5es de um banco [&hellip;]<\/p>\n","protected":false},"author":2,"featured_media":1547,"comment_status":"open","ping_status":"open","sticky":false,"template":"","format":"standard","meta":{"jetpack_post_was_ever_published":false,"jetpack_publicize_message":"","jetpack_is_tweetstorm":false,"jetpack_publicize_feature_enabled":true,"jetpack_social_post_already_shared":true,"jetpack_social_options":[]},"categories":[1],"tags":[],"jetpack_publicize_connections":[],"acf":[],"yoast_head":"<!-- This site is optimized with the Yoast SEO plugin v19.14 - https:\/\/yoast.com\/wordpress\/plugins\/seo\/ -->\n<title>INFORME 149\/2017 - DIA DOS BANC\u00c1RIOS 28 DE AGOSTO - Sindicato dos Banc\u00e1rios de S\u00e3o Bento do Sul e Regi\u00e3o<\/title>\n<meta name=\"robots\" content=\"index, follow, max-snippet:-1, max-image-preview:large, max-video-preview:-1\" \/>\n<link rel=\"canonical\" href=\"https:\/\/sindicatodosbancarios.org.br\/site2022\/2017\/08\/28\/informe-1492017-dia-dos-bancarios-28-de-agosto\/\" \/>\n<meta property=\"og:locale\" content=\"pt_BR\" \/>\n<meta property=\"og:type\" content=\"article\" \/>\n<meta property=\"og:title\" content=\"INFORME 149\/2017 - DIA DOS BANC\u00c1RIOS 28 DE AGOSTO - Sindicato dos Banc\u00e1rios de S\u00e3o Bento do Sul e Regi\u00e3o\" \/>\n<meta property=\"og:description\" content=\"Esta data \u00e9 uma homenagem a todos os profissionais que trabalham nas mais diversas fun\u00e7\u00f5es de um banco [&hellip;]\" \/>\n<meta property=\"og:url\" content=\"https:\/\/sindicatodosbancarios.org.br\/site2022\/2017\/08\/28\/informe-1492017-dia-dos-bancarios-28-de-agosto\/\" \/>\n<meta property=\"og:site_name\" content=\"Sindicato dos Banc\u00e1rios de S\u00e3o Bento do Sul e Regi\u00e3o\" \/>\n<meta property=\"article:author\" content=\"https:\/\/www.facebook.com\/seeb.sbs.9\" \/>\n<meta property=\"article:published_time\" content=\"2017-08-28T16:32:36+00:00\" \/>\n<meta property=\"article:modified_time\" content=\"2017-08-28T16:38:43+00:00\" \/>\n<meta property=\"og:image\" content=\"https:\/\/sindicatodosbancarios.org.br\/site2022\/wp-content\/uploads\/2017\/08\/mb_diadobancario.jpg\" \/>\n\t<meta property=\"og:image:width\" content=\"608\" \/>\n\t<meta property=\"og:image:height\" content=\"375\" \/>\n\t<meta property=\"og:image:type\" content=\"image\/jpeg\" \/>\n<meta name=\"author\" content=\"Sindicato dos Banc\u00e1rios S\u00e3o Bento do Sul e Regi\u00e3o\" \/>\n<meta name=\"twitter:card\" content=\"summary_large_image\" \/>\n<meta name=\"twitter:label1\" content=\"Escrito por\" \/>\n\t<meta name=\"twitter:data1\" content=\"Sindicato dos Banc\u00e1rios S\u00e3o Bento do Sul e Regi\u00e3o\" \/>\n\t<meta name=\"twitter:label2\" content=\"Est. tempo de leitura\" \/>\n\t<meta name=\"twitter:data2\" content=\"2 minutos\" \/>\n<script type=\"application\/ld+json\" class=\"yoast-schema-graph\">{\"@context\":\"https:\/\/schema.org\",\"@graph\":[{\"@type\":\"Article\",\"@id\":\"https:\/\/sindicatodosbancarios.org.br\/site2022\/2017\/08\/28\/informe-1492017-dia-dos-bancarios-28-de-agosto\/#article\",\"isPartOf\":{\"@id\":\"https:\/\/sindicatodosbancarios.org.br\/site2022\/2017\/08\/28\/informe-1492017-dia-dos-bancarios-28-de-agosto\/\"},\"author\":{\"name\":\"Sindicato dos Banc\u00e1rios S\u00e3o Bento do Sul e Regi\u00e3o\",\"@id\":\"https:\/\/sindicatodosbancarios.org.br\/site2022\/#\/schema\/person\/a7d92da77d1084df4d28b57962f1e1bd\"},\"headline\":\"INFORME 149\/2017 &#8211; DIA DOS BANC\u00c1RIOS 28 DE AGOSTO\",\"datePublished\":\"2017-08-28T16:32:36+00:00\",\"dateModified\":\"2017-08-28T16:38:43+00:00\",\"mainEntityOfPage\":{\"@id\":\"https:\/\/sindicatodosbancarios.org.br\/site2022\/2017\/08\/28\/informe-1492017-dia-dos-bancarios-28-de-agosto\/\"},\"wordCount\":379,\"commentCount\":0,\"publisher\":{\"@id\":\"https:\/\/sindicatodosbancarios.org.br\/site2022\/#organization\"},\"articleSection\":[\"Geral\"],\"inLanguage\":\"pt-BR\",\"potentialAction\":[{\"@type\":\"CommentAction\",\"name\":\"Comment\",\"target\":[\"https:\/\/sindicatodosbancarios.org.br\/site2022\/2017\/08\/28\/informe-1492017-dia-dos-bancarios-28-de-agosto\/#respond\"]}]},{\"@type\":\"WebPage\",\"@id\":\"https:\/\/sindicatodosbancarios.org.br\/site2022\/2017\/08\/28\/informe-1492017-dia-dos-bancarios-28-de-agosto\/\",\"url\":\"https:\/\/sindicatodosbancarios.org.br\/site2022\/2017\/08\/28\/informe-1492017-dia-dos-bancarios-28-de-agosto\/\",\"name\":\"INFORME 149\/2017 - DIA DOS BANC\u00c1RIOS 28 DE AGOSTO - Sindicato dos Banc\u00e1rios de S\u00e3o Bento do Sul e Regi\u00e3o\",\"isPartOf\":{\"@id\":\"https:\/\/sindicatodosbancarios.org.br\/site2022\/#website\"},\"datePublished\":\"2017-08-28T16:32:36+00:00\",\"dateModified\":\"2017-08-28T16:38:43+00:00\",\"breadcrumb\":{\"@id\":\"https:\/\/sindicatodosbancarios.org.br\/site2022\/2017\/08\/28\/informe-1492017-dia-dos-bancarios-28-de-agosto\/#breadcrumb\"},\"inLanguage\":\"pt-BR\",\"potentialAction\":[{\"@type\":\"ReadAction\",\"target\":[\"https:\/\/sindicatodosbancarios.org.br\/site2022\/2017\/08\/28\/informe-1492017-dia-dos-bancarios-28-de-agosto\/\"]}]},{\"@type\":\"BreadcrumbList\",\"@id\":\"https:\/\/sindicatodosbancarios.org.br\/site2022\/2017\/08\/28\/informe-1492017-dia-dos-bancarios-28-de-agosto\/#breadcrumb\",\"itemListElement\":[{\"@type\":\"ListItem\",\"position\":1,\"name\":\"In\u00edcio\",\"item\":\"https:\/\/sindicatodosbancarios.org.br\/site2022\/\"},{\"@type\":\"ListItem\",\"position\":2,\"name\":\"INFORME 149\/2017 &#8211; DIA DOS BANC\u00c1RIOS 28 DE AGOSTO\"}]},{\"@type\":\"WebSite\",\"@id\":\"https:\/\/sindicatodosbancarios.org.br\/site2022\/#website\",\"url\":\"https:\/\/sindicatodosbancarios.org.br\/site2022\/\",\"name\":\"Sindicato dos Banc\u00e1rios de S\u00e3o Bento do Sul e Regi\u00e3o\",\"description\":\"Website institucional do Sindicato dos Banc\u00e1rios de S\u00e3o Bento do Sul e Regi\u00e3o\",\"publisher\":{\"@id\":\"https:\/\/sindicatodosbancarios.org.br\/site2022\/#organization\"},\"potentialAction\":[{\"@type\":\"SearchAction\",\"target\":{\"@type\":\"EntryPoint\",\"urlTemplate\":\"https:\/\/sindicatodosbancarios.org.br\/site2022\/?s={search_term_string}\"},\"query-input\":\"required name=search_term_string\"}],\"inLanguage\":\"pt-BR\"},{\"@type\":\"Organization\",\"@id\":\"https:\/\/sindicatodosbancarios.org.br\/site2022\/#organization\",\"name\":\"Sindicato dos Banc\u00e1rios de S\u00e3o Bento do Sul e Regi\u00e3o\",\"url\":\"https:\/\/sindicatodosbancarios.org.br\/site2022\/\",\"logo\":{\"@type\":\"ImageObject\",\"inLanguage\":\"pt-BR\",\"@id\":\"https:\/\/sindicatodosbancarios.org.br\/site2022\/#\/schema\/logo\/image\/\",\"url\":\"https:\/\/sindicatodosbancarios.org.br\/site2022\/wp-content\/uploads\/2017\/06\/cropped-logo-2.png\",\"contentUrl\":\"https:\/\/sindicatodosbancarios.org.br\/site2022\/wp-content\/uploads\/2017\/06\/cropped-logo-2.png\",\"width\":292,\"height\":292,\"caption\":\"Sindicato dos Banc\u00e1rios de S\u00e3o Bento do Sul e Regi\u00e3o\"},\"image\":{\"@id\":\"https:\/\/sindicatodosbancarios.org.br\/site2022\/#\/schema\/logo\/image\/\"}},{\"@type\":\"Person\",\"@id\":\"https:\/\/sindicatodosbancarios.org.br\/site2022\/#\/schema\/person\/a7d92da77d1084df4d28b57962f1e1bd\",\"name\":\"Sindicato dos Banc\u00e1rios S\u00e3o Bento do Sul e Regi\u00e3o\",\"image\":{\"@type\":\"ImageObject\",\"inLanguage\":\"pt-BR\",\"@id\":\"https:\/\/sindicatodosbancarios.org.br\/site2022\/#\/schema\/person\/image\/\",\"url\":\"https:\/\/secure.gravatar.com\/avatar\/f1d1a06f698f2345352e539387180d42?s=96&d=mm&r=g\",\"contentUrl\":\"https:\/\/secure.gravatar.com\/avatar\/f1d1a06f698f2345352e539387180d42?s=96&d=mm&r=g\",\"caption\":\"Sindicato dos Banc\u00e1rios S\u00e3o Bento do Sul e Regi\u00e3o\"},\"sameAs\":[\"http:\/\/sindicatodosbancarios.org.br\/site2022\/\",\"https:\/\/www.facebook.com\/seeb.sbs.9\"],\"url\":\"https:\/\/sindicatodosbancarios.org.br\/site2022\/author\/sindicatodosbancarios\/\"}]}<\/script>\n<!-- \/ Yoast SEO plugin. -->","yoast_head_json":{"title":"INFORME 149\/2017 - DIA DOS BANC\u00c1RIOS 28 DE AGOSTO - Sindicato dos Banc\u00e1rios de S\u00e3o Bento do Sul e Regi\u00e3o","robots":{"index":"index","follow":"follow","max-snippet":"max-snippet:-1","max-image-preview":"max-image-preview:large","max-video-preview":"max-video-preview:-1"},"canonical":"https:\/\/sindicatodosbancarios.org.br\/site2022\/2017\/08\/28\/informe-1492017-dia-dos-bancarios-28-de-agosto\/","og_locale":"pt_BR","og_type":"article","og_title":"INFORME 149\/2017 - DIA DOS BANC\u00c1RIOS 28 DE AGOSTO - Sindicato dos Banc\u00e1rios de S\u00e3o Bento do Sul e Regi\u00e3o","og_description":"Esta data \u00e9 uma homenagem a todos os profissionais que trabalham nas mais diversas fun\u00e7\u00f5es de um banco [&hellip;]","og_url":"https:\/\/sindicatodosbancarios.org.br\/site2022\/2017\/08\/28\/informe-1492017-dia-dos-bancarios-28-de-agosto\/","og_site_name":"Sindicato dos Banc\u00e1rios de S\u00e3o Bento do Sul e Regi\u00e3o","article_author":"https:\/\/www.facebook.com\/seeb.sbs.9","article_published_time":"2017-08-28T16:32:36+00:00","article_modified_time":"2017-08-28T16:38:43+00:00","og_image":[{"width":608,"height":375,"url":"https:\/\/sindicatodosbancarios.org.br\/site2022\/wp-content\/uploads\/2017\/08\/mb_diadobancario.jpg","type":"image\/jpeg"}],"author":"Sindicato dos Banc\u00e1rios S\u00e3o Bento do Sul e Regi\u00e3o","twitter_card":"summary_large_image","twitter_misc":{"Escrito por":"Sindicato dos Banc\u00e1rios S\u00e3o Bento do Sul e Regi\u00e3o","Est. tempo de leitura":"2 minutos"},"schema":{"@context":"https:\/\/schema.org","@graph":[{"@type":"Article","@id":"https:\/\/sindicatodosbancarios.org.br\/site2022\/2017\/08\/28\/informe-1492017-dia-dos-bancarios-28-de-agosto\/#article","isPartOf":{"@id":"https:\/\/sindicatodosbancarios.org.br\/site2022\/2017\/08\/28\/informe-1492017-dia-dos-bancarios-28-de-agosto\/"},"author":{"name":"Sindicato dos Banc\u00e1rios S\u00e3o Bento do Sul e Regi\u00e3o","@id":"https:\/\/sindicatodosbancarios.org.br\/site2022\/#\/schema\/person\/a7d92da77d1084df4d28b57962f1e1bd"},"headline":"INFORME 149\/2017 &#8211; DIA DOS BANC\u00c1RIOS 28 DE AGOSTO","datePublished":"2017-08-28T16:32:36+00:00","dateModified":"2017-08-28T16:38:43+00:00","mainEntityOfPage":{"@id":"https:\/\/sindicatodosbancarios.org.br\/site2022\/2017\/08\/28\/informe-1492017-dia-dos-bancarios-28-de-agosto\/"},"wordCount":379,"commentCount":0,"publisher":{"@id":"https:\/\/sindicatodosbancarios.org.br\/site2022\/#organization"},"articleSection":["Geral"],"inLanguage":"pt-BR","potentialAction":[{"@type":"CommentAction","name":"Comment","target":["https:\/\/sindicatodosbancarios.org.br\/site2022\/2017\/08\/28\/informe-1492017-dia-dos-bancarios-28-de-agosto\/#respond"]}]},{"@type":"WebPage","@id":"https:\/\/sindicatodosbancarios.org.br\/site2022\/2017\/08\/28\/informe-1492017-dia-dos-bancarios-28-de-agosto\/","url":"https:\/\/sindicatodosbancarios.org.br\/site2022\/2017\/08\/28\/informe-1492017-dia-dos-bancarios-28-de-agosto\/","name":"INFORME 149\/2017 - DIA DOS BANC\u00c1RIOS 28 DE AGOSTO - Sindicato dos Banc\u00e1rios de S\u00e3o Bento do Sul e Regi\u00e3o","isPartOf":{"@id":"https:\/\/sindicatodosbancarios.org.br\/site2022\/#website"},"datePublished":"2017-08-28T16:32:36+00:00","dateModified":"2017-08-28T16:38:43+00:00","breadcrumb":{"@id":"https:\/\/sindicatodosbancarios.org.br\/site2022\/2017\/08\/28\/informe-1492017-dia-dos-bancarios-28-de-agosto\/#breadcrumb"},"inLanguage":"pt-BR","potentialAction":[{"@type":"ReadAction","target":["https:\/\/sindicatodosbancarios.org.br\/site2022\/2017\/08\/28\/informe-1492017-dia-dos-bancarios-28-de-agosto\/"]}]},{"@type":"BreadcrumbList","@id":"https:\/\/sindicatodosbancarios.org.br\/site2022\/2017\/08\/28\/informe-1492017-dia-dos-bancarios-28-de-agosto\/#breadcrumb","itemListElement":[{"@type":"ListItem","position":1,"name":"In\u00edcio","item":"https:\/\/sindicatodosbancarios.org.br\/site2022\/"},{"@type":"ListItem","position":2,"name":"INFORME 149\/2017 &#8211; DIA DOS BANC\u00c1RIOS 28 DE AGOSTO"}]},{"@type":"WebSite","@id":"https:\/\/sindicatodosbancarios.org.br\/site2022\/#website","url":"https:\/\/sindicatodosbancarios.org.br\/site2022\/","name":"Sindicato dos Banc\u00e1rios de S\u00e3o Bento do Sul e Regi\u00e3o","description":"Website institucional do Sindicato dos Banc\u00e1rios de S\u00e3o Bento do Sul e Regi\u00e3o","publisher":{"@id":"https:\/\/sindicatodosbancarios.org.br\/site2022\/#organization"},"potentialAction":[{"@type":"SearchAction","target":{"@type":"EntryPoint","urlTemplate":"https:\/\/sindicatodosbancarios.org.br\/site2022\/?s={search_term_string}"},"query-input":"required name=search_term_string"}],"inLanguage":"pt-BR"},{"@type":"Organization","@id":"https:\/\/sindicatodosbancarios.org.br\/site2022\/#organization","name":"Sindicato dos Banc\u00e1rios de S\u00e3o Bento do Sul e Regi\u00e3o","url":"https:\/\/sindicatodosbancarios.org.br\/site2022\/","logo":{"@type":"ImageObject","inLanguage":"pt-BR","@id":"https:\/\/sindicatodosbancarios.org.br\/site2022\/#\/schema\/logo\/image\/","url":"https:\/\/sindicatodosbancarios.org.br\/site2022\/wp-content\/uploads\/2017\/06\/cropped-logo-2.png","contentUrl":"https:\/\/sindicatodosbancarios.org.br\/site2022\/wp-content\/uploads\/2017\/06\/cropped-logo-2.png","width":292,"height":292,"caption":"Sindicato dos Banc\u00e1rios de S\u00e3o Bento do Sul e Regi\u00e3o"},"image":{"@id":"https:\/\/sindicatodosbancarios.org.br\/site2022\/#\/schema\/logo\/image\/"}},{"@type":"Person","@id":"https:\/\/sindicatodosbancarios.org.br\/site2022\/#\/schema\/person\/a7d92da77d1084df4d28b57962f1e1bd","name":"Sindicato dos Banc\u00e1rios S\u00e3o Bento do Sul e Regi\u00e3o","image":{"@type":"ImageObject","inLanguage":"pt-BR","@id":"https:\/\/sindicatodosbancarios.org.br\/site2022\/#\/schema\/person\/image\/","url":"https:\/\/secure.gravatar.com\/avatar\/f1d1a06f698f2345352e539387180d42?s=96&d=mm&r=g","contentUrl":"https:\/\/secure.gravatar.com\/avatar\/f1d1a06f698f2345352e539387180d42?s=96&d=mm&r=g","caption":"Sindicato dos Banc\u00e1rios S\u00e3o Bento do Sul e Regi\u00e3o"},"sameAs":["http:\/\/sindicatodosbancarios.org.br\/site2022\/","https:\/\/www.facebook.com\/seeb.sbs.9"],"url":"https:\/\/sindicatodosbancarios.org.br\/site2022\/author\/sindicatodosbancarios\/"}]}},"jetpack_featured_media_url":"https:\/\/sindicatodosbancarios.org.br\/site2022\/wp-content\/uploads\/2017\/08\/mb_diadobancario.jpg","jetpack_sharing_enabled":true,"jetpack_shortlink":"https:\/\/wp.me\/p8RSbI-oW","jetpack-related-posts":[{"id":5971,"url":"https:\/\/sindicatodosbancarios.org.br\/site2022\/2022\/03\/29\/bancarios-homenageiam-adao-de-oliveira-inauguracao-quadras-esportivas-arbanc\/","url_meta":{"origin":1546,"position":0},"title":"BANC\u00c1RIOS HOMENAGEIAM AD\u00c3O DE OLIVEIRA &#8211; INAUGURA\u00c7\u00c3O QUADRAS ESPORTIVAS &#8211; ARBANC","date":"29 de mar\u00e7o de 2022","format":false,"excerpt":"No \u00faltimo dia 26 de mar\u00e7o, banc\u00e1rios da regi\u00e3o estiveram reunidos na sede da Associa\u00e7\u00e3o Recreativa dos Banc\u00e1rios \u201cJos\u00e9 Ilton Belli\u201d \u2013 ARBANC, localizada no Bairro Bras\u00edlia para uma confraterniza\u00e7\u00e3o e a inaugura\u00e7\u00e3o das quadras de futebol society e v\u00f4lei de areia. Na ocasi\u00e3o foi realizada a homenagem ao ex-banc\u00e1rio\u2026","rel":"","context":"Em &quot;Banco do Brasil&quot;","img":{"alt_text":"","src":"https:\/\/i0.wp.com\/sindicatodosbancarios.org.br\/site2022\/wp-content\/uploads\/2022\/03\/DSC_3974.jpg?resize=350%2C200&ssl=1","width":350,"height":200},"classes":[]},{"id":4352,"url":"https:\/\/sindicatodosbancarios.org.br\/site2022\/2020\/08\/27\/informe-bancario-318-2020-28-de-agosto-dia-dos-bancarios\/","url_meta":{"origin":1546,"position":1},"title":"INFORME BANC\u00c1RIO \u2013 318\/2020 28 de agosto dia dos Banc\u00e1rios","date":"27 de agosto de 2020","format":false,"excerpt":"Neste dia especial nos dirigimos a voc\u00ea, colega banc\u00e1rio (a), lembrando da import\u00e2ncia da nossa profiss\u00e3o e o papel relevante que desempenhamos na sociedade. Mesmo em tempos de pandemia, trabalha sabendo do risco que voc\u00ea e seus familiares est\u00e3o expostos, mais uma vez os banc\u00e1rios continuam unidos e comprometidos com\u2026","rel":"","context":"Em &quot;Banco do Brasil&quot;","img":{"alt_text":"","src":"https:\/\/i0.wp.com\/sindicatodosbancarios.org.br\/site2022\/wp-content\/uploads\/2020\/08\/WhatsApp-Image-2020-08-28-at-10.48.41-768x768.jpeg?resize=350%2C200&ssl=1","width":350,"height":200},"classes":[]},{"id":5230,"url":"https:\/\/sindicatodosbancarios.org.br\/site2022\/2021\/03\/08\/informe-bancarios-76-2021-8-de-marco-dia-internacional-da-mulher\/","url_meta":{"origin":1546,"position":2},"title":"INFORME BANC\u00c1RIOS \u2013 76\/2021 8 DE MAR\u00c7O \u2013 Dia Internacional da Mulher","date":"8 de mar\u00e7o de 2021","format":false,"excerpt":"Neste 8 de mar\u00e7o,\u00a0Dia Internacional da Mulher, vamos celebrar a for\u00e7a e o poder das mulheres trabalhadoras no mundo, suas conquistas, lutas, bandeiras e acima de tudo vamos lembrar as dificuldades que cada uma delas passam ainda hoje para serem reconhecidas como profissionais, m\u00e3e, donas de casa, estudantes e cidad\u00e3s.\u2026","rel":"","context":"Em &quot;Banco do Brasil&quot;","img":{"alt_text":"","src":"https:\/\/i0.wp.com\/sindicatodosbancarios.org.br\/site2022\/wp-content\/uploads\/2021\/03\/dia-da-mulher-f.png?resize=350%2C200&ssl=1","width":350,"height":200},"classes":[]},{"id":5331,"url":"https:\/\/sindicatodosbancarios.org.br\/site2022\/2021\/04\/22\/informe-bancarios-105-2021-com-pandemia-49-milhoes-saem-da-classe-media-para-a-baixa-diz-estudo\/","url_meta":{"origin":1546,"position":3},"title":"INFORME BANC\u00c1RIOS \u2013 105\/2021 Com pandemia, 4,9 milh\u00f5es saem da classe m\u00e9dia para a baixa, diz estudo","date":"22 de abril de 2021","format":false,"excerpt":"A pandemia do novo coronav\u00edrus fez com que 4,9 milh\u00f5es de brasileiros sa\u00edssem da chamada classe m\u00e9dia, migrando para a classe baixa. Com 100,1 milh\u00f5es de pessoas com renda familiar de R$ 2.971,37 a R$ 7.202,57, \u00e9 a primeira vez em 10 anos que o grupo se iguala aos que\u2026","rel":"","context":"Em &quot;Geral&quot;","img":{"alt_text":"","src":"https:\/\/i0.wp.com\/sindicatodosbancarios.org.br\/site2022\/wp-content\/uploads\/2021\/04\/classe_media.jpg?resize=350%2C200&ssl=1","width":350,"height":200},"classes":[]},{"id":5647,"url":"https:\/\/sindicatodosbancarios.org.br\/site2022\/2021\/08\/28\/informe-bancario-202-2021-bancarios-vao-comemorar-seu-dia-28-de-agosto-com-todos-seus-direitos\/","url_meta":{"origin":1546,"position":4},"title":"INFORME BANC\u00c1RIO \u2013 202\/2021 BANC\u00c1RIOS V\u00c3O COMEMORAR SEU DIA 28 DE AGOSTO COM TODOS SEUS DIREITOS!","date":"28 de agosto de 2021","format":false,"excerpt":"Direitos foram preservados at\u00e9 2022 e aumento com 100% do INPC + 0,5% acima da infla\u00e7\u00e3o. Algumas categorias somente conseguiram o INPC e outras tiveram seus direitos retirados Mais um dia 28 de agosto em que a categoria banc\u00e1ria celebra seu dia com conquistas e vit\u00f3rias. A campanha salarial 2020\u2026","rel":"","context":"Em &quot;Geral&quot;","img":{"alt_text":"","src":"https:\/\/i0.wp.com\/sindicatodosbancarios.org.br\/site2022\/wp-content\/uploads\/2021\/08\/dia-bancario-2016-1-8539-980x500m0.jpg?resize=350%2C200&ssl=1","width":350,"height":200},"classes":[]},{"id":5350,"url":"https:\/\/sindicatodosbancarios.org.br\/site2022\/2021\/04\/27\/informe-bancarios-111-2021-bancarios-devem-denunciar-ao-seu-sindicato-caso-o-banco-descumpra-qualquer-uma-das-medidas\/","url_meta":{"origin":1546,"position":5},"title":"INFORME BANC\u00c1RIOS \u2013 111\/2021 BANC\u00c1RIOS DEVEM DENUNCIAR AO SEU SINDICATO CASO O BANCO DESCUMPRA QUALQUER UMA DAS MEDIDAS","date":"27 de abril de 2021","format":false,"excerpt":"O Banco Santander, atendendo \u00e0s Reivindica\u00e7\u00f5es do Movimento Sindical Banc\u00e1rio e \u00e0s novas recomenda\u00e7\u00f5es da Organiza\u00e7\u00e3o Mundial da Sa\u00fade (OMS), anunciou novas medidas para preven\u00e7\u00e3o e controle da covid-19, incluindo novas regras de testagem sorol\u00f3gica. De agora em diante os testes para constatantes (pessoas que tiveram contato com algu\u00e9m contaminado)\u2026","rel":"","context":"Em &quot;Geral&quot;","img":{"alt_text":"","src":"https:\/\/i0.wp.com\/sindicatodosbancarios.org.br\/site2022\/wp-content\/uploads\/2021\/02\/vagas-santander-agencia-do-banco-1562078449638_v2_900x506.jpg?resize=350%2C200&ssl=1","width":350,"height":200},"classes":[]}],"_links":{"self":[{"href":"https:\/\/sindicatodosbancarios.org.br\/site2022\/wp-json\/wp\/v2\/posts\/1546"}],"collection":[{"href":"https:\/\/sindicatodosbancarios.org.br\/site2022\/wp-json\/wp\/v2\/posts"}],"about":[{"href":"https:\/\/sindicatodosbancarios.org.br\/site2022\/wp-json\/wp\/v2\/types\/post"}],"author":[{"embeddable":true,"href":"https:\/\/sindicatodosbancarios.org.br\/site2022\/wp-json\/wp\/v2\/users\/2"}],"replies":[{"embeddable":true,"href":"https:\/\/sindicatodosbancarios.org.br\/site2022\/wp-json\/wp\/v2\/comments?post=1546"}],"version-history":[{"count":1,"href":"https:\/\/sindicatodosbancarios.org.br\/site2022\/wp-json\/wp\/v2\/posts\/1546\/revisions"}],"predecessor-version":[{"id":1548,"href":"https:\/\/sindicatodosbancarios.org.br\/site2022\/wp-json\/wp\/v2\/posts\/1546\/revisions\/1548"}],"wp:featuredmedia":[{"embeddable":true,"href":"https:\/\/sindicatodosbancarios.org.br\/site2022\/wp-json\/wp\/v2\/media\/1547"}],"wp:attachment":[{"href":"https:\/\/sindicatodosbancarios.org.br\/site2022\/wp-json\/wp\/v2\/media?parent=1546"}],"wp:term":[{"taxonomy":"category","embeddable":true,"href":"https:\/\/sindicatodosbancarios.org.br\/site2022\/wp-json\/wp\/v2\/categories?post=1546"},{"taxonomy":"post_tag","embeddable":true,"href":"https:\/\/sindicatodosbancarios.org.br\/site2022\/wp-json\/wp\/v2\/tags?post=1546"}],"curies":[{"name":"wp","href":"https:\/\/api.w.org\/{rel}","templated":true}]}}