{"id":1600,"date":"2017-07-12T16:24:49","date_gmt":"2017-07-12T19:24:49","guid":{"rendered":"http:\/\/sindicatodosbancarios.org.br\/?p=1600"},"modified":"2017-08-28T16:29:01","modified_gmt":"2017-08-28T19:29:01","slug":"informe-1262017-nota-de-repudio-da-contec-e-do-seeb-sao-bento-do-sul-e-regiao-referente-aprovacao-do-plc-382017-pelo-senado","status":"publish","type":"post","link":"https:\/\/sindicatodosbancarios.org.br\/site2022\/2017\/07\/12\/informe-1262017-nota-de-repudio-da-contec-e-do-seeb-sao-bento-do-sul-e-regiao-referente-aprovacao-do-plc-382017-pelo-senado\/","title":{"rendered":"INFORME 126\/2017 &#8211; NOTA DE REP\u00daDIO DA CONTEC E DO SEEB S\u00c3O BENTO DO SUL E REGI\u00c3O, REFERENTE \u00c0 APROVA\u00c7\u00c3O DO PLC 38\/2017 PELO SENADO"},"content":{"rendered":"<p>Infelizmente, o Senado Federal se rendeu ao governo Temer e, de maneira irrespons\u00e1vel, desnecess\u00e1ria e inoportuna aprovou na noite de ontem (11\/07) a Reforma Trabalhista. Uma legisla\u00e7\u00e3o injusta e cruel, porque agride o trabalhador e atenta contra a nossa hist\u00f3ria de conquistas, durante os 74 anos de vida da Consolida\u00e7\u00e3o das Leis Trabalhistas \u2013 CLT. Essa iniciativa retira as garantias asseguradas pela CLT, promovendo APENAS a precariza\u00e7\u00e3o das rela\u00e7\u00f5es de trabalho e um enorme retrocesso social.<\/p>\n<p>\u00c9 lament\u00e1vel! Um grande retrocesso para o Brasil, principalmente do ponto de vista da democracia, j\u00e1 que nem mesmo houve amplo debate com a sociedade. E esta reforma nunca foi solicitada nem querida pelo movimento sindical dos trabalhadores. Prevaleceu a vontade dos poderosos, dos empres\u00e1rios. A popula\u00e7\u00e3o de maneira geral, a classe trabalhadora, sai mais uma vez perdendo!<\/p>\n<p>Mas n\u00e3o concordamos com esta reforma e n\u00e3o ficaremos parados, mesmo num cen\u00e1rio em que a corre\u00e7\u00e3o n\u00e3o nos favorece, no Congresso Nacional. A CONTEC, juntamente com outras entidades sindicais, vai buscar outras alternativas para reverter esta mudan\u00e7a acachapante da nossa CLT e com isso continuarmos no caminho de normas que promovam seguran\u00e7a e melhorias para a classe trabalhadora, em especial para os banc\u00e1rios e securit\u00e1rios brasileiros!<\/p>\n<p>A luta continua. Precisamos estar unidos, porque n\u00e3o ser\u00e1 f\u00e1cil enfrentarmos mais uma dura batalha!<\/p>\n<p><span style=\"font-size: 8pt;\"><em>Lourenco Prado \u2013 presidente da CONTEC<\/em><\/span><\/p>\n","protected":false},"excerpt":{"rendered":"<p>Infelizmente, o Senado Federal se rendeu ao governo Temer e, de maneira irrespons\u00e1vel, desnecess\u00e1ria e inoportuna aprovou na [&hellip;]<\/p>\n","protected":false},"author":2,"featured_media":1601,"comment_status":"open","ping_status":"open","sticky":false,"template":"","format":"standard","meta":{"jetpack_post_was_ever_published":false,"jetpack_publicize_message":"","jetpack_is_tweetstorm":false,"jetpack_publicize_feature_enabled":true,"jetpack_social_post_already_shared":true,"jetpack_social_options":[]},"categories":[1],"tags":[],"jetpack_publicize_connections":[],"acf":[],"yoast_head":"<!-- This site is optimized with the Yoast SEO plugin v19.14 - https:\/\/yoast.com\/wordpress\/plugins\/seo\/ -->\n<title>INFORME 126\/2017 - NOTA DE REP\u00daDIO DA CONTEC E DO SEEB S\u00c3O BENTO DO SUL E REGI\u00c3O, REFERENTE \u00c0 APROVA\u00c7\u00c3O DO PLC 38\/2017 PELO SENADO - Sindicato dos Banc\u00e1rios de S\u00e3o Bento do Sul e Regi\u00e3o<\/title>\n<meta name=\"robots\" content=\"index, follow, max-snippet:-1, max-image-preview:large, max-video-preview:-1\" \/>\n<link rel=\"canonical\" href=\"https:\/\/sindicatodosbancarios.org.br\/site2022\/2017\/07\/12\/informe-1262017-nota-de-repudio-da-contec-e-do-seeb-sao-bento-do-sul-e-regiao-referente-aprovacao-do-plc-382017-pelo-senado\/\" \/>\n<meta property=\"og:locale\" content=\"pt_BR\" \/>\n<meta property=\"og:type\" content=\"article\" \/>\n<meta property=\"og:title\" content=\"INFORME 126\/2017 - NOTA DE REP\u00daDIO DA CONTEC E DO SEEB S\u00c3O BENTO DO SUL E REGI\u00c3O, REFERENTE \u00c0 APROVA\u00c7\u00c3O DO PLC 38\/2017 PELO SENADO - Sindicato dos Banc\u00e1rios de S\u00e3o Bento do Sul e Regi\u00e3o\" \/>\n<meta property=\"og:description\" content=\"Infelizmente, o Senado Federal se rendeu ao governo Temer e, de maneira irrespons\u00e1vel, desnecess\u00e1ria e inoportuna aprovou na [&hellip;]\" \/>\n<meta property=\"og:url\" content=\"https:\/\/sindicatodosbancarios.org.br\/site2022\/2017\/07\/12\/informe-1262017-nota-de-repudio-da-contec-e-do-seeb-sao-bento-do-sul-e-regiao-referente-aprovacao-do-plc-382017-pelo-senado\/\" \/>\n<meta property=\"og:site_name\" content=\"Sindicato dos Banc\u00e1rios de S\u00e3o Bento do Sul e Regi\u00e3o\" \/>\n<meta property=\"article:author\" content=\"https:\/\/www.facebook.com\/seeb.sbs.9\" \/>\n<meta property=\"article:published_time\" content=\"2017-07-12T19:24:49+00:00\" \/>\n<meta property=\"article:modified_time\" content=\"2017-08-28T19:29:01+00:00\" \/>\n<meta property=\"og:image\" content=\"https:\/\/sindicatodosbancarios.org.br\/site2022\/wp-content\/uploads\/2017\/08\/126.jpg\" \/>\n\t<meta property=\"og:image:width\" content=\"459\" \/>\n\t<meta property=\"og:image:height\" content=\"253\" \/>\n\t<meta property=\"og:image:type\" content=\"image\/jpeg\" \/>\n<meta name=\"author\" content=\"Sindicato dos Banc\u00e1rios S\u00e3o Bento do Sul e Regi\u00e3o\" \/>\n<meta name=\"twitter:card\" content=\"summary_large_image\" \/>\n<meta name=\"twitter:label1\" content=\"Escrito por\" \/>\n\t<meta name=\"twitter:data1\" content=\"Sindicato dos Banc\u00e1rios S\u00e3o Bento do Sul e Regi\u00e3o\" \/>\n\t<meta name=\"twitter:label2\" content=\"Est. tempo de leitura\" \/>\n\t<meta name=\"twitter:data2\" content=\"1 minuto\" \/>\n<script type=\"application\/ld+json\" class=\"yoast-schema-graph\">{\"@context\":\"https:\/\/schema.org\",\"@graph\":[{\"@type\":\"Article\",\"@id\":\"https:\/\/sindicatodosbancarios.org.br\/site2022\/2017\/07\/12\/informe-1262017-nota-de-repudio-da-contec-e-do-seeb-sao-bento-do-sul-e-regiao-referente-aprovacao-do-plc-382017-pelo-senado\/#article\",\"isPartOf\":{\"@id\":\"https:\/\/sindicatodosbancarios.org.br\/site2022\/2017\/07\/12\/informe-1262017-nota-de-repudio-da-contec-e-do-seeb-sao-bento-do-sul-e-regiao-referente-aprovacao-do-plc-382017-pelo-senado\/\"},\"author\":{\"name\":\"Sindicato dos Banc\u00e1rios S\u00e3o Bento do Sul e Regi\u00e3o\",\"@id\":\"https:\/\/sindicatodosbancarios.org.br\/site2022\/#\/schema\/person\/a7d92da77d1084df4d28b57962f1e1bd\"},\"headline\":\"INFORME 126\/2017 &#8211; NOTA DE REP\u00daDIO DA CONTEC E DO SEEB S\u00c3O BENTO DO SUL E REGI\u00c3O, REFERENTE \u00c0 APROVA\u00c7\u00c3O DO PLC 38\/2017 PELO SENADO\",\"datePublished\":\"2017-07-12T19:24:49+00:00\",\"dateModified\":\"2017-08-28T19:29:01+00:00\",\"mainEntityOfPage\":{\"@id\":\"https:\/\/sindicatodosbancarios.org.br\/site2022\/2017\/07\/12\/informe-1262017-nota-de-repudio-da-contec-e-do-seeb-sao-bento-do-sul-e-regiao-referente-aprovacao-do-plc-382017-pelo-senado\/\"},\"wordCount\":264,\"commentCount\":0,\"publisher\":{\"@id\":\"https:\/\/sindicatodosbancarios.org.br\/site2022\/#organization\"},\"articleSection\":[\"Geral\"],\"inLanguage\":\"pt-BR\",\"potentialAction\":[{\"@type\":\"CommentAction\",\"name\":\"Comment\",\"target\":[\"https:\/\/sindicatodosbancarios.org.br\/site2022\/2017\/07\/12\/informe-1262017-nota-de-repudio-da-contec-e-do-seeb-sao-bento-do-sul-e-regiao-referente-aprovacao-do-plc-382017-pelo-senado\/#respond\"]}]},{\"@type\":\"WebPage\",\"@id\":\"https:\/\/sindicatodosbancarios.org.br\/site2022\/2017\/07\/12\/informe-1262017-nota-de-repudio-da-contec-e-do-seeb-sao-bento-do-sul-e-regiao-referente-aprovacao-do-plc-382017-pelo-senado\/\",\"url\":\"https:\/\/sindicatodosbancarios.org.br\/site2022\/2017\/07\/12\/informe-1262017-nota-de-repudio-da-contec-e-do-seeb-sao-bento-do-sul-e-regiao-referente-aprovacao-do-plc-382017-pelo-senado\/\",\"name\":\"INFORME 126\/2017 - NOTA DE REP\u00daDIO DA CONTEC E DO SEEB S\u00c3O BENTO DO SUL E REGI\u00c3O, REFERENTE \u00c0 APROVA\u00c7\u00c3O DO PLC 38\/2017 PELO SENADO - Sindicato dos Banc\u00e1rios de S\u00e3o Bento do Sul e Regi\u00e3o\",\"isPartOf\":{\"@id\":\"https:\/\/sindicatodosbancarios.org.br\/site2022\/#website\"},\"datePublished\":\"2017-07-12T19:24:49+00:00\",\"dateModified\":\"2017-08-28T19:29:01+00:00\",\"breadcrumb\":{\"@id\":\"https:\/\/sindicatodosbancarios.org.br\/site2022\/2017\/07\/12\/informe-1262017-nota-de-repudio-da-contec-e-do-seeb-sao-bento-do-sul-e-regiao-referente-aprovacao-do-plc-382017-pelo-senado\/#breadcrumb\"},\"inLanguage\":\"pt-BR\",\"potentialAction\":[{\"@type\":\"ReadAction\",\"target\":[\"https:\/\/sindicatodosbancarios.org.br\/site2022\/2017\/07\/12\/informe-1262017-nota-de-repudio-da-contec-e-do-seeb-sao-bento-do-sul-e-regiao-referente-aprovacao-do-plc-382017-pelo-senado\/\"]}]},{\"@type\":\"BreadcrumbList\",\"@id\":\"https:\/\/sindicatodosbancarios.org.br\/site2022\/2017\/07\/12\/informe-1262017-nota-de-repudio-da-contec-e-do-seeb-sao-bento-do-sul-e-regiao-referente-aprovacao-do-plc-382017-pelo-senado\/#breadcrumb\",\"itemListElement\":[{\"@type\":\"ListItem\",\"position\":1,\"name\":\"In\u00edcio\",\"item\":\"https:\/\/sindicatodosbancarios.org.br\/site2022\/\"},{\"@type\":\"ListItem\",\"position\":2,\"name\":\"INFORME 126\/2017 &#8211; NOTA DE REP\u00daDIO DA CONTEC E DO SEEB S\u00c3O BENTO DO SUL E REGI\u00c3O, REFERENTE \u00c0 APROVA\u00c7\u00c3O DO PLC 38\/2017 PELO SENADO\"}]},{\"@type\":\"WebSite\",\"@id\":\"https:\/\/sindicatodosbancarios.org.br\/site2022\/#website\",\"url\":\"https:\/\/sindicatodosbancarios.org.br\/site2022\/\",\"name\":\"Sindicato dos Banc\u00e1rios de S\u00e3o Bento do Sul e Regi\u00e3o\",\"description\":\"Website institucional do Sindicato dos Banc\u00e1rios de S\u00e3o Bento do Sul e Regi\u00e3o\",\"publisher\":{\"@id\":\"https:\/\/sindicatodosbancarios.org.br\/site2022\/#organization\"},\"potentialAction\":[{\"@type\":\"SearchAction\",\"target\":{\"@type\":\"EntryPoint\",\"urlTemplate\":\"https:\/\/sindicatodosbancarios.org.br\/site2022\/?s={search_term_string}\"},\"query-input\":\"required name=search_term_string\"}],\"inLanguage\":\"pt-BR\"},{\"@type\":\"Organization\",\"@id\":\"https:\/\/sindicatodosbancarios.org.br\/site2022\/#organization\",\"name\":\"Sindicato dos Banc\u00e1rios de S\u00e3o Bento do Sul e Regi\u00e3o\",\"url\":\"https:\/\/sindicatodosbancarios.org.br\/site2022\/\",\"logo\":{\"@type\":\"ImageObject\",\"inLanguage\":\"pt-BR\",\"@id\":\"https:\/\/sindicatodosbancarios.org.br\/site2022\/#\/schema\/logo\/image\/\",\"url\":\"https:\/\/sindicatodosbancarios.org.br\/site2022\/wp-content\/uploads\/2017\/06\/cropped-logo-2.png\",\"contentUrl\":\"https:\/\/sindicatodosbancarios.org.br\/site2022\/wp-content\/uploads\/2017\/06\/cropped-logo-2.png\",\"width\":292,\"height\":292,\"caption\":\"Sindicato dos Banc\u00e1rios de S\u00e3o Bento do Sul e Regi\u00e3o\"},\"image\":{\"@id\":\"https:\/\/sindicatodosbancarios.org.br\/site2022\/#\/schema\/logo\/image\/\"}},{\"@type\":\"Person\",\"@id\":\"https:\/\/sindicatodosbancarios.org.br\/site2022\/#\/schema\/person\/a7d92da77d1084df4d28b57962f1e1bd\",\"name\":\"Sindicato dos Banc\u00e1rios S\u00e3o Bento do Sul e Regi\u00e3o\",\"image\":{\"@type\":\"ImageObject\",\"inLanguage\":\"pt-BR\",\"@id\":\"https:\/\/sindicatodosbancarios.org.br\/site2022\/#\/schema\/person\/image\/\",\"url\":\"https:\/\/secure.gravatar.com\/avatar\/f1d1a06f698f2345352e539387180d42?s=96&d=mm&r=g\",\"contentUrl\":\"https:\/\/secure.gravatar.com\/avatar\/f1d1a06f698f2345352e539387180d42?s=96&d=mm&r=g\",\"caption\":\"Sindicato dos Banc\u00e1rios S\u00e3o Bento do Sul e Regi\u00e3o\"},\"sameAs\":[\"http:\/\/sindicatodosbancarios.org.br\/site2022\/\",\"https:\/\/www.facebook.com\/seeb.sbs.9\"],\"url\":\"https:\/\/sindicatodosbancarios.org.br\/site2022\/author\/sindicatodosbancarios\/\"}]}<\/script>\n<!-- \/ Yoast SEO plugin. -->","yoast_head_json":{"title":"INFORME 126\/2017 - NOTA DE REP\u00daDIO DA CONTEC E DO SEEB S\u00c3O BENTO DO SUL E REGI\u00c3O, REFERENTE \u00c0 APROVA\u00c7\u00c3O DO PLC 38\/2017 PELO SENADO - Sindicato dos Banc\u00e1rios de S\u00e3o Bento do Sul e Regi\u00e3o","robots":{"index":"index","follow":"follow","max-snippet":"max-snippet:-1","max-image-preview":"max-image-preview:large","max-video-preview":"max-video-preview:-1"},"canonical":"https:\/\/sindicatodosbancarios.org.br\/site2022\/2017\/07\/12\/informe-1262017-nota-de-repudio-da-contec-e-do-seeb-sao-bento-do-sul-e-regiao-referente-aprovacao-do-plc-382017-pelo-senado\/","og_locale":"pt_BR","og_type":"article","og_title":"INFORME 126\/2017 - NOTA DE REP\u00daDIO DA CONTEC E DO SEEB S\u00c3O BENTO DO SUL E REGI\u00c3O, REFERENTE \u00c0 APROVA\u00c7\u00c3O DO PLC 38\/2017 PELO SENADO - Sindicato dos Banc\u00e1rios de S\u00e3o Bento do Sul e Regi\u00e3o","og_description":"Infelizmente, o Senado Federal se rendeu ao governo Temer e, de maneira irrespons\u00e1vel, desnecess\u00e1ria e inoportuna aprovou na [&hellip;]","og_url":"https:\/\/sindicatodosbancarios.org.br\/site2022\/2017\/07\/12\/informe-1262017-nota-de-repudio-da-contec-e-do-seeb-sao-bento-do-sul-e-regiao-referente-aprovacao-do-plc-382017-pelo-senado\/","og_site_name":"Sindicato dos Banc\u00e1rios de S\u00e3o Bento do Sul e Regi\u00e3o","article_author":"https:\/\/www.facebook.com\/seeb.sbs.9","article_published_time":"2017-07-12T19:24:49+00:00","article_modified_time":"2017-08-28T19:29:01+00:00","og_image":[{"width":459,"height":253,"url":"https:\/\/sindicatodosbancarios.org.br\/site2022\/wp-content\/uploads\/2017\/08\/126.jpg","type":"image\/jpeg"}],"author":"Sindicato dos Banc\u00e1rios S\u00e3o Bento do Sul e Regi\u00e3o","twitter_card":"summary_large_image","twitter_misc":{"Escrito por":"Sindicato dos Banc\u00e1rios S\u00e3o Bento do Sul e Regi\u00e3o","Est. tempo de leitura":"1 minuto"},"schema":{"@context":"https:\/\/schema.org","@graph":[{"@type":"Article","@id":"https:\/\/sindicatodosbancarios.org.br\/site2022\/2017\/07\/12\/informe-1262017-nota-de-repudio-da-contec-e-do-seeb-sao-bento-do-sul-e-regiao-referente-aprovacao-do-plc-382017-pelo-senado\/#article","isPartOf":{"@id":"https:\/\/sindicatodosbancarios.org.br\/site2022\/2017\/07\/12\/informe-1262017-nota-de-repudio-da-contec-e-do-seeb-sao-bento-do-sul-e-regiao-referente-aprovacao-do-plc-382017-pelo-senado\/"},"author":{"name":"Sindicato dos Banc\u00e1rios S\u00e3o Bento do Sul e Regi\u00e3o","@id":"https:\/\/sindicatodosbancarios.org.br\/site2022\/#\/schema\/person\/a7d92da77d1084df4d28b57962f1e1bd"},"headline":"INFORME 126\/2017 &#8211; NOTA DE REP\u00daDIO DA CONTEC E DO SEEB S\u00c3O BENTO DO SUL E REGI\u00c3O, REFERENTE \u00c0 APROVA\u00c7\u00c3O DO PLC 38\/2017 PELO SENADO","datePublished":"2017-07-12T19:24:49+00:00","dateModified":"2017-08-28T19:29:01+00:00","mainEntityOfPage":{"@id":"https:\/\/sindicatodosbancarios.org.br\/site2022\/2017\/07\/12\/informe-1262017-nota-de-repudio-da-contec-e-do-seeb-sao-bento-do-sul-e-regiao-referente-aprovacao-do-plc-382017-pelo-senado\/"},"wordCount":264,"commentCount":0,"publisher":{"@id":"https:\/\/sindicatodosbancarios.org.br\/site2022\/#organization"},"articleSection":["Geral"],"inLanguage":"pt-BR","potentialAction":[{"@type":"CommentAction","name":"Comment","target":["https:\/\/sindicatodosbancarios.org.br\/site2022\/2017\/07\/12\/informe-1262017-nota-de-repudio-da-contec-e-do-seeb-sao-bento-do-sul-e-regiao-referente-aprovacao-do-plc-382017-pelo-senado\/#respond"]}]},{"@type":"WebPage","@id":"https:\/\/sindicatodosbancarios.org.br\/site2022\/2017\/07\/12\/informe-1262017-nota-de-repudio-da-contec-e-do-seeb-sao-bento-do-sul-e-regiao-referente-aprovacao-do-plc-382017-pelo-senado\/","url":"https:\/\/sindicatodosbancarios.org.br\/site2022\/2017\/07\/12\/informe-1262017-nota-de-repudio-da-contec-e-do-seeb-sao-bento-do-sul-e-regiao-referente-aprovacao-do-plc-382017-pelo-senado\/","name":"INFORME 126\/2017 - NOTA DE REP\u00daDIO DA CONTEC E DO SEEB S\u00c3O BENTO DO SUL E REGI\u00c3O, REFERENTE \u00c0 APROVA\u00c7\u00c3O DO PLC 38\/2017 PELO SENADO - Sindicato dos Banc\u00e1rios de S\u00e3o Bento do Sul e Regi\u00e3o","isPartOf":{"@id":"https:\/\/sindicatodosbancarios.org.br\/site2022\/#website"},"datePublished":"2017-07-12T19:24:49+00:00","dateModified":"2017-08-28T19:29:01+00:00","breadcrumb":{"@id":"https:\/\/sindicatodosbancarios.org.br\/site2022\/2017\/07\/12\/informe-1262017-nota-de-repudio-da-contec-e-do-seeb-sao-bento-do-sul-e-regiao-referente-aprovacao-do-plc-382017-pelo-senado\/#breadcrumb"},"inLanguage":"pt-BR","potentialAction":[{"@type":"ReadAction","target":["https:\/\/sindicatodosbancarios.org.br\/site2022\/2017\/07\/12\/informe-1262017-nota-de-repudio-da-contec-e-do-seeb-sao-bento-do-sul-e-regiao-referente-aprovacao-do-plc-382017-pelo-senado\/"]}]},{"@type":"BreadcrumbList","@id":"https:\/\/sindicatodosbancarios.org.br\/site2022\/2017\/07\/12\/informe-1262017-nota-de-repudio-da-contec-e-do-seeb-sao-bento-do-sul-e-regiao-referente-aprovacao-do-plc-382017-pelo-senado\/#breadcrumb","itemListElement":[{"@type":"ListItem","position":1,"name":"In\u00edcio","item":"https:\/\/sindicatodosbancarios.org.br\/site2022\/"},{"@type":"ListItem","position":2,"name":"INFORME 126\/2017 &#8211; NOTA DE REP\u00daDIO DA CONTEC E DO SEEB S\u00c3O BENTO DO SUL E REGI\u00c3O, REFERENTE \u00c0 APROVA\u00c7\u00c3O DO PLC 38\/2017 PELO SENADO"}]},{"@type":"WebSite","@id":"https:\/\/sindicatodosbancarios.org.br\/site2022\/#website","url":"https:\/\/sindicatodosbancarios.org.br\/site2022\/","name":"Sindicato dos Banc\u00e1rios de S\u00e3o Bento do Sul e Regi\u00e3o","description":"Website institucional do Sindicato dos Banc\u00e1rios de S\u00e3o Bento do Sul e Regi\u00e3o","publisher":{"@id":"https:\/\/sindicatodosbancarios.org.br\/site2022\/#organization"},"potentialAction":[{"@type":"SearchAction","target":{"@type":"EntryPoint","urlTemplate":"https:\/\/sindicatodosbancarios.org.br\/site2022\/?s={search_term_string}"},"query-input":"required name=search_term_string"}],"inLanguage":"pt-BR"},{"@type":"Organization","@id":"https:\/\/sindicatodosbancarios.org.br\/site2022\/#organization","name":"Sindicato dos Banc\u00e1rios de S\u00e3o Bento do Sul e Regi\u00e3o","url":"https:\/\/sindicatodosbancarios.org.br\/site2022\/","logo":{"@type":"ImageObject","inLanguage":"pt-BR","@id":"https:\/\/sindicatodosbancarios.org.br\/site2022\/#\/schema\/logo\/image\/","url":"https:\/\/sindicatodosbancarios.org.br\/site2022\/wp-content\/uploads\/2017\/06\/cropped-logo-2.png","contentUrl":"https:\/\/sindicatodosbancarios.org.br\/site2022\/wp-content\/uploads\/2017\/06\/cropped-logo-2.png","width":292,"height":292,"caption":"Sindicato dos Banc\u00e1rios de S\u00e3o Bento do Sul e Regi\u00e3o"},"image":{"@id":"https:\/\/sindicatodosbancarios.org.br\/site2022\/#\/schema\/logo\/image\/"}},{"@type":"Person","@id":"https:\/\/sindicatodosbancarios.org.br\/site2022\/#\/schema\/person\/a7d92da77d1084df4d28b57962f1e1bd","name":"Sindicato dos Banc\u00e1rios S\u00e3o Bento do Sul e Regi\u00e3o","image":{"@type":"ImageObject","inLanguage":"pt-BR","@id":"https:\/\/sindicatodosbancarios.org.br\/site2022\/#\/schema\/person\/image\/","url":"https:\/\/secure.gravatar.com\/avatar\/f1d1a06f698f2345352e539387180d42?s=96&d=mm&r=g","contentUrl":"https:\/\/secure.gravatar.com\/avatar\/f1d1a06f698f2345352e539387180d42?s=96&d=mm&r=g","caption":"Sindicato dos Banc\u00e1rios S\u00e3o Bento do Sul e Regi\u00e3o"},"sameAs":["http:\/\/sindicatodosbancarios.org.br\/site2022\/","https:\/\/www.facebook.com\/seeb.sbs.9"],"url":"https:\/\/sindicatodosbancarios.org.br\/site2022\/author\/sindicatodosbancarios\/"}]}},"jetpack_featured_media_url":"https:\/\/sindicatodosbancarios.org.br\/site2022\/wp-content\/uploads\/2017\/08\/126.jpg","jetpack_sharing_enabled":true,"jetpack_shortlink":"https:\/\/wp.me\/p8RSbI-pO","jetpack-related-posts":[{"id":5623,"url":"https:\/\/sindicatodosbancarios.org.br\/site2022\/2021\/08\/19\/informe-bancario-195-2021-camara-conclui-aprovacao-de-nova-reforma-trabalhista-texto-vai-ao-senado\/","url_meta":{"origin":1600,"position":0},"title":"INFORME BANC\u00c1RIO \u2013 195\/2021 C\u00e2mara conclui aprova\u00e7\u00e3o de nova reforma trabalhista; texto vai ao Senado","date":"19 de agosto de 2021","format":false,"excerpt":"A C\u00e2mara dos Deputados concluiu nesta quinta-feira (12) a vota\u00e7\u00e3o de uma nova reforma trabalhista, mudando uma s\u00e9rie de regras para os trabalhadores. O texto-base da proposta j\u00e1 havia sido aprovado na ter\u00e7a, e agora os deputados conclu\u00edram a vota\u00e7\u00e3o de destaques, que s\u00e3o mudan\u00e7as no texto. Todos eles foram\u2026","rel":"","context":"Em &quot;Geral&quot;","img":{"alt_text":"","src":"https:\/\/i0.wp.com\/sindicatodosbancarios.org.br\/site2022\/wp-content\/uploads\/2021\/08\/Nova-reforma-trabalhista-com-reducao-de-salarios-750x450.jpeg?resize=350%2C200&ssl=1","width":350,"height":200},"classes":[]},{"id":5583,"url":"https:\/\/sindicatodosbancarios.org.br\/site2022\/2021\/08\/06\/informe-bancario-183-2021-secretario-do-trabalho-diz-que-clt-nao-e-adequada-para-novas-formas-de-trabalho\/","url_meta":{"origin":1600,"position":1},"title":"INFORME BANC\u00c1RIO \u2013 183\/2021 Secret\u00e1rio do Trabalho diz que &#8216;CLT n\u00e3o \u00e9 adequada&#8217; para novas formas de trabalho","date":"6 de agosto de 2021","format":false,"excerpt":"O secret\u00e1rio executivo do Minist\u00e9rio do Trabalho e Previd\u00eancia, Bruno Bianco, repetiu hoje que o governo trabalha com medidas para que os trabalhadores informais possam ter oportunidades e qualifica\u00e7\u00e3o no trabalho, em programas diferentes da Consolida\u00e7\u00e3o das Leis do Trabalho (CLT). \"A pandemia antecipou um fen\u00f4meno \u2014 no Brasil e\u2026","rel":"","context":"Em &quot;Geral&quot;","img":{"alt_text":"","src":"https:\/\/i0.wp.com\/sindicatodosbancarios.org.br\/site2022\/wp-content\/uploads\/2021\/08\/pzzb1195.jpg?resize=350%2C200&ssl=1","width":350,"height":200},"classes":[]},{"id":5824,"url":"https:\/\/sindicatodosbancarios.org.br\/site2022\/2021\/11\/18\/informe-bancario-250-2021-reforma-trabalhista-completa-4-anos-sem-conseguir-estimular-a-criacao-de-empregos\/","url_meta":{"origin":1600,"position":2},"title":"INFORME BANC\u00c1RIO \u2013 250\/2021 Reforma trabalhista completa 4 anos sem conseguir estimular a cria\u00e7\u00e3o de empregos","date":"18 de novembro de 2021","format":false,"excerpt":"A\u00a0reforma trabalhista, que completou seu quarto ano no \u00faltimo dia 11 de novembro, trouxe modifica\u00e7\u00f5es nas rela\u00e7\u00f5es de trabalho, mas n\u00e3o confirmou o prop\u00f3sito de gera\u00e7\u00e3o de\u00a0empregos\u00a0e, na vis\u00e3o de especialistas, potencializou a informalidade e a precariza\u00e7\u00e3o dos direitos trabalhistas. Para a advogada especialista em Direito do Trabalho e s\u00f3cia\u2026","rel":"","context":"Em &quot;Geral&quot;","img":{"alt_text":"","src":"https:\/\/i0.wp.com\/sindicatodosbancarios.org.br\/site2022\/wp-content\/uploads\/2021\/11\/reforma-e1543516064120.jpg?resize=350%2C200&ssl=1","width":350,"height":200},"classes":[]},{"id":4755,"url":"https:\/\/sindicatodosbancarios.org.br\/site2022\/2020\/11\/09\/informe-bancario-427-2020-tst-forma-maioria-contra-norma-que-preve-irrecorribilidade-de-decisao-monocratica\/","url_meta":{"origin":1600,"position":3},"title":"INFORME BANC\u00c1RIO \u2013 427\/2020 TST forma maioria contra norma que prev\u00ea irrecorribilidade de decis\u00e3o monocr\u00e1tica","date":"9 de novembro de 2020","format":false,"excerpt":"O colegiado do Tribunal Superior do Trabalho formou maioria para declara\u00e7\u00e3o de inconstitucionalidade do artigo 896-A, par\u00e1grafo 5\u00ba, da CLT. O dispositivo foi criado pela\u00a0reforma trabalhista\u00a0de 2017 e determina que empresas e trabalhadores s\u00f3 podem recorrer\u00a0de uma decis\u00e3o de \u00a0inst\u00e2ncia no TST se conseguirem demonstrar que a quest\u00e3o preenche requisitos\u2026","rel":"","context":"Em &quot;Geral&quot;","img":{"alt_text":"","src":"https:\/\/i0.wp.com\/sindicatodosbancarios.org.br\/site2022\/wp-content\/uploads\/2020\/09\/Orgaos-TST-SDI-SDC.png?resize=350%2C200&ssl=1","width":350,"height":200},"classes":[]},{"id":4507,"url":"https:\/\/sindicatodosbancarios.org.br\/site2022\/2020\/09\/16\/informe-bancario-352-2020-tst-determina-que-ferias-pagas-e-nao-usufruidas-devem-ser-quitadas-de-forma-simples\/","url_meta":{"origin":1600,"position":4},"title":"INFORME BANC\u00c1RIO \u2013 352\/2020 TST determina que f\u00e9rias pagas e n\u00e3o usufru\u00eddas devem ser quitadas de forma simples","date":"16 de setembro de 2020","format":false,"excerpt":"Um gerente de vendas da Arauco do Brasil Ltda., de Pi\u00ean (PR), que recebeu as f\u00e9rias, mas n\u00e3o conseguiu usufru\u00ed-las, tem direito ao pagamento da dobra legal de forma simples, conforme decis\u00e3o da Quinta Turma do Tribunal Superior do Trabalho. A decis\u00e3o proferida de forma un\u00e2nime nos autos do\u00a0Recurso de\u2026","rel":"","context":"Em &quot;Geral&quot;","img":{"alt_text":"","src":"https:\/\/i0.wp.com\/sindicatodosbancarios.org.br\/site2022\/wp-content\/uploads\/2020\/09\/card_julgados_tst_laranja_201_12_18.png?resize=350%2C200&ssl=1","width":350,"height":200},"classes":[]},{"id":5651,"url":"https:\/\/sindicatodosbancarios.org.br\/site2022\/2021\/09\/01\/informe-bancario-203-2021-a-reforma-trabalhista-e-os-limites-da-vedacao-legal-a-ultra-atividade-das-normas-coletivas-do-trabalho\/","url_meta":{"origin":1600,"position":5},"title":"INFORME BANC\u00c1RIO \u2013 203\/2021 A reforma trabalhista e os limites da veda\u00e7\u00e3o legal \u00e0 ultra-atividade das normas coletivas do trabalho","date":"1 de setembro de 2021","format":false,"excerpt":"1 INTRODU\u00c7\u00c3O O presente artigo inicia-se abordando sobre os elementos constitutivos dentro do contexto hist\u00f3rico do Direito do Trabalho e nele, a hist\u00f3ria dos sindicatos, bem como as fun\u00e7\u00f5es gerais deste. Como meio principal de estudo, ter-se-\u00e1 a veda\u00e7\u00e3o ao princ\u00edpio da ultra-atividade das normas, em rela\u00e7\u00e3o ao ACT (Acordo\u2026","rel":"","context":"Em &quot;Geral&quot;","img":{"alt_text":"","src":"https:\/\/i0.wp.com\/sindicatodosbancarios.org.br\/site2022\/wp-content\/uploads\/2021\/09\/reforma-trabalhista.jpg?resize=350%2C200&ssl=1","width":350,"height":200},"classes":[]}],"_links":{"self":[{"href":"https:\/\/sindicatodosbancarios.org.br\/site2022\/wp-json\/wp\/v2\/posts\/1600"}],"collection":[{"href":"https:\/\/sindicatodosbancarios.org.br\/site2022\/wp-json\/wp\/v2\/posts"}],"about":[{"href":"https:\/\/sindicatodosbancarios.org.br\/site2022\/wp-json\/wp\/v2\/types\/post"}],"author":[{"embeddable":true,"href":"https:\/\/sindicatodosbancarios.org.br\/site2022\/wp-json\/wp\/v2\/users\/2"}],"replies":[{"embeddable":true,"href":"https:\/\/sindicatodosbancarios.org.br\/site2022\/wp-json\/wp\/v2\/comments?post=1600"}],"version-history":[{"count":1,"href":"https:\/\/sindicatodosbancarios.org.br\/site2022\/wp-json\/wp\/v2\/posts\/1600\/revisions"}],"predecessor-version":[{"id":1602,"href":"https:\/\/sindicatodosbancarios.org.br\/site2022\/wp-json\/wp\/v2\/posts\/1600\/revisions\/1602"}],"wp:featuredmedia":[{"embeddable":true,"href":"https:\/\/sindicatodosbancarios.org.br\/site2022\/wp-json\/wp\/v2\/media\/1601"}],"wp:attachment":[{"href":"https:\/\/sindicatodosbancarios.org.br\/site2022\/wp-json\/wp\/v2\/media?parent=1600"}],"wp:term":[{"taxonomy":"category","embeddable":true,"href":"https:\/\/sindicatodosbancarios.org.br\/site2022\/wp-json\/wp\/v2\/categories?post=1600"},{"taxonomy":"post_tag","embeddable":true,"href":"https:\/\/sindicatodosbancarios.org.br\/site2022\/wp-json\/wp\/v2\/tags?post=1600"}],"curies":[{"name":"wp","href":"https:\/\/api.w.org\/{rel}","templated":true}]}}