{"id":1607,"date":"2017-08-29T15:17:09","date_gmt":"2017-08-29T18:17:09","guid":{"rendered":"http:\/\/sindicatodosbancarios.org.br\/?p=1607"},"modified":"2017-08-29T15:38:04","modified_gmt":"2017-08-29T18:38:04","slug":"informe-1512017-inicia-obras-de-construcao-da-recreativa-dos-bancarios","status":"publish","type":"post","link":"https:\/\/sindicatodosbancarios.org.br\/site2022\/2017\/08\/29\/informe-1512017-inicia-obras-de-construcao-da-recreativa-dos-bancarios\/","title":{"rendered":"INFORME 151\/2017 &#8211; INICIA OBRAS DE CONSTRU\u00c7\u00c3O DA RECREATIVA DOS BANC\u00c1RIOS"},"content":{"rendered":"<p>A Associa\u00e7\u00e3o Recreativa dos Banc\u00e1rios (ARBANC) j\u00e1 est\u00e1 se tornando realidade, ap\u00f3s a aquisi\u00e7\u00e3o do terreno que ocorreu em abril, deu-se in\u00edcio aprova\u00e7\u00e3o nos \u00f3rg\u00e3os competentes do projeto de constru\u00e7\u00e3o.<\/p>\n<p>No dia 14\/08 teve in\u00edcio \u00e0 constru\u00e7\u00e3o de banheiros \/ vesti\u00e1rios \/ frald\u00e1rio, e ter\u00e1 prosseguimento com a constru\u00e7\u00e3o de quiosque com churrasqueira e jardinamento de parte da \u00e1rea.<\/p>\n<p>Em sequ\u00eancia ser\u00e1 dado prioridade a conclus\u00e3o do campo de futebol su\u00ed\u00e7o e quadra de areia.Nesse per\u00edodo estaremos divulgando fotos e a evolu\u00e7\u00e3o da constru\u00e7\u00e3o em nosso site (<a href=\"http:\/\/sindicatodosbancarios.org.br\/albuns\/arbanc-inicio-de-obras\/\">sindicatodosbancarios.org.br<\/a>), portanto, acesse o site e acompanhe mais essa conquista do Sindicato para sua categoria.<\/p>\n","protected":false},"excerpt":{"rendered":"<p>A Associa\u00e7\u00e3o Recreativa dos Banc\u00e1rios (ARBANC) j\u00e1 est\u00e1 se tornando realidade, ap\u00f3s a aquisi\u00e7\u00e3o do terreno que ocorreu [&hellip;]<\/p>\n","protected":false},"author":2,"featured_media":1627,"comment_status":"open","ping_status":"open","sticky":false,"template":"","format":"standard","meta":{"jetpack_post_was_ever_published":false,"jetpack_publicize_message":"","jetpack_is_tweetstorm":false,"jetpack_publicize_feature_enabled":true,"jetpack_social_post_already_shared":true,"jetpack_social_options":[]},"categories":[1],"tags":[],"jetpack_publicize_connections":[],"acf":[],"yoast_head":"<!-- This site is optimized with the Yoast SEO plugin v19.14 - https:\/\/yoast.com\/wordpress\/plugins\/seo\/ -->\n<title>INFORME 151\/2017 - INICIA OBRAS DE CONSTRU\u00c7\u00c3O DA RECREATIVA DOS BANC\u00c1RIOS - Sindicato dos Banc\u00e1rios de S\u00e3o Bento do Sul e Regi\u00e3o<\/title>\n<meta name=\"robots\" content=\"index, follow, max-snippet:-1, max-image-preview:large, max-video-preview:-1\" \/>\n<link rel=\"canonical\" href=\"https:\/\/sindicatodosbancarios.org.br\/site2022\/2017\/08\/29\/informe-1512017-inicia-obras-de-construcao-da-recreativa-dos-bancarios\/\" \/>\n<meta property=\"og:locale\" content=\"pt_BR\" \/>\n<meta property=\"og:type\" content=\"article\" \/>\n<meta property=\"og:title\" content=\"INFORME 151\/2017 - INICIA OBRAS DE CONSTRU\u00c7\u00c3O DA RECREATIVA DOS BANC\u00c1RIOS - Sindicato dos Banc\u00e1rios de S\u00e3o Bento do Sul e Regi\u00e3o\" \/>\n<meta property=\"og:description\" content=\"A Associa\u00e7\u00e3o Recreativa dos Banc\u00e1rios (ARBANC) j\u00e1 est\u00e1 se tornando realidade, ap\u00f3s a aquisi\u00e7\u00e3o do terreno que ocorreu [&hellip;]\" \/>\n<meta property=\"og:url\" content=\"https:\/\/sindicatodosbancarios.org.br\/site2022\/2017\/08\/29\/informe-1512017-inicia-obras-de-construcao-da-recreativa-dos-bancarios\/\" \/>\n<meta property=\"og:site_name\" content=\"Sindicato dos Banc\u00e1rios de S\u00e3o Bento do Sul e Regi\u00e3o\" \/>\n<meta property=\"article:author\" content=\"https:\/\/www.facebook.com\/seeb.sbs.9\" \/>\n<meta property=\"article:published_time\" content=\"2017-08-29T18:17:09+00:00\" \/>\n<meta property=\"article:modified_time\" content=\"2017-08-29T18:38:04+00:00\" \/>\n<meta name=\"author\" content=\"Sindicato dos Banc\u00e1rios S\u00e3o Bento do Sul e Regi\u00e3o\" \/>\n<meta name=\"twitter:card\" content=\"summary_large_image\" \/>\n<meta name=\"twitter:image\" content=\"https:\/\/sindicatodosbancarios.org.br\/site2022\/wp-content\/uploads\/2017\/08\/imagem-1.bmp\" \/>\n<meta name=\"twitter:label1\" content=\"Escrito por\" \/>\n\t<meta name=\"twitter:data1\" content=\"Sindicato dos Banc\u00e1rios S\u00e3o Bento do Sul e Regi\u00e3o\" \/>\n\t<meta name=\"twitter:label2\" content=\"Est. tempo de leitura\" \/>\n\t<meta name=\"twitter:data2\" content=\"1 minuto\" \/>\n<script type=\"application\/ld+json\" class=\"yoast-schema-graph\">{\"@context\":\"https:\/\/schema.org\",\"@graph\":[{\"@type\":\"Article\",\"@id\":\"https:\/\/sindicatodosbancarios.org.br\/site2022\/2017\/08\/29\/informe-1512017-inicia-obras-de-construcao-da-recreativa-dos-bancarios\/#article\",\"isPartOf\":{\"@id\":\"https:\/\/sindicatodosbancarios.org.br\/site2022\/2017\/08\/29\/informe-1512017-inicia-obras-de-construcao-da-recreativa-dos-bancarios\/\"},\"author\":{\"name\":\"Sindicato dos Banc\u00e1rios S\u00e3o Bento do Sul e Regi\u00e3o\",\"@id\":\"https:\/\/sindicatodosbancarios.org.br\/site2022\/#\/schema\/person\/a7d92da77d1084df4d28b57962f1e1bd\"},\"headline\":\"INFORME 151\/2017 &#8211; INICIA OBRAS DE CONSTRU\u00c7\u00c3O DA RECREATIVA DOS BANC\u00c1RIOS\",\"datePublished\":\"2017-08-29T18:17:09+00:00\",\"dateModified\":\"2017-08-29T18:38:04+00:00\",\"mainEntityOfPage\":{\"@id\":\"https:\/\/sindicatodosbancarios.org.br\/site2022\/2017\/08\/29\/informe-1512017-inicia-obras-de-construcao-da-recreativa-dos-bancarios\/\"},\"wordCount\":132,\"commentCount\":0,\"publisher\":{\"@id\":\"https:\/\/sindicatodosbancarios.org.br\/site2022\/#organization\"},\"articleSection\":[\"Geral\"],\"inLanguage\":\"pt-BR\",\"potentialAction\":[{\"@type\":\"CommentAction\",\"name\":\"Comment\",\"target\":[\"https:\/\/sindicatodosbancarios.org.br\/site2022\/2017\/08\/29\/informe-1512017-inicia-obras-de-construcao-da-recreativa-dos-bancarios\/#respond\"]}]},{\"@type\":\"WebPage\",\"@id\":\"https:\/\/sindicatodosbancarios.org.br\/site2022\/2017\/08\/29\/informe-1512017-inicia-obras-de-construcao-da-recreativa-dos-bancarios\/\",\"url\":\"https:\/\/sindicatodosbancarios.org.br\/site2022\/2017\/08\/29\/informe-1512017-inicia-obras-de-construcao-da-recreativa-dos-bancarios\/\",\"name\":\"INFORME 151\/2017 - INICIA OBRAS DE CONSTRU\u00c7\u00c3O DA RECREATIVA DOS BANC\u00c1RIOS - Sindicato dos Banc\u00e1rios de S\u00e3o Bento do Sul e Regi\u00e3o\",\"isPartOf\":{\"@id\":\"https:\/\/sindicatodosbancarios.org.br\/site2022\/#website\"},\"datePublished\":\"2017-08-29T18:17:09+00:00\",\"dateModified\":\"2017-08-29T18:38:04+00:00\",\"breadcrumb\":{\"@id\":\"https:\/\/sindicatodosbancarios.org.br\/site2022\/2017\/08\/29\/informe-1512017-inicia-obras-de-construcao-da-recreativa-dos-bancarios\/#breadcrumb\"},\"inLanguage\":\"pt-BR\",\"potentialAction\":[{\"@type\":\"ReadAction\",\"target\":[\"https:\/\/sindicatodosbancarios.org.br\/site2022\/2017\/08\/29\/informe-1512017-inicia-obras-de-construcao-da-recreativa-dos-bancarios\/\"]}]},{\"@type\":\"BreadcrumbList\",\"@id\":\"https:\/\/sindicatodosbancarios.org.br\/site2022\/2017\/08\/29\/informe-1512017-inicia-obras-de-construcao-da-recreativa-dos-bancarios\/#breadcrumb\",\"itemListElement\":[{\"@type\":\"ListItem\",\"position\":1,\"name\":\"In\u00edcio\",\"item\":\"https:\/\/sindicatodosbancarios.org.br\/site2022\/\"},{\"@type\":\"ListItem\",\"position\":2,\"name\":\"INFORME 151\/2017 &#8211; INICIA OBRAS DE CONSTRU\u00c7\u00c3O DA RECREATIVA DOS BANC\u00c1RIOS\"}]},{\"@type\":\"WebSite\",\"@id\":\"https:\/\/sindicatodosbancarios.org.br\/site2022\/#website\",\"url\":\"https:\/\/sindicatodosbancarios.org.br\/site2022\/\",\"name\":\"Sindicato dos Banc\u00e1rios de S\u00e3o Bento do Sul e Regi\u00e3o\",\"description\":\"Website institucional do Sindicato dos Banc\u00e1rios de S\u00e3o Bento do Sul e Regi\u00e3o\",\"publisher\":{\"@id\":\"https:\/\/sindicatodosbancarios.org.br\/site2022\/#organization\"},\"potentialAction\":[{\"@type\":\"SearchAction\",\"target\":{\"@type\":\"EntryPoint\",\"urlTemplate\":\"https:\/\/sindicatodosbancarios.org.br\/site2022\/?s={search_term_string}\"},\"query-input\":\"required name=search_term_string\"}],\"inLanguage\":\"pt-BR\"},{\"@type\":\"Organization\",\"@id\":\"https:\/\/sindicatodosbancarios.org.br\/site2022\/#organization\",\"name\":\"Sindicato dos Banc\u00e1rios de S\u00e3o Bento do Sul e Regi\u00e3o\",\"url\":\"https:\/\/sindicatodosbancarios.org.br\/site2022\/\",\"logo\":{\"@type\":\"ImageObject\",\"inLanguage\":\"pt-BR\",\"@id\":\"https:\/\/sindicatodosbancarios.org.br\/site2022\/#\/schema\/logo\/image\/\",\"url\":\"https:\/\/sindicatodosbancarios.org.br\/site2022\/wp-content\/uploads\/2017\/06\/cropped-logo-2.png\",\"contentUrl\":\"https:\/\/sindicatodosbancarios.org.br\/site2022\/wp-content\/uploads\/2017\/06\/cropped-logo-2.png\",\"width\":292,\"height\":292,\"caption\":\"Sindicato dos Banc\u00e1rios de S\u00e3o Bento do Sul e Regi\u00e3o\"},\"image\":{\"@id\":\"https:\/\/sindicatodosbancarios.org.br\/site2022\/#\/schema\/logo\/image\/\"}},{\"@type\":\"Person\",\"@id\":\"https:\/\/sindicatodosbancarios.org.br\/site2022\/#\/schema\/person\/a7d92da77d1084df4d28b57962f1e1bd\",\"name\":\"Sindicato dos Banc\u00e1rios S\u00e3o Bento do Sul e Regi\u00e3o\",\"image\":{\"@type\":\"ImageObject\",\"inLanguage\":\"pt-BR\",\"@id\":\"https:\/\/sindicatodosbancarios.org.br\/site2022\/#\/schema\/person\/image\/\",\"url\":\"https:\/\/secure.gravatar.com\/avatar\/f1d1a06f698f2345352e539387180d42?s=96&d=mm&r=g\",\"contentUrl\":\"https:\/\/secure.gravatar.com\/avatar\/f1d1a06f698f2345352e539387180d42?s=96&d=mm&r=g\",\"caption\":\"Sindicato dos Banc\u00e1rios S\u00e3o Bento do Sul e Regi\u00e3o\"},\"sameAs\":[\"http:\/\/sindicatodosbancarios.org.br\/site2022\/\",\"https:\/\/www.facebook.com\/seeb.sbs.9\"],\"url\":\"https:\/\/sindicatodosbancarios.org.br\/site2022\/author\/sindicatodosbancarios\/\"}]}<\/script>\n<!-- \/ Yoast SEO plugin. -->","yoast_head_json":{"title":"INFORME 151\/2017 - INICIA OBRAS DE CONSTRU\u00c7\u00c3O DA RECREATIVA DOS BANC\u00c1RIOS - Sindicato dos Banc\u00e1rios de S\u00e3o Bento do Sul e Regi\u00e3o","robots":{"index":"index","follow":"follow","max-snippet":"max-snippet:-1","max-image-preview":"max-image-preview:large","max-video-preview":"max-video-preview:-1"},"canonical":"https:\/\/sindicatodosbancarios.org.br\/site2022\/2017\/08\/29\/informe-1512017-inicia-obras-de-construcao-da-recreativa-dos-bancarios\/","og_locale":"pt_BR","og_type":"article","og_title":"INFORME 151\/2017 - INICIA OBRAS DE CONSTRU\u00c7\u00c3O DA RECREATIVA DOS BANC\u00c1RIOS - Sindicato dos Banc\u00e1rios de S\u00e3o Bento do Sul e Regi\u00e3o","og_description":"A Associa\u00e7\u00e3o Recreativa dos Banc\u00e1rios (ARBANC) j\u00e1 est\u00e1 se tornando realidade, ap\u00f3s a aquisi\u00e7\u00e3o do terreno que ocorreu [&hellip;]","og_url":"https:\/\/sindicatodosbancarios.org.br\/site2022\/2017\/08\/29\/informe-1512017-inicia-obras-de-construcao-da-recreativa-dos-bancarios\/","og_site_name":"Sindicato dos Banc\u00e1rios de S\u00e3o Bento do Sul e Regi\u00e3o","article_author":"https:\/\/www.facebook.com\/seeb.sbs.9","article_published_time":"2017-08-29T18:17:09+00:00","article_modified_time":"2017-08-29T18:38:04+00:00","author":"Sindicato dos Banc\u00e1rios S\u00e3o Bento do Sul e Regi\u00e3o","twitter_card":"summary_large_image","twitter_image":"https:\/\/sindicatodosbancarios.org.br\/site2022\/wp-content\/uploads\/2017\/08\/imagem-1.bmp","twitter_misc":{"Escrito por":"Sindicato dos Banc\u00e1rios S\u00e3o Bento do Sul e Regi\u00e3o","Est. tempo de leitura":"1 minuto"},"schema":{"@context":"https:\/\/schema.org","@graph":[{"@type":"Article","@id":"https:\/\/sindicatodosbancarios.org.br\/site2022\/2017\/08\/29\/informe-1512017-inicia-obras-de-construcao-da-recreativa-dos-bancarios\/#article","isPartOf":{"@id":"https:\/\/sindicatodosbancarios.org.br\/site2022\/2017\/08\/29\/informe-1512017-inicia-obras-de-construcao-da-recreativa-dos-bancarios\/"},"author":{"name":"Sindicato dos Banc\u00e1rios S\u00e3o Bento do Sul e Regi\u00e3o","@id":"https:\/\/sindicatodosbancarios.org.br\/site2022\/#\/schema\/person\/a7d92da77d1084df4d28b57962f1e1bd"},"headline":"INFORME 151\/2017 &#8211; INICIA OBRAS DE CONSTRU\u00c7\u00c3O DA RECREATIVA DOS BANC\u00c1RIOS","datePublished":"2017-08-29T18:17:09+00:00","dateModified":"2017-08-29T18:38:04+00:00","mainEntityOfPage":{"@id":"https:\/\/sindicatodosbancarios.org.br\/site2022\/2017\/08\/29\/informe-1512017-inicia-obras-de-construcao-da-recreativa-dos-bancarios\/"},"wordCount":132,"commentCount":0,"publisher":{"@id":"https:\/\/sindicatodosbancarios.org.br\/site2022\/#organization"},"articleSection":["Geral"],"inLanguage":"pt-BR","potentialAction":[{"@type":"CommentAction","name":"Comment","target":["https:\/\/sindicatodosbancarios.org.br\/site2022\/2017\/08\/29\/informe-1512017-inicia-obras-de-construcao-da-recreativa-dos-bancarios\/#respond"]}]},{"@type":"WebPage","@id":"https:\/\/sindicatodosbancarios.org.br\/site2022\/2017\/08\/29\/informe-1512017-inicia-obras-de-construcao-da-recreativa-dos-bancarios\/","url":"https:\/\/sindicatodosbancarios.org.br\/site2022\/2017\/08\/29\/informe-1512017-inicia-obras-de-construcao-da-recreativa-dos-bancarios\/","name":"INFORME 151\/2017 - INICIA OBRAS DE CONSTRU\u00c7\u00c3O DA RECREATIVA DOS BANC\u00c1RIOS - Sindicato dos Banc\u00e1rios de S\u00e3o Bento do Sul e Regi\u00e3o","isPartOf":{"@id":"https:\/\/sindicatodosbancarios.org.br\/site2022\/#website"},"datePublished":"2017-08-29T18:17:09+00:00","dateModified":"2017-08-29T18:38:04+00:00","breadcrumb":{"@id":"https:\/\/sindicatodosbancarios.org.br\/site2022\/2017\/08\/29\/informe-1512017-inicia-obras-de-construcao-da-recreativa-dos-bancarios\/#breadcrumb"},"inLanguage":"pt-BR","potentialAction":[{"@type":"ReadAction","target":["https:\/\/sindicatodosbancarios.org.br\/site2022\/2017\/08\/29\/informe-1512017-inicia-obras-de-construcao-da-recreativa-dos-bancarios\/"]}]},{"@type":"BreadcrumbList","@id":"https:\/\/sindicatodosbancarios.org.br\/site2022\/2017\/08\/29\/informe-1512017-inicia-obras-de-construcao-da-recreativa-dos-bancarios\/#breadcrumb","itemListElement":[{"@type":"ListItem","position":1,"name":"In\u00edcio","item":"https:\/\/sindicatodosbancarios.org.br\/site2022\/"},{"@type":"ListItem","position":2,"name":"INFORME 151\/2017 &#8211; INICIA OBRAS DE CONSTRU\u00c7\u00c3O DA RECREATIVA DOS BANC\u00c1RIOS"}]},{"@type":"WebSite","@id":"https:\/\/sindicatodosbancarios.org.br\/site2022\/#website","url":"https:\/\/sindicatodosbancarios.org.br\/site2022\/","name":"Sindicato dos Banc\u00e1rios de S\u00e3o Bento do Sul e Regi\u00e3o","description":"Website institucional do Sindicato dos Banc\u00e1rios de S\u00e3o Bento do Sul e Regi\u00e3o","publisher":{"@id":"https:\/\/sindicatodosbancarios.org.br\/site2022\/#organization"},"potentialAction":[{"@type":"SearchAction","target":{"@type":"EntryPoint","urlTemplate":"https:\/\/sindicatodosbancarios.org.br\/site2022\/?s={search_term_string}"},"query-input":"required name=search_term_string"}],"inLanguage":"pt-BR"},{"@type":"Organization","@id":"https:\/\/sindicatodosbancarios.org.br\/site2022\/#organization","name":"Sindicato dos Banc\u00e1rios de S\u00e3o Bento do Sul e Regi\u00e3o","url":"https:\/\/sindicatodosbancarios.org.br\/site2022\/","logo":{"@type":"ImageObject","inLanguage":"pt-BR","@id":"https:\/\/sindicatodosbancarios.org.br\/site2022\/#\/schema\/logo\/image\/","url":"https:\/\/sindicatodosbancarios.org.br\/site2022\/wp-content\/uploads\/2017\/06\/cropped-logo-2.png","contentUrl":"https:\/\/sindicatodosbancarios.org.br\/site2022\/wp-content\/uploads\/2017\/06\/cropped-logo-2.png","width":292,"height":292,"caption":"Sindicato dos Banc\u00e1rios de S\u00e3o Bento do Sul e Regi\u00e3o"},"image":{"@id":"https:\/\/sindicatodosbancarios.org.br\/site2022\/#\/schema\/logo\/image\/"}},{"@type":"Person","@id":"https:\/\/sindicatodosbancarios.org.br\/site2022\/#\/schema\/person\/a7d92da77d1084df4d28b57962f1e1bd","name":"Sindicato dos Banc\u00e1rios S\u00e3o Bento do Sul e Regi\u00e3o","image":{"@type":"ImageObject","inLanguage":"pt-BR","@id":"https:\/\/sindicatodosbancarios.org.br\/site2022\/#\/schema\/person\/image\/","url":"https:\/\/secure.gravatar.com\/avatar\/f1d1a06f698f2345352e539387180d42?s=96&d=mm&r=g","contentUrl":"https:\/\/secure.gravatar.com\/avatar\/f1d1a06f698f2345352e539387180d42?s=96&d=mm&r=g","caption":"Sindicato dos Banc\u00e1rios S\u00e3o Bento do Sul e Regi\u00e3o"},"sameAs":["http:\/\/sindicatodosbancarios.org.br\/site2022\/","https:\/\/www.facebook.com\/seeb.sbs.9"],"url":"https:\/\/sindicatodosbancarios.org.br\/site2022\/author\/sindicatodosbancarios\/"}]}},"jetpack_featured_media_url":"https:\/\/sindicatodosbancarios.org.br\/site2022\/wp-content\/uploads\/2017\/08\/imagem-1.bmp","jetpack_sharing_enabled":true,"jetpack_shortlink":"https:\/\/wp.me\/p8RSbI-pV","jetpack-related-posts":[{"id":6366,"url":"https:\/\/sindicatodosbancarios.org.br\/site2022\/2022\/05\/10\/informe-bancario-65-2022-xlix-encontro-nacional-dos-dirigentes-bancarios-e-securitarios\/","url_meta":{"origin":1607,"position":0},"title":"INFORME BANC\u00c1RIO \u2013 65\/2022 &#8211; CAMPANHA SALARIAL &#8211; XLIX Encontro Nacional dos Dirigentes Banc\u00e1rios e Securit\u00e1rios","date":"10 de maio de 2022","format":false,"excerpt":"O evento vai acontecer de forma virtual hoje dia 10 de maio. O objetivo \u00e9 unir os resultados dos encontro regionais de banc\u00e1rios para a constru\u00e7\u00e3o de uma pauta unificada de reivindica\u00e7\u00f5es da categoria. Mais do que nunca \u00e9 tempo de uni\u00e3o, engajamento e de participa\u00e7\u00e3o de todos nesse processo\u2026","rel":"","context":"Em &quot;Geral&quot;","img":{"alt_text":"","src":"https:\/\/i0.wp.com\/sindicatodosbancarios.org.br\/site2022\/wp-content\/uploads\/2022\/05\/LOGO-CONTEC-LARANJA.png?resize=350%2C200&ssl=1","width":350,"height":200},"classes":[]},{"id":5380,"url":"https:\/\/sindicatodosbancarios.org.br\/site2022\/2021\/05\/07\/informe-bancarios-119-2021-lazari-mudanca-da-velocidade-da-vacinacao-e-a-peca-chave-para-a-economia\/","url_meta":{"origin":1607,"position":1},"title":"INFORME BANC\u00c1RIOS \u2013 119\/2021 Lazari: mudan\u00e7a da velocidade da vacina\u00e7\u00e3o \u00e9 a pe\u00e7a-chave para a economia","date":"7 de maio de 2021","format":false,"excerpt":"O presidente do Bradesco, Octavio de Lazari, afirmou que a mudan\u00e7a na velocidade da vacina\u00e7\u00e3o dos brasileiros \u00e9 a pe\u00e7a-chave para a para a constru\u00e7\u00e3o mais r\u00e1pida de um cen\u00e1rio positivo para a economia. Acelerar a imuniza\u00e7\u00e3o, em que pese o choque de oferta global, precisa ser uma meta do\u2026","rel":"","context":"Em &quot;Bradesco\/HSBC&quot;","img":{"alt_text":"","src":"https:\/\/i0.wp.com\/sindicatodosbancarios.org.br\/site2022\/wp-content\/uploads\/2021\/05\/octavio-de-lazari-bradesco-20180205-001.jpg?resize=350%2C200&ssl=1","width":350,"height":200},"classes":[]},{"id":5754,"url":"https:\/\/sindicatodosbancarios.org.br\/site2022\/2021\/10\/22\/informe-bancario-235-2021-guimaraes-caixa-deve-abrir-mais-268-agencias-e-contratar-mais-4-000-funcionarios\/","url_meta":{"origin":1607,"position":2},"title":"INFORME BANC\u00c1RIO \u2013 235\/2021 Guimar\u00e3es: Caixa deve abrir mais 268 ag\u00eancias e contratar mais 4.000 funcion\u00e1rios","date":"22 de outubro de 2021","format":false,"excerpt":"O presidente da\u00a0Caixa Econ\u00f4mica Federal,\u00a0Pedro Guimar\u00e3es, disse nesta ter\u00e7a-feira, 19, que a expans\u00e3o da rede f\u00edsica planejada pelo banco \u00e9 necess\u00e1ria diante do foco social da institui\u00e7\u00e3o, e que a CEF tem um \u201cequil\u00edbrio\u201d para atender a pequenas cidades e a grandes capitais. De acordo com ele, a Caixa deve\u2026","rel":"","context":"Em &quot;Caixa Econ\u00f4mica Federal&quot;","img":{"alt_text":"","src":"https:\/\/i0.wp.com\/sindicatodosbancarios.org.br\/site2022\/wp-content\/uploads\/2021\/10\/caixa-economica-federal0505202673-840x472.jpg?resize=350%2C200&ssl=1","width":350,"height":200},"classes":[]},{"id":4819,"url":"https:\/\/sindicatodosbancarios.org.br\/site2022\/2020\/11\/30\/informe-bancario-444-2020-coe-itau-unibanco-debate-novo-act-para-teletrabalho\/","url_meta":{"origin":1607,"position":3},"title":"INFORME BANC\u00c1RIO \u2013 444\/2020 COE Ita\u00fa\/Unibanco debate novo ACT para Teletrabalho","date":"30 de novembro de 2020","format":false,"excerpt":"Nesta quinta-feira (26), aconteceu por videoconfer\u00eancia mais uma reuni\u00e3o da Comiss\u00e3o Espec\u00edfica dos Funcion\u00e1rios do Ita\u00fa\u2013Unibanco (COE). Na pauta, prosseguiram os debates para a constru\u00e7\u00e3o do Acordo Coletivo de Trabalho (ACT) espec\u00edfico para regulamentar o Teletrabalho, sistema alternativo eletr\u00f4nico de controle de jornada de trabalho e o termo de quita\u00e7\u00e3o\u2026","rel":"","context":"Em &quot;Geral&quot;","img":{"alt_text":"","src":"https:\/\/i0.wp.com\/sindicatodosbancarios.org.br\/site2022\/wp-content\/uploads\/2020\/09\/itau-741x486.jpg?resize=350%2C200&ssl=1","width":350,"height":200},"classes":[]},{"id":5971,"url":"https:\/\/sindicatodosbancarios.org.br\/site2022\/2022\/03\/29\/bancarios-homenageiam-adao-de-oliveira-inauguracao-quadras-esportivas-arbanc\/","url_meta":{"origin":1607,"position":4},"title":"BANC\u00c1RIOS HOMENAGEIAM AD\u00c3O DE OLIVEIRA &#8211; INAUGURA\u00c7\u00c3O QUADRAS ESPORTIVAS &#8211; ARBANC","date":"29 de mar\u00e7o de 2022","format":false,"excerpt":"No \u00faltimo dia 26 de mar\u00e7o, banc\u00e1rios da regi\u00e3o estiveram reunidos na sede da Associa\u00e7\u00e3o Recreativa dos Banc\u00e1rios \u201cJos\u00e9 Ilton Belli\u201d \u2013 ARBANC, localizada no Bairro Bras\u00edlia para uma confraterniza\u00e7\u00e3o e a inaugura\u00e7\u00e3o das quadras de futebol society e v\u00f4lei de areia. Na ocasi\u00e3o foi realizada a homenagem ao ex-banc\u00e1rio\u2026","rel":"","context":"Em &quot;Banco do Brasil&quot;","img":{"alt_text":"","src":"https:\/\/i0.wp.com\/sindicatodosbancarios.org.br\/site2022\/wp-content\/uploads\/2022\/03\/DSC_3974.jpg?resize=350%2C200&ssl=1","width":350,"height":200},"classes":[]},{"id":5426,"url":"https:\/\/sindicatodosbancarios.org.br\/site2022\/2021\/06\/02\/informe-bancario-134-2021-cni-industria-migra-do-sudeste-para-as-demais-regioes-do-pais-em-dez-anos\/","url_meta":{"origin":1607,"position":5},"title":"INFORME BANC\u00c1RIO \u2013 134\/2021 CNI: Ind\u00fastria migra do Sudeste para as demais regi\u00f5es do Pa\u00eds em dez anos","date":"2 de junho de 2021","format":false,"excerpt":"Al\u00e9m da fuga de f\u00e1bricas do Brasil nas crises recentes, os Estados do Sudeste tamb\u00e9m perderam espa\u00e7o em rela\u00e7\u00e3o a outras regi\u00f5es, de acordo com levantamento da Confedera\u00e7\u00e3o Nacional da Ind\u00fastria (CNI). Os quatro Estados do Sudeste, que historicamente concentram os maiores polos industriais do Pa\u00eds, perderam 7,66 pontos porcentuais\u2026","rel":"","context":"Em &quot;Geral&quot;","img":{"alt_text":"","src":"https:\/\/i0.wp.com\/sindicatodosbancarios.org.br\/site2022\/wp-content\/uploads\/2021\/06\/unnamed.jpg?resize=350%2C200&ssl=1","width":350,"height":200},"classes":[]}],"_links":{"self":[{"href":"https:\/\/sindicatodosbancarios.org.br\/site2022\/wp-json\/wp\/v2\/posts\/1607"}],"collection":[{"href":"https:\/\/sindicatodosbancarios.org.br\/site2022\/wp-json\/wp\/v2\/posts"}],"about":[{"href":"https:\/\/sindicatodosbancarios.org.br\/site2022\/wp-json\/wp\/v2\/types\/post"}],"author":[{"embeddable":true,"href":"https:\/\/sindicatodosbancarios.org.br\/site2022\/wp-json\/wp\/v2\/users\/2"}],"replies":[{"embeddable":true,"href":"https:\/\/sindicatodosbancarios.org.br\/site2022\/wp-json\/wp\/v2\/comments?post=1607"}],"version-history":[{"count":1,"href":"https:\/\/sindicatodosbancarios.org.br\/site2022\/wp-json\/wp\/v2\/posts\/1607\/revisions"}],"predecessor-version":[{"id":1626,"href":"https:\/\/sindicatodosbancarios.org.br\/site2022\/wp-json\/wp\/v2\/posts\/1607\/revisions\/1626"}],"wp:featuredmedia":[{"embeddable":true,"href":"https:\/\/sindicatodosbancarios.org.br\/site2022\/wp-json\/wp\/v2\/media\/1627"}],"wp:attachment":[{"href":"https:\/\/sindicatodosbancarios.org.br\/site2022\/wp-json\/wp\/v2\/media?parent=1607"}],"wp:term":[{"taxonomy":"category","embeddable":true,"href":"https:\/\/sindicatodosbancarios.org.br\/site2022\/wp-json\/wp\/v2\/categories?post=1607"},{"taxonomy":"post_tag","embeddable":true,"href":"https:\/\/sindicatodosbancarios.org.br\/site2022\/wp-json\/wp\/v2\/tags?post=1607"}],"curies":[{"name":"wp","href":"https:\/\/api.w.org\/{rel}","templated":true}]}}