{"id":1628,"date":"2017-07-10T15:50:54","date_gmt":"2017-07-10T18:50:54","guid":{"rendered":"http:\/\/sindicatodosbancarios.org.br\/?p=1628"},"modified":"2017-08-29T16:03:36","modified_gmt":"2017-08-29T19:03:36","slug":"informe-1252017-trabalhador-cobre-rombo-de-fundos-de-pensao","status":"publish","type":"post","link":"https:\/\/sindicatodosbancarios.org.br\/site2022\/2017\/07\/10\/informe-1252017-trabalhador-cobre-rombo-de-fundos-de-pensao\/","title":{"rendered":"INFORME 125\/2017 &#8211; TRABALHADOR COBRE ROMBO DE FUNDOS DE PENS\u00c3O"},"content":{"rendered":"<p>At\u00e9 o fim do ano, 220 mil ter\u00e3o descontos em sal\u00e1rio para arcar com preju\u00edzo por m\u00e1 gest\u00e3o.<\/p>\n<p>Era 1953, quando, aos 23 anos, Maria Augusta dos Santos come\u00e7ou a trabalhar na \u00e1rea administrativa da Caixa Econ\u00f4mica. Trinta anos depois, ela deixou o banco com uma aposentadoria de R$3.564, em valores atualizados. Agora, aos 86 anos, teve uma redu\u00e7\u00e3o no seu sal\u00e1rio: o contracheque vem com um desconto de R$ 99,90 \u2013 valor que, a partir deste m\u00eas, aumentar\u00e1 para R$ 379,20. Maria Augusta \u00e9 uma das centenas de milhares de aposentados que est\u00e3o pagando a conta por casos de m\u00e1 gest\u00e3o e desvios em fundos de previd\u00eancia complementar.<\/p>\n<p>Assim como ela, cerca de 142 mil funcion\u00e1rios e aposentados da Caixa e dos Correios sofrem descontos mensais para cobrir rombos dos fundos Funcef e Postalis, respectivamente. O n\u00famero dos que ter\u00e3o de arcar com o preju\u00edzo de fundos de pens\u00e3o ficar\u00e1 ainda maior, j\u00e1 que cerca de 77 mil trabalhadores da Petrobr\u00e1s foram notificados de que, at\u00e9 o fim do ano, tamb\u00e9m passar\u00e3o a contribuir para a redu\u00e7\u00e3o do d\u00e9ficit de R$ 26,8 bilh\u00f5es de um dos planos da Funda\u00e7\u00e3o Petrobr\u00e1s de Seguridade Social (Petros). O porcentual dos descontos ser\u00e1 definido nos pr\u00f3ximos meses.<\/p>\n<p>Embora tamb\u00e9m esteja sob investiga\u00e7\u00e3o, a administra\u00e7\u00e3o da Previ, dos funcion\u00e1rios do Banco do Brasil, \u00e9 considerada mais respons\u00e1vel por especialistas. No entanto, h\u00e1 um plano no fundo do BB cujo d\u00e9ficit alcan\u00e7a R$ 13,1 bilh\u00f5es e que re\u00fane contribui\u00e7\u00f5es de 103,1 mil profissionais. Por enquanto, esses funcion\u00e1rios n\u00e3o sofrem com descontos, j\u00e1 que os investimentos feitos pela Previ renderam, nos \u00faltimos anos, o suficiente para equacionar parte do rombo. Essa tend\u00eancia, por\u00e9m, pode mudar se os investimentos n\u00e3o remunerarem, neste ano, o suficiente para cobrir o resultado negativo de R$ 1,44 bilh\u00e3o de 2016.<\/p>\n<p>CPI. Os d\u00e9ficits bilion\u00e1rios dos fundos come\u00e7aram a ser motivo de preocupa\u00e7\u00e3o para os trabalhadores quando surgiu a CPI dos Fundos de Pens\u00e3o, em 2015. As apreens\u00f5es ganharam for\u00e7a no ano passado, com a Opera\u00e7\u00e3o Greenfield, da Pol\u00edcia Federal. Tanto as investiga\u00e7\u00f5es da CPI como as da opera\u00e7\u00e3o apontam desvios bilion\u00e1rios nos fundos. Um dos casos mais pol\u00eamicos \u00e9 o de um investimento feito pela Funcef na Sete Brasil, empresa de sondas para a explora\u00e7\u00e3o de petr\u00f3leo que se mostrou foco de corrup\u00e7\u00e3o na Lava Jato. O aporte de R$ 1 bilh\u00e3o na companhia \u00e9 apontado como uma das fontes de preju\u00edzo na Funcef.<\/p>\n<p>\u201cN\u00e3o tenho culpa que houve roubo (no fundo)\u201d, diz Maria Augusta. \u201cAgora, est\u00e3o descontando de mim. Tenho 86 anos, estou bastante doente e h\u00e1 m\u00eas em que gasto mais de R$ 1 mil com rem\u00e9dios\u201d, afirma a aposentada, que tamb\u00e9m recebe benef\u00edcio do INSS.<\/p>\n<p>Compara\u00e7\u00e3o. Sobrinha de Maria Augusta, Selma de Medeiros, 64 anos, tamb\u00e9m \u00e9 aposentada da Caixa. \u00c9 ela quem leva as informa\u00e7\u00f5es sobre os cortes nos sal\u00e1rios para a tia. \u201cPode ser que parte desse d\u00e9ficit seja conjuntural, sabemos que o mercado passou por uma situa\u00e7\u00e3o at\u00edpica. Mas, quando se v\u00ea que fundos privados n\u00e3o tiveram preju\u00edzos como o nosso, percebe-se que h\u00e1 algo errado\u201d, diz.<\/p>\n<p>O receio dos trabalhadores \u00e9 que os descontos t\u00eam crescido. At\u00e9 junho, a Funcef descontava 2,78% dos participantes do plano com preju\u00edzo. A parcela cobria o d\u00e9ficit de 2014. Agora, para equacionar o d\u00e9ficit de 2015, esse n\u00famero subir\u00e1 para 10,64%. At\u00e9 dezembro, o fundo dever\u00e1 apresentar uma proposta para o preju\u00edzo de R$ 6 bilh\u00f5es de 2016. \u201cImagina aonde devem chegar esses descontos, que est\u00e3o programados para serem feitos por 17 anos\u201d, indaga Selma.<\/p>\n<p>Procurada, a Funcef afirmou que trabalha com o Minist\u00e9rio P\u00fablico e a Pol\u00edcia Federal para obter indeniza\u00e7\u00f5es pelos preju\u00edzos sofridos, al\u00e9m de ter adotado medidas para aumentar a transpar\u00eancia. A Petros informou que refor\u00e7ou os crit\u00e9rios de decis\u00e3o de investimentos e que comiss\u00f5es internas est\u00e3o apurando eventuais irregularidades. Procurada, a Previ destacou que seu d\u00e9ficit \u00e9 conjuntural e n\u00e3o decorre de casos de corrup\u00e7\u00e3o ou m\u00e1 gest\u00e3o. O fundo ressaltou que seus dirigentes n\u00e3o foram indiciados pela CPI dos Fundos de Pens\u00e3o.<\/p>\n<p><span style=\"font-size: 8pt;\"><em>Fonte: ESTAD\u00c3O.<\/em><\/span><\/p>\n","protected":false},"excerpt":{"rendered":"<p>At\u00e9 o fim do ano, 220 mil ter\u00e3o descontos em sal\u00e1rio para arcar com preju\u00edzo por m\u00e1 gest\u00e3o. [&hellip;]<\/p>\n","protected":false},"author":2,"featured_media":1629,"comment_status":"open","ping_status":"open","sticky":false,"template":"","format":"standard","meta":{"jetpack_post_was_ever_published":false,"jetpack_publicize_message":"","jetpack_is_tweetstorm":false,"jetpack_publicize_feature_enabled":true,"jetpack_social_post_already_shared":true,"jetpack_social_options":[]},"categories":[1],"tags":[],"jetpack_publicize_connections":[],"acf":[],"yoast_head":"<!-- This site is optimized with the Yoast SEO plugin v19.14 - https:\/\/yoast.com\/wordpress\/plugins\/seo\/ -->\n<title>INFORME 125\/2017 - TRABALHADOR COBRE ROMBO DE FUNDOS DE PENS\u00c3O - Sindicato dos Banc\u00e1rios de S\u00e3o Bento do Sul e Regi\u00e3o<\/title>\n<meta name=\"robots\" content=\"index, follow, max-snippet:-1, max-image-preview:large, max-video-preview:-1\" \/>\n<link rel=\"canonical\" href=\"https:\/\/sindicatodosbancarios.org.br\/site2022\/2017\/07\/10\/informe-1252017-trabalhador-cobre-rombo-de-fundos-de-pensao\/\" \/>\n<meta property=\"og:locale\" content=\"pt_BR\" \/>\n<meta property=\"og:type\" content=\"article\" \/>\n<meta property=\"og:title\" content=\"INFORME 125\/2017 - TRABALHADOR COBRE ROMBO DE FUNDOS DE PENS\u00c3O - Sindicato dos Banc\u00e1rios de S\u00e3o Bento do Sul e Regi\u00e3o\" \/>\n<meta property=\"og:description\" content=\"At\u00e9 o fim do ano, 220 mil ter\u00e3o descontos em sal\u00e1rio para arcar com preju\u00edzo por m\u00e1 gest\u00e3o. [&hellip;]\" \/>\n<meta property=\"og:url\" content=\"https:\/\/sindicatodosbancarios.org.br\/site2022\/2017\/07\/10\/informe-1252017-trabalhador-cobre-rombo-de-fundos-de-pensao\/\" \/>\n<meta property=\"og:site_name\" content=\"Sindicato dos Banc\u00e1rios de S\u00e3o Bento do Sul e Regi\u00e3o\" \/>\n<meta property=\"article:author\" content=\"https:\/\/www.facebook.com\/seeb.sbs.9\" \/>\n<meta property=\"article:published_time\" content=\"2017-07-10T18:50:54+00:00\" \/>\n<meta property=\"article:modified_time\" content=\"2017-08-29T19:03:36+00:00\" \/>\n<meta property=\"og:image\" content=\"https:\/\/sindicatodosbancarios.org.br\/site2022\/wp-content\/uploads\/2017\/08\/125.jpg\" \/>\n\t<meta property=\"og:image:width\" content=\"932\" \/>\n\t<meta property=\"og:image:height\" content=\"621\" \/>\n\t<meta property=\"og:image:type\" content=\"image\/jpeg\" \/>\n<meta name=\"author\" content=\"Sindicato dos Banc\u00e1rios S\u00e3o Bento do Sul e Regi\u00e3o\" \/>\n<meta name=\"twitter:card\" content=\"summary_large_image\" \/>\n<meta name=\"twitter:label1\" content=\"Escrito por\" \/>\n\t<meta name=\"twitter:data1\" content=\"Sindicato dos Banc\u00e1rios S\u00e3o Bento do Sul e Regi\u00e3o\" \/>\n\t<meta name=\"twitter:label2\" content=\"Est. tempo de leitura\" \/>\n\t<meta name=\"twitter:data2\" content=\"4 minutos\" \/>\n<script type=\"application\/ld+json\" class=\"yoast-schema-graph\">{\"@context\":\"https:\/\/schema.org\",\"@graph\":[{\"@type\":\"Article\",\"@id\":\"https:\/\/sindicatodosbancarios.org.br\/site2022\/2017\/07\/10\/informe-1252017-trabalhador-cobre-rombo-de-fundos-de-pensao\/#article\",\"isPartOf\":{\"@id\":\"https:\/\/sindicatodosbancarios.org.br\/site2022\/2017\/07\/10\/informe-1252017-trabalhador-cobre-rombo-de-fundos-de-pensao\/\"},\"author\":{\"name\":\"Sindicato dos Banc\u00e1rios S\u00e3o Bento do Sul e Regi\u00e3o\",\"@id\":\"https:\/\/sindicatodosbancarios.org.br\/site2022\/#\/schema\/person\/a7d92da77d1084df4d28b57962f1e1bd\"},\"headline\":\"INFORME 125\/2017 &#8211; TRABALHADOR COBRE ROMBO DE FUNDOS DE PENS\u00c3O\",\"datePublished\":\"2017-07-10T18:50:54+00:00\",\"dateModified\":\"2017-08-29T19:03:36+00:00\",\"mainEntityOfPage\":{\"@id\":\"https:\/\/sindicatodosbancarios.org.br\/site2022\/2017\/07\/10\/informe-1252017-trabalhador-cobre-rombo-de-fundos-de-pensao\/\"},\"wordCount\":749,\"commentCount\":0,\"publisher\":{\"@id\":\"https:\/\/sindicatodosbancarios.org.br\/site2022\/#organization\"},\"articleSection\":[\"Geral\"],\"inLanguage\":\"pt-BR\",\"potentialAction\":[{\"@type\":\"CommentAction\",\"name\":\"Comment\",\"target\":[\"https:\/\/sindicatodosbancarios.org.br\/site2022\/2017\/07\/10\/informe-1252017-trabalhador-cobre-rombo-de-fundos-de-pensao\/#respond\"]}]},{\"@type\":\"WebPage\",\"@id\":\"https:\/\/sindicatodosbancarios.org.br\/site2022\/2017\/07\/10\/informe-1252017-trabalhador-cobre-rombo-de-fundos-de-pensao\/\",\"url\":\"https:\/\/sindicatodosbancarios.org.br\/site2022\/2017\/07\/10\/informe-1252017-trabalhador-cobre-rombo-de-fundos-de-pensao\/\",\"name\":\"INFORME 125\/2017 - TRABALHADOR COBRE ROMBO DE FUNDOS DE PENS\u00c3O - Sindicato dos Banc\u00e1rios de S\u00e3o Bento do Sul e Regi\u00e3o\",\"isPartOf\":{\"@id\":\"https:\/\/sindicatodosbancarios.org.br\/site2022\/#website\"},\"datePublished\":\"2017-07-10T18:50:54+00:00\",\"dateModified\":\"2017-08-29T19:03:36+00:00\",\"breadcrumb\":{\"@id\":\"https:\/\/sindicatodosbancarios.org.br\/site2022\/2017\/07\/10\/informe-1252017-trabalhador-cobre-rombo-de-fundos-de-pensao\/#breadcrumb\"},\"inLanguage\":\"pt-BR\",\"potentialAction\":[{\"@type\":\"ReadAction\",\"target\":[\"https:\/\/sindicatodosbancarios.org.br\/site2022\/2017\/07\/10\/informe-1252017-trabalhador-cobre-rombo-de-fundos-de-pensao\/\"]}]},{\"@type\":\"BreadcrumbList\",\"@id\":\"https:\/\/sindicatodosbancarios.org.br\/site2022\/2017\/07\/10\/informe-1252017-trabalhador-cobre-rombo-de-fundos-de-pensao\/#breadcrumb\",\"itemListElement\":[{\"@type\":\"ListItem\",\"position\":1,\"name\":\"In\u00edcio\",\"item\":\"https:\/\/sindicatodosbancarios.org.br\/site2022\/\"},{\"@type\":\"ListItem\",\"position\":2,\"name\":\"INFORME 125\/2017 &#8211; TRABALHADOR COBRE ROMBO DE FUNDOS DE PENS\u00c3O\"}]},{\"@type\":\"WebSite\",\"@id\":\"https:\/\/sindicatodosbancarios.org.br\/site2022\/#website\",\"url\":\"https:\/\/sindicatodosbancarios.org.br\/site2022\/\",\"name\":\"Sindicato dos Banc\u00e1rios de S\u00e3o Bento do Sul e Regi\u00e3o\",\"description\":\"Website institucional do Sindicato dos Banc\u00e1rios de S\u00e3o Bento do Sul e Regi\u00e3o\",\"publisher\":{\"@id\":\"https:\/\/sindicatodosbancarios.org.br\/site2022\/#organization\"},\"potentialAction\":[{\"@type\":\"SearchAction\",\"target\":{\"@type\":\"EntryPoint\",\"urlTemplate\":\"https:\/\/sindicatodosbancarios.org.br\/site2022\/?s={search_term_string}\"},\"query-input\":\"required name=search_term_string\"}],\"inLanguage\":\"pt-BR\"},{\"@type\":\"Organization\",\"@id\":\"https:\/\/sindicatodosbancarios.org.br\/site2022\/#organization\",\"name\":\"Sindicato dos Banc\u00e1rios de S\u00e3o Bento do Sul e Regi\u00e3o\",\"url\":\"https:\/\/sindicatodosbancarios.org.br\/site2022\/\",\"logo\":{\"@type\":\"ImageObject\",\"inLanguage\":\"pt-BR\",\"@id\":\"https:\/\/sindicatodosbancarios.org.br\/site2022\/#\/schema\/logo\/image\/\",\"url\":\"https:\/\/sindicatodosbancarios.org.br\/site2022\/wp-content\/uploads\/2017\/06\/cropped-logo-2.png\",\"contentUrl\":\"https:\/\/sindicatodosbancarios.org.br\/site2022\/wp-content\/uploads\/2017\/06\/cropped-logo-2.png\",\"width\":292,\"height\":292,\"caption\":\"Sindicato dos Banc\u00e1rios de S\u00e3o Bento do Sul e Regi\u00e3o\"},\"image\":{\"@id\":\"https:\/\/sindicatodosbancarios.org.br\/site2022\/#\/schema\/logo\/image\/\"}},{\"@type\":\"Person\",\"@id\":\"https:\/\/sindicatodosbancarios.org.br\/site2022\/#\/schema\/person\/a7d92da77d1084df4d28b57962f1e1bd\",\"name\":\"Sindicato dos Banc\u00e1rios S\u00e3o Bento do Sul e Regi\u00e3o\",\"image\":{\"@type\":\"ImageObject\",\"inLanguage\":\"pt-BR\",\"@id\":\"https:\/\/sindicatodosbancarios.org.br\/site2022\/#\/schema\/person\/image\/\",\"url\":\"https:\/\/secure.gravatar.com\/avatar\/f1d1a06f698f2345352e539387180d42?s=96&d=mm&r=g\",\"contentUrl\":\"https:\/\/secure.gravatar.com\/avatar\/f1d1a06f698f2345352e539387180d42?s=96&d=mm&r=g\",\"caption\":\"Sindicato dos Banc\u00e1rios S\u00e3o Bento do Sul e Regi\u00e3o\"},\"sameAs\":[\"http:\/\/sindicatodosbancarios.org.br\/site2022\/\",\"https:\/\/www.facebook.com\/seeb.sbs.9\"],\"url\":\"https:\/\/sindicatodosbancarios.org.br\/site2022\/author\/sindicatodosbancarios\/\"}]}<\/script>\n<!-- \/ Yoast SEO plugin. -->","yoast_head_json":{"title":"INFORME 125\/2017 - TRABALHADOR COBRE ROMBO DE FUNDOS DE PENS\u00c3O - Sindicato dos Banc\u00e1rios de S\u00e3o Bento do Sul e Regi\u00e3o","robots":{"index":"index","follow":"follow","max-snippet":"max-snippet:-1","max-image-preview":"max-image-preview:large","max-video-preview":"max-video-preview:-1"},"canonical":"https:\/\/sindicatodosbancarios.org.br\/site2022\/2017\/07\/10\/informe-1252017-trabalhador-cobre-rombo-de-fundos-de-pensao\/","og_locale":"pt_BR","og_type":"article","og_title":"INFORME 125\/2017 - TRABALHADOR COBRE ROMBO DE FUNDOS DE PENS\u00c3O - Sindicato dos Banc\u00e1rios de S\u00e3o Bento do Sul e Regi\u00e3o","og_description":"At\u00e9 o fim do ano, 220 mil ter\u00e3o descontos em sal\u00e1rio para arcar com preju\u00edzo por m\u00e1 gest\u00e3o. [&hellip;]","og_url":"https:\/\/sindicatodosbancarios.org.br\/site2022\/2017\/07\/10\/informe-1252017-trabalhador-cobre-rombo-de-fundos-de-pensao\/","og_site_name":"Sindicato dos Banc\u00e1rios de S\u00e3o Bento do Sul e Regi\u00e3o","article_author":"https:\/\/www.facebook.com\/seeb.sbs.9","article_published_time":"2017-07-10T18:50:54+00:00","article_modified_time":"2017-08-29T19:03:36+00:00","og_image":[{"width":932,"height":621,"url":"https:\/\/sindicatodosbancarios.org.br\/site2022\/wp-content\/uploads\/2017\/08\/125.jpg","type":"image\/jpeg"}],"author":"Sindicato dos Banc\u00e1rios S\u00e3o Bento do Sul e Regi\u00e3o","twitter_card":"summary_large_image","twitter_misc":{"Escrito por":"Sindicato dos Banc\u00e1rios S\u00e3o Bento do Sul e Regi\u00e3o","Est. tempo de leitura":"4 minutos"},"schema":{"@context":"https:\/\/schema.org","@graph":[{"@type":"Article","@id":"https:\/\/sindicatodosbancarios.org.br\/site2022\/2017\/07\/10\/informe-1252017-trabalhador-cobre-rombo-de-fundos-de-pensao\/#article","isPartOf":{"@id":"https:\/\/sindicatodosbancarios.org.br\/site2022\/2017\/07\/10\/informe-1252017-trabalhador-cobre-rombo-de-fundos-de-pensao\/"},"author":{"name":"Sindicato dos Banc\u00e1rios S\u00e3o Bento do Sul e Regi\u00e3o","@id":"https:\/\/sindicatodosbancarios.org.br\/site2022\/#\/schema\/person\/a7d92da77d1084df4d28b57962f1e1bd"},"headline":"INFORME 125\/2017 &#8211; TRABALHADOR COBRE ROMBO DE FUNDOS DE PENS\u00c3O","datePublished":"2017-07-10T18:50:54+00:00","dateModified":"2017-08-29T19:03:36+00:00","mainEntityOfPage":{"@id":"https:\/\/sindicatodosbancarios.org.br\/site2022\/2017\/07\/10\/informe-1252017-trabalhador-cobre-rombo-de-fundos-de-pensao\/"},"wordCount":749,"commentCount":0,"publisher":{"@id":"https:\/\/sindicatodosbancarios.org.br\/site2022\/#organization"},"articleSection":["Geral"],"inLanguage":"pt-BR","potentialAction":[{"@type":"CommentAction","name":"Comment","target":["https:\/\/sindicatodosbancarios.org.br\/site2022\/2017\/07\/10\/informe-1252017-trabalhador-cobre-rombo-de-fundos-de-pensao\/#respond"]}]},{"@type":"WebPage","@id":"https:\/\/sindicatodosbancarios.org.br\/site2022\/2017\/07\/10\/informe-1252017-trabalhador-cobre-rombo-de-fundos-de-pensao\/","url":"https:\/\/sindicatodosbancarios.org.br\/site2022\/2017\/07\/10\/informe-1252017-trabalhador-cobre-rombo-de-fundos-de-pensao\/","name":"INFORME 125\/2017 - TRABALHADOR COBRE ROMBO DE FUNDOS DE PENS\u00c3O - Sindicato dos Banc\u00e1rios de S\u00e3o Bento do Sul e Regi\u00e3o","isPartOf":{"@id":"https:\/\/sindicatodosbancarios.org.br\/site2022\/#website"},"datePublished":"2017-07-10T18:50:54+00:00","dateModified":"2017-08-29T19:03:36+00:00","breadcrumb":{"@id":"https:\/\/sindicatodosbancarios.org.br\/site2022\/2017\/07\/10\/informe-1252017-trabalhador-cobre-rombo-de-fundos-de-pensao\/#breadcrumb"},"inLanguage":"pt-BR","potentialAction":[{"@type":"ReadAction","target":["https:\/\/sindicatodosbancarios.org.br\/site2022\/2017\/07\/10\/informe-1252017-trabalhador-cobre-rombo-de-fundos-de-pensao\/"]}]},{"@type":"BreadcrumbList","@id":"https:\/\/sindicatodosbancarios.org.br\/site2022\/2017\/07\/10\/informe-1252017-trabalhador-cobre-rombo-de-fundos-de-pensao\/#breadcrumb","itemListElement":[{"@type":"ListItem","position":1,"name":"In\u00edcio","item":"https:\/\/sindicatodosbancarios.org.br\/site2022\/"},{"@type":"ListItem","position":2,"name":"INFORME 125\/2017 &#8211; TRABALHADOR COBRE ROMBO DE FUNDOS DE PENS\u00c3O"}]},{"@type":"WebSite","@id":"https:\/\/sindicatodosbancarios.org.br\/site2022\/#website","url":"https:\/\/sindicatodosbancarios.org.br\/site2022\/","name":"Sindicato dos Banc\u00e1rios de S\u00e3o Bento do Sul e Regi\u00e3o","description":"Website institucional do Sindicato dos Banc\u00e1rios de S\u00e3o Bento do Sul e Regi\u00e3o","publisher":{"@id":"https:\/\/sindicatodosbancarios.org.br\/site2022\/#organization"},"potentialAction":[{"@type":"SearchAction","target":{"@type":"EntryPoint","urlTemplate":"https:\/\/sindicatodosbancarios.org.br\/site2022\/?s={search_term_string}"},"query-input":"required name=search_term_string"}],"inLanguage":"pt-BR"},{"@type":"Organization","@id":"https:\/\/sindicatodosbancarios.org.br\/site2022\/#organization","name":"Sindicato dos Banc\u00e1rios de S\u00e3o Bento do Sul e Regi\u00e3o","url":"https:\/\/sindicatodosbancarios.org.br\/site2022\/","logo":{"@type":"ImageObject","inLanguage":"pt-BR","@id":"https:\/\/sindicatodosbancarios.org.br\/site2022\/#\/schema\/logo\/image\/","url":"https:\/\/sindicatodosbancarios.org.br\/site2022\/wp-content\/uploads\/2017\/06\/cropped-logo-2.png","contentUrl":"https:\/\/sindicatodosbancarios.org.br\/site2022\/wp-content\/uploads\/2017\/06\/cropped-logo-2.png","width":292,"height":292,"caption":"Sindicato dos Banc\u00e1rios de S\u00e3o Bento do Sul e Regi\u00e3o"},"image":{"@id":"https:\/\/sindicatodosbancarios.org.br\/site2022\/#\/schema\/logo\/image\/"}},{"@type":"Person","@id":"https:\/\/sindicatodosbancarios.org.br\/site2022\/#\/schema\/person\/a7d92da77d1084df4d28b57962f1e1bd","name":"Sindicato dos Banc\u00e1rios S\u00e3o Bento do Sul e Regi\u00e3o","image":{"@type":"ImageObject","inLanguage":"pt-BR","@id":"https:\/\/sindicatodosbancarios.org.br\/site2022\/#\/schema\/person\/image\/","url":"https:\/\/secure.gravatar.com\/avatar\/f1d1a06f698f2345352e539387180d42?s=96&d=mm&r=g","contentUrl":"https:\/\/secure.gravatar.com\/avatar\/f1d1a06f698f2345352e539387180d42?s=96&d=mm&r=g","caption":"Sindicato dos Banc\u00e1rios S\u00e3o Bento do Sul e Regi\u00e3o"},"sameAs":["http:\/\/sindicatodosbancarios.org.br\/site2022\/","https:\/\/www.facebook.com\/seeb.sbs.9"],"url":"https:\/\/sindicatodosbancarios.org.br\/site2022\/author\/sindicatodosbancarios\/"}]}},"jetpack_featured_media_url":"https:\/\/sindicatodosbancarios.org.br\/site2022\/wp-content\/uploads\/2017\/08\/125.jpg","jetpack_sharing_enabled":true,"jetpack_shortlink":"https:\/\/wp.me\/p8RSbI-qg","jetpack-related-posts":[{"id":6250,"url":"https:\/\/sindicatodosbancarios.org.br\/site2022\/2022\/04\/06\/informe-bancario-35-2022-governo-publica-novas-regras-para-vale-alimentacao-e-vale-refeicao-veja\/","url_meta":{"origin":1628,"position":0},"title":"INFORME BANC\u00c1RIO \u2013 35\/2022 Governo publica novas regras para vale-alimenta\u00e7\u00e3o e vale-refei\u00e7\u00e3o; veja","date":"6 de abril de 2022","format":false,"excerpt":"O governo publicou na edi\u00e7\u00e3o desta segunda-feira (28) do Di\u00e1rio Oficial da Uni\u00e3o as novas regras para o vale-alimenta\u00e7\u00e3o e vale-refei\u00e7\u00e3o dos trabalhadores. A partir de agora, o benef\u00edcio poder\u00e1 ser usado apenas para a compra de refei\u00e7\u00f5es e alimentos \u2014o governo alega que antes ele era destinado a servi\u00e7os\u2026","rel":"","context":"Em &quot;Geral&quot;","img":{"alt_text":"","src":"https:\/\/i0.wp.com\/sindicatodosbancarios.org.br\/site2022\/wp-content\/uploads\/2022\/04\/original-1cf99c36e61cf20e4ec25821fc1eeb70.jpg?resize=350%2C200&ssl=1","width":350,"height":200},"classes":[]},{"id":4646,"url":"https:\/\/sindicatodosbancarios.org.br\/site2022\/2020\/10\/15\/informe-bancario-391-2020-economiaqual-e-o-valor-do-decimo-quarto-salario-dos-aposentados\/","url_meta":{"origin":1628,"position":1},"title":"INFORME BANC\u00c1RIO \u2013 391\/2020 ECONOMIAQual \u00e9 o valor do d\u00e9cimo quarto sal\u00e1rio dos aposentados?","date":"15 de outubro de 2020","format":false,"excerpt":"Como parte das medidas emergenciais propostas pelo Governo Federal em meio ao estado de calamidade p\u00fablica instaurado pela pandemia do novo Corona v\u00edrus, foi proposto o pagamento de um d\u00e9cimo quarto sal\u00e1rio aos aposentados e pensionistas do INSS. A medida visa beneficiar essa parte da popula\u00e7\u00e3o, a qual consiste maioritariamente\u2026","rel":"","context":"Em &quot;Geral&quot;","img":{"alt_text":"","src":"https:\/\/i0.wp.com\/sindicatodosbancarios.org.br\/site2022\/wp-content\/uploads\/2020\/10\/valor-do-decimo-quarto-salario-inss-aposentados-e-pensionistas.png?resize=350%2C200&ssl=1","width":350,"height":200},"classes":[]},{"id":4207,"url":"https:\/\/sindicatodosbancarios.org.br\/site2022\/2020\/08\/04\/informe-bancario-276-2020-se-o-inss-cometeu-alguns-desses-erros-aposentados-e-pensionistas-podem-receber-ate-r-100-mil-entenda\/","url_meta":{"origin":1628,"position":2},"title":"INFORME BANC\u00c1RIO \u2013 276\/2020 Se o INSS cometeu alguns desses erros, aposentados e pensionistas podem receber at\u00e9 R$ 100 mil: Entenda!","date":"4 de agosto de 2020","format":false,"excerpt":"Muitos aposentados e pensionistas n\u00e3o sabem, mas algumas falhas nos servi\u00e7os do INSS (Instituto Nacional do Seguro Social) podem gerar indeniza\u00e7\u00f5es aos segurados. Em muitos casos, a Justi\u00e7a tem obrigado o \u00f3rg\u00e3o a pagar indeniza\u00e7\u00f5es que podem chegar at\u00e9 R$ 100 mil, em casos espec\u00edficos. Valores da Indeniza\u00e7\u00e3o De R$\u2026","rel":"","context":"Em &quot;Geral&quot;","img":{"alt_text":"","src":"https:\/\/i0.wp.com\/sindicatodosbancarios.org.br\/site2022\/wp-content\/uploads\/2020\/08\/INSS-falhas-aposentados-1536x983.jpg?resize=350%2C200&ssl=1","width":350,"height":200},"classes":[]},{"id":5545,"url":"https:\/\/sindicatodosbancarios.org.br\/site2022\/2021\/07\/15\/informe-bancario-170-2021-governo-espera-arrecadar-r-103-bilhoes-em-3-anos-com-dividendos-veja-novas-estimativas-com-a-reforma-do-ir\/","url_meta":{"origin":1628,"position":3},"title":"INFORME BANC\u00c1RIO \u2013 170\/2021 Governo espera arrecadar R$ 103 bilh\u00f5es em 3 anos com dividendos; veja novas estimativas com a reforma do IR","date":"15 de julho de 2021","format":false,"excerpt":"Proje\u00e7\u00f5es constam de levantamento apresentado pela Receita Federal nesta segunda-feira, 17 dias ap\u00f3s o PL ser encaminhado ao Congresso Nacional Apresentada como um dos pilares do projeto de lei que modifica a cobran\u00e7a do Imposto de Renda para pessoas f\u00edsicas, empresas e investimentos (e considerado um dos pontos mais pol\u00eamicos\u2026","rel":"","context":"Em &quot;Geral&quot;","img":{"alt_text":"","src":"https:\/\/i0.wp.com\/sindicatodosbancarios.org.br\/site2022\/wp-content\/uploads\/2021\/06\/daily20210601.jpeg?resize=350%2C200&ssl=1","width":350,"height":200},"classes":[]},{"id":5892,"url":"https:\/\/sindicatodosbancarios.org.br\/site2022\/2022\/02\/07\/informe-bancario-12-2022-servidores-fazem-paralisacao-em-brasilia-por-reajuste-salarial-de-ate-28\/","url_meta":{"origin":1628,"position":4},"title":"INFORME BANC\u00c1RIO \u2013 12\/2022 Servidores fazem paralisa\u00e7\u00e3o em Bras\u00edlia por reajuste salarial de at\u00e9 28%","date":"7 de fevereiro de 2022","format":false,"excerpt":"Cerca de 50 categorias de servidores p\u00fablicos federais realizaram atos nesta ter\u00e7a-feira (18), em Bras\u00edlia, para pedir reajuste de sal\u00e1rio de at\u00e9 28%. Pela manh\u00e3, cerca de 300 manifestantes se reuniram em frente ao Banco Central, segundo estimativas do pr\u00f3prio BC. \u00c0 tarde, haver\u00e1 outro ato em frente ao Minist\u00e9rio\u2026","rel":"","context":"Em &quot;Geral&quot;","img":{"alt_text":"","src":"https:\/\/i0.wp.com\/sindicatodosbancarios.org.br\/site2022\/wp-content\/uploads\/2022\/02\/195227.jpg?resize=350%2C200&ssl=1","width":350,"height":200},"classes":[]},{"id":5352,"url":"https:\/\/sindicatodosbancarios.org.br\/site2022\/2021\/04\/29\/informe-bancarios-112-2021-trabalhadores-podem-receber-uma-bolada-com-a-correcao-do-fgts\/","url_meta":{"origin":1628,"position":5},"title":"INFORME BANC\u00c1RIOS \u2013 112\/2021 Trabalhadores podem receber uma bolada com a corre\u00e7\u00e3o do FGTS","date":"29 de abril de 2021","format":false,"excerpt":"O Fundo de Garantia do Tempo de Servi\u00e7o (FGTS) \u00e9 uma conta aberta em nome do trabalhador vinculada ao contrato de trabalho em que as empresas precisam depositar todos os meses 8% do sal\u00e1rio do colaborador nessa conta do fundo com o objetivo de proteger o trabalhador que venha a\u2026","rel":"","context":"Em &quot;Geral&quot;","img":{"alt_text":"","src":"https:\/\/i0.wp.com\/sindicatodosbancarios.org.br\/site2022\/wp-content\/uploads\/2021\/04\/DINHEIRO-2-1024x613.jpg?resize=350%2C200&ssl=1","width":350,"height":200},"classes":[]}],"_links":{"self":[{"href":"https:\/\/sindicatodosbancarios.org.br\/site2022\/wp-json\/wp\/v2\/posts\/1628"}],"collection":[{"href":"https:\/\/sindicatodosbancarios.org.br\/site2022\/wp-json\/wp\/v2\/posts"}],"about":[{"href":"https:\/\/sindicatodosbancarios.org.br\/site2022\/wp-json\/wp\/v2\/types\/post"}],"author":[{"embeddable":true,"href":"https:\/\/sindicatodosbancarios.org.br\/site2022\/wp-json\/wp\/v2\/users\/2"}],"replies":[{"embeddable":true,"href":"https:\/\/sindicatodosbancarios.org.br\/site2022\/wp-json\/wp\/v2\/comments?post=1628"}],"version-history":[{"count":1,"href":"https:\/\/sindicatodosbancarios.org.br\/site2022\/wp-json\/wp\/v2\/posts\/1628\/revisions"}],"predecessor-version":[{"id":1630,"href":"https:\/\/sindicatodosbancarios.org.br\/site2022\/wp-json\/wp\/v2\/posts\/1628\/revisions\/1630"}],"wp:featuredmedia":[{"embeddable":true,"href":"https:\/\/sindicatodosbancarios.org.br\/site2022\/wp-json\/wp\/v2\/media\/1629"}],"wp:attachment":[{"href":"https:\/\/sindicatodosbancarios.org.br\/site2022\/wp-json\/wp\/v2\/media?parent=1628"}],"wp:term":[{"taxonomy":"category","embeddable":true,"href":"https:\/\/sindicatodosbancarios.org.br\/site2022\/wp-json\/wp\/v2\/categories?post=1628"},{"taxonomy":"post_tag","embeddable":true,"href":"https:\/\/sindicatodosbancarios.org.br\/site2022\/wp-json\/wp\/v2\/tags?post=1628"}],"curies":[{"name":"wp","href":"https:\/\/api.w.org\/{rel}","templated":true}]}}