{"id":1649,"date":"2017-02-21T14:57:40","date_gmt":"2017-02-21T17:57:40","guid":{"rendered":"http:\/\/sindicatodosbancarios.org.br\/?p=1649"},"modified":"2017-08-31T15:01:10","modified_gmt":"2017-08-31T18:01:10","slug":"informe-452017-pec-da-previdencia-sera-debatida-em-duas-audiencias-publicas-nesta-semana","status":"publish","type":"post","link":"https:\/\/sindicatodosbancarios.org.br\/site2022\/2017\/02\/21\/informe-452017-pec-da-previdencia-sera-debatida-em-duas-audiencias-publicas-nesta-semana\/","title":{"rendered":"INFORME 45\/2017 &#8211; PEC DA PREVID\u00caNCIA SER\u00c1 DEBATIDA EM DUAS AUDI\u00caNCIAS P\u00daBLICAS NESTA SEMANA"},"content":{"rendered":"<p>Mesmo com o in\u00edcio do carnaval nesta semana, as comiss\u00f5es especiais da C\u00e2mara dos Deputados que analisam o m\u00e9rito das reformas da Previd\u00eancia e trabalhista v\u00e3o promover audi\u00eancias p\u00fablicas para debater as propostas que tramitam na Casa e tamb\u00e9m para a vota\u00e7\u00e3o de requerimentos. Os integrantes do colegiado que analisa a reforma do sistema previdenci\u00e1rio &#8211; a proposta de emenda \u00e0 Constitui\u00e7\u00e3o (PEC) 287 &#8211; ter\u00e3o duas sess\u00f5es para discutir temas centrais da mat\u00e9ria.<\/p>\n<p>A primeira audi\u00eancia est\u00e1 marcada para esta ter\u00e7a-feira (21), \u00e0s 14 h. Nela ser\u00e3o tratados aspectos relacionados ao Regime Geral da Previd\u00eancia Social, como altera\u00e7\u00e3o no n\u00famero m\u00ednimo de contribui\u00e7\u00f5es, informalidade e incentivo \u00e0 contribui\u00e7\u00e3o, fixa\u00e7\u00e3o da idade m\u00ednima, altera\u00e7\u00e3o da f\u00f3rmula de c\u00e1lculo das aposentadorias e regras de transi\u00e7\u00e3o.<\/p>\n<p>Para discutir os temas foram convidados e confirmaram presen\u00e7a os presidentes da Uni\u00e3o Geral dos Trabalhadores ( UGT), Ricardo Patah; da Central dos Trabalhadores e Trabalhadoras do Brasil (CTB), Adilson Ara\u00fajo; da Nova Central Sindical de Trabalhadores (NCST), Jos\u00e9 Calixto Ramos; e da Central dos Sindicatos Brasileiros (CSB), Antonio Fernandes dos Santos Neto.<\/p>\n<p>Tamb\u00e9m v\u00e3o participar da audi\u00eancia de amanh\u00e3 o presidente do Instituto Nacional do Seguro Social (INSS), Leonardo de Melo Gadelha; o diretor t\u00e9cnico do Departamento Intersindical de Estat\u00edstica e Estudos Socioecon\u00f4micos (Dieese), Clemente Ganz L\u00facio; e o representante do Instituto de Pesquisa Econ\u00f4mica Aplicada (IPEA) Rog\u00e9rio Nagamine.<\/p>\n<p>Na quarta-feira (22), a partir das 14 h, os deputados da comiss\u00e3o especial v\u00e3o tratar dos temas aposentadoria por incapacidade, aposentadoria da pessoa com defici\u00eancia e Benef\u00edcio de Presta\u00e7\u00e3o Continuada (BPC). Para o debate est\u00e1 confirmada a presen\u00e7a do ministro do Desenvolvimento Social, Osmar Terra; do perito do Instituto Nacional do Seguro Social Miguel Marcelino Abud; da representante do Minist\u00e9rio P\u00fablico do Trabalho Maria Aparecida Gugel; e da representante do Movimento de Pessoas com Defici\u00eancia Izabel Maior.<\/p>\n<p>Reforma trabalhista<\/p>\n<p>A comiss\u00e3o especial que analisa o Projeto de Lei 6787\/16, que trata da reforma trabalhista, re\u00fane -se tamb\u00e9m nesta ter\u00e7a-feira (21), em audi\u00eancia p\u00fablica, para debater o tema Direito Coletivo do Trabalho. Para a audi\u00eancia foram convidados um representante do Tribunal Superior do Trabalho; o vice-coordenador nacional de Promo\u00e7\u00e3o da Liberdade Sindical do Minist\u00e9rio P\u00fablico do Trabalho, Renan Bernardi Kalil; o advogado trabalhista Jos\u00e9 Eduardo Pastore; e Admilson Moreira dos Santos, representante do Minist\u00e9rio do Trabalho.<\/p>\n<p>Tamb\u00e9m consta da pauta da reuni\u00e3o a aprecia\u00e7\u00e3o de 72 requerimentos de convites para audi\u00eancias p\u00fablicas sobre a reforma trabalhista. Entre os requerimentos est\u00e3o os convites aos ex-ministros do Trabalho e Previd\u00eancia Social Miguel Rossetto, Carlos Lupi e Almir Pazzianotto.<\/p>\n<p>H\u00e1 tamb\u00e9m requerimentos para ouvir a representante da Federa\u00e7\u00e3o Nacional das Empregadas Dom\u00e9sticas Creusa Maria de Oliveira; os representantes de centrais sindicais Jo\u00e3o Carlos Gon\u00e7alves &#8211; secret\u00e1rio-geral da For\u00e7a Sindical; Vagner Freitas &#8211; presidente da Central \u00danica dos Trabalhadores; Adilson Ara\u00fajo &#8211; presidente da Central dos Trabalhadores e Trabalhadoras do Brasil; Ricardo Patah &#8211; presidente da Uni\u00e3o Geral dos Trabalhadores; Jos\u00e9 Calixto &#8211; presidente da Nova Central Sindical dos Trabalhadores; e Antonio Fernandes dos Santos Neto &#8211; presidente da Central dos Sindicatos Brasileiros.<\/p>\n<p>Outros requerimentos que constam da pauta pedem a realiza\u00e7\u00e3o de semin\u00e1rios em diversas cidades para debater a reforma trabalhista.<\/p>\n<p><span style=\"font-size: 8pt;\"><em>Fonte: ISTO\u00c9.<\/em><\/span><\/p>\n","protected":false},"excerpt":{"rendered":"<p>Mesmo com o in\u00edcio do carnaval nesta semana, as comiss\u00f5es especiais da C\u00e2mara dos Deputados que analisam o [&hellip;]<\/p>\n","protected":false},"author":2,"featured_media":1650,"comment_status":"open","ping_status":"open","sticky":false,"template":"","format":"standard","meta":{"jetpack_post_was_ever_published":false,"jetpack_publicize_message":"","jetpack_is_tweetstorm":false,"jetpack_publicize_feature_enabled":true,"jetpack_social_post_already_shared":true,"jetpack_social_options":[]},"categories":[1],"tags":[],"jetpack_publicize_connections":[],"acf":[],"yoast_head":"<!-- This site is optimized with the Yoast SEO plugin v19.14 - https:\/\/yoast.com\/wordpress\/plugins\/seo\/ -->\n<title>INFORME 45\/2017 - PEC DA PREVID\u00caNCIA SER\u00c1 DEBATIDA EM DUAS AUDI\u00caNCIAS P\u00daBLICAS NESTA SEMANA - Sindicato dos Banc\u00e1rios de S\u00e3o Bento do Sul e Regi\u00e3o<\/title>\n<meta name=\"robots\" content=\"index, follow, max-snippet:-1, max-image-preview:large, max-video-preview:-1\" \/>\n<link rel=\"canonical\" href=\"https:\/\/sindicatodosbancarios.org.br\/site2022\/2017\/02\/21\/informe-452017-pec-da-previdencia-sera-debatida-em-duas-audiencias-publicas-nesta-semana\/\" \/>\n<meta property=\"og:locale\" content=\"pt_BR\" \/>\n<meta property=\"og:type\" content=\"article\" \/>\n<meta property=\"og:title\" content=\"INFORME 45\/2017 - PEC DA PREVID\u00caNCIA SER\u00c1 DEBATIDA EM DUAS AUDI\u00caNCIAS P\u00daBLICAS NESTA SEMANA - Sindicato dos Banc\u00e1rios de S\u00e3o Bento do Sul e Regi\u00e3o\" \/>\n<meta property=\"og:description\" content=\"Mesmo com o in\u00edcio do carnaval nesta semana, as comiss\u00f5es especiais da C\u00e2mara dos Deputados que analisam o [&hellip;]\" \/>\n<meta property=\"og:url\" content=\"https:\/\/sindicatodosbancarios.org.br\/site2022\/2017\/02\/21\/informe-452017-pec-da-previdencia-sera-debatida-em-duas-audiencias-publicas-nesta-semana\/\" \/>\n<meta property=\"og:site_name\" content=\"Sindicato dos Banc\u00e1rios de S\u00e3o Bento do Sul e Regi\u00e3o\" \/>\n<meta property=\"article:author\" content=\"https:\/\/www.facebook.com\/seeb.sbs.9\" \/>\n<meta property=\"article:published_time\" content=\"2017-02-21T17:57:40+00:00\" \/>\n<meta property=\"article:modified_time\" content=\"2017-08-31T18:01:10+00:00\" \/>\n<meta property=\"og:image\" content=\"https:\/\/sindicatodosbancarios.org.br\/site2022\/wp-content\/uploads\/2017\/08\/45.jpg\" \/>\n\t<meta property=\"og:image:width\" content=\"1280\" \/>\n\t<meta property=\"og:image:height\" content=\"859\" \/>\n\t<meta property=\"og:image:type\" content=\"image\/jpeg\" \/>\n<meta name=\"author\" content=\"Sindicato dos Banc\u00e1rios S\u00e3o Bento do Sul e Regi\u00e3o\" \/>\n<meta name=\"twitter:card\" content=\"summary_large_image\" \/>\n<meta name=\"twitter:label1\" content=\"Escrito por\" \/>\n\t<meta name=\"twitter:data1\" content=\"Sindicato dos Banc\u00e1rios S\u00e3o Bento do Sul e Regi\u00e3o\" \/>\n\t<meta name=\"twitter:label2\" content=\"Est. tempo de leitura\" \/>\n\t<meta name=\"twitter:data2\" content=\"3 minutos\" \/>\n<script type=\"application\/ld+json\" class=\"yoast-schema-graph\">{\"@context\":\"https:\/\/schema.org\",\"@graph\":[{\"@type\":\"Article\",\"@id\":\"https:\/\/sindicatodosbancarios.org.br\/site2022\/2017\/02\/21\/informe-452017-pec-da-previdencia-sera-debatida-em-duas-audiencias-publicas-nesta-semana\/#article\",\"isPartOf\":{\"@id\":\"https:\/\/sindicatodosbancarios.org.br\/site2022\/2017\/02\/21\/informe-452017-pec-da-previdencia-sera-debatida-em-duas-audiencias-publicas-nesta-semana\/\"},\"author\":{\"name\":\"Sindicato dos Banc\u00e1rios S\u00e3o Bento do Sul e Regi\u00e3o\",\"@id\":\"https:\/\/sindicatodosbancarios.org.br\/site2022\/#\/schema\/person\/a7d92da77d1084df4d28b57962f1e1bd\"},\"headline\":\"INFORME 45\/2017 &#8211; PEC DA PREVID\u00caNCIA SER\u00c1 DEBATIDA EM DUAS AUDI\u00caNCIAS P\u00daBLICAS NESTA SEMANA\",\"datePublished\":\"2017-02-21T17:57:40+00:00\",\"dateModified\":\"2017-08-31T18:01:10+00:00\",\"mainEntityOfPage\":{\"@id\":\"https:\/\/sindicatodosbancarios.org.br\/site2022\/2017\/02\/21\/informe-452017-pec-da-previdencia-sera-debatida-em-duas-audiencias-publicas-nesta-semana\/\"},\"wordCount\":608,\"commentCount\":0,\"publisher\":{\"@id\":\"https:\/\/sindicatodosbancarios.org.br\/site2022\/#organization\"},\"articleSection\":[\"Geral\"],\"inLanguage\":\"pt-BR\",\"potentialAction\":[{\"@type\":\"CommentAction\",\"name\":\"Comment\",\"target\":[\"https:\/\/sindicatodosbancarios.org.br\/site2022\/2017\/02\/21\/informe-452017-pec-da-previdencia-sera-debatida-em-duas-audiencias-publicas-nesta-semana\/#respond\"]}]},{\"@type\":\"WebPage\",\"@id\":\"https:\/\/sindicatodosbancarios.org.br\/site2022\/2017\/02\/21\/informe-452017-pec-da-previdencia-sera-debatida-em-duas-audiencias-publicas-nesta-semana\/\",\"url\":\"https:\/\/sindicatodosbancarios.org.br\/site2022\/2017\/02\/21\/informe-452017-pec-da-previdencia-sera-debatida-em-duas-audiencias-publicas-nesta-semana\/\",\"name\":\"INFORME 45\/2017 - PEC DA PREVID\u00caNCIA SER\u00c1 DEBATIDA EM DUAS AUDI\u00caNCIAS P\u00daBLICAS NESTA SEMANA - Sindicato dos Banc\u00e1rios de S\u00e3o Bento do Sul e Regi\u00e3o\",\"isPartOf\":{\"@id\":\"https:\/\/sindicatodosbancarios.org.br\/site2022\/#website\"},\"datePublished\":\"2017-02-21T17:57:40+00:00\",\"dateModified\":\"2017-08-31T18:01:10+00:00\",\"breadcrumb\":{\"@id\":\"https:\/\/sindicatodosbancarios.org.br\/site2022\/2017\/02\/21\/informe-452017-pec-da-previdencia-sera-debatida-em-duas-audiencias-publicas-nesta-semana\/#breadcrumb\"},\"inLanguage\":\"pt-BR\",\"potentialAction\":[{\"@type\":\"ReadAction\",\"target\":[\"https:\/\/sindicatodosbancarios.org.br\/site2022\/2017\/02\/21\/informe-452017-pec-da-previdencia-sera-debatida-em-duas-audiencias-publicas-nesta-semana\/\"]}]},{\"@type\":\"BreadcrumbList\",\"@id\":\"https:\/\/sindicatodosbancarios.org.br\/site2022\/2017\/02\/21\/informe-452017-pec-da-previdencia-sera-debatida-em-duas-audiencias-publicas-nesta-semana\/#breadcrumb\",\"itemListElement\":[{\"@type\":\"ListItem\",\"position\":1,\"name\":\"In\u00edcio\",\"item\":\"https:\/\/sindicatodosbancarios.org.br\/site2022\/\"},{\"@type\":\"ListItem\",\"position\":2,\"name\":\"INFORME 45\/2017 &#8211; PEC DA PREVID\u00caNCIA SER\u00c1 DEBATIDA EM DUAS AUDI\u00caNCIAS P\u00daBLICAS NESTA SEMANA\"}]},{\"@type\":\"WebSite\",\"@id\":\"https:\/\/sindicatodosbancarios.org.br\/site2022\/#website\",\"url\":\"https:\/\/sindicatodosbancarios.org.br\/site2022\/\",\"name\":\"Sindicato dos Banc\u00e1rios de S\u00e3o Bento do Sul e Regi\u00e3o\",\"description\":\"Website institucional do Sindicato dos Banc\u00e1rios de S\u00e3o Bento do Sul e Regi\u00e3o\",\"publisher\":{\"@id\":\"https:\/\/sindicatodosbancarios.org.br\/site2022\/#organization\"},\"potentialAction\":[{\"@type\":\"SearchAction\",\"target\":{\"@type\":\"EntryPoint\",\"urlTemplate\":\"https:\/\/sindicatodosbancarios.org.br\/site2022\/?s={search_term_string}\"},\"query-input\":\"required name=search_term_string\"}],\"inLanguage\":\"pt-BR\"},{\"@type\":\"Organization\",\"@id\":\"https:\/\/sindicatodosbancarios.org.br\/site2022\/#organization\",\"name\":\"Sindicato dos Banc\u00e1rios de S\u00e3o Bento do Sul e Regi\u00e3o\",\"url\":\"https:\/\/sindicatodosbancarios.org.br\/site2022\/\",\"logo\":{\"@type\":\"ImageObject\",\"inLanguage\":\"pt-BR\",\"@id\":\"https:\/\/sindicatodosbancarios.org.br\/site2022\/#\/schema\/logo\/image\/\",\"url\":\"https:\/\/sindicatodosbancarios.org.br\/site2022\/wp-content\/uploads\/2017\/06\/cropped-logo-2.png\",\"contentUrl\":\"https:\/\/sindicatodosbancarios.org.br\/site2022\/wp-content\/uploads\/2017\/06\/cropped-logo-2.png\",\"width\":292,\"height\":292,\"caption\":\"Sindicato dos Banc\u00e1rios de S\u00e3o Bento do Sul e Regi\u00e3o\"},\"image\":{\"@id\":\"https:\/\/sindicatodosbancarios.org.br\/site2022\/#\/schema\/logo\/image\/\"}},{\"@type\":\"Person\",\"@id\":\"https:\/\/sindicatodosbancarios.org.br\/site2022\/#\/schema\/person\/a7d92da77d1084df4d28b57962f1e1bd\",\"name\":\"Sindicato dos Banc\u00e1rios S\u00e3o Bento do Sul e Regi\u00e3o\",\"image\":{\"@type\":\"ImageObject\",\"inLanguage\":\"pt-BR\",\"@id\":\"https:\/\/sindicatodosbancarios.org.br\/site2022\/#\/schema\/person\/image\/\",\"url\":\"https:\/\/secure.gravatar.com\/avatar\/f1d1a06f698f2345352e539387180d42?s=96&d=mm&r=g\",\"contentUrl\":\"https:\/\/secure.gravatar.com\/avatar\/f1d1a06f698f2345352e539387180d42?s=96&d=mm&r=g\",\"caption\":\"Sindicato dos Banc\u00e1rios S\u00e3o Bento do Sul e Regi\u00e3o\"},\"sameAs\":[\"http:\/\/sindicatodosbancarios.org.br\/site2022\/\",\"https:\/\/www.facebook.com\/seeb.sbs.9\"],\"url\":\"https:\/\/sindicatodosbancarios.org.br\/site2022\/author\/sindicatodosbancarios\/\"}]}<\/script>\n<!-- \/ Yoast SEO plugin. -->","yoast_head_json":{"title":"INFORME 45\/2017 - PEC DA PREVID\u00caNCIA SER\u00c1 DEBATIDA EM DUAS AUDI\u00caNCIAS P\u00daBLICAS NESTA SEMANA - Sindicato dos Banc\u00e1rios de S\u00e3o Bento do Sul e Regi\u00e3o","robots":{"index":"index","follow":"follow","max-snippet":"max-snippet:-1","max-image-preview":"max-image-preview:large","max-video-preview":"max-video-preview:-1"},"canonical":"https:\/\/sindicatodosbancarios.org.br\/site2022\/2017\/02\/21\/informe-452017-pec-da-previdencia-sera-debatida-em-duas-audiencias-publicas-nesta-semana\/","og_locale":"pt_BR","og_type":"article","og_title":"INFORME 45\/2017 - PEC DA PREVID\u00caNCIA SER\u00c1 DEBATIDA EM DUAS AUDI\u00caNCIAS P\u00daBLICAS NESTA SEMANA - Sindicato dos Banc\u00e1rios de S\u00e3o Bento do Sul e Regi\u00e3o","og_description":"Mesmo com o in\u00edcio do carnaval nesta semana, as comiss\u00f5es especiais da C\u00e2mara dos Deputados que analisam o [&hellip;]","og_url":"https:\/\/sindicatodosbancarios.org.br\/site2022\/2017\/02\/21\/informe-452017-pec-da-previdencia-sera-debatida-em-duas-audiencias-publicas-nesta-semana\/","og_site_name":"Sindicato dos Banc\u00e1rios de S\u00e3o Bento do Sul e Regi\u00e3o","article_author":"https:\/\/www.facebook.com\/seeb.sbs.9","article_published_time":"2017-02-21T17:57:40+00:00","article_modified_time":"2017-08-31T18:01:10+00:00","og_image":[{"width":1280,"height":859,"url":"https:\/\/sindicatodosbancarios.org.br\/site2022\/wp-content\/uploads\/2017\/08\/45.jpg","type":"image\/jpeg"}],"author":"Sindicato dos Banc\u00e1rios S\u00e3o Bento do Sul e Regi\u00e3o","twitter_card":"summary_large_image","twitter_misc":{"Escrito por":"Sindicato dos Banc\u00e1rios S\u00e3o Bento do Sul e Regi\u00e3o","Est. tempo de leitura":"3 minutos"},"schema":{"@context":"https:\/\/schema.org","@graph":[{"@type":"Article","@id":"https:\/\/sindicatodosbancarios.org.br\/site2022\/2017\/02\/21\/informe-452017-pec-da-previdencia-sera-debatida-em-duas-audiencias-publicas-nesta-semana\/#article","isPartOf":{"@id":"https:\/\/sindicatodosbancarios.org.br\/site2022\/2017\/02\/21\/informe-452017-pec-da-previdencia-sera-debatida-em-duas-audiencias-publicas-nesta-semana\/"},"author":{"name":"Sindicato dos Banc\u00e1rios S\u00e3o Bento do Sul e Regi\u00e3o","@id":"https:\/\/sindicatodosbancarios.org.br\/site2022\/#\/schema\/person\/a7d92da77d1084df4d28b57962f1e1bd"},"headline":"INFORME 45\/2017 &#8211; PEC DA PREVID\u00caNCIA SER\u00c1 DEBATIDA EM DUAS AUDI\u00caNCIAS P\u00daBLICAS NESTA SEMANA","datePublished":"2017-02-21T17:57:40+00:00","dateModified":"2017-08-31T18:01:10+00:00","mainEntityOfPage":{"@id":"https:\/\/sindicatodosbancarios.org.br\/site2022\/2017\/02\/21\/informe-452017-pec-da-previdencia-sera-debatida-em-duas-audiencias-publicas-nesta-semana\/"},"wordCount":608,"commentCount":0,"publisher":{"@id":"https:\/\/sindicatodosbancarios.org.br\/site2022\/#organization"},"articleSection":["Geral"],"inLanguage":"pt-BR","potentialAction":[{"@type":"CommentAction","name":"Comment","target":["https:\/\/sindicatodosbancarios.org.br\/site2022\/2017\/02\/21\/informe-452017-pec-da-previdencia-sera-debatida-em-duas-audiencias-publicas-nesta-semana\/#respond"]}]},{"@type":"WebPage","@id":"https:\/\/sindicatodosbancarios.org.br\/site2022\/2017\/02\/21\/informe-452017-pec-da-previdencia-sera-debatida-em-duas-audiencias-publicas-nesta-semana\/","url":"https:\/\/sindicatodosbancarios.org.br\/site2022\/2017\/02\/21\/informe-452017-pec-da-previdencia-sera-debatida-em-duas-audiencias-publicas-nesta-semana\/","name":"INFORME 45\/2017 - PEC DA PREVID\u00caNCIA SER\u00c1 DEBATIDA EM DUAS AUDI\u00caNCIAS P\u00daBLICAS NESTA SEMANA - Sindicato dos Banc\u00e1rios de S\u00e3o Bento do Sul e Regi\u00e3o","isPartOf":{"@id":"https:\/\/sindicatodosbancarios.org.br\/site2022\/#website"},"datePublished":"2017-02-21T17:57:40+00:00","dateModified":"2017-08-31T18:01:10+00:00","breadcrumb":{"@id":"https:\/\/sindicatodosbancarios.org.br\/site2022\/2017\/02\/21\/informe-452017-pec-da-previdencia-sera-debatida-em-duas-audiencias-publicas-nesta-semana\/#breadcrumb"},"inLanguage":"pt-BR","potentialAction":[{"@type":"ReadAction","target":["https:\/\/sindicatodosbancarios.org.br\/site2022\/2017\/02\/21\/informe-452017-pec-da-previdencia-sera-debatida-em-duas-audiencias-publicas-nesta-semana\/"]}]},{"@type":"BreadcrumbList","@id":"https:\/\/sindicatodosbancarios.org.br\/site2022\/2017\/02\/21\/informe-452017-pec-da-previdencia-sera-debatida-em-duas-audiencias-publicas-nesta-semana\/#breadcrumb","itemListElement":[{"@type":"ListItem","position":1,"name":"In\u00edcio","item":"https:\/\/sindicatodosbancarios.org.br\/site2022\/"},{"@type":"ListItem","position":2,"name":"INFORME 45\/2017 &#8211; PEC DA PREVID\u00caNCIA SER\u00c1 DEBATIDA EM DUAS AUDI\u00caNCIAS P\u00daBLICAS NESTA SEMANA"}]},{"@type":"WebSite","@id":"https:\/\/sindicatodosbancarios.org.br\/site2022\/#website","url":"https:\/\/sindicatodosbancarios.org.br\/site2022\/","name":"Sindicato dos Banc\u00e1rios de S\u00e3o Bento do Sul e Regi\u00e3o","description":"Website institucional do Sindicato dos Banc\u00e1rios de S\u00e3o Bento do Sul e Regi\u00e3o","publisher":{"@id":"https:\/\/sindicatodosbancarios.org.br\/site2022\/#organization"},"potentialAction":[{"@type":"SearchAction","target":{"@type":"EntryPoint","urlTemplate":"https:\/\/sindicatodosbancarios.org.br\/site2022\/?s={search_term_string}"},"query-input":"required name=search_term_string"}],"inLanguage":"pt-BR"},{"@type":"Organization","@id":"https:\/\/sindicatodosbancarios.org.br\/site2022\/#organization","name":"Sindicato dos Banc\u00e1rios de S\u00e3o Bento do Sul e Regi\u00e3o","url":"https:\/\/sindicatodosbancarios.org.br\/site2022\/","logo":{"@type":"ImageObject","inLanguage":"pt-BR","@id":"https:\/\/sindicatodosbancarios.org.br\/site2022\/#\/schema\/logo\/image\/","url":"https:\/\/sindicatodosbancarios.org.br\/site2022\/wp-content\/uploads\/2017\/06\/cropped-logo-2.png","contentUrl":"https:\/\/sindicatodosbancarios.org.br\/site2022\/wp-content\/uploads\/2017\/06\/cropped-logo-2.png","width":292,"height":292,"caption":"Sindicato dos Banc\u00e1rios de S\u00e3o Bento do Sul e Regi\u00e3o"},"image":{"@id":"https:\/\/sindicatodosbancarios.org.br\/site2022\/#\/schema\/logo\/image\/"}},{"@type":"Person","@id":"https:\/\/sindicatodosbancarios.org.br\/site2022\/#\/schema\/person\/a7d92da77d1084df4d28b57962f1e1bd","name":"Sindicato dos Banc\u00e1rios S\u00e3o Bento do Sul e Regi\u00e3o","image":{"@type":"ImageObject","inLanguage":"pt-BR","@id":"https:\/\/sindicatodosbancarios.org.br\/site2022\/#\/schema\/person\/image\/","url":"https:\/\/secure.gravatar.com\/avatar\/f1d1a06f698f2345352e539387180d42?s=96&d=mm&r=g","contentUrl":"https:\/\/secure.gravatar.com\/avatar\/f1d1a06f698f2345352e539387180d42?s=96&d=mm&r=g","caption":"Sindicato dos Banc\u00e1rios S\u00e3o Bento do Sul e Regi\u00e3o"},"sameAs":["http:\/\/sindicatodosbancarios.org.br\/site2022\/","https:\/\/www.facebook.com\/seeb.sbs.9"],"url":"https:\/\/sindicatodosbancarios.org.br\/site2022\/author\/sindicatodosbancarios\/"}]}},"jetpack_featured_media_url":"https:\/\/sindicatodosbancarios.org.br\/site2022\/wp-content\/uploads\/2017\/08\/45.jpg","jetpack_sharing_enabled":true,"jetpack_shortlink":"https:\/\/wp.me\/p8RSbI-qB","jetpack-related-posts":[{"id":5435,"url":"https:\/\/sindicatodosbancarios.org.br\/site2022\/2021\/06\/02\/informe-bancario-137-2021-segurados-do-inss-podem-receber-dois-beneficios-ao-mesmo-tempo\/","url_meta":{"origin":1649,"position":0},"title":"INFORME BANC\u00c1RIO \u2013 137\/2021 Segurados do INSS podem receber dois benef\u00edcios ao mesmo tempo","date":"2 de junho de 2021","format":false,"excerpt":"A reforma da previd\u00eancia que ocorreu em 2019 e com ela vieram uma s\u00e9rie de mudan\u00e7as para as aposentadorias e pens\u00f5es do INSS. As novas regras do INSS permitem que o segurado receba duas pens\u00f5es oficiais do Instituto Nacional do Seguro Social, mas \u00e9 necess\u00e1rio contemplar ambas em regimes de\u2026","rel":"","context":"Em &quot;Geral&quot;","img":{"alt_text":"","src":"https:\/\/i0.wp.com\/sindicatodosbancarios.org.br\/site2022\/wp-content\/uploads\/2021\/06\/idoso.jpg?resize=350%2C200&ssl=1","width":350,"height":200},"classes":[]},{"id":4488,"url":"https:\/\/sindicatodosbancarios.org.br\/site2022\/2020\/09\/14\/informe-bancario-346-2020-conheca-nova-aposentadoria-por-invalidez-e-novo-auxilio-doenca-do-inss\/","url_meta":{"origin":1649,"position":1},"title":"INFORME BANC\u00c1RIO \u2013 346\/2020 Conhe\u00e7a nova aposentadoria por invalidez e novo aux\u00edlio-doen\u00e7a do INSS","date":"14 de setembro de 2020","format":false,"excerpt":"Aposentadoria por invalidez e aux\u00edlio-doen\u00e7a do INSS passaram por algumas mudan\u00e7as, desde a reforma da previd\u00eancia. Confira! Com a\u00a0Reforma da Previd\u00eancia, v\u00e1rias modifica\u00e7\u00f5es foram realizadas. Isso inclui a aposentadoria por invalidez, que deu espa\u00e7o para a aposentadoria por incapacidade permanente, e o aux\u00edlio-doen\u00e7a, adora denominado como\u00a0aux\u00edlio por incapacidade tempor\u00e1ria. Desde\u2026","rel":"","context":"Em &quot;Geral&quot;","img":{"alt_text":"","src":"","width":0,"height":0},"classes":[]},{"id":5263,"url":"https:\/\/sindicatodosbancarios.org.br\/site2022\/2021\/03\/22\/informe-bancarios-86-2021-inss-trabalhador-nao-pode-mais-se-aposentar-por-tempo-de-contribuicao\/","url_meta":{"origin":1649,"position":2},"title":"INFORME BANC\u00c1RIOS \u2013 86\/2021 INSS: Trabalhador n\u00e3o pode mais se aposentar por tempo de contribui\u00e7\u00e3o","date":"22 de mar\u00e7o de 2021","format":false,"excerpt":"O INSS tem novas regras para o trabalhador se aposentar, como tamb\u00e9m um per\u00edodo de transi\u00e7\u00e3o e novas f\u00f3rmulas de c\u00e1lculo e de contribui\u00e7\u00e3o. As novas regras come\u00e7aram a valer depois da publica\u00e7\u00e3o da PEC 06\/2019 atual Emenda Constitucional 103. Aposentadoria por tempo de contribui\u00e7\u00e3o \u00c9 um benef\u00edcio previdenci\u00e1rio por\u2026","rel":"","context":"Em &quot;Geral&quot;","img":{"alt_text":"","src":"https:\/\/i0.wp.com\/sindicatodosbancarios.org.br\/site2022\/wp-content\/uploads\/2021\/03\/corte-de-trabalhador-para-medir-tubo-cpvc-no-canteiro-de-obras_73110-9797.jpg?resize=350%2C200&ssl=1","width":350,"height":200},"classes":[]},{"id":4983,"url":"https:\/\/sindicatodosbancarios.org.br\/site2022\/2021\/01\/07\/informe-bancario-489-2021-novas-regras-de-aposentadorias-e-pensoes-do-inss-em-2021-comecam-a-valer-entenda\/","url_meta":{"origin":1649,"position":3},"title":"INFORME BANC\u00c1RIO \u2013 11\/2021 Novas regras de aposentadorias e pens\u00f5es do INSS em 2021 come\u00e7am a valer; entenda","date":"7 de janeiro de 2021","format":false,"excerpt":"Segundo o especialista Hil\u00e1rio Bocchi J\u00fanior, ap\u00f3s a Reforma da Previd\u00eancia, cada in\u00edcio de ano tem novos gatilhos para trabalhador obter benef\u00edcios. A Reforma da Previd\u00eancia aconteceu em novembro de 2019, mas seus efeitos ser\u00e3o duradouros. Alguns gatilhos ser\u00e3o acionados sempre quando come\u00e7ar um ano novo e, nos pr\u00f3ximos sete\u2026","rel":"","context":"Em &quot;Geral&quot;","img":{"alt_text":"","src":"https:\/\/i0.wp.com\/sindicatodosbancarios.org.br\/site2022\/wp-content\/uploads\/2020\/06\/n_42647_16228b5e1674c79bce66f686777a9b59.1.jpg?resize=350%2C200&ssl=1","width":350,"height":200},"classes":[]},{"id":5224,"url":"https:\/\/sindicatodosbancarios.org.br\/site2022\/2021\/03\/02\/nforme-bancarios-74-2021-mei-pode-se-aposentar-com-mais-de-um-salario-minimo-veja-como-complementar-a-contribuicao\/","url_meta":{"origin":1649,"position":4},"title":"INFORME BANC\u00c1RIOS \u2013 74\/2021 MEI pode se aposentar com mais de um sal\u00e1rio m\u00ednimo? Veja como complementar a contribui\u00e7\u00e3o","date":"2 de mar\u00e7o de 2021","format":false,"excerpt":"Tire suas d\u00favidas sobre aposentadoria para MEI e descubra o que mudou nas regras com a homologa\u00e7\u00e3o da Reforma da Previd\u00eancia. A Reforma da Previd\u00eancia que entrou em vigor em 2019 trouxe muitas mudan\u00e7as na vida de quem pretende se aposentar, incluindo os Microempreendedores Individuais (MEI). Com as altera\u00e7\u00f5es, muitas\u2026","rel":"","context":"Em &quot;Geral&quot;","img":{"alt_text":"","src":"https:\/\/i0.wp.com\/sindicatodosbancarios.org.br\/site2022\/wp-content\/uploads\/2021\/03\/mei-1200x701.png?resize=350%2C200&ssl=1","width":350,"height":200},"classes":[]},{"id":4721,"url":"https:\/\/sindicatodosbancarios.org.br\/site2022\/2020\/11\/03\/informe-bancario-416-2020-febraban-financia-ministro-fura-teto-e-gastador-diz-paulo-guedes\/","url_meta":{"origin":1649,"position":5},"title":"INFORME BANC\u00c1RIO \u2013 416\/2020 \u201cFebraban financia ministro fura-teto e gastador\u201d, diz Paulo Guedes","date":"3 de novembro de 2020","format":false,"excerpt":"A Federa\u00e7\u00e3o Brasileira dos Bancos (Febraban) passou a financiar ministros \u201cgastadores e fura-teto\u201d, depois que se prop\u00f4s, nos debates em torno da reforma tribut\u00e1ria e de financiamento do\u00a0Renda Brasil, a cria\u00e7\u00e3o de um imposto sobre transa\u00e7\u00f5es digitais. Foi o que disse nesta quinta-feira (29) o ministro da Economia,\u00a0Paulo Guedes, durante\u2026","rel":"","context":"Em &quot;Geral&quot;","img":{"alt_text":"","src":"https:\/\/i0.wp.com\/sindicatodosbancarios.org.br\/site2022\/wp-content\/uploads\/2020\/11\/paulo-guedes2.jpg?resize=350%2C200&ssl=1","width":350,"height":200},"classes":[]}],"_links":{"self":[{"href":"https:\/\/sindicatodosbancarios.org.br\/site2022\/wp-json\/wp\/v2\/posts\/1649"}],"collection":[{"href":"https:\/\/sindicatodosbancarios.org.br\/site2022\/wp-json\/wp\/v2\/posts"}],"about":[{"href":"https:\/\/sindicatodosbancarios.org.br\/site2022\/wp-json\/wp\/v2\/types\/post"}],"author":[{"embeddable":true,"href":"https:\/\/sindicatodosbancarios.org.br\/site2022\/wp-json\/wp\/v2\/users\/2"}],"replies":[{"embeddable":true,"href":"https:\/\/sindicatodosbancarios.org.br\/site2022\/wp-json\/wp\/v2\/comments?post=1649"}],"version-history":[{"count":1,"href":"https:\/\/sindicatodosbancarios.org.br\/site2022\/wp-json\/wp\/v2\/posts\/1649\/revisions"}],"predecessor-version":[{"id":1651,"href":"https:\/\/sindicatodosbancarios.org.br\/site2022\/wp-json\/wp\/v2\/posts\/1649\/revisions\/1651"}],"wp:featuredmedia":[{"embeddable":true,"href":"https:\/\/sindicatodosbancarios.org.br\/site2022\/wp-json\/wp\/v2\/media\/1650"}],"wp:attachment":[{"href":"https:\/\/sindicatodosbancarios.org.br\/site2022\/wp-json\/wp\/v2\/media?parent=1649"}],"wp:term":[{"taxonomy":"category","embeddable":true,"href":"https:\/\/sindicatodosbancarios.org.br\/site2022\/wp-json\/wp\/v2\/categories?post=1649"},{"taxonomy":"post_tag","embeddable":true,"href":"https:\/\/sindicatodosbancarios.org.br\/site2022\/wp-json\/wp\/v2\/tags?post=1649"}],"curies":[{"name":"wp","href":"https:\/\/api.w.org\/{rel}","templated":true}]}}