{"id":1667,"date":"2017-09-08T09:38:32","date_gmt":"2017-09-08T12:38:32","guid":{"rendered":"http:\/\/sindicatodosbancarios.org.br\/?p=1667"},"modified":"2017-09-08T09:38:32","modified_gmt":"2017-09-08T12:38:32","slug":"informe-1592017-reajuste-salarial-dos-bancarios-sera-de-275","status":"publish","type":"post","link":"https:\/\/sindicatodosbancarios.org.br\/site2022\/2017\/09\/08\/informe-1592017-reajuste-salarial-dos-bancarios-sera-de-275\/","title":{"rendered":"INFORME 159\/2017 &#8211; REAJUSTE SALARIAL DOS BANC\u00c1RIOS SER\u00c1 DE 2,75%"},"content":{"rendered":"<p>Banc\u00e1rios de todo o pa\u00eds ter\u00e3o seus contracheques do m\u00eas de setembro, reajustados em 2,75%. O percentual \u00e9 composto pela infla\u00e7\u00e3o dos \u00faltimos 12 meses, al\u00e9m de 1% de aumento real. O INPC \u2013 \u00edndice definido na Conven\u00e7\u00e3o Coletiva de Trabalho (CCT), divulgado pela IBGE nesta quarta-feira (06\/09), ficou em 1,73%. Pela CCT, esse percentual \u00e9 arredondado para mais e acrescido de 1%. Chegando, portanto, a 2,75%.<\/p>\n<p>O reajuste atinge tamb\u00e9m, as demais verbas financeiras. Assim, o aux\u00edlio refei\u00e7\u00e3o passa a ser de R$ 33,50 por dia. A cesta alimenta\u00e7\u00e3o vai para R$ 580,81 e o aux\u00edlio creche\/bab\u00e1 vai atingir R$ 446,10.<\/p>\n<p><strong>PLR:\u00a0<\/strong>O aumento tamb\u00e9m se aplica a Participa\u00e7\u00e3o nos Lucros e Resultados (PLR). Pelo CCT, os bancos t\u00eam at\u00e9 30 de setembro para creditar a antecipa\u00e7\u00e3o da PLR. A primeira parcela corresponde a 54% do sal\u00e1rio, mais R$ 1.346,11 fixo. Esse valor \u00e9 limitado a R$ 7.221,23 e ao teto de 12,8% do lucro l\u00edquido dos bancos (o que ocorrer primeiro) verificado no primeiro semestre deste ano.<\/p>\n<p>Al\u00e9m disso, os banc\u00e1rios tamb\u00e9m t\u00eam direito a receber a parcela adicional. Essa parcela corresponde a 2,2% do lucro l\u00edquido das empresas registrado nos seis primeiros meses, dividido linearmente pelo n\u00famero total de empregados. Cada trabalhador recebe, no m\u00e1ximo, R$ 2.243,52. Parte da parcela adicional tamb\u00e9m \u00e9 paga junto com a primeira parcela da PLR.<\/p>\n<p><span style=\"font-size: 8pt;\"><em>Fonte: CONTEC.<\/em><\/span><\/p>\n","protected":false},"excerpt":{"rendered":"<p>Banc\u00e1rios de todo o pa\u00eds ter\u00e3o seus contracheques do m\u00eas de setembro, reajustados em 2,75%. O percentual \u00e9 [&hellip;]<\/p>\n","protected":false},"author":2,"featured_media":1668,"comment_status":"open","ping_status":"open","sticky":false,"template":"","format":"standard","meta":{"jetpack_post_was_ever_published":false,"jetpack_publicize_message":"","jetpack_is_tweetstorm":false,"jetpack_publicize_feature_enabled":true,"jetpack_social_post_already_shared":true,"jetpack_social_options":[]},"categories":[1],"tags":[],"jetpack_publicize_connections":[],"acf":[],"yoast_head":"<!-- This site is optimized with the Yoast SEO plugin v19.14 - https:\/\/yoast.com\/wordpress\/plugins\/seo\/ -->\n<title>INFORME 159\/2017 - REAJUSTE SALARIAL DOS BANC\u00c1RIOS SER\u00c1 DE 2,75% - Sindicato dos Banc\u00e1rios de S\u00e3o Bento do Sul e Regi\u00e3o<\/title>\n<meta name=\"robots\" content=\"index, follow, max-snippet:-1, max-image-preview:large, max-video-preview:-1\" \/>\n<link rel=\"canonical\" href=\"https:\/\/sindicatodosbancarios.org.br\/site2022\/2017\/09\/08\/informe-1592017-reajuste-salarial-dos-bancarios-sera-de-275\/\" \/>\n<meta property=\"og:locale\" content=\"pt_BR\" \/>\n<meta property=\"og:type\" content=\"article\" \/>\n<meta property=\"og:title\" content=\"INFORME 159\/2017 - REAJUSTE SALARIAL DOS BANC\u00c1RIOS SER\u00c1 DE 2,75% - Sindicato dos Banc\u00e1rios de S\u00e3o Bento do Sul e Regi\u00e3o\" \/>\n<meta property=\"og:description\" content=\"Banc\u00e1rios de todo o pa\u00eds ter\u00e3o seus contracheques do m\u00eas de setembro, reajustados em 2,75%. O percentual \u00e9 [&hellip;]\" \/>\n<meta property=\"og:url\" content=\"https:\/\/sindicatodosbancarios.org.br\/site2022\/2017\/09\/08\/informe-1592017-reajuste-salarial-dos-bancarios-sera-de-275\/\" \/>\n<meta property=\"og:site_name\" content=\"Sindicato dos Banc\u00e1rios de S\u00e3o Bento do Sul e Regi\u00e3o\" \/>\n<meta property=\"article:author\" content=\"https:\/\/www.facebook.com\/seeb.sbs.9\" \/>\n<meta property=\"article:published_time\" content=\"2017-09-08T12:38:32+00:00\" \/>\n<meta property=\"og:image\" content=\"https:\/\/sindicatodosbancarios.org.br\/site2022\/wp-content\/uploads\/2017\/09\/060917220316-REAJUSTE-SALARIAL-DOS-BANC\u00c1RIOS.jpg\" \/>\n\t<meta property=\"og:image:width\" content=\"860\" \/>\n\t<meta property=\"og:image:height\" content=\"484\" \/>\n\t<meta property=\"og:image:type\" content=\"image\/jpeg\" \/>\n<meta name=\"author\" content=\"Sindicato dos Banc\u00e1rios S\u00e3o Bento do Sul e Regi\u00e3o\" \/>\n<meta name=\"twitter:card\" content=\"summary_large_image\" \/>\n<meta name=\"twitter:label1\" content=\"Escrito por\" \/>\n\t<meta name=\"twitter:data1\" content=\"Sindicato dos Banc\u00e1rios S\u00e3o Bento do Sul e Regi\u00e3o\" \/>\n\t<meta name=\"twitter:label2\" content=\"Est. tempo de leitura\" \/>\n\t<meta name=\"twitter:data2\" content=\"1 minuto\" \/>\n<script type=\"application\/ld+json\" class=\"yoast-schema-graph\">{\"@context\":\"https:\/\/schema.org\",\"@graph\":[{\"@type\":\"Article\",\"@id\":\"https:\/\/sindicatodosbancarios.org.br\/site2022\/2017\/09\/08\/informe-1592017-reajuste-salarial-dos-bancarios-sera-de-275\/#article\",\"isPartOf\":{\"@id\":\"https:\/\/sindicatodosbancarios.org.br\/site2022\/2017\/09\/08\/informe-1592017-reajuste-salarial-dos-bancarios-sera-de-275\/\"},\"author\":{\"name\":\"Sindicato dos Banc\u00e1rios S\u00e3o Bento do Sul e Regi\u00e3o\",\"@id\":\"https:\/\/sindicatodosbancarios.org.br\/site2022\/#\/schema\/person\/a7d92da77d1084df4d28b57962f1e1bd\"},\"headline\":\"INFORME 159\/2017 &#8211; REAJUSTE SALARIAL DOS BANC\u00c1RIOS SER\u00c1 DE 2,75%\",\"datePublished\":\"2017-09-08T12:38:32+00:00\",\"dateModified\":\"2017-09-08T12:38:32+00:00\",\"mainEntityOfPage\":{\"@id\":\"https:\/\/sindicatodosbancarios.org.br\/site2022\/2017\/09\/08\/informe-1592017-reajuste-salarial-dos-bancarios-sera-de-275\/\"},\"wordCount\":240,\"commentCount\":0,\"publisher\":{\"@id\":\"https:\/\/sindicatodosbancarios.org.br\/site2022\/#organization\"},\"articleSection\":[\"Geral\"],\"inLanguage\":\"pt-BR\",\"potentialAction\":[{\"@type\":\"CommentAction\",\"name\":\"Comment\",\"target\":[\"https:\/\/sindicatodosbancarios.org.br\/site2022\/2017\/09\/08\/informe-1592017-reajuste-salarial-dos-bancarios-sera-de-275\/#respond\"]}]},{\"@type\":\"WebPage\",\"@id\":\"https:\/\/sindicatodosbancarios.org.br\/site2022\/2017\/09\/08\/informe-1592017-reajuste-salarial-dos-bancarios-sera-de-275\/\",\"url\":\"https:\/\/sindicatodosbancarios.org.br\/site2022\/2017\/09\/08\/informe-1592017-reajuste-salarial-dos-bancarios-sera-de-275\/\",\"name\":\"INFORME 159\/2017 - REAJUSTE SALARIAL DOS BANC\u00c1RIOS SER\u00c1 DE 2,75% - Sindicato dos Banc\u00e1rios de S\u00e3o Bento do Sul e Regi\u00e3o\",\"isPartOf\":{\"@id\":\"https:\/\/sindicatodosbancarios.org.br\/site2022\/#website\"},\"datePublished\":\"2017-09-08T12:38:32+00:00\",\"dateModified\":\"2017-09-08T12:38:32+00:00\",\"breadcrumb\":{\"@id\":\"https:\/\/sindicatodosbancarios.org.br\/site2022\/2017\/09\/08\/informe-1592017-reajuste-salarial-dos-bancarios-sera-de-275\/#breadcrumb\"},\"inLanguage\":\"pt-BR\",\"potentialAction\":[{\"@type\":\"ReadAction\",\"target\":[\"https:\/\/sindicatodosbancarios.org.br\/site2022\/2017\/09\/08\/informe-1592017-reajuste-salarial-dos-bancarios-sera-de-275\/\"]}]},{\"@type\":\"BreadcrumbList\",\"@id\":\"https:\/\/sindicatodosbancarios.org.br\/site2022\/2017\/09\/08\/informe-1592017-reajuste-salarial-dos-bancarios-sera-de-275\/#breadcrumb\",\"itemListElement\":[{\"@type\":\"ListItem\",\"position\":1,\"name\":\"In\u00edcio\",\"item\":\"https:\/\/sindicatodosbancarios.org.br\/site2022\/\"},{\"@type\":\"ListItem\",\"position\":2,\"name\":\"INFORME 159\/2017 &#8211; REAJUSTE SALARIAL DOS BANC\u00c1RIOS SER\u00c1 DE 2,75%\"}]},{\"@type\":\"WebSite\",\"@id\":\"https:\/\/sindicatodosbancarios.org.br\/site2022\/#website\",\"url\":\"https:\/\/sindicatodosbancarios.org.br\/site2022\/\",\"name\":\"Sindicato dos Banc\u00e1rios de S\u00e3o Bento do Sul e Regi\u00e3o\",\"description\":\"Website institucional do Sindicato dos Banc\u00e1rios de S\u00e3o Bento do Sul e Regi\u00e3o\",\"publisher\":{\"@id\":\"https:\/\/sindicatodosbancarios.org.br\/site2022\/#organization\"},\"potentialAction\":[{\"@type\":\"SearchAction\",\"target\":{\"@type\":\"EntryPoint\",\"urlTemplate\":\"https:\/\/sindicatodosbancarios.org.br\/site2022\/?s={search_term_string}\"},\"query-input\":\"required name=search_term_string\"}],\"inLanguage\":\"pt-BR\"},{\"@type\":\"Organization\",\"@id\":\"https:\/\/sindicatodosbancarios.org.br\/site2022\/#organization\",\"name\":\"Sindicato dos Banc\u00e1rios de S\u00e3o Bento do Sul e Regi\u00e3o\",\"url\":\"https:\/\/sindicatodosbancarios.org.br\/site2022\/\",\"logo\":{\"@type\":\"ImageObject\",\"inLanguage\":\"pt-BR\",\"@id\":\"https:\/\/sindicatodosbancarios.org.br\/site2022\/#\/schema\/logo\/image\/\",\"url\":\"https:\/\/sindicatodosbancarios.org.br\/site2022\/wp-content\/uploads\/2017\/06\/cropped-logo-2.png\",\"contentUrl\":\"https:\/\/sindicatodosbancarios.org.br\/site2022\/wp-content\/uploads\/2017\/06\/cropped-logo-2.png\",\"width\":292,\"height\":292,\"caption\":\"Sindicato dos Banc\u00e1rios de S\u00e3o Bento do Sul e Regi\u00e3o\"},\"image\":{\"@id\":\"https:\/\/sindicatodosbancarios.org.br\/site2022\/#\/schema\/logo\/image\/\"}},{\"@type\":\"Person\",\"@id\":\"https:\/\/sindicatodosbancarios.org.br\/site2022\/#\/schema\/person\/a7d92da77d1084df4d28b57962f1e1bd\",\"name\":\"Sindicato dos Banc\u00e1rios S\u00e3o Bento do Sul e Regi\u00e3o\",\"image\":{\"@type\":\"ImageObject\",\"inLanguage\":\"pt-BR\",\"@id\":\"https:\/\/sindicatodosbancarios.org.br\/site2022\/#\/schema\/person\/image\/\",\"url\":\"https:\/\/secure.gravatar.com\/avatar\/f1d1a06f698f2345352e539387180d42?s=96&d=mm&r=g\",\"contentUrl\":\"https:\/\/secure.gravatar.com\/avatar\/f1d1a06f698f2345352e539387180d42?s=96&d=mm&r=g\",\"caption\":\"Sindicato dos Banc\u00e1rios S\u00e3o Bento do Sul e Regi\u00e3o\"},\"sameAs\":[\"http:\/\/sindicatodosbancarios.org.br\/site2022\/\",\"https:\/\/www.facebook.com\/seeb.sbs.9\"],\"url\":\"https:\/\/sindicatodosbancarios.org.br\/site2022\/author\/sindicatodosbancarios\/\"}]}<\/script>\n<!-- \/ Yoast SEO plugin. -->","yoast_head_json":{"title":"INFORME 159\/2017 - REAJUSTE SALARIAL DOS BANC\u00c1RIOS SER\u00c1 DE 2,75% - Sindicato dos Banc\u00e1rios de S\u00e3o Bento do Sul e Regi\u00e3o","robots":{"index":"index","follow":"follow","max-snippet":"max-snippet:-1","max-image-preview":"max-image-preview:large","max-video-preview":"max-video-preview:-1"},"canonical":"https:\/\/sindicatodosbancarios.org.br\/site2022\/2017\/09\/08\/informe-1592017-reajuste-salarial-dos-bancarios-sera-de-275\/","og_locale":"pt_BR","og_type":"article","og_title":"INFORME 159\/2017 - REAJUSTE SALARIAL DOS BANC\u00c1RIOS SER\u00c1 DE 2,75% - Sindicato dos Banc\u00e1rios de S\u00e3o Bento do Sul e Regi\u00e3o","og_description":"Banc\u00e1rios de todo o pa\u00eds ter\u00e3o seus contracheques do m\u00eas de setembro, reajustados em 2,75%. O percentual \u00e9 [&hellip;]","og_url":"https:\/\/sindicatodosbancarios.org.br\/site2022\/2017\/09\/08\/informe-1592017-reajuste-salarial-dos-bancarios-sera-de-275\/","og_site_name":"Sindicato dos Banc\u00e1rios de S\u00e3o Bento do Sul e Regi\u00e3o","article_author":"https:\/\/www.facebook.com\/seeb.sbs.9","article_published_time":"2017-09-08T12:38:32+00:00","og_image":[{"width":860,"height":484,"url":"https:\/\/sindicatodosbancarios.org.br\/site2022\/wp-content\/uploads\/2017\/09\/060917220316-REAJUSTE-SALARIAL-DOS-BANC\u00c1RIOS.jpg","type":"image\/jpeg"}],"author":"Sindicato dos Banc\u00e1rios S\u00e3o Bento do Sul e Regi\u00e3o","twitter_card":"summary_large_image","twitter_misc":{"Escrito por":"Sindicato dos Banc\u00e1rios S\u00e3o Bento do Sul e Regi\u00e3o","Est. tempo de leitura":"1 minuto"},"schema":{"@context":"https:\/\/schema.org","@graph":[{"@type":"Article","@id":"https:\/\/sindicatodosbancarios.org.br\/site2022\/2017\/09\/08\/informe-1592017-reajuste-salarial-dos-bancarios-sera-de-275\/#article","isPartOf":{"@id":"https:\/\/sindicatodosbancarios.org.br\/site2022\/2017\/09\/08\/informe-1592017-reajuste-salarial-dos-bancarios-sera-de-275\/"},"author":{"name":"Sindicato dos Banc\u00e1rios S\u00e3o Bento do Sul e Regi\u00e3o","@id":"https:\/\/sindicatodosbancarios.org.br\/site2022\/#\/schema\/person\/a7d92da77d1084df4d28b57962f1e1bd"},"headline":"INFORME 159\/2017 &#8211; REAJUSTE SALARIAL DOS BANC\u00c1RIOS SER\u00c1 DE 2,75%","datePublished":"2017-09-08T12:38:32+00:00","dateModified":"2017-09-08T12:38:32+00:00","mainEntityOfPage":{"@id":"https:\/\/sindicatodosbancarios.org.br\/site2022\/2017\/09\/08\/informe-1592017-reajuste-salarial-dos-bancarios-sera-de-275\/"},"wordCount":240,"commentCount":0,"publisher":{"@id":"https:\/\/sindicatodosbancarios.org.br\/site2022\/#organization"},"articleSection":["Geral"],"inLanguage":"pt-BR","potentialAction":[{"@type":"CommentAction","name":"Comment","target":["https:\/\/sindicatodosbancarios.org.br\/site2022\/2017\/09\/08\/informe-1592017-reajuste-salarial-dos-bancarios-sera-de-275\/#respond"]}]},{"@type":"WebPage","@id":"https:\/\/sindicatodosbancarios.org.br\/site2022\/2017\/09\/08\/informe-1592017-reajuste-salarial-dos-bancarios-sera-de-275\/","url":"https:\/\/sindicatodosbancarios.org.br\/site2022\/2017\/09\/08\/informe-1592017-reajuste-salarial-dos-bancarios-sera-de-275\/","name":"INFORME 159\/2017 - REAJUSTE SALARIAL DOS BANC\u00c1RIOS SER\u00c1 DE 2,75% - Sindicato dos Banc\u00e1rios de S\u00e3o Bento do Sul e Regi\u00e3o","isPartOf":{"@id":"https:\/\/sindicatodosbancarios.org.br\/site2022\/#website"},"datePublished":"2017-09-08T12:38:32+00:00","dateModified":"2017-09-08T12:38:32+00:00","breadcrumb":{"@id":"https:\/\/sindicatodosbancarios.org.br\/site2022\/2017\/09\/08\/informe-1592017-reajuste-salarial-dos-bancarios-sera-de-275\/#breadcrumb"},"inLanguage":"pt-BR","potentialAction":[{"@type":"ReadAction","target":["https:\/\/sindicatodosbancarios.org.br\/site2022\/2017\/09\/08\/informe-1592017-reajuste-salarial-dos-bancarios-sera-de-275\/"]}]},{"@type":"BreadcrumbList","@id":"https:\/\/sindicatodosbancarios.org.br\/site2022\/2017\/09\/08\/informe-1592017-reajuste-salarial-dos-bancarios-sera-de-275\/#breadcrumb","itemListElement":[{"@type":"ListItem","position":1,"name":"In\u00edcio","item":"https:\/\/sindicatodosbancarios.org.br\/site2022\/"},{"@type":"ListItem","position":2,"name":"INFORME 159\/2017 &#8211; REAJUSTE SALARIAL DOS BANC\u00c1RIOS SER\u00c1 DE 2,75%"}]},{"@type":"WebSite","@id":"https:\/\/sindicatodosbancarios.org.br\/site2022\/#website","url":"https:\/\/sindicatodosbancarios.org.br\/site2022\/","name":"Sindicato dos Banc\u00e1rios de S\u00e3o Bento do Sul e Regi\u00e3o","description":"Website institucional do Sindicato dos Banc\u00e1rios de S\u00e3o Bento do Sul e Regi\u00e3o","publisher":{"@id":"https:\/\/sindicatodosbancarios.org.br\/site2022\/#organization"},"potentialAction":[{"@type":"SearchAction","target":{"@type":"EntryPoint","urlTemplate":"https:\/\/sindicatodosbancarios.org.br\/site2022\/?s={search_term_string}"},"query-input":"required name=search_term_string"}],"inLanguage":"pt-BR"},{"@type":"Organization","@id":"https:\/\/sindicatodosbancarios.org.br\/site2022\/#organization","name":"Sindicato dos Banc\u00e1rios de S\u00e3o Bento do Sul e Regi\u00e3o","url":"https:\/\/sindicatodosbancarios.org.br\/site2022\/","logo":{"@type":"ImageObject","inLanguage":"pt-BR","@id":"https:\/\/sindicatodosbancarios.org.br\/site2022\/#\/schema\/logo\/image\/","url":"https:\/\/sindicatodosbancarios.org.br\/site2022\/wp-content\/uploads\/2017\/06\/cropped-logo-2.png","contentUrl":"https:\/\/sindicatodosbancarios.org.br\/site2022\/wp-content\/uploads\/2017\/06\/cropped-logo-2.png","width":292,"height":292,"caption":"Sindicato dos Banc\u00e1rios de S\u00e3o Bento do Sul e Regi\u00e3o"},"image":{"@id":"https:\/\/sindicatodosbancarios.org.br\/site2022\/#\/schema\/logo\/image\/"}},{"@type":"Person","@id":"https:\/\/sindicatodosbancarios.org.br\/site2022\/#\/schema\/person\/a7d92da77d1084df4d28b57962f1e1bd","name":"Sindicato dos Banc\u00e1rios S\u00e3o Bento do Sul e Regi\u00e3o","image":{"@type":"ImageObject","inLanguage":"pt-BR","@id":"https:\/\/sindicatodosbancarios.org.br\/site2022\/#\/schema\/person\/image\/","url":"https:\/\/secure.gravatar.com\/avatar\/f1d1a06f698f2345352e539387180d42?s=96&d=mm&r=g","contentUrl":"https:\/\/secure.gravatar.com\/avatar\/f1d1a06f698f2345352e539387180d42?s=96&d=mm&r=g","caption":"Sindicato dos Banc\u00e1rios S\u00e3o Bento do Sul e Regi\u00e3o"},"sameAs":["http:\/\/sindicatodosbancarios.org.br\/site2022\/","https:\/\/www.facebook.com\/seeb.sbs.9"],"url":"https:\/\/sindicatodosbancarios.org.br\/site2022\/author\/sindicatodosbancarios\/"}]}},"jetpack_featured_media_url":"https:\/\/sindicatodosbancarios.org.br\/site2022\/wp-content\/uploads\/2017\/09\/060917220316-REAJUSTE-SALARIAL-DOS-BANC\u00c1RIOS.jpg","jetpack_sharing_enabled":true,"jetpack_shortlink":"https:\/\/wp.me\/p8RSbI-qT","jetpack-related-posts":[{"id":4419,"url":"https:\/\/sindicatodosbancarios.org.br\/site2022\/2020\/09\/02\/informe-bancario-323-2020-bancarios-do-itau-recebem-pcr-no-mesmo-dia-da-plr\/","url_meta":{"origin":1667,"position":0},"title":"INFORME BANC\u00c1RIO \u2013 323\/2020 BANC\u00c1RIOS DO ITA\u00da RECEBEM PCR NO MESMO DIA DA PLR","date":"2 de setembro de 2020","format":false,"excerpt":"O Movimento Sindical Banc\u00e1rio vai procurar o Banco Ita\u00fa Unibanco SA para negociar o PCR de 2021 e de 2022.\u00a0Os Banc\u00e1rios do Banco Ita\u00fa Unibanco SA receber\u00e3o o pagamento do Programa Complementar de Resultados (PCR) no mesmo dia que for paga a Participa\u00e7\u00e3o nos Lucros e Resultados (PLR). O valor\u2026","rel":"","context":"Em &quot;Geral&quot;","img":{"alt_text":"","src":"https:\/\/i0.wp.com\/sindicatodosbancarios.org.br\/site2022\/wp-content\/uploads\/2020\/07\/itaushutter_77004.jpg?resize=350%2C200&ssl=1","width":350,"height":200},"classes":[]},{"id":5703,"url":"https:\/\/sindicatodosbancarios.org.br\/site2022\/2021\/09\/14\/informe-bancario-220-2021-santander-confirma-data-do-pagamento-da-plr-e-do-ppe\/","url_meta":{"origin":1667,"position":1},"title":"INFORME BANC\u00c1RIO \u2013 220\/2021 Santander confirma data do pagamento da PLR e do PPE","date":"14 de setembro de 2021","format":false,"excerpt":"O Santander confirmou ao Sindicato dos Banc\u00e1rios de S\u00e3o Paulo, Osasco e regi\u00e3o que ir\u00e1 creditar a PLR no dia 30 de setembro, \u00faltimo dia para o pagamento dos valores aos funcion\u00e1rios. Na mesma data ser\u00e1 pago o Programa Pr\u00f3prio Espec\u00edfico (PPE). Aos empregados dispensados sem justa causa, ser\u00e1 efetuado\u2026","rel":"","context":"Em &quot;Santander&quot;","img":{"alt_text":"","src":"https:\/\/i0.wp.com\/sindicatodosbancarios.org.br\/site2022\/wp-content\/uploads\/2021\/02\/vagas-santander-agencia-do-banco-1562078449638_v2_900x506.jpg?resize=350%2C200&ssl=1","width":350,"height":200},"classes":[]},{"id":4377,"url":"https:\/\/sindicatodosbancarios.org.br\/site2022\/2020\/08\/29\/informe-bancario-320-2020-proposta-avanca-reajuste-de-15-com-abono-de-r-2-mil\/","url_meta":{"origin":1667,"position":2},"title":"INFORME BANC\u00c1RIO \u2013 320\/2020 PROPOSTA AVAN\u00c7A: REAJUSTE DE 1,5% COM ABONO DE R$ 2 MIL","date":"29 de agosto de 2020","format":false,"excerpt":"FENABAN garante tamb\u00e9m, para 2021, reposi\u00e7\u00e3o da infla\u00e7\u00e3o mais aumento real de 0,5% para sal\u00e1rios e demais verbas; al\u00e9m da manuten\u00e7\u00e3o de todas as Cl\u00e1usula da CCT por Dois (02) anos e da PLR nos moldes atuais, com reposi\u00e7\u00e3o da infla\u00e7\u00e3o nos valores fixos e tetos. Os Bancos, que em\u2026","rel":"","context":"Em &quot;Banco do Brasil&quot;","img":{"alt_text":"","src":"https:\/\/i0.wp.com\/spbancarios.com.br\/sites\/default\/files\/images\/tabela%20salarios.jpeg?resize=350%2C200&ssl=1","width":350,"height":200},"classes":[]},{"id":5468,"url":"https:\/\/sindicatodosbancarios.org.br\/site2022\/2021\/06\/17\/informe-bancario-147-2021-plr-no-2o-semestre-de-2021-esta-garantida-pelo-acordo-coletivo\/","url_meta":{"origin":1667,"position":3},"title":"INFORME BANC\u00c1RIO \u2013 147\/2021 PLR NO 2\u00ba SEMESTRE DE 2021 EST\u00c1 GARANTIDA PELO ACORDO COLETIVO","date":"17 de junho de 2021","format":false,"excerpt":"Com a conquista pela categoria banc\u00e1ria, em 2020, de uma Conven\u00e7\u00e3o Coletiva de Trabalho (CCT) v\u00e1lida por 2 anos, o pagamento da Participa\u00e7\u00e3o nos Lucros e Resultados (PLR) no 2\u00ba semestre deste ano j\u00e1 tem prazos estabelecidos (veja abaixo). A atual CCT das banc\u00e1rias e banc\u00e1rios, que garante uma s\u00e9rie\u2026","rel":"","context":"Em &quot;Geral&quot;","img":{"alt_text":"","src":"https:\/\/i0.wp.com\/sindicatodosbancarios.org.br\/site2022\/wp-content\/uploads\/2021\/06\/plr-21-11677-980x500m0.jpg?resize=350%2C200&ssl=1","width":350,"height":200},"classes":[]},{"id":4348,"url":"https:\/\/sindicatodosbancarios.org.br\/site2022\/2020\/08\/27\/informe-bancario-317-2020-campanha-salarial-dos-bancarios-2020-12a-reuniao-da-fenaban\/","url_meta":{"origin":1667,"position":4},"title":"INFORME BANC\u00c1RIO \u2013 317\/2020 CAMPANHA SALARIAL DOS BANC\u00c1RIOS 2020 \u2013 12\u00aa Reuni\u00e3o da Fenaban","date":"27 de agosto de 2020","format":false,"excerpt":"A\u00a0Comiss\u00e3o Executiva Banc\u00e1ria Nacional\u00a0de Negocia\u00e7\u00e3o \u2013 CEBNN\/CONTEC\u00a0voltou a se reunir,\u00a0a\u00a0partir\u00a0das 14h30,\u00a0desta\u00a0quarta-feira\u00a0(26\/08)\u00a0\u2013\u00a0via remota\/virtual \u2013,\u00a0com\u00a0a\u00a0Comiss\u00e3o de Negocia\u00e7\u00e3o da\u00a0FENABAN,\u00a0para\u00a0dar continuidade aos debates das\u00a0reivindica\u00e7\u00f5es dos\u00a0banc\u00e1rios\u00a0para a presente data-base,\u00a0reiterando o pedido de\u00a0manuten\u00e7\u00e3o dos\u00a0direitos\u00a0garantidos pela\u00a0Conven\u00e7\u00e3o\u00a0Coletiva de\u00a0Trabalho\u00a0vigente e buscando acrescer outros\u00a0benef\u00edcios, para\u00a0melhorar a\u00a0qualidade de vida\u00a0dos\u00a0banc\u00e1rios\u00a0e\u00a0o\u00a0atendimento da sociedade. Ap\u00f3s exaustivo debate pelas partes, a reuni\u00e3o de hoje terminou\u2026","rel":"","context":"Em &quot;Banco do Brasil&quot;","img":{"alt_text":"","src":"https:\/\/i0.wp.com\/sindicatodosbancarios.org.br\/site2022\/wp-content\/uploads\/2020\/08\/04f6a3cb0c372e08c33568a3fe46733d-2.jpeg?resize=350%2C200&ssl=1","width":350,"height":200},"classes":[]},{"id":5694,"url":"https:\/\/sindicatodosbancarios.org.br\/site2022\/2021\/09\/09\/informe-bancario-217-2021-bancarios-terao-reajuste-de-1097\/","url_meta":{"origin":1667,"position":5},"title":"INFORME BANC\u00c1RIO \u2013 217\/2021  BANC\u00c1RIOS TER\u00c3O REAJUSTE DE 10,97%","date":"9 de setembro de 2021","format":false,"excerpt":"\u00cdndice tem ganho real de 0,5% acima do INPC acumulado entre Setembro de 2020 a Agosto de 2021, que ficou em 10,42%.\u00a0Os Banc\u00e1rios ter\u00e3o reajuste de 10,97% nos Sal\u00e1rios, Vales Refei\u00e7\u00e3o e Alimenta\u00e7\u00e3o e demais direitos econ\u00f4micos estabelecidos pela Conven\u00e7\u00e3o Coletiva de Trabalho (CCT) da Categoria, com ganho de real\u2026","rel":"","context":"Em &quot;Geral&quot;","img":{"alt_text":"","src":"https:\/\/i0.wp.com\/sindicatodosbancarios.org.br\/site2022\/wp-content\/uploads\/2021\/09\/bancario-auxilio-doenca-inss-1024x640.jpg?resize=350%2C200&ssl=1","width":350,"height":200},"classes":[]}],"_links":{"self":[{"href":"https:\/\/sindicatodosbancarios.org.br\/site2022\/wp-json\/wp\/v2\/posts\/1667"}],"collection":[{"href":"https:\/\/sindicatodosbancarios.org.br\/site2022\/wp-json\/wp\/v2\/posts"}],"about":[{"href":"https:\/\/sindicatodosbancarios.org.br\/site2022\/wp-json\/wp\/v2\/types\/post"}],"author":[{"embeddable":true,"href":"https:\/\/sindicatodosbancarios.org.br\/site2022\/wp-json\/wp\/v2\/users\/2"}],"replies":[{"embeddable":true,"href":"https:\/\/sindicatodosbancarios.org.br\/site2022\/wp-json\/wp\/v2\/comments?post=1667"}],"version-history":[{"count":1,"href":"https:\/\/sindicatodosbancarios.org.br\/site2022\/wp-json\/wp\/v2\/posts\/1667\/revisions"}],"predecessor-version":[{"id":1669,"href":"https:\/\/sindicatodosbancarios.org.br\/site2022\/wp-json\/wp\/v2\/posts\/1667\/revisions\/1669"}],"wp:featuredmedia":[{"embeddable":true,"href":"https:\/\/sindicatodosbancarios.org.br\/site2022\/wp-json\/wp\/v2\/media\/1668"}],"wp:attachment":[{"href":"https:\/\/sindicatodosbancarios.org.br\/site2022\/wp-json\/wp\/v2\/media?parent=1667"}],"wp:term":[{"taxonomy":"category","embeddable":true,"href":"https:\/\/sindicatodosbancarios.org.br\/site2022\/wp-json\/wp\/v2\/categories?post=1667"},{"taxonomy":"post_tag","embeddable":true,"href":"https:\/\/sindicatodosbancarios.org.br\/site2022\/wp-json\/wp\/v2\/tags?post=1667"}],"curies":[{"name":"wp","href":"https:\/\/api.w.org\/{rel}","templated":true}]}}