{"id":1713,"date":"2017-09-19T16:57:49","date_gmt":"2017-09-19T19:57:49","guid":{"rendered":"http:\/\/sindicatodosbancarios.org.br\/?p=1713"},"modified":"2017-09-19T16:57:49","modified_gmt":"2017-09-19T19:57:49","slug":"informe-1702017-mp-da-reforma-trabalhista-emperrou","status":"publish","type":"post","link":"https:\/\/sindicatodosbancarios.org.br\/site2022\/2017\/09\/19\/informe-1702017-mp-da-reforma-trabalhista-emperrou\/","title":{"rendered":"INFORME 170\/2017 &#8211; MP DA REFORMA TRABALHISTA EMPERROU"},"content":{"rendered":"<p>Com a reforma trabalhista aprovada, o governo n\u00e3o tem pressa para enviar a medida provis\u00f3ria (MP) que pretende alterar alguns trechos dessa lei, conforme um acordo costurado com o Senado Federal. Segundo fontes envolvidas na negocia\u00e7\u00e3o, o grupo de trabalho que trata do assunto est\u00e1 praticamente parado e tem se limitado a discutir ideias de promo\u00e7\u00e3o da reforma junto \u00e0 sociedade.<\/p>\n<p>T\u00e9cnicos do governo e do Legislativo concordam que \u00e9 invi\u00e1vel enviar ao Congresso uma MP alterando trechos de uma lei que ainda n\u00e3o entrou em vigor. As mudan\u00e7as na Consolida\u00e7\u00e3o das Leis do Trabalho (CLT) s\u00f3 come\u00e7am a valer a partir de novembro. Al\u00e9m disso, n\u00e3o h\u00e1 como o governo justificar a urg\u00eancia de enviar uma medida provis\u00f3ria ao Congresso sendo que as novas normas sequer come\u00e7aram a vigorar. Portanto, a ideia \u00e9 que as discuss\u00f5es sejam retomadas no pr\u00f3ximo m\u00eas para que, assim, haja um texto minimamente costurado quando a lei come\u00e7ar a valer.<\/p>\n<p><strong>COBRAN\u00c7A ENFRENTA OPOSI\u00c7\u00c3O NA C\u00c2MARA<\/strong><\/p>\n<p>J\u00e1 se sabe que haver\u00e1 algumas dificuldades na negocia\u00e7\u00e3o, entre elas o que ser\u00e1 institu\u00eddo no lugar da contribui\u00e7\u00e3o sindical. A reforma trabalhista retira a obrigatoriedade da cobran\u00e7a, mas os sindicatos argumentam que precisam de uma forma de financiamento. O governo tem passado \u00e0s centrais a mensagem que est\u00e1 disposto a discutir novas possibilidades, mas exige que qualquer que seja o novo formato de cobran\u00e7a n\u00e3o poder\u00e1 ser compuls\u00f3rio.<\/p>\n<p>A \u00e1rea pol\u00edtica do governo sequer decidiu se vai mesmo tratar da contribui\u00e7\u00e3o sindical nessa MP. Isso porque a medida tem forte oposi\u00e7\u00e3o na C\u00e2mara dos Deputados. O relator da reforma trabalhista na casa, Rog\u00e9rio Marinho (PSDB-RN), foi o respons\u00e1vel por incluir o dispositivo que acabou com a obrigatoriedade no texto. Na balan\u00e7a, o governo avalia que pode ser um desgaste grande com o Congresso tratar disso j\u00e1 que h\u00e1 poucos \u2014 ou quase nenhum \u2014 benef\u00edcios pol\u00edtico em emplacar um novo formato de contribui\u00e7\u00e3o.<\/p>\n<p>A elabora\u00e7\u00e3o de uma MP para tratar de mudan\u00e7as na lei trabalhista foi acordada com o Senado Federal durante a tramita\u00e7\u00e3o da reforma na casa. \u00c0 \u00e9poca, os parlamentares da pr\u00f3pria base queriam alterar uma s\u00e9rie de itens, mas entraram em um acordo com o Pal\u00e1cio do Planalto para n\u00e3o fazerem isso direto no texto porque, dessa forma, o projeto teria de voltar para a C\u00e2mara, o que atrasaria muito a vota\u00e7\u00e3o em um momento em que o governo enfrentava um forte desgaste pol\u00edtico. A reforma foi aprovada semanas ap\u00f3s a dela\u00e7\u00e3o de Joesley Batista que envolveu o presidente Michel Temer.<\/p>\n<p><span style=\"font-size: 8pt;\"><em>Fonte: Brasil 2 Pontos.<\/em><\/span><\/p>\n","protected":false},"excerpt":{"rendered":"<p>Com a reforma trabalhista aprovada, o governo n\u00e3o tem pressa para enviar a medida provis\u00f3ria (MP) que pretende [&hellip;]<\/p>\n","protected":false},"author":2,"featured_media":1650,"comment_status":"open","ping_status":"open","sticky":false,"template":"","format":"standard","meta":{"jetpack_post_was_ever_published":false,"jetpack_publicize_message":"","jetpack_is_tweetstorm":false,"jetpack_publicize_feature_enabled":true,"jetpack_social_post_already_shared":true,"jetpack_social_options":[]},"categories":[1],"tags":[],"jetpack_publicize_connections":[],"acf":[],"yoast_head":"<!-- This site is optimized with the Yoast SEO plugin v19.14 - https:\/\/yoast.com\/wordpress\/plugins\/seo\/ -->\n<title>INFORME 170\/2017 - MP DA REFORMA TRABALHISTA EMPERROU - Sindicato dos Banc\u00e1rios de S\u00e3o Bento do Sul e Regi\u00e3o<\/title>\n<meta name=\"robots\" content=\"index, follow, max-snippet:-1, max-image-preview:large, max-video-preview:-1\" \/>\n<link rel=\"canonical\" href=\"https:\/\/sindicatodosbancarios.org.br\/site2022\/2017\/09\/19\/informe-1702017-mp-da-reforma-trabalhista-emperrou\/\" \/>\n<meta property=\"og:locale\" content=\"pt_BR\" \/>\n<meta property=\"og:type\" content=\"article\" \/>\n<meta property=\"og:title\" content=\"INFORME 170\/2017 - MP DA REFORMA TRABALHISTA EMPERROU - Sindicato dos Banc\u00e1rios de S\u00e3o Bento do Sul e Regi\u00e3o\" \/>\n<meta property=\"og:description\" content=\"Com a reforma trabalhista aprovada, o governo n\u00e3o tem pressa para enviar a medida provis\u00f3ria (MP) que pretende [&hellip;]\" \/>\n<meta property=\"og:url\" content=\"https:\/\/sindicatodosbancarios.org.br\/site2022\/2017\/09\/19\/informe-1702017-mp-da-reforma-trabalhista-emperrou\/\" \/>\n<meta property=\"og:site_name\" content=\"Sindicato dos Banc\u00e1rios de S\u00e3o Bento do Sul e Regi\u00e3o\" \/>\n<meta property=\"article:author\" content=\"https:\/\/www.facebook.com\/seeb.sbs.9\" \/>\n<meta property=\"article:published_time\" content=\"2017-09-19T19:57:49+00:00\" \/>\n<meta property=\"og:image\" content=\"https:\/\/sindicatodosbancarios.org.br\/site2022\/wp-content\/uploads\/2017\/08\/45.jpg\" \/>\n\t<meta property=\"og:image:width\" content=\"1280\" \/>\n\t<meta property=\"og:image:height\" content=\"859\" \/>\n\t<meta property=\"og:image:type\" content=\"image\/jpeg\" \/>\n<meta name=\"author\" content=\"Sindicato dos Banc\u00e1rios S\u00e3o Bento do Sul e Regi\u00e3o\" \/>\n<meta name=\"twitter:card\" content=\"summary_large_image\" \/>\n<meta name=\"twitter:label1\" content=\"Escrito por\" \/>\n\t<meta name=\"twitter:data1\" content=\"Sindicato dos Banc\u00e1rios S\u00e3o Bento do Sul e Regi\u00e3o\" \/>\n\t<meta name=\"twitter:label2\" content=\"Est. tempo de leitura\" \/>\n\t<meta name=\"twitter:data2\" content=\"2 minutos\" \/>\n<script type=\"application\/ld+json\" class=\"yoast-schema-graph\">{\"@context\":\"https:\/\/schema.org\",\"@graph\":[{\"@type\":\"Article\",\"@id\":\"https:\/\/sindicatodosbancarios.org.br\/site2022\/2017\/09\/19\/informe-1702017-mp-da-reforma-trabalhista-emperrou\/#article\",\"isPartOf\":{\"@id\":\"https:\/\/sindicatodosbancarios.org.br\/site2022\/2017\/09\/19\/informe-1702017-mp-da-reforma-trabalhista-emperrou\/\"},\"author\":{\"name\":\"Sindicato dos Banc\u00e1rios S\u00e3o Bento do Sul e Regi\u00e3o\",\"@id\":\"https:\/\/sindicatodosbancarios.org.br\/site2022\/#\/schema\/person\/a7d92da77d1084df4d28b57962f1e1bd\"},\"headline\":\"INFORME 170\/2017 &#8211; MP DA REFORMA TRABALHISTA EMPERROU\",\"datePublished\":\"2017-09-19T19:57:49+00:00\",\"dateModified\":\"2017-09-19T19:57:49+00:00\",\"mainEntityOfPage\":{\"@id\":\"https:\/\/sindicatodosbancarios.org.br\/site2022\/2017\/09\/19\/informe-1702017-mp-da-reforma-trabalhista-emperrou\/\"},\"wordCount\":471,\"commentCount\":0,\"publisher\":{\"@id\":\"https:\/\/sindicatodosbancarios.org.br\/site2022\/#organization\"},\"articleSection\":[\"Geral\"],\"inLanguage\":\"pt-BR\",\"potentialAction\":[{\"@type\":\"CommentAction\",\"name\":\"Comment\",\"target\":[\"https:\/\/sindicatodosbancarios.org.br\/site2022\/2017\/09\/19\/informe-1702017-mp-da-reforma-trabalhista-emperrou\/#respond\"]}]},{\"@type\":\"WebPage\",\"@id\":\"https:\/\/sindicatodosbancarios.org.br\/site2022\/2017\/09\/19\/informe-1702017-mp-da-reforma-trabalhista-emperrou\/\",\"url\":\"https:\/\/sindicatodosbancarios.org.br\/site2022\/2017\/09\/19\/informe-1702017-mp-da-reforma-trabalhista-emperrou\/\",\"name\":\"INFORME 170\/2017 - MP DA REFORMA TRABALHISTA EMPERROU - Sindicato dos Banc\u00e1rios de S\u00e3o Bento do Sul e Regi\u00e3o\",\"isPartOf\":{\"@id\":\"https:\/\/sindicatodosbancarios.org.br\/site2022\/#website\"},\"datePublished\":\"2017-09-19T19:57:49+00:00\",\"dateModified\":\"2017-09-19T19:57:49+00:00\",\"breadcrumb\":{\"@id\":\"https:\/\/sindicatodosbancarios.org.br\/site2022\/2017\/09\/19\/informe-1702017-mp-da-reforma-trabalhista-emperrou\/#breadcrumb\"},\"inLanguage\":\"pt-BR\",\"potentialAction\":[{\"@type\":\"ReadAction\",\"target\":[\"https:\/\/sindicatodosbancarios.org.br\/site2022\/2017\/09\/19\/informe-1702017-mp-da-reforma-trabalhista-emperrou\/\"]}]},{\"@type\":\"BreadcrumbList\",\"@id\":\"https:\/\/sindicatodosbancarios.org.br\/site2022\/2017\/09\/19\/informe-1702017-mp-da-reforma-trabalhista-emperrou\/#breadcrumb\",\"itemListElement\":[{\"@type\":\"ListItem\",\"position\":1,\"name\":\"In\u00edcio\",\"item\":\"https:\/\/sindicatodosbancarios.org.br\/site2022\/\"},{\"@type\":\"ListItem\",\"position\":2,\"name\":\"INFORME 170\/2017 &#8211; MP DA REFORMA TRABALHISTA EMPERROU\"}]},{\"@type\":\"WebSite\",\"@id\":\"https:\/\/sindicatodosbancarios.org.br\/site2022\/#website\",\"url\":\"https:\/\/sindicatodosbancarios.org.br\/site2022\/\",\"name\":\"Sindicato dos Banc\u00e1rios de S\u00e3o Bento do Sul e Regi\u00e3o\",\"description\":\"Website institucional do Sindicato dos Banc\u00e1rios de S\u00e3o Bento do Sul e Regi\u00e3o\",\"publisher\":{\"@id\":\"https:\/\/sindicatodosbancarios.org.br\/site2022\/#organization\"},\"potentialAction\":[{\"@type\":\"SearchAction\",\"target\":{\"@type\":\"EntryPoint\",\"urlTemplate\":\"https:\/\/sindicatodosbancarios.org.br\/site2022\/?s={search_term_string}\"},\"query-input\":\"required name=search_term_string\"}],\"inLanguage\":\"pt-BR\"},{\"@type\":\"Organization\",\"@id\":\"https:\/\/sindicatodosbancarios.org.br\/site2022\/#organization\",\"name\":\"Sindicato dos Banc\u00e1rios de S\u00e3o Bento do Sul e Regi\u00e3o\",\"url\":\"https:\/\/sindicatodosbancarios.org.br\/site2022\/\",\"logo\":{\"@type\":\"ImageObject\",\"inLanguage\":\"pt-BR\",\"@id\":\"https:\/\/sindicatodosbancarios.org.br\/site2022\/#\/schema\/logo\/image\/\",\"url\":\"https:\/\/sindicatodosbancarios.org.br\/site2022\/wp-content\/uploads\/2017\/06\/cropped-logo-2.png\",\"contentUrl\":\"https:\/\/sindicatodosbancarios.org.br\/site2022\/wp-content\/uploads\/2017\/06\/cropped-logo-2.png\",\"width\":292,\"height\":292,\"caption\":\"Sindicato dos Banc\u00e1rios de S\u00e3o Bento do Sul e Regi\u00e3o\"},\"image\":{\"@id\":\"https:\/\/sindicatodosbancarios.org.br\/site2022\/#\/schema\/logo\/image\/\"}},{\"@type\":\"Person\",\"@id\":\"https:\/\/sindicatodosbancarios.org.br\/site2022\/#\/schema\/person\/a7d92da77d1084df4d28b57962f1e1bd\",\"name\":\"Sindicato dos Banc\u00e1rios S\u00e3o Bento do Sul e Regi\u00e3o\",\"image\":{\"@type\":\"ImageObject\",\"inLanguage\":\"pt-BR\",\"@id\":\"https:\/\/sindicatodosbancarios.org.br\/site2022\/#\/schema\/person\/image\/\",\"url\":\"https:\/\/secure.gravatar.com\/avatar\/f1d1a06f698f2345352e539387180d42?s=96&d=mm&r=g\",\"contentUrl\":\"https:\/\/secure.gravatar.com\/avatar\/f1d1a06f698f2345352e539387180d42?s=96&d=mm&r=g\",\"caption\":\"Sindicato dos Banc\u00e1rios S\u00e3o Bento do Sul e Regi\u00e3o\"},\"sameAs\":[\"http:\/\/sindicatodosbancarios.org.br\/site2022\/\",\"https:\/\/www.facebook.com\/seeb.sbs.9\"],\"url\":\"https:\/\/sindicatodosbancarios.org.br\/site2022\/author\/sindicatodosbancarios\/\"}]}<\/script>\n<!-- \/ Yoast SEO plugin. -->","yoast_head_json":{"title":"INFORME 170\/2017 - MP DA REFORMA TRABALHISTA EMPERROU - Sindicato dos Banc\u00e1rios de S\u00e3o Bento do Sul e Regi\u00e3o","robots":{"index":"index","follow":"follow","max-snippet":"max-snippet:-1","max-image-preview":"max-image-preview:large","max-video-preview":"max-video-preview:-1"},"canonical":"https:\/\/sindicatodosbancarios.org.br\/site2022\/2017\/09\/19\/informe-1702017-mp-da-reforma-trabalhista-emperrou\/","og_locale":"pt_BR","og_type":"article","og_title":"INFORME 170\/2017 - MP DA REFORMA TRABALHISTA EMPERROU - Sindicato dos Banc\u00e1rios de S\u00e3o Bento do Sul e Regi\u00e3o","og_description":"Com a reforma trabalhista aprovada, o governo n\u00e3o tem pressa para enviar a medida provis\u00f3ria (MP) que pretende [&hellip;]","og_url":"https:\/\/sindicatodosbancarios.org.br\/site2022\/2017\/09\/19\/informe-1702017-mp-da-reforma-trabalhista-emperrou\/","og_site_name":"Sindicato dos Banc\u00e1rios de S\u00e3o Bento do Sul e Regi\u00e3o","article_author":"https:\/\/www.facebook.com\/seeb.sbs.9","article_published_time":"2017-09-19T19:57:49+00:00","og_image":[{"width":1280,"height":859,"url":"https:\/\/sindicatodosbancarios.org.br\/site2022\/wp-content\/uploads\/2017\/08\/45.jpg","type":"image\/jpeg"}],"author":"Sindicato dos Banc\u00e1rios S\u00e3o Bento do Sul e Regi\u00e3o","twitter_card":"summary_large_image","twitter_misc":{"Escrito por":"Sindicato dos Banc\u00e1rios S\u00e3o Bento do Sul e Regi\u00e3o","Est. tempo de leitura":"2 minutos"},"schema":{"@context":"https:\/\/schema.org","@graph":[{"@type":"Article","@id":"https:\/\/sindicatodosbancarios.org.br\/site2022\/2017\/09\/19\/informe-1702017-mp-da-reforma-trabalhista-emperrou\/#article","isPartOf":{"@id":"https:\/\/sindicatodosbancarios.org.br\/site2022\/2017\/09\/19\/informe-1702017-mp-da-reforma-trabalhista-emperrou\/"},"author":{"name":"Sindicato dos Banc\u00e1rios S\u00e3o Bento do Sul e Regi\u00e3o","@id":"https:\/\/sindicatodosbancarios.org.br\/site2022\/#\/schema\/person\/a7d92da77d1084df4d28b57962f1e1bd"},"headline":"INFORME 170\/2017 &#8211; MP DA REFORMA TRABALHISTA EMPERROU","datePublished":"2017-09-19T19:57:49+00:00","dateModified":"2017-09-19T19:57:49+00:00","mainEntityOfPage":{"@id":"https:\/\/sindicatodosbancarios.org.br\/site2022\/2017\/09\/19\/informe-1702017-mp-da-reforma-trabalhista-emperrou\/"},"wordCount":471,"commentCount":0,"publisher":{"@id":"https:\/\/sindicatodosbancarios.org.br\/site2022\/#organization"},"articleSection":["Geral"],"inLanguage":"pt-BR","potentialAction":[{"@type":"CommentAction","name":"Comment","target":["https:\/\/sindicatodosbancarios.org.br\/site2022\/2017\/09\/19\/informe-1702017-mp-da-reforma-trabalhista-emperrou\/#respond"]}]},{"@type":"WebPage","@id":"https:\/\/sindicatodosbancarios.org.br\/site2022\/2017\/09\/19\/informe-1702017-mp-da-reforma-trabalhista-emperrou\/","url":"https:\/\/sindicatodosbancarios.org.br\/site2022\/2017\/09\/19\/informe-1702017-mp-da-reforma-trabalhista-emperrou\/","name":"INFORME 170\/2017 - MP DA REFORMA TRABALHISTA EMPERROU - Sindicato dos Banc\u00e1rios de S\u00e3o Bento do Sul e Regi\u00e3o","isPartOf":{"@id":"https:\/\/sindicatodosbancarios.org.br\/site2022\/#website"},"datePublished":"2017-09-19T19:57:49+00:00","dateModified":"2017-09-19T19:57:49+00:00","breadcrumb":{"@id":"https:\/\/sindicatodosbancarios.org.br\/site2022\/2017\/09\/19\/informe-1702017-mp-da-reforma-trabalhista-emperrou\/#breadcrumb"},"inLanguage":"pt-BR","potentialAction":[{"@type":"ReadAction","target":["https:\/\/sindicatodosbancarios.org.br\/site2022\/2017\/09\/19\/informe-1702017-mp-da-reforma-trabalhista-emperrou\/"]}]},{"@type":"BreadcrumbList","@id":"https:\/\/sindicatodosbancarios.org.br\/site2022\/2017\/09\/19\/informe-1702017-mp-da-reforma-trabalhista-emperrou\/#breadcrumb","itemListElement":[{"@type":"ListItem","position":1,"name":"In\u00edcio","item":"https:\/\/sindicatodosbancarios.org.br\/site2022\/"},{"@type":"ListItem","position":2,"name":"INFORME 170\/2017 &#8211; MP DA REFORMA TRABALHISTA EMPERROU"}]},{"@type":"WebSite","@id":"https:\/\/sindicatodosbancarios.org.br\/site2022\/#website","url":"https:\/\/sindicatodosbancarios.org.br\/site2022\/","name":"Sindicato dos Banc\u00e1rios de S\u00e3o Bento do Sul e Regi\u00e3o","description":"Website institucional do Sindicato dos Banc\u00e1rios de S\u00e3o Bento do Sul e Regi\u00e3o","publisher":{"@id":"https:\/\/sindicatodosbancarios.org.br\/site2022\/#organization"},"potentialAction":[{"@type":"SearchAction","target":{"@type":"EntryPoint","urlTemplate":"https:\/\/sindicatodosbancarios.org.br\/site2022\/?s={search_term_string}"},"query-input":"required name=search_term_string"}],"inLanguage":"pt-BR"},{"@type":"Organization","@id":"https:\/\/sindicatodosbancarios.org.br\/site2022\/#organization","name":"Sindicato dos Banc\u00e1rios de S\u00e3o Bento do Sul e Regi\u00e3o","url":"https:\/\/sindicatodosbancarios.org.br\/site2022\/","logo":{"@type":"ImageObject","inLanguage":"pt-BR","@id":"https:\/\/sindicatodosbancarios.org.br\/site2022\/#\/schema\/logo\/image\/","url":"https:\/\/sindicatodosbancarios.org.br\/site2022\/wp-content\/uploads\/2017\/06\/cropped-logo-2.png","contentUrl":"https:\/\/sindicatodosbancarios.org.br\/site2022\/wp-content\/uploads\/2017\/06\/cropped-logo-2.png","width":292,"height":292,"caption":"Sindicato dos Banc\u00e1rios de S\u00e3o Bento do Sul e Regi\u00e3o"},"image":{"@id":"https:\/\/sindicatodosbancarios.org.br\/site2022\/#\/schema\/logo\/image\/"}},{"@type":"Person","@id":"https:\/\/sindicatodosbancarios.org.br\/site2022\/#\/schema\/person\/a7d92da77d1084df4d28b57962f1e1bd","name":"Sindicato dos Banc\u00e1rios S\u00e3o Bento do Sul e Regi\u00e3o","image":{"@type":"ImageObject","inLanguage":"pt-BR","@id":"https:\/\/sindicatodosbancarios.org.br\/site2022\/#\/schema\/person\/image\/","url":"https:\/\/secure.gravatar.com\/avatar\/f1d1a06f698f2345352e539387180d42?s=96&d=mm&r=g","contentUrl":"https:\/\/secure.gravatar.com\/avatar\/f1d1a06f698f2345352e539387180d42?s=96&d=mm&r=g","caption":"Sindicato dos Banc\u00e1rios S\u00e3o Bento do Sul e Regi\u00e3o"},"sameAs":["http:\/\/sindicatodosbancarios.org.br\/site2022\/","https:\/\/www.facebook.com\/seeb.sbs.9"],"url":"https:\/\/sindicatodosbancarios.org.br\/site2022\/author\/sindicatodosbancarios\/"}]}},"jetpack_featured_media_url":"https:\/\/sindicatodosbancarios.org.br\/site2022\/wp-content\/uploads\/2017\/08\/45.jpg","jetpack_sharing_enabled":true,"jetpack_shortlink":"https:\/\/wp.me\/p8RSbI-rD","jetpack-related-posts":[{"id":5671,"url":"https:\/\/sindicatodosbancarios.org.br\/site2022\/2021\/09\/02\/informe-bancario-209-2021-reforma-trabalhista-rejeitada-veja-pontos-positivos-e-negativos\/","url_meta":{"origin":1713,"position":0},"title":"INFORME BANC\u00c1RIO \u2013 209\/2021 Reforma trabalhista rejeitada: veja pontos positivos e negativos","date":"2 de setembro de 2021","format":false,"excerpt":"O Senado rejeitou na noite desta quarta-feira (01), medida provis\u00f3ria que mudava uma s\u00e9rie de regras para os trabalhadores. A proposta havia sido aprovada pela C\u00e2mara dos Deputados, mas foi rejeitada pelo Senado, em uma derrota ao governo. Oposi\u00e7\u00e3o e sindicatos fizeram cr\u00edticas \u00e0s mudan\u00e7as que a MP trazia, dizendo\u2026","rel":"","context":"Em &quot;Geral&quot;","img":{"alt_text":"","src":"https:\/\/i0.wp.com\/sindicatodosbancarios.org.br\/site2022\/wp-content\/uploads\/2021\/09\/unnamed.jpg?resize=350%2C200&ssl=1","width":350,"height":200},"classes":[]},{"id":6230,"url":"https:\/\/sindicatodosbancarios.org.br\/site2022\/2022\/04\/01\/informe-bancario-32-2022-mp-do-governo-sobre-home-office-deixa-trabalhador-na-mao-do-patrao\/","url_meta":{"origin":1713,"position":1},"title":"INFORME BANC\u00c1RIO \u2013 32\/2022 MP DO GOVERNO SOBRE HOME OFFICE DEIXA TRABALHADOR \u2018NA M\u00c3O\u2019 DO PATR\u00c3O","date":"1 de abril de 2022","format":false,"excerpt":"Sem participa\u00e7\u00e3o dos sindicatos, empregados ter\u00e3o que \u201cnegociar\u201d em posi\u00e7\u00e3o de fragilidade com os empregadores os crit\u00e9rios das novas modalidades de trabalho remoto, alerta o Dieese. MP tamb\u00e9m autoriza a utiliza\u00e7\u00e3o de ferramentas eletr\u00f4nicas de comunica\u00e7\u00e3o, como o celular e o WhastApp, fora da jornada de trabalho O governo Bolsonaro\u2026","rel":"","context":"Em &quot;Geral&quot;","img":{"alt_text":"","src":"https:\/\/i0.wp.com\/sindicatodosbancarios.org.br\/site2022\/wp-content\/uploads\/2022\/04\/3465220936242eae3613ec.jpg?resize=350%2C200&ssl=1","width":350,"height":200},"classes":[]},{"id":5873,"url":"https:\/\/sindicatodosbancarios.org.br\/site2022\/2022\/01\/28\/informe-bancario-06-2022-por-que-espanha-quer-rever-reforma-trabalhista-o-mesmo-que-lula-disse-querer-fazer-no-brasil\/","url_meta":{"origin":1713,"position":2},"title":"INFORME BANC\u00c1RIO \u2013 06\/2022 Por que Espanha quer rever reforma trabalhista, o mesmo que Lula disse querer fazer no Brasil","date":"28 de janeiro de 2022","format":false,"excerpt":"Menos de cinco anos depois de ser aprovada no Congresso e implementada no Brasil, a reforma trabalhista do governo de Michel Temer (2016-2018) voltou a ser pauta na agenda pol\u00edtica brasileira, ap\u00f3s manifesta\u00e7\u00f5es do ex-presidente Luiz In\u00e1cio Lula da Silva (PT). Lula, que \u00e9 tido como pr\u00e9-candidato ao Planalto nas\u2026","rel":"","context":"Em &quot;Geral&quot;","img":{"alt_text":"","src":"https:\/\/i0.wp.com\/sindicatodosbancarios.org.br\/site2022\/wp-content\/uploads\/2022\/01\/lula-848x477.jpeg?resize=350%2C200&ssl=1","width":350,"height":200},"classes":[]},{"id":5728,"url":"https:\/\/sindicatodosbancarios.org.br\/site2022\/2021\/10\/07\/informe-bancario-228-2021-4-anos-depois-reforma-trabalhista-nao-gerou-boom-de-empregos-prometido\/","url_meta":{"origin":1713,"position":3},"title":"INFORME BANC\u00c1RIO \u2013 228\/2021 4 anos depois, reforma trabalhista n\u00e3o gerou &#8216;boom&#8217; de empregos prometido","date":"7 de outubro de 2021","format":false,"excerpt":"Quase quatro anos \u2014e uma pandemia\u2014 depois de a reforma trabalhista do governo Michel Temer entrar em vigor, o \"boom\" de empregos prometido n\u00e3o se concretizou. Na \u00e9poca, o governo chegou a falar em dois milh\u00f5es de vagas em dois anos, e seis milh\u00f5es em dez anos. Dados do IBGE\u2026","rel":"","context":"Em &quot;Geral&quot;","img":{"alt_text":"","src":"https:\/\/i0.wp.com\/sindicatodosbancarios.org.br\/site2022\/wp-content\/uploads\/2021\/10\/reforma-e1543516064120.jpg?resize=350%2C200&ssl=1","width":350,"height":200},"classes":[]},{"id":6247,"url":"https:\/\/sindicatodosbancarios.org.br\/site2022\/2022\/04\/06\/informe-bancario-34-2022-comecam-a-valer-novas-regras-que-permitem-trabalho-hibrido-e-por-producao\/","url_meta":{"origin":1713,"position":4},"title":"INFORME BANC\u00c1RIO \u2013 34\/2022 Come\u00e7am a valer novas regras que permitem trabalho h\u00edbrido e por produ\u00e7\u00e3o","date":"6 de abril de 2022","format":false,"excerpt":"O governo publicou nesta segunda-feira (28) o texto da MP (Medida Provis\u00f3ria) que traz uma s\u00e9rie de mudan\u00e7as para os trabalhadores. Dentre elas, permiss\u00e3o para trabalho h\u00edbrido (presencial e remoto) e cria\u00e7\u00e3o do contrato de trabalho por produ\u00e7\u00e3o ou tarefa, sem controle da jornada de trabalho. H\u00e1 ainda a\u00e7\u00f5es que\u2026","rel":"","context":"Em &quot;Geral&quot;","img":{"alt_text":"","src":"https:\/\/i0.wp.com\/sindicatodosbancarios.org.br\/site2022\/wp-content\/uploads\/2022\/04\/shutterstock_2044486847-scaled.jpg?resize=350%2C200&ssl=1","width":350,"height":200},"classes":[]},{"id":4831,"url":"https:\/\/sindicatodosbancarios.org.br\/site2022\/2020\/12\/02\/informe-bancario-448-2020-salario-minimo-esta-baixo-mas-nao-tem-como-aumentar-diz-bolsonaro\/","url_meta":{"origin":1713,"position":5},"title":"INFORME BANC\u00c1RIO \u2013 448\/2020 Sal\u00e1rio m\u00ednimo est\u00e1 baixo, mas n\u00e3o tem como aumentar, diz Bolsonaro","date":"2 de dezembro de 2020","format":false,"excerpt":"O presidente Jair Bolsonaro (sem partido) admitiu hoje que o valor do sal\u00e1rio m\u00ednimo, atualmente em R$ 1.045, \u00e9 baixo, mas disse n\u00e3o ser poss\u00edvel aument\u00e1-lo, uma vez que o reajuste afetaria diretamente os gastos do governo com a Previd\u00eancia Social. Ele tamb\u00e9m fez elogios \u00e0 reforma trabalhista, aprovada durante\u2026","rel":"","context":"Em &quot;Geral&quot;","img":{"alt_text":"","src":"https:\/\/i0.wp.com\/sindicatodosbancarios.org.br\/site2022\/wp-content\/uploads\/2020\/12\/n_41743_e36b6238285a5331a3dee7634f8890d1.jpg?resize=350%2C200&ssl=1","width":350,"height":200},"classes":[]}],"_links":{"self":[{"href":"https:\/\/sindicatodosbancarios.org.br\/site2022\/wp-json\/wp\/v2\/posts\/1713"}],"collection":[{"href":"https:\/\/sindicatodosbancarios.org.br\/site2022\/wp-json\/wp\/v2\/posts"}],"about":[{"href":"https:\/\/sindicatodosbancarios.org.br\/site2022\/wp-json\/wp\/v2\/types\/post"}],"author":[{"embeddable":true,"href":"https:\/\/sindicatodosbancarios.org.br\/site2022\/wp-json\/wp\/v2\/users\/2"}],"replies":[{"embeddable":true,"href":"https:\/\/sindicatodosbancarios.org.br\/site2022\/wp-json\/wp\/v2\/comments?post=1713"}],"version-history":[{"count":1,"href":"https:\/\/sindicatodosbancarios.org.br\/site2022\/wp-json\/wp\/v2\/posts\/1713\/revisions"}],"predecessor-version":[{"id":1715,"href":"https:\/\/sindicatodosbancarios.org.br\/site2022\/wp-json\/wp\/v2\/posts\/1713\/revisions\/1715"}],"wp:featuredmedia":[{"embeddable":true,"href":"https:\/\/sindicatodosbancarios.org.br\/site2022\/wp-json\/wp\/v2\/media\/1650"}],"wp:attachment":[{"href":"https:\/\/sindicatodosbancarios.org.br\/site2022\/wp-json\/wp\/v2\/media?parent=1713"}],"wp:term":[{"taxonomy":"category","embeddable":true,"href":"https:\/\/sindicatodosbancarios.org.br\/site2022\/wp-json\/wp\/v2\/categories?post=1713"},{"taxonomy":"post_tag","embeddable":true,"href":"https:\/\/sindicatodosbancarios.org.br\/site2022\/wp-json\/wp\/v2\/tags?post=1713"}],"curies":[{"name":"wp","href":"https:\/\/api.w.org\/{rel}","templated":true}]}}