{"id":1718,"date":"2017-09-20T13:45:46","date_gmt":"2017-09-20T16:45:46","guid":{"rendered":"http:\/\/sindicatodosbancarios.org.br\/?p=1718"},"modified":"2017-09-20T15:50:05","modified_gmt":"2017-09-20T18:50:05","slug":"bancario-faz-homenagem-ao-dia-do-gaucho","status":"publish","type":"post","link":"https:\/\/sindicatodosbancarios.org.br\/site2022\/2017\/09\/20\/bancario-faz-homenagem-ao-dia-do-gaucho\/","title":{"rendered":"BANC\u00c1RIO FAZ HOMENAGEM AO DIA DO GA\u00daCHO"},"content":{"rendered":"<p><img data-attachment-id=\"1719\" data-permalink=\"https:\/\/sindicatodosbancarios.org.br\/site2022\/2017\/09\/20\/bancario-faz-homenagem-ao-dia-do-gaucho\/whatsapp-image-2017-09-20-at-13-01-46\/\" data-orig-file=\"https:\/\/sindicatodosbancarios.org.br\/site2022\/wp-content\/uploads\/2017\/09\/WhatsApp-Image-2017-09-20-at-13.01.46-e1505925775524.jpeg\" data-orig-size=\"331,848\" data-comments-opened=\"1\" data-image-meta=\"{&quot;aperture&quot;:&quot;0&quot;,&quot;credit&quot;:&quot;&quot;,&quot;camera&quot;:&quot;&quot;,&quot;caption&quot;:&quot;&quot;,&quot;created_timestamp&quot;:&quot;0&quot;,&quot;copyright&quot;:&quot;&quot;,&quot;focal_length&quot;:&quot;0&quot;,&quot;iso&quot;:&quot;0&quot;,&quot;shutter_speed&quot;:&quot;0&quot;,&quot;title&quot;:&quot;&quot;,&quot;orientation&quot;:&quot;0&quot;}\" data-image-title=\"WhatsApp Image 2017-09-20 at 13.01.46\" data-image-description=\"\" data-image-caption=\"\" data-medium-file=\"https:\/\/sindicatodosbancarios.org.br\/site2022\/wp-content\/uploads\/2017\/09\/WhatsApp-Image-2017-09-20-at-13.01.46-e1505925775524-300x300.jpeg\" data-large-file=\"https:\/\/sindicatodosbancarios.org.br\/site2022\/wp-content\/uploads\/2017\/09\/WhatsApp-Image-2017-09-20-at-13.01.46-e1505925775524.jpeg\" loading=\"lazy\" class=\"wp-image-1719 alignright\" src=\"http:\/\/sindicatodosbancarios.org.br\/wp-content\/uploads\/2017\/09\/WhatsApp-Image-2017-09-20-at-13.01.46-e1505925775524.jpeg\" alt=\"\" width=\"175\" height=\"449\" srcset=\"https:\/\/sindicatodosbancarios.org.br\/site2022\/wp-content\/uploads\/2017\/09\/WhatsApp-Image-2017-09-20-at-13.01.46-e1505925775524.jpeg 331w, https:\/\/sindicatodosbancarios.org.br\/site2022\/wp-content\/uploads\/2017\/09\/WhatsApp-Image-2017-09-20-at-13.01.46-e1505925775524-88x225.jpeg 88w\" sizes=\"(max-width: 175px) 100vw, 175px\" \/>O banc\u00e1rio Andr\u00e9, funcion\u00e1rio da ag\u00eancia do Banrisul da nossa querida S\u00e3o Bento do Sul, faz nesse dia 20 de setembro homenagem ao Dia do Ga\u00facho.<\/p>\n<p>Paramentado com traje t\u00edpico de ga\u00facho realizando o atendimento aos clientes com sua reconhecida simpatia, simplicidade e profissionalismo. Dessa forma faz \u00e0 singela homenagem nesse dia de extrema import\u00e2ncia a cultura do Estado do Rio Grande do Sul e a todos os ga\u00fachos espalhados nesse grandioso Brasil.<\/p>\n<p>&nbsp;<\/p>\n<p>O Dia do Ga\u00facho \u00e9 o \u00e1pice das comemora\u00e7\u00f5es da Revolu\u00e7\u00e3o Farroupilha, per\u00edodo em que a Prov\u00edncia de S\u00e3o Pedro, atual estado do Rio Grande do Sul, declarou guerra contra o imp\u00e9rio por causa dos altos impostos cobrados pelo charque. Todo dia 20 de setembro \u00e9 feriado no estado e dia dos ga\u00fachos resgatarem a tradi\u00e7\u00e3o.<\/p>\n","protected":false},"excerpt":{"rendered":"<p>O banc\u00e1rio Andr\u00e9, funcion\u00e1rio da ag\u00eancia do Banrisul da nossa querida S\u00e3o Bento do Sul, faz nesse dia [&hellip;]<\/p>\n","protected":false},"author":2,"featured_media":1720,"comment_status":"open","ping_status":"open","sticky":false,"template":"","format":"standard","meta":{"jetpack_post_was_ever_published":false,"jetpack_publicize_message":"","jetpack_is_tweetstorm":false,"jetpack_publicize_feature_enabled":true,"jetpack_social_post_already_shared":true,"jetpack_social_options":[]},"categories":[1],"tags":[],"jetpack_publicize_connections":[],"acf":[],"yoast_head":"<!-- This site is optimized with the Yoast SEO plugin v19.14 - https:\/\/yoast.com\/wordpress\/plugins\/seo\/ -->\n<title>BANC\u00c1RIO FAZ HOMENAGEM AO DIA DO GA\u00daCHO - Sindicato dos Banc\u00e1rios de S\u00e3o Bento do Sul e Regi\u00e3o<\/title>\n<meta name=\"robots\" content=\"index, follow, max-snippet:-1, max-image-preview:large, max-video-preview:-1\" \/>\n<link rel=\"canonical\" href=\"https:\/\/sindicatodosbancarios.org.br\/site2022\/2017\/09\/20\/bancario-faz-homenagem-ao-dia-do-gaucho\/\" \/>\n<meta property=\"og:locale\" content=\"pt_BR\" \/>\n<meta property=\"og:type\" content=\"article\" \/>\n<meta property=\"og:title\" content=\"BANC\u00c1RIO FAZ HOMENAGEM AO DIA DO GA\u00daCHO - Sindicato dos Banc\u00e1rios de S\u00e3o Bento do Sul e Regi\u00e3o\" \/>\n<meta property=\"og:description\" content=\"O banc\u00e1rio Andr\u00e9, funcion\u00e1rio da ag\u00eancia do Banrisul da nossa querida S\u00e3o Bento do Sul, faz nesse dia [&hellip;]\" \/>\n<meta property=\"og:url\" content=\"https:\/\/sindicatodosbancarios.org.br\/site2022\/2017\/09\/20\/bancario-faz-homenagem-ao-dia-do-gaucho\/\" \/>\n<meta property=\"og:site_name\" content=\"Sindicato dos Banc\u00e1rios de S\u00e3o Bento do Sul e Regi\u00e3o\" \/>\n<meta property=\"article:author\" content=\"https:\/\/www.facebook.com\/seeb.sbs.9\" \/>\n<meta property=\"article:published_time\" content=\"2017-09-20T16:45:46+00:00\" \/>\n<meta property=\"article:modified_time\" content=\"2017-09-20T18:50:05+00:00\" \/>\n<meta property=\"og:image\" content=\"https:\/\/sindicatodosbancarios.org.br\/site2022\/wp-content\/uploads\/2017\/09\/001.jpg\" \/>\n\t<meta property=\"og:image:width\" content=\"424\" \/>\n\t<meta property=\"og:image:height\" content=\"508\" \/>\n\t<meta property=\"og:image:type\" content=\"image\/jpeg\" \/>\n<meta name=\"author\" content=\"Sindicato dos Banc\u00e1rios S\u00e3o Bento do Sul e Regi\u00e3o\" \/>\n<meta name=\"twitter:card\" content=\"summary_large_image\" \/>\n<meta name=\"twitter:label1\" content=\"Escrito por\" \/>\n\t<meta name=\"twitter:data1\" content=\"Sindicato dos Banc\u00e1rios S\u00e3o Bento do Sul e Regi\u00e3o\" \/>\n\t<meta name=\"twitter:label2\" content=\"Est. tempo de leitura\" \/>\n\t<meta name=\"twitter:data2\" content=\"1 minuto\" \/>\n<script type=\"application\/ld+json\" class=\"yoast-schema-graph\">{\"@context\":\"https:\/\/schema.org\",\"@graph\":[{\"@type\":\"Article\",\"@id\":\"https:\/\/sindicatodosbancarios.org.br\/site2022\/2017\/09\/20\/bancario-faz-homenagem-ao-dia-do-gaucho\/#article\",\"isPartOf\":{\"@id\":\"https:\/\/sindicatodosbancarios.org.br\/site2022\/2017\/09\/20\/bancario-faz-homenagem-ao-dia-do-gaucho\/\"},\"author\":{\"name\":\"Sindicato dos Banc\u00e1rios S\u00e3o Bento do Sul e Regi\u00e3o\",\"@id\":\"https:\/\/sindicatodosbancarios.org.br\/site2022\/#\/schema\/person\/a7d92da77d1084df4d28b57962f1e1bd\"},\"headline\":\"BANC\u00c1RIO FAZ HOMENAGEM AO DIA DO GA\u00daCHO\",\"datePublished\":\"2017-09-20T16:45:46+00:00\",\"dateModified\":\"2017-09-20T18:50:05+00:00\",\"mainEntityOfPage\":{\"@id\":\"https:\/\/sindicatodosbancarios.org.br\/site2022\/2017\/09\/20\/bancario-faz-homenagem-ao-dia-do-gaucho\/\"},\"wordCount\":152,\"commentCount\":0,\"publisher\":{\"@id\":\"https:\/\/sindicatodosbancarios.org.br\/site2022\/#organization\"},\"articleSection\":[\"Geral\"],\"inLanguage\":\"pt-BR\",\"potentialAction\":[{\"@type\":\"CommentAction\",\"name\":\"Comment\",\"target\":[\"https:\/\/sindicatodosbancarios.org.br\/site2022\/2017\/09\/20\/bancario-faz-homenagem-ao-dia-do-gaucho\/#respond\"]}]},{\"@type\":\"WebPage\",\"@id\":\"https:\/\/sindicatodosbancarios.org.br\/site2022\/2017\/09\/20\/bancario-faz-homenagem-ao-dia-do-gaucho\/\",\"url\":\"https:\/\/sindicatodosbancarios.org.br\/site2022\/2017\/09\/20\/bancario-faz-homenagem-ao-dia-do-gaucho\/\",\"name\":\"BANC\u00c1RIO FAZ HOMENAGEM AO DIA DO GA\u00daCHO - Sindicato dos Banc\u00e1rios de S\u00e3o Bento do Sul e Regi\u00e3o\",\"isPartOf\":{\"@id\":\"https:\/\/sindicatodosbancarios.org.br\/site2022\/#website\"},\"datePublished\":\"2017-09-20T16:45:46+00:00\",\"dateModified\":\"2017-09-20T18:50:05+00:00\",\"breadcrumb\":{\"@id\":\"https:\/\/sindicatodosbancarios.org.br\/site2022\/2017\/09\/20\/bancario-faz-homenagem-ao-dia-do-gaucho\/#breadcrumb\"},\"inLanguage\":\"pt-BR\",\"potentialAction\":[{\"@type\":\"ReadAction\",\"target\":[\"https:\/\/sindicatodosbancarios.org.br\/site2022\/2017\/09\/20\/bancario-faz-homenagem-ao-dia-do-gaucho\/\"]}]},{\"@type\":\"BreadcrumbList\",\"@id\":\"https:\/\/sindicatodosbancarios.org.br\/site2022\/2017\/09\/20\/bancario-faz-homenagem-ao-dia-do-gaucho\/#breadcrumb\",\"itemListElement\":[{\"@type\":\"ListItem\",\"position\":1,\"name\":\"In\u00edcio\",\"item\":\"https:\/\/sindicatodosbancarios.org.br\/site2022\/\"},{\"@type\":\"ListItem\",\"position\":2,\"name\":\"BANC\u00c1RIO FAZ HOMENAGEM AO DIA DO GA\u00daCHO\"}]},{\"@type\":\"WebSite\",\"@id\":\"https:\/\/sindicatodosbancarios.org.br\/site2022\/#website\",\"url\":\"https:\/\/sindicatodosbancarios.org.br\/site2022\/\",\"name\":\"Sindicato dos Banc\u00e1rios de S\u00e3o Bento do Sul e Regi\u00e3o\",\"description\":\"Website institucional do Sindicato dos Banc\u00e1rios de S\u00e3o Bento do Sul e Regi\u00e3o\",\"publisher\":{\"@id\":\"https:\/\/sindicatodosbancarios.org.br\/site2022\/#organization\"},\"potentialAction\":[{\"@type\":\"SearchAction\",\"target\":{\"@type\":\"EntryPoint\",\"urlTemplate\":\"https:\/\/sindicatodosbancarios.org.br\/site2022\/?s={search_term_string}\"},\"query-input\":\"required name=search_term_string\"}],\"inLanguage\":\"pt-BR\"},{\"@type\":\"Organization\",\"@id\":\"https:\/\/sindicatodosbancarios.org.br\/site2022\/#organization\",\"name\":\"Sindicato dos Banc\u00e1rios de S\u00e3o Bento do Sul e Regi\u00e3o\",\"url\":\"https:\/\/sindicatodosbancarios.org.br\/site2022\/\",\"logo\":{\"@type\":\"ImageObject\",\"inLanguage\":\"pt-BR\",\"@id\":\"https:\/\/sindicatodosbancarios.org.br\/site2022\/#\/schema\/logo\/image\/\",\"url\":\"https:\/\/sindicatodosbancarios.org.br\/site2022\/wp-content\/uploads\/2017\/06\/cropped-logo-2.png\",\"contentUrl\":\"https:\/\/sindicatodosbancarios.org.br\/site2022\/wp-content\/uploads\/2017\/06\/cropped-logo-2.png\",\"width\":292,\"height\":292,\"caption\":\"Sindicato dos Banc\u00e1rios de S\u00e3o Bento do Sul e Regi\u00e3o\"},\"image\":{\"@id\":\"https:\/\/sindicatodosbancarios.org.br\/site2022\/#\/schema\/logo\/image\/\"}},{\"@type\":\"Person\",\"@id\":\"https:\/\/sindicatodosbancarios.org.br\/site2022\/#\/schema\/person\/a7d92da77d1084df4d28b57962f1e1bd\",\"name\":\"Sindicato dos Banc\u00e1rios S\u00e3o Bento do Sul e Regi\u00e3o\",\"image\":{\"@type\":\"ImageObject\",\"inLanguage\":\"pt-BR\",\"@id\":\"https:\/\/sindicatodosbancarios.org.br\/site2022\/#\/schema\/person\/image\/\",\"url\":\"https:\/\/secure.gravatar.com\/avatar\/f1d1a06f698f2345352e539387180d42?s=96&d=mm&r=g\",\"contentUrl\":\"https:\/\/secure.gravatar.com\/avatar\/f1d1a06f698f2345352e539387180d42?s=96&d=mm&r=g\",\"caption\":\"Sindicato dos Banc\u00e1rios S\u00e3o Bento do Sul e Regi\u00e3o\"},\"sameAs\":[\"http:\/\/sindicatodosbancarios.org.br\/site2022\/\",\"https:\/\/www.facebook.com\/seeb.sbs.9\"],\"url\":\"https:\/\/sindicatodosbancarios.org.br\/site2022\/author\/sindicatodosbancarios\/\"}]}<\/script>\n<!-- \/ Yoast SEO plugin. -->","yoast_head_json":{"title":"BANC\u00c1RIO FAZ HOMENAGEM AO DIA DO GA\u00daCHO - Sindicato dos Banc\u00e1rios de S\u00e3o Bento do Sul e Regi\u00e3o","robots":{"index":"index","follow":"follow","max-snippet":"max-snippet:-1","max-image-preview":"max-image-preview:large","max-video-preview":"max-video-preview:-1"},"canonical":"https:\/\/sindicatodosbancarios.org.br\/site2022\/2017\/09\/20\/bancario-faz-homenagem-ao-dia-do-gaucho\/","og_locale":"pt_BR","og_type":"article","og_title":"BANC\u00c1RIO FAZ HOMENAGEM AO DIA DO GA\u00daCHO - Sindicato dos Banc\u00e1rios de S\u00e3o Bento do Sul e Regi\u00e3o","og_description":"O banc\u00e1rio Andr\u00e9, funcion\u00e1rio da ag\u00eancia do Banrisul da nossa querida S\u00e3o Bento do Sul, faz nesse dia [&hellip;]","og_url":"https:\/\/sindicatodosbancarios.org.br\/site2022\/2017\/09\/20\/bancario-faz-homenagem-ao-dia-do-gaucho\/","og_site_name":"Sindicato dos Banc\u00e1rios de S\u00e3o Bento do Sul e Regi\u00e3o","article_author":"https:\/\/www.facebook.com\/seeb.sbs.9","article_published_time":"2017-09-20T16:45:46+00:00","article_modified_time":"2017-09-20T18:50:05+00:00","og_image":[{"width":424,"height":508,"url":"https:\/\/sindicatodosbancarios.org.br\/site2022\/wp-content\/uploads\/2017\/09\/001.jpg","type":"image\/jpeg"}],"author":"Sindicato dos Banc\u00e1rios S\u00e3o Bento do Sul e Regi\u00e3o","twitter_card":"summary_large_image","twitter_misc":{"Escrito por":"Sindicato dos Banc\u00e1rios S\u00e3o Bento do Sul e Regi\u00e3o","Est. tempo de leitura":"1 minuto"},"schema":{"@context":"https:\/\/schema.org","@graph":[{"@type":"Article","@id":"https:\/\/sindicatodosbancarios.org.br\/site2022\/2017\/09\/20\/bancario-faz-homenagem-ao-dia-do-gaucho\/#article","isPartOf":{"@id":"https:\/\/sindicatodosbancarios.org.br\/site2022\/2017\/09\/20\/bancario-faz-homenagem-ao-dia-do-gaucho\/"},"author":{"name":"Sindicato dos Banc\u00e1rios S\u00e3o Bento do Sul e Regi\u00e3o","@id":"https:\/\/sindicatodosbancarios.org.br\/site2022\/#\/schema\/person\/a7d92da77d1084df4d28b57962f1e1bd"},"headline":"BANC\u00c1RIO FAZ HOMENAGEM AO DIA DO GA\u00daCHO","datePublished":"2017-09-20T16:45:46+00:00","dateModified":"2017-09-20T18:50:05+00:00","mainEntityOfPage":{"@id":"https:\/\/sindicatodosbancarios.org.br\/site2022\/2017\/09\/20\/bancario-faz-homenagem-ao-dia-do-gaucho\/"},"wordCount":152,"commentCount":0,"publisher":{"@id":"https:\/\/sindicatodosbancarios.org.br\/site2022\/#organization"},"articleSection":["Geral"],"inLanguage":"pt-BR","potentialAction":[{"@type":"CommentAction","name":"Comment","target":["https:\/\/sindicatodosbancarios.org.br\/site2022\/2017\/09\/20\/bancario-faz-homenagem-ao-dia-do-gaucho\/#respond"]}]},{"@type":"WebPage","@id":"https:\/\/sindicatodosbancarios.org.br\/site2022\/2017\/09\/20\/bancario-faz-homenagem-ao-dia-do-gaucho\/","url":"https:\/\/sindicatodosbancarios.org.br\/site2022\/2017\/09\/20\/bancario-faz-homenagem-ao-dia-do-gaucho\/","name":"BANC\u00c1RIO FAZ HOMENAGEM AO DIA DO GA\u00daCHO - Sindicato dos Banc\u00e1rios de S\u00e3o Bento do Sul e Regi\u00e3o","isPartOf":{"@id":"https:\/\/sindicatodosbancarios.org.br\/site2022\/#website"},"datePublished":"2017-09-20T16:45:46+00:00","dateModified":"2017-09-20T18:50:05+00:00","breadcrumb":{"@id":"https:\/\/sindicatodosbancarios.org.br\/site2022\/2017\/09\/20\/bancario-faz-homenagem-ao-dia-do-gaucho\/#breadcrumb"},"inLanguage":"pt-BR","potentialAction":[{"@type":"ReadAction","target":["https:\/\/sindicatodosbancarios.org.br\/site2022\/2017\/09\/20\/bancario-faz-homenagem-ao-dia-do-gaucho\/"]}]},{"@type":"BreadcrumbList","@id":"https:\/\/sindicatodosbancarios.org.br\/site2022\/2017\/09\/20\/bancario-faz-homenagem-ao-dia-do-gaucho\/#breadcrumb","itemListElement":[{"@type":"ListItem","position":1,"name":"In\u00edcio","item":"https:\/\/sindicatodosbancarios.org.br\/site2022\/"},{"@type":"ListItem","position":2,"name":"BANC\u00c1RIO FAZ HOMENAGEM AO DIA DO GA\u00daCHO"}]},{"@type":"WebSite","@id":"https:\/\/sindicatodosbancarios.org.br\/site2022\/#website","url":"https:\/\/sindicatodosbancarios.org.br\/site2022\/","name":"Sindicato dos Banc\u00e1rios de S\u00e3o Bento do Sul e Regi\u00e3o","description":"Website institucional do Sindicato dos Banc\u00e1rios de S\u00e3o Bento do Sul e Regi\u00e3o","publisher":{"@id":"https:\/\/sindicatodosbancarios.org.br\/site2022\/#organization"},"potentialAction":[{"@type":"SearchAction","target":{"@type":"EntryPoint","urlTemplate":"https:\/\/sindicatodosbancarios.org.br\/site2022\/?s={search_term_string}"},"query-input":"required name=search_term_string"}],"inLanguage":"pt-BR"},{"@type":"Organization","@id":"https:\/\/sindicatodosbancarios.org.br\/site2022\/#organization","name":"Sindicato dos Banc\u00e1rios de S\u00e3o Bento do Sul e Regi\u00e3o","url":"https:\/\/sindicatodosbancarios.org.br\/site2022\/","logo":{"@type":"ImageObject","inLanguage":"pt-BR","@id":"https:\/\/sindicatodosbancarios.org.br\/site2022\/#\/schema\/logo\/image\/","url":"https:\/\/sindicatodosbancarios.org.br\/site2022\/wp-content\/uploads\/2017\/06\/cropped-logo-2.png","contentUrl":"https:\/\/sindicatodosbancarios.org.br\/site2022\/wp-content\/uploads\/2017\/06\/cropped-logo-2.png","width":292,"height":292,"caption":"Sindicato dos Banc\u00e1rios de S\u00e3o Bento do Sul e Regi\u00e3o"},"image":{"@id":"https:\/\/sindicatodosbancarios.org.br\/site2022\/#\/schema\/logo\/image\/"}},{"@type":"Person","@id":"https:\/\/sindicatodosbancarios.org.br\/site2022\/#\/schema\/person\/a7d92da77d1084df4d28b57962f1e1bd","name":"Sindicato dos Banc\u00e1rios S\u00e3o Bento do Sul e Regi\u00e3o","image":{"@type":"ImageObject","inLanguage":"pt-BR","@id":"https:\/\/sindicatodosbancarios.org.br\/site2022\/#\/schema\/person\/image\/","url":"https:\/\/secure.gravatar.com\/avatar\/f1d1a06f698f2345352e539387180d42?s=96&d=mm&r=g","contentUrl":"https:\/\/secure.gravatar.com\/avatar\/f1d1a06f698f2345352e539387180d42?s=96&d=mm&r=g","caption":"Sindicato dos Banc\u00e1rios S\u00e3o Bento do Sul e Regi\u00e3o"},"sameAs":["http:\/\/sindicatodosbancarios.org.br\/site2022\/","https:\/\/www.facebook.com\/seeb.sbs.9"],"url":"https:\/\/sindicatodosbancarios.org.br\/site2022\/author\/sindicatodosbancarios\/"}]}},"jetpack_featured_media_url":"https:\/\/sindicatodosbancarios.org.br\/site2022\/wp-content\/uploads\/2017\/09\/001.jpg","jetpack_sharing_enabled":true,"jetpack_shortlink":"https:\/\/wp.me\/p8RSbI-rI","jetpack-related-posts":[{"id":5971,"url":"https:\/\/sindicatodosbancarios.org.br\/site2022\/2022\/03\/29\/bancarios-homenageiam-adao-de-oliveira-inauguracao-quadras-esportivas-arbanc\/","url_meta":{"origin":1718,"position":0},"title":"BANC\u00c1RIOS HOMENAGEIAM AD\u00c3O DE OLIVEIRA &#8211; INAUGURA\u00c7\u00c3O QUADRAS ESPORTIVAS &#8211; ARBANC","date":"29 de mar\u00e7o de 2022","format":false,"excerpt":"No \u00faltimo dia 26 de mar\u00e7o, banc\u00e1rios da regi\u00e3o estiveram reunidos na sede da Associa\u00e7\u00e3o Recreativa dos Banc\u00e1rios \u201cJos\u00e9 Ilton Belli\u201d \u2013 ARBANC, localizada no Bairro Bras\u00edlia para uma confraterniza\u00e7\u00e3o e a inaugura\u00e7\u00e3o das quadras de futebol society e v\u00f4lei de areia. Na ocasi\u00e3o foi realizada a homenagem ao ex-banc\u00e1rio\u2026","rel":"","context":"Em &quot;Banco do Brasil&quot;","img":{"alt_text":"","src":"https:\/\/i0.wp.com\/sindicatodosbancarios.org.br\/site2022\/wp-content\/uploads\/2022\/03\/DSC_3974.jpg?resize=350%2C200&ssl=1","width":350,"height":200},"classes":[]},{"id":5698,"url":"https:\/\/sindicatodosbancarios.org.br\/site2022\/2021\/09\/10\/informe-bancario-218-2021-bradesco-pagara-plr-no-dia-20-09\/","url_meta":{"origin":1718,"position":1},"title":"INFORME BANC\u00c1RIO \u2013 218\/2021 Bradesco pagar\u00e1 PLR no dia 20\/09","date":"10 de setembro de 2021","format":false,"excerpt":"O Banco Bradesco informou que vai creditar os valores da PLR de seus funcion\u00e1rios no pr\u00f3ximo dia 20 (segunda-feira). Ainda nesse m\u00eas, a empresa tamb\u00e9m vai antecipar o pagamento da 13\u00aa cesta alimenta\u00e7\u00e3o, o que dever\u00e1 ser feito at\u00e9 o dia 30\/9. Fonte Contec, 10\/09\/2021","rel":"","context":"Em &quot;Bradesco\/HSBC&quot;","img":{"alt_text":"","src":"https:\/\/i0.wp.com\/sindicatodosbancarios.org.br\/site2022\/wp-content\/uploads\/2021\/04\/bradesco.jpg?resize=350%2C200&ssl=1","width":350,"height":200},"classes":[]},{"id":4515,"url":"https:\/\/sindicatodosbancarios.org.br\/site2022\/2020\/09\/17\/informe-bancario-355-2020-banco-do-brasil-vai-pagar-abono-de-r-2-00000-dia-20-domingo\/","url_meta":{"origin":1718,"position":2},"title":"INFORME BANC\u00c1RIO \u2013 355\/2020 BANCO DO BRASIL VAI PAGAR ABONO DE R$ 2.000,00 DIA 20 (DOMINGO)","date":"17 de setembro de 2020","format":false,"excerpt":"Em resposta ao Of\u00edcio encaminhado pela CONTEC (Confedera\u00e7\u00e3o Nacional dos Banc\u00e1rios), que solicitou o adiantamento do pagamento do abono de R$ 2.000,00 previsto no ACT (Acordo Coletivo de Trabalho) rec\u00e9m firmado, o Banco do Brasil informou que efetuar\u00e1 o pagamento deste valor dia 20 de setembro (domingo pr\u00f3ximo). O Banco\u2026","rel":"","context":"Em &quot;Banco do Brasil&quot;","img":{"alt_text":"","src":"https:\/\/i0.wp.com\/sindicatodosbancarios.org.br\/site2022\/wp-content\/uploads\/2020\/07\/concurso-banco-brasil-2020-edital-medio.jpg?resize=350%2C200&ssl=1","width":350,"height":200},"classes":[]},{"id":4467,"url":"https:\/\/sindicatodosbancarios.org.br\/site2022\/2020\/09\/10\/informe-bancario-338-2020-contec-solicita-ao-bb-pagamento-imediato-da-plr\/","url_meta":{"origin":1718,"position":3},"title":"INFORME BANC\u00c1RIO \u2013 338\/2020 CONTEC solicita ao BB pagamento imediato da PLR","date":"10 de setembro de 2020","format":false,"excerpt":"A CONTEC solicitou por of\u00edcio, no dia 8 de setembro, que o Banco do Brasil efetue de imediato o pagamento da PLR aos funcion\u00e1rios da institui\u00e7\u00e3o. A representa\u00e7\u00e3o dos banc\u00e1rios argumenta que \u201cconsiderando que o Banco j\u00e1 divulgou o resultado\u00a0do primeiro semestre de 2020 e j\u00e1 pagou os dividendos aos\u2026","rel":"","context":"Em &quot;Banco do Brasil&quot;","img":{"alt_text":"","src":"https:\/\/i0.wp.com\/sindicatodosbancarios.org.br\/site2022\/wp-content\/uploads\/2020\/08\/concurso-pu\u0301blico-bb-cursodememorizac\u0327a\u0303o-2.jpg?resize=350%2C200&ssl=1","width":350,"height":200},"classes":[]},{"id":5701,"url":"https:\/\/sindicatodosbancarios.org.br\/site2022\/2021\/09\/10\/informe-bancario-219-2021-caixa-paga-plr-ainda-nesta-sexta-feira-10-09-21\/","url_meta":{"origin":1718,"position":4},"title":"INFORME BANC\u00c1RIO \u2013 219\/2021 CAIXA PAGA PLR AINDA NESTA SEXTA-FEIRA 10\/09\/21","date":"10 de setembro de 2021","format":false,"excerpt":"A Caixa Econ\u00f4mica Federal atendeu o pedido do Movimento Sindical e paga PLR em 10\/09\/21. Atendendo ao pedido do Movimento Sindical Banc\u00e1rio, Confedera\u00e7\u00f5es, Federa\u00e7\u00f5es e Sindicatos da Categoria Banc\u00e1ria, a Caixa Econ\u00f4mica Federal informou nesta sexta-feira (10) que efetuar\u00e1 o pagamento da primeira parcela da Participa\u00e7\u00e3o nos Lucros e\/ou Resultados\u2026","rel":"","context":"Em &quot;Caixa Econ\u00f4mica Federal&quot;","img":{"alt_text":"","src":"https:\/\/i0.wp.com\/sindicatodosbancarios.org.br\/site2022\/wp-content\/uploads\/2020\/09\/brasilia-df-brasil-caixa-economica-federal-foto-marcelo-camargoagencia-brasil-1600822484947_v2_900x506.jpg?resize=350%2C200&ssl=1","width":350,"height":200},"classes":[]},{"id":5705,"url":"https:\/\/sindicatodosbancarios.org.br\/site2022\/2021\/09\/16\/informe-bancario-221-2021-itau-vai-pagar-plr-no-dia-23\/","url_meta":{"origin":1718,"position":5},"title":"INFORME BANC\u00c1RIO \u2013 221\/2021 Ita\u00fa vai pagar PLR no dia 23","date":"16 de setembro de 2021","format":false,"excerpt":"O banco Ita\u00fa\/Unibanco informou a CONTEC que vai antecipar a PLR para seus funcion\u00e1rios no pr\u00f3ximo dia 23 de setembro. O pagamento ser\u00e1 feito junto com o PCR (Programa Complementar de Resultados). A informa\u00e7\u00e3o sobre os cr\u00e9ditos ser\u00e1 oficializada ainda nesta quinta-feira (16) em comunicado interno. Fonte Contec, 16\/09\/2021","rel":"","context":"Em &quot;Ita\u00fa&quot;","img":{"alt_text":"","src":"https:\/\/i0.wp.com\/sindicatodosbancarios.org.br\/site2022\/wp-content\/uploads\/2021\/09\/x90606257_Rio-de-Janeiro-RJ-23-.jpg?resize=350%2C200&ssl=1","width":350,"height":200},"classes":[]}],"_links":{"self":[{"href":"https:\/\/sindicatodosbancarios.org.br\/site2022\/wp-json\/wp\/v2\/posts\/1718"}],"collection":[{"href":"https:\/\/sindicatodosbancarios.org.br\/site2022\/wp-json\/wp\/v2\/posts"}],"about":[{"href":"https:\/\/sindicatodosbancarios.org.br\/site2022\/wp-json\/wp\/v2\/types\/post"}],"author":[{"embeddable":true,"href":"https:\/\/sindicatodosbancarios.org.br\/site2022\/wp-json\/wp\/v2\/users\/2"}],"replies":[{"embeddable":true,"href":"https:\/\/sindicatodosbancarios.org.br\/site2022\/wp-json\/wp\/v2\/comments?post=1718"}],"version-history":[{"count":2,"href":"https:\/\/sindicatodosbancarios.org.br\/site2022\/wp-json\/wp\/v2\/posts\/1718\/revisions"}],"predecessor-version":[{"id":1731,"href":"https:\/\/sindicatodosbancarios.org.br\/site2022\/wp-json\/wp\/v2\/posts\/1718\/revisions\/1731"}],"wp:featuredmedia":[{"embeddable":true,"href":"https:\/\/sindicatodosbancarios.org.br\/site2022\/wp-json\/wp\/v2\/media\/1720"}],"wp:attachment":[{"href":"https:\/\/sindicatodosbancarios.org.br\/site2022\/wp-json\/wp\/v2\/media?parent=1718"}],"wp:term":[{"taxonomy":"category","embeddable":true,"href":"https:\/\/sindicatodosbancarios.org.br\/site2022\/wp-json\/wp\/v2\/categories?post=1718"},{"taxonomy":"post_tag","embeddable":true,"href":"https:\/\/sindicatodosbancarios.org.br\/site2022\/wp-json\/wp\/v2\/tags?post=1718"}],"curies":[{"name":"wp","href":"https:\/\/api.w.org\/{rel}","templated":true}]}}