{"id":1745,"date":"2017-09-21T14:53:23","date_gmt":"2017-09-21T17:53:23","guid":{"rendered":"http:\/\/sindicatodosbancarios.org.br\/?p=1745"},"modified":"2017-09-21T14:53:23","modified_gmt":"2017-09-21T17:53:23","slug":"presidente-recebe-visita-na-obra-da-recreativa-dos-bancarios-arbanc","status":"publish","type":"post","link":"https:\/\/sindicatodosbancarios.org.br\/site2022\/2017\/09\/21\/presidente-recebe-visita-na-obra-da-recreativa-dos-bancarios-arbanc\/","title":{"rendered":"PRESIDENTE RECEBE VISITA NA OBRA DA RECREATIVA DOS BANC\u00c1RIOS &#8211; ARBANC"},"content":{"rendered":"<p>Presidente do Sindicato, Roberto Ortiz recebeu na manha de hoje (21\/09) a visita do banc\u00e1rio Adilson Fischer (CEF) na obra da Recreativa dos Banc\u00e1rios (ARBANC).<\/p>\n<p>&nbsp;<\/p>\n<p>&nbsp;<\/p>\n","protected":false},"excerpt":{"rendered":"<p>Presidente do Sindicato, Roberto Ortiz recebeu na manha de hoje (21\/09) a visita do banc\u00e1rio Adilson Fischer (CEF) [&hellip;]<\/p>\n","protected":false},"author":2,"featured_media":1746,"comment_status":"open","ping_status":"open","sticky":false,"template":"","format":"standard","meta":{"jetpack_post_was_ever_published":false,"jetpack_publicize_message":"","jetpack_is_tweetstorm":false,"jetpack_publicize_feature_enabled":true,"jetpack_social_post_already_shared":true,"jetpack_social_options":[]},"categories":[1],"tags":[],"jetpack_publicize_connections":[],"acf":[],"yoast_head":"<!-- This site is optimized with the Yoast SEO plugin v19.14 - https:\/\/yoast.com\/wordpress\/plugins\/seo\/ -->\n<title>PRESIDENTE RECEBE VISITA NA OBRA DA RECREATIVA DOS BANC\u00c1RIOS - ARBANC - Sindicato dos Banc\u00e1rios de S\u00e3o Bento do Sul e Regi\u00e3o<\/title>\n<meta name=\"robots\" content=\"index, follow, max-snippet:-1, max-image-preview:large, max-video-preview:-1\" \/>\n<link rel=\"canonical\" href=\"https:\/\/sindicatodosbancarios.org.br\/site2022\/2017\/09\/21\/presidente-recebe-visita-na-obra-da-recreativa-dos-bancarios-arbanc\/\" \/>\n<meta property=\"og:locale\" content=\"pt_BR\" \/>\n<meta property=\"og:type\" content=\"article\" \/>\n<meta property=\"og:title\" content=\"PRESIDENTE RECEBE VISITA NA OBRA DA RECREATIVA DOS BANC\u00c1RIOS - ARBANC - Sindicato dos Banc\u00e1rios de S\u00e3o Bento do Sul e Regi\u00e3o\" \/>\n<meta property=\"og:description\" content=\"Presidente do Sindicato, Roberto Ortiz recebeu na manha de hoje (21\/09) a visita do banc\u00e1rio Adilson Fischer (CEF) [&hellip;]\" \/>\n<meta property=\"og:url\" content=\"https:\/\/sindicatodosbancarios.org.br\/site2022\/2017\/09\/21\/presidente-recebe-visita-na-obra-da-recreativa-dos-bancarios-arbanc\/\" \/>\n<meta property=\"og:site_name\" content=\"Sindicato dos Banc\u00e1rios de S\u00e3o Bento do Sul e Regi\u00e3o\" \/>\n<meta property=\"article:author\" content=\"https:\/\/www.facebook.com\/seeb.sbs.9\" \/>\n<meta property=\"article:published_time\" content=\"2017-09-21T17:53:23+00:00\" \/>\n<meta property=\"og:image\" content=\"https:\/\/sindicatodosbancarios.org.br\/site2022\/wp-content\/uploads\/2017\/09\/WhatsApp-Image-2017-09-21-at-14.31.43.jpeg\" \/>\n\t<meta property=\"og:image:width\" content=\"1032\" \/>\n\t<meta property=\"og:image:height\" content=\"581\" \/>\n\t<meta property=\"og:image:type\" content=\"image\/jpeg\" \/>\n<meta name=\"author\" content=\"Sindicato dos Banc\u00e1rios S\u00e3o Bento do Sul e Regi\u00e3o\" \/>\n<meta name=\"twitter:card\" content=\"summary_large_image\" \/>\n<meta name=\"twitter:label1\" content=\"Escrito por\" \/>\n\t<meta name=\"twitter:data1\" content=\"Sindicato dos Banc\u00e1rios S\u00e3o Bento do Sul e Regi\u00e3o\" \/>\n<script type=\"application\/ld+json\" class=\"yoast-schema-graph\">{\"@context\":\"https:\/\/schema.org\",\"@graph\":[{\"@type\":\"Article\",\"@id\":\"https:\/\/sindicatodosbancarios.org.br\/site2022\/2017\/09\/21\/presidente-recebe-visita-na-obra-da-recreativa-dos-bancarios-arbanc\/#article\",\"isPartOf\":{\"@id\":\"https:\/\/sindicatodosbancarios.org.br\/site2022\/2017\/09\/21\/presidente-recebe-visita-na-obra-da-recreativa-dos-bancarios-arbanc\/\"},\"author\":{\"name\":\"Sindicato dos Banc\u00e1rios S\u00e3o Bento do Sul e Regi\u00e3o\",\"@id\":\"https:\/\/sindicatodosbancarios.org.br\/site2022\/#\/schema\/person\/a7d92da77d1084df4d28b57962f1e1bd\"},\"headline\":\"PRESIDENTE RECEBE VISITA NA OBRA DA RECREATIVA DOS BANC\u00c1RIOS &#8211; ARBANC\",\"datePublished\":\"2017-09-21T17:53:23+00:00\",\"dateModified\":\"2017-09-21T17:53:23+00:00\",\"mainEntityOfPage\":{\"@id\":\"https:\/\/sindicatodosbancarios.org.br\/site2022\/2017\/09\/21\/presidente-recebe-visita-na-obra-da-recreativa-dos-bancarios-arbanc\/\"},\"wordCount\":40,\"commentCount\":0,\"publisher\":{\"@id\":\"https:\/\/sindicatodosbancarios.org.br\/site2022\/#organization\"},\"articleSection\":[\"Geral\"],\"inLanguage\":\"pt-BR\",\"potentialAction\":[{\"@type\":\"CommentAction\",\"name\":\"Comment\",\"target\":[\"https:\/\/sindicatodosbancarios.org.br\/site2022\/2017\/09\/21\/presidente-recebe-visita-na-obra-da-recreativa-dos-bancarios-arbanc\/#respond\"]}]},{\"@type\":\"WebPage\",\"@id\":\"https:\/\/sindicatodosbancarios.org.br\/site2022\/2017\/09\/21\/presidente-recebe-visita-na-obra-da-recreativa-dos-bancarios-arbanc\/\",\"url\":\"https:\/\/sindicatodosbancarios.org.br\/site2022\/2017\/09\/21\/presidente-recebe-visita-na-obra-da-recreativa-dos-bancarios-arbanc\/\",\"name\":\"PRESIDENTE RECEBE VISITA NA OBRA DA RECREATIVA DOS BANC\u00c1RIOS - ARBANC - Sindicato dos Banc\u00e1rios de S\u00e3o Bento do Sul e Regi\u00e3o\",\"isPartOf\":{\"@id\":\"https:\/\/sindicatodosbancarios.org.br\/site2022\/#website\"},\"datePublished\":\"2017-09-21T17:53:23+00:00\",\"dateModified\":\"2017-09-21T17:53:23+00:00\",\"breadcrumb\":{\"@id\":\"https:\/\/sindicatodosbancarios.org.br\/site2022\/2017\/09\/21\/presidente-recebe-visita-na-obra-da-recreativa-dos-bancarios-arbanc\/#breadcrumb\"},\"inLanguage\":\"pt-BR\",\"potentialAction\":[{\"@type\":\"ReadAction\",\"target\":[\"https:\/\/sindicatodosbancarios.org.br\/site2022\/2017\/09\/21\/presidente-recebe-visita-na-obra-da-recreativa-dos-bancarios-arbanc\/\"]}]},{\"@type\":\"BreadcrumbList\",\"@id\":\"https:\/\/sindicatodosbancarios.org.br\/site2022\/2017\/09\/21\/presidente-recebe-visita-na-obra-da-recreativa-dos-bancarios-arbanc\/#breadcrumb\",\"itemListElement\":[{\"@type\":\"ListItem\",\"position\":1,\"name\":\"In\u00edcio\",\"item\":\"https:\/\/sindicatodosbancarios.org.br\/site2022\/\"},{\"@type\":\"ListItem\",\"position\":2,\"name\":\"PRESIDENTE RECEBE VISITA NA OBRA DA RECREATIVA DOS BANC\u00c1RIOS &#8211; ARBANC\"}]},{\"@type\":\"WebSite\",\"@id\":\"https:\/\/sindicatodosbancarios.org.br\/site2022\/#website\",\"url\":\"https:\/\/sindicatodosbancarios.org.br\/site2022\/\",\"name\":\"Sindicato dos Banc\u00e1rios de S\u00e3o Bento do Sul e Regi\u00e3o\",\"description\":\"Website institucional do Sindicato dos Banc\u00e1rios de S\u00e3o Bento do Sul e Regi\u00e3o\",\"publisher\":{\"@id\":\"https:\/\/sindicatodosbancarios.org.br\/site2022\/#organization\"},\"potentialAction\":[{\"@type\":\"SearchAction\",\"target\":{\"@type\":\"EntryPoint\",\"urlTemplate\":\"https:\/\/sindicatodosbancarios.org.br\/site2022\/?s={search_term_string}\"},\"query-input\":\"required name=search_term_string\"}],\"inLanguage\":\"pt-BR\"},{\"@type\":\"Organization\",\"@id\":\"https:\/\/sindicatodosbancarios.org.br\/site2022\/#organization\",\"name\":\"Sindicato dos Banc\u00e1rios de S\u00e3o Bento do Sul e Regi\u00e3o\",\"url\":\"https:\/\/sindicatodosbancarios.org.br\/site2022\/\",\"logo\":{\"@type\":\"ImageObject\",\"inLanguage\":\"pt-BR\",\"@id\":\"https:\/\/sindicatodosbancarios.org.br\/site2022\/#\/schema\/logo\/image\/\",\"url\":\"https:\/\/sindicatodosbancarios.org.br\/site2022\/wp-content\/uploads\/2017\/06\/cropped-logo-2.png\",\"contentUrl\":\"https:\/\/sindicatodosbancarios.org.br\/site2022\/wp-content\/uploads\/2017\/06\/cropped-logo-2.png\",\"width\":292,\"height\":292,\"caption\":\"Sindicato dos Banc\u00e1rios de S\u00e3o Bento do Sul e Regi\u00e3o\"},\"image\":{\"@id\":\"https:\/\/sindicatodosbancarios.org.br\/site2022\/#\/schema\/logo\/image\/\"}},{\"@type\":\"Person\",\"@id\":\"https:\/\/sindicatodosbancarios.org.br\/site2022\/#\/schema\/person\/a7d92da77d1084df4d28b57962f1e1bd\",\"name\":\"Sindicato dos Banc\u00e1rios S\u00e3o Bento do Sul e Regi\u00e3o\",\"image\":{\"@type\":\"ImageObject\",\"inLanguage\":\"pt-BR\",\"@id\":\"https:\/\/sindicatodosbancarios.org.br\/site2022\/#\/schema\/person\/image\/\",\"url\":\"https:\/\/secure.gravatar.com\/avatar\/f1d1a06f698f2345352e539387180d42?s=96&d=mm&r=g\",\"contentUrl\":\"https:\/\/secure.gravatar.com\/avatar\/f1d1a06f698f2345352e539387180d42?s=96&d=mm&r=g\",\"caption\":\"Sindicato dos Banc\u00e1rios S\u00e3o Bento do Sul e Regi\u00e3o\"},\"sameAs\":[\"http:\/\/sindicatodosbancarios.org.br\/site2022\/\",\"https:\/\/www.facebook.com\/seeb.sbs.9\"],\"url\":\"https:\/\/sindicatodosbancarios.org.br\/site2022\/author\/sindicatodosbancarios\/\"}]}<\/script>\n<!-- \/ Yoast SEO plugin. -->","yoast_head_json":{"title":"PRESIDENTE RECEBE VISITA NA OBRA DA RECREATIVA DOS BANC\u00c1RIOS - ARBANC - Sindicato dos Banc\u00e1rios de S\u00e3o Bento do Sul e Regi\u00e3o","robots":{"index":"index","follow":"follow","max-snippet":"max-snippet:-1","max-image-preview":"max-image-preview:large","max-video-preview":"max-video-preview:-1"},"canonical":"https:\/\/sindicatodosbancarios.org.br\/site2022\/2017\/09\/21\/presidente-recebe-visita-na-obra-da-recreativa-dos-bancarios-arbanc\/","og_locale":"pt_BR","og_type":"article","og_title":"PRESIDENTE RECEBE VISITA NA OBRA DA RECREATIVA DOS BANC\u00c1RIOS - ARBANC - Sindicato dos Banc\u00e1rios de S\u00e3o Bento do Sul e Regi\u00e3o","og_description":"Presidente do Sindicato, Roberto Ortiz recebeu na manha de hoje (21\/09) a visita do banc\u00e1rio Adilson Fischer (CEF) [&hellip;]","og_url":"https:\/\/sindicatodosbancarios.org.br\/site2022\/2017\/09\/21\/presidente-recebe-visita-na-obra-da-recreativa-dos-bancarios-arbanc\/","og_site_name":"Sindicato dos Banc\u00e1rios de S\u00e3o Bento do Sul e Regi\u00e3o","article_author":"https:\/\/www.facebook.com\/seeb.sbs.9","article_published_time":"2017-09-21T17:53:23+00:00","og_image":[{"width":1032,"height":581,"url":"https:\/\/sindicatodosbancarios.org.br\/site2022\/wp-content\/uploads\/2017\/09\/WhatsApp-Image-2017-09-21-at-14.31.43.jpeg","type":"image\/jpeg"}],"author":"Sindicato dos Banc\u00e1rios S\u00e3o Bento do Sul e Regi\u00e3o","twitter_card":"summary_large_image","twitter_misc":{"Escrito por":"Sindicato dos Banc\u00e1rios S\u00e3o Bento do Sul e Regi\u00e3o"},"schema":{"@context":"https:\/\/schema.org","@graph":[{"@type":"Article","@id":"https:\/\/sindicatodosbancarios.org.br\/site2022\/2017\/09\/21\/presidente-recebe-visita-na-obra-da-recreativa-dos-bancarios-arbanc\/#article","isPartOf":{"@id":"https:\/\/sindicatodosbancarios.org.br\/site2022\/2017\/09\/21\/presidente-recebe-visita-na-obra-da-recreativa-dos-bancarios-arbanc\/"},"author":{"name":"Sindicato dos Banc\u00e1rios S\u00e3o Bento do Sul e Regi\u00e3o","@id":"https:\/\/sindicatodosbancarios.org.br\/site2022\/#\/schema\/person\/a7d92da77d1084df4d28b57962f1e1bd"},"headline":"PRESIDENTE RECEBE VISITA NA OBRA DA RECREATIVA DOS BANC\u00c1RIOS &#8211; ARBANC","datePublished":"2017-09-21T17:53:23+00:00","dateModified":"2017-09-21T17:53:23+00:00","mainEntityOfPage":{"@id":"https:\/\/sindicatodosbancarios.org.br\/site2022\/2017\/09\/21\/presidente-recebe-visita-na-obra-da-recreativa-dos-bancarios-arbanc\/"},"wordCount":40,"commentCount":0,"publisher":{"@id":"https:\/\/sindicatodosbancarios.org.br\/site2022\/#organization"},"articleSection":["Geral"],"inLanguage":"pt-BR","potentialAction":[{"@type":"CommentAction","name":"Comment","target":["https:\/\/sindicatodosbancarios.org.br\/site2022\/2017\/09\/21\/presidente-recebe-visita-na-obra-da-recreativa-dos-bancarios-arbanc\/#respond"]}]},{"@type":"WebPage","@id":"https:\/\/sindicatodosbancarios.org.br\/site2022\/2017\/09\/21\/presidente-recebe-visita-na-obra-da-recreativa-dos-bancarios-arbanc\/","url":"https:\/\/sindicatodosbancarios.org.br\/site2022\/2017\/09\/21\/presidente-recebe-visita-na-obra-da-recreativa-dos-bancarios-arbanc\/","name":"PRESIDENTE RECEBE VISITA NA OBRA DA RECREATIVA DOS BANC\u00c1RIOS - ARBANC - Sindicato dos Banc\u00e1rios de S\u00e3o Bento do Sul e Regi\u00e3o","isPartOf":{"@id":"https:\/\/sindicatodosbancarios.org.br\/site2022\/#website"},"datePublished":"2017-09-21T17:53:23+00:00","dateModified":"2017-09-21T17:53:23+00:00","breadcrumb":{"@id":"https:\/\/sindicatodosbancarios.org.br\/site2022\/2017\/09\/21\/presidente-recebe-visita-na-obra-da-recreativa-dos-bancarios-arbanc\/#breadcrumb"},"inLanguage":"pt-BR","potentialAction":[{"@type":"ReadAction","target":["https:\/\/sindicatodosbancarios.org.br\/site2022\/2017\/09\/21\/presidente-recebe-visita-na-obra-da-recreativa-dos-bancarios-arbanc\/"]}]},{"@type":"BreadcrumbList","@id":"https:\/\/sindicatodosbancarios.org.br\/site2022\/2017\/09\/21\/presidente-recebe-visita-na-obra-da-recreativa-dos-bancarios-arbanc\/#breadcrumb","itemListElement":[{"@type":"ListItem","position":1,"name":"In\u00edcio","item":"https:\/\/sindicatodosbancarios.org.br\/site2022\/"},{"@type":"ListItem","position":2,"name":"PRESIDENTE RECEBE VISITA NA OBRA DA RECREATIVA DOS BANC\u00c1RIOS &#8211; ARBANC"}]},{"@type":"WebSite","@id":"https:\/\/sindicatodosbancarios.org.br\/site2022\/#website","url":"https:\/\/sindicatodosbancarios.org.br\/site2022\/","name":"Sindicato dos Banc\u00e1rios de S\u00e3o Bento do Sul e Regi\u00e3o","description":"Website institucional do Sindicato dos Banc\u00e1rios de S\u00e3o Bento do Sul e Regi\u00e3o","publisher":{"@id":"https:\/\/sindicatodosbancarios.org.br\/site2022\/#organization"},"potentialAction":[{"@type":"SearchAction","target":{"@type":"EntryPoint","urlTemplate":"https:\/\/sindicatodosbancarios.org.br\/site2022\/?s={search_term_string}"},"query-input":"required name=search_term_string"}],"inLanguage":"pt-BR"},{"@type":"Organization","@id":"https:\/\/sindicatodosbancarios.org.br\/site2022\/#organization","name":"Sindicato dos Banc\u00e1rios de S\u00e3o Bento do Sul e Regi\u00e3o","url":"https:\/\/sindicatodosbancarios.org.br\/site2022\/","logo":{"@type":"ImageObject","inLanguage":"pt-BR","@id":"https:\/\/sindicatodosbancarios.org.br\/site2022\/#\/schema\/logo\/image\/","url":"https:\/\/sindicatodosbancarios.org.br\/site2022\/wp-content\/uploads\/2017\/06\/cropped-logo-2.png","contentUrl":"https:\/\/sindicatodosbancarios.org.br\/site2022\/wp-content\/uploads\/2017\/06\/cropped-logo-2.png","width":292,"height":292,"caption":"Sindicato dos Banc\u00e1rios de S\u00e3o Bento do Sul e Regi\u00e3o"},"image":{"@id":"https:\/\/sindicatodosbancarios.org.br\/site2022\/#\/schema\/logo\/image\/"}},{"@type":"Person","@id":"https:\/\/sindicatodosbancarios.org.br\/site2022\/#\/schema\/person\/a7d92da77d1084df4d28b57962f1e1bd","name":"Sindicato dos Banc\u00e1rios S\u00e3o Bento do Sul e Regi\u00e3o","image":{"@type":"ImageObject","inLanguage":"pt-BR","@id":"https:\/\/sindicatodosbancarios.org.br\/site2022\/#\/schema\/person\/image\/","url":"https:\/\/secure.gravatar.com\/avatar\/f1d1a06f698f2345352e539387180d42?s=96&d=mm&r=g","contentUrl":"https:\/\/secure.gravatar.com\/avatar\/f1d1a06f698f2345352e539387180d42?s=96&d=mm&r=g","caption":"Sindicato dos Banc\u00e1rios S\u00e3o Bento do Sul e Regi\u00e3o"},"sameAs":["http:\/\/sindicatodosbancarios.org.br\/site2022\/","https:\/\/www.facebook.com\/seeb.sbs.9"],"url":"https:\/\/sindicatodosbancarios.org.br\/site2022\/author\/sindicatodosbancarios\/"}]}},"jetpack_featured_media_url":"https:\/\/sindicatodosbancarios.org.br\/site2022\/wp-content\/uploads\/2017\/09\/WhatsApp-Image-2017-09-21-at-14.31.43.jpeg","jetpack_sharing_enabled":true,"jetpack_shortlink":"https:\/\/wp.me\/p8RSbI-s9","jetpack-related-posts":[{"id":5971,"url":"https:\/\/sindicatodosbancarios.org.br\/site2022\/2022\/03\/29\/bancarios-homenageiam-adao-de-oliveira-inauguracao-quadras-esportivas-arbanc\/","url_meta":{"origin":1745,"position":0},"title":"BANC\u00c1RIOS HOMENAGEIAM AD\u00c3O DE OLIVEIRA &#8211; INAUGURA\u00c7\u00c3O QUADRAS ESPORTIVAS &#8211; ARBANC","date":"29 de mar\u00e7o de 2022","format":false,"excerpt":"No \u00faltimo dia 26 de mar\u00e7o, banc\u00e1rios da regi\u00e3o estiveram reunidos na sede da Associa\u00e7\u00e3o Recreativa dos Banc\u00e1rios \u201cJos\u00e9 Ilton Belli\u201d \u2013 ARBANC, localizada no Bairro Bras\u00edlia para uma confraterniza\u00e7\u00e3o e a inaugura\u00e7\u00e3o das quadras de futebol society e v\u00f4lei de areia. Na ocasi\u00e3o foi realizada a homenagem ao ex-banc\u00e1rio\u2026","rel":"","context":"Em &quot;Banco do Brasil&quot;","img":{"alt_text":"","src":"https:\/\/i0.wp.com\/sindicatodosbancarios.org.br\/site2022\/wp-content\/uploads\/2022\/03\/DSC_3974.jpg?resize=350%2C200&ssl=1","width":350,"height":200},"classes":[]},{"id":5641,"url":"https:\/\/sindicatodosbancarios.org.br\/site2022\/2021\/08\/24\/informe-bancario-200-2021-renovacao-convenio-entre-sindicato-e-patanegra-cervejaria\/","url_meta":{"origin":1745,"position":1},"title":"INFORME BANC\u00c1RIO \u2013 200\/2021 &#8211; RENOVA\u00c7\u00c3O CONV\u00caNIO ENTRE SINDICATO E PATANEGRA CERVEJARIA","date":"24 de agosto de 2021","format":false,"excerpt":"O Sindicato dos Banc\u00e1rios de S\u00e3o Bento do Sul e Regi\u00e3o e PataNegra Cervejaria renovam seu conv\u00eanio por mais 3 (tr\u00eas) anos, parceria que come\u00e7ou em maio de 2019. A conceituada Cervejaria PataNegra de S\u00e3o Bento do Sul, com endere\u00e7o na Rodovia Deputado Gen\u00e9sio Tureck (Acesso Oeste), n\u00ba 1355 \u2013\u2026","rel":"","context":"Em &quot;Geral&quot;","img":{"alt_text":"","src":"https:\/\/i0.wp.com\/sindicatodosbancarios.org.br\/site2022\/wp-content\/uploads\/2021\/08\/brewpub-anexo-a-cervejaria.jpg?resize=350%2C200&ssl=1","width":350,"height":200},"classes":[]},{"id":5453,"url":"https:\/\/sindicatodosbancarios.org.br\/site2022\/2021\/06\/09\/informe-bancario-143-2021-campanha-nacional-de-vacinacao-dos-bancarios\/","url_meta":{"origin":1745,"position":2},"title":"INFORME BANC\u00c1RIO \u2013 143\/2021 CAMPANHA NACIONAL DE VACINA\u00c7\u00c3O DOS BANC\u00c1RIOS","date":"9 de junho de 2021","format":false,"excerpt":"Prezados companheiros, boa\u00a0 tarde. CAMPANHA NACIONAL DE VACINA\u00c7\u00c3O DOS BANC\u00c1RIOS A\u00a0CONTEC, FEEB SC e SEEB de S\u00e3o Bento do Sul e Regi\u00e3o\u00a0continua na\u00a0necess\u00e1ria e urgente\u00a0CAMPANHA DE VACINA\u00c7\u00c3O DOS BANC\u00c1RIOS. Por isso, reiteramos o pedido para que as Federa\u00e7\u00f5es e Sindicatos de banc\u00e1rios busquem o necess\u00e1rio apoio dos\u00a0Prefeitos e Vereadores,\u00a0na prioridade\u2026","rel":"","context":"Em &quot;Geral&quot;","img":{"alt_text":"","src":"https:\/\/i0.wp.com\/sindicatodosbancarios.org.br\/site2022\/wp-content\/uploads\/2021\/06\/getty.jpg?resize=350%2C200&ssl=1","width":350,"height":200},"classes":[]},{"id":5393,"url":"https:\/\/sindicatodosbancarios.org.br\/site2022\/2021\/05\/10\/informe-bancarios-123-2021-novo-presidente-quer-uma-revolucao-digital-no-banco-do-brasil\/","url_meta":{"origin":1745,"position":3},"title":"INFORME BANC\u00c1RIOS \u2013 123\/2021 Novo presidente quer uma revolu\u00e7\u00e3o digital no Banco do Brasil","date":"10 de maio de 2021","format":false,"excerpt":"O presidente do Banco do Brasil, Fausto Ribeiro, no primeiro encontro on-line com agentes do mercado em sua gest\u00e3o, na manh\u00e3 de ontem, ressaltou o lucro l\u00edquido de R$ 4,9 bilh\u00f5es obtido pela institui\u00e7\u00e3o no primeiro trimestre (44,7% acima do obtido no mesmo per\u00edodo de 2020) e destacou que quer\u2026","rel":"","context":"Em &quot;Banco do Brasil&quot;","img":{"alt_text":"","src":"https:\/\/i0.wp.com\/sindicatodosbancarios.org.br\/site2022\/wp-content\/uploads\/2021\/05\/fausto-de-andrade-ribeiro.jpg?resize=350%2C200&ssl=1","width":350,"height":200},"classes":[]},{"id":5561,"url":"https:\/\/sindicatodosbancarios.org.br\/site2022\/2021\/07\/21\/informe-bancario-176-2021-santa-catarina-exclui-bancarios-do-grupo-prioritario-para-receber-a-vacina-contra-a-covid-19\/","url_meta":{"origin":1745,"position":4},"title":"INFORME BANC\u00c1RIO \u2013 176\/2021 Santa Catarina exclui banc\u00e1rios do grupo priorit\u00e1rio para receber a vacina contra a Covid-19","date":"21 de julho de 2021","format":false,"excerpt":"Secret\u00e1rio do Estado de\u00a0 Sa\u00fade\u00a0 havia se comprometido em encaminhar a reivindica\u00e7\u00e3o\u00a0 dos banc\u00e1rios para a inclus\u00e3o da categoria ao Plano Nacional de Imuniza\u00e7\u00e3o (PNI ), ap\u00f3s reuni\u00e3o com o presidente da Federa\u00e7\u00e3o dos Banc\u00e1rios de Santa Catarina, e com o Deputado Estadual Volnei Weber . Ap\u00f3s muita luta por\u2026","rel":"","context":"Em &quot;Geral&quot;","img":{"alt_text":"","src":"https:\/\/i0.wp.com\/sindicatodosbancarios.org.br\/site2022\/wp-content\/uploads\/2021\/07\/itau-horas_0.png?resize=350%2C200&ssl=1","width":350,"height":200},"classes":[]},{"id":5164,"url":"https:\/\/sindicatodosbancarios.org.br\/site2022\/2021\/02\/11\/informe-bancarios-57-2021-possibilidade-de-priorizacao-da-categoria-profissional-dos-bancarios-na-vacinacao-protetiva-contra-a-covid-19\/","url_meta":{"origin":1745,"position":5},"title":"INFORME BANC\u00c1RIOS \u2013 57\/2021 Possibilidade de prioriza\u00e7\u00e3o da categoria profissional dos banc\u00e1rios na vacina\u00e7\u00e3o protetiva contra a covid-19","date":"11 de fevereiro de 2021","format":false,"excerpt":"VACINA\u00c7\u00c3O CONTRA O CORONA VIRUS \u00a0 Para conhecimento de todos, remetemos abaixo c\u00f3pia do of\u00edcio recebido da\u00a0Secretaria de Vigil\u00e2ncia em Sa\u00fade \/ Minist\u00e9rio da Sa\u00fade\u00a0que, infelizmente n\u00e3o atendeu o pleito da CONTEC de atendimento priorit\u00e1rio dos banc\u00e1rios na vacina\u00e7\u00e3o mencionada. \u00a0 Solicita\u00a0avaliar, em car\u00e1ter de urg\u00eancia, a possibilidade de priorizar\u2026","rel":"","context":"Em &quot;Banco do Brasil&quot;","img":{"alt_text":"","src":"https:\/\/i0.wp.com\/sindicatodosbancarios.org.br\/site2022\/wp-content\/uploads\/2021\/02\/unnamed-1.jpg?resize=350%2C200&ssl=1","width":350,"height":200},"classes":[]}],"_links":{"self":[{"href":"https:\/\/sindicatodosbancarios.org.br\/site2022\/wp-json\/wp\/v2\/posts\/1745"}],"collection":[{"href":"https:\/\/sindicatodosbancarios.org.br\/site2022\/wp-json\/wp\/v2\/posts"}],"about":[{"href":"https:\/\/sindicatodosbancarios.org.br\/site2022\/wp-json\/wp\/v2\/types\/post"}],"author":[{"embeddable":true,"href":"https:\/\/sindicatodosbancarios.org.br\/site2022\/wp-json\/wp\/v2\/users\/2"}],"replies":[{"embeddable":true,"href":"https:\/\/sindicatodosbancarios.org.br\/site2022\/wp-json\/wp\/v2\/comments?post=1745"}],"version-history":[{"count":2,"href":"https:\/\/sindicatodosbancarios.org.br\/site2022\/wp-json\/wp\/v2\/posts\/1745\/revisions"}],"predecessor-version":[{"id":1748,"href":"https:\/\/sindicatodosbancarios.org.br\/site2022\/wp-json\/wp\/v2\/posts\/1745\/revisions\/1748"}],"wp:featuredmedia":[{"embeddable":true,"href":"https:\/\/sindicatodosbancarios.org.br\/site2022\/wp-json\/wp\/v2\/media\/1746"}],"wp:attachment":[{"href":"https:\/\/sindicatodosbancarios.org.br\/site2022\/wp-json\/wp\/v2\/media?parent=1745"}],"wp:term":[{"taxonomy":"category","embeddable":true,"href":"https:\/\/sindicatodosbancarios.org.br\/site2022\/wp-json\/wp\/v2\/categories?post=1745"},{"taxonomy":"post_tag","embeddable":true,"href":"https:\/\/sindicatodosbancarios.org.br\/site2022\/wp-json\/wp\/v2\/tags?post=1745"}],"curies":[{"name":"wp","href":"https:\/\/api.w.org\/{rel}","templated":true}]}}