{"id":1792,"date":"2017-10-03T15:55:36","date_gmt":"2017-10-03T18:55:36","guid":{"rendered":"http:\/\/sindicatodosbancarios.org.br\/?p=1792"},"modified":"2017-10-04T13:53:06","modified_gmt":"2017-10-04T16:53:06","slug":"informe-1842017-reuniao-da-comissao-bipartite-paritaria-de-saude-do-trabalhador-contecfenaban","status":"publish","type":"post","link":"https:\/\/sindicatodosbancarios.org.br\/site2022\/2017\/10\/03\/informe-1842017-reuniao-da-comissao-bipartite-paritaria-de-saude-do-trabalhador-contecfenaban\/","title":{"rendered":"INFORME 184\/2017 &#8211; REUNI\u00c3O DA COMISS\u00c3O BIPARTITE PARIT\u00c1RIA DE SA\u00daDE DO TRABALHADOR CONTEC\/FENABAN"},"content":{"rendered":"<p>A Comiss\u00e3o Bipartite Parit\u00e1ria de Sa\u00fade do Trabalhador CONTEC\/FENABAN se reuniu em S\u00e3o Paulo na sexta-feira passada (29\/09) para debater e aprofundar melhor nas quest\u00f5es relacionadas \u00e0s doen\u00e7as como a depress\u00e3o, s\u00edndromes e outros transtornos que t\u00eam acometido milhares e milhares de trabalhadores do sistema financeiro.<\/p>\n<p>Durante a reuni\u00e3o, a comiss\u00e3o CONTEC destacou que a depress\u00e3o \u00e9 hoje a segunda maior causa de afastamento dos banc\u00e1rios e, \u00e9 a quarta doen\u00e7a, em todo o mundo, que justifica o afastamento de pessoas das suas atividades laborais. Os representantes dos trabalhadores relataram diversos casos de trabalhadores deprimidos em fun\u00e7\u00e3o de alguns quadro apresentados ao longo da vida entre eles: problemas traum\u00e1ticos (desilus\u00f5es amorosas, perda de emprego, problemas no ambiente familiar ou no ambiente de trabalho), uso de medicamentos e tamb\u00e9m a quest\u00e3o da gen\u00e9tica.<\/p>\n<p>Outro fator que foi debatido \u00e9 a quest\u00e3o da ansiedade. Foram apresentados caracter\u00edsticas de pessoas ansiosas assim como propostas de conter essa situa\u00e7\u00e3o, como por exemplo a pr\u00e1tica de esportes, o acompanhamento m\u00e9dico regular e tratamentos alternativos como a medita\u00e7\u00e3o e a espiritualiza\u00e7\u00e3o\/religi\u00e3o.<\/p>\n<p>A comiss\u00e3o CONTEC destacou o crescimento nos \u00edndices de trabalhadores identificados com a S\u00edndrome de Brunout, conhecida por s\u00edndrome do esgotamento f\u00edsico, mental e emocional. E essa doen\u00e7a \u00e9 fruto do ac\u00famulo das responsabilidades do dia a dia, somado \u00e0s cobran\u00e7as, a um ritmo acelerado, um estado de tens\u00e3o emocional e estresse provocado por condi\u00e7\u00f5es de trabalho desgastantes e estressantes.<\/p>\n<p>Os debates entre CONTEC e FENABAN se aprofundaram para temas como o TAG (Transtorno de Ansiedade Grave); S\u00edndrome do P\u00e2nico; Transtornos de Estresse p\u00f3s-traum\u00e1ticos; fobias; e Transtornos Obsessivos Compulsivos.<\/p>\n<p>A CONTEC tamb\u00e9m destacou a import\u00e2ncia da fam\u00edlia, amigos e colegas de trabalho na recupera\u00e7\u00e3o dos trabalhadores em tratamento e tamb\u00e9m destacou a import\u00e2ncia do est\u00edmulo dos bancos para que os banc\u00e1rios assumam uma vida mais saud\u00e1vel, que preze pela pr\u00e1tica de esportes e uma alimenta\u00e7\u00e3o saud\u00e1vel.<\/p>\n<p>Houveram trocas de informa\u00e7\u00f5es e foram apresentadas uma s\u00e9rie de sugest\u00f5es e propostas de melhorias. Os debates sobre a quest\u00e3o da sa\u00fade do trabalhador seguir\u00e1 sendo aprofundado na pr\u00f3xima reuni\u00e3o da Comiss\u00e3o Parit\u00e1ria Bipartite agendada para novembro.<\/p>\n<p><span style=\"font-size: 8pt;\"><em>Fonte: CONTEC.<\/em><\/span><\/p>\n","protected":false},"excerpt":{"rendered":"<p>A Comiss\u00e3o Bipartite Parit\u00e1ria de Sa\u00fade do Trabalhador CONTEC\/FENABAN se reuniu em S\u00e3o Paulo na sexta-feira passada (29\/09) [&hellip;]<\/p>\n","protected":false},"author":2,"featured_media":1794,"comment_status":"open","ping_status":"open","sticky":false,"template":"","format":"standard","meta":{"jetpack_post_was_ever_published":false,"jetpack_publicize_message":"","jetpack_is_tweetstorm":false,"jetpack_publicize_feature_enabled":true,"jetpack_social_post_already_shared":true,"jetpack_social_options":[]},"categories":[1],"tags":[],"jetpack_publicize_connections":[],"acf":[],"yoast_head":"<!-- This site is optimized with the Yoast SEO plugin v19.14 - https:\/\/yoast.com\/wordpress\/plugins\/seo\/ -->\n<title>INFORME 184\/2017 - REUNI\u00c3O DA COMISS\u00c3O BIPARTITE PARIT\u00c1RIA DE SA\u00daDE DO TRABALHADOR CONTEC\/FENABAN - Sindicato dos Banc\u00e1rios de S\u00e3o Bento do Sul e Regi\u00e3o<\/title>\n<meta name=\"robots\" content=\"index, follow, max-snippet:-1, max-image-preview:large, max-video-preview:-1\" \/>\n<link rel=\"canonical\" href=\"https:\/\/sindicatodosbancarios.org.br\/site2022\/2017\/10\/03\/informe-1842017-reuniao-da-comissao-bipartite-paritaria-de-saude-do-trabalhador-contecfenaban\/\" \/>\n<meta property=\"og:locale\" content=\"pt_BR\" \/>\n<meta property=\"og:type\" content=\"article\" \/>\n<meta property=\"og:title\" content=\"INFORME 184\/2017 - REUNI\u00c3O DA COMISS\u00c3O BIPARTITE PARIT\u00c1RIA DE SA\u00daDE DO TRABALHADOR CONTEC\/FENABAN - Sindicato dos Banc\u00e1rios de S\u00e3o Bento do Sul e Regi\u00e3o\" \/>\n<meta property=\"og:description\" content=\"A Comiss\u00e3o Bipartite Parit\u00e1ria de Sa\u00fade do Trabalhador CONTEC\/FENABAN se reuniu em S\u00e3o Paulo na sexta-feira passada (29\/09) [&hellip;]\" \/>\n<meta property=\"og:url\" content=\"https:\/\/sindicatodosbancarios.org.br\/site2022\/2017\/10\/03\/informe-1842017-reuniao-da-comissao-bipartite-paritaria-de-saude-do-trabalhador-contecfenaban\/\" \/>\n<meta property=\"og:site_name\" content=\"Sindicato dos Banc\u00e1rios de S\u00e3o Bento do Sul e Regi\u00e3o\" \/>\n<meta property=\"article:author\" content=\"https:\/\/www.facebook.com\/seeb.sbs.9\" \/>\n<meta property=\"article:published_time\" content=\"2017-10-03T18:55:36+00:00\" \/>\n<meta property=\"article:modified_time\" content=\"2017-10-04T16:53:06+00:00\" \/>\n<meta property=\"og:image\" content=\"https:\/\/sindicatodosbancarios.org.br\/site2022\/wp-content\/uploads\/2017\/10\/IMG_3387-1024x765.jpg\" \/>\n\t<meta property=\"og:image:width\" content=\"1024\" \/>\n\t<meta property=\"og:image:height\" content=\"765\" \/>\n\t<meta property=\"og:image:type\" content=\"image\/jpeg\" \/>\n<meta name=\"author\" content=\"Sindicato dos Banc\u00e1rios S\u00e3o Bento do Sul e Regi\u00e3o\" \/>\n<meta name=\"twitter:card\" content=\"summary_large_image\" \/>\n<meta name=\"twitter:label1\" content=\"Escrito por\" \/>\n\t<meta name=\"twitter:data1\" content=\"Sindicato dos Banc\u00e1rios S\u00e3o Bento do Sul e Regi\u00e3o\" \/>\n\t<meta name=\"twitter:label2\" content=\"Est. tempo de leitura\" \/>\n\t<meta name=\"twitter:data2\" content=\"2 minutos\" \/>\n<script type=\"application\/ld+json\" class=\"yoast-schema-graph\">{\"@context\":\"https:\/\/schema.org\",\"@graph\":[{\"@type\":\"Article\",\"@id\":\"https:\/\/sindicatodosbancarios.org.br\/site2022\/2017\/10\/03\/informe-1842017-reuniao-da-comissao-bipartite-paritaria-de-saude-do-trabalhador-contecfenaban\/#article\",\"isPartOf\":{\"@id\":\"https:\/\/sindicatodosbancarios.org.br\/site2022\/2017\/10\/03\/informe-1842017-reuniao-da-comissao-bipartite-paritaria-de-saude-do-trabalhador-contecfenaban\/\"},\"author\":{\"name\":\"Sindicato dos Banc\u00e1rios S\u00e3o Bento do Sul e Regi\u00e3o\",\"@id\":\"https:\/\/sindicatodosbancarios.org.br\/site2022\/#\/schema\/person\/a7d92da77d1084df4d28b57962f1e1bd\"},\"headline\":\"INFORME 184\/2017 &#8211; REUNI\u00c3O DA COMISS\u00c3O BIPARTITE PARIT\u00c1RIA DE SA\u00daDE DO TRABALHADOR CONTEC\/FENABAN\",\"datePublished\":\"2017-10-03T18:55:36+00:00\",\"dateModified\":\"2017-10-04T16:53:06+00:00\",\"mainEntityOfPage\":{\"@id\":\"https:\/\/sindicatodosbancarios.org.br\/site2022\/2017\/10\/03\/informe-1842017-reuniao-da-comissao-bipartite-paritaria-de-saude-do-trabalhador-contecfenaban\/\"},\"wordCount\":426,\"commentCount\":0,\"publisher\":{\"@id\":\"https:\/\/sindicatodosbancarios.org.br\/site2022\/#organization\"},\"articleSection\":[\"Geral\"],\"inLanguage\":\"pt-BR\",\"potentialAction\":[{\"@type\":\"CommentAction\",\"name\":\"Comment\",\"target\":[\"https:\/\/sindicatodosbancarios.org.br\/site2022\/2017\/10\/03\/informe-1842017-reuniao-da-comissao-bipartite-paritaria-de-saude-do-trabalhador-contecfenaban\/#respond\"]}]},{\"@type\":\"WebPage\",\"@id\":\"https:\/\/sindicatodosbancarios.org.br\/site2022\/2017\/10\/03\/informe-1842017-reuniao-da-comissao-bipartite-paritaria-de-saude-do-trabalhador-contecfenaban\/\",\"url\":\"https:\/\/sindicatodosbancarios.org.br\/site2022\/2017\/10\/03\/informe-1842017-reuniao-da-comissao-bipartite-paritaria-de-saude-do-trabalhador-contecfenaban\/\",\"name\":\"INFORME 184\/2017 - REUNI\u00c3O DA COMISS\u00c3O BIPARTITE PARIT\u00c1RIA DE SA\u00daDE DO TRABALHADOR CONTEC\/FENABAN - Sindicato dos Banc\u00e1rios de S\u00e3o Bento do Sul e Regi\u00e3o\",\"isPartOf\":{\"@id\":\"https:\/\/sindicatodosbancarios.org.br\/site2022\/#website\"},\"datePublished\":\"2017-10-03T18:55:36+00:00\",\"dateModified\":\"2017-10-04T16:53:06+00:00\",\"breadcrumb\":{\"@id\":\"https:\/\/sindicatodosbancarios.org.br\/site2022\/2017\/10\/03\/informe-1842017-reuniao-da-comissao-bipartite-paritaria-de-saude-do-trabalhador-contecfenaban\/#breadcrumb\"},\"inLanguage\":\"pt-BR\",\"potentialAction\":[{\"@type\":\"ReadAction\",\"target\":[\"https:\/\/sindicatodosbancarios.org.br\/site2022\/2017\/10\/03\/informe-1842017-reuniao-da-comissao-bipartite-paritaria-de-saude-do-trabalhador-contecfenaban\/\"]}]},{\"@type\":\"BreadcrumbList\",\"@id\":\"https:\/\/sindicatodosbancarios.org.br\/site2022\/2017\/10\/03\/informe-1842017-reuniao-da-comissao-bipartite-paritaria-de-saude-do-trabalhador-contecfenaban\/#breadcrumb\",\"itemListElement\":[{\"@type\":\"ListItem\",\"position\":1,\"name\":\"In\u00edcio\",\"item\":\"https:\/\/sindicatodosbancarios.org.br\/site2022\/\"},{\"@type\":\"ListItem\",\"position\":2,\"name\":\"INFORME 184\/2017 &#8211; REUNI\u00c3O DA COMISS\u00c3O BIPARTITE PARIT\u00c1RIA DE SA\u00daDE DO TRABALHADOR CONTEC\/FENABAN\"}]},{\"@type\":\"WebSite\",\"@id\":\"https:\/\/sindicatodosbancarios.org.br\/site2022\/#website\",\"url\":\"https:\/\/sindicatodosbancarios.org.br\/site2022\/\",\"name\":\"Sindicato dos Banc\u00e1rios de S\u00e3o Bento do Sul e Regi\u00e3o\",\"description\":\"Website institucional do Sindicato dos Banc\u00e1rios de S\u00e3o Bento do Sul e Regi\u00e3o\",\"publisher\":{\"@id\":\"https:\/\/sindicatodosbancarios.org.br\/site2022\/#organization\"},\"potentialAction\":[{\"@type\":\"SearchAction\",\"target\":{\"@type\":\"EntryPoint\",\"urlTemplate\":\"https:\/\/sindicatodosbancarios.org.br\/site2022\/?s={search_term_string}\"},\"query-input\":\"required name=search_term_string\"}],\"inLanguage\":\"pt-BR\"},{\"@type\":\"Organization\",\"@id\":\"https:\/\/sindicatodosbancarios.org.br\/site2022\/#organization\",\"name\":\"Sindicato dos Banc\u00e1rios de S\u00e3o Bento do Sul e Regi\u00e3o\",\"url\":\"https:\/\/sindicatodosbancarios.org.br\/site2022\/\",\"logo\":{\"@type\":\"ImageObject\",\"inLanguage\":\"pt-BR\",\"@id\":\"https:\/\/sindicatodosbancarios.org.br\/site2022\/#\/schema\/logo\/image\/\",\"url\":\"https:\/\/sindicatodosbancarios.org.br\/site2022\/wp-content\/uploads\/2017\/06\/cropped-logo-2.png\",\"contentUrl\":\"https:\/\/sindicatodosbancarios.org.br\/site2022\/wp-content\/uploads\/2017\/06\/cropped-logo-2.png\",\"width\":292,\"height\":292,\"caption\":\"Sindicato dos Banc\u00e1rios de S\u00e3o Bento do Sul e Regi\u00e3o\"},\"image\":{\"@id\":\"https:\/\/sindicatodosbancarios.org.br\/site2022\/#\/schema\/logo\/image\/\"}},{\"@type\":\"Person\",\"@id\":\"https:\/\/sindicatodosbancarios.org.br\/site2022\/#\/schema\/person\/a7d92da77d1084df4d28b57962f1e1bd\",\"name\":\"Sindicato dos Banc\u00e1rios S\u00e3o Bento do Sul e Regi\u00e3o\",\"image\":{\"@type\":\"ImageObject\",\"inLanguage\":\"pt-BR\",\"@id\":\"https:\/\/sindicatodosbancarios.org.br\/site2022\/#\/schema\/person\/image\/\",\"url\":\"https:\/\/secure.gravatar.com\/avatar\/f1d1a06f698f2345352e539387180d42?s=96&d=mm&r=g\",\"contentUrl\":\"https:\/\/secure.gravatar.com\/avatar\/f1d1a06f698f2345352e539387180d42?s=96&d=mm&r=g\",\"caption\":\"Sindicato dos Banc\u00e1rios S\u00e3o Bento do Sul e Regi\u00e3o\"},\"sameAs\":[\"http:\/\/sindicatodosbancarios.org.br\/site2022\/\",\"https:\/\/www.facebook.com\/seeb.sbs.9\"],\"url\":\"https:\/\/sindicatodosbancarios.org.br\/site2022\/author\/sindicatodosbancarios\/\"}]}<\/script>\n<!-- \/ Yoast SEO plugin. -->","yoast_head_json":{"title":"INFORME 184\/2017 - REUNI\u00c3O DA COMISS\u00c3O BIPARTITE PARIT\u00c1RIA DE SA\u00daDE DO TRABALHADOR CONTEC\/FENABAN - Sindicato dos Banc\u00e1rios de S\u00e3o Bento do Sul e Regi\u00e3o","robots":{"index":"index","follow":"follow","max-snippet":"max-snippet:-1","max-image-preview":"max-image-preview:large","max-video-preview":"max-video-preview:-1"},"canonical":"https:\/\/sindicatodosbancarios.org.br\/site2022\/2017\/10\/03\/informe-1842017-reuniao-da-comissao-bipartite-paritaria-de-saude-do-trabalhador-contecfenaban\/","og_locale":"pt_BR","og_type":"article","og_title":"INFORME 184\/2017 - REUNI\u00c3O DA COMISS\u00c3O BIPARTITE PARIT\u00c1RIA DE SA\u00daDE DO TRABALHADOR CONTEC\/FENABAN - Sindicato dos Banc\u00e1rios de S\u00e3o Bento do Sul e Regi\u00e3o","og_description":"A Comiss\u00e3o Bipartite Parit\u00e1ria de Sa\u00fade do Trabalhador CONTEC\/FENABAN se reuniu em S\u00e3o Paulo na sexta-feira passada (29\/09) [&hellip;]","og_url":"https:\/\/sindicatodosbancarios.org.br\/site2022\/2017\/10\/03\/informe-1842017-reuniao-da-comissao-bipartite-paritaria-de-saude-do-trabalhador-contecfenaban\/","og_site_name":"Sindicato dos Banc\u00e1rios de S\u00e3o Bento do Sul e Regi\u00e3o","article_author":"https:\/\/www.facebook.com\/seeb.sbs.9","article_published_time":"2017-10-03T18:55:36+00:00","article_modified_time":"2017-10-04T16:53:06+00:00","og_image":[{"width":1024,"height":765,"url":"https:\/\/sindicatodosbancarios.org.br\/site2022\/wp-content\/uploads\/2017\/10\/IMG_3387-1024x765.jpg","type":"image\/jpeg"}],"author":"Sindicato dos Banc\u00e1rios S\u00e3o Bento do Sul e Regi\u00e3o","twitter_card":"summary_large_image","twitter_misc":{"Escrito por":"Sindicato dos Banc\u00e1rios S\u00e3o Bento do Sul e Regi\u00e3o","Est. tempo de leitura":"2 minutos"},"schema":{"@context":"https:\/\/schema.org","@graph":[{"@type":"Article","@id":"https:\/\/sindicatodosbancarios.org.br\/site2022\/2017\/10\/03\/informe-1842017-reuniao-da-comissao-bipartite-paritaria-de-saude-do-trabalhador-contecfenaban\/#article","isPartOf":{"@id":"https:\/\/sindicatodosbancarios.org.br\/site2022\/2017\/10\/03\/informe-1842017-reuniao-da-comissao-bipartite-paritaria-de-saude-do-trabalhador-contecfenaban\/"},"author":{"name":"Sindicato dos Banc\u00e1rios S\u00e3o Bento do Sul e Regi\u00e3o","@id":"https:\/\/sindicatodosbancarios.org.br\/site2022\/#\/schema\/person\/a7d92da77d1084df4d28b57962f1e1bd"},"headline":"INFORME 184\/2017 &#8211; REUNI\u00c3O DA COMISS\u00c3O BIPARTITE PARIT\u00c1RIA DE SA\u00daDE DO TRABALHADOR CONTEC\/FENABAN","datePublished":"2017-10-03T18:55:36+00:00","dateModified":"2017-10-04T16:53:06+00:00","mainEntityOfPage":{"@id":"https:\/\/sindicatodosbancarios.org.br\/site2022\/2017\/10\/03\/informe-1842017-reuniao-da-comissao-bipartite-paritaria-de-saude-do-trabalhador-contecfenaban\/"},"wordCount":426,"commentCount":0,"publisher":{"@id":"https:\/\/sindicatodosbancarios.org.br\/site2022\/#organization"},"articleSection":["Geral"],"inLanguage":"pt-BR","potentialAction":[{"@type":"CommentAction","name":"Comment","target":["https:\/\/sindicatodosbancarios.org.br\/site2022\/2017\/10\/03\/informe-1842017-reuniao-da-comissao-bipartite-paritaria-de-saude-do-trabalhador-contecfenaban\/#respond"]}]},{"@type":"WebPage","@id":"https:\/\/sindicatodosbancarios.org.br\/site2022\/2017\/10\/03\/informe-1842017-reuniao-da-comissao-bipartite-paritaria-de-saude-do-trabalhador-contecfenaban\/","url":"https:\/\/sindicatodosbancarios.org.br\/site2022\/2017\/10\/03\/informe-1842017-reuniao-da-comissao-bipartite-paritaria-de-saude-do-trabalhador-contecfenaban\/","name":"INFORME 184\/2017 - REUNI\u00c3O DA COMISS\u00c3O BIPARTITE PARIT\u00c1RIA DE SA\u00daDE DO TRABALHADOR CONTEC\/FENABAN - Sindicato dos Banc\u00e1rios de S\u00e3o Bento do Sul e Regi\u00e3o","isPartOf":{"@id":"https:\/\/sindicatodosbancarios.org.br\/site2022\/#website"},"datePublished":"2017-10-03T18:55:36+00:00","dateModified":"2017-10-04T16:53:06+00:00","breadcrumb":{"@id":"https:\/\/sindicatodosbancarios.org.br\/site2022\/2017\/10\/03\/informe-1842017-reuniao-da-comissao-bipartite-paritaria-de-saude-do-trabalhador-contecfenaban\/#breadcrumb"},"inLanguage":"pt-BR","potentialAction":[{"@type":"ReadAction","target":["https:\/\/sindicatodosbancarios.org.br\/site2022\/2017\/10\/03\/informe-1842017-reuniao-da-comissao-bipartite-paritaria-de-saude-do-trabalhador-contecfenaban\/"]}]},{"@type":"BreadcrumbList","@id":"https:\/\/sindicatodosbancarios.org.br\/site2022\/2017\/10\/03\/informe-1842017-reuniao-da-comissao-bipartite-paritaria-de-saude-do-trabalhador-contecfenaban\/#breadcrumb","itemListElement":[{"@type":"ListItem","position":1,"name":"In\u00edcio","item":"https:\/\/sindicatodosbancarios.org.br\/site2022\/"},{"@type":"ListItem","position":2,"name":"INFORME 184\/2017 &#8211; REUNI\u00c3O DA COMISS\u00c3O BIPARTITE PARIT\u00c1RIA DE SA\u00daDE DO TRABALHADOR CONTEC\/FENABAN"}]},{"@type":"WebSite","@id":"https:\/\/sindicatodosbancarios.org.br\/site2022\/#website","url":"https:\/\/sindicatodosbancarios.org.br\/site2022\/","name":"Sindicato dos Banc\u00e1rios de S\u00e3o Bento do Sul e Regi\u00e3o","description":"Website institucional do Sindicato dos Banc\u00e1rios de S\u00e3o Bento do Sul e Regi\u00e3o","publisher":{"@id":"https:\/\/sindicatodosbancarios.org.br\/site2022\/#organization"},"potentialAction":[{"@type":"SearchAction","target":{"@type":"EntryPoint","urlTemplate":"https:\/\/sindicatodosbancarios.org.br\/site2022\/?s={search_term_string}"},"query-input":"required name=search_term_string"}],"inLanguage":"pt-BR"},{"@type":"Organization","@id":"https:\/\/sindicatodosbancarios.org.br\/site2022\/#organization","name":"Sindicato dos Banc\u00e1rios de S\u00e3o Bento do Sul e Regi\u00e3o","url":"https:\/\/sindicatodosbancarios.org.br\/site2022\/","logo":{"@type":"ImageObject","inLanguage":"pt-BR","@id":"https:\/\/sindicatodosbancarios.org.br\/site2022\/#\/schema\/logo\/image\/","url":"https:\/\/sindicatodosbancarios.org.br\/site2022\/wp-content\/uploads\/2017\/06\/cropped-logo-2.png","contentUrl":"https:\/\/sindicatodosbancarios.org.br\/site2022\/wp-content\/uploads\/2017\/06\/cropped-logo-2.png","width":292,"height":292,"caption":"Sindicato dos Banc\u00e1rios de S\u00e3o Bento do Sul e Regi\u00e3o"},"image":{"@id":"https:\/\/sindicatodosbancarios.org.br\/site2022\/#\/schema\/logo\/image\/"}},{"@type":"Person","@id":"https:\/\/sindicatodosbancarios.org.br\/site2022\/#\/schema\/person\/a7d92da77d1084df4d28b57962f1e1bd","name":"Sindicato dos Banc\u00e1rios S\u00e3o Bento do Sul e Regi\u00e3o","image":{"@type":"ImageObject","inLanguage":"pt-BR","@id":"https:\/\/sindicatodosbancarios.org.br\/site2022\/#\/schema\/person\/image\/","url":"https:\/\/secure.gravatar.com\/avatar\/f1d1a06f698f2345352e539387180d42?s=96&d=mm&r=g","contentUrl":"https:\/\/secure.gravatar.com\/avatar\/f1d1a06f698f2345352e539387180d42?s=96&d=mm&r=g","caption":"Sindicato dos Banc\u00e1rios S\u00e3o Bento do Sul e Regi\u00e3o"},"sameAs":["http:\/\/sindicatodosbancarios.org.br\/site2022\/","https:\/\/www.facebook.com\/seeb.sbs.9"],"url":"https:\/\/sindicatodosbancarios.org.br\/site2022\/author\/sindicatodosbancarios\/"}]}},"jetpack_featured_media_url":"https:\/\/sindicatodosbancarios.org.br\/site2022\/wp-content\/uploads\/2017\/10\/IMG_3387-1024x765.jpg","jetpack_sharing_enabled":true,"jetpack_shortlink":"https:\/\/wp.me\/p8RSbI-sU","jetpack-related-posts":[{"id":4255,"url":"https:\/\/sindicatodosbancarios.org.br\/site2022\/2020\/08\/12\/informe-bancario-290-2020-campanha-salarial-2020-fenaban\/","url_meta":{"origin":1792,"position":0},"title":"INFORME BANC\u00c1RIO \u2013 290\/2020 Campanha salarial 2020 \u2013 FENABAN","date":"12 de agosto de 2020","format":false,"excerpt":"A partir das 17h30 desta ter\u00e7a-feira (11), realizou-se, via remota\/virtual, a quarta\u00a0reuni\u00e3o entre a Comiss\u00e3o de Negocia\u00e7\u00e3o da\u00a0CONTEC\u00a0e\u00a0a\u00a0Comiss\u00e3o de Negocia\u00e7\u00e3o da\u00a0FENABAN,\u00a0para\u00a0debate\u00a0das reivindica\u00e7\u00f5es dos\u00a0banc\u00e1rios,\u00a0objetivando manter os direitos convencionados na\u00a0CCT\u00a0vigente e agregar\u00a0outros\u00a0benef\u00edcios,\u00a0para melhor\u00a0qualidade de vida\u00a0dos trabalhadores\u00a0eaperfei\u00e7oar o\u00a0atendimento da sociedade. Na\u00a0reuni\u00e3o\u00a0foram\u00a0debatidos\u00a0temas\u00a0de\u00a0sa\u00fade e condi\u00e7\u00f5es de trabalho,\u00a0com\u00a0insist\u00eancia em alternativa para a\u00a0manuten\u00e7\u00e3o dos\u00a0planos de sa\u00fade\u00a0p\u00f3s-aposentadoria, especialmente\u2026","rel":"","context":"Em &quot;Banco do Brasil&quot;","img":{"alt_text":"","src":"https:\/\/i0.wp.com\/sindicatodosbancarios.org.br\/site2022\/wp-content\/uploads\/2020\/08\/BEDD0270-C889-4668-91EC-9BA7152B423F.jpeg?resize=350%2C200&ssl=1","width":350,"height":200},"classes":[]},{"id":4326,"url":"https:\/\/sindicatodosbancarios.org.br\/site2022\/2020\/08\/21\/informe-bancario-310-2020-campanha-salarial-2020-fenaban\/","url_meta":{"origin":1792,"position":1},"title":"INFORME BANC\u00c1RIO \u2013 310\/2020 Campanha salarial 2020 \u2013 FENABAN","date":"21 de agosto de 2020","format":false,"excerpt":"A partir das 17h40 desta quinta-feira (20\/8), a Comiss\u00e3o Executiva Banc\u00e1ria Nacional de Negocia\u00e7\u00e3o da CONTEC realizou \u2013 via remota\/virtual \u2013, a oitava reuni\u00e3o com a Comiss\u00e3o de Negocia\u00e7\u00e3o da FENABAN, para dar continuidade aos debates das reivindica\u00e7\u00f5es dos banc\u00e1rios para a presente data-base, com vistas \u00e0 manuten\u00e7\u00e3o dos direitos\u2026","rel":"","context":"Em &quot;Banco do Brasil&quot;","img":{"alt_text":"","src":"https:\/\/i0.wp.com\/sindicatodosbancarios.org.br\/site2022\/wp-content\/uploads\/2020\/08\/BEDD0270-C889-4668-91EC-9BA7152B423F-2.jpeg?resize=350%2C200&ssl=1","width":350,"height":200},"classes":[]},{"id":4185,"url":"https:\/\/sindicatodosbancarios.org.br\/site2022\/2020\/07\/30\/informe-bancario-268-2020-reuniao-de-negociacao-com-a-fenaban-nesta-sexta-feira-31\/","url_meta":{"origin":1792,"position":2},"title":"INFORME BANC\u00c1RIO \u2013 268\/2020 Reuni\u00e3o de Negocia\u00e7\u00e3o com a FENABAN nesta sexta-feira (31)","date":"30 de julho de 2020","format":false,"excerpt":"Est\u00e1 agendada para essa sexta-feira (31) mais uma reuni\u00e3o de negocia\u00e7\u00e3o da Comiss\u00e3o Executiva Banc\u00e1ria Nacional de Negocia\u00e7\u00e3o (CEBNN\/CONTEC) e os representantes da Comiss\u00e3o de Negocia\u00e7\u00e3o da Federa\u00e7\u00e3o Nacional dos Bancos (Fenaban). O encontro que ser\u00e1 realizado por videoconfer\u00eancia est\u00e1 marcado para as 9h e vai definir o calend\u00e1rio das\u2026","rel":"","context":"Em &quot;Banco do Brasil&quot;","img":{"alt_text":"","src":"https:\/\/i0.wp.com\/sindicatodosbancarios.org.br\/site2022\/wp-content\/uploads\/2020\/06\/destaque-5programas-bancos.png?resize=350%2C200&ssl=1","width":350,"height":200},"classes":[]},{"id":4227,"url":"https:\/\/sindicatodosbancarios.org.br\/site2022\/2020\/08\/07\/informe-bancario-282-2020-terceira-reuniao-entre-a-comissao-de-negociacao-da-contec-e-a-comissao-de-negociacao-da-fenaban\/","url_meta":{"origin":1792,"position":3},"title":"INFORME BANC\u00c1RIO \u2013 282\/2020  Terceira reuni\u00e3o entre a Comiss\u00e3o de Negocia\u00e7\u00e3o da CONTEC e a Comiss\u00e3o de Negocia\u00e7\u00e3o da FENABAN","date":"7 de agosto de 2020","format":false,"excerpt":"Realizada\u00a0nesta\u00a0quinta-feira (06), a\u00a0partir das 12h,\u00a0via remota\/virtual, a\u00a0terceira\u00a0reuni\u00e3o entre a Comiss\u00e3o de Negocia\u00e7\u00e3o da\u00a0CONTEC\u00a0e a\u00a0Comiss\u00e3o de Negocia\u00e7\u00e3o da\u00a0FENABAN,\u00a0para debate\u00a0das reivindica\u00e7\u00f5es dos\u00a0banc\u00e1rios,\u00a0visando a\u00a0manuten\u00e7\u00e3o da\u00a0CCT\u00a0vigente e agrega\u00e7\u00e3o de\u00a0outros\u00a0benef\u00edcios,\u00a0objetivando\u00a0assegurar a qualidade de vida e\u00a0o bom atendimento da sociedade. Na\u00a0reuni\u00e3o\u00a0foram\u00a0debatidas\u00a0as quest\u00f5es\u00a0referentes \u00e0s Comiss\u00f5es Tem\u00e1ticas, com destaque para a preocupa\u00e7\u00e3o da manuten\u00e7\u00e3o dos planos de sa\u00fade\u2026","rel":"","context":"Em &quot;Banco do Brasil&quot;","img":{"alt_text":"","src":"https:\/\/i0.wp.com\/sindicatodosbancarios.org.br\/site2022\/wp-content\/uploads\/2020\/08\/camp-salarial-3.jpg?resize=350%2C200&ssl=1","width":350,"height":200},"classes":[]},{"id":4281,"url":"https:\/\/sindicatodosbancarios.org.br\/site2022\/2020\/08\/17\/informe-bancario-297-2020-campanha-salarial-2020-fenaban\/","url_meta":{"origin":1792,"position":4},"title":"INFORME BANC\u00c1RIO \u2013 297\/2020 Campanha salarial 2020 \u2013 FENABAN","date":"17 de agosto de 2020","format":false,"excerpt":"A partir das 14h,\u00a0desta\u00a0sexta-feira(14), via\u00a0remota\/virtual, a Comiss\u00e3o Executiva Banc\u00e1ria Nacional de Negocia\u00e7\u00e3o \u2013 CEBNN\/CONTEC\u00a0realizou\u00a0a\u00a0s\u00e9tima\u00a0reuni\u00e3o\u00a0com\u00a0a\u00a0Comiss\u00e3o de Negocia\u00e7\u00e3o da\u00a0FENABAN,\u00a0para\u00a0dar continuidade aos\u00a0debates\u00a0das reivindica\u00e7\u00f5es dos\u00a0banc\u00e1rios. O objetivo da categoria \u00e9\u00a0a manuten\u00e7\u00e3o dos atuais\u00a0direitos\u00a0alem de\u00a0acrescentar outros benef\u00edcios \u00e0\u00a0Conven\u00e7\u00e3o\u00a0Coletiva de\u00a0Trabalho,\u00a0para melhorar a qualidade\u00a0de vida\u00a0dos\u00a0trabalhadores\u00a0e\u00a0o\u00a0adequado\u00a0atendimento da sociedade. Na\u00a0reuni\u00e3o\u00a0foram debatidos temas relacionados ao dimensionamento\u00a0do quadro de funcion\u00e1rios por\u2026","rel":"","context":"Em &quot;Banco do Brasil&quot;","img":{"alt_text":"","src":"https:\/\/i0.wp.com\/sindicatodosbancarios.org.br\/site2022\/wp-content\/uploads\/2020\/08\/BEDD0270-C889-4668-91EC-9BA7152B423F-1.jpeg?resize=350%2C200&ssl=1","width":350,"height":200},"classes":[]},{"id":4337,"url":"https:\/\/sindicatodosbancarios.org.br\/site2022\/2020\/08\/25\/informe-bancario-313-2020-campanha-salarial-reuniao-de-negociacao-com-a-caixa-economica-federal\/","url_meta":{"origin":1792,"position":5},"title":"INFORME BANC\u00c1RIO \u2013 313\/2020 CAMPANHA SALARIAL: Reuni\u00e3o de negocia\u00e7\u00e3o com a Caixa Econ\u00f4mica Federal","date":"25 de agosto de 2020","format":false,"excerpt":"A Comiss\u00e3o Executiva Banc\u00e1ria Nacional de Negocia\u00e7\u00e3o \u2013 CEBNN\/Contec esteve reunida nesta segunda-feira (24), em videoconfer\u00eancia, com os representantes da Caixa Econ\u00f4mica Federal para debater a pauta de reivindica\u00e7\u00f5es dos empregados nesta Campanha Salarial. A reuni\u00e3o foi coordenada por parte da CONTEC, pela diretora de Finan\u00e7as da CONTEC, Rumiko Tanaka,\u2026","rel":"","context":"Em &quot;Caixa Econ\u00f4mica Federal&quot;","img":{"alt_text":"","src":"https:\/\/i0.wp.com\/sindicatodosbancarios.org.br\/site2022\/wp-content\/uploads\/2020\/08\/curiosidades-sobre-a-caixa-economica-federal-98.jpg?resize=350%2C200&ssl=1","width":350,"height":200},"classes":[]}],"_links":{"self":[{"href":"https:\/\/sindicatodosbancarios.org.br\/site2022\/wp-json\/wp\/v2\/posts\/1792"}],"collection":[{"href":"https:\/\/sindicatodosbancarios.org.br\/site2022\/wp-json\/wp\/v2\/posts"}],"about":[{"href":"https:\/\/sindicatodosbancarios.org.br\/site2022\/wp-json\/wp\/v2\/types\/post"}],"author":[{"embeddable":true,"href":"https:\/\/sindicatodosbancarios.org.br\/site2022\/wp-json\/wp\/v2\/users\/2"}],"replies":[{"embeddable":true,"href":"https:\/\/sindicatodosbancarios.org.br\/site2022\/wp-json\/wp\/v2\/comments?post=1792"}],"version-history":[{"count":1,"href":"https:\/\/sindicatodosbancarios.org.br\/site2022\/wp-json\/wp\/v2\/posts\/1792\/revisions"}],"predecessor-version":[{"id":1795,"href":"https:\/\/sindicatodosbancarios.org.br\/site2022\/wp-json\/wp\/v2\/posts\/1792\/revisions\/1795"}],"wp:featuredmedia":[{"embeddable":true,"href":"https:\/\/sindicatodosbancarios.org.br\/site2022\/wp-json\/wp\/v2\/media\/1794"}],"wp:attachment":[{"href":"https:\/\/sindicatodosbancarios.org.br\/site2022\/wp-json\/wp\/v2\/media?parent=1792"}],"wp:term":[{"taxonomy":"category","embeddable":true,"href":"https:\/\/sindicatodosbancarios.org.br\/site2022\/wp-json\/wp\/v2\/categories?post=1792"},{"taxonomy":"post_tag","embeddable":true,"href":"https:\/\/sindicatodosbancarios.org.br\/site2022\/wp-json\/wp\/v2\/tags?post=1792"}],"curies":[{"name":"wp","href":"https:\/\/api.w.org\/{rel}","templated":true}]}}