{"id":1800,"date":"2017-10-04T13:24:44","date_gmt":"2017-10-04T16:24:44","guid":{"rendered":"http:\/\/sindicatodosbancarios.org.br\/?p=1800"},"modified":"2017-10-04T14:33:52","modified_gmt":"2017-10-04T17:33:52","slug":"arbanc-recebe-visita-de-ex-bancario","status":"publish","type":"post","link":"https:\/\/sindicatodosbancarios.org.br\/site2022\/2017\/10\/04\/arbanc-recebe-visita-de-ex-bancario\/","title":{"rendered":"ARBANC RECEBE VISITA DE EX-BANC\u00c1RIO"},"content":{"rendered":"<p><em>Presidente do Sindicato recebe ex-banc\u00e1rio<\/em><\/p>\n<p>Ewerson Gutoski (Popular Tomate), ex-banc\u00e1rio do Banco Meridional do Brasil e s\u00f3cio na ARBANC, foi recebido pelo Presidente do Sindicato, Roberto Ortiz, em visita as obras da futura Recreativa dos Banc\u00e1rios de S\u00e3o Bento do Sul e Regi\u00e3o.<\/p>\n<p>&nbsp;<\/p>\n<p>Ewerson que tamb\u00e9m foi Diretor do Sindicato (Joinville), teceu elogios ao Presidente do Sindicato, Roberto Ortiz, ressaltando o local da constru\u00e7\u00e3o pela sua beleza natural, bem como a estrutura que ser\u00e1 disponibilizada aos s\u00f3cios e dependentes do Sindicato.<\/p>\n","protected":false},"excerpt":{"rendered":"<p>Presidente do Sindicato recebe ex-banc\u00e1rio Ewerson Gutoski (Popular Tomate), ex-banc\u00e1rio do Banco Meridional do Brasil e s\u00f3cio na [&hellip;]<\/p>\n","protected":false},"author":2,"featured_media":1802,"comment_status":"open","ping_status":"open","sticky":false,"template":"","format":"standard","meta":{"jetpack_post_was_ever_published":false,"jetpack_publicize_message":"","jetpack_is_tweetstorm":false,"jetpack_publicize_feature_enabled":true,"jetpack_social_post_already_shared":true,"jetpack_social_options":[]},"categories":[1],"tags":[],"jetpack_publicize_connections":[],"acf":[],"yoast_head":"<!-- This site is optimized with the Yoast SEO plugin v19.14 - https:\/\/yoast.com\/wordpress\/plugins\/seo\/ -->\n<title>ARBANC RECEBE VISITA DE EX-BANC\u00c1RIO - Sindicato dos Banc\u00e1rios de S\u00e3o Bento do Sul e Regi\u00e3o<\/title>\n<meta name=\"robots\" content=\"index, follow, max-snippet:-1, max-image-preview:large, max-video-preview:-1\" \/>\n<link rel=\"canonical\" href=\"https:\/\/sindicatodosbancarios.org.br\/site2022\/2017\/10\/04\/arbanc-recebe-visita-de-ex-bancario\/\" \/>\n<meta property=\"og:locale\" content=\"pt_BR\" \/>\n<meta property=\"og:type\" content=\"article\" \/>\n<meta property=\"og:title\" content=\"ARBANC RECEBE VISITA DE EX-BANC\u00c1RIO - Sindicato dos Banc\u00e1rios de S\u00e3o Bento do Sul e Regi\u00e3o\" \/>\n<meta property=\"og:description\" content=\"Presidente do Sindicato recebe ex-banc\u00e1rio Ewerson Gutoski (Popular Tomate), ex-banc\u00e1rio do Banco Meridional do Brasil e s\u00f3cio na [&hellip;]\" \/>\n<meta property=\"og:url\" content=\"https:\/\/sindicatodosbancarios.org.br\/site2022\/2017\/10\/04\/arbanc-recebe-visita-de-ex-bancario\/\" \/>\n<meta property=\"og:site_name\" content=\"Sindicato dos Banc\u00e1rios de S\u00e3o Bento do Sul e Regi\u00e3o\" \/>\n<meta property=\"article:author\" content=\"https:\/\/www.facebook.com\/seeb.sbs.9\" \/>\n<meta property=\"article:published_time\" content=\"2017-10-04T16:24:44+00:00\" \/>\n<meta property=\"article:modified_time\" content=\"2017-10-04T17:33:52+00:00\" \/>\n<meta property=\"og:image\" content=\"https:\/\/sindicatodosbancarios.org.br\/site2022\/wp-content\/uploads\/2017\/10\/WhatsApp-Image-2017-10-04-at-09.14.30.jpeg\" \/>\n\t<meta property=\"og:image:width\" content=\"1032\" \/>\n\t<meta property=\"og:image:height\" content=\"581\" \/>\n\t<meta property=\"og:image:type\" content=\"image\/jpeg\" \/>\n<meta name=\"author\" content=\"Sindicato dos Banc\u00e1rios S\u00e3o Bento do Sul e Regi\u00e3o\" \/>\n<meta name=\"twitter:card\" content=\"summary_large_image\" \/>\n<meta name=\"twitter:label1\" content=\"Escrito por\" \/>\n\t<meta name=\"twitter:data1\" content=\"Sindicato dos Banc\u00e1rios S\u00e3o Bento do Sul e Regi\u00e3o\" \/>\n<script type=\"application\/ld+json\" class=\"yoast-schema-graph\">{\"@context\":\"https:\/\/schema.org\",\"@graph\":[{\"@type\":\"Article\",\"@id\":\"https:\/\/sindicatodosbancarios.org.br\/site2022\/2017\/10\/04\/arbanc-recebe-visita-de-ex-bancario\/#article\",\"isPartOf\":{\"@id\":\"https:\/\/sindicatodosbancarios.org.br\/site2022\/2017\/10\/04\/arbanc-recebe-visita-de-ex-bancario\/\"},\"author\":{\"name\":\"Sindicato dos Banc\u00e1rios S\u00e3o Bento do Sul e Regi\u00e3o\",\"@id\":\"https:\/\/sindicatodosbancarios.org.br\/site2022\/#\/schema\/person\/a7d92da77d1084df4d28b57962f1e1bd\"},\"headline\":\"ARBANC RECEBE VISITA DE EX-BANC\u00c1RIO\",\"datePublished\":\"2017-10-04T16:24:44+00:00\",\"dateModified\":\"2017-10-04T17:33:52+00:00\",\"mainEntityOfPage\":{\"@id\":\"https:\/\/sindicatodosbancarios.org.br\/site2022\/2017\/10\/04\/arbanc-recebe-visita-de-ex-bancario\/\"},\"wordCount\":97,\"commentCount\":0,\"publisher\":{\"@id\":\"https:\/\/sindicatodosbancarios.org.br\/site2022\/#organization\"},\"articleSection\":[\"Geral\"],\"inLanguage\":\"pt-BR\",\"potentialAction\":[{\"@type\":\"CommentAction\",\"name\":\"Comment\",\"target\":[\"https:\/\/sindicatodosbancarios.org.br\/site2022\/2017\/10\/04\/arbanc-recebe-visita-de-ex-bancario\/#respond\"]}]},{\"@type\":\"WebPage\",\"@id\":\"https:\/\/sindicatodosbancarios.org.br\/site2022\/2017\/10\/04\/arbanc-recebe-visita-de-ex-bancario\/\",\"url\":\"https:\/\/sindicatodosbancarios.org.br\/site2022\/2017\/10\/04\/arbanc-recebe-visita-de-ex-bancario\/\",\"name\":\"ARBANC RECEBE VISITA DE EX-BANC\u00c1RIO - Sindicato dos Banc\u00e1rios de S\u00e3o Bento do Sul e Regi\u00e3o\",\"isPartOf\":{\"@id\":\"https:\/\/sindicatodosbancarios.org.br\/site2022\/#website\"},\"datePublished\":\"2017-10-04T16:24:44+00:00\",\"dateModified\":\"2017-10-04T17:33:52+00:00\",\"breadcrumb\":{\"@id\":\"https:\/\/sindicatodosbancarios.org.br\/site2022\/2017\/10\/04\/arbanc-recebe-visita-de-ex-bancario\/#breadcrumb\"},\"inLanguage\":\"pt-BR\",\"potentialAction\":[{\"@type\":\"ReadAction\",\"target\":[\"https:\/\/sindicatodosbancarios.org.br\/site2022\/2017\/10\/04\/arbanc-recebe-visita-de-ex-bancario\/\"]}]},{\"@type\":\"BreadcrumbList\",\"@id\":\"https:\/\/sindicatodosbancarios.org.br\/site2022\/2017\/10\/04\/arbanc-recebe-visita-de-ex-bancario\/#breadcrumb\",\"itemListElement\":[{\"@type\":\"ListItem\",\"position\":1,\"name\":\"In\u00edcio\",\"item\":\"https:\/\/sindicatodosbancarios.org.br\/site2022\/\"},{\"@type\":\"ListItem\",\"position\":2,\"name\":\"ARBANC RECEBE VISITA DE EX-BANC\u00c1RIO\"}]},{\"@type\":\"WebSite\",\"@id\":\"https:\/\/sindicatodosbancarios.org.br\/site2022\/#website\",\"url\":\"https:\/\/sindicatodosbancarios.org.br\/site2022\/\",\"name\":\"Sindicato dos Banc\u00e1rios de S\u00e3o Bento do Sul e Regi\u00e3o\",\"description\":\"Website institucional do Sindicato dos Banc\u00e1rios de S\u00e3o Bento do Sul e Regi\u00e3o\",\"publisher\":{\"@id\":\"https:\/\/sindicatodosbancarios.org.br\/site2022\/#organization\"},\"potentialAction\":[{\"@type\":\"SearchAction\",\"target\":{\"@type\":\"EntryPoint\",\"urlTemplate\":\"https:\/\/sindicatodosbancarios.org.br\/site2022\/?s={search_term_string}\"},\"query-input\":\"required name=search_term_string\"}],\"inLanguage\":\"pt-BR\"},{\"@type\":\"Organization\",\"@id\":\"https:\/\/sindicatodosbancarios.org.br\/site2022\/#organization\",\"name\":\"Sindicato dos Banc\u00e1rios de S\u00e3o Bento do Sul e Regi\u00e3o\",\"url\":\"https:\/\/sindicatodosbancarios.org.br\/site2022\/\",\"logo\":{\"@type\":\"ImageObject\",\"inLanguage\":\"pt-BR\",\"@id\":\"https:\/\/sindicatodosbancarios.org.br\/site2022\/#\/schema\/logo\/image\/\",\"url\":\"https:\/\/sindicatodosbancarios.org.br\/site2022\/wp-content\/uploads\/2017\/06\/cropped-logo-2.png\",\"contentUrl\":\"https:\/\/sindicatodosbancarios.org.br\/site2022\/wp-content\/uploads\/2017\/06\/cropped-logo-2.png\",\"width\":292,\"height\":292,\"caption\":\"Sindicato dos Banc\u00e1rios de S\u00e3o Bento do Sul e Regi\u00e3o\"},\"image\":{\"@id\":\"https:\/\/sindicatodosbancarios.org.br\/site2022\/#\/schema\/logo\/image\/\"}},{\"@type\":\"Person\",\"@id\":\"https:\/\/sindicatodosbancarios.org.br\/site2022\/#\/schema\/person\/a7d92da77d1084df4d28b57962f1e1bd\",\"name\":\"Sindicato dos Banc\u00e1rios S\u00e3o Bento do Sul e Regi\u00e3o\",\"image\":{\"@type\":\"ImageObject\",\"inLanguage\":\"pt-BR\",\"@id\":\"https:\/\/sindicatodosbancarios.org.br\/site2022\/#\/schema\/person\/image\/\",\"url\":\"https:\/\/secure.gravatar.com\/avatar\/f1d1a06f698f2345352e539387180d42?s=96&d=mm&r=g\",\"contentUrl\":\"https:\/\/secure.gravatar.com\/avatar\/f1d1a06f698f2345352e539387180d42?s=96&d=mm&r=g\",\"caption\":\"Sindicato dos Banc\u00e1rios S\u00e3o Bento do Sul e Regi\u00e3o\"},\"sameAs\":[\"http:\/\/sindicatodosbancarios.org.br\/site2022\/\",\"https:\/\/www.facebook.com\/seeb.sbs.9\"],\"url\":\"https:\/\/sindicatodosbancarios.org.br\/site2022\/author\/sindicatodosbancarios\/\"}]}<\/script>\n<!-- \/ Yoast SEO plugin. -->","yoast_head_json":{"title":"ARBANC RECEBE VISITA DE EX-BANC\u00c1RIO - Sindicato dos Banc\u00e1rios de S\u00e3o Bento do Sul e Regi\u00e3o","robots":{"index":"index","follow":"follow","max-snippet":"max-snippet:-1","max-image-preview":"max-image-preview:large","max-video-preview":"max-video-preview:-1"},"canonical":"https:\/\/sindicatodosbancarios.org.br\/site2022\/2017\/10\/04\/arbanc-recebe-visita-de-ex-bancario\/","og_locale":"pt_BR","og_type":"article","og_title":"ARBANC RECEBE VISITA DE EX-BANC\u00c1RIO - Sindicato dos Banc\u00e1rios de S\u00e3o Bento do Sul e Regi\u00e3o","og_description":"Presidente do Sindicato recebe ex-banc\u00e1rio Ewerson Gutoski (Popular Tomate), ex-banc\u00e1rio do Banco Meridional do Brasil e s\u00f3cio na [&hellip;]","og_url":"https:\/\/sindicatodosbancarios.org.br\/site2022\/2017\/10\/04\/arbanc-recebe-visita-de-ex-bancario\/","og_site_name":"Sindicato dos Banc\u00e1rios de S\u00e3o Bento do Sul e Regi\u00e3o","article_author":"https:\/\/www.facebook.com\/seeb.sbs.9","article_published_time":"2017-10-04T16:24:44+00:00","article_modified_time":"2017-10-04T17:33:52+00:00","og_image":[{"width":1032,"height":581,"url":"https:\/\/sindicatodosbancarios.org.br\/site2022\/wp-content\/uploads\/2017\/10\/WhatsApp-Image-2017-10-04-at-09.14.30.jpeg","type":"image\/jpeg"}],"author":"Sindicato dos Banc\u00e1rios S\u00e3o Bento do Sul e Regi\u00e3o","twitter_card":"summary_large_image","twitter_misc":{"Escrito por":"Sindicato dos Banc\u00e1rios S\u00e3o Bento do Sul e Regi\u00e3o"},"schema":{"@context":"https:\/\/schema.org","@graph":[{"@type":"Article","@id":"https:\/\/sindicatodosbancarios.org.br\/site2022\/2017\/10\/04\/arbanc-recebe-visita-de-ex-bancario\/#article","isPartOf":{"@id":"https:\/\/sindicatodosbancarios.org.br\/site2022\/2017\/10\/04\/arbanc-recebe-visita-de-ex-bancario\/"},"author":{"name":"Sindicato dos Banc\u00e1rios S\u00e3o Bento do Sul e Regi\u00e3o","@id":"https:\/\/sindicatodosbancarios.org.br\/site2022\/#\/schema\/person\/a7d92da77d1084df4d28b57962f1e1bd"},"headline":"ARBANC RECEBE VISITA DE EX-BANC\u00c1RIO","datePublished":"2017-10-04T16:24:44+00:00","dateModified":"2017-10-04T17:33:52+00:00","mainEntityOfPage":{"@id":"https:\/\/sindicatodosbancarios.org.br\/site2022\/2017\/10\/04\/arbanc-recebe-visita-de-ex-bancario\/"},"wordCount":97,"commentCount":0,"publisher":{"@id":"https:\/\/sindicatodosbancarios.org.br\/site2022\/#organization"},"articleSection":["Geral"],"inLanguage":"pt-BR","potentialAction":[{"@type":"CommentAction","name":"Comment","target":["https:\/\/sindicatodosbancarios.org.br\/site2022\/2017\/10\/04\/arbanc-recebe-visita-de-ex-bancario\/#respond"]}]},{"@type":"WebPage","@id":"https:\/\/sindicatodosbancarios.org.br\/site2022\/2017\/10\/04\/arbanc-recebe-visita-de-ex-bancario\/","url":"https:\/\/sindicatodosbancarios.org.br\/site2022\/2017\/10\/04\/arbanc-recebe-visita-de-ex-bancario\/","name":"ARBANC RECEBE VISITA DE EX-BANC\u00c1RIO - Sindicato dos Banc\u00e1rios de S\u00e3o Bento do Sul e Regi\u00e3o","isPartOf":{"@id":"https:\/\/sindicatodosbancarios.org.br\/site2022\/#website"},"datePublished":"2017-10-04T16:24:44+00:00","dateModified":"2017-10-04T17:33:52+00:00","breadcrumb":{"@id":"https:\/\/sindicatodosbancarios.org.br\/site2022\/2017\/10\/04\/arbanc-recebe-visita-de-ex-bancario\/#breadcrumb"},"inLanguage":"pt-BR","potentialAction":[{"@type":"ReadAction","target":["https:\/\/sindicatodosbancarios.org.br\/site2022\/2017\/10\/04\/arbanc-recebe-visita-de-ex-bancario\/"]}]},{"@type":"BreadcrumbList","@id":"https:\/\/sindicatodosbancarios.org.br\/site2022\/2017\/10\/04\/arbanc-recebe-visita-de-ex-bancario\/#breadcrumb","itemListElement":[{"@type":"ListItem","position":1,"name":"In\u00edcio","item":"https:\/\/sindicatodosbancarios.org.br\/site2022\/"},{"@type":"ListItem","position":2,"name":"ARBANC RECEBE VISITA DE EX-BANC\u00c1RIO"}]},{"@type":"WebSite","@id":"https:\/\/sindicatodosbancarios.org.br\/site2022\/#website","url":"https:\/\/sindicatodosbancarios.org.br\/site2022\/","name":"Sindicato dos Banc\u00e1rios de S\u00e3o Bento do Sul e Regi\u00e3o","description":"Website institucional do Sindicato dos Banc\u00e1rios de S\u00e3o Bento do Sul e Regi\u00e3o","publisher":{"@id":"https:\/\/sindicatodosbancarios.org.br\/site2022\/#organization"},"potentialAction":[{"@type":"SearchAction","target":{"@type":"EntryPoint","urlTemplate":"https:\/\/sindicatodosbancarios.org.br\/site2022\/?s={search_term_string}"},"query-input":"required name=search_term_string"}],"inLanguage":"pt-BR"},{"@type":"Organization","@id":"https:\/\/sindicatodosbancarios.org.br\/site2022\/#organization","name":"Sindicato dos Banc\u00e1rios de S\u00e3o Bento do Sul e Regi\u00e3o","url":"https:\/\/sindicatodosbancarios.org.br\/site2022\/","logo":{"@type":"ImageObject","inLanguage":"pt-BR","@id":"https:\/\/sindicatodosbancarios.org.br\/site2022\/#\/schema\/logo\/image\/","url":"https:\/\/sindicatodosbancarios.org.br\/site2022\/wp-content\/uploads\/2017\/06\/cropped-logo-2.png","contentUrl":"https:\/\/sindicatodosbancarios.org.br\/site2022\/wp-content\/uploads\/2017\/06\/cropped-logo-2.png","width":292,"height":292,"caption":"Sindicato dos Banc\u00e1rios de S\u00e3o Bento do Sul e Regi\u00e3o"},"image":{"@id":"https:\/\/sindicatodosbancarios.org.br\/site2022\/#\/schema\/logo\/image\/"}},{"@type":"Person","@id":"https:\/\/sindicatodosbancarios.org.br\/site2022\/#\/schema\/person\/a7d92da77d1084df4d28b57962f1e1bd","name":"Sindicato dos Banc\u00e1rios S\u00e3o Bento do Sul e Regi\u00e3o","image":{"@type":"ImageObject","inLanguage":"pt-BR","@id":"https:\/\/sindicatodosbancarios.org.br\/site2022\/#\/schema\/person\/image\/","url":"https:\/\/secure.gravatar.com\/avatar\/f1d1a06f698f2345352e539387180d42?s=96&d=mm&r=g","contentUrl":"https:\/\/secure.gravatar.com\/avatar\/f1d1a06f698f2345352e539387180d42?s=96&d=mm&r=g","caption":"Sindicato dos Banc\u00e1rios S\u00e3o Bento do Sul e Regi\u00e3o"},"sameAs":["http:\/\/sindicatodosbancarios.org.br\/site2022\/","https:\/\/www.facebook.com\/seeb.sbs.9"],"url":"https:\/\/sindicatodosbancarios.org.br\/site2022\/author\/sindicatodosbancarios\/"}]}},"jetpack_featured_media_url":"https:\/\/sindicatodosbancarios.org.br\/site2022\/wp-content\/uploads\/2017\/10\/WhatsApp-Image-2017-10-04-at-09.14.30.jpeg","jetpack_sharing_enabled":true,"jetpack_shortlink":"https:\/\/wp.me\/p8RSbI-t2","jetpack-related-posts":[{"id":4299,"url":"https:\/\/sindicatodosbancarios.org.br\/site2022\/2020\/08\/20\/informe-bancario-302-2020-governo-oficializa-indicacao-de-andre-brandao-como-presidente-do-banco-do-brasil\/","url_meta":{"origin":1800,"position":0},"title":"INFORME BANC\u00c1RIO \u2013 302\/2020 Governo oficializa indica\u00e7\u00e3o de Andr\u00e9 Brand\u00e3o como presidente do Banco do Brasil","date":"20 de agosto de 2020","format":false,"excerpt":"O\u00a0Banco do Brasil\u00a0(BBSA3)\u00a0informou nesta sexta-feira que come\u00e7ou os procedimentos para confirmar a elei\u00e7\u00e3o de Andr\u00e9 Guilherme Brand\u00e3o para o cargo de presidente da companhia. Os tr\u00e2mites come\u00e7ar\u00e3o ap\u00f3s comunica\u00e7\u00e3o do\u00a0Minist\u00e9rio da Economia, afirmou o banco em fato relevante, indicando que o governo federal, acionista controlador, indicou o executivo para a\u2026","rel":"","context":"Em &quot;Banco do Brasil&quot;","img":{"alt_text":"","src":"https:\/\/i0.wp.com\/sindicatodosbancarios.org.br\/site2022\/wp-content\/uploads\/2020\/08\/Andr\u00e9-Guilherme-Brand\u00e3o.jpg?resize=350%2C200&ssl=1","width":350,"height":200},"classes":[]},{"id":5971,"url":"https:\/\/sindicatodosbancarios.org.br\/site2022\/2022\/03\/29\/bancarios-homenageiam-adao-de-oliveira-inauguracao-quadras-esportivas-arbanc\/","url_meta":{"origin":1800,"position":1},"title":"BANC\u00c1RIOS HOMENAGEIAM AD\u00c3O DE OLIVEIRA &#8211; INAUGURA\u00c7\u00c3O QUADRAS ESPORTIVAS &#8211; ARBANC","date":"29 de mar\u00e7o de 2022","format":false,"excerpt":"No \u00faltimo dia 26 de mar\u00e7o, banc\u00e1rios da regi\u00e3o estiveram reunidos na sede da Associa\u00e7\u00e3o Recreativa dos Banc\u00e1rios \u201cJos\u00e9 Ilton Belli\u201d \u2013 ARBANC, localizada no Bairro Bras\u00edlia para uma confraterniza\u00e7\u00e3o e a inaugura\u00e7\u00e3o das quadras de futebol society e v\u00f4lei de areia. Na ocasi\u00e3o foi realizada a homenagem ao ex-banc\u00e1rio\u2026","rel":"","context":"Em &quot;Banco do Brasil&quot;","img":{"alt_text":"","src":"https:\/\/i0.wp.com\/sindicatodosbancarios.org.br\/site2022\/wp-content\/uploads\/2022\/03\/DSC_3974.jpg?resize=350%2C200&ssl=1","width":350,"height":200},"classes":[]},{"id":6278,"url":"https:\/\/sindicatodosbancarios.org.br\/site2022\/2022\/04\/13\/informe-bancario-43-2022-sindicato-diz-que-nao-houve-reuniao-com-presidente-do-bc-greve-deve-continuar\/","url_meta":{"origin":1800,"position":2},"title":"INFORME BANC\u00c1RIO \u2013 43\/2022 Sindicato diz que n\u00e3o houve reuni\u00e3o com presidente do BC; greve deve continuar","date":"13 de abril de 2022","format":false,"excerpt":"O presidente do Sindicato Nacional de Funcion\u00e1rios do Banco Central (Sinal), F\u00e1bio Faiad, afirmou que a reuni\u00e3o esperada para a manh\u00e3 desta ter\u00e7a-feira com o presidente do BC, Roberto Campos Neto, n\u00e3o ocorreu e que, assim, a posi\u00e7\u00e3o do sindicato \u00e9 pela continuidade da greve dos servidores da autarquia, que\u2026","rel":"","context":"Em &quot;Geral&quot;","img":{"alt_text":"","src":"https:\/\/i0.wp.com\/sindicatodosbancarios.org.br\/site2022\/wp-content\/uploads\/2022\/04\/shutterstock_1486752722-1.jpg?resize=350%2C200&ssl=1","width":350,"height":200},"classes":[]},{"id":5062,"url":"https:\/\/sindicatodosbancarios.org.br\/site2022\/2021\/01\/26\/informe-bancario-30-2021-desmentido-do-stf-sobre-alegacao-falsa-de-bolsonaro-foi-destaque\/","url_meta":{"origin":1800,"position":3},"title":"INFORME BANC\u00c1RIO \u2013 30\/2021 Desmentido do STF sobre alega\u00e7\u00e3o falsa de Bolsonaro foi destaque","date":"26 de janeiro de 2021","format":false,"excerpt":"Na segunda-feira (18\/1), a Secretaria de Comunica\u00e7\u00e3o Social do Supremo Tribunal Federal esclareceu que n\u00e3o \u00e9 verdadeira a afirma\u00e7\u00e3o do presidente Jair Bolsonaro de que a corte proibiu o governo federal de agir no enfrentamento da epidemia da Covid-19. Na verdade, o Plen\u00e1rio decidiu, no in\u00edcio da pandemia, em 2020,\u2026","rel":"","context":"Em &quot;Geral&quot;","img":{"alt_text":"","src":"https:\/\/i0.wp.com\/sindicatodosbancarios.org.br\/site2022\/wp-content\/uploads\/2020\/07\/presidente-jair-bolsonaro-em-brasilia-1592947375528_v2_900x506.jpg?resize=350%2C200&ssl=1","width":350,"height":200},"classes":[]},{"id":4942,"url":"https:\/\/sindicatodosbancarios.org.br\/site2022\/2020\/12\/29\/informe-bancario-478-2020-seeb-sbs-e-regiao-renova-termo-de-adesao-act-ccv-com-a-caixa-economica-federal\/","url_meta":{"origin":1800,"position":4},"title":"INFORME BANC\u00c1RIO \u2013 478\/2020 SEEB SBS E REGI\u00c3O &#8211; RENOVA TERMO DE ADES\u00c3O ACT CCV COM A CAIXA ECON\u00d4MICA FEDERAL","date":"29 de dezembro de 2020","format":false,"excerpt":"O Sindicato segue realizando concilia\u00e7\u00f5es de CCV (Comiss\u00e3o de Concilia\u00e7\u00e3o Volunt\u00e1ria) para os Ex-empregados da Caixa Econ\u00f4mica Federal, conseguindo recuperar direitos relacionados ao benef\u00edcio futuro do Aux\u00edlio-alimenta\u00e7\u00e3o p\u00f3s-aposentadoria. As recentes propostas do Banco foram apresentadas e analisadas pelo Presidente do Sindicato Sr. Luiz Carlos de Oliveira, com aprova\u00e7\u00e3o dos Ex-empregados.\u2026","rel":"","context":"Em &quot;Caixa Econ\u00f4mica Federal&quot;","img":{"alt_text":"","src":"https:\/\/i0.wp.com\/sindicatodosbancarios.org.br\/site2022\/wp-content\/uploads\/2020\/09\/brasilia-df-brasil-caixa-economica-federal-foto-marcelo-camargoagencia-brasil-1600822484947_v2_900x506.jpg?resize=350%2C200&ssl=1","width":350,"height":200},"classes":[]},{"id":4639,"url":"https:\/\/sindicatodosbancarios.org.br\/site2022\/2020\/10\/13\/informe-bancario-388-2020-acabei-com-a-lava-jato-porque-nao-tem-mais-corrupcao-no-governo-diz-bolsonaro\/","url_meta":{"origin":1800,"position":5},"title":"INFORME BANC\u00c1RIO \u2013 388\/2020 Acabei com a Lava Jato porque n\u00e3o tem mais corrup\u00e7\u00e3o no governo, diz Bolsonaro","date":"13 de outubro de 2020","format":false,"excerpt":"\"Sei que n\u00e3o \u00e9 virtude, \u00e9 obriga\u00e7\u00e3o\", afirmou o presidente BRAS\u00cdLIA O presidente Jair Bolsonaro afirmou nesta quarta-feira que acabou com a Lava Jato porque, segundo ele, n\u00e3o h\u00e1 mais corrup\u00e7\u00e3o no governo, no momento em que se alia politicamente a investigados da opera\u00e7\u00e3o no Congresso e se aproximou de\u2026","rel":"","context":"Em &quot;Geral&quot;","img":{"alt_text":"","src":"https:\/\/i0.wp.com\/sindicatodosbancarios.org.br\/site2022\/wp-content\/uploads\/2020\/10\/49782687922_8d1aaf7e1a_k-1.jpg?resize=350%2C200&ssl=1","width":350,"height":200},"classes":[]}],"_links":{"self":[{"href":"https:\/\/sindicatodosbancarios.org.br\/site2022\/wp-json\/wp\/v2\/posts\/1800"}],"collection":[{"href":"https:\/\/sindicatodosbancarios.org.br\/site2022\/wp-json\/wp\/v2\/posts"}],"about":[{"href":"https:\/\/sindicatodosbancarios.org.br\/site2022\/wp-json\/wp\/v2\/types\/post"}],"author":[{"embeddable":true,"href":"https:\/\/sindicatodosbancarios.org.br\/site2022\/wp-json\/wp\/v2\/users\/2"}],"replies":[{"embeddable":true,"href":"https:\/\/sindicatodosbancarios.org.br\/site2022\/wp-json\/wp\/v2\/comments?post=1800"}],"version-history":[{"count":3,"href":"https:\/\/sindicatodosbancarios.org.br\/site2022\/wp-json\/wp\/v2\/posts\/1800\/revisions"}],"predecessor-version":[{"id":1805,"href":"https:\/\/sindicatodosbancarios.org.br\/site2022\/wp-json\/wp\/v2\/posts\/1800\/revisions\/1805"}],"wp:featuredmedia":[{"embeddable":true,"href":"https:\/\/sindicatodosbancarios.org.br\/site2022\/wp-json\/wp\/v2\/media\/1802"}],"wp:attachment":[{"href":"https:\/\/sindicatodosbancarios.org.br\/site2022\/wp-json\/wp\/v2\/media?parent=1800"}],"wp:term":[{"taxonomy":"category","embeddable":true,"href":"https:\/\/sindicatodosbancarios.org.br\/site2022\/wp-json\/wp\/v2\/categories?post=1800"},{"taxonomy":"post_tag","embeddable":true,"href":"https:\/\/sindicatodosbancarios.org.br\/site2022\/wp-json\/wp\/v2\/tags?post=1800"}],"curies":[{"name":"wp","href":"https:\/\/api.w.org\/{rel}","templated":true}]}}