{"id":1878,"date":"2017-10-27T16:42:34","date_gmt":"2017-10-27T18:42:34","guid":{"rendered":"http:\/\/sindicatodosbancarios.org.br\/?p=1878"},"modified":"2017-12-12T14:18:00","modified_gmt":"2017-12-12T16:18:00","slug":"informe-1942017-inauguracao-da-recreativa-e-festa-dos-bancarios-sera-no-dia-1012","status":"publish","type":"post","link":"https:\/\/sindicatodosbancarios.org.br\/site2022\/2017\/10\/27\/informe-1942017-inauguracao-da-recreativa-e-festa-dos-bancarios-sera-no-dia-1012\/","title":{"rendered":"INFORME 194\/2017 &#8211; INAUGURA\u00c7\u00c3O DA RECREATIVA E FESTA DOS BANC\u00c1RIOS SER\u00c1 NO DIA 10\/12"},"content":{"rendered":"<p>A grande Festa da Categoria Banc\u00e1ria ser\u00e1 realizada no dia 10 de dezembro, juntamente com a inaugura\u00e7\u00e3o da ARBANC (Associa\u00e7\u00e3o Recreativa dos Banc\u00e1rios).<\/p>\n<p>O Sindicato dos Banc\u00e1rios de S\u00e3o Bento do Sul e Regi\u00e3o realizar\u00e1 a entrega aos seus associados e dependentes da Recreativa dos Banc\u00e1rios (ARBANC) e promover\u00e1 a tradicional Festa dos Banc\u00e1rios no dia 10\/12\/2017 (domingo).<\/p>\n<p>Nesse ano a Festa dos Banc\u00e1rios ser\u00e1 realizada na sua pr\u00f3pria casa. Essa \u00e9 mais uma grande conquista do seu Sindicato.<\/p>\n<p>Toda a categoria est\u00e1 convidada a participar do evento de inaugura\u00e7\u00e3o e dos festejos. Para tanto, adquira seu ingresso com o representante em sua ag\u00eancia ou diretamente no Sindicato.<\/p>\n<p>Nesse dia vamos realizar uma grande festa em homenagem a voc\u00ea banc\u00e1rio, banc\u00e1ria e aos familiares. Esse sempre foi o principal prop\u00f3sito da ARBANC, que \u00e9 disponibilizar um espa\u00e7o de tranquilidade e lazer.<\/p>\n<p>Estaremos colocando toda estrutura dispon\u00edvel no momento para receb\u00ea-los e a seus familiares.<\/p>\n<p>No dia ser\u00e1 servido um excelente almo\u00e7o, bebidas, m\u00fasica e o sorteio de pr\u00eamios, e, para tranq\u00fcilidade das banc\u00e1rias haver\u00e1 atividades l\u00fadicas para as crian\u00e7as.<\/p>\n<p>O Sindicato realizar\u00e1 o sorteio de pr\u00eamios para toda categoria e aos participantes da Festa, ou seja, haver\u00e1 sorteio que beneficiar\u00e1 todos os associados do Sindicato, presente ou n\u00e3o e sorteio para quem comparecer a Festa.<\/p>\n<p>O associado que adquirir o cart\u00e3o de almo\u00e7o e participar da Festa ter\u00e1 a devolu\u00e7\u00e3o do valor pago.<\/p>\n<p>Ser\u00e1 um dia onde os banc\u00e1rios (as) poder\u00e3o relaxar e interagir com seus familiares e amigos. Ser\u00e1 um dia inesquec\u00edvel.<\/p>\n<p>Em breve o Sindicato estar\u00e1 encaminhando e passando em sua ag\u00eancia para entregar o material de divulga\u00e7\u00e3o.<\/p>\n<p>Vamos comemorar esse grande dia.<\/p>\n<p>A ARBANC n\u00e3o \u00e9 mais um sonho. \u00c9 realidade.Participe!<\/p>\n<p style=\"text-align: center;\"><strong><em>Roberto Odenir Ortiz<\/em><\/strong><br \/>\n<strong><em>Presidente<\/em><\/strong><\/p>\n<p>Localiza\u00e7\u00e3o:<\/p>\n<div dir=\"ltr\">\n<div class=\"x_gmail_quote\">\n<div><img loading=\"lazy\" src=\"https:\/\/maps.gstatic.com\/tactile\/sendtodevice\/email_logo.png\" alt=\"Google\" width=\"150px\" height=\"40px\" \/><\/div>\n<p>Veja rotas de Centro para <a tabindex=\"-1\" href=\"https:\/\/maps.google.com\/?q=Rua+das+Camelias,+296&amp;entry=gmail&amp;source=g\">Rua das Camelias, 296<\/a> &#8211; Bras\u00edlia no Google Maps.<\/p>\n<table cellspacing=\"0\" cellpadding=\"0\">\n<tbody>\n<tr>\n<td><a tabindex=\"-1\" href=\"https:\/\/maps.app.goo.gl\/?link=https:\/\/www.google.com.br\/maps\/dir\/Centro,%2BS%25C3%25A3o%2BBento%2Bdo%2BSul%2B-%2BSC\/Rua%2Bdas%2BCamelias,%2B296%2B-%2BBras%25C3%25ADlia,%2BS%25C3%25A3o%2BBento%2Bdo%2BSul%2B-%2BSC,%2B89282-445\/@-26.2329727,-49.3893703,5590m\/data%3D!3m2!1e3!4b1!4m13!4m12!1m5!1m1!1s0x94ddd4bf7aa82f27:0x3e44998b7c65798c!2m2!1d-49.3827828!2d-26.2482507!1m5!1m1!1s0x94dc2b5ee87293d3:0x8cfd7e09cd98f444!2m2!1d-49.3465546!2d-26.222962?shorturl%3D1%26utm_source%3Dapp-invite%26mt%3D8%26pt%3D9008%26utm_medium%3DSIMPLE%26utm_campaign%3Ds2e-ai%26ct%3Ds2e-ai&amp;apn=com.google.android.apps.maps&amp;amv=703000000&amp;isi=585027354&amp;ibi=com.google.Maps&amp;ius=comgooglemapsurl&amp;utm_source=app-invite&amp;mt=8&amp;pt=9008&amp;utm_medium=SIMPLE&amp;utm_campaign=s2e-ai&amp;ct=s2e-ai&amp;invitation_id=493454522602-48d087dc-de08-49ae-8bde-db861a3fd5fc\" target=\"_blank\" rel=\"noopener\">VISUALIZAR NO GOOGLE MAPS<\/a><\/td>\n<\/tr>\n<\/tbody>\n<\/table>\n<p>&nbsp;<\/p>\n<\/div>\n<\/div>\n","protected":false},"excerpt":{"rendered":"<p>A grande Festa da Categoria Banc\u00e1ria ser\u00e1 realizada no dia 10 de dezembro, juntamente com a inaugura\u00e7\u00e3o da [&hellip;]<\/p>\n","protected":false},"author":2,"featured_media":1880,"comment_status":"open","ping_status":"open","sticky":false,"template":"","format":"standard","meta":{"jetpack_post_was_ever_published":false,"jetpack_publicize_message":"","jetpack_is_tweetstorm":false,"jetpack_publicize_feature_enabled":true,"jetpack_social_post_already_shared":true,"jetpack_social_options":[]},"categories":[1],"tags":[],"jetpack_publicize_connections":[],"acf":[],"yoast_head":"<!-- This site is optimized with the Yoast SEO plugin v19.14 - https:\/\/yoast.com\/wordpress\/plugins\/seo\/ -->\n<title>INFORME 194\/2017 - INAUGURA\u00c7\u00c3O DA RECREATIVA E FESTA DOS BANC\u00c1RIOS SER\u00c1 NO DIA 10\/12 - Sindicato dos Banc\u00e1rios de S\u00e3o Bento do Sul e Regi\u00e3o<\/title>\n<meta name=\"robots\" content=\"index, follow, max-snippet:-1, max-image-preview:large, max-video-preview:-1\" \/>\n<link rel=\"canonical\" href=\"https:\/\/sindicatodosbancarios.org.br\/site2022\/2017\/10\/27\/informe-1942017-inauguracao-da-recreativa-e-festa-dos-bancarios-sera-no-dia-1012\/\" \/>\n<meta property=\"og:locale\" content=\"pt_BR\" \/>\n<meta property=\"og:type\" content=\"article\" \/>\n<meta property=\"og:title\" content=\"INFORME 194\/2017 - INAUGURA\u00c7\u00c3O DA RECREATIVA E FESTA DOS BANC\u00c1RIOS SER\u00c1 NO DIA 10\/12 - Sindicato dos Banc\u00e1rios de S\u00e3o Bento do Sul e Regi\u00e3o\" \/>\n<meta property=\"og:description\" content=\"A grande Festa da Categoria Banc\u00e1ria ser\u00e1 realizada no dia 10 de dezembro, juntamente com a inaugura\u00e7\u00e3o da [&hellip;]\" \/>\n<meta property=\"og:url\" content=\"https:\/\/sindicatodosbancarios.org.br\/site2022\/2017\/10\/27\/informe-1942017-inauguracao-da-recreativa-e-festa-dos-bancarios-sera-no-dia-1012\/\" \/>\n<meta property=\"og:site_name\" content=\"Sindicato dos Banc\u00e1rios de S\u00e3o Bento do Sul e Regi\u00e3o\" \/>\n<meta property=\"article:author\" content=\"https:\/\/www.facebook.com\/seeb.sbs.9\" \/>\n<meta property=\"article:published_time\" content=\"2017-10-27T18:42:34+00:00\" \/>\n<meta property=\"article:modified_time\" content=\"2017-12-12T16:18:00+00:00\" \/>\n<meta property=\"og:image\" content=\"https:\/\/sindicatodosbancarios.org.br\/site2022\/wp-content\/uploads\/2017\/10\/WhatsApp-Image-2017-10-24-at-13.48.20.jpeg\" \/>\n\t<meta property=\"og:image:width\" content=\"910\" \/>\n\t<meta property=\"og:image:height\" content=\"697\" \/>\n\t<meta property=\"og:image:type\" content=\"image\/jpeg\" \/>\n<meta name=\"author\" content=\"Sindicato dos Banc\u00e1rios S\u00e3o Bento do Sul e Regi\u00e3o\" \/>\n<meta name=\"twitter:card\" content=\"summary_large_image\" \/>\n<meta name=\"twitter:label1\" content=\"Escrito por\" \/>\n\t<meta name=\"twitter:data1\" content=\"Sindicato dos Banc\u00e1rios S\u00e3o Bento do Sul e Regi\u00e3o\" \/>\n\t<meta name=\"twitter:label2\" content=\"Est. tempo de leitura\" \/>\n\t<meta name=\"twitter:data2\" content=\"2 minutos\" \/>\n<script type=\"application\/ld+json\" class=\"yoast-schema-graph\">{\"@context\":\"https:\/\/schema.org\",\"@graph\":[{\"@type\":\"Article\",\"@id\":\"https:\/\/sindicatodosbancarios.org.br\/site2022\/2017\/10\/27\/informe-1942017-inauguracao-da-recreativa-e-festa-dos-bancarios-sera-no-dia-1012\/#article\",\"isPartOf\":{\"@id\":\"https:\/\/sindicatodosbancarios.org.br\/site2022\/2017\/10\/27\/informe-1942017-inauguracao-da-recreativa-e-festa-dos-bancarios-sera-no-dia-1012\/\"},\"author\":{\"name\":\"Sindicato dos Banc\u00e1rios S\u00e3o Bento do Sul e Regi\u00e3o\",\"@id\":\"https:\/\/sindicatodosbancarios.org.br\/site2022\/#\/schema\/person\/a7d92da77d1084df4d28b57962f1e1bd\"},\"headline\":\"INFORME 194\/2017 &#8211; INAUGURA\u00c7\u00c3O DA RECREATIVA E FESTA DOS BANC\u00c1RIOS SER\u00c1 NO DIA 10\/12\",\"datePublished\":\"2017-10-27T18:42:34+00:00\",\"dateModified\":\"2017-12-12T16:18:00+00:00\",\"mainEntityOfPage\":{\"@id\":\"https:\/\/sindicatodosbancarios.org.br\/site2022\/2017\/10\/27\/informe-1942017-inauguracao-da-recreativa-e-festa-dos-bancarios-sera-no-dia-1012\/\"},\"wordCount\":355,\"commentCount\":0,\"publisher\":{\"@id\":\"https:\/\/sindicatodosbancarios.org.br\/site2022\/#organization\"},\"articleSection\":[\"Geral\"],\"inLanguage\":\"pt-BR\",\"potentialAction\":[{\"@type\":\"CommentAction\",\"name\":\"Comment\",\"target\":[\"https:\/\/sindicatodosbancarios.org.br\/site2022\/2017\/10\/27\/informe-1942017-inauguracao-da-recreativa-e-festa-dos-bancarios-sera-no-dia-1012\/#respond\"]}]},{\"@type\":\"WebPage\",\"@id\":\"https:\/\/sindicatodosbancarios.org.br\/site2022\/2017\/10\/27\/informe-1942017-inauguracao-da-recreativa-e-festa-dos-bancarios-sera-no-dia-1012\/\",\"url\":\"https:\/\/sindicatodosbancarios.org.br\/site2022\/2017\/10\/27\/informe-1942017-inauguracao-da-recreativa-e-festa-dos-bancarios-sera-no-dia-1012\/\",\"name\":\"INFORME 194\/2017 - INAUGURA\u00c7\u00c3O DA RECREATIVA E FESTA DOS BANC\u00c1RIOS SER\u00c1 NO DIA 10\/12 - Sindicato dos Banc\u00e1rios de S\u00e3o Bento do Sul e Regi\u00e3o\",\"isPartOf\":{\"@id\":\"https:\/\/sindicatodosbancarios.org.br\/site2022\/#website\"},\"datePublished\":\"2017-10-27T18:42:34+00:00\",\"dateModified\":\"2017-12-12T16:18:00+00:00\",\"breadcrumb\":{\"@id\":\"https:\/\/sindicatodosbancarios.org.br\/site2022\/2017\/10\/27\/informe-1942017-inauguracao-da-recreativa-e-festa-dos-bancarios-sera-no-dia-1012\/#breadcrumb\"},\"inLanguage\":\"pt-BR\",\"potentialAction\":[{\"@type\":\"ReadAction\",\"target\":[\"https:\/\/sindicatodosbancarios.org.br\/site2022\/2017\/10\/27\/informe-1942017-inauguracao-da-recreativa-e-festa-dos-bancarios-sera-no-dia-1012\/\"]}]},{\"@type\":\"BreadcrumbList\",\"@id\":\"https:\/\/sindicatodosbancarios.org.br\/site2022\/2017\/10\/27\/informe-1942017-inauguracao-da-recreativa-e-festa-dos-bancarios-sera-no-dia-1012\/#breadcrumb\",\"itemListElement\":[{\"@type\":\"ListItem\",\"position\":1,\"name\":\"In\u00edcio\",\"item\":\"https:\/\/sindicatodosbancarios.org.br\/site2022\/\"},{\"@type\":\"ListItem\",\"position\":2,\"name\":\"INFORME 194\/2017 &#8211; INAUGURA\u00c7\u00c3O DA RECREATIVA E FESTA DOS BANC\u00c1RIOS SER\u00c1 NO DIA 10\/12\"}]},{\"@type\":\"WebSite\",\"@id\":\"https:\/\/sindicatodosbancarios.org.br\/site2022\/#website\",\"url\":\"https:\/\/sindicatodosbancarios.org.br\/site2022\/\",\"name\":\"Sindicato dos Banc\u00e1rios de S\u00e3o Bento do Sul e Regi\u00e3o\",\"description\":\"Website institucional do Sindicato dos Banc\u00e1rios de S\u00e3o Bento do Sul e Regi\u00e3o\",\"publisher\":{\"@id\":\"https:\/\/sindicatodosbancarios.org.br\/site2022\/#organization\"},\"potentialAction\":[{\"@type\":\"SearchAction\",\"target\":{\"@type\":\"EntryPoint\",\"urlTemplate\":\"https:\/\/sindicatodosbancarios.org.br\/site2022\/?s={search_term_string}\"},\"query-input\":\"required name=search_term_string\"}],\"inLanguage\":\"pt-BR\"},{\"@type\":\"Organization\",\"@id\":\"https:\/\/sindicatodosbancarios.org.br\/site2022\/#organization\",\"name\":\"Sindicato dos Banc\u00e1rios de S\u00e3o Bento do Sul e Regi\u00e3o\",\"url\":\"https:\/\/sindicatodosbancarios.org.br\/site2022\/\",\"logo\":{\"@type\":\"ImageObject\",\"inLanguage\":\"pt-BR\",\"@id\":\"https:\/\/sindicatodosbancarios.org.br\/site2022\/#\/schema\/logo\/image\/\",\"url\":\"https:\/\/sindicatodosbancarios.org.br\/site2022\/wp-content\/uploads\/2017\/06\/cropped-logo-2.png\",\"contentUrl\":\"https:\/\/sindicatodosbancarios.org.br\/site2022\/wp-content\/uploads\/2017\/06\/cropped-logo-2.png\",\"width\":292,\"height\":292,\"caption\":\"Sindicato dos Banc\u00e1rios de S\u00e3o Bento do Sul e Regi\u00e3o\"},\"image\":{\"@id\":\"https:\/\/sindicatodosbancarios.org.br\/site2022\/#\/schema\/logo\/image\/\"}},{\"@type\":\"Person\",\"@id\":\"https:\/\/sindicatodosbancarios.org.br\/site2022\/#\/schema\/person\/a7d92da77d1084df4d28b57962f1e1bd\",\"name\":\"Sindicato dos Banc\u00e1rios S\u00e3o Bento do Sul e Regi\u00e3o\",\"image\":{\"@type\":\"ImageObject\",\"inLanguage\":\"pt-BR\",\"@id\":\"https:\/\/sindicatodosbancarios.org.br\/site2022\/#\/schema\/person\/image\/\",\"url\":\"https:\/\/secure.gravatar.com\/avatar\/f1d1a06f698f2345352e539387180d42?s=96&d=mm&r=g\",\"contentUrl\":\"https:\/\/secure.gravatar.com\/avatar\/f1d1a06f698f2345352e539387180d42?s=96&d=mm&r=g\",\"caption\":\"Sindicato dos Banc\u00e1rios S\u00e3o Bento do Sul e Regi\u00e3o\"},\"sameAs\":[\"http:\/\/sindicatodosbancarios.org.br\/site2022\/\",\"https:\/\/www.facebook.com\/seeb.sbs.9\"],\"url\":\"https:\/\/sindicatodosbancarios.org.br\/site2022\/author\/sindicatodosbancarios\/\"}]}<\/script>\n<!-- \/ Yoast SEO plugin. -->","yoast_head_json":{"title":"INFORME 194\/2017 - INAUGURA\u00c7\u00c3O DA RECREATIVA E FESTA DOS BANC\u00c1RIOS SER\u00c1 NO DIA 10\/12 - Sindicato dos Banc\u00e1rios de S\u00e3o Bento do Sul e Regi\u00e3o","robots":{"index":"index","follow":"follow","max-snippet":"max-snippet:-1","max-image-preview":"max-image-preview:large","max-video-preview":"max-video-preview:-1"},"canonical":"https:\/\/sindicatodosbancarios.org.br\/site2022\/2017\/10\/27\/informe-1942017-inauguracao-da-recreativa-e-festa-dos-bancarios-sera-no-dia-1012\/","og_locale":"pt_BR","og_type":"article","og_title":"INFORME 194\/2017 - INAUGURA\u00c7\u00c3O DA RECREATIVA E FESTA DOS BANC\u00c1RIOS SER\u00c1 NO DIA 10\/12 - Sindicato dos Banc\u00e1rios de S\u00e3o Bento do Sul e Regi\u00e3o","og_description":"A grande Festa da Categoria Banc\u00e1ria ser\u00e1 realizada no dia 10 de dezembro, juntamente com a inaugura\u00e7\u00e3o da [&hellip;]","og_url":"https:\/\/sindicatodosbancarios.org.br\/site2022\/2017\/10\/27\/informe-1942017-inauguracao-da-recreativa-e-festa-dos-bancarios-sera-no-dia-1012\/","og_site_name":"Sindicato dos Banc\u00e1rios de S\u00e3o Bento do Sul e Regi\u00e3o","article_author":"https:\/\/www.facebook.com\/seeb.sbs.9","article_published_time":"2017-10-27T18:42:34+00:00","article_modified_time":"2017-12-12T16:18:00+00:00","og_image":[{"width":910,"height":697,"url":"https:\/\/sindicatodosbancarios.org.br\/site2022\/wp-content\/uploads\/2017\/10\/WhatsApp-Image-2017-10-24-at-13.48.20.jpeg","type":"image\/jpeg"}],"author":"Sindicato dos Banc\u00e1rios S\u00e3o Bento do Sul e Regi\u00e3o","twitter_card":"summary_large_image","twitter_misc":{"Escrito por":"Sindicato dos Banc\u00e1rios S\u00e3o Bento do Sul e Regi\u00e3o","Est. tempo de leitura":"2 minutos"},"schema":{"@context":"https:\/\/schema.org","@graph":[{"@type":"Article","@id":"https:\/\/sindicatodosbancarios.org.br\/site2022\/2017\/10\/27\/informe-1942017-inauguracao-da-recreativa-e-festa-dos-bancarios-sera-no-dia-1012\/#article","isPartOf":{"@id":"https:\/\/sindicatodosbancarios.org.br\/site2022\/2017\/10\/27\/informe-1942017-inauguracao-da-recreativa-e-festa-dos-bancarios-sera-no-dia-1012\/"},"author":{"name":"Sindicato dos Banc\u00e1rios S\u00e3o Bento do Sul e Regi\u00e3o","@id":"https:\/\/sindicatodosbancarios.org.br\/site2022\/#\/schema\/person\/a7d92da77d1084df4d28b57962f1e1bd"},"headline":"INFORME 194\/2017 &#8211; INAUGURA\u00c7\u00c3O DA RECREATIVA E FESTA DOS BANC\u00c1RIOS SER\u00c1 NO DIA 10\/12","datePublished":"2017-10-27T18:42:34+00:00","dateModified":"2017-12-12T16:18:00+00:00","mainEntityOfPage":{"@id":"https:\/\/sindicatodosbancarios.org.br\/site2022\/2017\/10\/27\/informe-1942017-inauguracao-da-recreativa-e-festa-dos-bancarios-sera-no-dia-1012\/"},"wordCount":355,"commentCount":0,"publisher":{"@id":"https:\/\/sindicatodosbancarios.org.br\/site2022\/#organization"},"articleSection":["Geral"],"inLanguage":"pt-BR","potentialAction":[{"@type":"CommentAction","name":"Comment","target":["https:\/\/sindicatodosbancarios.org.br\/site2022\/2017\/10\/27\/informe-1942017-inauguracao-da-recreativa-e-festa-dos-bancarios-sera-no-dia-1012\/#respond"]}]},{"@type":"WebPage","@id":"https:\/\/sindicatodosbancarios.org.br\/site2022\/2017\/10\/27\/informe-1942017-inauguracao-da-recreativa-e-festa-dos-bancarios-sera-no-dia-1012\/","url":"https:\/\/sindicatodosbancarios.org.br\/site2022\/2017\/10\/27\/informe-1942017-inauguracao-da-recreativa-e-festa-dos-bancarios-sera-no-dia-1012\/","name":"INFORME 194\/2017 - INAUGURA\u00c7\u00c3O DA RECREATIVA E FESTA DOS BANC\u00c1RIOS SER\u00c1 NO DIA 10\/12 - Sindicato dos Banc\u00e1rios de S\u00e3o Bento do Sul e Regi\u00e3o","isPartOf":{"@id":"https:\/\/sindicatodosbancarios.org.br\/site2022\/#website"},"datePublished":"2017-10-27T18:42:34+00:00","dateModified":"2017-12-12T16:18:00+00:00","breadcrumb":{"@id":"https:\/\/sindicatodosbancarios.org.br\/site2022\/2017\/10\/27\/informe-1942017-inauguracao-da-recreativa-e-festa-dos-bancarios-sera-no-dia-1012\/#breadcrumb"},"inLanguage":"pt-BR","potentialAction":[{"@type":"ReadAction","target":["https:\/\/sindicatodosbancarios.org.br\/site2022\/2017\/10\/27\/informe-1942017-inauguracao-da-recreativa-e-festa-dos-bancarios-sera-no-dia-1012\/"]}]},{"@type":"BreadcrumbList","@id":"https:\/\/sindicatodosbancarios.org.br\/site2022\/2017\/10\/27\/informe-1942017-inauguracao-da-recreativa-e-festa-dos-bancarios-sera-no-dia-1012\/#breadcrumb","itemListElement":[{"@type":"ListItem","position":1,"name":"In\u00edcio","item":"https:\/\/sindicatodosbancarios.org.br\/site2022\/"},{"@type":"ListItem","position":2,"name":"INFORME 194\/2017 &#8211; INAUGURA\u00c7\u00c3O DA RECREATIVA E FESTA DOS BANC\u00c1RIOS SER\u00c1 NO DIA 10\/12"}]},{"@type":"WebSite","@id":"https:\/\/sindicatodosbancarios.org.br\/site2022\/#website","url":"https:\/\/sindicatodosbancarios.org.br\/site2022\/","name":"Sindicato dos Banc\u00e1rios de S\u00e3o Bento do Sul e Regi\u00e3o","description":"Website institucional do Sindicato dos Banc\u00e1rios de S\u00e3o Bento do Sul e Regi\u00e3o","publisher":{"@id":"https:\/\/sindicatodosbancarios.org.br\/site2022\/#organization"},"potentialAction":[{"@type":"SearchAction","target":{"@type":"EntryPoint","urlTemplate":"https:\/\/sindicatodosbancarios.org.br\/site2022\/?s={search_term_string}"},"query-input":"required name=search_term_string"}],"inLanguage":"pt-BR"},{"@type":"Organization","@id":"https:\/\/sindicatodosbancarios.org.br\/site2022\/#organization","name":"Sindicato dos Banc\u00e1rios de S\u00e3o Bento do Sul e Regi\u00e3o","url":"https:\/\/sindicatodosbancarios.org.br\/site2022\/","logo":{"@type":"ImageObject","inLanguage":"pt-BR","@id":"https:\/\/sindicatodosbancarios.org.br\/site2022\/#\/schema\/logo\/image\/","url":"https:\/\/sindicatodosbancarios.org.br\/site2022\/wp-content\/uploads\/2017\/06\/cropped-logo-2.png","contentUrl":"https:\/\/sindicatodosbancarios.org.br\/site2022\/wp-content\/uploads\/2017\/06\/cropped-logo-2.png","width":292,"height":292,"caption":"Sindicato dos Banc\u00e1rios de S\u00e3o Bento do Sul e Regi\u00e3o"},"image":{"@id":"https:\/\/sindicatodosbancarios.org.br\/site2022\/#\/schema\/logo\/image\/"}},{"@type":"Person","@id":"https:\/\/sindicatodosbancarios.org.br\/site2022\/#\/schema\/person\/a7d92da77d1084df4d28b57962f1e1bd","name":"Sindicato dos Banc\u00e1rios S\u00e3o Bento do Sul e Regi\u00e3o","image":{"@type":"ImageObject","inLanguage":"pt-BR","@id":"https:\/\/sindicatodosbancarios.org.br\/site2022\/#\/schema\/person\/image\/","url":"https:\/\/secure.gravatar.com\/avatar\/f1d1a06f698f2345352e539387180d42?s=96&d=mm&r=g","contentUrl":"https:\/\/secure.gravatar.com\/avatar\/f1d1a06f698f2345352e539387180d42?s=96&d=mm&r=g","caption":"Sindicato dos Banc\u00e1rios S\u00e3o Bento do Sul e Regi\u00e3o"},"sameAs":["http:\/\/sindicatodosbancarios.org.br\/site2022\/","https:\/\/www.facebook.com\/seeb.sbs.9"],"url":"https:\/\/sindicatodosbancarios.org.br\/site2022\/author\/sindicatodosbancarios\/"}]}},"jetpack_featured_media_url":"https:\/\/sindicatodosbancarios.org.br\/site2022\/wp-content\/uploads\/2017\/10\/WhatsApp-Image-2017-10-24-at-13.48.20.jpeg","jetpack_sharing_enabled":true,"jetpack_shortlink":"https:\/\/wp.me\/p8RSbI-ui","jetpack-related-posts":[{"id":5971,"url":"https:\/\/sindicatodosbancarios.org.br\/site2022\/2022\/03\/29\/bancarios-homenageiam-adao-de-oliveira-inauguracao-quadras-esportivas-arbanc\/","url_meta":{"origin":1878,"position":0},"title":"BANC\u00c1RIOS HOMENAGEIAM AD\u00c3O DE OLIVEIRA &#8211; INAUGURA\u00c7\u00c3O QUADRAS ESPORTIVAS &#8211; ARBANC","date":"29 de mar\u00e7o de 2022","format":false,"excerpt":"No \u00faltimo dia 26 de mar\u00e7o, banc\u00e1rios da regi\u00e3o estiveram reunidos na sede da Associa\u00e7\u00e3o Recreativa dos Banc\u00e1rios \u201cJos\u00e9 Ilton Belli\u201d \u2013 ARBANC, localizada no Bairro Bras\u00edlia para uma confraterniza\u00e7\u00e3o e a inaugura\u00e7\u00e3o das quadras de futebol society e v\u00f4lei de areia. Na ocasi\u00e3o foi realizada a homenagem ao ex-banc\u00e1rio\u2026","rel":"","context":"Em &quot;Banco do Brasil&quot;","img":{"alt_text":"","src":"https:\/\/i0.wp.com\/sindicatodosbancarios.org.br\/site2022\/wp-content\/uploads\/2022\/03\/DSC_3974.jpg?resize=350%2C200&ssl=1","width":350,"height":200},"classes":[]},{"id":4877,"url":"https:\/\/sindicatodosbancarios.org.br\/site2022\/2020\/12\/15\/informe-bancario-460-2020-em-assembleia-bancarios-do-itau-aprovam-acordo-de-teletrabalho\/","url_meta":{"origin":1878,"position":1},"title":"INFORME BANC\u00c1RIO \u2013 460\/2020 EM ASSEMBLEIA, BANC\u00c1RIOS DO ITA\u00da APROVAM ACORDO DE TELETRABALHO","date":"15 de dezembro de 2020","format":false,"excerpt":"Trabalhadores do Banco Ita\u00fa Unibanco SA, conquistaram acordo que garante ajuda de custo, fornecimento pela empresa de equipamentos e cadeira adequada, manuten\u00e7\u00e3o do VR e VA nos termos da CCT, controle de jornada, entre outros pontos. Em Assembleia Virtual encerrada \u00e0s 20h desta sexta-feira dia 04, os Banc\u00e1rios do Ita\u00fa\u2026","rel":"","context":"Em &quot;Ita\u00fa&quot;","img":{"alt_text":"","src":"https:\/\/i0.wp.com\/sindicatodosbancarios.org.br\/site2022\/wp-content\/uploads\/2020\/12\/141220141318-ITA\u00da.jpeg?resize=350%2C200&ssl=1","width":350,"height":200},"classes":[]},{"id":5641,"url":"https:\/\/sindicatodosbancarios.org.br\/site2022\/2021\/08\/24\/informe-bancario-200-2021-renovacao-convenio-entre-sindicato-e-patanegra-cervejaria\/","url_meta":{"origin":1878,"position":2},"title":"INFORME BANC\u00c1RIO \u2013 200\/2021 &#8211; RENOVA\u00c7\u00c3O CONV\u00caNIO ENTRE SINDICATO E PATANEGRA CERVEJARIA","date":"24 de agosto de 2021","format":false,"excerpt":"O Sindicato dos Banc\u00e1rios de S\u00e3o Bento do Sul e Regi\u00e3o e PataNegra Cervejaria renovam seu conv\u00eanio por mais 3 (tr\u00eas) anos, parceria que come\u00e7ou em maio de 2019. A conceituada Cervejaria PataNegra de S\u00e3o Bento do Sul, com endere\u00e7o na Rodovia Deputado Gen\u00e9sio Tureck (Acesso Oeste), n\u00ba 1355 \u2013\u2026","rel":"","context":"Em &quot;Geral&quot;","img":{"alt_text":"","src":"https:\/\/i0.wp.com\/sindicatodosbancarios.org.br\/site2022\/wp-content\/uploads\/2021\/08\/brewpub-anexo-a-cervejaria.jpg?resize=350%2C200&ssl=1","width":350,"height":200},"classes":[]},{"id":5350,"url":"https:\/\/sindicatodosbancarios.org.br\/site2022\/2021\/04\/27\/informe-bancarios-111-2021-bancarios-devem-denunciar-ao-seu-sindicato-caso-o-banco-descumpra-qualquer-uma-das-medidas\/","url_meta":{"origin":1878,"position":3},"title":"INFORME BANC\u00c1RIOS \u2013 111\/2021 BANC\u00c1RIOS DEVEM DENUNCIAR AO SEU SINDICATO CASO O BANCO DESCUMPRA QUALQUER UMA DAS MEDIDAS","date":"27 de abril de 2021","format":false,"excerpt":"O Banco Santander, atendendo \u00e0s Reivindica\u00e7\u00f5es do Movimento Sindical Banc\u00e1rio e \u00e0s novas recomenda\u00e7\u00f5es da Organiza\u00e7\u00e3o Mundial da Sa\u00fade (OMS), anunciou novas medidas para preven\u00e7\u00e3o e controle da covid-19, incluindo novas regras de testagem sorol\u00f3gica. De agora em diante os testes para constatantes (pessoas que tiveram contato com algu\u00e9m contaminado)\u2026","rel":"","context":"Em &quot;Geral&quot;","img":{"alt_text":"","src":"https:\/\/i0.wp.com\/sindicatodosbancarios.org.br\/site2022\/wp-content\/uploads\/2021\/02\/vagas-santander-agencia-do-banco-1562078449638_v2_900x506.jpg?resize=350%2C200&ssl=1","width":350,"height":200},"classes":[]},{"id":5703,"url":"https:\/\/sindicatodosbancarios.org.br\/site2022\/2021\/09\/14\/informe-bancario-220-2021-santander-confirma-data-do-pagamento-da-plr-e-do-ppe\/","url_meta":{"origin":1878,"position":4},"title":"INFORME BANC\u00c1RIO \u2013 220\/2021 Santander confirma data do pagamento da PLR e do PPE","date":"14 de setembro de 2021","format":false,"excerpt":"O Santander confirmou ao Sindicato dos Banc\u00e1rios de S\u00e3o Paulo, Osasco e regi\u00e3o que ir\u00e1 creditar a PLR no dia 30 de setembro, \u00faltimo dia para o pagamento dos valores aos funcion\u00e1rios. Na mesma data ser\u00e1 pago o Programa Pr\u00f3prio Espec\u00edfico (PPE). Aos empregados dispensados sem justa causa, ser\u00e1 efetuado\u2026","rel":"","context":"Em &quot;Santander&quot;","img":{"alt_text":"","src":"https:\/\/i0.wp.com\/sindicatodosbancarios.org.br\/site2022\/wp-content\/uploads\/2021\/02\/vagas-santander-agencia-do-banco-1562078449638_v2_900x506.jpg?resize=350%2C200&ssl=1","width":350,"height":200},"classes":[]},{"id":5647,"url":"https:\/\/sindicatodosbancarios.org.br\/site2022\/2021\/08\/28\/informe-bancario-202-2021-bancarios-vao-comemorar-seu-dia-28-de-agosto-com-todos-seus-direitos\/","url_meta":{"origin":1878,"position":5},"title":"INFORME BANC\u00c1RIO \u2013 202\/2021 BANC\u00c1RIOS V\u00c3O COMEMORAR SEU DIA 28 DE AGOSTO COM TODOS SEUS DIREITOS!","date":"28 de agosto de 2021","format":false,"excerpt":"Direitos foram preservados at\u00e9 2022 e aumento com 100% do INPC + 0,5% acima da infla\u00e7\u00e3o. Algumas categorias somente conseguiram o INPC e outras tiveram seus direitos retirados Mais um dia 28 de agosto em que a categoria banc\u00e1ria celebra seu dia com conquistas e vit\u00f3rias. A campanha salarial 2020\u2026","rel":"","context":"Em &quot;Geral&quot;","img":{"alt_text":"","src":"https:\/\/i0.wp.com\/sindicatodosbancarios.org.br\/site2022\/wp-content\/uploads\/2021\/08\/dia-bancario-2016-1-8539-980x500m0.jpg?resize=350%2C200&ssl=1","width":350,"height":200},"classes":[]}],"_links":{"self":[{"href":"https:\/\/sindicatodosbancarios.org.br\/site2022\/wp-json\/wp\/v2\/posts\/1878"}],"collection":[{"href":"https:\/\/sindicatodosbancarios.org.br\/site2022\/wp-json\/wp\/v2\/posts"}],"about":[{"href":"https:\/\/sindicatodosbancarios.org.br\/site2022\/wp-json\/wp\/v2\/types\/post"}],"author":[{"embeddable":true,"href":"https:\/\/sindicatodosbancarios.org.br\/site2022\/wp-json\/wp\/v2\/users\/2"}],"replies":[{"embeddable":true,"href":"https:\/\/sindicatodosbancarios.org.br\/site2022\/wp-json\/wp\/v2\/comments?post=1878"}],"version-history":[{"count":6,"href":"https:\/\/sindicatodosbancarios.org.br\/site2022\/wp-json\/wp\/v2\/posts\/1878\/revisions"}],"predecessor-version":[{"id":1937,"href":"https:\/\/sindicatodosbancarios.org.br\/site2022\/wp-json\/wp\/v2\/posts\/1878\/revisions\/1937"}],"wp:featuredmedia":[{"embeddable":true,"href":"https:\/\/sindicatodosbancarios.org.br\/site2022\/wp-json\/wp\/v2\/media\/1880"}],"wp:attachment":[{"href":"https:\/\/sindicatodosbancarios.org.br\/site2022\/wp-json\/wp\/v2\/media?parent=1878"}],"wp:term":[{"taxonomy":"category","embeddable":true,"href":"https:\/\/sindicatodosbancarios.org.br\/site2022\/wp-json\/wp\/v2\/categories?post=1878"},{"taxonomy":"post_tag","embeddable":true,"href":"https:\/\/sindicatodosbancarios.org.br\/site2022\/wp-json\/wp\/v2\/tags?post=1878"}],"curies":[{"name":"wp","href":"https:\/\/api.w.org\/{rel}","templated":true}]}}