{"id":1885,"date":"2017-10-27T16:56:07","date_gmt":"2017-10-27T18:56:07","guid":{"rendered":"http:\/\/sindicatodosbancarios.org.br\/?p=1885"},"modified":"2017-10-27T16:56:07","modified_gmt":"2017-10-27T18:56:07","slug":"bancarios-do-bradesco-fazem-visita-na-arbanc","status":"publish","type":"post","link":"https:\/\/sindicatodosbancarios.org.br\/site2022\/2017\/10\/27\/bancarios-do-bradesco-fazem-visita-na-arbanc\/","title":{"rendered":"Banc\u00e1rios do Bradesco fazem visita na ARBANC"},"content":{"rendered":"<p>Banc\u00e1rios do Bradesco fazem visita na ARBANC com o secret\u00e1rio-geral Ad\u00e3o de Oliveira<\/p>\n","protected":false},"excerpt":{"rendered":"<p>Banc\u00e1rios do Bradesco fazem visita na ARBANC com o secret\u00e1rio-geral Ad\u00e3o de Oliveira<\/p>\n","protected":false},"author":2,"featured_media":1886,"comment_status":"open","ping_status":"open","sticky":false,"template":"","format":"standard","meta":{"jetpack_post_was_ever_published":false,"jetpack_publicize_message":"","jetpack_is_tweetstorm":false,"jetpack_publicize_feature_enabled":true,"jetpack_social_post_already_shared":true,"jetpack_social_options":[]},"categories":[1],"tags":[],"jetpack_publicize_connections":[],"acf":[],"yoast_head":"<!-- This site is optimized with the Yoast SEO plugin v19.14 - https:\/\/yoast.com\/wordpress\/plugins\/seo\/ -->\n<title>Banc\u00e1rios do Bradesco fazem visita na ARBANC - Sindicato dos Banc\u00e1rios de S\u00e3o Bento do Sul e Regi\u00e3o<\/title>\n<meta name=\"robots\" content=\"index, follow, max-snippet:-1, max-image-preview:large, max-video-preview:-1\" \/>\n<link rel=\"canonical\" href=\"https:\/\/sindicatodosbancarios.org.br\/site2022\/2017\/10\/27\/bancarios-do-bradesco-fazem-visita-na-arbanc\/\" \/>\n<meta property=\"og:locale\" content=\"pt_BR\" \/>\n<meta property=\"og:type\" content=\"article\" \/>\n<meta property=\"og:title\" content=\"Banc\u00e1rios do Bradesco fazem visita na ARBANC - Sindicato dos Banc\u00e1rios de S\u00e3o Bento do Sul e Regi\u00e3o\" \/>\n<meta property=\"og:description\" content=\"Banc\u00e1rios do Bradesco fazem visita na ARBANC com o secret\u00e1rio-geral Ad\u00e3o de Oliveira\" \/>\n<meta property=\"og:url\" content=\"https:\/\/sindicatodosbancarios.org.br\/site2022\/2017\/10\/27\/bancarios-do-bradesco-fazem-visita-na-arbanc\/\" \/>\n<meta property=\"og:site_name\" content=\"Sindicato dos Banc\u00e1rios de S\u00e3o Bento do Sul e Regi\u00e3o\" \/>\n<meta property=\"article:author\" content=\"https:\/\/www.facebook.com\/seeb.sbs.9\" \/>\n<meta property=\"article:published_time\" content=\"2017-10-27T18:56:07+00:00\" \/>\n<meta property=\"og:image\" content=\"https:\/\/sindicatodosbancarios.org.br\/site2022\/wp-content\/uploads\/2017\/08\/20171024_193212.jpg\" \/>\n\t<meta property=\"og:image:width\" content=\"4128\" \/>\n\t<meta property=\"og:image:height\" content=\"2322\" \/>\n\t<meta property=\"og:image:type\" content=\"image\/jpeg\" \/>\n<meta name=\"author\" content=\"Sindicato dos Banc\u00e1rios S\u00e3o Bento do Sul e Regi\u00e3o\" \/>\n<meta name=\"twitter:card\" content=\"summary_large_image\" \/>\n<meta name=\"twitter:label1\" content=\"Escrito por\" \/>\n\t<meta name=\"twitter:data1\" content=\"Sindicato dos Banc\u00e1rios S\u00e3o Bento do Sul e Regi\u00e3o\" \/>\n<script type=\"application\/ld+json\" class=\"yoast-schema-graph\">{\"@context\":\"https:\/\/schema.org\",\"@graph\":[{\"@type\":\"Article\",\"@id\":\"https:\/\/sindicatodosbancarios.org.br\/site2022\/2017\/10\/27\/bancarios-do-bradesco-fazem-visita-na-arbanc\/#article\",\"isPartOf\":{\"@id\":\"https:\/\/sindicatodosbancarios.org.br\/site2022\/2017\/10\/27\/bancarios-do-bradesco-fazem-visita-na-arbanc\/\"},\"author\":{\"name\":\"Sindicato dos Banc\u00e1rios S\u00e3o Bento do Sul e Regi\u00e3o\",\"@id\":\"https:\/\/sindicatodosbancarios.org.br\/site2022\/#\/schema\/person\/a7d92da77d1084df4d28b57962f1e1bd\"},\"headline\":\"Banc\u00e1rios do Bradesco fazem visita na ARBANC\",\"datePublished\":\"2017-10-27T18:56:07+00:00\",\"dateModified\":\"2017-10-27T18:56:07+00:00\",\"mainEntityOfPage\":{\"@id\":\"https:\/\/sindicatodosbancarios.org.br\/site2022\/2017\/10\/27\/bancarios-do-bradesco-fazem-visita-na-arbanc\/\"},\"wordCount\":24,\"commentCount\":0,\"publisher\":{\"@id\":\"https:\/\/sindicatodosbancarios.org.br\/site2022\/#organization\"},\"articleSection\":[\"Geral\"],\"inLanguage\":\"pt-BR\",\"potentialAction\":[{\"@type\":\"CommentAction\",\"name\":\"Comment\",\"target\":[\"https:\/\/sindicatodosbancarios.org.br\/site2022\/2017\/10\/27\/bancarios-do-bradesco-fazem-visita-na-arbanc\/#respond\"]}]},{\"@type\":\"WebPage\",\"@id\":\"https:\/\/sindicatodosbancarios.org.br\/site2022\/2017\/10\/27\/bancarios-do-bradesco-fazem-visita-na-arbanc\/\",\"url\":\"https:\/\/sindicatodosbancarios.org.br\/site2022\/2017\/10\/27\/bancarios-do-bradesco-fazem-visita-na-arbanc\/\",\"name\":\"Banc\u00e1rios do Bradesco fazem visita na ARBANC - Sindicato dos Banc\u00e1rios de S\u00e3o Bento do Sul e Regi\u00e3o\",\"isPartOf\":{\"@id\":\"https:\/\/sindicatodosbancarios.org.br\/site2022\/#website\"},\"datePublished\":\"2017-10-27T18:56:07+00:00\",\"dateModified\":\"2017-10-27T18:56:07+00:00\",\"breadcrumb\":{\"@id\":\"https:\/\/sindicatodosbancarios.org.br\/site2022\/2017\/10\/27\/bancarios-do-bradesco-fazem-visita-na-arbanc\/#breadcrumb\"},\"inLanguage\":\"pt-BR\",\"potentialAction\":[{\"@type\":\"ReadAction\",\"target\":[\"https:\/\/sindicatodosbancarios.org.br\/site2022\/2017\/10\/27\/bancarios-do-bradesco-fazem-visita-na-arbanc\/\"]}]},{\"@type\":\"BreadcrumbList\",\"@id\":\"https:\/\/sindicatodosbancarios.org.br\/site2022\/2017\/10\/27\/bancarios-do-bradesco-fazem-visita-na-arbanc\/#breadcrumb\",\"itemListElement\":[{\"@type\":\"ListItem\",\"position\":1,\"name\":\"In\u00edcio\",\"item\":\"https:\/\/sindicatodosbancarios.org.br\/site2022\/\"},{\"@type\":\"ListItem\",\"position\":2,\"name\":\"Banc\u00e1rios do Bradesco fazem visita na ARBANC\"}]},{\"@type\":\"WebSite\",\"@id\":\"https:\/\/sindicatodosbancarios.org.br\/site2022\/#website\",\"url\":\"https:\/\/sindicatodosbancarios.org.br\/site2022\/\",\"name\":\"Sindicato dos Banc\u00e1rios de S\u00e3o Bento do Sul e Regi\u00e3o\",\"description\":\"Website institucional do Sindicato dos Banc\u00e1rios de S\u00e3o Bento do Sul e Regi\u00e3o\",\"publisher\":{\"@id\":\"https:\/\/sindicatodosbancarios.org.br\/site2022\/#organization\"},\"potentialAction\":[{\"@type\":\"SearchAction\",\"target\":{\"@type\":\"EntryPoint\",\"urlTemplate\":\"https:\/\/sindicatodosbancarios.org.br\/site2022\/?s={search_term_string}\"},\"query-input\":\"required name=search_term_string\"}],\"inLanguage\":\"pt-BR\"},{\"@type\":\"Organization\",\"@id\":\"https:\/\/sindicatodosbancarios.org.br\/site2022\/#organization\",\"name\":\"Sindicato dos Banc\u00e1rios de S\u00e3o Bento do Sul e Regi\u00e3o\",\"url\":\"https:\/\/sindicatodosbancarios.org.br\/site2022\/\",\"logo\":{\"@type\":\"ImageObject\",\"inLanguage\":\"pt-BR\",\"@id\":\"https:\/\/sindicatodosbancarios.org.br\/site2022\/#\/schema\/logo\/image\/\",\"url\":\"https:\/\/sindicatodosbancarios.org.br\/site2022\/wp-content\/uploads\/2017\/06\/cropped-logo-2.png\",\"contentUrl\":\"https:\/\/sindicatodosbancarios.org.br\/site2022\/wp-content\/uploads\/2017\/06\/cropped-logo-2.png\",\"width\":292,\"height\":292,\"caption\":\"Sindicato dos Banc\u00e1rios de S\u00e3o Bento do Sul e Regi\u00e3o\"},\"image\":{\"@id\":\"https:\/\/sindicatodosbancarios.org.br\/site2022\/#\/schema\/logo\/image\/\"}},{\"@type\":\"Person\",\"@id\":\"https:\/\/sindicatodosbancarios.org.br\/site2022\/#\/schema\/person\/a7d92da77d1084df4d28b57962f1e1bd\",\"name\":\"Sindicato dos Banc\u00e1rios S\u00e3o Bento do Sul e Regi\u00e3o\",\"image\":{\"@type\":\"ImageObject\",\"inLanguage\":\"pt-BR\",\"@id\":\"https:\/\/sindicatodosbancarios.org.br\/site2022\/#\/schema\/person\/image\/\",\"url\":\"https:\/\/secure.gravatar.com\/avatar\/f1d1a06f698f2345352e539387180d42?s=96&d=mm&r=g\",\"contentUrl\":\"https:\/\/secure.gravatar.com\/avatar\/f1d1a06f698f2345352e539387180d42?s=96&d=mm&r=g\",\"caption\":\"Sindicato dos Banc\u00e1rios S\u00e3o Bento do Sul e Regi\u00e3o\"},\"sameAs\":[\"http:\/\/sindicatodosbancarios.org.br\/site2022\/\",\"https:\/\/www.facebook.com\/seeb.sbs.9\"],\"url\":\"https:\/\/sindicatodosbancarios.org.br\/site2022\/author\/sindicatodosbancarios\/\"}]}<\/script>\n<!-- \/ Yoast SEO plugin. -->","yoast_head_json":{"title":"Banc\u00e1rios do Bradesco fazem visita na ARBANC - Sindicato dos Banc\u00e1rios de S\u00e3o Bento do Sul e Regi\u00e3o","robots":{"index":"index","follow":"follow","max-snippet":"max-snippet:-1","max-image-preview":"max-image-preview:large","max-video-preview":"max-video-preview:-1"},"canonical":"https:\/\/sindicatodosbancarios.org.br\/site2022\/2017\/10\/27\/bancarios-do-bradesco-fazem-visita-na-arbanc\/","og_locale":"pt_BR","og_type":"article","og_title":"Banc\u00e1rios do Bradesco fazem visita na ARBANC - Sindicato dos Banc\u00e1rios de S\u00e3o Bento do Sul e Regi\u00e3o","og_description":"Banc\u00e1rios do Bradesco fazem visita na ARBANC com o secret\u00e1rio-geral Ad\u00e3o de Oliveira","og_url":"https:\/\/sindicatodosbancarios.org.br\/site2022\/2017\/10\/27\/bancarios-do-bradesco-fazem-visita-na-arbanc\/","og_site_name":"Sindicato dos Banc\u00e1rios de S\u00e3o Bento do Sul e Regi\u00e3o","article_author":"https:\/\/www.facebook.com\/seeb.sbs.9","article_published_time":"2017-10-27T18:56:07+00:00","og_image":[{"width":4128,"height":2322,"url":"https:\/\/sindicatodosbancarios.org.br\/site2022\/wp-content\/uploads\/2017\/08\/20171024_193212.jpg","type":"image\/jpeg"}],"author":"Sindicato dos Banc\u00e1rios S\u00e3o Bento do Sul e Regi\u00e3o","twitter_card":"summary_large_image","twitter_misc":{"Escrito por":"Sindicato dos Banc\u00e1rios S\u00e3o Bento do Sul e Regi\u00e3o"},"schema":{"@context":"https:\/\/schema.org","@graph":[{"@type":"Article","@id":"https:\/\/sindicatodosbancarios.org.br\/site2022\/2017\/10\/27\/bancarios-do-bradesco-fazem-visita-na-arbanc\/#article","isPartOf":{"@id":"https:\/\/sindicatodosbancarios.org.br\/site2022\/2017\/10\/27\/bancarios-do-bradesco-fazem-visita-na-arbanc\/"},"author":{"name":"Sindicato dos Banc\u00e1rios S\u00e3o Bento do Sul e Regi\u00e3o","@id":"https:\/\/sindicatodosbancarios.org.br\/site2022\/#\/schema\/person\/a7d92da77d1084df4d28b57962f1e1bd"},"headline":"Banc\u00e1rios do Bradesco fazem visita na ARBANC","datePublished":"2017-10-27T18:56:07+00:00","dateModified":"2017-10-27T18:56:07+00:00","mainEntityOfPage":{"@id":"https:\/\/sindicatodosbancarios.org.br\/site2022\/2017\/10\/27\/bancarios-do-bradesco-fazem-visita-na-arbanc\/"},"wordCount":24,"commentCount":0,"publisher":{"@id":"https:\/\/sindicatodosbancarios.org.br\/site2022\/#organization"},"articleSection":["Geral"],"inLanguage":"pt-BR","potentialAction":[{"@type":"CommentAction","name":"Comment","target":["https:\/\/sindicatodosbancarios.org.br\/site2022\/2017\/10\/27\/bancarios-do-bradesco-fazem-visita-na-arbanc\/#respond"]}]},{"@type":"WebPage","@id":"https:\/\/sindicatodosbancarios.org.br\/site2022\/2017\/10\/27\/bancarios-do-bradesco-fazem-visita-na-arbanc\/","url":"https:\/\/sindicatodosbancarios.org.br\/site2022\/2017\/10\/27\/bancarios-do-bradesco-fazem-visita-na-arbanc\/","name":"Banc\u00e1rios do Bradesco fazem visita na ARBANC - Sindicato dos Banc\u00e1rios de S\u00e3o Bento do Sul e Regi\u00e3o","isPartOf":{"@id":"https:\/\/sindicatodosbancarios.org.br\/site2022\/#website"},"datePublished":"2017-10-27T18:56:07+00:00","dateModified":"2017-10-27T18:56:07+00:00","breadcrumb":{"@id":"https:\/\/sindicatodosbancarios.org.br\/site2022\/2017\/10\/27\/bancarios-do-bradesco-fazem-visita-na-arbanc\/#breadcrumb"},"inLanguage":"pt-BR","potentialAction":[{"@type":"ReadAction","target":["https:\/\/sindicatodosbancarios.org.br\/site2022\/2017\/10\/27\/bancarios-do-bradesco-fazem-visita-na-arbanc\/"]}]},{"@type":"BreadcrumbList","@id":"https:\/\/sindicatodosbancarios.org.br\/site2022\/2017\/10\/27\/bancarios-do-bradesco-fazem-visita-na-arbanc\/#breadcrumb","itemListElement":[{"@type":"ListItem","position":1,"name":"In\u00edcio","item":"https:\/\/sindicatodosbancarios.org.br\/site2022\/"},{"@type":"ListItem","position":2,"name":"Banc\u00e1rios do Bradesco fazem visita na ARBANC"}]},{"@type":"WebSite","@id":"https:\/\/sindicatodosbancarios.org.br\/site2022\/#website","url":"https:\/\/sindicatodosbancarios.org.br\/site2022\/","name":"Sindicato dos Banc\u00e1rios de S\u00e3o Bento do Sul e Regi\u00e3o","description":"Website institucional do Sindicato dos Banc\u00e1rios de S\u00e3o Bento do Sul e Regi\u00e3o","publisher":{"@id":"https:\/\/sindicatodosbancarios.org.br\/site2022\/#organization"},"potentialAction":[{"@type":"SearchAction","target":{"@type":"EntryPoint","urlTemplate":"https:\/\/sindicatodosbancarios.org.br\/site2022\/?s={search_term_string}"},"query-input":"required name=search_term_string"}],"inLanguage":"pt-BR"},{"@type":"Organization","@id":"https:\/\/sindicatodosbancarios.org.br\/site2022\/#organization","name":"Sindicato dos Banc\u00e1rios de S\u00e3o Bento do Sul e Regi\u00e3o","url":"https:\/\/sindicatodosbancarios.org.br\/site2022\/","logo":{"@type":"ImageObject","inLanguage":"pt-BR","@id":"https:\/\/sindicatodosbancarios.org.br\/site2022\/#\/schema\/logo\/image\/","url":"https:\/\/sindicatodosbancarios.org.br\/site2022\/wp-content\/uploads\/2017\/06\/cropped-logo-2.png","contentUrl":"https:\/\/sindicatodosbancarios.org.br\/site2022\/wp-content\/uploads\/2017\/06\/cropped-logo-2.png","width":292,"height":292,"caption":"Sindicato dos Banc\u00e1rios de S\u00e3o Bento do Sul e Regi\u00e3o"},"image":{"@id":"https:\/\/sindicatodosbancarios.org.br\/site2022\/#\/schema\/logo\/image\/"}},{"@type":"Person","@id":"https:\/\/sindicatodosbancarios.org.br\/site2022\/#\/schema\/person\/a7d92da77d1084df4d28b57962f1e1bd","name":"Sindicato dos Banc\u00e1rios S\u00e3o Bento do Sul e Regi\u00e3o","image":{"@type":"ImageObject","inLanguage":"pt-BR","@id":"https:\/\/sindicatodosbancarios.org.br\/site2022\/#\/schema\/person\/image\/","url":"https:\/\/secure.gravatar.com\/avatar\/f1d1a06f698f2345352e539387180d42?s=96&d=mm&r=g","contentUrl":"https:\/\/secure.gravatar.com\/avatar\/f1d1a06f698f2345352e539387180d42?s=96&d=mm&r=g","caption":"Sindicato dos Banc\u00e1rios S\u00e3o Bento do Sul e Regi\u00e3o"},"sameAs":["http:\/\/sindicatodosbancarios.org.br\/site2022\/","https:\/\/www.facebook.com\/seeb.sbs.9"],"url":"https:\/\/sindicatodosbancarios.org.br\/site2022\/author\/sindicatodosbancarios\/"}]}},"jetpack_featured_media_url":"https:\/\/sindicatodosbancarios.org.br\/site2022\/wp-content\/uploads\/2017\/08\/20171024_193212.jpg","jetpack_sharing_enabled":true,"jetpack_shortlink":"https:\/\/wp.me\/p8RSbI-up","jetpack-related-posts":[{"id":5971,"url":"https:\/\/sindicatodosbancarios.org.br\/site2022\/2022\/03\/29\/bancarios-homenageiam-adao-de-oliveira-inauguracao-quadras-esportivas-arbanc\/","url_meta":{"origin":1885,"position":0},"title":"BANC\u00c1RIOS HOMENAGEIAM AD\u00c3O DE OLIVEIRA &#8211; INAUGURA\u00c7\u00c3O QUADRAS ESPORTIVAS &#8211; ARBANC","date":"29 de mar\u00e7o de 2022","format":false,"excerpt":"No \u00faltimo dia 26 de mar\u00e7o, banc\u00e1rios da regi\u00e3o estiveram reunidos na sede da Associa\u00e7\u00e3o Recreativa dos Banc\u00e1rios \u201cJos\u00e9 Ilton Belli\u201d \u2013 ARBANC, localizada no Bairro Bras\u00edlia para uma confraterniza\u00e7\u00e3o e a inaugura\u00e7\u00e3o das quadras de futebol society e v\u00f4lei de areia. Na ocasi\u00e3o foi realizada a homenagem ao ex-banc\u00e1rio\u2026","rel":"","context":"Em &quot;Banco do Brasil&quot;","img":{"alt_text":"","src":"https:\/\/i0.wp.com\/sindicatodosbancarios.org.br\/site2022\/wp-content\/uploads\/2022\/03\/DSC_3974.jpg?resize=350%2C200&ssl=1","width":350,"height":200},"classes":[]},{"id":5940,"url":"https:\/\/sindicatodosbancarios.org.br\/site2022\/2022\/03\/02\/informe-bancario-27-2022-sindicato-inaugurara-quadras-esportivas-na-arbanc\/","url_meta":{"origin":1885,"position":1},"title":"INFORME BANC\u00c1RIO \u2013 27\/2022 SINDICATO INAUGURAR\u00c1 QUADRAS ESPORTIVAS NA ARBANC","date":"2 de mar\u00e7o de 2022","format":false,"excerpt":"","rel":"","context":"Em &quot;Banco do Brasil&quot;","img":{"alt_text":"","src":"https:\/\/i0.wp.com\/sindicatodosbancarios.org.br\/site2022\/wp-content\/uploads\/2022\/03\/542e16b3-1b6c-48be-be9d-7199299148e7.jpg?resize=350%2C200&ssl=1","width":350,"height":200},"classes":[]},{"id":4780,"url":"https:\/\/sindicatodosbancarios.org.br\/site2022\/2020\/11\/12\/informe-bancario-435-2020-coe-contec-discute-demissoes-no-bradesco\/","url_meta":{"origin":1885,"position":2},"title":"INFORME BANC\u00c1RIO \u2013 435\/2020 COE\/Contec discute demiss\u00f5es no Bradesco","date":"12 de novembro de 2020","format":false,"excerpt":"Realizada ontem (quinta-feira, 5), das 16h \u00e0s 18h, reuni\u00e3o da COE Bradesco (Comiss\u00e3o de Organiza\u00e7\u00e3o dos Empregados do Bradesco) da Contec \u2013 Confedera\u00e7\u00e3o Nacional dos Banc\u00e1rios \u2013, via online. Em pauta estiveram as demiss\u00f5es em massa que o Bradesco vem promovendo e que, somente durante a pandemia, j\u00e1 somam cerca\u2026","rel":"","context":"Em &quot;Bradesco\/HSBC&quot;","img":{"alt_text":"","src":"https:\/\/i0.wp.com\/sindicatodosbancarios.org.br\/site2022\/wp-content\/uploads\/2020\/11\/bradesco.jpg?resize=350%2C200&ssl=1","width":350,"height":200},"classes":[]},{"id":5641,"url":"https:\/\/sindicatodosbancarios.org.br\/site2022\/2021\/08\/24\/informe-bancario-200-2021-renovacao-convenio-entre-sindicato-e-patanegra-cervejaria\/","url_meta":{"origin":1885,"position":3},"title":"INFORME BANC\u00c1RIO \u2013 200\/2021 &#8211; RENOVA\u00c7\u00c3O CONV\u00caNIO ENTRE SINDICATO E PATANEGRA CERVEJARIA","date":"24 de agosto de 2021","format":false,"excerpt":"O Sindicato dos Banc\u00e1rios de S\u00e3o Bento do Sul e Regi\u00e3o e PataNegra Cervejaria renovam seu conv\u00eanio por mais 3 (tr\u00eas) anos, parceria que come\u00e7ou em maio de 2019. A conceituada Cervejaria PataNegra de S\u00e3o Bento do Sul, com endere\u00e7o na Rodovia Deputado Gen\u00e9sio Tureck (Acesso Oeste), n\u00ba 1355 \u2013\u2026","rel":"","context":"Em &quot;Geral&quot;","img":{"alt_text":"","src":"https:\/\/i0.wp.com\/sindicatodosbancarios.org.br\/site2022\/wp-content\/uploads\/2021\/08\/brewpub-anexo-a-cervejaria.jpg?resize=350%2C200&ssl=1","width":350,"height":200},"classes":[]},{"id":4497,"url":"https:\/\/sindicatodosbancarios.org.br\/site2022\/2020\/09\/14\/informe-bancario-348-2020-banco-bradesco-sa-pagara-plr-na-quinta-17-09-20\/","url_meta":{"origin":1885,"position":4},"title":"INFORME BANC\u00c1RIO \u2013 348\/2020 BANCO BRADESCO SA, PAGAR\u00c1 PLR NA QUINTA 17\/09\/20","date":"14 de setembro de 2020","format":false,"excerpt":"Atendendo as reivindica\u00e7\u00f5es do Movimento Sindical Banc\u00e1rio, o Banco Bradesco SA, pagar\u00e1 a PLR no dia 17\/09\/20. Banco tamb\u00e9m informou que far\u00e1 o cr\u00e9dito da 13\u00aa cesta alimenta\u00e7\u00e3o no dia 28\/09\/20, mesma data em que ser\u00e3o pagos os vales alimenta\u00e7\u00e3o e refei\u00e7\u00e3o. Abono de R$ 2 mil, conquistado na Campanha\u2026","rel":"","context":"Em &quot;Bradesco\/HSBC&quot;","img":{"alt_text":"","src":"https:\/\/i0.wp.com\/sindicatodosbancarios.org.br\/site2022\/wp-content\/uploads\/2020\/07\/bradesco-anuncia-uma-modernizacao-de-sua-marca-1541452912545_v2_1920x1357.jpg?resize=350%2C200&ssl=1","width":350,"height":200},"classes":[]},{"id":4319,"url":"https:\/\/sindicatodosbancarios.org.br\/site2022\/2020\/08\/20\/informe-bancario-308-2020-veja-a-reducao-da-plr-do-bradesco-com-a-proposta-da-fenaban\/","url_meta":{"origin":1885,"position":5},"title":"INFORME BANC\u00c1RIO \u2013 308\/2020 VEJA A REDU\u00c7\u00c3O DA PLR DO BRADESCO COM A PROPOSTA DA FENABAN","date":"20 de agosto de 2020","format":false,"excerpt":"Federa\u00e7\u00e3o dos Bancos apresentou proposta que pode encolher em at\u00e9 48% a PLR dos Banc\u00e1rios; veja quadro comparativo com os percentuais de redu\u00e7\u00e3o por faixas salariais Na sexta rodada da Campanha Nacional dos Banc\u00e1rios 2020, nesta ter\u00e7a-feira 18, a FENABAN (Federa\u00e7\u00e3o dos Bancos), apresentou uma proposta que pode reduzir em\u2026","rel":"","context":"Em &quot;Bradesco\/HSBC&quot;","img":{"alt_text":"","src":"https:\/\/i0.wp.com\/sindicatodosbancarios.org.br\/site2022\/wp-content\/uploads\/2020\/08\/200820134502-BRADESCO.jpg?resize=350%2C200&ssl=1","width":350,"height":200},"classes":[]}],"_links":{"self":[{"href":"https:\/\/sindicatodosbancarios.org.br\/site2022\/wp-json\/wp\/v2\/posts\/1885"}],"collection":[{"href":"https:\/\/sindicatodosbancarios.org.br\/site2022\/wp-json\/wp\/v2\/posts"}],"about":[{"href":"https:\/\/sindicatodosbancarios.org.br\/site2022\/wp-json\/wp\/v2\/types\/post"}],"author":[{"embeddable":true,"href":"https:\/\/sindicatodosbancarios.org.br\/site2022\/wp-json\/wp\/v2\/users\/2"}],"replies":[{"embeddable":true,"href":"https:\/\/sindicatodosbancarios.org.br\/site2022\/wp-json\/wp\/v2\/comments?post=1885"}],"version-history":[{"count":1,"href":"https:\/\/sindicatodosbancarios.org.br\/site2022\/wp-json\/wp\/v2\/posts\/1885\/revisions"}],"predecessor-version":[{"id":1887,"href":"https:\/\/sindicatodosbancarios.org.br\/site2022\/wp-json\/wp\/v2\/posts\/1885\/revisions\/1887"}],"wp:featuredmedia":[{"embeddable":true,"href":"https:\/\/sindicatodosbancarios.org.br\/site2022\/wp-json\/wp\/v2\/media\/1886"}],"wp:attachment":[{"href":"https:\/\/sindicatodosbancarios.org.br\/site2022\/wp-json\/wp\/v2\/media?parent=1885"}],"wp:term":[{"taxonomy":"category","embeddable":true,"href":"https:\/\/sindicatodosbancarios.org.br\/site2022\/wp-json\/wp\/v2\/categories?post=1885"},{"taxonomy":"post_tag","embeddable":true,"href":"https:\/\/sindicatodosbancarios.org.br\/site2022\/wp-json\/wp\/v2\/tags?post=1885"}],"curies":[{"name":"wp","href":"https:\/\/api.w.org\/{rel}","templated":true}]}}