{"id":1906,"date":"2017-11-06T13:42:43","date_gmt":"2017-11-06T15:42:43","guid":{"rendered":"http:\/\/sindicatodosbancarios.org.br\/?p=1906"},"modified":"2017-11-06T13:42:43","modified_gmt":"2017-11-06T15:42:43","slug":"rodrigo-lima-borges-em-visita-arbanc-com-o-presidente-roberto-ortiz","status":"publish","type":"post","link":"https:\/\/sindicatodosbancarios.org.br\/site2022\/2017\/11\/06\/rodrigo-lima-borges-em-visita-arbanc-com-o-presidente-roberto-ortiz\/","title":{"rendered":"RODRIGO LIMA BORGES EM VISITA A ARBANC COM O PRESIDENTE ROBERTO ORTIZ"},"content":{"rendered":"<p>Rodrigo Borges, membro do sindicato e funcion\u00e1rio BB Oxford em visita a ARBANC \u00a0acompanhado pelo Presidente Roberto Ortiz e Val.<\/p>\n","protected":false},"excerpt":{"rendered":"<p>Rodrigo Borges, membro do sindicato e funcion\u00e1rio BB Oxford em visita a ARBANC \u00a0acompanhado pelo Presidente Roberto Ortiz [&hellip;]<\/p>\n","protected":false},"author":2,"featured_media":1903,"comment_status":"open","ping_status":"open","sticky":false,"template":"","format":"standard","meta":{"jetpack_post_was_ever_published":false,"jetpack_publicize_message":"","jetpack_is_tweetstorm":false,"jetpack_publicize_feature_enabled":true,"jetpack_social_post_already_shared":true,"jetpack_social_options":[]},"categories":[1],"tags":[],"jetpack_publicize_connections":[],"acf":[],"yoast_head":"<!-- This site is optimized with the Yoast SEO plugin v19.14 - https:\/\/yoast.com\/wordpress\/plugins\/seo\/ -->\n<title>RODRIGO LIMA BORGES EM VISITA A ARBANC COM O PRESIDENTE ROBERTO ORTIZ - Sindicato dos Banc\u00e1rios de S\u00e3o Bento do Sul e Regi\u00e3o<\/title>\n<meta name=\"robots\" content=\"index, follow, max-snippet:-1, max-image-preview:large, max-video-preview:-1\" \/>\n<link rel=\"canonical\" href=\"https:\/\/sindicatodosbancarios.org.br\/site2022\/2017\/11\/06\/rodrigo-lima-borges-em-visita-arbanc-com-o-presidente-roberto-ortiz\/\" \/>\n<meta property=\"og:locale\" content=\"pt_BR\" \/>\n<meta property=\"og:type\" content=\"article\" \/>\n<meta property=\"og:title\" content=\"RODRIGO LIMA BORGES EM VISITA A ARBANC COM O PRESIDENTE ROBERTO ORTIZ - Sindicato dos Banc\u00e1rios de S\u00e3o Bento do Sul e Regi\u00e3o\" \/>\n<meta property=\"og:description\" content=\"Rodrigo Borges, membro do sindicato e funcion\u00e1rio BB Oxford em visita a ARBANC \u00a0acompanhado pelo Presidente Roberto Ortiz [&hellip;]\" \/>\n<meta property=\"og:url\" content=\"https:\/\/sindicatodosbancarios.org.br\/site2022\/2017\/11\/06\/rodrigo-lima-borges-em-visita-arbanc-com-o-presidente-roberto-ortiz\/\" \/>\n<meta property=\"og:site_name\" content=\"Sindicato dos Banc\u00e1rios de S\u00e3o Bento do Sul e Regi\u00e3o\" \/>\n<meta property=\"article:author\" content=\"https:\/\/www.facebook.com\/seeb.sbs.9\" \/>\n<meta property=\"article:published_time\" content=\"2017-11-06T15:42:43+00:00\" \/>\n<meta property=\"og:image\" content=\"https:\/\/sindicatodosbancarios.org.br\/site2022\/wp-content\/uploads\/2017\/08\/WhatsApp-Image-2017-11-03-at-19.32.42.jpeg\" \/>\n\t<meta property=\"og:image:width\" content=\"1280\" \/>\n\t<meta property=\"og:image:height\" content=\"960\" \/>\n\t<meta property=\"og:image:type\" content=\"image\/jpeg\" \/>\n<meta name=\"author\" content=\"Sindicato dos Banc\u00e1rios S\u00e3o Bento do Sul e Regi\u00e3o\" \/>\n<meta name=\"twitter:card\" content=\"summary_large_image\" \/>\n<meta name=\"twitter:label1\" content=\"Escrito por\" \/>\n\t<meta name=\"twitter:data1\" content=\"Sindicato dos Banc\u00e1rios S\u00e3o Bento do Sul e Regi\u00e3o\" \/>\n<script type=\"application\/ld+json\" class=\"yoast-schema-graph\">{\"@context\":\"https:\/\/schema.org\",\"@graph\":[{\"@type\":\"Article\",\"@id\":\"https:\/\/sindicatodosbancarios.org.br\/site2022\/2017\/11\/06\/rodrigo-lima-borges-em-visita-arbanc-com-o-presidente-roberto-ortiz\/#article\",\"isPartOf\":{\"@id\":\"https:\/\/sindicatodosbancarios.org.br\/site2022\/2017\/11\/06\/rodrigo-lima-borges-em-visita-arbanc-com-o-presidente-roberto-ortiz\/\"},\"author\":{\"name\":\"Sindicato dos Banc\u00e1rios S\u00e3o Bento do Sul e Regi\u00e3o\",\"@id\":\"https:\/\/sindicatodosbancarios.org.br\/site2022\/#\/schema\/person\/a7d92da77d1084df4d28b57962f1e1bd\"},\"headline\":\"RODRIGO LIMA BORGES EM VISITA A ARBANC COM O PRESIDENTE ROBERTO ORTIZ\",\"datePublished\":\"2017-11-06T15:42:43+00:00\",\"dateModified\":\"2017-11-06T15:42:43+00:00\",\"mainEntityOfPage\":{\"@id\":\"https:\/\/sindicatodosbancarios.org.br\/site2022\/2017\/11\/06\/rodrigo-lima-borges-em-visita-arbanc-com-o-presidente-roberto-ortiz\/\"},\"wordCount\":33,\"commentCount\":0,\"publisher\":{\"@id\":\"https:\/\/sindicatodosbancarios.org.br\/site2022\/#organization\"},\"articleSection\":[\"Geral\"],\"inLanguage\":\"pt-BR\",\"potentialAction\":[{\"@type\":\"CommentAction\",\"name\":\"Comment\",\"target\":[\"https:\/\/sindicatodosbancarios.org.br\/site2022\/2017\/11\/06\/rodrigo-lima-borges-em-visita-arbanc-com-o-presidente-roberto-ortiz\/#respond\"]}]},{\"@type\":\"WebPage\",\"@id\":\"https:\/\/sindicatodosbancarios.org.br\/site2022\/2017\/11\/06\/rodrigo-lima-borges-em-visita-arbanc-com-o-presidente-roberto-ortiz\/\",\"url\":\"https:\/\/sindicatodosbancarios.org.br\/site2022\/2017\/11\/06\/rodrigo-lima-borges-em-visita-arbanc-com-o-presidente-roberto-ortiz\/\",\"name\":\"RODRIGO LIMA BORGES EM VISITA A ARBANC COM O PRESIDENTE ROBERTO ORTIZ - Sindicato dos Banc\u00e1rios de S\u00e3o Bento do Sul e Regi\u00e3o\",\"isPartOf\":{\"@id\":\"https:\/\/sindicatodosbancarios.org.br\/site2022\/#website\"},\"datePublished\":\"2017-11-06T15:42:43+00:00\",\"dateModified\":\"2017-11-06T15:42:43+00:00\",\"breadcrumb\":{\"@id\":\"https:\/\/sindicatodosbancarios.org.br\/site2022\/2017\/11\/06\/rodrigo-lima-borges-em-visita-arbanc-com-o-presidente-roberto-ortiz\/#breadcrumb\"},\"inLanguage\":\"pt-BR\",\"potentialAction\":[{\"@type\":\"ReadAction\",\"target\":[\"https:\/\/sindicatodosbancarios.org.br\/site2022\/2017\/11\/06\/rodrigo-lima-borges-em-visita-arbanc-com-o-presidente-roberto-ortiz\/\"]}]},{\"@type\":\"BreadcrumbList\",\"@id\":\"https:\/\/sindicatodosbancarios.org.br\/site2022\/2017\/11\/06\/rodrigo-lima-borges-em-visita-arbanc-com-o-presidente-roberto-ortiz\/#breadcrumb\",\"itemListElement\":[{\"@type\":\"ListItem\",\"position\":1,\"name\":\"In\u00edcio\",\"item\":\"https:\/\/sindicatodosbancarios.org.br\/site2022\/\"},{\"@type\":\"ListItem\",\"position\":2,\"name\":\"RODRIGO LIMA BORGES EM VISITA A ARBANC COM O PRESIDENTE ROBERTO ORTIZ\"}]},{\"@type\":\"WebSite\",\"@id\":\"https:\/\/sindicatodosbancarios.org.br\/site2022\/#website\",\"url\":\"https:\/\/sindicatodosbancarios.org.br\/site2022\/\",\"name\":\"Sindicato dos Banc\u00e1rios de S\u00e3o Bento do Sul e Regi\u00e3o\",\"description\":\"Website institucional do Sindicato dos Banc\u00e1rios de S\u00e3o Bento do Sul e Regi\u00e3o\",\"publisher\":{\"@id\":\"https:\/\/sindicatodosbancarios.org.br\/site2022\/#organization\"},\"potentialAction\":[{\"@type\":\"SearchAction\",\"target\":{\"@type\":\"EntryPoint\",\"urlTemplate\":\"https:\/\/sindicatodosbancarios.org.br\/site2022\/?s={search_term_string}\"},\"query-input\":\"required name=search_term_string\"}],\"inLanguage\":\"pt-BR\"},{\"@type\":\"Organization\",\"@id\":\"https:\/\/sindicatodosbancarios.org.br\/site2022\/#organization\",\"name\":\"Sindicato dos Banc\u00e1rios de S\u00e3o Bento do Sul e Regi\u00e3o\",\"url\":\"https:\/\/sindicatodosbancarios.org.br\/site2022\/\",\"logo\":{\"@type\":\"ImageObject\",\"inLanguage\":\"pt-BR\",\"@id\":\"https:\/\/sindicatodosbancarios.org.br\/site2022\/#\/schema\/logo\/image\/\",\"url\":\"https:\/\/sindicatodosbancarios.org.br\/site2022\/wp-content\/uploads\/2017\/06\/cropped-logo-2.png\",\"contentUrl\":\"https:\/\/sindicatodosbancarios.org.br\/site2022\/wp-content\/uploads\/2017\/06\/cropped-logo-2.png\",\"width\":292,\"height\":292,\"caption\":\"Sindicato dos Banc\u00e1rios de S\u00e3o Bento do Sul e Regi\u00e3o\"},\"image\":{\"@id\":\"https:\/\/sindicatodosbancarios.org.br\/site2022\/#\/schema\/logo\/image\/\"}},{\"@type\":\"Person\",\"@id\":\"https:\/\/sindicatodosbancarios.org.br\/site2022\/#\/schema\/person\/a7d92da77d1084df4d28b57962f1e1bd\",\"name\":\"Sindicato dos Banc\u00e1rios S\u00e3o Bento do Sul e Regi\u00e3o\",\"image\":{\"@type\":\"ImageObject\",\"inLanguage\":\"pt-BR\",\"@id\":\"https:\/\/sindicatodosbancarios.org.br\/site2022\/#\/schema\/person\/image\/\",\"url\":\"https:\/\/secure.gravatar.com\/avatar\/f1d1a06f698f2345352e539387180d42?s=96&d=mm&r=g\",\"contentUrl\":\"https:\/\/secure.gravatar.com\/avatar\/f1d1a06f698f2345352e539387180d42?s=96&d=mm&r=g\",\"caption\":\"Sindicato dos Banc\u00e1rios S\u00e3o Bento do Sul e Regi\u00e3o\"},\"sameAs\":[\"http:\/\/sindicatodosbancarios.org.br\/site2022\/\",\"https:\/\/www.facebook.com\/seeb.sbs.9\"],\"url\":\"https:\/\/sindicatodosbancarios.org.br\/site2022\/author\/sindicatodosbancarios\/\"}]}<\/script>\n<!-- \/ Yoast SEO plugin. -->","yoast_head_json":{"title":"RODRIGO LIMA BORGES EM VISITA A ARBANC COM O PRESIDENTE ROBERTO ORTIZ - Sindicato dos Banc\u00e1rios de S\u00e3o Bento do Sul e Regi\u00e3o","robots":{"index":"index","follow":"follow","max-snippet":"max-snippet:-1","max-image-preview":"max-image-preview:large","max-video-preview":"max-video-preview:-1"},"canonical":"https:\/\/sindicatodosbancarios.org.br\/site2022\/2017\/11\/06\/rodrigo-lima-borges-em-visita-arbanc-com-o-presidente-roberto-ortiz\/","og_locale":"pt_BR","og_type":"article","og_title":"RODRIGO LIMA BORGES EM VISITA A ARBANC COM O PRESIDENTE ROBERTO ORTIZ - Sindicato dos Banc\u00e1rios de S\u00e3o Bento do Sul e Regi\u00e3o","og_description":"Rodrigo Borges, membro do sindicato e funcion\u00e1rio BB Oxford em visita a ARBANC \u00a0acompanhado pelo Presidente Roberto Ortiz [&hellip;]","og_url":"https:\/\/sindicatodosbancarios.org.br\/site2022\/2017\/11\/06\/rodrigo-lima-borges-em-visita-arbanc-com-o-presidente-roberto-ortiz\/","og_site_name":"Sindicato dos Banc\u00e1rios de S\u00e3o Bento do Sul e Regi\u00e3o","article_author":"https:\/\/www.facebook.com\/seeb.sbs.9","article_published_time":"2017-11-06T15:42:43+00:00","og_image":[{"width":1280,"height":960,"url":"https:\/\/sindicatodosbancarios.org.br\/site2022\/wp-content\/uploads\/2017\/08\/WhatsApp-Image-2017-11-03-at-19.32.42.jpeg","type":"image\/jpeg"}],"author":"Sindicato dos Banc\u00e1rios S\u00e3o Bento do Sul e Regi\u00e3o","twitter_card":"summary_large_image","twitter_misc":{"Escrito por":"Sindicato dos Banc\u00e1rios S\u00e3o Bento do Sul e Regi\u00e3o"},"schema":{"@context":"https:\/\/schema.org","@graph":[{"@type":"Article","@id":"https:\/\/sindicatodosbancarios.org.br\/site2022\/2017\/11\/06\/rodrigo-lima-borges-em-visita-arbanc-com-o-presidente-roberto-ortiz\/#article","isPartOf":{"@id":"https:\/\/sindicatodosbancarios.org.br\/site2022\/2017\/11\/06\/rodrigo-lima-borges-em-visita-arbanc-com-o-presidente-roberto-ortiz\/"},"author":{"name":"Sindicato dos Banc\u00e1rios S\u00e3o Bento do Sul e Regi\u00e3o","@id":"https:\/\/sindicatodosbancarios.org.br\/site2022\/#\/schema\/person\/a7d92da77d1084df4d28b57962f1e1bd"},"headline":"RODRIGO LIMA BORGES EM VISITA A ARBANC COM O PRESIDENTE ROBERTO ORTIZ","datePublished":"2017-11-06T15:42:43+00:00","dateModified":"2017-11-06T15:42:43+00:00","mainEntityOfPage":{"@id":"https:\/\/sindicatodosbancarios.org.br\/site2022\/2017\/11\/06\/rodrigo-lima-borges-em-visita-arbanc-com-o-presidente-roberto-ortiz\/"},"wordCount":33,"commentCount":0,"publisher":{"@id":"https:\/\/sindicatodosbancarios.org.br\/site2022\/#organization"},"articleSection":["Geral"],"inLanguage":"pt-BR","potentialAction":[{"@type":"CommentAction","name":"Comment","target":["https:\/\/sindicatodosbancarios.org.br\/site2022\/2017\/11\/06\/rodrigo-lima-borges-em-visita-arbanc-com-o-presidente-roberto-ortiz\/#respond"]}]},{"@type":"WebPage","@id":"https:\/\/sindicatodosbancarios.org.br\/site2022\/2017\/11\/06\/rodrigo-lima-borges-em-visita-arbanc-com-o-presidente-roberto-ortiz\/","url":"https:\/\/sindicatodosbancarios.org.br\/site2022\/2017\/11\/06\/rodrigo-lima-borges-em-visita-arbanc-com-o-presidente-roberto-ortiz\/","name":"RODRIGO LIMA BORGES EM VISITA A ARBANC COM O PRESIDENTE ROBERTO ORTIZ - Sindicato dos Banc\u00e1rios de S\u00e3o Bento do Sul e Regi\u00e3o","isPartOf":{"@id":"https:\/\/sindicatodosbancarios.org.br\/site2022\/#website"},"datePublished":"2017-11-06T15:42:43+00:00","dateModified":"2017-11-06T15:42:43+00:00","breadcrumb":{"@id":"https:\/\/sindicatodosbancarios.org.br\/site2022\/2017\/11\/06\/rodrigo-lima-borges-em-visita-arbanc-com-o-presidente-roberto-ortiz\/#breadcrumb"},"inLanguage":"pt-BR","potentialAction":[{"@type":"ReadAction","target":["https:\/\/sindicatodosbancarios.org.br\/site2022\/2017\/11\/06\/rodrigo-lima-borges-em-visita-arbanc-com-o-presidente-roberto-ortiz\/"]}]},{"@type":"BreadcrumbList","@id":"https:\/\/sindicatodosbancarios.org.br\/site2022\/2017\/11\/06\/rodrigo-lima-borges-em-visita-arbanc-com-o-presidente-roberto-ortiz\/#breadcrumb","itemListElement":[{"@type":"ListItem","position":1,"name":"In\u00edcio","item":"https:\/\/sindicatodosbancarios.org.br\/site2022\/"},{"@type":"ListItem","position":2,"name":"RODRIGO LIMA BORGES EM VISITA A ARBANC COM O PRESIDENTE ROBERTO ORTIZ"}]},{"@type":"WebSite","@id":"https:\/\/sindicatodosbancarios.org.br\/site2022\/#website","url":"https:\/\/sindicatodosbancarios.org.br\/site2022\/","name":"Sindicato dos Banc\u00e1rios de S\u00e3o Bento do Sul e Regi\u00e3o","description":"Website institucional do Sindicato dos Banc\u00e1rios de S\u00e3o Bento do Sul e Regi\u00e3o","publisher":{"@id":"https:\/\/sindicatodosbancarios.org.br\/site2022\/#organization"},"potentialAction":[{"@type":"SearchAction","target":{"@type":"EntryPoint","urlTemplate":"https:\/\/sindicatodosbancarios.org.br\/site2022\/?s={search_term_string}"},"query-input":"required name=search_term_string"}],"inLanguage":"pt-BR"},{"@type":"Organization","@id":"https:\/\/sindicatodosbancarios.org.br\/site2022\/#organization","name":"Sindicato dos Banc\u00e1rios de S\u00e3o Bento do Sul e Regi\u00e3o","url":"https:\/\/sindicatodosbancarios.org.br\/site2022\/","logo":{"@type":"ImageObject","inLanguage":"pt-BR","@id":"https:\/\/sindicatodosbancarios.org.br\/site2022\/#\/schema\/logo\/image\/","url":"https:\/\/sindicatodosbancarios.org.br\/site2022\/wp-content\/uploads\/2017\/06\/cropped-logo-2.png","contentUrl":"https:\/\/sindicatodosbancarios.org.br\/site2022\/wp-content\/uploads\/2017\/06\/cropped-logo-2.png","width":292,"height":292,"caption":"Sindicato dos Banc\u00e1rios de S\u00e3o Bento do Sul e Regi\u00e3o"},"image":{"@id":"https:\/\/sindicatodosbancarios.org.br\/site2022\/#\/schema\/logo\/image\/"}},{"@type":"Person","@id":"https:\/\/sindicatodosbancarios.org.br\/site2022\/#\/schema\/person\/a7d92da77d1084df4d28b57962f1e1bd","name":"Sindicato dos Banc\u00e1rios S\u00e3o Bento do Sul e Regi\u00e3o","image":{"@type":"ImageObject","inLanguage":"pt-BR","@id":"https:\/\/sindicatodosbancarios.org.br\/site2022\/#\/schema\/person\/image\/","url":"https:\/\/secure.gravatar.com\/avatar\/f1d1a06f698f2345352e539387180d42?s=96&d=mm&r=g","contentUrl":"https:\/\/secure.gravatar.com\/avatar\/f1d1a06f698f2345352e539387180d42?s=96&d=mm&r=g","caption":"Sindicato dos Banc\u00e1rios S\u00e3o Bento do Sul e Regi\u00e3o"},"sameAs":["http:\/\/sindicatodosbancarios.org.br\/site2022\/","https:\/\/www.facebook.com\/seeb.sbs.9"],"url":"https:\/\/sindicatodosbancarios.org.br\/site2022\/author\/sindicatodosbancarios\/"}]}},"jetpack_featured_media_url":"https:\/\/sindicatodosbancarios.org.br\/site2022\/wp-content\/uploads\/2017\/08\/WhatsApp-Image-2017-11-03-at-19.32.42.jpeg","jetpack_sharing_enabled":true,"jetpack_shortlink":"https:\/\/wp.me\/p8RSbI-uK","jetpack-related-posts":[{"id":5596,"url":"https:\/\/sindicatodosbancarios.org.br\/site2022\/2021\/08\/10\/informe-bancario-187-2021-pacheco-diz-que-bolsonaro-nao-pode-agredir-stf-e-defende-manutencao-de-dialogo\/","url_meta":{"origin":1906,"position":0},"title":"INFORME BANC\u00c1RIO \u2013 187\/2021 Pacheco diz que Bolsonaro n\u00e3o pode agredir STF e defende manuten\u00e7\u00e3o de di\u00e1logo","date":"10 de agosto de 2021","format":false,"excerpt":"Pacheco tamb\u00e9m considerou graves as amea\u00e7as feitas nesta semana por Bolsonaro de que poderia jogar fora das quatro linhas da Constitui\u00e7\u00e3o O presidente do\u00a0Senado,\u00a0Rodrigo Pacheco (DEM-MG), afirmou nesta sexta-feira que nem o presidente\u00a0Jair Bolsonaro\u00a0nem qualquer cidad\u00e3o pode fazer ataques ao\u00a0Supremo Tribunal Federal (STF), ao mesmo tempo que defendeu a manuten\u00e7\u00e3o\u2026","rel":"","context":"Em &quot;Geral&quot;","img":{"alt_text":"","src":"https:\/\/i0.wp.com\/sindicatodosbancarios.org.br\/site2022\/wp-content\/uploads\/2021\/08\/bolsonaro-e-pacheco.jpg?resize=350%2C200&ssl=1","width":350,"height":200},"classes":[]},{"id":5577,"url":"https:\/\/sindicatodosbancarios.org.br\/site2022\/2021\/08\/02\/informe-bancario-181-2021-mario-roberto-opice-leao-assumira-presidencia-do-santander-brasil-em-2022\/","url_meta":{"origin":1906,"position":1},"title":"INFORME BANC\u00c1RIO \u2013 181\/2021 Mario Roberto Opice Le\u00e3o assumir\u00e1 presid\u00eancia do Santander Brasil em 2022","date":"2 de agosto de 2021","format":false,"excerpt":"O brasileiro Mario Roberto Opice Le\u00e3o, respons\u00e1vel pela \u00e1rea de corporate banking do Santander Brasil desde 2015, assumir\u00e1 a presid\u00eancia executiva do banco em 1\u00ba de janeiro de 2022, quando suceder\u00e1 S\u00e9rgio Rial, informou a institui\u00e7\u00e3o ontem. Ap\u00f3s quase sete anos \u00e0 frente das opera\u00e7\u00f5es brasileiras do Santander, Rial assumir\u00e1\u2026","rel":"","context":"Em &quot;Santander&quot;","img":{"alt_text":"","src":"https:\/\/i0.wp.com\/sindicatodosbancarios.org.br\/site2022\/wp-content\/uploads\/2021\/08\/mario-roberto-opice-leao-assumira-a-presidencia-executiva-do-santander-em-20220-1627469367195_v2_450x600.jpg?resize=350%2C200&ssl=1","width":350,"height":200},"classes":[]},{"id":4510,"url":"https:\/\/sindicatodosbancarios.org.br\/site2022\/2020\/09\/16\/informe-bancario-353-2020-em-cerimonia-restrita-luiz-fux-toma-posse-nesta-quinta-feira-como-presidente-do-stf\/","url_meta":{"origin":1906,"position":2},"title":"INFORME BANC\u00c1RIO \u2013 353\/2020 Em cerim\u00f4nia restrita, Luiz Fux toma posse nesta quinta-feira como presidente do STF","date":"16 de setembro de 2020","format":false,"excerpt":"Nascido no Rio, Fux substituir\u00e1 Dias Toffoli na presid\u00eancia. Novo presidente do STF \u00e9 formado em direito pela UERJ, exerceu advocacia e foi promotor at\u00e9 ingressar na magistratura, em 1983. O ministro\u00a0Luiz Fux\u00a0tomar\u00e1 posse nesta quinta-feira (10) como\u00a0novo presidente\u00a0do\u00a0Supremo Tribunal Federal\u00a0(STF). A ministra Rosa Weber ser\u00e1 a vice. A cerim\u00f4nia\u2026","rel":"","context":"Em &quot;Geral&quot;","img":{"alt_text":"","src":"https:\/\/i0.wp.com\/sindicatodosbancarios.org.br\/site2022\/wp-content\/uploads\/2020\/09\/bancoimagemfotoaudiencia-ap-451300.jpg?resize=350%2C200&ssl=1","width":350,"height":200},"classes":[]},{"id":4991,"url":"https:\/\/sindicatodosbancarios.org.br\/site2022\/2021\/01\/11\/informe-bancario-492-2021-bolsonaro-diz-que-brasil-tera-situacao-pior-que-os-eua-se-nao-houver-voto-impresso-em-2022\/","url_meta":{"origin":1906,"position":3},"title":"INFORME BANC\u00c1RIO \u2013 14\/2021 Bolsonaro diz que Brasil ter\u00e1 situa\u00e7\u00e3o pior que os EUA se n\u00e3o houver voto impresso em 2022","date":"11 de janeiro de 2021","format":false,"excerpt":"O presidente Jair Bolsonaro disse nesta quinta-feria que o Brasil enfrentar\u00e1 um cen\u00e1rio pior que o vivido pelos Estados Unidos, onde na v\u00e9spera apoiadores do presidente Donald Trump invadiram o pr\u00e9dio do Congresso, caso o pa\u00eds n\u00e3o adote o voto impresso na elei\u00e7\u00e3o presidencial de 2022. Em conversa com apoiadores\u2026","rel":"","context":"Em &quot;Geral&quot;","img":{"alt_text":"","src":"https:\/\/i0.wp.com\/sindicatodosbancarios.org.br\/site2022\/wp-content\/uploads\/2020\/12\/o-presidente-jair-bolsonaro-cumprimenta-apoiadores-diante-da-bandeira-dos-estados-unidos-1589592245442_v2_1920x1280.jpg?resize=350%2C200&ssl=1","width":350,"height":200},"classes":[]},{"id":6278,"url":"https:\/\/sindicatodosbancarios.org.br\/site2022\/2022\/04\/13\/informe-bancario-43-2022-sindicato-diz-que-nao-houve-reuniao-com-presidente-do-bc-greve-deve-continuar\/","url_meta":{"origin":1906,"position":4},"title":"INFORME BANC\u00c1RIO \u2013 43\/2022 Sindicato diz que n\u00e3o houve reuni\u00e3o com presidente do BC; greve deve continuar","date":"13 de abril de 2022","format":false,"excerpt":"O presidente do Sindicato Nacional de Funcion\u00e1rios do Banco Central (Sinal), F\u00e1bio Faiad, afirmou que a reuni\u00e3o esperada para a manh\u00e3 desta ter\u00e7a-feira com o presidente do BC, Roberto Campos Neto, n\u00e3o ocorreu e que, assim, a posi\u00e7\u00e3o do sindicato \u00e9 pela continuidade da greve dos servidores da autarquia, que\u2026","rel":"","context":"Em &quot;Geral&quot;","img":{"alt_text":"","src":"https:\/\/i0.wp.com\/sindicatodosbancarios.org.br\/site2022\/wp-content\/uploads\/2022\/04\/shutterstock_1486752722-1.jpg?resize=350%2C200&ssl=1","width":350,"height":200},"classes":[]},{"id":4911,"url":"https:\/\/sindicatodosbancarios.org.br\/site2022\/2020\/12\/18\/informe-bancario-468-2020-relator-nao-vai-incluir-termo-de-responsabilidade-em-mp-sobre-a-vacina-diz-maia\/","url_meta":{"origin":1906,"position":5},"title":"INFORME BANC\u00c1RIO \u2013 468\/2020 Relator n\u00e3o vai incluir termo de responsabilidade em MP sobre a vacina, diz Maia","date":"18 de dezembro de 2020","format":false,"excerpt":"O presidente da\u00a0C\u00e2mara dos Deputados,\u00a0Rodrigo Maia\u00a0(DEM-RJ), disse que o relat\u00f3rio da Medida Provis\u00f3ria (MP) 1003\/20, que trata da ades\u00e3o do\u00a0Brasil\u00a0\u00e0 alian\u00e7a global pela\u00a0vacina\u00a0igualit\u00e1ria contra a\u00a0Covid-19, n\u00e3o vai incluir o termo de responsabilidade exigido pelo governo para vacinar a popula\u00e7\u00e3o. O relator da MP \u00e9 o deputado Geninho Zuliani (DEM-SP), do\u2026","rel":"","context":"Em &quot;Geral&quot;","img":{"alt_text":"","src":"https:\/\/i0.wp.com\/sindicatodosbancarios.org.br\/site2022\/wp-content\/uploads\/2020\/12\/rodrigo-maia-3.jpg?resize=350%2C200&ssl=1","width":350,"height":200},"classes":[]}],"_links":{"self":[{"href":"https:\/\/sindicatodosbancarios.org.br\/site2022\/wp-json\/wp\/v2\/posts\/1906"}],"collection":[{"href":"https:\/\/sindicatodosbancarios.org.br\/site2022\/wp-json\/wp\/v2\/posts"}],"about":[{"href":"https:\/\/sindicatodosbancarios.org.br\/site2022\/wp-json\/wp\/v2\/types\/post"}],"author":[{"embeddable":true,"href":"https:\/\/sindicatodosbancarios.org.br\/site2022\/wp-json\/wp\/v2\/users\/2"}],"replies":[{"embeddable":true,"href":"https:\/\/sindicatodosbancarios.org.br\/site2022\/wp-json\/wp\/v2\/comments?post=1906"}],"version-history":[{"count":1,"href":"https:\/\/sindicatodosbancarios.org.br\/site2022\/wp-json\/wp\/v2\/posts\/1906\/revisions"}],"predecessor-version":[{"id":1907,"href":"https:\/\/sindicatodosbancarios.org.br\/site2022\/wp-json\/wp\/v2\/posts\/1906\/revisions\/1907"}],"wp:featuredmedia":[{"embeddable":true,"href":"https:\/\/sindicatodosbancarios.org.br\/site2022\/wp-json\/wp\/v2\/media\/1903"}],"wp:attachment":[{"href":"https:\/\/sindicatodosbancarios.org.br\/site2022\/wp-json\/wp\/v2\/media?parent=1906"}],"wp:term":[{"taxonomy":"category","embeddable":true,"href":"https:\/\/sindicatodosbancarios.org.br\/site2022\/wp-json\/wp\/v2\/categories?post=1906"},{"taxonomy":"post_tag","embeddable":true,"href":"https:\/\/sindicatodosbancarios.org.br\/site2022\/wp-json\/wp\/v2\/tags?post=1906"}],"curies":[{"name":"wp","href":"https:\/\/api.w.org\/{rel}","templated":true}]}}