{"id":1945,"date":"2017-11-20T14:28:35","date_gmt":"2017-11-20T16:28:35","guid":{"rendered":"http:\/\/sindicatodosbancarios.org.br\/?p=1945"},"modified":"2017-11-20T14:28:35","modified_gmt":"2017-11-20T16:28:35","slug":"informe-2002017-como-mp-que-muda-reforma-trabalhista-afeta-sua-vida","status":"publish","type":"post","link":"https:\/\/sindicatodosbancarios.org.br\/site2022\/2017\/11\/20\/informe-2002017-como-mp-que-muda-reforma-trabalhista-afeta-sua-vida\/","title":{"rendered":"INFORME 200\/2017 &#8211; COMO A MP QUE MUDA A REFORMA TRABALHISTA AFETA A SUA VIDA"},"content":{"rendered":"<p>Presidente Michel Temer editou a Medida Provis\u00f3ria 808 que mudou v\u00e1rios artigos da reforma trabalhista. Advogadas apontam t\u00f3picos mais importantes.<\/p>\n<p>A reforma trabalhista \u2013 definida pela lei 13.467\/2017 \u2013 nem bem entrou em vigor e j\u00e1 foi alterada pela Medida Provis\u00f3ria 808, publicada pelo presidente Michel Temer na \u00faltima ter\u00e7a-feira, dia 14.<\/p>\n<p>A MP j\u00e1 est\u00e1 valendo mas para virar lei, de fato, ter\u00e1 que percorrer um caminho de aprecia\u00e7\u00e3o no Congresso Nacional. O prazo constitucional para avalia\u00e7\u00e3o no Legislativo \u00e9 de 60 dias prorrog\u00e1vel por mais 60 dias, com suspens\u00e3o durante o per\u00edodo de recesso.<\/p>\n<p>\u201cEventualmente ela poder\u00e1 vir a ser rejeitada pelo Congresso ou perder sua efic\u00e1cia ou, ainda, ser aprovada com modifica\u00e7\u00f5es\u201d, explica a advogada Roberta de Oliveira Souza, especialista em Direito e Processo do Trabalho.<\/p>\n<p>Como est\u00e1 agora, a medida beneficia os empregados, na opini\u00e3o de Gisela Freire, s\u00f3cia do escrit\u00f3rio Souza Cescon. \u201cN\u00e3o diminuiu nenhum direito ou garantia previsto na lei 13.467\/2017. Ao contr\u00e1rio, corrigiu algumas disposi\u00e7\u00f5es que colocavam o empregado em posi\u00e7\u00e3o mais vulner\u00e1vel\u201d, diz Gisela.<\/p>\n<p>Ela diz que a medida ainda resolve quest\u00f5es n\u00e3o consideradas pela reforma como, por exemplo, a quest\u00e3o previdenci\u00e1ria e de c\u00e1lculo de verbas dos empregados contratados sob o regime intermitente.<\/p>\n<p>\u201c A MP tamb\u00e9m conserta algumas distor\u00e7\u00f5es da lei, ao extinguir, por exemplo, a multa de 50% ao empregado (na modalidade intermitente) que aceitar a convoca\u00e7\u00e3o e n\u00e3o comparecer ao trabalho\u201d, diz Gisela.<\/p>\n<p>Outra corre\u00e7\u00e3o necess\u00e1ria que foi feita com a MP \u00e9 em rela\u00e7\u00e3o ao c\u00e1lculo da indeniza\u00e7\u00e3o por dano extrapatrimonial (como \u00e9 o caso do dano moral), de acordo com a advogada. Agora, o sal\u00e1rio n\u00e3o ser\u00e1 mais levado em considera\u00e7\u00e3o para fins de defini\u00e7\u00e3o do valor total da indeniza\u00e7\u00e3o.<\/p>\n<p>\u201cAo parametrizar a indeniza\u00e7\u00e3o por danos extrapatrimoniais a um crit\u00e9rio \u00fanico, trata de forma ison\u00f4mica os empregados, independentemente do valor do sal\u00e1rio que recebem\u201d, explica.<\/p>\n<p>Embora n\u00e3o traga mais pol\u00eamicas do que aquelas j\u00e1 criadas pela reforma trabalhista, a MP n\u00e3o resolve todos os problemas da nova CLT. \u201cAinda existem algumas inconsist\u00eancias que dever\u00e3o ser corrigidas. Na parte relativa aos pr\u00eamios, por exemplo, a MP introduziu um novo par\u00e1grafo ao artigo 457, dispondo que estes s\u00e3o liberalidades concedidas at\u00e9 duas vezes ao ano, mas n\u00e3o revogou o par\u00e1grafo 4\u00ba do mesmo artigo que n\u00e3o traz essa restri\u00e7\u00e3o de periodicidade de pagamento\u201d, afirma.<\/p>\n<p>Outro ponto que continua cercado de nebulosidade, segundo a especialista, diz respeito ao fim do contrato de trabalho intermitente quando n\u00e3o h\u00e1 convoca\u00e7\u00e3o durante um ano inteiro, diz Gisela. \u201cN\u00e3o est\u00e1 claro qual o tratamento ser\u00e1 dado a essa rescis\u00e3o. Por exemplo, ser\u00e1 devido aviso pr\u00e9vio? Ser\u00e1 devida multa por rescis\u00e3o? \u201d<\/p>\n<p>Confira a seguir o resumo dos principais t\u00f3picos alterados pela MP, segundo as duas advogadas consultadas.<\/p>\n<p><strong>Aplica\u00e7\u00e3o integral da reforma trabalhista em todos os contratos<\/strong><\/p>\n<p>O art. 2\u00ba da medida provis\u00f3ria 808 determina que a reforma se aplica integralmente aos contratos de trabalho vigentes. Ou seja, as novas regras valem para contratos novos e tamb\u00e9m aqueles j\u00e1 firmados entre empregadores e empregados.<\/p>\n<p>\u201cEssa \u00e9 uma das nuances que eu reputo mais importantes porque, como regra, as normas de direito material se aplicam apenas de imediato aos novos contratos de trabalho, respeitado o ato jur\u00eddico perfeito (aquele que j\u00e1 acabou e foi realizado seguindo-se as normas antigas) e o direito adquirido\u201d, diz Roberta.<\/p>\n<p>Mas ela explica tamb\u00e9m que se a norma for de ordem p\u00fablica pode ser criada uma exce\u00e7\u00e3o a essa interpreta\u00e7\u00e3o. \u201cPorque a dita prote\u00e7\u00e3o cede lugar a interesses sociais mais relevantes\u201d, diz.<\/p>\n<p>Segundo a especialista, o legislador pode determinar o momento de aplica\u00e7\u00e3o da lei nova, mas a reforma trabalhista tinha sido omissa sobre isso.<\/p>\n<p><strong>C\u00e1lculo do dano moral<\/strong><\/p>\n<p>A reforma tinha estabelecido que o sal\u00e1rio seria o par\u00e2metro de c\u00e1lculo para o valor de uma indeniza\u00e7\u00e3o por dano moral. Assim, quanto mais baixo o sal\u00e1rio de uma pessoa, menor seria o valor m\u00e1ximo da indeniza\u00e7\u00e3o, fato que gerou muita controv\u00e9rsia.<\/p>\n<p>\u201cCom a edi\u00e7\u00e3o da MP 808, essa querela \u00e9 solucionada a partir da tarifa\u00e7\u00e3o do dano moral atrelada ao limite m\u00e1ximo dos benef\u00edcios do Regime Geral da Previd\u00eancia Social\u201d, explica Roberta. A exce\u00e7\u00e3o dessa regra \u00e9 o c\u00e1lculo da indeniza\u00e7\u00e3o por dano de acidente fatal, que ter\u00e1 o valor estipulado pelo juiz.<\/p>\n<p>\u201cEssa \u00e9 uma medida que prestigia a isonomia, j\u00e1 que a vida de um ser humano e as les\u00f5es aos seus direitos da personalidade n\u00e3o podem ser medidas a partir do sal\u00e1rio contratual do ofendido, sob pena de ofensa do art. 5\u00ba da Constitui\u00e7\u00e3o\u201d, diz Roberta. Falando nisso: A ContaAzul disponibiliza uma planilha pra calcular horas extras e obter uma folha de pagamento livre de erros! Patrocinado<\/p>\n<p>A MP tamb\u00e9m retira a necessidade de identidade de partes para a eleva\u00e7\u00e3o do valor da indeniza\u00e7\u00e3o, ou seja, se o empregador reincidir na mesma ofensa com outro empregado, poder\u00e1 ser condenado no pagamento dobrado da indeniza\u00e7\u00e3o.<\/p>\n<p><strong>Trabalhador aut\u00f4nomo<\/strong><\/p>\n<p>A reforma criou o artigo 442-B da CLT que definia que a contrata\u00e7\u00e3o do aut\u00f4nomo, cumpridas por este todas as formalidades legais, com ou sem exclusividade, de forma cont\u00ednua ou n\u00e3o, afastaria o v\u00ednculo empregat\u00edcio previsto no art. 3\u00ba da CLT.<\/p>\n<p>Esse artigo trouxe muita pol\u00eamica, segundo Roberta. \u201cOs operadores do direito come\u00e7aram a questionar eventual possibilidade de uma empresa operar sem possuir empregados, fraudando, portanto, a pr\u00f3pria exist\u00eancia da rela\u00e7\u00e3o de emprego\u201d, diz a especialista em Direito do Trabalho. Na opini\u00e3o dela, entretanto, isso seria imposs\u00edvel j\u00e1 que a subordina\u00e7\u00e3o continuava sendo fator indicativo de v\u00ednculo empregat\u00edcio.<\/p>\n<p>A MP 808 acrescentou 7 par\u00e1grafos ao art. 442-B da CLT e a grande mudan\u00e7a \u00e9 que pro\u00edbe a inclus\u00e3o de cl\u00e1usula de exclusividade no contrato de presta\u00e7\u00e3o de servi\u00e7os.<\/p>\n<p>Segundo a reda\u00e7\u00e3o da MP, o aut\u00f4nomo poder\u00e1 prestar servi\u00e7os de qualquer natureza a outros tomadores de servi\u00e7os que exer\u00e7am ou n\u00e3o a mesma atividade econ\u00f4mica, sob qualquer modalidade de contrato de trabalho, inclusive como aut\u00f4nomo.<\/p>\n<p>Tamb\u00e9m garante ao aut\u00f4nomo a chance de se recusar a fazer a atividade pedida pelo contratante, garantida a aplica\u00e7\u00e3o de cl\u00e1usula de penalidade prevista em contrato.<\/p>\n<p>A MP tamb\u00e9m indica que motoristas, representantes comerciais, corretores de im\u00f3veis, parceiros, e trabalhadores de outras categorias profissionais reguladas por leis espec\u00edficas relacionadas a atividades compat\u00edveis com o contrato aut\u00f4nomo, desde que cumpridos os requisitos do artigo 442-B, n\u00e3o possuir\u00e3o a qualidade de empregado prevista o art. 3\u00ba da CLT.<\/p>\n<p>Mas, Roberta lembra que se n\u00e3o houver a autonomia na realiza\u00e7\u00e3o do trabalho, de fato, esses trabalhadores poder\u00e3o acionar a Justi\u00e7a. \u201cEm ju\u00edzo, poder\u00e3o vir a comprovar a presen\u00e7a da subordina\u00e7\u00e3o jur\u00eddica, a qual, caso acolhida, ensejar\u00e1 a declara\u00e7\u00e3o do v\u00ednculo de emprego\u201d, explica.<\/p>\n<p><strong>Jornada de Trabalho 12\u00d736<\/strong><\/p>\n<p>A MP condiciona a pr\u00e1tica da jornada de 12 horas de trabalho por 36 horas de descanso, a acordo coletivo e conven\u00e7\u00e3o coletiva, com exce\u00e7\u00e3o das empresas e entidades do setor de sa\u00fade.<\/p>\n<p>Os trabalhadores da \u00e1rea de sa\u00fade s\u00e3o os \u00fanicos que poder\u00e3o fazer acordo individual por escrito com o empregador estabelecendo esse tipo de jornada de trabalho.<\/p>\n<p><strong>Gratifica\u00e7\u00e3o, pr\u00eamios por desempenho e ajuda de custo<\/strong><\/p>\n<p>A reforma trabalhista definiu que o valor fixo mensal estipulado em contrato, as gratifica\u00e7\u00f5es legais e as comiss\u00f5es pagas pelo empregador s\u00e3o parte do sal\u00e1rio do trabalhador. Isso significa que entram no c\u00e1lculo de verbas trabalhistas e\/ou previdenci\u00e1rias tais como f\u00e9rias, 13\u00ba FGTS, por exemplo.<\/p>\n<p>Agora, a MP adicionou que gratifica\u00e7\u00f5es de fun\u00e7\u00e3o, dadas para quem ocupa um cargo de grande responsabilidade na hierarquia da empresa, tamb\u00e9m s\u00e3o parte do sal\u00e1rio.<\/p>\n<p>Tamb\u00e9m limitou a ajuda de custo. Ela n\u00e3o \u00e9 considerada sal\u00e1rio desde que n\u00e3o exceda os 50% da remunera\u00e7\u00e3o mensal.<\/p>\n<p><strong>Insalubridade<\/strong><\/p>\n<p>A MP revogou o inciso 13 do artigo 611-A da CLT, inserido pela reforma trabalhista, que permitia que negocia\u00e7\u00e3o coletiva prevalecesse sobre a lei no que diz respeito \u00e0 prorroga\u00e7\u00e3o da jornada de trabalho em ambiente insalubre, sem licen\u00e7a pr\u00e9via do Minist\u00e9rio do Trabalho.<\/p>\n<p>O texto desse artigo agora exige que normas de sa\u00fade, higiene e seguran\u00e7a do trabalho previstas em lei ou em normas regulamentadoras do Minist\u00e9rio do Trabalho sejam respeitadas para que conven\u00e7\u00e3o coletiva ou acordo coletivo prevale\u00e7am sobre a lei no tocante a enquadramento do grau de insalubridade e prorroga\u00e7\u00e3o de jornada em locais insalubres.<\/p>\n<p><strong>Gestante<\/strong><\/p>\n<p>A MP resolve a pol\u00eamica que a reforma trabalhista tinha criado ao permitir que gestantes trabalhassem em atividades insalubres. \u201cAntes da MP 808, haveria o afastamento da gestante que trabalhasse em atividades consideradas insalubres em grau m\u00e9dio ou m\u00ednimo apenas quando apresentasse atestado de sa\u00fade, emitido por m\u00e9dico de sua confian\u00e7a, que recomendasse o afastamento durante a gesta\u00e7\u00e3o\u201d, explica Roberta.<\/p>\n<p>O texto agora determina que dever\u00e1 ser afastada enquanto durar a gesta\u00e7\u00e3o de quaisquer atividades, opera\u00e7\u00f5es ou locais insalubres, independentemente do grau de insalubridade.<\/p>\n<p>A gestante s\u00f3 poder\u00e1 trabalhar em opera\u00e7\u00f5es e locais insalubres quando em graus m\u00ednimo e m\u00e9dio se espontaneamente ela apresentar atestado m\u00e9dico que autorize o seu trabalho nessas condi\u00e7\u00f5es.<\/p>\n<p><strong>Trabalho intermitente<\/strong><\/p>\n<p>A MP traz muitas altera\u00e7\u00f5es nas regras para o trabalho intermitente. Ela retira, por exemplo, a multa para o empregado que aceita a convoca\u00e7\u00e3o, mas n\u00e3o comparece ao trabalho.<\/p>\n<p>Tamb\u00e9m estabelece que, se em um ano o trabalhador n\u00e3o for convocado, o contrato de trabalho intermitente est\u00e1 rescindido. E, na hip\u00f3tese de fim de contrato, ser\u00e3o devidos pela metade o aviso pr\u00e9vio indenizado e a indeniza\u00e7\u00e3o pela dispensa injusta e demais verbas na integralidade.<\/p>\n<p>Outra mudan\u00e7a importante da MP \u00e9 que ela determina que at\u00e9 31 de dezembro de 2020, o empregado registrado por meio de contrato de trabalho por prazo indeterminado demitido n\u00e3o poder\u00e1 prestar servi\u00e7os para o mesmo empregador por meio de contrato de trabalho intermitente pelo prazo de 18 meses, contado da data da demiss\u00e3o do empregado.<\/p>\n<p>Essa medida, explica Roberta, \u00e9 para que a transi\u00e7\u00e3o de um regime para o outro seja paulatina.<\/p>\n<p><strong>Contribui\u00e7\u00e3o previdenci\u00e1ria<\/strong><\/p>\n<p>A MP estabelece que o segurado que recebe menos do que um sal\u00e1rio m\u00ednimo por m\u00eas ter\u00e1 que pagar a diferen\u00e7a para complementar o recolhimento da contribui\u00e7\u00e3o previdenci\u00e1ria. Se n\u00e3o fizer isso perder\u00e1 o status de segurado e pode comprometer seu direito ao benef\u00edcio da previd\u00eancia.<\/p>\n<p><span style=\"font-size: 8pt;\"><em>Fonte: EXAME<\/em><\/span><\/p>\n","protected":false},"excerpt":{"rendered":"<p>Presidente Michel Temer editou a Medida Provis\u00f3ria 808 que mudou v\u00e1rios artigos da reforma trabalhista. Advogadas apontam t\u00f3picos [&hellip;]<\/p>\n","protected":false},"author":2,"featured_media":1946,"comment_status":"open","ping_status":"open","sticky":false,"template":"","format":"standard","meta":{"jetpack_post_was_ever_published":false,"jetpack_publicize_message":"","jetpack_is_tweetstorm":false,"jetpack_publicize_feature_enabled":true,"jetpack_social_post_already_shared":true,"jetpack_social_options":[]},"categories":[1],"tags":[],"jetpack_publicize_connections":[],"acf":[],"yoast_head":"<!-- This site is optimized with the Yoast SEO plugin v19.14 - https:\/\/yoast.com\/wordpress\/plugins\/seo\/ -->\n<title>INFORME 200\/2017 - COMO A MP QUE MUDA A REFORMA TRABALHISTA AFETA A SUA VIDA - Sindicato dos Banc\u00e1rios de S\u00e3o Bento do Sul e Regi\u00e3o<\/title>\n<meta name=\"robots\" content=\"index, follow, max-snippet:-1, max-image-preview:large, max-video-preview:-1\" \/>\n<link rel=\"canonical\" href=\"https:\/\/sindicatodosbancarios.org.br\/site2022\/2017\/11\/20\/informe-2002017-como-mp-que-muda-reforma-trabalhista-afeta-sua-vida\/\" \/>\n<meta property=\"og:locale\" content=\"pt_BR\" \/>\n<meta property=\"og:type\" content=\"article\" \/>\n<meta property=\"og:title\" content=\"INFORME 200\/2017 - COMO A MP QUE MUDA A REFORMA TRABALHISTA AFETA A SUA VIDA - Sindicato dos Banc\u00e1rios de S\u00e3o Bento do Sul e Regi\u00e3o\" \/>\n<meta property=\"og:description\" content=\"Presidente Michel Temer editou a Medida Provis\u00f3ria 808 que mudou v\u00e1rios artigos da reforma trabalhista. Advogadas apontam t\u00f3picos [&hellip;]\" \/>\n<meta property=\"og:url\" content=\"https:\/\/sindicatodosbancarios.org.br\/site2022\/2017\/11\/20\/informe-2002017-como-mp-que-muda-reforma-trabalhista-afeta-sua-vida\/\" \/>\n<meta property=\"og:site_name\" content=\"Sindicato dos Banc\u00e1rios de S\u00e3o Bento do Sul e Regi\u00e3o\" \/>\n<meta property=\"article:author\" content=\"https:\/\/www.facebook.com\/seeb.sbs.9\" \/>\n<meta property=\"article:published_time\" content=\"2017-11-20T16:28:35+00:00\" \/>\n<meta property=\"og:image\" content=\"https:\/\/sindicatodosbancarios.org.br\/site2022\/wp-content\/uploads\/2017\/11\/200.jpg\" \/>\n\t<meta property=\"og:image:width\" content=\"1000\" \/>\n\t<meta property=\"og:image:height\" content=\"666\" \/>\n\t<meta property=\"og:image:type\" content=\"image\/jpeg\" \/>\n<meta name=\"author\" content=\"Sindicato dos Banc\u00e1rios S\u00e3o Bento do Sul e Regi\u00e3o\" \/>\n<meta name=\"twitter:card\" content=\"summary_large_image\" \/>\n<meta name=\"twitter:label1\" content=\"Escrito por\" \/>\n\t<meta name=\"twitter:data1\" content=\"Sindicato dos Banc\u00e1rios S\u00e3o Bento do Sul e Regi\u00e3o\" \/>\n\t<meta name=\"twitter:label2\" content=\"Est. tempo de leitura\" \/>\n\t<meta name=\"twitter:data2\" content=\"9 minutos\" \/>\n<script type=\"application\/ld+json\" class=\"yoast-schema-graph\">{\"@context\":\"https:\/\/schema.org\",\"@graph\":[{\"@type\":\"Article\",\"@id\":\"https:\/\/sindicatodosbancarios.org.br\/site2022\/2017\/11\/20\/informe-2002017-como-mp-que-muda-reforma-trabalhista-afeta-sua-vida\/#article\",\"isPartOf\":{\"@id\":\"https:\/\/sindicatodosbancarios.org.br\/site2022\/2017\/11\/20\/informe-2002017-como-mp-que-muda-reforma-trabalhista-afeta-sua-vida\/\"},\"author\":{\"name\":\"Sindicato dos Banc\u00e1rios S\u00e3o Bento do Sul e Regi\u00e3o\",\"@id\":\"https:\/\/sindicatodosbancarios.org.br\/site2022\/#\/schema\/person\/a7d92da77d1084df4d28b57962f1e1bd\"},\"headline\":\"INFORME 200\/2017 &#8211; COMO A MP QUE MUDA A REFORMA TRABALHISTA AFETA A SUA VIDA\",\"datePublished\":\"2017-11-20T16:28:35+00:00\",\"dateModified\":\"2017-11-20T16:28:35+00:00\",\"mainEntityOfPage\":{\"@id\":\"https:\/\/sindicatodosbancarios.org.br\/site2022\/2017\/11\/20\/informe-2002017-como-mp-que-muda-reforma-trabalhista-afeta-sua-vida\/\"},\"wordCount\":1865,\"commentCount\":0,\"publisher\":{\"@id\":\"https:\/\/sindicatodosbancarios.org.br\/site2022\/#organization\"},\"articleSection\":[\"Geral\"],\"inLanguage\":\"pt-BR\",\"potentialAction\":[{\"@type\":\"CommentAction\",\"name\":\"Comment\",\"target\":[\"https:\/\/sindicatodosbancarios.org.br\/site2022\/2017\/11\/20\/informe-2002017-como-mp-que-muda-reforma-trabalhista-afeta-sua-vida\/#respond\"]}]},{\"@type\":\"WebPage\",\"@id\":\"https:\/\/sindicatodosbancarios.org.br\/site2022\/2017\/11\/20\/informe-2002017-como-mp-que-muda-reforma-trabalhista-afeta-sua-vida\/\",\"url\":\"https:\/\/sindicatodosbancarios.org.br\/site2022\/2017\/11\/20\/informe-2002017-como-mp-que-muda-reforma-trabalhista-afeta-sua-vida\/\",\"name\":\"INFORME 200\/2017 - COMO A MP QUE MUDA A REFORMA TRABALHISTA AFETA A SUA VIDA - Sindicato dos Banc\u00e1rios de S\u00e3o Bento do Sul e Regi\u00e3o\",\"isPartOf\":{\"@id\":\"https:\/\/sindicatodosbancarios.org.br\/site2022\/#website\"},\"datePublished\":\"2017-11-20T16:28:35+00:00\",\"dateModified\":\"2017-11-20T16:28:35+00:00\",\"breadcrumb\":{\"@id\":\"https:\/\/sindicatodosbancarios.org.br\/site2022\/2017\/11\/20\/informe-2002017-como-mp-que-muda-reforma-trabalhista-afeta-sua-vida\/#breadcrumb\"},\"inLanguage\":\"pt-BR\",\"potentialAction\":[{\"@type\":\"ReadAction\",\"target\":[\"https:\/\/sindicatodosbancarios.org.br\/site2022\/2017\/11\/20\/informe-2002017-como-mp-que-muda-reforma-trabalhista-afeta-sua-vida\/\"]}]},{\"@type\":\"BreadcrumbList\",\"@id\":\"https:\/\/sindicatodosbancarios.org.br\/site2022\/2017\/11\/20\/informe-2002017-como-mp-que-muda-reforma-trabalhista-afeta-sua-vida\/#breadcrumb\",\"itemListElement\":[{\"@type\":\"ListItem\",\"position\":1,\"name\":\"In\u00edcio\",\"item\":\"https:\/\/sindicatodosbancarios.org.br\/site2022\/\"},{\"@type\":\"ListItem\",\"position\":2,\"name\":\"INFORME 200\/2017 &#8211; COMO A MP QUE MUDA A REFORMA TRABALHISTA AFETA A SUA VIDA\"}]},{\"@type\":\"WebSite\",\"@id\":\"https:\/\/sindicatodosbancarios.org.br\/site2022\/#website\",\"url\":\"https:\/\/sindicatodosbancarios.org.br\/site2022\/\",\"name\":\"Sindicato dos Banc\u00e1rios de S\u00e3o Bento do Sul e Regi\u00e3o\",\"description\":\"Website institucional do Sindicato dos Banc\u00e1rios de S\u00e3o Bento do Sul e Regi\u00e3o\",\"publisher\":{\"@id\":\"https:\/\/sindicatodosbancarios.org.br\/site2022\/#organization\"},\"potentialAction\":[{\"@type\":\"SearchAction\",\"target\":{\"@type\":\"EntryPoint\",\"urlTemplate\":\"https:\/\/sindicatodosbancarios.org.br\/site2022\/?s={search_term_string}\"},\"query-input\":\"required name=search_term_string\"}],\"inLanguage\":\"pt-BR\"},{\"@type\":\"Organization\",\"@id\":\"https:\/\/sindicatodosbancarios.org.br\/site2022\/#organization\",\"name\":\"Sindicato dos Banc\u00e1rios de S\u00e3o Bento do Sul e Regi\u00e3o\",\"url\":\"https:\/\/sindicatodosbancarios.org.br\/site2022\/\",\"logo\":{\"@type\":\"ImageObject\",\"inLanguage\":\"pt-BR\",\"@id\":\"https:\/\/sindicatodosbancarios.org.br\/site2022\/#\/schema\/logo\/image\/\",\"url\":\"https:\/\/sindicatodosbancarios.org.br\/site2022\/wp-content\/uploads\/2017\/06\/cropped-logo-2.png\",\"contentUrl\":\"https:\/\/sindicatodosbancarios.org.br\/site2022\/wp-content\/uploads\/2017\/06\/cropped-logo-2.png\",\"width\":292,\"height\":292,\"caption\":\"Sindicato dos Banc\u00e1rios de S\u00e3o Bento do Sul e Regi\u00e3o\"},\"image\":{\"@id\":\"https:\/\/sindicatodosbancarios.org.br\/site2022\/#\/schema\/logo\/image\/\"}},{\"@type\":\"Person\",\"@id\":\"https:\/\/sindicatodosbancarios.org.br\/site2022\/#\/schema\/person\/a7d92da77d1084df4d28b57962f1e1bd\",\"name\":\"Sindicato dos Banc\u00e1rios S\u00e3o Bento do Sul e Regi\u00e3o\",\"image\":{\"@type\":\"ImageObject\",\"inLanguage\":\"pt-BR\",\"@id\":\"https:\/\/sindicatodosbancarios.org.br\/site2022\/#\/schema\/person\/image\/\",\"url\":\"https:\/\/secure.gravatar.com\/avatar\/f1d1a06f698f2345352e539387180d42?s=96&d=mm&r=g\",\"contentUrl\":\"https:\/\/secure.gravatar.com\/avatar\/f1d1a06f698f2345352e539387180d42?s=96&d=mm&r=g\",\"caption\":\"Sindicato dos Banc\u00e1rios S\u00e3o Bento do Sul e Regi\u00e3o\"},\"sameAs\":[\"http:\/\/sindicatodosbancarios.org.br\/site2022\/\",\"https:\/\/www.facebook.com\/seeb.sbs.9\"],\"url\":\"https:\/\/sindicatodosbancarios.org.br\/site2022\/author\/sindicatodosbancarios\/\"}]}<\/script>\n<!-- \/ Yoast SEO plugin. -->","yoast_head_json":{"title":"INFORME 200\/2017 - COMO A MP QUE MUDA A REFORMA TRABALHISTA AFETA A SUA VIDA - Sindicato dos Banc\u00e1rios de S\u00e3o Bento do Sul e Regi\u00e3o","robots":{"index":"index","follow":"follow","max-snippet":"max-snippet:-1","max-image-preview":"max-image-preview:large","max-video-preview":"max-video-preview:-1"},"canonical":"https:\/\/sindicatodosbancarios.org.br\/site2022\/2017\/11\/20\/informe-2002017-como-mp-que-muda-reforma-trabalhista-afeta-sua-vida\/","og_locale":"pt_BR","og_type":"article","og_title":"INFORME 200\/2017 - COMO A MP QUE MUDA A REFORMA TRABALHISTA AFETA A SUA VIDA - Sindicato dos Banc\u00e1rios de S\u00e3o Bento do Sul e Regi\u00e3o","og_description":"Presidente Michel Temer editou a Medida Provis\u00f3ria 808 que mudou v\u00e1rios artigos da reforma trabalhista. Advogadas apontam t\u00f3picos [&hellip;]","og_url":"https:\/\/sindicatodosbancarios.org.br\/site2022\/2017\/11\/20\/informe-2002017-como-mp-que-muda-reforma-trabalhista-afeta-sua-vida\/","og_site_name":"Sindicato dos Banc\u00e1rios de S\u00e3o Bento do Sul e Regi\u00e3o","article_author":"https:\/\/www.facebook.com\/seeb.sbs.9","article_published_time":"2017-11-20T16:28:35+00:00","og_image":[{"width":1000,"height":666,"url":"https:\/\/sindicatodosbancarios.org.br\/site2022\/wp-content\/uploads\/2017\/11\/200.jpg","type":"image\/jpeg"}],"author":"Sindicato dos Banc\u00e1rios S\u00e3o Bento do Sul e Regi\u00e3o","twitter_card":"summary_large_image","twitter_misc":{"Escrito por":"Sindicato dos Banc\u00e1rios S\u00e3o Bento do Sul e Regi\u00e3o","Est. tempo de leitura":"9 minutos"},"schema":{"@context":"https:\/\/schema.org","@graph":[{"@type":"Article","@id":"https:\/\/sindicatodosbancarios.org.br\/site2022\/2017\/11\/20\/informe-2002017-como-mp-que-muda-reforma-trabalhista-afeta-sua-vida\/#article","isPartOf":{"@id":"https:\/\/sindicatodosbancarios.org.br\/site2022\/2017\/11\/20\/informe-2002017-como-mp-que-muda-reforma-trabalhista-afeta-sua-vida\/"},"author":{"name":"Sindicato dos Banc\u00e1rios S\u00e3o Bento do Sul e Regi\u00e3o","@id":"https:\/\/sindicatodosbancarios.org.br\/site2022\/#\/schema\/person\/a7d92da77d1084df4d28b57962f1e1bd"},"headline":"INFORME 200\/2017 &#8211; COMO A MP QUE MUDA A REFORMA TRABALHISTA AFETA A SUA VIDA","datePublished":"2017-11-20T16:28:35+00:00","dateModified":"2017-11-20T16:28:35+00:00","mainEntityOfPage":{"@id":"https:\/\/sindicatodosbancarios.org.br\/site2022\/2017\/11\/20\/informe-2002017-como-mp-que-muda-reforma-trabalhista-afeta-sua-vida\/"},"wordCount":1865,"commentCount":0,"publisher":{"@id":"https:\/\/sindicatodosbancarios.org.br\/site2022\/#organization"},"articleSection":["Geral"],"inLanguage":"pt-BR","potentialAction":[{"@type":"CommentAction","name":"Comment","target":["https:\/\/sindicatodosbancarios.org.br\/site2022\/2017\/11\/20\/informe-2002017-como-mp-que-muda-reforma-trabalhista-afeta-sua-vida\/#respond"]}]},{"@type":"WebPage","@id":"https:\/\/sindicatodosbancarios.org.br\/site2022\/2017\/11\/20\/informe-2002017-como-mp-que-muda-reforma-trabalhista-afeta-sua-vida\/","url":"https:\/\/sindicatodosbancarios.org.br\/site2022\/2017\/11\/20\/informe-2002017-como-mp-que-muda-reforma-trabalhista-afeta-sua-vida\/","name":"INFORME 200\/2017 - COMO A MP QUE MUDA A REFORMA TRABALHISTA AFETA A SUA VIDA - Sindicato dos Banc\u00e1rios de S\u00e3o Bento do Sul e Regi\u00e3o","isPartOf":{"@id":"https:\/\/sindicatodosbancarios.org.br\/site2022\/#website"},"datePublished":"2017-11-20T16:28:35+00:00","dateModified":"2017-11-20T16:28:35+00:00","breadcrumb":{"@id":"https:\/\/sindicatodosbancarios.org.br\/site2022\/2017\/11\/20\/informe-2002017-como-mp-que-muda-reforma-trabalhista-afeta-sua-vida\/#breadcrumb"},"inLanguage":"pt-BR","potentialAction":[{"@type":"ReadAction","target":["https:\/\/sindicatodosbancarios.org.br\/site2022\/2017\/11\/20\/informe-2002017-como-mp-que-muda-reforma-trabalhista-afeta-sua-vida\/"]}]},{"@type":"BreadcrumbList","@id":"https:\/\/sindicatodosbancarios.org.br\/site2022\/2017\/11\/20\/informe-2002017-como-mp-que-muda-reforma-trabalhista-afeta-sua-vida\/#breadcrumb","itemListElement":[{"@type":"ListItem","position":1,"name":"In\u00edcio","item":"https:\/\/sindicatodosbancarios.org.br\/site2022\/"},{"@type":"ListItem","position":2,"name":"INFORME 200\/2017 &#8211; COMO A MP QUE MUDA A REFORMA TRABALHISTA AFETA A SUA VIDA"}]},{"@type":"WebSite","@id":"https:\/\/sindicatodosbancarios.org.br\/site2022\/#website","url":"https:\/\/sindicatodosbancarios.org.br\/site2022\/","name":"Sindicato dos Banc\u00e1rios de S\u00e3o Bento do Sul e Regi\u00e3o","description":"Website institucional do Sindicato dos Banc\u00e1rios de S\u00e3o Bento do Sul e Regi\u00e3o","publisher":{"@id":"https:\/\/sindicatodosbancarios.org.br\/site2022\/#organization"},"potentialAction":[{"@type":"SearchAction","target":{"@type":"EntryPoint","urlTemplate":"https:\/\/sindicatodosbancarios.org.br\/site2022\/?s={search_term_string}"},"query-input":"required name=search_term_string"}],"inLanguage":"pt-BR"},{"@type":"Organization","@id":"https:\/\/sindicatodosbancarios.org.br\/site2022\/#organization","name":"Sindicato dos Banc\u00e1rios de S\u00e3o Bento do Sul e Regi\u00e3o","url":"https:\/\/sindicatodosbancarios.org.br\/site2022\/","logo":{"@type":"ImageObject","inLanguage":"pt-BR","@id":"https:\/\/sindicatodosbancarios.org.br\/site2022\/#\/schema\/logo\/image\/","url":"https:\/\/sindicatodosbancarios.org.br\/site2022\/wp-content\/uploads\/2017\/06\/cropped-logo-2.png","contentUrl":"https:\/\/sindicatodosbancarios.org.br\/site2022\/wp-content\/uploads\/2017\/06\/cropped-logo-2.png","width":292,"height":292,"caption":"Sindicato dos Banc\u00e1rios de S\u00e3o Bento do Sul e Regi\u00e3o"},"image":{"@id":"https:\/\/sindicatodosbancarios.org.br\/site2022\/#\/schema\/logo\/image\/"}},{"@type":"Person","@id":"https:\/\/sindicatodosbancarios.org.br\/site2022\/#\/schema\/person\/a7d92da77d1084df4d28b57962f1e1bd","name":"Sindicato dos Banc\u00e1rios S\u00e3o Bento do Sul e Regi\u00e3o","image":{"@type":"ImageObject","inLanguage":"pt-BR","@id":"https:\/\/sindicatodosbancarios.org.br\/site2022\/#\/schema\/person\/image\/","url":"https:\/\/secure.gravatar.com\/avatar\/f1d1a06f698f2345352e539387180d42?s=96&d=mm&r=g","contentUrl":"https:\/\/secure.gravatar.com\/avatar\/f1d1a06f698f2345352e539387180d42?s=96&d=mm&r=g","caption":"Sindicato dos Banc\u00e1rios S\u00e3o Bento do Sul e Regi\u00e3o"},"sameAs":["http:\/\/sindicatodosbancarios.org.br\/site2022\/","https:\/\/www.facebook.com\/seeb.sbs.9"],"url":"https:\/\/sindicatodosbancarios.org.br\/site2022\/author\/sindicatodosbancarios\/"}]}},"jetpack_featured_media_url":"https:\/\/sindicatodosbancarios.org.br\/site2022\/wp-content\/uploads\/2017\/11\/200.jpg","jetpack_sharing_enabled":true,"jetpack_shortlink":"https:\/\/wp.me\/p8RSbI-vn","jetpack-related-posts":[{"id":5873,"url":"https:\/\/sindicatodosbancarios.org.br\/site2022\/2022\/01\/28\/informe-bancario-06-2022-por-que-espanha-quer-rever-reforma-trabalhista-o-mesmo-que-lula-disse-querer-fazer-no-brasil\/","url_meta":{"origin":1945,"position":0},"title":"INFORME BANC\u00c1RIO \u2013 06\/2022 Por que Espanha quer rever reforma trabalhista, o mesmo que Lula disse querer fazer no Brasil","date":"28 de janeiro de 2022","format":false,"excerpt":"Menos de cinco anos depois de ser aprovada no Congresso e implementada no Brasil, a reforma trabalhista do governo de Michel Temer (2016-2018) voltou a ser pauta na agenda pol\u00edtica brasileira, ap\u00f3s manifesta\u00e7\u00f5es do ex-presidente Luiz In\u00e1cio Lula da Silva (PT). Lula, que \u00e9 tido como pr\u00e9-candidato ao Planalto nas\u2026","rel":"","context":"Em &quot;Geral&quot;","img":{"alt_text":"","src":"https:\/\/i0.wp.com\/sindicatodosbancarios.org.br\/site2022\/wp-content\/uploads\/2022\/01\/lula-848x477.jpeg?resize=350%2C200&ssl=1","width":350,"height":200},"classes":[]},{"id":5671,"url":"https:\/\/sindicatodosbancarios.org.br\/site2022\/2021\/09\/02\/informe-bancario-209-2021-reforma-trabalhista-rejeitada-veja-pontos-positivos-e-negativos\/","url_meta":{"origin":1945,"position":1},"title":"INFORME BANC\u00c1RIO \u2013 209\/2021 Reforma trabalhista rejeitada: veja pontos positivos e negativos","date":"2 de setembro de 2021","format":false,"excerpt":"O Senado rejeitou na noite desta quarta-feira (01), medida provis\u00f3ria que mudava uma s\u00e9rie de regras para os trabalhadores. A proposta havia sido aprovada pela C\u00e2mara dos Deputados, mas foi rejeitada pelo Senado, em uma derrota ao governo. Oposi\u00e7\u00e3o e sindicatos fizeram cr\u00edticas \u00e0s mudan\u00e7as que a MP trazia, dizendo\u2026","rel":"","context":"Em &quot;Geral&quot;","img":{"alt_text":"","src":"https:\/\/i0.wp.com\/sindicatodosbancarios.org.br\/site2022\/wp-content\/uploads\/2021\/09\/unnamed.jpg?resize=350%2C200&ssl=1","width":350,"height":200},"classes":[]},{"id":5728,"url":"https:\/\/sindicatodosbancarios.org.br\/site2022\/2021\/10\/07\/informe-bancario-228-2021-4-anos-depois-reforma-trabalhista-nao-gerou-boom-de-empregos-prometido\/","url_meta":{"origin":1945,"position":2},"title":"INFORME BANC\u00c1RIO \u2013 228\/2021 4 anos depois, reforma trabalhista n\u00e3o gerou &#8216;boom&#8217; de empregos prometido","date":"7 de outubro de 2021","format":false,"excerpt":"Quase quatro anos \u2014e uma pandemia\u2014 depois de a reforma trabalhista do governo Michel Temer entrar em vigor, o \"boom\" de empregos prometido n\u00e3o se concretizou. Na \u00e9poca, o governo chegou a falar em dois milh\u00f5es de vagas em dois anos, e seis milh\u00f5es em dez anos. Dados do IBGE\u2026","rel":"","context":"Em &quot;Geral&quot;","img":{"alt_text":"","src":"https:\/\/i0.wp.com\/sindicatodosbancarios.org.br\/site2022\/wp-content\/uploads\/2021\/10\/reforma-e1543516064120.jpg?resize=350%2C200&ssl=1","width":350,"height":200},"classes":[]},{"id":6230,"url":"https:\/\/sindicatodosbancarios.org.br\/site2022\/2022\/04\/01\/informe-bancario-32-2022-mp-do-governo-sobre-home-office-deixa-trabalhador-na-mao-do-patrao\/","url_meta":{"origin":1945,"position":3},"title":"INFORME BANC\u00c1RIO \u2013 32\/2022 MP DO GOVERNO SOBRE HOME OFFICE DEIXA TRABALHADOR \u2018NA M\u00c3O\u2019 DO PATR\u00c3O","date":"1 de abril de 2022","format":false,"excerpt":"Sem participa\u00e7\u00e3o dos sindicatos, empregados ter\u00e3o que \u201cnegociar\u201d em posi\u00e7\u00e3o de fragilidade com os empregadores os crit\u00e9rios das novas modalidades de trabalho remoto, alerta o Dieese. MP tamb\u00e9m autoriza a utiliza\u00e7\u00e3o de ferramentas eletr\u00f4nicas de comunica\u00e7\u00e3o, como o celular e o WhastApp, fora da jornada de trabalho O governo Bolsonaro\u2026","rel":"","context":"Em &quot;Geral&quot;","img":{"alt_text":"","src":"https:\/\/i0.wp.com\/sindicatodosbancarios.org.br\/site2022\/wp-content\/uploads\/2022\/04\/3465220936242eae3613ec.jpg?resize=350%2C200&ssl=1","width":350,"height":200},"classes":[]},{"id":4242,"url":"https:\/\/sindicatodosbancarios.org.br\/site2022\/2020\/08\/09\/informe-bancario-286-2020-mp-para-o-congresso-que-autoriza-privatizacao-de-varias-operacoes-da-caixa\/","url_meta":{"origin":1945,"position":4},"title":"INFORME BANC\u00c1RIO \u2013 286\/2020 MP para o Congresso que autoriza privatiza\u00e7\u00e3o de v\u00e1rias opera\u00e7\u00f5es da Caixa!","date":"9 de agosto de 2020","format":false,"excerpt":"Na calada da noite desta sexta-feira, o governo Bolsonaro manda MP para o Congresso que autoriza privatiza\u00e7\u00e3o de v\u00e1rias opera\u00e7\u00f5es da Caixa! DI\u00c1RIO OFICIAL DA UNI\u00c3O Publicado em:\u00a007\/08\/2020\u00a0|\u00a0Edi\u00e7\u00e3o:\u00a0151-A\u00a0|\u00a0Se\u00e7\u00e3o: 1 - Extra\u00a0|\u00a0P\u00e1gina:\u00a01 \u00d3rg\u00e3o:\u00a0Atos do Poder Executivo MEDIDA PROVIS\u00d3RIA N\u00ba 995, DE 7 DE AGOSTO DE 2020 Disp\u00f5e sobre medidas para reorganiza\u00e7\u00e3o\u2026","rel":"","context":"Em &quot;Caixa Econ\u00f4mica Federal&quot;","img":{"alt_text":"","src":"https:\/\/i0.wp.com\/sindicatodosbancarios.org.br\/site2022\/wp-content\/uploads\/2020\/08\/curiosidades-sobre-a-caixa-economica-federal-98.jpg?resize=350%2C200&ssl=1","width":350,"height":200},"classes":[]},{"id":4831,"url":"https:\/\/sindicatodosbancarios.org.br\/site2022\/2020\/12\/02\/informe-bancario-448-2020-salario-minimo-esta-baixo-mas-nao-tem-como-aumentar-diz-bolsonaro\/","url_meta":{"origin":1945,"position":5},"title":"INFORME BANC\u00c1RIO \u2013 448\/2020 Sal\u00e1rio m\u00ednimo est\u00e1 baixo, mas n\u00e3o tem como aumentar, diz Bolsonaro","date":"2 de dezembro de 2020","format":false,"excerpt":"O presidente Jair Bolsonaro (sem partido) admitiu hoje que o valor do sal\u00e1rio m\u00ednimo, atualmente em R$ 1.045, \u00e9 baixo, mas disse n\u00e3o ser poss\u00edvel aument\u00e1-lo, uma vez que o reajuste afetaria diretamente os gastos do governo com a Previd\u00eancia Social. Ele tamb\u00e9m fez elogios \u00e0 reforma trabalhista, aprovada durante\u2026","rel":"","context":"Em &quot;Geral&quot;","img":{"alt_text":"","src":"https:\/\/i0.wp.com\/sindicatodosbancarios.org.br\/site2022\/wp-content\/uploads\/2020\/12\/n_41743_e36b6238285a5331a3dee7634f8890d1.jpg?resize=350%2C200&ssl=1","width":350,"height":200},"classes":[]}],"_links":{"self":[{"href":"https:\/\/sindicatodosbancarios.org.br\/site2022\/wp-json\/wp\/v2\/posts\/1945"}],"collection":[{"href":"https:\/\/sindicatodosbancarios.org.br\/site2022\/wp-json\/wp\/v2\/posts"}],"about":[{"href":"https:\/\/sindicatodosbancarios.org.br\/site2022\/wp-json\/wp\/v2\/types\/post"}],"author":[{"embeddable":true,"href":"https:\/\/sindicatodosbancarios.org.br\/site2022\/wp-json\/wp\/v2\/users\/2"}],"replies":[{"embeddable":true,"href":"https:\/\/sindicatodosbancarios.org.br\/site2022\/wp-json\/wp\/v2\/comments?post=1945"}],"version-history":[{"count":1,"href":"https:\/\/sindicatodosbancarios.org.br\/site2022\/wp-json\/wp\/v2\/posts\/1945\/revisions"}],"predecessor-version":[{"id":1947,"href":"https:\/\/sindicatodosbancarios.org.br\/site2022\/wp-json\/wp\/v2\/posts\/1945\/revisions\/1947"}],"wp:featuredmedia":[{"embeddable":true,"href":"https:\/\/sindicatodosbancarios.org.br\/site2022\/wp-json\/wp\/v2\/media\/1946"}],"wp:attachment":[{"href":"https:\/\/sindicatodosbancarios.org.br\/site2022\/wp-json\/wp\/v2\/media?parent=1945"}],"wp:term":[{"taxonomy":"category","embeddable":true,"href":"https:\/\/sindicatodosbancarios.org.br\/site2022\/wp-json\/wp\/v2\/categories?post=1945"},{"taxonomy":"post_tag","embeddable":true,"href":"https:\/\/sindicatodosbancarios.org.br\/site2022\/wp-json\/wp\/v2\/tags?post=1945"}],"curies":[{"name":"wp","href":"https:\/\/api.w.org\/{rel}","templated":true}]}}