{"id":1958,"date":"2017-12-01T09:38:49","date_gmt":"2017-12-01T11:38:49","guid":{"rendered":"http:\/\/sindicatodosbancarios.org.br\/?p=1958"},"modified":"2017-12-26T22:06:29","modified_gmt":"2017-12-27T00:06:29","slug":"informe-2022017-sai-acordo-que-cobre-perdas-com-os-planos-economicos","status":"publish","type":"post","link":"https:\/\/sindicatodosbancarios.org.br\/site2022\/2017\/12\/01\/informe-2022017-sai-acordo-que-cobre-perdas-com-os-planos-economicos\/","title":{"rendered":"INFORME 202\/2017 &#8211; SAI ACORDO QUE COBRE PERDAS COM OS PLANOS ECON\u00d4MICOS"},"content":{"rendered":"<p>Bancos e poupadores fecharam na segunda-feira (27\/11\/17) os termos finais do acordo que prev\u00ea Bancos e poupadores fecharam na segunda-feira (27\/11\/17) os termos finais do acordo que prev\u00ea indeniza\u00e7\u00f5es pelas perdas provocadas por planos econ\u00f4micos nas d\u00e9cadas de 1980 e 1990.<\/p>\n<p>O valor a ser pago gira em torno de R$ 10 bilh\u00f5es e a maior parte dever\u00e1 ser parcelada. No passado, os bancos diziam que isso custaria pelo menos R$ 50 bilh\u00f5es. Os poupadores falavam que n\u00e3o passaria de R$ 20 bilh\u00f5es.<\/p>\n<p>A previs\u00e3o \u00e9 de que o texto seja assinado na pr\u00f3xima segunda (4) e enviado ao Supremo Tribunal Federal (STF). Caso seja homologado, ser\u00e3o encerrados mais de 1 milh\u00e3o de processos em andamento na Justi\u00e7a h\u00e1 quase tr\u00eas d\u00e9cadas.<\/p>\n<p>Embora o acordo envolva aqueles que ingressaram com a\u00e7\u00f5es coletivas, ele ser\u00e1 estendido para todos os poupadores que, dentro de seis meses depois da homologa\u00e7\u00e3o do Supremo, conseguirem comprovar que tiveram aplica\u00e7\u00f5es em caderneta de poupan\u00e7a durante a vig\u00eancia dos planos Bresser (1987), Ver\u00e3o (1989), Collor 1 (1990) e Collor 2 (1991). Para isso, bastar\u00e1 ir direto ao banco.<\/p>\n<p>Sobre o valor a ser pago incidir\u00e1 um fator de corre\u00e7\u00e3o que foi chamado de \u201cmultiplicador\u201d e leva em considera\u00e7\u00e3o, por exemplo, juros de mora. O multiplicador vai variar de acordo com o plano econ\u00f4mico.<\/p>\n<p>Depois da corre\u00e7\u00e3o do valor, haver\u00e1 um desconto que tamb\u00e9m varia de acordo com o plano econ\u00f4mico. Os mais recentes ter\u00e3o desconto menor. A reportagem apurou que esse corte poder\u00e1 chegar a 40%. Os bancos pediam um abatimento m\u00ednimo de 50%.<\/p>\n<p>Tamb\u00e9m foi definido um patamar para pagamentos \u00e0 vista, mas ele n\u00e3o foi revelado. Acima desse patamar, o valor ser\u00e1 pago em parcelas que ser\u00e3o corrigidas pela infla\u00e7\u00e3o medida pelo IPCA. Os bancos queriam pagar a TR (Taxa Referencial), que \u00e9 bem mais baixa.<\/p>\n<p><strong>MEDIA\u00c7\u00c3O:<\/strong> A Advocacia-Geral da Uni\u00e3o (AGU) mediou as negocia\u00e7\u00f5es com apoio do Banco Central entre a Frente Brasileira dos Poupadores (Febrapo), do Instituto de Defesa do Consumidor (Idec) e da Federa\u00e7\u00e3o Brasileira dos Bancos (Febraban).<\/p>\n<p>A advogada-geral da Uni\u00e3o, a ministra Grace Mendon\u00e7a, ligou para o presidente Michel Temer para comunicar o fechamento do \u201cacordo hist\u00f3rico\u201d. Tamb\u00e9m foram avisados a presidente do Supremo, a ministra C\u00e1rmen L\u00facia, e o ministro da Fazenda, Henrique Meirelles.<\/p>\n<p>Apesar de terem chegado a um consenso, os representantes envolvidos se comprometeram a n\u00e3o divulgar os termos finais at\u00e9 que a minuta do acordo seja assinada. Isso para evitar poss\u00edveis desgastes com o Supremo.<\/p>\n<p>Ainda est\u00e3o previstas tr\u00eas reuni\u00f5es nesta semana para acertar detalhes. Um dos pontos se refere ao pagamento de indeniza\u00e7\u00f5es a poupadores que tinham aplica\u00e7\u00f5es em institui\u00e7\u00f5es que quebraram ao longo das d\u00e9cadas.<\/p>\n<p>O acordo ganhou for\u00e7a porque, neste ano, a ministra C\u00e1rmen L\u00facia declarou que iria colocar o assunto para vota\u00e7\u00e3o no Supremo.<\/p>\n<p>Desde ent\u00e3o, os bancos passaram a acumular derrotas sobre o assunto tamb\u00e9m no STJ (Superior Tribunal de Justi\u00e7a). Por isso prosperou a negocia\u00e7\u00e3o intermediada pela AGU.<\/p>\n<p><span style=\"font-size: 14pt;\"><strong>\u2013 Luta com o drag\u00e3o<\/strong><\/span><\/p>\n<p>Entenda os planos que tentaram conter a infla\u00e7\u00e3o antes do Real:<\/p>\n<p>PLANO BRESSER (16.JUN.1987)<\/p>\n<p>Como foi a corre\u00e7\u00e3o \u2013 Substituiu o IPC (26,06%) pela OTN (18,02%)<\/p>\n<p>Quem tem direito \u00e0 corre\u00e7\u00e3o \u2013 Poupan\u00e7a com anivers\u00e1rio de 1\u00ba a 15.jun.1987PLANO<\/p>\n<p>VER\u00c3O (16.JAN.1989)<\/p>\n<p>Como foi a corre\u00e7\u00e3o \u2013 Trocou o IPC (42,72% ao m\u00eas) pela LFT (22,35%)<\/p>\n<p>Quem tem direito \u00e0 corre\u00e7\u00e3o \u2013 Poupan\u00e7a com anivers\u00e1rio de 1\u00ba a 15.jan.1989<\/p>\n<p>PLANO COLLOR 1 (16.MAR.1989)<\/p>\n<p>Como foi a corre\u00e7\u00e3o \u2013 Confiscou por 18 meses valores acima de NCZ$ 50 mil<\/p>\n<p>Quem tem direito \u00e0 corre\u00e7\u00e3o -Poupan\u00e7a com anivers\u00e1rio de 1\u00ba a 15.abr.1990<\/p>\n<p>PLANO COLLOR 2 (31.JAN.1991)<\/p>\n<p>Como foi a corre\u00e7\u00e3o \u2013 Substituiu o BTN-F pela TRD, ambas com varia\u00e7\u00e3o di\u00e1ria<\/p>\n<p>Quem tem direito \u00e0 corre\u00e7\u00e3o \u2013 Poupan\u00e7a com anivers\u00e1rio de 1\u00ba a 31.jan.1991<\/p>\n<p>ENTENDA:<\/p>\n<p>Quem tem direito \u00e0s indeniza\u00e7\u00f5es pelas perdas com planos econ\u00f4micos?<\/p>\n<p>O acordo vale para aqueles que ingressaram com a\u00e7\u00f5es coletivas. No entanto, os poupadores que conseguirem comprovar dep\u00f3sitos do passado poder\u00e3o pedir a corre\u00e7\u00e3o diretamente no banco em at\u00e9 seis meses depois da homologa\u00e7\u00e3o do acordo pelo Supremo Tribunal Federal (STF).<\/p>\n<p>O pagamento ser\u00e1 integral?<\/p>\n<p>N\u00e3o. Haver\u00e1 um \u00edndice de corre\u00e7\u00e3o monet\u00e1ria e um desconto que pode chegar a 40% dependendo do plano econ\u00f4mico.<\/p>\n<p>O valor ser\u00e1 pago \u00e0 vista?<\/p>\n<p>A maior parte dever\u00e1 ser parcelada com corre\u00e7\u00e3o pelo IPCA (\u00edndice oficial de infla\u00e7\u00e3o) \u2013os bancos queriam que a refer\u00eancia fosse a TR (taxa referencial), que oferece uma corre\u00e7\u00e3o menos para os correntistas. O valor de refer\u00eancia para o parcelamento ainda n\u00e3o foi revelado.<\/p>\n<p>J\u00e1 posso ir ao banco?<\/p>\n<p>Ainda n\u00e3o. Os termos finais do acordo foram definidos mas, para valer, \u00e9 preciso que seja homologado pelo Supremo Tribunal Federal. A minuta do acordo deve ser protocolada na pr\u00f3xima segunda-feira (4)Tenho processo contra o banco em tramita\u00e7\u00e3o. Devo desistir?Para aderir ao acordo ser\u00e1 preciso abrir m\u00e3o de todas as a\u00e7\u00f5es.<\/p>\n<p>N\u00e3o concordo com os termos do acordo. Devo manter minha a\u00e7\u00e3o tramitando na Justi\u00e7a?<\/p>\n<p>Se o Supremo Tribunal Federal aceitar o acordo acertado agora entre bancos e poupadores, todas as a\u00e7\u00f5es ser\u00e3o automaticamente encerradas.<\/p>\n<p><span style=\"font-size: 8pt;\"><em>Fonte: FOLHA.COM<\/em><\/span><\/p>\n","protected":false},"excerpt":{"rendered":"<p>Bancos e poupadores fecharam na segunda-feira (27\/11\/17) os termos finais do acordo que prev\u00ea Bancos e poupadores fecharam [&hellip;]<\/p>\n","protected":false},"author":2,"featured_media":1959,"comment_status":"open","ping_status":"open","sticky":false,"template":"","format":"standard","meta":{"jetpack_post_was_ever_published":false,"jetpack_publicize_message":"","jetpack_is_tweetstorm":false,"jetpack_publicize_feature_enabled":true,"jetpack_social_post_already_shared":true,"jetpack_social_options":[]},"categories":[1],"tags":[],"jetpack_publicize_connections":[],"acf":[],"yoast_head":"<!-- This site is optimized with the Yoast SEO plugin v19.14 - https:\/\/yoast.com\/wordpress\/plugins\/seo\/ -->\n<title>INFORME 202\/2017 - SAI ACORDO QUE COBRE PERDAS COM OS PLANOS ECON\u00d4MICOS - Sindicato dos Banc\u00e1rios de S\u00e3o Bento do Sul e Regi\u00e3o<\/title>\n<meta name=\"robots\" content=\"index, follow, max-snippet:-1, max-image-preview:large, max-video-preview:-1\" \/>\n<link rel=\"canonical\" href=\"https:\/\/sindicatodosbancarios.org.br\/site2022\/2017\/12\/01\/informe-2022017-sai-acordo-que-cobre-perdas-com-os-planos-economicos\/\" \/>\n<meta property=\"og:locale\" content=\"pt_BR\" \/>\n<meta property=\"og:type\" content=\"article\" \/>\n<meta property=\"og:title\" content=\"INFORME 202\/2017 - SAI ACORDO QUE COBRE PERDAS COM OS PLANOS ECON\u00d4MICOS - Sindicato dos Banc\u00e1rios de S\u00e3o Bento do Sul e Regi\u00e3o\" \/>\n<meta property=\"og:description\" content=\"Bancos e poupadores fecharam na segunda-feira (27\/11\/17) os termos finais do acordo que prev\u00ea Bancos e poupadores fecharam [&hellip;]\" \/>\n<meta property=\"og:url\" content=\"https:\/\/sindicatodosbancarios.org.br\/site2022\/2017\/12\/01\/informe-2022017-sai-acordo-que-cobre-perdas-com-os-planos-economicos\/\" \/>\n<meta property=\"og:site_name\" content=\"Sindicato dos Banc\u00e1rios de S\u00e3o Bento do Sul e Regi\u00e3o\" \/>\n<meta property=\"article:author\" content=\"https:\/\/www.facebook.com\/seeb.sbs.9\" \/>\n<meta property=\"article:published_time\" content=\"2017-12-01T11:38:49+00:00\" \/>\n<meta property=\"article:modified_time\" content=\"2017-12-27T00:06:29+00:00\" \/>\n<meta property=\"og:image\" content=\"https:\/\/sindicatodosbancarios.org.br\/site2022\/wp-content\/uploads\/2017\/12\/202.jpg\" \/>\n\t<meta property=\"og:image:width\" content=\"768\" \/>\n\t<meta property=\"og:image:height\" content=\"512\" \/>\n\t<meta property=\"og:image:type\" content=\"image\/jpeg\" \/>\n<meta name=\"author\" content=\"Sindicato dos Banc\u00e1rios S\u00e3o Bento do Sul e Regi\u00e3o\" \/>\n<meta name=\"twitter:card\" content=\"summary_large_image\" \/>\n<meta name=\"twitter:label1\" content=\"Escrito por\" \/>\n\t<meta name=\"twitter:data1\" content=\"Sindicato dos Banc\u00e1rios S\u00e3o Bento do Sul e Regi\u00e3o\" \/>\n\t<meta name=\"twitter:label2\" content=\"Est. tempo de leitura\" \/>\n\t<meta name=\"twitter:data2\" content=\"5 minutos\" \/>\n<script type=\"application\/ld+json\" class=\"yoast-schema-graph\">{\"@context\":\"https:\/\/schema.org\",\"@graph\":[{\"@type\":\"Article\",\"@id\":\"https:\/\/sindicatodosbancarios.org.br\/site2022\/2017\/12\/01\/informe-2022017-sai-acordo-que-cobre-perdas-com-os-planos-economicos\/#article\",\"isPartOf\":{\"@id\":\"https:\/\/sindicatodosbancarios.org.br\/site2022\/2017\/12\/01\/informe-2022017-sai-acordo-que-cobre-perdas-com-os-planos-economicos\/\"},\"author\":{\"name\":\"Sindicato dos Banc\u00e1rios S\u00e3o Bento do Sul e Regi\u00e3o\",\"@id\":\"https:\/\/sindicatodosbancarios.org.br\/site2022\/#\/schema\/person\/a7d92da77d1084df4d28b57962f1e1bd\"},\"headline\":\"INFORME 202\/2017 &#8211; SAI ACORDO QUE COBRE PERDAS COM OS PLANOS ECON\u00d4MICOS\",\"datePublished\":\"2017-12-01T11:38:49+00:00\",\"dateModified\":\"2017-12-27T00:06:29+00:00\",\"mainEntityOfPage\":{\"@id\":\"https:\/\/sindicatodosbancarios.org.br\/site2022\/2017\/12\/01\/informe-2022017-sai-acordo-que-cobre-perdas-com-os-planos-economicos\/\"},\"wordCount\":916,\"commentCount\":0,\"publisher\":{\"@id\":\"https:\/\/sindicatodosbancarios.org.br\/site2022\/#organization\"},\"articleSection\":[\"Geral\"],\"inLanguage\":\"pt-BR\",\"potentialAction\":[{\"@type\":\"CommentAction\",\"name\":\"Comment\",\"target\":[\"https:\/\/sindicatodosbancarios.org.br\/site2022\/2017\/12\/01\/informe-2022017-sai-acordo-que-cobre-perdas-com-os-planos-economicos\/#respond\"]}]},{\"@type\":\"WebPage\",\"@id\":\"https:\/\/sindicatodosbancarios.org.br\/site2022\/2017\/12\/01\/informe-2022017-sai-acordo-que-cobre-perdas-com-os-planos-economicos\/\",\"url\":\"https:\/\/sindicatodosbancarios.org.br\/site2022\/2017\/12\/01\/informe-2022017-sai-acordo-que-cobre-perdas-com-os-planos-economicos\/\",\"name\":\"INFORME 202\/2017 - SAI ACORDO QUE COBRE PERDAS COM OS PLANOS ECON\u00d4MICOS - Sindicato dos Banc\u00e1rios de S\u00e3o Bento do Sul e Regi\u00e3o\",\"isPartOf\":{\"@id\":\"https:\/\/sindicatodosbancarios.org.br\/site2022\/#website\"},\"datePublished\":\"2017-12-01T11:38:49+00:00\",\"dateModified\":\"2017-12-27T00:06:29+00:00\",\"breadcrumb\":{\"@id\":\"https:\/\/sindicatodosbancarios.org.br\/site2022\/2017\/12\/01\/informe-2022017-sai-acordo-que-cobre-perdas-com-os-planos-economicos\/#breadcrumb\"},\"inLanguage\":\"pt-BR\",\"potentialAction\":[{\"@type\":\"ReadAction\",\"target\":[\"https:\/\/sindicatodosbancarios.org.br\/site2022\/2017\/12\/01\/informe-2022017-sai-acordo-que-cobre-perdas-com-os-planos-economicos\/\"]}]},{\"@type\":\"BreadcrumbList\",\"@id\":\"https:\/\/sindicatodosbancarios.org.br\/site2022\/2017\/12\/01\/informe-2022017-sai-acordo-que-cobre-perdas-com-os-planos-economicos\/#breadcrumb\",\"itemListElement\":[{\"@type\":\"ListItem\",\"position\":1,\"name\":\"In\u00edcio\",\"item\":\"https:\/\/sindicatodosbancarios.org.br\/site2022\/\"},{\"@type\":\"ListItem\",\"position\":2,\"name\":\"INFORME 202\/2017 &#8211; SAI ACORDO QUE COBRE PERDAS COM OS PLANOS ECON\u00d4MICOS\"}]},{\"@type\":\"WebSite\",\"@id\":\"https:\/\/sindicatodosbancarios.org.br\/site2022\/#website\",\"url\":\"https:\/\/sindicatodosbancarios.org.br\/site2022\/\",\"name\":\"Sindicato dos Banc\u00e1rios de S\u00e3o Bento do Sul e Regi\u00e3o\",\"description\":\"Website institucional do Sindicato dos Banc\u00e1rios de S\u00e3o Bento do Sul e Regi\u00e3o\",\"publisher\":{\"@id\":\"https:\/\/sindicatodosbancarios.org.br\/site2022\/#organization\"},\"potentialAction\":[{\"@type\":\"SearchAction\",\"target\":{\"@type\":\"EntryPoint\",\"urlTemplate\":\"https:\/\/sindicatodosbancarios.org.br\/site2022\/?s={search_term_string}\"},\"query-input\":\"required name=search_term_string\"}],\"inLanguage\":\"pt-BR\"},{\"@type\":\"Organization\",\"@id\":\"https:\/\/sindicatodosbancarios.org.br\/site2022\/#organization\",\"name\":\"Sindicato dos Banc\u00e1rios de S\u00e3o Bento do Sul e Regi\u00e3o\",\"url\":\"https:\/\/sindicatodosbancarios.org.br\/site2022\/\",\"logo\":{\"@type\":\"ImageObject\",\"inLanguage\":\"pt-BR\",\"@id\":\"https:\/\/sindicatodosbancarios.org.br\/site2022\/#\/schema\/logo\/image\/\",\"url\":\"https:\/\/sindicatodosbancarios.org.br\/site2022\/wp-content\/uploads\/2017\/06\/cropped-logo-2.png\",\"contentUrl\":\"https:\/\/sindicatodosbancarios.org.br\/site2022\/wp-content\/uploads\/2017\/06\/cropped-logo-2.png\",\"width\":292,\"height\":292,\"caption\":\"Sindicato dos Banc\u00e1rios de S\u00e3o Bento do Sul e Regi\u00e3o\"},\"image\":{\"@id\":\"https:\/\/sindicatodosbancarios.org.br\/site2022\/#\/schema\/logo\/image\/\"}},{\"@type\":\"Person\",\"@id\":\"https:\/\/sindicatodosbancarios.org.br\/site2022\/#\/schema\/person\/a7d92da77d1084df4d28b57962f1e1bd\",\"name\":\"Sindicato dos Banc\u00e1rios S\u00e3o Bento do Sul e Regi\u00e3o\",\"image\":{\"@type\":\"ImageObject\",\"inLanguage\":\"pt-BR\",\"@id\":\"https:\/\/sindicatodosbancarios.org.br\/site2022\/#\/schema\/person\/image\/\",\"url\":\"https:\/\/secure.gravatar.com\/avatar\/f1d1a06f698f2345352e539387180d42?s=96&d=mm&r=g\",\"contentUrl\":\"https:\/\/secure.gravatar.com\/avatar\/f1d1a06f698f2345352e539387180d42?s=96&d=mm&r=g\",\"caption\":\"Sindicato dos Banc\u00e1rios S\u00e3o Bento do Sul e Regi\u00e3o\"},\"sameAs\":[\"http:\/\/sindicatodosbancarios.org.br\/site2022\/\",\"https:\/\/www.facebook.com\/seeb.sbs.9\"],\"url\":\"https:\/\/sindicatodosbancarios.org.br\/site2022\/author\/sindicatodosbancarios\/\"}]}<\/script>\n<!-- \/ Yoast SEO plugin. -->","yoast_head_json":{"title":"INFORME 202\/2017 - SAI ACORDO QUE COBRE PERDAS COM OS PLANOS ECON\u00d4MICOS - Sindicato dos Banc\u00e1rios de S\u00e3o Bento do Sul e Regi\u00e3o","robots":{"index":"index","follow":"follow","max-snippet":"max-snippet:-1","max-image-preview":"max-image-preview:large","max-video-preview":"max-video-preview:-1"},"canonical":"https:\/\/sindicatodosbancarios.org.br\/site2022\/2017\/12\/01\/informe-2022017-sai-acordo-que-cobre-perdas-com-os-planos-economicos\/","og_locale":"pt_BR","og_type":"article","og_title":"INFORME 202\/2017 - SAI ACORDO QUE COBRE PERDAS COM OS PLANOS ECON\u00d4MICOS - Sindicato dos Banc\u00e1rios de S\u00e3o Bento do Sul e Regi\u00e3o","og_description":"Bancos e poupadores fecharam na segunda-feira (27\/11\/17) os termos finais do acordo que prev\u00ea Bancos e poupadores fecharam [&hellip;]","og_url":"https:\/\/sindicatodosbancarios.org.br\/site2022\/2017\/12\/01\/informe-2022017-sai-acordo-que-cobre-perdas-com-os-planos-economicos\/","og_site_name":"Sindicato dos Banc\u00e1rios de S\u00e3o Bento do Sul e Regi\u00e3o","article_author":"https:\/\/www.facebook.com\/seeb.sbs.9","article_published_time":"2017-12-01T11:38:49+00:00","article_modified_time":"2017-12-27T00:06:29+00:00","og_image":[{"width":768,"height":512,"url":"https:\/\/sindicatodosbancarios.org.br\/site2022\/wp-content\/uploads\/2017\/12\/202.jpg","type":"image\/jpeg"}],"author":"Sindicato dos Banc\u00e1rios S\u00e3o Bento do Sul e Regi\u00e3o","twitter_card":"summary_large_image","twitter_misc":{"Escrito por":"Sindicato dos Banc\u00e1rios S\u00e3o Bento do Sul e Regi\u00e3o","Est. tempo de leitura":"5 minutos"},"schema":{"@context":"https:\/\/schema.org","@graph":[{"@type":"Article","@id":"https:\/\/sindicatodosbancarios.org.br\/site2022\/2017\/12\/01\/informe-2022017-sai-acordo-que-cobre-perdas-com-os-planos-economicos\/#article","isPartOf":{"@id":"https:\/\/sindicatodosbancarios.org.br\/site2022\/2017\/12\/01\/informe-2022017-sai-acordo-que-cobre-perdas-com-os-planos-economicos\/"},"author":{"name":"Sindicato dos Banc\u00e1rios S\u00e3o Bento do Sul e Regi\u00e3o","@id":"https:\/\/sindicatodosbancarios.org.br\/site2022\/#\/schema\/person\/a7d92da77d1084df4d28b57962f1e1bd"},"headline":"INFORME 202\/2017 &#8211; SAI ACORDO QUE COBRE PERDAS COM OS PLANOS ECON\u00d4MICOS","datePublished":"2017-12-01T11:38:49+00:00","dateModified":"2017-12-27T00:06:29+00:00","mainEntityOfPage":{"@id":"https:\/\/sindicatodosbancarios.org.br\/site2022\/2017\/12\/01\/informe-2022017-sai-acordo-que-cobre-perdas-com-os-planos-economicos\/"},"wordCount":916,"commentCount":0,"publisher":{"@id":"https:\/\/sindicatodosbancarios.org.br\/site2022\/#organization"},"articleSection":["Geral"],"inLanguage":"pt-BR","potentialAction":[{"@type":"CommentAction","name":"Comment","target":["https:\/\/sindicatodosbancarios.org.br\/site2022\/2017\/12\/01\/informe-2022017-sai-acordo-que-cobre-perdas-com-os-planos-economicos\/#respond"]}]},{"@type":"WebPage","@id":"https:\/\/sindicatodosbancarios.org.br\/site2022\/2017\/12\/01\/informe-2022017-sai-acordo-que-cobre-perdas-com-os-planos-economicos\/","url":"https:\/\/sindicatodosbancarios.org.br\/site2022\/2017\/12\/01\/informe-2022017-sai-acordo-que-cobre-perdas-com-os-planos-economicos\/","name":"INFORME 202\/2017 - SAI ACORDO QUE COBRE PERDAS COM OS PLANOS ECON\u00d4MICOS - Sindicato dos Banc\u00e1rios de S\u00e3o Bento do Sul e Regi\u00e3o","isPartOf":{"@id":"https:\/\/sindicatodosbancarios.org.br\/site2022\/#website"},"datePublished":"2017-12-01T11:38:49+00:00","dateModified":"2017-12-27T00:06:29+00:00","breadcrumb":{"@id":"https:\/\/sindicatodosbancarios.org.br\/site2022\/2017\/12\/01\/informe-2022017-sai-acordo-que-cobre-perdas-com-os-planos-economicos\/#breadcrumb"},"inLanguage":"pt-BR","potentialAction":[{"@type":"ReadAction","target":["https:\/\/sindicatodosbancarios.org.br\/site2022\/2017\/12\/01\/informe-2022017-sai-acordo-que-cobre-perdas-com-os-planos-economicos\/"]}]},{"@type":"BreadcrumbList","@id":"https:\/\/sindicatodosbancarios.org.br\/site2022\/2017\/12\/01\/informe-2022017-sai-acordo-que-cobre-perdas-com-os-planos-economicos\/#breadcrumb","itemListElement":[{"@type":"ListItem","position":1,"name":"In\u00edcio","item":"https:\/\/sindicatodosbancarios.org.br\/site2022\/"},{"@type":"ListItem","position":2,"name":"INFORME 202\/2017 &#8211; SAI ACORDO QUE COBRE PERDAS COM OS PLANOS ECON\u00d4MICOS"}]},{"@type":"WebSite","@id":"https:\/\/sindicatodosbancarios.org.br\/site2022\/#website","url":"https:\/\/sindicatodosbancarios.org.br\/site2022\/","name":"Sindicato dos Banc\u00e1rios de S\u00e3o Bento do Sul e Regi\u00e3o","description":"Website institucional do Sindicato dos Banc\u00e1rios de S\u00e3o Bento do Sul e Regi\u00e3o","publisher":{"@id":"https:\/\/sindicatodosbancarios.org.br\/site2022\/#organization"},"potentialAction":[{"@type":"SearchAction","target":{"@type":"EntryPoint","urlTemplate":"https:\/\/sindicatodosbancarios.org.br\/site2022\/?s={search_term_string}"},"query-input":"required name=search_term_string"}],"inLanguage":"pt-BR"},{"@type":"Organization","@id":"https:\/\/sindicatodosbancarios.org.br\/site2022\/#organization","name":"Sindicato dos Banc\u00e1rios de S\u00e3o Bento do Sul e Regi\u00e3o","url":"https:\/\/sindicatodosbancarios.org.br\/site2022\/","logo":{"@type":"ImageObject","inLanguage":"pt-BR","@id":"https:\/\/sindicatodosbancarios.org.br\/site2022\/#\/schema\/logo\/image\/","url":"https:\/\/sindicatodosbancarios.org.br\/site2022\/wp-content\/uploads\/2017\/06\/cropped-logo-2.png","contentUrl":"https:\/\/sindicatodosbancarios.org.br\/site2022\/wp-content\/uploads\/2017\/06\/cropped-logo-2.png","width":292,"height":292,"caption":"Sindicato dos Banc\u00e1rios de S\u00e3o Bento do Sul e Regi\u00e3o"},"image":{"@id":"https:\/\/sindicatodosbancarios.org.br\/site2022\/#\/schema\/logo\/image\/"}},{"@type":"Person","@id":"https:\/\/sindicatodosbancarios.org.br\/site2022\/#\/schema\/person\/a7d92da77d1084df4d28b57962f1e1bd","name":"Sindicato dos Banc\u00e1rios S\u00e3o Bento do Sul e Regi\u00e3o","image":{"@type":"ImageObject","inLanguage":"pt-BR","@id":"https:\/\/sindicatodosbancarios.org.br\/site2022\/#\/schema\/person\/image\/","url":"https:\/\/secure.gravatar.com\/avatar\/f1d1a06f698f2345352e539387180d42?s=96&d=mm&r=g","contentUrl":"https:\/\/secure.gravatar.com\/avatar\/f1d1a06f698f2345352e539387180d42?s=96&d=mm&r=g","caption":"Sindicato dos Banc\u00e1rios S\u00e3o Bento do Sul e Regi\u00e3o"},"sameAs":["http:\/\/sindicatodosbancarios.org.br\/site2022\/","https:\/\/www.facebook.com\/seeb.sbs.9"],"url":"https:\/\/sindicatodosbancarios.org.br\/site2022\/author\/sindicatodosbancarios\/"}]}},"jetpack_featured_media_url":"https:\/\/sindicatodosbancarios.org.br\/site2022\/wp-content\/uploads\/2017\/12\/202.jpg","jetpack_sharing_enabled":true,"jetpack_shortlink":"https:\/\/wp.me\/p8RSbI-vA","jetpack-related-posts":[{"id":5115,"url":"https:\/\/sindicatodosbancarios.org.br\/site2022\/2021\/02\/04\/informe-bancario-45-2021-santander-tem-lucro-de-r-1368-bilhoes-no-brasil\/","url_meta":{"origin":1958,"position":0},"title":"INFORME BANC\u00c1RIO \u2013 45\/2021 Santander tem lucro de R$ 13,68 bilh\u00f5es no Brasil","date":"4 de fevereiro de 2021","format":false,"excerpt":"O Banco Santander obteve um lucro ordin\u00e1rio em 2020 de 2,11 bilh\u00f5es de euros (R$ 13,68 bilh\u00f5es) no Brasil, cerca de 5% a menos do que no ano anterior, diante do impacto relativo \u00e0 pandemia da Covid-19, em que n\u00e3o foi poss\u00edvel compensar as perdas com o aumento de receitas\u2026","rel":"","context":"Em &quot;Geral&quot;","img":{"alt_text":"","src":"https:\/\/i0.wp.com\/sindicatodosbancarios.org.br\/site2022\/wp-content\/uploads\/2021\/02\/vagas-santander-agencia-do-banco-1562078449638_v2_900x506.jpg?resize=350%2C200&ssl=1","width":350,"height":200},"classes":[]},{"id":5366,"url":"https:\/\/sindicatodosbancarios.org.br\/site2022\/2021\/05\/04\/informe-bancarios-115-2021-itau-lucra-r-63-bilhoes-no-1o-trimestre-e-supera-previsoes-do-mercado\/","url_meta":{"origin":1958,"position":1},"title":"INFORME BANC\u00c1RIOS \u2013 115\/2021 Ita\u00fa lucra R$ 6,3 bilh\u00f5es no 1\u00ba trimestre e supera previs\u00f5es do mercado","date":"4 de maio de 2021","format":false,"excerpt":"O maior banco privado do Brasil, o\u00a0Ita\u00fa Unibanco\u00a0(ITUB4) , divulgou nesta segunda-feira resultado acima do esperado pelo mercado, com redu\u00e7\u00e3o de provis\u00f5es para perdas com empr\u00e9stimos e os ganhos de tesouraria. O lucro l\u00edquido recorrente foi de 6,398 bilh\u00f5es de reais, mais de 11% acima da estimativa de 5,753 bilh\u00f5es\u2026","rel":"","context":"Em &quot;Geral&quot;","img":{"alt_text":"","src":"https:\/\/i0.wp.com\/sindicatodosbancarios.org.br\/site2022\/wp-content\/uploads\/2021\/05\/1-17.jpg?resize=350%2C200&ssl=1","width":350,"height":200},"classes":[]},{"id":4494,"url":"https:\/\/sindicatodosbancarios.org.br\/site2022\/2020\/09\/14\/informe-bancario-347-2020-entenda-as-mudancas-na-plr-da-caixa\/","url_meta":{"origin":1958,"position":2},"title":"INFORME BANC\u00c1RIO \u2013 347\/2020 ENTENDA AS MUDAN\u00c7AS NA PLR DA CAIXA","date":"14 de setembro de 2020","format":false,"excerpt":"Com a informa\u00e7\u00e3o de que a Caixa Econ\u00f4mica Federal atendeu a reivindica\u00e7\u00e3o e ir\u00e1 antecipar o pagamento da Participa\u00e7\u00e3o nos Lucros ou Resultados (PLR) e do Abono \u00danico na nesta segunda-feira (14), os empregados da Caixa precisam entender as mudan\u00e7as nas regras da PLR. At\u00e9 o \u00faltimo acordo, fechado em\u2026","rel":"","context":"Em &quot;Caixa Econ\u00f4mica Federal&quot;","img":{"alt_text":"","src":"https:\/\/i0.wp.com\/sindicatodosbancarios.org.br\/site2022\/wp-content\/uploads\/2020\/09\/140920153836-CAIXA.jpg?resize=350%2C200&ssl=1","width":350,"height":200},"classes":[]},{"id":4187,"url":"https:\/\/sindicatodosbancarios.org.br\/site2022\/2020\/07\/31\/informe-bancario-269-2020-a-conta-chegou-para-o-santander-lucro-cai-41-no-segundo-trimestre-com-provisao-para-coronavirus\/","url_meta":{"origin":1958,"position":3},"title":"INFORME BANC\u00c1RIO \u2013 269\/2020 A conta chegou para o Santander: lucro cai 41% no segundo trimestre com provis\u00e3o para coronav\u00edrus","date":"31 de julho de 2020","format":false,"excerpt":"Com atraso de um trimestre, banco decide fazer provis\u00f5es para o efeito coronav\u00edrus de R$ 3,2 bilh\u00f5es, o que derrubou o lucro para R$ 2,136 bilh\u00f5es O Santander Brasil\u00a0surpreendeu no resultado do primeiro trimestre deste ano ao ser o\u00a0\u00fanico entre os grandes bancos a registrar aumento no lucro. Os espanh\u00f3is\u2026","rel":"","context":"Em &quot;Geral&quot;","img":{"alt_text":"","src":"https:\/\/i0.wp.com\/sindicatodosbancarios.org.br\/site2022\/wp-content\/uploads\/2020\/07\/Santander-Shutterstock-3-628x353.jpg?resize=350%2C200&ssl=1","width":350,"height":200},"classes":[]},{"id":5373,"url":"https:\/\/sindicatodosbancarios.org.br\/site2022\/2021\/05\/05\/informe-bancarios-117-2021-bradesco-volta-a-superar-itau-e-tem-lucro-de-r-65-bilhoes-no-1o-trimestre\/","url_meta":{"origin":1958,"position":4},"title":"INFORME BANC\u00c1RIOS \u2013 117\/2021 Bradesco volta a superar Ita\u00fa e tem lucro de R$ 6,5 bilh\u00f5es no 1\u00ba trimestre","date":"5 de maio de 2021","format":false,"excerpt":"O lucro do Bradesco avan\u00e7ou 73,6% em rela\u00e7\u00e3o ao mesmo per\u00edodo de 2020 e tamb\u00e9m superou as proje\u00e7\u00f5es dos analistas. O Bradesco\u00a0confirmou a tend\u00eancia de recupera\u00e7\u00e3o do resultado dos grandes bancos brasileiros e registrou um\u00a0lucro recorrente de R$ 6,515 bilh\u00f5es no primeiro trimestre\u00a0deste ano, um avan\u00e7o de 73,6% em rela\u00e7\u00e3o\u2026","rel":"","context":"Em &quot;Bradesco\/HSBC&quot;","img":{"alt_text":"","src":"https:\/\/i0.wp.com\/sindicatodosbancarios.org.br\/site2022\/wp-content\/uploads\/2020\/11\/bradesco.jpg?resize=350%2C200&ssl=1","width":350,"height":200},"classes":[]},{"id":4780,"url":"https:\/\/sindicatodosbancarios.org.br\/site2022\/2020\/11\/12\/informe-bancario-435-2020-coe-contec-discute-demissoes-no-bradesco\/","url_meta":{"origin":1958,"position":5},"title":"INFORME BANC\u00c1RIO \u2013 435\/2020 COE\/Contec discute demiss\u00f5es no Bradesco","date":"12 de novembro de 2020","format":false,"excerpt":"Realizada ontem (quinta-feira, 5), das 16h \u00e0s 18h, reuni\u00e3o da COE Bradesco (Comiss\u00e3o de Organiza\u00e7\u00e3o dos Empregados do Bradesco) da Contec \u2013 Confedera\u00e7\u00e3o Nacional dos Banc\u00e1rios \u2013, via online. Em pauta estiveram as demiss\u00f5es em massa que o Bradesco vem promovendo e que, somente durante a pandemia, j\u00e1 somam cerca\u2026","rel":"","context":"Em &quot;Bradesco\/HSBC&quot;","img":{"alt_text":"","src":"https:\/\/i0.wp.com\/sindicatodosbancarios.org.br\/site2022\/wp-content\/uploads\/2020\/11\/bradesco.jpg?resize=350%2C200&ssl=1","width":350,"height":200},"classes":[]}],"_links":{"self":[{"href":"https:\/\/sindicatodosbancarios.org.br\/site2022\/wp-json\/wp\/v2\/posts\/1958"}],"collection":[{"href":"https:\/\/sindicatodosbancarios.org.br\/site2022\/wp-json\/wp\/v2\/posts"}],"about":[{"href":"https:\/\/sindicatodosbancarios.org.br\/site2022\/wp-json\/wp\/v2\/types\/post"}],"author":[{"embeddable":true,"href":"https:\/\/sindicatodosbancarios.org.br\/site2022\/wp-json\/wp\/v2\/users\/2"}],"replies":[{"embeddable":true,"href":"https:\/\/sindicatodosbancarios.org.br\/site2022\/wp-json\/wp\/v2\/comments?post=1958"}],"version-history":[{"count":2,"href":"https:\/\/sindicatodosbancarios.org.br\/site2022\/wp-json\/wp\/v2\/posts\/1958\/revisions"}],"predecessor-version":[{"id":2342,"href":"https:\/\/sindicatodosbancarios.org.br\/site2022\/wp-json\/wp\/v2\/posts\/1958\/revisions\/2342"}],"wp:featuredmedia":[{"embeddable":true,"href":"https:\/\/sindicatodosbancarios.org.br\/site2022\/wp-json\/wp\/v2\/media\/1959"}],"wp:attachment":[{"href":"https:\/\/sindicatodosbancarios.org.br\/site2022\/wp-json\/wp\/v2\/media?parent=1958"}],"wp:term":[{"taxonomy":"category","embeddable":true,"href":"https:\/\/sindicatodosbancarios.org.br\/site2022\/wp-json\/wp\/v2\/categories?post=1958"},{"taxonomy":"post_tag","embeddable":true,"href":"https:\/\/sindicatodosbancarios.org.br\/site2022\/wp-json\/wp\/v2\/tags?post=1958"}],"curies":[{"name":"wp","href":"https:\/\/api.w.org\/{rel}","templated":true}]}}