{"id":1969,"date":"2017-12-07T20:04:54","date_gmt":"2017-12-07T22:04:54","guid":{"rendered":"http:\/\/sindicatodosbancarios.org.br\/?p=1969"},"modified":"2017-12-07T20:04:54","modified_gmt":"2017-12-07T22:04:54","slug":"associacao-recreativa-dos-bancarios-arbanc-preparada-para-sua-inauguracao-no-proximo-dia-10","status":"publish","type":"post","link":"https:\/\/sindicatodosbancarios.org.br\/site2022\/2017\/12\/07\/associacao-recreativa-dos-bancarios-arbanc-preparada-para-sua-inauguracao-no-proximo-dia-10\/","title":{"rendered":"ASSOCIA\u00c7\u00c3O RECREATIVA DOS BANC\u00c1RIOS (ARBANC) PREPARADA PARA SUA INAUGURA\u00c7\u00c3O NO PR\u00d3XIMO DIA 10"},"content":{"rendered":"<p><img data-attachment-id=\"1964\" data-permalink=\"https:\/\/sindicatodosbancarios.org.br\/site2022\/2017\/12\/07\/associacao-recreativa-dos-bancarios-arbanc-preparada-para-sua-inauguracao-no-proximo-dia-10\/whatsapp-image-2017-12-07-at-14-10-03\/\" data-orig-file=\"https:\/\/sindicatodosbancarios.org.br\/site2022\/wp-content\/uploads\/2017\/12\/WhatsApp-Image-2017-12-07-at-14.10.03.jpeg\" data-orig-size=\"1032,774\" data-comments-opened=\"1\" data-image-meta=\"{&quot;aperture&quot;:&quot;0&quot;,&quot;credit&quot;:&quot;&quot;,&quot;camera&quot;:&quot;&quot;,&quot;caption&quot;:&quot;&quot;,&quot;created_timestamp&quot;:&quot;0&quot;,&quot;copyright&quot;:&quot;&quot;,&quot;focal_length&quot;:&quot;0&quot;,&quot;iso&quot;:&quot;0&quot;,&quot;shutter_speed&quot;:&quot;0&quot;,&quot;title&quot;:&quot;&quot;,&quot;orientation&quot;:&quot;0&quot;}\" data-image-title=\"WhatsApp Image 2017-12-07 at 14.10.03\" data-image-description=\"\" data-image-caption=\"\" data-medium-file=\"https:\/\/sindicatodosbancarios.org.br\/site2022\/wp-content\/uploads\/2017\/12\/WhatsApp-Image-2017-12-07-at-14.10.03-300x300.jpeg\" data-large-file=\"https:\/\/sindicatodosbancarios.org.br\/site2022\/wp-content\/uploads\/2017\/12\/WhatsApp-Image-2017-12-07-at-14.10.03-1024x768.jpeg\" loading=\"lazy\" class=\"size-full wp-image-1964 alignleft\" src=\"http:\/\/sindicatodosbancarios.org.br\/wp-content\/uploads\/2017\/12\/WhatsApp-Image-2017-12-07-at-14.10.03.jpeg\" alt=\"\" width=\"1032\" height=\"774\" srcset=\"https:\/\/sindicatodosbancarios.org.br\/site2022\/wp-content\/uploads\/2017\/12\/WhatsApp-Image-2017-12-07-at-14.10.03.jpeg 1032w, https:\/\/sindicatodosbancarios.org.br\/site2022\/wp-content\/uploads\/2017\/12\/WhatsApp-Image-2017-12-07-at-14.10.03-768x576.jpeg 768w, https:\/\/sindicatodosbancarios.org.br\/site2022\/wp-content\/uploads\/2017\/12\/WhatsApp-Image-2017-12-07-at-14.10.03-1024x768.jpeg 1024w\" sizes=\"(max-width: 1032px) 100vw, 1032px\" \/><img data-attachment-id=\"1963\" data-permalink=\"https:\/\/sindicatodosbancarios.org.br\/site2022\/2017\/12\/07\/associacao-recreativa-dos-bancarios-arbanc-preparada-para-sua-inauguracao-no-proximo-dia-10\/whatsapp-image-2017-12-07-at-14-10-02\/\" data-orig-file=\"https:\/\/sindicatodosbancarios.org.br\/site2022\/wp-content\/uploads\/2017\/12\/WhatsApp-Image-2017-12-07-at-14.10.02.jpeg\" data-orig-size=\"1032,774\" data-comments-opened=\"1\" data-image-meta=\"{&quot;aperture&quot;:&quot;0&quot;,&quot;credit&quot;:&quot;&quot;,&quot;camera&quot;:&quot;&quot;,&quot;caption&quot;:&quot;&quot;,&quot;created_timestamp&quot;:&quot;0&quot;,&quot;copyright&quot;:&quot;&quot;,&quot;focal_length&quot;:&quot;0&quot;,&quot;iso&quot;:&quot;0&quot;,&quot;shutter_speed&quot;:&quot;0&quot;,&quot;title&quot;:&quot;&quot;,&quot;orientation&quot;:&quot;0&quot;}\" data-image-title=\"WhatsApp Image 2017-12-07 at 14.10.02\" data-image-description=\"\" data-image-caption=\"\" data-medium-file=\"https:\/\/sindicatodosbancarios.org.br\/site2022\/wp-content\/uploads\/2017\/12\/WhatsApp-Image-2017-12-07-at-14.10.02-300x300.jpeg\" data-large-file=\"https:\/\/sindicatodosbancarios.org.br\/site2022\/wp-content\/uploads\/2017\/12\/WhatsApp-Image-2017-12-07-at-14.10.02-1024x768.jpeg\" loading=\"lazy\" class=\"size-full wp-image-1963 alignleft\" src=\"http:\/\/sindicatodosbancarios.org.br\/wp-content\/uploads\/2017\/12\/WhatsApp-Image-2017-12-07-at-14.10.02.jpeg\" alt=\"\" width=\"1032\" height=\"774\" srcset=\"https:\/\/sindicatodosbancarios.org.br\/site2022\/wp-content\/uploads\/2017\/12\/WhatsApp-Image-2017-12-07-at-14.10.02.jpeg 1032w, https:\/\/sindicatodosbancarios.org.br\/site2022\/wp-content\/uploads\/2017\/12\/WhatsApp-Image-2017-12-07-at-14.10.02-768x576.jpeg 768w, https:\/\/sindicatodosbancarios.org.br\/site2022\/wp-content\/uploads\/2017\/12\/WhatsApp-Image-2017-12-07-at-14.10.02-1024x768.jpeg 1024w\" sizes=\"(max-width: 1032px) 100vw, 1032px\" \/><img data-attachment-id=\"1966\" data-permalink=\"https:\/\/sindicatodosbancarios.org.br\/site2022\/2017\/12\/07\/associacao-recreativa-dos-bancarios-arbanc-preparada-para-sua-inauguracao-no-proximo-dia-10\/whatsapp-image-2017-12-07-at-14-09-58\/\" data-orig-file=\"https:\/\/sindicatodosbancarios.org.br\/site2022\/wp-content\/uploads\/2017\/12\/WhatsApp-Image-2017-12-07-at-14.09.58.jpeg\" data-orig-size=\"1032,774\" data-comments-opened=\"1\" data-image-meta=\"{&quot;aperture&quot;:&quot;0&quot;,&quot;credit&quot;:&quot;&quot;,&quot;camera&quot;:&quot;&quot;,&quot;caption&quot;:&quot;&quot;,&quot;created_timestamp&quot;:&quot;0&quot;,&quot;copyright&quot;:&quot;&quot;,&quot;focal_length&quot;:&quot;0&quot;,&quot;iso&quot;:&quot;0&quot;,&quot;shutter_speed&quot;:&quot;0&quot;,&quot;title&quot;:&quot;&quot;,&quot;orientation&quot;:&quot;0&quot;}\" data-image-title=\"WhatsApp Image 2017-12-07 at 14.09.58\" data-image-description=\"\" data-image-caption=\"\" data-medium-file=\"https:\/\/sindicatodosbancarios.org.br\/site2022\/wp-content\/uploads\/2017\/12\/WhatsApp-Image-2017-12-07-at-14.09.58-300x300.jpeg\" data-large-file=\"https:\/\/sindicatodosbancarios.org.br\/site2022\/wp-content\/uploads\/2017\/12\/WhatsApp-Image-2017-12-07-at-14.09.58-1024x768.jpeg\" loading=\"lazy\" class=\"size-full wp-image-1966 alignleft\" src=\"http:\/\/sindicatodosbancarios.org.br\/wp-content\/uploads\/2017\/12\/WhatsApp-Image-2017-12-07-at-14.09.58.jpeg\" alt=\"\" width=\"1032\" height=\"774\" srcset=\"https:\/\/sindicatodosbancarios.org.br\/site2022\/wp-content\/uploads\/2017\/12\/WhatsApp-Image-2017-12-07-at-14.09.58.jpeg 1032w, https:\/\/sindicatodosbancarios.org.br\/site2022\/wp-content\/uploads\/2017\/12\/WhatsApp-Image-2017-12-07-at-14.09.58-768x576.jpeg 768w, https:\/\/sindicatodosbancarios.org.br\/site2022\/wp-content\/uploads\/2017\/12\/WhatsApp-Image-2017-12-07-at-14.09.58-1024x768.jpeg 1024w\" sizes=\"(max-width: 1032px) 100vw, 1032px\" \/><\/p>\n","protected":false},"excerpt":{"rendered":"","protected":false},"author":2,"featured_media":1968,"comment_status":"open","ping_status":"open","sticky":false,"template":"","format":"standard","meta":{"jetpack_post_was_ever_published":false,"jetpack_publicize_message":"","jetpack_is_tweetstorm":false,"jetpack_publicize_feature_enabled":true,"jetpack_social_post_already_shared":true,"jetpack_social_options":[]},"categories":[1],"tags":[],"jetpack_publicize_connections":[],"acf":[],"yoast_head":"<!-- This site is optimized with the Yoast SEO plugin v19.14 - https:\/\/yoast.com\/wordpress\/plugins\/seo\/ -->\n<title>ASSOCIA\u00c7\u00c3O RECREATIVA DOS BANC\u00c1RIOS (ARBANC) PREPARADA PARA SUA INAUGURA\u00c7\u00c3O NO PR\u00d3XIMO DIA 10 - Sindicato dos Banc\u00e1rios de S\u00e3o Bento do Sul e Regi\u00e3o<\/title>\n<meta name=\"robots\" content=\"index, follow, max-snippet:-1, max-image-preview:large, max-video-preview:-1\" \/>\n<link rel=\"canonical\" href=\"https:\/\/sindicatodosbancarios.org.br\/site2022\/2017\/12\/07\/associacao-recreativa-dos-bancarios-arbanc-preparada-para-sua-inauguracao-no-proximo-dia-10\/\" \/>\n<meta property=\"og:locale\" content=\"pt_BR\" \/>\n<meta property=\"og:type\" content=\"article\" \/>\n<meta property=\"og:title\" content=\"ASSOCIA\u00c7\u00c3O RECREATIVA DOS BANC\u00c1RIOS (ARBANC) PREPARADA PARA SUA INAUGURA\u00c7\u00c3O NO PR\u00d3XIMO DIA 10 - Sindicato dos Banc\u00e1rios de S\u00e3o Bento do Sul e Regi\u00e3o\" \/>\n<meta property=\"og:url\" content=\"https:\/\/sindicatodosbancarios.org.br\/site2022\/2017\/12\/07\/associacao-recreativa-dos-bancarios-arbanc-preparada-para-sua-inauguracao-no-proximo-dia-10\/\" \/>\n<meta property=\"og:site_name\" content=\"Sindicato dos Banc\u00e1rios de S\u00e3o Bento do Sul e Regi\u00e3o\" \/>\n<meta property=\"article:author\" content=\"https:\/\/www.facebook.com\/seeb.sbs.9\" \/>\n<meta property=\"article:published_time\" content=\"2017-12-07T22:04:54+00:00\" \/>\n<meta property=\"og:image\" content=\"https:\/\/sindicatodosbancarios.org.br\/site2022\/wp-content\/uploads\/2017\/12\/WhatsApp-Image-2017-12-07-at-14.10.01.jpeg\" \/>\n\t<meta property=\"og:image:width\" content=\"1032\" \/>\n\t<meta property=\"og:image:height\" content=\"774\" \/>\n\t<meta property=\"og:image:type\" content=\"image\/jpeg\" \/>\n<meta name=\"author\" content=\"Sindicato dos Banc\u00e1rios S\u00e3o Bento do Sul e Regi\u00e3o\" \/>\n<meta name=\"twitter:card\" content=\"summary_large_image\" \/>\n<meta name=\"twitter:label1\" content=\"Escrito por\" \/>\n\t<meta name=\"twitter:data1\" content=\"Sindicato dos Banc\u00e1rios S\u00e3o Bento do Sul e Regi\u00e3o\" \/>\n<script type=\"application\/ld+json\" class=\"yoast-schema-graph\">{\"@context\":\"https:\/\/schema.org\",\"@graph\":[{\"@type\":\"Article\",\"@id\":\"https:\/\/sindicatodosbancarios.org.br\/site2022\/2017\/12\/07\/associacao-recreativa-dos-bancarios-arbanc-preparada-para-sua-inauguracao-no-proximo-dia-10\/#article\",\"isPartOf\":{\"@id\":\"https:\/\/sindicatodosbancarios.org.br\/site2022\/2017\/12\/07\/associacao-recreativa-dos-bancarios-arbanc-preparada-para-sua-inauguracao-no-proximo-dia-10\/\"},\"author\":{\"name\":\"Sindicato dos Banc\u00e1rios S\u00e3o Bento do Sul e Regi\u00e3o\",\"@id\":\"https:\/\/sindicatodosbancarios.org.br\/site2022\/#\/schema\/person\/a7d92da77d1084df4d28b57962f1e1bd\"},\"headline\":\"ASSOCIA\u00c7\u00c3O RECREATIVA DOS BANC\u00c1RIOS (ARBANC) PREPARADA PARA SUA INAUGURA\u00c7\u00c3O NO PR\u00d3XIMO DIA 10\",\"datePublished\":\"2017-12-07T22:04:54+00:00\",\"dateModified\":\"2017-12-07T22:04:54+00:00\",\"mainEntityOfPage\":{\"@id\":\"https:\/\/sindicatodosbancarios.org.br\/site2022\/2017\/12\/07\/associacao-recreativa-dos-bancarios-arbanc-preparada-para-sua-inauguracao-no-proximo-dia-10\/\"},\"wordCount\":16,\"commentCount\":0,\"publisher\":{\"@id\":\"https:\/\/sindicatodosbancarios.org.br\/site2022\/#organization\"},\"articleSection\":[\"Geral\"],\"inLanguage\":\"pt-BR\",\"potentialAction\":[{\"@type\":\"CommentAction\",\"name\":\"Comment\",\"target\":[\"https:\/\/sindicatodosbancarios.org.br\/site2022\/2017\/12\/07\/associacao-recreativa-dos-bancarios-arbanc-preparada-para-sua-inauguracao-no-proximo-dia-10\/#respond\"]}]},{\"@type\":\"WebPage\",\"@id\":\"https:\/\/sindicatodosbancarios.org.br\/site2022\/2017\/12\/07\/associacao-recreativa-dos-bancarios-arbanc-preparada-para-sua-inauguracao-no-proximo-dia-10\/\",\"url\":\"https:\/\/sindicatodosbancarios.org.br\/site2022\/2017\/12\/07\/associacao-recreativa-dos-bancarios-arbanc-preparada-para-sua-inauguracao-no-proximo-dia-10\/\",\"name\":\"ASSOCIA\u00c7\u00c3O RECREATIVA DOS BANC\u00c1RIOS (ARBANC) PREPARADA PARA SUA INAUGURA\u00c7\u00c3O NO PR\u00d3XIMO DIA 10 - Sindicato dos Banc\u00e1rios de S\u00e3o Bento do Sul e Regi\u00e3o\",\"isPartOf\":{\"@id\":\"https:\/\/sindicatodosbancarios.org.br\/site2022\/#website\"},\"datePublished\":\"2017-12-07T22:04:54+00:00\",\"dateModified\":\"2017-12-07T22:04:54+00:00\",\"breadcrumb\":{\"@id\":\"https:\/\/sindicatodosbancarios.org.br\/site2022\/2017\/12\/07\/associacao-recreativa-dos-bancarios-arbanc-preparada-para-sua-inauguracao-no-proximo-dia-10\/#breadcrumb\"},\"inLanguage\":\"pt-BR\",\"potentialAction\":[{\"@type\":\"ReadAction\",\"target\":[\"https:\/\/sindicatodosbancarios.org.br\/site2022\/2017\/12\/07\/associacao-recreativa-dos-bancarios-arbanc-preparada-para-sua-inauguracao-no-proximo-dia-10\/\"]}]},{\"@type\":\"BreadcrumbList\",\"@id\":\"https:\/\/sindicatodosbancarios.org.br\/site2022\/2017\/12\/07\/associacao-recreativa-dos-bancarios-arbanc-preparada-para-sua-inauguracao-no-proximo-dia-10\/#breadcrumb\",\"itemListElement\":[{\"@type\":\"ListItem\",\"position\":1,\"name\":\"In\u00edcio\",\"item\":\"https:\/\/sindicatodosbancarios.org.br\/site2022\/\"},{\"@type\":\"ListItem\",\"position\":2,\"name\":\"ASSOCIA\u00c7\u00c3O RECREATIVA DOS BANC\u00c1RIOS (ARBANC) PREPARADA PARA SUA INAUGURA\u00c7\u00c3O NO PR\u00d3XIMO DIA 10\"}]},{\"@type\":\"WebSite\",\"@id\":\"https:\/\/sindicatodosbancarios.org.br\/site2022\/#website\",\"url\":\"https:\/\/sindicatodosbancarios.org.br\/site2022\/\",\"name\":\"Sindicato dos Banc\u00e1rios de S\u00e3o Bento do Sul e Regi\u00e3o\",\"description\":\"Website institucional do Sindicato dos Banc\u00e1rios de S\u00e3o Bento do Sul e Regi\u00e3o\",\"publisher\":{\"@id\":\"https:\/\/sindicatodosbancarios.org.br\/site2022\/#organization\"},\"potentialAction\":[{\"@type\":\"SearchAction\",\"target\":{\"@type\":\"EntryPoint\",\"urlTemplate\":\"https:\/\/sindicatodosbancarios.org.br\/site2022\/?s={search_term_string}\"},\"query-input\":\"required name=search_term_string\"}],\"inLanguage\":\"pt-BR\"},{\"@type\":\"Organization\",\"@id\":\"https:\/\/sindicatodosbancarios.org.br\/site2022\/#organization\",\"name\":\"Sindicato dos Banc\u00e1rios de S\u00e3o Bento do Sul e Regi\u00e3o\",\"url\":\"https:\/\/sindicatodosbancarios.org.br\/site2022\/\",\"logo\":{\"@type\":\"ImageObject\",\"inLanguage\":\"pt-BR\",\"@id\":\"https:\/\/sindicatodosbancarios.org.br\/site2022\/#\/schema\/logo\/image\/\",\"url\":\"https:\/\/sindicatodosbancarios.org.br\/site2022\/wp-content\/uploads\/2017\/06\/cropped-logo-2.png\",\"contentUrl\":\"https:\/\/sindicatodosbancarios.org.br\/site2022\/wp-content\/uploads\/2017\/06\/cropped-logo-2.png\",\"width\":292,\"height\":292,\"caption\":\"Sindicato dos Banc\u00e1rios de S\u00e3o Bento do Sul e Regi\u00e3o\"},\"image\":{\"@id\":\"https:\/\/sindicatodosbancarios.org.br\/site2022\/#\/schema\/logo\/image\/\"}},{\"@type\":\"Person\",\"@id\":\"https:\/\/sindicatodosbancarios.org.br\/site2022\/#\/schema\/person\/a7d92da77d1084df4d28b57962f1e1bd\",\"name\":\"Sindicato dos Banc\u00e1rios S\u00e3o Bento do Sul e Regi\u00e3o\",\"image\":{\"@type\":\"ImageObject\",\"inLanguage\":\"pt-BR\",\"@id\":\"https:\/\/sindicatodosbancarios.org.br\/site2022\/#\/schema\/person\/image\/\",\"url\":\"https:\/\/secure.gravatar.com\/avatar\/f1d1a06f698f2345352e539387180d42?s=96&d=mm&r=g\",\"contentUrl\":\"https:\/\/secure.gravatar.com\/avatar\/f1d1a06f698f2345352e539387180d42?s=96&d=mm&r=g\",\"caption\":\"Sindicato dos Banc\u00e1rios S\u00e3o Bento do Sul e Regi\u00e3o\"},\"sameAs\":[\"http:\/\/sindicatodosbancarios.org.br\/site2022\/\",\"https:\/\/www.facebook.com\/seeb.sbs.9\"],\"url\":\"https:\/\/sindicatodosbancarios.org.br\/site2022\/author\/sindicatodosbancarios\/\"}]}<\/script>\n<!-- \/ Yoast SEO plugin. -->","yoast_head_json":{"title":"ASSOCIA\u00c7\u00c3O RECREATIVA DOS BANC\u00c1RIOS (ARBANC) PREPARADA PARA SUA INAUGURA\u00c7\u00c3O NO PR\u00d3XIMO DIA 10 - Sindicato dos Banc\u00e1rios de S\u00e3o Bento do Sul e Regi\u00e3o","robots":{"index":"index","follow":"follow","max-snippet":"max-snippet:-1","max-image-preview":"max-image-preview:large","max-video-preview":"max-video-preview:-1"},"canonical":"https:\/\/sindicatodosbancarios.org.br\/site2022\/2017\/12\/07\/associacao-recreativa-dos-bancarios-arbanc-preparada-para-sua-inauguracao-no-proximo-dia-10\/","og_locale":"pt_BR","og_type":"article","og_title":"ASSOCIA\u00c7\u00c3O RECREATIVA DOS BANC\u00c1RIOS (ARBANC) PREPARADA PARA SUA INAUGURA\u00c7\u00c3O NO PR\u00d3XIMO DIA 10 - Sindicato dos Banc\u00e1rios de S\u00e3o Bento do Sul e Regi\u00e3o","og_url":"https:\/\/sindicatodosbancarios.org.br\/site2022\/2017\/12\/07\/associacao-recreativa-dos-bancarios-arbanc-preparada-para-sua-inauguracao-no-proximo-dia-10\/","og_site_name":"Sindicato dos Banc\u00e1rios de S\u00e3o Bento do Sul e Regi\u00e3o","article_author":"https:\/\/www.facebook.com\/seeb.sbs.9","article_published_time":"2017-12-07T22:04:54+00:00","og_image":[{"width":1032,"height":774,"url":"https:\/\/sindicatodosbancarios.org.br\/site2022\/wp-content\/uploads\/2017\/12\/WhatsApp-Image-2017-12-07-at-14.10.01.jpeg","type":"image\/jpeg"}],"author":"Sindicato dos Banc\u00e1rios S\u00e3o Bento do Sul e Regi\u00e3o","twitter_card":"summary_large_image","twitter_misc":{"Escrito por":"Sindicato dos Banc\u00e1rios S\u00e3o Bento do Sul e Regi\u00e3o"},"schema":{"@context":"https:\/\/schema.org","@graph":[{"@type":"Article","@id":"https:\/\/sindicatodosbancarios.org.br\/site2022\/2017\/12\/07\/associacao-recreativa-dos-bancarios-arbanc-preparada-para-sua-inauguracao-no-proximo-dia-10\/#article","isPartOf":{"@id":"https:\/\/sindicatodosbancarios.org.br\/site2022\/2017\/12\/07\/associacao-recreativa-dos-bancarios-arbanc-preparada-para-sua-inauguracao-no-proximo-dia-10\/"},"author":{"name":"Sindicato dos Banc\u00e1rios S\u00e3o Bento do Sul e Regi\u00e3o","@id":"https:\/\/sindicatodosbancarios.org.br\/site2022\/#\/schema\/person\/a7d92da77d1084df4d28b57962f1e1bd"},"headline":"ASSOCIA\u00c7\u00c3O RECREATIVA DOS BANC\u00c1RIOS (ARBANC) PREPARADA PARA SUA INAUGURA\u00c7\u00c3O NO PR\u00d3XIMO DIA 10","datePublished":"2017-12-07T22:04:54+00:00","dateModified":"2017-12-07T22:04:54+00:00","mainEntityOfPage":{"@id":"https:\/\/sindicatodosbancarios.org.br\/site2022\/2017\/12\/07\/associacao-recreativa-dos-bancarios-arbanc-preparada-para-sua-inauguracao-no-proximo-dia-10\/"},"wordCount":16,"commentCount":0,"publisher":{"@id":"https:\/\/sindicatodosbancarios.org.br\/site2022\/#organization"},"articleSection":["Geral"],"inLanguage":"pt-BR","potentialAction":[{"@type":"CommentAction","name":"Comment","target":["https:\/\/sindicatodosbancarios.org.br\/site2022\/2017\/12\/07\/associacao-recreativa-dos-bancarios-arbanc-preparada-para-sua-inauguracao-no-proximo-dia-10\/#respond"]}]},{"@type":"WebPage","@id":"https:\/\/sindicatodosbancarios.org.br\/site2022\/2017\/12\/07\/associacao-recreativa-dos-bancarios-arbanc-preparada-para-sua-inauguracao-no-proximo-dia-10\/","url":"https:\/\/sindicatodosbancarios.org.br\/site2022\/2017\/12\/07\/associacao-recreativa-dos-bancarios-arbanc-preparada-para-sua-inauguracao-no-proximo-dia-10\/","name":"ASSOCIA\u00c7\u00c3O RECREATIVA DOS BANC\u00c1RIOS (ARBANC) PREPARADA PARA SUA INAUGURA\u00c7\u00c3O NO PR\u00d3XIMO DIA 10 - Sindicato dos Banc\u00e1rios de S\u00e3o Bento do Sul e Regi\u00e3o","isPartOf":{"@id":"https:\/\/sindicatodosbancarios.org.br\/site2022\/#website"},"datePublished":"2017-12-07T22:04:54+00:00","dateModified":"2017-12-07T22:04:54+00:00","breadcrumb":{"@id":"https:\/\/sindicatodosbancarios.org.br\/site2022\/2017\/12\/07\/associacao-recreativa-dos-bancarios-arbanc-preparada-para-sua-inauguracao-no-proximo-dia-10\/#breadcrumb"},"inLanguage":"pt-BR","potentialAction":[{"@type":"ReadAction","target":["https:\/\/sindicatodosbancarios.org.br\/site2022\/2017\/12\/07\/associacao-recreativa-dos-bancarios-arbanc-preparada-para-sua-inauguracao-no-proximo-dia-10\/"]}]},{"@type":"BreadcrumbList","@id":"https:\/\/sindicatodosbancarios.org.br\/site2022\/2017\/12\/07\/associacao-recreativa-dos-bancarios-arbanc-preparada-para-sua-inauguracao-no-proximo-dia-10\/#breadcrumb","itemListElement":[{"@type":"ListItem","position":1,"name":"In\u00edcio","item":"https:\/\/sindicatodosbancarios.org.br\/site2022\/"},{"@type":"ListItem","position":2,"name":"ASSOCIA\u00c7\u00c3O RECREATIVA DOS BANC\u00c1RIOS (ARBANC) PREPARADA PARA SUA INAUGURA\u00c7\u00c3O NO PR\u00d3XIMO DIA 10"}]},{"@type":"WebSite","@id":"https:\/\/sindicatodosbancarios.org.br\/site2022\/#website","url":"https:\/\/sindicatodosbancarios.org.br\/site2022\/","name":"Sindicato dos Banc\u00e1rios de S\u00e3o Bento do Sul e Regi\u00e3o","description":"Website institucional do Sindicato dos Banc\u00e1rios de S\u00e3o Bento do Sul e Regi\u00e3o","publisher":{"@id":"https:\/\/sindicatodosbancarios.org.br\/site2022\/#organization"},"potentialAction":[{"@type":"SearchAction","target":{"@type":"EntryPoint","urlTemplate":"https:\/\/sindicatodosbancarios.org.br\/site2022\/?s={search_term_string}"},"query-input":"required name=search_term_string"}],"inLanguage":"pt-BR"},{"@type":"Organization","@id":"https:\/\/sindicatodosbancarios.org.br\/site2022\/#organization","name":"Sindicato dos Banc\u00e1rios de S\u00e3o Bento do Sul e Regi\u00e3o","url":"https:\/\/sindicatodosbancarios.org.br\/site2022\/","logo":{"@type":"ImageObject","inLanguage":"pt-BR","@id":"https:\/\/sindicatodosbancarios.org.br\/site2022\/#\/schema\/logo\/image\/","url":"https:\/\/sindicatodosbancarios.org.br\/site2022\/wp-content\/uploads\/2017\/06\/cropped-logo-2.png","contentUrl":"https:\/\/sindicatodosbancarios.org.br\/site2022\/wp-content\/uploads\/2017\/06\/cropped-logo-2.png","width":292,"height":292,"caption":"Sindicato dos Banc\u00e1rios de S\u00e3o Bento do Sul e Regi\u00e3o"},"image":{"@id":"https:\/\/sindicatodosbancarios.org.br\/site2022\/#\/schema\/logo\/image\/"}},{"@type":"Person","@id":"https:\/\/sindicatodosbancarios.org.br\/site2022\/#\/schema\/person\/a7d92da77d1084df4d28b57962f1e1bd","name":"Sindicato dos Banc\u00e1rios S\u00e3o Bento do Sul e Regi\u00e3o","image":{"@type":"ImageObject","inLanguage":"pt-BR","@id":"https:\/\/sindicatodosbancarios.org.br\/site2022\/#\/schema\/person\/image\/","url":"https:\/\/secure.gravatar.com\/avatar\/f1d1a06f698f2345352e539387180d42?s=96&d=mm&r=g","contentUrl":"https:\/\/secure.gravatar.com\/avatar\/f1d1a06f698f2345352e539387180d42?s=96&d=mm&r=g","caption":"Sindicato dos Banc\u00e1rios S\u00e3o Bento do Sul e Regi\u00e3o"},"sameAs":["http:\/\/sindicatodosbancarios.org.br\/site2022\/","https:\/\/www.facebook.com\/seeb.sbs.9"],"url":"https:\/\/sindicatodosbancarios.org.br\/site2022\/author\/sindicatodosbancarios\/"}]}},"jetpack_featured_media_url":"https:\/\/sindicatodosbancarios.org.br\/site2022\/wp-content\/uploads\/2017\/12\/WhatsApp-Image-2017-12-07-at-14.10.01.jpeg","jetpack_sharing_enabled":true,"jetpack_shortlink":"https:\/\/wp.me\/p8RSbI-vL","jetpack-related-posts":[{"id":5971,"url":"https:\/\/sindicatodosbancarios.org.br\/site2022\/2022\/03\/29\/bancarios-homenageiam-adao-de-oliveira-inauguracao-quadras-esportivas-arbanc\/","url_meta":{"origin":1969,"position":0},"title":"BANC\u00c1RIOS HOMENAGEIAM AD\u00c3O DE OLIVEIRA &#8211; INAUGURA\u00c7\u00c3O QUADRAS ESPORTIVAS &#8211; ARBANC","date":"29 de mar\u00e7o de 2022","format":false,"excerpt":"No \u00faltimo dia 26 de mar\u00e7o, banc\u00e1rios da regi\u00e3o estiveram reunidos na sede da Associa\u00e7\u00e3o Recreativa dos Banc\u00e1rios \u201cJos\u00e9 Ilton Belli\u201d \u2013 ARBANC, localizada no Bairro Bras\u00edlia para uma confraterniza\u00e7\u00e3o e a inaugura\u00e7\u00e3o das quadras de futebol society e v\u00f4lei de areia. Na ocasi\u00e3o foi realizada a homenagem ao ex-banc\u00e1rio\u2026","rel":"","context":"Em &quot;Banco do Brasil&quot;","img":{"alt_text":"","src":"https:\/\/i0.wp.com\/sindicatodosbancarios.org.br\/site2022\/wp-content\/uploads\/2022\/03\/DSC_3974.jpg?resize=350%2C200&ssl=1","width":350,"height":200},"classes":[]},{"id":5641,"url":"https:\/\/sindicatodosbancarios.org.br\/site2022\/2021\/08\/24\/informe-bancario-200-2021-renovacao-convenio-entre-sindicato-e-patanegra-cervejaria\/","url_meta":{"origin":1969,"position":1},"title":"INFORME BANC\u00c1RIO \u2013 200\/2021 &#8211; RENOVA\u00c7\u00c3O CONV\u00caNIO ENTRE SINDICATO E PATANEGRA CERVEJARIA","date":"24 de agosto de 2021","format":false,"excerpt":"O Sindicato dos Banc\u00e1rios de S\u00e3o Bento do Sul e Regi\u00e3o e PataNegra Cervejaria renovam seu conv\u00eanio por mais 3 (tr\u00eas) anos, parceria que come\u00e7ou em maio de 2019. A conceituada Cervejaria PataNegra de S\u00e3o Bento do Sul, com endere\u00e7o na Rodovia Deputado Gen\u00e9sio Tureck (Acesso Oeste), n\u00ba 1355 \u2013\u2026","rel":"","context":"Em &quot;Geral&quot;","img":{"alt_text":"","src":"https:\/\/i0.wp.com\/sindicatodosbancarios.org.br\/site2022\/wp-content\/uploads\/2021\/08\/brewpub-anexo-a-cervejaria.jpg?resize=350%2C200&ssl=1","width":350,"height":200},"classes":[]},{"id":5940,"url":"https:\/\/sindicatodosbancarios.org.br\/site2022\/2022\/03\/02\/informe-bancario-27-2022-sindicato-inaugurara-quadras-esportivas-na-arbanc\/","url_meta":{"origin":1969,"position":2},"title":"INFORME BANC\u00c1RIO \u2013 27\/2022 SINDICATO INAUGURAR\u00c1 QUADRAS ESPORTIVAS NA ARBANC","date":"2 de mar\u00e7o de 2022","format":false,"excerpt":"","rel":"","context":"Em &quot;Banco do Brasil&quot;","img":{"alt_text":"","src":"https:\/\/i0.wp.com\/sindicatodosbancarios.org.br\/site2022\/wp-content\/uploads\/2022\/03\/542e16b3-1b6c-48be-be9d-7199299148e7.jpg?resize=350%2C200&ssl=1","width":350,"height":200},"classes":[]},{"id":5387,"url":"https:\/\/sindicatodosbancarios.org.br\/site2022\/2021\/05\/07\/informe-bancarios-121-2021-11-de-maio-dia-de-luta-e-protesto-contra-o-nao-pagamento-da-plr-social-da-caixa\/","url_meta":{"origin":1969,"position":3},"title":"INFORME BANC\u00c1RIOS \u2013 121\/2021 11 DE MAIO \u2013 Dia de luta e protesto contra o n\u00e3o pagamento da PLR Social da CAIXA","date":"7 de maio de 2021","format":false,"excerpt":"Em homenagem \u00e0s 400 mil v\u00edtimas fatais da covid-19 e sob protesto pela n\u00e3o pagamento integral da PLR Social, os empregados da CAIXA se mobilizam para sair de casa vestidos de preto na pr\u00f3xima ter\u00e7a-feira (11). Trata-se de um movimento nacional, encabe\u00e7ado pela CONTEC, federa\u00e7\u00f5es e sindicatos, como forma de\u2026","rel":"","context":"Em &quot;Caixa Econ\u00f4mica Federal&quot;","img":{"alt_text":"","src":"https:\/\/i0.wp.com\/sindicatodosbancarios.org.br\/site2022\/wp-content\/uploads\/2020\/07\/caixa-economica-aracaju-foto-Infonet-09102019.jpg?resize=350%2C200&ssl=1","width":350,"height":200},"classes":[]},{"id":5315,"url":"https:\/\/sindicatodosbancarios.org.br\/site2022\/2021\/04\/16\/informe-bancarios-101-2021-santander-inicia-vacinacao-contra-a-gripe-na-segunda-19\/","url_meta":{"origin":1969,"position":4},"title":"INFORME BANC\u00c1RIOS \u2013 101\/2021 SANTANDER INICIA VACINA\u00c7\u00c3O CONTRA A GRIPE NA SEGUNDA 19","date":"16 de abril de 2021","format":false,"excerpt":"Imuniza\u00e7\u00e3o contra quatro v\u00edrus da Influenza \u00e9 uma reivindica\u00e7\u00e3o do Movimento Sindical Banc\u00e1rio e deve durar at\u00e9 o dia 5 de maio. O Santander iniciar\u00e1, na pr\u00f3xima segunda-feira 19, uma campanha de vacina\u00e7\u00e3o para todos os seus Funcion\u00e1rios contra a gripe (H1N1 e outros tr\u00eas v\u00edrus da Influenza). A imuniza\u00e7\u00e3o\u2026","rel":"","context":"Em &quot;Geral&quot;","img":{"alt_text":"","src":"https:\/\/i0.wp.com\/sindicatodosbancarios.org.br\/site2022\/wp-content\/uploads\/2021\/04\/117704513_jabs.jpg?resize=350%2C200&ssl=1","width":350,"height":200},"classes":[]},{"id":4224,"url":"https:\/\/sindicatodosbancarios.org.br\/site2022\/2020\/08\/06\/informe-bancario-281-2020-banco-do-brasil-sa-campanha-salarial-dos-bancarios-2020\/","url_meta":{"origin":1969,"position":5},"title":"INFORME BANC\u00c1RIO \u2013 281\/2020 BANCO DO BRASIL SA. &#8211; CAMPANHA SALARIAL DOS BANC\u00c1RIOS 2020","date":"6 de agosto de 2020","format":false,"excerpt":"Foi realizada na manh\u00e3 desta quarta-feira (05), a partir das 10 horas, via remota\/virtual, a 1\u02da (Primeira) Reuni\u00e3o entre a COMISS\u00c3O DE NEGOCIA\u00c7\u00c3O DA CONTEC e a COMISS\u00c3O DE NEGOCIA\u00c7\u00c3O DO BANCO DO BRASIL, para debate das Reivindica\u00e7\u00f5es dos Funcion\u00e1rios, consistente na manuten\u00e7\u00e3o do ACT vigente e agrega\u00e7\u00e3o de outros\u2026","rel":"","context":"Em &quot;Banco do Brasil&quot;","img":{"alt_text":"","src":"https:\/\/i0.wp.com\/sindicatodosbancarios.org.br\/site2022\/wp-content\/uploads\/2020\/08\/concurso-pu\u0301blico-bb-cursodememorizac\u0327a\u0303o-2.jpg?resize=350%2C200&ssl=1","width":350,"height":200},"classes":[]}],"_links":{"self":[{"href":"https:\/\/sindicatodosbancarios.org.br\/site2022\/wp-json\/wp\/v2\/posts\/1969"}],"collection":[{"href":"https:\/\/sindicatodosbancarios.org.br\/site2022\/wp-json\/wp\/v2\/posts"}],"about":[{"href":"https:\/\/sindicatodosbancarios.org.br\/site2022\/wp-json\/wp\/v2\/types\/post"}],"author":[{"embeddable":true,"href":"https:\/\/sindicatodosbancarios.org.br\/site2022\/wp-json\/wp\/v2\/users\/2"}],"replies":[{"embeddable":true,"href":"https:\/\/sindicatodosbancarios.org.br\/site2022\/wp-json\/wp\/v2\/comments?post=1969"}],"version-history":[{"count":2,"href":"https:\/\/sindicatodosbancarios.org.br\/site2022\/wp-json\/wp\/v2\/posts\/1969\/revisions"}],"predecessor-version":[{"id":1971,"href":"https:\/\/sindicatodosbancarios.org.br\/site2022\/wp-json\/wp\/v2\/posts\/1969\/revisions\/1971"}],"wp:featuredmedia":[{"embeddable":true,"href":"https:\/\/sindicatodosbancarios.org.br\/site2022\/wp-json\/wp\/v2\/media\/1968"}],"wp:attachment":[{"href":"https:\/\/sindicatodosbancarios.org.br\/site2022\/wp-json\/wp\/v2\/media?parent=1969"}],"wp:term":[{"taxonomy":"category","embeddable":true,"href":"https:\/\/sindicatodosbancarios.org.br\/site2022\/wp-json\/wp\/v2\/categories?post=1969"},{"taxonomy":"post_tag","embeddable":true,"href":"https:\/\/sindicatodosbancarios.org.br\/site2022\/wp-json\/wp\/v2\/tags?post=1969"}],"curies":[{"name":"wp","href":"https:\/\/api.w.org\/{rel}","templated":true}]}}