{"id":2041,"date":"2017-12-14T17:19:04","date_gmt":"2017-12-14T19:19:04","guid":{"rendered":"http:\/\/sindicatodosbancarios.org.br\/?p=2041"},"modified":"2018-01-07T18:57:59","modified_gmt":"2018-01-07T20:57:59","slug":"2041","status":"publish","type":"post","link":"https:\/\/sindicatodosbancarios.org.br\/site2022\/2017\/12\/14\/2041\/","title":{"rendered":"INAUGURA\u00c7\u00c3O ARBANC E FESTA DOS BANC\u00c1RIOS 2017"},"content":{"rendered":"<p>Em uma grande festa foi inaugurada a Recreativa dos banc\u00e1rios (ARBANC), com a presen\u00e7a de banc\u00e1rios (as) familiares, convidados e autoridades que prestigiaram essa conquista do Sindicato dos Banc\u00e1rios de S\u00e3o Bento do Sul e Regi\u00e3o.<\/p>\n<p>Tamb\u00e9m foi realizada homenagem ao banc\u00e1rio Jos\u00e9 Ilton Belli, que foi presidente do SEEB de Joinville. Homenagem emocionante com a presen\u00e7a de seus familiares.<\/p>\n<p>Diversos pr\u00eamios foram sorteados e os ganhadores foram:<\/p>\n<p>Fahbian Roberto Tureck &#8211; CEF S\u00e3o Bento do Sul<\/p>\n<p>Elizabeth Pasqualin e Gilberto Furst &#8211; CEF Rio Negrinho<\/p>\n<p>Roseli Travasso &#8211; BB Oxford<\/p>\n<p>Rubiana Kruger &#8211; Santander<\/p>\n<p>Patricia Pais Antunes, Michel Grando e Ian Vicente de Oliveira &#8211; Bradesco Centro<\/p>\n<p>Gilmar Pagliarini dos Santos &#8211; BB &#8211; 01 Fritadeira Philco<\/p>\n<p>Raquel Aparecida Ribeiro &#8211; Bradesco S\u00e3o Bento do Sul &#8211; 01 TV 43&#8243; Smart\u00a0PHILIPS<\/p>\n<p>O almo\u00e7o foi servido pelo renomado Restaurante Gl\u00f3ria de Joinville, que montou toda uma estrutura dotada de gar\u00e7ons, cozinheiras, aperitivos e por fim o almo\u00e7o de excelente qualidade.<\/p>\n<p>A ARBANC \u00e9 dotada de quiosques, banheiros confort\u00e1veis, frald\u00e1rio, vesti\u00e1rios e um grande galp\u00e3o r\u00fastico para os eventos.<\/p>\n<p>A Recreativa \u00e9 toda arborizada, de f\u00e1cil acesso, dotada de pergolados e foram plantadas diversas variedades de flores.<\/p>\n<p>\u00c9 um local que deve ser aproveitado pelos banc\u00e1rios (as) de nossa regi\u00e3o, pela sua beleza natural e pela tranquilidade do lugar, e tudo isso dentro de nossa amada S\u00e3o Bento do Sul.<\/p>\n<p>Visite a ARBANC, reserva um quiosque para sua confraterniza\u00e7\u00e3o com os colegas, amigos e familiares.<\/p>\n<p>Seja s\u00f3cio do Sindicato e desfrute de seus benef\u00edcios.<\/p>\n<p>Confira imagens do evento em\u00a0Inaugura\u00e7\u00e3o ARBANC e Festa dos Banc\u00e1rios 2017<\/p>\n<p>Facebook: www.facebook.com\/associacaorecreativadosbancarios\/<\/p>\n","protected":false},"excerpt":{"rendered":"<p>Em uma grande festa foi inaugurada a Recreativa dos banc\u00e1rios (ARBANC), com a presen\u00e7a de banc\u00e1rios (as) familiares, [&hellip;]<\/p>\n","protected":false},"author":2,"featured_media":2189,"comment_status":"open","ping_status":"open","sticky":false,"template":"","format":"standard","meta":{"jetpack_post_was_ever_published":false,"jetpack_publicize_message":"","jetpack_is_tweetstorm":false,"jetpack_publicize_feature_enabled":true,"jetpack_social_post_already_shared":true,"jetpack_social_options":[]},"categories":[1],"tags":[],"jetpack_publicize_connections":[],"acf":[],"yoast_head":"<!-- This site is optimized with the Yoast SEO plugin v19.14 - https:\/\/yoast.com\/wordpress\/plugins\/seo\/ -->\n<title>INAUGURA\u00c7\u00c3O ARBANC E FESTA DOS BANC\u00c1RIOS 2017 - Sindicato dos Banc\u00e1rios de S\u00e3o Bento do Sul e Regi\u00e3o<\/title>\n<meta name=\"robots\" content=\"index, follow, max-snippet:-1, max-image-preview:large, max-video-preview:-1\" \/>\n<link rel=\"canonical\" href=\"https:\/\/sindicatodosbancarios.org.br\/site2022\/2017\/12\/14\/2041\/\" \/>\n<meta property=\"og:locale\" content=\"pt_BR\" \/>\n<meta property=\"og:type\" content=\"article\" \/>\n<meta property=\"og:title\" content=\"INAUGURA\u00c7\u00c3O ARBANC E FESTA DOS BANC\u00c1RIOS 2017 - Sindicato dos Banc\u00e1rios de S\u00e3o Bento do Sul e Regi\u00e3o\" \/>\n<meta property=\"og:description\" content=\"Em uma grande festa foi inaugurada a Recreativa dos banc\u00e1rios (ARBANC), com a presen\u00e7a de banc\u00e1rios (as) familiares, [&hellip;]\" \/>\n<meta property=\"og:url\" content=\"https:\/\/sindicatodosbancarios.org.br\/site2022\/2017\/12\/14\/2041\/\" \/>\n<meta property=\"og:site_name\" content=\"Sindicato dos Banc\u00e1rios de S\u00e3o Bento do Sul e Regi\u00e3o\" \/>\n<meta property=\"article:author\" content=\"https:\/\/www.facebook.com\/seeb.sbs.9\" \/>\n<meta property=\"article:published_time\" content=\"2017-12-14T19:19:04+00:00\" \/>\n<meta property=\"article:modified_time\" content=\"2018-01-07T20:57:59+00:00\" \/>\n<meta property=\"og:image\" content=\"https:\/\/sindicatodosbancarios.org.br\/site2022\/wp-content\/uploads\/2017\/12\/1178-Large.jpg\" \/>\n\t<meta property=\"og:image:width\" content=\"1631\" \/>\n\t<meta property=\"og:image:height\" content=\"1080\" \/>\n\t<meta property=\"og:image:type\" content=\"image\/jpeg\" \/>\n<meta name=\"author\" content=\"Sindicato dos Banc\u00e1rios S\u00e3o Bento do Sul e Regi\u00e3o\" \/>\n<meta name=\"twitter:card\" content=\"summary_large_image\" \/>\n<meta name=\"twitter:label1\" content=\"Escrito por\" \/>\n\t<meta name=\"twitter:data1\" content=\"Sindicato dos Banc\u00e1rios S\u00e3o Bento do Sul e Regi\u00e3o\" \/>\n\t<meta name=\"twitter:label2\" content=\"Est. tempo de leitura\" \/>\n\t<meta name=\"twitter:data2\" content=\"1 minuto\" \/>\n<script type=\"application\/ld+json\" class=\"yoast-schema-graph\">{\"@context\":\"https:\/\/schema.org\",\"@graph\":[{\"@type\":\"Article\",\"@id\":\"https:\/\/sindicatodosbancarios.org.br\/site2022\/2017\/12\/14\/2041\/#article\",\"isPartOf\":{\"@id\":\"https:\/\/sindicatodosbancarios.org.br\/site2022\/2017\/12\/14\/2041\/\"},\"author\":{\"name\":\"Sindicato dos Banc\u00e1rios S\u00e3o Bento do Sul e Regi\u00e3o\",\"@id\":\"https:\/\/sindicatodosbancarios.org.br\/site2022\/#\/schema\/person\/a7d92da77d1084df4d28b57962f1e1bd\"},\"headline\":\"INAUGURA\u00c7\u00c3O ARBANC E FESTA DOS BANC\u00c1RIOS 2017\",\"datePublished\":\"2017-12-14T19:19:04+00:00\",\"dateModified\":\"2018-01-07T20:57:59+00:00\",\"mainEntityOfPage\":{\"@id\":\"https:\/\/sindicatodosbancarios.org.br\/site2022\/2017\/12\/14\/2041\/\"},\"wordCount\":302,\"commentCount\":0,\"publisher\":{\"@id\":\"https:\/\/sindicatodosbancarios.org.br\/site2022\/#organization\"},\"articleSection\":[\"Geral\"],\"inLanguage\":\"pt-BR\",\"potentialAction\":[{\"@type\":\"CommentAction\",\"name\":\"Comment\",\"target\":[\"https:\/\/sindicatodosbancarios.org.br\/site2022\/2017\/12\/14\/2041\/#respond\"]}]},{\"@type\":\"WebPage\",\"@id\":\"https:\/\/sindicatodosbancarios.org.br\/site2022\/2017\/12\/14\/2041\/\",\"url\":\"https:\/\/sindicatodosbancarios.org.br\/site2022\/2017\/12\/14\/2041\/\",\"name\":\"INAUGURA\u00c7\u00c3O ARBANC E FESTA DOS BANC\u00c1RIOS 2017 - Sindicato dos Banc\u00e1rios de S\u00e3o Bento do Sul e Regi\u00e3o\",\"isPartOf\":{\"@id\":\"https:\/\/sindicatodosbancarios.org.br\/site2022\/#website\"},\"datePublished\":\"2017-12-14T19:19:04+00:00\",\"dateModified\":\"2018-01-07T20:57:59+00:00\",\"breadcrumb\":{\"@id\":\"https:\/\/sindicatodosbancarios.org.br\/site2022\/2017\/12\/14\/2041\/#breadcrumb\"},\"inLanguage\":\"pt-BR\",\"potentialAction\":[{\"@type\":\"ReadAction\",\"target\":[\"https:\/\/sindicatodosbancarios.org.br\/site2022\/2017\/12\/14\/2041\/\"]}]},{\"@type\":\"BreadcrumbList\",\"@id\":\"https:\/\/sindicatodosbancarios.org.br\/site2022\/2017\/12\/14\/2041\/#breadcrumb\",\"itemListElement\":[{\"@type\":\"ListItem\",\"position\":1,\"name\":\"In\u00edcio\",\"item\":\"https:\/\/sindicatodosbancarios.org.br\/site2022\/\"},{\"@type\":\"ListItem\",\"position\":2,\"name\":\"INAUGURA\u00c7\u00c3O ARBANC E FESTA DOS BANC\u00c1RIOS 2017\"}]},{\"@type\":\"WebSite\",\"@id\":\"https:\/\/sindicatodosbancarios.org.br\/site2022\/#website\",\"url\":\"https:\/\/sindicatodosbancarios.org.br\/site2022\/\",\"name\":\"Sindicato dos Banc\u00e1rios de S\u00e3o Bento do Sul e Regi\u00e3o\",\"description\":\"Website institucional do Sindicato dos Banc\u00e1rios de S\u00e3o Bento do Sul e Regi\u00e3o\",\"publisher\":{\"@id\":\"https:\/\/sindicatodosbancarios.org.br\/site2022\/#organization\"},\"potentialAction\":[{\"@type\":\"SearchAction\",\"target\":{\"@type\":\"EntryPoint\",\"urlTemplate\":\"https:\/\/sindicatodosbancarios.org.br\/site2022\/?s={search_term_string}\"},\"query-input\":\"required name=search_term_string\"}],\"inLanguage\":\"pt-BR\"},{\"@type\":\"Organization\",\"@id\":\"https:\/\/sindicatodosbancarios.org.br\/site2022\/#organization\",\"name\":\"Sindicato dos Banc\u00e1rios de S\u00e3o Bento do Sul e Regi\u00e3o\",\"url\":\"https:\/\/sindicatodosbancarios.org.br\/site2022\/\",\"logo\":{\"@type\":\"ImageObject\",\"inLanguage\":\"pt-BR\",\"@id\":\"https:\/\/sindicatodosbancarios.org.br\/site2022\/#\/schema\/logo\/image\/\",\"url\":\"https:\/\/sindicatodosbancarios.org.br\/site2022\/wp-content\/uploads\/2017\/06\/cropped-logo-2.png\",\"contentUrl\":\"https:\/\/sindicatodosbancarios.org.br\/site2022\/wp-content\/uploads\/2017\/06\/cropped-logo-2.png\",\"width\":292,\"height\":292,\"caption\":\"Sindicato dos Banc\u00e1rios de S\u00e3o Bento do Sul e Regi\u00e3o\"},\"image\":{\"@id\":\"https:\/\/sindicatodosbancarios.org.br\/site2022\/#\/schema\/logo\/image\/\"}},{\"@type\":\"Person\",\"@id\":\"https:\/\/sindicatodosbancarios.org.br\/site2022\/#\/schema\/person\/a7d92da77d1084df4d28b57962f1e1bd\",\"name\":\"Sindicato dos Banc\u00e1rios S\u00e3o Bento do Sul e Regi\u00e3o\",\"image\":{\"@type\":\"ImageObject\",\"inLanguage\":\"pt-BR\",\"@id\":\"https:\/\/sindicatodosbancarios.org.br\/site2022\/#\/schema\/person\/image\/\",\"url\":\"https:\/\/secure.gravatar.com\/avatar\/f1d1a06f698f2345352e539387180d42?s=96&d=mm&r=g\",\"contentUrl\":\"https:\/\/secure.gravatar.com\/avatar\/f1d1a06f698f2345352e539387180d42?s=96&d=mm&r=g\",\"caption\":\"Sindicato dos Banc\u00e1rios S\u00e3o Bento do Sul e Regi\u00e3o\"},\"sameAs\":[\"http:\/\/sindicatodosbancarios.org.br\/site2022\/\",\"https:\/\/www.facebook.com\/seeb.sbs.9\"],\"url\":\"https:\/\/sindicatodosbancarios.org.br\/site2022\/author\/sindicatodosbancarios\/\"}]}<\/script>\n<!-- \/ Yoast SEO plugin. -->","yoast_head_json":{"title":"INAUGURA\u00c7\u00c3O ARBANC E FESTA DOS BANC\u00c1RIOS 2017 - Sindicato dos Banc\u00e1rios de S\u00e3o Bento do Sul e Regi\u00e3o","robots":{"index":"index","follow":"follow","max-snippet":"max-snippet:-1","max-image-preview":"max-image-preview:large","max-video-preview":"max-video-preview:-1"},"canonical":"https:\/\/sindicatodosbancarios.org.br\/site2022\/2017\/12\/14\/2041\/","og_locale":"pt_BR","og_type":"article","og_title":"INAUGURA\u00c7\u00c3O ARBANC E FESTA DOS BANC\u00c1RIOS 2017 - Sindicato dos Banc\u00e1rios de S\u00e3o Bento do Sul e Regi\u00e3o","og_description":"Em uma grande festa foi inaugurada a Recreativa dos banc\u00e1rios (ARBANC), com a presen\u00e7a de banc\u00e1rios (as) familiares, [&hellip;]","og_url":"https:\/\/sindicatodosbancarios.org.br\/site2022\/2017\/12\/14\/2041\/","og_site_name":"Sindicato dos Banc\u00e1rios de S\u00e3o Bento do Sul e Regi\u00e3o","article_author":"https:\/\/www.facebook.com\/seeb.sbs.9","article_published_time":"2017-12-14T19:19:04+00:00","article_modified_time":"2018-01-07T20:57:59+00:00","og_image":[{"width":1631,"height":1080,"url":"https:\/\/sindicatodosbancarios.org.br\/site2022\/wp-content\/uploads\/2017\/12\/1178-Large.jpg","type":"image\/jpeg"}],"author":"Sindicato dos Banc\u00e1rios S\u00e3o Bento do Sul e Regi\u00e3o","twitter_card":"summary_large_image","twitter_misc":{"Escrito por":"Sindicato dos Banc\u00e1rios S\u00e3o Bento do Sul e Regi\u00e3o","Est. tempo de leitura":"1 minuto"},"schema":{"@context":"https:\/\/schema.org","@graph":[{"@type":"Article","@id":"https:\/\/sindicatodosbancarios.org.br\/site2022\/2017\/12\/14\/2041\/#article","isPartOf":{"@id":"https:\/\/sindicatodosbancarios.org.br\/site2022\/2017\/12\/14\/2041\/"},"author":{"name":"Sindicato dos Banc\u00e1rios S\u00e3o Bento do Sul e Regi\u00e3o","@id":"https:\/\/sindicatodosbancarios.org.br\/site2022\/#\/schema\/person\/a7d92da77d1084df4d28b57962f1e1bd"},"headline":"INAUGURA\u00c7\u00c3O ARBANC E FESTA DOS BANC\u00c1RIOS 2017","datePublished":"2017-12-14T19:19:04+00:00","dateModified":"2018-01-07T20:57:59+00:00","mainEntityOfPage":{"@id":"https:\/\/sindicatodosbancarios.org.br\/site2022\/2017\/12\/14\/2041\/"},"wordCount":302,"commentCount":0,"publisher":{"@id":"https:\/\/sindicatodosbancarios.org.br\/site2022\/#organization"},"articleSection":["Geral"],"inLanguage":"pt-BR","potentialAction":[{"@type":"CommentAction","name":"Comment","target":["https:\/\/sindicatodosbancarios.org.br\/site2022\/2017\/12\/14\/2041\/#respond"]}]},{"@type":"WebPage","@id":"https:\/\/sindicatodosbancarios.org.br\/site2022\/2017\/12\/14\/2041\/","url":"https:\/\/sindicatodosbancarios.org.br\/site2022\/2017\/12\/14\/2041\/","name":"INAUGURA\u00c7\u00c3O ARBANC E FESTA DOS BANC\u00c1RIOS 2017 - Sindicato dos Banc\u00e1rios de S\u00e3o Bento do Sul e Regi\u00e3o","isPartOf":{"@id":"https:\/\/sindicatodosbancarios.org.br\/site2022\/#website"},"datePublished":"2017-12-14T19:19:04+00:00","dateModified":"2018-01-07T20:57:59+00:00","breadcrumb":{"@id":"https:\/\/sindicatodosbancarios.org.br\/site2022\/2017\/12\/14\/2041\/#breadcrumb"},"inLanguage":"pt-BR","potentialAction":[{"@type":"ReadAction","target":["https:\/\/sindicatodosbancarios.org.br\/site2022\/2017\/12\/14\/2041\/"]}]},{"@type":"BreadcrumbList","@id":"https:\/\/sindicatodosbancarios.org.br\/site2022\/2017\/12\/14\/2041\/#breadcrumb","itemListElement":[{"@type":"ListItem","position":1,"name":"In\u00edcio","item":"https:\/\/sindicatodosbancarios.org.br\/site2022\/"},{"@type":"ListItem","position":2,"name":"INAUGURA\u00c7\u00c3O ARBANC E FESTA DOS BANC\u00c1RIOS 2017"}]},{"@type":"WebSite","@id":"https:\/\/sindicatodosbancarios.org.br\/site2022\/#website","url":"https:\/\/sindicatodosbancarios.org.br\/site2022\/","name":"Sindicato dos Banc\u00e1rios de S\u00e3o Bento do Sul e Regi\u00e3o","description":"Website institucional do Sindicato dos Banc\u00e1rios de S\u00e3o Bento do Sul e Regi\u00e3o","publisher":{"@id":"https:\/\/sindicatodosbancarios.org.br\/site2022\/#organization"},"potentialAction":[{"@type":"SearchAction","target":{"@type":"EntryPoint","urlTemplate":"https:\/\/sindicatodosbancarios.org.br\/site2022\/?s={search_term_string}"},"query-input":"required name=search_term_string"}],"inLanguage":"pt-BR"},{"@type":"Organization","@id":"https:\/\/sindicatodosbancarios.org.br\/site2022\/#organization","name":"Sindicato dos Banc\u00e1rios de S\u00e3o Bento do Sul e Regi\u00e3o","url":"https:\/\/sindicatodosbancarios.org.br\/site2022\/","logo":{"@type":"ImageObject","inLanguage":"pt-BR","@id":"https:\/\/sindicatodosbancarios.org.br\/site2022\/#\/schema\/logo\/image\/","url":"https:\/\/sindicatodosbancarios.org.br\/site2022\/wp-content\/uploads\/2017\/06\/cropped-logo-2.png","contentUrl":"https:\/\/sindicatodosbancarios.org.br\/site2022\/wp-content\/uploads\/2017\/06\/cropped-logo-2.png","width":292,"height":292,"caption":"Sindicato dos Banc\u00e1rios de S\u00e3o Bento do Sul e Regi\u00e3o"},"image":{"@id":"https:\/\/sindicatodosbancarios.org.br\/site2022\/#\/schema\/logo\/image\/"}},{"@type":"Person","@id":"https:\/\/sindicatodosbancarios.org.br\/site2022\/#\/schema\/person\/a7d92da77d1084df4d28b57962f1e1bd","name":"Sindicato dos Banc\u00e1rios S\u00e3o Bento do Sul e Regi\u00e3o","image":{"@type":"ImageObject","inLanguage":"pt-BR","@id":"https:\/\/sindicatodosbancarios.org.br\/site2022\/#\/schema\/person\/image\/","url":"https:\/\/secure.gravatar.com\/avatar\/f1d1a06f698f2345352e539387180d42?s=96&d=mm&r=g","contentUrl":"https:\/\/secure.gravatar.com\/avatar\/f1d1a06f698f2345352e539387180d42?s=96&d=mm&r=g","caption":"Sindicato dos Banc\u00e1rios S\u00e3o Bento do Sul e Regi\u00e3o"},"sameAs":["http:\/\/sindicatodosbancarios.org.br\/site2022\/","https:\/\/www.facebook.com\/seeb.sbs.9"],"url":"https:\/\/sindicatodosbancarios.org.br\/site2022\/author\/sindicatodosbancarios\/"}]}},"jetpack_featured_media_url":"https:\/\/sindicatodosbancarios.org.br\/site2022\/wp-content\/uploads\/2017\/12\/1178-Large.jpg","jetpack_sharing_enabled":true,"jetpack_shortlink":"https:\/\/wp.me\/s8RSbI-2041","jetpack-related-posts":[{"id":5971,"url":"https:\/\/sindicatodosbancarios.org.br\/site2022\/2022\/03\/29\/bancarios-homenageiam-adao-de-oliveira-inauguracao-quadras-esportivas-arbanc\/","url_meta":{"origin":2041,"position":0},"title":"BANC\u00c1RIOS HOMENAGEIAM AD\u00c3O DE OLIVEIRA &#8211; INAUGURA\u00c7\u00c3O QUADRAS ESPORTIVAS &#8211; ARBANC","date":"29 de mar\u00e7o de 2022","format":false,"excerpt":"No \u00faltimo dia 26 de mar\u00e7o, banc\u00e1rios da regi\u00e3o estiveram reunidos na sede da Associa\u00e7\u00e3o Recreativa dos Banc\u00e1rios \u201cJos\u00e9 Ilton Belli\u201d \u2013 ARBANC, localizada no Bairro Bras\u00edlia para uma confraterniza\u00e7\u00e3o e a inaugura\u00e7\u00e3o das quadras de futebol society e v\u00f4lei de areia. Na ocasi\u00e3o foi realizada a homenagem ao ex-banc\u00e1rio\u2026","rel":"","context":"Em &quot;Banco do Brasil&quot;","img":{"alt_text":"","src":"https:\/\/i0.wp.com\/sindicatodosbancarios.org.br\/site2022\/wp-content\/uploads\/2022\/03\/DSC_3974.jpg?resize=350%2C200&ssl=1","width":350,"height":200},"classes":[]},{"id":4202,"url":"https:\/\/sindicatodosbancarios.org.br\/site2022\/2020\/08\/03\/informe-bancario-274-2020-campanha-salarial-dos-bancarios-2020\/","url_meta":{"origin":2041,"position":1},"title":"INFORME BANC\u00c1RIO \u2013 274\/2020 CAMPANHA SALARIAL DOS BANC\u00c1RIOS 2020","date":"3 de agosto de 2020","format":false,"excerpt":"Foi realizada hoje (31), \u00e0s 9h30, via remota\/virtual, a primeira reuni\u00e3o entre a Comiss\u00e3o\u00a0de Negocia\u00e7\u00e3o da CONTEC e a FENABAN, a fim de apreciar as Reivindica\u00e7\u00f5es dos\u00a0Banc\u00e1rios 2020, para manter a Conven\u00e7\u00e3o Coletiva de Trabalho vigente e agregar outros\u00a0temas relativos aos direitos e interesses dos Trabalhadores. Foram analisados, inicialmente, pontos\u2026","rel":"","context":"Em &quot;Banco do Brasil&quot;","img":{"alt_text":"","src":"https:\/\/i0.wp.com\/sindicatodosbancarios.org.br\/site2022\/wp-content\/uploads\/2020\/07\/cropped-logo-2.png?resize=350%2C200&ssl=1","width":350,"height":200},"classes":[]},{"id":5228,"url":"https:\/\/sindicatodosbancarios.org.br\/site2022\/2021\/03\/02\/informe-bancarios-75-2021-reuniao-da-coe-bradesco-contec-cobra-do-banco-sobre-o-fechamento-de-agencias-e-demissoes\/","url_meta":{"origin":2041,"position":2},"title":"INFORME BANC\u00c1RIOS \u2013 75\/2021 REUNI\u00c3O DA COE BRADESCO\/CONTEC COBRA DO BANCO SOBRE O FECHAMENTO DE AG\u00caNCIAS E DEMISS\u00d5ES","date":"2 de mar\u00e7o de 2021","format":false,"excerpt":"Foi realizada ontem (1\u00ba), reuni\u00e3o virtual da COE (Comiss\u00e3o de Organiza\u00e7\u00e3o dos Empregados) do Bradesco da Contec (Confedera\u00e7\u00e3o Nacional dos Trabalhadores de Cr\u00e9dito) e o Banco Bradesco S\/A, para tratar de diversos assuntos de interesse da categoria. A reuni\u00e3o foi conduzida pelo coordenador da COE Bradesco\/Contrec, Gladir Basso, que \u00e9\u2026","rel":"","context":"Em &quot;Bradesco\/HSBC&quot;","img":{"alt_text":"","src":"https:\/\/i0.wp.com\/sindicatodosbancarios.org.br\/site2022\/wp-content\/uploads\/2020\/06\/281211bradesco07.jpg?resize=350%2C200&ssl=1","width":350,"height":200},"classes":[]},{"id":4923,"url":"https:\/\/sindicatodosbancarios.org.br\/site2022\/2020\/12\/22\/informe-bancario-472-2020-bancarios-do-bb-aprovam-act-de-teletrabalho\/","url_meta":{"origin":2041,"position":3},"title":"INFORME BANC\u00c1RIO \u2013 472\/2020 Banc\u00e1rios do BB aprovam ACT de Teletrabalho","date":"22 de dezembro de 2020","format":false,"excerpt":"A consulta eletr\u00f4nica sobre a minuta de Acordo Coletivo de Teletrabalho do Banco do Brasil foi conclu\u00edda com\u00a0APROVA\u00c7\u00c3O do texto por 92% dos votos v\u00e1lidos. Segundo a vota\u00e7\u00e3o, foram computados 1.967 votos. Deste total, 1.814 foram votos SIM; 122, N\u00c3O e 31 ABSTEN\u00c7\u00d5ES. Fonte Contec, 21\/12\/2020","rel":"","context":"Em &quot;Banco do Brasil&quot;","img":{"alt_text":"","src":"https:\/\/i0.wp.com\/sindicatodosbancarios.org.br\/site2022\/wp-content\/uploads\/2020\/10\/16da4bb8-banco-do-brasil.jpeg?resize=350%2C200&ssl=1","width":350,"height":200},"classes":[]},{"id":4772,"url":"https:\/\/sindicatodosbancarios.org.br\/site2022\/2020\/11\/11\/informe-bancario-433-2020-liminar-concedida-que-garante-a-manutencao-do-adicional-de-incorporacao-ou-seja-a-manutencao-do-rh-151-aos-empregados-da-cef-admitidos-ate-09-11-2017\/","url_meta":{"origin":2041,"position":4},"title":"INFORME BANC\u00c1RIO \u2013 433\/2020 Liminar concedida que garante a manuten\u00e7\u00e3o do adicional de incorpora\u00e7\u00e3o, ou seja, a manuten\u00e7\u00e3o do RH 151,  aos empregados da CEF admitidos at\u00e9 09\/11\/2017","date":"11 de novembro de 2020","format":false,"excerpt":"Decisa\u0303o ED Decisa\u0303o Liminar \u00a0","rel":"","context":"Em &quot;Caixa Econ\u00f4mica Federal&quot;","img":{"alt_text":"","src":"https:\/\/i0.wp.com\/sindicatodosbancarios.org.br\/site2022\/wp-content\/uploads\/2020\/09\/brasilia-df-brasil-caixa-economica-federal-foto-marcelo-camargoagencia-brasil-1600822484947_v2_900x506.jpg?resize=350%2C200&ssl=1","width":350,"height":200},"classes":[]},{"id":4319,"url":"https:\/\/sindicatodosbancarios.org.br\/site2022\/2020\/08\/20\/informe-bancario-308-2020-veja-a-reducao-da-plr-do-bradesco-com-a-proposta-da-fenaban\/","url_meta":{"origin":2041,"position":5},"title":"INFORME BANC\u00c1RIO \u2013 308\/2020 VEJA A REDU\u00c7\u00c3O DA PLR DO BRADESCO COM A PROPOSTA DA FENABAN","date":"20 de agosto de 2020","format":false,"excerpt":"Federa\u00e7\u00e3o dos Bancos apresentou proposta que pode encolher em at\u00e9 48% a PLR dos Banc\u00e1rios; veja quadro comparativo com os percentuais de redu\u00e7\u00e3o por faixas salariais Na sexta rodada da Campanha Nacional dos Banc\u00e1rios 2020, nesta ter\u00e7a-feira 18, a FENABAN (Federa\u00e7\u00e3o dos Bancos), apresentou uma proposta que pode reduzir em\u2026","rel":"","context":"Em &quot;Bradesco\/HSBC&quot;","img":{"alt_text":"","src":"https:\/\/i0.wp.com\/sindicatodosbancarios.org.br\/site2022\/wp-content\/uploads\/2020\/08\/200820134502-BRADESCO.jpg?resize=350%2C200&ssl=1","width":350,"height":200},"classes":[]}],"_links":{"self":[{"href":"https:\/\/sindicatodosbancarios.org.br\/site2022\/wp-json\/wp\/v2\/posts\/2041"}],"collection":[{"href":"https:\/\/sindicatodosbancarios.org.br\/site2022\/wp-json\/wp\/v2\/posts"}],"about":[{"href":"https:\/\/sindicatodosbancarios.org.br\/site2022\/wp-json\/wp\/v2\/types\/post"}],"author":[{"embeddable":true,"href":"https:\/\/sindicatodosbancarios.org.br\/site2022\/wp-json\/wp\/v2\/users\/2"}],"replies":[{"embeddable":true,"href":"https:\/\/sindicatodosbancarios.org.br\/site2022\/wp-json\/wp\/v2\/comments?post=2041"}],"version-history":[{"count":2,"href":"https:\/\/sindicatodosbancarios.org.br\/site2022\/wp-json\/wp\/v2\/posts\/2041\/revisions"}],"predecessor-version":[{"id":2361,"href":"https:\/\/sindicatodosbancarios.org.br\/site2022\/wp-json\/wp\/v2\/posts\/2041\/revisions\/2361"}],"wp:featuredmedia":[{"embeddable":true,"href":"https:\/\/sindicatodosbancarios.org.br\/site2022\/wp-json\/wp\/v2\/media\/2189"}],"wp:attachment":[{"href":"https:\/\/sindicatodosbancarios.org.br\/site2022\/wp-json\/wp\/v2\/media?parent=2041"}],"wp:term":[{"taxonomy":"category","embeddable":true,"href":"https:\/\/sindicatodosbancarios.org.br\/site2022\/wp-json\/wp\/v2\/categories?post=2041"},{"taxonomy":"post_tag","embeddable":true,"href":"https:\/\/sindicatodosbancarios.org.br\/site2022\/wp-json\/wp\/v2\/tags?post=2041"}],"curies":[{"name":"wp","href":"https:\/\/api.w.org\/{rel}","templated":true}]}}