{"id":2343,"date":"2017-12-26T22:24:56","date_gmt":"2017-12-27T00:24:56","guid":{"rendered":"http:\/\/sindicatodosbancarios.org.br\/?p=2343"},"modified":"2017-12-26T22:24:56","modified_gmt":"2017-12-27T00:24:56","slug":"informe-2052017-justica-concede-direito-de-recolhimento-de-contribuicao-sindical-federacao-de-servidores-municipais-de-sc","status":"publish","type":"post","link":"https:\/\/sindicatodosbancarios.org.br\/site2022\/2017\/12\/26\/informe-2052017-justica-concede-direito-de-recolhimento-de-contribuicao-sindical-federacao-de-servidores-municipais-de-sc\/","title":{"rendered":"INFORME 205\/2017 &#8211; JUSTI\u00c7A CONCEDE DIREITO DE RECOLHIMENTO DE CONTRIBUI\u00c7\u00c3O SINDICAL \u00c0 FEDERA\u00c7\u00c3O DE SERVIDORES MUNICIPAIS DE SC"},"content":{"rendered":"<p>Para juiz do trabalho, n\u00e3o existem d\u00favidas de que a contribui\u00e7\u00e3o sindical possui natureza tribut\u00e1ria, sendo institu\u00edda pela Uni\u00e3o, em conformidade com a norma constitucional<\/p>\n<p>O Tribunal Regional do Trabalho (TRT) da 12\u00ba Regi\u00e3o, localizado em Chapec\u00f3, em Santa Catarina, concedeu \u00e0 Federa\u00e7\u00e3o dos Trabalhadores de Servi\u00e7o P\u00fablico Municipal de SC o direito ao recolhimento de contribui\u00e7\u00e3o sindical. A decis\u00e3o foi divulgada na \u00faltima quinta-feira (14) e assinada pelo juiz titular Carlos Frederico Fiorino Carneiro.<\/p>\n<p>A Federa\u00e7\u00e3o argumentou que \u201ca reforma trabalhista, que trouxe a altera\u00e7\u00e3o da CLT, na parte que regulamenta a contribui\u00e7\u00e3o sindical, tornando facultativo o seu recolhimento, alterando mat\u00e9ria tribut\u00e1ria por meio de lei ordin\u00e1ria, desrespeita a norma constitucional, pela qual somente lei complementar poderia transformar um imposto que \u00e9 compuls\u00f3rio em facultativo\u201d.<\/p>\n<p>A decis\u00e3o destacou que, segundo a Constitui\u00e7\u00e3o Federal, no artigo 149, \u201ccompete exclusivamente \u00e0 Uni\u00e3o instituir contribui\u00e7\u00f5es sociais, de interven\u00e7\u00e3o no dom\u00ednio econ\u00f4mico e de interesse das categorias profissionais ou econ\u00f4micas\u201d.<\/p>\n<p>Carneiro entendeu que \u201cporquanto seja uma contribui\u00e7\u00e3o social, n\u00e3o existem d\u00favidas que a contribui\u00e7\u00e3o sindical possui natureza tribut\u00e1ria, sendo institu\u00edda pela Uni\u00e3o, em conformidade com a norma constitucional\u201d.<\/p>\n<p>O juiz do trabalho acolheu a tutela de urg\u00eancia da entidade e determinou que se \u201cproceda o desconto de um dia de trabalho de cada servidor do munic\u00edpio, independentemente de autoriza\u00e7\u00e3o pr\u00e9via ou expressa\u201d, finalizou.<\/p>\n<p><span style=\"font-size: 8pt;\"><em>Fonte: Central dos Sindicatos Brasileiros<\/em><\/span><\/p>\n","protected":false},"excerpt":{"rendered":"<p>Para juiz do trabalho, n\u00e3o existem d\u00favidas de que a contribui\u00e7\u00e3o sindical possui natureza tribut\u00e1ria, sendo institu\u00edda pela [&hellip;]<\/p>\n","protected":false},"author":2,"featured_media":2344,"comment_status":"open","ping_status":"open","sticky":false,"template":"","format":"standard","meta":{"jetpack_post_was_ever_published":false,"jetpack_publicize_message":"","jetpack_is_tweetstorm":false,"jetpack_publicize_feature_enabled":true,"jetpack_social_post_already_shared":true,"jetpack_social_options":[]},"categories":[1],"tags":[],"jetpack_publicize_connections":[],"acf":[],"yoast_head":"<!-- This site is optimized with the Yoast SEO plugin v19.14 - https:\/\/yoast.com\/wordpress\/plugins\/seo\/ -->\n<title>INFORME 205\/2017 - JUSTI\u00c7A CONCEDE DIREITO DE RECOLHIMENTO DE CONTRIBUI\u00c7\u00c3O SINDICAL \u00c0 FEDERA\u00c7\u00c3O DE SERVIDORES MUNICIPAIS DE SC - Sindicato dos Banc\u00e1rios de S\u00e3o Bento do Sul e Regi\u00e3o<\/title>\n<meta name=\"robots\" content=\"index, follow, max-snippet:-1, max-image-preview:large, max-video-preview:-1\" \/>\n<link rel=\"canonical\" href=\"https:\/\/sindicatodosbancarios.org.br\/site2022\/2017\/12\/26\/informe-2052017-justica-concede-direito-de-recolhimento-de-contribuicao-sindical-federacao-de-servidores-municipais-de-sc\/\" \/>\n<meta property=\"og:locale\" content=\"pt_BR\" \/>\n<meta property=\"og:type\" content=\"article\" \/>\n<meta property=\"og:title\" content=\"INFORME 205\/2017 - JUSTI\u00c7A CONCEDE DIREITO DE RECOLHIMENTO DE CONTRIBUI\u00c7\u00c3O SINDICAL \u00c0 FEDERA\u00c7\u00c3O DE SERVIDORES MUNICIPAIS DE SC - Sindicato dos Banc\u00e1rios de S\u00e3o Bento do Sul e Regi\u00e3o\" \/>\n<meta property=\"og:description\" content=\"Para juiz do trabalho, n\u00e3o existem d\u00favidas de que a contribui\u00e7\u00e3o sindical possui natureza tribut\u00e1ria, sendo institu\u00edda pela [&hellip;]\" \/>\n<meta property=\"og:url\" content=\"https:\/\/sindicatodosbancarios.org.br\/site2022\/2017\/12\/26\/informe-2052017-justica-concede-direito-de-recolhimento-de-contribuicao-sindical-federacao-de-servidores-municipais-de-sc\/\" \/>\n<meta property=\"og:site_name\" content=\"Sindicato dos Banc\u00e1rios de S\u00e3o Bento do Sul e Regi\u00e3o\" \/>\n<meta property=\"article:author\" content=\"https:\/\/www.facebook.com\/seeb.sbs.9\" \/>\n<meta property=\"article:published_time\" content=\"2017-12-27T00:24:56+00:00\" \/>\n<meta property=\"og:image\" content=\"https:\/\/sindicatodosbancarios.org.br\/site2022\/wp-content\/uploads\/2017\/12\/martelo-juiz.jpg\" \/>\n\t<meta property=\"og:image:width\" content=\"1000\" \/>\n\t<meta property=\"og:image:height\" content=\"733\" \/>\n\t<meta property=\"og:image:type\" content=\"image\/jpeg\" \/>\n<meta name=\"author\" content=\"Sindicato dos Banc\u00e1rios S\u00e3o Bento do Sul e Regi\u00e3o\" \/>\n<meta name=\"twitter:card\" content=\"summary_large_image\" \/>\n<meta name=\"twitter:label1\" content=\"Escrito por\" \/>\n\t<meta name=\"twitter:data1\" content=\"Sindicato dos Banc\u00e1rios S\u00e3o Bento do Sul e Regi\u00e3o\" \/>\n\t<meta name=\"twitter:label2\" content=\"Est. tempo de leitura\" \/>\n\t<meta name=\"twitter:data2\" content=\"1 minuto\" \/>\n<script type=\"application\/ld+json\" class=\"yoast-schema-graph\">{\"@context\":\"https:\/\/schema.org\",\"@graph\":[{\"@type\":\"Article\",\"@id\":\"https:\/\/sindicatodosbancarios.org.br\/site2022\/2017\/12\/26\/informe-2052017-justica-concede-direito-de-recolhimento-de-contribuicao-sindical-federacao-de-servidores-municipais-de-sc\/#article\",\"isPartOf\":{\"@id\":\"https:\/\/sindicatodosbancarios.org.br\/site2022\/2017\/12\/26\/informe-2052017-justica-concede-direito-de-recolhimento-de-contribuicao-sindical-federacao-de-servidores-municipais-de-sc\/\"},\"author\":{\"name\":\"Sindicato dos Banc\u00e1rios S\u00e3o Bento do Sul e Regi\u00e3o\",\"@id\":\"https:\/\/sindicatodosbancarios.org.br\/site2022\/#\/schema\/person\/a7d92da77d1084df4d28b57962f1e1bd\"},\"headline\":\"INFORME 205\/2017 &#8211; JUSTI\u00c7A CONCEDE DIREITO DE RECOLHIMENTO DE CONTRIBUI\u00c7\u00c3O SINDICAL \u00c0 FEDERA\u00c7\u00c3O DE SERVIDORES MUNICIPAIS DE SC\",\"datePublished\":\"2017-12-27T00:24:56+00:00\",\"dateModified\":\"2017-12-27T00:24:56+00:00\",\"mainEntityOfPage\":{\"@id\":\"https:\/\/sindicatodosbancarios.org.br\/site2022\/2017\/12\/26\/informe-2052017-justica-concede-direito-de-recolhimento-de-contribuicao-sindical-federacao-de-servidores-municipais-de-sc\/\"},\"wordCount\":276,\"commentCount\":0,\"publisher\":{\"@id\":\"https:\/\/sindicatodosbancarios.org.br\/site2022\/#organization\"},\"articleSection\":[\"Geral\"],\"inLanguage\":\"pt-BR\",\"potentialAction\":[{\"@type\":\"CommentAction\",\"name\":\"Comment\",\"target\":[\"https:\/\/sindicatodosbancarios.org.br\/site2022\/2017\/12\/26\/informe-2052017-justica-concede-direito-de-recolhimento-de-contribuicao-sindical-federacao-de-servidores-municipais-de-sc\/#respond\"]}]},{\"@type\":\"WebPage\",\"@id\":\"https:\/\/sindicatodosbancarios.org.br\/site2022\/2017\/12\/26\/informe-2052017-justica-concede-direito-de-recolhimento-de-contribuicao-sindical-federacao-de-servidores-municipais-de-sc\/\",\"url\":\"https:\/\/sindicatodosbancarios.org.br\/site2022\/2017\/12\/26\/informe-2052017-justica-concede-direito-de-recolhimento-de-contribuicao-sindical-federacao-de-servidores-municipais-de-sc\/\",\"name\":\"INFORME 205\/2017 - JUSTI\u00c7A CONCEDE DIREITO DE RECOLHIMENTO DE CONTRIBUI\u00c7\u00c3O SINDICAL \u00c0 FEDERA\u00c7\u00c3O DE SERVIDORES MUNICIPAIS DE SC - Sindicato dos Banc\u00e1rios de S\u00e3o Bento do Sul e Regi\u00e3o\",\"isPartOf\":{\"@id\":\"https:\/\/sindicatodosbancarios.org.br\/site2022\/#website\"},\"datePublished\":\"2017-12-27T00:24:56+00:00\",\"dateModified\":\"2017-12-27T00:24:56+00:00\",\"breadcrumb\":{\"@id\":\"https:\/\/sindicatodosbancarios.org.br\/site2022\/2017\/12\/26\/informe-2052017-justica-concede-direito-de-recolhimento-de-contribuicao-sindical-federacao-de-servidores-municipais-de-sc\/#breadcrumb\"},\"inLanguage\":\"pt-BR\",\"potentialAction\":[{\"@type\":\"ReadAction\",\"target\":[\"https:\/\/sindicatodosbancarios.org.br\/site2022\/2017\/12\/26\/informe-2052017-justica-concede-direito-de-recolhimento-de-contribuicao-sindical-federacao-de-servidores-municipais-de-sc\/\"]}]},{\"@type\":\"BreadcrumbList\",\"@id\":\"https:\/\/sindicatodosbancarios.org.br\/site2022\/2017\/12\/26\/informe-2052017-justica-concede-direito-de-recolhimento-de-contribuicao-sindical-federacao-de-servidores-municipais-de-sc\/#breadcrumb\",\"itemListElement\":[{\"@type\":\"ListItem\",\"position\":1,\"name\":\"In\u00edcio\",\"item\":\"https:\/\/sindicatodosbancarios.org.br\/site2022\/\"},{\"@type\":\"ListItem\",\"position\":2,\"name\":\"INFORME 205\/2017 &#8211; JUSTI\u00c7A CONCEDE DIREITO DE RECOLHIMENTO DE CONTRIBUI\u00c7\u00c3O SINDICAL \u00c0 FEDERA\u00c7\u00c3O DE SERVIDORES MUNICIPAIS DE SC\"}]},{\"@type\":\"WebSite\",\"@id\":\"https:\/\/sindicatodosbancarios.org.br\/site2022\/#website\",\"url\":\"https:\/\/sindicatodosbancarios.org.br\/site2022\/\",\"name\":\"Sindicato dos Banc\u00e1rios de S\u00e3o Bento do Sul e Regi\u00e3o\",\"description\":\"Website institucional do Sindicato dos Banc\u00e1rios de S\u00e3o Bento do Sul e Regi\u00e3o\",\"publisher\":{\"@id\":\"https:\/\/sindicatodosbancarios.org.br\/site2022\/#organization\"},\"potentialAction\":[{\"@type\":\"SearchAction\",\"target\":{\"@type\":\"EntryPoint\",\"urlTemplate\":\"https:\/\/sindicatodosbancarios.org.br\/site2022\/?s={search_term_string}\"},\"query-input\":\"required name=search_term_string\"}],\"inLanguage\":\"pt-BR\"},{\"@type\":\"Organization\",\"@id\":\"https:\/\/sindicatodosbancarios.org.br\/site2022\/#organization\",\"name\":\"Sindicato dos Banc\u00e1rios de S\u00e3o Bento do Sul e Regi\u00e3o\",\"url\":\"https:\/\/sindicatodosbancarios.org.br\/site2022\/\",\"logo\":{\"@type\":\"ImageObject\",\"inLanguage\":\"pt-BR\",\"@id\":\"https:\/\/sindicatodosbancarios.org.br\/site2022\/#\/schema\/logo\/image\/\",\"url\":\"https:\/\/sindicatodosbancarios.org.br\/site2022\/wp-content\/uploads\/2017\/06\/cropped-logo-2.png\",\"contentUrl\":\"https:\/\/sindicatodosbancarios.org.br\/site2022\/wp-content\/uploads\/2017\/06\/cropped-logo-2.png\",\"width\":292,\"height\":292,\"caption\":\"Sindicato dos Banc\u00e1rios de S\u00e3o Bento do Sul e Regi\u00e3o\"},\"image\":{\"@id\":\"https:\/\/sindicatodosbancarios.org.br\/site2022\/#\/schema\/logo\/image\/\"}},{\"@type\":\"Person\",\"@id\":\"https:\/\/sindicatodosbancarios.org.br\/site2022\/#\/schema\/person\/a7d92da77d1084df4d28b57962f1e1bd\",\"name\":\"Sindicato dos Banc\u00e1rios S\u00e3o Bento do Sul e Regi\u00e3o\",\"image\":{\"@type\":\"ImageObject\",\"inLanguage\":\"pt-BR\",\"@id\":\"https:\/\/sindicatodosbancarios.org.br\/site2022\/#\/schema\/person\/image\/\",\"url\":\"https:\/\/secure.gravatar.com\/avatar\/f1d1a06f698f2345352e539387180d42?s=96&d=mm&r=g\",\"contentUrl\":\"https:\/\/secure.gravatar.com\/avatar\/f1d1a06f698f2345352e539387180d42?s=96&d=mm&r=g\",\"caption\":\"Sindicato dos Banc\u00e1rios S\u00e3o Bento do Sul e Regi\u00e3o\"},\"sameAs\":[\"http:\/\/sindicatodosbancarios.org.br\/site2022\/\",\"https:\/\/www.facebook.com\/seeb.sbs.9\"],\"url\":\"https:\/\/sindicatodosbancarios.org.br\/site2022\/author\/sindicatodosbancarios\/\"}]}<\/script>\n<!-- \/ Yoast SEO plugin. -->","yoast_head_json":{"title":"INFORME 205\/2017 - JUSTI\u00c7A CONCEDE DIREITO DE RECOLHIMENTO DE CONTRIBUI\u00c7\u00c3O SINDICAL \u00c0 FEDERA\u00c7\u00c3O DE SERVIDORES MUNICIPAIS DE SC - Sindicato dos Banc\u00e1rios de S\u00e3o Bento do Sul e Regi\u00e3o","robots":{"index":"index","follow":"follow","max-snippet":"max-snippet:-1","max-image-preview":"max-image-preview:large","max-video-preview":"max-video-preview:-1"},"canonical":"https:\/\/sindicatodosbancarios.org.br\/site2022\/2017\/12\/26\/informe-2052017-justica-concede-direito-de-recolhimento-de-contribuicao-sindical-federacao-de-servidores-municipais-de-sc\/","og_locale":"pt_BR","og_type":"article","og_title":"INFORME 205\/2017 - JUSTI\u00c7A CONCEDE DIREITO DE RECOLHIMENTO DE CONTRIBUI\u00c7\u00c3O SINDICAL \u00c0 FEDERA\u00c7\u00c3O DE SERVIDORES MUNICIPAIS DE SC - Sindicato dos Banc\u00e1rios de S\u00e3o Bento do Sul e Regi\u00e3o","og_description":"Para juiz do trabalho, n\u00e3o existem d\u00favidas de que a contribui\u00e7\u00e3o sindical possui natureza tribut\u00e1ria, sendo institu\u00edda pela [&hellip;]","og_url":"https:\/\/sindicatodosbancarios.org.br\/site2022\/2017\/12\/26\/informe-2052017-justica-concede-direito-de-recolhimento-de-contribuicao-sindical-federacao-de-servidores-municipais-de-sc\/","og_site_name":"Sindicato dos Banc\u00e1rios de S\u00e3o Bento do Sul e Regi\u00e3o","article_author":"https:\/\/www.facebook.com\/seeb.sbs.9","article_published_time":"2017-12-27T00:24:56+00:00","og_image":[{"width":1000,"height":733,"url":"https:\/\/sindicatodosbancarios.org.br\/site2022\/wp-content\/uploads\/2017\/12\/martelo-juiz.jpg","type":"image\/jpeg"}],"author":"Sindicato dos Banc\u00e1rios S\u00e3o Bento do Sul e Regi\u00e3o","twitter_card":"summary_large_image","twitter_misc":{"Escrito por":"Sindicato dos Banc\u00e1rios S\u00e3o Bento do Sul e Regi\u00e3o","Est. tempo de leitura":"1 minuto"},"schema":{"@context":"https:\/\/schema.org","@graph":[{"@type":"Article","@id":"https:\/\/sindicatodosbancarios.org.br\/site2022\/2017\/12\/26\/informe-2052017-justica-concede-direito-de-recolhimento-de-contribuicao-sindical-federacao-de-servidores-municipais-de-sc\/#article","isPartOf":{"@id":"https:\/\/sindicatodosbancarios.org.br\/site2022\/2017\/12\/26\/informe-2052017-justica-concede-direito-de-recolhimento-de-contribuicao-sindical-federacao-de-servidores-municipais-de-sc\/"},"author":{"name":"Sindicato dos Banc\u00e1rios S\u00e3o Bento do Sul e Regi\u00e3o","@id":"https:\/\/sindicatodosbancarios.org.br\/site2022\/#\/schema\/person\/a7d92da77d1084df4d28b57962f1e1bd"},"headline":"INFORME 205\/2017 &#8211; JUSTI\u00c7A CONCEDE DIREITO DE RECOLHIMENTO DE CONTRIBUI\u00c7\u00c3O SINDICAL \u00c0 FEDERA\u00c7\u00c3O DE SERVIDORES MUNICIPAIS DE SC","datePublished":"2017-12-27T00:24:56+00:00","dateModified":"2017-12-27T00:24:56+00:00","mainEntityOfPage":{"@id":"https:\/\/sindicatodosbancarios.org.br\/site2022\/2017\/12\/26\/informe-2052017-justica-concede-direito-de-recolhimento-de-contribuicao-sindical-federacao-de-servidores-municipais-de-sc\/"},"wordCount":276,"commentCount":0,"publisher":{"@id":"https:\/\/sindicatodosbancarios.org.br\/site2022\/#organization"},"articleSection":["Geral"],"inLanguage":"pt-BR","potentialAction":[{"@type":"CommentAction","name":"Comment","target":["https:\/\/sindicatodosbancarios.org.br\/site2022\/2017\/12\/26\/informe-2052017-justica-concede-direito-de-recolhimento-de-contribuicao-sindical-federacao-de-servidores-municipais-de-sc\/#respond"]}]},{"@type":"WebPage","@id":"https:\/\/sindicatodosbancarios.org.br\/site2022\/2017\/12\/26\/informe-2052017-justica-concede-direito-de-recolhimento-de-contribuicao-sindical-federacao-de-servidores-municipais-de-sc\/","url":"https:\/\/sindicatodosbancarios.org.br\/site2022\/2017\/12\/26\/informe-2052017-justica-concede-direito-de-recolhimento-de-contribuicao-sindical-federacao-de-servidores-municipais-de-sc\/","name":"INFORME 205\/2017 - JUSTI\u00c7A CONCEDE DIREITO DE RECOLHIMENTO DE CONTRIBUI\u00c7\u00c3O SINDICAL \u00c0 FEDERA\u00c7\u00c3O DE SERVIDORES MUNICIPAIS DE SC - Sindicato dos Banc\u00e1rios de S\u00e3o Bento do Sul e Regi\u00e3o","isPartOf":{"@id":"https:\/\/sindicatodosbancarios.org.br\/site2022\/#website"},"datePublished":"2017-12-27T00:24:56+00:00","dateModified":"2017-12-27T00:24:56+00:00","breadcrumb":{"@id":"https:\/\/sindicatodosbancarios.org.br\/site2022\/2017\/12\/26\/informe-2052017-justica-concede-direito-de-recolhimento-de-contribuicao-sindical-federacao-de-servidores-municipais-de-sc\/#breadcrumb"},"inLanguage":"pt-BR","potentialAction":[{"@type":"ReadAction","target":["https:\/\/sindicatodosbancarios.org.br\/site2022\/2017\/12\/26\/informe-2052017-justica-concede-direito-de-recolhimento-de-contribuicao-sindical-federacao-de-servidores-municipais-de-sc\/"]}]},{"@type":"BreadcrumbList","@id":"https:\/\/sindicatodosbancarios.org.br\/site2022\/2017\/12\/26\/informe-2052017-justica-concede-direito-de-recolhimento-de-contribuicao-sindical-federacao-de-servidores-municipais-de-sc\/#breadcrumb","itemListElement":[{"@type":"ListItem","position":1,"name":"In\u00edcio","item":"https:\/\/sindicatodosbancarios.org.br\/site2022\/"},{"@type":"ListItem","position":2,"name":"INFORME 205\/2017 &#8211; JUSTI\u00c7A CONCEDE DIREITO DE RECOLHIMENTO DE CONTRIBUI\u00c7\u00c3O SINDICAL \u00c0 FEDERA\u00c7\u00c3O DE SERVIDORES MUNICIPAIS DE SC"}]},{"@type":"WebSite","@id":"https:\/\/sindicatodosbancarios.org.br\/site2022\/#website","url":"https:\/\/sindicatodosbancarios.org.br\/site2022\/","name":"Sindicato dos Banc\u00e1rios de S\u00e3o Bento do Sul e Regi\u00e3o","description":"Website institucional do Sindicato dos Banc\u00e1rios de S\u00e3o Bento do Sul e Regi\u00e3o","publisher":{"@id":"https:\/\/sindicatodosbancarios.org.br\/site2022\/#organization"},"potentialAction":[{"@type":"SearchAction","target":{"@type":"EntryPoint","urlTemplate":"https:\/\/sindicatodosbancarios.org.br\/site2022\/?s={search_term_string}"},"query-input":"required name=search_term_string"}],"inLanguage":"pt-BR"},{"@type":"Organization","@id":"https:\/\/sindicatodosbancarios.org.br\/site2022\/#organization","name":"Sindicato dos Banc\u00e1rios de S\u00e3o Bento do Sul e Regi\u00e3o","url":"https:\/\/sindicatodosbancarios.org.br\/site2022\/","logo":{"@type":"ImageObject","inLanguage":"pt-BR","@id":"https:\/\/sindicatodosbancarios.org.br\/site2022\/#\/schema\/logo\/image\/","url":"https:\/\/sindicatodosbancarios.org.br\/site2022\/wp-content\/uploads\/2017\/06\/cropped-logo-2.png","contentUrl":"https:\/\/sindicatodosbancarios.org.br\/site2022\/wp-content\/uploads\/2017\/06\/cropped-logo-2.png","width":292,"height":292,"caption":"Sindicato dos Banc\u00e1rios de S\u00e3o Bento do Sul e Regi\u00e3o"},"image":{"@id":"https:\/\/sindicatodosbancarios.org.br\/site2022\/#\/schema\/logo\/image\/"}},{"@type":"Person","@id":"https:\/\/sindicatodosbancarios.org.br\/site2022\/#\/schema\/person\/a7d92da77d1084df4d28b57962f1e1bd","name":"Sindicato dos Banc\u00e1rios S\u00e3o Bento do Sul e Regi\u00e3o","image":{"@type":"ImageObject","inLanguage":"pt-BR","@id":"https:\/\/sindicatodosbancarios.org.br\/site2022\/#\/schema\/person\/image\/","url":"https:\/\/secure.gravatar.com\/avatar\/f1d1a06f698f2345352e539387180d42?s=96&d=mm&r=g","contentUrl":"https:\/\/secure.gravatar.com\/avatar\/f1d1a06f698f2345352e539387180d42?s=96&d=mm&r=g","caption":"Sindicato dos Banc\u00e1rios S\u00e3o Bento do Sul e Regi\u00e3o"},"sameAs":["http:\/\/sindicatodosbancarios.org.br\/site2022\/","https:\/\/www.facebook.com\/seeb.sbs.9"],"url":"https:\/\/sindicatodosbancarios.org.br\/site2022\/author\/sindicatodosbancarios\/"}]}},"jetpack_featured_media_url":"https:\/\/sindicatodosbancarios.org.br\/site2022\/wp-content\/uploads\/2017\/12\/martelo-juiz.jpg","jetpack_sharing_enabled":true,"jetpack_shortlink":"https:\/\/wp.me\/p8RSbI-BN","jetpack-related-posts":[{"id":6265,"url":"https:\/\/sindicatodosbancarios.org.br\/site2022\/2022\/04\/08\/informe-bancario-39-2022-lula-defende-fim-do-imposto-sindical-obrigatorio\/","url_meta":{"origin":2343,"position":0},"title":"INFORME BANC\u00c1RIO \u2013 39\/2022 Lula defende fim do imposto sindical obrigat\u00f3rio","date":"8 de abril de 2022","format":false,"excerpt":"O ex-presidente Luiz In\u00e1cio Lula da Silva disse nesta segunda-feira que \u00e9 contra a volta do imposto sindical, que era descontado obrigatoriamente da folha dos trabalhadores, e cobrou que a Central \u00danica dos Trabalhadores defenda o mesmo. \"A coisa mais grave, n\u00e3o para o trabalhador, mas para n\u00f3s foi eles\u2026","rel":"","context":"Em &quot;Geral&quot;","img":{"alt_text":"","src":"https:\/\/i0.wp.com\/sindicatodosbancarios.org.br\/site2022\/wp-content\/uploads\/2022\/04\/lula-entrevista-radio-jangadeiro-fortaleza-ricardostuckert03.jpeg?resize=350%2C200&ssl=1","width":350,"height":200},"classes":[]},{"id":4759,"url":"https:\/\/sindicatodosbancarios.org.br\/site2022\/2020\/11\/09\/informe-bancario-429-2020-inss-dona-de-casa-que-nunca-contribuiu-pode-se-aposentar\/","url_meta":{"origin":2343,"position":1},"title":"INFORME BANC\u00c1RIO \u2013 429\/2020 INSS: Dona de casa que nunca contribuiu pode se aposentar?","date":"9 de novembro de 2020","format":false,"excerpt":"Desde a nova reforma da Previd\u00eancia, muito se fala em tempo de contribui\u00e7\u00e3o, regras de transi\u00e7\u00e3o e idade m\u00ednima aplicada \u00e0 diversas categorias. O assunto evolvendo a aposentadoria do\u00a0Instituto do Seguro Social (INSS)\u00a0se tornou recorrente nos \u00faltimos meses em raz\u00e3o da implanta\u00e7\u00e3o da reforma da Previd\u00eancia no come\u00e7o deste ano.\u2026","rel":"","context":"Em &quot;Geral&quot;","img":{"alt_text":"","src":"https:\/\/i0.wp.com\/sindicatodosbancarios.org.br\/site2022\/wp-content\/uploads\/2020\/09\/caged.jpg?resize=350%2C200&ssl=1","width":350,"height":200},"classes":[]},{"id":5581,"url":"https:\/\/sindicatodosbancarios.org.br\/site2022\/2021\/08\/06\/informe-bancario-182-2021-veja-quem-ainda-consegue-se-aposentar-sem-idade-minima\/","url_meta":{"origin":2343,"position":2},"title":"INFORME BANC\u00c1RIO \u2013 182\/2021 Veja quem ainda consegue se aposentar sem idade m\u00ednima","date":"6 de agosto de 2021","format":false,"excerpt":"Reforma passou a exigir limite de idade; confira casos em que n\u00e3o \u00e9 preciso cumprir essa exig\u00eancia no INSS A principal\u00a0altera\u00e7\u00e3o nas regras das aposentadorias trazida pela reforma da Previd\u00eancia foi a cria\u00e7\u00e3o da idade m\u00ednima para pedir o benef\u00edcio ao INSS (Instituto Nacional do Seguro Social). No entanto, h\u00e1\u2026","rel":"","context":"Em &quot;Geral&quot;","img":{"alt_text":"","src":"https:\/\/i0.wp.com\/sindicatodosbancarios.org.br\/site2022\/wp-content\/uploads\/2021\/02\/ecv8by7wzopiiudr6exo2c0gh.jpg?resize=350%2C200&ssl=1","width":350,"height":200},"classes":[]},{"id":4425,"url":"https:\/\/sindicatodosbancarios.org.br\/site2022\/2020\/09\/03\/informe-bancario-325-2020-a-aposentadoria-por-tempo-de-contribuicao-acabou-apos-reforma\/","url_meta":{"origin":2343,"position":3},"title":"INFORME BANC\u00c1RIO \u2013 325\/2020 A Aposentadoria por tempo de contribui\u00e7\u00e3o acabou ap\u00f3s Reforma?","date":"3 de setembro de 2020","format":false,"excerpt":"1. As altera\u00e7\u00f5es na aposentadoria por tempo de contribui\u00e7\u00e3o Nas regras previdenci\u00e1rias anteriormente vigentes, as aposentadorias eram conhecidas por aposentadoria \u201cpor tempo de contribui\u00e7\u00e3o\u201d, \u201cpor idade (rural ou urbana)\u201d, \u201cespecial\u201d e \u201cpor invalidez\u201d. Neste texto vou tratar das principais mudan\u00e7as na aposentadoria \u201cpor tempo de contribui\u00e7\u00e3o\u201d, tamb\u00e9m muito conhecida como\u2026","rel":"","context":"Em &quot;Geral&quot;","img":{"alt_text":"","src":"https:\/\/i0.wp.com\/sindicatodosbancarios.org.br\/site2022\/wp-content\/uploads\/2020\/09\/idoso-1.jpg?resize=350%2C200&ssl=1","width":350,"height":200},"classes":[]},{"id":5024,"url":"https:\/\/sindicatodosbancarios.org.br\/site2022\/2021\/01\/14\/informe-bancario-18-2021-dona-de-casa-que-nunca-contribuiu-com-o-inss-pode-se-aposentar-em-2021\/","url_meta":{"origin":2343,"position":4},"title":"INFORME BANC\u00c1RIO \u2013 18\/2021 Dona de casa que nunca contribuiu com o INSS pode se aposentar em 2021?","date":"14 de janeiro de 2021","format":false,"excerpt":"Segundo especialistas, trabalhadores dom\u00e9sticos podem optar pelo Facultativo de Baixa Renda, na contribui\u00e7\u00e3o de 5% sobre o sal\u00e1rio m\u00ednimo. Com a reforma da Previd\u00eancia, muitos brasileiros est\u00e3o na d\u00favida sobre qual o per\u00edodo de contribui\u00e7\u00e3o para cada modalidade do Instituto Nacional do Seguro Social (INSS). No caso das donas de\u2026","rel":"","context":"Em &quot;Geral&quot;","img":{"alt_text":"","src":"https:\/\/i0.wp.com\/sindicatodosbancarios.org.br\/site2022\/wp-content\/uploads\/2021\/01\/31-de-outubro-dia-da-dona-de-casa-cursos-cpt.jpg?resize=350%2C200&ssl=1","width":350,"height":200},"classes":[]},{"id":5420,"url":"https:\/\/sindicatodosbancarios.org.br\/site2022\/2021\/06\/01\/informe-bancario-131-2021-fgts-inss-ferias-e-13o-o-que-muda-com-a-reducao-de-jornada-e-suspensao-dos-contratos-de-trabalho\/","url_meta":{"origin":2343,"position":5},"title":"INFORME BANC\u00c1RIO \u2013 131\/2021 FGTS, INSS, f\u00e9rias e 13\u00ba: o que muda com a redu\u00e7\u00e3o de jornada e suspens\u00e3o dos contratos de trabalho","date":"1 de junho de 2021","format":false,"excerpt":"Recolhimento do FGTS, por exemplo, passa a ser calculado sobre o sal\u00e1rio reduzido em casos de diminui\u00e7\u00e3o de jornada. O governo relan\u00e7ou, no final de abril, duas Medidas Provis\u00f3rias (MPs) que permitem a\u00a0redu\u00e7\u00e3o da jornada e a suspens\u00e3o dos contratos de trabalho\u00a0e trazem medidas que\u00a0flexibilizam regras trabalhistas referentes a direitos\u2026","rel":"","context":"Em &quot;Geral&quot;","img":{"alt_text":"","src":"https:\/\/i0.wp.com\/sindicatodosbancarios.org.br\/site2022\/wp-content\/uploads\/2020\/11\/Justificando-Ventura-Pedroza-Carteira-de-trabalho-coronavirus.png?resize=350%2C200&ssl=1","width":350,"height":200},"classes":[]}],"_links":{"self":[{"href":"https:\/\/sindicatodosbancarios.org.br\/site2022\/wp-json\/wp\/v2\/posts\/2343"}],"collection":[{"href":"https:\/\/sindicatodosbancarios.org.br\/site2022\/wp-json\/wp\/v2\/posts"}],"about":[{"href":"https:\/\/sindicatodosbancarios.org.br\/site2022\/wp-json\/wp\/v2\/types\/post"}],"author":[{"embeddable":true,"href":"https:\/\/sindicatodosbancarios.org.br\/site2022\/wp-json\/wp\/v2\/users\/2"}],"replies":[{"embeddable":true,"href":"https:\/\/sindicatodosbancarios.org.br\/site2022\/wp-json\/wp\/v2\/comments?post=2343"}],"version-history":[{"count":1,"href":"https:\/\/sindicatodosbancarios.org.br\/site2022\/wp-json\/wp\/v2\/posts\/2343\/revisions"}],"predecessor-version":[{"id":2345,"href":"https:\/\/sindicatodosbancarios.org.br\/site2022\/wp-json\/wp\/v2\/posts\/2343\/revisions\/2345"}],"wp:featuredmedia":[{"embeddable":true,"href":"https:\/\/sindicatodosbancarios.org.br\/site2022\/wp-json\/wp\/v2\/media\/2344"}],"wp:attachment":[{"href":"https:\/\/sindicatodosbancarios.org.br\/site2022\/wp-json\/wp\/v2\/media?parent=2343"}],"wp:term":[{"taxonomy":"category","embeddable":true,"href":"https:\/\/sindicatodosbancarios.org.br\/site2022\/wp-json\/wp\/v2\/categories?post=2343"},{"taxonomy":"post_tag","embeddable":true,"href":"https:\/\/sindicatodosbancarios.org.br\/site2022\/wp-json\/wp\/v2\/tags?post=2343"}],"curies":[{"name":"wp","href":"https:\/\/api.w.org\/{rel}","templated":true}]}}