{"id":2368,"date":"2018-01-09T23:12:13","date_gmt":"2018-01-10T01:12:13","guid":{"rendered":"http:\/\/sindicatodosbancarios.org.br\/?p=2368"},"modified":"2018-01-09T23:12:13","modified_gmt":"2018-01-10T01:12:13","slug":"informe-0052018-aposentados-e-pensionistas-do-inss-terao-o-menor-reajuste-da-era-real-em-2018","status":"publish","type":"post","link":"https:\/\/sindicatodosbancarios.org.br\/site2022\/2018\/01\/09\/informe-0052018-aposentados-e-pensionistas-do-inss-terao-o-menor-reajuste-da-era-real-em-2018\/","title":{"rendered":"INFORME 005\/2018 &#8211; APOSENTADOS E PENSIONISTAS DO INSS TER\u00c3O O MENOR REAJUSTE DA ERA REAL EM 2018"},"content":{"rendered":"<p>As quedas nos \u00edndices oficiais de infla\u00e7\u00e3o, em 2017, jogar\u00e3o para baixo o reajuste anual dos segurados do Instituto Nacional do Seguro Social (INSS) que ganham acima de um sal\u00e1rio m\u00ednimo. Com isso, esses aposentados e pensionistas dever\u00e3o ter a menor corre\u00e7\u00e3o desde a implanta\u00e7\u00e3o do Plano Real (1994). Isso porque o governo prev\u00ea que o \u00cdndice Nacional de Pre\u00e7os ao Consumidor (INPC) \u2014 que corrige os benef\u00edcios \u2014 fique no acumulado do ano em 1,88%.<\/p>\n<p>Segundo a s\u00e9rie hist\u00f3rica dos reajustes concedidos aos aposentados e pensionistas que ganham acima do piso, desde que o Real passou a moeda oficial do pa\u00eds, o menor reajuste aplicado foi de 3,30 %, em abril de 2007.<\/p>\n<p>O percentual de 1,88% tamb\u00e9m deve incidir sobre o teto dos benef\u00edcios pagos pela Previd\u00eancia Social, que deve passar de R$ 5.531,31 para R$ 5.635,30, assim que o decreto assinado pelo presidente Michel Temer for publicado no Di\u00e1rio Oficial da Uni\u00e3o, o que deve acontecer at\u00e9 o fim da primeira quinzena de janeiro. Quando o percentual for publicado, todos os pagamentos s\u00e3o feitos retroativos a 1\u00ba de janeiro.<\/p>\n<p>J\u00e1 os aposentados e pensionistas do INSS que recebem o piso devem ter aumento de apenas 1,81% este ano, devido ao reajuste aplicado sobre o sal\u00e1rio m\u00ednimo que vai subir de R$ 937 para R$ 954. Vale destacar que esse percentual tamb\u00e9m incidir\u00e1 sobre o abono do PIS-Pasep e o seguro-desemprego.<\/p>\n<p>Esse o menor reajuste do sal\u00e1rio m\u00ednimo em 24 anos. O valor \u00e9 inferior ao estimado anteriormente pelo governo, que era de R$ 965. O reajuste foi mais baixo porque a f\u00f3rmula de corre\u00e7\u00e3o leva em conta a varia\u00e7\u00e3o do \u00cdndice Nacional de Pre\u00e7os ao Consumidor (INPC) do ano anterior, calculado pelo Instituto Brasileiro de Geografia e Estat\u00edstica (IBGE), e o resultado do Produto Interno Bruto (PIB) de dois anos antes. Como o resultado do PIB de 2016 foi negativo, o reajuste do sal\u00e1rio m\u00ednimo foi calculado apenas pelo INPC, estimado pelo governo em 1,88%.<\/p>\n<p>Em 2017, por exemplo, o governo concedeu aos aposentados que ganham acima do m\u00ednimo um reajuste de 6,58%, equivalente ao INPC acumulado at\u00e9 dezembro de 2016, sem ganho real (acima da infla\u00e7\u00e3o). Este grupo, com benef\u00edcios maiores, tem tido aumentos anuais apenas para recompor a alta do custo de vida, sem direito a ganho real.<\/p>\n<p>No caso dos mais de 22 milh\u00f5es de segurados do INSS que ganham apenas um sal\u00e1rio m\u00ednimo, a regra \u00e9 diferente. O aumento dos benef\u00edcios depende apenas da corre\u00e7\u00e3o do piso nacional (pois ningu\u00e9m pode ganhar menos). No in\u00edcio do ano passado, o percentual de reajuste para os benef\u00edcios de um sal\u00e1rio m\u00ednimo ficou em 6,48%. J\u00e1 em 2016, o reajuste dos benef\u00edcios mais altos foi de 11,28%. Os que ganham apenas um m\u00ednimo levaram 11,68%.<\/p>\n<p><span style=\"font-size: 8pt;\"><em>Fonte: EXAME<\/em><\/span><\/p>\n","protected":false},"excerpt":{"rendered":"<p>As quedas nos \u00edndices oficiais de infla\u00e7\u00e3o, em 2017, jogar\u00e3o para baixo o reajuste anual dos segurados do [&hellip;]<\/p>\n","protected":false},"author":2,"featured_media":2369,"comment_status":"open","ping_status":"open","sticky":false,"template":"","format":"standard","meta":{"jetpack_post_was_ever_published":false,"jetpack_publicize_message":"","jetpack_is_tweetstorm":false,"jetpack_publicize_feature_enabled":true,"jetpack_social_post_already_shared":true,"jetpack_social_options":[]},"categories":[1],"tags":[],"jetpack_publicize_connections":[],"acf":[],"yoast_head":"<!-- This site is optimized with the Yoast SEO plugin v19.14 - https:\/\/yoast.com\/wordpress\/plugins\/seo\/ -->\n<title>INFORME 005\/2018 - APOSENTADOS E PENSIONISTAS DO INSS TER\u00c3O O MENOR REAJUSTE DA ERA REAL EM 2018 - Sindicato dos Banc\u00e1rios de S\u00e3o Bento do Sul e Regi\u00e3o<\/title>\n<meta name=\"robots\" content=\"index, follow, max-snippet:-1, max-image-preview:large, max-video-preview:-1\" \/>\n<link rel=\"canonical\" href=\"https:\/\/sindicatodosbancarios.org.br\/site2022\/2018\/01\/09\/informe-0052018-aposentados-e-pensionistas-do-inss-terao-o-menor-reajuste-da-era-real-em-2018\/\" \/>\n<meta property=\"og:locale\" content=\"pt_BR\" \/>\n<meta property=\"og:type\" content=\"article\" \/>\n<meta property=\"og:title\" content=\"INFORME 005\/2018 - APOSENTADOS E PENSIONISTAS DO INSS TER\u00c3O O MENOR REAJUSTE DA ERA REAL EM 2018 - Sindicato dos Banc\u00e1rios de S\u00e3o Bento do Sul e Regi\u00e3o\" \/>\n<meta property=\"og:description\" content=\"As quedas nos \u00edndices oficiais de infla\u00e7\u00e3o, em 2017, jogar\u00e3o para baixo o reajuste anual dos segurados do [&hellip;]\" \/>\n<meta property=\"og:url\" content=\"https:\/\/sindicatodosbancarios.org.br\/site2022\/2018\/01\/09\/informe-0052018-aposentados-e-pensionistas-do-inss-terao-o-menor-reajuste-da-era-real-em-2018\/\" \/>\n<meta property=\"og:site_name\" content=\"Sindicato dos Banc\u00e1rios de S\u00e3o Bento do Sul e Regi\u00e3o\" \/>\n<meta property=\"article:author\" content=\"https:\/\/www.facebook.com\/seeb.sbs.9\" \/>\n<meta property=\"article:published_time\" content=\"2018-01-10T01:12:13+00:00\" \/>\n<meta property=\"og:image\" content=\"https:\/\/sindicatodosbancarios.org.br\/site2022\/wp-content\/uploads\/2018\/01\/xposto-inss.jpg.pagespeed.ic_.NoELfDsZQw.jpg\" \/>\n\t<meta property=\"og:image:width\" content=\"640\" \/>\n\t<meta property=\"og:image:height\" content=\"360\" \/>\n\t<meta property=\"og:image:type\" content=\"image\/jpeg\" \/>\n<meta name=\"author\" content=\"Sindicato dos Banc\u00e1rios S\u00e3o Bento do Sul e Regi\u00e3o\" \/>\n<meta name=\"twitter:card\" content=\"summary_large_image\" \/>\n<meta name=\"twitter:label1\" content=\"Escrito por\" \/>\n\t<meta name=\"twitter:data1\" content=\"Sindicato dos Banc\u00e1rios S\u00e3o Bento do Sul e Regi\u00e3o\" \/>\n\t<meta name=\"twitter:label2\" content=\"Est. tempo de leitura\" \/>\n\t<meta name=\"twitter:data2\" content=\"2 minutos\" \/>\n<script type=\"application\/ld+json\" class=\"yoast-schema-graph\">{\"@context\":\"https:\/\/schema.org\",\"@graph\":[{\"@type\":\"Article\",\"@id\":\"https:\/\/sindicatodosbancarios.org.br\/site2022\/2018\/01\/09\/informe-0052018-aposentados-e-pensionistas-do-inss-terao-o-menor-reajuste-da-era-real-em-2018\/#article\",\"isPartOf\":{\"@id\":\"https:\/\/sindicatodosbancarios.org.br\/site2022\/2018\/01\/09\/informe-0052018-aposentados-e-pensionistas-do-inss-terao-o-menor-reajuste-da-era-real-em-2018\/\"},\"author\":{\"name\":\"Sindicato dos Banc\u00e1rios S\u00e3o Bento do Sul e Regi\u00e3o\",\"@id\":\"https:\/\/sindicatodosbancarios.org.br\/site2022\/#\/schema\/person\/a7d92da77d1084df4d28b57962f1e1bd\"},\"headline\":\"INFORME 005\/2018 &#8211; APOSENTADOS E PENSIONISTAS DO INSS TER\u00c3O O MENOR REAJUSTE DA ERA REAL EM 2018\",\"datePublished\":\"2018-01-10T01:12:13+00:00\",\"dateModified\":\"2018-01-10T01:12:13+00:00\",\"mainEntityOfPage\":{\"@id\":\"https:\/\/sindicatodosbancarios.org.br\/site2022\/2018\/01\/09\/informe-0052018-aposentados-e-pensionistas-do-inss-terao-o-menor-reajuste-da-era-real-em-2018\/\"},\"wordCount\":493,\"commentCount\":0,\"publisher\":{\"@id\":\"https:\/\/sindicatodosbancarios.org.br\/site2022\/#organization\"},\"articleSection\":[\"Geral\"],\"inLanguage\":\"pt-BR\",\"potentialAction\":[{\"@type\":\"CommentAction\",\"name\":\"Comment\",\"target\":[\"https:\/\/sindicatodosbancarios.org.br\/site2022\/2018\/01\/09\/informe-0052018-aposentados-e-pensionistas-do-inss-terao-o-menor-reajuste-da-era-real-em-2018\/#respond\"]}]},{\"@type\":\"WebPage\",\"@id\":\"https:\/\/sindicatodosbancarios.org.br\/site2022\/2018\/01\/09\/informe-0052018-aposentados-e-pensionistas-do-inss-terao-o-menor-reajuste-da-era-real-em-2018\/\",\"url\":\"https:\/\/sindicatodosbancarios.org.br\/site2022\/2018\/01\/09\/informe-0052018-aposentados-e-pensionistas-do-inss-terao-o-menor-reajuste-da-era-real-em-2018\/\",\"name\":\"INFORME 005\/2018 - APOSENTADOS E PENSIONISTAS DO INSS TER\u00c3O O MENOR REAJUSTE DA ERA REAL EM 2018 - Sindicato dos Banc\u00e1rios de S\u00e3o Bento do Sul e Regi\u00e3o\",\"isPartOf\":{\"@id\":\"https:\/\/sindicatodosbancarios.org.br\/site2022\/#website\"},\"datePublished\":\"2018-01-10T01:12:13+00:00\",\"dateModified\":\"2018-01-10T01:12:13+00:00\",\"breadcrumb\":{\"@id\":\"https:\/\/sindicatodosbancarios.org.br\/site2022\/2018\/01\/09\/informe-0052018-aposentados-e-pensionistas-do-inss-terao-o-menor-reajuste-da-era-real-em-2018\/#breadcrumb\"},\"inLanguage\":\"pt-BR\",\"potentialAction\":[{\"@type\":\"ReadAction\",\"target\":[\"https:\/\/sindicatodosbancarios.org.br\/site2022\/2018\/01\/09\/informe-0052018-aposentados-e-pensionistas-do-inss-terao-o-menor-reajuste-da-era-real-em-2018\/\"]}]},{\"@type\":\"BreadcrumbList\",\"@id\":\"https:\/\/sindicatodosbancarios.org.br\/site2022\/2018\/01\/09\/informe-0052018-aposentados-e-pensionistas-do-inss-terao-o-menor-reajuste-da-era-real-em-2018\/#breadcrumb\",\"itemListElement\":[{\"@type\":\"ListItem\",\"position\":1,\"name\":\"In\u00edcio\",\"item\":\"https:\/\/sindicatodosbancarios.org.br\/site2022\/\"},{\"@type\":\"ListItem\",\"position\":2,\"name\":\"INFORME 005\/2018 &#8211; APOSENTADOS E PENSIONISTAS DO INSS TER\u00c3O O MENOR REAJUSTE DA ERA REAL EM 2018\"}]},{\"@type\":\"WebSite\",\"@id\":\"https:\/\/sindicatodosbancarios.org.br\/site2022\/#website\",\"url\":\"https:\/\/sindicatodosbancarios.org.br\/site2022\/\",\"name\":\"Sindicato dos Banc\u00e1rios de S\u00e3o Bento do Sul e Regi\u00e3o\",\"description\":\"Website institucional do Sindicato dos Banc\u00e1rios de S\u00e3o Bento do Sul e Regi\u00e3o\",\"publisher\":{\"@id\":\"https:\/\/sindicatodosbancarios.org.br\/site2022\/#organization\"},\"potentialAction\":[{\"@type\":\"SearchAction\",\"target\":{\"@type\":\"EntryPoint\",\"urlTemplate\":\"https:\/\/sindicatodosbancarios.org.br\/site2022\/?s={search_term_string}\"},\"query-input\":\"required name=search_term_string\"}],\"inLanguage\":\"pt-BR\"},{\"@type\":\"Organization\",\"@id\":\"https:\/\/sindicatodosbancarios.org.br\/site2022\/#organization\",\"name\":\"Sindicato dos Banc\u00e1rios de S\u00e3o Bento do Sul e Regi\u00e3o\",\"url\":\"https:\/\/sindicatodosbancarios.org.br\/site2022\/\",\"logo\":{\"@type\":\"ImageObject\",\"inLanguage\":\"pt-BR\",\"@id\":\"https:\/\/sindicatodosbancarios.org.br\/site2022\/#\/schema\/logo\/image\/\",\"url\":\"https:\/\/sindicatodosbancarios.org.br\/site2022\/wp-content\/uploads\/2017\/06\/cropped-logo-2.png\",\"contentUrl\":\"https:\/\/sindicatodosbancarios.org.br\/site2022\/wp-content\/uploads\/2017\/06\/cropped-logo-2.png\",\"width\":292,\"height\":292,\"caption\":\"Sindicato dos Banc\u00e1rios de S\u00e3o Bento do Sul e Regi\u00e3o\"},\"image\":{\"@id\":\"https:\/\/sindicatodosbancarios.org.br\/site2022\/#\/schema\/logo\/image\/\"}},{\"@type\":\"Person\",\"@id\":\"https:\/\/sindicatodosbancarios.org.br\/site2022\/#\/schema\/person\/a7d92da77d1084df4d28b57962f1e1bd\",\"name\":\"Sindicato dos Banc\u00e1rios S\u00e3o Bento do Sul e Regi\u00e3o\",\"image\":{\"@type\":\"ImageObject\",\"inLanguage\":\"pt-BR\",\"@id\":\"https:\/\/sindicatodosbancarios.org.br\/site2022\/#\/schema\/person\/image\/\",\"url\":\"https:\/\/secure.gravatar.com\/avatar\/f1d1a06f698f2345352e539387180d42?s=96&d=mm&r=g\",\"contentUrl\":\"https:\/\/secure.gravatar.com\/avatar\/f1d1a06f698f2345352e539387180d42?s=96&d=mm&r=g\",\"caption\":\"Sindicato dos Banc\u00e1rios S\u00e3o Bento do Sul e Regi\u00e3o\"},\"sameAs\":[\"http:\/\/sindicatodosbancarios.org.br\/site2022\/\",\"https:\/\/www.facebook.com\/seeb.sbs.9\"],\"url\":\"https:\/\/sindicatodosbancarios.org.br\/site2022\/author\/sindicatodosbancarios\/\"}]}<\/script>\n<!-- \/ Yoast SEO plugin. -->","yoast_head_json":{"title":"INFORME 005\/2018 - APOSENTADOS E PENSIONISTAS DO INSS TER\u00c3O O MENOR REAJUSTE DA ERA REAL EM 2018 - Sindicato dos Banc\u00e1rios de S\u00e3o Bento do Sul e Regi\u00e3o","robots":{"index":"index","follow":"follow","max-snippet":"max-snippet:-1","max-image-preview":"max-image-preview:large","max-video-preview":"max-video-preview:-1"},"canonical":"https:\/\/sindicatodosbancarios.org.br\/site2022\/2018\/01\/09\/informe-0052018-aposentados-e-pensionistas-do-inss-terao-o-menor-reajuste-da-era-real-em-2018\/","og_locale":"pt_BR","og_type":"article","og_title":"INFORME 005\/2018 - APOSENTADOS E PENSIONISTAS DO INSS TER\u00c3O O MENOR REAJUSTE DA ERA REAL EM 2018 - Sindicato dos Banc\u00e1rios de S\u00e3o Bento do Sul e Regi\u00e3o","og_description":"As quedas nos \u00edndices oficiais de infla\u00e7\u00e3o, em 2017, jogar\u00e3o para baixo o reajuste anual dos segurados do [&hellip;]","og_url":"https:\/\/sindicatodosbancarios.org.br\/site2022\/2018\/01\/09\/informe-0052018-aposentados-e-pensionistas-do-inss-terao-o-menor-reajuste-da-era-real-em-2018\/","og_site_name":"Sindicato dos Banc\u00e1rios de S\u00e3o Bento do Sul e Regi\u00e3o","article_author":"https:\/\/www.facebook.com\/seeb.sbs.9","article_published_time":"2018-01-10T01:12:13+00:00","og_image":[{"width":640,"height":360,"url":"https:\/\/sindicatodosbancarios.org.br\/site2022\/wp-content\/uploads\/2018\/01\/xposto-inss.jpg.pagespeed.ic_.NoELfDsZQw.jpg","type":"image\/jpeg"}],"author":"Sindicato dos Banc\u00e1rios S\u00e3o Bento do Sul e Regi\u00e3o","twitter_card":"summary_large_image","twitter_misc":{"Escrito por":"Sindicato dos Banc\u00e1rios S\u00e3o Bento do Sul e Regi\u00e3o","Est. tempo de leitura":"2 minutos"},"schema":{"@context":"https:\/\/schema.org","@graph":[{"@type":"Article","@id":"https:\/\/sindicatodosbancarios.org.br\/site2022\/2018\/01\/09\/informe-0052018-aposentados-e-pensionistas-do-inss-terao-o-menor-reajuste-da-era-real-em-2018\/#article","isPartOf":{"@id":"https:\/\/sindicatodosbancarios.org.br\/site2022\/2018\/01\/09\/informe-0052018-aposentados-e-pensionistas-do-inss-terao-o-menor-reajuste-da-era-real-em-2018\/"},"author":{"name":"Sindicato dos Banc\u00e1rios S\u00e3o Bento do Sul e Regi\u00e3o","@id":"https:\/\/sindicatodosbancarios.org.br\/site2022\/#\/schema\/person\/a7d92da77d1084df4d28b57962f1e1bd"},"headline":"INFORME 005\/2018 &#8211; APOSENTADOS E PENSIONISTAS DO INSS TER\u00c3O O MENOR REAJUSTE DA ERA REAL EM 2018","datePublished":"2018-01-10T01:12:13+00:00","dateModified":"2018-01-10T01:12:13+00:00","mainEntityOfPage":{"@id":"https:\/\/sindicatodosbancarios.org.br\/site2022\/2018\/01\/09\/informe-0052018-aposentados-e-pensionistas-do-inss-terao-o-menor-reajuste-da-era-real-em-2018\/"},"wordCount":493,"commentCount":0,"publisher":{"@id":"https:\/\/sindicatodosbancarios.org.br\/site2022\/#organization"},"articleSection":["Geral"],"inLanguage":"pt-BR","potentialAction":[{"@type":"CommentAction","name":"Comment","target":["https:\/\/sindicatodosbancarios.org.br\/site2022\/2018\/01\/09\/informe-0052018-aposentados-e-pensionistas-do-inss-terao-o-menor-reajuste-da-era-real-em-2018\/#respond"]}]},{"@type":"WebPage","@id":"https:\/\/sindicatodosbancarios.org.br\/site2022\/2018\/01\/09\/informe-0052018-aposentados-e-pensionistas-do-inss-terao-o-menor-reajuste-da-era-real-em-2018\/","url":"https:\/\/sindicatodosbancarios.org.br\/site2022\/2018\/01\/09\/informe-0052018-aposentados-e-pensionistas-do-inss-terao-o-menor-reajuste-da-era-real-em-2018\/","name":"INFORME 005\/2018 - APOSENTADOS E PENSIONISTAS DO INSS TER\u00c3O O MENOR REAJUSTE DA ERA REAL EM 2018 - Sindicato dos Banc\u00e1rios de S\u00e3o Bento do Sul e Regi\u00e3o","isPartOf":{"@id":"https:\/\/sindicatodosbancarios.org.br\/site2022\/#website"},"datePublished":"2018-01-10T01:12:13+00:00","dateModified":"2018-01-10T01:12:13+00:00","breadcrumb":{"@id":"https:\/\/sindicatodosbancarios.org.br\/site2022\/2018\/01\/09\/informe-0052018-aposentados-e-pensionistas-do-inss-terao-o-menor-reajuste-da-era-real-em-2018\/#breadcrumb"},"inLanguage":"pt-BR","potentialAction":[{"@type":"ReadAction","target":["https:\/\/sindicatodosbancarios.org.br\/site2022\/2018\/01\/09\/informe-0052018-aposentados-e-pensionistas-do-inss-terao-o-menor-reajuste-da-era-real-em-2018\/"]}]},{"@type":"BreadcrumbList","@id":"https:\/\/sindicatodosbancarios.org.br\/site2022\/2018\/01\/09\/informe-0052018-aposentados-e-pensionistas-do-inss-terao-o-menor-reajuste-da-era-real-em-2018\/#breadcrumb","itemListElement":[{"@type":"ListItem","position":1,"name":"In\u00edcio","item":"https:\/\/sindicatodosbancarios.org.br\/site2022\/"},{"@type":"ListItem","position":2,"name":"INFORME 005\/2018 &#8211; APOSENTADOS E PENSIONISTAS DO INSS TER\u00c3O O MENOR REAJUSTE DA ERA REAL EM 2018"}]},{"@type":"WebSite","@id":"https:\/\/sindicatodosbancarios.org.br\/site2022\/#website","url":"https:\/\/sindicatodosbancarios.org.br\/site2022\/","name":"Sindicato dos Banc\u00e1rios de S\u00e3o Bento do Sul e Regi\u00e3o","description":"Website institucional do Sindicato dos Banc\u00e1rios de S\u00e3o Bento do Sul e Regi\u00e3o","publisher":{"@id":"https:\/\/sindicatodosbancarios.org.br\/site2022\/#organization"},"potentialAction":[{"@type":"SearchAction","target":{"@type":"EntryPoint","urlTemplate":"https:\/\/sindicatodosbancarios.org.br\/site2022\/?s={search_term_string}"},"query-input":"required name=search_term_string"}],"inLanguage":"pt-BR"},{"@type":"Organization","@id":"https:\/\/sindicatodosbancarios.org.br\/site2022\/#organization","name":"Sindicato dos Banc\u00e1rios de S\u00e3o Bento do Sul e Regi\u00e3o","url":"https:\/\/sindicatodosbancarios.org.br\/site2022\/","logo":{"@type":"ImageObject","inLanguage":"pt-BR","@id":"https:\/\/sindicatodosbancarios.org.br\/site2022\/#\/schema\/logo\/image\/","url":"https:\/\/sindicatodosbancarios.org.br\/site2022\/wp-content\/uploads\/2017\/06\/cropped-logo-2.png","contentUrl":"https:\/\/sindicatodosbancarios.org.br\/site2022\/wp-content\/uploads\/2017\/06\/cropped-logo-2.png","width":292,"height":292,"caption":"Sindicato dos Banc\u00e1rios de S\u00e3o Bento do Sul e Regi\u00e3o"},"image":{"@id":"https:\/\/sindicatodosbancarios.org.br\/site2022\/#\/schema\/logo\/image\/"}},{"@type":"Person","@id":"https:\/\/sindicatodosbancarios.org.br\/site2022\/#\/schema\/person\/a7d92da77d1084df4d28b57962f1e1bd","name":"Sindicato dos Banc\u00e1rios S\u00e3o Bento do Sul e Regi\u00e3o","image":{"@type":"ImageObject","inLanguage":"pt-BR","@id":"https:\/\/sindicatodosbancarios.org.br\/site2022\/#\/schema\/person\/image\/","url":"https:\/\/secure.gravatar.com\/avatar\/f1d1a06f698f2345352e539387180d42?s=96&d=mm&r=g","contentUrl":"https:\/\/secure.gravatar.com\/avatar\/f1d1a06f698f2345352e539387180d42?s=96&d=mm&r=g","caption":"Sindicato dos Banc\u00e1rios S\u00e3o Bento do Sul e Regi\u00e3o"},"sameAs":["http:\/\/sindicatodosbancarios.org.br\/site2022\/","https:\/\/www.facebook.com\/seeb.sbs.9"],"url":"https:\/\/sindicatodosbancarios.org.br\/site2022\/author\/sindicatodosbancarios\/"}]}},"jetpack_featured_media_url":"https:\/\/sindicatodosbancarios.org.br\/site2022\/wp-content\/uploads\/2018\/01\/xposto-inss.jpg.pagespeed.ic_.NoELfDsZQw.jpg","jetpack_sharing_enabled":true,"jetpack_shortlink":"https:\/\/wp.me\/p8RSbI-Cc","jetpack-related-posts":[{"id":4671,"url":"https:\/\/sindicatodosbancarios.org.br\/site2022\/2020\/10\/22\/informe-bancario-399-2020-novo-salario-minimo-veja-como-fica-o-valor-da-aposentadoria-do-inss-em-2021\/","url_meta":{"origin":2368,"position":0},"title":"INFORME BANC\u00c1RIO \u2013 399\/2020 Novo sal\u00e1rio m\u00ednimo: Veja como fica o valor da aposentadoria do INSS em 2021","date":"22 de outubro de 2020","format":false,"excerpt":"Com a previs\u00e3o do aumento do piso nacional de R$ 1.045 para R$ 1.069,55, cerca de 35 milh\u00f5es de brasileiros ter\u00e3o reajuste de 2,35% em seus benef\u00edcios. O Governo Federal tem uma nova previs\u00e3o para o\u00a0sal\u00e1rio m\u00ednimo\u00a0em 2021, que deve passar dos atuais R$ 1.045 para R$ 1.069,55. Com o\u00a0reajuste\u2026","rel":"","context":"Em &quot;Geral&quot;","img":{"alt_text":"","src":"https:\/\/i0.wp.com\/sindicatodosbancarios.org.br\/site2022\/wp-content\/uploads\/2020\/07\/imagem_materia.jpg?resize=350%2C200&ssl=1","width":350,"height":200},"classes":[]},{"id":4649,"url":"https:\/\/sindicatodosbancarios.org.br\/site2022\/2020\/10\/15\/informe-bancario-392-2020-bpc-aposentadoria-e-demais-beneficios-do-inss-saiba-quanto-voce-ira-receber-em-2021\/","url_meta":{"origin":2368,"position":1},"title":"INFORME BANC\u00c1RIO \u2013 392\/2020 BPC, aposentadoria e demais benef\u00edcios do INSS: Saiba quanto voc\u00ea ir\u00e1 receber em 2021","date":"15 de outubro de 2020","format":false,"excerpt":"A equipe econ\u00f4mica liderada pelo ministro Paulo Guedes j\u00e1 definiu o aumento dos benef\u00edcios previdenci\u00e1rios para o ano que vem. O valor do\u00a0sal\u00e1rio m\u00ednimo de 2021\u00a0j\u00e1 foi definido pelo Governo Federal e enviado ao Congresso para aprova\u00e7\u00e3o. Sem aumento real, o sal\u00e1rio m\u00ednimo que atualmente \u00e9 de R$ 1.045 passar\u00e1\u2026","rel":"","context":"Em &quot;Geral&quot;","img":{"alt_text":"","src":"https:\/\/i0.wp.com\/sindicatodosbancarios.org.br\/site2022\/wp-content\/uploads\/2020\/06\/mei-aposentadoria1.jpg?resize=350%2C200&ssl=1","width":350,"height":200},"classes":[]},{"id":5240,"url":"https:\/\/sindicatodosbancarios.org.br\/site2022\/2021\/03\/08\/informe-bancarios-79-2021-aposentados-com-mais-65-anos-tem-direito-a-isencao-dupla-no-imposto-de-renda-entenda\/","url_meta":{"origin":2368,"position":2},"title":"INFORME BANC\u00c1RIOS \u2013 79\/2021 Aposentados com mais 65 anos t\u00eam direito \u00e0 isen\u00e7\u00e3o dupla no Imposto de Renda; Entenda","date":"8 de mar\u00e7o de 2021","format":false,"excerpt":"O que sobrar ap\u00f3s o abatimento do b\u00f4nus entra como rendimento tribut\u00e1vel como\u00a0alugu\u00e9is e trabalho aut\u00f4nomo. Os aposentados e pensionistas\u00a0com mais de 65 anos do Instituto Nacional do Seguro Social (INSS) e de entidades privadas t\u00eam um limite maior de isen\u00e7\u00e3o de\u00a0Imposto de Renda\u00a0descontado sobre o benef\u00edcio que recebem. Isso\u2026","rel":"","context":"Em &quot;Geral&quot;","img":{"alt_text":"","src":"https:\/\/i0.wp.com\/sindicatodosbancarios.org.br\/site2022\/wp-content\/uploads\/2021\/02\/ecv8by7wzopiiudr6exo2c0gh.jpg?resize=350%2C200&ssl=1","width":350,"height":200},"classes":[]},{"id":5384,"url":"https:\/\/sindicatodosbancarios.org.br\/site2022\/2021\/05\/07\/informe-bancarios-120-2021-governo-antecipa-13o-para-aposentados-e-pensionistas-do-inss-veja-as-datas\/","url_meta":{"origin":2368,"position":3},"title":"INFORME BANC\u00c1RIOS \u2013 120\/2021 Governo antecipa 13\u00ba para aposentados e pensionistas do INSS; veja as datas","date":"7 de maio de 2021","format":false,"excerpt":"O presidente Jair Bolsonaro (sem partido) assinou ontem um decreto que antecipa em tr\u00eas meses o pagamento do abono anual (13\u00ba sal\u00e1rio) para segurados e dependentes da Previd\u00eancia Social que recebem aposentadoria, pens\u00e3o por morte, aux\u00edlio-doen\u00e7a, aux\u00edlio-acidente ou aux\u00edlio-reclus\u00e3o. A medida foi publicada no DOU (Di\u00e1rio Oficial da Uni\u00e3o) de\u2026","rel":"","context":"Em &quot;Geral&quot;","img":{"alt_text":"","src":"https:\/\/i0.wp.com\/sindicatodosbancarios.org.br\/site2022\/wp-content\/uploads\/2020\/11\/Salario.jpg?resize=350%2C200&ssl=1","width":350,"height":200},"classes":[]},{"id":4664,"url":"https:\/\/sindicatodosbancarios.org.br\/site2022\/2020\/10\/22\/informe-bancario-397-2020-inss-saiba-como-fazer-a-prova-de-vida-durante-a-pandemia-do-novo-coronavirus\/","url_meta":{"origin":2368,"position":4},"title":"INFORME BANC\u00c1RIO \u2013 397\/2020 INSS: Saiba como fazer a prova de vida durante a pandemia do novo coronav\u00edrus","date":"22 de outubro de 2020","format":false,"excerpt":"Instituto suspendeu a comprova\u00e7\u00e3o at\u00e9 o final de novembro. Caso o prazo n\u00e3o seja estendido novamente, possivelmente o benefici\u00e1rio ter\u00e1 que fazer a prova. Aposentados e pensionistas do Instituto Nacional do Seguro Social (INSS) precisam fazer\u00a0anualmente a prova de vida\u00a0para atestar que ainda est\u00e3o vivos e t\u00eam direito aos benef\u00edcios.\u2026","rel":"","context":"Em &quot;Geral&quot;","img":{"alt_text":"","src":"https:\/\/i0.wp.com\/sindicatodosbancarios.org.br\/site2022\/wp-content\/uploads\/2020\/10\/prova-de-vida-1.jpg?resize=350%2C200&ssl=1","width":350,"height":200},"classes":[]},{"id":4207,"url":"https:\/\/sindicatodosbancarios.org.br\/site2022\/2020\/08\/04\/informe-bancario-276-2020-se-o-inss-cometeu-alguns-desses-erros-aposentados-e-pensionistas-podem-receber-ate-r-100-mil-entenda\/","url_meta":{"origin":2368,"position":5},"title":"INFORME BANC\u00c1RIO \u2013 276\/2020 Se o INSS cometeu alguns desses erros, aposentados e pensionistas podem receber at\u00e9 R$ 100 mil: Entenda!","date":"4 de agosto de 2020","format":false,"excerpt":"Muitos aposentados e pensionistas n\u00e3o sabem, mas algumas falhas nos servi\u00e7os do INSS (Instituto Nacional do Seguro Social) podem gerar indeniza\u00e7\u00f5es aos segurados. Em muitos casos, a Justi\u00e7a tem obrigado o \u00f3rg\u00e3o a pagar indeniza\u00e7\u00f5es que podem chegar at\u00e9 R$ 100 mil, em casos espec\u00edficos. Valores da Indeniza\u00e7\u00e3o De R$\u2026","rel":"","context":"Em &quot;Geral&quot;","img":{"alt_text":"","src":"https:\/\/i0.wp.com\/sindicatodosbancarios.org.br\/site2022\/wp-content\/uploads\/2020\/08\/INSS-falhas-aposentados-1536x983.jpg?resize=350%2C200&ssl=1","width":350,"height":200},"classes":[]}],"_links":{"self":[{"href":"https:\/\/sindicatodosbancarios.org.br\/site2022\/wp-json\/wp\/v2\/posts\/2368"}],"collection":[{"href":"https:\/\/sindicatodosbancarios.org.br\/site2022\/wp-json\/wp\/v2\/posts"}],"about":[{"href":"https:\/\/sindicatodosbancarios.org.br\/site2022\/wp-json\/wp\/v2\/types\/post"}],"author":[{"embeddable":true,"href":"https:\/\/sindicatodosbancarios.org.br\/site2022\/wp-json\/wp\/v2\/users\/2"}],"replies":[{"embeddable":true,"href":"https:\/\/sindicatodosbancarios.org.br\/site2022\/wp-json\/wp\/v2\/comments?post=2368"}],"version-history":[{"count":1,"href":"https:\/\/sindicatodosbancarios.org.br\/site2022\/wp-json\/wp\/v2\/posts\/2368\/revisions"}],"predecessor-version":[{"id":2370,"href":"https:\/\/sindicatodosbancarios.org.br\/site2022\/wp-json\/wp\/v2\/posts\/2368\/revisions\/2370"}],"wp:featuredmedia":[{"embeddable":true,"href":"https:\/\/sindicatodosbancarios.org.br\/site2022\/wp-json\/wp\/v2\/media\/2369"}],"wp:attachment":[{"href":"https:\/\/sindicatodosbancarios.org.br\/site2022\/wp-json\/wp\/v2\/media?parent=2368"}],"wp:term":[{"taxonomy":"category","embeddable":true,"href":"https:\/\/sindicatodosbancarios.org.br\/site2022\/wp-json\/wp\/v2\/categories?post=2368"},{"taxonomy":"post_tag","embeddable":true,"href":"https:\/\/sindicatodosbancarios.org.br\/site2022\/wp-json\/wp\/v2\/tags?post=2368"}],"curies":[{"name":"wp","href":"https:\/\/api.w.org\/{rel}","templated":true}]}}