{"id":2384,"date":"2018-01-19T16:38:45","date_gmt":"2018-01-19T18:38:45","guid":{"rendered":"http:\/\/sindicatodosbancarios.org.br\/?p=2384"},"modified":"2018-01-19T16:38:45","modified_gmt":"2018-01-19T18:38:45","slug":"informe-0082018-ataque-de-maia-ao-bolsa-familia-agrada-eleitor-de-direita","status":"publish","type":"post","link":"https:\/\/sindicatodosbancarios.org.br\/site2022\/2018\/01\/19\/informe-0082018-ataque-de-maia-ao-bolsa-familia-agrada-eleitor-de-direita\/","title":{"rendered":"INFORME 008\/2018 &#8211; ATAQUE DE MAIA AO BOLSA FAM\u00cdLIA AGRADA ELEITOR DE DIREITA"},"content":{"rendered":"<p>Numa palestra ontem em Washington, o presidente da C\u00e2mara, Rodrigo Maia, disse que o Programa Bolsa Fam\u00edlia \u201cescraviza\u201d as pessoas por gerar \u201cdepend\u00eancia\u201d.<\/p>\n<p>\u201cCriar um programa para escravizar as pessoas n\u00e3o \u00e9 um bom programa social. O programa bom \u00e9 onde voc\u00ea inclui a pessoa e d\u00e1 condi\u00e7\u00f5es para que ela volte \u00e0 sociedade e possa, com suas pr\u00f3prias pernas, conseguir um emprego\u201d, afirmou o presidente da C\u00e2mara.<\/p>\n<p>Esse tipo de declara\u00e7\u00e3o dificulta muito o \u00eaxito de qualquer candidatura presidencial. Maia tem se movimentado para tentar se viabilizar como postulante do DEM ao Pal\u00e1cio do Planalto.<\/p>\n<p>Em elei\u00e7\u00f5es passadas, candidatos do PSDB sofreram danos pol\u00edticos diante da suspeita de que poderiam modificar ou acabar com o Bolsa Fam\u00edlia. Aliados do PSDB \u00e0 \u00e9poca, como pol\u00edticos do DEM e do PMDB, fizeram cr\u00edticas duras, parecidas com essa de Rodrigo Maia.<\/p>\n<p>O efeito sempre foi negativo, porque o Brasil \u00e9 um pa\u00eds com enorme desigualdade social. Essas cr\u00edticas sempre beneficiaram o PT nas elei\u00e7\u00f5es.<\/p>\n<p>Nos \u00faltimos anos, com o encolhimento da economia, a mis\u00e9ria voltou a crescer. Bater no Bolsa Fam\u00edlia \u00e9 repetir um erro que outros pol\u00edticos j\u00e1 cometeram, pois se trata de um programa que faz parte do colch\u00e3o social brasileiro e tem muita efici\u00eancia no combate \u00e0 mis\u00e9ria _tanto que \u00e9 tido como exemplar por organismos internacionais.<\/p>\n<p>*P\u00fablico alvo<\/p>\n<p>A \u00fanica explica\u00e7\u00e3o l\u00f3gica para um ataque desse tipo ao Bolsa Fam\u00edlia vindo de um pol\u00edtico com a experi\u00eancia do Rodrigo Maia \u00e9 encontrar eco num setor da sociedade que sempre criticou as pol\u00edticas sociais dos governos Lula e Dilma. Ou seja, falar para uma faixa do eleitorado de direita e centro-direita que v\u00ea o Bolsa Fam\u00edlia com preconceito.<\/p>\n<p>No passado, cr\u00edticas de tucanos ao Bolsa Fam\u00edlia eram sempre feitas de modo t\u00edmido, indireto, com medo do efeito eleitoral. Para um segmento do eleitorado de direita e centro-direita, um candidato que ataque abertamente o Bolsa Fam\u00edlia pode ser bem visto.<\/p>\n<p>Neste momento da campanha, outros poss\u00edveis candidatos do campo de direita e centro-direita t\u00eam obtido baixa inten\u00e7\u00e3o de voto. O deputado federal Jair Bolsonaro, candidato de direita e extrema-direita, sofre com o escrut\u00ednio da imprensa a respeito da forma\u00e7\u00e3o do seu patrim\u00f4nio.<\/p>\n<p>Al\u00e9m de refletir o que Maia realmente pensa sobre o Bolsa Fam\u00edlia, esse ataque ao programa pode ser uma forma de falar para esses setores mais conservadores e tentar crescer nas pesquisas a fim de viabilizar a largada na corrida presidencial. No entanto, \u00e9 uma declara\u00e7\u00e3o que dificilmente vai assegurar o primeiro lugar na linha de chegada.<\/p>\n<p>*Um excelente programa<\/p>\n<p>O Bolsa Fam\u00edlia n\u00e3o escraviza ningu\u00e9m. O que escraviza as pessoas \u00e9 a mis\u00e9ria. O Bolsa Fam\u00edlia combate a mis\u00e9ria.<\/p>\n<p>\u00c9 um programa barato. Custou R$ 28,5 bilh\u00f5es em 2016 e atendeu cerca de 12 milh\u00f5es de fam\u00edlias, o que equivale a quase 50 milh\u00f5es de pessoas.<\/p>\n<p>T\u00eam direito ao benef\u00edcio fam\u00edlias com renda per capita de at\u00e9 R$ 85,01 por m\u00eas. Em outubro do ano passado, o valor do benef\u00edcio m\u00e9dio recebido pelas fam\u00edlias era de apenas R$ 179,34. N\u00e3o \u00e9 poss\u00edvel ver isso como uma forma de abuso ou de depend\u00eancia.<\/p>\n<p>Falar em porta de sa\u00edda para o Bolsa Fam\u00edlia \u00e9 puro preconceito. Algumas fam\u00edlias n\u00e3o t\u00eam nenhuma outra sa\u00edda. \u00c9 um programa focado no combate \u00e0 mis\u00e9ria. Outros programas, outras iniciativas do governo e da sociedade podem oferecer caminhos de sa\u00edda.<\/p>\n<p>\u00c9 preciso compreender que h\u00e1 uma gera\u00e7\u00e3o que talvez n\u00e3o consiga deixar o Bolsa Fam\u00edlia. Por isso, h\u00e1 condicionantes, como exigir que os filhos em idade escolar estejam estudando.<\/p>\n<p>Cerca de 90% das pessoas que recebem os benef\u00edcios s\u00e3o mulheres, a grande maioria chefes de fam\u00edlia. Dos beneficiados, 69% vivem \u00e1reas urbanas. Apesar do peso na \u00e1rea rural, o programa ameniza o sofrimento da mis\u00e9ria nas grandes cidades.<\/p>\n<p>As fraudes s\u00e3o baixas levando em conta o n\u00famero de pessoas atendidas. No in\u00edcio deste ano, a Controladoria Geral da Uni\u00e3o divulgou estudo que apontaria fraude em benef\u00edcios a 395 mil fam\u00edlias. Isso d\u00e1 cerca de 2,5% do total de fam\u00edlias. \u00c9 uma taxa baixa de desvio, isso se todas as suspeitas forem comprovadas. Logo, h\u00e1 formas de reduzir fraudes e de melhorar a qualidade do cadastro.<\/p>\n<p>Quem \u00e9 a favor de ensinar a pescar no lugar de dar o peixe deveria estar mais preocupado em combater o aux\u00edlio-moradia de ju\u00edzes, procuradores e altos servidores do Executivo e do Legislativo. Parece existir depend\u00eancia de certas pessoas em rela\u00e7\u00e3o ao aux\u00edlio-moradia. Quem \u00e9 a favor de ensinar a pescar no lugar de dar o peixe deveria trabalhar para acabar com os supersal\u00e1rios do funcionalismo que furam o teto constitucional, reduzindo os privil\u00e9gios dos mais ricos.<\/p>\n<p>Mas, no Brasil, sempre \u00e9 mais f\u00e1cil jogar a conta da crise no colo dos mais pobres e cortar no andar de baixo.<\/p>\n<p>Fonte:IG<\/p>\n","protected":false},"excerpt":{"rendered":"<p>Numa palestra ontem em Washington, o presidente da C\u00e2mara, Rodrigo Maia, disse que o Programa Bolsa Fam\u00edlia \u201cescraviza\u201d [&hellip;]<\/p>\n","protected":false},"author":2,"featured_media":2387,"comment_status":"open","ping_status":"open","sticky":false,"template":"","format":"standard","meta":{"jetpack_post_was_ever_published":false,"jetpack_publicize_message":"","jetpack_is_tweetstorm":false,"jetpack_publicize_feature_enabled":true,"jetpack_social_post_already_shared":true,"jetpack_social_options":[]},"categories":[1],"tags":[],"jetpack_publicize_connections":[],"acf":[],"yoast_head":"<!-- This site is optimized with the Yoast SEO plugin v19.14 - https:\/\/yoast.com\/wordpress\/plugins\/seo\/ -->\n<title>INFORME 008\/2018 - ATAQUE DE MAIA AO BOLSA FAM\u00cdLIA AGRADA ELEITOR DE DIREITA - Sindicato dos Banc\u00e1rios de S\u00e3o Bento do Sul e Regi\u00e3o<\/title>\n<meta name=\"robots\" content=\"index, follow, max-snippet:-1, max-image-preview:large, max-video-preview:-1\" \/>\n<link rel=\"canonical\" href=\"https:\/\/sindicatodosbancarios.org.br\/site2022\/2018\/01\/19\/informe-0082018-ataque-de-maia-ao-bolsa-familia-agrada-eleitor-de-direita\/\" \/>\n<meta property=\"og:locale\" content=\"pt_BR\" \/>\n<meta property=\"og:type\" content=\"article\" \/>\n<meta property=\"og:title\" content=\"INFORME 008\/2018 - ATAQUE DE MAIA AO BOLSA FAM\u00cdLIA AGRADA ELEITOR DE DIREITA - Sindicato dos Banc\u00e1rios de S\u00e3o Bento do Sul e Regi\u00e3o\" \/>\n<meta property=\"og:description\" content=\"Numa palestra ontem em Washington, o presidente da C\u00e2mara, Rodrigo Maia, disse que o Programa Bolsa Fam\u00edlia \u201cescraviza\u201d [&hellip;]\" \/>\n<meta property=\"og:url\" content=\"https:\/\/sindicatodosbancarios.org.br\/site2022\/2018\/01\/19\/informe-0082018-ataque-de-maia-ao-bolsa-familia-agrada-eleitor-de-direita\/\" \/>\n<meta property=\"og:site_name\" content=\"Sindicato dos Banc\u00e1rios de S\u00e3o Bento do Sul e Regi\u00e3o\" \/>\n<meta property=\"article:author\" content=\"https:\/\/www.facebook.com\/seeb.sbs.9\" \/>\n<meta property=\"article:published_time\" content=\"2018-01-19T18:38:45+00:00\" \/>\n<meta property=\"og:image\" content=\"https:\/\/sindicatodosbancarios.org.br\/site2022\/wp-content\/uploads\/2018\/01\/bolsa_fam2.jpg\" \/>\n\t<meta property=\"og:image:width\" content=\"3184\" \/>\n\t<meta property=\"og:image:height\" content=\"2120\" \/>\n\t<meta property=\"og:image:type\" content=\"image\/jpeg\" \/>\n<meta name=\"author\" content=\"Sindicato dos Banc\u00e1rios S\u00e3o Bento do Sul e Regi\u00e3o\" \/>\n<meta name=\"twitter:card\" content=\"summary_large_image\" \/>\n<meta name=\"twitter:label1\" content=\"Escrito por\" \/>\n\t<meta name=\"twitter:data1\" content=\"Sindicato dos Banc\u00e1rios S\u00e3o Bento do Sul e Regi\u00e3o\" \/>\n\t<meta name=\"twitter:label2\" content=\"Est. tempo de leitura\" \/>\n\t<meta name=\"twitter:data2\" content=\"4 minutos\" \/>\n<script type=\"application\/ld+json\" class=\"yoast-schema-graph\">{\"@context\":\"https:\/\/schema.org\",\"@graph\":[{\"@type\":\"Article\",\"@id\":\"https:\/\/sindicatodosbancarios.org.br\/site2022\/2018\/01\/19\/informe-0082018-ataque-de-maia-ao-bolsa-familia-agrada-eleitor-de-direita\/#article\",\"isPartOf\":{\"@id\":\"https:\/\/sindicatodosbancarios.org.br\/site2022\/2018\/01\/19\/informe-0082018-ataque-de-maia-ao-bolsa-familia-agrada-eleitor-de-direita\/\"},\"author\":{\"name\":\"Sindicato dos Banc\u00e1rios S\u00e3o Bento do Sul e Regi\u00e3o\",\"@id\":\"https:\/\/sindicatodosbancarios.org.br\/site2022\/#\/schema\/person\/a7d92da77d1084df4d28b57962f1e1bd\"},\"headline\":\"INFORME 008\/2018 &#8211; ATAQUE DE MAIA AO BOLSA FAM\u00cdLIA AGRADA ELEITOR DE DIREITA\",\"datePublished\":\"2018-01-19T18:38:45+00:00\",\"dateModified\":\"2018-01-19T18:38:45+00:00\",\"mainEntityOfPage\":{\"@id\":\"https:\/\/sindicatodosbancarios.org.br\/site2022\/2018\/01\/19\/informe-0082018-ataque-de-maia-ao-bolsa-familia-agrada-eleitor-de-direita\/\"},\"wordCount\":869,\"commentCount\":0,\"publisher\":{\"@id\":\"https:\/\/sindicatodosbancarios.org.br\/site2022\/#organization\"},\"articleSection\":[\"Geral\"],\"inLanguage\":\"pt-BR\",\"potentialAction\":[{\"@type\":\"CommentAction\",\"name\":\"Comment\",\"target\":[\"https:\/\/sindicatodosbancarios.org.br\/site2022\/2018\/01\/19\/informe-0082018-ataque-de-maia-ao-bolsa-familia-agrada-eleitor-de-direita\/#respond\"]}]},{\"@type\":\"WebPage\",\"@id\":\"https:\/\/sindicatodosbancarios.org.br\/site2022\/2018\/01\/19\/informe-0082018-ataque-de-maia-ao-bolsa-familia-agrada-eleitor-de-direita\/\",\"url\":\"https:\/\/sindicatodosbancarios.org.br\/site2022\/2018\/01\/19\/informe-0082018-ataque-de-maia-ao-bolsa-familia-agrada-eleitor-de-direita\/\",\"name\":\"INFORME 008\/2018 - ATAQUE DE MAIA AO BOLSA FAM\u00cdLIA AGRADA ELEITOR DE DIREITA - Sindicato dos Banc\u00e1rios de S\u00e3o Bento do Sul e Regi\u00e3o\",\"isPartOf\":{\"@id\":\"https:\/\/sindicatodosbancarios.org.br\/site2022\/#website\"},\"datePublished\":\"2018-01-19T18:38:45+00:00\",\"dateModified\":\"2018-01-19T18:38:45+00:00\",\"breadcrumb\":{\"@id\":\"https:\/\/sindicatodosbancarios.org.br\/site2022\/2018\/01\/19\/informe-0082018-ataque-de-maia-ao-bolsa-familia-agrada-eleitor-de-direita\/#breadcrumb\"},\"inLanguage\":\"pt-BR\",\"potentialAction\":[{\"@type\":\"ReadAction\",\"target\":[\"https:\/\/sindicatodosbancarios.org.br\/site2022\/2018\/01\/19\/informe-0082018-ataque-de-maia-ao-bolsa-familia-agrada-eleitor-de-direita\/\"]}]},{\"@type\":\"BreadcrumbList\",\"@id\":\"https:\/\/sindicatodosbancarios.org.br\/site2022\/2018\/01\/19\/informe-0082018-ataque-de-maia-ao-bolsa-familia-agrada-eleitor-de-direita\/#breadcrumb\",\"itemListElement\":[{\"@type\":\"ListItem\",\"position\":1,\"name\":\"In\u00edcio\",\"item\":\"https:\/\/sindicatodosbancarios.org.br\/site2022\/\"},{\"@type\":\"ListItem\",\"position\":2,\"name\":\"INFORME 008\/2018 &#8211; ATAQUE DE MAIA AO BOLSA FAM\u00cdLIA AGRADA ELEITOR DE DIREITA\"}]},{\"@type\":\"WebSite\",\"@id\":\"https:\/\/sindicatodosbancarios.org.br\/site2022\/#website\",\"url\":\"https:\/\/sindicatodosbancarios.org.br\/site2022\/\",\"name\":\"Sindicato dos Banc\u00e1rios de S\u00e3o Bento do Sul e Regi\u00e3o\",\"description\":\"Website institucional do Sindicato dos Banc\u00e1rios de S\u00e3o Bento do Sul e Regi\u00e3o\",\"publisher\":{\"@id\":\"https:\/\/sindicatodosbancarios.org.br\/site2022\/#organization\"},\"potentialAction\":[{\"@type\":\"SearchAction\",\"target\":{\"@type\":\"EntryPoint\",\"urlTemplate\":\"https:\/\/sindicatodosbancarios.org.br\/site2022\/?s={search_term_string}\"},\"query-input\":\"required name=search_term_string\"}],\"inLanguage\":\"pt-BR\"},{\"@type\":\"Organization\",\"@id\":\"https:\/\/sindicatodosbancarios.org.br\/site2022\/#organization\",\"name\":\"Sindicato dos Banc\u00e1rios de S\u00e3o Bento do Sul e Regi\u00e3o\",\"url\":\"https:\/\/sindicatodosbancarios.org.br\/site2022\/\",\"logo\":{\"@type\":\"ImageObject\",\"inLanguage\":\"pt-BR\",\"@id\":\"https:\/\/sindicatodosbancarios.org.br\/site2022\/#\/schema\/logo\/image\/\",\"url\":\"https:\/\/sindicatodosbancarios.org.br\/site2022\/wp-content\/uploads\/2017\/06\/cropped-logo-2.png\",\"contentUrl\":\"https:\/\/sindicatodosbancarios.org.br\/site2022\/wp-content\/uploads\/2017\/06\/cropped-logo-2.png\",\"width\":292,\"height\":292,\"caption\":\"Sindicato dos Banc\u00e1rios de S\u00e3o Bento do Sul e Regi\u00e3o\"},\"image\":{\"@id\":\"https:\/\/sindicatodosbancarios.org.br\/site2022\/#\/schema\/logo\/image\/\"}},{\"@type\":\"Person\",\"@id\":\"https:\/\/sindicatodosbancarios.org.br\/site2022\/#\/schema\/person\/a7d92da77d1084df4d28b57962f1e1bd\",\"name\":\"Sindicato dos Banc\u00e1rios S\u00e3o Bento do Sul e Regi\u00e3o\",\"image\":{\"@type\":\"ImageObject\",\"inLanguage\":\"pt-BR\",\"@id\":\"https:\/\/sindicatodosbancarios.org.br\/site2022\/#\/schema\/person\/image\/\",\"url\":\"https:\/\/secure.gravatar.com\/avatar\/f1d1a06f698f2345352e539387180d42?s=96&d=mm&r=g\",\"contentUrl\":\"https:\/\/secure.gravatar.com\/avatar\/f1d1a06f698f2345352e539387180d42?s=96&d=mm&r=g\",\"caption\":\"Sindicato dos Banc\u00e1rios S\u00e3o Bento do Sul e Regi\u00e3o\"},\"sameAs\":[\"http:\/\/sindicatodosbancarios.org.br\/site2022\/\",\"https:\/\/www.facebook.com\/seeb.sbs.9\"],\"url\":\"https:\/\/sindicatodosbancarios.org.br\/site2022\/author\/sindicatodosbancarios\/\"}]}<\/script>\n<!-- \/ Yoast SEO plugin. -->","yoast_head_json":{"title":"INFORME 008\/2018 - ATAQUE DE MAIA AO BOLSA FAM\u00cdLIA AGRADA ELEITOR DE DIREITA - Sindicato dos Banc\u00e1rios de S\u00e3o Bento do Sul e Regi\u00e3o","robots":{"index":"index","follow":"follow","max-snippet":"max-snippet:-1","max-image-preview":"max-image-preview:large","max-video-preview":"max-video-preview:-1"},"canonical":"https:\/\/sindicatodosbancarios.org.br\/site2022\/2018\/01\/19\/informe-0082018-ataque-de-maia-ao-bolsa-familia-agrada-eleitor-de-direita\/","og_locale":"pt_BR","og_type":"article","og_title":"INFORME 008\/2018 - ATAQUE DE MAIA AO BOLSA FAM\u00cdLIA AGRADA ELEITOR DE DIREITA - Sindicato dos Banc\u00e1rios de S\u00e3o Bento do Sul e Regi\u00e3o","og_description":"Numa palestra ontem em Washington, o presidente da C\u00e2mara, Rodrigo Maia, disse que o Programa Bolsa Fam\u00edlia \u201cescraviza\u201d [&hellip;]","og_url":"https:\/\/sindicatodosbancarios.org.br\/site2022\/2018\/01\/19\/informe-0082018-ataque-de-maia-ao-bolsa-familia-agrada-eleitor-de-direita\/","og_site_name":"Sindicato dos Banc\u00e1rios de S\u00e3o Bento do Sul e Regi\u00e3o","article_author":"https:\/\/www.facebook.com\/seeb.sbs.9","article_published_time":"2018-01-19T18:38:45+00:00","og_image":[{"width":3184,"height":2120,"url":"https:\/\/sindicatodosbancarios.org.br\/site2022\/wp-content\/uploads\/2018\/01\/bolsa_fam2.jpg","type":"image\/jpeg"}],"author":"Sindicato dos Banc\u00e1rios S\u00e3o Bento do Sul e Regi\u00e3o","twitter_card":"summary_large_image","twitter_misc":{"Escrito por":"Sindicato dos Banc\u00e1rios S\u00e3o Bento do Sul e Regi\u00e3o","Est. tempo de leitura":"4 minutos"},"schema":{"@context":"https:\/\/schema.org","@graph":[{"@type":"Article","@id":"https:\/\/sindicatodosbancarios.org.br\/site2022\/2018\/01\/19\/informe-0082018-ataque-de-maia-ao-bolsa-familia-agrada-eleitor-de-direita\/#article","isPartOf":{"@id":"https:\/\/sindicatodosbancarios.org.br\/site2022\/2018\/01\/19\/informe-0082018-ataque-de-maia-ao-bolsa-familia-agrada-eleitor-de-direita\/"},"author":{"name":"Sindicato dos Banc\u00e1rios S\u00e3o Bento do Sul e Regi\u00e3o","@id":"https:\/\/sindicatodosbancarios.org.br\/site2022\/#\/schema\/person\/a7d92da77d1084df4d28b57962f1e1bd"},"headline":"INFORME 008\/2018 &#8211; ATAQUE DE MAIA AO BOLSA FAM\u00cdLIA AGRADA ELEITOR DE DIREITA","datePublished":"2018-01-19T18:38:45+00:00","dateModified":"2018-01-19T18:38:45+00:00","mainEntityOfPage":{"@id":"https:\/\/sindicatodosbancarios.org.br\/site2022\/2018\/01\/19\/informe-0082018-ataque-de-maia-ao-bolsa-familia-agrada-eleitor-de-direita\/"},"wordCount":869,"commentCount":0,"publisher":{"@id":"https:\/\/sindicatodosbancarios.org.br\/site2022\/#organization"},"articleSection":["Geral"],"inLanguage":"pt-BR","potentialAction":[{"@type":"CommentAction","name":"Comment","target":["https:\/\/sindicatodosbancarios.org.br\/site2022\/2018\/01\/19\/informe-0082018-ataque-de-maia-ao-bolsa-familia-agrada-eleitor-de-direita\/#respond"]}]},{"@type":"WebPage","@id":"https:\/\/sindicatodosbancarios.org.br\/site2022\/2018\/01\/19\/informe-0082018-ataque-de-maia-ao-bolsa-familia-agrada-eleitor-de-direita\/","url":"https:\/\/sindicatodosbancarios.org.br\/site2022\/2018\/01\/19\/informe-0082018-ataque-de-maia-ao-bolsa-familia-agrada-eleitor-de-direita\/","name":"INFORME 008\/2018 - ATAQUE DE MAIA AO BOLSA FAM\u00cdLIA AGRADA ELEITOR DE DIREITA - Sindicato dos Banc\u00e1rios de S\u00e3o Bento do Sul e Regi\u00e3o","isPartOf":{"@id":"https:\/\/sindicatodosbancarios.org.br\/site2022\/#website"},"datePublished":"2018-01-19T18:38:45+00:00","dateModified":"2018-01-19T18:38:45+00:00","breadcrumb":{"@id":"https:\/\/sindicatodosbancarios.org.br\/site2022\/2018\/01\/19\/informe-0082018-ataque-de-maia-ao-bolsa-familia-agrada-eleitor-de-direita\/#breadcrumb"},"inLanguage":"pt-BR","potentialAction":[{"@type":"ReadAction","target":["https:\/\/sindicatodosbancarios.org.br\/site2022\/2018\/01\/19\/informe-0082018-ataque-de-maia-ao-bolsa-familia-agrada-eleitor-de-direita\/"]}]},{"@type":"BreadcrumbList","@id":"https:\/\/sindicatodosbancarios.org.br\/site2022\/2018\/01\/19\/informe-0082018-ataque-de-maia-ao-bolsa-familia-agrada-eleitor-de-direita\/#breadcrumb","itemListElement":[{"@type":"ListItem","position":1,"name":"In\u00edcio","item":"https:\/\/sindicatodosbancarios.org.br\/site2022\/"},{"@type":"ListItem","position":2,"name":"INFORME 008\/2018 &#8211; ATAQUE DE MAIA AO BOLSA FAM\u00cdLIA AGRADA ELEITOR DE DIREITA"}]},{"@type":"WebSite","@id":"https:\/\/sindicatodosbancarios.org.br\/site2022\/#website","url":"https:\/\/sindicatodosbancarios.org.br\/site2022\/","name":"Sindicato dos Banc\u00e1rios de S\u00e3o Bento do Sul e Regi\u00e3o","description":"Website institucional do Sindicato dos Banc\u00e1rios de S\u00e3o Bento do Sul e Regi\u00e3o","publisher":{"@id":"https:\/\/sindicatodosbancarios.org.br\/site2022\/#organization"},"potentialAction":[{"@type":"SearchAction","target":{"@type":"EntryPoint","urlTemplate":"https:\/\/sindicatodosbancarios.org.br\/site2022\/?s={search_term_string}"},"query-input":"required name=search_term_string"}],"inLanguage":"pt-BR"},{"@type":"Organization","@id":"https:\/\/sindicatodosbancarios.org.br\/site2022\/#organization","name":"Sindicato dos Banc\u00e1rios de S\u00e3o Bento do Sul e Regi\u00e3o","url":"https:\/\/sindicatodosbancarios.org.br\/site2022\/","logo":{"@type":"ImageObject","inLanguage":"pt-BR","@id":"https:\/\/sindicatodosbancarios.org.br\/site2022\/#\/schema\/logo\/image\/","url":"https:\/\/sindicatodosbancarios.org.br\/site2022\/wp-content\/uploads\/2017\/06\/cropped-logo-2.png","contentUrl":"https:\/\/sindicatodosbancarios.org.br\/site2022\/wp-content\/uploads\/2017\/06\/cropped-logo-2.png","width":292,"height":292,"caption":"Sindicato dos Banc\u00e1rios de S\u00e3o Bento do Sul e Regi\u00e3o"},"image":{"@id":"https:\/\/sindicatodosbancarios.org.br\/site2022\/#\/schema\/logo\/image\/"}},{"@type":"Person","@id":"https:\/\/sindicatodosbancarios.org.br\/site2022\/#\/schema\/person\/a7d92da77d1084df4d28b57962f1e1bd","name":"Sindicato dos Banc\u00e1rios S\u00e3o Bento do Sul e Regi\u00e3o","image":{"@type":"ImageObject","inLanguage":"pt-BR","@id":"https:\/\/sindicatodosbancarios.org.br\/site2022\/#\/schema\/person\/image\/","url":"https:\/\/secure.gravatar.com\/avatar\/f1d1a06f698f2345352e539387180d42?s=96&d=mm&r=g","contentUrl":"https:\/\/secure.gravatar.com\/avatar\/f1d1a06f698f2345352e539387180d42?s=96&d=mm&r=g","caption":"Sindicato dos Banc\u00e1rios S\u00e3o Bento do Sul e Regi\u00e3o"},"sameAs":["http:\/\/sindicatodosbancarios.org.br\/site2022\/","https:\/\/www.facebook.com\/seeb.sbs.9"],"url":"https:\/\/sindicatodosbancarios.org.br\/site2022\/author\/sindicatodosbancarios\/"}]}},"jetpack_featured_media_url":"https:\/\/sindicatodosbancarios.org.br\/site2022\/wp-content\/uploads\/2018\/01\/bolsa_fam2.jpg","jetpack_sharing_enabled":true,"jetpack_shortlink":"https:\/\/wp.me\/p8RSbI-Cs","jetpack-related-posts":[{"id":4936,"url":"https:\/\/sindicatodosbancarios.org.br\/site2022\/2020\/12\/28\/informe-bancario-476-2020-apos-acusacao-de-bolsonaro-maia-pauta-mp-do-auxilio-emergencial-e-governo-tenta-reverter\/","url_meta":{"origin":2384,"position":0},"title":"INFORME BANC\u00c1RIO \u2013 476\/2020 Ap\u00f3s acusa\u00e7\u00e3o de Bolsonaro, Maia pauta MP do aux\u00edlio emergencial e governo tenta reverter","date":"28 de dezembro de 2020","format":false,"excerpt":"Na noite de quinta, o presidente disse que n\u00e3o vai haver 13\u00ba do Bolsa Fam\u00edlia em 2021 porque o parlamentar deixou a medida provis\u00f3ria sobre o assunto caducar. C\u00e2mara tem sess\u00e3o nesta sexta. Ap\u00f3s\u00a0Jair Bolsonaro\u00a0(sem partido) acusar o presidente da C\u00e2mara de n\u00e3o votar a 13\u00ba parcela do Bolsa Fam\u00edlia,\u00a0Rodrigo\u2026","rel":"","context":"Em &quot;Geral&quot;","img":{"alt_text":"","src":"https:\/\/i0.wp.com\/sindicatodosbancarios.org.br\/site2022\/wp-content\/uploads\/2020\/12\/brasil-bolsonaro-maia-20181114-001.jpeg?resize=350%2C200&ssl=1","width":350,"height":200},"classes":[]},{"id":4981,"url":"https:\/\/sindicatodosbancarios.org.br\/site2022\/2021\/01\/07\/informe-bancario-488-2021-bolsa-familia-sera-o-novo-auxilio-emergencial-em-2021-programa-pode-ganhar-bonus-e-valores-extras\/","url_meta":{"origin":2384,"position":1},"title":"INFORME BANC\u00c1RIO \u2013 10\/2021 Bolsa Fam\u00edlia ser\u00e1 o novo aux\u00edlio emergencial em 2021? Programa pode ganhar b\u00f4nus e valores extras","date":"7 de janeiro de 2021","format":false,"excerpt":"Turbinada no programa social do governo federal e retorno aos pagamentos s\u00e3o apostas para ajudar fam\u00edlias em vulnerabilidade social a se manterem neste ano. O presidente Jair Bolsonaro (sem partido) declarou que \u201cprorrogar o aux\u00edlio emergencial \u00e9 o caminho certo para o insucesso\u201d. Sendo assim, s\u00e3o quase nulas as chances\u2026","rel":"","context":"Em &quot;Geral&quot;","img":{"alt_text":"","src":"https:\/\/i0.wp.com\/sindicatodosbancarios.org.br\/site2022\/wp-content\/uploads\/2020\/11\/GettyImages-1170902492-1.jpg?resize=350%2C200&ssl=1","width":350,"height":200},"classes":[]},{"id":4911,"url":"https:\/\/sindicatodosbancarios.org.br\/site2022\/2020\/12\/18\/informe-bancario-468-2020-relator-nao-vai-incluir-termo-de-responsabilidade-em-mp-sobre-a-vacina-diz-maia\/","url_meta":{"origin":2384,"position":2},"title":"INFORME BANC\u00c1RIO \u2013 468\/2020 Relator n\u00e3o vai incluir termo de responsabilidade em MP sobre a vacina, diz Maia","date":"18 de dezembro de 2020","format":false,"excerpt":"O presidente da\u00a0C\u00e2mara dos Deputados,\u00a0Rodrigo Maia\u00a0(DEM-RJ), disse que o relat\u00f3rio da Medida Provis\u00f3ria (MP) 1003\/20, que trata da ades\u00e3o do\u00a0Brasil\u00a0\u00e0 alian\u00e7a global pela\u00a0vacina\u00a0igualit\u00e1ria contra a\u00a0Covid-19, n\u00e3o vai incluir o termo de responsabilidade exigido pelo governo para vacinar a popula\u00e7\u00e3o. O relator da MP \u00e9 o deputado Geninho Zuliani (DEM-SP), do\u2026","rel":"","context":"Em &quot;Geral&quot;","img":{"alt_text":"","src":"https:\/\/i0.wp.com\/sindicatodosbancarios.org.br\/site2022\/wp-content\/uploads\/2020\/12\/rodrigo-maia-3.jpg?resize=350%2C200&ssl=1","width":350,"height":200},"classes":[]},{"id":4682,"url":"https:\/\/sindicatodosbancarios.org.br\/site2022\/2020\/10\/23\/informe-bancario-403-2020-os-brasileiros-tem-direito-a-qualquer-vacina-que-esteja-pronta-diz-maia\/","url_meta":{"origin":2384,"position":3},"title":"INFORME BANC\u00c1RIO \u2013 403\/2020 \u201cOs brasileiros t\u00eam direito a qualquer vacina que esteja pronta\u201d, diz Maia","date":"23 de outubro de 2020","format":false,"excerpt":"O presidente da C\u00e2mara, Rodrigo Maia, participa de coletiva do governador Jo\u00e3o Doria, em SP, e d\u00e1 apoio \u00e0 ado\u00e7\u00e3o da vacina Coronavac, em teste pelo Butantan. O presidente da C\u00e2mara dos Deputados,\u00a0Rodrigo Maia, o lado do governador de S\u00e3o Paulo,\u00a0Jo\u00e3o Doria, defendeu nesta sexta-feira, 23, a compra da vacina\u2026","rel":"","context":"Em &quot;Geral&quot;","img":{"alt_text":"","src":"https:\/\/i0.wp.com\/sindicatodosbancarios.org.br\/site2022\/wp-content\/uploads\/2020\/10\/maia-doria-youtube-1.jpg?resize=350%2C200&ssl=1","width":350,"height":200},"classes":[]},{"id":4474,"url":"https:\/\/sindicatodosbancarios.org.br\/site2022\/2020\/09\/11\/informe-bancario-340-2020-governo-endurece-regra-para-ter-direito-as-4-parcelas-de-r-300-do-auxilio\/","url_meta":{"origin":2384,"position":4},"title":"INFORME BANC\u00c1RIO \u2013 340\/2020 Governo endurece regra para ter direito \u00e0s 4 parcelas de R$ 300 do aux\u00edlio","date":"11 de setembro de 2020","format":false,"excerpt":"A medida provis\u00f3ria publicada nesta quinta-feira (3) que prorrogou o aux\u00edlio emergencial com mais quatro parcelas de R$ 300 tamb\u00e9m alterou os crit\u00e9rios de renda para ter direito \u00e0 ajuda do governo federal. Al\u00e9m das regras previstas na lei que criou o aux\u00edlio emergencial, agora h\u00e1 novos fatores que podem\u2026","rel":"","context":"Em &quot;Geral&quot;","img":{"alt_text":"","src":"https:\/\/i0.wp.com\/sindicatodosbancarios.org.br\/site2022\/wp-content\/uploads\/2020\/06\/app-caixa-07042020120509129.png?resize=350%2C200&ssl=1","width":350,"height":200},"classes":[]},{"id":4628,"url":"https:\/\/sindicatodosbancarios.org.br\/site2022\/2020\/10\/13\/informe-bancario-385-2020-governo-quer-extinguir-desconto-de-20-em-declaracao-simplificada-do-ir\/","url_meta":{"origin":2384,"position":5},"title":"INFORME BANC\u00c1RIO \u2013 385\/2020 Governo quer extinguir desconto de 20% em declara\u00e7\u00e3o simplificada do IR","date":"13 de outubro de 2020","format":false,"excerpt":"Com o objetivo de financiar o Renda Cidad\u00e3, o governo estuda extinguir o desconto de 20% concedido automaticamente a contribuintes que optam pela declara\u00e7\u00e3o simplificada do Imposto de Renda da pessoa f\u00edsica. A medida pode atingir mais de 17 milh\u00f5es de pessoas. Em substitui\u00e7\u00e3o, segundo fontes que participam da elabora\u00e7\u00e3o\u2026","rel":"","context":"Em &quot;Geral&quot;","img":{"alt_text":"","src":"https:\/\/i0.wp.com\/sindicatodosbancarios.org.br\/site2022\/wp-content\/uploads\/2020\/10\/c76e6b70-072c-11eb-ab6e-c7853fc44e3c.jpg?resize=350%2C200&ssl=1","width":350,"height":200},"classes":[]}],"_links":{"self":[{"href":"https:\/\/sindicatodosbancarios.org.br\/site2022\/wp-json\/wp\/v2\/posts\/2384"}],"collection":[{"href":"https:\/\/sindicatodosbancarios.org.br\/site2022\/wp-json\/wp\/v2\/posts"}],"about":[{"href":"https:\/\/sindicatodosbancarios.org.br\/site2022\/wp-json\/wp\/v2\/types\/post"}],"author":[{"embeddable":true,"href":"https:\/\/sindicatodosbancarios.org.br\/site2022\/wp-json\/wp\/v2\/users\/2"}],"replies":[{"embeddable":true,"href":"https:\/\/sindicatodosbancarios.org.br\/site2022\/wp-json\/wp\/v2\/comments?post=2384"}],"version-history":[{"count":1,"href":"https:\/\/sindicatodosbancarios.org.br\/site2022\/wp-json\/wp\/v2\/posts\/2384\/revisions"}],"predecessor-version":[{"id":2388,"href":"https:\/\/sindicatodosbancarios.org.br\/site2022\/wp-json\/wp\/v2\/posts\/2384\/revisions\/2388"}],"wp:featuredmedia":[{"embeddable":true,"href":"https:\/\/sindicatodosbancarios.org.br\/site2022\/wp-json\/wp\/v2\/media\/2387"}],"wp:attachment":[{"href":"https:\/\/sindicatodosbancarios.org.br\/site2022\/wp-json\/wp\/v2\/media?parent=2384"}],"wp:term":[{"taxonomy":"category","embeddable":true,"href":"https:\/\/sindicatodosbancarios.org.br\/site2022\/wp-json\/wp\/v2\/categories?post=2384"},{"taxonomy":"post_tag","embeddable":true,"href":"https:\/\/sindicatodosbancarios.org.br\/site2022\/wp-json\/wp\/v2\/tags?post=2384"}],"curies":[{"name":"wp","href":"https:\/\/api.w.org\/{rel}","templated":true}]}}