{"id":2393,"date":"2018-01-22T17:22:34","date_gmt":"2018-01-22T19:22:34","guid":{"rendered":"http:\/\/sindicatodosbancarios.org.br\/?p=2393"},"modified":"2018-01-22T17:22:34","modified_gmt":"2018-01-22T19:22:34","slug":"informe-0102018-carmen-lucia-suspende-posse-de-cristiane-brasil-no-ministerio-do-trabalho","status":"publish","type":"post","link":"https:\/\/sindicatodosbancarios.org.br\/site2022\/2018\/01\/22\/informe-0102018-carmen-lucia-suspende-posse-de-cristiane-brasil-no-ministerio-do-trabalho\/","title":{"rendered":"INFORME 010\/2018 &#8211;  C\u00c1RMEN L\u00daCIA SUSPENDE POSSE DE CRISTIANE BRASIL NO MINIST\u00c9RIO DO TRABALHO"},"content":{"rendered":"<p>Em uma decis\u00e3o tomada no fim da noite de domingo (21\/01\/18), a Ministra C\u00e1rmen L\u00facia, Presidente do Supremo Tribunal Federal (STF) suspendeu temporariamente a posse da Deputada Cristiane Brasil (PTB-RJ) no Minist\u00e9rio do Trabalho. A decis\u00e3o \u00e9 liminar e pode ser revista assim que todo o processo que estava no Superior Tribunal de Justi\u00e7a (STJ) chegar \u00e0 Suprema Corte.<\/p>\n<p>Ao avaliar o caso, a Ministra entendeu que \u201ccabe ao STF analisar quest\u00f5es infraconstitucionais e decidir sobre a posse de autoridades com foro privilegiado\u201d. C\u00e1rmen L\u00facia deu o prazo de 48 horas para que o Minist\u00e9rio P\u00fablico Federal se manifeste sobre o assunto.<\/p>\n<p>A posse estava marcada para \u00e0s 9h da manh\u00e3 desta segunda (22\/01\/18), no Pal\u00e1cio do Planalto. De acordo com a assessoria de imprensa do STF, o inteiro teor da decis\u00e3o do STJ que suspendeu a cerim\u00f4nia ainda n\u00e3o foi tornado p\u00fablico. Cristiane \u00e9 alvo de a\u00e7\u00f5es de diversos advogados trabalhistas que pedem o impedimento do ingresso dela no cargo em decorr\u00eancia de um processo trabalhista que ela perdeu para dois de seus motoristas.<\/p>\n<p>O Movimento dos Advogados Trabalhistas Independentes (MATI) foi o autor do recurso contra liminar do STJ que autorizava a posse da parlamentar, proferida pelo Vice-presidente do Tribunal, Ministro Humberto Martins. O jurista Marcos Chehab disse neste domingo (21\/01\/18) ao Correio que a decis\u00e3o foi \u201cabsurda\u201d e clara \u201cofensa\u201d \u00e0 Constitui\u00e7\u00e3o Brasileira, porque, de acordo com ele, cabia ao STF definir o caso.<\/p>\n<p>A solenidade de posse seria feita no gabinete do presidente, Michel Temer, com a presen\u00e7a do chefe do Executivo e o ministro-chefe da Casa Civil, Eliseu Padilha. O pai de Cristine Brasil, deputado Roberto Jefferson, que \u00e9 presidente do PTB e condenado no processo do mensal\u00e3o, disse ao Correio que n\u00e3o participaria da cerim\u00f4nia por causa de um \u201ccompromisso importante\u201d.<\/p>\n<p><span style=\"font-size: 8pt;\"><em>Fonte: CORREIO BRAZILIENSE<\/em><\/span><\/p>\n<p>&nbsp;<\/p>\n","protected":false},"excerpt":{"rendered":"<p>Em uma decis\u00e3o tomada no fim da noite de domingo (21\/01\/18), a Ministra C\u00e1rmen L\u00facia, Presidente do Supremo [&hellip;]<\/p>\n","protected":false},"author":2,"featured_media":1759,"comment_status":"open","ping_status":"open","sticky":false,"template":"","format":"standard","meta":{"jetpack_post_was_ever_published":false,"jetpack_publicize_message":"","jetpack_is_tweetstorm":false,"jetpack_publicize_feature_enabled":true,"jetpack_social_post_already_shared":true,"jetpack_social_options":[]},"categories":[1],"tags":[],"jetpack_publicize_connections":[],"acf":[],"yoast_head":"<!-- This site is optimized with the Yoast SEO plugin v19.14 - https:\/\/yoast.com\/wordpress\/plugins\/seo\/ -->\n<title>INFORME 010\/2018 - C\u00c1RMEN L\u00daCIA SUSPENDE POSSE DE CRISTIANE BRASIL NO MINIST\u00c9RIO DO TRABALHO - Sindicato dos Banc\u00e1rios de S\u00e3o Bento do Sul e Regi\u00e3o<\/title>\n<meta name=\"robots\" content=\"index, follow, max-snippet:-1, max-image-preview:large, max-video-preview:-1\" \/>\n<link rel=\"canonical\" href=\"https:\/\/sindicatodosbancarios.org.br\/site2022\/2018\/01\/22\/informe-0102018-carmen-lucia-suspende-posse-de-cristiane-brasil-no-ministerio-do-trabalho\/\" \/>\n<meta property=\"og:locale\" content=\"pt_BR\" \/>\n<meta property=\"og:type\" content=\"article\" \/>\n<meta property=\"og:title\" content=\"INFORME 010\/2018 - C\u00c1RMEN L\u00daCIA SUSPENDE POSSE DE CRISTIANE BRASIL NO MINIST\u00c9RIO DO TRABALHO - Sindicato dos Banc\u00e1rios de S\u00e3o Bento do Sul e Regi\u00e3o\" \/>\n<meta property=\"og:description\" content=\"Em uma decis\u00e3o tomada no fim da noite de domingo (21\/01\/18), a Ministra C\u00e1rmen L\u00facia, Presidente do Supremo [&hellip;]\" \/>\n<meta property=\"og:url\" content=\"https:\/\/sindicatodosbancarios.org.br\/site2022\/2018\/01\/22\/informe-0102018-carmen-lucia-suspende-posse-de-cristiane-brasil-no-ministerio-do-trabalho\/\" \/>\n<meta property=\"og:site_name\" content=\"Sindicato dos Banc\u00e1rios de S\u00e3o Bento do Sul e Regi\u00e3o\" \/>\n<meta property=\"article:author\" content=\"https:\/\/www.facebook.com\/seeb.sbs.9\" \/>\n<meta property=\"article:published_time\" content=\"2018-01-22T19:22:34+00:00\" \/>\n<meta property=\"og:image\" content=\"https:\/\/sindicatodosbancarios.org.br\/site2022\/wp-content\/uploads\/2017\/09\/justica123.jpg\" \/>\n\t<meta property=\"og:image:width\" content=\"1107\" \/>\n\t<meta property=\"og:image:height\" content=\"738\" \/>\n\t<meta property=\"og:image:type\" content=\"image\/jpeg\" \/>\n<meta name=\"author\" content=\"Sindicato dos Banc\u00e1rios S\u00e3o Bento do Sul e Regi\u00e3o\" \/>\n<meta name=\"twitter:card\" content=\"summary_large_image\" \/>\n<meta name=\"twitter:label1\" content=\"Escrito por\" \/>\n\t<meta name=\"twitter:data1\" content=\"Sindicato dos Banc\u00e1rios S\u00e3o Bento do Sul e Regi\u00e3o\" \/>\n\t<meta name=\"twitter:label2\" content=\"Est. tempo de leitura\" \/>\n\t<meta name=\"twitter:data2\" content=\"2 minutos\" \/>\n<script type=\"application\/ld+json\" class=\"yoast-schema-graph\">{\"@context\":\"https:\/\/schema.org\",\"@graph\":[{\"@type\":\"Article\",\"@id\":\"https:\/\/sindicatodosbancarios.org.br\/site2022\/2018\/01\/22\/informe-0102018-carmen-lucia-suspende-posse-de-cristiane-brasil-no-ministerio-do-trabalho\/#article\",\"isPartOf\":{\"@id\":\"https:\/\/sindicatodosbancarios.org.br\/site2022\/2018\/01\/22\/informe-0102018-carmen-lucia-suspende-posse-de-cristiane-brasil-no-ministerio-do-trabalho\/\"},\"author\":{\"name\":\"Sindicato dos Banc\u00e1rios S\u00e3o Bento do Sul e Regi\u00e3o\",\"@id\":\"https:\/\/sindicatodosbancarios.org.br\/site2022\/#\/schema\/person\/a7d92da77d1084df4d28b57962f1e1bd\"},\"headline\":\"INFORME 010\/2018 &#8211; C\u00c1RMEN L\u00daCIA SUSPENDE POSSE DE CRISTIANE BRASIL NO MINIST\u00c9RIO DO TRABALHO\",\"datePublished\":\"2018-01-22T19:22:34+00:00\",\"dateModified\":\"2018-01-22T19:22:34+00:00\",\"mainEntityOfPage\":{\"@id\":\"https:\/\/sindicatodosbancarios.org.br\/site2022\/2018\/01\/22\/informe-0102018-carmen-lucia-suspende-posse-de-cristiane-brasil-no-ministerio-do-trabalho\/\"},\"wordCount\":332,\"commentCount\":0,\"publisher\":{\"@id\":\"https:\/\/sindicatodosbancarios.org.br\/site2022\/#organization\"},\"articleSection\":[\"Geral\"],\"inLanguage\":\"pt-BR\",\"potentialAction\":[{\"@type\":\"CommentAction\",\"name\":\"Comment\",\"target\":[\"https:\/\/sindicatodosbancarios.org.br\/site2022\/2018\/01\/22\/informe-0102018-carmen-lucia-suspende-posse-de-cristiane-brasil-no-ministerio-do-trabalho\/#respond\"]}]},{\"@type\":\"WebPage\",\"@id\":\"https:\/\/sindicatodosbancarios.org.br\/site2022\/2018\/01\/22\/informe-0102018-carmen-lucia-suspende-posse-de-cristiane-brasil-no-ministerio-do-trabalho\/\",\"url\":\"https:\/\/sindicatodosbancarios.org.br\/site2022\/2018\/01\/22\/informe-0102018-carmen-lucia-suspende-posse-de-cristiane-brasil-no-ministerio-do-trabalho\/\",\"name\":\"INFORME 010\/2018 - C\u00c1RMEN L\u00daCIA SUSPENDE POSSE DE CRISTIANE BRASIL NO MINIST\u00c9RIO DO TRABALHO - Sindicato dos Banc\u00e1rios de S\u00e3o Bento do Sul e Regi\u00e3o\",\"isPartOf\":{\"@id\":\"https:\/\/sindicatodosbancarios.org.br\/site2022\/#website\"},\"datePublished\":\"2018-01-22T19:22:34+00:00\",\"dateModified\":\"2018-01-22T19:22:34+00:00\",\"breadcrumb\":{\"@id\":\"https:\/\/sindicatodosbancarios.org.br\/site2022\/2018\/01\/22\/informe-0102018-carmen-lucia-suspende-posse-de-cristiane-brasil-no-ministerio-do-trabalho\/#breadcrumb\"},\"inLanguage\":\"pt-BR\",\"potentialAction\":[{\"@type\":\"ReadAction\",\"target\":[\"https:\/\/sindicatodosbancarios.org.br\/site2022\/2018\/01\/22\/informe-0102018-carmen-lucia-suspende-posse-de-cristiane-brasil-no-ministerio-do-trabalho\/\"]}]},{\"@type\":\"BreadcrumbList\",\"@id\":\"https:\/\/sindicatodosbancarios.org.br\/site2022\/2018\/01\/22\/informe-0102018-carmen-lucia-suspende-posse-de-cristiane-brasil-no-ministerio-do-trabalho\/#breadcrumb\",\"itemListElement\":[{\"@type\":\"ListItem\",\"position\":1,\"name\":\"In\u00edcio\",\"item\":\"https:\/\/sindicatodosbancarios.org.br\/site2022\/\"},{\"@type\":\"ListItem\",\"position\":2,\"name\":\"INFORME 010\/2018 &#8211; C\u00c1RMEN L\u00daCIA SUSPENDE POSSE DE CRISTIANE BRASIL NO MINIST\u00c9RIO DO TRABALHO\"}]},{\"@type\":\"WebSite\",\"@id\":\"https:\/\/sindicatodosbancarios.org.br\/site2022\/#website\",\"url\":\"https:\/\/sindicatodosbancarios.org.br\/site2022\/\",\"name\":\"Sindicato dos Banc\u00e1rios de S\u00e3o Bento do Sul e Regi\u00e3o\",\"description\":\"Website institucional do Sindicato dos Banc\u00e1rios de S\u00e3o Bento do Sul e Regi\u00e3o\",\"publisher\":{\"@id\":\"https:\/\/sindicatodosbancarios.org.br\/site2022\/#organization\"},\"potentialAction\":[{\"@type\":\"SearchAction\",\"target\":{\"@type\":\"EntryPoint\",\"urlTemplate\":\"https:\/\/sindicatodosbancarios.org.br\/site2022\/?s={search_term_string}\"},\"query-input\":\"required name=search_term_string\"}],\"inLanguage\":\"pt-BR\"},{\"@type\":\"Organization\",\"@id\":\"https:\/\/sindicatodosbancarios.org.br\/site2022\/#organization\",\"name\":\"Sindicato dos Banc\u00e1rios de S\u00e3o Bento do Sul e Regi\u00e3o\",\"url\":\"https:\/\/sindicatodosbancarios.org.br\/site2022\/\",\"logo\":{\"@type\":\"ImageObject\",\"inLanguage\":\"pt-BR\",\"@id\":\"https:\/\/sindicatodosbancarios.org.br\/site2022\/#\/schema\/logo\/image\/\",\"url\":\"https:\/\/sindicatodosbancarios.org.br\/site2022\/wp-content\/uploads\/2017\/06\/cropped-logo-2.png\",\"contentUrl\":\"https:\/\/sindicatodosbancarios.org.br\/site2022\/wp-content\/uploads\/2017\/06\/cropped-logo-2.png\",\"width\":292,\"height\":292,\"caption\":\"Sindicato dos Banc\u00e1rios de S\u00e3o Bento do Sul e Regi\u00e3o\"},\"image\":{\"@id\":\"https:\/\/sindicatodosbancarios.org.br\/site2022\/#\/schema\/logo\/image\/\"}},{\"@type\":\"Person\",\"@id\":\"https:\/\/sindicatodosbancarios.org.br\/site2022\/#\/schema\/person\/a7d92da77d1084df4d28b57962f1e1bd\",\"name\":\"Sindicato dos Banc\u00e1rios S\u00e3o Bento do Sul e Regi\u00e3o\",\"image\":{\"@type\":\"ImageObject\",\"inLanguage\":\"pt-BR\",\"@id\":\"https:\/\/sindicatodosbancarios.org.br\/site2022\/#\/schema\/person\/image\/\",\"url\":\"https:\/\/secure.gravatar.com\/avatar\/f1d1a06f698f2345352e539387180d42?s=96&d=mm&r=g\",\"contentUrl\":\"https:\/\/secure.gravatar.com\/avatar\/f1d1a06f698f2345352e539387180d42?s=96&d=mm&r=g\",\"caption\":\"Sindicato dos Banc\u00e1rios S\u00e3o Bento do Sul e Regi\u00e3o\"},\"sameAs\":[\"http:\/\/sindicatodosbancarios.org.br\/site2022\/\",\"https:\/\/www.facebook.com\/seeb.sbs.9\"],\"url\":\"https:\/\/sindicatodosbancarios.org.br\/site2022\/author\/sindicatodosbancarios\/\"}]}<\/script>\n<!-- \/ Yoast SEO plugin. -->","yoast_head_json":{"title":"INFORME 010\/2018 - C\u00c1RMEN L\u00daCIA SUSPENDE POSSE DE CRISTIANE BRASIL NO MINIST\u00c9RIO DO TRABALHO - Sindicato dos Banc\u00e1rios de S\u00e3o Bento do Sul e Regi\u00e3o","robots":{"index":"index","follow":"follow","max-snippet":"max-snippet:-1","max-image-preview":"max-image-preview:large","max-video-preview":"max-video-preview:-1"},"canonical":"https:\/\/sindicatodosbancarios.org.br\/site2022\/2018\/01\/22\/informe-0102018-carmen-lucia-suspende-posse-de-cristiane-brasil-no-ministerio-do-trabalho\/","og_locale":"pt_BR","og_type":"article","og_title":"INFORME 010\/2018 - C\u00c1RMEN L\u00daCIA SUSPENDE POSSE DE CRISTIANE BRASIL NO MINIST\u00c9RIO DO TRABALHO - Sindicato dos Banc\u00e1rios de S\u00e3o Bento do Sul e Regi\u00e3o","og_description":"Em uma decis\u00e3o tomada no fim da noite de domingo (21\/01\/18), a Ministra C\u00e1rmen L\u00facia, Presidente do Supremo [&hellip;]","og_url":"https:\/\/sindicatodosbancarios.org.br\/site2022\/2018\/01\/22\/informe-0102018-carmen-lucia-suspende-posse-de-cristiane-brasil-no-ministerio-do-trabalho\/","og_site_name":"Sindicato dos Banc\u00e1rios de S\u00e3o Bento do Sul e Regi\u00e3o","article_author":"https:\/\/www.facebook.com\/seeb.sbs.9","article_published_time":"2018-01-22T19:22:34+00:00","og_image":[{"width":1107,"height":738,"url":"https:\/\/sindicatodosbancarios.org.br\/site2022\/wp-content\/uploads\/2017\/09\/justica123.jpg","type":"image\/jpeg"}],"author":"Sindicato dos Banc\u00e1rios S\u00e3o Bento do Sul e Regi\u00e3o","twitter_card":"summary_large_image","twitter_misc":{"Escrito por":"Sindicato dos Banc\u00e1rios S\u00e3o Bento do Sul e Regi\u00e3o","Est. tempo de leitura":"2 minutos"},"schema":{"@context":"https:\/\/schema.org","@graph":[{"@type":"Article","@id":"https:\/\/sindicatodosbancarios.org.br\/site2022\/2018\/01\/22\/informe-0102018-carmen-lucia-suspende-posse-de-cristiane-brasil-no-ministerio-do-trabalho\/#article","isPartOf":{"@id":"https:\/\/sindicatodosbancarios.org.br\/site2022\/2018\/01\/22\/informe-0102018-carmen-lucia-suspende-posse-de-cristiane-brasil-no-ministerio-do-trabalho\/"},"author":{"name":"Sindicato dos Banc\u00e1rios S\u00e3o Bento do Sul e Regi\u00e3o","@id":"https:\/\/sindicatodosbancarios.org.br\/site2022\/#\/schema\/person\/a7d92da77d1084df4d28b57962f1e1bd"},"headline":"INFORME 010\/2018 &#8211; C\u00c1RMEN L\u00daCIA SUSPENDE POSSE DE CRISTIANE BRASIL NO MINIST\u00c9RIO DO TRABALHO","datePublished":"2018-01-22T19:22:34+00:00","dateModified":"2018-01-22T19:22:34+00:00","mainEntityOfPage":{"@id":"https:\/\/sindicatodosbancarios.org.br\/site2022\/2018\/01\/22\/informe-0102018-carmen-lucia-suspende-posse-de-cristiane-brasil-no-ministerio-do-trabalho\/"},"wordCount":332,"commentCount":0,"publisher":{"@id":"https:\/\/sindicatodosbancarios.org.br\/site2022\/#organization"},"articleSection":["Geral"],"inLanguage":"pt-BR","potentialAction":[{"@type":"CommentAction","name":"Comment","target":["https:\/\/sindicatodosbancarios.org.br\/site2022\/2018\/01\/22\/informe-0102018-carmen-lucia-suspende-posse-de-cristiane-brasil-no-ministerio-do-trabalho\/#respond"]}]},{"@type":"WebPage","@id":"https:\/\/sindicatodosbancarios.org.br\/site2022\/2018\/01\/22\/informe-0102018-carmen-lucia-suspende-posse-de-cristiane-brasil-no-ministerio-do-trabalho\/","url":"https:\/\/sindicatodosbancarios.org.br\/site2022\/2018\/01\/22\/informe-0102018-carmen-lucia-suspende-posse-de-cristiane-brasil-no-ministerio-do-trabalho\/","name":"INFORME 010\/2018 - C\u00c1RMEN L\u00daCIA SUSPENDE POSSE DE CRISTIANE BRASIL NO MINIST\u00c9RIO DO TRABALHO - Sindicato dos Banc\u00e1rios de S\u00e3o Bento do Sul e Regi\u00e3o","isPartOf":{"@id":"https:\/\/sindicatodosbancarios.org.br\/site2022\/#website"},"datePublished":"2018-01-22T19:22:34+00:00","dateModified":"2018-01-22T19:22:34+00:00","breadcrumb":{"@id":"https:\/\/sindicatodosbancarios.org.br\/site2022\/2018\/01\/22\/informe-0102018-carmen-lucia-suspende-posse-de-cristiane-brasil-no-ministerio-do-trabalho\/#breadcrumb"},"inLanguage":"pt-BR","potentialAction":[{"@type":"ReadAction","target":["https:\/\/sindicatodosbancarios.org.br\/site2022\/2018\/01\/22\/informe-0102018-carmen-lucia-suspende-posse-de-cristiane-brasil-no-ministerio-do-trabalho\/"]}]},{"@type":"BreadcrumbList","@id":"https:\/\/sindicatodosbancarios.org.br\/site2022\/2018\/01\/22\/informe-0102018-carmen-lucia-suspende-posse-de-cristiane-brasil-no-ministerio-do-trabalho\/#breadcrumb","itemListElement":[{"@type":"ListItem","position":1,"name":"In\u00edcio","item":"https:\/\/sindicatodosbancarios.org.br\/site2022\/"},{"@type":"ListItem","position":2,"name":"INFORME 010\/2018 &#8211; C\u00c1RMEN L\u00daCIA SUSPENDE POSSE DE CRISTIANE BRASIL NO MINIST\u00c9RIO DO TRABALHO"}]},{"@type":"WebSite","@id":"https:\/\/sindicatodosbancarios.org.br\/site2022\/#website","url":"https:\/\/sindicatodosbancarios.org.br\/site2022\/","name":"Sindicato dos Banc\u00e1rios de S\u00e3o Bento do Sul e Regi\u00e3o","description":"Website institucional do Sindicato dos Banc\u00e1rios de S\u00e3o Bento do Sul e Regi\u00e3o","publisher":{"@id":"https:\/\/sindicatodosbancarios.org.br\/site2022\/#organization"},"potentialAction":[{"@type":"SearchAction","target":{"@type":"EntryPoint","urlTemplate":"https:\/\/sindicatodosbancarios.org.br\/site2022\/?s={search_term_string}"},"query-input":"required name=search_term_string"}],"inLanguage":"pt-BR"},{"@type":"Organization","@id":"https:\/\/sindicatodosbancarios.org.br\/site2022\/#organization","name":"Sindicato dos Banc\u00e1rios de S\u00e3o Bento do Sul e Regi\u00e3o","url":"https:\/\/sindicatodosbancarios.org.br\/site2022\/","logo":{"@type":"ImageObject","inLanguage":"pt-BR","@id":"https:\/\/sindicatodosbancarios.org.br\/site2022\/#\/schema\/logo\/image\/","url":"https:\/\/sindicatodosbancarios.org.br\/site2022\/wp-content\/uploads\/2017\/06\/cropped-logo-2.png","contentUrl":"https:\/\/sindicatodosbancarios.org.br\/site2022\/wp-content\/uploads\/2017\/06\/cropped-logo-2.png","width":292,"height":292,"caption":"Sindicato dos Banc\u00e1rios de S\u00e3o Bento do Sul e Regi\u00e3o"},"image":{"@id":"https:\/\/sindicatodosbancarios.org.br\/site2022\/#\/schema\/logo\/image\/"}},{"@type":"Person","@id":"https:\/\/sindicatodosbancarios.org.br\/site2022\/#\/schema\/person\/a7d92da77d1084df4d28b57962f1e1bd","name":"Sindicato dos Banc\u00e1rios S\u00e3o Bento do Sul e Regi\u00e3o","image":{"@type":"ImageObject","inLanguage":"pt-BR","@id":"https:\/\/sindicatodosbancarios.org.br\/site2022\/#\/schema\/person\/image\/","url":"https:\/\/secure.gravatar.com\/avatar\/f1d1a06f698f2345352e539387180d42?s=96&d=mm&r=g","contentUrl":"https:\/\/secure.gravatar.com\/avatar\/f1d1a06f698f2345352e539387180d42?s=96&d=mm&r=g","caption":"Sindicato dos Banc\u00e1rios S\u00e3o Bento do Sul e Regi\u00e3o"},"sameAs":["http:\/\/sindicatodosbancarios.org.br\/site2022\/","https:\/\/www.facebook.com\/seeb.sbs.9"],"url":"https:\/\/sindicatodosbancarios.org.br\/site2022\/author\/sindicatodosbancarios\/"}]}},"jetpack_featured_media_url":"https:\/\/sindicatodosbancarios.org.br\/site2022\/wp-content\/uploads\/2017\/09\/justica123.jpg","jetpack_sharing_enabled":true,"jetpack_shortlink":"https:\/\/wp.me\/p8RSbI-CB","jetpack-related-posts":[{"id":4510,"url":"https:\/\/sindicatodosbancarios.org.br\/site2022\/2020\/09\/16\/informe-bancario-353-2020-em-cerimonia-restrita-luiz-fux-toma-posse-nesta-quinta-feira-como-presidente-do-stf\/","url_meta":{"origin":2393,"position":0},"title":"INFORME BANC\u00c1RIO \u2013 353\/2020 Em cerim\u00f4nia restrita, Luiz Fux toma posse nesta quinta-feira como presidente do STF","date":"16 de setembro de 2020","format":false,"excerpt":"Nascido no Rio, Fux substituir\u00e1 Dias Toffoli na presid\u00eancia. Novo presidente do STF \u00e9 formado em direito pela UERJ, exerceu advocacia e foi promotor at\u00e9 ingressar na magistratura, em 1983. O ministro\u00a0Luiz Fux\u00a0tomar\u00e1 posse nesta quinta-feira (10) como\u00a0novo presidente\u00a0do\u00a0Supremo Tribunal Federal\u00a0(STF). A ministra Rosa Weber ser\u00e1 a vice. A cerim\u00f4nia\u2026","rel":"","context":"Em &quot;Geral&quot;","img":{"alt_text":"","src":"https:\/\/i0.wp.com\/sindicatodosbancarios.org.br\/site2022\/wp-content\/uploads\/2020\/09\/bancoimagemfotoaudiencia-ap-451300.jpg?resize=350%2C200&ssl=1","width":350,"height":200},"classes":[]},{"id":4718,"url":"https:\/\/sindicatodosbancarios.org.br\/site2022\/2020\/11\/03\/informe-bancario-415-2020-rosa-weber-suspende-decisao-do-conama-que-revogou-protecao-a-manguezais-e-restingas\/","url_meta":{"origin":2393,"position":1},"title":"INFORME BANC\u00c1RIO \u2013 415\/2020 Rosa Weber suspende decis\u00e3o do Conama que revogou prote\u00e7\u00e3o a manguezais e restingas","date":"3 de novembro de 2020","format":false,"excerpt":"Presidido pelo ministro Ricardo Salles, Conselho Nacional do Meio Ambiente derrubou em setembro resolu\u00e7\u00f5es que restringiam desmatamento. Partidos acionaram STF. A ministra\u00a0Rosa Weber, do Supremo Tribunal Federal (STF), suspendeu a decis\u00e3o do Conselho Nacional do Meio Ambiente (Conama) que\u00a0revogou regras de prote\u00e7\u00e3o a \u00e1reas de manguezais e de restingas. A\u2026","rel":"","context":"Em &quot;Geral&quot;","img":{"alt_text":"","src":"https:\/\/i0.wp.com\/sindicatodosbancarios.org.br\/site2022\/wp-content\/uploads\/2020\/11\/meio-ambiente-o-que-e-importancia-composicao-presxervacao-730x483.jpg?resize=350%2C200&ssl=1","width":350,"height":200},"classes":[]},{"id":4840,"url":"https:\/\/sindicatodosbancarios.org.br\/site2022\/2020\/12\/03\/informe-bancario-451-2020-anabb-obtem-novo-exito-na-acao-coletiva-ir-previ\/","url_meta":{"origin":2393,"position":2},"title":"INFORME BANC\u00c1RIO \u2013 451\/2020 ANABB obt\u00e9m novo \u00eaxito na a\u00e7\u00e3o coletiva IR Previ","date":"3 de dezembro de 2020","format":false,"excerpt":"Decis\u00e3o da 6\u00aa Vara Federal acolheu pedido de cumprimento provis\u00f3rio de senten\u00e7a, que busca antecipar a fase de discuss\u00e3o e c\u00e1lculos dos valores devidos aos associados A ANABB, por interm\u00e9dio do escrit\u00f3rio de advocacia respons\u00e1vel, protocolou pedido de cumprimento provis\u00f3rio de senten\u00e7a na a\u00e7\u00e3o coletiva IR Previ \u2013 Processo n\u00ba\u2026","rel":"","context":"Em &quot;Banco do Brasil&quot;","img":{"alt_text":"","src":"https:\/\/i0.wp.com\/sindicatodosbancarios.org.br\/site2022\/wp-content\/uploads\/2020\/12\/15430655305bf94fba8f7f0_1543065530_3x2_md.jpg?resize=350%2C200&ssl=1","width":350,"height":200},"classes":[]},{"id":5062,"url":"https:\/\/sindicatodosbancarios.org.br\/site2022\/2021\/01\/26\/informe-bancario-30-2021-desmentido-do-stf-sobre-alegacao-falsa-de-bolsonaro-foi-destaque\/","url_meta":{"origin":2393,"position":3},"title":"INFORME BANC\u00c1RIO \u2013 30\/2021 Desmentido do STF sobre alega\u00e7\u00e3o falsa de Bolsonaro foi destaque","date":"26 de janeiro de 2021","format":false,"excerpt":"Na segunda-feira (18\/1), a Secretaria de Comunica\u00e7\u00e3o Social do Supremo Tribunal Federal esclareceu que n\u00e3o \u00e9 verdadeira a afirma\u00e7\u00e3o do presidente Jair Bolsonaro de que a corte proibiu o governo federal de agir no enfrentamento da epidemia da Covid-19. Na verdade, o Plen\u00e1rio decidiu, no in\u00edcio da pandemia, em 2020,\u2026","rel":"","context":"Em &quot;Geral&quot;","img":{"alt_text":"","src":"https:\/\/i0.wp.com\/sindicatodosbancarios.org.br\/site2022\/wp-content\/uploads\/2020\/07\/presidente-jair-bolsonaro-em-brasilia-1592947375528_v2_900x506.jpg?resize=350%2C200&ssl=1","width":350,"height":200},"classes":[]},{"id":5093,"url":"https:\/\/sindicatodosbancarios.org.br\/site2022\/2021\/02\/03\/informe-bancario-39-2021-ao-lado-de-bolsonaro-fux-desmente-de-novo-que-stf-proibiu-governo-federal-de-agir-em-pandemia\/","url_meta":{"origin":2393,"position":4},"title":"INFORME BANC\u00c1RIO \u2013 39\/2021 Ao lado de Bolsonaro, Fux desmente de novo que STF proibiu governo federal de agir em pandemia","date":"3 de fevereiro de 2021","format":false,"excerpt":"Fux disse ainda que n\u00e3o se deve \"ouvir as vozes isoladas, pessoas que abusam da liberdade de express\u00e3o\" e que a ci\u00eancia ir\u00e1 vencer a Covid-19 BRAS\u00cdLIA \u2013 Ao lado do presidente Jair Bolsonaro, o presidente do Supremo Tribunal Federal (STF), Luiz Fux, aproveitou a abertura do ano do Judici\u00e1rio\u2026","rel":"","context":"Em &quot;Geral&quot;","img":{"alt_text":"","src":"https:\/\/i0.wp.com\/sindicatodosbancarios.org.br\/site2022\/wp-content\/uploads\/2021\/02\/luiz-fux.jpg?resize=350%2C200&ssl=1","width":350,"height":200},"classes":[]},{"id":4644,"url":"https:\/\/sindicatodosbancarios.org.br\/site2022\/2020\/10\/15\/informe-bancario-390-2020-segurado-pode-contestar-inss-a-qualquer-momento-decide-stf\/","url_meta":{"origin":2393,"position":5},"title":"INFORME BANC\u00c1RIO \u2013 390\/2020 Segurado pode contestar INSS a qualquer momento, decide STF","date":"15 de outubro de 2020","format":false,"excerpt":"Quem teve um benef\u00edcio negado, cessado ou cancelado h\u00e1 mais de dez anos ainda pode recorrer. Prazo para pedir revis\u00e3o de benef\u00edcio concedido n\u00e3o foi alterado. O segurado que teve o\u00a0benef\u00edcio negado, cessado ou cancelado h\u00e1 mais de dez anos ainda pode entrar na justi\u00e7a contra o Instituto Nacional do\u2026","rel":"","context":"Em &quot;Geral&quot;","img":{"alt_text":"","src":"https:\/\/i0.wp.com\/sindicatodosbancarios.org.br\/site2022\/wp-content\/uploads\/2020\/06\/STFEditadoo-4.jpg?resize=350%2C200&ssl=1","width":350,"height":200},"classes":[]}],"_links":{"self":[{"href":"https:\/\/sindicatodosbancarios.org.br\/site2022\/wp-json\/wp\/v2\/posts\/2393"}],"collection":[{"href":"https:\/\/sindicatodosbancarios.org.br\/site2022\/wp-json\/wp\/v2\/posts"}],"about":[{"href":"https:\/\/sindicatodosbancarios.org.br\/site2022\/wp-json\/wp\/v2\/types\/post"}],"author":[{"embeddable":true,"href":"https:\/\/sindicatodosbancarios.org.br\/site2022\/wp-json\/wp\/v2\/users\/2"}],"replies":[{"embeddable":true,"href":"https:\/\/sindicatodosbancarios.org.br\/site2022\/wp-json\/wp\/v2\/comments?post=2393"}],"version-history":[{"count":1,"href":"https:\/\/sindicatodosbancarios.org.br\/site2022\/wp-json\/wp\/v2\/posts\/2393\/revisions"}],"predecessor-version":[{"id":2395,"href":"https:\/\/sindicatodosbancarios.org.br\/site2022\/wp-json\/wp\/v2\/posts\/2393\/revisions\/2395"}],"wp:featuredmedia":[{"embeddable":true,"href":"https:\/\/sindicatodosbancarios.org.br\/site2022\/wp-json\/wp\/v2\/media\/1759"}],"wp:attachment":[{"href":"https:\/\/sindicatodosbancarios.org.br\/site2022\/wp-json\/wp\/v2\/media?parent=2393"}],"wp:term":[{"taxonomy":"category","embeddable":true,"href":"https:\/\/sindicatodosbancarios.org.br\/site2022\/wp-json\/wp\/v2\/categories?post=2393"},{"taxonomy":"post_tag","embeddable":true,"href":"https:\/\/sindicatodosbancarios.org.br\/site2022\/wp-json\/wp\/v2\/tags?post=2393"}],"curies":[{"name":"wp","href":"https:\/\/api.w.org\/{rel}","templated":true}]}}