{"id":2397,"date":"2018-01-28T23:23:43","date_gmt":"2018-01-29T01:23:43","guid":{"rendered":"http:\/\/sindicatodosbancarios.org.br\/?p=2397"},"modified":"2018-01-28T23:23:43","modified_gmt":"2018-01-29T01:23:43","slug":"informe-0112018-em-ato-suicida-governo-temer-admite-dificultar-vida-de-idosos-pobres","status":"publish","type":"post","link":"https:\/\/sindicatodosbancarios.org.br\/site2022\/2018\/01\/28\/informe-0112018-em-ato-suicida-governo-temer-admite-dificultar-vida-de-idosos-pobres\/","title":{"rendered":"INFORME 011\/2018 &#8211; EM ATO SUICIDA, GOVERNO TEMER ADMITE DIFICULTAR A VIDA DE IDOSOS POBRES"},"content":{"rendered":"<p>O governo federal quer ressuscitar a proposta de aumento da idade m\u00ednima para que idosos pobres tenham acesso ao Benef\u00edcio de Presta\u00e7\u00e3o Continuada (BPC) \u2013 aquele sal\u00e1rio m\u00ednimo concedido como assist\u00eancia social a\u00a0quem n\u00e3o conseguiu se aposentar.<\/p>\n<p>De acordo com Alberto Beltrame, secret\u00e1rio executivo do Minist\u00e9rio do Desenvolvimento Social e Agr\u00e1rio,\u00a0em mat\u00e9ria de La\u00eds Alegretti e Nat\u00e1lia Cancian, da Folha de S.Paulo desta quarta (24), caso consiga aprovar a Reforma da Previd\u00eancia, a inten\u00e7\u00e3o do governo \u00e9 elevar de 65 para &#8221;em torno de 68 anos&#8221; essa idade. A justificativa \u00e9 de que manter o patamar atual pode desestimular a contribui\u00e7\u00e3o ao INSS.<\/p>\n<p>Hoje, quem alcan\u00e7a 65 anos e tem renda per capita familiar inferior a 25% do sal\u00e1rio m\u00ednimo (R$ 238,50), pode solicitar o BPC. O governo Michel Temer havia proposto subir para 70 anos a idade m\u00ednima e o relator da reforma, deputado federal Arthur Maia (PPS-BA) para 68. Diante das cr\u00edticas, a idade foi mantida em 65.<\/p>\n<p>A declara\u00e7\u00e3o do secret\u00e1rio executivo neste momento em que o governo tenta, desesperadamente, conseguir os 308 votos necess\u00e1rios para aprovar a proposta de emenda constitucional da reforma na C\u00e2mara dos Deputados pode afugentar parlamentares em d\u00favida.<\/p>\n<p>Afinal, uma das principais cr\u00edticas que Temer enfrentou foi que camadas mais pobres da popula\u00e7\u00e3o sentiriam mais os efeitos das mudan\u00e7as. Tanto que o presidente veio a p\u00fablico afirmar que n\u00e3o haveria mais altera\u00e7\u00f5es no BPC. E sua campanha midi\u00e1tica para promover a Reforma da Previd\u00eancia \u00e9 baseada na ideia do combate a privil\u00e9gios.<\/p>\n<p>Vai ficar dif\u00edcil para os eleitores entenderem (e os deputados-candidatos explicarem) como aumentar em tr\u00eas anos a barreira de acesso de idosos pobres a um sal\u00e1rio m\u00ednimo significa cortar privil\u00e9gios.<\/p>\n<p>N\u00e3o apenas isso. Em conjunto com outras reformas realizadas pelo governo, essa mudan\u00e7a pode causar um impacto negativo na qualidade de vida da popula\u00e7\u00e3o mais pobre.<\/p>\n<p>&#8221;Ap\u00f3s a aprova\u00e7\u00e3o da Reforma Trabalhista, contribuir por 15 anos para poder se aposentar tornou-se algo muito dif\u00edcil aos mais pobres. Como n\u00e3o vai conseguir se aposentar contribuindo, uma massa de trabalhadores ir\u00e1 pressionar a assist\u00eancia social. Preventivamente, o governo quer elevar a idade m\u00ednima do BPC&#8221;, afirma Eduardo Fagnani, professor do Instituto de Economia da Universidade Estadual de Campinas, pesquisador do Centro de Estudos Sindicais e do Trabalho e coordenador da rede Plataforma Pol\u00edtica Social.<\/p>\n<p>De acordo com ele, as mudan\u00e7as introduzidas pela Reforma Trabalhista v\u00e3o, por exemplo, aprofundar o trabalho tempor\u00e1rio e intermitente e, portanto, dificultar a contribui\u00e7\u00e3o ao INSS. Com isso, ao atingir 65 anos (homens) e 62 (mulheres, hoje s\u00e3o 60 anos), o trabalhador n\u00e3o ter\u00e1 contribu\u00eddo por pelo menos 180 meses (15 anos) e buscaria o benef\u00edcio.<\/p>\n<p>Um exemplo desse impacto foi trazido pela Medida Provis\u00f3ria editada por Michel Temer, no dia 14 de novembro passado, com ajustes \u00e0 Reforma Trabalhista.\u00a0Ela regulamentou os contratos intermitentes \u2013 que permitem pagar\u00a0trabalhadores\u00a0por hora ou dia e manteve a possibilidade de um empregado receber menos de um sal\u00e1rio m\u00ednimo por m\u00eas.<\/p>\n<p>Trabalhadores que tiverem um ou mais contratos intermitentes e, no final de um m\u00eas, n\u00e3o conseguirem\u00a0receber ao menos um sal\u00e1rio m\u00ednimo somando todos eles, n\u00e3o ter\u00e3o esse m\u00eas computado para fins de c\u00e1lculo da aposentadoria, nem para manuten\u00e7\u00e3o da qualidade de segurado da Previd\u00eancia Social. Para que isso aconte\u00e7a, ele ter\u00e1 que recolher por conta pr\u00f3pria\u00a0o valor do carn\u00ea do INSS referente \u00e0 diferen\u00e7a entre a remunera\u00e7\u00e3o recebida e o sal\u00e1rio m\u00ednimo mensal. O que, para uma pessoa em situa\u00e7\u00e3o de vulnerabilidade social, \u00e9 muito improv\u00e1vel de ocorrer.<\/p>\n<p>E mesmo antes da reforma, aposentar-se por idade, com 15 anos de contribui\u00e7\u00e3o, j\u00e1 n\u00e3o era f\u00e1cil. De acordo com Departamento Intersindical de Estat\u00edstica e Estudos Socioecon\u00f4micos (Dieese), em 2014, a m\u00e9dia de contribui\u00e7\u00e3o \u00e0 Previd\u00eancia Social foi de 9,1 meses a cada ano. A raz\u00e3o \u00e9 a rotatividade do mercado de trabalho e a informalidade. Ou seja, para cumprir 15 anos de contribui\u00e7\u00e3o, considerando essa m\u00e9dia de nove meses de contribui\u00e7\u00e3o a cada 12, uma pessoa precisava, na pr\u00e1tica, de 19,8 anos para se aposentar.<\/p>\n<p>Ou seja, se subir a idade de acesso ao BPC, o governo empurrar\u00e1 os idosos pobres para continuarem se virando at\u00e9 chegar a 68 anos.<\/p>\n<p>A expectativa de vida no Brasil aumentou e tende continuar aumentando, bem como os \u00edndices de sobrevida ap\u00f3s os 65 anos. Mas segue dif\u00edcil para os mais\u00a0pobres com essa idade ou mais conseguirem um emprego ou mesmo um\u00a0bico decente. Ao propor a subida da idade m\u00ednima do BPC, mesmo que de forma escalonada durante seis anos, sem garantir melhoria no mercado de trabalho para os idosos, deprecia-se a qualidade de vida de todo um grupo social.<\/p>\n<p>Eduardo Fagnani tamb\u00e9m alerta para o fato de uma poss\u00edvel mudan\u00e7a de 65 para 68 de idade m\u00ednima poder ser feita por legisla\u00e7\u00e3o infraconstitucional, ou seja, necessitando maioria absoluta (257 votos na C\u00e2mara) ou simples (maioria dos presentes em sess\u00f5es deliberativas com, pelo menos, 257 parlamentares) e n\u00e3o os 308 votos de uma PEC.<\/p>\n<p>&#8221;Hoje, discute-se 68 anos. Mas o que impedir\u00e1 de colocar 70? Ou 75? \u00c9 uma mudan\u00e7a f\u00e1cil de se fazer&#8221;, explica.<\/p>\n<p>O governo Temer tamb\u00e9m afirmou que havia abandonado a eleva\u00e7\u00e3o do tempo m\u00ednimo de contribui\u00e7\u00e3o de 15 para 25 anos, o que tamb\u00e9m penalizaria os mais pobres. Assim como a altera\u00e7\u00e3o na idade do BPC, essa mudan\u00e7a tamb\u00e9m n\u00e3o precisa de maioria constitucional.<\/p>\n<p>Mudan\u00e7as como essas podem ser feitas ap\u00f3s as elei\u00e7\u00f5es de outubro, quando a opini\u00e3o do eleitor j\u00e1 ter\u00e1 deixado de valer alguma coisa para uma parcela consider\u00e1vel do congressistas.<\/p>\n<p><span style=\"font-size: 8pt;\"><em>Fonte: UOL ECONOMIA<\/em><\/span><\/p>\n","protected":false},"excerpt":{"rendered":"<p>O governo federal quer ressuscitar a proposta de aumento da idade m\u00ednima para que idosos pobres tenham acesso [&hellip;]<\/p>\n","protected":false},"author":2,"featured_media":2398,"comment_status":"open","ping_status":"open","sticky":false,"template":"","format":"standard","meta":{"jetpack_post_was_ever_published":false,"jetpack_publicize_message":"","jetpack_is_tweetstorm":false,"jetpack_publicize_feature_enabled":true,"jetpack_social_post_already_shared":true,"jetpack_social_options":[]},"categories":[1],"tags":[],"jetpack_publicize_connections":[],"acf":[],"yoast_head":"<!-- This site is optimized with the Yoast SEO plugin v19.14 - https:\/\/yoast.com\/wordpress\/plugins\/seo\/ -->\n<title>INFORME 011\/2018 - EM ATO SUICIDA, GOVERNO TEMER ADMITE DIFICULTAR A VIDA DE IDOSOS POBRES - Sindicato dos Banc\u00e1rios de S\u00e3o Bento do Sul e Regi\u00e3o<\/title>\n<meta name=\"robots\" content=\"index, follow, max-snippet:-1, max-image-preview:large, max-video-preview:-1\" \/>\n<link rel=\"canonical\" href=\"https:\/\/sindicatodosbancarios.org.br\/site2022\/2018\/01\/28\/informe-0112018-em-ato-suicida-governo-temer-admite-dificultar-vida-de-idosos-pobres\/\" \/>\n<meta property=\"og:locale\" content=\"pt_BR\" \/>\n<meta property=\"og:type\" content=\"article\" \/>\n<meta property=\"og:title\" content=\"INFORME 011\/2018 - EM ATO SUICIDA, GOVERNO TEMER ADMITE DIFICULTAR A VIDA DE IDOSOS POBRES - Sindicato dos Banc\u00e1rios de S\u00e3o Bento do Sul e Regi\u00e3o\" \/>\n<meta property=\"og:description\" content=\"O governo federal quer ressuscitar a proposta de aumento da idade m\u00ednima para que idosos pobres tenham acesso [&hellip;]\" \/>\n<meta property=\"og:url\" content=\"https:\/\/sindicatodosbancarios.org.br\/site2022\/2018\/01\/28\/informe-0112018-em-ato-suicida-governo-temer-admite-dificultar-vida-de-idosos-pobres\/\" \/>\n<meta property=\"og:site_name\" content=\"Sindicato dos Banc\u00e1rios de S\u00e3o Bento do Sul e Regi\u00e3o\" \/>\n<meta property=\"article:author\" content=\"https:\/\/www.facebook.com\/seeb.sbs.9\" \/>\n<meta property=\"article:published_time\" content=\"2018-01-29T01:23:43+00:00\" \/>\n<meta property=\"og:image\" content=\"https:\/\/sindicatodosbancarios.org.br\/site2022\/wp-content\/uploads\/2018\/01\/idoso.jpg\" \/>\n\t<meta property=\"og:image:width\" content=\"600\" \/>\n\t<meta property=\"og:image:height\" content=\"338\" \/>\n\t<meta property=\"og:image:type\" content=\"image\/jpeg\" \/>\n<meta name=\"author\" content=\"Sindicato dos Banc\u00e1rios S\u00e3o Bento do Sul e Regi\u00e3o\" \/>\n<meta name=\"twitter:card\" content=\"summary_large_image\" \/>\n<meta name=\"twitter:label1\" content=\"Escrito por\" \/>\n\t<meta name=\"twitter:data1\" content=\"Sindicato dos Banc\u00e1rios S\u00e3o Bento do Sul e Regi\u00e3o\" \/>\n\t<meta name=\"twitter:label2\" content=\"Est. tempo de leitura\" \/>\n\t<meta name=\"twitter:data2\" content=\"5 minutos\" \/>\n<script type=\"application\/ld+json\" class=\"yoast-schema-graph\">{\"@context\":\"https:\/\/schema.org\",\"@graph\":[{\"@type\":\"Article\",\"@id\":\"https:\/\/sindicatodosbancarios.org.br\/site2022\/2018\/01\/28\/informe-0112018-em-ato-suicida-governo-temer-admite-dificultar-vida-de-idosos-pobres\/#article\",\"isPartOf\":{\"@id\":\"https:\/\/sindicatodosbancarios.org.br\/site2022\/2018\/01\/28\/informe-0112018-em-ato-suicida-governo-temer-admite-dificultar-vida-de-idosos-pobres\/\"},\"author\":{\"name\":\"Sindicato dos Banc\u00e1rios S\u00e3o Bento do Sul e Regi\u00e3o\",\"@id\":\"https:\/\/sindicatodosbancarios.org.br\/site2022\/#\/schema\/person\/a7d92da77d1084df4d28b57962f1e1bd\"},\"headline\":\"INFORME 011\/2018 &#8211; EM ATO SUICIDA, GOVERNO TEMER ADMITE DIFICULTAR A VIDA DE IDOSOS POBRES\",\"datePublished\":\"2018-01-29T01:23:43+00:00\",\"dateModified\":\"2018-01-29T01:23:43+00:00\",\"mainEntityOfPage\":{\"@id\":\"https:\/\/sindicatodosbancarios.org.br\/site2022\/2018\/01\/28\/informe-0112018-em-ato-suicida-governo-temer-admite-dificultar-vida-de-idosos-pobres\/\"},\"wordCount\":1011,\"commentCount\":0,\"publisher\":{\"@id\":\"https:\/\/sindicatodosbancarios.org.br\/site2022\/#organization\"},\"articleSection\":[\"Geral\"],\"inLanguage\":\"pt-BR\",\"potentialAction\":[{\"@type\":\"CommentAction\",\"name\":\"Comment\",\"target\":[\"https:\/\/sindicatodosbancarios.org.br\/site2022\/2018\/01\/28\/informe-0112018-em-ato-suicida-governo-temer-admite-dificultar-vida-de-idosos-pobres\/#respond\"]}]},{\"@type\":\"WebPage\",\"@id\":\"https:\/\/sindicatodosbancarios.org.br\/site2022\/2018\/01\/28\/informe-0112018-em-ato-suicida-governo-temer-admite-dificultar-vida-de-idosos-pobres\/\",\"url\":\"https:\/\/sindicatodosbancarios.org.br\/site2022\/2018\/01\/28\/informe-0112018-em-ato-suicida-governo-temer-admite-dificultar-vida-de-idosos-pobres\/\",\"name\":\"INFORME 011\/2018 - EM ATO SUICIDA, GOVERNO TEMER ADMITE DIFICULTAR A VIDA DE IDOSOS POBRES - Sindicato dos Banc\u00e1rios de S\u00e3o Bento do Sul e Regi\u00e3o\",\"isPartOf\":{\"@id\":\"https:\/\/sindicatodosbancarios.org.br\/site2022\/#website\"},\"datePublished\":\"2018-01-29T01:23:43+00:00\",\"dateModified\":\"2018-01-29T01:23:43+00:00\",\"breadcrumb\":{\"@id\":\"https:\/\/sindicatodosbancarios.org.br\/site2022\/2018\/01\/28\/informe-0112018-em-ato-suicida-governo-temer-admite-dificultar-vida-de-idosos-pobres\/#breadcrumb\"},\"inLanguage\":\"pt-BR\",\"potentialAction\":[{\"@type\":\"ReadAction\",\"target\":[\"https:\/\/sindicatodosbancarios.org.br\/site2022\/2018\/01\/28\/informe-0112018-em-ato-suicida-governo-temer-admite-dificultar-vida-de-idosos-pobres\/\"]}]},{\"@type\":\"BreadcrumbList\",\"@id\":\"https:\/\/sindicatodosbancarios.org.br\/site2022\/2018\/01\/28\/informe-0112018-em-ato-suicida-governo-temer-admite-dificultar-vida-de-idosos-pobres\/#breadcrumb\",\"itemListElement\":[{\"@type\":\"ListItem\",\"position\":1,\"name\":\"In\u00edcio\",\"item\":\"https:\/\/sindicatodosbancarios.org.br\/site2022\/\"},{\"@type\":\"ListItem\",\"position\":2,\"name\":\"INFORME 011\/2018 &#8211; EM ATO SUICIDA, GOVERNO TEMER ADMITE DIFICULTAR A VIDA DE IDOSOS POBRES\"}]},{\"@type\":\"WebSite\",\"@id\":\"https:\/\/sindicatodosbancarios.org.br\/site2022\/#website\",\"url\":\"https:\/\/sindicatodosbancarios.org.br\/site2022\/\",\"name\":\"Sindicato dos Banc\u00e1rios de S\u00e3o Bento do Sul e Regi\u00e3o\",\"description\":\"Website institucional do Sindicato dos Banc\u00e1rios de S\u00e3o Bento do Sul e Regi\u00e3o\",\"publisher\":{\"@id\":\"https:\/\/sindicatodosbancarios.org.br\/site2022\/#organization\"},\"potentialAction\":[{\"@type\":\"SearchAction\",\"target\":{\"@type\":\"EntryPoint\",\"urlTemplate\":\"https:\/\/sindicatodosbancarios.org.br\/site2022\/?s={search_term_string}\"},\"query-input\":\"required name=search_term_string\"}],\"inLanguage\":\"pt-BR\"},{\"@type\":\"Organization\",\"@id\":\"https:\/\/sindicatodosbancarios.org.br\/site2022\/#organization\",\"name\":\"Sindicato dos Banc\u00e1rios de S\u00e3o Bento do Sul e Regi\u00e3o\",\"url\":\"https:\/\/sindicatodosbancarios.org.br\/site2022\/\",\"logo\":{\"@type\":\"ImageObject\",\"inLanguage\":\"pt-BR\",\"@id\":\"https:\/\/sindicatodosbancarios.org.br\/site2022\/#\/schema\/logo\/image\/\",\"url\":\"https:\/\/sindicatodosbancarios.org.br\/site2022\/wp-content\/uploads\/2017\/06\/cropped-logo-2.png\",\"contentUrl\":\"https:\/\/sindicatodosbancarios.org.br\/site2022\/wp-content\/uploads\/2017\/06\/cropped-logo-2.png\",\"width\":292,\"height\":292,\"caption\":\"Sindicato dos Banc\u00e1rios de S\u00e3o Bento do Sul e Regi\u00e3o\"},\"image\":{\"@id\":\"https:\/\/sindicatodosbancarios.org.br\/site2022\/#\/schema\/logo\/image\/\"}},{\"@type\":\"Person\",\"@id\":\"https:\/\/sindicatodosbancarios.org.br\/site2022\/#\/schema\/person\/a7d92da77d1084df4d28b57962f1e1bd\",\"name\":\"Sindicato dos Banc\u00e1rios S\u00e3o Bento do Sul e Regi\u00e3o\",\"image\":{\"@type\":\"ImageObject\",\"inLanguage\":\"pt-BR\",\"@id\":\"https:\/\/sindicatodosbancarios.org.br\/site2022\/#\/schema\/person\/image\/\",\"url\":\"https:\/\/secure.gravatar.com\/avatar\/f1d1a06f698f2345352e539387180d42?s=96&d=mm&r=g\",\"contentUrl\":\"https:\/\/secure.gravatar.com\/avatar\/f1d1a06f698f2345352e539387180d42?s=96&d=mm&r=g\",\"caption\":\"Sindicato dos Banc\u00e1rios S\u00e3o Bento do Sul e Regi\u00e3o\"},\"sameAs\":[\"http:\/\/sindicatodosbancarios.org.br\/site2022\/\",\"https:\/\/www.facebook.com\/seeb.sbs.9\"],\"url\":\"https:\/\/sindicatodosbancarios.org.br\/site2022\/author\/sindicatodosbancarios\/\"}]}<\/script>\n<!-- \/ Yoast SEO plugin. -->","yoast_head_json":{"title":"INFORME 011\/2018 - EM ATO SUICIDA, GOVERNO TEMER ADMITE DIFICULTAR A VIDA DE IDOSOS POBRES - Sindicato dos Banc\u00e1rios de S\u00e3o Bento do Sul e Regi\u00e3o","robots":{"index":"index","follow":"follow","max-snippet":"max-snippet:-1","max-image-preview":"max-image-preview:large","max-video-preview":"max-video-preview:-1"},"canonical":"https:\/\/sindicatodosbancarios.org.br\/site2022\/2018\/01\/28\/informe-0112018-em-ato-suicida-governo-temer-admite-dificultar-vida-de-idosos-pobres\/","og_locale":"pt_BR","og_type":"article","og_title":"INFORME 011\/2018 - EM ATO SUICIDA, GOVERNO TEMER ADMITE DIFICULTAR A VIDA DE IDOSOS POBRES - Sindicato dos Banc\u00e1rios de S\u00e3o Bento do Sul e Regi\u00e3o","og_description":"O governo federal quer ressuscitar a proposta de aumento da idade m\u00ednima para que idosos pobres tenham acesso [&hellip;]","og_url":"https:\/\/sindicatodosbancarios.org.br\/site2022\/2018\/01\/28\/informe-0112018-em-ato-suicida-governo-temer-admite-dificultar-vida-de-idosos-pobres\/","og_site_name":"Sindicato dos Banc\u00e1rios de S\u00e3o Bento do Sul e Regi\u00e3o","article_author":"https:\/\/www.facebook.com\/seeb.sbs.9","article_published_time":"2018-01-29T01:23:43+00:00","og_image":[{"width":600,"height":338,"url":"https:\/\/sindicatodosbancarios.org.br\/site2022\/wp-content\/uploads\/2018\/01\/idoso.jpg","type":"image\/jpeg"}],"author":"Sindicato dos Banc\u00e1rios S\u00e3o Bento do Sul e Regi\u00e3o","twitter_card":"summary_large_image","twitter_misc":{"Escrito por":"Sindicato dos Banc\u00e1rios S\u00e3o Bento do Sul e Regi\u00e3o","Est. tempo de leitura":"5 minutos"},"schema":{"@context":"https:\/\/schema.org","@graph":[{"@type":"Article","@id":"https:\/\/sindicatodosbancarios.org.br\/site2022\/2018\/01\/28\/informe-0112018-em-ato-suicida-governo-temer-admite-dificultar-vida-de-idosos-pobres\/#article","isPartOf":{"@id":"https:\/\/sindicatodosbancarios.org.br\/site2022\/2018\/01\/28\/informe-0112018-em-ato-suicida-governo-temer-admite-dificultar-vida-de-idosos-pobres\/"},"author":{"name":"Sindicato dos Banc\u00e1rios S\u00e3o Bento do Sul e Regi\u00e3o","@id":"https:\/\/sindicatodosbancarios.org.br\/site2022\/#\/schema\/person\/a7d92da77d1084df4d28b57962f1e1bd"},"headline":"INFORME 011\/2018 &#8211; EM ATO SUICIDA, GOVERNO TEMER ADMITE DIFICULTAR A VIDA DE IDOSOS POBRES","datePublished":"2018-01-29T01:23:43+00:00","dateModified":"2018-01-29T01:23:43+00:00","mainEntityOfPage":{"@id":"https:\/\/sindicatodosbancarios.org.br\/site2022\/2018\/01\/28\/informe-0112018-em-ato-suicida-governo-temer-admite-dificultar-vida-de-idosos-pobres\/"},"wordCount":1011,"commentCount":0,"publisher":{"@id":"https:\/\/sindicatodosbancarios.org.br\/site2022\/#organization"},"articleSection":["Geral"],"inLanguage":"pt-BR","potentialAction":[{"@type":"CommentAction","name":"Comment","target":["https:\/\/sindicatodosbancarios.org.br\/site2022\/2018\/01\/28\/informe-0112018-em-ato-suicida-governo-temer-admite-dificultar-vida-de-idosos-pobres\/#respond"]}]},{"@type":"WebPage","@id":"https:\/\/sindicatodosbancarios.org.br\/site2022\/2018\/01\/28\/informe-0112018-em-ato-suicida-governo-temer-admite-dificultar-vida-de-idosos-pobres\/","url":"https:\/\/sindicatodosbancarios.org.br\/site2022\/2018\/01\/28\/informe-0112018-em-ato-suicida-governo-temer-admite-dificultar-vida-de-idosos-pobres\/","name":"INFORME 011\/2018 - EM ATO SUICIDA, GOVERNO TEMER ADMITE DIFICULTAR A VIDA DE IDOSOS POBRES - Sindicato dos Banc\u00e1rios de S\u00e3o Bento do Sul e Regi\u00e3o","isPartOf":{"@id":"https:\/\/sindicatodosbancarios.org.br\/site2022\/#website"},"datePublished":"2018-01-29T01:23:43+00:00","dateModified":"2018-01-29T01:23:43+00:00","breadcrumb":{"@id":"https:\/\/sindicatodosbancarios.org.br\/site2022\/2018\/01\/28\/informe-0112018-em-ato-suicida-governo-temer-admite-dificultar-vida-de-idosos-pobres\/#breadcrumb"},"inLanguage":"pt-BR","potentialAction":[{"@type":"ReadAction","target":["https:\/\/sindicatodosbancarios.org.br\/site2022\/2018\/01\/28\/informe-0112018-em-ato-suicida-governo-temer-admite-dificultar-vida-de-idosos-pobres\/"]}]},{"@type":"BreadcrumbList","@id":"https:\/\/sindicatodosbancarios.org.br\/site2022\/2018\/01\/28\/informe-0112018-em-ato-suicida-governo-temer-admite-dificultar-vida-de-idosos-pobres\/#breadcrumb","itemListElement":[{"@type":"ListItem","position":1,"name":"In\u00edcio","item":"https:\/\/sindicatodosbancarios.org.br\/site2022\/"},{"@type":"ListItem","position":2,"name":"INFORME 011\/2018 &#8211; EM ATO SUICIDA, GOVERNO TEMER ADMITE DIFICULTAR A VIDA DE IDOSOS POBRES"}]},{"@type":"WebSite","@id":"https:\/\/sindicatodosbancarios.org.br\/site2022\/#website","url":"https:\/\/sindicatodosbancarios.org.br\/site2022\/","name":"Sindicato dos Banc\u00e1rios de S\u00e3o Bento do Sul e Regi\u00e3o","description":"Website institucional do Sindicato dos Banc\u00e1rios de S\u00e3o Bento do Sul e Regi\u00e3o","publisher":{"@id":"https:\/\/sindicatodosbancarios.org.br\/site2022\/#organization"},"potentialAction":[{"@type":"SearchAction","target":{"@type":"EntryPoint","urlTemplate":"https:\/\/sindicatodosbancarios.org.br\/site2022\/?s={search_term_string}"},"query-input":"required name=search_term_string"}],"inLanguage":"pt-BR"},{"@type":"Organization","@id":"https:\/\/sindicatodosbancarios.org.br\/site2022\/#organization","name":"Sindicato dos Banc\u00e1rios de S\u00e3o Bento do Sul e Regi\u00e3o","url":"https:\/\/sindicatodosbancarios.org.br\/site2022\/","logo":{"@type":"ImageObject","inLanguage":"pt-BR","@id":"https:\/\/sindicatodosbancarios.org.br\/site2022\/#\/schema\/logo\/image\/","url":"https:\/\/sindicatodosbancarios.org.br\/site2022\/wp-content\/uploads\/2017\/06\/cropped-logo-2.png","contentUrl":"https:\/\/sindicatodosbancarios.org.br\/site2022\/wp-content\/uploads\/2017\/06\/cropped-logo-2.png","width":292,"height":292,"caption":"Sindicato dos Banc\u00e1rios de S\u00e3o Bento do Sul e Regi\u00e3o"},"image":{"@id":"https:\/\/sindicatodosbancarios.org.br\/site2022\/#\/schema\/logo\/image\/"}},{"@type":"Person","@id":"https:\/\/sindicatodosbancarios.org.br\/site2022\/#\/schema\/person\/a7d92da77d1084df4d28b57962f1e1bd","name":"Sindicato dos Banc\u00e1rios S\u00e3o Bento do Sul e Regi\u00e3o","image":{"@type":"ImageObject","inLanguage":"pt-BR","@id":"https:\/\/sindicatodosbancarios.org.br\/site2022\/#\/schema\/person\/image\/","url":"https:\/\/secure.gravatar.com\/avatar\/f1d1a06f698f2345352e539387180d42?s=96&d=mm&r=g","contentUrl":"https:\/\/secure.gravatar.com\/avatar\/f1d1a06f698f2345352e539387180d42?s=96&d=mm&r=g","caption":"Sindicato dos Banc\u00e1rios S\u00e3o Bento do Sul e Regi\u00e3o"},"sameAs":["http:\/\/sindicatodosbancarios.org.br\/site2022\/","https:\/\/www.facebook.com\/seeb.sbs.9"],"url":"https:\/\/sindicatodosbancarios.org.br\/site2022\/author\/sindicatodosbancarios\/"}]}},"jetpack_featured_media_url":"https:\/\/sindicatodosbancarios.org.br\/site2022\/wp-content\/uploads\/2018\/01\/idoso.jpg","jetpack_sharing_enabled":true,"jetpack_shortlink":"https:\/\/wp.me\/p8RSbI-CF","jetpack-related-posts":[{"id":4649,"url":"https:\/\/sindicatodosbancarios.org.br\/site2022\/2020\/10\/15\/informe-bancario-392-2020-bpc-aposentadoria-e-demais-beneficios-do-inss-saiba-quanto-voce-ira-receber-em-2021\/","url_meta":{"origin":2397,"position":0},"title":"INFORME BANC\u00c1RIO \u2013 392\/2020 BPC, aposentadoria e demais benef\u00edcios do INSS: Saiba quanto voc\u00ea ir\u00e1 receber em 2021","date":"15 de outubro de 2020","format":false,"excerpt":"A equipe econ\u00f4mica liderada pelo ministro Paulo Guedes j\u00e1 definiu o aumento dos benef\u00edcios previdenci\u00e1rios para o ano que vem. O valor do\u00a0sal\u00e1rio m\u00ednimo de 2021\u00a0j\u00e1 foi definido pelo Governo Federal e enviado ao Congresso para aprova\u00e7\u00e3o. Sem aumento real, o sal\u00e1rio m\u00ednimo que atualmente \u00e9 de R$ 1.045 passar\u00e1\u2026","rel":"","context":"Em &quot;Geral&quot;","img":{"alt_text":"","src":"https:\/\/i0.wp.com\/sindicatodosbancarios.org.br\/site2022\/wp-content\/uploads\/2020\/06\/mei-aposentadoria1.jpg?resize=350%2C200&ssl=1","width":350,"height":200},"classes":[]},{"id":4759,"url":"https:\/\/sindicatodosbancarios.org.br\/site2022\/2020\/11\/09\/informe-bancario-429-2020-inss-dona-de-casa-que-nunca-contribuiu-pode-se-aposentar\/","url_meta":{"origin":2397,"position":1},"title":"INFORME BANC\u00c1RIO \u2013 429\/2020 INSS: Dona de casa que nunca contribuiu pode se aposentar?","date":"9 de novembro de 2020","format":false,"excerpt":"Desde a nova reforma da Previd\u00eancia, muito se fala em tempo de contribui\u00e7\u00e3o, regras de transi\u00e7\u00e3o e idade m\u00ednima aplicada \u00e0 diversas categorias. O assunto evolvendo a aposentadoria do\u00a0Instituto do Seguro Social (INSS)\u00a0se tornou recorrente nos \u00faltimos meses em raz\u00e3o da implanta\u00e7\u00e3o da reforma da Previd\u00eancia no come\u00e7o deste ano.\u2026","rel":"","context":"Em &quot;Geral&quot;","img":{"alt_text":"","src":"https:\/\/i0.wp.com\/sindicatodosbancarios.org.br\/site2022\/wp-content\/uploads\/2020\/09\/caged.jpg?resize=350%2C200&ssl=1","width":350,"height":200},"classes":[]},{"id":4831,"url":"https:\/\/sindicatodosbancarios.org.br\/site2022\/2020\/12\/02\/informe-bancario-448-2020-salario-minimo-esta-baixo-mas-nao-tem-como-aumentar-diz-bolsonaro\/","url_meta":{"origin":2397,"position":2},"title":"INFORME BANC\u00c1RIO \u2013 448\/2020 Sal\u00e1rio m\u00ednimo est\u00e1 baixo, mas n\u00e3o tem como aumentar, diz Bolsonaro","date":"2 de dezembro de 2020","format":false,"excerpt":"O presidente Jair Bolsonaro (sem partido) admitiu hoje que o valor do sal\u00e1rio m\u00ednimo, atualmente em R$ 1.045, \u00e9 baixo, mas disse n\u00e3o ser poss\u00edvel aument\u00e1-lo, uma vez que o reajuste afetaria diretamente os gastos do governo com a Previd\u00eancia Social. Ele tamb\u00e9m fez elogios \u00e0 reforma trabalhista, aprovada durante\u2026","rel":"","context":"Em &quot;Geral&quot;","img":{"alt_text":"","src":"https:\/\/i0.wp.com\/sindicatodosbancarios.org.br\/site2022\/wp-content\/uploads\/2020\/12\/n_41743_e36b6238285a5331a3dee7634f8890d1.jpg?resize=350%2C200&ssl=1","width":350,"height":200},"classes":[]},{"id":5593,"url":"https:\/\/sindicatodosbancarios.org.br\/site2022\/2021\/08\/09\/informe-bancario-186-2021-nunca-contribui-para-o-inss-tenho-direito-a-aposentadoria\/","url_meta":{"origin":2397,"position":3},"title":"INFORME BANC\u00c1RIO \u2013 186\/2021 Nunca contribu\u00ed para o INSS. Tenho direito a aposentadoria?","date":"9 de agosto de 2021","format":false,"excerpt":"Trabalhador pode recorrer ao Benef\u00edcio de Presta\u00e7\u00e3o Continuada (BPC) O Instituto Nacional de Seguro Social (INSS) \u00e9 o \u00f3rg\u00e3o respons\u00e1vel pelo pagamento de aposentadorias e diversos benef\u00edcios aos trabalhadores, microempres\u00e1rios e contribuintes individuais. Seu maior objetivo \u00e9 garantir renda do segurado e de sua fam\u00edlia em casos de doen\u00e7a, acidente,\u2026","rel":"","context":"Em &quot;Geral&quot;","img":{"alt_text":"","src":"https:\/\/i0.wp.com\/sindicatodosbancarios.org.br\/site2022\/wp-content\/uploads\/2021\/08\/como-cuidar-da-saude-do-idoso.jpg?resize=350%2C200&ssl=1","width":350,"height":200},"classes":[]},{"id":4891,"url":"https:\/\/sindicatodosbancarios.org.br\/site2022\/2020\/12\/17\/informe-bancario-465-2020-governo-propoe-salario-minimo-de-r-1-088-em-2021-sem-aumento-real\/","url_meta":{"origin":2397,"position":4},"title":"INFORME BANC\u00c1RIO \u2013 465\/2020 Governo prop\u00f5e sal\u00e1rio m\u00ednimo de R$ 1.088 em 2021, sem aumento real","date":"17 de dezembro de 2020","format":false,"excerpt":"O governo federal enviou ao Congresso Nacional a previs\u00e3o de R$ 1.088 para o valor para o sal\u00e1rio m\u00ednimo em 2021, sem aumento real. O piso salarial hoje \u00e9 de R$ 1.045. A estimativa leva em conta a proje\u00e7\u00e3o do Minist\u00e9rio da Economia para o INPC (\u00cdndice Nacional de Pre\u00e7os\u2026","rel":"","context":"Em &quot;Geral&quot;","img":{"alt_text":"","src":"https:\/\/i0.wp.com\/sindicatodosbancarios.org.br\/site2022\/wp-content\/uploads\/2020\/12\/18768965615d80ba90b02a7.jpg?resize=350%2C200&ssl=1","width":350,"height":200},"classes":[]},{"id":5323,"url":"https:\/\/sindicatodosbancarios.org.br\/site2022\/2021\/04\/20\/informe-bancarios-103-2021-governo-propoe-salario-minimo-de-r-1-147-para-2022-sem-aumento-acima-da-inflacao\/","url_meta":{"origin":2397,"position":5},"title":"INFORME BANC\u00c1RIOS \u2013 103\/2021 Governo prop\u00f5e sal\u00e1rio m\u00ednimo de R$ 1.147 para 2022, sem aumento acima da infla\u00e7\u00e3o","date":"20 de abril de 2021","format":false,"excerpt":"Valor consta no projeto da Lei de Diretrizes Or\u00e7ament\u00e1rias divulgado nesta quinta pelo Minist\u00e9rio da Economia. Se aprovado, aumento em rela\u00e7\u00e3o ao m\u00ednimo atual ser\u00e1 de R$ 47. O governo federal prop\u00f4s um\u00a0sal\u00e1rio m\u00ednimo de R$ 1.147 para 2022, segundo o projeto de Lei de Diretrizes Or\u00e7ament\u00e1rias (PLDO) do ano\u2026","rel":"","context":"Em &quot;Geral&quot;","img":{"alt_text":"","src":"https:\/\/i0.wp.com\/sindicatodosbancarios.org.br\/site2022\/wp-content\/uploads\/2021\/04\/13576085165f5f4bf83d334.jpg?resize=350%2C200&ssl=1","width":350,"height":200},"classes":[]}],"_links":{"self":[{"href":"https:\/\/sindicatodosbancarios.org.br\/site2022\/wp-json\/wp\/v2\/posts\/2397"}],"collection":[{"href":"https:\/\/sindicatodosbancarios.org.br\/site2022\/wp-json\/wp\/v2\/posts"}],"about":[{"href":"https:\/\/sindicatodosbancarios.org.br\/site2022\/wp-json\/wp\/v2\/types\/post"}],"author":[{"embeddable":true,"href":"https:\/\/sindicatodosbancarios.org.br\/site2022\/wp-json\/wp\/v2\/users\/2"}],"replies":[{"embeddable":true,"href":"https:\/\/sindicatodosbancarios.org.br\/site2022\/wp-json\/wp\/v2\/comments?post=2397"}],"version-history":[{"count":1,"href":"https:\/\/sindicatodosbancarios.org.br\/site2022\/wp-json\/wp\/v2\/posts\/2397\/revisions"}],"predecessor-version":[{"id":2399,"href":"https:\/\/sindicatodosbancarios.org.br\/site2022\/wp-json\/wp\/v2\/posts\/2397\/revisions\/2399"}],"wp:featuredmedia":[{"embeddable":true,"href":"https:\/\/sindicatodosbancarios.org.br\/site2022\/wp-json\/wp\/v2\/media\/2398"}],"wp:attachment":[{"href":"https:\/\/sindicatodosbancarios.org.br\/site2022\/wp-json\/wp\/v2\/media?parent=2397"}],"wp:term":[{"taxonomy":"category","embeddable":true,"href":"https:\/\/sindicatodosbancarios.org.br\/site2022\/wp-json\/wp\/v2\/categories?post=2397"},{"taxonomy":"post_tag","embeddable":true,"href":"https:\/\/sindicatodosbancarios.org.br\/site2022\/wp-json\/wp\/v2\/tags?post=2397"}],"curies":[{"name":"wp","href":"https:\/\/api.w.org\/{rel}","templated":true}]}}