{"id":2436,"date":"2018-02-28T14:50:26","date_gmt":"2018-02-28T17:50:26","guid":{"rendered":"http:\/\/sindicatodosbancarios.org.br\/?p=2436"},"modified":"2018-02-28T16:48:09","modified_gmt":"2018-02-28T19:48:09","slug":"informe-bancario-020-2018-sindicato-e-univille-assinam-convenio-em-cursos-de-extensao-e-pos-graduacao","status":"publish","type":"post","link":"https:\/\/sindicatodosbancarios.org.br\/site2022\/2018\/02\/28\/informe-bancario-020-2018-sindicato-e-univille-assinam-convenio-em-cursos-de-extensao-e-pos-graduacao\/","title":{"rendered":"INFORME BANC\u00c1RIO &#8211; 020 \/ 2018 &#8211; SINDICATO E UNIVILLE ASSINAM CONV\u00caNIO EM CURSOS DE EXTENS\u00c3O E P\u00d3S GRADUA\u00c7\u00c3O"},"content":{"rendered":"<p>O Sindicato dos Banc\u00e1rios e UNIVILLE \u2013 Universidade da Regi\u00e3o de Joinville\u00a0assinaram conv\u00eanio no dia 27\/02\/2018, objetivando proporcionar descontos aos\u00a0banc\u00e1rios associados, em Cursos de Extens\u00e3o e P\u00f3s Gradua\u00e7\u00e3o.<\/p>\n<p>Os banc\u00e1rios associados ter\u00e3o como benef\u00edcio financeiro desconto de 10% a 15%,\u00a0dependendo da quantidade de inscritos (at\u00e9 3 associados10% , 4 ou mais associados\u00a015%), al\u00e9m de mais 10% na pontualidade para pagamento at\u00e9 dia 6 de cada m\u00eas.<\/p>\n<p>Os banc\u00e1rios (as) interessados poder\u00e3o solicitar ao Sindicato a declara\u00e7\u00e3o de sua\u00a0condi\u00e7\u00e3o de associado a Entidade Sindical para a obten\u00e7\u00e3o dos descontos.<\/p>\n<p>Os cursos disponibilizados est\u00e3o anexos ou poder\u00e3o ser acessados pelo site do\u00a0sindicato: sindicatodosbancarios.org.br<\/p>\n<p>Maiores informa\u00e7\u00f5es entre em contato com pelo fone: 3633-5203 (Sindicato).<\/p>\n<p style=\"text-align: center;\">ROBERTO ODENIR ORTIZ<br \/>\nPRESIDENTE<\/p>\n","protected":false},"excerpt":{"rendered":"<p>O Sindicato dos Banc\u00e1rios e UNIVILLE \u2013 Universidade da Regi\u00e3o de Joinville\u00a0assinaram conv\u00eanio no dia 27\/02\/2018, objetivando proporcionar [&hellip;]<\/p>\n","protected":false},"author":2,"featured_media":2437,"comment_status":"open","ping_status":"open","sticky":false,"template":"","format":"standard","meta":{"jetpack_post_was_ever_published":false,"jetpack_publicize_message":"","jetpack_is_tweetstorm":false,"jetpack_publicize_feature_enabled":true,"jetpack_social_post_already_shared":true,"jetpack_social_options":[]},"categories":[1],"tags":[],"jetpack_publicize_connections":[],"acf":[],"yoast_head":"<!-- This site is optimized with the Yoast SEO plugin v19.14 - https:\/\/yoast.com\/wordpress\/plugins\/seo\/ -->\n<title>INFORME BANC\u00c1RIO - 020 \/ 2018 - SINDICATO E UNIVILLE ASSINAM CONV\u00caNIO EM CURSOS DE EXTENS\u00c3O E P\u00d3S GRADUA\u00c7\u00c3O - Sindicato dos Banc\u00e1rios de S\u00e3o Bento do Sul e Regi\u00e3o<\/title>\n<meta name=\"robots\" content=\"index, follow, max-snippet:-1, max-image-preview:large, max-video-preview:-1\" \/>\n<link rel=\"canonical\" href=\"https:\/\/sindicatodosbancarios.org.br\/site2022\/2018\/02\/28\/informe-bancario-020-2018-sindicato-e-univille-assinam-convenio-em-cursos-de-extensao-e-pos-graduacao\/\" \/>\n<meta property=\"og:locale\" content=\"pt_BR\" \/>\n<meta property=\"og:type\" content=\"article\" \/>\n<meta property=\"og:title\" content=\"INFORME BANC\u00c1RIO - 020 \/ 2018 - SINDICATO E UNIVILLE ASSINAM CONV\u00caNIO EM CURSOS DE EXTENS\u00c3O E P\u00d3S GRADUA\u00c7\u00c3O - Sindicato dos Banc\u00e1rios de S\u00e3o Bento do Sul e Regi\u00e3o\" \/>\n<meta property=\"og:description\" content=\"O Sindicato dos Banc\u00e1rios e UNIVILLE \u2013 Universidade da Regi\u00e3o de Joinville\u00a0assinaram conv\u00eanio no dia 27\/02\/2018, objetivando proporcionar [&hellip;]\" \/>\n<meta property=\"og:url\" content=\"https:\/\/sindicatodosbancarios.org.br\/site2022\/2018\/02\/28\/informe-bancario-020-2018-sindicato-e-univille-assinam-convenio-em-cursos-de-extensao-e-pos-graduacao\/\" \/>\n<meta property=\"og:site_name\" content=\"Sindicato dos Banc\u00e1rios de S\u00e3o Bento do Sul e Regi\u00e3o\" \/>\n<meta property=\"article:author\" content=\"https:\/\/www.facebook.com\/seeb.sbs.9\" \/>\n<meta property=\"article:published_time\" content=\"2018-02-28T17:50:26+00:00\" \/>\n<meta property=\"article:modified_time\" content=\"2018-02-28T19:48:09+00:00\" \/>\n<meta property=\"og:image\" content=\"https:\/\/sindicatodosbancarios.org.br\/site2022\/wp-content\/uploads\/2018\/02\/INFORME-BANC\u00c1RIO-020-2018.jpg\" \/>\n\t<meta property=\"og:image:width\" content=\"1200\" \/>\n\t<meta property=\"og:image:height\" content=\"800\" \/>\n\t<meta property=\"og:image:type\" content=\"image\/jpeg\" \/>\n<meta name=\"author\" content=\"Sindicato dos Banc\u00e1rios S\u00e3o Bento do Sul e Regi\u00e3o\" \/>\n<meta name=\"twitter:card\" content=\"summary_large_image\" \/>\n<meta name=\"twitter:label1\" content=\"Escrito por\" \/>\n\t<meta name=\"twitter:data1\" content=\"Sindicato dos Banc\u00e1rios S\u00e3o Bento do Sul e Regi\u00e3o\" \/>\n\t<meta name=\"twitter:label2\" content=\"Est. tempo de leitura\" \/>\n\t<meta name=\"twitter:data2\" content=\"1 minuto\" \/>\n<script type=\"application\/ld+json\" class=\"yoast-schema-graph\">{\"@context\":\"https:\/\/schema.org\",\"@graph\":[{\"@type\":\"Article\",\"@id\":\"https:\/\/sindicatodosbancarios.org.br\/site2022\/2018\/02\/28\/informe-bancario-020-2018-sindicato-e-univille-assinam-convenio-em-cursos-de-extensao-e-pos-graduacao\/#article\",\"isPartOf\":{\"@id\":\"https:\/\/sindicatodosbancarios.org.br\/site2022\/2018\/02\/28\/informe-bancario-020-2018-sindicato-e-univille-assinam-convenio-em-cursos-de-extensao-e-pos-graduacao\/\"},\"author\":{\"name\":\"Sindicato dos Banc\u00e1rios S\u00e3o Bento do Sul e Regi\u00e3o\",\"@id\":\"https:\/\/sindicatodosbancarios.org.br\/site2022\/#\/schema\/person\/a7d92da77d1084df4d28b57962f1e1bd\"},\"headline\":\"INFORME BANC\u00c1RIO &#8211; 020 \/ 2018 &#8211; SINDICATO E UNIVILLE ASSINAM CONV\u00caNIO EM CURSOS DE EXTENS\u00c3O E P\u00d3S GRADUA\u00c7\u00c3O\",\"datePublished\":\"2018-02-28T17:50:26+00:00\",\"dateModified\":\"2018-02-28T19:48:09+00:00\",\"mainEntityOfPage\":{\"@id\":\"https:\/\/sindicatodosbancarios.org.br\/site2022\/2018\/02\/28\/informe-bancario-020-2018-sindicato-e-univille-assinam-convenio-em-cursos-de-extensao-e-pos-graduacao\/\"},\"wordCount\":154,\"commentCount\":0,\"publisher\":{\"@id\":\"https:\/\/sindicatodosbancarios.org.br\/site2022\/#organization\"},\"articleSection\":[\"Geral\"],\"inLanguage\":\"pt-BR\",\"potentialAction\":[{\"@type\":\"CommentAction\",\"name\":\"Comment\",\"target\":[\"https:\/\/sindicatodosbancarios.org.br\/site2022\/2018\/02\/28\/informe-bancario-020-2018-sindicato-e-univille-assinam-convenio-em-cursos-de-extensao-e-pos-graduacao\/#respond\"]}]},{\"@type\":\"WebPage\",\"@id\":\"https:\/\/sindicatodosbancarios.org.br\/site2022\/2018\/02\/28\/informe-bancario-020-2018-sindicato-e-univille-assinam-convenio-em-cursos-de-extensao-e-pos-graduacao\/\",\"url\":\"https:\/\/sindicatodosbancarios.org.br\/site2022\/2018\/02\/28\/informe-bancario-020-2018-sindicato-e-univille-assinam-convenio-em-cursos-de-extensao-e-pos-graduacao\/\",\"name\":\"INFORME BANC\u00c1RIO - 020 \/ 2018 - SINDICATO E UNIVILLE ASSINAM CONV\u00caNIO EM CURSOS DE EXTENS\u00c3O E P\u00d3S GRADUA\u00c7\u00c3O - Sindicato dos Banc\u00e1rios de S\u00e3o Bento do Sul e Regi\u00e3o\",\"isPartOf\":{\"@id\":\"https:\/\/sindicatodosbancarios.org.br\/site2022\/#website\"},\"datePublished\":\"2018-02-28T17:50:26+00:00\",\"dateModified\":\"2018-02-28T19:48:09+00:00\",\"breadcrumb\":{\"@id\":\"https:\/\/sindicatodosbancarios.org.br\/site2022\/2018\/02\/28\/informe-bancario-020-2018-sindicato-e-univille-assinam-convenio-em-cursos-de-extensao-e-pos-graduacao\/#breadcrumb\"},\"inLanguage\":\"pt-BR\",\"potentialAction\":[{\"@type\":\"ReadAction\",\"target\":[\"https:\/\/sindicatodosbancarios.org.br\/site2022\/2018\/02\/28\/informe-bancario-020-2018-sindicato-e-univille-assinam-convenio-em-cursos-de-extensao-e-pos-graduacao\/\"]}]},{\"@type\":\"BreadcrumbList\",\"@id\":\"https:\/\/sindicatodosbancarios.org.br\/site2022\/2018\/02\/28\/informe-bancario-020-2018-sindicato-e-univille-assinam-convenio-em-cursos-de-extensao-e-pos-graduacao\/#breadcrumb\",\"itemListElement\":[{\"@type\":\"ListItem\",\"position\":1,\"name\":\"In\u00edcio\",\"item\":\"https:\/\/sindicatodosbancarios.org.br\/site2022\/\"},{\"@type\":\"ListItem\",\"position\":2,\"name\":\"INFORME BANC\u00c1RIO &#8211; 020 \/ 2018 &#8211; SINDICATO E UNIVILLE ASSINAM CONV\u00caNIO EM CURSOS DE EXTENS\u00c3O E P\u00d3S GRADUA\u00c7\u00c3O\"}]},{\"@type\":\"WebSite\",\"@id\":\"https:\/\/sindicatodosbancarios.org.br\/site2022\/#website\",\"url\":\"https:\/\/sindicatodosbancarios.org.br\/site2022\/\",\"name\":\"Sindicato dos Banc\u00e1rios de S\u00e3o Bento do Sul e Regi\u00e3o\",\"description\":\"Website institucional do Sindicato dos Banc\u00e1rios de S\u00e3o Bento do Sul e Regi\u00e3o\",\"publisher\":{\"@id\":\"https:\/\/sindicatodosbancarios.org.br\/site2022\/#organization\"},\"potentialAction\":[{\"@type\":\"SearchAction\",\"target\":{\"@type\":\"EntryPoint\",\"urlTemplate\":\"https:\/\/sindicatodosbancarios.org.br\/site2022\/?s={search_term_string}\"},\"query-input\":\"required name=search_term_string\"}],\"inLanguage\":\"pt-BR\"},{\"@type\":\"Organization\",\"@id\":\"https:\/\/sindicatodosbancarios.org.br\/site2022\/#organization\",\"name\":\"Sindicato dos Banc\u00e1rios de S\u00e3o Bento do Sul e Regi\u00e3o\",\"url\":\"https:\/\/sindicatodosbancarios.org.br\/site2022\/\",\"logo\":{\"@type\":\"ImageObject\",\"inLanguage\":\"pt-BR\",\"@id\":\"https:\/\/sindicatodosbancarios.org.br\/site2022\/#\/schema\/logo\/image\/\",\"url\":\"https:\/\/sindicatodosbancarios.org.br\/site2022\/wp-content\/uploads\/2017\/06\/cropped-logo-2.png\",\"contentUrl\":\"https:\/\/sindicatodosbancarios.org.br\/site2022\/wp-content\/uploads\/2017\/06\/cropped-logo-2.png\",\"width\":292,\"height\":292,\"caption\":\"Sindicato dos Banc\u00e1rios de S\u00e3o Bento do Sul e Regi\u00e3o\"},\"image\":{\"@id\":\"https:\/\/sindicatodosbancarios.org.br\/site2022\/#\/schema\/logo\/image\/\"}},{\"@type\":\"Person\",\"@id\":\"https:\/\/sindicatodosbancarios.org.br\/site2022\/#\/schema\/person\/a7d92da77d1084df4d28b57962f1e1bd\",\"name\":\"Sindicato dos Banc\u00e1rios S\u00e3o Bento do Sul e Regi\u00e3o\",\"image\":{\"@type\":\"ImageObject\",\"inLanguage\":\"pt-BR\",\"@id\":\"https:\/\/sindicatodosbancarios.org.br\/site2022\/#\/schema\/person\/image\/\",\"url\":\"https:\/\/secure.gravatar.com\/avatar\/f1d1a06f698f2345352e539387180d42?s=96&d=mm&r=g\",\"contentUrl\":\"https:\/\/secure.gravatar.com\/avatar\/f1d1a06f698f2345352e539387180d42?s=96&d=mm&r=g\",\"caption\":\"Sindicato dos Banc\u00e1rios S\u00e3o Bento do Sul e Regi\u00e3o\"},\"sameAs\":[\"http:\/\/sindicatodosbancarios.org.br\/site2022\/\",\"https:\/\/www.facebook.com\/seeb.sbs.9\"],\"url\":\"https:\/\/sindicatodosbancarios.org.br\/site2022\/author\/sindicatodosbancarios\/\"}]}<\/script>\n<!-- \/ Yoast SEO plugin. -->","yoast_head_json":{"title":"INFORME BANC\u00c1RIO - 020 \/ 2018 - SINDICATO E UNIVILLE ASSINAM CONV\u00caNIO EM CURSOS DE EXTENS\u00c3O E P\u00d3S GRADUA\u00c7\u00c3O - Sindicato dos Banc\u00e1rios de S\u00e3o Bento do Sul e Regi\u00e3o","robots":{"index":"index","follow":"follow","max-snippet":"max-snippet:-1","max-image-preview":"max-image-preview:large","max-video-preview":"max-video-preview:-1"},"canonical":"https:\/\/sindicatodosbancarios.org.br\/site2022\/2018\/02\/28\/informe-bancario-020-2018-sindicato-e-univille-assinam-convenio-em-cursos-de-extensao-e-pos-graduacao\/","og_locale":"pt_BR","og_type":"article","og_title":"INFORME BANC\u00c1RIO - 020 \/ 2018 - SINDICATO E UNIVILLE ASSINAM CONV\u00caNIO EM CURSOS DE EXTENS\u00c3O E P\u00d3S GRADUA\u00c7\u00c3O - Sindicato dos Banc\u00e1rios de S\u00e3o Bento do Sul e Regi\u00e3o","og_description":"O Sindicato dos Banc\u00e1rios e UNIVILLE \u2013 Universidade da Regi\u00e3o de Joinville\u00a0assinaram conv\u00eanio no dia 27\/02\/2018, objetivando proporcionar [&hellip;]","og_url":"https:\/\/sindicatodosbancarios.org.br\/site2022\/2018\/02\/28\/informe-bancario-020-2018-sindicato-e-univille-assinam-convenio-em-cursos-de-extensao-e-pos-graduacao\/","og_site_name":"Sindicato dos Banc\u00e1rios de S\u00e3o Bento do Sul e Regi\u00e3o","article_author":"https:\/\/www.facebook.com\/seeb.sbs.9","article_published_time":"2018-02-28T17:50:26+00:00","article_modified_time":"2018-02-28T19:48:09+00:00","og_image":[{"width":1200,"height":800,"url":"https:\/\/sindicatodosbancarios.org.br\/site2022\/wp-content\/uploads\/2018\/02\/INFORME-BANC\u00c1RIO-020-2018.jpg","type":"image\/jpeg"}],"author":"Sindicato dos Banc\u00e1rios S\u00e3o Bento do Sul e Regi\u00e3o","twitter_card":"summary_large_image","twitter_misc":{"Escrito por":"Sindicato dos Banc\u00e1rios S\u00e3o Bento do Sul e Regi\u00e3o","Est. tempo de leitura":"1 minuto"},"schema":{"@context":"https:\/\/schema.org","@graph":[{"@type":"Article","@id":"https:\/\/sindicatodosbancarios.org.br\/site2022\/2018\/02\/28\/informe-bancario-020-2018-sindicato-e-univille-assinam-convenio-em-cursos-de-extensao-e-pos-graduacao\/#article","isPartOf":{"@id":"https:\/\/sindicatodosbancarios.org.br\/site2022\/2018\/02\/28\/informe-bancario-020-2018-sindicato-e-univille-assinam-convenio-em-cursos-de-extensao-e-pos-graduacao\/"},"author":{"name":"Sindicato dos Banc\u00e1rios S\u00e3o Bento do Sul e Regi\u00e3o","@id":"https:\/\/sindicatodosbancarios.org.br\/site2022\/#\/schema\/person\/a7d92da77d1084df4d28b57962f1e1bd"},"headline":"INFORME BANC\u00c1RIO &#8211; 020 \/ 2018 &#8211; SINDICATO E UNIVILLE ASSINAM CONV\u00caNIO EM CURSOS DE EXTENS\u00c3O E P\u00d3S GRADUA\u00c7\u00c3O","datePublished":"2018-02-28T17:50:26+00:00","dateModified":"2018-02-28T19:48:09+00:00","mainEntityOfPage":{"@id":"https:\/\/sindicatodosbancarios.org.br\/site2022\/2018\/02\/28\/informe-bancario-020-2018-sindicato-e-univille-assinam-convenio-em-cursos-de-extensao-e-pos-graduacao\/"},"wordCount":154,"commentCount":0,"publisher":{"@id":"https:\/\/sindicatodosbancarios.org.br\/site2022\/#organization"},"articleSection":["Geral"],"inLanguage":"pt-BR","potentialAction":[{"@type":"CommentAction","name":"Comment","target":["https:\/\/sindicatodosbancarios.org.br\/site2022\/2018\/02\/28\/informe-bancario-020-2018-sindicato-e-univille-assinam-convenio-em-cursos-de-extensao-e-pos-graduacao\/#respond"]}]},{"@type":"WebPage","@id":"https:\/\/sindicatodosbancarios.org.br\/site2022\/2018\/02\/28\/informe-bancario-020-2018-sindicato-e-univille-assinam-convenio-em-cursos-de-extensao-e-pos-graduacao\/","url":"https:\/\/sindicatodosbancarios.org.br\/site2022\/2018\/02\/28\/informe-bancario-020-2018-sindicato-e-univille-assinam-convenio-em-cursos-de-extensao-e-pos-graduacao\/","name":"INFORME BANC\u00c1RIO - 020 \/ 2018 - SINDICATO E UNIVILLE ASSINAM CONV\u00caNIO EM CURSOS DE EXTENS\u00c3O E P\u00d3S GRADUA\u00c7\u00c3O - Sindicato dos Banc\u00e1rios de S\u00e3o Bento do Sul e Regi\u00e3o","isPartOf":{"@id":"https:\/\/sindicatodosbancarios.org.br\/site2022\/#website"},"datePublished":"2018-02-28T17:50:26+00:00","dateModified":"2018-02-28T19:48:09+00:00","breadcrumb":{"@id":"https:\/\/sindicatodosbancarios.org.br\/site2022\/2018\/02\/28\/informe-bancario-020-2018-sindicato-e-univille-assinam-convenio-em-cursos-de-extensao-e-pos-graduacao\/#breadcrumb"},"inLanguage":"pt-BR","potentialAction":[{"@type":"ReadAction","target":["https:\/\/sindicatodosbancarios.org.br\/site2022\/2018\/02\/28\/informe-bancario-020-2018-sindicato-e-univille-assinam-convenio-em-cursos-de-extensao-e-pos-graduacao\/"]}]},{"@type":"BreadcrumbList","@id":"https:\/\/sindicatodosbancarios.org.br\/site2022\/2018\/02\/28\/informe-bancario-020-2018-sindicato-e-univille-assinam-convenio-em-cursos-de-extensao-e-pos-graduacao\/#breadcrumb","itemListElement":[{"@type":"ListItem","position":1,"name":"In\u00edcio","item":"https:\/\/sindicatodosbancarios.org.br\/site2022\/"},{"@type":"ListItem","position":2,"name":"INFORME BANC\u00c1RIO &#8211; 020 \/ 2018 &#8211; SINDICATO E UNIVILLE ASSINAM CONV\u00caNIO EM CURSOS DE EXTENS\u00c3O E P\u00d3S GRADUA\u00c7\u00c3O"}]},{"@type":"WebSite","@id":"https:\/\/sindicatodosbancarios.org.br\/site2022\/#website","url":"https:\/\/sindicatodosbancarios.org.br\/site2022\/","name":"Sindicato dos Banc\u00e1rios de S\u00e3o Bento do Sul e Regi\u00e3o","description":"Website institucional do Sindicato dos Banc\u00e1rios de S\u00e3o Bento do Sul e Regi\u00e3o","publisher":{"@id":"https:\/\/sindicatodosbancarios.org.br\/site2022\/#organization"},"potentialAction":[{"@type":"SearchAction","target":{"@type":"EntryPoint","urlTemplate":"https:\/\/sindicatodosbancarios.org.br\/site2022\/?s={search_term_string}"},"query-input":"required name=search_term_string"}],"inLanguage":"pt-BR"},{"@type":"Organization","@id":"https:\/\/sindicatodosbancarios.org.br\/site2022\/#organization","name":"Sindicato dos Banc\u00e1rios de S\u00e3o Bento do Sul e Regi\u00e3o","url":"https:\/\/sindicatodosbancarios.org.br\/site2022\/","logo":{"@type":"ImageObject","inLanguage":"pt-BR","@id":"https:\/\/sindicatodosbancarios.org.br\/site2022\/#\/schema\/logo\/image\/","url":"https:\/\/sindicatodosbancarios.org.br\/site2022\/wp-content\/uploads\/2017\/06\/cropped-logo-2.png","contentUrl":"https:\/\/sindicatodosbancarios.org.br\/site2022\/wp-content\/uploads\/2017\/06\/cropped-logo-2.png","width":292,"height":292,"caption":"Sindicato dos Banc\u00e1rios de S\u00e3o Bento do Sul e Regi\u00e3o"},"image":{"@id":"https:\/\/sindicatodosbancarios.org.br\/site2022\/#\/schema\/logo\/image\/"}},{"@type":"Person","@id":"https:\/\/sindicatodosbancarios.org.br\/site2022\/#\/schema\/person\/a7d92da77d1084df4d28b57962f1e1bd","name":"Sindicato dos Banc\u00e1rios S\u00e3o Bento do Sul e Regi\u00e3o","image":{"@type":"ImageObject","inLanguage":"pt-BR","@id":"https:\/\/sindicatodosbancarios.org.br\/site2022\/#\/schema\/person\/image\/","url":"https:\/\/secure.gravatar.com\/avatar\/f1d1a06f698f2345352e539387180d42?s=96&d=mm&r=g","contentUrl":"https:\/\/secure.gravatar.com\/avatar\/f1d1a06f698f2345352e539387180d42?s=96&d=mm&r=g","caption":"Sindicato dos Banc\u00e1rios S\u00e3o Bento do Sul e Regi\u00e3o"},"sameAs":["http:\/\/sindicatodosbancarios.org.br\/site2022\/","https:\/\/www.facebook.com\/seeb.sbs.9"],"url":"https:\/\/sindicatodosbancarios.org.br\/site2022\/author\/sindicatodosbancarios\/"}]}},"jetpack_featured_media_url":"https:\/\/sindicatodosbancarios.org.br\/site2022\/wp-content\/uploads\/2018\/02\/INFORME-BANC\u00c1RIO-020-2018.jpg","jetpack_sharing_enabled":true,"jetpack_shortlink":"https:\/\/wp.me\/p8RSbI-Di","jetpack-related-posts":[{"id":5641,"url":"https:\/\/sindicatodosbancarios.org.br\/site2022\/2021\/08\/24\/informe-bancario-200-2021-renovacao-convenio-entre-sindicato-e-patanegra-cervejaria\/","url_meta":{"origin":2436,"position":0},"title":"INFORME BANC\u00c1RIO \u2013 200\/2021 &#8211; RENOVA\u00c7\u00c3O CONV\u00caNIO ENTRE SINDICATO E PATANEGRA CERVEJARIA","date":"24 de agosto de 2021","format":false,"excerpt":"O Sindicato dos Banc\u00e1rios de S\u00e3o Bento do Sul e Regi\u00e3o e PataNegra Cervejaria renovam seu conv\u00eanio por mais 3 (tr\u00eas) anos, parceria que come\u00e7ou em maio de 2019. A conceituada Cervejaria PataNegra de S\u00e3o Bento do Sul, com endere\u00e7o na Rodovia Deputado Gen\u00e9sio Tureck (Acesso Oeste), n\u00ba 1355 \u2013\u2026","rel":"","context":"Em &quot;Geral&quot;","img":{"alt_text":"","src":"https:\/\/i0.wp.com\/sindicatodosbancarios.org.br\/site2022\/wp-content\/uploads\/2021\/08\/brewpub-anexo-a-cervejaria.jpg?resize=350%2C200&ssl=1","width":350,"height":200},"classes":[]},{"id":5307,"url":"https:\/\/sindicatodosbancarios.org.br\/site2022\/2021\/04\/16\/informe-bancarios-98-2021-2-bilhoes-da-acao-ir-previ-nova-diretoria-da-anabb-vai-agilizar-liquidacao-dos-valores\/","url_meta":{"origin":2436,"position":1},"title":"INFORME BANC\u00c1RIOS \u2013 98\/2021 2 bilh\u00f5es da a\u00e7\u00e3o IR Previ: nova Diretoria da ANABB vai agilizar liquida\u00e7\u00e3o dos valores","date":"16 de abril de 2021","format":false,"excerpt":"A partir desta segunda feira, dia 12 de abril, os associados come\u00e7ar\u00e3o a receber e-mails com informa\u00e7\u00f5es referentes \u00e0 a\u00e7\u00e3o. Uma das primeiras a\u00e7\u00f5es da nova Diretoria Executiva da ANABB \u00e9 dar celeridade \u00e0 a\u00e7\u00e3o IR Previ e garantir que os associados recebam o montante aproximado de R$ 2 bilh\u00f5es\u2026","rel":"","context":"Em &quot;Geral&quot;","img":{"alt_text":"","src":"https:\/\/i0.wp.com\/sindicatodosbancarios.org.br\/site2022\/wp-content\/uploads\/2021\/04\/predioAnabb.jpg?resize=350%2C200&ssl=1","width":350,"height":200},"classes":[]},{"id":5406,"url":"https:\/\/sindicatodosbancarios.org.br\/site2022\/2021\/05\/20\/informe-bancario-127-2021-bancarios-do-itau-irao-avaliar-e-votar-propostas-de-act\/","url_meta":{"origin":2436,"position":2},"title":"INFORME BANC\u00c1RIO &#8211; 127\/2021 &#8211; BANC\u00c1RIOS DO ITA\u00da IR\u00c3O AVALIAR E VOTAR PROPOSTAS DE ACT","date":"20 de maio de 2021","format":false,"excerpt":"S\u00e3o Bento do Sul, 14 de maio de 2021. Os Banc\u00e1rios do Ita\u00fa Unibanco SA, ser\u00e3o informados para avaliar e votar a Proposta de Acordo Coletivo de Trabalho (ACT) por meio de uma Assembleia Virtual. A proposta trata sobre temas como o Programa Complementar de Remunera\u00e7\u00e3o (PCR), as Bolsas Aux\u00edlio-educa\u00e7\u00e3o\u2026","rel":"","context":"Em &quot;Ita\u00fa&quot;","img":{"alt_text":"","src":"https:\/\/i0.wp.com\/sindicatodosbancarios.org.br\/site2022\/wp-content\/uploads\/2021\/05\/1-17.jpg?resize=350%2C200&ssl=1","width":350,"height":200},"classes":[]},{"id":5468,"url":"https:\/\/sindicatodosbancarios.org.br\/site2022\/2021\/06\/17\/informe-bancario-147-2021-plr-no-2o-semestre-de-2021-esta-garantida-pelo-acordo-coletivo\/","url_meta":{"origin":2436,"position":3},"title":"INFORME BANC\u00c1RIO \u2013 147\/2021 PLR NO 2\u00ba SEMESTRE DE 2021 EST\u00c1 GARANTIDA PELO ACORDO COLETIVO","date":"17 de junho de 2021","format":false,"excerpt":"Com a conquista pela categoria banc\u00e1ria, em 2020, de uma Conven\u00e7\u00e3o Coletiva de Trabalho (CCT) v\u00e1lida por 2 anos, o pagamento da Participa\u00e7\u00e3o nos Lucros e Resultados (PLR) no 2\u00ba semestre deste ano j\u00e1 tem prazos estabelecidos (veja abaixo). A atual CCT das banc\u00e1rias e banc\u00e1rios, que garante uma s\u00e9rie\u2026","rel":"","context":"Em &quot;Geral&quot;","img":{"alt_text":"","src":"https:\/\/i0.wp.com\/sindicatodosbancarios.org.br\/site2022\/wp-content\/uploads\/2021\/06\/plr-21-11677-980x500m0.jpg?resize=350%2C200&ssl=1","width":350,"height":200},"classes":[]},{"id":4965,"url":"https:\/\/sindicatodosbancarios.org.br\/site2022\/2021\/01\/06\/informe-bancario-486-2020-atualizacao-cadastral-cassi\/","url_meta":{"origin":2436,"position":4},"title":"INFORME BANC\u00c1RIO \u2013 08\/2021 Atualiza\u00e7\u00e3o Cadastral CASSI","date":"6 de janeiro de 2021","format":false,"excerpt":"O Conselho de Usu\u00e1rios de SC, vem lembrar da import\u00e2ncia de todos e todas manterem a atualiza\u00e7\u00e3o cadastral junto \u00e0 CASSI. Os dados atualizados garantem a r\u00e1pida comunica\u00e7\u00e3o da Caixa de Assist\u00eancia com seus benefici\u00e1rios. Assim, se o plano precisar de informa\u00e7\u00f5es adicionais para autorizar algum procedimento, consegue contatar o\u2026","rel":"","context":"Em &quot;Banco do Brasil&quot;","img":{"alt_text":"","src":"https:\/\/i0.wp.com\/sindicatodosbancarios.org.br\/site2022\/wp-content\/uploads\/2021\/01\/cassi_12.jpg?resize=350%2C200&ssl=1","width":350,"height":200},"classes":[]},{"id":4526,"url":"https:\/\/sindicatodosbancarios.org.br\/site2022\/2020\/09\/21\/informe-bancario-359-2020-plr-sem-imposto-de-renda\/","url_meta":{"origin":2436,"position":5},"title":"INFORME BANC\u00c1RIO \u2013 359\/2020 PLR SEM IMPOSTO DE RENDA","date":"21 de setembro de 2020","format":false,"excerpt":"Conquista dos Trabalhadores garante isen\u00e7\u00e3o para quem ganha at\u00e9 R$ 6.677,55 e descontos menores a partir desse valor. Conquistada pelo Movimento Sindical Banc\u00e1rio e Trabalhadores, em 2013, a Lei 12.832 garante a todos os Trabalhadores isen\u00e7\u00e3o ou descontos menores de Imposto de Renda sobre a PLR (Participa\u00e7\u00e3o nos Lucros e\u2026","rel":"","context":"Em &quot;Banco do Brasil&quot;","img":{"alt_text":"","src":"https:\/\/i0.wp.com\/sindicatodosbancarios.org.br\/site2022\/wp-content\/uploads\/2020\/09\/governo-vai-cobrar-imposto-sobre-ferias-e-13-de-acordo-trabalhista-1569402528.jpg?resize=350%2C200&ssl=1","width":350,"height":200},"classes":[]}],"_links":{"self":[{"href":"https:\/\/sindicatodosbancarios.org.br\/site2022\/wp-json\/wp\/v2\/posts\/2436"}],"collection":[{"href":"https:\/\/sindicatodosbancarios.org.br\/site2022\/wp-json\/wp\/v2\/posts"}],"about":[{"href":"https:\/\/sindicatodosbancarios.org.br\/site2022\/wp-json\/wp\/v2\/types\/post"}],"author":[{"embeddable":true,"href":"https:\/\/sindicatodosbancarios.org.br\/site2022\/wp-json\/wp\/v2\/users\/2"}],"replies":[{"embeddable":true,"href":"https:\/\/sindicatodosbancarios.org.br\/site2022\/wp-json\/wp\/v2\/comments?post=2436"}],"version-history":[{"count":3,"href":"https:\/\/sindicatodosbancarios.org.br\/site2022\/wp-json\/wp\/v2\/posts\/2436\/revisions"}],"predecessor-version":[{"id":2443,"href":"https:\/\/sindicatodosbancarios.org.br\/site2022\/wp-json\/wp\/v2\/posts\/2436\/revisions\/2443"}],"wp:featuredmedia":[{"embeddable":true,"href":"https:\/\/sindicatodosbancarios.org.br\/site2022\/wp-json\/wp\/v2\/media\/2437"}],"wp:attachment":[{"href":"https:\/\/sindicatodosbancarios.org.br\/site2022\/wp-json\/wp\/v2\/media?parent=2436"}],"wp:term":[{"taxonomy":"category","embeddable":true,"href":"https:\/\/sindicatodosbancarios.org.br\/site2022\/wp-json\/wp\/v2\/categories?post=2436"},{"taxonomy":"post_tag","embeddable":true,"href":"https:\/\/sindicatodosbancarios.org.br\/site2022\/wp-json\/wp\/v2\/tags?post=2436"}],"curies":[{"name":"wp","href":"https:\/\/api.w.org\/{rel}","templated":true}]}}