{"id":2468,"date":"2018-03-28T16:51:05","date_gmt":"2018-03-28T19:51:05","guid":{"rendered":"http:\/\/sindicatodosbancarios.org.br\/?p=2468"},"modified":"2018-04-02T09:10:57","modified_gmt":"2018-04-02T12:10:57","slug":"informe-bancario-023-2018-chapa-do-sindicato-e-eleita-com-97-dos-votos","status":"publish","type":"post","link":"https:\/\/sindicatodosbancarios.org.br\/site2022\/2018\/03\/28\/informe-bancario-023-2018-chapa-do-sindicato-e-eleita-com-97-dos-votos\/","title":{"rendered":"INFORME BANC\u00c1RIO &#8211; 023 \/ 2018 &#8211; CHAPA DO SINDICATO \u00c9 ELEITA COM 97% DOS VOTOS"},"content":{"rendered":"<p>Em elei\u00e7\u00e3o realizada no dia de ontem (27\/03) os banc\u00e1rios de S\u00e3o Bento do Sul, Rio Negrinho e Campo Alegre, foram as urnas e, votaram na renova\u00e7\u00e3o da Diretoria do Sindicato para um novo mandato que se iniciar\u00e1 em 23\/07\/2018.<\/p>\n<p>Durante todo o dia (27\/03) urnas itinerantes percorreram os locais de trabalho e coletaram votos e ao final do dia com os votos apurados a Chapa 1 obteve 97% dos votos v\u00e1lidos.<\/p>\n<p>O Presidente do Sindicato Roberto Ortiz, que foi reeleito, destacou o elevado \u00edndice de aprova\u00e7\u00e3o da \u00fanica chapa inscrita, pelo trabalho realizado nos \u00faltimos anos, enfatizando que o Sindicato esteve \u00e0 frente da categoria nas dif\u00edceis Campanhas Salariais, conquistando recomposi\u00e7\u00e3o e aumento real de sal\u00e1rios, aquisi\u00e7\u00e3o do terreno da Sede Social e a constru\u00e7\u00e3o da ARBANC, inaugurada no final do ano passado.<\/p>\n<p>Roberto Ortiz lembra que o Sindicato dos Empregados em Estabelecimentos Banc\u00e1rios de S\u00e3o Bento do Sul e Regi\u00e3o, foi fundado em 23\/07\/2013, que em t\u00e3o pouco tempo sua Diretoria vem realizando muitas conquistas aos seus associados.<\/p>\n<p>Tamb\u00e9m fez men\u00e7\u00e3o pela renova\u00e7\u00e3o de 50% dos membros da Diretoria, e o acr\u00e9scimo da participa\u00e7\u00e3o de mulheres, agora s\u00e3o cinco, sendo que a vice-presidente eleita, Carine Ebert, funcion\u00e1ria da Caixa Econ\u00f4mica Federal (S\u00e3o Bento do Sul), juntamente com L\u00facia, Ingrid, Mayla e Vanda, ter\u00e1 mais essa miss\u00e3o de representar a todas as banc\u00e1rias da regi\u00e3o.<\/p>\n<p>A posse ocorrer\u00e1 no dia 23\/07\/2018, na Sede Social dos Banc\u00e1rios (ARBANC).<\/p>\n<p>Foram eleitos: Roberto Odenir Ortiz, Carine Barbara Ebert, Mayla Cibele Pereira, L\u00facia Helena da S.V.D. Boom, Victor Cherubin (Diretoria Efetiva), Ald\u00e9rico Benthien J\u00fanior, Ingrid In\u00eas Anton da Silva, Jos\u00e9 Luiz Rodrigues, Vanda Ribeiro Gon\u00e7alves e Jo\u00e3o Kleber Kerscher (Suplentes da Diretoria), Roger Bergmann, Gilberto Furst, Ad\u00e3o de Oliveira, Cesar Ernani Nascimento, Renato Tadeu Milchevski, Rodrigo de Lima Borges (Conselho Fiscais Efetivos e Suplentes), Carlos Louren\u00e7o Schroeder (Delegado Suplente junto a Federa\u00e7\u00e3o).<\/p>\n<p><span style=\"font-size: 8pt;\">FONTE: SEEB-SBS E REGI\u00c3O<\/span><\/p>\n","protected":false},"excerpt":{"rendered":"<p>Em elei\u00e7\u00e3o realizada no dia de ontem (27\/03) os banc\u00e1rios de S\u00e3o Bento do Sul, Rio Negrinho e [&hellip;]<\/p>\n","protected":false},"author":2,"featured_media":2469,"comment_status":"open","ping_status":"open","sticky":false,"template":"","format":"standard","meta":{"jetpack_post_was_ever_published":false,"jetpack_publicize_message":"","jetpack_is_tweetstorm":false,"jetpack_publicize_feature_enabled":true,"jetpack_social_post_already_shared":true,"jetpack_social_options":[]},"categories":[1],"tags":[],"jetpack_publicize_connections":[],"acf":[],"yoast_head":"<!-- This site is optimized with the Yoast SEO plugin v19.14 - https:\/\/yoast.com\/wordpress\/plugins\/seo\/ -->\n<title>INFORME BANC\u00c1RIO - 023 \/ 2018 - CHAPA DO SINDICATO \u00c9 ELEITA COM 97% DOS VOTOS - Sindicato dos Banc\u00e1rios de S\u00e3o Bento do Sul e Regi\u00e3o<\/title>\n<meta name=\"robots\" content=\"index, follow, max-snippet:-1, max-image-preview:large, max-video-preview:-1\" \/>\n<link rel=\"canonical\" href=\"https:\/\/sindicatodosbancarios.org.br\/site2022\/2018\/03\/28\/informe-bancario-023-2018-chapa-do-sindicato-e-eleita-com-97-dos-votos\/\" \/>\n<meta property=\"og:locale\" content=\"pt_BR\" \/>\n<meta property=\"og:type\" content=\"article\" \/>\n<meta property=\"og:title\" content=\"INFORME BANC\u00c1RIO - 023 \/ 2018 - CHAPA DO SINDICATO \u00c9 ELEITA COM 97% DOS VOTOS - Sindicato dos Banc\u00e1rios de S\u00e3o Bento do Sul e Regi\u00e3o\" \/>\n<meta property=\"og:description\" content=\"Em elei\u00e7\u00e3o realizada no dia de ontem (27\/03) os banc\u00e1rios de S\u00e3o Bento do Sul, Rio Negrinho e [&hellip;]\" \/>\n<meta property=\"og:url\" content=\"https:\/\/sindicatodosbancarios.org.br\/site2022\/2018\/03\/28\/informe-bancario-023-2018-chapa-do-sindicato-e-eleita-com-97-dos-votos\/\" \/>\n<meta property=\"og:site_name\" content=\"Sindicato dos Banc\u00e1rios de S\u00e3o Bento do Sul e Regi\u00e3o\" \/>\n<meta property=\"article:author\" content=\"https:\/\/www.facebook.com\/seeb.sbs.9\" \/>\n<meta property=\"article:published_time\" content=\"2018-03-28T19:51:05+00:00\" \/>\n<meta property=\"article:modified_time\" content=\"2018-04-02T12:10:57+00:00\" \/>\n<meta property=\"og:image\" content=\"https:\/\/sindicatodosbancarios.org.br\/site2022\/wp-content\/uploads\/2018\/03\/imagens_16520131220530-informe-023.jpg\" \/>\n\t<meta property=\"og:image:width\" content=\"700\" \/>\n\t<meta property=\"og:image:height\" content=\"400\" \/>\n\t<meta property=\"og:image:type\" content=\"image\/jpeg\" \/>\n<meta name=\"author\" content=\"Sindicato dos Banc\u00e1rios S\u00e3o Bento do Sul e Regi\u00e3o\" \/>\n<meta name=\"twitter:card\" content=\"summary_large_image\" \/>\n<meta name=\"twitter:label1\" content=\"Escrito por\" \/>\n\t<meta name=\"twitter:data1\" content=\"Sindicato dos Banc\u00e1rios S\u00e3o Bento do Sul e Regi\u00e3o\" \/>\n\t<meta name=\"twitter:label2\" content=\"Est. tempo de leitura\" \/>\n\t<meta name=\"twitter:data2\" content=\"2 minutos\" \/>\n<script type=\"application\/ld+json\" class=\"yoast-schema-graph\">{\"@context\":\"https:\/\/schema.org\",\"@graph\":[{\"@type\":\"Article\",\"@id\":\"https:\/\/sindicatodosbancarios.org.br\/site2022\/2018\/03\/28\/informe-bancario-023-2018-chapa-do-sindicato-e-eleita-com-97-dos-votos\/#article\",\"isPartOf\":{\"@id\":\"https:\/\/sindicatodosbancarios.org.br\/site2022\/2018\/03\/28\/informe-bancario-023-2018-chapa-do-sindicato-e-eleita-com-97-dos-votos\/\"},\"author\":{\"name\":\"Sindicato dos Banc\u00e1rios S\u00e3o Bento do Sul e Regi\u00e3o\",\"@id\":\"https:\/\/sindicatodosbancarios.org.br\/site2022\/#\/schema\/person\/a7d92da77d1084df4d28b57962f1e1bd\"},\"headline\":\"INFORME BANC\u00c1RIO &#8211; 023 \/ 2018 &#8211; CHAPA DO SINDICATO \u00c9 ELEITA COM 97% DOS VOTOS\",\"datePublished\":\"2018-03-28T19:51:05+00:00\",\"dateModified\":\"2018-04-02T12:10:57+00:00\",\"mainEntityOfPage\":{\"@id\":\"https:\/\/sindicatodosbancarios.org.br\/site2022\/2018\/03\/28\/informe-bancario-023-2018-chapa-do-sindicato-e-eleita-com-97-dos-votos\/\"},\"wordCount\":357,\"commentCount\":0,\"publisher\":{\"@id\":\"https:\/\/sindicatodosbancarios.org.br\/site2022\/#organization\"},\"articleSection\":[\"Geral\"],\"inLanguage\":\"pt-BR\",\"potentialAction\":[{\"@type\":\"CommentAction\",\"name\":\"Comment\",\"target\":[\"https:\/\/sindicatodosbancarios.org.br\/site2022\/2018\/03\/28\/informe-bancario-023-2018-chapa-do-sindicato-e-eleita-com-97-dos-votos\/#respond\"]}]},{\"@type\":\"WebPage\",\"@id\":\"https:\/\/sindicatodosbancarios.org.br\/site2022\/2018\/03\/28\/informe-bancario-023-2018-chapa-do-sindicato-e-eleita-com-97-dos-votos\/\",\"url\":\"https:\/\/sindicatodosbancarios.org.br\/site2022\/2018\/03\/28\/informe-bancario-023-2018-chapa-do-sindicato-e-eleita-com-97-dos-votos\/\",\"name\":\"INFORME BANC\u00c1RIO - 023 \/ 2018 - CHAPA DO SINDICATO \u00c9 ELEITA COM 97% DOS VOTOS - Sindicato dos Banc\u00e1rios de S\u00e3o Bento do Sul e Regi\u00e3o\",\"isPartOf\":{\"@id\":\"https:\/\/sindicatodosbancarios.org.br\/site2022\/#website\"},\"datePublished\":\"2018-03-28T19:51:05+00:00\",\"dateModified\":\"2018-04-02T12:10:57+00:00\",\"breadcrumb\":{\"@id\":\"https:\/\/sindicatodosbancarios.org.br\/site2022\/2018\/03\/28\/informe-bancario-023-2018-chapa-do-sindicato-e-eleita-com-97-dos-votos\/#breadcrumb\"},\"inLanguage\":\"pt-BR\",\"potentialAction\":[{\"@type\":\"ReadAction\",\"target\":[\"https:\/\/sindicatodosbancarios.org.br\/site2022\/2018\/03\/28\/informe-bancario-023-2018-chapa-do-sindicato-e-eleita-com-97-dos-votos\/\"]}]},{\"@type\":\"BreadcrumbList\",\"@id\":\"https:\/\/sindicatodosbancarios.org.br\/site2022\/2018\/03\/28\/informe-bancario-023-2018-chapa-do-sindicato-e-eleita-com-97-dos-votos\/#breadcrumb\",\"itemListElement\":[{\"@type\":\"ListItem\",\"position\":1,\"name\":\"In\u00edcio\",\"item\":\"https:\/\/sindicatodosbancarios.org.br\/site2022\/\"},{\"@type\":\"ListItem\",\"position\":2,\"name\":\"INFORME BANC\u00c1RIO &#8211; 023 \/ 2018 &#8211; CHAPA DO SINDICATO \u00c9 ELEITA COM 97% DOS VOTOS\"}]},{\"@type\":\"WebSite\",\"@id\":\"https:\/\/sindicatodosbancarios.org.br\/site2022\/#website\",\"url\":\"https:\/\/sindicatodosbancarios.org.br\/site2022\/\",\"name\":\"Sindicato dos Banc\u00e1rios de S\u00e3o Bento do Sul e Regi\u00e3o\",\"description\":\"Website institucional do Sindicato dos Banc\u00e1rios de S\u00e3o Bento do Sul e Regi\u00e3o\",\"publisher\":{\"@id\":\"https:\/\/sindicatodosbancarios.org.br\/site2022\/#organization\"},\"potentialAction\":[{\"@type\":\"SearchAction\",\"target\":{\"@type\":\"EntryPoint\",\"urlTemplate\":\"https:\/\/sindicatodosbancarios.org.br\/site2022\/?s={search_term_string}\"},\"query-input\":\"required name=search_term_string\"}],\"inLanguage\":\"pt-BR\"},{\"@type\":\"Organization\",\"@id\":\"https:\/\/sindicatodosbancarios.org.br\/site2022\/#organization\",\"name\":\"Sindicato dos Banc\u00e1rios de S\u00e3o Bento do Sul e Regi\u00e3o\",\"url\":\"https:\/\/sindicatodosbancarios.org.br\/site2022\/\",\"logo\":{\"@type\":\"ImageObject\",\"inLanguage\":\"pt-BR\",\"@id\":\"https:\/\/sindicatodosbancarios.org.br\/site2022\/#\/schema\/logo\/image\/\",\"url\":\"https:\/\/sindicatodosbancarios.org.br\/site2022\/wp-content\/uploads\/2017\/06\/cropped-logo-2.png\",\"contentUrl\":\"https:\/\/sindicatodosbancarios.org.br\/site2022\/wp-content\/uploads\/2017\/06\/cropped-logo-2.png\",\"width\":292,\"height\":292,\"caption\":\"Sindicato dos Banc\u00e1rios de S\u00e3o Bento do Sul e Regi\u00e3o\"},\"image\":{\"@id\":\"https:\/\/sindicatodosbancarios.org.br\/site2022\/#\/schema\/logo\/image\/\"}},{\"@type\":\"Person\",\"@id\":\"https:\/\/sindicatodosbancarios.org.br\/site2022\/#\/schema\/person\/a7d92da77d1084df4d28b57962f1e1bd\",\"name\":\"Sindicato dos Banc\u00e1rios S\u00e3o Bento do Sul e Regi\u00e3o\",\"image\":{\"@type\":\"ImageObject\",\"inLanguage\":\"pt-BR\",\"@id\":\"https:\/\/sindicatodosbancarios.org.br\/site2022\/#\/schema\/person\/image\/\",\"url\":\"https:\/\/secure.gravatar.com\/avatar\/f1d1a06f698f2345352e539387180d42?s=96&d=mm&r=g\",\"contentUrl\":\"https:\/\/secure.gravatar.com\/avatar\/f1d1a06f698f2345352e539387180d42?s=96&d=mm&r=g\",\"caption\":\"Sindicato dos Banc\u00e1rios S\u00e3o Bento do Sul e Regi\u00e3o\"},\"sameAs\":[\"http:\/\/sindicatodosbancarios.org.br\/site2022\/\",\"https:\/\/www.facebook.com\/seeb.sbs.9\"],\"url\":\"https:\/\/sindicatodosbancarios.org.br\/site2022\/author\/sindicatodosbancarios\/\"}]}<\/script>\n<!-- \/ Yoast SEO plugin. -->","yoast_head_json":{"title":"INFORME BANC\u00c1RIO - 023 \/ 2018 - CHAPA DO SINDICATO \u00c9 ELEITA COM 97% DOS VOTOS - Sindicato dos Banc\u00e1rios de S\u00e3o Bento do Sul e Regi\u00e3o","robots":{"index":"index","follow":"follow","max-snippet":"max-snippet:-1","max-image-preview":"max-image-preview:large","max-video-preview":"max-video-preview:-1"},"canonical":"https:\/\/sindicatodosbancarios.org.br\/site2022\/2018\/03\/28\/informe-bancario-023-2018-chapa-do-sindicato-e-eleita-com-97-dos-votos\/","og_locale":"pt_BR","og_type":"article","og_title":"INFORME BANC\u00c1RIO - 023 \/ 2018 - CHAPA DO SINDICATO \u00c9 ELEITA COM 97% DOS VOTOS - Sindicato dos Banc\u00e1rios de S\u00e3o Bento do Sul e Regi\u00e3o","og_description":"Em elei\u00e7\u00e3o realizada no dia de ontem (27\/03) os banc\u00e1rios de S\u00e3o Bento do Sul, Rio Negrinho e [&hellip;]","og_url":"https:\/\/sindicatodosbancarios.org.br\/site2022\/2018\/03\/28\/informe-bancario-023-2018-chapa-do-sindicato-e-eleita-com-97-dos-votos\/","og_site_name":"Sindicato dos Banc\u00e1rios de S\u00e3o Bento do Sul e Regi\u00e3o","article_author":"https:\/\/www.facebook.com\/seeb.sbs.9","article_published_time":"2018-03-28T19:51:05+00:00","article_modified_time":"2018-04-02T12:10:57+00:00","og_image":[{"width":700,"height":400,"url":"https:\/\/sindicatodosbancarios.org.br\/site2022\/wp-content\/uploads\/2018\/03\/imagens_16520131220530-informe-023.jpg","type":"image\/jpeg"}],"author":"Sindicato dos Banc\u00e1rios S\u00e3o Bento do Sul e Regi\u00e3o","twitter_card":"summary_large_image","twitter_misc":{"Escrito por":"Sindicato dos Banc\u00e1rios S\u00e3o Bento do Sul e Regi\u00e3o","Est. tempo de leitura":"2 minutos"},"schema":{"@context":"https:\/\/schema.org","@graph":[{"@type":"Article","@id":"https:\/\/sindicatodosbancarios.org.br\/site2022\/2018\/03\/28\/informe-bancario-023-2018-chapa-do-sindicato-e-eleita-com-97-dos-votos\/#article","isPartOf":{"@id":"https:\/\/sindicatodosbancarios.org.br\/site2022\/2018\/03\/28\/informe-bancario-023-2018-chapa-do-sindicato-e-eleita-com-97-dos-votos\/"},"author":{"name":"Sindicato dos Banc\u00e1rios S\u00e3o Bento do Sul e Regi\u00e3o","@id":"https:\/\/sindicatodosbancarios.org.br\/site2022\/#\/schema\/person\/a7d92da77d1084df4d28b57962f1e1bd"},"headline":"INFORME BANC\u00c1RIO &#8211; 023 \/ 2018 &#8211; CHAPA DO SINDICATO \u00c9 ELEITA COM 97% DOS VOTOS","datePublished":"2018-03-28T19:51:05+00:00","dateModified":"2018-04-02T12:10:57+00:00","mainEntityOfPage":{"@id":"https:\/\/sindicatodosbancarios.org.br\/site2022\/2018\/03\/28\/informe-bancario-023-2018-chapa-do-sindicato-e-eleita-com-97-dos-votos\/"},"wordCount":357,"commentCount":0,"publisher":{"@id":"https:\/\/sindicatodosbancarios.org.br\/site2022\/#organization"},"articleSection":["Geral"],"inLanguage":"pt-BR","potentialAction":[{"@type":"CommentAction","name":"Comment","target":["https:\/\/sindicatodosbancarios.org.br\/site2022\/2018\/03\/28\/informe-bancario-023-2018-chapa-do-sindicato-e-eleita-com-97-dos-votos\/#respond"]}]},{"@type":"WebPage","@id":"https:\/\/sindicatodosbancarios.org.br\/site2022\/2018\/03\/28\/informe-bancario-023-2018-chapa-do-sindicato-e-eleita-com-97-dos-votos\/","url":"https:\/\/sindicatodosbancarios.org.br\/site2022\/2018\/03\/28\/informe-bancario-023-2018-chapa-do-sindicato-e-eleita-com-97-dos-votos\/","name":"INFORME BANC\u00c1RIO - 023 \/ 2018 - CHAPA DO SINDICATO \u00c9 ELEITA COM 97% DOS VOTOS - Sindicato dos Banc\u00e1rios de S\u00e3o Bento do Sul e Regi\u00e3o","isPartOf":{"@id":"https:\/\/sindicatodosbancarios.org.br\/site2022\/#website"},"datePublished":"2018-03-28T19:51:05+00:00","dateModified":"2018-04-02T12:10:57+00:00","breadcrumb":{"@id":"https:\/\/sindicatodosbancarios.org.br\/site2022\/2018\/03\/28\/informe-bancario-023-2018-chapa-do-sindicato-e-eleita-com-97-dos-votos\/#breadcrumb"},"inLanguage":"pt-BR","potentialAction":[{"@type":"ReadAction","target":["https:\/\/sindicatodosbancarios.org.br\/site2022\/2018\/03\/28\/informe-bancario-023-2018-chapa-do-sindicato-e-eleita-com-97-dos-votos\/"]}]},{"@type":"BreadcrumbList","@id":"https:\/\/sindicatodosbancarios.org.br\/site2022\/2018\/03\/28\/informe-bancario-023-2018-chapa-do-sindicato-e-eleita-com-97-dos-votos\/#breadcrumb","itemListElement":[{"@type":"ListItem","position":1,"name":"In\u00edcio","item":"https:\/\/sindicatodosbancarios.org.br\/site2022\/"},{"@type":"ListItem","position":2,"name":"INFORME BANC\u00c1RIO &#8211; 023 \/ 2018 &#8211; CHAPA DO SINDICATO \u00c9 ELEITA COM 97% DOS VOTOS"}]},{"@type":"WebSite","@id":"https:\/\/sindicatodosbancarios.org.br\/site2022\/#website","url":"https:\/\/sindicatodosbancarios.org.br\/site2022\/","name":"Sindicato dos Banc\u00e1rios de S\u00e3o Bento do Sul e Regi\u00e3o","description":"Website institucional do Sindicato dos Banc\u00e1rios de S\u00e3o Bento do Sul e Regi\u00e3o","publisher":{"@id":"https:\/\/sindicatodosbancarios.org.br\/site2022\/#organization"},"potentialAction":[{"@type":"SearchAction","target":{"@type":"EntryPoint","urlTemplate":"https:\/\/sindicatodosbancarios.org.br\/site2022\/?s={search_term_string}"},"query-input":"required name=search_term_string"}],"inLanguage":"pt-BR"},{"@type":"Organization","@id":"https:\/\/sindicatodosbancarios.org.br\/site2022\/#organization","name":"Sindicato dos Banc\u00e1rios de S\u00e3o Bento do Sul e Regi\u00e3o","url":"https:\/\/sindicatodosbancarios.org.br\/site2022\/","logo":{"@type":"ImageObject","inLanguage":"pt-BR","@id":"https:\/\/sindicatodosbancarios.org.br\/site2022\/#\/schema\/logo\/image\/","url":"https:\/\/sindicatodosbancarios.org.br\/site2022\/wp-content\/uploads\/2017\/06\/cropped-logo-2.png","contentUrl":"https:\/\/sindicatodosbancarios.org.br\/site2022\/wp-content\/uploads\/2017\/06\/cropped-logo-2.png","width":292,"height":292,"caption":"Sindicato dos Banc\u00e1rios de S\u00e3o Bento do Sul e Regi\u00e3o"},"image":{"@id":"https:\/\/sindicatodosbancarios.org.br\/site2022\/#\/schema\/logo\/image\/"}},{"@type":"Person","@id":"https:\/\/sindicatodosbancarios.org.br\/site2022\/#\/schema\/person\/a7d92da77d1084df4d28b57962f1e1bd","name":"Sindicato dos Banc\u00e1rios S\u00e3o Bento do Sul e Regi\u00e3o","image":{"@type":"ImageObject","inLanguage":"pt-BR","@id":"https:\/\/sindicatodosbancarios.org.br\/site2022\/#\/schema\/person\/image\/","url":"https:\/\/secure.gravatar.com\/avatar\/f1d1a06f698f2345352e539387180d42?s=96&d=mm&r=g","contentUrl":"https:\/\/secure.gravatar.com\/avatar\/f1d1a06f698f2345352e539387180d42?s=96&d=mm&r=g","caption":"Sindicato dos Banc\u00e1rios S\u00e3o Bento do Sul e Regi\u00e3o"},"sameAs":["http:\/\/sindicatodosbancarios.org.br\/site2022\/","https:\/\/www.facebook.com\/seeb.sbs.9"],"url":"https:\/\/sindicatodosbancarios.org.br\/site2022\/author\/sindicatodosbancarios\/"}]}},"jetpack_featured_media_url":"https:\/\/sindicatodosbancarios.org.br\/site2022\/wp-content\/uploads\/2018\/03\/imagens_16520131220530-informe-023.jpg","jetpack_sharing_enabled":true,"jetpack_shortlink":"https:\/\/wp.me\/p8RSbI-DO","jetpack-related-posts":[{"id":6337,"url":"https:\/\/sindicatodosbancarios.org.br\/site2022\/2022\/05\/03\/informe-bancario-58-2022-chapa-3-vence-as-eleicoes-da-previ\/","url_meta":{"origin":2468,"position":0},"title":"INFORME BANC\u00c1RIO \u2013 58\/2022 CHAPA 3 vence as elei\u00e7\u00f5es da Previ","date":"3 de maio de 2022","format":false,"excerpt":"Agradecendo os votos e\u00a0os\u00a0apoios\u00a0dados \u00e0 Chapa\u00a02\u00a0\u2013\u00a0PENSE: O FUTURO \u00c9 AGORA,\u00a0registramos que a vit\u00f3ria das Elei\u00e7\u00f5es da PREVI \u00a0ficou com a Chapa\u00a03\u00a0\u2013\u00a0Previ para os Associados, a quem parabenizamos, desejando uma prof\u00edcua gest\u00e3o, com o cumprimento das promessas feitas. Veja como ficou a vota\u00e7\u00e3o: Resultado das elei\u00e7\u00f5es PREVI: Total de votos:\u00a0108.221 Chapa\u2026","rel":"","context":"Em &quot;Geral&quot;","img":{"alt_text":"","src":"https:\/\/i0.wp.com\/sindicatodosbancarios.org.br\/site2022\/wp-content\/uploads\/2022\/05\/previ.jpg?resize=350%2C200&ssl=1","width":350,"height":200},"classes":[]},{"id":4877,"url":"https:\/\/sindicatodosbancarios.org.br\/site2022\/2020\/12\/15\/informe-bancario-460-2020-em-assembleia-bancarios-do-itau-aprovam-acordo-de-teletrabalho\/","url_meta":{"origin":2468,"position":1},"title":"INFORME BANC\u00c1RIO \u2013 460\/2020 EM ASSEMBLEIA, BANC\u00c1RIOS DO ITA\u00da APROVAM ACORDO DE TELETRABALHO","date":"15 de dezembro de 2020","format":false,"excerpt":"Trabalhadores do Banco Ita\u00fa Unibanco SA, conquistaram acordo que garante ajuda de custo, fornecimento pela empresa de equipamentos e cadeira adequada, manuten\u00e7\u00e3o do VR e VA nos termos da CCT, controle de jornada, entre outros pontos. Em Assembleia Virtual encerrada \u00e0s 20h desta sexta-feira dia 04, os Banc\u00e1rios do Ita\u00fa\u2026","rel":"","context":"Em &quot;Ita\u00fa&quot;","img":{"alt_text":"","src":"https:\/\/i0.wp.com\/sindicatodosbancarios.org.br\/site2022\/wp-content\/uploads\/2020\/12\/141220141318-ITA\u00da.jpeg?resize=350%2C200&ssl=1","width":350,"height":200},"classes":[]},{"id":5785,"url":"https:\/\/sindicatodosbancarios.org.br\/site2022\/2021\/11\/03\/informe-bancario-237-2021-saude-caixa-plano-de-assistencia-a-saude-dos-empregados-da-caixa\/","url_meta":{"origin":2468,"position":2},"title":"INFORME BANC\u00c1RIO \u2013 237\/2021 SA\u00daDE CAIXA \u2013 Plano de assist\u00eancia \u00e0 sa\u00fade dos empregados da CAIXA","date":"3 de novembro de 2021","format":false,"excerpt":"Entre os dias 28 e 29 de outubro passado, foram realizadas as vota\u00e7\u00f5es sobre a proposta de sustentabilidade e custeio do Plano Sa\u00fade CAIXA.\u00a0 Apesar de ser uma boa alternativa, a proposta da CONTEC do Plano Sa\u00fade Caixa, foi aprovada por pouco mais da metade dos votos.\u00a0 Foram\u00a059,84%\u00a0dos votos dos\u2026","rel":"","context":"Em &quot;Caixa Econ\u00f4mica Federal&quot;","img":{"alt_text":"","src":"https:\/\/i0.wp.com\/sindicatodosbancarios.org.br\/site2022\/wp-content\/uploads\/2021\/10\/unnamed-1.jpg?resize=350%2C200&ssl=1","width":350,"height":200},"classes":[]},{"id":5237,"url":"https:\/\/sindicatodosbancarios.org.br\/site2022\/2021\/03\/08\/informe-bancarios-78-2021-governo-federal-pune-professores-de-universidade-federal-por-criticas-a-bolsonaro\/","url_meta":{"origin":2468,"position":3},"title":"INFORME BANC\u00c1RIOS \u2013 78\/2021 Governo federal pune professores de universidade federal por cr\u00edticas a Bolsonaro","date":"8 de mar\u00e7o de 2021","format":false,"excerpt":"A\u00a0Controladoria-Geral da Uni\u00e3o\u00a0(CGU) puniu dois professores da Universidade Federal de Pelotas (UFPel), um deles o ex-reitor e coordenador da pesquisa nacional EpiCovid, Pedro Hallal, com uma advert\u00eancia oficial por terem criticado o presidente\u00a0Jair Bolsonaro. Os Extratos de Termo de Ajustamento de Conduta foram publicados no Di\u00e1rio Oficial de ter\u00e7a-feira, mas\u2026","rel":"","context":"Em &quot;Geral&quot;","img":{"alt_text":"","src":"https:\/\/i0.wp.com\/sindicatodosbancarios.org.br\/site2022\/wp-content\/uploads\/2021\/03\/jair-bolsonaro.jpg?resize=350%2C200&ssl=1","width":350,"height":200},"classes":[]},{"id":5967,"url":"https:\/\/sindicatodosbancarios.org.br\/site2022\/2022\/03\/30\/edital-de-convocacao-eleicao-sindical-2022-aviso-resumido\/","url_meta":{"origin":2468,"position":4},"title":"EDITAL DE CONVOCA\u00c7\u00c3O &#8211; ELEI\u00c7\u00c3O SINDICAL &#8211; 2022 &#8211; AVISO RESUMIDO","date":"30 de mar\u00e7o de 2022","format":false,"excerpt":"ELEI\u00c7\u00d5ES SINDICAIS AVISO RESUMIDO DO EDITAL DE CONVOCA\u00c7\u00c3O \u00a0 No dia 18 (dezoito) de maio de 2022 (dois mil e vinte e dois), ser\u00e1 realizada elei\u00e7\u00e3o para a composi\u00e7\u00e3o da Diretoria, Conselho Fiscal e Delegados Representantes junto a Federa\u00e7\u00e3o e respectivos suplentes do Sindicato dos Empregados em Estabelecimentos Banc\u00e1rios de\u2026","rel":"","context":"Em &quot;Editais&quot;","img":{"alt_text":"","src":"https:\/\/i0.wp.com\/sindicatodosbancarios.org.br\/site2022\/wp-content\/uploads\/2022\/03\/Falta-de-verba-para-urna-eletr\u00f4nica-pode-fazer-voto-de-papel-ser-op\u00e7\u00e3o-em-2016.jpg?resize=350%2C200&ssl=1","width":350,"height":200},"classes":[]},{"id":5276,"url":"https:\/\/sindicatodosbancarios.org.br\/site2022\/2021\/03\/29\/informe-bancarios-91-2021-sindicato-conquistou-avancos-nos-feriados-confira-banco-a-banco\/","url_meta":{"origin":2468,"position":5},"title":"INFORME BANC\u00c1RIOS \u2013 91\/2021 Sindicato conquistou avan\u00e7os nos feriados. Confira banco a banco","date":"29 de mar\u00e7o de 2021","format":false,"excerpt":"Bancos funcionar\u00e3o nos feriados antecipados, mas Sindicato negociou com cada um medidas positivas para os trabalhadores, como redu\u00e7\u00e3o do n\u00famero de empregados no presencial e do funcionamento das ag\u00eancias, entre outras. Confira banco a banco Sindicato negocia com Ita\u00fa pontua\u00e7\u00e3o m\u00ednima no Gera na antecipa\u00e7\u00e3o dos feriados Ag\u00eancias e departamentos\u2026","rel":"","context":"Em &quot;Banco do Brasil&quot;","img":{"alt_text":"","src":"https:\/\/i0.wp.com\/sindicatodosbancarios.org.br\/site2022\/wp-content\/uploads\/2020\/12\/investimento-em-bancos.jpg?resize=350%2C200&ssl=1","width":350,"height":200},"classes":[]}],"_links":{"self":[{"href":"https:\/\/sindicatodosbancarios.org.br\/site2022\/wp-json\/wp\/v2\/posts\/2468"}],"collection":[{"href":"https:\/\/sindicatodosbancarios.org.br\/site2022\/wp-json\/wp\/v2\/posts"}],"about":[{"href":"https:\/\/sindicatodosbancarios.org.br\/site2022\/wp-json\/wp\/v2\/types\/post"}],"author":[{"embeddable":true,"href":"https:\/\/sindicatodosbancarios.org.br\/site2022\/wp-json\/wp\/v2\/users\/2"}],"replies":[{"embeddable":true,"href":"https:\/\/sindicatodosbancarios.org.br\/site2022\/wp-json\/wp\/v2\/comments?post=2468"}],"version-history":[{"count":2,"href":"https:\/\/sindicatodosbancarios.org.br\/site2022\/wp-json\/wp\/v2\/posts\/2468\/revisions"}],"predecessor-version":[{"id":2471,"href":"https:\/\/sindicatodosbancarios.org.br\/site2022\/wp-json\/wp\/v2\/posts\/2468\/revisions\/2471"}],"wp:featuredmedia":[{"embeddable":true,"href":"https:\/\/sindicatodosbancarios.org.br\/site2022\/wp-json\/wp\/v2\/media\/2469"}],"wp:attachment":[{"href":"https:\/\/sindicatodosbancarios.org.br\/site2022\/wp-json\/wp\/v2\/media?parent=2468"}],"wp:term":[{"taxonomy":"category","embeddable":true,"href":"https:\/\/sindicatodosbancarios.org.br\/site2022\/wp-json\/wp\/v2\/categories?post=2468"},{"taxonomy":"post_tag","embeddable":true,"href":"https:\/\/sindicatodosbancarios.org.br\/site2022\/wp-json\/wp\/v2\/tags?post=2468"}],"curies":[{"name":"wp","href":"https:\/\/api.w.org\/{rel}","templated":true}]}}