{"id":2472,"date":"2018-04-03T10:48:23","date_gmt":"2018-04-03T13:48:23","guid":{"rendered":"http:\/\/sindicatodosbancarios.org.br\/?p=2472"},"modified":"2018-04-03T11:05:19","modified_gmt":"2018-04-03T14:05:19","slug":"informe-bancario-024-2018-contec-da-inicio-campanha-salarial-dos-bancarios-2018","status":"publish","type":"post","link":"https:\/\/sindicatodosbancarios.org.br\/site2022\/2018\/04\/03\/informe-bancario-024-2018-contec-da-inicio-campanha-salarial-dos-bancarios-2018\/","title":{"rendered":"INFORME BANC\u00c1RIO 024 \/ 2018 \u2013 CONTEC D\u00c1 IN\u00cdCIO CAMPANHA SALARIAL DOS BANC\u00c1RIOS 2018"},"content":{"rendered":"<p>O Conselho Consultivo da CONTEC, reunido no dia (27\/03\/18),em Bras\u00edlia DF, levando em considera\u00e7\u00e3o as peculiaridades da Campanha Salarial 2018 (nova Legisla\u00e7\u00e3o Trabalhista, realiza\u00e7\u00e3o da Copa do Mundo de Futebol na R\u00fassia em junho, elei\u00e7\u00f5es gerais para Governadores, Deputados Federais\/Estaduais, \u00a0Senadores e Presidente da Rep\u00fablica), decidiu\u00a0que o XLVI Encontro Nacional dos Banc\u00e1rios e Securit\u00e1rios de Planejamento da Campanha\u00a0Salarial 2018, ser\u00e1 realizado nos dias 25,26 e 27 de maio de 2018, em S\u00e3o Paulo\u2013Capital.<\/p>\n<p>Os encontros Estaduais e Interestaduais das Federa\u00e7\u00f5es filiadas dever\u00e3o ser realizados at\u00e9 o\u00a0dia 10\/05\/2018, e as assembleias dos Sindicatos devem ser realizadas at\u00e9 o dia 29\/04\/2018.<\/p>\n<p>Aprovou-se, finalmente, que a entrega da Pauta de Reivindica\u00e7\u00f5es para a FENABAN dever\u00e1 ser feita at\u00e9 o dia\u00a012\/06\/2018.<\/p>\n<p><span style=\"font-size: 8pt;\">fonte: SEEB S\u00e3o Bento do Sul e Regi\u00e3o.<\/span><\/p>\n","protected":false},"excerpt":{"rendered":"<p>O Conselho Consultivo da CONTEC, reunido no dia (27\/03\/18),em Bras\u00edlia DF, levando em considera\u00e7\u00e3o as peculiaridades da Campanha [&hellip;]<\/p>\n","protected":false},"author":2,"featured_media":2473,"comment_status":"open","ping_status":"open","sticky":false,"template":"","format":"standard","meta":{"jetpack_post_was_ever_published":false,"jetpack_publicize_message":"","jetpack_is_tweetstorm":false,"jetpack_publicize_feature_enabled":true,"jetpack_social_post_already_shared":true,"jetpack_social_options":[]},"categories":[1],"tags":[],"jetpack_publicize_connections":[],"acf":[],"yoast_head":"<!-- This site is optimized with the Yoast SEO plugin v19.14 - https:\/\/yoast.com\/wordpress\/plugins\/seo\/ -->\n<title>INFORME BANC\u00c1RIO 024 \/ 2018 \u2013 CONTEC D\u00c1 IN\u00cdCIO CAMPANHA SALARIAL DOS BANC\u00c1RIOS 2018 - Sindicato dos Banc\u00e1rios de S\u00e3o Bento do Sul e Regi\u00e3o<\/title>\n<meta name=\"robots\" content=\"index, follow, max-snippet:-1, max-image-preview:large, max-video-preview:-1\" \/>\n<link rel=\"canonical\" href=\"https:\/\/sindicatodosbancarios.org.br\/site2022\/2018\/04\/03\/informe-bancario-024-2018-contec-da-inicio-campanha-salarial-dos-bancarios-2018\/\" \/>\n<meta property=\"og:locale\" content=\"pt_BR\" \/>\n<meta property=\"og:type\" content=\"article\" \/>\n<meta property=\"og:title\" content=\"INFORME BANC\u00c1RIO 024 \/ 2018 \u2013 CONTEC D\u00c1 IN\u00cdCIO CAMPANHA SALARIAL DOS BANC\u00c1RIOS 2018 - Sindicato dos Banc\u00e1rios de S\u00e3o Bento do Sul e Regi\u00e3o\" \/>\n<meta property=\"og:description\" content=\"O Conselho Consultivo da CONTEC, reunido no dia (27\/03\/18),em Bras\u00edlia DF, levando em considera\u00e7\u00e3o as peculiaridades da Campanha [&hellip;]\" \/>\n<meta property=\"og:url\" content=\"https:\/\/sindicatodosbancarios.org.br\/site2022\/2018\/04\/03\/informe-bancario-024-2018-contec-da-inicio-campanha-salarial-dos-bancarios-2018\/\" \/>\n<meta property=\"og:site_name\" content=\"Sindicato dos Banc\u00e1rios de S\u00e3o Bento do Sul e Regi\u00e3o\" \/>\n<meta property=\"article:author\" content=\"https:\/\/www.facebook.com\/seeb.sbs.9\" \/>\n<meta property=\"article:published_time\" content=\"2018-04-03T13:48:23+00:00\" \/>\n<meta property=\"article:modified_time\" content=\"2018-04-03T14:05:19+00:00\" \/>\n<meta property=\"og:image\" content=\"https:\/\/sindicatodosbancarios.org.br\/site2022\/wp-content\/uploads\/2018\/04\/24-2018.png\" \/>\n\t<meta property=\"og:image:width\" content=\"259\" \/>\n\t<meta property=\"og:image:height\" content=\"194\" \/>\n\t<meta property=\"og:image:type\" content=\"image\/png\" \/>\n<meta name=\"author\" content=\"Sindicato dos Banc\u00e1rios S\u00e3o Bento do Sul e Regi\u00e3o\" \/>\n<meta name=\"twitter:card\" content=\"summary_large_image\" \/>\n<meta name=\"twitter:label1\" content=\"Escrito por\" \/>\n\t<meta name=\"twitter:data1\" content=\"Sindicato dos Banc\u00e1rios S\u00e3o Bento do Sul e Regi\u00e3o\" \/>\n\t<meta name=\"twitter:label2\" content=\"Est. tempo de leitura\" \/>\n\t<meta name=\"twitter:data2\" content=\"1 minuto\" \/>\n<script type=\"application\/ld+json\" class=\"yoast-schema-graph\">{\"@context\":\"https:\/\/schema.org\",\"@graph\":[{\"@type\":\"Article\",\"@id\":\"https:\/\/sindicatodosbancarios.org.br\/site2022\/2018\/04\/03\/informe-bancario-024-2018-contec-da-inicio-campanha-salarial-dos-bancarios-2018\/#article\",\"isPartOf\":{\"@id\":\"https:\/\/sindicatodosbancarios.org.br\/site2022\/2018\/04\/03\/informe-bancario-024-2018-contec-da-inicio-campanha-salarial-dos-bancarios-2018\/\"},\"author\":{\"name\":\"Sindicato dos Banc\u00e1rios S\u00e3o Bento do Sul e Regi\u00e3o\",\"@id\":\"https:\/\/sindicatodosbancarios.org.br\/site2022\/#\/schema\/person\/a7d92da77d1084df4d28b57962f1e1bd\"},\"headline\":\"INFORME BANC\u00c1RIO 024 \/ 2018 \u2013 CONTEC D\u00c1 IN\u00cdCIO CAMPANHA SALARIAL DOS BANC\u00c1RIOS 2018\",\"datePublished\":\"2018-04-03T13:48:23+00:00\",\"dateModified\":\"2018-04-03T14:05:19+00:00\",\"mainEntityOfPage\":{\"@id\":\"https:\/\/sindicatodosbancarios.org.br\/site2022\/2018\/04\/03\/informe-bancario-024-2018-contec-da-inicio-campanha-salarial-dos-bancarios-2018\/\"},\"wordCount\":150,\"commentCount\":0,\"publisher\":{\"@id\":\"https:\/\/sindicatodosbancarios.org.br\/site2022\/#organization\"},\"articleSection\":[\"Geral\"],\"inLanguage\":\"pt-BR\",\"potentialAction\":[{\"@type\":\"CommentAction\",\"name\":\"Comment\",\"target\":[\"https:\/\/sindicatodosbancarios.org.br\/site2022\/2018\/04\/03\/informe-bancario-024-2018-contec-da-inicio-campanha-salarial-dos-bancarios-2018\/#respond\"]}]},{\"@type\":\"WebPage\",\"@id\":\"https:\/\/sindicatodosbancarios.org.br\/site2022\/2018\/04\/03\/informe-bancario-024-2018-contec-da-inicio-campanha-salarial-dos-bancarios-2018\/\",\"url\":\"https:\/\/sindicatodosbancarios.org.br\/site2022\/2018\/04\/03\/informe-bancario-024-2018-contec-da-inicio-campanha-salarial-dos-bancarios-2018\/\",\"name\":\"INFORME BANC\u00c1RIO 024 \/ 2018 \u2013 CONTEC D\u00c1 IN\u00cdCIO CAMPANHA SALARIAL DOS BANC\u00c1RIOS 2018 - Sindicato dos Banc\u00e1rios de S\u00e3o Bento do Sul e Regi\u00e3o\",\"isPartOf\":{\"@id\":\"https:\/\/sindicatodosbancarios.org.br\/site2022\/#website\"},\"datePublished\":\"2018-04-03T13:48:23+00:00\",\"dateModified\":\"2018-04-03T14:05:19+00:00\",\"breadcrumb\":{\"@id\":\"https:\/\/sindicatodosbancarios.org.br\/site2022\/2018\/04\/03\/informe-bancario-024-2018-contec-da-inicio-campanha-salarial-dos-bancarios-2018\/#breadcrumb\"},\"inLanguage\":\"pt-BR\",\"potentialAction\":[{\"@type\":\"ReadAction\",\"target\":[\"https:\/\/sindicatodosbancarios.org.br\/site2022\/2018\/04\/03\/informe-bancario-024-2018-contec-da-inicio-campanha-salarial-dos-bancarios-2018\/\"]}]},{\"@type\":\"BreadcrumbList\",\"@id\":\"https:\/\/sindicatodosbancarios.org.br\/site2022\/2018\/04\/03\/informe-bancario-024-2018-contec-da-inicio-campanha-salarial-dos-bancarios-2018\/#breadcrumb\",\"itemListElement\":[{\"@type\":\"ListItem\",\"position\":1,\"name\":\"In\u00edcio\",\"item\":\"https:\/\/sindicatodosbancarios.org.br\/site2022\/\"},{\"@type\":\"ListItem\",\"position\":2,\"name\":\"INFORME BANC\u00c1RIO 024 \/ 2018 \u2013 CONTEC D\u00c1 IN\u00cdCIO CAMPANHA SALARIAL DOS BANC\u00c1RIOS 2018\"}]},{\"@type\":\"WebSite\",\"@id\":\"https:\/\/sindicatodosbancarios.org.br\/site2022\/#website\",\"url\":\"https:\/\/sindicatodosbancarios.org.br\/site2022\/\",\"name\":\"Sindicato dos Banc\u00e1rios de S\u00e3o Bento do Sul e Regi\u00e3o\",\"description\":\"Website institucional do Sindicato dos Banc\u00e1rios de S\u00e3o Bento do Sul e Regi\u00e3o\",\"publisher\":{\"@id\":\"https:\/\/sindicatodosbancarios.org.br\/site2022\/#organization\"},\"potentialAction\":[{\"@type\":\"SearchAction\",\"target\":{\"@type\":\"EntryPoint\",\"urlTemplate\":\"https:\/\/sindicatodosbancarios.org.br\/site2022\/?s={search_term_string}\"},\"query-input\":\"required name=search_term_string\"}],\"inLanguage\":\"pt-BR\"},{\"@type\":\"Organization\",\"@id\":\"https:\/\/sindicatodosbancarios.org.br\/site2022\/#organization\",\"name\":\"Sindicato dos Banc\u00e1rios de S\u00e3o Bento do Sul e Regi\u00e3o\",\"url\":\"https:\/\/sindicatodosbancarios.org.br\/site2022\/\",\"logo\":{\"@type\":\"ImageObject\",\"inLanguage\":\"pt-BR\",\"@id\":\"https:\/\/sindicatodosbancarios.org.br\/site2022\/#\/schema\/logo\/image\/\",\"url\":\"https:\/\/sindicatodosbancarios.org.br\/site2022\/wp-content\/uploads\/2017\/06\/cropped-logo-2.png\",\"contentUrl\":\"https:\/\/sindicatodosbancarios.org.br\/site2022\/wp-content\/uploads\/2017\/06\/cropped-logo-2.png\",\"width\":292,\"height\":292,\"caption\":\"Sindicato dos Banc\u00e1rios de S\u00e3o Bento do Sul e Regi\u00e3o\"},\"image\":{\"@id\":\"https:\/\/sindicatodosbancarios.org.br\/site2022\/#\/schema\/logo\/image\/\"}},{\"@type\":\"Person\",\"@id\":\"https:\/\/sindicatodosbancarios.org.br\/site2022\/#\/schema\/person\/a7d92da77d1084df4d28b57962f1e1bd\",\"name\":\"Sindicato dos Banc\u00e1rios S\u00e3o Bento do Sul e Regi\u00e3o\",\"image\":{\"@type\":\"ImageObject\",\"inLanguage\":\"pt-BR\",\"@id\":\"https:\/\/sindicatodosbancarios.org.br\/site2022\/#\/schema\/person\/image\/\",\"url\":\"https:\/\/secure.gravatar.com\/avatar\/f1d1a06f698f2345352e539387180d42?s=96&d=mm&r=g\",\"contentUrl\":\"https:\/\/secure.gravatar.com\/avatar\/f1d1a06f698f2345352e539387180d42?s=96&d=mm&r=g\",\"caption\":\"Sindicato dos Banc\u00e1rios S\u00e3o Bento do Sul e Regi\u00e3o\"},\"sameAs\":[\"http:\/\/sindicatodosbancarios.org.br\/site2022\/\",\"https:\/\/www.facebook.com\/seeb.sbs.9\"],\"url\":\"https:\/\/sindicatodosbancarios.org.br\/site2022\/author\/sindicatodosbancarios\/\"}]}<\/script>\n<!-- \/ Yoast SEO plugin. -->","yoast_head_json":{"title":"INFORME BANC\u00c1RIO 024 \/ 2018 \u2013 CONTEC D\u00c1 IN\u00cdCIO CAMPANHA SALARIAL DOS BANC\u00c1RIOS 2018 - Sindicato dos Banc\u00e1rios de S\u00e3o Bento do Sul e Regi\u00e3o","robots":{"index":"index","follow":"follow","max-snippet":"max-snippet:-1","max-image-preview":"max-image-preview:large","max-video-preview":"max-video-preview:-1"},"canonical":"https:\/\/sindicatodosbancarios.org.br\/site2022\/2018\/04\/03\/informe-bancario-024-2018-contec-da-inicio-campanha-salarial-dos-bancarios-2018\/","og_locale":"pt_BR","og_type":"article","og_title":"INFORME BANC\u00c1RIO 024 \/ 2018 \u2013 CONTEC D\u00c1 IN\u00cdCIO CAMPANHA SALARIAL DOS BANC\u00c1RIOS 2018 - Sindicato dos Banc\u00e1rios de S\u00e3o Bento do Sul e Regi\u00e3o","og_description":"O Conselho Consultivo da CONTEC, reunido no dia (27\/03\/18),em Bras\u00edlia DF, levando em considera\u00e7\u00e3o as peculiaridades da Campanha [&hellip;]","og_url":"https:\/\/sindicatodosbancarios.org.br\/site2022\/2018\/04\/03\/informe-bancario-024-2018-contec-da-inicio-campanha-salarial-dos-bancarios-2018\/","og_site_name":"Sindicato dos Banc\u00e1rios de S\u00e3o Bento do Sul e Regi\u00e3o","article_author":"https:\/\/www.facebook.com\/seeb.sbs.9","article_published_time":"2018-04-03T13:48:23+00:00","article_modified_time":"2018-04-03T14:05:19+00:00","og_image":[{"width":259,"height":194,"url":"https:\/\/sindicatodosbancarios.org.br\/site2022\/wp-content\/uploads\/2018\/04\/24-2018.png","type":"image\/png"}],"author":"Sindicato dos Banc\u00e1rios S\u00e3o Bento do Sul e Regi\u00e3o","twitter_card":"summary_large_image","twitter_misc":{"Escrito por":"Sindicato dos Banc\u00e1rios S\u00e3o Bento do Sul e Regi\u00e3o","Est. tempo de leitura":"1 minuto"},"schema":{"@context":"https:\/\/schema.org","@graph":[{"@type":"Article","@id":"https:\/\/sindicatodosbancarios.org.br\/site2022\/2018\/04\/03\/informe-bancario-024-2018-contec-da-inicio-campanha-salarial-dos-bancarios-2018\/#article","isPartOf":{"@id":"https:\/\/sindicatodosbancarios.org.br\/site2022\/2018\/04\/03\/informe-bancario-024-2018-contec-da-inicio-campanha-salarial-dos-bancarios-2018\/"},"author":{"name":"Sindicato dos Banc\u00e1rios S\u00e3o Bento do Sul e Regi\u00e3o","@id":"https:\/\/sindicatodosbancarios.org.br\/site2022\/#\/schema\/person\/a7d92da77d1084df4d28b57962f1e1bd"},"headline":"INFORME BANC\u00c1RIO 024 \/ 2018 \u2013 CONTEC D\u00c1 IN\u00cdCIO CAMPANHA SALARIAL DOS BANC\u00c1RIOS 2018","datePublished":"2018-04-03T13:48:23+00:00","dateModified":"2018-04-03T14:05:19+00:00","mainEntityOfPage":{"@id":"https:\/\/sindicatodosbancarios.org.br\/site2022\/2018\/04\/03\/informe-bancario-024-2018-contec-da-inicio-campanha-salarial-dos-bancarios-2018\/"},"wordCount":150,"commentCount":0,"publisher":{"@id":"https:\/\/sindicatodosbancarios.org.br\/site2022\/#organization"},"articleSection":["Geral"],"inLanguage":"pt-BR","potentialAction":[{"@type":"CommentAction","name":"Comment","target":["https:\/\/sindicatodosbancarios.org.br\/site2022\/2018\/04\/03\/informe-bancario-024-2018-contec-da-inicio-campanha-salarial-dos-bancarios-2018\/#respond"]}]},{"@type":"WebPage","@id":"https:\/\/sindicatodosbancarios.org.br\/site2022\/2018\/04\/03\/informe-bancario-024-2018-contec-da-inicio-campanha-salarial-dos-bancarios-2018\/","url":"https:\/\/sindicatodosbancarios.org.br\/site2022\/2018\/04\/03\/informe-bancario-024-2018-contec-da-inicio-campanha-salarial-dos-bancarios-2018\/","name":"INFORME BANC\u00c1RIO 024 \/ 2018 \u2013 CONTEC D\u00c1 IN\u00cdCIO CAMPANHA SALARIAL DOS BANC\u00c1RIOS 2018 - Sindicato dos Banc\u00e1rios de S\u00e3o Bento do Sul e Regi\u00e3o","isPartOf":{"@id":"https:\/\/sindicatodosbancarios.org.br\/site2022\/#website"},"datePublished":"2018-04-03T13:48:23+00:00","dateModified":"2018-04-03T14:05:19+00:00","breadcrumb":{"@id":"https:\/\/sindicatodosbancarios.org.br\/site2022\/2018\/04\/03\/informe-bancario-024-2018-contec-da-inicio-campanha-salarial-dos-bancarios-2018\/#breadcrumb"},"inLanguage":"pt-BR","potentialAction":[{"@type":"ReadAction","target":["https:\/\/sindicatodosbancarios.org.br\/site2022\/2018\/04\/03\/informe-bancario-024-2018-contec-da-inicio-campanha-salarial-dos-bancarios-2018\/"]}]},{"@type":"BreadcrumbList","@id":"https:\/\/sindicatodosbancarios.org.br\/site2022\/2018\/04\/03\/informe-bancario-024-2018-contec-da-inicio-campanha-salarial-dos-bancarios-2018\/#breadcrumb","itemListElement":[{"@type":"ListItem","position":1,"name":"In\u00edcio","item":"https:\/\/sindicatodosbancarios.org.br\/site2022\/"},{"@type":"ListItem","position":2,"name":"INFORME BANC\u00c1RIO 024 \/ 2018 \u2013 CONTEC D\u00c1 IN\u00cdCIO CAMPANHA SALARIAL DOS BANC\u00c1RIOS 2018"}]},{"@type":"WebSite","@id":"https:\/\/sindicatodosbancarios.org.br\/site2022\/#website","url":"https:\/\/sindicatodosbancarios.org.br\/site2022\/","name":"Sindicato dos Banc\u00e1rios de S\u00e3o Bento do Sul e Regi\u00e3o","description":"Website institucional do Sindicato dos Banc\u00e1rios de S\u00e3o Bento do Sul e Regi\u00e3o","publisher":{"@id":"https:\/\/sindicatodosbancarios.org.br\/site2022\/#organization"},"potentialAction":[{"@type":"SearchAction","target":{"@type":"EntryPoint","urlTemplate":"https:\/\/sindicatodosbancarios.org.br\/site2022\/?s={search_term_string}"},"query-input":"required name=search_term_string"}],"inLanguage":"pt-BR"},{"@type":"Organization","@id":"https:\/\/sindicatodosbancarios.org.br\/site2022\/#organization","name":"Sindicato dos Banc\u00e1rios de S\u00e3o Bento do Sul e Regi\u00e3o","url":"https:\/\/sindicatodosbancarios.org.br\/site2022\/","logo":{"@type":"ImageObject","inLanguage":"pt-BR","@id":"https:\/\/sindicatodosbancarios.org.br\/site2022\/#\/schema\/logo\/image\/","url":"https:\/\/sindicatodosbancarios.org.br\/site2022\/wp-content\/uploads\/2017\/06\/cropped-logo-2.png","contentUrl":"https:\/\/sindicatodosbancarios.org.br\/site2022\/wp-content\/uploads\/2017\/06\/cropped-logo-2.png","width":292,"height":292,"caption":"Sindicato dos Banc\u00e1rios de S\u00e3o Bento do Sul e Regi\u00e3o"},"image":{"@id":"https:\/\/sindicatodosbancarios.org.br\/site2022\/#\/schema\/logo\/image\/"}},{"@type":"Person","@id":"https:\/\/sindicatodosbancarios.org.br\/site2022\/#\/schema\/person\/a7d92da77d1084df4d28b57962f1e1bd","name":"Sindicato dos Banc\u00e1rios S\u00e3o Bento do Sul e Regi\u00e3o","image":{"@type":"ImageObject","inLanguage":"pt-BR","@id":"https:\/\/sindicatodosbancarios.org.br\/site2022\/#\/schema\/person\/image\/","url":"https:\/\/secure.gravatar.com\/avatar\/f1d1a06f698f2345352e539387180d42?s=96&d=mm&r=g","contentUrl":"https:\/\/secure.gravatar.com\/avatar\/f1d1a06f698f2345352e539387180d42?s=96&d=mm&r=g","caption":"Sindicato dos Banc\u00e1rios S\u00e3o Bento do Sul e Regi\u00e3o"},"sameAs":["http:\/\/sindicatodosbancarios.org.br\/site2022\/","https:\/\/www.facebook.com\/seeb.sbs.9"],"url":"https:\/\/sindicatodosbancarios.org.br\/site2022\/author\/sindicatodosbancarios\/"}]}},"jetpack_featured_media_url":"https:\/\/sindicatodosbancarios.org.br\/site2022\/wp-content\/uploads\/2018\/04\/24-2018.png","jetpack_sharing_enabled":true,"jetpack_shortlink":"https:\/\/wp.me\/p8RSbI-DS","jetpack-related-posts":[{"id":5908,"url":"https:\/\/sindicatodosbancarios.org.br\/site2022\/2022\/02\/15\/informe-bancario-18-2022-contec-define-calendario-da-campanha-salarial-de-2022\/","url_meta":{"origin":2472,"position":0},"title":"INFORME BANC\u00c1RIO \u2013 18\/2022 CONTEC DEFINE CALEND\u00c1RIO DA CAMPANHA SALARIAL DE 2022","date":"15 de fevereiro de 2022","format":false,"excerpt":"XLIX ENCONTRO NACIONAL DE DIRIGENTES SINDICAIS BANC\u00c1RIOS E SECURIT\u00c1RIOS PLANEJAMENTO DA CAMPANHA SALARIAL DE 2022 O\u00a0Conselho Consultivo da CONTEC, reunido\u00a0 no dia (09) \u00e0s 09:00 horas decidiu por unanimidade que o\u00a0 pr\u00f3ximo Encontro Nacional ser\u00e1 realizado no dia\u00a010\/05\/2022,\u00a0de forma virtual. As inscri\u00e7\u00f5es ser\u00e3o feitas na CONTEC at\u00e9 o dia\u00a005\/05\/2022, mediante\u00a0modelo\u2026","rel":"","context":"Em &quot;Geral&quot;","img":{"alt_text":"","src":"https:\/\/i0.wp.com\/sindicatodosbancarios.org.br\/site2022\/wp-content\/uploads\/2020\/08\/camp-salarial-3.jpg?resize=350%2C200&ssl=1","width":350,"height":200},"classes":[]},{"id":4337,"url":"https:\/\/sindicatodosbancarios.org.br\/site2022\/2020\/08\/25\/informe-bancario-313-2020-campanha-salarial-reuniao-de-negociacao-com-a-caixa-economica-federal\/","url_meta":{"origin":2472,"position":1},"title":"INFORME BANC\u00c1RIO \u2013 313\/2020 CAMPANHA SALARIAL: Reuni\u00e3o de negocia\u00e7\u00e3o com a Caixa Econ\u00f4mica Federal","date":"25 de agosto de 2020","format":false,"excerpt":"A Comiss\u00e3o Executiva Banc\u00e1ria Nacional de Negocia\u00e7\u00e3o \u2013 CEBNN\/Contec esteve reunida nesta segunda-feira (24), em videoconfer\u00eancia, com os representantes da Caixa Econ\u00f4mica Federal para debater a pauta de reivindica\u00e7\u00f5es dos empregados nesta Campanha Salarial. A reuni\u00e3o foi coordenada por parte da CONTEC, pela diretora de Finan\u00e7as da CONTEC, Rumiko Tanaka,\u2026","rel":"","context":"Em &quot;Caixa Econ\u00f4mica Federal&quot;","img":{"alt_text":"","src":"https:\/\/i0.wp.com\/sindicatodosbancarios.org.br\/site2022\/wp-content\/uploads\/2020\/08\/curiosidades-sobre-a-caixa-economica-federal-98.jpg?resize=350%2C200&ssl=1","width":350,"height":200},"classes":[]},{"id":6306,"url":"https:\/\/sindicatodosbancarios.org.br\/site2022\/2022\/04\/25\/informe-bancario-50-2022-campanha-salarial-encontro-de-dirigentes-bancarios-dos-estados-do-sul\/","url_meta":{"origin":2472,"position":2},"title":"INFORME BANC\u00c1RIO \u2013 50\/2022 CAMPANHA SALARIAL &#8211; Encontro de Dirigentes Banc\u00e1rios dos Estados do Sul","date":"25 de abril de 2022","format":false,"excerpt":"CAMPANHA SALARIAL Dias 26 e 27 de abril, ocorrer\u00e1 o Encontro de Dirigentes Banc\u00e1rios dos Estados do Sul, que reunir\u00e1 sindicalistas do Paran\u00e1, de Santa Catarina e do Rio Grande do Sul, de forma virtual. Neste evento, estar\u00e3o em pauta os encaminhamentos e as minutas de reivindica\u00e7\u00f5es, que ser\u00e3o encaminhadas\u2026","rel":"","context":"Em &quot;Geral&quot;","img":{"alt_text":"","src":"https:\/\/i0.wp.com\/sindicatodosbancarios.org.br\/site2022\/wp-content\/uploads\/2022\/04\/itaubbcaixasantanderbradescodetemmercadofinanceiro.jpeg?resize=350%2C200&ssl=1","width":350,"height":200},"classes":[]},{"id":4326,"url":"https:\/\/sindicatodosbancarios.org.br\/site2022\/2020\/08\/21\/informe-bancario-310-2020-campanha-salarial-2020-fenaban\/","url_meta":{"origin":2472,"position":3},"title":"INFORME BANC\u00c1RIO \u2013 310\/2020 Campanha salarial 2020 \u2013 FENABAN","date":"21 de agosto de 2020","format":false,"excerpt":"A partir das 17h40 desta quinta-feira (20\/8), a Comiss\u00e3o Executiva Banc\u00e1ria Nacional de Negocia\u00e7\u00e3o da CONTEC realizou \u2013 via remota\/virtual \u2013, a oitava reuni\u00e3o com a Comiss\u00e3o de Negocia\u00e7\u00e3o da FENABAN, para dar continuidade aos debates das reivindica\u00e7\u00f5es dos banc\u00e1rios para a presente data-base, com vistas \u00e0 manuten\u00e7\u00e3o dos direitos\u2026","rel":"","context":"Em &quot;Banco do Brasil&quot;","img":{"alt_text":"","src":"https:\/\/i0.wp.com\/sindicatodosbancarios.org.br\/site2022\/wp-content\/uploads\/2020\/08\/BEDD0270-C889-4668-91EC-9BA7152B423F-2.jpeg?resize=350%2C200&ssl=1","width":350,"height":200},"classes":[]},{"id":6366,"url":"https:\/\/sindicatodosbancarios.org.br\/site2022\/2022\/05\/10\/informe-bancario-65-2022-xlix-encontro-nacional-dos-dirigentes-bancarios-e-securitarios\/","url_meta":{"origin":2472,"position":4},"title":"INFORME BANC\u00c1RIO \u2013 65\/2022 &#8211; CAMPANHA SALARIAL &#8211; XLIX Encontro Nacional dos Dirigentes Banc\u00e1rios e Securit\u00e1rios","date":"10 de maio de 2022","format":false,"excerpt":"O evento vai acontecer de forma virtual hoje dia 10 de maio. O objetivo \u00e9 unir os resultados dos encontro regionais de banc\u00e1rios para a constru\u00e7\u00e3o de uma pauta unificada de reivindica\u00e7\u00f5es da categoria. Mais do que nunca \u00e9 tempo de uni\u00e3o, engajamento e de participa\u00e7\u00e3o de todos nesse processo\u2026","rel":"","context":"Em &quot;Geral&quot;","img":{"alt_text":"","src":"https:\/\/i0.wp.com\/sindicatodosbancarios.org.br\/site2022\/wp-content\/uploads\/2022\/05\/LOGO-CONTEC-LARANJA.png?resize=350%2C200&ssl=1","width":350,"height":200},"classes":[]},{"id":4287,"url":"https:\/\/sindicatodosbancarios.org.br\/site2022\/2020\/08\/18\/informe-bancario-298-2020-campanha-salarial-reuniao-de-negociacao-coletiva-de-trabalho-com-a-caixa-economica-federal\/","url_meta":{"origin":2472,"position":5},"title":"INFORME BANC\u00c1RIO \u2013 298\/2020 CAMPANHA SALARIAL: Reuni\u00e3o de negocia\u00e7\u00e3o coletiva de trabalho com a Caixa Econ\u00f4mica Federal","date":"18 de agosto de 2020","format":false,"excerpt":"A Comiss\u00e3o Executiva Banc\u00e1ria Nacional de Negocia\u00e7\u00e3o \u2013 CEBNN\/Contec esteve reunida nesta segunda-feira \u00a0(17\/8), em videoconfer\u00eancia, com os representantes da Caixa Econ\u00f4mica Federal para debater a pauta de reivindica\u00e7\u00f5es dos empregados nesta Campanha Salarial.\u2028A reuni\u00e3o foi coordenada por parte da CONTEC, pela diretora de Finan\u00e7as da CONTEC, Rumiko Tanaka, acompanhada\u2026","rel":"","context":"Em &quot;Caixa Econ\u00f4mica Federal&quot;","img":{"alt_text":"","src":"https:\/\/i0.wp.com\/sindicatodosbancarios.org.br\/site2022\/wp-content\/uploads\/2020\/08\/curiosidades-sobre-a-caixa-economica-federal-98.jpg?resize=350%2C200&ssl=1","width":350,"height":200},"classes":[]}],"_links":{"self":[{"href":"https:\/\/sindicatodosbancarios.org.br\/site2022\/wp-json\/wp\/v2\/posts\/2472"}],"collection":[{"href":"https:\/\/sindicatodosbancarios.org.br\/site2022\/wp-json\/wp\/v2\/posts"}],"about":[{"href":"https:\/\/sindicatodosbancarios.org.br\/site2022\/wp-json\/wp\/v2\/types\/post"}],"author":[{"embeddable":true,"href":"https:\/\/sindicatodosbancarios.org.br\/site2022\/wp-json\/wp\/v2\/users\/2"}],"replies":[{"embeddable":true,"href":"https:\/\/sindicatodosbancarios.org.br\/site2022\/wp-json\/wp\/v2\/comments?post=2472"}],"version-history":[{"count":5,"href":"https:\/\/sindicatodosbancarios.org.br\/site2022\/wp-json\/wp\/v2\/posts\/2472\/revisions"}],"predecessor-version":[{"id":2478,"href":"https:\/\/sindicatodosbancarios.org.br\/site2022\/wp-json\/wp\/v2\/posts\/2472\/revisions\/2478"}],"wp:featuredmedia":[{"embeddable":true,"href":"https:\/\/sindicatodosbancarios.org.br\/site2022\/wp-json\/wp\/v2\/media\/2473"}],"wp:attachment":[{"href":"https:\/\/sindicatodosbancarios.org.br\/site2022\/wp-json\/wp\/v2\/media?parent=2472"}],"wp:term":[{"taxonomy":"category","embeddable":true,"href":"https:\/\/sindicatodosbancarios.org.br\/site2022\/wp-json\/wp\/v2\/categories?post=2472"},{"taxonomy":"post_tag","embeddable":true,"href":"https:\/\/sindicatodosbancarios.org.br\/site2022\/wp-json\/wp\/v2\/tags?post=2472"}],"curies":[{"name":"wp","href":"https:\/\/api.w.org\/{rel}","templated":true}]}}