{"id":2489,"date":"2018-04-09T17:15:43","date_gmt":"2018-04-09T20:15:43","guid":{"rendered":"http:\/\/sindicatodosbancarios.org.br\/?p=2489"},"modified":"2018-04-09T17:17:33","modified_gmt":"2018-04-09T20:17:33","slug":"nova-diretoria-do-sindicato-dos-bancarios","status":"publish","type":"post","link":"https:\/\/sindicatodosbancarios.org.br\/site2022\/2018\/04\/09\/nova-diretoria-do-sindicato-dos-bancarios\/","title":{"rendered":"NOVA DIRETORIA DO SINDICATO DOS BANC\u00c1RIOS"},"content":{"rendered":"<p>Em elei\u00e7\u00e3o realizada em 27\/03\/2018, os banc\u00e1rios de S\u00e3o Bento do Sul, Rio Negrinho e Campo Alegre, renovaram a Diretoria do Sindicato dos banc\u00e1rios para um novo mandato que se iniciar\u00e1 em 23\/07\/2018.<\/p>\n<p>A nova Diretoria do Sindicato dos Banc\u00e1rios de S\u00e3o Bento do Sul e Regi\u00e3o, foi eleita com 97% dos votos dos banc\u00e1rios.\u00a0A posse ocorrer\u00e1 no dia 23\/07\/2018, na Sede Social dos Banc\u00e1rios (ARBANC).<\/p>\n<p>O Presidente do Sindicato Roberto Ortiz, que foi reeleito, destacou o elevado \u00edndice de aprova\u00e7\u00e3o da \u00fanica chapa inscrita, pelo trabalho realizado nos \u00faltimos anos, enfatizando que o Sindicato esteve \u00e0 frente da categoria nas dif\u00edceis Campanhas Salariais, conquistando recomposi\u00e7\u00e3o e aumento real de sal\u00e1rios, aquisi\u00e7\u00e3o do terreno da Sede Social e a constru\u00e7\u00e3o da ARBANC, inaugurada no final do ano passado.<\/p>\n<p>Tamb\u00e9m fez men\u00e7\u00e3o pela renova\u00e7\u00e3o de 50% dos membros da Diretoria, e o acr\u00e9scimo da participa\u00e7\u00e3o de mulheres, agora s\u00e3o cinco, sendo que a vice-presidente eleita, Carine Ebert, funcion\u00e1ria da Caixa Econ\u00f4mica Federal (S\u00e3o Bento do Sul), juntamente com L\u00facia, Ingrid, Mayla e Vanda, ter\u00e1 mais essa miss\u00e3o de representar a todas as banc\u00e1rias da regi\u00e3o.<\/p>\n<p>O Presidente do Sindicato, Roberto Ortiz, enfatiza que antes da posse da nova Diretoria, o Sindicato j\u00e1 come\u00e7a a se preparar para a Campanha Salarial 2018 \/ 2019, salientando que o Encontro Nacional dos Banc\u00e1rios, \u00a0ser\u00e1 realizado na cidade de S\u00e3o Paulo, nos dias 25,26 e 27\/05, e a pauta de reivindica\u00e7\u00e3o dever\u00e1 ser entregue at\u00e9 o dia 12\/06\/2018.<\/p>\n<p>Foram eleitos: Roberto Odenir Ortiz, Carine Barbara Ebert, Mayla Cibele Pereira, L\u00facia Helena da S.V.D. Boom, Victor Cherubin (Diretoria Efetiva), Ald\u00e9rico Benthien J\u00fanior, Ingrid In\u00eas Anton da Silva, Jos\u00e9 Luiz Rodrigues, Vanda Ribeiro Gon\u00e7alves e Jo\u00e3o Kleber Kerscher (Suplentes da Diretoria), Roger Bergmann, Gilberto Furst, Ad\u00e3o de Oliveira, Cesar Ernani Nascimento, Renato Tadeu Milchevski, Rodrigo de Lima Borges (Conselho Fiscais Efetivos e Suplentes), Carlos Louren\u00e7o Schroeder (Delegado Suplente junto a Federa\u00e7\u00e3o).<\/p>\n<p>FONTE: SEEB-SBS E REGI\u00c3O<\/p>\n","protected":false},"excerpt":{"rendered":"<p>Em elei\u00e7\u00e3o realizada em 27\/03\/2018, os banc\u00e1rios de S\u00e3o Bento do Sul, Rio Negrinho e Campo Alegre, renovaram [&hellip;]<\/p>\n","protected":false},"author":2,"featured_media":2444,"comment_status":"open","ping_status":"open","sticky":false,"template":"","format":"standard","meta":{"jetpack_post_was_ever_published":false,"jetpack_publicize_message":"","jetpack_is_tweetstorm":false,"jetpack_publicize_feature_enabled":true,"jetpack_social_post_already_shared":true,"jetpack_social_options":[]},"categories":[1],"tags":[],"jetpack_publicize_connections":[],"acf":[],"yoast_head":"<!-- This site is optimized with the Yoast SEO plugin v19.14 - https:\/\/yoast.com\/wordpress\/plugins\/seo\/ -->\n<title>NOVA DIRETORIA DO SINDICATO DOS BANC\u00c1RIOS - Sindicato dos Banc\u00e1rios de S\u00e3o Bento do Sul e Regi\u00e3o<\/title>\n<meta name=\"robots\" content=\"index, follow, max-snippet:-1, max-image-preview:large, max-video-preview:-1\" \/>\n<link rel=\"canonical\" href=\"https:\/\/sindicatodosbancarios.org.br\/site2022\/2018\/04\/09\/nova-diretoria-do-sindicato-dos-bancarios\/\" \/>\n<meta property=\"og:locale\" content=\"pt_BR\" \/>\n<meta property=\"og:type\" content=\"article\" \/>\n<meta property=\"og:title\" content=\"NOVA DIRETORIA DO SINDICATO DOS BANC\u00c1RIOS - Sindicato dos Banc\u00e1rios de S\u00e3o Bento do Sul e Regi\u00e3o\" \/>\n<meta property=\"og:description\" content=\"Em elei\u00e7\u00e3o realizada em 27\/03\/2018, os banc\u00e1rios de S\u00e3o Bento do Sul, Rio Negrinho e Campo Alegre, renovaram [&hellip;]\" \/>\n<meta property=\"og:url\" content=\"https:\/\/sindicatodosbancarios.org.br\/site2022\/2018\/04\/09\/nova-diretoria-do-sindicato-dos-bancarios\/\" \/>\n<meta property=\"og:site_name\" content=\"Sindicato dos Banc\u00e1rios de S\u00e3o Bento do Sul e Regi\u00e3o\" \/>\n<meta property=\"article:author\" content=\"https:\/\/www.facebook.com\/seeb.sbs.9\" \/>\n<meta property=\"article:published_time\" content=\"2018-04-09T20:15:43+00:00\" \/>\n<meta property=\"article:modified_time\" content=\"2018-04-09T20:17:33+00:00\" \/>\n<meta property=\"og:image\" content=\"https:\/\/sindicatodosbancarios.org.br\/site2022\/wp-content\/uploads\/2018\/02\/Todos-chapa.jpg\" \/>\n\t<meta property=\"og:image:width\" content=\"1906\" \/>\n\t<meta property=\"og:image:height\" content=\"1222\" \/>\n\t<meta property=\"og:image:type\" content=\"image\/jpeg\" \/>\n<meta name=\"author\" content=\"Sindicato dos Banc\u00e1rios S\u00e3o Bento do Sul e Regi\u00e3o\" \/>\n<meta name=\"twitter:card\" content=\"summary_large_image\" \/>\n<meta name=\"twitter:label1\" content=\"Escrito por\" \/>\n\t<meta name=\"twitter:data1\" content=\"Sindicato dos Banc\u00e1rios S\u00e3o Bento do Sul e Regi\u00e3o\" \/>\n\t<meta name=\"twitter:label2\" content=\"Est. tempo de leitura\" \/>\n\t<meta name=\"twitter:data2\" content=\"2 minutos\" \/>\n<script type=\"application\/ld+json\" class=\"yoast-schema-graph\">{\"@context\":\"https:\/\/schema.org\",\"@graph\":[{\"@type\":\"Article\",\"@id\":\"https:\/\/sindicatodosbancarios.org.br\/site2022\/2018\/04\/09\/nova-diretoria-do-sindicato-dos-bancarios\/#article\",\"isPartOf\":{\"@id\":\"https:\/\/sindicatodosbancarios.org.br\/site2022\/2018\/04\/09\/nova-diretoria-do-sindicato-dos-bancarios\/\"},\"author\":{\"name\":\"Sindicato dos Banc\u00e1rios S\u00e3o Bento do Sul e Regi\u00e3o\",\"@id\":\"https:\/\/sindicatodosbancarios.org.br\/site2022\/#\/schema\/person\/a7d92da77d1084df4d28b57962f1e1bd\"},\"headline\":\"NOVA DIRETORIA DO SINDICATO DOS BANC\u00c1RIOS\",\"datePublished\":\"2018-04-09T20:15:43+00:00\",\"dateModified\":\"2018-04-09T20:17:33+00:00\",\"mainEntityOfPage\":{\"@id\":\"https:\/\/sindicatodosbancarios.org.br\/site2022\/2018\/04\/09\/nova-diretoria-do-sindicato-dos-bancarios\/\"},\"wordCount\":358,\"commentCount\":0,\"publisher\":{\"@id\":\"https:\/\/sindicatodosbancarios.org.br\/site2022\/#organization\"},\"articleSection\":[\"Geral\"],\"inLanguage\":\"pt-BR\",\"potentialAction\":[{\"@type\":\"CommentAction\",\"name\":\"Comment\",\"target\":[\"https:\/\/sindicatodosbancarios.org.br\/site2022\/2018\/04\/09\/nova-diretoria-do-sindicato-dos-bancarios\/#respond\"]}]},{\"@type\":\"WebPage\",\"@id\":\"https:\/\/sindicatodosbancarios.org.br\/site2022\/2018\/04\/09\/nova-diretoria-do-sindicato-dos-bancarios\/\",\"url\":\"https:\/\/sindicatodosbancarios.org.br\/site2022\/2018\/04\/09\/nova-diretoria-do-sindicato-dos-bancarios\/\",\"name\":\"NOVA DIRETORIA DO SINDICATO DOS BANC\u00c1RIOS - Sindicato dos Banc\u00e1rios de S\u00e3o Bento do Sul e Regi\u00e3o\",\"isPartOf\":{\"@id\":\"https:\/\/sindicatodosbancarios.org.br\/site2022\/#website\"},\"datePublished\":\"2018-04-09T20:15:43+00:00\",\"dateModified\":\"2018-04-09T20:17:33+00:00\",\"breadcrumb\":{\"@id\":\"https:\/\/sindicatodosbancarios.org.br\/site2022\/2018\/04\/09\/nova-diretoria-do-sindicato-dos-bancarios\/#breadcrumb\"},\"inLanguage\":\"pt-BR\",\"potentialAction\":[{\"@type\":\"ReadAction\",\"target\":[\"https:\/\/sindicatodosbancarios.org.br\/site2022\/2018\/04\/09\/nova-diretoria-do-sindicato-dos-bancarios\/\"]}]},{\"@type\":\"BreadcrumbList\",\"@id\":\"https:\/\/sindicatodosbancarios.org.br\/site2022\/2018\/04\/09\/nova-diretoria-do-sindicato-dos-bancarios\/#breadcrumb\",\"itemListElement\":[{\"@type\":\"ListItem\",\"position\":1,\"name\":\"In\u00edcio\",\"item\":\"https:\/\/sindicatodosbancarios.org.br\/site2022\/\"},{\"@type\":\"ListItem\",\"position\":2,\"name\":\"NOVA DIRETORIA DO SINDICATO DOS BANC\u00c1RIOS\"}]},{\"@type\":\"WebSite\",\"@id\":\"https:\/\/sindicatodosbancarios.org.br\/site2022\/#website\",\"url\":\"https:\/\/sindicatodosbancarios.org.br\/site2022\/\",\"name\":\"Sindicato dos Banc\u00e1rios de S\u00e3o Bento do Sul e Regi\u00e3o\",\"description\":\"Website institucional do Sindicato dos Banc\u00e1rios de S\u00e3o Bento do Sul e Regi\u00e3o\",\"publisher\":{\"@id\":\"https:\/\/sindicatodosbancarios.org.br\/site2022\/#organization\"},\"potentialAction\":[{\"@type\":\"SearchAction\",\"target\":{\"@type\":\"EntryPoint\",\"urlTemplate\":\"https:\/\/sindicatodosbancarios.org.br\/site2022\/?s={search_term_string}\"},\"query-input\":\"required name=search_term_string\"}],\"inLanguage\":\"pt-BR\"},{\"@type\":\"Organization\",\"@id\":\"https:\/\/sindicatodosbancarios.org.br\/site2022\/#organization\",\"name\":\"Sindicato dos Banc\u00e1rios de S\u00e3o Bento do Sul e Regi\u00e3o\",\"url\":\"https:\/\/sindicatodosbancarios.org.br\/site2022\/\",\"logo\":{\"@type\":\"ImageObject\",\"inLanguage\":\"pt-BR\",\"@id\":\"https:\/\/sindicatodosbancarios.org.br\/site2022\/#\/schema\/logo\/image\/\",\"url\":\"https:\/\/sindicatodosbancarios.org.br\/site2022\/wp-content\/uploads\/2017\/06\/cropped-logo-2.png\",\"contentUrl\":\"https:\/\/sindicatodosbancarios.org.br\/site2022\/wp-content\/uploads\/2017\/06\/cropped-logo-2.png\",\"width\":292,\"height\":292,\"caption\":\"Sindicato dos Banc\u00e1rios de S\u00e3o Bento do Sul e Regi\u00e3o\"},\"image\":{\"@id\":\"https:\/\/sindicatodosbancarios.org.br\/site2022\/#\/schema\/logo\/image\/\"}},{\"@type\":\"Person\",\"@id\":\"https:\/\/sindicatodosbancarios.org.br\/site2022\/#\/schema\/person\/a7d92da77d1084df4d28b57962f1e1bd\",\"name\":\"Sindicato dos Banc\u00e1rios S\u00e3o Bento do Sul e Regi\u00e3o\",\"image\":{\"@type\":\"ImageObject\",\"inLanguage\":\"pt-BR\",\"@id\":\"https:\/\/sindicatodosbancarios.org.br\/site2022\/#\/schema\/person\/image\/\",\"url\":\"https:\/\/secure.gravatar.com\/avatar\/f1d1a06f698f2345352e539387180d42?s=96&d=mm&r=g\",\"contentUrl\":\"https:\/\/secure.gravatar.com\/avatar\/f1d1a06f698f2345352e539387180d42?s=96&d=mm&r=g\",\"caption\":\"Sindicato dos Banc\u00e1rios S\u00e3o Bento do Sul e Regi\u00e3o\"},\"sameAs\":[\"http:\/\/sindicatodosbancarios.org.br\/site2022\/\",\"https:\/\/www.facebook.com\/seeb.sbs.9\"],\"url\":\"https:\/\/sindicatodosbancarios.org.br\/site2022\/author\/sindicatodosbancarios\/\"}]}<\/script>\n<!-- \/ Yoast SEO plugin. -->","yoast_head_json":{"title":"NOVA DIRETORIA DO SINDICATO DOS BANC\u00c1RIOS - Sindicato dos Banc\u00e1rios de S\u00e3o Bento do Sul e Regi\u00e3o","robots":{"index":"index","follow":"follow","max-snippet":"max-snippet:-1","max-image-preview":"max-image-preview:large","max-video-preview":"max-video-preview:-1"},"canonical":"https:\/\/sindicatodosbancarios.org.br\/site2022\/2018\/04\/09\/nova-diretoria-do-sindicato-dos-bancarios\/","og_locale":"pt_BR","og_type":"article","og_title":"NOVA DIRETORIA DO SINDICATO DOS BANC\u00c1RIOS - Sindicato dos Banc\u00e1rios de S\u00e3o Bento do Sul e Regi\u00e3o","og_description":"Em elei\u00e7\u00e3o realizada em 27\/03\/2018, os banc\u00e1rios de S\u00e3o Bento do Sul, Rio Negrinho e Campo Alegre, renovaram [&hellip;]","og_url":"https:\/\/sindicatodosbancarios.org.br\/site2022\/2018\/04\/09\/nova-diretoria-do-sindicato-dos-bancarios\/","og_site_name":"Sindicato dos Banc\u00e1rios de S\u00e3o Bento do Sul e Regi\u00e3o","article_author":"https:\/\/www.facebook.com\/seeb.sbs.9","article_published_time":"2018-04-09T20:15:43+00:00","article_modified_time":"2018-04-09T20:17:33+00:00","og_image":[{"width":1906,"height":1222,"url":"https:\/\/sindicatodosbancarios.org.br\/site2022\/wp-content\/uploads\/2018\/02\/Todos-chapa.jpg","type":"image\/jpeg"}],"author":"Sindicato dos Banc\u00e1rios S\u00e3o Bento do Sul e Regi\u00e3o","twitter_card":"summary_large_image","twitter_misc":{"Escrito por":"Sindicato dos Banc\u00e1rios S\u00e3o Bento do Sul e Regi\u00e3o","Est. tempo de leitura":"2 minutos"},"schema":{"@context":"https:\/\/schema.org","@graph":[{"@type":"Article","@id":"https:\/\/sindicatodosbancarios.org.br\/site2022\/2018\/04\/09\/nova-diretoria-do-sindicato-dos-bancarios\/#article","isPartOf":{"@id":"https:\/\/sindicatodosbancarios.org.br\/site2022\/2018\/04\/09\/nova-diretoria-do-sindicato-dos-bancarios\/"},"author":{"name":"Sindicato dos Banc\u00e1rios S\u00e3o Bento do Sul e Regi\u00e3o","@id":"https:\/\/sindicatodosbancarios.org.br\/site2022\/#\/schema\/person\/a7d92da77d1084df4d28b57962f1e1bd"},"headline":"NOVA DIRETORIA DO SINDICATO DOS BANC\u00c1RIOS","datePublished":"2018-04-09T20:15:43+00:00","dateModified":"2018-04-09T20:17:33+00:00","mainEntityOfPage":{"@id":"https:\/\/sindicatodosbancarios.org.br\/site2022\/2018\/04\/09\/nova-diretoria-do-sindicato-dos-bancarios\/"},"wordCount":358,"commentCount":0,"publisher":{"@id":"https:\/\/sindicatodosbancarios.org.br\/site2022\/#organization"},"articleSection":["Geral"],"inLanguage":"pt-BR","potentialAction":[{"@type":"CommentAction","name":"Comment","target":["https:\/\/sindicatodosbancarios.org.br\/site2022\/2018\/04\/09\/nova-diretoria-do-sindicato-dos-bancarios\/#respond"]}]},{"@type":"WebPage","@id":"https:\/\/sindicatodosbancarios.org.br\/site2022\/2018\/04\/09\/nova-diretoria-do-sindicato-dos-bancarios\/","url":"https:\/\/sindicatodosbancarios.org.br\/site2022\/2018\/04\/09\/nova-diretoria-do-sindicato-dos-bancarios\/","name":"NOVA DIRETORIA DO SINDICATO DOS BANC\u00c1RIOS - Sindicato dos Banc\u00e1rios de S\u00e3o Bento do Sul e Regi\u00e3o","isPartOf":{"@id":"https:\/\/sindicatodosbancarios.org.br\/site2022\/#website"},"datePublished":"2018-04-09T20:15:43+00:00","dateModified":"2018-04-09T20:17:33+00:00","breadcrumb":{"@id":"https:\/\/sindicatodosbancarios.org.br\/site2022\/2018\/04\/09\/nova-diretoria-do-sindicato-dos-bancarios\/#breadcrumb"},"inLanguage":"pt-BR","potentialAction":[{"@type":"ReadAction","target":["https:\/\/sindicatodosbancarios.org.br\/site2022\/2018\/04\/09\/nova-diretoria-do-sindicato-dos-bancarios\/"]}]},{"@type":"BreadcrumbList","@id":"https:\/\/sindicatodosbancarios.org.br\/site2022\/2018\/04\/09\/nova-diretoria-do-sindicato-dos-bancarios\/#breadcrumb","itemListElement":[{"@type":"ListItem","position":1,"name":"In\u00edcio","item":"https:\/\/sindicatodosbancarios.org.br\/site2022\/"},{"@type":"ListItem","position":2,"name":"NOVA DIRETORIA DO SINDICATO DOS BANC\u00c1RIOS"}]},{"@type":"WebSite","@id":"https:\/\/sindicatodosbancarios.org.br\/site2022\/#website","url":"https:\/\/sindicatodosbancarios.org.br\/site2022\/","name":"Sindicato dos Banc\u00e1rios de S\u00e3o Bento do Sul e Regi\u00e3o","description":"Website institucional do Sindicato dos Banc\u00e1rios de S\u00e3o Bento do Sul e Regi\u00e3o","publisher":{"@id":"https:\/\/sindicatodosbancarios.org.br\/site2022\/#organization"},"potentialAction":[{"@type":"SearchAction","target":{"@type":"EntryPoint","urlTemplate":"https:\/\/sindicatodosbancarios.org.br\/site2022\/?s={search_term_string}"},"query-input":"required name=search_term_string"}],"inLanguage":"pt-BR"},{"@type":"Organization","@id":"https:\/\/sindicatodosbancarios.org.br\/site2022\/#organization","name":"Sindicato dos Banc\u00e1rios de S\u00e3o Bento do Sul e Regi\u00e3o","url":"https:\/\/sindicatodosbancarios.org.br\/site2022\/","logo":{"@type":"ImageObject","inLanguage":"pt-BR","@id":"https:\/\/sindicatodosbancarios.org.br\/site2022\/#\/schema\/logo\/image\/","url":"https:\/\/sindicatodosbancarios.org.br\/site2022\/wp-content\/uploads\/2017\/06\/cropped-logo-2.png","contentUrl":"https:\/\/sindicatodosbancarios.org.br\/site2022\/wp-content\/uploads\/2017\/06\/cropped-logo-2.png","width":292,"height":292,"caption":"Sindicato dos Banc\u00e1rios de S\u00e3o Bento do Sul e Regi\u00e3o"},"image":{"@id":"https:\/\/sindicatodosbancarios.org.br\/site2022\/#\/schema\/logo\/image\/"}},{"@type":"Person","@id":"https:\/\/sindicatodosbancarios.org.br\/site2022\/#\/schema\/person\/a7d92da77d1084df4d28b57962f1e1bd","name":"Sindicato dos Banc\u00e1rios S\u00e3o Bento do Sul e Regi\u00e3o","image":{"@type":"ImageObject","inLanguage":"pt-BR","@id":"https:\/\/sindicatodosbancarios.org.br\/site2022\/#\/schema\/person\/image\/","url":"https:\/\/secure.gravatar.com\/avatar\/f1d1a06f698f2345352e539387180d42?s=96&d=mm&r=g","contentUrl":"https:\/\/secure.gravatar.com\/avatar\/f1d1a06f698f2345352e539387180d42?s=96&d=mm&r=g","caption":"Sindicato dos Banc\u00e1rios S\u00e3o Bento do Sul e Regi\u00e3o"},"sameAs":["http:\/\/sindicatodosbancarios.org.br\/site2022\/","https:\/\/www.facebook.com\/seeb.sbs.9"],"url":"https:\/\/sindicatodosbancarios.org.br\/site2022\/author\/sindicatodosbancarios\/"}]}},"jetpack_featured_media_url":"https:\/\/sindicatodosbancarios.org.br\/site2022\/wp-content\/uploads\/2018\/02\/Todos-chapa.jpg","jetpack_sharing_enabled":true,"jetpack_shortlink":"https:\/\/wp.me\/p8RSbI-E9","jetpack-related-posts":[{"id":5971,"url":"https:\/\/sindicatodosbancarios.org.br\/site2022\/2022\/03\/29\/bancarios-homenageiam-adao-de-oliveira-inauguracao-quadras-esportivas-arbanc\/","url_meta":{"origin":2489,"position":0},"title":"BANC\u00c1RIOS HOMENAGEIAM AD\u00c3O DE OLIVEIRA &#8211; INAUGURA\u00c7\u00c3O QUADRAS ESPORTIVAS &#8211; ARBANC","date":"29 de mar\u00e7o de 2022","format":false,"excerpt":"No \u00faltimo dia 26 de mar\u00e7o, banc\u00e1rios da regi\u00e3o estiveram reunidos na sede da Associa\u00e7\u00e3o Recreativa dos Banc\u00e1rios \u201cJos\u00e9 Ilton Belli\u201d \u2013 ARBANC, localizada no Bairro Bras\u00edlia para uma confraterniza\u00e7\u00e3o e a inaugura\u00e7\u00e3o das quadras de futebol society e v\u00f4lei de areia. Na ocasi\u00e3o foi realizada a homenagem ao ex-banc\u00e1rio\u2026","rel":"","context":"Em &quot;Banco do Brasil&quot;","img":{"alt_text":"","src":"https:\/\/i0.wp.com\/sindicatodosbancarios.org.br\/site2022\/wp-content\/uploads\/2022\/03\/DSC_3974.jpg?resize=350%2C200&ssl=1","width":350,"height":200},"classes":[]},{"id":5307,"url":"https:\/\/sindicatodosbancarios.org.br\/site2022\/2021\/04\/16\/informe-bancarios-98-2021-2-bilhoes-da-acao-ir-previ-nova-diretoria-da-anabb-vai-agilizar-liquidacao-dos-valores\/","url_meta":{"origin":2489,"position":1},"title":"INFORME BANC\u00c1RIOS \u2013 98\/2021 2 bilh\u00f5es da a\u00e7\u00e3o IR Previ: nova Diretoria da ANABB vai agilizar liquida\u00e7\u00e3o dos valores","date":"16 de abril de 2021","format":false,"excerpt":"A partir desta segunda feira, dia 12 de abril, os associados come\u00e7ar\u00e3o a receber e-mails com informa\u00e7\u00f5es referentes \u00e0 a\u00e7\u00e3o. Uma das primeiras a\u00e7\u00f5es da nova Diretoria Executiva da ANABB \u00e9 dar celeridade \u00e0 a\u00e7\u00e3o IR Previ e garantir que os associados recebam o montante aproximado de R$ 2 bilh\u00f5es\u2026","rel":"","context":"Em &quot;Geral&quot;","img":{"alt_text":"","src":"https:\/\/i0.wp.com\/sindicatodosbancarios.org.br\/site2022\/wp-content\/uploads\/2021\/04\/predioAnabb.jpg?resize=350%2C200&ssl=1","width":350,"height":200},"classes":[]},{"id":5192,"url":"https:\/\/sindicatodosbancarios.org.br\/site2022\/2021\/02\/19\/informe-bancarios-64-2021-contec-ajuiza-tres-acoes-contra-o-banco-do-brasil\/","url_meta":{"origin":2489,"position":2},"title":"INFORME BANC\u00c1RIOS \u2013 64\/2021 Contec aju\u00edza tr\u00eas a\u00e7\u00f5es contra o Banco do Brasil","date":"19 de fevereiro de 2021","format":false,"excerpt":"A CONTEC j\u00e1 ajuizou na semana passada (de 08 a 12\/02) as a\u00e7\u00f5es em defesa da gratifica\u00e7\u00e3o de caixa e contra a reestrutura\u00e7\u00e3o, dos funcion\u00e1rios do BB. Nesta quinta-feira \u00a0(18\/3) foi ajuizada uma nova a\u00e7\u00e3o, desta vez contra a transfer\u00eancia compuls\u00f3ria. At\u00e9 o momento n\u00e3o houve despacho em nenhumas das\u2026","rel":"","context":"Em &quot;Banco do Brasil&quot;","img":{"alt_text":"","src":"https:\/\/i0.wp.com\/sindicatodosbancarios.org.br\/site2022\/wp-content\/uploads\/2020\/10\/16da4bb8-banco-do-brasil.jpeg?resize=350%2C200&ssl=1","width":350,"height":200},"classes":[]},{"id":4319,"url":"https:\/\/sindicatodosbancarios.org.br\/site2022\/2020\/08\/20\/informe-bancario-308-2020-veja-a-reducao-da-plr-do-bradesco-com-a-proposta-da-fenaban\/","url_meta":{"origin":2489,"position":3},"title":"INFORME BANC\u00c1RIO \u2013 308\/2020 VEJA A REDU\u00c7\u00c3O DA PLR DO BRADESCO COM A PROPOSTA DA FENABAN","date":"20 de agosto de 2020","format":false,"excerpt":"Federa\u00e7\u00e3o dos Bancos apresentou proposta que pode encolher em at\u00e9 48% a PLR dos Banc\u00e1rios; veja quadro comparativo com os percentuais de redu\u00e7\u00e3o por faixas salariais Na sexta rodada da Campanha Nacional dos Banc\u00e1rios 2020, nesta ter\u00e7a-feira 18, a FENABAN (Federa\u00e7\u00e3o dos Bancos), apresentou uma proposta que pode reduzir em\u2026","rel":"","context":"Em &quot;Bradesco\/HSBC&quot;","img":{"alt_text":"","src":"https:\/\/i0.wp.com\/sindicatodosbancarios.org.br\/site2022\/wp-content\/uploads\/2020\/08\/200820134502-BRADESCO.jpg?resize=350%2C200&ssl=1","width":350,"height":200},"classes":[]},{"id":4877,"url":"https:\/\/sindicatodosbancarios.org.br\/site2022\/2020\/12\/15\/informe-bancario-460-2020-em-assembleia-bancarios-do-itau-aprovam-acordo-de-teletrabalho\/","url_meta":{"origin":2489,"position":4},"title":"INFORME BANC\u00c1RIO \u2013 460\/2020 EM ASSEMBLEIA, BANC\u00c1RIOS DO ITA\u00da APROVAM ACORDO DE TELETRABALHO","date":"15 de dezembro de 2020","format":false,"excerpt":"Trabalhadores do Banco Ita\u00fa Unibanco SA, conquistaram acordo que garante ajuda de custo, fornecimento pela empresa de equipamentos e cadeira adequada, manuten\u00e7\u00e3o do VR e VA nos termos da CCT, controle de jornada, entre outros pontos. Em Assembleia Virtual encerrada \u00e0s 20h desta sexta-feira dia 04, os Banc\u00e1rios do Ita\u00fa\u2026","rel":"","context":"Em &quot;Ita\u00fa&quot;","img":{"alt_text":"","src":"https:\/\/i0.wp.com\/sindicatodosbancarios.org.br\/site2022\/wp-content\/uploads\/2020\/12\/141220141318-ITA\u00da.jpeg?resize=350%2C200&ssl=1","width":350,"height":200},"classes":[]},{"id":5399,"url":"https:\/\/sindicatodosbancarios.org.br\/site2022\/2021\/05\/12\/edital-de-convocacao-assembleia-geral-extraordinaria-em-modo-eletronico-e-mail-de-votacao-alteracao-estatutaria\/","url_meta":{"origin":2489,"position":5},"title":"EDITAL DE CONVOCA\u00c7\u00c3O ASSEMBLEIA GERAL EXTRAORDIN\u00c1RIA &#8211; EM MODO ELETR\u00d4NICO (e-mail) DE VOTA\u00c7\u00c3O &#8211; ALTERA\u00c7\u00c3O ESTATUT\u00c1RIA","date":"12 de maio de 2021","format":false,"excerpt":"EDITAL DE CONVOCA\u00c7\u00c3O ASSEMBLEIA GERAL EXTRAORDIN\u00c1RIA - EM MODO ELETR\u00d4NICO (e-mail) DE VOTA\u00c7\u00c3O O SINDICATO DOS EMPREGADOS EM ESTABELECIMENTOS BANC\u00c1RIOS DE S\u00c3O BENTO DO SUL E REGI\u00c3O, Entidade Sindical devidamente registrada no CNES \u2013 Processo 46304.001761\/2013 - Inscrito no CNPJ\/MF sob o n\u02da 18.666.862\/0001-13, com endere\u00e7o na Rua Henrique Schwarz,\u2026","rel":"","context":"Em &quot;Editais&quot;","img":{"alt_text":"","src":"https:\/\/i0.wp.com\/sindicatodosbancarios.org.br\/site2022\/wp-content\/uploads\/2020\/07\/cropped-logo-2.png?resize=350%2C200&ssl=1","width":350,"height":200},"classes":[]}],"_links":{"self":[{"href":"https:\/\/sindicatodosbancarios.org.br\/site2022\/wp-json\/wp\/v2\/posts\/2489"}],"collection":[{"href":"https:\/\/sindicatodosbancarios.org.br\/site2022\/wp-json\/wp\/v2\/posts"}],"about":[{"href":"https:\/\/sindicatodosbancarios.org.br\/site2022\/wp-json\/wp\/v2\/types\/post"}],"author":[{"embeddable":true,"href":"https:\/\/sindicatodosbancarios.org.br\/site2022\/wp-json\/wp\/v2\/users\/2"}],"replies":[{"embeddable":true,"href":"https:\/\/sindicatodosbancarios.org.br\/site2022\/wp-json\/wp\/v2\/comments?post=2489"}],"version-history":[{"count":4,"href":"https:\/\/sindicatodosbancarios.org.br\/site2022\/wp-json\/wp\/v2\/posts\/2489\/revisions"}],"predecessor-version":[{"id":2493,"href":"https:\/\/sindicatodosbancarios.org.br\/site2022\/wp-json\/wp\/v2\/posts\/2489\/revisions\/2493"}],"wp:featuredmedia":[{"embeddable":true,"href":"https:\/\/sindicatodosbancarios.org.br\/site2022\/wp-json\/wp\/v2\/media\/2444"}],"wp:attachment":[{"href":"https:\/\/sindicatodosbancarios.org.br\/site2022\/wp-json\/wp\/v2\/media?parent=2489"}],"wp:term":[{"taxonomy":"category","embeddable":true,"href":"https:\/\/sindicatodosbancarios.org.br\/site2022\/wp-json\/wp\/v2\/categories?post=2489"},{"taxonomy":"post_tag","embeddable":true,"href":"https:\/\/sindicatodosbancarios.org.br\/site2022\/wp-json\/wp\/v2\/tags?post=2489"}],"curies":[{"name":"wp","href":"https:\/\/api.w.org\/{rel}","templated":true}]}}