{"id":2499,"date":"2018-04-27T15:34:33","date_gmt":"2018-04-27T18:34:33","guid":{"rendered":"http:\/\/sindicatodosbancarios.org.br\/?p=2499"},"modified":"2018-04-27T15:34:33","modified_gmt":"2018-04-27T18:34:33","slug":"informe-bancario-027-2018-brasil-tem-menor-numero-de-trabalhadores-com-carteira-assinada-em-6-anos","status":"publish","type":"post","link":"https:\/\/sindicatodosbancarios.org.br\/site2022\/2018\/04\/27\/informe-bancario-027-2018-brasil-tem-menor-numero-de-trabalhadores-com-carteira-assinada-em-6-anos\/","title":{"rendered":"INFORME BANC\u00c1RIO &#8211; 027 \/ 2018 &#8211; BRASIL TEM MENOR N\u00daMERO DE TRABALHADORES COM CARTEIRA ASSINADA EM 6 ANOS"},"content":{"rendered":"<p>O n\u00famero de empregados com carteira assinada no Brasil caiu no primeiro trimestre e atingiu o menor n\u00edvel em seis anos, desde o in\u00edcio da s\u00e9rie hist\u00f3rica, em 2012, segundo dados divulgados pelo IBGE (Instituto Brasileiro de Geografia) nesta sexta-feira.<\/p>\n<p>Nos tr\u00eas primeiros meses do ano, o pa\u00eds tinha 32,913 milh\u00f5es de pessoas com carteira assinada. Significa que foram fechados 408 mil postos de trabalho com carteira entre o quarto trimestre e o in\u00edcio deste ano. No per\u00edodo de um ano, a perda foi maior, de 493 mil vagas formais.<\/p>\n<p>Os n\u00fameros do IBGE n\u00e3o consideram trabalhadores dom\u00e9sticos. Eles fazem parte da Pnad (Pesquisa Nacional por Amostra de Domic\u00edlios) Cont\u00ednua. A pesquisa n\u00e3o usa s\u00f3 os trimestres tradicionais, mas per\u00edodos m\u00f3veis (como fevereiro, mar\u00e7o e abril, mar\u00e7o, abril, maio etc.).<\/p>\n<p>Desde que a pesquisa come\u00e7ou a ser feita, o auge do emprego com carteira assinada foi registrado em junho de 2014 (36,88 milh\u00f5es de vagas). De l\u00e1 pra c\u00e1, o pa\u00eds perdeu quase 4 milh\u00f5es de vagas com carteira assinada.<\/p>\n<p>305 mil vagas fechadas desde a reforma<\/p>\n<p>Um dos principais argumentos do governo do presidente Michel Temer para aprovar a reforma trabalhista era que as mudan\u00e7as na legisla\u00e7\u00e3o aumentariam o emprego, sobretudo os com carteira assinada.<\/p>\n<p>O ent\u00e3o ministro do Trabalho, Ronaldo Nogueira, chegou a dizer que a reforma poderia tirar 45 milh\u00f5es de pessoas da informalidade.<\/p>\n<p>A nova legisla\u00e7\u00e3o entrou em vigor em novembro. De l\u00e1 pra c\u00e1, foram fechadas 305 mil vagas com carteira assinada.<\/p>\n<p>Desemprego \u00e9 de 13,1%<\/p>\n<p>O desemprego no pa\u00eds foi de 13,1%, em m\u00e9dia, no primeiro trimestre, a maior taxa desde maio do ano passado, de acordo com o IBGE. O n\u00famero de desempregados no per\u00edodo foi de 13,7 milh\u00f5es de pessoas.<\/p>\n<p><span style=\"font-size: 8pt;\">fonte:uol (partes do texto)<\/span><\/p>\n","protected":false},"excerpt":{"rendered":"<p>O n\u00famero de empregados com carteira assinada no Brasil caiu no primeiro trimestre e atingiu o menor n\u00edvel [&hellip;]<\/p>\n","protected":false},"author":2,"featured_media":0,"comment_status":"open","ping_status":"open","sticky":false,"template":"","format":"standard","meta":{"jetpack_post_was_ever_published":false,"jetpack_publicize_message":"","jetpack_is_tweetstorm":false,"jetpack_publicize_feature_enabled":true,"jetpack_social_post_already_shared":true,"jetpack_social_options":[]},"categories":[1],"tags":[],"jetpack_publicize_connections":[],"acf":[],"yoast_head":"<!-- This site is optimized with the Yoast SEO plugin v19.14 - https:\/\/yoast.com\/wordpress\/plugins\/seo\/ -->\n<title>INFORME BANC\u00c1RIO - 027 \/ 2018 - BRASIL TEM MENOR N\u00daMERO DE TRABALHADORES COM CARTEIRA ASSINADA EM 6 ANOS - Sindicato dos Banc\u00e1rios de S\u00e3o Bento do Sul e Regi\u00e3o<\/title>\n<meta name=\"robots\" content=\"index, follow, max-snippet:-1, max-image-preview:large, max-video-preview:-1\" \/>\n<link rel=\"canonical\" href=\"https:\/\/sindicatodosbancarios.org.br\/site2022\/2018\/04\/27\/informe-bancario-027-2018-brasil-tem-menor-numero-de-trabalhadores-com-carteira-assinada-em-6-anos\/\" \/>\n<meta property=\"og:locale\" content=\"pt_BR\" \/>\n<meta property=\"og:type\" content=\"article\" \/>\n<meta property=\"og:title\" content=\"INFORME BANC\u00c1RIO - 027 \/ 2018 - BRASIL TEM MENOR N\u00daMERO DE TRABALHADORES COM CARTEIRA ASSINADA EM 6 ANOS - Sindicato dos Banc\u00e1rios de S\u00e3o Bento do Sul e Regi\u00e3o\" \/>\n<meta property=\"og:description\" content=\"O n\u00famero de empregados com carteira assinada no Brasil caiu no primeiro trimestre e atingiu o menor n\u00edvel [&hellip;]\" \/>\n<meta property=\"og:url\" content=\"https:\/\/sindicatodosbancarios.org.br\/site2022\/2018\/04\/27\/informe-bancario-027-2018-brasil-tem-menor-numero-de-trabalhadores-com-carteira-assinada-em-6-anos\/\" \/>\n<meta property=\"og:site_name\" content=\"Sindicato dos Banc\u00e1rios de S\u00e3o Bento do Sul e Regi\u00e3o\" \/>\n<meta property=\"article:author\" content=\"https:\/\/www.facebook.com\/seeb.sbs.9\" \/>\n<meta property=\"article:published_time\" content=\"2018-04-27T18:34:33+00:00\" \/>\n<meta name=\"author\" content=\"Sindicato dos Banc\u00e1rios S\u00e3o Bento do Sul e Regi\u00e3o\" \/>\n<meta name=\"twitter:card\" content=\"summary_large_image\" \/>\n<meta name=\"twitter:label1\" content=\"Escrito por\" \/>\n\t<meta name=\"twitter:data1\" content=\"Sindicato dos Banc\u00e1rios S\u00e3o Bento do Sul e Regi\u00e3o\" \/>\n\t<meta name=\"twitter:label2\" content=\"Est. tempo de leitura\" \/>\n\t<meta name=\"twitter:data2\" content=\"2 minutos\" \/>\n<script type=\"application\/ld+json\" class=\"yoast-schema-graph\">{\"@context\":\"https:\/\/schema.org\",\"@graph\":[{\"@type\":\"Article\",\"@id\":\"https:\/\/sindicatodosbancarios.org.br\/site2022\/2018\/04\/27\/informe-bancario-027-2018-brasil-tem-menor-numero-de-trabalhadores-com-carteira-assinada-em-6-anos\/#article\",\"isPartOf\":{\"@id\":\"https:\/\/sindicatodosbancarios.org.br\/site2022\/2018\/04\/27\/informe-bancario-027-2018-brasil-tem-menor-numero-de-trabalhadores-com-carteira-assinada-em-6-anos\/\"},\"author\":{\"name\":\"Sindicato dos Banc\u00e1rios S\u00e3o Bento do Sul e Regi\u00e3o\",\"@id\":\"https:\/\/sindicatodosbancarios.org.br\/site2022\/#\/schema\/person\/a7d92da77d1084df4d28b57962f1e1bd\"},\"headline\":\"INFORME BANC\u00c1RIO &#8211; 027 \/ 2018 &#8211; BRASIL TEM MENOR N\u00daMERO DE TRABALHADORES COM CARTEIRA ASSINADA EM 6 ANOS\",\"datePublished\":\"2018-04-27T18:34:33+00:00\",\"dateModified\":\"2018-04-27T18:34:33+00:00\",\"mainEntityOfPage\":{\"@id\":\"https:\/\/sindicatodosbancarios.org.br\/site2022\/2018\/04\/27\/informe-bancario-027-2018-brasil-tem-menor-numero-de-trabalhadores-com-carteira-assinada-em-6-anos\/\"},\"wordCount\":330,\"commentCount\":0,\"publisher\":{\"@id\":\"https:\/\/sindicatodosbancarios.org.br\/site2022\/#organization\"},\"articleSection\":[\"Geral\"],\"inLanguage\":\"pt-BR\",\"potentialAction\":[{\"@type\":\"CommentAction\",\"name\":\"Comment\",\"target\":[\"https:\/\/sindicatodosbancarios.org.br\/site2022\/2018\/04\/27\/informe-bancario-027-2018-brasil-tem-menor-numero-de-trabalhadores-com-carteira-assinada-em-6-anos\/#respond\"]}]},{\"@type\":\"WebPage\",\"@id\":\"https:\/\/sindicatodosbancarios.org.br\/site2022\/2018\/04\/27\/informe-bancario-027-2018-brasil-tem-menor-numero-de-trabalhadores-com-carteira-assinada-em-6-anos\/\",\"url\":\"https:\/\/sindicatodosbancarios.org.br\/site2022\/2018\/04\/27\/informe-bancario-027-2018-brasil-tem-menor-numero-de-trabalhadores-com-carteira-assinada-em-6-anos\/\",\"name\":\"INFORME BANC\u00c1RIO - 027 \/ 2018 - BRASIL TEM MENOR N\u00daMERO DE TRABALHADORES COM CARTEIRA ASSINADA EM 6 ANOS - Sindicato dos Banc\u00e1rios de S\u00e3o Bento do Sul e Regi\u00e3o\",\"isPartOf\":{\"@id\":\"https:\/\/sindicatodosbancarios.org.br\/site2022\/#website\"},\"datePublished\":\"2018-04-27T18:34:33+00:00\",\"dateModified\":\"2018-04-27T18:34:33+00:00\",\"breadcrumb\":{\"@id\":\"https:\/\/sindicatodosbancarios.org.br\/site2022\/2018\/04\/27\/informe-bancario-027-2018-brasil-tem-menor-numero-de-trabalhadores-com-carteira-assinada-em-6-anos\/#breadcrumb\"},\"inLanguage\":\"pt-BR\",\"potentialAction\":[{\"@type\":\"ReadAction\",\"target\":[\"https:\/\/sindicatodosbancarios.org.br\/site2022\/2018\/04\/27\/informe-bancario-027-2018-brasil-tem-menor-numero-de-trabalhadores-com-carteira-assinada-em-6-anos\/\"]}]},{\"@type\":\"BreadcrumbList\",\"@id\":\"https:\/\/sindicatodosbancarios.org.br\/site2022\/2018\/04\/27\/informe-bancario-027-2018-brasil-tem-menor-numero-de-trabalhadores-com-carteira-assinada-em-6-anos\/#breadcrumb\",\"itemListElement\":[{\"@type\":\"ListItem\",\"position\":1,\"name\":\"In\u00edcio\",\"item\":\"https:\/\/sindicatodosbancarios.org.br\/site2022\/\"},{\"@type\":\"ListItem\",\"position\":2,\"name\":\"INFORME BANC\u00c1RIO &#8211; 027 \/ 2018 &#8211; BRASIL TEM MENOR N\u00daMERO DE TRABALHADORES COM CARTEIRA ASSINADA EM 6 ANOS\"}]},{\"@type\":\"WebSite\",\"@id\":\"https:\/\/sindicatodosbancarios.org.br\/site2022\/#website\",\"url\":\"https:\/\/sindicatodosbancarios.org.br\/site2022\/\",\"name\":\"Sindicato dos Banc\u00e1rios de S\u00e3o Bento do Sul e Regi\u00e3o\",\"description\":\"Website institucional do Sindicato dos Banc\u00e1rios de S\u00e3o Bento do Sul e Regi\u00e3o\",\"publisher\":{\"@id\":\"https:\/\/sindicatodosbancarios.org.br\/site2022\/#organization\"},\"potentialAction\":[{\"@type\":\"SearchAction\",\"target\":{\"@type\":\"EntryPoint\",\"urlTemplate\":\"https:\/\/sindicatodosbancarios.org.br\/site2022\/?s={search_term_string}\"},\"query-input\":\"required name=search_term_string\"}],\"inLanguage\":\"pt-BR\"},{\"@type\":\"Organization\",\"@id\":\"https:\/\/sindicatodosbancarios.org.br\/site2022\/#organization\",\"name\":\"Sindicato dos Banc\u00e1rios de S\u00e3o Bento do Sul e Regi\u00e3o\",\"url\":\"https:\/\/sindicatodosbancarios.org.br\/site2022\/\",\"logo\":{\"@type\":\"ImageObject\",\"inLanguage\":\"pt-BR\",\"@id\":\"https:\/\/sindicatodosbancarios.org.br\/site2022\/#\/schema\/logo\/image\/\",\"url\":\"https:\/\/sindicatodosbancarios.org.br\/site2022\/wp-content\/uploads\/2017\/06\/cropped-logo-2.png\",\"contentUrl\":\"https:\/\/sindicatodosbancarios.org.br\/site2022\/wp-content\/uploads\/2017\/06\/cropped-logo-2.png\",\"width\":292,\"height\":292,\"caption\":\"Sindicato dos Banc\u00e1rios de S\u00e3o Bento do Sul e Regi\u00e3o\"},\"image\":{\"@id\":\"https:\/\/sindicatodosbancarios.org.br\/site2022\/#\/schema\/logo\/image\/\"}},{\"@type\":\"Person\",\"@id\":\"https:\/\/sindicatodosbancarios.org.br\/site2022\/#\/schema\/person\/a7d92da77d1084df4d28b57962f1e1bd\",\"name\":\"Sindicato dos Banc\u00e1rios S\u00e3o Bento do Sul e Regi\u00e3o\",\"image\":{\"@type\":\"ImageObject\",\"inLanguage\":\"pt-BR\",\"@id\":\"https:\/\/sindicatodosbancarios.org.br\/site2022\/#\/schema\/person\/image\/\",\"url\":\"https:\/\/secure.gravatar.com\/avatar\/f1d1a06f698f2345352e539387180d42?s=96&d=mm&r=g\",\"contentUrl\":\"https:\/\/secure.gravatar.com\/avatar\/f1d1a06f698f2345352e539387180d42?s=96&d=mm&r=g\",\"caption\":\"Sindicato dos Banc\u00e1rios S\u00e3o Bento do Sul e Regi\u00e3o\"},\"sameAs\":[\"http:\/\/sindicatodosbancarios.org.br\/site2022\/\",\"https:\/\/www.facebook.com\/seeb.sbs.9\"],\"url\":\"https:\/\/sindicatodosbancarios.org.br\/site2022\/author\/sindicatodosbancarios\/\"}]}<\/script>\n<!-- \/ Yoast SEO plugin. -->","yoast_head_json":{"title":"INFORME BANC\u00c1RIO - 027 \/ 2018 - BRASIL TEM MENOR N\u00daMERO DE TRABALHADORES COM CARTEIRA ASSINADA EM 6 ANOS - Sindicato dos Banc\u00e1rios de S\u00e3o Bento do Sul e Regi\u00e3o","robots":{"index":"index","follow":"follow","max-snippet":"max-snippet:-1","max-image-preview":"max-image-preview:large","max-video-preview":"max-video-preview:-1"},"canonical":"https:\/\/sindicatodosbancarios.org.br\/site2022\/2018\/04\/27\/informe-bancario-027-2018-brasil-tem-menor-numero-de-trabalhadores-com-carteira-assinada-em-6-anos\/","og_locale":"pt_BR","og_type":"article","og_title":"INFORME BANC\u00c1RIO - 027 \/ 2018 - BRASIL TEM MENOR N\u00daMERO DE TRABALHADORES COM CARTEIRA ASSINADA EM 6 ANOS - Sindicato dos Banc\u00e1rios de S\u00e3o Bento do Sul e Regi\u00e3o","og_description":"O n\u00famero de empregados com carteira assinada no Brasil caiu no primeiro trimestre e atingiu o menor n\u00edvel [&hellip;]","og_url":"https:\/\/sindicatodosbancarios.org.br\/site2022\/2018\/04\/27\/informe-bancario-027-2018-brasil-tem-menor-numero-de-trabalhadores-com-carteira-assinada-em-6-anos\/","og_site_name":"Sindicato dos Banc\u00e1rios de S\u00e3o Bento do Sul e Regi\u00e3o","article_author":"https:\/\/www.facebook.com\/seeb.sbs.9","article_published_time":"2018-04-27T18:34:33+00:00","author":"Sindicato dos Banc\u00e1rios S\u00e3o Bento do Sul e Regi\u00e3o","twitter_card":"summary_large_image","twitter_misc":{"Escrito por":"Sindicato dos Banc\u00e1rios S\u00e3o Bento do Sul e Regi\u00e3o","Est. tempo de leitura":"2 minutos"},"schema":{"@context":"https:\/\/schema.org","@graph":[{"@type":"Article","@id":"https:\/\/sindicatodosbancarios.org.br\/site2022\/2018\/04\/27\/informe-bancario-027-2018-brasil-tem-menor-numero-de-trabalhadores-com-carteira-assinada-em-6-anos\/#article","isPartOf":{"@id":"https:\/\/sindicatodosbancarios.org.br\/site2022\/2018\/04\/27\/informe-bancario-027-2018-brasil-tem-menor-numero-de-trabalhadores-com-carteira-assinada-em-6-anos\/"},"author":{"name":"Sindicato dos Banc\u00e1rios S\u00e3o Bento do Sul e Regi\u00e3o","@id":"https:\/\/sindicatodosbancarios.org.br\/site2022\/#\/schema\/person\/a7d92da77d1084df4d28b57962f1e1bd"},"headline":"INFORME BANC\u00c1RIO &#8211; 027 \/ 2018 &#8211; BRASIL TEM MENOR N\u00daMERO DE TRABALHADORES COM CARTEIRA ASSINADA EM 6 ANOS","datePublished":"2018-04-27T18:34:33+00:00","dateModified":"2018-04-27T18:34:33+00:00","mainEntityOfPage":{"@id":"https:\/\/sindicatodosbancarios.org.br\/site2022\/2018\/04\/27\/informe-bancario-027-2018-brasil-tem-menor-numero-de-trabalhadores-com-carteira-assinada-em-6-anos\/"},"wordCount":330,"commentCount":0,"publisher":{"@id":"https:\/\/sindicatodosbancarios.org.br\/site2022\/#organization"},"articleSection":["Geral"],"inLanguage":"pt-BR","potentialAction":[{"@type":"CommentAction","name":"Comment","target":["https:\/\/sindicatodosbancarios.org.br\/site2022\/2018\/04\/27\/informe-bancario-027-2018-brasil-tem-menor-numero-de-trabalhadores-com-carteira-assinada-em-6-anos\/#respond"]}]},{"@type":"WebPage","@id":"https:\/\/sindicatodosbancarios.org.br\/site2022\/2018\/04\/27\/informe-bancario-027-2018-brasil-tem-menor-numero-de-trabalhadores-com-carteira-assinada-em-6-anos\/","url":"https:\/\/sindicatodosbancarios.org.br\/site2022\/2018\/04\/27\/informe-bancario-027-2018-brasil-tem-menor-numero-de-trabalhadores-com-carteira-assinada-em-6-anos\/","name":"INFORME BANC\u00c1RIO - 027 \/ 2018 - BRASIL TEM MENOR N\u00daMERO DE TRABALHADORES COM CARTEIRA ASSINADA EM 6 ANOS - Sindicato dos Banc\u00e1rios de S\u00e3o Bento do Sul e Regi\u00e3o","isPartOf":{"@id":"https:\/\/sindicatodosbancarios.org.br\/site2022\/#website"},"datePublished":"2018-04-27T18:34:33+00:00","dateModified":"2018-04-27T18:34:33+00:00","breadcrumb":{"@id":"https:\/\/sindicatodosbancarios.org.br\/site2022\/2018\/04\/27\/informe-bancario-027-2018-brasil-tem-menor-numero-de-trabalhadores-com-carteira-assinada-em-6-anos\/#breadcrumb"},"inLanguage":"pt-BR","potentialAction":[{"@type":"ReadAction","target":["https:\/\/sindicatodosbancarios.org.br\/site2022\/2018\/04\/27\/informe-bancario-027-2018-brasil-tem-menor-numero-de-trabalhadores-com-carteira-assinada-em-6-anos\/"]}]},{"@type":"BreadcrumbList","@id":"https:\/\/sindicatodosbancarios.org.br\/site2022\/2018\/04\/27\/informe-bancario-027-2018-brasil-tem-menor-numero-de-trabalhadores-com-carteira-assinada-em-6-anos\/#breadcrumb","itemListElement":[{"@type":"ListItem","position":1,"name":"In\u00edcio","item":"https:\/\/sindicatodosbancarios.org.br\/site2022\/"},{"@type":"ListItem","position":2,"name":"INFORME BANC\u00c1RIO &#8211; 027 \/ 2018 &#8211; BRASIL TEM MENOR N\u00daMERO DE TRABALHADORES COM CARTEIRA ASSINADA EM 6 ANOS"}]},{"@type":"WebSite","@id":"https:\/\/sindicatodosbancarios.org.br\/site2022\/#website","url":"https:\/\/sindicatodosbancarios.org.br\/site2022\/","name":"Sindicato dos Banc\u00e1rios de S\u00e3o Bento do Sul e Regi\u00e3o","description":"Website institucional do Sindicato dos Banc\u00e1rios de S\u00e3o Bento do Sul e Regi\u00e3o","publisher":{"@id":"https:\/\/sindicatodosbancarios.org.br\/site2022\/#organization"},"potentialAction":[{"@type":"SearchAction","target":{"@type":"EntryPoint","urlTemplate":"https:\/\/sindicatodosbancarios.org.br\/site2022\/?s={search_term_string}"},"query-input":"required name=search_term_string"}],"inLanguage":"pt-BR"},{"@type":"Organization","@id":"https:\/\/sindicatodosbancarios.org.br\/site2022\/#organization","name":"Sindicato dos Banc\u00e1rios de S\u00e3o Bento do Sul e Regi\u00e3o","url":"https:\/\/sindicatodosbancarios.org.br\/site2022\/","logo":{"@type":"ImageObject","inLanguage":"pt-BR","@id":"https:\/\/sindicatodosbancarios.org.br\/site2022\/#\/schema\/logo\/image\/","url":"https:\/\/sindicatodosbancarios.org.br\/site2022\/wp-content\/uploads\/2017\/06\/cropped-logo-2.png","contentUrl":"https:\/\/sindicatodosbancarios.org.br\/site2022\/wp-content\/uploads\/2017\/06\/cropped-logo-2.png","width":292,"height":292,"caption":"Sindicato dos Banc\u00e1rios de S\u00e3o Bento do Sul e Regi\u00e3o"},"image":{"@id":"https:\/\/sindicatodosbancarios.org.br\/site2022\/#\/schema\/logo\/image\/"}},{"@type":"Person","@id":"https:\/\/sindicatodosbancarios.org.br\/site2022\/#\/schema\/person\/a7d92da77d1084df4d28b57962f1e1bd","name":"Sindicato dos Banc\u00e1rios S\u00e3o Bento do Sul e Regi\u00e3o","image":{"@type":"ImageObject","inLanguage":"pt-BR","@id":"https:\/\/sindicatodosbancarios.org.br\/site2022\/#\/schema\/person\/image\/","url":"https:\/\/secure.gravatar.com\/avatar\/f1d1a06f698f2345352e539387180d42?s=96&d=mm&r=g","contentUrl":"https:\/\/secure.gravatar.com\/avatar\/f1d1a06f698f2345352e539387180d42?s=96&d=mm&r=g","caption":"Sindicato dos Banc\u00e1rios S\u00e3o Bento do Sul e Regi\u00e3o"},"sameAs":["http:\/\/sindicatodosbancarios.org.br\/site2022\/","https:\/\/www.facebook.com\/seeb.sbs.9"],"url":"https:\/\/sindicatodosbancarios.org.br\/site2022\/author\/sindicatodosbancarios\/"}]}},"jetpack_featured_media_url":"","jetpack_sharing_enabled":true,"jetpack_shortlink":"https:\/\/wp.me\/p8RSbI-Ej","jetpack-related-posts":[{"id":5303,"url":"https:\/\/sindicatodosbancarios.org.br\/site2022\/2021\/04\/13\/informe-bancarios-97-2021-desemprego-no-pais-e-de-142-e-atinge-143-milhoes-de-pessoas-diz-ibge\/","url_meta":{"origin":2499,"position":0},"title":"INFORME BANC\u00c1RIOS \u2013 97\/2021 Desemprego no pa\u00eds \u00e9 de 14,2% e atinge 14,3 milh\u00f5es de pessoas, diz IBGE","date":"13 de abril de 2021","format":false,"excerpt":"A taxa m\u00e9dia de desemprego no Brasil foi de 14,2% no trimestre de novembro a janeiro, a mais alta para um trimestre encerrado janeiro desde 2012, quando come\u00e7a a s\u00e9rie hist\u00f3rica. Isso significa que 14,3 milh\u00f5es de pessoas est\u00e3o na fila por um trabalho no pa\u00eds. O n\u00edvel de desemprego\u2026","rel":"","context":"Em &quot;Geral&quot;","img":{"alt_text":"","src":"https:\/\/i0.wp.com\/sindicatodosbancarios.org.br\/site2022\/wp-content\/uploads\/2020\/11\/clt-carteira-de-trabalho-coronavirus-emprego-1593194855519_v2_900x506.jpg?resize=350%2C200&ssl=1","width":350,"height":200},"classes":[]},{"id":5683,"url":"https:\/\/sindicatodosbancarios.org.br\/site2022\/2021\/09\/06\/informe-bancario-213-2021-brasil-tem-desemprego-de-141-no-tri-ate-junho-diz-ibge\/","url_meta":{"origin":2499,"position":1},"title":"INFORME BANC\u00c1RIO \u2013 213\/2021 Brasil tem desemprego de 14,1% no tri at\u00e9 junho, diz IBGE","date":"6 de setembro de 2021","format":false,"excerpt":"O\u00a0Brasil\u00a0chegou ao final do segundo trimestre com queda na taxa de\u00a0desemprego\u00a0devido ao aumento da ocupa\u00e7\u00e3o, mas ainda com 14,4 milh\u00f5es de pessoas sem trabalho e com o mercado ainda buscando recuperar-se da crise recente. O\u00a0Instituto Brasileiro de Geografia e Estat\u00edstica (IBGE) informou que a taxa de desemprego chegou a 14,1%\u2026","rel":"","context":"Em &quot;Geral&quot;","img":{"alt_text":"","src":"https:\/\/i0.wp.com\/sindicatodosbancarios.org.br\/site2022\/wp-content\/uploads\/2021\/02\/ecv8by7wzopiiudr6exo2c0gh.jpg?resize=350%2C200&ssl=1","width":350,"height":200},"classes":[]},{"id":4953,"url":"https:\/\/sindicatodosbancarios.org.br\/site2022\/2021\/01\/04\/informe-bancario-482-2020-desemprego-chega-a-143-e-atinge-141-milhoes-de-pessoas\/","url_meta":{"origin":2499,"position":2},"title":"INFORME BANC\u00c1RIO \u2013 04\/2021 Desemprego chega a 14,3% e atinge 14,1 milh\u00f5es de pessoas","date":"4 de janeiro de 2021","format":false,"excerpt":"A taxa de desemprego no Brasil foi de 14,3% no trimestre de agosto a outubro deste ano e atingiu 14,1 milh\u00f5es de pessoas. Os dados foram divulgados hoje e fazem parte da Pnad (Pesquisa Nacional por Amostra de Domic\u00edlios) Cont\u00ednua, do IBGE (Instituto Brasileiro de Geografia e Estat\u00edstica). Na compara\u00e7\u00e3o\u2026","rel":"","context":"Em &quot;Geral&quot;","img":{"alt_text":"","src":"https:\/\/i0.wp.com\/sindicatodosbancarios.org.br\/site2022\/wp-content\/uploads\/2020\/11\/clt-carteira-de-trabalho-coronavirus-emprego-1593194855519_v2_900x506.jpg?resize=350%2C200&ssl=1","width":350,"height":200},"classes":[]},{"id":4733,"url":"https:\/\/sindicatodosbancarios.org.br\/site2022\/2020\/11\/04\/informe-bancario-420-2020-trabalhadores-contribuindo-a-previdencia-caem-ao-menor-nivel-desde-2012-diz-ibge\/","url_meta":{"origin":2499,"position":3},"title":"INFORME BANC\u00c1RIO \u2013 420\/2020 Trabalhadores contribuindo \u00e0 Previd\u00eancia caem ao menor n\u00edvel desde 2012, diz IBGE","date":"4 de novembro de 2020","format":false,"excerpt":"A pandemia do novo coronav\u00edrus prejudicou o emprego formal, com reflexos para a contribui\u00e7\u00e3o para a Previd\u00eancia Social no Pa\u00eds. O total de pessoas contribuindo para a Previd\u00eancia desceu a 53,342 milh\u00f5es no trimestre encerrado em agosto, o menor patamar da s\u00e9rie hist\u00f3rica da Pnad (Pesquisa Nacional por Amostra de\u2026","rel":"","context":"Em &quot;Geral&quot;","img":{"alt_text":"","src":"https:\/\/i0.wp.com\/sindicatodosbancarios.org.br\/site2022\/wp-content\/uploads\/2020\/11\/previdencia-social-1550256162419_v2_900x50.jpg?resize=350%2C200&ssl=1","width":350,"height":200},"classes":[]},{"id":5568,"url":"https:\/\/sindicatodosbancarios.org.br\/site2022\/2021\/07\/29\/informe-bancario-178-2021-o-que-aconteceu-ao-trabalhador-em-25-anos-sem-o-ministerio-do-trabalho\/","url_meta":{"origin":2499,"position":4},"title":"INFORME BANC\u00c1RIO \u2013 178\/2021 O que aconteceu ao trabalhador em 2,5 anos sem o Minist\u00e9rio do Trabalho?","date":"29 de julho de 2021","format":false,"excerpt":"Quando assumiu a Presid\u00eancia do Brasil, em 2019, Jair Bolsonaro (sem partido) reduziu o n\u00famero de minist\u00e9rios, extinguindo, por exemplo, o do Trabalho, criado por Get\u00falio Vargas em 1930. Nestes dois anos e meio com a pasta integrada ao superminist\u00e9rio da Economia, o governo realizou a reforma da Previd\u00eancia, o\u2026","rel":"","context":"Em &quot;Geral&quot;","img":{"alt_text":"","src":"https:\/\/i0.wp.com\/sindicatodosbancarios.org.br\/site2022\/wp-content\/uploads\/2021\/07\/tttttttt.jpg?resize=350%2C200&ssl=1","width":350,"height":200},"classes":[]},{"id":5728,"url":"https:\/\/sindicatodosbancarios.org.br\/site2022\/2021\/10\/07\/informe-bancario-228-2021-4-anos-depois-reforma-trabalhista-nao-gerou-boom-de-empregos-prometido\/","url_meta":{"origin":2499,"position":5},"title":"INFORME BANC\u00c1RIO \u2013 228\/2021 4 anos depois, reforma trabalhista n\u00e3o gerou &#8216;boom&#8217; de empregos prometido","date":"7 de outubro de 2021","format":false,"excerpt":"Quase quatro anos \u2014e uma pandemia\u2014 depois de a reforma trabalhista do governo Michel Temer entrar em vigor, o \"boom\" de empregos prometido n\u00e3o se concretizou. Na \u00e9poca, o governo chegou a falar em dois milh\u00f5es de vagas em dois anos, e seis milh\u00f5es em dez anos. Dados do IBGE\u2026","rel":"","context":"Em &quot;Geral&quot;","img":{"alt_text":"","src":"https:\/\/i0.wp.com\/sindicatodosbancarios.org.br\/site2022\/wp-content\/uploads\/2021\/10\/reforma-e1543516064120.jpg?resize=350%2C200&ssl=1","width":350,"height":200},"classes":[]}],"_links":{"self":[{"href":"https:\/\/sindicatodosbancarios.org.br\/site2022\/wp-json\/wp\/v2\/posts\/2499"}],"collection":[{"href":"https:\/\/sindicatodosbancarios.org.br\/site2022\/wp-json\/wp\/v2\/posts"}],"about":[{"href":"https:\/\/sindicatodosbancarios.org.br\/site2022\/wp-json\/wp\/v2\/types\/post"}],"author":[{"embeddable":true,"href":"https:\/\/sindicatodosbancarios.org.br\/site2022\/wp-json\/wp\/v2\/users\/2"}],"replies":[{"embeddable":true,"href":"https:\/\/sindicatodosbancarios.org.br\/site2022\/wp-json\/wp\/v2\/comments?post=2499"}],"version-history":[{"count":1,"href":"https:\/\/sindicatodosbancarios.org.br\/site2022\/wp-json\/wp\/v2\/posts\/2499\/revisions"}],"predecessor-version":[{"id":2501,"href":"https:\/\/sindicatodosbancarios.org.br\/site2022\/wp-json\/wp\/v2\/posts\/2499\/revisions\/2501"}],"wp:attachment":[{"href":"https:\/\/sindicatodosbancarios.org.br\/site2022\/wp-json\/wp\/v2\/media?parent=2499"}],"wp:term":[{"taxonomy":"category","embeddable":true,"href":"https:\/\/sindicatodosbancarios.org.br\/site2022\/wp-json\/wp\/v2\/categories?post=2499"},{"taxonomy":"post_tag","embeddable":true,"href":"https:\/\/sindicatodosbancarios.org.br\/site2022\/wp-json\/wp\/v2\/tags?post=2499"}],"curies":[{"name":"wp","href":"https:\/\/api.w.org\/{rel}","templated":true}]}}