{"id":2512,"date":"2018-05-08T10:36:40","date_gmt":"2018-05-08T13:36:40","guid":{"rendered":"http:\/\/sindicatodosbancarios.org.br\/?p=2512"},"modified":"2018-05-08T10:36:40","modified_gmt":"2018-05-08T13:36:40","slug":"espaco-fogo-de-chao-na-arbanc-esta-concluido","status":"publish","type":"post","link":"https:\/\/sindicatodosbancarios.org.br\/site2022\/2018\/05\/08\/espaco-fogo-de-chao-na-arbanc-esta-concluido\/","title":{"rendered":"ESPA\u00c7O FOGO DE CH\u00c3O NA ARBANC EST\u00c1 CONCLU\u00cdDO"},"content":{"rendered":"<p>&nbsp;<\/p>\n<p style=\"text-align: justify;\"><span style=\"font-size: 14pt;\">Faltando pequenos detalhes o ESPA\u00c7O FOGO DE CH\u00c3O constru\u00eddo na ARBANC, em breve estar\u00e1 dispon\u00edvel para utiliza\u00e7\u00e3o de seus associados e dependentes.<\/span><\/p>\n<p style=\"text-align: justify;\"><span style=\"font-size: 14pt;\">O espa\u00e7o \u00e9 dotado de fog\u00e3o a lenha, pia, balc\u00e3o, dep\u00f3sito para lenha e porta espeto (5) que poder\u00e1 ser utilizado para assar costela, leit\u00e3o, ovelha.<\/span><\/p>\n<p style=\"text-align: justify;\"><span style=\"font-size: 14pt;\">Constru\u00e7\u00e3o r\u00fastica em tijolo \u00e0 vista \u00a0em meio a natureza que \u00e9 peculiar na Recreativa dos Banc\u00e1rios, tendo como objetivo proporcionar aos associados e dependentes uma nova alternativa para reunir-se com familiares e amigos. Tamb\u00e9m servir\u00e1 para os eventos que ser\u00e3o realizados em breve e promovidos pelo Sindicato e a ARBANC.<\/span><\/p>\n<p style=\"text-align: justify;\"><span style=\"font-size: 14pt;\">Convidamos todos os banc\u00e1rios (as), demais s\u00f3cios da ARBANC seus dependentes e familiares para conhecerem e utilizarem as depend\u00eancias da Recreativa.<\/span><\/p>\n<p>Acesse o site e veja as demais fotos.<\/p>\n<p><span style=\"font-size: 8pt;\">fonte: Sindicato dos Banc\u00e1rios de S\u00e3o Bento do Sul e Regi\u00e3o<\/span><\/p>\n<p>&nbsp;<\/p>\n","protected":false},"excerpt":{"rendered":"<p>&nbsp; Faltando pequenos detalhes o ESPA\u00c7O FOGO DE CH\u00c3O constru\u00eddo na ARBANC, em breve estar\u00e1 dispon\u00edvel para utiliza\u00e7\u00e3o [&hellip;]<\/p>\n","protected":false},"author":2,"featured_media":2510,"comment_status":"open","ping_status":"open","sticky":false,"template":"","format":"standard","meta":{"jetpack_post_was_ever_published":false,"jetpack_publicize_message":"","jetpack_is_tweetstorm":false,"jetpack_publicize_feature_enabled":true,"jetpack_social_post_already_shared":true,"jetpack_social_options":[]},"categories":[1],"tags":[],"jetpack_publicize_connections":[],"acf":[],"yoast_head":"<!-- This site is optimized with the Yoast SEO plugin v19.14 - https:\/\/yoast.com\/wordpress\/plugins\/seo\/ -->\n<title>ESPA\u00c7O FOGO DE CH\u00c3O NA ARBANC EST\u00c1 CONCLU\u00cdDO - Sindicato dos Banc\u00e1rios de S\u00e3o Bento do Sul e Regi\u00e3o<\/title>\n<meta name=\"robots\" content=\"index, follow, max-snippet:-1, max-image-preview:large, max-video-preview:-1\" \/>\n<link rel=\"canonical\" href=\"https:\/\/sindicatodosbancarios.org.br\/site2022\/2018\/05\/08\/espaco-fogo-de-chao-na-arbanc-esta-concluido\/\" \/>\n<meta property=\"og:locale\" content=\"pt_BR\" \/>\n<meta property=\"og:type\" content=\"article\" \/>\n<meta property=\"og:title\" content=\"ESPA\u00c7O FOGO DE CH\u00c3O NA ARBANC EST\u00c1 CONCLU\u00cdDO - Sindicato dos Banc\u00e1rios de S\u00e3o Bento do Sul e Regi\u00e3o\" \/>\n<meta property=\"og:description\" content=\"&nbsp; Faltando pequenos detalhes o ESPA\u00c7O FOGO DE CH\u00c3O constru\u00eddo na ARBANC, em breve estar\u00e1 dispon\u00edvel para utiliza\u00e7\u00e3o [&hellip;]\" \/>\n<meta property=\"og:url\" content=\"https:\/\/sindicatodosbancarios.org.br\/site2022\/2018\/05\/08\/espaco-fogo-de-chao-na-arbanc-esta-concluido\/\" \/>\n<meta property=\"og:site_name\" content=\"Sindicato dos Banc\u00e1rios de S\u00e3o Bento do Sul e Regi\u00e3o\" \/>\n<meta property=\"article:author\" content=\"https:\/\/www.facebook.com\/seeb.sbs.9\" \/>\n<meta property=\"article:published_time\" content=\"2018-05-08T13:36:40+00:00\" \/>\n<meta property=\"og:image\" content=\"https:\/\/sindicatodosbancarios.org.br\/site2022\/wp-content\/uploads\/2017\/08\/20180505_152852.jpg\" \/>\n\t<meta property=\"og:image:width\" content=\"4128\" \/>\n\t<meta property=\"og:image:height\" content=\"2322\" \/>\n\t<meta property=\"og:image:type\" content=\"image\/jpeg\" \/>\n<meta name=\"author\" content=\"Sindicato dos Banc\u00e1rios S\u00e3o Bento do Sul e Regi\u00e3o\" \/>\n<meta name=\"twitter:card\" content=\"summary_large_image\" \/>\n<meta name=\"twitter:label1\" content=\"Escrito por\" \/>\n\t<meta name=\"twitter:data1\" content=\"Sindicato dos Banc\u00e1rios S\u00e3o Bento do Sul e Regi\u00e3o\" \/>\n\t<meta name=\"twitter:label2\" content=\"Est. tempo de leitura\" \/>\n\t<meta name=\"twitter:data2\" content=\"1 minuto\" \/>\n<script type=\"application\/ld+json\" class=\"yoast-schema-graph\">{\"@context\":\"https:\/\/schema.org\",\"@graph\":[{\"@type\":\"Article\",\"@id\":\"https:\/\/sindicatodosbancarios.org.br\/site2022\/2018\/05\/08\/espaco-fogo-de-chao-na-arbanc-esta-concluido\/#article\",\"isPartOf\":{\"@id\":\"https:\/\/sindicatodosbancarios.org.br\/site2022\/2018\/05\/08\/espaco-fogo-de-chao-na-arbanc-esta-concluido\/\"},\"author\":{\"name\":\"Sindicato dos Banc\u00e1rios S\u00e3o Bento do Sul e Regi\u00e3o\",\"@id\":\"https:\/\/sindicatodosbancarios.org.br\/site2022\/#\/schema\/person\/a7d92da77d1084df4d28b57962f1e1bd\"},\"headline\":\"ESPA\u00c7O FOGO DE CH\u00c3O NA ARBANC EST\u00c1 CONCLU\u00cdDO\",\"datePublished\":\"2018-05-08T13:36:40+00:00\",\"dateModified\":\"2018-05-08T13:36:40+00:00\",\"mainEntityOfPage\":{\"@id\":\"https:\/\/sindicatodosbancarios.org.br\/site2022\/2018\/05\/08\/espaco-fogo-de-chao-na-arbanc-esta-concluido\/\"},\"wordCount\":169,\"commentCount\":0,\"publisher\":{\"@id\":\"https:\/\/sindicatodosbancarios.org.br\/site2022\/#organization\"},\"articleSection\":[\"Geral\"],\"inLanguage\":\"pt-BR\",\"potentialAction\":[{\"@type\":\"CommentAction\",\"name\":\"Comment\",\"target\":[\"https:\/\/sindicatodosbancarios.org.br\/site2022\/2018\/05\/08\/espaco-fogo-de-chao-na-arbanc-esta-concluido\/#respond\"]}]},{\"@type\":\"WebPage\",\"@id\":\"https:\/\/sindicatodosbancarios.org.br\/site2022\/2018\/05\/08\/espaco-fogo-de-chao-na-arbanc-esta-concluido\/\",\"url\":\"https:\/\/sindicatodosbancarios.org.br\/site2022\/2018\/05\/08\/espaco-fogo-de-chao-na-arbanc-esta-concluido\/\",\"name\":\"ESPA\u00c7O FOGO DE CH\u00c3O NA ARBANC EST\u00c1 CONCLU\u00cdDO - Sindicato dos Banc\u00e1rios de S\u00e3o Bento do Sul e Regi\u00e3o\",\"isPartOf\":{\"@id\":\"https:\/\/sindicatodosbancarios.org.br\/site2022\/#website\"},\"datePublished\":\"2018-05-08T13:36:40+00:00\",\"dateModified\":\"2018-05-08T13:36:40+00:00\",\"breadcrumb\":{\"@id\":\"https:\/\/sindicatodosbancarios.org.br\/site2022\/2018\/05\/08\/espaco-fogo-de-chao-na-arbanc-esta-concluido\/#breadcrumb\"},\"inLanguage\":\"pt-BR\",\"potentialAction\":[{\"@type\":\"ReadAction\",\"target\":[\"https:\/\/sindicatodosbancarios.org.br\/site2022\/2018\/05\/08\/espaco-fogo-de-chao-na-arbanc-esta-concluido\/\"]}]},{\"@type\":\"BreadcrumbList\",\"@id\":\"https:\/\/sindicatodosbancarios.org.br\/site2022\/2018\/05\/08\/espaco-fogo-de-chao-na-arbanc-esta-concluido\/#breadcrumb\",\"itemListElement\":[{\"@type\":\"ListItem\",\"position\":1,\"name\":\"In\u00edcio\",\"item\":\"https:\/\/sindicatodosbancarios.org.br\/site2022\/\"},{\"@type\":\"ListItem\",\"position\":2,\"name\":\"ESPA\u00c7O FOGO DE CH\u00c3O NA ARBANC EST\u00c1 CONCLU\u00cdDO\"}]},{\"@type\":\"WebSite\",\"@id\":\"https:\/\/sindicatodosbancarios.org.br\/site2022\/#website\",\"url\":\"https:\/\/sindicatodosbancarios.org.br\/site2022\/\",\"name\":\"Sindicato dos Banc\u00e1rios de S\u00e3o Bento do Sul e Regi\u00e3o\",\"description\":\"Website institucional do Sindicato dos Banc\u00e1rios de S\u00e3o Bento do Sul e Regi\u00e3o\",\"publisher\":{\"@id\":\"https:\/\/sindicatodosbancarios.org.br\/site2022\/#organization\"},\"potentialAction\":[{\"@type\":\"SearchAction\",\"target\":{\"@type\":\"EntryPoint\",\"urlTemplate\":\"https:\/\/sindicatodosbancarios.org.br\/site2022\/?s={search_term_string}\"},\"query-input\":\"required name=search_term_string\"}],\"inLanguage\":\"pt-BR\"},{\"@type\":\"Organization\",\"@id\":\"https:\/\/sindicatodosbancarios.org.br\/site2022\/#organization\",\"name\":\"Sindicato dos Banc\u00e1rios de S\u00e3o Bento do Sul e Regi\u00e3o\",\"url\":\"https:\/\/sindicatodosbancarios.org.br\/site2022\/\",\"logo\":{\"@type\":\"ImageObject\",\"inLanguage\":\"pt-BR\",\"@id\":\"https:\/\/sindicatodosbancarios.org.br\/site2022\/#\/schema\/logo\/image\/\",\"url\":\"https:\/\/sindicatodosbancarios.org.br\/site2022\/wp-content\/uploads\/2017\/06\/cropped-logo-2.png\",\"contentUrl\":\"https:\/\/sindicatodosbancarios.org.br\/site2022\/wp-content\/uploads\/2017\/06\/cropped-logo-2.png\",\"width\":292,\"height\":292,\"caption\":\"Sindicato dos Banc\u00e1rios de S\u00e3o Bento do Sul e Regi\u00e3o\"},\"image\":{\"@id\":\"https:\/\/sindicatodosbancarios.org.br\/site2022\/#\/schema\/logo\/image\/\"}},{\"@type\":\"Person\",\"@id\":\"https:\/\/sindicatodosbancarios.org.br\/site2022\/#\/schema\/person\/a7d92da77d1084df4d28b57962f1e1bd\",\"name\":\"Sindicato dos Banc\u00e1rios S\u00e3o Bento do Sul e Regi\u00e3o\",\"image\":{\"@type\":\"ImageObject\",\"inLanguage\":\"pt-BR\",\"@id\":\"https:\/\/sindicatodosbancarios.org.br\/site2022\/#\/schema\/person\/image\/\",\"url\":\"https:\/\/secure.gravatar.com\/avatar\/f1d1a06f698f2345352e539387180d42?s=96&d=mm&r=g\",\"contentUrl\":\"https:\/\/secure.gravatar.com\/avatar\/f1d1a06f698f2345352e539387180d42?s=96&d=mm&r=g\",\"caption\":\"Sindicato dos Banc\u00e1rios S\u00e3o Bento do Sul e Regi\u00e3o\"},\"sameAs\":[\"http:\/\/sindicatodosbancarios.org.br\/site2022\/\",\"https:\/\/www.facebook.com\/seeb.sbs.9\"],\"url\":\"https:\/\/sindicatodosbancarios.org.br\/site2022\/author\/sindicatodosbancarios\/\"}]}<\/script>\n<!-- \/ Yoast SEO plugin. -->","yoast_head_json":{"title":"ESPA\u00c7O FOGO DE CH\u00c3O NA ARBANC EST\u00c1 CONCLU\u00cdDO - Sindicato dos Banc\u00e1rios de S\u00e3o Bento do Sul e Regi\u00e3o","robots":{"index":"index","follow":"follow","max-snippet":"max-snippet:-1","max-image-preview":"max-image-preview:large","max-video-preview":"max-video-preview:-1"},"canonical":"https:\/\/sindicatodosbancarios.org.br\/site2022\/2018\/05\/08\/espaco-fogo-de-chao-na-arbanc-esta-concluido\/","og_locale":"pt_BR","og_type":"article","og_title":"ESPA\u00c7O FOGO DE CH\u00c3O NA ARBANC EST\u00c1 CONCLU\u00cdDO - Sindicato dos Banc\u00e1rios de S\u00e3o Bento do Sul e Regi\u00e3o","og_description":"&nbsp; Faltando pequenos detalhes o ESPA\u00c7O FOGO DE CH\u00c3O constru\u00eddo na ARBANC, em breve estar\u00e1 dispon\u00edvel para utiliza\u00e7\u00e3o [&hellip;]","og_url":"https:\/\/sindicatodosbancarios.org.br\/site2022\/2018\/05\/08\/espaco-fogo-de-chao-na-arbanc-esta-concluido\/","og_site_name":"Sindicato dos Banc\u00e1rios de S\u00e3o Bento do Sul e Regi\u00e3o","article_author":"https:\/\/www.facebook.com\/seeb.sbs.9","article_published_time":"2018-05-08T13:36:40+00:00","og_image":[{"width":4128,"height":2322,"url":"https:\/\/sindicatodosbancarios.org.br\/site2022\/wp-content\/uploads\/2017\/08\/20180505_152852.jpg","type":"image\/jpeg"}],"author":"Sindicato dos Banc\u00e1rios S\u00e3o Bento do Sul e Regi\u00e3o","twitter_card":"summary_large_image","twitter_misc":{"Escrito por":"Sindicato dos Banc\u00e1rios S\u00e3o Bento do Sul e Regi\u00e3o","Est. tempo de leitura":"1 minuto"},"schema":{"@context":"https:\/\/schema.org","@graph":[{"@type":"Article","@id":"https:\/\/sindicatodosbancarios.org.br\/site2022\/2018\/05\/08\/espaco-fogo-de-chao-na-arbanc-esta-concluido\/#article","isPartOf":{"@id":"https:\/\/sindicatodosbancarios.org.br\/site2022\/2018\/05\/08\/espaco-fogo-de-chao-na-arbanc-esta-concluido\/"},"author":{"name":"Sindicato dos Banc\u00e1rios S\u00e3o Bento do Sul e Regi\u00e3o","@id":"https:\/\/sindicatodosbancarios.org.br\/site2022\/#\/schema\/person\/a7d92da77d1084df4d28b57962f1e1bd"},"headline":"ESPA\u00c7O FOGO DE CH\u00c3O NA ARBANC EST\u00c1 CONCLU\u00cdDO","datePublished":"2018-05-08T13:36:40+00:00","dateModified":"2018-05-08T13:36:40+00:00","mainEntityOfPage":{"@id":"https:\/\/sindicatodosbancarios.org.br\/site2022\/2018\/05\/08\/espaco-fogo-de-chao-na-arbanc-esta-concluido\/"},"wordCount":169,"commentCount":0,"publisher":{"@id":"https:\/\/sindicatodosbancarios.org.br\/site2022\/#organization"},"articleSection":["Geral"],"inLanguage":"pt-BR","potentialAction":[{"@type":"CommentAction","name":"Comment","target":["https:\/\/sindicatodosbancarios.org.br\/site2022\/2018\/05\/08\/espaco-fogo-de-chao-na-arbanc-esta-concluido\/#respond"]}]},{"@type":"WebPage","@id":"https:\/\/sindicatodosbancarios.org.br\/site2022\/2018\/05\/08\/espaco-fogo-de-chao-na-arbanc-esta-concluido\/","url":"https:\/\/sindicatodosbancarios.org.br\/site2022\/2018\/05\/08\/espaco-fogo-de-chao-na-arbanc-esta-concluido\/","name":"ESPA\u00c7O FOGO DE CH\u00c3O NA ARBANC EST\u00c1 CONCLU\u00cdDO - Sindicato dos Banc\u00e1rios de S\u00e3o Bento do Sul e Regi\u00e3o","isPartOf":{"@id":"https:\/\/sindicatodosbancarios.org.br\/site2022\/#website"},"datePublished":"2018-05-08T13:36:40+00:00","dateModified":"2018-05-08T13:36:40+00:00","breadcrumb":{"@id":"https:\/\/sindicatodosbancarios.org.br\/site2022\/2018\/05\/08\/espaco-fogo-de-chao-na-arbanc-esta-concluido\/#breadcrumb"},"inLanguage":"pt-BR","potentialAction":[{"@type":"ReadAction","target":["https:\/\/sindicatodosbancarios.org.br\/site2022\/2018\/05\/08\/espaco-fogo-de-chao-na-arbanc-esta-concluido\/"]}]},{"@type":"BreadcrumbList","@id":"https:\/\/sindicatodosbancarios.org.br\/site2022\/2018\/05\/08\/espaco-fogo-de-chao-na-arbanc-esta-concluido\/#breadcrumb","itemListElement":[{"@type":"ListItem","position":1,"name":"In\u00edcio","item":"https:\/\/sindicatodosbancarios.org.br\/site2022\/"},{"@type":"ListItem","position":2,"name":"ESPA\u00c7O FOGO DE CH\u00c3O NA ARBANC EST\u00c1 CONCLU\u00cdDO"}]},{"@type":"WebSite","@id":"https:\/\/sindicatodosbancarios.org.br\/site2022\/#website","url":"https:\/\/sindicatodosbancarios.org.br\/site2022\/","name":"Sindicato dos Banc\u00e1rios de S\u00e3o Bento do Sul e Regi\u00e3o","description":"Website institucional do Sindicato dos Banc\u00e1rios de S\u00e3o Bento do Sul e Regi\u00e3o","publisher":{"@id":"https:\/\/sindicatodosbancarios.org.br\/site2022\/#organization"},"potentialAction":[{"@type":"SearchAction","target":{"@type":"EntryPoint","urlTemplate":"https:\/\/sindicatodosbancarios.org.br\/site2022\/?s={search_term_string}"},"query-input":"required name=search_term_string"}],"inLanguage":"pt-BR"},{"@type":"Organization","@id":"https:\/\/sindicatodosbancarios.org.br\/site2022\/#organization","name":"Sindicato dos Banc\u00e1rios de S\u00e3o Bento do Sul e Regi\u00e3o","url":"https:\/\/sindicatodosbancarios.org.br\/site2022\/","logo":{"@type":"ImageObject","inLanguage":"pt-BR","@id":"https:\/\/sindicatodosbancarios.org.br\/site2022\/#\/schema\/logo\/image\/","url":"https:\/\/sindicatodosbancarios.org.br\/site2022\/wp-content\/uploads\/2017\/06\/cropped-logo-2.png","contentUrl":"https:\/\/sindicatodosbancarios.org.br\/site2022\/wp-content\/uploads\/2017\/06\/cropped-logo-2.png","width":292,"height":292,"caption":"Sindicato dos Banc\u00e1rios de S\u00e3o Bento do Sul e Regi\u00e3o"},"image":{"@id":"https:\/\/sindicatodosbancarios.org.br\/site2022\/#\/schema\/logo\/image\/"}},{"@type":"Person","@id":"https:\/\/sindicatodosbancarios.org.br\/site2022\/#\/schema\/person\/a7d92da77d1084df4d28b57962f1e1bd","name":"Sindicato dos Banc\u00e1rios S\u00e3o Bento do Sul e Regi\u00e3o","image":{"@type":"ImageObject","inLanguage":"pt-BR","@id":"https:\/\/sindicatodosbancarios.org.br\/site2022\/#\/schema\/person\/image\/","url":"https:\/\/secure.gravatar.com\/avatar\/f1d1a06f698f2345352e539387180d42?s=96&d=mm&r=g","contentUrl":"https:\/\/secure.gravatar.com\/avatar\/f1d1a06f698f2345352e539387180d42?s=96&d=mm&r=g","caption":"Sindicato dos Banc\u00e1rios S\u00e3o Bento do Sul e Regi\u00e3o"},"sameAs":["http:\/\/sindicatodosbancarios.org.br\/site2022\/","https:\/\/www.facebook.com\/seeb.sbs.9"],"url":"https:\/\/sindicatodosbancarios.org.br\/site2022\/author\/sindicatodosbancarios\/"}]}},"jetpack_featured_media_url":"https:\/\/sindicatodosbancarios.org.br\/site2022\/wp-content\/uploads\/2017\/08\/20180505_152852.jpg","jetpack_sharing_enabled":true,"jetpack_shortlink":"https:\/\/wp.me\/p8RSbI-Ew","jetpack-related-posts":[{"id":5641,"url":"https:\/\/sindicatodosbancarios.org.br\/site2022\/2021\/08\/24\/informe-bancario-200-2021-renovacao-convenio-entre-sindicato-e-patanegra-cervejaria\/","url_meta":{"origin":2512,"position":0},"title":"INFORME BANC\u00c1RIO \u2013 200\/2021 &#8211; RENOVA\u00c7\u00c3O CONV\u00caNIO ENTRE SINDICATO E PATANEGRA CERVEJARIA","date":"24 de agosto de 2021","format":false,"excerpt":"O Sindicato dos Banc\u00e1rios de S\u00e3o Bento do Sul e Regi\u00e3o e PataNegra Cervejaria renovam seu conv\u00eanio por mais 3 (tr\u00eas) anos, parceria que come\u00e7ou em maio de 2019. A conceituada Cervejaria PataNegra de S\u00e3o Bento do Sul, com endere\u00e7o na Rodovia Deputado Gen\u00e9sio Tureck (Acesso Oeste), n\u00ba 1355 \u2013\u2026","rel":"","context":"Em &quot;Geral&quot;","img":{"alt_text":"","src":"https:\/\/i0.wp.com\/sindicatodosbancarios.org.br\/site2022\/wp-content\/uploads\/2021\/08\/brewpub-anexo-a-cervejaria.jpg?resize=350%2C200&ssl=1","width":350,"height":200},"classes":[]},{"id":5751,"url":"https:\/\/sindicatodosbancarios.org.br\/site2022\/2021\/10\/22\/informe-bancario-234-2021-pensao-por-morte-veja-quem-e-considerada-parente-para-receber-do-inss\/","url_meta":{"origin":2512,"position":1},"title":"INFORME BANC\u00c1RIO \u2013 234\/2021 Pens\u00e3o por morte: Veja quem \u00e9 considerada parente para receber do INSS","date":"22 de outubro de 2021","format":false,"excerpt":"Pens\u00e3o por morte: Veja quem \u00e9 considerada parente para receber do INSS Entenda quem pode receber o benef\u00edcio e quais os documentos que s\u00e3o necess\u00e1rios para comprovar o direito. A pens\u00e3o por morte do INSS \u00e9 um benef\u00edcio destinado aos dependentes do aposentado ou do trabalhador que faleceu mantendo a\u00a0condi\u00e7\u00e3o\u2026","rel":"","context":"Em &quot;Geral&quot;","img":{"alt_text":"","src":"https:\/\/i0.wp.com\/sindicatodosbancarios.org.br\/site2022\/wp-content\/uploads\/2021\/10\/inss-1-1200x675.png?resize=350%2C200&ssl=1","width":350,"height":200},"classes":[]},{"id":5819,"url":"https:\/\/sindicatodosbancarios.org.br\/site2022\/2021\/11\/17\/informe-bancario-248-2021-pensao-por-morte-saiba-quais-sao-as-regras-desse-beneficio-previdenciario\/","url_meta":{"origin":2512,"position":2},"title":"INFORME BANC\u00c1RIO \u2013 248\/2021 Pens\u00e3o por morte: Saiba quais s\u00e3o as regras desse benef\u00edcio previdenci\u00e1rio","date":"17 de novembro de 2021","format":false,"excerpt":"Alguns dependentes s\u00f3 podem garantir o benef\u00edcio quando n\u00e3o houver outro familiar com maior grau de prioridade. A\u00a0pens\u00e3o por morte\u00a0\u00e9 um benef\u00edcio assegurado pelo\u00a0INSS\u00a0aos dependentes do segurado falecido. O intuito \u00e9 substituir a aposentadoria do trabalhador ou o valor que ele teria direito no momento de seu falecimento e assim\u2026","rel":"","context":"Em &quot;Geral&quot;","img":{"alt_text":"","src":"https:\/\/i0.wp.com\/sindicatodosbancarios.org.br\/site2022\/wp-content\/uploads\/2021\/02\/ecv8by7wzopiiudr6exo2c0gh.jpg?resize=350%2C200&ssl=1","width":350,"height":200},"classes":[]},{"id":4472,"url":"https:\/\/sindicatodosbancarios.org.br\/site2022\/2020\/09\/10\/informe-bancario-339-2020-cassi-contec-e-entidades-integrantes-da-mesa-de-negociacao-lutam-para-reducao-dos-valores-atualmente-cobrados\/","url_meta":{"origin":2512,"position":3},"title":"INFORME BANC\u00c1RIO \u2013 339\/2020 Cassi \u2013 CONTEC e ENTIDADES INTEGRANTES DA MESA DE NEGOCIA\u00c7\u00c3O LUTAM PARA REDU\u00c7\u00c3O DOS VALORES ATUALMENTE COBRADOS","date":"10 de setembro de 2020","format":false,"excerpt":"_\u201c\u2026aprova, por maioria, a altera\u00e7\u00e3o do percentual de coparticipa\u00e7\u00e3o, at\u00e9 que haja implementa\u00e7\u00e3o efetiva de medidas com vistas ao equil\u00edbrio econ\u00f4mico-financeiro da CASSI\u201d. O trecho acima se refere \u00e0 decis\u00e3o do Conselho Deliberativo da Cassi sobre o aumento da coparticipa\u00e7\u00e3o a partir de janeiro de 2019. Nela, o colegiado demonstra\u2026","rel":"","context":"Em &quot;Caixa Econ\u00f4mica Federal&quot;","img":{"alt_text":"","src":"https:\/\/i0.wp.com\/sindicatodosbancarios.org.br\/site2022\/wp-content\/uploads\/2020\/08\/curiosidades-sobre-a-caixa-economica-federal-98.jpg?resize=350%2C200&ssl=1","width":350,"height":200},"classes":[]},{"id":4817,"url":"https:\/\/sindicatodosbancarios.org.br\/site2022\/2020\/11\/30\/informe-bancario-443-2020-testagem-do-covid-sera-ampliada-para-dependentes\/","url_meta":{"origin":2512,"position":4},"title":"INFORME BANC\u00c1RIO \u2013 443\/2020 Testagem do Covid ser\u00e1 ampliada para dependentes","date":"30 de novembro de 2020","format":false,"excerpt":"O Banco Bradesco comunicou \u00e0 Contec que vai oferecer testes do Covid para todos os participantes do Sa\u00fade Bradesco. Ou seja, al\u00e9m dos funcion\u00e1rios poder\u00e3o realizar a testagem os dependentes. Para isto, a partir da pr\u00f3xima segunda-feira (3), o banco vai estabelecer um calend\u00e1rio para distribuir o formato, locais e\u2026","rel":"","context":"Em &quot;Bradesco\/HSBC&quot;","img":{"alt_text":"","src":"https:\/\/i0.wp.com\/sindicatodosbancarios.org.br\/site2022\/wp-content\/uploads\/2020\/11\/bradesco.jpg?resize=350%2C200&ssl=1","width":350,"height":200},"classes":[]},{"id":5307,"url":"https:\/\/sindicatodosbancarios.org.br\/site2022\/2021\/04\/16\/informe-bancarios-98-2021-2-bilhoes-da-acao-ir-previ-nova-diretoria-da-anabb-vai-agilizar-liquidacao-dos-valores\/","url_meta":{"origin":2512,"position":5},"title":"INFORME BANC\u00c1RIOS \u2013 98\/2021 2 bilh\u00f5es da a\u00e7\u00e3o IR Previ: nova Diretoria da ANABB vai agilizar liquida\u00e7\u00e3o dos valores","date":"16 de abril de 2021","format":false,"excerpt":"A partir desta segunda feira, dia 12 de abril, os associados come\u00e7ar\u00e3o a receber e-mails com informa\u00e7\u00f5es referentes \u00e0 a\u00e7\u00e3o. Uma das primeiras a\u00e7\u00f5es da nova Diretoria Executiva da ANABB \u00e9 dar celeridade \u00e0 a\u00e7\u00e3o IR Previ e garantir que os associados recebam o montante aproximado de R$ 2 bilh\u00f5es\u2026","rel":"","context":"Em &quot;Geral&quot;","img":{"alt_text":"","src":"https:\/\/i0.wp.com\/sindicatodosbancarios.org.br\/site2022\/wp-content\/uploads\/2021\/04\/predioAnabb.jpg?resize=350%2C200&ssl=1","width":350,"height":200},"classes":[]}],"_links":{"self":[{"href":"https:\/\/sindicatodosbancarios.org.br\/site2022\/wp-json\/wp\/v2\/posts\/2512"}],"collection":[{"href":"https:\/\/sindicatodosbancarios.org.br\/site2022\/wp-json\/wp\/v2\/posts"}],"about":[{"href":"https:\/\/sindicatodosbancarios.org.br\/site2022\/wp-json\/wp\/v2\/types\/post"}],"author":[{"embeddable":true,"href":"https:\/\/sindicatodosbancarios.org.br\/site2022\/wp-json\/wp\/v2\/users\/2"}],"replies":[{"embeddable":true,"href":"https:\/\/sindicatodosbancarios.org.br\/site2022\/wp-json\/wp\/v2\/comments?post=2512"}],"version-history":[{"count":2,"href":"https:\/\/sindicatodosbancarios.org.br\/site2022\/wp-json\/wp\/v2\/posts\/2512\/revisions"}],"predecessor-version":[{"id":2514,"href":"https:\/\/sindicatodosbancarios.org.br\/site2022\/wp-json\/wp\/v2\/posts\/2512\/revisions\/2514"}],"wp:featuredmedia":[{"embeddable":true,"href":"https:\/\/sindicatodosbancarios.org.br\/site2022\/wp-json\/wp\/v2\/media\/2510"}],"wp:attachment":[{"href":"https:\/\/sindicatodosbancarios.org.br\/site2022\/wp-json\/wp\/v2\/media?parent=2512"}],"wp:term":[{"taxonomy":"category","embeddable":true,"href":"https:\/\/sindicatodosbancarios.org.br\/site2022\/wp-json\/wp\/v2\/categories?post=2512"},{"taxonomy":"post_tag","embeddable":true,"href":"https:\/\/sindicatodosbancarios.org.br\/site2022\/wp-json\/wp\/v2\/tags?post=2512"}],"curies":[{"name":"wp","href":"https:\/\/api.w.org\/{rel}","templated":true}]}}