{"id":2518,"date":"2018-05-14T13:13:51","date_gmt":"2018-05-14T16:13:51","guid":{"rendered":"http:\/\/sindicatodosbancarios.org.br\/?p=2518"},"modified":"2018-05-14T13:14:50","modified_gmt":"2018-05-14T16:14:50","slug":"informe-bancario-030-2018-licenca-paternidade-de-20-dias-necessita-participacao-do-bancario-em-atividade","status":"publish","type":"post","link":"https:\/\/sindicatodosbancarios.org.br\/site2022\/2018\/05\/14\/informe-bancario-030-2018-licenca-paternidade-de-20-dias-necessita-participacao-do-bancario-em-atividade\/","title":{"rendered":"INFORME BANC\u00c1RIO &#8211; 030 \/ 2018 &#8211; LICEN\u00c7A-PATERNIDADE DE 20 DIAS NECESSITA PARTICIPA\u00c7\u00c3O DO BANC\u00c1RIO EM ATIVIDADE"},"content":{"rendered":"<p>Os banc\u00e1rios conquistaram na CCT 2016-2018 direito \u00e0 licen\u00e7a-paternidade de 20 dias, um dos dispositivos da lei 13.257 que criou a Pol\u00edtica Nacional Integrada para a Primeira Inf\u00e2ncia, sancionada pela Presid\u00eancia da Rep\u00fablica em 08 de mar\u00e7o, Dia Internacional Da Mulher.<\/p>\n<p>Os bancos e outras institui\u00e7\u00f5es financeiras j\u00e1 fizeram a ades\u00e3o ao programa Empresa Cidad\u00e3, eles ter\u00e3o de conceder o direito a quem o solicitar a partir do pr\u00f3ximo ano. Mesmo em vigor, os efeitos da lei s\u00f3 valem a partir de janeiro de 2017, por envolver quest\u00f5es relativas \u00e0 ren\u00fancia fiscal.<\/p>\n<p>Solicita\u00e7\u00e3o: Para solicitar a licen\u00e7a-paternidade de 20 dias, o banc\u00e1rio ter\u00e1 de fazer requisi\u00e7\u00e3o por escrito em at\u00e9 dois dias \u00fateis ap\u00f3s o parto, apresentando documento que comprove participa\u00e7\u00e3o em programa ou atividade de orienta\u00e7\u00e3o sobre paternidade respons\u00e1vel.<\/p>\n<p>Programa de orienta\u00e7\u00e3o: De acordo com pesquisa realizada, existe um curso online oferecido pelo site AVASUS (Ambiente Virtual de Aprendizagem do SUS), chamado Promo\u00e7\u00e3o do Envolvimento dos Homens na Paternidade e no Cuidado que \u00e9 reconhecido pelo Minist\u00e9rio da Sa\u00fade. Com carga hor\u00e1ria de 60h, o m\u00f3dulo tem como objetivo discutir quest\u00f5es relacionadas ao Exerc\u00edcio da Paternidade e do Cuidado como G\u00eanero, Sexualidade, Diversidade Sexual, Masculinidades e Viol\u00eancia, com foco na \u00e1rea da Sa\u00fade. A ideia \u00e9 que voc\u00ea possa entrar em contato com alguns conceitos e debates que contribuam para sua pr\u00e1tica nos servi\u00e7os de sa\u00fade e que ajudem voc\u00ea a olhar para seu cotidiano com aten\u00e7\u00e3o especial para envolver homens nas pr\u00e1ticas de sa\u00fade e de cuidado.<\/p>\n<p>Para fazer a inscri\u00e7\u00e3o acesse o link: (https:\/\/avasus.ufrn.br\/local\/avasplugin\/cursos\/curso.php?id=77). Certifica\u00e7\u00e3o ap\u00f3s 30 dias do t\u00e9rmino do curso. Outras op\u00e7\u00f5es tamb\u00e9m est\u00e3o sendo avaliadas pela Entidade Sindical.<\/p>\n<p>MINIST\u00c9RIO DA SA\u00daDE E AVASUS LAN\u00c7AM CURSO VOLTADO \u00c1 PETERNIDADE.<\/p>\n<p>No M\u00eas de Valoriza\u00e7\u00e3o da Paternidade, o AVASUS (Ambiente Virtual de Aprendizagem do SUS), em parceria com a Coordena\u00e7\u00e3o Nacional de Sa\u00fade do Homem do Minist\u00e9rio da Sa\u00fade (MS) lan\u00e7a o curso \u201cPai Presente &#8211; cuidado e compromisso\u201d, que busca incentivar a paternidade ativa e consciente e promover impactos positivos para o desenvolvimento das crian\u00e7as e para a igualdade de g\u00eanero.<\/p>\n<p>O curso \u00e9 totalmente gratuito, \u00e0 dist\u00e2ncia, e fica dispon\u00edvel em per\u00edodo integral, sem previs\u00e3o de encerramento, o que facilita a ades\u00e3o por parte dos pais interessados. A capacita\u00e7\u00e3o \u00e9 uma oportunidade para que os pais se envolvam mais no processo de cuidado que envolve a paternidade.<\/p>\n<p>As aulas foram pensadas para atender \u00e0 crescente demanda de pais ou futuros pais sobre como se envolver em todo o processo de planejamento reprodutivo, pr\u00e9-natal, parto e p\u00f3s-parto da parceira e nos cuidados de desenvolvimento da crian\u00e7a. O pai tamb\u00e9m pode procurar o curso para obter informa\u00e7\u00e3o sobre seus direitos e import\u00e2ncia do v\u00ednculo entre pai, m\u00e3e e filho, por exemplo.<\/p>\n<p>Os m\u00f3dulos do curso s\u00e3o: Unidade 01: Apresenta\u00e7\u00e3o; Unidade 02: O que \u00e9 exercer uma paternidade ativa e consciente; Unidade 03: Homens morrem mais do que mulheres; Unidade 04: A pol\u00edtica do homem e a paternidade; Unidade 05: Lei do acompanhante; Unidade 06: Licen\u00e7a Paternidade; Unidade 07: Envolvimento dos pais frente ao zika v\u00edrus e \u00e0 microcefalia; Unidade 08: Pai presente \u00e9 pai informado: Unidade 09: Encerramento, proposta de reflex\u00e3o e avalia\u00e7\u00e3o.<\/p>\n<p>Licen\u00e7a Paternidade: A Lei n\u00b0 13.257\/16 institui que pode haver amplia\u00e7\u00e3o da licen\u00e7a paternidade para os funcion\u00e1rios das empresas cidad\u00e3s em 15 dias a mais do que os 05 j\u00e1 garantidos pela Constitui\u00e7\u00e3o. Entretanto, a solicita\u00e7\u00e3o s\u00f3 pode ser feita se requerida no prazo de dois dias \u00fateis ap\u00f3s o parto e o funcion\u00e1rio comprove participa\u00e7\u00e3o em programa ou atividade de orienta\u00e7\u00e3o sobre paternidade respons\u00e1vel.<\/p>\n<p>O certificado do curso \u201cPai Presente \u2013 cuidado e compromisso\u201d, apesar de n\u00e3o ter sido criado para esse fim, pode ser utilizado para comprovar orienta\u00e7\u00e3o sobre paternidade respons\u00e1vel para o pedido de extens\u00e3o da licen\u00e7a. Informa\u00e7\u00f5es no Blog Da Sa\u00fade \u2013 Minist\u00e9rio da Sa\u00fade, acesso \u00e1 est\u00e1 mat\u00e9ria no link: (http:\/\/www.blog.saude.gov.br\/index.php\/cursos-e-eventos\/51522-ms-e-avasus-lancam-curso-voltado-a-paternidade)<\/p>\n<p><span style=\"font-size: 8pt;\">FONTE: SEEB JGS E REGI\u00c3O SC<\/span><\/p>\n","protected":false},"excerpt":{"rendered":"<p>Os banc\u00e1rios conquistaram na CCT 2016-2018 direito \u00e0 licen\u00e7a-paternidade de 20 dias, um dos dispositivos da lei 13.257 [&hellip;]<\/p>\n","protected":false},"author":2,"featured_media":0,"comment_status":"open","ping_status":"open","sticky":false,"template":"","format":"standard","meta":{"jetpack_post_was_ever_published":false,"jetpack_publicize_message":"","jetpack_is_tweetstorm":false,"jetpack_publicize_feature_enabled":true,"jetpack_social_post_already_shared":true,"jetpack_social_options":[]},"categories":[1],"tags":[],"jetpack_publicize_connections":[],"acf":[],"yoast_head":"<!-- This site is optimized with the Yoast SEO plugin v19.14 - https:\/\/yoast.com\/wordpress\/plugins\/seo\/ -->\n<title>INFORME BANC\u00c1RIO - 030 \/ 2018 - LICEN\u00c7A-PATERNIDADE DE 20 DIAS NECESSITA PARTICIPA\u00c7\u00c3O DO BANC\u00c1RIO EM ATIVIDADE - Sindicato dos Banc\u00e1rios de S\u00e3o Bento do Sul e Regi\u00e3o<\/title>\n<meta name=\"robots\" content=\"index, follow, max-snippet:-1, max-image-preview:large, max-video-preview:-1\" \/>\n<link rel=\"canonical\" href=\"https:\/\/sindicatodosbancarios.org.br\/site2022\/2018\/05\/14\/informe-bancario-030-2018-licenca-paternidade-de-20-dias-necessita-participacao-do-bancario-em-atividade\/\" \/>\n<meta property=\"og:locale\" content=\"pt_BR\" \/>\n<meta property=\"og:type\" content=\"article\" \/>\n<meta property=\"og:title\" content=\"INFORME BANC\u00c1RIO - 030 \/ 2018 - LICEN\u00c7A-PATERNIDADE DE 20 DIAS NECESSITA PARTICIPA\u00c7\u00c3O DO BANC\u00c1RIO EM ATIVIDADE - Sindicato dos Banc\u00e1rios de S\u00e3o Bento do Sul e Regi\u00e3o\" \/>\n<meta property=\"og:description\" content=\"Os banc\u00e1rios conquistaram na CCT 2016-2018 direito \u00e0 licen\u00e7a-paternidade de 20 dias, um dos dispositivos da lei 13.257 [&hellip;]\" \/>\n<meta property=\"og:url\" content=\"https:\/\/sindicatodosbancarios.org.br\/site2022\/2018\/05\/14\/informe-bancario-030-2018-licenca-paternidade-de-20-dias-necessita-participacao-do-bancario-em-atividade\/\" \/>\n<meta property=\"og:site_name\" content=\"Sindicato dos Banc\u00e1rios de S\u00e3o Bento do Sul e Regi\u00e3o\" \/>\n<meta property=\"article:author\" content=\"https:\/\/www.facebook.com\/seeb.sbs.9\" \/>\n<meta property=\"article:published_time\" content=\"2018-05-14T16:13:51+00:00\" \/>\n<meta property=\"article:modified_time\" content=\"2018-05-14T16:14:50+00:00\" \/>\n<meta name=\"author\" content=\"Sindicato dos Banc\u00e1rios S\u00e3o Bento do Sul e Regi\u00e3o\" \/>\n<meta name=\"twitter:card\" content=\"summary_large_image\" \/>\n<meta name=\"twitter:label1\" content=\"Escrito por\" \/>\n\t<meta name=\"twitter:data1\" content=\"Sindicato dos Banc\u00e1rios S\u00e3o Bento do Sul e Regi\u00e3o\" \/>\n\t<meta name=\"twitter:label2\" content=\"Est. tempo de leitura\" \/>\n\t<meta name=\"twitter:data2\" content=\"4 minutos\" \/>\n<script type=\"application\/ld+json\" class=\"yoast-schema-graph\">{\"@context\":\"https:\/\/schema.org\",\"@graph\":[{\"@type\":\"Article\",\"@id\":\"https:\/\/sindicatodosbancarios.org.br\/site2022\/2018\/05\/14\/informe-bancario-030-2018-licenca-paternidade-de-20-dias-necessita-participacao-do-bancario-em-atividade\/#article\",\"isPartOf\":{\"@id\":\"https:\/\/sindicatodosbancarios.org.br\/site2022\/2018\/05\/14\/informe-bancario-030-2018-licenca-paternidade-de-20-dias-necessita-participacao-do-bancario-em-atividade\/\"},\"author\":{\"name\":\"Sindicato dos Banc\u00e1rios S\u00e3o Bento do Sul e Regi\u00e3o\",\"@id\":\"https:\/\/sindicatodosbancarios.org.br\/site2022\/#\/schema\/person\/a7d92da77d1084df4d28b57962f1e1bd\"},\"headline\":\"INFORME BANC\u00c1RIO &#8211; 030 \/ 2018 &#8211; LICEN\u00c7A-PATERNIDADE DE 20 DIAS NECESSITA PARTICIPA\u00c7\u00c3O DO BANC\u00c1RIO EM ATIVIDADE\",\"datePublished\":\"2018-05-14T16:13:51+00:00\",\"dateModified\":\"2018-05-14T16:14:50+00:00\",\"mainEntityOfPage\":{\"@id\":\"https:\/\/sindicatodosbancarios.org.br\/site2022\/2018\/05\/14\/informe-bancario-030-2018-licenca-paternidade-de-20-dias-necessita-participacao-do-bancario-em-atividade\/\"},\"wordCount\":752,\"commentCount\":0,\"publisher\":{\"@id\":\"https:\/\/sindicatodosbancarios.org.br\/site2022\/#organization\"},\"articleSection\":[\"Geral\"],\"inLanguage\":\"pt-BR\",\"potentialAction\":[{\"@type\":\"CommentAction\",\"name\":\"Comment\",\"target\":[\"https:\/\/sindicatodosbancarios.org.br\/site2022\/2018\/05\/14\/informe-bancario-030-2018-licenca-paternidade-de-20-dias-necessita-participacao-do-bancario-em-atividade\/#respond\"]}]},{\"@type\":\"WebPage\",\"@id\":\"https:\/\/sindicatodosbancarios.org.br\/site2022\/2018\/05\/14\/informe-bancario-030-2018-licenca-paternidade-de-20-dias-necessita-participacao-do-bancario-em-atividade\/\",\"url\":\"https:\/\/sindicatodosbancarios.org.br\/site2022\/2018\/05\/14\/informe-bancario-030-2018-licenca-paternidade-de-20-dias-necessita-participacao-do-bancario-em-atividade\/\",\"name\":\"INFORME BANC\u00c1RIO - 030 \/ 2018 - LICEN\u00c7A-PATERNIDADE DE 20 DIAS NECESSITA PARTICIPA\u00c7\u00c3O DO BANC\u00c1RIO EM ATIVIDADE - Sindicato dos Banc\u00e1rios de S\u00e3o Bento do Sul e Regi\u00e3o\",\"isPartOf\":{\"@id\":\"https:\/\/sindicatodosbancarios.org.br\/site2022\/#website\"},\"datePublished\":\"2018-05-14T16:13:51+00:00\",\"dateModified\":\"2018-05-14T16:14:50+00:00\",\"breadcrumb\":{\"@id\":\"https:\/\/sindicatodosbancarios.org.br\/site2022\/2018\/05\/14\/informe-bancario-030-2018-licenca-paternidade-de-20-dias-necessita-participacao-do-bancario-em-atividade\/#breadcrumb\"},\"inLanguage\":\"pt-BR\",\"potentialAction\":[{\"@type\":\"ReadAction\",\"target\":[\"https:\/\/sindicatodosbancarios.org.br\/site2022\/2018\/05\/14\/informe-bancario-030-2018-licenca-paternidade-de-20-dias-necessita-participacao-do-bancario-em-atividade\/\"]}]},{\"@type\":\"BreadcrumbList\",\"@id\":\"https:\/\/sindicatodosbancarios.org.br\/site2022\/2018\/05\/14\/informe-bancario-030-2018-licenca-paternidade-de-20-dias-necessita-participacao-do-bancario-em-atividade\/#breadcrumb\",\"itemListElement\":[{\"@type\":\"ListItem\",\"position\":1,\"name\":\"In\u00edcio\",\"item\":\"https:\/\/sindicatodosbancarios.org.br\/site2022\/\"},{\"@type\":\"ListItem\",\"position\":2,\"name\":\"INFORME BANC\u00c1RIO &#8211; 030 \/ 2018 &#8211; LICEN\u00c7A-PATERNIDADE DE 20 DIAS NECESSITA PARTICIPA\u00c7\u00c3O DO BANC\u00c1RIO EM ATIVIDADE\"}]},{\"@type\":\"WebSite\",\"@id\":\"https:\/\/sindicatodosbancarios.org.br\/site2022\/#website\",\"url\":\"https:\/\/sindicatodosbancarios.org.br\/site2022\/\",\"name\":\"Sindicato dos Banc\u00e1rios de S\u00e3o Bento do Sul e Regi\u00e3o\",\"description\":\"Website institucional do Sindicato dos Banc\u00e1rios de S\u00e3o Bento do Sul e Regi\u00e3o\",\"publisher\":{\"@id\":\"https:\/\/sindicatodosbancarios.org.br\/site2022\/#organization\"},\"potentialAction\":[{\"@type\":\"SearchAction\",\"target\":{\"@type\":\"EntryPoint\",\"urlTemplate\":\"https:\/\/sindicatodosbancarios.org.br\/site2022\/?s={search_term_string}\"},\"query-input\":\"required name=search_term_string\"}],\"inLanguage\":\"pt-BR\"},{\"@type\":\"Organization\",\"@id\":\"https:\/\/sindicatodosbancarios.org.br\/site2022\/#organization\",\"name\":\"Sindicato dos Banc\u00e1rios de S\u00e3o Bento do Sul e Regi\u00e3o\",\"url\":\"https:\/\/sindicatodosbancarios.org.br\/site2022\/\",\"logo\":{\"@type\":\"ImageObject\",\"inLanguage\":\"pt-BR\",\"@id\":\"https:\/\/sindicatodosbancarios.org.br\/site2022\/#\/schema\/logo\/image\/\",\"url\":\"https:\/\/sindicatodosbancarios.org.br\/site2022\/wp-content\/uploads\/2017\/06\/cropped-logo-2.png\",\"contentUrl\":\"https:\/\/sindicatodosbancarios.org.br\/site2022\/wp-content\/uploads\/2017\/06\/cropped-logo-2.png\",\"width\":292,\"height\":292,\"caption\":\"Sindicato dos Banc\u00e1rios de S\u00e3o Bento do Sul e Regi\u00e3o\"},\"image\":{\"@id\":\"https:\/\/sindicatodosbancarios.org.br\/site2022\/#\/schema\/logo\/image\/\"}},{\"@type\":\"Person\",\"@id\":\"https:\/\/sindicatodosbancarios.org.br\/site2022\/#\/schema\/person\/a7d92da77d1084df4d28b57962f1e1bd\",\"name\":\"Sindicato dos Banc\u00e1rios S\u00e3o Bento do Sul e Regi\u00e3o\",\"image\":{\"@type\":\"ImageObject\",\"inLanguage\":\"pt-BR\",\"@id\":\"https:\/\/sindicatodosbancarios.org.br\/site2022\/#\/schema\/person\/image\/\",\"url\":\"https:\/\/secure.gravatar.com\/avatar\/f1d1a06f698f2345352e539387180d42?s=96&d=mm&r=g\",\"contentUrl\":\"https:\/\/secure.gravatar.com\/avatar\/f1d1a06f698f2345352e539387180d42?s=96&d=mm&r=g\",\"caption\":\"Sindicato dos Banc\u00e1rios S\u00e3o Bento do Sul e Regi\u00e3o\"},\"sameAs\":[\"http:\/\/sindicatodosbancarios.org.br\/site2022\/\",\"https:\/\/www.facebook.com\/seeb.sbs.9\"],\"url\":\"https:\/\/sindicatodosbancarios.org.br\/site2022\/author\/sindicatodosbancarios\/\"}]}<\/script>\n<!-- \/ Yoast SEO plugin. -->","yoast_head_json":{"title":"INFORME BANC\u00c1RIO - 030 \/ 2018 - LICEN\u00c7A-PATERNIDADE DE 20 DIAS NECESSITA PARTICIPA\u00c7\u00c3O DO BANC\u00c1RIO EM ATIVIDADE - Sindicato dos Banc\u00e1rios de S\u00e3o Bento do Sul e Regi\u00e3o","robots":{"index":"index","follow":"follow","max-snippet":"max-snippet:-1","max-image-preview":"max-image-preview:large","max-video-preview":"max-video-preview:-1"},"canonical":"https:\/\/sindicatodosbancarios.org.br\/site2022\/2018\/05\/14\/informe-bancario-030-2018-licenca-paternidade-de-20-dias-necessita-participacao-do-bancario-em-atividade\/","og_locale":"pt_BR","og_type":"article","og_title":"INFORME BANC\u00c1RIO - 030 \/ 2018 - LICEN\u00c7A-PATERNIDADE DE 20 DIAS NECESSITA PARTICIPA\u00c7\u00c3O DO BANC\u00c1RIO EM ATIVIDADE - Sindicato dos Banc\u00e1rios de S\u00e3o Bento do Sul e Regi\u00e3o","og_description":"Os banc\u00e1rios conquistaram na CCT 2016-2018 direito \u00e0 licen\u00e7a-paternidade de 20 dias, um dos dispositivos da lei 13.257 [&hellip;]","og_url":"https:\/\/sindicatodosbancarios.org.br\/site2022\/2018\/05\/14\/informe-bancario-030-2018-licenca-paternidade-de-20-dias-necessita-participacao-do-bancario-em-atividade\/","og_site_name":"Sindicato dos Banc\u00e1rios de S\u00e3o Bento do Sul e Regi\u00e3o","article_author":"https:\/\/www.facebook.com\/seeb.sbs.9","article_published_time":"2018-05-14T16:13:51+00:00","article_modified_time":"2018-05-14T16:14:50+00:00","author":"Sindicato dos Banc\u00e1rios S\u00e3o Bento do Sul e Regi\u00e3o","twitter_card":"summary_large_image","twitter_misc":{"Escrito por":"Sindicato dos Banc\u00e1rios S\u00e3o Bento do Sul e Regi\u00e3o","Est. tempo de leitura":"4 minutos"},"schema":{"@context":"https:\/\/schema.org","@graph":[{"@type":"Article","@id":"https:\/\/sindicatodosbancarios.org.br\/site2022\/2018\/05\/14\/informe-bancario-030-2018-licenca-paternidade-de-20-dias-necessita-participacao-do-bancario-em-atividade\/#article","isPartOf":{"@id":"https:\/\/sindicatodosbancarios.org.br\/site2022\/2018\/05\/14\/informe-bancario-030-2018-licenca-paternidade-de-20-dias-necessita-participacao-do-bancario-em-atividade\/"},"author":{"name":"Sindicato dos Banc\u00e1rios S\u00e3o Bento do Sul e Regi\u00e3o","@id":"https:\/\/sindicatodosbancarios.org.br\/site2022\/#\/schema\/person\/a7d92da77d1084df4d28b57962f1e1bd"},"headline":"INFORME BANC\u00c1RIO &#8211; 030 \/ 2018 &#8211; LICEN\u00c7A-PATERNIDADE DE 20 DIAS NECESSITA PARTICIPA\u00c7\u00c3O DO BANC\u00c1RIO EM ATIVIDADE","datePublished":"2018-05-14T16:13:51+00:00","dateModified":"2018-05-14T16:14:50+00:00","mainEntityOfPage":{"@id":"https:\/\/sindicatodosbancarios.org.br\/site2022\/2018\/05\/14\/informe-bancario-030-2018-licenca-paternidade-de-20-dias-necessita-participacao-do-bancario-em-atividade\/"},"wordCount":752,"commentCount":0,"publisher":{"@id":"https:\/\/sindicatodosbancarios.org.br\/site2022\/#organization"},"articleSection":["Geral"],"inLanguage":"pt-BR","potentialAction":[{"@type":"CommentAction","name":"Comment","target":["https:\/\/sindicatodosbancarios.org.br\/site2022\/2018\/05\/14\/informe-bancario-030-2018-licenca-paternidade-de-20-dias-necessita-participacao-do-bancario-em-atividade\/#respond"]}]},{"@type":"WebPage","@id":"https:\/\/sindicatodosbancarios.org.br\/site2022\/2018\/05\/14\/informe-bancario-030-2018-licenca-paternidade-de-20-dias-necessita-participacao-do-bancario-em-atividade\/","url":"https:\/\/sindicatodosbancarios.org.br\/site2022\/2018\/05\/14\/informe-bancario-030-2018-licenca-paternidade-de-20-dias-necessita-participacao-do-bancario-em-atividade\/","name":"INFORME BANC\u00c1RIO - 030 \/ 2018 - LICEN\u00c7A-PATERNIDADE DE 20 DIAS NECESSITA PARTICIPA\u00c7\u00c3O DO BANC\u00c1RIO EM ATIVIDADE - Sindicato dos Banc\u00e1rios de S\u00e3o Bento do Sul e Regi\u00e3o","isPartOf":{"@id":"https:\/\/sindicatodosbancarios.org.br\/site2022\/#website"},"datePublished":"2018-05-14T16:13:51+00:00","dateModified":"2018-05-14T16:14:50+00:00","breadcrumb":{"@id":"https:\/\/sindicatodosbancarios.org.br\/site2022\/2018\/05\/14\/informe-bancario-030-2018-licenca-paternidade-de-20-dias-necessita-participacao-do-bancario-em-atividade\/#breadcrumb"},"inLanguage":"pt-BR","potentialAction":[{"@type":"ReadAction","target":["https:\/\/sindicatodosbancarios.org.br\/site2022\/2018\/05\/14\/informe-bancario-030-2018-licenca-paternidade-de-20-dias-necessita-participacao-do-bancario-em-atividade\/"]}]},{"@type":"BreadcrumbList","@id":"https:\/\/sindicatodosbancarios.org.br\/site2022\/2018\/05\/14\/informe-bancario-030-2018-licenca-paternidade-de-20-dias-necessita-participacao-do-bancario-em-atividade\/#breadcrumb","itemListElement":[{"@type":"ListItem","position":1,"name":"In\u00edcio","item":"https:\/\/sindicatodosbancarios.org.br\/site2022\/"},{"@type":"ListItem","position":2,"name":"INFORME BANC\u00c1RIO &#8211; 030 \/ 2018 &#8211; LICEN\u00c7A-PATERNIDADE DE 20 DIAS NECESSITA PARTICIPA\u00c7\u00c3O DO BANC\u00c1RIO EM ATIVIDADE"}]},{"@type":"WebSite","@id":"https:\/\/sindicatodosbancarios.org.br\/site2022\/#website","url":"https:\/\/sindicatodosbancarios.org.br\/site2022\/","name":"Sindicato dos Banc\u00e1rios de S\u00e3o Bento do Sul e Regi\u00e3o","description":"Website institucional do Sindicato dos Banc\u00e1rios de S\u00e3o Bento do Sul e Regi\u00e3o","publisher":{"@id":"https:\/\/sindicatodosbancarios.org.br\/site2022\/#organization"},"potentialAction":[{"@type":"SearchAction","target":{"@type":"EntryPoint","urlTemplate":"https:\/\/sindicatodosbancarios.org.br\/site2022\/?s={search_term_string}"},"query-input":"required name=search_term_string"}],"inLanguage":"pt-BR"},{"@type":"Organization","@id":"https:\/\/sindicatodosbancarios.org.br\/site2022\/#organization","name":"Sindicato dos Banc\u00e1rios de S\u00e3o Bento do Sul e Regi\u00e3o","url":"https:\/\/sindicatodosbancarios.org.br\/site2022\/","logo":{"@type":"ImageObject","inLanguage":"pt-BR","@id":"https:\/\/sindicatodosbancarios.org.br\/site2022\/#\/schema\/logo\/image\/","url":"https:\/\/sindicatodosbancarios.org.br\/site2022\/wp-content\/uploads\/2017\/06\/cropped-logo-2.png","contentUrl":"https:\/\/sindicatodosbancarios.org.br\/site2022\/wp-content\/uploads\/2017\/06\/cropped-logo-2.png","width":292,"height":292,"caption":"Sindicato dos Banc\u00e1rios de S\u00e3o Bento do Sul e Regi\u00e3o"},"image":{"@id":"https:\/\/sindicatodosbancarios.org.br\/site2022\/#\/schema\/logo\/image\/"}},{"@type":"Person","@id":"https:\/\/sindicatodosbancarios.org.br\/site2022\/#\/schema\/person\/a7d92da77d1084df4d28b57962f1e1bd","name":"Sindicato dos Banc\u00e1rios S\u00e3o Bento do Sul e Regi\u00e3o","image":{"@type":"ImageObject","inLanguage":"pt-BR","@id":"https:\/\/sindicatodosbancarios.org.br\/site2022\/#\/schema\/person\/image\/","url":"https:\/\/secure.gravatar.com\/avatar\/f1d1a06f698f2345352e539387180d42?s=96&d=mm&r=g","contentUrl":"https:\/\/secure.gravatar.com\/avatar\/f1d1a06f698f2345352e539387180d42?s=96&d=mm&r=g","caption":"Sindicato dos Banc\u00e1rios S\u00e3o Bento do Sul e Regi\u00e3o"},"sameAs":["http:\/\/sindicatodosbancarios.org.br\/site2022\/","https:\/\/www.facebook.com\/seeb.sbs.9"],"url":"https:\/\/sindicatodosbancarios.org.br\/site2022\/author\/sindicatodosbancarios\/"}]}},"jetpack_featured_media_url":"","jetpack_sharing_enabled":true,"jetpack_shortlink":"https:\/\/wp.me\/p8RSbI-EC","jetpack-related-posts":[{"id":4269,"url":"https:\/\/sindicatodosbancarios.org.br\/site2022\/2020\/08\/13\/informe-bancario-294-2020-banco-do-brasil-s-a-campanha-salarial-2020\/","url_meta":{"origin":2518,"position":0},"title":"INFORME BANC\u00c1RIO \u2013 294\/2020 BANCO DO BRASIL S.A. \u2013 Campanha salarial 2020","date":"13 de agosto de 2020","format":false,"excerpt":"Com a participa\u00e7\u00e3o de representantes de todas as Federa\u00e7\u00f5es de banc\u00e1rios filiadas, a partir das 10 horas desta quarta-feira (12), a Comiss\u00e3o de Negocia\u00e7\u00e3o da\u00a0CONTEC\u00a0realizou \u2013 via remota\/virtual \u2013, a terceira reuni\u00e3o desta campanha salarial com a Comiss\u00e3o de Negocia\u00e7\u00e3o do\u00a0Banco do Brasil,\u00a0para continuidade dos debates das reivindica\u00e7\u00f5es dos funcion\u00e1rios,\u2026","rel":"","context":"Em &quot;Banco do Brasil&quot;","img":{"alt_text":"","src":"https:\/\/i0.wp.com\/sindicatodosbancarios.org.br\/site2022\/wp-content\/uploads\/2020\/07\/noticias_1553717272.jpg?resize=350%2C200&ssl=1","width":350,"height":200},"classes":[]},{"id":5647,"url":"https:\/\/sindicatodosbancarios.org.br\/site2022\/2021\/08\/28\/informe-bancario-202-2021-bancarios-vao-comemorar-seu-dia-28-de-agosto-com-todos-seus-direitos\/","url_meta":{"origin":2518,"position":1},"title":"INFORME BANC\u00c1RIO \u2013 202\/2021 BANC\u00c1RIOS V\u00c3O COMEMORAR SEU DIA 28 DE AGOSTO COM TODOS SEUS DIREITOS!","date":"28 de agosto de 2021","format":false,"excerpt":"Direitos foram preservados at\u00e9 2022 e aumento com 100% do INPC + 0,5% acima da infla\u00e7\u00e3o. Algumas categorias somente conseguiram o INPC e outras tiveram seus direitos retirados Mais um dia 28 de agosto em que a categoria banc\u00e1ria celebra seu dia com conquistas e vit\u00f3rias. A campanha salarial 2020\u2026","rel":"","context":"Em &quot;Geral&quot;","img":{"alt_text":"","src":"https:\/\/i0.wp.com\/sindicatodosbancarios.org.br\/site2022\/wp-content\/uploads\/2021\/08\/dia-bancario-2016-1-8539-980x500m0.jpg?resize=350%2C200&ssl=1","width":350,"height":200},"classes":[]},{"id":5103,"url":"https:\/\/sindicatodosbancarios.org.br\/site2022\/2021\/02\/03\/informe-bancario-42-2021-santander-2a-parcela-da-plr-confirmada-saiba-quanto-vem-e-tire-duvidas\/","url_meta":{"origin":2518,"position":2},"title":"INFORME BANC\u00c1RIO \u2013 42\/2021 SANTANDER: 2\u00aa PARCELA DA PLR CONFIRMADA. SAIBA QUANTO VEM E TIRE D\u00daVIDAS","date":"3 de fevereiro de 2021","format":false,"excerpt":"Prazo previsto na CCT para pagamento \u00e9 primeiro de Mar\u00e7o 2021, mas Banco costuma realizar o cr\u00e9dito junto com os sal\u00e1rios, que ser\u00e3o pagos no dia 26\/02\/2021. Tamb\u00e9m ser\u00e3o creditados o PPRS e a vari\u00e1vel (PPE), para quem for eleg\u00edvel Com a divulga\u00e7\u00e3o do balan\u00e7o do quarto trimestre, o pagamento\u2026","rel":"","context":"Em &quot;Geral&quot;","img":{"alt_text":"","src":"https:\/\/i0.wp.com\/sindicatodosbancarios.org.br\/site2022\/wp-content\/uploads\/2021\/02\/tim.jpg?resize=350%2C200&ssl=1","width":350,"height":200},"classes":[]},{"id":4679,"url":"https:\/\/sindicatodosbancarios.org.br\/site2022\/2020\/10\/23\/informe-bancario-402-2020-demissoes-bancario-leia-todos-os-casos-sobre-sua-estabilidade-e-previna-se\/","url_meta":{"origin":2518,"position":3},"title":"INFORME BANC\u00c1RIO \u2013 402\/2020 DEMISS\u00d5ES: BANC\u00c1RIO LEIA TODOS OS CASOS SOBRE SUA ESTABILIDADE E PREVINA-SE","date":"23 de outubro de 2020","format":false,"excerpt":"O Bradesco, Ita\u00fa e Santander iniciaram demiss\u00f5es em massa durante a pandemia de Covid-19, veja e previna-se lendo os casos em que ter\u00e3o estabilidade, conquistada pelo movimento sindical contida na Cl\u00e1usula 27 da Conven\u00e7\u00e3o Coletiva de Trabalho. Muitos banc\u00e1rios e banc\u00e1rias est\u00e3o sendo demitidos em plena Pandemia do novo coronav\u00edrus\u2026","rel":"","context":"Em &quot;Bradesco\/HSBC&quot;","img":{"alt_text":"","src":"https:\/\/i0.wp.com\/sindicatodosbancarios.org.br\/site2022\/wp-content\/uploads\/2020\/10\/demissoes-e1490916088944.png?resize=350%2C200&ssl=1","width":350,"height":200},"classes":[]},{"id":5691,"url":"https:\/\/sindicatodosbancarios.org.br\/site2022\/2021\/09\/08\/informe-bancario-216-2021-entenda-como-funciona-a-aposentadoria-especial-do-vigilante\/","url_meta":{"origin":2518,"position":4},"title":"INFORME BANC\u00c1RIO \u2013 216\/2021 Entenda como funciona a Aposentadoria Especial do Vigilante","date":"8 de setembro de 2021","format":false,"excerpt":"A aposentadoria especial do vigilante passou por uma s\u00e9rie de mudan\u00e7as e ainda gera d\u00favidas entre os segurados. Afinal, o vigilante tem direito a uma\u00a0aposentadoria\u00a0com condi\u00e7\u00f5es especiais pela periculosidade do seu trabalho? Faz diferen\u00e7a usar ou n\u00e3o arma de fogo? Como comprovar esse tipo de atividade? J\u00e1 adiantamos que sim,\u2026","rel":"","context":"Em &quot;Geral&quot;","img":{"alt_text":"","src":"https:\/\/i0.wp.com\/sindicatodosbancarios.org.br\/site2022\/wp-content\/uploads\/2021\/09\/security-guard_51195-956.jpg?resize=350%2C200&ssl=1","width":350,"height":200},"classes":[]},{"id":4808,"url":"https:\/\/sindicatodosbancarios.org.br\/site2022\/2020\/11\/20\/informe-bancario-440-2020-auxilio-doenca-negado-saiba-como-contestar-o-inss\/","url_meta":{"origin":2518,"position":5},"title":"INFORME BANC\u00c1RIO \u2013 440\/2020 Aux\u00edlio-doen\u00e7a negado? Saiba como contestar o INSS","date":"20 de novembro de 2020","format":false,"excerpt":"Segurado que teve o benef\u00edcio indeferido tem at\u00e9 30 dias, ap\u00f3s ser notificado, para solicitar a revis\u00e3o ao CRPS. Recurso pode ser julgado em duas inst\u00e2ncias. Os segurados do Instituto Nacional do Seguro Social (INSS) que tiveram o\u00a0aux\u00edlio-doen\u00e7a\u00a0negado podem contestar a decis\u00e3o em at\u00e9 30 dias ap\u00f3s serem comunicados do\u2026","rel":"","context":"Em &quot;Geral&quot;","img":{"alt_text":"","src":"https:\/\/i0.wp.com\/sindicatodosbancarios.org.br\/site2022\/wp-content\/uploads\/2020\/06\/equipe-do-ministro-paulo-guedes-economia-anunciou-que-vai-passar-a-cobrar-contribuicao-previdenciaria-do-seguro-desemprego-1573590732966_v2_976x549.jpg?resize=350%2C200&ssl=1","width":350,"height":200},"classes":[]}],"_links":{"self":[{"href":"https:\/\/sindicatodosbancarios.org.br\/site2022\/wp-json\/wp\/v2\/posts\/2518"}],"collection":[{"href":"https:\/\/sindicatodosbancarios.org.br\/site2022\/wp-json\/wp\/v2\/posts"}],"about":[{"href":"https:\/\/sindicatodosbancarios.org.br\/site2022\/wp-json\/wp\/v2\/types\/post"}],"author":[{"embeddable":true,"href":"https:\/\/sindicatodosbancarios.org.br\/site2022\/wp-json\/wp\/v2\/users\/2"}],"replies":[{"embeddable":true,"href":"https:\/\/sindicatodosbancarios.org.br\/site2022\/wp-json\/wp\/v2\/comments?post=2518"}],"version-history":[{"count":1,"href":"https:\/\/sindicatodosbancarios.org.br\/site2022\/wp-json\/wp\/v2\/posts\/2518\/revisions"}],"predecessor-version":[{"id":2520,"href":"https:\/\/sindicatodosbancarios.org.br\/site2022\/wp-json\/wp\/v2\/posts\/2518\/revisions\/2520"}],"wp:attachment":[{"href":"https:\/\/sindicatodosbancarios.org.br\/site2022\/wp-json\/wp\/v2\/media?parent=2518"}],"wp:term":[{"taxonomy":"category","embeddable":true,"href":"https:\/\/sindicatodosbancarios.org.br\/site2022\/wp-json\/wp\/v2\/categories?post=2518"},{"taxonomy":"post_tag","embeddable":true,"href":"https:\/\/sindicatodosbancarios.org.br\/site2022\/wp-json\/wp\/v2\/tags?post=2518"}],"curies":[{"name":"wp","href":"https:\/\/api.w.org\/{rel}","templated":true}]}}