{"id":2524,"date":"2018-05-15T10:29:58","date_gmt":"2018-05-15T13:29:58","guid":{"rendered":"http:\/\/sindicatodosbancarios.org.br\/?p=2524"},"modified":"2018-05-15T14:47:56","modified_gmt":"2018-05-15T17:47:56","slug":"informe-bancario-032-2018-os-direitos-dos-bancarios-estao-com-os-dias-contados","status":"publish","type":"post","link":"https:\/\/sindicatodosbancarios.org.br\/site2022\/2018\/05\/15\/informe-bancario-032-2018-os-direitos-dos-bancarios-estao-com-os-dias-contados\/","title":{"rendered":"INFORME BANC\u00c1RIO &#8211; 032 \/ 2018 &#8211; OS DIREITOS DOS BANC\u00c1RIOS EST\u00c3O COM OS DIAS CONTADOS"},"content":{"rendered":"<p>Voc\u00ea sabia que no dia 31 de agosto de 2018, os trabalhadores de institui\u00e7\u00f5es financeiras do Brasil podem perder uma s\u00e9rie de direitos? Gratifica\u00e7\u00f5es, PLR, vale alimenta\u00e7\u00e3o e muitos outros.<\/p>\n<p>Isso acontece porque a nova Lei trabalhista obriga os sindicatos a renegociar com os banqueiros todos os direitos que est\u00e3o nos acordos coletivos. E o pior. N\u00e3o h\u00e1 nenhuma sinaliza\u00e7\u00e3o de como a Febraban e os bancos ir\u00e3o tratar o tema.<\/p>\n<p>Essa Campanha Salarial \u00e9 uma das mais importantes da categoria banc\u00e1ria, pois, \u00e9 a transi\u00e7\u00e3o da antiga CLT e as novas regras, portanto, \u00e9 preciso alertar toda a categoria sobre a amea\u00e7a \u00e0s conquistas dos banc\u00e1rios a partir da altera\u00e7\u00e3o na CLT. Para virar esse jogo, mais do que nunca, \u00e9 necess\u00e1rio ter sindicatos fortes e representativos para ter for\u00e7a nas mesas de negocia\u00e7\u00f5es .<\/p>\n<p>Nesse ano a categoria ter\u00e1 temas como:terceiriza\u00e7\u00e3o, abertura final de semana, jornada de 6 horas, ultratividade, contrato intermitente dentre outras altera\u00e7\u00f5es \u00e0 partir da Lei 13.467, de 13 de julho de 2017, \u00a0para discutir com os Bancos, \u00e9 de extrema import\u00e2ncia lembrar que vale o negociado sobre o legislado, dessa forma deve haver o empenho de todos pela manuten\u00e7\u00e3o e avan\u00e7o dos direitos estabelecidos em Conven\u00e7\u00e3o e Acordos Coletivos.<\/p>\n<p>Importante destacar aos banc\u00e1rios que os direitos existentes n\u00e3o foram dados por espontaneidade pelos banqueiros, mas, sim conquistados pela categoria.<\/p>\n<p><strong>COMO CONQUISTAMOS A PLR<\/strong><\/p>\n<p>No dia 04 de outubro de 1995, quase todos os sindicatos de banc\u00e1rios do Brasil realizaram assembleias e aprovaram a proposta de Conven\u00e7\u00e3o Coletiva de Trabalho, que obrigava os banqueiros a pagar uma PLR de 72% do sal\u00e1rio mensal mais R$ 200,00. Com o retrocesso na CLT, este direito tem prazo de validade: 31 DE AGOSTO. Depois dessa data, s\u00f3 a luta dos banc\u00e1rios \u00e9 que podem defender a continuidade deste direito.<\/p>\n<p><span style=\"font-size: 8pt;\"><strong>FONTE: Fetrafi-RS \/ SinBancarios &#8211; RS (foto) \/ SEEB SBS-SC (editado\/parcial)\u00a0<\/strong><\/span><\/p>\n","protected":false},"excerpt":{"rendered":"<p>Voc\u00ea sabia que no dia 31 de agosto de 2018, os trabalhadores de institui\u00e7\u00f5es financeiras do Brasil podem [&hellip;]<\/p>\n","protected":false},"author":2,"featured_media":2525,"comment_status":"open","ping_status":"open","sticky":false,"template":"","format":"standard","meta":{"jetpack_post_was_ever_published":false,"jetpack_publicize_message":"","jetpack_is_tweetstorm":false,"jetpack_publicize_feature_enabled":true,"jetpack_social_post_already_shared":true,"jetpack_social_options":[]},"categories":[1],"tags":[],"jetpack_publicize_connections":[],"acf":[],"yoast_head":"<!-- This site is optimized with the Yoast SEO plugin v19.14 - https:\/\/yoast.com\/wordpress\/plugins\/seo\/ -->\n<title>INFORME BANC\u00c1RIO - 032 \/ 2018 - OS DIREITOS DOS BANC\u00c1RIOS EST\u00c3O COM OS DIAS CONTADOS - Sindicato dos Banc\u00e1rios de S\u00e3o Bento do Sul e Regi\u00e3o<\/title>\n<meta name=\"robots\" content=\"index, follow, max-snippet:-1, max-image-preview:large, max-video-preview:-1\" \/>\n<link rel=\"canonical\" href=\"https:\/\/sindicatodosbancarios.org.br\/site2022\/2018\/05\/15\/informe-bancario-032-2018-os-direitos-dos-bancarios-estao-com-os-dias-contados\/\" \/>\n<meta property=\"og:locale\" content=\"pt_BR\" \/>\n<meta property=\"og:type\" content=\"article\" \/>\n<meta property=\"og:title\" content=\"INFORME BANC\u00c1RIO - 032 \/ 2018 - OS DIREITOS DOS BANC\u00c1RIOS EST\u00c3O COM OS DIAS CONTADOS - Sindicato dos Banc\u00e1rios de S\u00e3o Bento do Sul e Regi\u00e3o\" \/>\n<meta property=\"og:description\" content=\"Voc\u00ea sabia que no dia 31 de agosto de 2018, os trabalhadores de institui\u00e7\u00f5es financeiras do Brasil podem [&hellip;]\" \/>\n<meta property=\"og:url\" content=\"https:\/\/sindicatodosbancarios.org.br\/site2022\/2018\/05\/15\/informe-bancario-032-2018-os-direitos-dos-bancarios-estao-com-os-dias-contados\/\" \/>\n<meta property=\"og:site_name\" content=\"Sindicato dos Banc\u00e1rios de S\u00e3o Bento do Sul e Regi\u00e3o\" \/>\n<meta property=\"article:author\" content=\"https:\/\/www.facebook.com\/seeb.sbs.9\" \/>\n<meta property=\"article:published_time\" content=\"2018-05-15T13:29:58+00:00\" \/>\n<meta property=\"article:modified_time\" content=\"2018-05-15T17:47:56+00:00\" \/>\n<meta property=\"og:image\" content=\"https:\/\/sindicatodosbancarios.org.br\/site2022\/wp-content\/uploads\/2018\/05\/informe-32.jpg\" \/>\n\t<meta property=\"og:image:width\" content=\"598\" \/>\n\t<meta property=\"og:image:height\" content=\"800\" \/>\n\t<meta property=\"og:image:type\" content=\"image\/jpeg\" \/>\n<meta name=\"author\" content=\"Sindicato dos Banc\u00e1rios S\u00e3o Bento do Sul e Regi\u00e3o\" \/>\n<meta name=\"twitter:card\" content=\"summary_large_image\" \/>\n<meta name=\"twitter:label1\" content=\"Escrito por\" \/>\n\t<meta name=\"twitter:data1\" content=\"Sindicato dos Banc\u00e1rios S\u00e3o Bento do Sul e Regi\u00e3o\" \/>\n\t<meta name=\"twitter:label2\" content=\"Est. tempo de leitura\" \/>\n\t<meta name=\"twitter:data2\" content=\"2 minutos\" \/>\n<script type=\"application\/ld+json\" class=\"yoast-schema-graph\">{\"@context\":\"https:\/\/schema.org\",\"@graph\":[{\"@type\":\"Article\",\"@id\":\"https:\/\/sindicatodosbancarios.org.br\/site2022\/2018\/05\/15\/informe-bancario-032-2018-os-direitos-dos-bancarios-estao-com-os-dias-contados\/#article\",\"isPartOf\":{\"@id\":\"https:\/\/sindicatodosbancarios.org.br\/site2022\/2018\/05\/15\/informe-bancario-032-2018-os-direitos-dos-bancarios-estao-com-os-dias-contados\/\"},\"author\":{\"name\":\"Sindicato dos Banc\u00e1rios S\u00e3o Bento do Sul e Regi\u00e3o\",\"@id\":\"https:\/\/sindicatodosbancarios.org.br\/site2022\/#\/schema\/person\/a7d92da77d1084df4d28b57962f1e1bd\"},\"headline\":\"INFORME BANC\u00c1RIO &#8211; 032 \/ 2018 &#8211; OS DIREITOS DOS BANC\u00c1RIOS EST\u00c3O COM OS DIAS CONTADOS\",\"datePublished\":\"2018-05-15T13:29:58+00:00\",\"dateModified\":\"2018-05-15T17:47:56+00:00\",\"mainEntityOfPage\":{\"@id\":\"https:\/\/sindicatodosbancarios.org.br\/site2022\/2018\/05\/15\/informe-bancario-032-2018-os-direitos-dos-bancarios-estao-com-os-dias-contados\/\"},\"wordCount\":337,\"commentCount\":0,\"publisher\":{\"@id\":\"https:\/\/sindicatodosbancarios.org.br\/site2022\/#organization\"},\"articleSection\":[\"Geral\"],\"inLanguage\":\"pt-BR\",\"potentialAction\":[{\"@type\":\"CommentAction\",\"name\":\"Comment\",\"target\":[\"https:\/\/sindicatodosbancarios.org.br\/site2022\/2018\/05\/15\/informe-bancario-032-2018-os-direitos-dos-bancarios-estao-com-os-dias-contados\/#respond\"]}]},{\"@type\":\"WebPage\",\"@id\":\"https:\/\/sindicatodosbancarios.org.br\/site2022\/2018\/05\/15\/informe-bancario-032-2018-os-direitos-dos-bancarios-estao-com-os-dias-contados\/\",\"url\":\"https:\/\/sindicatodosbancarios.org.br\/site2022\/2018\/05\/15\/informe-bancario-032-2018-os-direitos-dos-bancarios-estao-com-os-dias-contados\/\",\"name\":\"INFORME BANC\u00c1RIO - 032 \/ 2018 - OS DIREITOS DOS BANC\u00c1RIOS EST\u00c3O COM OS DIAS CONTADOS - Sindicato dos Banc\u00e1rios de S\u00e3o Bento do Sul e Regi\u00e3o\",\"isPartOf\":{\"@id\":\"https:\/\/sindicatodosbancarios.org.br\/site2022\/#website\"},\"datePublished\":\"2018-05-15T13:29:58+00:00\",\"dateModified\":\"2018-05-15T17:47:56+00:00\",\"breadcrumb\":{\"@id\":\"https:\/\/sindicatodosbancarios.org.br\/site2022\/2018\/05\/15\/informe-bancario-032-2018-os-direitos-dos-bancarios-estao-com-os-dias-contados\/#breadcrumb\"},\"inLanguage\":\"pt-BR\",\"potentialAction\":[{\"@type\":\"ReadAction\",\"target\":[\"https:\/\/sindicatodosbancarios.org.br\/site2022\/2018\/05\/15\/informe-bancario-032-2018-os-direitos-dos-bancarios-estao-com-os-dias-contados\/\"]}]},{\"@type\":\"BreadcrumbList\",\"@id\":\"https:\/\/sindicatodosbancarios.org.br\/site2022\/2018\/05\/15\/informe-bancario-032-2018-os-direitos-dos-bancarios-estao-com-os-dias-contados\/#breadcrumb\",\"itemListElement\":[{\"@type\":\"ListItem\",\"position\":1,\"name\":\"In\u00edcio\",\"item\":\"https:\/\/sindicatodosbancarios.org.br\/site2022\/\"},{\"@type\":\"ListItem\",\"position\":2,\"name\":\"INFORME BANC\u00c1RIO &#8211; 032 \/ 2018 &#8211; OS DIREITOS DOS BANC\u00c1RIOS EST\u00c3O COM OS DIAS CONTADOS\"}]},{\"@type\":\"WebSite\",\"@id\":\"https:\/\/sindicatodosbancarios.org.br\/site2022\/#website\",\"url\":\"https:\/\/sindicatodosbancarios.org.br\/site2022\/\",\"name\":\"Sindicato dos Banc\u00e1rios de S\u00e3o Bento do Sul e Regi\u00e3o\",\"description\":\"Website institucional do Sindicato dos Banc\u00e1rios de S\u00e3o Bento do Sul e Regi\u00e3o\",\"publisher\":{\"@id\":\"https:\/\/sindicatodosbancarios.org.br\/site2022\/#organization\"},\"potentialAction\":[{\"@type\":\"SearchAction\",\"target\":{\"@type\":\"EntryPoint\",\"urlTemplate\":\"https:\/\/sindicatodosbancarios.org.br\/site2022\/?s={search_term_string}\"},\"query-input\":\"required name=search_term_string\"}],\"inLanguage\":\"pt-BR\"},{\"@type\":\"Organization\",\"@id\":\"https:\/\/sindicatodosbancarios.org.br\/site2022\/#organization\",\"name\":\"Sindicato dos Banc\u00e1rios de S\u00e3o Bento do Sul e Regi\u00e3o\",\"url\":\"https:\/\/sindicatodosbancarios.org.br\/site2022\/\",\"logo\":{\"@type\":\"ImageObject\",\"inLanguage\":\"pt-BR\",\"@id\":\"https:\/\/sindicatodosbancarios.org.br\/site2022\/#\/schema\/logo\/image\/\",\"url\":\"https:\/\/sindicatodosbancarios.org.br\/site2022\/wp-content\/uploads\/2017\/06\/cropped-logo-2.png\",\"contentUrl\":\"https:\/\/sindicatodosbancarios.org.br\/site2022\/wp-content\/uploads\/2017\/06\/cropped-logo-2.png\",\"width\":292,\"height\":292,\"caption\":\"Sindicato dos Banc\u00e1rios de S\u00e3o Bento do Sul e Regi\u00e3o\"},\"image\":{\"@id\":\"https:\/\/sindicatodosbancarios.org.br\/site2022\/#\/schema\/logo\/image\/\"}},{\"@type\":\"Person\",\"@id\":\"https:\/\/sindicatodosbancarios.org.br\/site2022\/#\/schema\/person\/a7d92da77d1084df4d28b57962f1e1bd\",\"name\":\"Sindicato dos Banc\u00e1rios S\u00e3o Bento do Sul e Regi\u00e3o\",\"image\":{\"@type\":\"ImageObject\",\"inLanguage\":\"pt-BR\",\"@id\":\"https:\/\/sindicatodosbancarios.org.br\/site2022\/#\/schema\/person\/image\/\",\"url\":\"https:\/\/secure.gravatar.com\/avatar\/f1d1a06f698f2345352e539387180d42?s=96&d=mm&r=g\",\"contentUrl\":\"https:\/\/secure.gravatar.com\/avatar\/f1d1a06f698f2345352e539387180d42?s=96&d=mm&r=g\",\"caption\":\"Sindicato dos Banc\u00e1rios S\u00e3o Bento do Sul e Regi\u00e3o\"},\"sameAs\":[\"http:\/\/sindicatodosbancarios.org.br\/site2022\/\",\"https:\/\/www.facebook.com\/seeb.sbs.9\"],\"url\":\"https:\/\/sindicatodosbancarios.org.br\/site2022\/author\/sindicatodosbancarios\/\"}]}<\/script>\n<!-- \/ Yoast SEO plugin. -->","yoast_head_json":{"title":"INFORME BANC\u00c1RIO - 032 \/ 2018 - OS DIREITOS DOS BANC\u00c1RIOS EST\u00c3O COM OS DIAS CONTADOS - Sindicato dos Banc\u00e1rios de S\u00e3o Bento do Sul e Regi\u00e3o","robots":{"index":"index","follow":"follow","max-snippet":"max-snippet:-1","max-image-preview":"max-image-preview:large","max-video-preview":"max-video-preview:-1"},"canonical":"https:\/\/sindicatodosbancarios.org.br\/site2022\/2018\/05\/15\/informe-bancario-032-2018-os-direitos-dos-bancarios-estao-com-os-dias-contados\/","og_locale":"pt_BR","og_type":"article","og_title":"INFORME BANC\u00c1RIO - 032 \/ 2018 - OS DIREITOS DOS BANC\u00c1RIOS EST\u00c3O COM OS DIAS CONTADOS - Sindicato dos Banc\u00e1rios de S\u00e3o Bento do Sul e Regi\u00e3o","og_description":"Voc\u00ea sabia que no dia 31 de agosto de 2018, os trabalhadores de institui\u00e7\u00f5es financeiras do Brasil podem [&hellip;]","og_url":"https:\/\/sindicatodosbancarios.org.br\/site2022\/2018\/05\/15\/informe-bancario-032-2018-os-direitos-dos-bancarios-estao-com-os-dias-contados\/","og_site_name":"Sindicato dos Banc\u00e1rios de S\u00e3o Bento do Sul e Regi\u00e3o","article_author":"https:\/\/www.facebook.com\/seeb.sbs.9","article_published_time":"2018-05-15T13:29:58+00:00","article_modified_time":"2018-05-15T17:47:56+00:00","og_image":[{"width":598,"height":800,"url":"https:\/\/sindicatodosbancarios.org.br\/site2022\/wp-content\/uploads\/2018\/05\/informe-32.jpg","type":"image\/jpeg"}],"author":"Sindicato dos Banc\u00e1rios S\u00e3o Bento do Sul e Regi\u00e3o","twitter_card":"summary_large_image","twitter_misc":{"Escrito por":"Sindicato dos Banc\u00e1rios S\u00e3o Bento do Sul e Regi\u00e3o","Est. tempo de leitura":"2 minutos"},"schema":{"@context":"https:\/\/schema.org","@graph":[{"@type":"Article","@id":"https:\/\/sindicatodosbancarios.org.br\/site2022\/2018\/05\/15\/informe-bancario-032-2018-os-direitos-dos-bancarios-estao-com-os-dias-contados\/#article","isPartOf":{"@id":"https:\/\/sindicatodosbancarios.org.br\/site2022\/2018\/05\/15\/informe-bancario-032-2018-os-direitos-dos-bancarios-estao-com-os-dias-contados\/"},"author":{"name":"Sindicato dos Banc\u00e1rios S\u00e3o Bento do Sul e Regi\u00e3o","@id":"https:\/\/sindicatodosbancarios.org.br\/site2022\/#\/schema\/person\/a7d92da77d1084df4d28b57962f1e1bd"},"headline":"INFORME BANC\u00c1RIO &#8211; 032 \/ 2018 &#8211; OS DIREITOS DOS BANC\u00c1RIOS EST\u00c3O COM OS DIAS CONTADOS","datePublished":"2018-05-15T13:29:58+00:00","dateModified":"2018-05-15T17:47:56+00:00","mainEntityOfPage":{"@id":"https:\/\/sindicatodosbancarios.org.br\/site2022\/2018\/05\/15\/informe-bancario-032-2018-os-direitos-dos-bancarios-estao-com-os-dias-contados\/"},"wordCount":337,"commentCount":0,"publisher":{"@id":"https:\/\/sindicatodosbancarios.org.br\/site2022\/#organization"},"articleSection":["Geral"],"inLanguage":"pt-BR","potentialAction":[{"@type":"CommentAction","name":"Comment","target":["https:\/\/sindicatodosbancarios.org.br\/site2022\/2018\/05\/15\/informe-bancario-032-2018-os-direitos-dos-bancarios-estao-com-os-dias-contados\/#respond"]}]},{"@type":"WebPage","@id":"https:\/\/sindicatodosbancarios.org.br\/site2022\/2018\/05\/15\/informe-bancario-032-2018-os-direitos-dos-bancarios-estao-com-os-dias-contados\/","url":"https:\/\/sindicatodosbancarios.org.br\/site2022\/2018\/05\/15\/informe-bancario-032-2018-os-direitos-dos-bancarios-estao-com-os-dias-contados\/","name":"INFORME BANC\u00c1RIO - 032 \/ 2018 - OS DIREITOS DOS BANC\u00c1RIOS EST\u00c3O COM OS DIAS CONTADOS - Sindicato dos Banc\u00e1rios de S\u00e3o Bento do Sul e Regi\u00e3o","isPartOf":{"@id":"https:\/\/sindicatodosbancarios.org.br\/site2022\/#website"},"datePublished":"2018-05-15T13:29:58+00:00","dateModified":"2018-05-15T17:47:56+00:00","breadcrumb":{"@id":"https:\/\/sindicatodosbancarios.org.br\/site2022\/2018\/05\/15\/informe-bancario-032-2018-os-direitos-dos-bancarios-estao-com-os-dias-contados\/#breadcrumb"},"inLanguage":"pt-BR","potentialAction":[{"@type":"ReadAction","target":["https:\/\/sindicatodosbancarios.org.br\/site2022\/2018\/05\/15\/informe-bancario-032-2018-os-direitos-dos-bancarios-estao-com-os-dias-contados\/"]}]},{"@type":"BreadcrumbList","@id":"https:\/\/sindicatodosbancarios.org.br\/site2022\/2018\/05\/15\/informe-bancario-032-2018-os-direitos-dos-bancarios-estao-com-os-dias-contados\/#breadcrumb","itemListElement":[{"@type":"ListItem","position":1,"name":"In\u00edcio","item":"https:\/\/sindicatodosbancarios.org.br\/site2022\/"},{"@type":"ListItem","position":2,"name":"INFORME BANC\u00c1RIO &#8211; 032 \/ 2018 &#8211; OS DIREITOS DOS BANC\u00c1RIOS EST\u00c3O COM OS DIAS CONTADOS"}]},{"@type":"WebSite","@id":"https:\/\/sindicatodosbancarios.org.br\/site2022\/#website","url":"https:\/\/sindicatodosbancarios.org.br\/site2022\/","name":"Sindicato dos Banc\u00e1rios de S\u00e3o Bento do Sul e Regi\u00e3o","description":"Website institucional do Sindicato dos Banc\u00e1rios de S\u00e3o Bento do Sul e Regi\u00e3o","publisher":{"@id":"https:\/\/sindicatodosbancarios.org.br\/site2022\/#organization"},"potentialAction":[{"@type":"SearchAction","target":{"@type":"EntryPoint","urlTemplate":"https:\/\/sindicatodosbancarios.org.br\/site2022\/?s={search_term_string}"},"query-input":"required name=search_term_string"}],"inLanguage":"pt-BR"},{"@type":"Organization","@id":"https:\/\/sindicatodosbancarios.org.br\/site2022\/#organization","name":"Sindicato dos Banc\u00e1rios de S\u00e3o Bento do Sul e Regi\u00e3o","url":"https:\/\/sindicatodosbancarios.org.br\/site2022\/","logo":{"@type":"ImageObject","inLanguage":"pt-BR","@id":"https:\/\/sindicatodosbancarios.org.br\/site2022\/#\/schema\/logo\/image\/","url":"https:\/\/sindicatodosbancarios.org.br\/site2022\/wp-content\/uploads\/2017\/06\/cropped-logo-2.png","contentUrl":"https:\/\/sindicatodosbancarios.org.br\/site2022\/wp-content\/uploads\/2017\/06\/cropped-logo-2.png","width":292,"height":292,"caption":"Sindicato dos Banc\u00e1rios de S\u00e3o Bento do Sul e Regi\u00e3o"},"image":{"@id":"https:\/\/sindicatodosbancarios.org.br\/site2022\/#\/schema\/logo\/image\/"}},{"@type":"Person","@id":"https:\/\/sindicatodosbancarios.org.br\/site2022\/#\/schema\/person\/a7d92da77d1084df4d28b57962f1e1bd","name":"Sindicato dos Banc\u00e1rios S\u00e3o Bento do Sul e Regi\u00e3o","image":{"@type":"ImageObject","inLanguage":"pt-BR","@id":"https:\/\/sindicatodosbancarios.org.br\/site2022\/#\/schema\/person\/image\/","url":"https:\/\/secure.gravatar.com\/avatar\/f1d1a06f698f2345352e539387180d42?s=96&d=mm&r=g","contentUrl":"https:\/\/secure.gravatar.com\/avatar\/f1d1a06f698f2345352e539387180d42?s=96&d=mm&r=g","caption":"Sindicato dos Banc\u00e1rios S\u00e3o Bento do Sul e Regi\u00e3o"},"sameAs":["http:\/\/sindicatodosbancarios.org.br\/site2022\/","https:\/\/www.facebook.com\/seeb.sbs.9"],"url":"https:\/\/sindicatodosbancarios.org.br\/site2022\/author\/sindicatodosbancarios\/"}]}},"jetpack_featured_media_url":"https:\/\/sindicatodosbancarios.org.br\/site2022\/wp-content\/uploads\/2018\/05\/informe-32.jpg","jetpack_sharing_enabled":true,"jetpack_shortlink":"https:\/\/wp.me\/p8RSbI-EI","jetpack-related-posts":[{"id":5647,"url":"https:\/\/sindicatodosbancarios.org.br\/site2022\/2021\/08\/28\/informe-bancario-202-2021-bancarios-vao-comemorar-seu-dia-28-de-agosto-com-todos-seus-direitos\/","url_meta":{"origin":2524,"position":0},"title":"INFORME BANC\u00c1RIO \u2013 202\/2021 BANC\u00c1RIOS V\u00c3O COMEMORAR SEU DIA 28 DE AGOSTO COM TODOS SEUS DIREITOS!","date":"28 de agosto de 2021","format":false,"excerpt":"Direitos foram preservados at\u00e9 2022 e aumento com 100% do INPC + 0,5% acima da infla\u00e7\u00e3o. Algumas categorias somente conseguiram o INPC e outras tiveram seus direitos retirados Mais um dia 28 de agosto em que a categoria banc\u00e1ria celebra seu dia com conquistas e vit\u00f3rias. A campanha salarial 2020\u2026","rel":"","context":"Em &quot;Geral&quot;","img":{"alt_text":"","src":"https:\/\/i0.wp.com\/sindicatodosbancarios.org.br\/site2022\/wp-content\/uploads\/2021\/08\/dia-bancario-2016-1-8539-980x500m0.jpg?resize=350%2C200&ssl=1","width":350,"height":200},"classes":[]},{"id":4232,"url":"https:\/\/sindicatodosbancarios.org.br\/site2022\/2020\/08\/07\/informe-bancario-283-2020-em-nota-correios-dizem-que-nao-pretendem-suprimir-direitos-dos-empregados\/","url_meta":{"origin":2524,"position":1},"title":"INFORME BANC\u00c1RIO \u2013 283\/2020 Em nota, Correios dizem que n\u00e3o pretendem suprimir direitos dos empregados","date":"7 de agosto de 2020","format":false,"excerpt":"Funcion\u00e1rios dos Correios afirmam que devem entrar em greve no pr\u00f3ximo dia 18, alegando que tiveram 70 direitos revogados, como 30% do adicional de risco, vale-alimenta\u00e7\u00e3o e aux\u00edlio-creche. De acordo com a Federa\u00e7\u00e3o Nacional dos Trabalhadores em Empresas de Correios e Tel\u00e9grafos e Similares (Fentect), a categoria entrou em estado\u2026","rel":"","context":"Em &quot;Geral&quot;","img":{"alt_text":"","src":"https:\/\/i0.wp.com\/sindicatodosbancarios.org.br\/site2022\/wp-content\/uploads\/2020\/08\/funcionario-dos-correios-em-foto-de-arquivo-1594405556536_v2_900x506.jpg?resize=350%2C200&ssl=1","width":350,"height":200},"classes":[]},{"id":4877,"url":"https:\/\/sindicatodosbancarios.org.br\/site2022\/2020\/12\/15\/informe-bancario-460-2020-em-assembleia-bancarios-do-itau-aprovam-acordo-de-teletrabalho\/","url_meta":{"origin":2524,"position":2},"title":"INFORME BANC\u00c1RIO \u2013 460\/2020 EM ASSEMBLEIA, BANC\u00c1RIOS DO ITA\u00da APROVAM ACORDO DE TELETRABALHO","date":"15 de dezembro de 2020","format":false,"excerpt":"Trabalhadores do Banco Ita\u00fa Unibanco SA, conquistaram acordo que garante ajuda de custo, fornecimento pela empresa de equipamentos e cadeira adequada, manuten\u00e7\u00e3o do VR e VA nos termos da CCT, controle de jornada, entre outros pontos. Em Assembleia Virtual encerrada \u00e0s 20h desta sexta-feira dia 04, os Banc\u00e1rios do Ita\u00fa\u2026","rel":"","context":"Em &quot;Ita\u00fa&quot;","img":{"alt_text":"","src":"https:\/\/i0.wp.com\/sindicatodosbancarios.org.br\/site2022\/wp-content\/uploads\/2020\/12\/141220141318-ITA\u00da.jpeg?resize=350%2C200&ssl=1","width":350,"height":200},"classes":[]},{"id":4942,"url":"https:\/\/sindicatodosbancarios.org.br\/site2022\/2020\/12\/29\/informe-bancario-478-2020-seeb-sbs-e-regiao-renova-termo-de-adesao-act-ccv-com-a-caixa-economica-federal\/","url_meta":{"origin":2524,"position":3},"title":"INFORME BANC\u00c1RIO \u2013 478\/2020 SEEB SBS E REGI\u00c3O &#8211; RENOVA TERMO DE ADES\u00c3O ACT CCV COM A CAIXA ECON\u00d4MICA FEDERAL","date":"29 de dezembro de 2020","format":false,"excerpt":"O Sindicato segue realizando concilia\u00e7\u00f5es de CCV (Comiss\u00e3o de Concilia\u00e7\u00e3o Volunt\u00e1ria) para os Ex-empregados da Caixa Econ\u00f4mica Federal, conseguindo recuperar direitos relacionados ao benef\u00edcio futuro do Aux\u00edlio-alimenta\u00e7\u00e3o p\u00f3s-aposentadoria. As recentes propostas do Banco foram apresentadas e analisadas pelo Presidente do Sindicato Sr. Luiz Carlos de Oliveira, com aprova\u00e7\u00e3o dos Ex-empregados.\u2026","rel":"","context":"Em &quot;Caixa Econ\u00f4mica Federal&quot;","img":{"alt_text":"","src":"https:\/\/i0.wp.com\/sindicatodosbancarios.org.br\/site2022\/wp-content\/uploads\/2020\/09\/brasilia-df-brasil-caixa-economica-federal-foto-marcelo-camargoagencia-brasil-1600822484947_v2_900x506.jpg?resize=350%2C200&ssl=1","width":350,"height":200},"classes":[]},{"id":4341,"url":"https:\/\/sindicatodosbancarios.org.br\/site2022\/2020\/08\/25\/informe-bancario-315-2020-campanha-salarial-2020-banco-do-brasil-s-a\/","url_meta":{"origin":2524,"position":4},"title":"INFORME BANC\u00c1RIO \u2013 315\/2020 Campanha salarial 2020 \u2013 BANCO DO BRASIL S.A.","date":"25 de agosto de 2020","format":false,"excerpt":"Com a participa\u00e7\u00e3o de representantes das Federa\u00e7\u00f5es filiadas,\u00a0a\u00a0Comiss\u00e3o de Negocia\u00e7\u00e3o da\u00a0CONTEC,\u00a0realizou \u2013 via remota\/virtual \u2013,\u00a0a\u00a0partir das 16h30\u00a0desta segunda-feira (24),\u00a0a\u00a0sexta reuni\u00e3o desta campanha salarial, com a Comiss\u00e3o\u00a0de Negocia\u00e7\u00e3o do\u00a0Banco do Brasil,\u00a0para\u00a0continuar com\u00a0os\u00a0debates\u00a0das reivindica\u00e7\u00f5es dos\u00a0funcion\u00e1rios,\u00a0que pede a\u00a0manuten\u00e7\u00e3o\u00a0do ACT\u00a0vigente e\u00a0acr\u00e9scimode\u00a0benef\u00edcios,\u00a0objetivando\u00a0a\u00a0melhoria da\u00a0qualidade de vida\u00a0dos funcion\u00e1rios\u00a0e\u00a0do atendimento da sociedade. Na\u00a0reuni\u00e3o,\u00a0os representantes da CONTEC\u00a0insistiram nas manuten\u00e7\u00f5es\u2026","rel":"","context":"Em &quot;Banco do Brasil&quot;","img":{"alt_text":"","src":"https:\/\/i0.wp.com\/sindicatodosbancarios.org.br\/site2022\/wp-content\/uploads\/2020\/08\/113B21CE-AFCA-42B7-B6E6-53AA8B259945.jpeg?resize=350%2C200&ssl=1","width":350,"height":200},"classes":[]},{"id":5630,"url":"https:\/\/sindicatodosbancarios.org.br\/site2022\/2021\/08\/20\/informe-bancario-197-2021-fenaban-promete-manter-jornada-prevista-na-cct\/","url_meta":{"origin":2524,"position":5},"title":"INFORME BANC\u00c1RIO \u2013 197\/2021 FENABAN PROMETE MANTER JORNADA PREVISTA NA CCT","date":"20 de agosto de 2021","format":false,"excerpt":"MP do Governo Bolsonaro passou na C\u00e2mara e vai para o Senado. A mobiliza\u00e7\u00e3o do Movimento Sindical vai continuar para deter a retirada de direitos sem precedentes. A C\u00e2mara dos Deputados aprovou, dia 12 de agosto, a Medida Provis\u00f3ria 1045\/2021, editada pelo Governo Federal em abril e que institui o\u2026","rel":"","context":"Em &quot;Geral&quot;","img":{"alt_text":"","src":"https:\/\/i0.wp.com\/sindicatodosbancarios.org.br\/site2022\/wp-content\/uploads\/2020\/06\/46735750392_c403dc52f0_b.jpg?resize=350%2C200&ssl=1","width":350,"height":200},"classes":[]}],"_links":{"self":[{"href":"https:\/\/sindicatodosbancarios.org.br\/site2022\/wp-json\/wp\/v2\/posts\/2524"}],"collection":[{"href":"https:\/\/sindicatodosbancarios.org.br\/site2022\/wp-json\/wp\/v2\/posts"}],"about":[{"href":"https:\/\/sindicatodosbancarios.org.br\/site2022\/wp-json\/wp\/v2\/types\/post"}],"author":[{"embeddable":true,"href":"https:\/\/sindicatodosbancarios.org.br\/site2022\/wp-json\/wp\/v2\/users\/2"}],"replies":[{"embeddable":true,"href":"https:\/\/sindicatodosbancarios.org.br\/site2022\/wp-json\/wp\/v2\/comments?post=2524"}],"version-history":[{"count":2,"href":"https:\/\/sindicatodosbancarios.org.br\/site2022\/wp-json\/wp\/v2\/posts\/2524\/revisions"}],"predecessor-version":[{"id":2527,"href":"https:\/\/sindicatodosbancarios.org.br\/site2022\/wp-json\/wp\/v2\/posts\/2524\/revisions\/2527"}],"wp:featuredmedia":[{"embeddable":true,"href":"https:\/\/sindicatodosbancarios.org.br\/site2022\/wp-json\/wp\/v2\/media\/2525"}],"wp:attachment":[{"href":"https:\/\/sindicatodosbancarios.org.br\/site2022\/wp-json\/wp\/v2\/media?parent=2524"}],"wp:term":[{"taxonomy":"category","embeddable":true,"href":"https:\/\/sindicatodosbancarios.org.br\/site2022\/wp-json\/wp\/v2\/categories?post=2524"},{"taxonomy":"post_tag","embeddable":true,"href":"https:\/\/sindicatodosbancarios.org.br\/site2022\/wp-json\/wp\/v2\/tags?post=2524"}],"curies":[{"name":"wp","href":"https:\/\/api.w.org\/{rel}","templated":true}]}}