{"id":2529,"date":"2018-05-25T10:10:32","date_gmt":"2018-05-25T13:10:32","guid":{"rendered":"http:\/\/sindicatodosbancarios.org.br\/?p=2529"},"modified":"2018-05-25T10:29:50","modified_gmt":"2018-05-25T13:29:50","slug":"informe-bancario-033-2018-decisao-confirma-direito-a-gratificacao-no-banco-do-brasil","status":"publish","type":"post","link":"https:\/\/sindicatodosbancarios.org.br\/site2022\/2018\/05\/25\/informe-bancario-033-2018-decisao-confirma-direito-a-gratificacao-no-banco-do-brasil\/","title":{"rendered":"INFORME BANC\u00c1RIO \u2013 033 \/ 2018 \u2013DECIS\u00c3O CONFIRMA DIREITO \u00c0 GRATIFICA\u00c7\u00c3O NO BANCO DO BRASIL."},"content":{"rendered":"<p style=\"text-align: left;\">Funcion\u00e1rios do Banco do Brasil, que em novembro de 2017 tinham cargo comissionado h\u00e1 no m\u00ednimo dez anos, n\u00e3o poder\u00e3o perder a gratifica\u00e7\u00e3o, ainda que tenham sido revertidos aos seus cargos anteriores. A decis\u00e3o \u00e9 da 5\u00aa Vara do Trabalho de Macap\u00e1 e vale para todo o Brasil. A Justi\u00e7a reitera que, salvo a exist\u00eancia de justo motivo, tal gratifica\u00e7\u00e3o j\u00e1 se incorporou \u00e0 remunera\u00e7\u00e3o do banc\u00e1rio. Caso descumpra a decis\u00e3o, o BB pagar\u00e1 multa di\u00e1ria de R$ 5.000 por trabalhador que tenha a gratifica\u00e7\u00e3o suprimida ou reduzida. A decis\u00e3o judicial registrou, ainda, que o valor da gratifica\u00e7\u00e3o incorporado corresponde \u00e0 m\u00e9dia da gratifica\u00e7\u00e3o recebida nos \u00faltimos dez anos. Ainda que o banco tenha ingressado com recurso, a aplica\u00e7\u00e3o da senten\u00e7a \u00e9 imediata. \u201cMesmo diante das mudan\u00e7as na Lei Trabalhista p\u00f3s-golpe, que acabou com as s\u00famulas, inclusive a 372 que previa o direito \u00e0 gratifica\u00e7\u00e3o, houve \u00eaxito nessa a\u00e7\u00e3o em prol do trabalhador\u201d, comemora o Sindicalista e Banc\u00e1rio do BB, Jo\u00e3o Fukunaga. \u201cMas temos de ter cautela, pois as decis\u00f5es ainda s\u00e3o fr\u00e1geis frente ao que o Judici\u00e1rio pode decidir no TRT. Muita coisa acaba sendo mais pol\u00edtica do que t\u00e9cnica, por isso temos de ser vigilantes e estar permanentemente mobilizados ao lado do Sindicato. N\u00e3o podemos achar que o Judici\u00e1rio \u00e9 a solu\u00e7\u00e3o para tudo.\u201d A senten\u00e7a foi proferida nos autos do processo n\u00ba 0001296-75.2017.5.08.0208, a\u00e7\u00e3o proposta pelo Sindicato dos Trabalhadores do Ramo Financeiro do Estado do Amap\u00e1 e tem validade em \u00e2mbito nacional. Essa decis\u00e3o tamb\u00e9m abrange os caixas. NOVA VIT\u00d3RIA DOS TRABALHADORES: Essa a\u00e7\u00e3o n\u00e3o se confunde com a A\u00e7\u00e3o Civil P\u00fablica que tramita em Bras\u00edlia, onde uma tutela antecipada garante aos empregados atingidos pela reestrutura\u00e7\u00e3o iniciada em novembro de 2016, a incorpora\u00e7\u00e3o da m\u00e9dia das comiss\u00f5es\/gratifica\u00e7\u00f5es recebidas por no m\u00ednimo dez anos. Essa a\u00e7\u00e3o afirma que o processo de reestrutura\u00e7\u00e3o n\u00e3o \u00e9 motivo suficiente para respaldar a n\u00e3o incorpora\u00e7\u00e3o das comiss\u00f5es ou gratifica\u00e7\u00f5es dos banc\u00e1rios. J\u00e1 na a\u00e7\u00e3o que tramita no Amap\u00e1, a tese \u00e9 relativa \u00e0 reforma trabalhista e seu impacto nos contratos em vigor para aqueles que, na data da entrada em vigor da Lei 13.467\/2017, 11 de novembro de 2017, j\u00e1 contavam com pelo menos dez anos de recebimento de gratifica\u00e7\u00f5es\/comiss\u00f5es.<\/p>\n<p>FONTE: SEEB SP.<\/p>\n<p><strong><em>\u00a0<\/em><\/strong><\/p>\n<p><strong><em>Roberto Odenir Ortiz<\/em><\/strong><\/p>\n<p><strong><em>Presidente<\/em><\/strong><\/p>\n<p><strong>SEEB S\u00c3O BENTO DO SUL E REGI\u00c3O SC<\/strong><\/p>\n","protected":false},"excerpt":{"rendered":"<p>Funcion\u00e1rios do Banco do Brasil, que em novembro de 2017 tinham cargo comissionado h\u00e1 no m\u00ednimo dez anos, [&hellip;]<\/p>\n","protected":false},"author":2,"featured_media":0,"comment_status":"open","ping_status":"open","sticky":false,"template":"","format":"standard","meta":{"jetpack_post_was_ever_published":false,"jetpack_publicize_message":"","jetpack_is_tweetstorm":false,"jetpack_publicize_feature_enabled":true,"jetpack_social_post_already_shared":true,"jetpack_social_options":[]},"categories":[1],"tags":[],"jetpack_publicize_connections":[],"acf":[],"yoast_head":"<!-- This site is optimized with the Yoast SEO plugin v19.14 - https:\/\/yoast.com\/wordpress\/plugins\/seo\/ -->\n<title>INFORME BANC\u00c1RIO \u2013 033 \/ 2018 \u2013DECIS\u00c3O CONFIRMA DIREITO \u00c0 GRATIFICA\u00c7\u00c3O NO BANCO DO BRASIL. - Sindicato dos Banc\u00e1rios de S\u00e3o Bento do Sul e Regi\u00e3o<\/title>\n<meta name=\"robots\" content=\"index, follow, max-snippet:-1, max-image-preview:large, max-video-preview:-1\" \/>\n<link rel=\"canonical\" href=\"https:\/\/sindicatodosbancarios.org.br\/site2022\/2018\/05\/25\/informe-bancario-033-2018-decisao-confirma-direito-a-gratificacao-no-banco-do-brasil\/\" \/>\n<meta property=\"og:locale\" content=\"pt_BR\" \/>\n<meta property=\"og:type\" content=\"article\" \/>\n<meta property=\"og:title\" content=\"INFORME BANC\u00c1RIO \u2013 033 \/ 2018 \u2013DECIS\u00c3O CONFIRMA DIREITO \u00c0 GRATIFICA\u00c7\u00c3O NO BANCO DO BRASIL. - Sindicato dos Banc\u00e1rios de S\u00e3o Bento do Sul e Regi\u00e3o\" \/>\n<meta property=\"og:description\" content=\"Funcion\u00e1rios do Banco do Brasil, que em novembro de 2017 tinham cargo comissionado h\u00e1 no m\u00ednimo dez anos, [&hellip;]\" \/>\n<meta property=\"og:url\" content=\"https:\/\/sindicatodosbancarios.org.br\/site2022\/2018\/05\/25\/informe-bancario-033-2018-decisao-confirma-direito-a-gratificacao-no-banco-do-brasil\/\" \/>\n<meta property=\"og:site_name\" content=\"Sindicato dos Banc\u00e1rios de S\u00e3o Bento do Sul e Regi\u00e3o\" \/>\n<meta property=\"article:author\" content=\"https:\/\/www.facebook.com\/seeb.sbs.9\" \/>\n<meta property=\"article:published_time\" content=\"2018-05-25T13:10:32+00:00\" \/>\n<meta property=\"article:modified_time\" content=\"2018-05-25T13:29:50+00:00\" \/>\n<meta name=\"author\" content=\"Sindicato dos Banc\u00e1rios S\u00e3o Bento do Sul e Regi\u00e3o\" \/>\n<meta name=\"twitter:card\" content=\"summary_large_image\" \/>\n<meta name=\"twitter:label1\" content=\"Escrito por\" \/>\n\t<meta name=\"twitter:data1\" content=\"Sindicato dos Banc\u00e1rios S\u00e3o Bento do Sul e Regi\u00e3o\" \/>\n\t<meta name=\"twitter:label2\" content=\"Est. tempo de leitura\" \/>\n\t<meta name=\"twitter:data2\" content=\"2 minutos\" \/>\n<script type=\"application\/ld+json\" class=\"yoast-schema-graph\">{\"@context\":\"https:\/\/schema.org\",\"@graph\":[{\"@type\":\"Article\",\"@id\":\"https:\/\/sindicatodosbancarios.org.br\/site2022\/2018\/05\/25\/informe-bancario-033-2018-decisao-confirma-direito-a-gratificacao-no-banco-do-brasil\/#article\",\"isPartOf\":{\"@id\":\"https:\/\/sindicatodosbancarios.org.br\/site2022\/2018\/05\/25\/informe-bancario-033-2018-decisao-confirma-direito-a-gratificacao-no-banco-do-brasil\/\"},\"author\":{\"name\":\"Sindicato dos Banc\u00e1rios S\u00e3o Bento do Sul e Regi\u00e3o\",\"@id\":\"https:\/\/sindicatodosbancarios.org.br\/site2022\/#\/schema\/person\/a7d92da77d1084df4d28b57962f1e1bd\"},\"headline\":\"INFORME BANC\u00c1RIO \u2013 033 \/ 2018 \u2013DECIS\u00c3O CONFIRMA DIREITO \u00c0 GRATIFICA\u00c7\u00c3O NO BANCO DO BRASIL.\",\"datePublished\":\"2018-05-25T13:10:32+00:00\",\"dateModified\":\"2018-05-25T13:29:50+00:00\",\"mainEntityOfPage\":{\"@id\":\"https:\/\/sindicatodosbancarios.org.br\/site2022\/2018\/05\/25\/informe-bancario-033-2018-decisao-confirma-direito-a-gratificacao-no-banco-do-brasil\/\"},\"wordCount\":446,\"commentCount\":0,\"publisher\":{\"@id\":\"https:\/\/sindicatodosbancarios.org.br\/site2022\/#organization\"},\"articleSection\":[\"Geral\"],\"inLanguage\":\"pt-BR\",\"potentialAction\":[{\"@type\":\"CommentAction\",\"name\":\"Comment\",\"target\":[\"https:\/\/sindicatodosbancarios.org.br\/site2022\/2018\/05\/25\/informe-bancario-033-2018-decisao-confirma-direito-a-gratificacao-no-banco-do-brasil\/#respond\"]}]},{\"@type\":\"WebPage\",\"@id\":\"https:\/\/sindicatodosbancarios.org.br\/site2022\/2018\/05\/25\/informe-bancario-033-2018-decisao-confirma-direito-a-gratificacao-no-banco-do-brasil\/\",\"url\":\"https:\/\/sindicatodosbancarios.org.br\/site2022\/2018\/05\/25\/informe-bancario-033-2018-decisao-confirma-direito-a-gratificacao-no-banco-do-brasil\/\",\"name\":\"INFORME BANC\u00c1RIO \u2013 033 \/ 2018 \u2013DECIS\u00c3O CONFIRMA DIREITO \u00c0 GRATIFICA\u00c7\u00c3O NO BANCO DO BRASIL. - Sindicato dos Banc\u00e1rios de S\u00e3o Bento do Sul e Regi\u00e3o\",\"isPartOf\":{\"@id\":\"https:\/\/sindicatodosbancarios.org.br\/site2022\/#website\"},\"datePublished\":\"2018-05-25T13:10:32+00:00\",\"dateModified\":\"2018-05-25T13:29:50+00:00\",\"breadcrumb\":{\"@id\":\"https:\/\/sindicatodosbancarios.org.br\/site2022\/2018\/05\/25\/informe-bancario-033-2018-decisao-confirma-direito-a-gratificacao-no-banco-do-brasil\/#breadcrumb\"},\"inLanguage\":\"pt-BR\",\"potentialAction\":[{\"@type\":\"ReadAction\",\"target\":[\"https:\/\/sindicatodosbancarios.org.br\/site2022\/2018\/05\/25\/informe-bancario-033-2018-decisao-confirma-direito-a-gratificacao-no-banco-do-brasil\/\"]}]},{\"@type\":\"BreadcrumbList\",\"@id\":\"https:\/\/sindicatodosbancarios.org.br\/site2022\/2018\/05\/25\/informe-bancario-033-2018-decisao-confirma-direito-a-gratificacao-no-banco-do-brasil\/#breadcrumb\",\"itemListElement\":[{\"@type\":\"ListItem\",\"position\":1,\"name\":\"In\u00edcio\",\"item\":\"https:\/\/sindicatodosbancarios.org.br\/site2022\/\"},{\"@type\":\"ListItem\",\"position\":2,\"name\":\"INFORME BANC\u00c1RIO \u2013 033 \/ 2018 \u2013DECIS\u00c3O CONFIRMA DIREITO \u00c0 GRATIFICA\u00c7\u00c3O NO BANCO DO BRASIL.\"}]},{\"@type\":\"WebSite\",\"@id\":\"https:\/\/sindicatodosbancarios.org.br\/site2022\/#website\",\"url\":\"https:\/\/sindicatodosbancarios.org.br\/site2022\/\",\"name\":\"Sindicato dos Banc\u00e1rios de S\u00e3o Bento do Sul e Regi\u00e3o\",\"description\":\"Website institucional do Sindicato dos Banc\u00e1rios de S\u00e3o Bento do Sul e Regi\u00e3o\",\"publisher\":{\"@id\":\"https:\/\/sindicatodosbancarios.org.br\/site2022\/#organization\"},\"potentialAction\":[{\"@type\":\"SearchAction\",\"target\":{\"@type\":\"EntryPoint\",\"urlTemplate\":\"https:\/\/sindicatodosbancarios.org.br\/site2022\/?s={search_term_string}\"},\"query-input\":\"required name=search_term_string\"}],\"inLanguage\":\"pt-BR\"},{\"@type\":\"Organization\",\"@id\":\"https:\/\/sindicatodosbancarios.org.br\/site2022\/#organization\",\"name\":\"Sindicato dos Banc\u00e1rios de S\u00e3o Bento do Sul e Regi\u00e3o\",\"url\":\"https:\/\/sindicatodosbancarios.org.br\/site2022\/\",\"logo\":{\"@type\":\"ImageObject\",\"inLanguage\":\"pt-BR\",\"@id\":\"https:\/\/sindicatodosbancarios.org.br\/site2022\/#\/schema\/logo\/image\/\",\"url\":\"https:\/\/sindicatodosbancarios.org.br\/site2022\/wp-content\/uploads\/2017\/06\/cropped-logo-2.png\",\"contentUrl\":\"https:\/\/sindicatodosbancarios.org.br\/site2022\/wp-content\/uploads\/2017\/06\/cropped-logo-2.png\",\"width\":292,\"height\":292,\"caption\":\"Sindicato dos Banc\u00e1rios de S\u00e3o Bento do Sul e Regi\u00e3o\"},\"image\":{\"@id\":\"https:\/\/sindicatodosbancarios.org.br\/site2022\/#\/schema\/logo\/image\/\"}},{\"@type\":\"Person\",\"@id\":\"https:\/\/sindicatodosbancarios.org.br\/site2022\/#\/schema\/person\/a7d92da77d1084df4d28b57962f1e1bd\",\"name\":\"Sindicato dos Banc\u00e1rios S\u00e3o Bento do Sul e Regi\u00e3o\",\"image\":{\"@type\":\"ImageObject\",\"inLanguage\":\"pt-BR\",\"@id\":\"https:\/\/sindicatodosbancarios.org.br\/site2022\/#\/schema\/person\/image\/\",\"url\":\"https:\/\/secure.gravatar.com\/avatar\/f1d1a06f698f2345352e539387180d42?s=96&d=mm&r=g\",\"contentUrl\":\"https:\/\/secure.gravatar.com\/avatar\/f1d1a06f698f2345352e539387180d42?s=96&d=mm&r=g\",\"caption\":\"Sindicato dos Banc\u00e1rios S\u00e3o Bento do Sul e Regi\u00e3o\"},\"sameAs\":[\"http:\/\/sindicatodosbancarios.org.br\/site2022\/\",\"https:\/\/www.facebook.com\/seeb.sbs.9\"],\"url\":\"https:\/\/sindicatodosbancarios.org.br\/site2022\/author\/sindicatodosbancarios\/\"}]}<\/script>\n<!-- \/ Yoast SEO plugin. -->","yoast_head_json":{"title":"INFORME BANC\u00c1RIO \u2013 033 \/ 2018 \u2013DECIS\u00c3O CONFIRMA DIREITO \u00c0 GRATIFICA\u00c7\u00c3O NO BANCO DO BRASIL. - Sindicato dos Banc\u00e1rios de S\u00e3o Bento do Sul e Regi\u00e3o","robots":{"index":"index","follow":"follow","max-snippet":"max-snippet:-1","max-image-preview":"max-image-preview:large","max-video-preview":"max-video-preview:-1"},"canonical":"https:\/\/sindicatodosbancarios.org.br\/site2022\/2018\/05\/25\/informe-bancario-033-2018-decisao-confirma-direito-a-gratificacao-no-banco-do-brasil\/","og_locale":"pt_BR","og_type":"article","og_title":"INFORME BANC\u00c1RIO \u2013 033 \/ 2018 \u2013DECIS\u00c3O CONFIRMA DIREITO \u00c0 GRATIFICA\u00c7\u00c3O NO BANCO DO BRASIL. - Sindicato dos Banc\u00e1rios de S\u00e3o Bento do Sul e Regi\u00e3o","og_description":"Funcion\u00e1rios do Banco do Brasil, que em novembro de 2017 tinham cargo comissionado h\u00e1 no m\u00ednimo dez anos, [&hellip;]","og_url":"https:\/\/sindicatodosbancarios.org.br\/site2022\/2018\/05\/25\/informe-bancario-033-2018-decisao-confirma-direito-a-gratificacao-no-banco-do-brasil\/","og_site_name":"Sindicato dos Banc\u00e1rios de S\u00e3o Bento do Sul e Regi\u00e3o","article_author":"https:\/\/www.facebook.com\/seeb.sbs.9","article_published_time":"2018-05-25T13:10:32+00:00","article_modified_time":"2018-05-25T13:29:50+00:00","author":"Sindicato dos Banc\u00e1rios S\u00e3o Bento do Sul e Regi\u00e3o","twitter_card":"summary_large_image","twitter_misc":{"Escrito por":"Sindicato dos Banc\u00e1rios S\u00e3o Bento do Sul e Regi\u00e3o","Est. tempo de leitura":"2 minutos"},"schema":{"@context":"https:\/\/schema.org","@graph":[{"@type":"Article","@id":"https:\/\/sindicatodosbancarios.org.br\/site2022\/2018\/05\/25\/informe-bancario-033-2018-decisao-confirma-direito-a-gratificacao-no-banco-do-brasil\/#article","isPartOf":{"@id":"https:\/\/sindicatodosbancarios.org.br\/site2022\/2018\/05\/25\/informe-bancario-033-2018-decisao-confirma-direito-a-gratificacao-no-banco-do-brasil\/"},"author":{"name":"Sindicato dos Banc\u00e1rios S\u00e3o Bento do Sul e Regi\u00e3o","@id":"https:\/\/sindicatodosbancarios.org.br\/site2022\/#\/schema\/person\/a7d92da77d1084df4d28b57962f1e1bd"},"headline":"INFORME BANC\u00c1RIO \u2013 033 \/ 2018 \u2013DECIS\u00c3O CONFIRMA DIREITO \u00c0 GRATIFICA\u00c7\u00c3O NO BANCO DO BRASIL.","datePublished":"2018-05-25T13:10:32+00:00","dateModified":"2018-05-25T13:29:50+00:00","mainEntityOfPage":{"@id":"https:\/\/sindicatodosbancarios.org.br\/site2022\/2018\/05\/25\/informe-bancario-033-2018-decisao-confirma-direito-a-gratificacao-no-banco-do-brasil\/"},"wordCount":446,"commentCount":0,"publisher":{"@id":"https:\/\/sindicatodosbancarios.org.br\/site2022\/#organization"},"articleSection":["Geral"],"inLanguage":"pt-BR","potentialAction":[{"@type":"CommentAction","name":"Comment","target":["https:\/\/sindicatodosbancarios.org.br\/site2022\/2018\/05\/25\/informe-bancario-033-2018-decisao-confirma-direito-a-gratificacao-no-banco-do-brasil\/#respond"]}]},{"@type":"WebPage","@id":"https:\/\/sindicatodosbancarios.org.br\/site2022\/2018\/05\/25\/informe-bancario-033-2018-decisao-confirma-direito-a-gratificacao-no-banco-do-brasil\/","url":"https:\/\/sindicatodosbancarios.org.br\/site2022\/2018\/05\/25\/informe-bancario-033-2018-decisao-confirma-direito-a-gratificacao-no-banco-do-brasil\/","name":"INFORME BANC\u00c1RIO \u2013 033 \/ 2018 \u2013DECIS\u00c3O CONFIRMA DIREITO \u00c0 GRATIFICA\u00c7\u00c3O NO BANCO DO BRASIL. - Sindicato dos Banc\u00e1rios de S\u00e3o Bento do Sul e Regi\u00e3o","isPartOf":{"@id":"https:\/\/sindicatodosbancarios.org.br\/site2022\/#website"},"datePublished":"2018-05-25T13:10:32+00:00","dateModified":"2018-05-25T13:29:50+00:00","breadcrumb":{"@id":"https:\/\/sindicatodosbancarios.org.br\/site2022\/2018\/05\/25\/informe-bancario-033-2018-decisao-confirma-direito-a-gratificacao-no-banco-do-brasil\/#breadcrumb"},"inLanguage":"pt-BR","potentialAction":[{"@type":"ReadAction","target":["https:\/\/sindicatodosbancarios.org.br\/site2022\/2018\/05\/25\/informe-bancario-033-2018-decisao-confirma-direito-a-gratificacao-no-banco-do-brasil\/"]}]},{"@type":"BreadcrumbList","@id":"https:\/\/sindicatodosbancarios.org.br\/site2022\/2018\/05\/25\/informe-bancario-033-2018-decisao-confirma-direito-a-gratificacao-no-banco-do-brasil\/#breadcrumb","itemListElement":[{"@type":"ListItem","position":1,"name":"In\u00edcio","item":"https:\/\/sindicatodosbancarios.org.br\/site2022\/"},{"@type":"ListItem","position":2,"name":"INFORME BANC\u00c1RIO \u2013 033 \/ 2018 \u2013DECIS\u00c3O CONFIRMA DIREITO \u00c0 GRATIFICA\u00c7\u00c3O NO BANCO DO BRASIL."}]},{"@type":"WebSite","@id":"https:\/\/sindicatodosbancarios.org.br\/site2022\/#website","url":"https:\/\/sindicatodosbancarios.org.br\/site2022\/","name":"Sindicato dos Banc\u00e1rios de S\u00e3o Bento do Sul e Regi\u00e3o","description":"Website institucional do Sindicato dos Banc\u00e1rios de S\u00e3o Bento do Sul e Regi\u00e3o","publisher":{"@id":"https:\/\/sindicatodosbancarios.org.br\/site2022\/#organization"},"potentialAction":[{"@type":"SearchAction","target":{"@type":"EntryPoint","urlTemplate":"https:\/\/sindicatodosbancarios.org.br\/site2022\/?s={search_term_string}"},"query-input":"required name=search_term_string"}],"inLanguage":"pt-BR"},{"@type":"Organization","@id":"https:\/\/sindicatodosbancarios.org.br\/site2022\/#organization","name":"Sindicato dos Banc\u00e1rios de S\u00e3o Bento do Sul e Regi\u00e3o","url":"https:\/\/sindicatodosbancarios.org.br\/site2022\/","logo":{"@type":"ImageObject","inLanguage":"pt-BR","@id":"https:\/\/sindicatodosbancarios.org.br\/site2022\/#\/schema\/logo\/image\/","url":"https:\/\/sindicatodosbancarios.org.br\/site2022\/wp-content\/uploads\/2017\/06\/cropped-logo-2.png","contentUrl":"https:\/\/sindicatodosbancarios.org.br\/site2022\/wp-content\/uploads\/2017\/06\/cropped-logo-2.png","width":292,"height":292,"caption":"Sindicato dos Banc\u00e1rios de S\u00e3o Bento do Sul e Regi\u00e3o"},"image":{"@id":"https:\/\/sindicatodosbancarios.org.br\/site2022\/#\/schema\/logo\/image\/"}},{"@type":"Person","@id":"https:\/\/sindicatodosbancarios.org.br\/site2022\/#\/schema\/person\/a7d92da77d1084df4d28b57962f1e1bd","name":"Sindicato dos Banc\u00e1rios S\u00e3o Bento do Sul e Regi\u00e3o","image":{"@type":"ImageObject","inLanguage":"pt-BR","@id":"https:\/\/sindicatodosbancarios.org.br\/site2022\/#\/schema\/person\/image\/","url":"https:\/\/secure.gravatar.com\/avatar\/f1d1a06f698f2345352e539387180d42?s=96&d=mm&r=g","contentUrl":"https:\/\/secure.gravatar.com\/avatar\/f1d1a06f698f2345352e539387180d42?s=96&d=mm&r=g","caption":"Sindicato dos Banc\u00e1rios S\u00e3o Bento do Sul e Regi\u00e3o"},"sameAs":["http:\/\/sindicatodosbancarios.org.br\/site2022\/","https:\/\/www.facebook.com\/seeb.sbs.9"],"url":"https:\/\/sindicatodosbancarios.org.br\/site2022\/author\/sindicatodosbancarios\/"}]}},"jetpack_featured_media_url":"","jetpack_sharing_enabled":true,"jetpack_shortlink":"https:\/\/wp.me\/p8RSbI-EN","jetpack-related-posts":[{"id":5356,"url":"https:\/\/sindicatodosbancarios.org.br\/site2022\/2021\/04\/30\/informe-bancarios-113-2021-nota-explicativa-gratificacao-de-caixa-banco-do-brasil\/","url_meta":{"origin":2529,"position":0},"title":"INFORME BANC\u00c1RIOS \u2013 113\/2021 \u201cNota explicativa&#8221; \u2013 Gratifica\u00e7\u00e3o de Caixa \u2013 Banco do Brasil","date":"30 de abril de 2021","format":false,"excerpt":"A CONTEC ajuizou a\u00e7\u00e3o civil p\u00fablica (n.\u00ba 0000102-38.2021.5.10.0016 \u2013 16\u00aa Vara do Trabalho de Bras\u00edlia) em que o Ju\u00edzo deferiu tutela antecipada (liminar) determinando que \u201c...o Banco r\u00e9u mantenha o pagamento integral da \u201cgratifica\u00e7\u00e3o de caixa\u201d aos substitu\u00eddos, ou restabele\u00e7a, no prazo m\u00e1ximo de 10 dias, o pagamento da referida\u2026","rel":"","context":"Em &quot;Banco do Brasil&quot;","img":{"alt_text":"","src":"https:\/\/i0.wp.com\/sindicatodosbancarios.org.br\/site2022\/wp-content\/uploads\/2020\/10\/16da4bb8-banco-do-brasil.jpeg?resize=350%2C200&ssl=1","width":350,"height":200},"classes":[]},{"id":4559,"url":"https:\/\/sindicatodosbancarios.org.br\/site2022\/2020\/09\/29\/informe-bancario-368-2020-empregado-nao-incorpora-gratificacao-de-funcao-exercida-por-mais-de-10-anos\/","url_meta":{"origin":2529,"position":1},"title":"INFORME BANC\u00c1RIO \u2013 368\/2020 Empregado n\u00e3o incorpora gratifica\u00e7\u00e3o de fun\u00e7\u00e3o exercida por mais de 10 anos","date":"29 de setembro de 2020","format":false,"excerpt":"A 4\u00aa Turma do Tribunal Superior do Trabalho julgou improcedente o pedido de um empregado dos Correios de incorpora\u00e7\u00e3o da gratifica\u00e7\u00e3o de fun\u00e7\u00e3o exercida por mais de dez anos. O colegiado entendeu que, ap\u00f3s a Reforma Trabalhista (Lei 13.467\/2017), n\u00e3o h\u00e1 direito adquirido \u00e0 incorpora\u00e7\u00e3o da gratifica\u00e7\u00e3o de fun\u00e7\u00e3o, ainda\u2026","rel":"","context":"Em &quot;Geral&quot;","img":{"alt_text":"","src":"https:\/\/i0.wp.com\/sindicatodosbancarios.org.br\/site2022\/wp-content\/uploads\/2020\/09\/Orgaos-TST-SDI-SDC.png?resize=350%2C200&ssl=1","width":350,"height":200},"classes":[]},{"id":5258,"url":"https:\/\/sindicatodosbancarios.org.br\/site2022\/2021\/03\/19\/informe-bancarios-84-2021-contec-ajuiza-tres-acoes-contra-o-banco-do-brasil-sa\/","url_meta":{"origin":2529,"position":2},"title":"INFORME BANC\u00c1RIOS \u2013 84\/2021 CONTEC AJU\u00cdZA TR\u00caS A\u00c7\u00d5ES CONTRA O BANCO DO BRASIL SA","date":"19 de mar\u00e7o de 2021","format":false,"excerpt":"O fechamento de cerca de 300 ag\u00eancias em todo o Pa\u00eds, demiss\u00e3o de cerca de 5 mil Banc\u00e1rios (por meio de PDV), extin\u00e7\u00e3o da Gratifica\u00e7\u00e3o de Caixa e Descomissionamentos. Essas s\u00e3o as medidas previstas na Reestrutura\u00e7\u00e3o do Banco Do Brasil, anunciada pela Dire\u00e7\u00e3o da institui\u00e7\u00e3o P\u00fablica em janeiro de 2021.\u2026","rel":"","context":"Em &quot;Banco do Brasil&quot;","img":{"alt_text":"","src":"https:\/\/i0.wp.com\/sindicatodosbancarios.org.br\/site2022\/wp-content\/uploads\/2021\/03\/180321150851-BB.png?resize=350%2C200&ssl=1","width":350,"height":200},"classes":[]},{"id":5261,"url":"https:\/\/sindicatodosbancarios.org.br\/site2022\/2021\/03\/21\/informe-bancarios-85-2021-restabelecimento-do-pagamento-pelo-exercicio-da-funcao-de-caixa-executivo-efetivo\/","url_meta":{"origin":2529,"position":3},"title":"INFORME BANC\u00c1RIOS \u2013 85\/2021 RESTABELECIMENTO DO PAGAMENTO PELO EXERC\u00cdCIO DA FUN\u00c7\u00c3O DE CAIXA EXECUTIVO EFETIVO","date":"21 de mar\u00e7o de 2021","format":false,"excerpt":"S\u00e3o Bento do Sul, 21 de Mar\u00e7o de 2021. Caros Colegas, RESTABELECIMENTO DO PAGAMENTO PELO EXERC\u00cdCIO DA FUN\u00c7\u00c3O DE CAIXA EXECUTIVO EFETIVO, AOS QUE EXERCIAM TAL FUN\u00c7\u00c3O EM 11\/01\/2021- A Ju\u00edza do Trabalho Substituta, da 16\u00aa. Vara do Trabalho de Bras\u00edlia, Dra. JAELINE BOSO PORTELA DE SANTANA STROBEL, reviu seu\u2026","rel":"","context":"Em &quot;Banco do Brasil&quot;","img":{"alt_text":"","src":"https:\/\/i0.wp.com\/sindicatodosbancarios.org.br\/site2022\/wp-content\/uploads\/2020\/10\/16da4bb8-banco-do-brasil.jpeg?resize=350%2C200&ssl=1","width":350,"height":200},"classes":[]},{"id":5161,"url":"https:\/\/sindicatodosbancarios.org.br\/site2022\/2021\/02\/11\/informe-bancarios-56-2021-reuniao-com-o-banco-do-brasil-sobre-a-gratificacao-dos-caixas-executivos-efetivos\/","url_meta":{"origin":2529,"position":4},"title":"INFORME BANC\u00c1RIOS \u2013 56\/2021 Reuni\u00e3o com o Banco do Brasil sobre a gratifica\u00e7\u00e3o dos caixas executivos efetivos","date":"11 de fevereiro de 2021","format":false,"excerpt":"Na manh\u00e3 desta quarta-feira (10), a\u00a0Comiss\u00e3o de Negocia\u00e7\u00e3o da\u00a0CONTEC reuniu-se com a representa\u00e7\u00e3o do Banco do Brasil, com o intuito de negociar uma forma de minimizar os efeitos danosos, ao funcionalismo e \u00e0 popula\u00e7\u00e3o em geral, com rela\u00e7\u00e3o a\u00a0ideia\u00a0da Empresa de \u201cdesgratificar\u201d os Caixas Executivos Efetivos, segundo\u00a0noticiou em 10\/01\/2021. Inicialmente,\u2026","rel":"","context":"Em &quot;Banco do Brasil&quot;","img":{"alt_text":"","src":"https:\/\/i0.wp.com\/sindicatodosbancarios.org.br\/site2022\/wp-content\/uploads\/2021\/02\/A93C2CF5-7DB6-4006-88B7-0752AAA718E1-850x448.jpeg?resize=350%2C200&ssl=1","width":350,"height":200},"classes":[]},{"id":4345,"url":"https:\/\/sindicatodosbancarios.org.br\/site2022\/2020\/08\/26\/informe-bancario-316-2020-campanha-salarial-dos-bancarios-2020-11a-reuniao-fenaban\/","url_meta":{"origin":2529,"position":5},"title":"INFORME BANC\u00c1RIO \u2013 316\/2020 CAMPANHA SALARIAL DOS BANC\u00c1RIOS 2020 \u2013 11\u00aa Reuni\u00e3o Fenaban","date":"26 de agosto de 2020","format":false,"excerpt":"A\u00a0partir\u00a0das 15\u00a0h, desta\u00a0ter\u00e7a-feira\u00a0(25\/08)\u00a0\u2013\u00a0via remota\/virtual \u2013,\u00a0a\u00a0Comiss\u00e3o Executiva Banc\u00e1ria Nacional\u00a0de Negocia\u00e7\u00e3o (CEBNN\/CONTEC) voltou a se reunir\u00a0com\u00a0a\u00a0Comiss\u00e3o de Negocia\u00e7\u00e3o da\u00a0FENABAN para\u00a0debater\u00a0as reivindica\u00e7\u00f5es dos\u00a0banc\u00e1rios\u00a0para a presente data-base,\u00a0insistindo na\u00a0manuten\u00e7\u00e3o dos\u00a0direitos\u00a0convencionados\u00a0e\u00a0acr\u00e9scimo de\u00a0outros benef\u00edcios \u00e0\u00a0Conven\u00e7\u00e3o\u00a0Coletiva de\u00a0Trabalho, com objetivo de\u00a0melhorar a\u00a0qualidade de vida\u00a0dos\u00a0banc\u00e1rios\u00a0e\u00a0o\u00a0bom\u00a0atendimento da sociedade. A reuni\u00e3o teve in\u00edcio com a\u00a0apresenta\u00e7\u00e3o, pela\u00a0Fenaban, de\u00a0reajuste zero\u00a0(que implica em perdas irrecuper\u00e1veis);\u00a0com\u00a0abonos\u2026","rel":"","context":"Em &quot;Banco do Brasil&quot;","img":{"alt_text":"","src":"https:\/\/i0.wp.com\/sindicatodosbancarios.org.br\/site2022\/wp-content\/uploads\/2020\/08\/04f6a3cb0c372e08c33568a3fe46733d-1.jpeg?resize=350%2C200&ssl=1","width":350,"height":200},"classes":[]}],"_links":{"self":[{"href":"https:\/\/sindicatodosbancarios.org.br\/site2022\/wp-json\/wp\/v2\/posts\/2529"}],"collection":[{"href":"https:\/\/sindicatodosbancarios.org.br\/site2022\/wp-json\/wp\/v2\/posts"}],"about":[{"href":"https:\/\/sindicatodosbancarios.org.br\/site2022\/wp-json\/wp\/v2\/types\/post"}],"author":[{"embeddable":true,"href":"https:\/\/sindicatodosbancarios.org.br\/site2022\/wp-json\/wp\/v2\/users\/2"}],"replies":[{"embeddable":true,"href":"https:\/\/sindicatodosbancarios.org.br\/site2022\/wp-json\/wp\/v2\/comments?post=2529"}],"version-history":[{"count":1,"href":"https:\/\/sindicatodosbancarios.org.br\/site2022\/wp-json\/wp\/v2\/posts\/2529\/revisions"}],"predecessor-version":[{"id":2530,"href":"https:\/\/sindicatodosbancarios.org.br\/site2022\/wp-json\/wp\/v2\/posts\/2529\/revisions\/2530"}],"wp:attachment":[{"href":"https:\/\/sindicatodosbancarios.org.br\/site2022\/wp-json\/wp\/v2\/media?parent=2529"}],"wp:term":[{"taxonomy":"category","embeddable":true,"href":"https:\/\/sindicatodosbancarios.org.br\/site2022\/wp-json\/wp\/v2\/categories?post=2529"},{"taxonomy":"post_tag","embeddable":true,"href":"https:\/\/sindicatodosbancarios.org.br\/site2022\/wp-json\/wp\/v2\/tags?post=2529"}],"curies":[{"name":"wp","href":"https:\/\/api.w.org\/{rel}","templated":true}]}}