{"id":2548,"date":"2018-06-01T10:46:25","date_gmt":"2018-06-01T13:46:25","guid":{"rendered":"http:\/\/sindicatodosbancarios.org.br\/?p=2548"},"modified":"2018-06-01T11:01:37","modified_gmt":"2018-06-01T14:01:37","slug":"contra-greve-temer-beneficia-transportadoras-que-devem-52-bi-de-imposto","status":"publish","type":"post","link":"https:\/\/sindicatodosbancarios.org.br\/site2022\/2018\/06\/01\/contra-greve-temer-beneficia-transportadoras-que-devem-52-bi-de-imposto\/","title":{"rendered":"INFORME BANC\u00c1RIO &#8211; 036 \/ 2018 &#8211; CONTRA GREVE, TEMER BENEFICIA TRANSPORTADORAS QUE DEVEM 52 BI DE IMPOSTO"},"content":{"rendered":"<p>Empresas do setor de transporte rodovi\u00e1rio de cargas devem R$ 52 bilh\u00f5es em impostos e tributos \u00e0 Uni\u00e3o. O valor \u00e9 resultado de um levantamento feito pela PGFN (Procuradoria-Geral da Fazenda Nacional) a pedido do UOL. O governo do presidente Michel Temer (MDB) prometeu manter benef\u00edcios fiscais para o setor como uma das medidas para p\u00f4r fim \u00e0 greve dos caminhoneiros, contrariando o Minist\u00e9rio da Fazenda. Procurado, o Pal\u00e1cio do Planalto n\u00e3o se manifestou.<\/p>\n<p>A greve dos caminhoneiros come\u00e7ou na semana passada. Milhares de motoristas bloquearam estradas causando uma crise de desabastecimento de diversos setores como o de combust\u00edveis e alimentos. Na semana passada, em meio \u00e0s negocia\u00e7\u00f5es para acabar com a greve, o governo federal anunciou uma s\u00e9rie de medidas.<\/p>\n<p>Entre elas estava manuten\u00e7\u00e3o da desonera\u00e7\u00e3o sobre a folha de pagamento das empresas de transporte rodovi\u00e1rio de cargas. A medida beneficia empresas que atuam no setor na medida em que elas pagar\u00e3o menos impostos ao governo federal relativos \u00e0 folha de pagamento de seus funcion\u00e1rios.<\/p>\n<p>Em conjunto, as medidas anunciadas pelo governo para conter a greve teriam um impacto de R$ 10 bilh\u00f5es nos cofres p\u00fablicos por ano. Esse valor, contudo, \u00e9 um quinto do total da d\u00edvida acumulada pelo setor de transporte rodovi\u00e1rio de cargas.<\/p>\n<p>Segundo a PGFN, o total da d\u00edvida dessas empresas com a Uni\u00e3o \u00e9 de R$ 52 bilh\u00f5es, dos quais R$ 46 bilh\u00f5es s\u00e3o alvo de a\u00e7\u00f5es judiciais de execu\u00e7\u00e3o fiscal. O restante, em torno de R$ 6 bilh\u00f5es, \u00e9 d\u00edvida considerada pelo \u00f3rg\u00e3o como regular, ou seja, est\u00e1 parcelada, sob garantia ou suspensa por decis\u00e3o judicial. A d\u00edvida se refere a impostos n\u00e3o pagos como contribui\u00e7\u00f5es \u00e0 Previd\u00eancia e n\u00e3o recolhimento do FGTS (Fundo de Garantia por Tempo de Servi\u00e7o).<\/p>\n<p>Benef\u00edcio contraria equipe t\u00e9cnica do governo<\/p>\n<p>A manuten\u00e7\u00e3o da desonera\u00e7\u00e3o sobre a folha de pagamentos para o setor de transporte rodovi\u00e1rio de cargas prometida por Temer contraria a \u00e1rea t\u00e9cnica do Minist\u00e9rio da Fazenda. Uma nota t\u00e9cnica produzida pelo Minist\u00e9rio da Fazenda em novembro de 2017 orientou o governo a acabar com a pol\u00edtica de desonera\u00e7\u00f5es &#8220;sem exce\u00e7\u00e3o&#8221;.<\/p>\n<p>A pol\u00edtica de desonera\u00e7\u00f5es fiscais foi iniciada em 2011, durante o governo da ex-presidente Dilma Rousseff (PT), e mantida pelo presidente Temer. Em dezembro de 2017, uma nota t\u00e9cnica produzida pela assessoria especial do ent\u00e3o ministro da Fazenda Henrique Meirelles (hoje pr\u00e9-candidato do MDB \u00e0 Presid\u00eancia da Rep\u00fablica) criticou a pol\u00edtica de desonera\u00e7\u00f5es.<\/p>\n<p>Para Fl\u00e1vio Serrano, economista-chefe do Banco de Investimentos Haitong, a manuten\u00e7\u00e3o da desonera\u00e7\u00e3o para as empresas de transporte rodovi\u00e1rio de carga evidencia as fragilidades do governo do presidente Temer. &#8220;Na verdade, a gente viu um governo fragilizado cedendo a todo tipo de demanda do segmento. O que aconteceu \u00e9 que o governo pegou a popula\u00e7\u00e3o como um todo para pagar a conta do fim da greve&#8221;, afirmou.<\/p>\n<p>Empresas investigadas por locaute ser\u00e3o beneficiadas<\/p>\n<p>Al\u00e9m de ajudar um setor que acumula d\u00edvida bilion\u00e1ria com a Uni\u00e3o, a desonera\u00e7\u00e3o na folha de pagamento prometida pelo governo \u00e0s empresas de transporte rodovi\u00e1rio de cargas tamb\u00e9m dever\u00e1 beneficiar companhias que est\u00e3o sob investiga\u00e7\u00e3o pela pr\u00e1tica de locaute, quando empres\u00e1rios atuam para interromper a produ\u00e7\u00e3o de bens ou o fornecimento de servi\u00e7os.<\/p>\n<p>A PF j\u00e1 abriu pelo menos 37 inqu\u00e9ritos para apurar as responsabilidades de empresas e empres\u00e1rios do setor no agravamento da greve dos caminhoneiros. H\u00e1 relatos de que empres\u00e1rios teriam obrigado seus caminhoneiros a continuarem as paralisa\u00e7\u00f5es.<\/p>\n<p>Nesta quarta-feira (30), a AGU (Advocacia-Geral da Uni\u00e3o) moveu uma a\u00e7\u00e3o contra 96 transportadoras e pediu a aplica\u00e7\u00e3o de multas que totalizam R$ 141 milh\u00f5es. Segundo a AGU, essas transportadoras n\u00e3o teriam obedecido as decis\u00f5es judiciais que determinavam o desbloqueio de diversos trechos de rodovias em todo o Brasil.<\/p>\n<p><span style=\"font-size: 8pt;\">fonte: uol &#8211; 31\/05\/2018<\/span><\/p>\n<p>&nbsp;<\/p>\n","protected":false},"excerpt":{"rendered":"<p>Empresas do setor de transporte rodovi\u00e1rio de cargas devem R$ 52 bilh\u00f5es em impostos e tributos \u00e0 Uni\u00e3o. [&hellip;]<\/p>\n","protected":false},"author":2,"featured_media":1946,"comment_status":"open","ping_status":"open","sticky":false,"template":"","format":"standard","meta":{"jetpack_post_was_ever_published":false,"jetpack_publicize_message":"","jetpack_is_tweetstorm":false,"jetpack_publicize_feature_enabled":true,"jetpack_social_post_already_shared":true,"jetpack_social_options":[]},"categories":[1],"tags":[],"jetpack_publicize_connections":[],"acf":[],"yoast_head":"<!-- This site is optimized with the Yoast SEO plugin v19.14 - https:\/\/yoast.com\/wordpress\/plugins\/seo\/ -->\n<title>INFORME BANC\u00c1RIO - 036 \/ 2018 - CONTRA GREVE, TEMER BENEFICIA TRANSPORTADORAS QUE DEVEM 52 BI DE IMPOSTO - Sindicato dos Banc\u00e1rios de S\u00e3o Bento do Sul e Regi\u00e3o<\/title>\n<meta name=\"robots\" content=\"index, follow, max-snippet:-1, max-image-preview:large, max-video-preview:-1\" \/>\n<link rel=\"canonical\" href=\"https:\/\/sindicatodosbancarios.org.br\/site2022\/2018\/06\/01\/contra-greve-temer-beneficia-transportadoras-que-devem-52-bi-de-imposto\/\" \/>\n<meta property=\"og:locale\" content=\"pt_BR\" \/>\n<meta property=\"og:type\" content=\"article\" \/>\n<meta property=\"og:title\" content=\"INFORME BANC\u00c1RIO - 036 \/ 2018 - CONTRA GREVE, TEMER BENEFICIA TRANSPORTADORAS QUE DEVEM 52 BI DE IMPOSTO - Sindicato dos Banc\u00e1rios de S\u00e3o Bento do Sul e Regi\u00e3o\" \/>\n<meta property=\"og:description\" content=\"Empresas do setor de transporte rodovi\u00e1rio de cargas devem R$ 52 bilh\u00f5es em impostos e tributos \u00e0 Uni\u00e3o. [&hellip;]\" \/>\n<meta property=\"og:url\" content=\"https:\/\/sindicatodosbancarios.org.br\/site2022\/2018\/06\/01\/contra-greve-temer-beneficia-transportadoras-que-devem-52-bi-de-imposto\/\" \/>\n<meta property=\"og:site_name\" content=\"Sindicato dos Banc\u00e1rios de S\u00e3o Bento do Sul e Regi\u00e3o\" \/>\n<meta property=\"article:author\" content=\"https:\/\/www.facebook.com\/seeb.sbs.9\" \/>\n<meta property=\"article:published_time\" content=\"2018-06-01T13:46:25+00:00\" \/>\n<meta property=\"article:modified_time\" content=\"2018-06-01T14:01:37+00:00\" \/>\n<meta property=\"og:image\" content=\"https:\/\/sindicatodosbancarios.org.br\/site2022\/wp-content\/uploads\/2017\/11\/200.jpg\" \/>\n\t<meta property=\"og:image:width\" content=\"1000\" \/>\n\t<meta property=\"og:image:height\" content=\"666\" \/>\n\t<meta property=\"og:image:type\" content=\"image\/jpeg\" \/>\n<meta name=\"author\" content=\"Sindicato dos Banc\u00e1rios S\u00e3o Bento do Sul e Regi\u00e3o\" \/>\n<meta name=\"twitter:card\" content=\"summary_large_image\" \/>\n<meta name=\"twitter:label1\" content=\"Escrito por\" \/>\n\t<meta name=\"twitter:data1\" content=\"Sindicato dos Banc\u00e1rios S\u00e3o Bento do Sul e Regi\u00e3o\" \/>\n\t<meta name=\"twitter:label2\" content=\"Est. tempo de leitura\" \/>\n\t<meta name=\"twitter:data2\" content=\"3 minutos\" \/>\n<script type=\"application\/ld+json\" class=\"yoast-schema-graph\">{\"@context\":\"https:\/\/schema.org\",\"@graph\":[{\"@type\":\"Article\",\"@id\":\"https:\/\/sindicatodosbancarios.org.br\/site2022\/2018\/06\/01\/contra-greve-temer-beneficia-transportadoras-que-devem-52-bi-de-imposto\/#article\",\"isPartOf\":{\"@id\":\"https:\/\/sindicatodosbancarios.org.br\/site2022\/2018\/06\/01\/contra-greve-temer-beneficia-transportadoras-que-devem-52-bi-de-imposto\/\"},\"author\":{\"name\":\"Sindicato dos Banc\u00e1rios S\u00e3o Bento do Sul e Regi\u00e3o\",\"@id\":\"https:\/\/sindicatodosbancarios.org.br\/site2022\/#\/schema\/person\/a7d92da77d1084df4d28b57962f1e1bd\"},\"headline\":\"INFORME BANC\u00c1RIO &#8211; 036 \/ 2018 &#8211; CONTRA GREVE, TEMER BENEFICIA TRANSPORTADORAS QUE DEVEM 52 BI DE IMPOSTO\",\"datePublished\":\"2018-06-01T13:46:25+00:00\",\"dateModified\":\"2018-06-01T14:01:37+00:00\",\"mainEntityOfPage\":{\"@id\":\"https:\/\/sindicatodosbancarios.org.br\/site2022\/2018\/06\/01\/contra-greve-temer-beneficia-transportadoras-que-devem-52-bi-de-imposto\/\"},\"wordCount\":696,\"commentCount\":0,\"publisher\":{\"@id\":\"https:\/\/sindicatodosbancarios.org.br\/site2022\/#organization\"},\"articleSection\":[\"Geral\"],\"inLanguage\":\"pt-BR\",\"potentialAction\":[{\"@type\":\"CommentAction\",\"name\":\"Comment\",\"target\":[\"https:\/\/sindicatodosbancarios.org.br\/site2022\/2018\/06\/01\/contra-greve-temer-beneficia-transportadoras-que-devem-52-bi-de-imposto\/#respond\"]}]},{\"@type\":\"WebPage\",\"@id\":\"https:\/\/sindicatodosbancarios.org.br\/site2022\/2018\/06\/01\/contra-greve-temer-beneficia-transportadoras-que-devem-52-bi-de-imposto\/\",\"url\":\"https:\/\/sindicatodosbancarios.org.br\/site2022\/2018\/06\/01\/contra-greve-temer-beneficia-transportadoras-que-devem-52-bi-de-imposto\/\",\"name\":\"INFORME BANC\u00c1RIO - 036 \/ 2018 - CONTRA GREVE, TEMER BENEFICIA TRANSPORTADORAS QUE DEVEM 52 BI DE IMPOSTO - Sindicato dos Banc\u00e1rios de S\u00e3o Bento do Sul e Regi\u00e3o\",\"isPartOf\":{\"@id\":\"https:\/\/sindicatodosbancarios.org.br\/site2022\/#website\"},\"datePublished\":\"2018-06-01T13:46:25+00:00\",\"dateModified\":\"2018-06-01T14:01:37+00:00\",\"breadcrumb\":{\"@id\":\"https:\/\/sindicatodosbancarios.org.br\/site2022\/2018\/06\/01\/contra-greve-temer-beneficia-transportadoras-que-devem-52-bi-de-imposto\/#breadcrumb\"},\"inLanguage\":\"pt-BR\",\"potentialAction\":[{\"@type\":\"ReadAction\",\"target\":[\"https:\/\/sindicatodosbancarios.org.br\/site2022\/2018\/06\/01\/contra-greve-temer-beneficia-transportadoras-que-devem-52-bi-de-imposto\/\"]}]},{\"@type\":\"BreadcrumbList\",\"@id\":\"https:\/\/sindicatodosbancarios.org.br\/site2022\/2018\/06\/01\/contra-greve-temer-beneficia-transportadoras-que-devem-52-bi-de-imposto\/#breadcrumb\",\"itemListElement\":[{\"@type\":\"ListItem\",\"position\":1,\"name\":\"In\u00edcio\",\"item\":\"https:\/\/sindicatodosbancarios.org.br\/site2022\/\"},{\"@type\":\"ListItem\",\"position\":2,\"name\":\"INFORME BANC\u00c1RIO &#8211; 036 \/ 2018 &#8211; CONTRA GREVE, TEMER BENEFICIA TRANSPORTADORAS QUE DEVEM 52 BI DE IMPOSTO\"}]},{\"@type\":\"WebSite\",\"@id\":\"https:\/\/sindicatodosbancarios.org.br\/site2022\/#website\",\"url\":\"https:\/\/sindicatodosbancarios.org.br\/site2022\/\",\"name\":\"Sindicato dos Banc\u00e1rios de S\u00e3o Bento do Sul e Regi\u00e3o\",\"description\":\"Website institucional do Sindicato dos Banc\u00e1rios de S\u00e3o Bento do Sul e Regi\u00e3o\",\"publisher\":{\"@id\":\"https:\/\/sindicatodosbancarios.org.br\/site2022\/#organization\"},\"potentialAction\":[{\"@type\":\"SearchAction\",\"target\":{\"@type\":\"EntryPoint\",\"urlTemplate\":\"https:\/\/sindicatodosbancarios.org.br\/site2022\/?s={search_term_string}\"},\"query-input\":\"required name=search_term_string\"}],\"inLanguage\":\"pt-BR\"},{\"@type\":\"Organization\",\"@id\":\"https:\/\/sindicatodosbancarios.org.br\/site2022\/#organization\",\"name\":\"Sindicato dos Banc\u00e1rios de S\u00e3o Bento do Sul e Regi\u00e3o\",\"url\":\"https:\/\/sindicatodosbancarios.org.br\/site2022\/\",\"logo\":{\"@type\":\"ImageObject\",\"inLanguage\":\"pt-BR\",\"@id\":\"https:\/\/sindicatodosbancarios.org.br\/site2022\/#\/schema\/logo\/image\/\",\"url\":\"https:\/\/sindicatodosbancarios.org.br\/site2022\/wp-content\/uploads\/2017\/06\/cropped-logo-2.png\",\"contentUrl\":\"https:\/\/sindicatodosbancarios.org.br\/site2022\/wp-content\/uploads\/2017\/06\/cropped-logo-2.png\",\"width\":292,\"height\":292,\"caption\":\"Sindicato dos Banc\u00e1rios de S\u00e3o Bento do Sul e Regi\u00e3o\"},\"image\":{\"@id\":\"https:\/\/sindicatodosbancarios.org.br\/site2022\/#\/schema\/logo\/image\/\"}},{\"@type\":\"Person\",\"@id\":\"https:\/\/sindicatodosbancarios.org.br\/site2022\/#\/schema\/person\/a7d92da77d1084df4d28b57962f1e1bd\",\"name\":\"Sindicato dos Banc\u00e1rios S\u00e3o Bento do Sul e Regi\u00e3o\",\"image\":{\"@type\":\"ImageObject\",\"inLanguage\":\"pt-BR\",\"@id\":\"https:\/\/sindicatodosbancarios.org.br\/site2022\/#\/schema\/person\/image\/\",\"url\":\"https:\/\/secure.gravatar.com\/avatar\/f1d1a06f698f2345352e539387180d42?s=96&d=mm&r=g\",\"contentUrl\":\"https:\/\/secure.gravatar.com\/avatar\/f1d1a06f698f2345352e539387180d42?s=96&d=mm&r=g\",\"caption\":\"Sindicato dos Banc\u00e1rios S\u00e3o Bento do Sul e Regi\u00e3o\"},\"sameAs\":[\"http:\/\/sindicatodosbancarios.org.br\/site2022\/\",\"https:\/\/www.facebook.com\/seeb.sbs.9\"],\"url\":\"https:\/\/sindicatodosbancarios.org.br\/site2022\/author\/sindicatodosbancarios\/\"}]}<\/script>\n<!-- \/ Yoast SEO plugin. -->","yoast_head_json":{"title":"INFORME BANC\u00c1RIO - 036 \/ 2018 - CONTRA GREVE, TEMER BENEFICIA TRANSPORTADORAS QUE DEVEM 52 BI DE IMPOSTO - Sindicato dos Banc\u00e1rios de S\u00e3o Bento do Sul e Regi\u00e3o","robots":{"index":"index","follow":"follow","max-snippet":"max-snippet:-1","max-image-preview":"max-image-preview:large","max-video-preview":"max-video-preview:-1"},"canonical":"https:\/\/sindicatodosbancarios.org.br\/site2022\/2018\/06\/01\/contra-greve-temer-beneficia-transportadoras-que-devem-52-bi-de-imposto\/","og_locale":"pt_BR","og_type":"article","og_title":"INFORME BANC\u00c1RIO - 036 \/ 2018 - CONTRA GREVE, TEMER BENEFICIA TRANSPORTADORAS QUE DEVEM 52 BI DE IMPOSTO - Sindicato dos Banc\u00e1rios de S\u00e3o Bento do Sul e Regi\u00e3o","og_description":"Empresas do setor de transporte rodovi\u00e1rio de cargas devem R$ 52 bilh\u00f5es em impostos e tributos \u00e0 Uni\u00e3o. [&hellip;]","og_url":"https:\/\/sindicatodosbancarios.org.br\/site2022\/2018\/06\/01\/contra-greve-temer-beneficia-transportadoras-que-devem-52-bi-de-imposto\/","og_site_name":"Sindicato dos Banc\u00e1rios de S\u00e3o Bento do Sul e Regi\u00e3o","article_author":"https:\/\/www.facebook.com\/seeb.sbs.9","article_published_time":"2018-06-01T13:46:25+00:00","article_modified_time":"2018-06-01T14:01:37+00:00","og_image":[{"width":1000,"height":666,"url":"https:\/\/sindicatodosbancarios.org.br\/site2022\/wp-content\/uploads\/2017\/11\/200.jpg","type":"image\/jpeg"}],"author":"Sindicato dos Banc\u00e1rios S\u00e3o Bento do Sul e Regi\u00e3o","twitter_card":"summary_large_image","twitter_misc":{"Escrito por":"Sindicato dos Banc\u00e1rios S\u00e3o Bento do Sul e Regi\u00e3o","Est. tempo de leitura":"3 minutos"},"schema":{"@context":"https:\/\/schema.org","@graph":[{"@type":"Article","@id":"https:\/\/sindicatodosbancarios.org.br\/site2022\/2018\/06\/01\/contra-greve-temer-beneficia-transportadoras-que-devem-52-bi-de-imposto\/#article","isPartOf":{"@id":"https:\/\/sindicatodosbancarios.org.br\/site2022\/2018\/06\/01\/contra-greve-temer-beneficia-transportadoras-que-devem-52-bi-de-imposto\/"},"author":{"name":"Sindicato dos Banc\u00e1rios S\u00e3o Bento do Sul e Regi\u00e3o","@id":"https:\/\/sindicatodosbancarios.org.br\/site2022\/#\/schema\/person\/a7d92da77d1084df4d28b57962f1e1bd"},"headline":"INFORME BANC\u00c1RIO &#8211; 036 \/ 2018 &#8211; CONTRA GREVE, TEMER BENEFICIA TRANSPORTADORAS QUE DEVEM 52 BI DE IMPOSTO","datePublished":"2018-06-01T13:46:25+00:00","dateModified":"2018-06-01T14:01:37+00:00","mainEntityOfPage":{"@id":"https:\/\/sindicatodosbancarios.org.br\/site2022\/2018\/06\/01\/contra-greve-temer-beneficia-transportadoras-que-devem-52-bi-de-imposto\/"},"wordCount":696,"commentCount":0,"publisher":{"@id":"https:\/\/sindicatodosbancarios.org.br\/site2022\/#organization"},"articleSection":["Geral"],"inLanguage":"pt-BR","potentialAction":[{"@type":"CommentAction","name":"Comment","target":["https:\/\/sindicatodosbancarios.org.br\/site2022\/2018\/06\/01\/contra-greve-temer-beneficia-transportadoras-que-devem-52-bi-de-imposto\/#respond"]}]},{"@type":"WebPage","@id":"https:\/\/sindicatodosbancarios.org.br\/site2022\/2018\/06\/01\/contra-greve-temer-beneficia-transportadoras-que-devem-52-bi-de-imposto\/","url":"https:\/\/sindicatodosbancarios.org.br\/site2022\/2018\/06\/01\/contra-greve-temer-beneficia-transportadoras-que-devem-52-bi-de-imposto\/","name":"INFORME BANC\u00c1RIO - 036 \/ 2018 - CONTRA GREVE, TEMER BENEFICIA TRANSPORTADORAS QUE DEVEM 52 BI DE IMPOSTO - Sindicato dos Banc\u00e1rios de S\u00e3o Bento do Sul e Regi\u00e3o","isPartOf":{"@id":"https:\/\/sindicatodosbancarios.org.br\/site2022\/#website"},"datePublished":"2018-06-01T13:46:25+00:00","dateModified":"2018-06-01T14:01:37+00:00","breadcrumb":{"@id":"https:\/\/sindicatodosbancarios.org.br\/site2022\/2018\/06\/01\/contra-greve-temer-beneficia-transportadoras-que-devem-52-bi-de-imposto\/#breadcrumb"},"inLanguage":"pt-BR","potentialAction":[{"@type":"ReadAction","target":["https:\/\/sindicatodosbancarios.org.br\/site2022\/2018\/06\/01\/contra-greve-temer-beneficia-transportadoras-que-devem-52-bi-de-imposto\/"]}]},{"@type":"BreadcrumbList","@id":"https:\/\/sindicatodosbancarios.org.br\/site2022\/2018\/06\/01\/contra-greve-temer-beneficia-transportadoras-que-devem-52-bi-de-imposto\/#breadcrumb","itemListElement":[{"@type":"ListItem","position":1,"name":"In\u00edcio","item":"https:\/\/sindicatodosbancarios.org.br\/site2022\/"},{"@type":"ListItem","position":2,"name":"INFORME BANC\u00c1RIO &#8211; 036 \/ 2018 &#8211; CONTRA GREVE, TEMER BENEFICIA TRANSPORTADORAS QUE DEVEM 52 BI DE IMPOSTO"}]},{"@type":"WebSite","@id":"https:\/\/sindicatodosbancarios.org.br\/site2022\/#website","url":"https:\/\/sindicatodosbancarios.org.br\/site2022\/","name":"Sindicato dos Banc\u00e1rios de S\u00e3o Bento do Sul e Regi\u00e3o","description":"Website institucional do Sindicato dos Banc\u00e1rios de S\u00e3o Bento do Sul e Regi\u00e3o","publisher":{"@id":"https:\/\/sindicatodosbancarios.org.br\/site2022\/#organization"},"potentialAction":[{"@type":"SearchAction","target":{"@type":"EntryPoint","urlTemplate":"https:\/\/sindicatodosbancarios.org.br\/site2022\/?s={search_term_string}"},"query-input":"required name=search_term_string"}],"inLanguage":"pt-BR"},{"@type":"Organization","@id":"https:\/\/sindicatodosbancarios.org.br\/site2022\/#organization","name":"Sindicato dos Banc\u00e1rios de S\u00e3o Bento do Sul e Regi\u00e3o","url":"https:\/\/sindicatodosbancarios.org.br\/site2022\/","logo":{"@type":"ImageObject","inLanguage":"pt-BR","@id":"https:\/\/sindicatodosbancarios.org.br\/site2022\/#\/schema\/logo\/image\/","url":"https:\/\/sindicatodosbancarios.org.br\/site2022\/wp-content\/uploads\/2017\/06\/cropped-logo-2.png","contentUrl":"https:\/\/sindicatodosbancarios.org.br\/site2022\/wp-content\/uploads\/2017\/06\/cropped-logo-2.png","width":292,"height":292,"caption":"Sindicato dos Banc\u00e1rios de S\u00e3o Bento do Sul e Regi\u00e3o"},"image":{"@id":"https:\/\/sindicatodosbancarios.org.br\/site2022\/#\/schema\/logo\/image\/"}},{"@type":"Person","@id":"https:\/\/sindicatodosbancarios.org.br\/site2022\/#\/schema\/person\/a7d92da77d1084df4d28b57962f1e1bd","name":"Sindicato dos Banc\u00e1rios S\u00e3o Bento do Sul e Regi\u00e3o","image":{"@type":"ImageObject","inLanguage":"pt-BR","@id":"https:\/\/sindicatodosbancarios.org.br\/site2022\/#\/schema\/person\/image\/","url":"https:\/\/secure.gravatar.com\/avatar\/f1d1a06f698f2345352e539387180d42?s=96&d=mm&r=g","contentUrl":"https:\/\/secure.gravatar.com\/avatar\/f1d1a06f698f2345352e539387180d42?s=96&d=mm&r=g","caption":"Sindicato dos Banc\u00e1rios S\u00e3o Bento do Sul e Regi\u00e3o"},"sameAs":["http:\/\/sindicatodosbancarios.org.br\/site2022\/","https:\/\/www.facebook.com\/seeb.sbs.9"],"url":"https:\/\/sindicatodosbancarios.org.br\/site2022\/author\/sindicatodosbancarios\/"}]}},"jetpack_featured_media_url":"https:\/\/sindicatodosbancarios.org.br\/site2022\/wp-content\/uploads\/2017\/11\/200.jpg","jetpack_sharing_enabled":true,"jetpack_shortlink":"https:\/\/wp.me\/p8RSbI-F6","jetpack-related-posts":[{"id":6314,"url":"https:\/\/sindicatodosbancarios.org.br\/site2022\/2022\/04\/27\/informe-bancario-51-2022-sem-sinalizacao-do-governo-servidores-do-bc-se-reunem-na-sexta-feira-sobre-greve\/","url_meta":{"origin":2548,"position":0},"title":"INFORME BANC\u00c1RIO \u2013 51\/2022 Sem sinaliza\u00e7\u00e3o do governo, servidores do BC se re\u00fanem na sexta-feira sobre greve","date":"27 de abril de 2022","format":false,"excerpt":"O presidente do Sinal (Sindicato Nacional de Funcion\u00e1rios do Banco Central), F\u00e1bio Faiad, afirmou hoje ao Broadcast (sistema de not\u00edcias em tempo real do Grupo Estado) que a categoria se re\u00fane na sexta-feira (29), \u00e0s 14 horas, para definir os rumos da greve, que foi suspensa na semana passada entre\u2026","rel":"","context":"Em &quot;Geral&quot;","img":{"alt_text":"","src":"https:\/\/i0.wp.com\/sindicatodosbancarios.org.br\/site2022\/wp-content\/uploads\/2021\/06\/BC-2-868x644.jpg?resize=350%2C200&ssl=1","width":350,"height":200},"classes":[]},{"id":5495,"url":"https:\/\/sindicatodosbancarios.org.br\/site2022\/2021\/06\/23\/informe-bancario-156-2021-policias-do-brasil-todo-entrarao-em-greve-contra-a-reforma-administrativa\/","url_meta":{"origin":2548,"position":1},"title":"INFORME BANC\u00c1RIO \u2013 156\/2021 Policias do Brasil todo entrar\u00e3o em greve contra a Reforma Administrativa","date":"23 de junho de 2021","format":false,"excerpt":"Servidores p\u00fablicos de todo o pa\u00eds, exceto da Sa\u00fade, devem paralisar atividades na pr\u00f3xima quarta-feira (23) Policias do Brasil inteiro est\u00e3o organizando uma manifesta\u00e7\u00e3o contra a reforma administrativa . Liderados pela Uni\u00e3o de Policiais do Brasil (UPB), mais de 20 entidades que representam carreiras da seguran\u00e7a p\u00fablica apoiam o movimento.\u2026","rel":"","context":"Em &quot;Geral&quot;","img":{"alt_text":"","src":"https:\/\/i0.wp.com\/sindicatodosbancarios.org.br\/site2022\/wp-content\/uploads\/2021\/06\/formaturapm-1024x704.jpg?resize=350%2C200&ssl=1","width":350,"height":200},"classes":[]},{"id":4232,"url":"https:\/\/sindicatodosbancarios.org.br\/site2022\/2020\/08\/07\/informe-bancario-283-2020-em-nota-correios-dizem-que-nao-pretendem-suprimir-direitos-dos-empregados\/","url_meta":{"origin":2548,"position":2},"title":"INFORME BANC\u00c1RIO \u2013 283\/2020 Em nota, Correios dizem que n\u00e3o pretendem suprimir direitos dos empregados","date":"7 de agosto de 2020","format":false,"excerpt":"Funcion\u00e1rios dos Correios afirmam que devem entrar em greve no pr\u00f3ximo dia 18, alegando que tiveram 70 direitos revogados, como 30% do adicional de risco, vale-alimenta\u00e7\u00e3o e aux\u00edlio-creche. De acordo com a Federa\u00e7\u00e3o Nacional dos Trabalhadores em Empresas de Correios e Tel\u00e9grafos e Similares (Fentect), a categoria entrou em estado\u2026","rel":"","context":"Em &quot;Geral&quot;","img":{"alt_text":"","src":"https:\/\/i0.wp.com\/sindicatodosbancarios.org.br\/site2022\/wp-content\/uploads\/2020\/08\/funcionario-dos-correios-em-foto-de-arquivo-1594405556536_v2_900x506.jpg?resize=350%2C200&ssl=1","width":350,"height":200},"classes":[]},{"id":6278,"url":"https:\/\/sindicatodosbancarios.org.br\/site2022\/2022\/04\/13\/informe-bancario-43-2022-sindicato-diz-que-nao-houve-reuniao-com-presidente-do-bc-greve-deve-continuar\/","url_meta":{"origin":2548,"position":3},"title":"INFORME BANC\u00c1RIO \u2013 43\/2022 Sindicato diz que n\u00e3o houve reuni\u00e3o com presidente do BC; greve deve continuar","date":"13 de abril de 2022","format":false,"excerpt":"O presidente do Sindicato Nacional de Funcion\u00e1rios do Banco Central (Sinal), F\u00e1bio Faiad, afirmou que a reuni\u00e3o esperada para a manh\u00e3 desta ter\u00e7a-feira com o presidente do BC, Roberto Campos Neto, n\u00e3o ocorreu e que, assim, a posi\u00e7\u00e3o do sindicato \u00e9 pela continuidade da greve dos servidores da autarquia, que\u2026","rel":"","context":"Em &quot;Geral&quot;","img":{"alt_text":"","src":"https:\/\/i0.wp.com\/sindicatodosbancarios.org.br\/site2022\/wp-content\/uploads\/2022\/04\/shutterstock_1486752722-1.jpg?resize=350%2C200&ssl=1","width":350,"height":200},"classes":[]},{"id":5070,"url":"https:\/\/sindicatodosbancarios.org.br\/site2022\/2021\/02\/01\/informe-bancario-32-2021-governo-estuda-facilitar-corte-de-jornada-e-salario\/","url_meta":{"origin":2548,"position":4},"title":"INFORME BANC\u00c1RIO \u2013 32\/2021 Governo estuda facilitar corte de jornada e sal\u00e1rio","date":"1 de fevereiro de 2021","format":false,"excerpt":"O Minist\u00e9rio da Economia estuda aprimorar e simplificar o lay-off, instrumento que j\u00e1 existe e pelo qual as empresas em momentos de crise podem suspender o contrato de trabalho por at\u00e9 cinco meses, enquanto os trabalhadores receberiam o seguro-desemprego. Essa \u00e9 uma das alternativas em estudo pela equipe econ\u00f4mica para\u2026","rel":"","context":"Em &quot;Geral&quot;","img":{"alt_text":"","src":"https:\/\/i0.wp.com\/sindicatodosbancarios.org.br\/site2022\/wp-content\/uploads\/2021\/01\/49782687922_8d1aaf7e1a_k-1.jpg?resize=350%2C200&ssl=1","width":350,"height":200},"classes":[]},{"id":5310,"url":"https:\/\/sindicatodosbancarios.org.br\/site2022\/2021\/04\/16\/informe-bancarios-99-2021-agencia-do-bradesco-e-fechada-em-sc-por-falta-de-medidas-contra-covid\/","url_meta":{"origin":2548,"position":5},"title":"INFORME BANC\u00c1RIOS \u2013 99\/2021 Ag\u00eancia do Bradesco \u00e9 fechada em SC por falta de medidas contra covid","date":"16 de abril de 2021","format":false,"excerpt":"A Prefeitura de Florian\u00f3polis decidiu fechar hoje uma ag\u00eancia do Bradesco pelo descumprimento de decreto que estabelece normas para evitar a transmiss\u00e3o do novo coronav\u00edrus. Segundo agentes do Procon e da Vigil\u00e2ncia Sanit\u00e1ria, n\u00e3o havia controle de distanciamento m\u00ednimo entre os clientes para reduzir o risco de cont\u00e1gio pela covid-19.\u2026","rel":"","context":"Em &quot;Bradesco\/HSBC&quot;","img":{"alt_text":"","src":"https:\/\/i0.wp.com\/sindicatodosbancarios.org.br\/site2022\/wp-content\/uploads\/2020\/11\/resultados-bradesco-bbdc4.jpg?resize=350%2C200&ssl=1","width":350,"height":200},"classes":[]}],"_links":{"self":[{"href":"https:\/\/sindicatodosbancarios.org.br\/site2022\/wp-json\/wp\/v2\/posts\/2548"}],"collection":[{"href":"https:\/\/sindicatodosbancarios.org.br\/site2022\/wp-json\/wp\/v2\/posts"}],"about":[{"href":"https:\/\/sindicatodosbancarios.org.br\/site2022\/wp-json\/wp\/v2\/types\/post"}],"author":[{"embeddable":true,"href":"https:\/\/sindicatodosbancarios.org.br\/site2022\/wp-json\/wp\/v2\/users\/2"}],"replies":[{"embeddable":true,"href":"https:\/\/sindicatodosbancarios.org.br\/site2022\/wp-json\/wp\/v2\/comments?post=2548"}],"version-history":[{"count":3,"href":"https:\/\/sindicatodosbancarios.org.br\/site2022\/wp-json\/wp\/v2\/posts\/2548\/revisions"}],"predecessor-version":[{"id":2553,"href":"https:\/\/sindicatodosbancarios.org.br\/site2022\/wp-json\/wp\/v2\/posts\/2548\/revisions\/2553"}],"wp:featuredmedia":[{"embeddable":true,"href":"https:\/\/sindicatodosbancarios.org.br\/site2022\/wp-json\/wp\/v2\/media\/1946"}],"wp:attachment":[{"href":"https:\/\/sindicatodosbancarios.org.br\/site2022\/wp-json\/wp\/v2\/media?parent=2548"}],"wp:term":[{"taxonomy":"category","embeddable":true,"href":"https:\/\/sindicatodosbancarios.org.br\/site2022\/wp-json\/wp\/v2\/categories?post=2548"},{"taxonomy":"post_tag","embeddable":true,"href":"https:\/\/sindicatodosbancarios.org.br\/site2022\/wp-json\/wp\/v2\/tags?post=2548"}],"curies":[{"name":"wp","href":"https:\/\/api.w.org\/{rel}","templated":true}]}}