{"id":2563,"date":"2018-06-18T09:39:29","date_gmt":"2018-06-18T12:39:29","guid":{"rendered":"http:\/\/sindicatodosbancarios.org.br\/?p=2563"},"modified":"2018-06-18T09:39:29","modified_gmt":"2018-06-18T12:39:29","slug":"informe-bancario-039-2018-cebnn-contec-entrega-pautas-de-reivindicacoes-dos-bancarios","status":"publish","type":"post","link":"https:\/\/sindicatodosbancarios.org.br\/site2022\/2018\/06\/18\/informe-bancario-039-2018-cebnn-contec-entrega-pautas-de-reivindicacoes-dos-bancarios\/","title":{"rendered":"INFORME BANC\u00c1RIO &#8211; 039 \/ 2018 &#8211; CEBNN\/CONTEC ENTREGA PAUTAS DE REIVINDICA\u00c7\u00d5ES DOS BANC\u00c1RIOS"},"content":{"rendered":"<p>Foi entregue, na quarta-feira (13\/06), a Pauta de Reivindica\u00e7\u00f5es dos Banc\u00e1rios ao Presidente da FENABAN, Dr. Murilo Portugal Filho, acompanhado dos representantes dos Bancos, que comp\u00f5em a Comiss\u00e3o de Negocia\u00e7\u00e3o da FENABAN.<\/p>\n<p>&nbsp;<\/p>\n<p>A Comiss\u00e3o Executiva Banc\u00e1ria Nacional de Negocia\u00e7\u00e3o (CEBNN\/CONTEC) se fez representar pelo seu presidente, Louren\u00e7o Prado, acompanhado pelos vice-presidentes \u00c9dson Roberto dos Santos (FEEB SP\/MS) e Jos\u00e9 Jesus Trabulo de Sousa (FEEB NN); pelo Secret\u00e1rio-Geral, Gilberto Antonio Vieira; pelos Diretores Jo\u00e3o Jos\u00e9 Bandeira (FEEB-AL\/PE\/RN), Crispim Batista Filho e Ivanilson Batista Luz (FEEB GO\/TO); Luiz Carlos dos Santos Barbosa (Delegacia da CONTEC no RS); Luiz Alberto Barreiros (SEEB Tup\u00e3); Carlos Souza (SEEB S\u00e3o Jos\u00e9 dos Campos); Nilson Ant\u00f4nio dos Santos, Rog\u00e9rio Marques da Silva (SEEB Franca); e Jos\u00e9 Augusto Ribeiro e Jos\u00e9 Ant\u00f4nio Zanela (SEEB Ara\u00e7atuba).<\/p>\n<p>O Presidente da CONTEC, Louren\u00e7o Ferreira do Prado, destacou a necessidade de prorroga\u00e7\u00e3o da CCT revisanda. Tamb\u00e9m pediu que a FENABAN garanta a manuten\u00e7\u00e3o da data-base e\u00a0registrou que a pauta apresentada \u00e9 enxuta, requerendo a renova\u00e7\u00e3o da Conven\u00e7\u00e3o vigente, com agrega\u00e7\u00e3o de poucas cl\u00e1usulas adicionais que entendemos justas e pertinentes. Prado salientou para a necessidade de defini\u00e7\u00e3o de calend\u00e1rio para uma negocia\u00e7\u00e3o c\u00e9lere e objetiva, com vista a responder aos anseios dos trabalhadores da categoria. Aproveitou ainda para enfatizar que a mesa de negocia\u00e7\u00f5es necessita se esfor\u00e7ar para negociar, pois a greve \u00e9 a \u00faltima op\u00e7\u00e3o.<\/p>\n<p>O presidente da FENABAN registrou que as palavras do presidente da CONTEC encontram muita converg\u00eancia na FENABAN, no que diz respeito \u00e0 necessidade de negocia\u00e7\u00f5es objetivas, foco na negocia\u00e7\u00e3o salarial e esfor\u00e7o negocial para acordo entre as partes. Frisou como positiva a experi\u00eancia de celebra\u00e7\u00e3o de conven\u00e7\u00e3o por dois anos. Registrou que o momento econ\u00f4mico por que passa nosso Pa\u00eds \u00e9 dif\u00edcil e que a conjuntura econ\u00f4mica precisa ser levada em conta, bem como a necessidade de se buscar seguran\u00e7a jur\u00eddica para as partes. Destacou que felizmente os bancos t\u00eam apresentado resultados lucrativos, permitindo a eleva\u00e7\u00e3o dos capitais pr\u00f3prios \u2013 t\u00e3o importantes na \u00e1rea banc\u00e1ria \u2013 o que tem possibilitado o fortalecimento do setor e a melhoria para os trabalhadores banc\u00e1rios. Encerrou afirmando que a negocia\u00e7\u00e3o necessita ser boa para ambas as partes.<\/p>\n<p>Restou definido que a primeira reuni\u00e3o de negocia\u00e7\u00e3o ocorrer\u00e1 na tarde do pr\u00f3ximo dia\u00a0<strong>28\/06\/2018<\/strong>.<\/p>\n<p>Na sequ\u00eancia, foram entregues a pauta de reivindica\u00e7\u00f5es ao Diretor de Gest\u00e3o de Pessoas do Banco do Brasil, Dr. Jos\u00e9 Caetano de Andrade Minchillo.<\/p>\n<p>J\u00e1 a pauta de reivindica\u00e7\u00f5es da Caixa foi entregue a Superintendente Nacional de Servi\u00e7os Compartilhados de Gest\u00e3o de Pessoas da Caixa Econ\u00f4mica Federal, Dra. Adriane Velloso Ferreira.<\/p>\n<p><strong><em><span style=\"font-size: 8pt;\">FONTE:CONTEC<\/span>\u00a0<\/em><\/strong><\/p>\n<p>&nbsp;<\/p>\n","protected":false},"excerpt":{"rendered":"<p>Foi entregue, na quarta-feira (13\/06), a Pauta de Reivindica\u00e7\u00f5es dos Banc\u00e1rios ao Presidente da FENABAN, Dr. Murilo Portugal [&hellip;]<\/p>\n","protected":false},"author":2,"featured_media":1873,"comment_status":"open","ping_status":"open","sticky":false,"template":"","format":"standard","meta":{"jetpack_post_was_ever_published":false,"jetpack_publicize_message":"","jetpack_is_tweetstorm":false,"jetpack_publicize_feature_enabled":true,"jetpack_social_post_already_shared":true,"jetpack_social_options":[]},"categories":[1],"tags":[],"jetpack_publicize_connections":[],"acf":[],"yoast_head":"<!-- This site is optimized with the Yoast SEO plugin v19.14 - https:\/\/yoast.com\/wordpress\/plugins\/seo\/ -->\n<title>INFORME BANC\u00c1RIO - 039 \/ 2018 - CEBNN\/CONTEC ENTREGA PAUTAS DE REIVINDICA\u00c7\u00d5ES DOS BANC\u00c1RIOS - Sindicato dos Banc\u00e1rios de S\u00e3o Bento do Sul e Regi\u00e3o<\/title>\n<meta name=\"robots\" content=\"index, follow, max-snippet:-1, max-image-preview:large, max-video-preview:-1\" \/>\n<link rel=\"canonical\" href=\"https:\/\/sindicatodosbancarios.org.br\/site2022\/2018\/06\/18\/informe-bancario-039-2018-cebnn-contec-entrega-pautas-de-reivindicacoes-dos-bancarios\/\" \/>\n<meta property=\"og:locale\" content=\"pt_BR\" \/>\n<meta property=\"og:type\" content=\"article\" \/>\n<meta property=\"og:title\" content=\"INFORME BANC\u00c1RIO - 039 \/ 2018 - CEBNN\/CONTEC ENTREGA PAUTAS DE REIVINDICA\u00c7\u00d5ES DOS BANC\u00c1RIOS - Sindicato dos Banc\u00e1rios de S\u00e3o Bento do Sul e Regi\u00e3o\" \/>\n<meta property=\"og:description\" content=\"Foi entregue, na quarta-feira (13\/06), a Pauta de Reivindica\u00e7\u00f5es dos Banc\u00e1rios ao Presidente da FENABAN, Dr. Murilo Portugal [&hellip;]\" \/>\n<meta property=\"og:url\" content=\"https:\/\/sindicatodosbancarios.org.br\/site2022\/2018\/06\/18\/informe-bancario-039-2018-cebnn-contec-entrega-pautas-de-reivindicacoes-dos-bancarios\/\" \/>\n<meta property=\"og:site_name\" content=\"Sindicato dos Banc\u00e1rios de S\u00e3o Bento do Sul e Regi\u00e3o\" \/>\n<meta property=\"article:author\" content=\"https:\/\/www.facebook.com\/seeb.sbs.9\" \/>\n<meta property=\"article:published_time\" content=\"2018-06-18T12:39:29+00:00\" \/>\n<meta property=\"og:image\" content=\"https:\/\/sindicatodosbancarios.org.br\/site2022\/wp-content\/uploads\/2017\/10\/193.jpg\" \/>\n\t<meta property=\"og:image:width\" content=\"1024\" \/>\n\t<meta property=\"og:image:height\" content=\"576\" \/>\n\t<meta property=\"og:image:type\" content=\"image\/jpeg\" \/>\n<meta name=\"author\" content=\"Sindicato dos Banc\u00e1rios S\u00e3o Bento do Sul e Regi\u00e3o\" \/>\n<meta name=\"twitter:card\" content=\"summary_large_image\" \/>\n<meta name=\"twitter:label1\" content=\"Escrito por\" \/>\n\t<meta name=\"twitter:data1\" content=\"Sindicato dos Banc\u00e1rios S\u00e3o Bento do Sul e Regi\u00e3o\" \/>\n\t<meta name=\"twitter:label2\" content=\"Est. tempo de leitura\" \/>\n\t<meta name=\"twitter:data2\" content=\"2 minutos\" \/>\n<script type=\"application\/ld+json\" class=\"yoast-schema-graph\">{\"@context\":\"https:\/\/schema.org\",\"@graph\":[{\"@type\":\"Article\",\"@id\":\"https:\/\/sindicatodosbancarios.org.br\/site2022\/2018\/06\/18\/informe-bancario-039-2018-cebnn-contec-entrega-pautas-de-reivindicacoes-dos-bancarios\/#article\",\"isPartOf\":{\"@id\":\"https:\/\/sindicatodosbancarios.org.br\/site2022\/2018\/06\/18\/informe-bancario-039-2018-cebnn-contec-entrega-pautas-de-reivindicacoes-dos-bancarios\/\"},\"author\":{\"name\":\"Sindicato dos Banc\u00e1rios S\u00e3o Bento do Sul e Regi\u00e3o\",\"@id\":\"https:\/\/sindicatodosbancarios.org.br\/site2022\/#\/schema\/person\/a7d92da77d1084df4d28b57962f1e1bd\"},\"headline\":\"INFORME BANC\u00c1RIO &#8211; 039 \/ 2018 &#8211; CEBNN\/CONTEC ENTREGA PAUTAS DE REIVINDICA\u00c7\u00d5ES DOS BANC\u00c1RIOS\",\"datePublished\":\"2018-06-18T12:39:29+00:00\",\"dateModified\":\"2018-06-18T12:39:29+00:00\",\"mainEntityOfPage\":{\"@id\":\"https:\/\/sindicatodosbancarios.org.br\/site2022\/2018\/06\/18\/informe-bancario-039-2018-cebnn-contec-entrega-pautas-de-reivindicacoes-dos-bancarios\/\"},\"wordCount\":500,\"commentCount\":0,\"publisher\":{\"@id\":\"https:\/\/sindicatodosbancarios.org.br\/site2022\/#organization\"},\"articleSection\":[\"Geral\"],\"inLanguage\":\"pt-BR\",\"potentialAction\":[{\"@type\":\"CommentAction\",\"name\":\"Comment\",\"target\":[\"https:\/\/sindicatodosbancarios.org.br\/site2022\/2018\/06\/18\/informe-bancario-039-2018-cebnn-contec-entrega-pautas-de-reivindicacoes-dos-bancarios\/#respond\"]}]},{\"@type\":\"WebPage\",\"@id\":\"https:\/\/sindicatodosbancarios.org.br\/site2022\/2018\/06\/18\/informe-bancario-039-2018-cebnn-contec-entrega-pautas-de-reivindicacoes-dos-bancarios\/\",\"url\":\"https:\/\/sindicatodosbancarios.org.br\/site2022\/2018\/06\/18\/informe-bancario-039-2018-cebnn-contec-entrega-pautas-de-reivindicacoes-dos-bancarios\/\",\"name\":\"INFORME BANC\u00c1RIO - 039 \/ 2018 - CEBNN\/CONTEC ENTREGA PAUTAS DE REIVINDICA\u00c7\u00d5ES DOS BANC\u00c1RIOS - Sindicato dos Banc\u00e1rios de S\u00e3o Bento do Sul e Regi\u00e3o\",\"isPartOf\":{\"@id\":\"https:\/\/sindicatodosbancarios.org.br\/site2022\/#website\"},\"datePublished\":\"2018-06-18T12:39:29+00:00\",\"dateModified\":\"2018-06-18T12:39:29+00:00\",\"breadcrumb\":{\"@id\":\"https:\/\/sindicatodosbancarios.org.br\/site2022\/2018\/06\/18\/informe-bancario-039-2018-cebnn-contec-entrega-pautas-de-reivindicacoes-dos-bancarios\/#breadcrumb\"},\"inLanguage\":\"pt-BR\",\"potentialAction\":[{\"@type\":\"ReadAction\",\"target\":[\"https:\/\/sindicatodosbancarios.org.br\/site2022\/2018\/06\/18\/informe-bancario-039-2018-cebnn-contec-entrega-pautas-de-reivindicacoes-dos-bancarios\/\"]}]},{\"@type\":\"BreadcrumbList\",\"@id\":\"https:\/\/sindicatodosbancarios.org.br\/site2022\/2018\/06\/18\/informe-bancario-039-2018-cebnn-contec-entrega-pautas-de-reivindicacoes-dos-bancarios\/#breadcrumb\",\"itemListElement\":[{\"@type\":\"ListItem\",\"position\":1,\"name\":\"In\u00edcio\",\"item\":\"https:\/\/sindicatodosbancarios.org.br\/site2022\/\"},{\"@type\":\"ListItem\",\"position\":2,\"name\":\"INFORME BANC\u00c1RIO &#8211; 039 \/ 2018 &#8211; CEBNN\/CONTEC ENTREGA PAUTAS DE REIVINDICA\u00c7\u00d5ES DOS BANC\u00c1RIOS\"}]},{\"@type\":\"WebSite\",\"@id\":\"https:\/\/sindicatodosbancarios.org.br\/site2022\/#website\",\"url\":\"https:\/\/sindicatodosbancarios.org.br\/site2022\/\",\"name\":\"Sindicato dos Banc\u00e1rios de S\u00e3o Bento do Sul e Regi\u00e3o\",\"description\":\"Website institucional do Sindicato dos Banc\u00e1rios de S\u00e3o Bento do Sul e Regi\u00e3o\",\"publisher\":{\"@id\":\"https:\/\/sindicatodosbancarios.org.br\/site2022\/#organization\"},\"potentialAction\":[{\"@type\":\"SearchAction\",\"target\":{\"@type\":\"EntryPoint\",\"urlTemplate\":\"https:\/\/sindicatodosbancarios.org.br\/site2022\/?s={search_term_string}\"},\"query-input\":\"required name=search_term_string\"}],\"inLanguage\":\"pt-BR\"},{\"@type\":\"Organization\",\"@id\":\"https:\/\/sindicatodosbancarios.org.br\/site2022\/#organization\",\"name\":\"Sindicato dos Banc\u00e1rios de S\u00e3o Bento do Sul e Regi\u00e3o\",\"url\":\"https:\/\/sindicatodosbancarios.org.br\/site2022\/\",\"logo\":{\"@type\":\"ImageObject\",\"inLanguage\":\"pt-BR\",\"@id\":\"https:\/\/sindicatodosbancarios.org.br\/site2022\/#\/schema\/logo\/image\/\",\"url\":\"https:\/\/sindicatodosbancarios.org.br\/site2022\/wp-content\/uploads\/2017\/06\/cropped-logo-2.png\",\"contentUrl\":\"https:\/\/sindicatodosbancarios.org.br\/site2022\/wp-content\/uploads\/2017\/06\/cropped-logo-2.png\",\"width\":292,\"height\":292,\"caption\":\"Sindicato dos Banc\u00e1rios de S\u00e3o Bento do Sul e Regi\u00e3o\"},\"image\":{\"@id\":\"https:\/\/sindicatodosbancarios.org.br\/site2022\/#\/schema\/logo\/image\/\"}},{\"@type\":\"Person\",\"@id\":\"https:\/\/sindicatodosbancarios.org.br\/site2022\/#\/schema\/person\/a7d92da77d1084df4d28b57962f1e1bd\",\"name\":\"Sindicato dos Banc\u00e1rios S\u00e3o Bento do Sul e Regi\u00e3o\",\"image\":{\"@type\":\"ImageObject\",\"inLanguage\":\"pt-BR\",\"@id\":\"https:\/\/sindicatodosbancarios.org.br\/site2022\/#\/schema\/person\/image\/\",\"url\":\"https:\/\/secure.gravatar.com\/avatar\/f1d1a06f698f2345352e539387180d42?s=96&d=mm&r=g\",\"contentUrl\":\"https:\/\/secure.gravatar.com\/avatar\/f1d1a06f698f2345352e539387180d42?s=96&d=mm&r=g\",\"caption\":\"Sindicato dos Banc\u00e1rios S\u00e3o Bento do Sul e Regi\u00e3o\"},\"sameAs\":[\"http:\/\/sindicatodosbancarios.org.br\/site2022\/\",\"https:\/\/www.facebook.com\/seeb.sbs.9\"],\"url\":\"https:\/\/sindicatodosbancarios.org.br\/site2022\/author\/sindicatodosbancarios\/\"}]}<\/script>\n<!-- \/ Yoast SEO plugin. -->","yoast_head_json":{"title":"INFORME BANC\u00c1RIO - 039 \/ 2018 - CEBNN\/CONTEC ENTREGA PAUTAS DE REIVINDICA\u00c7\u00d5ES DOS BANC\u00c1RIOS - Sindicato dos Banc\u00e1rios de S\u00e3o Bento do Sul e Regi\u00e3o","robots":{"index":"index","follow":"follow","max-snippet":"max-snippet:-1","max-image-preview":"max-image-preview:large","max-video-preview":"max-video-preview:-1"},"canonical":"https:\/\/sindicatodosbancarios.org.br\/site2022\/2018\/06\/18\/informe-bancario-039-2018-cebnn-contec-entrega-pautas-de-reivindicacoes-dos-bancarios\/","og_locale":"pt_BR","og_type":"article","og_title":"INFORME BANC\u00c1RIO - 039 \/ 2018 - CEBNN\/CONTEC ENTREGA PAUTAS DE REIVINDICA\u00c7\u00d5ES DOS BANC\u00c1RIOS - Sindicato dos Banc\u00e1rios de S\u00e3o Bento do Sul e Regi\u00e3o","og_description":"Foi entregue, na quarta-feira (13\/06), a Pauta de Reivindica\u00e7\u00f5es dos Banc\u00e1rios ao Presidente da FENABAN, Dr. Murilo Portugal [&hellip;]","og_url":"https:\/\/sindicatodosbancarios.org.br\/site2022\/2018\/06\/18\/informe-bancario-039-2018-cebnn-contec-entrega-pautas-de-reivindicacoes-dos-bancarios\/","og_site_name":"Sindicato dos Banc\u00e1rios de S\u00e3o Bento do Sul e Regi\u00e3o","article_author":"https:\/\/www.facebook.com\/seeb.sbs.9","article_published_time":"2018-06-18T12:39:29+00:00","og_image":[{"width":1024,"height":576,"url":"https:\/\/sindicatodosbancarios.org.br\/site2022\/wp-content\/uploads\/2017\/10\/193.jpg","type":"image\/jpeg"}],"author":"Sindicato dos Banc\u00e1rios S\u00e3o Bento do Sul e Regi\u00e3o","twitter_card":"summary_large_image","twitter_misc":{"Escrito por":"Sindicato dos Banc\u00e1rios S\u00e3o Bento do Sul e Regi\u00e3o","Est. tempo de leitura":"2 minutos"},"schema":{"@context":"https:\/\/schema.org","@graph":[{"@type":"Article","@id":"https:\/\/sindicatodosbancarios.org.br\/site2022\/2018\/06\/18\/informe-bancario-039-2018-cebnn-contec-entrega-pautas-de-reivindicacoes-dos-bancarios\/#article","isPartOf":{"@id":"https:\/\/sindicatodosbancarios.org.br\/site2022\/2018\/06\/18\/informe-bancario-039-2018-cebnn-contec-entrega-pautas-de-reivindicacoes-dos-bancarios\/"},"author":{"name":"Sindicato dos Banc\u00e1rios S\u00e3o Bento do Sul e Regi\u00e3o","@id":"https:\/\/sindicatodosbancarios.org.br\/site2022\/#\/schema\/person\/a7d92da77d1084df4d28b57962f1e1bd"},"headline":"INFORME BANC\u00c1RIO &#8211; 039 \/ 2018 &#8211; CEBNN\/CONTEC ENTREGA PAUTAS DE REIVINDICA\u00c7\u00d5ES DOS BANC\u00c1RIOS","datePublished":"2018-06-18T12:39:29+00:00","dateModified":"2018-06-18T12:39:29+00:00","mainEntityOfPage":{"@id":"https:\/\/sindicatodosbancarios.org.br\/site2022\/2018\/06\/18\/informe-bancario-039-2018-cebnn-contec-entrega-pautas-de-reivindicacoes-dos-bancarios\/"},"wordCount":500,"commentCount":0,"publisher":{"@id":"https:\/\/sindicatodosbancarios.org.br\/site2022\/#organization"},"articleSection":["Geral"],"inLanguage":"pt-BR","potentialAction":[{"@type":"CommentAction","name":"Comment","target":["https:\/\/sindicatodosbancarios.org.br\/site2022\/2018\/06\/18\/informe-bancario-039-2018-cebnn-contec-entrega-pautas-de-reivindicacoes-dos-bancarios\/#respond"]}]},{"@type":"WebPage","@id":"https:\/\/sindicatodosbancarios.org.br\/site2022\/2018\/06\/18\/informe-bancario-039-2018-cebnn-contec-entrega-pautas-de-reivindicacoes-dos-bancarios\/","url":"https:\/\/sindicatodosbancarios.org.br\/site2022\/2018\/06\/18\/informe-bancario-039-2018-cebnn-contec-entrega-pautas-de-reivindicacoes-dos-bancarios\/","name":"INFORME BANC\u00c1RIO - 039 \/ 2018 - CEBNN\/CONTEC ENTREGA PAUTAS DE REIVINDICA\u00c7\u00d5ES DOS BANC\u00c1RIOS - Sindicato dos Banc\u00e1rios de S\u00e3o Bento do Sul e Regi\u00e3o","isPartOf":{"@id":"https:\/\/sindicatodosbancarios.org.br\/site2022\/#website"},"datePublished":"2018-06-18T12:39:29+00:00","dateModified":"2018-06-18T12:39:29+00:00","breadcrumb":{"@id":"https:\/\/sindicatodosbancarios.org.br\/site2022\/2018\/06\/18\/informe-bancario-039-2018-cebnn-contec-entrega-pautas-de-reivindicacoes-dos-bancarios\/#breadcrumb"},"inLanguage":"pt-BR","potentialAction":[{"@type":"ReadAction","target":["https:\/\/sindicatodosbancarios.org.br\/site2022\/2018\/06\/18\/informe-bancario-039-2018-cebnn-contec-entrega-pautas-de-reivindicacoes-dos-bancarios\/"]}]},{"@type":"BreadcrumbList","@id":"https:\/\/sindicatodosbancarios.org.br\/site2022\/2018\/06\/18\/informe-bancario-039-2018-cebnn-contec-entrega-pautas-de-reivindicacoes-dos-bancarios\/#breadcrumb","itemListElement":[{"@type":"ListItem","position":1,"name":"In\u00edcio","item":"https:\/\/sindicatodosbancarios.org.br\/site2022\/"},{"@type":"ListItem","position":2,"name":"INFORME BANC\u00c1RIO &#8211; 039 \/ 2018 &#8211; CEBNN\/CONTEC ENTREGA PAUTAS DE REIVINDICA\u00c7\u00d5ES DOS BANC\u00c1RIOS"}]},{"@type":"WebSite","@id":"https:\/\/sindicatodosbancarios.org.br\/site2022\/#website","url":"https:\/\/sindicatodosbancarios.org.br\/site2022\/","name":"Sindicato dos Banc\u00e1rios de S\u00e3o Bento do Sul e Regi\u00e3o","description":"Website institucional do Sindicato dos Banc\u00e1rios de S\u00e3o Bento do Sul e Regi\u00e3o","publisher":{"@id":"https:\/\/sindicatodosbancarios.org.br\/site2022\/#organization"},"potentialAction":[{"@type":"SearchAction","target":{"@type":"EntryPoint","urlTemplate":"https:\/\/sindicatodosbancarios.org.br\/site2022\/?s={search_term_string}"},"query-input":"required name=search_term_string"}],"inLanguage":"pt-BR"},{"@type":"Organization","@id":"https:\/\/sindicatodosbancarios.org.br\/site2022\/#organization","name":"Sindicato dos Banc\u00e1rios de S\u00e3o Bento do Sul e Regi\u00e3o","url":"https:\/\/sindicatodosbancarios.org.br\/site2022\/","logo":{"@type":"ImageObject","inLanguage":"pt-BR","@id":"https:\/\/sindicatodosbancarios.org.br\/site2022\/#\/schema\/logo\/image\/","url":"https:\/\/sindicatodosbancarios.org.br\/site2022\/wp-content\/uploads\/2017\/06\/cropped-logo-2.png","contentUrl":"https:\/\/sindicatodosbancarios.org.br\/site2022\/wp-content\/uploads\/2017\/06\/cropped-logo-2.png","width":292,"height":292,"caption":"Sindicato dos Banc\u00e1rios de S\u00e3o Bento do Sul e Regi\u00e3o"},"image":{"@id":"https:\/\/sindicatodosbancarios.org.br\/site2022\/#\/schema\/logo\/image\/"}},{"@type":"Person","@id":"https:\/\/sindicatodosbancarios.org.br\/site2022\/#\/schema\/person\/a7d92da77d1084df4d28b57962f1e1bd","name":"Sindicato dos Banc\u00e1rios S\u00e3o Bento do Sul e Regi\u00e3o","image":{"@type":"ImageObject","inLanguage":"pt-BR","@id":"https:\/\/sindicatodosbancarios.org.br\/site2022\/#\/schema\/person\/image\/","url":"https:\/\/secure.gravatar.com\/avatar\/f1d1a06f698f2345352e539387180d42?s=96&d=mm&r=g","contentUrl":"https:\/\/secure.gravatar.com\/avatar\/f1d1a06f698f2345352e539387180d42?s=96&d=mm&r=g","caption":"Sindicato dos Banc\u00e1rios S\u00e3o Bento do Sul e Regi\u00e3o"},"sameAs":["http:\/\/sindicatodosbancarios.org.br\/site2022\/","https:\/\/www.facebook.com\/seeb.sbs.9"],"url":"https:\/\/sindicatodosbancarios.org.br\/site2022\/author\/sindicatodosbancarios\/"}]}},"jetpack_featured_media_url":"https:\/\/sindicatodosbancarios.org.br\/site2022\/wp-content\/uploads\/2017\/10\/193.jpg","jetpack_sharing_enabled":true,"jetpack_shortlink":"https:\/\/wp.me\/p8RSbI-Fl","jetpack-related-posts":[{"id":4337,"url":"https:\/\/sindicatodosbancarios.org.br\/site2022\/2020\/08\/25\/informe-bancario-313-2020-campanha-salarial-reuniao-de-negociacao-com-a-caixa-economica-federal\/","url_meta":{"origin":2563,"position":0},"title":"INFORME BANC\u00c1RIO \u2013 313\/2020 CAMPANHA SALARIAL: Reuni\u00e3o de negocia\u00e7\u00e3o com a Caixa Econ\u00f4mica Federal","date":"25 de agosto de 2020","format":false,"excerpt":"A Comiss\u00e3o Executiva Banc\u00e1ria Nacional de Negocia\u00e7\u00e3o \u2013 CEBNN\/Contec esteve reunida nesta segunda-feira (24), em videoconfer\u00eancia, com os representantes da Caixa Econ\u00f4mica Federal para debater a pauta de reivindica\u00e7\u00f5es dos empregados nesta Campanha Salarial. A reuni\u00e3o foi coordenada por parte da CONTEC, pela diretora de Finan\u00e7as da CONTEC, Rumiko Tanaka,\u2026","rel":"","context":"Em &quot;Caixa Econ\u00f4mica Federal&quot;","img":{"alt_text":"","src":"https:\/\/i0.wp.com\/sindicatodosbancarios.org.br\/site2022\/wp-content\/uploads\/2020\/08\/curiosidades-sobre-a-caixa-economica-federal-98.jpg?resize=350%2C200&ssl=1","width":350,"height":200},"classes":[]},{"id":6306,"url":"https:\/\/sindicatodosbancarios.org.br\/site2022\/2022\/04\/25\/informe-bancario-50-2022-campanha-salarial-encontro-de-dirigentes-bancarios-dos-estados-do-sul\/","url_meta":{"origin":2563,"position":1},"title":"INFORME BANC\u00c1RIO \u2013 50\/2022 CAMPANHA SALARIAL &#8211; Encontro de Dirigentes Banc\u00e1rios dos Estados do Sul","date":"25 de abril de 2022","format":false,"excerpt":"CAMPANHA SALARIAL Dias 26 e 27 de abril, ocorrer\u00e1 o Encontro de Dirigentes Banc\u00e1rios dos Estados do Sul, que reunir\u00e1 sindicalistas do Paran\u00e1, de Santa Catarina e do Rio Grande do Sul, de forma virtual. Neste evento, estar\u00e3o em pauta os encaminhamentos e as minutas de reivindica\u00e7\u00f5es, que ser\u00e3o encaminhadas\u2026","rel":"","context":"Em &quot;Geral&quot;","img":{"alt_text":"","src":"https:\/\/i0.wp.com\/sindicatodosbancarios.org.br\/site2022\/wp-content\/uploads\/2022\/04\/itaubbcaixasantanderbradescodetemmercadofinanceiro.jpeg?resize=350%2C200&ssl=1","width":350,"height":200},"classes":[]},{"id":4185,"url":"https:\/\/sindicatodosbancarios.org.br\/site2022\/2020\/07\/30\/informe-bancario-268-2020-reuniao-de-negociacao-com-a-fenaban-nesta-sexta-feira-31\/","url_meta":{"origin":2563,"position":2},"title":"INFORME BANC\u00c1RIO \u2013 268\/2020 Reuni\u00e3o de Negocia\u00e7\u00e3o com a FENABAN nesta sexta-feira (31)","date":"30 de julho de 2020","format":false,"excerpt":"Est\u00e1 agendada para essa sexta-feira (31) mais uma reuni\u00e3o de negocia\u00e7\u00e3o da Comiss\u00e3o Executiva Banc\u00e1ria Nacional de Negocia\u00e7\u00e3o (CEBNN\/CONTEC) e os representantes da Comiss\u00e3o de Negocia\u00e7\u00e3o da Federa\u00e7\u00e3o Nacional dos Bancos (Fenaban). O encontro que ser\u00e1 realizado por videoconfer\u00eancia est\u00e1 marcado para as 9h e vai definir o calend\u00e1rio das\u2026","rel":"","context":"Em &quot;Banco do Brasil&quot;","img":{"alt_text":"","src":"https:\/\/i0.wp.com\/sindicatodosbancarios.org.br\/site2022\/wp-content\/uploads\/2020\/06\/destaque-5programas-bancos.png?resize=350%2C200&ssl=1","width":350,"height":200},"classes":[]},{"id":4277,"url":"https:\/\/sindicatodosbancarios.org.br\/site2022\/2020\/08\/14\/informe-bancario-296-2020-campanha-salarial-reuniao-de-negociacao-com-a-caixa-economica-federal\/","url_meta":{"origin":2563,"position":3},"title":"INFORME BANC\u00c1RIO \u2013 296\/2020 CAMPANHA SALARIAL: Reuni\u00e3o de negocia\u00e7\u00e3o com a Caixa Econ\u00f4mica Federal","date":"14 de agosto de 2020","format":false,"excerpt":"A Comiss\u00e3o Executiva Banc\u00e1ria Nacional de Negocia\u00e7\u00e3o \u2013 CEBNN\/Contec esteve reunida nesta quarta-feira \u00a0(12), em videoconfer\u00eancia, com os representantes da Caixa Econ\u00f4mica Federal para debater a pauta de reivindica\u00e7\u00f5es dos empregados nesta Campanha Salarial. A reuni\u00e3o foi coordenada por parte da CONTEC, pela diretora de Finan\u00e7as da CONTEC, Rumiko Tanaka,\u2026","rel":"","context":"Em &quot;Caixa Econ\u00f4mica Federal&quot;","img":{"alt_text":"","src":"https:\/\/i0.wp.com\/sindicatodosbancarios.org.br\/site2022\/wp-content\/uploads\/2020\/07\/caixa-economica-federal-1.jpg?resize=350%2C200&ssl=1","width":350,"height":200},"classes":[]},{"id":4227,"url":"https:\/\/sindicatodosbancarios.org.br\/site2022\/2020\/08\/07\/informe-bancario-282-2020-terceira-reuniao-entre-a-comissao-de-negociacao-da-contec-e-a-comissao-de-negociacao-da-fenaban\/","url_meta":{"origin":2563,"position":4},"title":"INFORME BANC\u00c1RIO \u2013 282\/2020  Terceira reuni\u00e3o entre a Comiss\u00e3o de Negocia\u00e7\u00e3o da CONTEC e a Comiss\u00e3o de Negocia\u00e7\u00e3o da FENABAN","date":"7 de agosto de 2020","format":false,"excerpt":"Realizada\u00a0nesta\u00a0quinta-feira (06), a\u00a0partir das 12h,\u00a0via remota\/virtual, a\u00a0terceira\u00a0reuni\u00e3o entre a Comiss\u00e3o de Negocia\u00e7\u00e3o da\u00a0CONTEC\u00a0e a\u00a0Comiss\u00e3o de Negocia\u00e7\u00e3o da\u00a0FENABAN,\u00a0para debate\u00a0das reivindica\u00e7\u00f5es dos\u00a0banc\u00e1rios,\u00a0visando a\u00a0manuten\u00e7\u00e3o da\u00a0CCT\u00a0vigente e agrega\u00e7\u00e3o de\u00a0outros\u00a0benef\u00edcios,\u00a0objetivando\u00a0assegurar a qualidade de vida e\u00a0o bom atendimento da sociedade. Na\u00a0reuni\u00e3o\u00a0foram\u00a0debatidas\u00a0as quest\u00f5es\u00a0referentes \u00e0s Comiss\u00f5es Tem\u00e1ticas, com destaque para a preocupa\u00e7\u00e3o da manuten\u00e7\u00e3o dos planos de sa\u00fade\u2026","rel":"","context":"Em &quot;Banco do Brasil&quot;","img":{"alt_text":"","src":"https:\/\/i0.wp.com\/sindicatodosbancarios.org.br\/site2022\/wp-content\/uploads\/2020\/08\/camp-salarial-3.jpg?resize=350%2C200&ssl=1","width":350,"height":200},"classes":[]},{"id":4330,"url":"https:\/\/sindicatodosbancarios.org.br\/site2022\/2020\/08\/21\/informe-bancario-311-2020-fenaban-propoe-reajuste-zero-e-cebnn-contec-rejeita\/","url_meta":{"origin":2563,"position":5},"title":"INFORME BANC\u00c1RIO \u2013 311\/2020 FENABAN prop\u00f5e reajuste zero e CEBNN\/Contec rejeita","date":"21 de agosto de 2020","format":false,"excerpt":"A Comiss\u00e3o Executiva Banc\u00e1ria Nacional de Negocia\u00e7\u00e3o \u2013 CEBNN\/CONTEC rejeitou em mesa a proposta de REAJUSTE ZERO apresentada pela FENABAN. Reuni\u00e3o por videoconfer\u00eancia prossegue. Fonte Contec, 21\/08\/2020","rel":"","context":"Em &quot;Banco do Brasil&quot;","img":{"alt_text":"","src":"https:\/\/i0.wp.com\/sindicatodosbancarios.org.br\/site2022\/wp-content\/uploads\/2020\/08\/unnamed.jpg?resize=350%2C200&ssl=1","width":350,"height":200},"classes":[]}],"_links":{"self":[{"href":"https:\/\/sindicatodosbancarios.org.br\/site2022\/wp-json\/wp\/v2\/posts\/2563"}],"collection":[{"href":"https:\/\/sindicatodosbancarios.org.br\/site2022\/wp-json\/wp\/v2\/posts"}],"about":[{"href":"https:\/\/sindicatodosbancarios.org.br\/site2022\/wp-json\/wp\/v2\/types\/post"}],"author":[{"embeddable":true,"href":"https:\/\/sindicatodosbancarios.org.br\/site2022\/wp-json\/wp\/v2\/users\/2"}],"replies":[{"embeddable":true,"href":"https:\/\/sindicatodosbancarios.org.br\/site2022\/wp-json\/wp\/v2\/comments?post=2563"}],"version-history":[{"count":1,"href":"https:\/\/sindicatodosbancarios.org.br\/site2022\/wp-json\/wp\/v2\/posts\/2563\/revisions"}],"predecessor-version":[{"id":2564,"href":"https:\/\/sindicatodosbancarios.org.br\/site2022\/wp-json\/wp\/v2\/posts\/2563\/revisions\/2564"}],"wp:featuredmedia":[{"embeddable":true,"href":"https:\/\/sindicatodosbancarios.org.br\/site2022\/wp-json\/wp\/v2\/media\/1873"}],"wp:attachment":[{"href":"https:\/\/sindicatodosbancarios.org.br\/site2022\/wp-json\/wp\/v2\/media?parent=2563"}],"wp:term":[{"taxonomy":"category","embeddable":true,"href":"https:\/\/sindicatodosbancarios.org.br\/site2022\/wp-json\/wp\/v2\/categories?post=2563"},{"taxonomy":"post_tag","embeddable":true,"href":"https:\/\/sindicatodosbancarios.org.br\/site2022\/wp-json\/wp\/v2\/tags?post=2563"}],"curies":[{"name":"wp","href":"https:\/\/api.w.org\/{rel}","templated":true}]}}