{"id":2572,"date":"2018-06-29T14:05:04","date_gmt":"2018-06-29T17:05:04","guid":{"rendered":"http:\/\/sindicatodosbancarios.org.br\/?p=2572"},"modified":"2018-06-29T14:05:04","modified_gmt":"2018-06-29T17:05:04","slug":"informe-bancario-043-2018-santander-demite-bancario-cego-e-doente","status":"publish","type":"post","link":"https:\/\/sindicatodosbancarios.org.br\/site2022\/2018\/06\/29\/informe-bancario-043-2018-santander-demite-bancario-cego-e-doente\/","title":{"rendered":"INFORME BANC\u00c1RIO &#8211; 043 \/ 2018 &#8211; SANTANDER DEMITE BANC\u00c1RIO CEGO E DOENTE"},"content":{"rendered":"<p style=\"text-align: center;\"><strong><span style=\"font-size: 10pt;\">Trabalhador que acabou de ganhar primeiro filho faz tratamento contra depress\u00e3o e voltava de afastamento m\u00e9dico devido a uma fratura no f\u00eamur; Sindicato tentou rever demiss\u00e3o, mas banco que lucrou R$ 9,9 bilh\u00f5es em 2017 se mostrou irredut\u00edvel.<\/span><\/strong><\/p>\n<p>Mais de 26 milh\u00f5es de pessoas est\u00e3o desempregadas ou vivem de subempregos no Brasil, segundo o IBGE. Mas o mau momento da economia que afeta tantas fam\u00edlias n\u00e3o atinge o Santander. No ano passado, o banco espanhol lucrou R$ 9,9 bilh\u00f5es, crescimento de 35,6% em rela\u00e7\u00e3o a 2016, de acordo com o balan\u00e7o da institui\u00e7\u00e3o.<\/p>\n<p>O cen\u00e1rio de desemprego cr\u00f4nico que domina o pa\u00eds \u00e9 indiferente para os diretores executivos do Santander, que seguem promovendo pol\u00edtica de demiss\u00e3o massiva de trabalhadores mesmo diante de seguidos recordes de lucro, aumento do n\u00famero de clientes e consequente sobrecarga de trabalho aos funcion\u00e1rios remanescentes.<\/p>\n<p>Um caso \u00e9 particularmente cruel entre os mais de 600 demitidos pelo Santander apenas nos primeiros cinco meses do ano somente na base do Sindicato, que engloba S\u00e3o Paulo e outros 15 munic\u00edpios.<\/p>\n<p>Marcos Couto de Freitas vive com defici\u00eancia visual severa e irrevers\u00edvel e foi demitido no in\u00edcio de maio.<\/p>\n<p>&gt; A l\u00f3gica perversa do Santander<br \/>\n&gt; \u201cO Santander tirou toda minha dignidade\u201d, afirma banc\u00e1ria<br \/>\n&gt; Santander: \u00e9tica e responsabilidade social s\u00e3o dever de quem?<br \/>\n&gt; Santander n\u00e3o respeita nem a decis\u00e3o do INSS<br \/>\n&gt; Sindicato cobra respeito aos banc\u00e1rios adoecidos<br \/>\n&gt; Quase metade da categoria banc\u00e1ria j\u00e1 trabalhou doente<\/p>\n<p>Ele acabava de retornar de um per\u00edodo de afastamento m\u00e9dico por causa de uma fratura no f\u00eamur em decorr\u00eancia de uma queda sofrida em sua casa.<\/p>\n<p>Antes disso, tamb\u00e9m teve de se afastar do trabalho por conta de um quadro de depress\u00e3o.<\/p>\n<p>\u201cQuando eu retornei do primeiro afastamento por causa da depress\u00e3o, a gestora n\u00e3o me quis mais na \u00e1rea [SantanderPrevi]. Falou que j\u00e1 tinha colocado outra pessoa no meu lugar, e que eu teria de ir para outro setor. Eu cheguei a fazer uma entrevista, o gestor estava organizando lugar para mim, computador para poder me receber, e nesse meio tempo eu ca\u00ed e acabei fraturando o f\u00eamur\u201d, conta Marcos.<\/p>\n<p>Reforma trabalhista usada como desculpa<\/p>\n<p>Ele foi demitido dois meses ap\u00f3s retornar ao trabalho, em maio de 2018. Segundo Marcos, a nova lei trabalhista defendida pelo setor patronal \u2013 incluindo o Santander \u2013 e que aniquilou uma s\u00e9rie de direitos foi usada como desculpa para justificar a demiss\u00e3o.<\/p>\n<p>&gt; Cartilha explica riscos diante da nova lei trabalhista<\/p>\n<p>\u201cO gestor alegou que por conta dessa nova lei trabalhista, futuramente a \u00e1rea [Central de Prepostos] pode vir a ser terceirizada, mas \u00e9 algo que ele nem tem certeza se ir\u00e1 ocorrer\u201d, relata Marcos.<\/p>\n<p>Na data da demiss\u00e3o, sua esposa, que tamb\u00e9m vive com defici\u00eancia e n\u00e3o tem emprego, estava gr\u00e1vida de oito meses. Por essa raz\u00e3o, o conv\u00eanio m\u00e9dico disponibilizado pelo banco era muito importante.<\/p>\n<p>\u201cMinha esposa estava gr\u00e1vida, precisando muito do conv\u00eanio. Eu achei muito injusta essa demiss\u00e3o, porque o banco n\u00e3o levou em conta todos os problemas que eu estou passando e os tratamentos que eu estou fazendo, tamb\u00e9m tem a quest\u00e3o da defici\u00eancia visual\u201d, desabafa Marcos.<\/p>\n<p>\u201cHoje em dia o mercado est\u00e1 muito dif\u00edcil, principalmente para quem tem defici\u00eancia. Tenho amigos com deific\u00eancia visual que foram demitidos h\u00e1 dois anos e ainda n\u00e3o conseguiram outro emprego. Sinceramente n\u00e3o sei como vou fazer para manter o sustento da minha fam\u00edlia\u201d, lamenta.<\/p>\n<p>Banco se mostra irredut\u00edvel<\/p>\n<p>Ao tomar conhecimento do caso, o Sindicato entrou em contato com o RH do banco a fim de tentar reverter a demiss\u00e3o. Em v\u00e3o. O Santander se mostrou irredut\u00edvel.<\/p>\n<p>\u201cEsse caso mostra a falta de humanidade que impera na mentalidade dos executivos dos bancos. Indiv\u00edduos que sacrificam o emprego de milhares de pais e m\u00e3es de fam\u00edlia em detrimento de uma lucratividade cada vez maior obtida atrav\u00e9s da redu\u00e7\u00e3o de postos de trabalho, sobrecarga de trabalho imposta aos banc\u00e1rios remanescentes e juros e tarifas cada vez mais extorsivos. Um cen\u00e1rio que s\u00f3 beneficia os pr\u00f3prios diretores executivos, que recebem remunera\u00e7\u00f5es cada vez mais altas por causa dessa espiral de explora\u00e7\u00e3o que afeta toda a sociedade brasileira\u201d, protesta Vera Marchioni, diretora executiva do Sindicato e banc\u00e1ria do Santander.<\/p>\n<p>Em 2015, quando o Santander lucrou R$ 6,6 bilh\u00f5es, cada um dos 42 diretores executivos recebeu R$ 2,5 milh\u00f5es. Em 2017, 44 diretores ganharam R$ 7,2 milh\u00f5es, aumento de 188%. Os dados s\u00e3o da Comiss\u00e3o de Valores Mobili\u00e1rios (CVM).<\/p>\n<p><span style=\"font-size: 8pt;\">fonte: SEEB\/SP<\/span><\/p>\n","protected":false},"excerpt":{"rendered":"<p>Trabalhador que acabou de ganhar primeiro filho faz tratamento contra depress\u00e3o e voltava de afastamento m\u00e9dico devido a [&hellip;]<\/p>\n","protected":false},"author":2,"featured_media":1465,"comment_status":"open","ping_status":"open","sticky":false,"template":"","format":"standard","meta":{"jetpack_post_was_ever_published":false,"jetpack_publicize_message":"","jetpack_is_tweetstorm":false,"jetpack_publicize_feature_enabled":true,"jetpack_social_post_already_shared":true,"jetpack_social_options":[]},"categories":[1],"tags":[],"jetpack_publicize_connections":[],"acf":[],"yoast_head":"<!-- This site is optimized with the Yoast SEO plugin v19.14 - https:\/\/yoast.com\/wordpress\/plugins\/seo\/ -->\n<title>INFORME BANC\u00c1RIO - 043 \/ 2018 - SANTANDER DEMITE BANC\u00c1RIO CEGO E DOENTE - Sindicato dos Banc\u00e1rios de S\u00e3o Bento do Sul e Regi\u00e3o<\/title>\n<meta name=\"robots\" content=\"index, follow, max-snippet:-1, max-image-preview:large, max-video-preview:-1\" \/>\n<link rel=\"canonical\" href=\"https:\/\/sindicatodosbancarios.org.br\/site2022\/2018\/06\/29\/informe-bancario-043-2018-santander-demite-bancario-cego-e-doente\/\" \/>\n<meta property=\"og:locale\" content=\"pt_BR\" \/>\n<meta property=\"og:type\" content=\"article\" \/>\n<meta property=\"og:title\" content=\"INFORME BANC\u00c1RIO - 043 \/ 2018 - SANTANDER DEMITE BANC\u00c1RIO CEGO E DOENTE - Sindicato dos Banc\u00e1rios de S\u00e3o Bento do Sul e Regi\u00e3o\" \/>\n<meta property=\"og:description\" content=\"Trabalhador que acabou de ganhar primeiro filho faz tratamento contra depress\u00e3o e voltava de afastamento m\u00e9dico devido a [&hellip;]\" \/>\n<meta property=\"og:url\" content=\"https:\/\/sindicatodosbancarios.org.br\/site2022\/2018\/06\/29\/informe-bancario-043-2018-santander-demite-bancario-cego-e-doente\/\" \/>\n<meta property=\"og:site_name\" content=\"Sindicato dos Banc\u00e1rios de S\u00e3o Bento do Sul e Regi\u00e3o\" \/>\n<meta property=\"article:author\" content=\"https:\/\/www.facebook.com\/seeb.sbs.9\" \/>\n<meta property=\"article:published_time\" content=\"2018-06-29T17:05:04+00:00\" \/>\n<meta property=\"og:image\" content=\"https:\/\/sindicatodosbancarios.org.br\/site2022\/wp-content\/uploads\/2017\/08\/27.jpg\" \/>\n\t<meta property=\"og:image:width\" content=\"700\" \/>\n\t<meta property=\"og:image:height\" content=\"535\" \/>\n\t<meta property=\"og:image:type\" content=\"image\/jpeg\" \/>\n<meta name=\"author\" content=\"Sindicato dos Banc\u00e1rios S\u00e3o Bento do Sul e Regi\u00e3o\" \/>\n<meta name=\"twitter:card\" content=\"summary_large_image\" \/>\n<meta name=\"twitter:label1\" content=\"Escrito por\" \/>\n\t<meta name=\"twitter:data1\" content=\"Sindicato dos Banc\u00e1rios S\u00e3o Bento do Sul e Regi\u00e3o\" \/>\n\t<meta name=\"twitter:label2\" content=\"Est. tempo de leitura\" \/>\n\t<meta name=\"twitter:data2\" content=\"4 minutos\" \/>\n<script type=\"application\/ld+json\" class=\"yoast-schema-graph\">{\"@context\":\"https:\/\/schema.org\",\"@graph\":[{\"@type\":\"Article\",\"@id\":\"https:\/\/sindicatodosbancarios.org.br\/site2022\/2018\/06\/29\/informe-bancario-043-2018-santander-demite-bancario-cego-e-doente\/#article\",\"isPartOf\":{\"@id\":\"https:\/\/sindicatodosbancarios.org.br\/site2022\/2018\/06\/29\/informe-bancario-043-2018-santander-demite-bancario-cego-e-doente\/\"},\"author\":{\"name\":\"Sindicato dos Banc\u00e1rios S\u00e3o Bento do Sul e Regi\u00e3o\",\"@id\":\"https:\/\/sindicatodosbancarios.org.br\/site2022\/#\/schema\/person\/a7d92da77d1084df4d28b57962f1e1bd\"},\"headline\":\"INFORME BANC\u00c1RIO &#8211; 043 \/ 2018 &#8211; SANTANDER DEMITE BANC\u00c1RIO CEGO E DOENTE\",\"datePublished\":\"2018-06-29T17:05:04+00:00\",\"dateModified\":\"2018-06-29T17:05:04+00:00\",\"mainEntityOfPage\":{\"@id\":\"https:\/\/sindicatodosbancarios.org.br\/site2022\/2018\/06\/29\/informe-bancario-043-2018-santander-demite-bancario-cego-e-doente\/\"},\"wordCount\":812,\"commentCount\":0,\"publisher\":{\"@id\":\"https:\/\/sindicatodosbancarios.org.br\/site2022\/#organization\"},\"articleSection\":[\"Geral\"],\"inLanguage\":\"pt-BR\",\"potentialAction\":[{\"@type\":\"CommentAction\",\"name\":\"Comment\",\"target\":[\"https:\/\/sindicatodosbancarios.org.br\/site2022\/2018\/06\/29\/informe-bancario-043-2018-santander-demite-bancario-cego-e-doente\/#respond\"]}]},{\"@type\":\"WebPage\",\"@id\":\"https:\/\/sindicatodosbancarios.org.br\/site2022\/2018\/06\/29\/informe-bancario-043-2018-santander-demite-bancario-cego-e-doente\/\",\"url\":\"https:\/\/sindicatodosbancarios.org.br\/site2022\/2018\/06\/29\/informe-bancario-043-2018-santander-demite-bancario-cego-e-doente\/\",\"name\":\"INFORME BANC\u00c1RIO - 043 \/ 2018 - SANTANDER DEMITE BANC\u00c1RIO CEGO E DOENTE - Sindicato dos Banc\u00e1rios de S\u00e3o Bento do Sul e Regi\u00e3o\",\"isPartOf\":{\"@id\":\"https:\/\/sindicatodosbancarios.org.br\/site2022\/#website\"},\"datePublished\":\"2018-06-29T17:05:04+00:00\",\"dateModified\":\"2018-06-29T17:05:04+00:00\",\"breadcrumb\":{\"@id\":\"https:\/\/sindicatodosbancarios.org.br\/site2022\/2018\/06\/29\/informe-bancario-043-2018-santander-demite-bancario-cego-e-doente\/#breadcrumb\"},\"inLanguage\":\"pt-BR\",\"potentialAction\":[{\"@type\":\"ReadAction\",\"target\":[\"https:\/\/sindicatodosbancarios.org.br\/site2022\/2018\/06\/29\/informe-bancario-043-2018-santander-demite-bancario-cego-e-doente\/\"]}]},{\"@type\":\"BreadcrumbList\",\"@id\":\"https:\/\/sindicatodosbancarios.org.br\/site2022\/2018\/06\/29\/informe-bancario-043-2018-santander-demite-bancario-cego-e-doente\/#breadcrumb\",\"itemListElement\":[{\"@type\":\"ListItem\",\"position\":1,\"name\":\"In\u00edcio\",\"item\":\"https:\/\/sindicatodosbancarios.org.br\/site2022\/\"},{\"@type\":\"ListItem\",\"position\":2,\"name\":\"INFORME BANC\u00c1RIO &#8211; 043 \/ 2018 &#8211; SANTANDER DEMITE BANC\u00c1RIO CEGO E DOENTE\"}]},{\"@type\":\"WebSite\",\"@id\":\"https:\/\/sindicatodosbancarios.org.br\/site2022\/#website\",\"url\":\"https:\/\/sindicatodosbancarios.org.br\/site2022\/\",\"name\":\"Sindicato dos Banc\u00e1rios de S\u00e3o Bento do Sul e Regi\u00e3o\",\"description\":\"Website institucional do Sindicato dos Banc\u00e1rios de S\u00e3o Bento do Sul e Regi\u00e3o\",\"publisher\":{\"@id\":\"https:\/\/sindicatodosbancarios.org.br\/site2022\/#organization\"},\"potentialAction\":[{\"@type\":\"SearchAction\",\"target\":{\"@type\":\"EntryPoint\",\"urlTemplate\":\"https:\/\/sindicatodosbancarios.org.br\/site2022\/?s={search_term_string}\"},\"query-input\":\"required name=search_term_string\"}],\"inLanguage\":\"pt-BR\"},{\"@type\":\"Organization\",\"@id\":\"https:\/\/sindicatodosbancarios.org.br\/site2022\/#organization\",\"name\":\"Sindicato dos Banc\u00e1rios de S\u00e3o Bento do Sul e Regi\u00e3o\",\"url\":\"https:\/\/sindicatodosbancarios.org.br\/site2022\/\",\"logo\":{\"@type\":\"ImageObject\",\"inLanguage\":\"pt-BR\",\"@id\":\"https:\/\/sindicatodosbancarios.org.br\/site2022\/#\/schema\/logo\/image\/\",\"url\":\"https:\/\/sindicatodosbancarios.org.br\/site2022\/wp-content\/uploads\/2017\/06\/cropped-logo-2.png\",\"contentUrl\":\"https:\/\/sindicatodosbancarios.org.br\/site2022\/wp-content\/uploads\/2017\/06\/cropped-logo-2.png\",\"width\":292,\"height\":292,\"caption\":\"Sindicato dos Banc\u00e1rios de S\u00e3o Bento do Sul e Regi\u00e3o\"},\"image\":{\"@id\":\"https:\/\/sindicatodosbancarios.org.br\/site2022\/#\/schema\/logo\/image\/\"}},{\"@type\":\"Person\",\"@id\":\"https:\/\/sindicatodosbancarios.org.br\/site2022\/#\/schema\/person\/a7d92da77d1084df4d28b57962f1e1bd\",\"name\":\"Sindicato dos Banc\u00e1rios S\u00e3o Bento do Sul e Regi\u00e3o\",\"image\":{\"@type\":\"ImageObject\",\"inLanguage\":\"pt-BR\",\"@id\":\"https:\/\/sindicatodosbancarios.org.br\/site2022\/#\/schema\/person\/image\/\",\"url\":\"https:\/\/secure.gravatar.com\/avatar\/f1d1a06f698f2345352e539387180d42?s=96&d=mm&r=g\",\"contentUrl\":\"https:\/\/secure.gravatar.com\/avatar\/f1d1a06f698f2345352e539387180d42?s=96&d=mm&r=g\",\"caption\":\"Sindicato dos Banc\u00e1rios S\u00e3o Bento do Sul e Regi\u00e3o\"},\"sameAs\":[\"http:\/\/sindicatodosbancarios.org.br\/site2022\/\",\"https:\/\/www.facebook.com\/seeb.sbs.9\"],\"url\":\"https:\/\/sindicatodosbancarios.org.br\/site2022\/author\/sindicatodosbancarios\/\"}]}<\/script>\n<!-- \/ Yoast SEO plugin. -->","yoast_head_json":{"title":"INFORME BANC\u00c1RIO - 043 \/ 2018 - SANTANDER DEMITE BANC\u00c1RIO CEGO E DOENTE - Sindicato dos Banc\u00e1rios de S\u00e3o Bento do Sul e Regi\u00e3o","robots":{"index":"index","follow":"follow","max-snippet":"max-snippet:-1","max-image-preview":"max-image-preview:large","max-video-preview":"max-video-preview:-1"},"canonical":"https:\/\/sindicatodosbancarios.org.br\/site2022\/2018\/06\/29\/informe-bancario-043-2018-santander-demite-bancario-cego-e-doente\/","og_locale":"pt_BR","og_type":"article","og_title":"INFORME BANC\u00c1RIO - 043 \/ 2018 - SANTANDER DEMITE BANC\u00c1RIO CEGO E DOENTE - Sindicato dos Banc\u00e1rios de S\u00e3o Bento do Sul e Regi\u00e3o","og_description":"Trabalhador que acabou de ganhar primeiro filho faz tratamento contra depress\u00e3o e voltava de afastamento m\u00e9dico devido a [&hellip;]","og_url":"https:\/\/sindicatodosbancarios.org.br\/site2022\/2018\/06\/29\/informe-bancario-043-2018-santander-demite-bancario-cego-e-doente\/","og_site_name":"Sindicato dos Banc\u00e1rios de S\u00e3o Bento do Sul e Regi\u00e3o","article_author":"https:\/\/www.facebook.com\/seeb.sbs.9","article_published_time":"2018-06-29T17:05:04+00:00","og_image":[{"width":700,"height":535,"url":"https:\/\/sindicatodosbancarios.org.br\/site2022\/wp-content\/uploads\/2017\/08\/27.jpg","type":"image\/jpeg"}],"author":"Sindicato dos Banc\u00e1rios S\u00e3o Bento do Sul e Regi\u00e3o","twitter_card":"summary_large_image","twitter_misc":{"Escrito por":"Sindicato dos Banc\u00e1rios S\u00e3o Bento do Sul e Regi\u00e3o","Est. tempo de leitura":"4 minutos"},"schema":{"@context":"https:\/\/schema.org","@graph":[{"@type":"Article","@id":"https:\/\/sindicatodosbancarios.org.br\/site2022\/2018\/06\/29\/informe-bancario-043-2018-santander-demite-bancario-cego-e-doente\/#article","isPartOf":{"@id":"https:\/\/sindicatodosbancarios.org.br\/site2022\/2018\/06\/29\/informe-bancario-043-2018-santander-demite-bancario-cego-e-doente\/"},"author":{"name":"Sindicato dos Banc\u00e1rios S\u00e3o Bento do Sul e Regi\u00e3o","@id":"https:\/\/sindicatodosbancarios.org.br\/site2022\/#\/schema\/person\/a7d92da77d1084df4d28b57962f1e1bd"},"headline":"INFORME BANC\u00c1RIO &#8211; 043 \/ 2018 &#8211; SANTANDER DEMITE BANC\u00c1RIO CEGO E DOENTE","datePublished":"2018-06-29T17:05:04+00:00","dateModified":"2018-06-29T17:05:04+00:00","mainEntityOfPage":{"@id":"https:\/\/sindicatodosbancarios.org.br\/site2022\/2018\/06\/29\/informe-bancario-043-2018-santander-demite-bancario-cego-e-doente\/"},"wordCount":812,"commentCount":0,"publisher":{"@id":"https:\/\/sindicatodosbancarios.org.br\/site2022\/#organization"},"articleSection":["Geral"],"inLanguage":"pt-BR","potentialAction":[{"@type":"CommentAction","name":"Comment","target":["https:\/\/sindicatodosbancarios.org.br\/site2022\/2018\/06\/29\/informe-bancario-043-2018-santander-demite-bancario-cego-e-doente\/#respond"]}]},{"@type":"WebPage","@id":"https:\/\/sindicatodosbancarios.org.br\/site2022\/2018\/06\/29\/informe-bancario-043-2018-santander-demite-bancario-cego-e-doente\/","url":"https:\/\/sindicatodosbancarios.org.br\/site2022\/2018\/06\/29\/informe-bancario-043-2018-santander-demite-bancario-cego-e-doente\/","name":"INFORME BANC\u00c1RIO - 043 \/ 2018 - SANTANDER DEMITE BANC\u00c1RIO CEGO E DOENTE - Sindicato dos Banc\u00e1rios de S\u00e3o Bento do Sul e Regi\u00e3o","isPartOf":{"@id":"https:\/\/sindicatodosbancarios.org.br\/site2022\/#website"},"datePublished":"2018-06-29T17:05:04+00:00","dateModified":"2018-06-29T17:05:04+00:00","breadcrumb":{"@id":"https:\/\/sindicatodosbancarios.org.br\/site2022\/2018\/06\/29\/informe-bancario-043-2018-santander-demite-bancario-cego-e-doente\/#breadcrumb"},"inLanguage":"pt-BR","potentialAction":[{"@type":"ReadAction","target":["https:\/\/sindicatodosbancarios.org.br\/site2022\/2018\/06\/29\/informe-bancario-043-2018-santander-demite-bancario-cego-e-doente\/"]}]},{"@type":"BreadcrumbList","@id":"https:\/\/sindicatodosbancarios.org.br\/site2022\/2018\/06\/29\/informe-bancario-043-2018-santander-demite-bancario-cego-e-doente\/#breadcrumb","itemListElement":[{"@type":"ListItem","position":1,"name":"In\u00edcio","item":"https:\/\/sindicatodosbancarios.org.br\/site2022\/"},{"@type":"ListItem","position":2,"name":"INFORME BANC\u00c1RIO &#8211; 043 \/ 2018 &#8211; SANTANDER DEMITE BANC\u00c1RIO CEGO E DOENTE"}]},{"@type":"WebSite","@id":"https:\/\/sindicatodosbancarios.org.br\/site2022\/#website","url":"https:\/\/sindicatodosbancarios.org.br\/site2022\/","name":"Sindicato dos Banc\u00e1rios de S\u00e3o Bento do Sul e Regi\u00e3o","description":"Website institucional do Sindicato dos Banc\u00e1rios de S\u00e3o Bento do Sul e Regi\u00e3o","publisher":{"@id":"https:\/\/sindicatodosbancarios.org.br\/site2022\/#organization"},"potentialAction":[{"@type":"SearchAction","target":{"@type":"EntryPoint","urlTemplate":"https:\/\/sindicatodosbancarios.org.br\/site2022\/?s={search_term_string}"},"query-input":"required name=search_term_string"}],"inLanguage":"pt-BR"},{"@type":"Organization","@id":"https:\/\/sindicatodosbancarios.org.br\/site2022\/#organization","name":"Sindicato dos Banc\u00e1rios de S\u00e3o Bento do Sul e Regi\u00e3o","url":"https:\/\/sindicatodosbancarios.org.br\/site2022\/","logo":{"@type":"ImageObject","inLanguage":"pt-BR","@id":"https:\/\/sindicatodosbancarios.org.br\/site2022\/#\/schema\/logo\/image\/","url":"https:\/\/sindicatodosbancarios.org.br\/site2022\/wp-content\/uploads\/2017\/06\/cropped-logo-2.png","contentUrl":"https:\/\/sindicatodosbancarios.org.br\/site2022\/wp-content\/uploads\/2017\/06\/cropped-logo-2.png","width":292,"height":292,"caption":"Sindicato dos Banc\u00e1rios de S\u00e3o Bento do Sul e Regi\u00e3o"},"image":{"@id":"https:\/\/sindicatodosbancarios.org.br\/site2022\/#\/schema\/logo\/image\/"}},{"@type":"Person","@id":"https:\/\/sindicatodosbancarios.org.br\/site2022\/#\/schema\/person\/a7d92da77d1084df4d28b57962f1e1bd","name":"Sindicato dos Banc\u00e1rios S\u00e3o Bento do Sul e Regi\u00e3o","image":{"@type":"ImageObject","inLanguage":"pt-BR","@id":"https:\/\/sindicatodosbancarios.org.br\/site2022\/#\/schema\/person\/image\/","url":"https:\/\/secure.gravatar.com\/avatar\/f1d1a06f698f2345352e539387180d42?s=96&d=mm&r=g","contentUrl":"https:\/\/secure.gravatar.com\/avatar\/f1d1a06f698f2345352e539387180d42?s=96&d=mm&r=g","caption":"Sindicato dos Banc\u00e1rios S\u00e3o Bento do Sul e Regi\u00e3o"},"sameAs":["http:\/\/sindicatodosbancarios.org.br\/site2022\/","https:\/\/www.facebook.com\/seeb.sbs.9"],"url":"https:\/\/sindicatodosbancarios.org.br\/site2022\/author\/sindicatodosbancarios\/"}]}},"jetpack_featured_media_url":"https:\/\/sindicatodosbancarios.org.br\/site2022\/wp-content\/uploads\/2017\/08\/27.jpg","jetpack_sharing_enabled":true,"jetpack_shortlink":"https:\/\/wp.me\/p8RSbI-Fu","jetpack-related-posts":[{"id":5886,"url":"https:\/\/sindicatodosbancarios.org.br\/site2022\/2022\/02\/07\/informe-bancario-10-2022-banco-santander-paga-plr-no-dia-25-2\/","url_meta":{"origin":2572,"position":0},"title":"INFORME BANC\u00c1RIO \u2013 10\/2022 Banco Santander paga PLR no dia 25\/2","date":"7 de fevereiro de 2022","format":false,"excerpt":"O banco Santander comunicou \u00e0 CONTEC que vai pagar a Participa\u00e7\u00e3o nos Lucros e Resultados (PLR) no pr\u00f3ximo dia 25 de fevereiro. Os valores ser\u00e3o creditados nas contas dos funcion\u00e1rios conforme pedido feito pela CONTEC. A entidade solicitou o adiantamento do benef\u00edcio, assim que os resultados do banco foram divulgados.\u2026","rel":"","context":"Em &quot;Santander&quot;","img":{"alt_text":"","src":"https:\/\/i0.wp.com\/sindicatodosbancarios.org.br\/site2022\/wp-content\/uploads\/2022\/02\/WhatsApp-Image-2022-02-03-at-18.57.58-1-1170x585.jpeg?resize=350%2C200&ssl=1","width":350,"height":200},"classes":[]},{"id":4187,"url":"https:\/\/sindicatodosbancarios.org.br\/site2022\/2020\/07\/31\/informe-bancario-269-2020-a-conta-chegou-para-o-santander-lucro-cai-41-no-segundo-trimestre-com-provisao-para-coronavirus\/","url_meta":{"origin":2572,"position":1},"title":"INFORME BANC\u00c1RIO \u2013 269\/2020 A conta chegou para o Santander: lucro cai 41% no segundo trimestre com provis\u00e3o para coronav\u00edrus","date":"31 de julho de 2020","format":false,"excerpt":"Com atraso de um trimestre, banco decide fazer provis\u00f5es para o efeito coronav\u00edrus de R$ 3,2 bilh\u00f5es, o que derrubou o lucro para R$ 2,136 bilh\u00f5es O Santander Brasil\u00a0surpreendeu no resultado do primeiro trimestre deste ano ao ser o\u00a0\u00fanico entre os grandes bancos a registrar aumento no lucro. Os espanh\u00f3is\u2026","rel":"","context":"Em &quot;Geral&quot;","img":{"alt_text":"","src":"https:\/\/i0.wp.com\/sindicatodosbancarios.org.br\/site2022\/wp-content\/uploads\/2020\/07\/Santander-Shutterstock-3-628x353.jpg?resize=350%2C200&ssl=1","width":350,"height":200},"classes":[]},{"id":5115,"url":"https:\/\/sindicatodosbancarios.org.br\/site2022\/2021\/02\/04\/informe-bancario-45-2021-santander-tem-lucro-de-r-1368-bilhoes-no-brasil\/","url_meta":{"origin":2572,"position":2},"title":"INFORME BANC\u00c1RIO \u2013 45\/2021 Santander tem lucro de R$ 13,68 bilh\u00f5es no Brasil","date":"4 de fevereiro de 2021","format":false,"excerpt":"O Banco Santander obteve um lucro ordin\u00e1rio em 2020 de 2,11 bilh\u00f5es de euros (R$ 13,68 bilh\u00f5es) no Brasil, cerca de 5% a menos do que no ano anterior, diante do impacto relativo \u00e0 pandemia da Covid-19, em que n\u00e3o foi poss\u00edvel compensar as perdas com o aumento de receitas\u2026","rel":"","context":"Em &quot;Geral&quot;","img":{"alt_text":"","src":"https:\/\/i0.wp.com\/sindicatodosbancarios.org.br\/site2022\/wp-content\/uploads\/2021\/02\/vagas-santander-agencia-do-banco-1562078449638_v2_900x506.jpg?resize=350%2C200&ssl=1","width":350,"height":200},"classes":[]},{"id":5574,"url":"https:\/\/sindicatodosbancarios.org.br\/site2022\/2021\/07\/29\/informe-bancario-180-2021-enquanto-troca-de-comando-santander-tem-maior-lucro-da-sua-historia\/","url_meta":{"origin":2572,"position":3},"title":"INFORME BANC\u00c1RIO \u2013 180\/2021 Enquanto troca de comando, Santander tem maior lucro da sua hist\u00f3ria","date":"29 de julho de 2021","format":false,"excerpt":"No segundo trimestre, banco apurou ganhos de R$ 4,171 bilh\u00f5es, crescimento de 8% na compara\u00e7\u00e3o anual, e acima do esperado pelo mercado. Sergio Rial\u00a0vai deixar a presid\u00eancia do\u00a0Santander Brasil\u00a0em dezembro, pouco antes de completar seis anos no cargo. E se os resultados recentes o credenciam a sair do posto\u00a0para ser\u2026","rel":"","context":"Em &quot;Santander&quot;","img":{"alt_text":"","src":"https:\/\/i0.wp.com\/sindicatodosbancarios.org.br\/site2022\/wp-content\/uploads\/2021\/07\/sede-do-santander.jpeg?resize=350%2C200&ssl=1","width":350,"height":200},"classes":[]},{"id":4195,"url":"https:\/\/sindicatodosbancarios.org.br\/site2022\/2020\/08\/03\/informe-bancario-272-2020-espanhol-santander-tem-prejuizo-recorde-de-111-bilhoes-de-euros-no-2o-trimestre\/","url_meta":{"origin":2572,"position":4},"title":"INFORME BANC\u00c1RIO \u2013 272\/2020 Espanhol Santander tem preju\u00edzo recorde de 11,1 bilh\u00f5es de euros no 2\u00ba trimestre","date":"3 de agosto de 2020","format":false,"excerpt":"O Santander disse que o grupo estava adiantando em seu plano de economia de custos, com as despesas operacionais caindo 5% ano a ano em termos reais e a regi\u00e3o europeia alcan\u00e7ando mais de 300 milh\u00f5es de euros. O\u00a0Santander\u00a0(SANB11) da\u00a0Espanha\u00a0registrou um preju\u00edzo l\u00edquido recorde de 11,1 bilh\u00f5es de euros (13\u2026","rel":"","context":"Em &quot;Geral&quot;","img":{"alt_text":"","src":"https:\/\/i0.wp.com\/sindicatodosbancarios.org.br\/site2022\/wp-content\/uploads\/2020\/08\/santander-1-1.jpeg?resize=350%2C200&ssl=1","width":350,"height":200},"classes":[]},{"id":5809,"url":"https:\/\/sindicatodosbancarios.org.br\/site2022\/2021\/11\/12\/informe-bancario-245-2021-lucro-dos-grandes-bancos-soma-r-213-bilhoes-no-3o-trimestre\/","url_meta":{"origin":2572,"position":5},"title":"INFORME BANC\u00c1RIO \u2013 245\/2021 Lucro dos grandes bancos soma R$ 21,3 bilh\u00f5es no 3\u00ba trimestre","date":"12 de novembro de 2021","format":false,"excerpt":"Resultado representa alta de 36,7% na compara\u00e7\u00e3o com o mesmo per\u00edodo do ano passado. Na compara\u00e7\u00e3o com o 2\u00ba trimestre, por\u00e9m, lucro foi 8% menor. O lucro l\u00edquido conjunto dos quatro grandes bancos brasileiros no terceiro trimestre somou R$ 21,3 bilh\u00f5es. Segundo levantamento da provedora de informa\u00e7\u00f5es financeiras Economatica, o\u2026","rel":"","context":"Em &quot;Banco do Brasil&quot;","img":{"alt_text":"","src":"https:\/\/i0.wp.com\/sindicatodosbancarios.org.br\/site2022\/wp-content\/uploads\/2021\/11\/4-Bancos.jpg?resize=350%2C200&ssl=1","width":350,"height":200},"classes":[]}],"_links":{"self":[{"href":"https:\/\/sindicatodosbancarios.org.br\/site2022\/wp-json\/wp\/v2\/posts\/2572"}],"collection":[{"href":"https:\/\/sindicatodosbancarios.org.br\/site2022\/wp-json\/wp\/v2\/posts"}],"about":[{"href":"https:\/\/sindicatodosbancarios.org.br\/site2022\/wp-json\/wp\/v2\/types\/post"}],"author":[{"embeddable":true,"href":"https:\/\/sindicatodosbancarios.org.br\/site2022\/wp-json\/wp\/v2\/users\/2"}],"replies":[{"embeddable":true,"href":"https:\/\/sindicatodosbancarios.org.br\/site2022\/wp-json\/wp\/v2\/comments?post=2572"}],"version-history":[{"count":1,"href":"https:\/\/sindicatodosbancarios.org.br\/site2022\/wp-json\/wp\/v2\/posts\/2572\/revisions"}],"predecessor-version":[{"id":2573,"href":"https:\/\/sindicatodosbancarios.org.br\/site2022\/wp-json\/wp\/v2\/posts\/2572\/revisions\/2573"}],"wp:featuredmedia":[{"embeddable":true,"href":"https:\/\/sindicatodosbancarios.org.br\/site2022\/wp-json\/wp\/v2\/media\/1465"}],"wp:attachment":[{"href":"https:\/\/sindicatodosbancarios.org.br\/site2022\/wp-json\/wp\/v2\/media?parent=2572"}],"wp:term":[{"taxonomy":"category","embeddable":true,"href":"https:\/\/sindicatodosbancarios.org.br\/site2022\/wp-json\/wp\/v2\/categories?post=2572"},{"taxonomy":"post_tag","embeddable":true,"href":"https:\/\/sindicatodosbancarios.org.br\/site2022\/wp-json\/wp\/v2\/tags?post=2572"}],"curies":[{"name":"wp","href":"https:\/\/api.w.org\/{rel}","templated":true}]}}