{"id":2592,"date":"2018-07-17T14:00:33","date_gmt":"2018-07-17T17:00:33","guid":{"rendered":"http:\/\/sindicatodosbancarios.org.br\/?p=2592"},"modified":"2018-07-17T14:00:33","modified_gmt":"2018-07-17T17:00:33","slug":"presidente-da-federacao-dos-bancarios-de-santa-catarina-faz-visita-ao-sindicato","status":"publish","type":"post","link":"https:\/\/sindicatodosbancarios.org.br\/site2022\/2018\/07\/17\/presidente-da-federacao-dos-bancarios-de-santa-catarina-faz-visita-ao-sindicato\/","title":{"rendered":"PRESIDENTE DA FEDERA\u00c7\u00c3O DOS BANC\u00c1RIOS DE SANTA CATARINA FAZ VISITA AO SINDICATO"},"content":{"rendered":"<p>No dia de hoje (17\/07), o Sindicato dos Banc\u00e1rios de S\u00e3o Bento do Sul e Regi\u00e3o recebeu a visita do Presidente da FEEB\/SC, Jo\u00e3o Barbosa, que faz um p\u00e9riplo pelo Estado visitando as Entidades Sindicais, com intuito de buscar subs\u00eddios para melhoria daquela Federa\u00e7\u00e3o.<\/p>\n<p>O Presidente do Sindicato, Sr. Roberto, agradeceu a visita \u00a0colocando-se \u00e0 disposi\u00e7\u00e3o da Federa\u00e7\u00e3o para contribuir da melhor forma poss\u00edvel para aproximar a FEEB\/SC dos Sindicatos.<\/p>\n<p>Os Presidentes Roberto e Barbosa, tamb\u00e9m fizeram uma an\u00e1lise da Campanha Salarial dos Banc\u00e1rios 2018 \/ 2019, que iniciou em junho desse ano e que ter\u00e1 prosseguimento com reuni\u00e3o j\u00e1 agendada para o dia 20\/07, ambos s\u00e3o un\u00e2nimes que os banc\u00e1rios precisam estar mobilizados para n\u00e3o terem seus direitos reduzidos \u00a0que foram conquistados ao longo da hist\u00f3ria da categoria, na for\u00e7a de sua mobiliza\u00e7\u00e3o e na luta sindical.<\/p>\n<p>Jo\u00e3o Barbosa, tamb\u00e9m foi conhecer a ARBANC (Associa\u00e7\u00e3o Recreativa dos Banc\u00e1rios &#8211; Jos\u00e9 Ilton Belli), sede essa que foi inaugurada em 10\/12\/2017.<\/p>\n<p><span style=\"font-size: 8pt;\">fonte: SEEB S\u00e3o Bento do Sul e Regi\u00e3o\u00a0<\/span><\/p>\n","protected":false},"excerpt":{"rendered":"<p>No dia de hoje (17\/07), o Sindicato dos Banc\u00e1rios de S\u00e3o Bento do Sul e Regi\u00e3o recebeu a [&hellip;]<\/p>\n","protected":false},"author":2,"featured_media":2594,"comment_status":"open","ping_status":"open","sticky":false,"template":"","format":"standard","meta":{"jetpack_post_was_ever_published":false,"jetpack_publicize_message":"","jetpack_is_tweetstorm":false,"jetpack_publicize_feature_enabled":true,"jetpack_social_post_already_shared":true,"jetpack_social_options":[]},"categories":[1],"tags":[],"jetpack_publicize_connections":[],"acf":[],"yoast_head":"<!-- This site is optimized with the Yoast SEO plugin v19.14 - https:\/\/yoast.com\/wordpress\/plugins\/seo\/ -->\n<title>PRESIDENTE DA FEDERA\u00c7\u00c3O DOS BANC\u00c1RIOS DE SANTA CATARINA FAZ VISITA AO SINDICATO - Sindicato dos Banc\u00e1rios de S\u00e3o Bento do Sul e Regi\u00e3o<\/title>\n<meta name=\"robots\" content=\"index, follow, max-snippet:-1, max-image-preview:large, max-video-preview:-1\" \/>\n<link rel=\"canonical\" href=\"https:\/\/sindicatodosbancarios.org.br\/site2022\/2018\/07\/17\/presidente-da-federacao-dos-bancarios-de-santa-catarina-faz-visita-ao-sindicato\/\" \/>\n<meta property=\"og:locale\" content=\"pt_BR\" \/>\n<meta property=\"og:type\" content=\"article\" \/>\n<meta property=\"og:title\" content=\"PRESIDENTE DA FEDERA\u00c7\u00c3O DOS BANC\u00c1RIOS DE SANTA CATARINA FAZ VISITA AO SINDICATO - Sindicato dos Banc\u00e1rios de S\u00e3o Bento do Sul e Regi\u00e3o\" \/>\n<meta property=\"og:description\" content=\"No dia de hoje (17\/07), o Sindicato dos Banc\u00e1rios de S\u00e3o Bento do Sul e Regi\u00e3o recebeu a [&hellip;]\" \/>\n<meta property=\"og:url\" content=\"https:\/\/sindicatodosbancarios.org.br\/site2022\/2018\/07\/17\/presidente-da-federacao-dos-bancarios-de-santa-catarina-faz-visita-ao-sindicato\/\" \/>\n<meta property=\"og:site_name\" content=\"Sindicato dos Banc\u00e1rios de S\u00e3o Bento do Sul e Regi\u00e3o\" \/>\n<meta property=\"article:author\" content=\"https:\/\/www.facebook.com\/seeb.sbs.9\" \/>\n<meta property=\"article:published_time\" content=\"2018-07-17T17:00:33+00:00\" \/>\n<meta property=\"og:image\" content=\"https:\/\/sindicatodosbancarios.org.br\/site2022\/wp-content\/uploads\/2018\/07\/IMG_20180717_121713980_HDR.jpg\" \/>\n\t<meta property=\"og:image:width\" content=\"1600\" \/>\n\t<meta property=\"og:image:height\" content=\"1200\" \/>\n\t<meta property=\"og:image:type\" content=\"image\/jpeg\" \/>\n<meta name=\"author\" content=\"Sindicato dos Banc\u00e1rios S\u00e3o Bento do Sul e Regi\u00e3o\" \/>\n<meta name=\"twitter:card\" content=\"summary_large_image\" \/>\n<meta name=\"twitter:label1\" content=\"Escrito por\" \/>\n\t<meta name=\"twitter:data1\" content=\"Sindicato dos Banc\u00e1rios S\u00e3o Bento do Sul e Regi\u00e3o\" \/>\n\t<meta name=\"twitter:label2\" content=\"Est. tempo de leitura\" \/>\n\t<meta name=\"twitter:data2\" content=\"1 minuto\" \/>\n<script type=\"application\/ld+json\" class=\"yoast-schema-graph\">{\"@context\":\"https:\/\/schema.org\",\"@graph\":[{\"@type\":\"Article\",\"@id\":\"https:\/\/sindicatodosbancarios.org.br\/site2022\/2018\/07\/17\/presidente-da-federacao-dos-bancarios-de-santa-catarina-faz-visita-ao-sindicato\/#article\",\"isPartOf\":{\"@id\":\"https:\/\/sindicatodosbancarios.org.br\/site2022\/2018\/07\/17\/presidente-da-federacao-dos-bancarios-de-santa-catarina-faz-visita-ao-sindicato\/\"},\"author\":{\"name\":\"Sindicato dos Banc\u00e1rios S\u00e3o Bento do Sul e Regi\u00e3o\",\"@id\":\"https:\/\/sindicatodosbancarios.org.br\/site2022\/#\/schema\/person\/a7d92da77d1084df4d28b57962f1e1bd\"},\"headline\":\"PRESIDENTE DA FEDERA\u00c7\u00c3O DOS BANC\u00c1RIOS DE SANTA CATARINA FAZ VISITA AO SINDICATO\",\"datePublished\":\"2018-07-17T17:00:33+00:00\",\"dateModified\":\"2018-07-17T17:00:33+00:00\",\"mainEntityOfPage\":{\"@id\":\"https:\/\/sindicatodosbancarios.org.br\/site2022\/2018\/07\/17\/presidente-da-federacao-dos-bancarios-de-santa-catarina-faz-visita-ao-sindicato\/\"},\"wordCount\":204,\"commentCount\":0,\"publisher\":{\"@id\":\"https:\/\/sindicatodosbancarios.org.br\/site2022\/#organization\"},\"articleSection\":[\"Geral\"],\"inLanguage\":\"pt-BR\",\"potentialAction\":[{\"@type\":\"CommentAction\",\"name\":\"Comment\",\"target\":[\"https:\/\/sindicatodosbancarios.org.br\/site2022\/2018\/07\/17\/presidente-da-federacao-dos-bancarios-de-santa-catarina-faz-visita-ao-sindicato\/#respond\"]}]},{\"@type\":\"WebPage\",\"@id\":\"https:\/\/sindicatodosbancarios.org.br\/site2022\/2018\/07\/17\/presidente-da-federacao-dos-bancarios-de-santa-catarina-faz-visita-ao-sindicato\/\",\"url\":\"https:\/\/sindicatodosbancarios.org.br\/site2022\/2018\/07\/17\/presidente-da-federacao-dos-bancarios-de-santa-catarina-faz-visita-ao-sindicato\/\",\"name\":\"PRESIDENTE DA FEDERA\u00c7\u00c3O DOS BANC\u00c1RIOS DE SANTA CATARINA FAZ VISITA AO SINDICATO - Sindicato dos Banc\u00e1rios de S\u00e3o Bento do Sul e Regi\u00e3o\",\"isPartOf\":{\"@id\":\"https:\/\/sindicatodosbancarios.org.br\/site2022\/#website\"},\"datePublished\":\"2018-07-17T17:00:33+00:00\",\"dateModified\":\"2018-07-17T17:00:33+00:00\",\"breadcrumb\":{\"@id\":\"https:\/\/sindicatodosbancarios.org.br\/site2022\/2018\/07\/17\/presidente-da-federacao-dos-bancarios-de-santa-catarina-faz-visita-ao-sindicato\/#breadcrumb\"},\"inLanguage\":\"pt-BR\",\"potentialAction\":[{\"@type\":\"ReadAction\",\"target\":[\"https:\/\/sindicatodosbancarios.org.br\/site2022\/2018\/07\/17\/presidente-da-federacao-dos-bancarios-de-santa-catarina-faz-visita-ao-sindicato\/\"]}]},{\"@type\":\"BreadcrumbList\",\"@id\":\"https:\/\/sindicatodosbancarios.org.br\/site2022\/2018\/07\/17\/presidente-da-federacao-dos-bancarios-de-santa-catarina-faz-visita-ao-sindicato\/#breadcrumb\",\"itemListElement\":[{\"@type\":\"ListItem\",\"position\":1,\"name\":\"In\u00edcio\",\"item\":\"https:\/\/sindicatodosbancarios.org.br\/site2022\/\"},{\"@type\":\"ListItem\",\"position\":2,\"name\":\"PRESIDENTE DA FEDERA\u00c7\u00c3O DOS BANC\u00c1RIOS DE SANTA CATARINA FAZ VISITA AO SINDICATO\"}]},{\"@type\":\"WebSite\",\"@id\":\"https:\/\/sindicatodosbancarios.org.br\/site2022\/#website\",\"url\":\"https:\/\/sindicatodosbancarios.org.br\/site2022\/\",\"name\":\"Sindicato dos Banc\u00e1rios de S\u00e3o Bento do Sul e Regi\u00e3o\",\"description\":\"Website institucional do Sindicato dos Banc\u00e1rios de S\u00e3o Bento do Sul e Regi\u00e3o\",\"publisher\":{\"@id\":\"https:\/\/sindicatodosbancarios.org.br\/site2022\/#organization\"},\"potentialAction\":[{\"@type\":\"SearchAction\",\"target\":{\"@type\":\"EntryPoint\",\"urlTemplate\":\"https:\/\/sindicatodosbancarios.org.br\/site2022\/?s={search_term_string}\"},\"query-input\":\"required name=search_term_string\"}],\"inLanguage\":\"pt-BR\"},{\"@type\":\"Organization\",\"@id\":\"https:\/\/sindicatodosbancarios.org.br\/site2022\/#organization\",\"name\":\"Sindicato dos Banc\u00e1rios de S\u00e3o Bento do Sul e Regi\u00e3o\",\"url\":\"https:\/\/sindicatodosbancarios.org.br\/site2022\/\",\"logo\":{\"@type\":\"ImageObject\",\"inLanguage\":\"pt-BR\",\"@id\":\"https:\/\/sindicatodosbancarios.org.br\/site2022\/#\/schema\/logo\/image\/\",\"url\":\"https:\/\/sindicatodosbancarios.org.br\/site2022\/wp-content\/uploads\/2017\/06\/cropped-logo-2.png\",\"contentUrl\":\"https:\/\/sindicatodosbancarios.org.br\/site2022\/wp-content\/uploads\/2017\/06\/cropped-logo-2.png\",\"width\":292,\"height\":292,\"caption\":\"Sindicato dos Banc\u00e1rios de S\u00e3o Bento do Sul e Regi\u00e3o\"},\"image\":{\"@id\":\"https:\/\/sindicatodosbancarios.org.br\/site2022\/#\/schema\/logo\/image\/\"}},{\"@type\":\"Person\",\"@id\":\"https:\/\/sindicatodosbancarios.org.br\/site2022\/#\/schema\/person\/a7d92da77d1084df4d28b57962f1e1bd\",\"name\":\"Sindicato dos Banc\u00e1rios S\u00e3o Bento do Sul e Regi\u00e3o\",\"image\":{\"@type\":\"ImageObject\",\"inLanguage\":\"pt-BR\",\"@id\":\"https:\/\/sindicatodosbancarios.org.br\/site2022\/#\/schema\/person\/image\/\",\"url\":\"https:\/\/secure.gravatar.com\/avatar\/f1d1a06f698f2345352e539387180d42?s=96&d=mm&r=g\",\"contentUrl\":\"https:\/\/secure.gravatar.com\/avatar\/f1d1a06f698f2345352e539387180d42?s=96&d=mm&r=g\",\"caption\":\"Sindicato dos Banc\u00e1rios S\u00e3o Bento do Sul e Regi\u00e3o\"},\"sameAs\":[\"http:\/\/sindicatodosbancarios.org.br\/site2022\/\",\"https:\/\/www.facebook.com\/seeb.sbs.9\"],\"url\":\"https:\/\/sindicatodosbancarios.org.br\/site2022\/author\/sindicatodosbancarios\/\"}]}<\/script>\n<!-- \/ Yoast SEO plugin. -->","yoast_head_json":{"title":"PRESIDENTE DA FEDERA\u00c7\u00c3O DOS BANC\u00c1RIOS DE SANTA CATARINA FAZ VISITA AO SINDICATO - Sindicato dos Banc\u00e1rios de S\u00e3o Bento do Sul e Regi\u00e3o","robots":{"index":"index","follow":"follow","max-snippet":"max-snippet:-1","max-image-preview":"max-image-preview:large","max-video-preview":"max-video-preview:-1"},"canonical":"https:\/\/sindicatodosbancarios.org.br\/site2022\/2018\/07\/17\/presidente-da-federacao-dos-bancarios-de-santa-catarina-faz-visita-ao-sindicato\/","og_locale":"pt_BR","og_type":"article","og_title":"PRESIDENTE DA FEDERA\u00c7\u00c3O DOS BANC\u00c1RIOS DE SANTA CATARINA FAZ VISITA AO SINDICATO - Sindicato dos Banc\u00e1rios de S\u00e3o Bento do Sul e Regi\u00e3o","og_description":"No dia de hoje (17\/07), o Sindicato dos Banc\u00e1rios de S\u00e3o Bento do Sul e Regi\u00e3o recebeu a [&hellip;]","og_url":"https:\/\/sindicatodosbancarios.org.br\/site2022\/2018\/07\/17\/presidente-da-federacao-dos-bancarios-de-santa-catarina-faz-visita-ao-sindicato\/","og_site_name":"Sindicato dos Banc\u00e1rios de S\u00e3o Bento do Sul e Regi\u00e3o","article_author":"https:\/\/www.facebook.com\/seeb.sbs.9","article_published_time":"2018-07-17T17:00:33+00:00","og_image":[{"width":1600,"height":1200,"url":"https:\/\/sindicatodosbancarios.org.br\/site2022\/wp-content\/uploads\/2018\/07\/IMG_20180717_121713980_HDR.jpg","type":"image\/jpeg"}],"author":"Sindicato dos Banc\u00e1rios S\u00e3o Bento do Sul e Regi\u00e3o","twitter_card":"summary_large_image","twitter_misc":{"Escrito por":"Sindicato dos Banc\u00e1rios S\u00e3o Bento do Sul e Regi\u00e3o","Est. tempo de leitura":"1 minuto"},"schema":{"@context":"https:\/\/schema.org","@graph":[{"@type":"Article","@id":"https:\/\/sindicatodosbancarios.org.br\/site2022\/2018\/07\/17\/presidente-da-federacao-dos-bancarios-de-santa-catarina-faz-visita-ao-sindicato\/#article","isPartOf":{"@id":"https:\/\/sindicatodosbancarios.org.br\/site2022\/2018\/07\/17\/presidente-da-federacao-dos-bancarios-de-santa-catarina-faz-visita-ao-sindicato\/"},"author":{"name":"Sindicato dos Banc\u00e1rios S\u00e3o Bento do Sul e Regi\u00e3o","@id":"https:\/\/sindicatodosbancarios.org.br\/site2022\/#\/schema\/person\/a7d92da77d1084df4d28b57962f1e1bd"},"headline":"PRESIDENTE DA FEDERA\u00c7\u00c3O DOS BANC\u00c1RIOS DE SANTA CATARINA FAZ VISITA AO SINDICATO","datePublished":"2018-07-17T17:00:33+00:00","dateModified":"2018-07-17T17:00:33+00:00","mainEntityOfPage":{"@id":"https:\/\/sindicatodosbancarios.org.br\/site2022\/2018\/07\/17\/presidente-da-federacao-dos-bancarios-de-santa-catarina-faz-visita-ao-sindicato\/"},"wordCount":204,"commentCount":0,"publisher":{"@id":"https:\/\/sindicatodosbancarios.org.br\/site2022\/#organization"},"articleSection":["Geral"],"inLanguage":"pt-BR","potentialAction":[{"@type":"CommentAction","name":"Comment","target":["https:\/\/sindicatodosbancarios.org.br\/site2022\/2018\/07\/17\/presidente-da-federacao-dos-bancarios-de-santa-catarina-faz-visita-ao-sindicato\/#respond"]}]},{"@type":"WebPage","@id":"https:\/\/sindicatodosbancarios.org.br\/site2022\/2018\/07\/17\/presidente-da-federacao-dos-bancarios-de-santa-catarina-faz-visita-ao-sindicato\/","url":"https:\/\/sindicatodosbancarios.org.br\/site2022\/2018\/07\/17\/presidente-da-federacao-dos-bancarios-de-santa-catarina-faz-visita-ao-sindicato\/","name":"PRESIDENTE DA FEDERA\u00c7\u00c3O DOS BANC\u00c1RIOS DE SANTA CATARINA FAZ VISITA AO SINDICATO - Sindicato dos Banc\u00e1rios de S\u00e3o Bento do Sul e Regi\u00e3o","isPartOf":{"@id":"https:\/\/sindicatodosbancarios.org.br\/site2022\/#website"},"datePublished":"2018-07-17T17:00:33+00:00","dateModified":"2018-07-17T17:00:33+00:00","breadcrumb":{"@id":"https:\/\/sindicatodosbancarios.org.br\/site2022\/2018\/07\/17\/presidente-da-federacao-dos-bancarios-de-santa-catarina-faz-visita-ao-sindicato\/#breadcrumb"},"inLanguage":"pt-BR","potentialAction":[{"@type":"ReadAction","target":["https:\/\/sindicatodosbancarios.org.br\/site2022\/2018\/07\/17\/presidente-da-federacao-dos-bancarios-de-santa-catarina-faz-visita-ao-sindicato\/"]}]},{"@type":"BreadcrumbList","@id":"https:\/\/sindicatodosbancarios.org.br\/site2022\/2018\/07\/17\/presidente-da-federacao-dos-bancarios-de-santa-catarina-faz-visita-ao-sindicato\/#breadcrumb","itemListElement":[{"@type":"ListItem","position":1,"name":"In\u00edcio","item":"https:\/\/sindicatodosbancarios.org.br\/site2022\/"},{"@type":"ListItem","position":2,"name":"PRESIDENTE DA FEDERA\u00c7\u00c3O DOS BANC\u00c1RIOS DE SANTA CATARINA FAZ VISITA AO SINDICATO"}]},{"@type":"WebSite","@id":"https:\/\/sindicatodosbancarios.org.br\/site2022\/#website","url":"https:\/\/sindicatodosbancarios.org.br\/site2022\/","name":"Sindicato dos Banc\u00e1rios de S\u00e3o Bento do Sul e Regi\u00e3o","description":"Website institucional do Sindicato dos Banc\u00e1rios de S\u00e3o Bento do Sul e Regi\u00e3o","publisher":{"@id":"https:\/\/sindicatodosbancarios.org.br\/site2022\/#organization"},"potentialAction":[{"@type":"SearchAction","target":{"@type":"EntryPoint","urlTemplate":"https:\/\/sindicatodosbancarios.org.br\/site2022\/?s={search_term_string}"},"query-input":"required name=search_term_string"}],"inLanguage":"pt-BR"},{"@type":"Organization","@id":"https:\/\/sindicatodosbancarios.org.br\/site2022\/#organization","name":"Sindicato dos Banc\u00e1rios de S\u00e3o Bento do Sul e Regi\u00e3o","url":"https:\/\/sindicatodosbancarios.org.br\/site2022\/","logo":{"@type":"ImageObject","inLanguage":"pt-BR","@id":"https:\/\/sindicatodosbancarios.org.br\/site2022\/#\/schema\/logo\/image\/","url":"https:\/\/sindicatodosbancarios.org.br\/site2022\/wp-content\/uploads\/2017\/06\/cropped-logo-2.png","contentUrl":"https:\/\/sindicatodosbancarios.org.br\/site2022\/wp-content\/uploads\/2017\/06\/cropped-logo-2.png","width":292,"height":292,"caption":"Sindicato dos Banc\u00e1rios de S\u00e3o Bento do Sul e Regi\u00e3o"},"image":{"@id":"https:\/\/sindicatodosbancarios.org.br\/site2022\/#\/schema\/logo\/image\/"}},{"@type":"Person","@id":"https:\/\/sindicatodosbancarios.org.br\/site2022\/#\/schema\/person\/a7d92da77d1084df4d28b57962f1e1bd","name":"Sindicato dos Banc\u00e1rios S\u00e3o Bento do Sul e Regi\u00e3o","image":{"@type":"ImageObject","inLanguage":"pt-BR","@id":"https:\/\/sindicatodosbancarios.org.br\/site2022\/#\/schema\/person\/image\/","url":"https:\/\/secure.gravatar.com\/avatar\/f1d1a06f698f2345352e539387180d42?s=96&d=mm&r=g","contentUrl":"https:\/\/secure.gravatar.com\/avatar\/f1d1a06f698f2345352e539387180d42?s=96&d=mm&r=g","caption":"Sindicato dos Banc\u00e1rios S\u00e3o Bento do Sul e Regi\u00e3o"},"sameAs":["http:\/\/sindicatodosbancarios.org.br\/site2022\/","https:\/\/www.facebook.com\/seeb.sbs.9"],"url":"https:\/\/sindicatodosbancarios.org.br\/site2022\/author\/sindicatodosbancarios\/"}]}},"jetpack_featured_media_url":"https:\/\/sindicatodosbancarios.org.br\/site2022\/wp-content\/uploads\/2018\/07\/IMG_20180717_121713980_HDR.jpg","jetpack_sharing_enabled":true,"jetpack_shortlink":"https:\/\/wp.me\/p8RSbI-FO","jetpack-related-posts":[{"id":5718,"url":"https:\/\/sindicatodosbancarios.org.br\/site2022\/2021\/10\/01\/informe-bancario-225-2021-agencias-do-santander-retornarao-ao-horario-normal-a-partir-de-segunda-04-10-21\/","url_meta":{"origin":2592,"position":0},"title":"INFORME BANC\u00c1RIO \u2013 225\/2021 AG\u00caNCIAS DO SANTANDER RETORNAR\u00c3O AO HOR\u00c1RIO NORMAL A PARTIR DE SEGUNDA (04\/10\/21)","date":"1 de outubro de 2021","format":false,"excerpt":"O Banco Santander notificou os seus Funcion\u00e1rios que a partir do pr\u00f3ximo dia 04\/10\/2021, todas as ag\u00eancias retornar\u00e3o ao atendimento ao p\u00fablico at\u00e9 as 16h00, mantendo o atendimento priorit\u00e1rio das 09h00 \u00e0s 10h00. A Federa\u00e7\u00e3o dos Banc\u00e1rios de Santa Catarina (FEEB-SC) e os seus Sindicatos Filiados, est\u00e3o preocupados com a\u2026","rel":"","context":"Em &quot;Santander&quot;","img":{"alt_text":"","src":"https:\/\/i0.wp.com\/sindicatodosbancarios.org.br\/site2022\/wp-content\/uploads\/2021\/07\/sede-do-santander.jpeg?resize=350%2C200&ssl=1","width":350,"height":200},"classes":[]},{"id":5561,"url":"https:\/\/sindicatodosbancarios.org.br\/site2022\/2021\/07\/21\/informe-bancario-176-2021-santa-catarina-exclui-bancarios-do-grupo-prioritario-para-receber-a-vacina-contra-a-covid-19\/","url_meta":{"origin":2592,"position":1},"title":"INFORME BANC\u00c1RIO \u2013 176\/2021 Santa Catarina exclui banc\u00e1rios do grupo priorit\u00e1rio para receber a vacina contra a Covid-19","date":"21 de julho de 2021","format":false,"excerpt":"Secret\u00e1rio do Estado de\u00a0 Sa\u00fade\u00a0 havia se comprometido em encaminhar a reivindica\u00e7\u00e3o\u00a0 dos banc\u00e1rios para a inclus\u00e3o da categoria ao Plano Nacional de Imuniza\u00e7\u00e3o (PNI ), ap\u00f3s reuni\u00e3o com o presidente da Federa\u00e7\u00e3o dos Banc\u00e1rios de Santa Catarina, e com o Deputado Estadual Volnei Weber . Ap\u00f3s muita luta por\u2026","rel":"","context":"Em &quot;Geral&quot;","img":{"alt_text":"","src":"https:\/\/i0.wp.com\/sindicatodosbancarios.org.br\/site2022\/wp-content\/uploads\/2021\/07\/itau-horas_0.png?resize=350%2C200&ssl=1","width":350,"height":200},"classes":[]},{"id":6306,"url":"https:\/\/sindicatodosbancarios.org.br\/site2022\/2022\/04\/25\/informe-bancario-50-2022-campanha-salarial-encontro-de-dirigentes-bancarios-dos-estados-do-sul\/","url_meta":{"origin":2592,"position":2},"title":"INFORME BANC\u00c1RIO \u2013 50\/2022 CAMPANHA SALARIAL &#8211; Encontro de Dirigentes Banc\u00e1rios dos Estados do Sul","date":"25 de abril de 2022","format":false,"excerpt":"CAMPANHA SALARIAL Dias 26 e 27 de abril, ocorrer\u00e1 o Encontro de Dirigentes Banc\u00e1rios dos Estados do Sul, que reunir\u00e1 sindicalistas do Paran\u00e1, de Santa Catarina e do Rio Grande do Sul, de forma virtual. Neste evento, estar\u00e3o em pauta os encaminhamentos e as minutas de reivindica\u00e7\u00f5es, que ser\u00e3o encaminhadas\u2026","rel":"","context":"Em &quot;Geral&quot;","img":{"alt_text":"","src":"https:\/\/i0.wp.com\/sindicatodosbancarios.org.br\/site2022\/wp-content\/uploads\/2022\/04\/itaubbcaixasantanderbradescodetemmercadofinanceiro.jpeg?resize=350%2C200&ssl=1","width":350,"height":200},"classes":[]},{"id":5453,"url":"https:\/\/sindicatodosbancarios.org.br\/site2022\/2021\/06\/09\/informe-bancario-143-2021-campanha-nacional-de-vacinacao-dos-bancarios\/","url_meta":{"origin":2592,"position":3},"title":"INFORME BANC\u00c1RIO \u2013 143\/2021 CAMPANHA NACIONAL DE VACINA\u00c7\u00c3O DOS BANC\u00c1RIOS","date":"9 de junho de 2021","format":false,"excerpt":"Prezados companheiros, boa\u00a0 tarde. CAMPANHA NACIONAL DE VACINA\u00c7\u00c3O DOS BANC\u00c1RIOS A\u00a0CONTEC, FEEB SC e SEEB de S\u00e3o Bento do Sul e Regi\u00e3o\u00a0continua na\u00a0necess\u00e1ria e urgente\u00a0CAMPANHA DE VACINA\u00c7\u00c3O DOS BANC\u00c1RIOS. Por isso, reiteramos o pedido para que as Federa\u00e7\u00f5es e Sindicatos de banc\u00e1rios busquem o necess\u00e1rio apoio dos\u00a0Prefeitos e Vereadores,\u00a0na prioridade\u2026","rel":"","context":"Em &quot;Geral&quot;","img":{"alt_text":"","src":"https:\/\/i0.wp.com\/sindicatodosbancarios.org.br\/site2022\/wp-content\/uploads\/2021\/06\/getty.jpg?resize=350%2C200&ssl=1","width":350,"height":200},"classes":[]},{"id":4817,"url":"https:\/\/sindicatodosbancarios.org.br\/site2022\/2020\/11\/30\/informe-bancario-443-2020-testagem-do-covid-sera-ampliada-para-dependentes\/","url_meta":{"origin":2592,"position":4},"title":"INFORME BANC\u00c1RIO \u2013 443\/2020 Testagem do Covid ser\u00e1 ampliada para dependentes","date":"30 de novembro de 2020","format":false,"excerpt":"O Banco Bradesco comunicou \u00e0 Contec que vai oferecer testes do Covid para todos os participantes do Sa\u00fade Bradesco. Ou seja, al\u00e9m dos funcion\u00e1rios poder\u00e3o realizar a testagem os dependentes. Para isto, a partir da pr\u00f3xima segunda-feira (3), o banco vai estabelecer um calend\u00e1rio para distribuir o formato, locais e\u2026","rel":"","context":"Em &quot;Bradesco\/HSBC&quot;","img":{"alt_text":"","src":"https:\/\/i0.wp.com\/sindicatodosbancarios.org.br\/site2022\/wp-content\/uploads\/2020\/11\/bradesco.jpg?resize=350%2C200&ssl=1","width":350,"height":200},"classes":[]},{"id":4319,"url":"https:\/\/sindicatodosbancarios.org.br\/site2022\/2020\/08\/20\/informe-bancario-308-2020-veja-a-reducao-da-plr-do-bradesco-com-a-proposta-da-fenaban\/","url_meta":{"origin":2592,"position":5},"title":"INFORME BANC\u00c1RIO \u2013 308\/2020 VEJA A REDU\u00c7\u00c3O DA PLR DO BRADESCO COM A PROPOSTA DA FENABAN","date":"20 de agosto de 2020","format":false,"excerpt":"Federa\u00e7\u00e3o dos Bancos apresentou proposta que pode encolher em at\u00e9 48% a PLR dos Banc\u00e1rios; veja quadro comparativo com os percentuais de redu\u00e7\u00e3o por faixas salariais Na sexta rodada da Campanha Nacional dos Banc\u00e1rios 2020, nesta ter\u00e7a-feira 18, a FENABAN (Federa\u00e7\u00e3o dos Bancos), apresentou uma proposta que pode reduzir em\u2026","rel":"","context":"Em &quot;Bradesco\/HSBC&quot;","img":{"alt_text":"","src":"https:\/\/i0.wp.com\/sindicatodosbancarios.org.br\/site2022\/wp-content\/uploads\/2020\/08\/200820134502-BRADESCO.jpg?resize=350%2C200&ssl=1","width":350,"height":200},"classes":[]}],"_links":{"self":[{"href":"https:\/\/sindicatodosbancarios.org.br\/site2022\/wp-json\/wp\/v2\/posts\/2592"}],"collection":[{"href":"https:\/\/sindicatodosbancarios.org.br\/site2022\/wp-json\/wp\/v2\/posts"}],"about":[{"href":"https:\/\/sindicatodosbancarios.org.br\/site2022\/wp-json\/wp\/v2\/types\/post"}],"author":[{"embeddable":true,"href":"https:\/\/sindicatodosbancarios.org.br\/site2022\/wp-json\/wp\/v2\/users\/2"}],"replies":[{"embeddable":true,"href":"https:\/\/sindicatodosbancarios.org.br\/site2022\/wp-json\/wp\/v2\/comments?post=2592"}],"version-history":[{"count":1,"href":"https:\/\/sindicatodosbancarios.org.br\/site2022\/wp-json\/wp\/v2\/posts\/2592\/revisions"}],"predecessor-version":[{"id":2596,"href":"https:\/\/sindicatodosbancarios.org.br\/site2022\/wp-json\/wp\/v2\/posts\/2592\/revisions\/2596"}],"wp:featuredmedia":[{"embeddable":true,"href":"https:\/\/sindicatodosbancarios.org.br\/site2022\/wp-json\/wp\/v2\/media\/2594"}],"wp:attachment":[{"href":"https:\/\/sindicatodosbancarios.org.br\/site2022\/wp-json\/wp\/v2\/media?parent=2592"}],"wp:term":[{"taxonomy":"category","embeddable":true,"href":"https:\/\/sindicatodosbancarios.org.br\/site2022\/wp-json\/wp\/v2\/categories?post=2592"},{"taxonomy":"post_tag","embeddable":true,"href":"https:\/\/sindicatodosbancarios.org.br\/site2022\/wp-json\/wp\/v2\/tags?post=2592"}],"curies":[{"name":"wp","href":"https:\/\/api.w.org\/{rel}","templated":true}]}}