{"id":2603,"date":"2018-07-23T18:38:30","date_gmt":"2018-07-23T21:38:30","guid":{"rendered":"http:\/\/sindicatodosbancarios.org.br\/?p=2603"},"modified":"2018-07-23T18:38:30","modified_gmt":"2018-07-23T21:38:30","slug":"nota-de-falecimento-valdenir-maito","status":"publish","type":"post","link":"https:\/\/sindicatodosbancarios.org.br\/site2022\/2018\/07\/23\/nota-de-falecimento-valdenir-maito\/","title":{"rendered":"NOTA DE FALECIMENTO &#8211; VALDENIR MAITO"},"content":{"rendered":"<p>Comunicamos com pesar o falecimento na data de ontem (22\/07\/2018), do ex-banc\u00e1rio VALDENIR MAITO, 54 anos, residente na cidade de Rio Negrinho e sepultado no dia de hoje 23\/07\/2018. Deixa enlutados a esposa Magali, filhos Gabriel e Juliana , parentes e amigos.<\/p>\n<p>Maito foi funcion\u00e1rio do Banco Bradesco e Banco Bamerindus e foi associado ao Sindicato dos Banc\u00e1rios. Participava ativamente das atividades esportivas e foi diversas vezes campe\u00e3o no FUTSAL Banc\u00e1rio.<\/p>\n<p>&nbsp;<\/p>\n<p>&nbsp;<\/p>\n<p>&nbsp;<\/p>\n","protected":false},"excerpt":{"rendered":"<p>Comunicamos com pesar o falecimento na data de ontem (22\/07\/2018), do ex-banc\u00e1rio VALDENIR MAITO, 54 anos, residente na [&hellip;]<\/p>\n","protected":false},"author":2,"featured_media":0,"comment_status":"open","ping_status":"open","sticky":false,"template":"","format":"standard","meta":{"jetpack_post_was_ever_published":false,"jetpack_publicize_message":"","jetpack_is_tweetstorm":false,"jetpack_publicize_feature_enabled":true,"jetpack_social_post_already_shared":true,"jetpack_social_options":[]},"categories":[1],"tags":[],"jetpack_publicize_connections":[],"acf":[],"yoast_head":"<!-- This site is optimized with the Yoast SEO plugin v19.14 - https:\/\/yoast.com\/wordpress\/plugins\/seo\/ -->\n<title>NOTA DE FALECIMENTO - VALDENIR MAITO - Sindicato dos Banc\u00e1rios de S\u00e3o Bento do Sul e Regi\u00e3o<\/title>\n<meta name=\"robots\" content=\"index, follow, max-snippet:-1, max-image-preview:large, max-video-preview:-1\" \/>\n<link rel=\"canonical\" href=\"https:\/\/sindicatodosbancarios.org.br\/site2022\/2018\/07\/23\/nota-de-falecimento-valdenir-maito\/\" \/>\n<meta property=\"og:locale\" content=\"pt_BR\" \/>\n<meta property=\"og:type\" content=\"article\" \/>\n<meta property=\"og:title\" content=\"NOTA DE FALECIMENTO - VALDENIR MAITO - Sindicato dos Banc\u00e1rios de S\u00e3o Bento do Sul e Regi\u00e3o\" \/>\n<meta property=\"og:description\" content=\"Comunicamos com pesar o falecimento na data de ontem (22\/07\/2018), do ex-banc\u00e1rio VALDENIR MAITO, 54 anos, residente na [&hellip;]\" \/>\n<meta property=\"og:url\" content=\"https:\/\/sindicatodosbancarios.org.br\/site2022\/2018\/07\/23\/nota-de-falecimento-valdenir-maito\/\" \/>\n<meta property=\"og:site_name\" content=\"Sindicato dos Banc\u00e1rios de S\u00e3o Bento do Sul e Regi\u00e3o\" \/>\n<meta property=\"article:author\" content=\"https:\/\/www.facebook.com\/seeb.sbs.9\" \/>\n<meta property=\"article:published_time\" content=\"2018-07-23T21:38:30+00:00\" \/>\n<meta name=\"author\" content=\"Sindicato dos Banc\u00e1rios S\u00e3o Bento do Sul e Regi\u00e3o\" \/>\n<meta name=\"twitter:card\" content=\"summary_large_image\" \/>\n<meta name=\"twitter:label1\" content=\"Escrito por\" \/>\n\t<meta name=\"twitter:data1\" content=\"Sindicato dos Banc\u00e1rios S\u00e3o Bento do Sul e Regi\u00e3o\" \/>\n<script type=\"application\/ld+json\" class=\"yoast-schema-graph\">{\"@context\":\"https:\/\/schema.org\",\"@graph\":[{\"@type\":\"Article\",\"@id\":\"https:\/\/sindicatodosbancarios.org.br\/site2022\/2018\/07\/23\/nota-de-falecimento-valdenir-maito\/#article\",\"isPartOf\":{\"@id\":\"https:\/\/sindicatodosbancarios.org.br\/site2022\/2018\/07\/23\/nota-de-falecimento-valdenir-maito\/\"},\"author\":{\"name\":\"Sindicato dos Banc\u00e1rios S\u00e3o Bento do Sul e Regi\u00e3o\",\"@id\":\"https:\/\/sindicatodosbancarios.org.br\/site2022\/#\/schema\/person\/a7d92da77d1084df4d28b57962f1e1bd\"},\"headline\":\"NOTA DE FALECIMENTO &#8211; VALDENIR MAITO\",\"datePublished\":\"2018-07-23T21:38:30+00:00\",\"dateModified\":\"2018-07-23T21:38:30+00:00\",\"mainEntityOfPage\":{\"@id\":\"https:\/\/sindicatodosbancarios.org.br\/site2022\/2018\/07\/23\/nota-de-falecimento-valdenir-maito\/\"},\"wordCount\":81,\"commentCount\":0,\"publisher\":{\"@id\":\"https:\/\/sindicatodosbancarios.org.br\/site2022\/#organization\"},\"articleSection\":[\"Geral\"],\"inLanguage\":\"pt-BR\",\"potentialAction\":[{\"@type\":\"CommentAction\",\"name\":\"Comment\",\"target\":[\"https:\/\/sindicatodosbancarios.org.br\/site2022\/2018\/07\/23\/nota-de-falecimento-valdenir-maito\/#respond\"]}]},{\"@type\":\"WebPage\",\"@id\":\"https:\/\/sindicatodosbancarios.org.br\/site2022\/2018\/07\/23\/nota-de-falecimento-valdenir-maito\/\",\"url\":\"https:\/\/sindicatodosbancarios.org.br\/site2022\/2018\/07\/23\/nota-de-falecimento-valdenir-maito\/\",\"name\":\"NOTA DE FALECIMENTO - VALDENIR MAITO - Sindicato dos Banc\u00e1rios de S\u00e3o Bento do Sul e Regi\u00e3o\",\"isPartOf\":{\"@id\":\"https:\/\/sindicatodosbancarios.org.br\/site2022\/#website\"},\"datePublished\":\"2018-07-23T21:38:30+00:00\",\"dateModified\":\"2018-07-23T21:38:30+00:00\",\"breadcrumb\":{\"@id\":\"https:\/\/sindicatodosbancarios.org.br\/site2022\/2018\/07\/23\/nota-de-falecimento-valdenir-maito\/#breadcrumb\"},\"inLanguage\":\"pt-BR\",\"potentialAction\":[{\"@type\":\"ReadAction\",\"target\":[\"https:\/\/sindicatodosbancarios.org.br\/site2022\/2018\/07\/23\/nota-de-falecimento-valdenir-maito\/\"]}]},{\"@type\":\"BreadcrumbList\",\"@id\":\"https:\/\/sindicatodosbancarios.org.br\/site2022\/2018\/07\/23\/nota-de-falecimento-valdenir-maito\/#breadcrumb\",\"itemListElement\":[{\"@type\":\"ListItem\",\"position\":1,\"name\":\"In\u00edcio\",\"item\":\"https:\/\/sindicatodosbancarios.org.br\/site2022\/\"},{\"@type\":\"ListItem\",\"position\":2,\"name\":\"NOTA DE FALECIMENTO &#8211; VALDENIR MAITO\"}]},{\"@type\":\"WebSite\",\"@id\":\"https:\/\/sindicatodosbancarios.org.br\/site2022\/#website\",\"url\":\"https:\/\/sindicatodosbancarios.org.br\/site2022\/\",\"name\":\"Sindicato dos Banc\u00e1rios de S\u00e3o Bento do Sul e Regi\u00e3o\",\"description\":\"Website institucional do Sindicato dos Banc\u00e1rios de S\u00e3o Bento do Sul e Regi\u00e3o\",\"publisher\":{\"@id\":\"https:\/\/sindicatodosbancarios.org.br\/site2022\/#organization\"},\"potentialAction\":[{\"@type\":\"SearchAction\",\"target\":{\"@type\":\"EntryPoint\",\"urlTemplate\":\"https:\/\/sindicatodosbancarios.org.br\/site2022\/?s={search_term_string}\"},\"query-input\":\"required name=search_term_string\"}],\"inLanguage\":\"pt-BR\"},{\"@type\":\"Organization\",\"@id\":\"https:\/\/sindicatodosbancarios.org.br\/site2022\/#organization\",\"name\":\"Sindicato dos Banc\u00e1rios de S\u00e3o Bento do Sul e Regi\u00e3o\",\"url\":\"https:\/\/sindicatodosbancarios.org.br\/site2022\/\",\"logo\":{\"@type\":\"ImageObject\",\"inLanguage\":\"pt-BR\",\"@id\":\"https:\/\/sindicatodosbancarios.org.br\/site2022\/#\/schema\/logo\/image\/\",\"url\":\"https:\/\/sindicatodosbancarios.org.br\/site2022\/wp-content\/uploads\/2017\/06\/cropped-logo-2.png\",\"contentUrl\":\"https:\/\/sindicatodosbancarios.org.br\/site2022\/wp-content\/uploads\/2017\/06\/cropped-logo-2.png\",\"width\":292,\"height\":292,\"caption\":\"Sindicato dos Banc\u00e1rios de S\u00e3o Bento do Sul e Regi\u00e3o\"},\"image\":{\"@id\":\"https:\/\/sindicatodosbancarios.org.br\/site2022\/#\/schema\/logo\/image\/\"}},{\"@type\":\"Person\",\"@id\":\"https:\/\/sindicatodosbancarios.org.br\/site2022\/#\/schema\/person\/a7d92da77d1084df4d28b57962f1e1bd\",\"name\":\"Sindicato dos Banc\u00e1rios S\u00e3o Bento do Sul e Regi\u00e3o\",\"image\":{\"@type\":\"ImageObject\",\"inLanguage\":\"pt-BR\",\"@id\":\"https:\/\/sindicatodosbancarios.org.br\/site2022\/#\/schema\/person\/image\/\",\"url\":\"https:\/\/secure.gravatar.com\/avatar\/f1d1a06f698f2345352e539387180d42?s=96&d=mm&r=g\",\"contentUrl\":\"https:\/\/secure.gravatar.com\/avatar\/f1d1a06f698f2345352e539387180d42?s=96&d=mm&r=g\",\"caption\":\"Sindicato dos Banc\u00e1rios S\u00e3o Bento do Sul e Regi\u00e3o\"},\"sameAs\":[\"http:\/\/sindicatodosbancarios.org.br\/site2022\/\",\"https:\/\/www.facebook.com\/seeb.sbs.9\"],\"url\":\"https:\/\/sindicatodosbancarios.org.br\/site2022\/author\/sindicatodosbancarios\/\"}]}<\/script>\n<!-- \/ Yoast SEO plugin. -->","yoast_head_json":{"title":"NOTA DE FALECIMENTO - VALDENIR MAITO - Sindicato dos Banc\u00e1rios de S\u00e3o Bento do Sul e Regi\u00e3o","robots":{"index":"index","follow":"follow","max-snippet":"max-snippet:-1","max-image-preview":"max-image-preview:large","max-video-preview":"max-video-preview:-1"},"canonical":"https:\/\/sindicatodosbancarios.org.br\/site2022\/2018\/07\/23\/nota-de-falecimento-valdenir-maito\/","og_locale":"pt_BR","og_type":"article","og_title":"NOTA DE FALECIMENTO - VALDENIR MAITO - Sindicato dos Banc\u00e1rios de S\u00e3o Bento do Sul e Regi\u00e3o","og_description":"Comunicamos com pesar o falecimento na data de ontem (22\/07\/2018), do ex-banc\u00e1rio VALDENIR MAITO, 54 anos, residente na [&hellip;]","og_url":"https:\/\/sindicatodosbancarios.org.br\/site2022\/2018\/07\/23\/nota-de-falecimento-valdenir-maito\/","og_site_name":"Sindicato dos Banc\u00e1rios de S\u00e3o Bento do Sul e Regi\u00e3o","article_author":"https:\/\/www.facebook.com\/seeb.sbs.9","article_published_time":"2018-07-23T21:38:30+00:00","author":"Sindicato dos Banc\u00e1rios S\u00e3o Bento do Sul e Regi\u00e3o","twitter_card":"summary_large_image","twitter_misc":{"Escrito por":"Sindicato dos Banc\u00e1rios S\u00e3o Bento do Sul e Regi\u00e3o"},"schema":{"@context":"https:\/\/schema.org","@graph":[{"@type":"Article","@id":"https:\/\/sindicatodosbancarios.org.br\/site2022\/2018\/07\/23\/nota-de-falecimento-valdenir-maito\/#article","isPartOf":{"@id":"https:\/\/sindicatodosbancarios.org.br\/site2022\/2018\/07\/23\/nota-de-falecimento-valdenir-maito\/"},"author":{"name":"Sindicato dos Banc\u00e1rios S\u00e3o Bento do Sul e Regi\u00e3o","@id":"https:\/\/sindicatodosbancarios.org.br\/site2022\/#\/schema\/person\/a7d92da77d1084df4d28b57962f1e1bd"},"headline":"NOTA DE FALECIMENTO &#8211; VALDENIR MAITO","datePublished":"2018-07-23T21:38:30+00:00","dateModified":"2018-07-23T21:38:30+00:00","mainEntityOfPage":{"@id":"https:\/\/sindicatodosbancarios.org.br\/site2022\/2018\/07\/23\/nota-de-falecimento-valdenir-maito\/"},"wordCount":81,"commentCount":0,"publisher":{"@id":"https:\/\/sindicatodosbancarios.org.br\/site2022\/#organization"},"articleSection":["Geral"],"inLanguage":"pt-BR","potentialAction":[{"@type":"CommentAction","name":"Comment","target":["https:\/\/sindicatodosbancarios.org.br\/site2022\/2018\/07\/23\/nota-de-falecimento-valdenir-maito\/#respond"]}]},{"@type":"WebPage","@id":"https:\/\/sindicatodosbancarios.org.br\/site2022\/2018\/07\/23\/nota-de-falecimento-valdenir-maito\/","url":"https:\/\/sindicatodosbancarios.org.br\/site2022\/2018\/07\/23\/nota-de-falecimento-valdenir-maito\/","name":"NOTA DE FALECIMENTO - VALDENIR MAITO - Sindicato dos Banc\u00e1rios de S\u00e3o Bento do Sul e Regi\u00e3o","isPartOf":{"@id":"https:\/\/sindicatodosbancarios.org.br\/site2022\/#website"},"datePublished":"2018-07-23T21:38:30+00:00","dateModified":"2018-07-23T21:38:30+00:00","breadcrumb":{"@id":"https:\/\/sindicatodosbancarios.org.br\/site2022\/2018\/07\/23\/nota-de-falecimento-valdenir-maito\/#breadcrumb"},"inLanguage":"pt-BR","potentialAction":[{"@type":"ReadAction","target":["https:\/\/sindicatodosbancarios.org.br\/site2022\/2018\/07\/23\/nota-de-falecimento-valdenir-maito\/"]}]},{"@type":"BreadcrumbList","@id":"https:\/\/sindicatodosbancarios.org.br\/site2022\/2018\/07\/23\/nota-de-falecimento-valdenir-maito\/#breadcrumb","itemListElement":[{"@type":"ListItem","position":1,"name":"In\u00edcio","item":"https:\/\/sindicatodosbancarios.org.br\/site2022\/"},{"@type":"ListItem","position":2,"name":"NOTA DE FALECIMENTO &#8211; VALDENIR MAITO"}]},{"@type":"WebSite","@id":"https:\/\/sindicatodosbancarios.org.br\/site2022\/#website","url":"https:\/\/sindicatodosbancarios.org.br\/site2022\/","name":"Sindicato dos Banc\u00e1rios de S\u00e3o Bento do Sul e Regi\u00e3o","description":"Website institucional do Sindicato dos Banc\u00e1rios de S\u00e3o Bento do Sul e Regi\u00e3o","publisher":{"@id":"https:\/\/sindicatodosbancarios.org.br\/site2022\/#organization"},"potentialAction":[{"@type":"SearchAction","target":{"@type":"EntryPoint","urlTemplate":"https:\/\/sindicatodosbancarios.org.br\/site2022\/?s={search_term_string}"},"query-input":"required name=search_term_string"}],"inLanguage":"pt-BR"},{"@type":"Organization","@id":"https:\/\/sindicatodosbancarios.org.br\/site2022\/#organization","name":"Sindicato dos Banc\u00e1rios de S\u00e3o Bento do Sul e Regi\u00e3o","url":"https:\/\/sindicatodosbancarios.org.br\/site2022\/","logo":{"@type":"ImageObject","inLanguage":"pt-BR","@id":"https:\/\/sindicatodosbancarios.org.br\/site2022\/#\/schema\/logo\/image\/","url":"https:\/\/sindicatodosbancarios.org.br\/site2022\/wp-content\/uploads\/2017\/06\/cropped-logo-2.png","contentUrl":"https:\/\/sindicatodosbancarios.org.br\/site2022\/wp-content\/uploads\/2017\/06\/cropped-logo-2.png","width":292,"height":292,"caption":"Sindicato dos Banc\u00e1rios de S\u00e3o Bento do Sul e Regi\u00e3o"},"image":{"@id":"https:\/\/sindicatodosbancarios.org.br\/site2022\/#\/schema\/logo\/image\/"}},{"@type":"Person","@id":"https:\/\/sindicatodosbancarios.org.br\/site2022\/#\/schema\/person\/a7d92da77d1084df4d28b57962f1e1bd","name":"Sindicato dos Banc\u00e1rios S\u00e3o Bento do Sul e Regi\u00e3o","image":{"@type":"ImageObject","inLanguage":"pt-BR","@id":"https:\/\/sindicatodosbancarios.org.br\/site2022\/#\/schema\/person\/image\/","url":"https:\/\/secure.gravatar.com\/avatar\/f1d1a06f698f2345352e539387180d42?s=96&d=mm&r=g","contentUrl":"https:\/\/secure.gravatar.com\/avatar\/f1d1a06f698f2345352e539387180d42?s=96&d=mm&r=g","caption":"Sindicato dos Banc\u00e1rios S\u00e3o Bento do Sul e Regi\u00e3o"},"sameAs":["http:\/\/sindicatodosbancarios.org.br\/site2022\/","https:\/\/www.facebook.com\/seeb.sbs.9"],"url":"https:\/\/sindicatodosbancarios.org.br\/site2022\/author\/sindicatodosbancarios\/"}]}},"jetpack_featured_media_url":"","jetpack_sharing_enabled":true,"jetpack_shortlink":"https:\/\/wp.me\/p8RSbI-FZ","jetpack-related-posts":[{"id":4224,"url":"https:\/\/sindicatodosbancarios.org.br\/site2022\/2020\/08\/06\/informe-bancario-281-2020-banco-do-brasil-sa-campanha-salarial-dos-bancarios-2020\/","url_meta":{"origin":2603,"position":0},"title":"INFORME BANC\u00c1RIO \u2013 281\/2020 BANCO DO BRASIL SA. &#8211; CAMPANHA SALARIAL DOS BANC\u00c1RIOS 2020","date":"6 de agosto de 2020","format":false,"excerpt":"Foi realizada na manh\u00e3 desta quarta-feira (05), a partir das 10 horas, via remota\/virtual, a 1\u02da (Primeira) Reuni\u00e3o entre a COMISS\u00c3O DE NEGOCIA\u00c7\u00c3O DA CONTEC e a COMISS\u00c3O DE NEGOCIA\u00c7\u00c3O DO BANCO DO BRASIL, para debate das Reivindica\u00e7\u00f5es dos Funcion\u00e1rios, consistente na manuten\u00e7\u00e3o do ACT vigente e agrega\u00e7\u00e3o de outros\u2026","rel":"","context":"Em &quot;Banco do Brasil&quot;","img":{"alt_text":"","src":"https:\/\/i0.wp.com\/sindicatodosbancarios.org.br\/site2022\/wp-content\/uploads\/2020\/08\/concurso-pu\u0301blico-bb-cursodememorizac\u0327a\u0303o-2.jpg?resize=350%2C200&ssl=1","width":350,"height":200},"classes":[]},{"id":4620,"url":"https:\/\/sindicatodosbancarios.org.br\/site2022\/2020\/10\/08\/informe-bancario-383-2020-banco-do-brasil-bbas3-esclarece-supostas-irregularidades\/","url_meta":{"origin":2603,"position":1},"title":"INFORME BANC\u00c1RIO \u2013 383\/2020 Banco do Brasil (BBAS3) esclarece supostas irregularidades","date":"8 de outubro de 2020","format":false,"excerpt":"O\u00a0Banco do Brasil\u00a0(BBAS3)\u00a0divulgou, na manh\u00e3 desta segunda-feira (5), um comunicado ao mercado esclarecendo a not\u00edcia divulgada pela \u201cCNN\u201d, na \u00faltima quinta-feira (1), acerca de supostas irregularidades que teriam ocorrido na gest\u00e3o do banco sob o comando de\u00a0Rubem Novaes. O Banco do Brasil \u00e9 acusado de interferir em sua auditoria interna,\u2026","rel":"","context":"Em &quot;Banco do Brasil&quot;","img":{"alt_text":"","src":"https:\/\/i0.wp.com\/sindicatodosbancarios.org.br\/site2022\/wp-content\/uploads\/2020\/10\/16da4bb8-banco-do-brasil-1.jpeg?resize=350%2C200&ssl=1","width":350,"height":200},"classes":[]},{"id":4181,"url":"https:\/\/sindicatodosbancarios.org.br\/site2022\/2020\/07\/30\/informe-bancario-267-2020-funcionarios-do-bb-pedem-investigacao-sobre-venda-de-creditos-de-r-29-bilhoes-por-r-371-milhoes-para-o-btg-pactual\/","url_meta":{"origin":2603,"position":2},"title":"INFORME BANC\u00c1RIO \u2013 267\/2020 Funcion\u00e1rios do BB pedem investiga\u00e7\u00e3o sobre venda de cr\u00e9ditos de R$ 2,9 bilh\u00f5es por R$ 371 milh\u00f5es para o BTG Pactual","date":"30 de julho de 2020","format":false,"excerpt":"Foi uma das \u00faltimas transa\u00e7\u00f5es feitas na gest\u00e3o de Rubem Novas, que pediu demiss\u00e3o e criticou a cultura de corrup\u00e7\u00e3o de Bras\u00edlia. 247 \u2013\u00a0A venda de uma carteira de cr\u00e9dito do Banco do Brasil para o banco BTG Pactual, por pouco mais de 10% do valor, chamou a aten\u00e7\u00e3o dos\u2026","rel":"","context":"Em &quot;Banco do Brasil&quot;","img":{"alt_text":"","src":"https:\/\/i0.wp.com\/sindicatodosbancarios.org.br\/site2022\/wp-content\/uploads\/2020\/07\/fachada-de-agencia-banco-do-brasil-960x540-1.jpg?resize=350%2C200&ssl=1","width":350,"height":200},"classes":[]},{"id":5787,"url":"https:\/\/sindicatodosbancarios.org.br\/site2022\/2021\/11\/03\/informe-bancario-238-2021-santander-celebra-resultado-recorde\/","url_meta":{"origin":2603,"position":3},"title":"INFORME BANC\u00c1RIO \u2013 238\/2021 Santander celebra resultado recorde","date":"3 de novembro de 2021","format":false,"excerpt":"O banco Santander Brasil anunciou resultados recordes no terceiro trimestre deste ano. O lucro l\u00edquido foi de R$ 4,34 bilh\u00f5es, alta de 12,5% em rela\u00e7\u00e3o ao mesmo per\u00edodo de 2020 e um avan\u00e7o de 4,1% em rela\u00e7\u00e3o ao segundo trimestre do ano. Com isso, o banco obteve uma rentabilidade patrimonial\u2026","rel":"","context":"Em &quot;Santander&quot;","img":{"alt_text":"","src":"https:\/\/i0.wp.com\/sindicatodosbancarios.org.br\/site2022\/wp-content\/uploads\/2021\/11\/17-3.jpg?resize=350%2C200&ssl=1","width":350,"height":200},"classes":[]},{"id":4657,"url":"https:\/\/sindicatodosbancarios.org.br\/site2022\/2020\/10\/16\/informe-bancario-395-2020-saiba-quem-pode-sacar-dinheiro-de-uma-conta-de-pessoa-falecida-e-os-procedimentos-legais\/","url_meta":{"origin":2603,"position":4},"title":"INFORME BANC\u00c1RIO \u2013 395\/2020 Saiba quem pode sacar dinheiro de uma conta de pessoa falecida e os procedimentos legais","date":"16 de outubro de 2020","format":false,"excerpt":"Al\u00e9m de ser um momento bastante triste para a fam\u00edlia e amigos, o falecimento de uma pessoa querida traz algumas situa\u00e7\u00f5es burocr\u00e1ticas que merecem aten\u00e7\u00e3o. Dentre elas, est\u00e1 o processo de\u00a0partilha de bens\u00a0e principalmente, o acesso \u00e0s contas que o falecido tenha deixado. Esta \u00e9 uma quest\u00e3o cheia de protocolos\u2026","rel":"","context":"Em &quot;Geral&quot;","img":{"alt_text":"","src":"https:\/\/i0.wp.com\/sindicatodosbancarios.org.br\/site2022\/wp-content\/uploads\/2020\/10\/como-sacar-dinheiro-conta-banco-falecido.jpg?resize=350%2C200&ssl=1","width":350,"height":200},"classes":[]},{"id":6351,"url":"https:\/\/sindicatodosbancarios.org.br\/site2022\/2022\/05\/06\/informe-bancario-62-2022-bradesco-tem-lucro-de-r-7-bilhoes-no-primeiro-trimestre-alta-de-139\/","url_meta":{"origin":2603,"position":5},"title":"INFORME BANC\u00c1RIO \u2013 62\/2022 Bradesco tem lucro de R$ 7 bilh\u00f5es no primeiro trimestre, alta de 13,9%","date":"6 de maio de 2022","format":false,"excerpt":"No mesmo per\u00edodo do ano passado, banco reportou ganhos de R$ 6,153 bilh\u00f5es. Resultado \u00e9 o maior para um primeiro trimestre em valores nominais no setor de bancos e o nono em valores ajustados pela infla\u00e7\u00e3o. O Banco\u00a0Bradesco\u00a0informou nesta quinta-feira (5) que registrou\u00a0lucro l\u00edquido cont\u00e1bil de R$ 7,009\u00a0bilh\u00f5es no primeiro\u2026","rel":"","context":"Em &quot;Bradesco\/HSBC&quot;","img":{"alt_text":"","src":"https:\/\/i0.wp.com\/sindicatodosbancarios.org.br\/site2022\/wp-content\/uploads\/2021\/04\/bradesco.jpg?resize=350%2C200&ssl=1","width":350,"height":200},"classes":[]}],"_links":{"self":[{"href":"https:\/\/sindicatodosbancarios.org.br\/site2022\/wp-json\/wp\/v2\/posts\/2603"}],"collection":[{"href":"https:\/\/sindicatodosbancarios.org.br\/site2022\/wp-json\/wp\/v2\/posts"}],"about":[{"href":"https:\/\/sindicatodosbancarios.org.br\/site2022\/wp-json\/wp\/v2\/types\/post"}],"author":[{"embeddable":true,"href":"https:\/\/sindicatodosbancarios.org.br\/site2022\/wp-json\/wp\/v2\/users\/2"}],"replies":[{"embeddable":true,"href":"https:\/\/sindicatodosbancarios.org.br\/site2022\/wp-json\/wp\/v2\/comments?post=2603"}],"version-history":[{"count":1,"href":"https:\/\/sindicatodosbancarios.org.br\/site2022\/wp-json\/wp\/v2\/posts\/2603\/revisions"}],"predecessor-version":[{"id":2605,"href":"https:\/\/sindicatodosbancarios.org.br\/site2022\/wp-json\/wp\/v2\/posts\/2603\/revisions\/2605"}],"wp:attachment":[{"href":"https:\/\/sindicatodosbancarios.org.br\/site2022\/wp-json\/wp\/v2\/media?parent=2603"}],"wp:term":[{"taxonomy":"category","embeddable":true,"href":"https:\/\/sindicatodosbancarios.org.br\/site2022\/wp-json\/wp\/v2\/categories?post=2603"},{"taxonomy":"post_tag","embeddable":true,"href":"https:\/\/sindicatodosbancarios.org.br\/site2022\/wp-json\/wp\/v2\/tags?post=2603"}],"curies":[{"name":"wp","href":"https:\/\/api.w.org\/{rel}","templated":true}]}}