{"id":2608,"date":"2018-07-24T19:21:07","date_gmt":"2018-07-24T22:21:07","guid":{"rendered":"http:\/\/sindicatodosbancarios.org.br\/?p=2608"},"modified":"2018-07-24T19:21:07","modified_gmt":"2018-07-24T22:21:07","slug":"informe-bancario-052-2018-campanha-salarial-2018-2019-dia-24-de-julho-2018-07-24","status":"publish","type":"post","link":"https:\/\/sindicatodosbancarios.org.br\/site2022\/2018\/07\/24\/informe-bancario-052-2018-campanha-salarial-2018-2019-dia-24-de-julho-2018-07-24\/","title":{"rendered":"INFORME BANC\u00c1RIO \u2013 052 \/ 2018 \u2013 CAMPANHA SALARIAL 2018 \/ 2019 \u2013 DIA 24 DE JULHO 2018-07-24"},"content":{"rendered":"<p style=\"text-align: center;\">4\u00b0 RODADA DE NEGOCIA\u00c7\u00c3O DIA 24 DE JULHO 2018-07-24<\/p>\n<p>Representaram a FENABAN: Adauto e Nicolino, Bradesco, Eduara e Glaucimara Ita\u00fa, Marco, Santander, Fabiana e Vanessa, Banco do Brasil, Paulo Cezar e CEF Adriane e Wesley.<\/p>\n<p>Representaram a CEBNN Contec: Lourenco, e Rumiko, Contec, Feeb MG, Alfredo, Feeb AL PE e RN, Bandeira, Feeb SP, Edson, Feeb PR, Gladir, Feeb SC, Julcemar, Delegacia Contec RS, Luiz Barbosa, e Seeb GOias, S\u00e9rgio al\u00e9m de outros representantes das outras entidades sindicais.<\/p>\n<p>Cl\u00e1usulas Debatidas<\/p>\n<p>CL\u00c1USULA 4\u00ba &#8211; GRATIFICA\u00c7\u00c3O DE FUN\u00c7\u00c3O \u2013 CCT 11<\/p>\n<p>CL\u00c1USULA 5\u00ba -SAL\u00c1RIO DO SUBSTITUTO \u2013 CCT 5\u00ba<\/p>\n<p>CL\u00c1USULA 6\u00ba &#8211; AUX\u00cdLIO GRADUA\u00c7\u00c3O, POS-GRADUA\u00c7\u00c3O, ESPECIALIZA\u00c7\u00c3O E CERTIFICA\u00c7\u00d5ES. Tem rela\u00e7\u00e3o com a 14 Pauta CCT 61.<\/p>\n<p>CL\u00c1USULA 7\u00ba &#8211; ADICIONAL DE FRONTEIRA. NOVA<\/p>\n<p>CL\u00c1USULA 8\u00ba &#8211; INCORPORA\u00c7\u00c3O DE FUN\u00c7\u00c3O. NOVA<\/p>\n<p>CL\u00c1USULA 9\u00ba &#8211; ISEN\u00c7\u00c3O DE TARIFAS E COBRAN\u00c7AS DE JUROS MENORES &#8211; NOVA<\/p>\n<p>CL\u00c1USULA 10\u00ba &#8211; PLR \u2013 PARTICIPA\u00c7\u00c3O NOS LUCROS OU RESULTADOS \u2013 CCT PLR<\/p>\n<p>Tratar\u00e3o juntamente com as cl\u00e1usulas econ\u00f4micas.<\/p>\n<p>CLA\u00daSULA 26 \u2013 ABRANGENCIA DA CONVEN\u00c7\u00c3O COLETIVA \u2013 NOVA.<\/p>\n<p>Durante a rodada de Negocia\u00e7\u00e3o de hoje foram abordados os itens acima relacionados, com muito debate, mas sem garantir a sua aceita\u00e7\u00e3o ou n\u00e3o, ficando sempre no conceito de seguran\u00e7a jur\u00eddica.<\/p>\n<p>Apesar da insist\u00eancia do CEBNN Contec para avan\u00e7ar nos pontos abordados na mesa FENABAN assegurou que vai ampliar o debate com os bancos para trazer uma resposta nas pr\u00f3ximas reuni\u00f5es.<\/p>\n<p>Para a rodada do dia 02, vamos tratar das cl\u00e1usulas econ\u00f4micas, al\u00e9m dos itens tratados nas reuni\u00f5es anteriores, que dependem de uma resposta do sistema banc\u00e1rio.<\/p>\n<p>Julcemar Patr\u00edcio \u2013 Representante da Feeb SC.<\/p>\n<p style=\"text-align: center;\">Roberto O. Ortiz<br \/>\nPresidente<\/p>\n","protected":false},"excerpt":{"rendered":"<p>4\u00b0 RODADA DE NEGOCIA\u00c7\u00c3O DIA 24 DE JULHO 2018-07-24 Representaram a FENABAN: Adauto e Nicolino, Bradesco, Eduara e [&hellip;]<\/p>\n","protected":false},"author":2,"featured_media":2473,"comment_status":"open","ping_status":"open","sticky":false,"template":"","format":"standard","meta":{"jetpack_post_was_ever_published":false,"jetpack_publicize_message":"","jetpack_is_tweetstorm":false,"jetpack_publicize_feature_enabled":true,"jetpack_social_post_already_shared":true,"jetpack_social_options":[]},"categories":[1],"tags":[],"jetpack_publicize_connections":[],"acf":[],"yoast_head":"<!-- This site is optimized with the Yoast SEO plugin v19.14 - https:\/\/yoast.com\/wordpress\/plugins\/seo\/ -->\n<title>INFORME BANC\u00c1RIO \u2013 052 \/ 2018 \u2013 CAMPANHA SALARIAL 2018 \/ 2019 \u2013 DIA 24 DE JULHO 2018-07-24 - Sindicato dos Banc\u00e1rios de S\u00e3o Bento do Sul e Regi\u00e3o<\/title>\n<meta name=\"robots\" content=\"index, follow, max-snippet:-1, max-image-preview:large, max-video-preview:-1\" \/>\n<link rel=\"canonical\" href=\"https:\/\/sindicatodosbancarios.org.br\/site2022\/2018\/07\/24\/informe-bancario-052-2018-campanha-salarial-2018-2019-dia-24-de-julho-2018-07-24\/\" \/>\n<meta property=\"og:locale\" content=\"pt_BR\" \/>\n<meta property=\"og:type\" content=\"article\" \/>\n<meta property=\"og:title\" content=\"INFORME BANC\u00c1RIO \u2013 052 \/ 2018 \u2013 CAMPANHA SALARIAL 2018 \/ 2019 \u2013 DIA 24 DE JULHO 2018-07-24 - Sindicato dos Banc\u00e1rios de S\u00e3o Bento do Sul e Regi\u00e3o\" \/>\n<meta property=\"og:description\" content=\"4\u00b0 RODADA DE NEGOCIA\u00c7\u00c3O DIA 24 DE JULHO 2018-07-24 Representaram a FENABAN: Adauto e Nicolino, Bradesco, Eduara e [&hellip;]\" \/>\n<meta property=\"og:url\" content=\"https:\/\/sindicatodosbancarios.org.br\/site2022\/2018\/07\/24\/informe-bancario-052-2018-campanha-salarial-2018-2019-dia-24-de-julho-2018-07-24\/\" \/>\n<meta property=\"og:site_name\" content=\"Sindicato dos Banc\u00e1rios de S\u00e3o Bento do Sul e Regi\u00e3o\" \/>\n<meta property=\"article:author\" content=\"https:\/\/www.facebook.com\/seeb.sbs.9\" \/>\n<meta property=\"article:published_time\" content=\"2018-07-24T22:21:07+00:00\" \/>\n<meta property=\"og:image\" content=\"https:\/\/sindicatodosbancarios.org.br\/site2022\/wp-content\/uploads\/2018\/04\/24-2018.png\" \/>\n\t<meta property=\"og:image:width\" content=\"259\" \/>\n\t<meta property=\"og:image:height\" content=\"194\" \/>\n\t<meta property=\"og:image:type\" content=\"image\/png\" \/>\n<meta name=\"author\" content=\"Sindicato dos Banc\u00e1rios S\u00e3o Bento do Sul e Regi\u00e3o\" \/>\n<meta name=\"twitter:card\" content=\"summary_large_image\" \/>\n<meta name=\"twitter:label1\" content=\"Escrito por\" \/>\n\t<meta name=\"twitter:data1\" content=\"Sindicato dos Banc\u00e1rios S\u00e3o Bento do Sul e Regi\u00e3o\" \/>\n\t<meta name=\"twitter:label2\" content=\"Est. tempo de leitura\" \/>\n\t<meta name=\"twitter:data2\" content=\"1 minuto\" \/>\n<script type=\"application\/ld+json\" class=\"yoast-schema-graph\">{\"@context\":\"https:\/\/schema.org\",\"@graph\":[{\"@type\":\"Article\",\"@id\":\"https:\/\/sindicatodosbancarios.org.br\/site2022\/2018\/07\/24\/informe-bancario-052-2018-campanha-salarial-2018-2019-dia-24-de-julho-2018-07-24\/#article\",\"isPartOf\":{\"@id\":\"https:\/\/sindicatodosbancarios.org.br\/site2022\/2018\/07\/24\/informe-bancario-052-2018-campanha-salarial-2018-2019-dia-24-de-julho-2018-07-24\/\"},\"author\":{\"name\":\"Sindicato dos Banc\u00e1rios S\u00e3o Bento do Sul e Regi\u00e3o\",\"@id\":\"https:\/\/sindicatodosbancarios.org.br\/site2022\/#\/schema\/person\/a7d92da77d1084df4d28b57962f1e1bd\"},\"headline\":\"INFORME BANC\u00c1RIO \u2013 052 \/ 2018 \u2013 CAMPANHA SALARIAL 2018 \/ 2019 \u2013 DIA 24 DE JULHO 2018-07-24\",\"datePublished\":\"2018-07-24T22:21:07+00:00\",\"dateModified\":\"2018-07-24T22:21:07+00:00\",\"mainEntityOfPage\":{\"@id\":\"https:\/\/sindicatodosbancarios.org.br\/site2022\/2018\/07\/24\/informe-bancario-052-2018-campanha-salarial-2018-2019-dia-24-de-julho-2018-07-24\/\"},\"wordCount\":301,\"commentCount\":0,\"publisher\":{\"@id\":\"https:\/\/sindicatodosbancarios.org.br\/site2022\/#organization\"},\"articleSection\":[\"Geral\"],\"inLanguage\":\"pt-BR\",\"potentialAction\":[{\"@type\":\"CommentAction\",\"name\":\"Comment\",\"target\":[\"https:\/\/sindicatodosbancarios.org.br\/site2022\/2018\/07\/24\/informe-bancario-052-2018-campanha-salarial-2018-2019-dia-24-de-julho-2018-07-24\/#respond\"]}]},{\"@type\":\"WebPage\",\"@id\":\"https:\/\/sindicatodosbancarios.org.br\/site2022\/2018\/07\/24\/informe-bancario-052-2018-campanha-salarial-2018-2019-dia-24-de-julho-2018-07-24\/\",\"url\":\"https:\/\/sindicatodosbancarios.org.br\/site2022\/2018\/07\/24\/informe-bancario-052-2018-campanha-salarial-2018-2019-dia-24-de-julho-2018-07-24\/\",\"name\":\"INFORME BANC\u00c1RIO \u2013 052 \/ 2018 \u2013 CAMPANHA SALARIAL 2018 \/ 2019 \u2013 DIA 24 DE JULHO 2018-07-24 - Sindicato dos Banc\u00e1rios de S\u00e3o Bento do Sul e Regi\u00e3o\",\"isPartOf\":{\"@id\":\"https:\/\/sindicatodosbancarios.org.br\/site2022\/#website\"},\"datePublished\":\"2018-07-24T22:21:07+00:00\",\"dateModified\":\"2018-07-24T22:21:07+00:00\",\"breadcrumb\":{\"@id\":\"https:\/\/sindicatodosbancarios.org.br\/site2022\/2018\/07\/24\/informe-bancario-052-2018-campanha-salarial-2018-2019-dia-24-de-julho-2018-07-24\/#breadcrumb\"},\"inLanguage\":\"pt-BR\",\"potentialAction\":[{\"@type\":\"ReadAction\",\"target\":[\"https:\/\/sindicatodosbancarios.org.br\/site2022\/2018\/07\/24\/informe-bancario-052-2018-campanha-salarial-2018-2019-dia-24-de-julho-2018-07-24\/\"]}]},{\"@type\":\"BreadcrumbList\",\"@id\":\"https:\/\/sindicatodosbancarios.org.br\/site2022\/2018\/07\/24\/informe-bancario-052-2018-campanha-salarial-2018-2019-dia-24-de-julho-2018-07-24\/#breadcrumb\",\"itemListElement\":[{\"@type\":\"ListItem\",\"position\":1,\"name\":\"In\u00edcio\",\"item\":\"https:\/\/sindicatodosbancarios.org.br\/site2022\/\"},{\"@type\":\"ListItem\",\"position\":2,\"name\":\"INFORME BANC\u00c1RIO \u2013 052 \/ 2018 \u2013 CAMPANHA SALARIAL 2018 \/ 2019 \u2013 DIA 24 DE JULHO 2018-07-24\"}]},{\"@type\":\"WebSite\",\"@id\":\"https:\/\/sindicatodosbancarios.org.br\/site2022\/#website\",\"url\":\"https:\/\/sindicatodosbancarios.org.br\/site2022\/\",\"name\":\"Sindicato dos Banc\u00e1rios de S\u00e3o Bento do Sul e Regi\u00e3o\",\"description\":\"Website institucional do Sindicato dos Banc\u00e1rios de S\u00e3o Bento do Sul e Regi\u00e3o\",\"publisher\":{\"@id\":\"https:\/\/sindicatodosbancarios.org.br\/site2022\/#organization\"},\"potentialAction\":[{\"@type\":\"SearchAction\",\"target\":{\"@type\":\"EntryPoint\",\"urlTemplate\":\"https:\/\/sindicatodosbancarios.org.br\/site2022\/?s={search_term_string}\"},\"query-input\":\"required name=search_term_string\"}],\"inLanguage\":\"pt-BR\"},{\"@type\":\"Organization\",\"@id\":\"https:\/\/sindicatodosbancarios.org.br\/site2022\/#organization\",\"name\":\"Sindicato dos Banc\u00e1rios de S\u00e3o Bento do Sul e Regi\u00e3o\",\"url\":\"https:\/\/sindicatodosbancarios.org.br\/site2022\/\",\"logo\":{\"@type\":\"ImageObject\",\"inLanguage\":\"pt-BR\",\"@id\":\"https:\/\/sindicatodosbancarios.org.br\/site2022\/#\/schema\/logo\/image\/\",\"url\":\"https:\/\/sindicatodosbancarios.org.br\/site2022\/wp-content\/uploads\/2017\/06\/cropped-logo-2.png\",\"contentUrl\":\"https:\/\/sindicatodosbancarios.org.br\/site2022\/wp-content\/uploads\/2017\/06\/cropped-logo-2.png\",\"width\":292,\"height\":292,\"caption\":\"Sindicato dos Banc\u00e1rios de S\u00e3o Bento do Sul e Regi\u00e3o\"},\"image\":{\"@id\":\"https:\/\/sindicatodosbancarios.org.br\/site2022\/#\/schema\/logo\/image\/\"}},{\"@type\":\"Person\",\"@id\":\"https:\/\/sindicatodosbancarios.org.br\/site2022\/#\/schema\/person\/a7d92da77d1084df4d28b57962f1e1bd\",\"name\":\"Sindicato dos Banc\u00e1rios S\u00e3o Bento do Sul e Regi\u00e3o\",\"image\":{\"@type\":\"ImageObject\",\"inLanguage\":\"pt-BR\",\"@id\":\"https:\/\/sindicatodosbancarios.org.br\/site2022\/#\/schema\/person\/image\/\",\"url\":\"https:\/\/secure.gravatar.com\/avatar\/f1d1a06f698f2345352e539387180d42?s=96&d=mm&r=g\",\"contentUrl\":\"https:\/\/secure.gravatar.com\/avatar\/f1d1a06f698f2345352e539387180d42?s=96&d=mm&r=g\",\"caption\":\"Sindicato dos Banc\u00e1rios S\u00e3o Bento do Sul e Regi\u00e3o\"},\"sameAs\":[\"http:\/\/sindicatodosbancarios.org.br\/site2022\/\",\"https:\/\/www.facebook.com\/seeb.sbs.9\"],\"url\":\"https:\/\/sindicatodosbancarios.org.br\/site2022\/author\/sindicatodosbancarios\/\"}]}<\/script>\n<!-- \/ Yoast SEO plugin. -->","yoast_head_json":{"title":"INFORME BANC\u00c1RIO \u2013 052 \/ 2018 \u2013 CAMPANHA SALARIAL 2018 \/ 2019 \u2013 DIA 24 DE JULHO 2018-07-24 - Sindicato dos Banc\u00e1rios de S\u00e3o Bento do Sul e Regi\u00e3o","robots":{"index":"index","follow":"follow","max-snippet":"max-snippet:-1","max-image-preview":"max-image-preview:large","max-video-preview":"max-video-preview:-1"},"canonical":"https:\/\/sindicatodosbancarios.org.br\/site2022\/2018\/07\/24\/informe-bancario-052-2018-campanha-salarial-2018-2019-dia-24-de-julho-2018-07-24\/","og_locale":"pt_BR","og_type":"article","og_title":"INFORME BANC\u00c1RIO \u2013 052 \/ 2018 \u2013 CAMPANHA SALARIAL 2018 \/ 2019 \u2013 DIA 24 DE JULHO 2018-07-24 - Sindicato dos Banc\u00e1rios de S\u00e3o Bento do Sul e Regi\u00e3o","og_description":"4\u00b0 RODADA DE NEGOCIA\u00c7\u00c3O DIA 24 DE JULHO 2018-07-24 Representaram a FENABAN: Adauto e Nicolino, Bradesco, Eduara e [&hellip;]","og_url":"https:\/\/sindicatodosbancarios.org.br\/site2022\/2018\/07\/24\/informe-bancario-052-2018-campanha-salarial-2018-2019-dia-24-de-julho-2018-07-24\/","og_site_name":"Sindicato dos Banc\u00e1rios de S\u00e3o Bento do Sul e Regi\u00e3o","article_author":"https:\/\/www.facebook.com\/seeb.sbs.9","article_published_time":"2018-07-24T22:21:07+00:00","og_image":[{"width":259,"height":194,"url":"https:\/\/sindicatodosbancarios.org.br\/site2022\/wp-content\/uploads\/2018\/04\/24-2018.png","type":"image\/png"}],"author":"Sindicato dos Banc\u00e1rios S\u00e3o Bento do Sul e Regi\u00e3o","twitter_card":"summary_large_image","twitter_misc":{"Escrito por":"Sindicato dos Banc\u00e1rios S\u00e3o Bento do Sul e Regi\u00e3o","Est. tempo de leitura":"1 minuto"},"schema":{"@context":"https:\/\/schema.org","@graph":[{"@type":"Article","@id":"https:\/\/sindicatodosbancarios.org.br\/site2022\/2018\/07\/24\/informe-bancario-052-2018-campanha-salarial-2018-2019-dia-24-de-julho-2018-07-24\/#article","isPartOf":{"@id":"https:\/\/sindicatodosbancarios.org.br\/site2022\/2018\/07\/24\/informe-bancario-052-2018-campanha-salarial-2018-2019-dia-24-de-julho-2018-07-24\/"},"author":{"name":"Sindicato dos Banc\u00e1rios S\u00e3o Bento do Sul e Regi\u00e3o","@id":"https:\/\/sindicatodosbancarios.org.br\/site2022\/#\/schema\/person\/a7d92da77d1084df4d28b57962f1e1bd"},"headline":"INFORME BANC\u00c1RIO \u2013 052 \/ 2018 \u2013 CAMPANHA SALARIAL 2018 \/ 2019 \u2013 DIA 24 DE JULHO 2018-07-24","datePublished":"2018-07-24T22:21:07+00:00","dateModified":"2018-07-24T22:21:07+00:00","mainEntityOfPage":{"@id":"https:\/\/sindicatodosbancarios.org.br\/site2022\/2018\/07\/24\/informe-bancario-052-2018-campanha-salarial-2018-2019-dia-24-de-julho-2018-07-24\/"},"wordCount":301,"commentCount":0,"publisher":{"@id":"https:\/\/sindicatodosbancarios.org.br\/site2022\/#organization"},"articleSection":["Geral"],"inLanguage":"pt-BR","potentialAction":[{"@type":"CommentAction","name":"Comment","target":["https:\/\/sindicatodosbancarios.org.br\/site2022\/2018\/07\/24\/informe-bancario-052-2018-campanha-salarial-2018-2019-dia-24-de-julho-2018-07-24\/#respond"]}]},{"@type":"WebPage","@id":"https:\/\/sindicatodosbancarios.org.br\/site2022\/2018\/07\/24\/informe-bancario-052-2018-campanha-salarial-2018-2019-dia-24-de-julho-2018-07-24\/","url":"https:\/\/sindicatodosbancarios.org.br\/site2022\/2018\/07\/24\/informe-bancario-052-2018-campanha-salarial-2018-2019-dia-24-de-julho-2018-07-24\/","name":"INFORME BANC\u00c1RIO \u2013 052 \/ 2018 \u2013 CAMPANHA SALARIAL 2018 \/ 2019 \u2013 DIA 24 DE JULHO 2018-07-24 - Sindicato dos Banc\u00e1rios de S\u00e3o Bento do Sul e Regi\u00e3o","isPartOf":{"@id":"https:\/\/sindicatodosbancarios.org.br\/site2022\/#website"},"datePublished":"2018-07-24T22:21:07+00:00","dateModified":"2018-07-24T22:21:07+00:00","breadcrumb":{"@id":"https:\/\/sindicatodosbancarios.org.br\/site2022\/2018\/07\/24\/informe-bancario-052-2018-campanha-salarial-2018-2019-dia-24-de-julho-2018-07-24\/#breadcrumb"},"inLanguage":"pt-BR","potentialAction":[{"@type":"ReadAction","target":["https:\/\/sindicatodosbancarios.org.br\/site2022\/2018\/07\/24\/informe-bancario-052-2018-campanha-salarial-2018-2019-dia-24-de-julho-2018-07-24\/"]}]},{"@type":"BreadcrumbList","@id":"https:\/\/sindicatodosbancarios.org.br\/site2022\/2018\/07\/24\/informe-bancario-052-2018-campanha-salarial-2018-2019-dia-24-de-julho-2018-07-24\/#breadcrumb","itemListElement":[{"@type":"ListItem","position":1,"name":"In\u00edcio","item":"https:\/\/sindicatodosbancarios.org.br\/site2022\/"},{"@type":"ListItem","position":2,"name":"INFORME BANC\u00c1RIO \u2013 052 \/ 2018 \u2013 CAMPANHA SALARIAL 2018 \/ 2019 \u2013 DIA 24 DE JULHO 2018-07-24"}]},{"@type":"WebSite","@id":"https:\/\/sindicatodosbancarios.org.br\/site2022\/#website","url":"https:\/\/sindicatodosbancarios.org.br\/site2022\/","name":"Sindicato dos Banc\u00e1rios de S\u00e3o Bento do Sul e Regi\u00e3o","description":"Website institucional do Sindicato dos Banc\u00e1rios de S\u00e3o Bento do Sul e Regi\u00e3o","publisher":{"@id":"https:\/\/sindicatodosbancarios.org.br\/site2022\/#organization"},"potentialAction":[{"@type":"SearchAction","target":{"@type":"EntryPoint","urlTemplate":"https:\/\/sindicatodosbancarios.org.br\/site2022\/?s={search_term_string}"},"query-input":"required name=search_term_string"}],"inLanguage":"pt-BR"},{"@type":"Organization","@id":"https:\/\/sindicatodosbancarios.org.br\/site2022\/#organization","name":"Sindicato dos Banc\u00e1rios de S\u00e3o Bento do Sul e Regi\u00e3o","url":"https:\/\/sindicatodosbancarios.org.br\/site2022\/","logo":{"@type":"ImageObject","inLanguage":"pt-BR","@id":"https:\/\/sindicatodosbancarios.org.br\/site2022\/#\/schema\/logo\/image\/","url":"https:\/\/sindicatodosbancarios.org.br\/site2022\/wp-content\/uploads\/2017\/06\/cropped-logo-2.png","contentUrl":"https:\/\/sindicatodosbancarios.org.br\/site2022\/wp-content\/uploads\/2017\/06\/cropped-logo-2.png","width":292,"height":292,"caption":"Sindicato dos Banc\u00e1rios de S\u00e3o Bento do Sul e Regi\u00e3o"},"image":{"@id":"https:\/\/sindicatodosbancarios.org.br\/site2022\/#\/schema\/logo\/image\/"}},{"@type":"Person","@id":"https:\/\/sindicatodosbancarios.org.br\/site2022\/#\/schema\/person\/a7d92da77d1084df4d28b57962f1e1bd","name":"Sindicato dos Banc\u00e1rios S\u00e3o Bento do Sul e Regi\u00e3o","image":{"@type":"ImageObject","inLanguage":"pt-BR","@id":"https:\/\/sindicatodosbancarios.org.br\/site2022\/#\/schema\/person\/image\/","url":"https:\/\/secure.gravatar.com\/avatar\/f1d1a06f698f2345352e539387180d42?s=96&d=mm&r=g","contentUrl":"https:\/\/secure.gravatar.com\/avatar\/f1d1a06f698f2345352e539387180d42?s=96&d=mm&r=g","caption":"Sindicato dos Banc\u00e1rios S\u00e3o Bento do Sul e Regi\u00e3o"},"sameAs":["http:\/\/sindicatodosbancarios.org.br\/site2022\/","https:\/\/www.facebook.com\/seeb.sbs.9"],"url":"https:\/\/sindicatodosbancarios.org.br\/site2022\/author\/sindicatodosbancarios\/"}]}},"jetpack_featured_media_url":"https:\/\/sindicatodosbancarios.org.br\/site2022\/wp-content\/uploads\/2018\/04\/24-2018.png","jetpack_sharing_enabled":true,"jetpack_shortlink":"https:\/\/wp.me\/p8RSbI-G4","jetpack-related-posts":[{"id":4379,"url":"https:\/\/sindicatodosbancarios.org.br\/site2022\/2020\/08\/29\/informe-bancario-321-2020-proposta-da-caixa-economica-federal\/","url_meta":{"origin":2608,"position":0},"title":"INFORME BANC\u00c1RIO \u2013 321\/2020 Proposta da CAIXA ECON\u00d4MICA FEDERAL","date":"29 de agosto de 2020","format":false,"excerpt":"Nesta sexta-feira (28\/8) , em mais uma rodada de negocia\u00e7\u00e3o, a Caixa Econ\u00f4mica Federal apresentou sua proposta para a atual Campanha Salarial 2020\/2022. Permaneceram \u00a0negociando nas mesas representantes das \u00a0FEEB\u00a0 AL\/PE\/RN, FEEB GO\/TO, FEEB MG, FEEB PR, FEEB SP\/MS, SEEB GO, ADVOCEF, ANEAC, AUDICAIXA e FENAG , coordenada pela diretora\u2026","rel":"","context":"Em &quot;Caixa Econ\u00f4mica Federal&quot;","img":{"alt_text":"","src":"https:\/\/i0.wp.com\/sindicatodosbancarios.org.br\/site2022\/wp-content\/uploads\/2020\/06\/69k7312phlkcv3tvs4wgnt66p.jpg?resize=350%2C200&ssl=1","width":350,"height":200},"classes":[]},{"id":5530,"url":"https:\/\/sindicatodosbancarios.org.br\/site2022\/2021\/07\/12\/informe-bancario-166-2021-folga-assiduidade-cct-2020-2022-um-direito-do-bancario-nao-esqueca-de-solicitar\/","url_meta":{"origin":2608,"position":1},"title":"INFORME BANC\u00c1RIO \u2013 166\/2021 FOLGA ASSIDUIDADE \u2013 CCT 2020 \/ 2022 \u2013\u00a0 \u00a0UM DIREITO DO BANC\u00c1RIO \u2013  N\u00c3O ESQUE\u00c7A DE SOLICITAR!!","date":"12 de julho de 2021","format":false,"excerpt":"A Conven\u00e7\u00e3o Coletiva de Trabalho 2020 \/ 2022, assinada entre os Bancos e o Sindicato, em seu Cl\u00e1usula 24, letras e \u00a7\u00a7, garantiu ao banc\u00e1rio (a) o direito a 01 (um) dia de folga por ano de forma remunerada. Para usufruir desse direito o (a) banc\u00e1rio (a), basta ao banc\u00e1rio\u2026","rel":"","context":"Em &quot;Geral&quot;","img":{"alt_text":"","src":"https:\/\/i0.wp.com\/sindicatodosbancarios.org.br\/site2022\/wp-content\/uploads\/2020\/07\/cropped-logo-2.png?resize=350%2C200&ssl=1","width":350,"height":200},"classes":[]},{"id":4337,"url":"https:\/\/sindicatodosbancarios.org.br\/site2022\/2020\/08\/25\/informe-bancario-313-2020-campanha-salarial-reuniao-de-negociacao-com-a-caixa-economica-federal\/","url_meta":{"origin":2608,"position":2},"title":"INFORME BANC\u00c1RIO \u2013 313\/2020 CAMPANHA SALARIAL: Reuni\u00e3o de negocia\u00e7\u00e3o com a Caixa Econ\u00f4mica Federal","date":"25 de agosto de 2020","format":false,"excerpt":"A Comiss\u00e3o Executiva Banc\u00e1ria Nacional de Negocia\u00e7\u00e3o \u2013 CEBNN\/Contec esteve reunida nesta segunda-feira (24), em videoconfer\u00eancia, com os representantes da Caixa Econ\u00f4mica Federal para debater a pauta de reivindica\u00e7\u00f5es dos empregados nesta Campanha Salarial. A reuni\u00e3o foi coordenada por parte da CONTEC, pela diretora de Finan\u00e7as da CONTEC, Rumiko Tanaka,\u2026","rel":"","context":"Em &quot;Caixa Econ\u00f4mica Federal&quot;","img":{"alt_text":"","src":"https:\/\/i0.wp.com\/sindicatodosbancarios.org.br\/site2022\/wp-content\/uploads\/2020\/08\/curiosidades-sobre-a-caixa-economica-federal-98.jpg?resize=350%2C200&ssl=1","width":350,"height":200},"classes":[]},{"id":6306,"url":"https:\/\/sindicatodosbancarios.org.br\/site2022\/2022\/04\/25\/informe-bancario-50-2022-campanha-salarial-encontro-de-dirigentes-bancarios-dos-estados-do-sul\/","url_meta":{"origin":2608,"position":3},"title":"INFORME BANC\u00c1RIO \u2013 50\/2022 CAMPANHA SALARIAL &#8211; Encontro de Dirigentes Banc\u00e1rios dos Estados do Sul","date":"25 de abril de 2022","format":false,"excerpt":"CAMPANHA SALARIAL Dias 26 e 27 de abril, ocorrer\u00e1 o Encontro de Dirigentes Banc\u00e1rios dos Estados do Sul, que reunir\u00e1 sindicalistas do Paran\u00e1, de Santa Catarina e do Rio Grande do Sul, de forma virtual. Neste evento, estar\u00e3o em pauta os encaminhamentos e as minutas de reivindica\u00e7\u00f5es, que ser\u00e3o encaminhadas\u2026","rel":"","context":"Em &quot;Geral&quot;","img":{"alt_text":"","src":"https:\/\/i0.wp.com\/sindicatodosbancarios.org.br\/site2022\/wp-content\/uploads\/2022\/04\/itaubbcaixasantanderbradescodetemmercadofinanceiro.jpeg?resize=350%2C200&ssl=1","width":350,"height":200},"classes":[]},{"id":4277,"url":"https:\/\/sindicatodosbancarios.org.br\/site2022\/2020\/08\/14\/informe-bancario-296-2020-campanha-salarial-reuniao-de-negociacao-com-a-caixa-economica-federal\/","url_meta":{"origin":2608,"position":4},"title":"INFORME BANC\u00c1RIO \u2013 296\/2020 CAMPANHA SALARIAL: Reuni\u00e3o de negocia\u00e7\u00e3o com a Caixa Econ\u00f4mica Federal","date":"14 de agosto de 2020","format":false,"excerpt":"A Comiss\u00e3o Executiva Banc\u00e1ria Nacional de Negocia\u00e7\u00e3o \u2013 CEBNN\/Contec esteve reunida nesta quarta-feira \u00a0(12), em videoconfer\u00eancia, com os representantes da Caixa Econ\u00f4mica Federal para debater a pauta de reivindica\u00e7\u00f5es dos empregados nesta Campanha Salarial. A reuni\u00e3o foi coordenada por parte da CONTEC, pela diretora de Finan\u00e7as da CONTEC, Rumiko Tanaka,\u2026","rel":"","context":"Em &quot;Caixa Econ\u00f4mica Federal&quot;","img":{"alt_text":"","src":"https:\/\/i0.wp.com\/sindicatodosbancarios.org.br\/site2022\/wp-content\/uploads\/2020\/07\/caixa-economica-federal-1.jpg?resize=350%2C200&ssl=1","width":350,"height":200},"classes":[]},{"id":4817,"url":"https:\/\/sindicatodosbancarios.org.br\/site2022\/2020\/11\/30\/informe-bancario-443-2020-testagem-do-covid-sera-ampliada-para-dependentes\/","url_meta":{"origin":2608,"position":5},"title":"INFORME BANC\u00c1RIO \u2013 443\/2020 Testagem do Covid ser\u00e1 ampliada para dependentes","date":"30 de novembro de 2020","format":false,"excerpt":"O Banco Bradesco comunicou \u00e0 Contec que vai oferecer testes do Covid para todos os participantes do Sa\u00fade Bradesco. Ou seja, al\u00e9m dos funcion\u00e1rios poder\u00e3o realizar a testagem os dependentes. Para isto, a partir da pr\u00f3xima segunda-feira (3), o banco vai estabelecer um calend\u00e1rio para distribuir o formato, locais e\u2026","rel":"","context":"Em &quot;Bradesco\/HSBC&quot;","img":{"alt_text":"","src":"https:\/\/i0.wp.com\/sindicatodosbancarios.org.br\/site2022\/wp-content\/uploads\/2020\/11\/bradesco.jpg?resize=350%2C200&ssl=1","width":350,"height":200},"classes":[]}],"_links":{"self":[{"href":"https:\/\/sindicatodosbancarios.org.br\/site2022\/wp-json\/wp\/v2\/posts\/2608"}],"collection":[{"href":"https:\/\/sindicatodosbancarios.org.br\/site2022\/wp-json\/wp\/v2\/posts"}],"about":[{"href":"https:\/\/sindicatodosbancarios.org.br\/site2022\/wp-json\/wp\/v2\/types\/post"}],"author":[{"embeddable":true,"href":"https:\/\/sindicatodosbancarios.org.br\/site2022\/wp-json\/wp\/v2\/users\/2"}],"replies":[{"embeddable":true,"href":"https:\/\/sindicatodosbancarios.org.br\/site2022\/wp-json\/wp\/v2\/comments?post=2608"}],"version-history":[{"count":1,"href":"https:\/\/sindicatodosbancarios.org.br\/site2022\/wp-json\/wp\/v2\/posts\/2608\/revisions"}],"predecessor-version":[{"id":2609,"href":"https:\/\/sindicatodosbancarios.org.br\/site2022\/wp-json\/wp\/v2\/posts\/2608\/revisions\/2609"}],"wp:featuredmedia":[{"embeddable":true,"href":"https:\/\/sindicatodosbancarios.org.br\/site2022\/wp-json\/wp\/v2\/media\/2473"}],"wp:attachment":[{"href":"https:\/\/sindicatodosbancarios.org.br\/site2022\/wp-json\/wp\/v2\/media?parent=2608"}],"wp:term":[{"taxonomy":"category","embeddable":true,"href":"https:\/\/sindicatodosbancarios.org.br\/site2022\/wp-json\/wp\/v2\/categories?post=2608"},{"taxonomy":"post_tag","embeddable":true,"href":"https:\/\/sindicatodosbancarios.org.br\/site2022\/wp-json\/wp\/v2\/tags?post=2608"}],"curies":[{"name":"wp","href":"https:\/\/api.w.org\/{rel}","templated":true}]}}