{"id":2620,"date":"2018-08-02T14:51:19","date_gmt":"2018-08-02T17:51:19","guid":{"rendered":"https:\/\/sindicatodosbancarios.org.br\/?p=2620"},"modified":"2018-08-02T14:51:19","modified_gmt":"2018-08-02T17:51:19","slug":"informe-bancario-057-2018-bancos-enrolam-e-proposta-sera-apresentada-no-dia-07-08","status":"publish","type":"post","link":"https:\/\/sindicatodosbancarios.org.br\/site2022\/2018\/08\/02\/informe-bancario-057-2018-bancos-enrolam-e-proposta-sera-apresentada-no-dia-07-08\/","title":{"rendered":"INFORME BANC\u00c1RIO &#8211; 057 \/ 2018 &#8211; BANCOS ENROLAM E PROPOSTA SER\u00c1 APRESENTADA NO DIA 07\/08"},"content":{"rendered":"<p>Comando dos Banc\u00e1rios protestou e avisou que n\u00e3o pode haver furo: no dia 8 trabalhadores estar\u00e3o reunidos em assembleia para avaliar proposta completa.<\/p>\n<p>Dirigentes Sindicais Banc\u00e1rios de todo o Brasil se deslocou para S\u00e3o Paulo, nesta quarta-feira (1\u00ba), com a expectativa de receber e debater a proposta que a FENABAN havia se comprometido a apresentar para a Campanha Nacional Unificada 2018.<\/p>\n<p>Os Bancos, no entanto, n\u00e3o cumpriram o compromisso e anunciaram que uma proposta global, inclusive com \u00edndice de reajuste, ser\u00e1 apresentada na pr\u00f3xima rodada de negocia\u00e7\u00e3o marcada para a ter\u00e7a-feira (07\/08\/2018). \u201cRegistramos a expectativa dos Banc\u00e1rios de receber a proposta nesta quarta-feira, mas os representantes dos Bancos disseram que s\u00f3 fariam proposta de reajuste na pr\u00f3xima semana.<br \/>\nA negocia\u00e7\u00e3o transcorreu debatendo ponto a ponto as cl\u00e1usulas econ\u00f4micas e de igualdade de oportunidades da pauta de reivindica\u00e7\u00f5es\u201d, relata a Presidenta da Confedera\u00e7\u00e3o Nacional dos Trabalhadores do Ramo Financeiro (CONTRAF), Juvandia Moreira. \u201cDestacamos que a categoria espera uma boa proposta, completa, com aumento real diante do crescimento de quase 34% em 2017, de 20% no primeiro trimestre de 2018 e que segue em alta diante dos balan\u00e7os do semestre j\u00e1 divulgados.\u201d<br \/>\nNo dia 8, Banc\u00e1rios de todo o Brasil se reunir\u00e3o em Assembleias para deliberar sobre a proposta da FENABAN. \u201cEst\u00e1 nas m\u00e3os dos Bancos resolverem a Campanha na mesa de negocia\u00e7\u00e3o, inten\u00e7\u00e3o anunciada por eles desde a primeira rodada de negocia\u00e7\u00e3o em 12 de julho\u201d, diz Juvandia.<\/p>\n<p>ELES GANHAM MUITO E PODEM PAGAR: Outros dados indicam a excelente sa\u00fade financeira dos bancos e foram apresentados na mesa de negocia\u00e7\u00e3o para refor\u00e7ar que o setor deve muito aos seus funcion\u00e1rios. O que ganham com receita de presta\u00e7\u00e3o de servi\u00e7os e tarifas continua em eleva\u00e7\u00e3o: juntos, os maiores bancos acumularam o montante de R$ 32,4 bilh\u00f5es nos primeiros tr\u00eas meses do ano, crescimento de 6,9% em doze meses.<br \/>\nSomente essa receita, cobriria quase 140% do total dispendido em despesa de pessoal, que inclui sal\u00e1rios, encargos, benef\u00edcios, PLR, treinamentos, provis\u00f5es trabalhistas etc. Ou seja, pagam todos os funcion\u00e1rios com o que ganham com tarifas e ainda sobra. Mesmo assim, demitem.<br \/>\nNo primeiro trimestre deste, houve queda de 13.564 postos de trabalho comparado ao mesmo per\u00edodo de 2017. Desde 2016 j\u00e1 foram extintos mais de 40 mil empregos no setor.<br \/>\nEsses cortes, t\u00e3o nocivos \u00e0 sociedade brasileira, ajudam a compor os gigantescos lucros dos Bancos. Isso porque, quando contratam pagam menos do que recebiam os dispensados.<br \/>\nAssim, enquanto o ganho real conquistado pela categoria entre 2003 e 2016 chegou a 19,1%, nos dados da Rais do (Minist\u00e9rio do Trabalho), o aumento real observado foi de apenas 10,9% no mesmo per\u00edodo. \u00c9 a taxa de rotatividade: de acordo com dados do CAGED, no primeiro semestre de 2018 a diferen\u00e7a de remunera\u00e7\u00e3o entre os admitidos e desligados foi de 36%. Dessa maneira, a massa salarial do setor em 2017 caiu 2% em rela\u00e7\u00e3o ao que era em 2012.<br \/>\nEconomizam-se com os banc\u00e1rios que est\u00e3o na linha de frente nas ag\u00eancias e departamentos, o mesmo n\u00e3o se d\u00e1 com os executivos.<br \/>\nNo Ita\u00fa, um diretor chega a ganhar quase 250 vezes mais que um escritur\u00e1rio.<br \/>\nNo Bradesco, 121 vezes mais; no Santander, 105. \u201cIsso tudo s\u00f3 mostra que os Bancos podem pagar aumento real e atender \u00e0s reivindica\u00e7\u00f5es da categoria.<\/p>\n<p>A propor\u00e7\u00e3o de reajustes acima da infla\u00e7\u00e3o, mesmo de setores menos lucrativos, foi de 84,6% em 2018\u201d, completa Juvandia.<\/p>\n<p>AS REIVINDICA\u00c7\u00d5ES E AS RESPOSTAS DOS BANCOS:<\/p>\n<p>AUMENTO REAL: Os Banc\u00e1rios cobram reposi\u00e7\u00e3o total da infla\u00e7\u00e3o mais aumento real para sal\u00e1rios e demais verbas, como VA e VR. A infla\u00e7\u00e3o projetada est\u00e1 em 3,88%, com expectativa de alta. Os bancos apresentar\u00e3o proposta no dia 07\/08\/2018.<\/p>\n<p>PARTICIPA\u00c7\u00c3O NOS LUCROS: Os Bancos querem manter a regra atual da PLR, (que prev\u00ea o pagamento de 90% do sal\u00e1rio-base mais R$ 2.243,58, limitado a R$ 12.035,71). Se o total distribu\u00eddo a todos os funcion\u00e1rios n\u00e3o atingir 5% do total do lucro l\u00edquido de 2016, o valor individual dever\u00e1 ser majorado at\u00e9 alcan\u00e7ar 2,2 sal\u00e1rios, limitado a R$ 26.478,55, ou at\u00e9 que se atinjam os 5%. Diante do enorme lucro do setor, os banc\u00e1rios querem rediscutir o formato, de maneira que os trabalhadores recebam uma parcela maior do resultado que ajudam a alcan\u00e7ar. O assunto voltar\u00e1 \u00e0 pauta na pr\u00f3xima semana.<\/p>\n<p>14\u00ba SAL\u00c1RIO: Os trabalhadores reivindicam o pagamento do 14\u00ba sal\u00e1rio a todos os empregados, inclusive os afastados e os que sa\u00edrem do Banco no ano em que for creditado. Para a FENABAN, n\u00e3o h\u00e1 espa\u00e7o para isso porque consideram j\u00e1 haver v\u00e1rios \u201cbenef\u00edcios\u201d para os Banc\u00e1rios, que na realidade s\u00e3o direitos conquistados pelos trabalhadores na luta. PISO: Outro ponto da pauta dos Banc\u00e1rios \u00e9 o piso de R$ 3.747,10 (correspondente ao sal\u00e1rio m\u00ednimo do Dieese). Os Bancos acham dif\u00edcil mexer no valor pago atualmente, mas devem apresentar proposta na pr\u00f3xima semana.<\/p>\n<p>PLANO DE CARGOS E SAL\u00c1RIOS (PCS): Outra reivindica\u00e7\u00e3o \u00e9 a ado\u00e7\u00e3o de um Plano de Cargos e Sal\u00e1rios, elaborado com a participa\u00e7\u00e3o de Sindicatos. Para a FENABAN, no entanto, n\u00e3o d\u00e1 para regrar tudo. Os Banc\u00e1rios defenderam a import\u00e2ncia do PCS diante das mudan\u00e7as unilaterais feitos pelos Bancos, como a altera\u00e7\u00e3o de jornada para oito horas de 80% dos Banc\u00e1rios de institui\u00e7\u00f5es p\u00fablicas.<\/p>\n<p>TELETRABALHO: Os Bancos informaram que pretendem apresentar uma proposta de teletrabalho na semana que vem, com base no modelo do Judici\u00e1rio que tem como condi\u00e7\u00e3o produtividade 15% maior para os trabalhadores que quiserem atuar nessa modalidade. Os representantes dos Banc\u00e1rios protestaram dizendo isso n\u00e3o cabe para todos, que as metas dos Banc\u00e1rios j\u00e1 s\u00e3o altas. E que se os Bancos querem se equiparar com o Judici\u00e1rio poderia pagar aux\u00edlio-moradia, aux\u00edlio-educa\u00e7\u00e3o. Segundo a FENABAN, o TST recomenda que a jornada deva come\u00e7ar depois das 6h e terminar at\u00e9 as 22h. Os Dirigentes Sindicais cobraram o respeito \u00e0 jornada da categoria, de seis horas, e a utiliza\u00e7\u00e3o de equipamentos dos Bancos.<\/p>\n<p>SAL\u00c1RIO DO SUBSTITUTO E ISONOMIA SALARIAL: Os Banc\u00e1rios reivindicam que, ainda que de car\u00e1ter provis\u00f3rio, seja garantido ao empregado substituto o mesmo sal\u00e1rio do substitu\u00eddo, e efetiva\u00e7\u00e3o na fun\u00e7\u00e3o caso o per\u00edodo seja superior a 90 dias. A FENABAN afirmou que substituir \u00e9 um aprendizado, que \u00e9 dif\u00edcil de fazer esse pagamento e precisam analisar para apresentar uma proposta. Os Banc\u00e1rios argumentaram que h\u00e1 casos de substitui\u00e7\u00e3o de muito tempo e que os cargos trazem responsabilidades sem a devida remunera\u00e7\u00e3o.<\/p>\n<p>PARCELAMENTO DO ADIANTAMENTO DE F\u00c9RIAS: Outra reivindica\u00e7\u00e3o \u00e9 que o adiantamento das f\u00e9rias possa ser devolvido em at\u00e9 10 parcelas iguais e sucessivas, a partir do m\u00eas subseq\u00fcente ao do cr\u00e9dito, sem acr\u00e9scimo de juros ou corre\u00e7\u00f5es. A FENABAN informou que vai refletir sobre o pedido.<\/p>\n<p>VALES REFEI\u00c7\u00c3O, ALIMENTA\u00c7\u00c3O, 13\u00aa CESTAS: Os Banc\u00e1rios reivindicam vales refei\u00e7\u00e3o, alimenta\u00e7\u00e3o e 13\u00aa cesta no valor de R$ 954 mensais. Inclusive nos per\u00edodos de licen\u00e7a-maternidade, paternidade e ado\u00e7\u00e3o, gozo de f\u00e9rias e nos afastamentos por doen\u00e7a de qualquer natureza ou acidente de trabalho. Os Bancos devem apresentar proposta de valores na pr\u00f3xima semana.<\/p>\n<p>AUX\u00cdLIO CRECHE\/AUX\u00cdLIO BAB\u00c1: Os representantes dos Banc\u00e1rios refor\u00e7aram a import\u00e2ncia de reajustar o direito para que os pais possam trabalhar com tranq\u00fcilidade. O valor reivindicado \u00e9 de um sal\u00e1rio m\u00ednimo mensal (atualmente em R$ 954) para cada filho, inclusive os adotados, dependentes com guarda provis\u00f3ria e enteados, at\u00e9 a idade de 12 anos. Os Banc\u00e1rios argumentaram que o atual valor, de R$ 434, \u00e9 muito baixo e n\u00e3o \u00e9 poss\u00edvel atender \u00e0 necessidade dos trabalhadores.<\/p>\n<p>AUX\u00cdLIO EDUCACIONAL: Outro ponto da pauta da categoria \u00e9 o pagamento de bolsas de estudo pelos Bancos para ensino m\u00e9dio, gradua\u00e7\u00e3o ou p\u00f3s-gradua\u00e7\u00e3o. Dentre os Bancos que comp\u00f5em a mesa, somente o Bradesco n\u00e3o paga.<\/p>\n<p>VALE-CULTURA: Os Banc\u00e1rios cobram que seja restitu\u00eddo o vale-cultura retirado pelo governo golpista. Mais um direito retirado, apesar do compromisso de manuten\u00e7\u00e3o, assumido junto aos representantes dos trabalhadores. Pago a todos os empregados, inclusive os afastados por problemas de sa\u00fade, at\u00e9 o \u00faltimo dia \u00fatil do m\u00eas, a reivindica\u00e7\u00e3o \u00e9 de R$ 153,91, na forma de cart\u00e3o magn\u00e9tico, para compra de ingressos para pe\u00e7as teatrais, cinema, shows, musicais, bem como para outros espet\u00e1culos art\u00edsticos. A FENABAN voltou a falar em tributa\u00e7\u00e3o e que n\u00e3o h\u00e1 seguran\u00e7a jur\u00eddica para pagar fora da legisla\u00e7\u00e3o que n\u00e3o prev\u00ea mais esse direito.<\/p>\n<p>REGULAMENTA\u00c7\u00c3O DA REMUNERA\u00c7\u00c3O TOTAL: O Comando informou que quer discutir a remunera\u00e7\u00e3o total para que n\u00e3o haja redu\u00e7\u00e3o ou substitui\u00e7\u00e3o de contratos pelas formas de precariza\u00e7\u00e3o previstas na Lei Trabalhista do p\u00f3s-golpe. A FENABAN informou que at\u00e9 agora os Bancos n\u00e3o aplicaram nenhuma nova forma e que n\u00e3o h\u00e1 movimento nesse sentido. Mas n\u00e3o se comprometeram a assinar.<\/p>\n<p>IGUALDADE DE OPORTUNIDADES: Os Banc\u00e1rios cobram dos Bancos a promo\u00e7\u00e3o de pol\u00edticas para eliminar desigualdades e discrimina\u00e7\u00f5es por motivos de ra\u00e7a, cor, g\u00eanero, idade ou orienta\u00e7\u00e3o sexual (LGBTQ) nos locais de trabalho e promover a equidade.<\/p>\n<p>OBS: Hoje dia 02\/08\/2018, t\u00eam rodada de negocia\u00e7\u00e3o entre CONTEC e FENABAN.<br \/>\n<span style=\"font-size: 8pt;\">FONTE: CONTRAF com edi\u00e7\u00e3o do SEEBSBS<\/span><\/p>\n","protected":false},"excerpt":{"rendered":"<p>Comando dos Banc\u00e1rios protestou e avisou que n\u00e3o pode haver furo: no dia 8 trabalhadores estar\u00e3o reunidos em [&hellip;]<\/p>\n","protected":false},"author":2,"featured_media":2469,"comment_status":"open","ping_status":"open","sticky":false,"template":"","format":"standard","meta":{"jetpack_post_was_ever_published":false,"jetpack_publicize_message":"","jetpack_is_tweetstorm":false,"jetpack_publicize_feature_enabled":true,"jetpack_social_post_already_shared":true,"jetpack_social_options":[]},"categories":[1],"tags":[],"jetpack_publicize_connections":[],"acf":[],"yoast_head":"<!-- This site is optimized with the Yoast SEO plugin v19.14 - https:\/\/yoast.com\/wordpress\/plugins\/seo\/ -->\n<title>INFORME BANC\u00c1RIO - 057 \/ 2018 - BANCOS ENROLAM E PROPOSTA SER\u00c1 APRESENTADA NO DIA 07\/08 - Sindicato dos Banc\u00e1rios de S\u00e3o Bento do Sul e Regi\u00e3o<\/title>\n<meta name=\"robots\" content=\"index, follow, max-snippet:-1, max-image-preview:large, max-video-preview:-1\" \/>\n<link rel=\"canonical\" href=\"https:\/\/sindicatodosbancarios.org.br\/site2022\/2018\/08\/02\/informe-bancario-057-2018-bancos-enrolam-e-proposta-sera-apresentada-no-dia-07-08\/\" \/>\n<meta property=\"og:locale\" content=\"pt_BR\" \/>\n<meta property=\"og:type\" content=\"article\" \/>\n<meta property=\"og:title\" content=\"INFORME BANC\u00c1RIO - 057 \/ 2018 - BANCOS ENROLAM E PROPOSTA SER\u00c1 APRESENTADA NO DIA 07\/08 - Sindicato dos Banc\u00e1rios de S\u00e3o Bento do Sul e Regi\u00e3o\" \/>\n<meta property=\"og:description\" content=\"Comando dos Banc\u00e1rios protestou e avisou que n\u00e3o pode haver furo: no dia 8 trabalhadores estar\u00e3o reunidos em [&hellip;]\" \/>\n<meta property=\"og:url\" content=\"https:\/\/sindicatodosbancarios.org.br\/site2022\/2018\/08\/02\/informe-bancario-057-2018-bancos-enrolam-e-proposta-sera-apresentada-no-dia-07-08\/\" \/>\n<meta property=\"og:site_name\" content=\"Sindicato dos Banc\u00e1rios de S\u00e3o Bento do Sul e Regi\u00e3o\" \/>\n<meta property=\"article:author\" content=\"https:\/\/www.facebook.com\/seeb.sbs.9\" \/>\n<meta property=\"article:published_time\" content=\"2018-08-02T17:51:19+00:00\" \/>\n<meta property=\"og:image\" content=\"https:\/\/sindicatodosbancarios.org.br\/site2022\/wp-content\/uploads\/2018\/03\/imagens_16520131220530-informe-023.jpg\" \/>\n\t<meta property=\"og:image:width\" content=\"700\" \/>\n\t<meta property=\"og:image:height\" content=\"400\" \/>\n\t<meta property=\"og:image:type\" content=\"image\/jpeg\" \/>\n<meta name=\"author\" content=\"Sindicato dos Banc\u00e1rios S\u00e3o Bento do Sul e Regi\u00e3o\" \/>\n<meta name=\"twitter:card\" content=\"summary_large_image\" \/>\n<meta name=\"twitter:label1\" content=\"Escrito por\" \/>\n\t<meta name=\"twitter:data1\" content=\"Sindicato dos Banc\u00e1rios S\u00e3o Bento do Sul e Regi\u00e3o\" \/>\n\t<meta name=\"twitter:label2\" content=\"Est. tempo de leitura\" \/>\n\t<meta name=\"twitter:data2\" content=\"8 minutos\" \/>\n<script type=\"application\/ld+json\" class=\"yoast-schema-graph\">{\"@context\":\"https:\/\/schema.org\",\"@graph\":[{\"@type\":\"Article\",\"@id\":\"https:\/\/sindicatodosbancarios.org.br\/site2022\/2018\/08\/02\/informe-bancario-057-2018-bancos-enrolam-e-proposta-sera-apresentada-no-dia-07-08\/#article\",\"isPartOf\":{\"@id\":\"https:\/\/sindicatodosbancarios.org.br\/site2022\/2018\/08\/02\/informe-bancario-057-2018-bancos-enrolam-e-proposta-sera-apresentada-no-dia-07-08\/\"},\"author\":{\"name\":\"Sindicato dos Banc\u00e1rios S\u00e3o Bento do Sul e Regi\u00e3o\",\"@id\":\"https:\/\/sindicatodosbancarios.org.br\/site2022\/#\/schema\/person\/a7d92da77d1084df4d28b57962f1e1bd\"},\"headline\":\"INFORME BANC\u00c1RIO &#8211; 057 \/ 2018 &#8211; BANCOS ENROLAM E PROPOSTA SER\u00c1 APRESENTADA NO DIA 07\/08\",\"datePublished\":\"2018-08-02T17:51:19+00:00\",\"dateModified\":\"2018-08-02T17:51:19+00:00\",\"mainEntityOfPage\":{\"@id\":\"https:\/\/sindicatodosbancarios.org.br\/site2022\/2018\/08\/02\/informe-bancario-057-2018-bancos-enrolam-e-proposta-sera-apresentada-no-dia-07-08\/\"},\"wordCount\":1610,\"commentCount\":0,\"publisher\":{\"@id\":\"https:\/\/sindicatodosbancarios.org.br\/site2022\/#organization\"},\"articleSection\":[\"Geral\"],\"inLanguage\":\"pt-BR\",\"potentialAction\":[{\"@type\":\"CommentAction\",\"name\":\"Comment\",\"target\":[\"https:\/\/sindicatodosbancarios.org.br\/site2022\/2018\/08\/02\/informe-bancario-057-2018-bancos-enrolam-e-proposta-sera-apresentada-no-dia-07-08\/#respond\"]}]},{\"@type\":\"WebPage\",\"@id\":\"https:\/\/sindicatodosbancarios.org.br\/site2022\/2018\/08\/02\/informe-bancario-057-2018-bancos-enrolam-e-proposta-sera-apresentada-no-dia-07-08\/\",\"url\":\"https:\/\/sindicatodosbancarios.org.br\/site2022\/2018\/08\/02\/informe-bancario-057-2018-bancos-enrolam-e-proposta-sera-apresentada-no-dia-07-08\/\",\"name\":\"INFORME BANC\u00c1RIO - 057 \/ 2018 - BANCOS ENROLAM E PROPOSTA SER\u00c1 APRESENTADA NO DIA 07\/08 - Sindicato dos Banc\u00e1rios de S\u00e3o Bento do Sul e Regi\u00e3o\",\"isPartOf\":{\"@id\":\"https:\/\/sindicatodosbancarios.org.br\/site2022\/#website\"},\"datePublished\":\"2018-08-02T17:51:19+00:00\",\"dateModified\":\"2018-08-02T17:51:19+00:00\",\"breadcrumb\":{\"@id\":\"https:\/\/sindicatodosbancarios.org.br\/site2022\/2018\/08\/02\/informe-bancario-057-2018-bancos-enrolam-e-proposta-sera-apresentada-no-dia-07-08\/#breadcrumb\"},\"inLanguage\":\"pt-BR\",\"potentialAction\":[{\"@type\":\"ReadAction\",\"target\":[\"https:\/\/sindicatodosbancarios.org.br\/site2022\/2018\/08\/02\/informe-bancario-057-2018-bancos-enrolam-e-proposta-sera-apresentada-no-dia-07-08\/\"]}]},{\"@type\":\"BreadcrumbList\",\"@id\":\"https:\/\/sindicatodosbancarios.org.br\/site2022\/2018\/08\/02\/informe-bancario-057-2018-bancos-enrolam-e-proposta-sera-apresentada-no-dia-07-08\/#breadcrumb\",\"itemListElement\":[{\"@type\":\"ListItem\",\"position\":1,\"name\":\"In\u00edcio\",\"item\":\"https:\/\/sindicatodosbancarios.org.br\/site2022\/\"},{\"@type\":\"ListItem\",\"position\":2,\"name\":\"INFORME BANC\u00c1RIO &#8211; 057 \/ 2018 &#8211; BANCOS ENROLAM E PROPOSTA SER\u00c1 APRESENTADA NO DIA 07\/08\"}]},{\"@type\":\"WebSite\",\"@id\":\"https:\/\/sindicatodosbancarios.org.br\/site2022\/#website\",\"url\":\"https:\/\/sindicatodosbancarios.org.br\/site2022\/\",\"name\":\"Sindicato dos Banc\u00e1rios de S\u00e3o Bento do Sul e Regi\u00e3o\",\"description\":\"Website institucional do Sindicato dos Banc\u00e1rios de S\u00e3o Bento do Sul e Regi\u00e3o\",\"publisher\":{\"@id\":\"https:\/\/sindicatodosbancarios.org.br\/site2022\/#organization\"},\"potentialAction\":[{\"@type\":\"SearchAction\",\"target\":{\"@type\":\"EntryPoint\",\"urlTemplate\":\"https:\/\/sindicatodosbancarios.org.br\/site2022\/?s={search_term_string}\"},\"query-input\":\"required name=search_term_string\"}],\"inLanguage\":\"pt-BR\"},{\"@type\":\"Organization\",\"@id\":\"https:\/\/sindicatodosbancarios.org.br\/site2022\/#organization\",\"name\":\"Sindicato dos Banc\u00e1rios de S\u00e3o Bento do Sul e Regi\u00e3o\",\"url\":\"https:\/\/sindicatodosbancarios.org.br\/site2022\/\",\"logo\":{\"@type\":\"ImageObject\",\"inLanguage\":\"pt-BR\",\"@id\":\"https:\/\/sindicatodosbancarios.org.br\/site2022\/#\/schema\/logo\/image\/\",\"url\":\"https:\/\/sindicatodosbancarios.org.br\/site2022\/wp-content\/uploads\/2017\/06\/cropped-logo-2.png\",\"contentUrl\":\"https:\/\/sindicatodosbancarios.org.br\/site2022\/wp-content\/uploads\/2017\/06\/cropped-logo-2.png\",\"width\":292,\"height\":292,\"caption\":\"Sindicato dos Banc\u00e1rios de S\u00e3o Bento do Sul e Regi\u00e3o\"},\"image\":{\"@id\":\"https:\/\/sindicatodosbancarios.org.br\/site2022\/#\/schema\/logo\/image\/\"}},{\"@type\":\"Person\",\"@id\":\"https:\/\/sindicatodosbancarios.org.br\/site2022\/#\/schema\/person\/a7d92da77d1084df4d28b57962f1e1bd\",\"name\":\"Sindicato dos Banc\u00e1rios S\u00e3o Bento do Sul e Regi\u00e3o\",\"image\":{\"@type\":\"ImageObject\",\"inLanguage\":\"pt-BR\",\"@id\":\"https:\/\/sindicatodosbancarios.org.br\/site2022\/#\/schema\/person\/image\/\",\"url\":\"https:\/\/secure.gravatar.com\/avatar\/f1d1a06f698f2345352e539387180d42?s=96&d=mm&r=g\",\"contentUrl\":\"https:\/\/secure.gravatar.com\/avatar\/f1d1a06f698f2345352e539387180d42?s=96&d=mm&r=g\",\"caption\":\"Sindicato dos Banc\u00e1rios S\u00e3o Bento do Sul e Regi\u00e3o\"},\"sameAs\":[\"http:\/\/sindicatodosbancarios.org.br\/site2022\/\",\"https:\/\/www.facebook.com\/seeb.sbs.9\"],\"url\":\"https:\/\/sindicatodosbancarios.org.br\/site2022\/author\/sindicatodosbancarios\/\"}]}<\/script>\n<!-- \/ Yoast SEO plugin. -->","yoast_head_json":{"title":"INFORME BANC\u00c1RIO - 057 \/ 2018 - BANCOS ENROLAM E PROPOSTA SER\u00c1 APRESENTADA NO DIA 07\/08 - Sindicato dos Banc\u00e1rios de S\u00e3o Bento do Sul e Regi\u00e3o","robots":{"index":"index","follow":"follow","max-snippet":"max-snippet:-1","max-image-preview":"max-image-preview:large","max-video-preview":"max-video-preview:-1"},"canonical":"https:\/\/sindicatodosbancarios.org.br\/site2022\/2018\/08\/02\/informe-bancario-057-2018-bancos-enrolam-e-proposta-sera-apresentada-no-dia-07-08\/","og_locale":"pt_BR","og_type":"article","og_title":"INFORME BANC\u00c1RIO - 057 \/ 2018 - BANCOS ENROLAM E PROPOSTA SER\u00c1 APRESENTADA NO DIA 07\/08 - Sindicato dos Banc\u00e1rios de S\u00e3o Bento do Sul e Regi\u00e3o","og_description":"Comando dos Banc\u00e1rios protestou e avisou que n\u00e3o pode haver furo: no dia 8 trabalhadores estar\u00e3o reunidos em [&hellip;]","og_url":"https:\/\/sindicatodosbancarios.org.br\/site2022\/2018\/08\/02\/informe-bancario-057-2018-bancos-enrolam-e-proposta-sera-apresentada-no-dia-07-08\/","og_site_name":"Sindicato dos Banc\u00e1rios de S\u00e3o Bento do Sul e Regi\u00e3o","article_author":"https:\/\/www.facebook.com\/seeb.sbs.9","article_published_time":"2018-08-02T17:51:19+00:00","og_image":[{"width":700,"height":400,"url":"https:\/\/sindicatodosbancarios.org.br\/site2022\/wp-content\/uploads\/2018\/03\/imagens_16520131220530-informe-023.jpg","type":"image\/jpeg"}],"author":"Sindicato dos Banc\u00e1rios S\u00e3o Bento do Sul e Regi\u00e3o","twitter_card":"summary_large_image","twitter_misc":{"Escrito por":"Sindicato dos Banc\u00e1rios S\u00e3o Bento do Sul e Regi\u00e3o","Est. tempo de leitura":"8 minutos"},"schema":{"@context":"https:\/\/schema.org","@graph":[{"@type":"Article","@id":"https:\/\/sindicatodosbancarios.org.br\/site2022\/2018\/08\/02\/informe-bancario-057-2018-bancos-enrolam-e-proposta-sera-apresentada-no-dia-07-08\/#article","isPartOf":{"@id":"https:\/\/sindicatodosbancarios.org.br\/site2022\/2018\/08\/02\/informe-bancario-057-2018-bancos-enrolam-e-proposta-sera-apresentada-no-dia-07-08\/"},"author":{"name":"Sindicato dos Banc\u00e1rios S\u00e3o Bento do Sul e Regi\u00e3o","@id":"https:\/\/sindicatodosbancarios.org.br\/site2022\/#\/schema\/person\/a7d92da77d1084df4d28b57962f1e1bd"},"headline":"INFORME BANC\u00c1RIO &#8211; 057 \/ 2018 &#8211; BANCOS ENROLAM E PROPOSTA SER\u00c1 APRESENTADA NO DIA 07\/08","datePublished":"2018-08-02T17:51:19+00:00","dateModified":"2018-08-02T17:51:19+00:00","mainEntityOfPage":{"@id":"https:\/\/sindicatodosbancarios.org.br\/site2022\/2018\/08\/02\/informe-bancario-057-2018-bancos-enrolam-e-proposta-sera-apresentada-no-dia-07-08\/"},"wordCount":1610,"commentCount":0,"publisher":{"@id":"https:\/\/sindicatodosbancarios.org.br\/site2022\/#organization"},"articleSection":["Geral"],"inLanguage":"pt-BR","potentialAction":[{"@type":"CommentAction","name":"Comment","target":["https:\/\/sindicatodosbancarios.org.br\/site2022\/2018\/08\/02\/informe-bancario-057-2018-bancos-enrolam-e-proposta-sera-apresentada-no-dia-07-08\/#respond"]}]},{"@type":"WebPage","@id":"https:\/\/sindicatodosbancarios.org.br\/site2022\/2018\/08\/02\/informe-bancario-057-2018-bancos-enrolam-e-proposta-sera-apresentada-no-dia-07-08\/","url":"https:\/\/sindicatodosbancarios.org.br\/site2022\/2018\/08\/02\/informe-bancario-057-2018-bancos-enrolam-e-proposta-sera-apresentada-no-dia-07-08\/","name":"INFORME BANC\u00c1RIO - 057 \/ 2018 - BANCOS ENROLAM E PROPOSTA SER\u00c1 APRESENTADA NO DIA 07\/08 - Sindicato dos Banc\u00e1rios de S\u00e3o Bento do Sul e Regi\u00e3o","isPartOf":{"@id":"https:\/\/sindicatodosbancarios.org.br\/site2022\/#website"},"datePublished":"2018-08-02T17:51:19+00:00","dateModified":"2018-08-02T17:51:19+00:00","breadcrumb":{"@id":"https:\/\/sindicatodosbancarios.org.br\/site2022\/2018\/08\/02\/informe-bancario-057-2018-bancos-enrolam-e-proposta-sera-apresentada-no-dia-07-08\/#breadcrumb"},"inLanguage":"pt-BR","potentialAction":[{"@type":"ReadAction","target":["https:\/\/sindicatodosbancarios.org.br\/site2022\/2018\/08\/02\/informe-bancario-057-2018-bancos-enrolam-e-proposta-sera-apresentada-no-dia-07-08\/"]}]},{"@type":"BreadcrumbList","@id":"https:\/\/sindicatodosbancarios.org.br\/site2022\/2018\/08\/02\/informe-bancario-057-2018-bancos-enrolam-e-proposta-sera-apresentada-no-dia-07-08\/#breadcrumb","itemListElement":[{"@type":"ListItem","position":1,"name":"In\u00edcio","item":"https:\/\/sindicatodosbancarios.org.br\/site2022\/"},{"@type":"ListItem","position":2,"name":"INFORME BANC\u00c1RIO &#8211; 057 \/ 2018 &#8211; BANCOS ENROLAM E PROPOSTA SER\u00c1 APRESENTADA NO DIA 07\/08"}]},{"@type":"WebSite","@id":"https:\/\/sindicatodosbancarios.org.br\/site2022\/#website","url":"https:\/\/sindicatodosbancarios.org.br\/site2022\/","name":"Sindicato dos Banc\u00e1rios de S\u00e3o Bento do Sul e Regi\u00e3o","description":"Website institucional do Sindicato dos Banc\u00e1rios de S\u00e3o Bento do Sul e Regi\u00e3o","publisher":{"@id":"https:\/\/sindicatodosbancarios.org.br\/site2022\/#organization"},"potentialAction":[{"@type":"SearchAction","target":{"@type":"EntryPoint","urlTemplate":"https:\/\/sindicatodosbancarios.org.br\/site2022\/?s={search_term_string}"},"query-input":"required name=search_term_string"}],"inLanguage":"pt-BR"},{"@type":"Organization","@id":"https:\/\/sindicatodosbancarios.org.br\/site2022\/#organization","name":"Sindicato dos Banc\u00e1rios de S\u00e3o Bento do Sul e Regi\u00e3o","url":"https:\/\/sindicatodosbancarios.org.br\/site2022\/","logo":{"@type":"ImageObject","inLanguage":"pt-BR","@id":"https:\/\/sindicatodosbancarios.org.br\/site2022\/#\/schema\/logo\/image\/","url":"https:\/\/sindicatodosbancarios.org.br\/site2022\/wp-content\/uploads\/2017\/06\/cropped-logo-2.png","contentUrl":"https:\/\/sindicatodosbancarios.org.br\/site2022\/wp-content\/uploads\/2017\/06\/cropped-logo-2.png","width":292,"height":292,"caption":"Sindicato dos Banc\u00e1rios de S\u00e3o Bento do Sul e Regi\u00e3o"},"image":{"@id":"https:\/\/sindicatodosbancarios.org.br\/site2022\/#\/schema\/logo\/image\/"}},{"@type":"Person","@id":"https:\/\/sindicatodosbancarios.org.br\/site2022\/#\/schema\/person\/a7d92da77d1084df4d28b57962f1e1bd","name":"Sindicato dos Banc\u00e1rios S\u00e3o Bento do Sul e Regi\u00e3o","image":{"@type":"ImageObject","inLanguage":"pt-BR","@id":"https:\/\/sindicatodosbancarios.org.br\/site2022\/#\/schema\/person\/image\/","url":"https:\/\/secure.gravatar.com\/avatar\/f1d1a06f698f2345352e539387180d42?s=96&d=mm&r=g","contentUrl":"https:\/\/secure.gravatar.com\/avatar\/f1d1a06f698f2345352e539387180d42?s=96&d=mm&r=g","caption":"Sindicato dos Banc\u00e1rios S\u00e3o Bento do Sul e Regi\u00e3o"},"sameAs":["http:\/\/sindicatodosbancarios.org.br\/site2022\/","https:\/\/www.facebook.com\/seeb.sbs.9"],"url":"https:\/\/sindicatodosbancarios.org.br\/site2022\/author\/sindicatodosbancarios\/"}]}},"jetpack_featured_media_url":"https:\/\/sindicatodosbancarios.org.br\/site2022\/wp-content\/uploads\/2018\/03\/imagens_16520131220530-informe-023.jpg","jetpack_sharing_enabled":true,"jetpack_shortlink":"https:\/\/wp.me\/p8RSbI-Gg","jetpack-related-posts":[{"id":4377,"url":"https:\/\/sindicatodosbancarios.org.br\/site2022\/2020\/08\/29\/informe-bancario-320-2020-proposta-avanca-reajuste-de-15-com-abono-de-r-2-mil\/","url_meta":{"origin":2620,"position":0},"title":"INFORME BANC\u00c1RIO \u2013 320\/2020 PROPOSTA AVAN\u00c7A: REAJUSTE DE 1,5% COM ABONO DE R$ 2 MIL","date":"29 de agosto de 2020","format":false,"excerpt":"FENABAN garante tamb\u00e9m, para 2021, reposi\u00e7\u00e3o da infla\u00e7\u00e3o mais aumento real de 0,5% para sal\u00e1rios e demais verbas; al\u00e9m da manuten\u00e7\u00e3o de todas as Cl\u00e1usula da CCT por Dois (02) anos e da PLR nos moldes atuais, com reposi\u00e7\u00e3o da infla\u00e7\u00e3o nos valores fixos e tetos. Os Bancos, que em\u2026","rel":"","context":"Em &quot;Banco do Brasil&quot;","img":{"alt_text":"","src":"https:\/\/i0.wp.com\/spbancarios.com.br\/sites\/default\/files\/images\/tabela%20salarios.jpeg?resize=350%2C200&ssl=1","width":350,"height":200},"classes":[]},{"id":4375,"url":"https:\/\/sindicatodosbancarios.org.br\/site2022\/2020\/08\/29\/informe-bancario-319-2020-resultado-reuniao-bb-28-08-20-bb-recua-na-retirada-de-direitos\/","url_meta":{"origin":2620,"position":1},"title":"INFORME BANC\u00c1RIO \u2013 319\/2020 RESULTADO REUNI\u00c3O BB 28\/08\/20 \u2013 BB RECUA NA RETIRADA DE DIREITOS","date":"29 de agosto de 2020","format":false,"excerpt":"Press\u00e3o do Movimento Sindical Banc\u00e1rio e Mobiliza\u00e7\u00e3o dos Banc\u00e1rios fez Dire\u00e7\u00e3o do BB voltar atr\u00e1s na redu\u00e7\u00e3o do valor da PLR e na mudan\u00e7a dos ciclos avaliat\u00f3rios para descomissionamento na GDP; Comando Nacional dos Banc\u00e1rios indica aprova\u00e7\u00e3o da proposta. Com a participa\u00e7\u00e3o de representantes das Federa\u00e7\u00f5es filiadas, ocasi\u00e3o em que\u2026","rel":"","context":"Em &quot;Banco do Brasil&quot;","img":{"alt_text":"","src":"https:\/\/i0.wp.com\/sindicatodosbancarios.org.br\/site2022\/wp-content\/uploads\/2020\/08\/concurso-pu\u0301blico-bb-cursodememorizac\u0327a\u0303o-2.jpg?resize=350%2C200&ssl=1","width":350,"height":200},"classes":[]},{"id":4369,"url":"https:\/\/sindicatodosbancarios.org.br\/site2022\/2020\/08\/28\/informe-bancario-318-2020-resultado-reuniao-cef-de-27-08-20-campanha-salarial-dos-bancarios-2020\/","url_meta":{"origin":2620,"position":2},"title":"INFORME BANC\u00c1RIO \u2013 318\/2020 RESULTADO REUNI\u00c3O CEF DE 27\/08\/20 &#8211; CAMPANHA SALARIAL DOS BANC\u00c1RIOS 2020","date":"28 de agosto de 2020","format":false,"excerpt":"Banco garantiu propor\u00e7\u00e3o 70\/30 no modelo de custeio do Sa\u00fade Caixa at\u00e9 outubro de 2021 e inclus\u00e3o de novos contratados, mas individualiza mensalidade e teto de coparticipa\u00e7\u00e3o, al\u00e9m de n\u00e3o apresentar proposta de PLR Social e demais cl\u00e1usulas sociais;\u00a0Nova negocia\u00e7\u00e3o acontece nesta sexta 28, \u00e0s 10h. Os empregados da Caixa\u2026","rel":"","context":"Em &quot;Caixa Econ\u00f4mica Federal&quot;","img":{"alt_text":"","src":"https:\/\/i0.wp.com\/sindicatodosbancarios.org.br\/site2022\/wp-content\/uploads\/2020\/06\/69k7312phlkcv3tvs4wgnt66p.jpg?resize=350%2C200&ssl=1","width":350,"height":200},"classes":[]},{"id":4289,"url":"https:\/\/sindicatodosbancarios.org.br\/site2022\/2020\/08\/18\/informe-bancario-299-2020-resultado-reuniao-bb-de-17-08-20-campanha-salarial-dos-bancarios-2020\/","url_meta":{"origin":2620,"position":3},"title":"INFORME BANC\u00c1RIO \u2013 299\/2020 RESULTADO REUNI\u00c3O BB DE 17\/08\/20 &#8211; CAMPANHA SALARIAL DOS BANC\u00c1RIOS 2020","date":"18 de agosto de 2020","format":false,"excerpt":"A Dire\u00e7\u00e3o do Banco do Brasil prop\u00f4s a retirada de uma s\u00e9rie de direitos atualmente clausulados no Acordo Coletivo de Trabalho (Acordo Espec\u00edfico) dos Funcion\u00e1rios da Empresa P\u00fablica, durante a quarta rodada de negocia\u00e7\u00e3o entre o Movimento Sindical e os e Representantes do Banco. O tema da rodada de negocia\u00e7\u00e3o,\u2026","rel":"","context":"Em &quot;Banco do Brasil&quot;","img":{"alt_text":"","src":"https:\/\/i0.wp.com\/sindicatodosbancarios.org.br\/site2022\/wp-content\/uploads\/2020\/08\/concurso-pu\u0301blico-bb-cursodememorizac\u0327a\u0303o-2.jpg?resize=350%2C200&ssl=1","width":350,"height":200},"classes":[]},{"id":4348,"url":"https:\/\/sindicatodosbancarios.org.br\/site2022\/2020\/08\/27\/informe-bancario-317-2020-campanha-salarial-dos-bancarios-2020-12a-reuniao-da-fenaban\/","url_meta":{"origin":2620,"position":4},"title":"INFORME BANC\u00c1RIO \u2013 317\/2020 CAMPANHA SALARIAL DOS BANC\u00c1RIOS 2020 \u2013 12\u00aa Reuni\u00e3o da Fenaban","date":"27 de agosto de 2020","format":false,"excerpt":"A\u00a0Comiss\u00e3o Executiva Banc\u00e1ria Nacional\u00a0de Negocia\u00e7\u00e3o \u2013 CEBNN\/CONTEC\u00a0voltou a se reunir,\u00a0a\u00a0partir\u00a0das 14h30,\u00a0desta\u00a0quarta-feira\u00a0(26\/08)\u00a0\u2013\u00a0via remota\/virtual \u2013,\u00a0com\u00a0a\u00a0Comiss\u00e3o de Negocia\u00e7\u00e3o da\u00a0FENABAN,\u00a0para\u00a0dar continuidade aos debates das\u00a0reivindica\u00e7\u00f5es dos\u00a0banc\u00e1rios\u00a0para a presente data-base,\u00a0reiterando o pedido de\u00a0manuten\u00e7\u00e3o dos\u00a0direitos\u00a0garantidos pela\u00a0Conven\u00e7\u00e3o\u00a0Coletiva de\u00a0Trabalho\u00a0vigente e buscando acrescer outros\u00a0benef\u00edcios, para\u00a0melhorar a\u00a0qualidade de vida\u00a0dos\u00a0banc\u00e1rios\u00a0e\u00a0o\u00a0atendimento da sociedade. Ap\u00f3s exaustivo debate pelas partes, a reuni\u00e3o de hoje terminou\u2026","rel":"","context":"Em &quot;Banco do Brasil&quot;","img":{"alt_text":"","src":"https:\/\/i0.wp.com\/sindicatodosbancarios.org.br\/site2022\/wp-content\/uploads\/2020\/08\/04f6a3cb0c372e08c33568a3fe46733d-2.jpeg?resize=350%2C200&ssl=1","width":350,"height":200},"classes":[]},{"id":4802,"url":"https:\/\/sindicatodosbancarios.org.br\/site2022\/2020\/11\/18\/informe-bancario-438-2020-funcionarios-exigem-melhorias-na-proposta-do-acordo-de-teletrabalho-do-bb\/","url_meta":{"origin":2620,"position":5},"title":"INFORME BANC\u00c1RIO \u2013 438\/2020 FUNCION\u00c1RIOS EXIGEM MELHORIAS NA PROPOSTA DO ACORDO DE TELETRABALHO DO BB","date":"18 de novembro de 2020","format":false,"excerpt":"Representa\u00e7\u00e3o dos trabalhadores avalia como insuficiente a proposta apresentada pelo Banco e reivindica que ajuda de custo seja paga a partir de janeiro. A Confedera\u00e7\u00e3o Nacional dos Trabalhadores do Ramo Financeiro, por meio da Comiss\u00e3o de Empresa dos Funcion\u00e1rios do Banco do Brasil (CEBB), reivindica melhorias na proposta apresentada pelo\u2026","rel":"","context":"Em &quot;Geral&quot;","img":{"alt_text":"","src":"https:\/\/i0.wp.com\/sindicatodosbancarios.org.br\/site2022\/wp-content\/uploads\/2020\/11\/banner-teletrabalho.jpg?resize=350%2C200&ssl=1","width":350,"height":200},"classes":[]}],"_links":{"self":[{"href":"https:\/\/sindicatodosbancarios.org.br\/site2022\/wp-json\/wp\/v2\/posts\/2620"}],"collection":[{"href":"https:\/\/sindicatodosbancarios.org.br\/site2022\/wp-json\/wp\/v2\/posts"}],"about":[{"href":"https:\/\/sindicatodosbancarios.org.br\/site2022\/wp-json\/wp\/v2\/types\/post"}],"author":[{"embeddable":true,"href":"https:\/\/sindicatodosbancarios.org.br\/site2022\/wp-json\/wp\/v2\/users\/2"}],"replies":[{"embeddable":true,"href":"https:\/\/sindicatodosbancarios.org.br\/site2022\/wp-json\/wp\/v2\/comments?post=2620"}],"version-history":[{"count":1,"href":"https:\/\/sindicatodosbancarios.org.br\/site2022\/wp-json\/wp\/v2\/posts\/2620\/revisions"}],"predecessor-version":[{"id":2621,"href":"https:\/\/sindicatodosbancarios.org.br\/site2022\/wp-json\/wp\/v2\/posts\/2620\/revisions\/2621"}],"wp:featuredmedia":[{"embeddable":true,"href":"https:\/\/sindicatodosbancarios.org.br\/site2022\/wp-json\/wp\/v2\/media\/2469"}],"wp:attachment":[{"href":"https:\/\/sindicatodosbancarios.org.br\/site2022\/wp-json\/wp\/v2\/media?parent=2620"}],"wp:term":[{"taxonomy":"category","embeddable":true,"href":"https:\/\/sindicatodosbancarios.org.br\/site2022\/wp-json\/wp\/v2\/categories?post=2620"},{"taxonomy":"post_tag","embeddable":true,"href":"https:\/\/sindicatodosbancarios.org.br\/site2022\/wp-json\/wp\/v2\/tags?post=2620"}],"curies":[{"name":"wp","href":"https:\/\/api.w.org\/{rel}","templated":true}]}}