{"id":2635,"date":"2018-08-17T17:17:08","date_gmt":"2018-08-17T20:17:08","guid":{"rendered":"https:\/\/sindicatodosbancarios.org.br\/?p=2635"},"modified":"2018-08-17T17:17:08","modified_gmt":"2018-08-17T20:17:08","slug":"informe-bancario-063-2018-campanha-salarial-2018-2019-negociacao-sera-retomada-na-terca-feira-21","status":"publish","type":"post","link":"https:\/\/sindicatodosbancarios.org.br\/site2022\/2018\/08\/17\/informe-bancario-063-2018-campanha-salarial-2018-2019-negociacao-sera-retomada-na-terca-feira-21\/","title":{"rendered":"INFORME BANC\u00c1RIO &#8211; 063 \/ 2018 &#8211; CAMPANHA SALARIAL &#8211; 2018 \/ 2019 &#8211; NEGOCIA\u00c7\u00c3O SER\u00c1 RETOMADA NA TER\u00c7A-FEIRA 21"},"content":{"rendered":"<p>A Federa\u00e7\u00e3o Nacional dos Bancos (FENABAN) n\u00e3o trouxe nada para a rodada de negocia\u00e7\u00e3o com a CNBB\/CONTEC, realizada na data de hoje (17\/08).<\/p>\n<p>A FENABAN reiterou que quer construir o Acordo em Mesa de Negocia\u00e7\u00e3o. Para viabilizar esta inten\u00e7\u00e3o marcou nova rodada de negocia\u00e7\u00e3o para o dia 21\/08, \u00e0s 10h00, para debater a reda\u00e7\u00e3o das cl\u00e1usulas da CCT, e se poss\u00edvel apresentar proposta global das cl\u00e1usulas, com apresenta\u00e7\u00e3o simult\u00e2nea para as duas mesas \u00e0s 17h00.<\/p>\n<p>Na sequ\u00eancia da reuni\u00e3o com a FENABAN, re\u00fanem-se a mesa do Banco do Brasil e Caixa Econ\u00f4mica Federal.<\/p>\n<p>FONTE: JULCEMAR \u2013 REPRES. SC \/ MESA DE NEGOCIA\u00c7\u00c3O &#8211;<\/p>\n<p>Acesse o site: sindicatodosbancarios.org.br<\/p>\n<p>&nbsp;<\/p>\n","protected":false},"excerpt":{"rendered":"<p>A Federa\u00e7\u00e3o Nacional dos Bancos (FENABAN) n\u00e3o trouxe nada para a rodada de negocia\u00e7\u00e3o com a CNBB\/CONTEC, realizada [&hellip;]<\/p>\n","protected":false},"author":2,"featured_media":2473,"comment_status":"open","ping_status":"open","sticky":false,"template":"","format":"standard","meta":{"jetpack_post_was_ever_published":false,"jetpack_publicize_message":"","jetpack_is_tweetstorm":false,"jetpack_publicize_feature_enabled":true,"jetpack_social_post_already_shared":true,"jetpack_social_options":[]},"categories":[1],"tags":[],"jetpack_publicize_connections":[],"acf":[],"yoast_head":"<!-- This site is optimized with the Yoast SEO plugin v19.14 - https:\/\/yoast.com\/wordpress\/plugins\/seo\/ -->\n<title>INFORME BANC\u00c1RIO - 063 \/ 2018 - CAMPANHA SALARIAL - 2018 \/ 2019 - NEGOCIA\u00c7\u00c3O SER\u00c1 RETOMADA NA TER\u00c7A-FEIRA 21 - Sindicato dos Banc\u00e1rios de S\u00e3o Bento do Sul e Regi\u00e3o<\/title>\n<meta name=\"robots\" content=\"index, follow, max-snippet:-1, max-image-preview:large, max-video-preview:-1\" \/>\n<link rel=\"canonical\" href=\"https:\/\/sindicatodosbancarios.org.br\/site2022\/2018\/08\/17\/informe-bancario-063-2018-campanha-salarial-2018-2019-negociacao-sera-retomada-na-terca-feira-21\/\" \/>\n<meta property=\"og:locale\" content=\"pt_BR\" \/>\n<meta property=\"og:type\" content=\"article\" \/>\n<meta property=\"og:title\" content=\"INFORME BANC\u00c1RIO - 063 \/ 2018 - CAMPANHA SALARIAL - 2018 \/ 2019 - NEGOCIA\u00c7\u00c3O SER\u00c1 RETOMADA NA TER\u00c7A-FEIRA 21 - Sindicato dos Banc\u00e1rios de S\u00e3o Bento do Sul e Regi\u00e3o\" \/>\n<meta property=\"og:description\" content=\"A Federa\u00e7\u00e3o Nacional dos Bancos (FENABAN) n\u00e3o trouxe nada para a rodada de negocia\u00e7\u00e3o com a CNBB\/CONTEC, realizada [&hellip;]\" \/>\n<meta property=\"og:url\" content=\"https:\/\/sindicatodosbancarios.org.br\/site2022\/2018\/08\/17\/informe-bancario-063-2018-campanha-salarial-2018-2019-negociacao-sera-retomada-na-terca-feira-21\/\" \/>\n<meta property=\"og:site_name\" content=\"Sindicato dos Banc\u00e1rios de S\u00e3o Bento do Sul e Regi\u00e3o\" \/>\n<meta property=\"article:author\" content=\"https:\/\/www.facebook.com\/seeb.sbs.9\" \/>\n<meta property=\"article:published_time\" content=\"2018-08-17T20:17:08+00:00\" \/>\n<meta property=\"og:image\" content=\"https:\/\/sindicatodosbancarios.org.br\/site2022\/wp-content\/uploads\/2018\/04\/24-2018.png\" \/>\n\t<meta property=\"og:image:width\" content=\"259\" \/>\n\t<meta property=\"og:image:height\" content=\"194\" \/>\n\t<meta property=\"og:image:type\" content=\"image\/png\" \/>\n<meta name=\"author\" content=\"Sindicato dos Banc\u00e1rios S\u00e3o Bento do Sul e Regi\u00e3o\" \/>\n<meta name=\"twitter:card\" content=\"summary_large_image\" \/>\n<meta name=\"twitter:label1\" content=\"Escrito por\" \/>\n\t<meta name=\"twitter:data1\" content=\"Sindicato dos Banc\u00e1rios S\u00e3o Bento do Sul e Regi\u00e3o\" \/>\n\t<meta name=\"twitter:label2\" content=\"Est. tempo de leitura\" \/>\n\t<meta name=\"twitter:data2\" content=\"1 minuto\" \/>\n<script type=\"application\/ld+json\" class=\"yoast-schema-graph\">{\"@context\":\"https:\/\/schema.org\",\"@graph\":[{\"@type\":\"Article\",\"@id\":\"https:\/\/sindicatodosbancarios.org.br\/site2022\/2018\/08\/17\/informe-bancario-063-2018-campanha-salarial-2018-2019-negociacao-sera-retomada-na-terca-feira-21\/#article\",\"isPartOf\":{\"@id\":\"https:\/\/sindicatodosbancarios.org.br\/site2022\/2018\/08\/17\/informe-bancario-063-2018-campanha-salarial-2018-2019-negociacao-sera-retomada-na-terca-feira-21\/\"},\"author\":{\"name\":\"Sindicato dos Banc\u00e1rios S\u00e3o Bento do Sul e Regi\u00e3o\",\"@id\":\"https:\/\/sindicatodosbancarios.org.br\/site2022\/#\/schema\/person\/a7d92da77d1084df4d28b57962f1e1bd\"},\"headline\":\"INFORME BANC\u00c1RIO &#8211; 063 \/ 2018 &#8211; CAMPANHA SALARIAL &#8211; 2018 \/ 2019 &#8211; NEGOCIA\u00c7\u00c3O SER\u00c1 RETOMADA NA TER\u00c7A-FEIRA 21\",\"datePublished\":\"2018-08-17T20:17:08+00:00\",\"dateModified\":\"2018-08-17T20:17:08+00:00\",\"mainEntityOfPage\":{\"@id\":\"https:\/\/sindicatodosbancarios.org.br\/site2022\/2018\/08\/17\/informe-bancario-063-2018-campanha-salarial-2018-2019-negociacao-sera-retomada-na-terca-feira-21\/\"},\"wordCount\":140,\"commentCount\":0,\"publisher\":{\"@id\":\"https:\/\/sindicatodosbancarios.org.br\/site2022\/#organization\"},\"articleSection\":[\"Geral\"],\"inLanguage\":\"pt-BR\",\"potentialAction\":[{\"@type\":\"CommentAction\",\"name\":\"Comment\",\"target\":[\"https:\/\/sindicatodosbancarios.org.br\/site2022\/2018\/08\/17\/informe-bancario-063-2018-campanha-salarial-2018-2019-negociacao-sera-retomada-na-terca-feira-21\/#respond\"]}]},{\"@type\":\"WebPage\",\"@id\":\"https:\/\/sindicatodosbancarios.org.br\/site2022\/2018\/08\/17\/informe-bancario-063-2018-campanha-salarial-2018-2019-negociacao-sera-retomada-na-terca-feira-21\/\",\"url\":\"https:\/\/sindicatodosbancarios.org.br\/site2022\/2018\/08\/17\/informe-bancario-063-2018-campanha-salarial-2018-2019-negociacao-sera-retomada-na-terca-feira-21\/\",\"name\":\"INFORME BANC\u00c1RIO - 063 \/ 2018 - CAMPANHA SALARIAL - 2018 \/ 2019 - NEGOCIA\u00c7\u00c3O SER\u00c1 RETOMADA NA TER\u00c7A-FEIRA 21 - Sindicato dos Banc\u00e1rios de S\u00e3o Bento do Sul e Regi\u00e3o\",\"isPartOf\":{\"@id\":\"https:\/\/sindicatodosbancarios.org.br\/site2022\/#website\"},\"datePublished\":\"2018-08-17T20:17:08+00:00\",\"dateModified\":\"2018-08-17T20:17:08+00:00\",\"breadcrumb\":{\"@id\":\"https:\/\/sindicatodosbancarios.org.br\/site2022\/2018\/08\/17\/informe-bancario-063-2018-campanha-salarial-2018-2019-negociacao-sera-retomada-na-terca-feira-21\/#breadcrumb\"},\"inLanguage\":\"pt-BR\",\"potentialAction\":[{\"@type\":\"ReadAction\",\"target\":[\"https:\/\/sindicatodosbancarios.org.br\/site2022\/2018\/08\/17\/informe-bancario-063-2018-campanha-salarial-2018-2019-negociacao-sera-retomada-na-terca-feira-21\/\"]}]},{\"@type\":\"BreadcrumbList\",\"@id\":\"https:\/\/sindicatodosbancarios.org.br\/site2022\/2018\/08\/17\/informe-bancario-063-2018-campanha-salarial-2018-2019-negociacao-sera-retomada-na-terca-feira-21\/#breadcrumb\",\"itemListElement\":[{\"@type\":\"ListItem\",\"position\":1,\"name\":\"In\u00edcio\",\"item\":\"https:\/\/sindicatodosbancarios.org.br\/site2022\/\"},{\"@type\":\"ListItem\",\"position\":2,\"name\":\"INFORME BANC\u00c1RIO &#8211; 063 \/ 2018 &#8211; CAMPANHA SALARIAL &#8211; 2018 \/ 2019 &#8211; NEGOCIA\u00c7\u00c3O SER\u00c1 RETOMADA NA TER\u00c7A-FEIRA 21\"}]},{\"@type\":\"WebSite\",\"@id\":\"https:\/\/sindicatodosbancarios.org.br\/site2022\/#website\",\"url\":\"https:\/\/sindicatodosbancarios.org.br\/site2022\/\",\"name\":\"Sindicato dos Banc\u00e1rios de S\u00e3o Bento do Sul e Regi\u00e3o\",\"description\":\"Website institucional do Sindicato dos Banc\u00e1rios de S\u00e3o Bento do Sul e Regi\u00e3o\",\"publisher\":{\"@id\":\"https:\/\/sindicatodosbancarios.org.br\/site2022\/#organization\"},\"potentialAction\":[{\"@type\":\"SearchAction\",\"target\":{\"@type\":\"EntryPoint\",\"urlTemplate\":\"https:\/\/sindicatodosbancarios.org.br\/site2022\/?s={search_term_string}\"},\"query-input\":\"required name=search_term_string\"}],\"inLanguage\":\"pt-BR\"},{\"@type\":\"Organization\",\"@id\":\"https:\/\/sindicatodosbancarios.org.br\/site2022\/#organization\",\"name\":\"Sindicato dos Banc\u00e1rios de S\u00e3o Bento do Sul e Regi\u00e3o\",\"url\":\"https:\/\/sindicatodosbancarios.org.br\/site2022\/\",\"logo\":{\"@type\":\"ImageObject\",\"inLanguage\":\"pt-BR\",\"@id\":\"https:\/\/sindicatodosbancarios.org.br\/site2022\/#\/schema\/logo\/image\/\",\"url\":\"https:\/\/sindicatodosbancarios.org.br\/site2022\/wp-content\/uploads\/2017\/06\/cropped-logo-2.png\",\"contentUrl\":\"https:\/\/sindicatodosbancarios.org.br\/site2022\/wp-content\/uploads\/2017\/06\/cropped-logo-2.png\",\"width\":292,\"height\":292,\"caption\":\"Sindicato dos Banc\u00e1rios de S\u00e3o Bento do Sul e Regi\u00e3o\"},\"image\":{\"@id\":\"https:\/\/sindicatodosbancarios.org.br\/site2022\/#\/schema\/logo\/image\/\"}},{\"@type\":\"Person\",\"@id\":\"https:\/\/sindicatodosbancarios.org.br\/site2022\/#\/schema\/person\/a7d92da77d1084df4d28b57962f1e1bd\",\"name\":\"Sindicato dos Banc\u00e1rios S\u00e3o Bento do Sul e Regi\u00e3o\",\"image\":{\"@type\":\"ImageObject\",\"inLanguage\":\"pt-BR\",\"@id\":\"https:\/\/sindicatodosbancarios.org.br\/site2022\/#\/schema\/person\/image\/\",\"url\":\"https:\/\/secure.gravatar.com\/avatar\/f1d1a06f698f2345352e539387180d42?s=96&d=mm&r=g\",\"contentUrl\":\"https:\/\/secure.gravatar.com\/avatar\/f1d1a06f698f2345352e539387180d42?s=96&d=mm&r=g\",\"caption\":\"Sindicato dos Banc\u00e1rios S\u00e3o Bento do Sul e Regi\u00e3o\"},\"sameAs\":[\"http:\/\/sindicatodosbancarios.org.br\/site2022\/\",\"https:\/\/www.facebook.com\/seeb.sbs.9\"],\"url\":\"https:\/\/sindicatodosbancarios.org.br\/site2022\/author\/sindicatodosbancarios\/\"}]}<\/script>\n<!-- \/ Yoast SEO plugin. -->","yoast_head_json":{"title":"INFORME BANC\u00c1RIO - 063 \/ 2018 - CAMPANHA SALARIAL - 2018 \/ 2019 - NEGOCIA\u00c7\u00c3O SER\u00c1 RETOMADA NA TER\u00c7A-FEIRA 21 - Sindicato dos Banc\u00e1rios de S\u00e3o Bento do Sul e Regi\u00e3o","robots":{"index":"index","follow":"follow","max-snippet":"max-snippet:-1","max-image-preview":"max-image-preview:large","max-video-preview":"max-video-preview:-1"},"canonical":"https:\/\/sindicatodosbancarios.org.br\/site2022\/2018\/08\/17\/informe-bancario-063-2018-campanha-salarial-2018-2019-negociacao-sera-retomada-na-terca-feira-21\/","og_locale":"pt_BR","og_type":"article","og_title":"INFORME BANC\u00c1RIO - 063 \/ 2018 - CAMPANHA SALARIAL - 2018 \/ 2019 - NEGOCIA\u00c7\u00c3O SER\u00c1 RETOMADA NA TER\u00c7A-FEIRA 21 - Sindicato dos Banc\u00e1rios de S\u00e3o Bento do Sul e Regi\u00e3o","og_description":"A Federa\u00e7\u00e3o Nacional dos Bancos (FENABAN) n\u00e3o trouxe nada para a rodada de negocia\u00e7\u00e3o com a CNBB\/CONTEC, realizada [&hellip;]","og_url":"https:\/\/sindicatodosbancarios.org.br\/site2022\/2018\/08\/17\/informe-bancario-063-2018-campanha-salarial-2018-2019-negociacao-sera-retomada-na-terca-feira-21\/","og_site_name":"Sindicato dos Banc\u00e1rios de S\u00e3o Bento do Sul e Regi\u00e3o","article_author":"https:\/\/www.facebook.com\/seeb.sbs.9","article_published_time":"2018-08-17T20:17:08+00:00","og_image":[{"width":259,"height":194,"url":"https:\/\/sindicatodosbancarios.org.br\/site2022\/wp-content\/uploads\/2018\/04\/24-2018.png","type":"image\/png"}],"author":"Sindicato dos Banc\u00e1rios S\u00e3o Bento do Sul e Regi\u00e3o","twitter_card":"summary_large_image","twitter_misc":{"Escrito por":"Sindicato dos Banc\u00e1rios S\u00e3o Bento do Sul e Regi\u00e3o","Est. tempo de leitura":"1 minuto"},"schema":{"@context":"https:\/\/schema.org","@graph":[{"@type":"Article","@id":"https:\/\/sindicatodosbancarios.org.br\/site2022\/2018\/08\/17\/informe-bancario-063-2018-campanha-salarial-2018-2019-negociacao-sera-retomada-na-terca-feira-21\/#article","isPartOf":{"@id":"https:\/\/sindicatodosbancarios.org.br\/site2022\/2018\/08\/17\/informe-bancario-063-2018-campanha-salarial-2018-2019-negociacao-sera-retomada-na-terca-feira-21\/"},"author":{"name":"Sindicato dos Banc\u00e1rios S\u00e3o Bento do Sul e Regi\u00e3o","@id":"https:\/\/sindicatodosbancarios.org.br\/site2022\/#\/schema\/person\/a7d92da77d1084df4d28b57962f1e1bd"},"headline":"INFORME BANC\u00c1RIO &#8211; 063 \/ 2018 &#8211; CAMPANHA SALARIAL &#8211; 2018 \/ 2019 &#8211; NEGOCIA\u00c7\u00c3O SER\u00c1 RETOMADA NA TER\u00c7A-FEIRA 21","datePublished":"2018-08-17T20:17:08+00:00","dateModified":"2018-08-17T20:17:08+00:00","mainEntityOfPage":{"@id":"https:\/\/sindicatodosbancarios.org.br\/site2022\/2018\/08\/17\/informe-bancario-063-2018-campanha-salarial-2018-2019-negociacao-sera-retomada-na-terca-feira-21\/"},"wordCount":140,"commentCount":0,"publisher":{"@id":"https:\/\/sindicatodosbancarios.org.br\/site2022\/#organization"},"articleSection":["Geral"],"inLanguage":"pt-BR","potentialAction":[{"@type":"CommentAction","name":"Comment","target":["https:\/\/sindicatodosbancarios.org.br\/site2022\/2018\/08\/17\/informe-bancario-063-2018-campanha-salarial-2018-2019-negociacao-sera-retomada-na-terca-feira-21\/#respond"]}]},{"@type":"WebPage","@id":"https:\/\/sindicatodosbancarios.org.br\/site2022\/2018\/08\/17\/informe-bancario-063-2018-campanha-salarial-2018-2019-negociacao-sera-retomada-na-terca-feira-21\/","url":"https:\/\/sindicatodosbancarios.org.br\/site2022\/2018\/08\/17\/informe-bancario-063-2018-campanha-salarial-2018-2019-negociacao-sera-retomada-na-terca-feira-21\/","name":"INFORME BANC\u00c1RIO - 063 \/ 2018 - CAMPANHA SALARIAL - 2018 \/ 2019 - NEGOCIA\u00c7\u00c3O SER\u00c1 RETOMADA NA TER\u00c7A-FEIRA 21 - Sindicato dos Banc\u00e1rios de S\u00e3o Bento do Sul e Regi\u00e3o","isPartOf":{"@id":"https:\/\/sindicatodosbancarios.org.br\/site2022\/#website"},"datePublished":"2018-08-17T20:17:08+00:00","dateModified":"2018-08-17T20:17:08+00:00","breadcrumb":{"@id":"https:\/\/sindicatodosbancarios.org.br\/site2022\/2018\/08\/17\/informe-bancario-063-2018-campanha-salarial-2018-2019-negociacao-sera-retomada-na-terca-feira-21\/#breadcrumb"},"inLanguage":"pt-BR","potentialAction":[{"@type":"ReadAction","target":["https:\/\/sindicatodosbancarios.org.br\/site2022\/2018\/08\/17\/informe-bancario-063-2018-campanha-salarial-2018-2019-negociacao-sera-retomada-na-terca-feira-21\/"]}]},{"@type":"BreadcrumbList","@id":"https:\/\/sindicatodosbancarios.org.br\/site2022\/2018\/08\/17\/informe-bancario-063-2018-campanha-salarial-2018-2019-negociacao-sera-retomada-na-terca-feira-21\/#breadcrumb","itemListElement":[{"@type":"ListItem","position":1,"name":"In\u00edcio","item":"https:\/\/sindicatodosbancarios.org.br\/site2022\/"},{"@type":"ListItem","position":2,"name":"INFORME BANC\u00c1RIO &#8211; 063 \/ 2018 &#8211; CAMPANHA SALARIAL &#8211; 2018 \/ 2019 &#8211; NEGOCIA\u00c7\u00c3O SER\u00c1 RETOMADA NA TER\u00c7A-FEIRA 21"}]},{"@type":"WebSite","@id":"https:\/\/sindicatodosbancarios.org.br\/site2022\/#website","url":"https:\/\/sindicatodosbancarios.org.br\/site2022\/","name":"Sindicato dos Banc\u00e1rios de S\u00e3o Bento do Sul e Regi\u00e3o","description":"Website institucional do Sindicato dos Banc\u00e1rios de S\u00e3o Bento do Sul e Regi\u00e3o","publisher":{"@id":"https:\/\/sindicatodosbancarios.org.br\/site2022\/#organization"},"potentialAction":[{"@type":"SearchAction","target":{"@type":"EntryPoint","urlTemplate":"https:\/\/sindicatodosbancarios.org.br\/site2022\/?s={search_term_string}"},"query-input":"required name=search_term_string"}],"inLanguage":"pt-BR"},{"@type":"Organization","@id":"https:\/\/sindicatodosbancarios.org.br\/site2022\/#organization","name":"Sindicato dos Banc\u00e1rios de S\u00e3o Bento do Sul e Regi\u00e3o","url":"https:\/\/sindicatodosbancarios.org.br\/site2022\/","logo":{"@type":"ImageObject","inLanguage":"pt-BR","@id":"https:\/\/sindicatodosbancarios.org.br\/site2022\/#\/schema\/logo\/image\/","url":"https:\/\/sindicatodosbancarios.org.br\/site2022\/wp-content\/uploads\/2017\/06\/cropped-logo-2.png","contentUrl":"https:\/\/sindicatodosbancarios.org.br\/site2022\/wp-content\/uploads\/2017\/06\/cropped-logo-2.png","width":292,"height":292,"caption":"Sindicato dos Banc\u00e1rios de S\u00e3o Bento do Sul e Regi\u00e3o"},"image":{"@id":"https:\/\/sindicatodosbancarios.org.br\/site2022\/#\/schema\/logo\/image\/"}},{"@type":"Person","@id":"https:\/\/sindicatodosbancarios.org.br\/site2022\/#\/schema\/person\/a7d92da77d1084df4d28b57962f1e1bd","name":"Sindicato dos Banc\u00e1rios S\u00e3o Bento do Sul e Regi\u00e3o","image":{"@type":"ImageObject","inLanguage":"pt-BR","@id":"https:\/\/sindicatodosbancarios.org.br\/site2022\/#\/schema\/person\/image\/","url":"https:\/\/secure.gravatar.com\/avatar\/f1d1a06f698f2345352e539387180d42?s=96&d=mm&r=g","contentUrl":"https:\/\/secure.gravatar.com\/avatar\/f1d1a06f698f2345352e539387180d42?s=96&d=mm&r=g","caption":"Sindicato dos Banc\u00e1rios S\u00e3o Bento do Sul e Regi\u00e3o"},"sameAs":["http:\/\/sindicatodosbancarios.org.br\/site2022\/","https:\/\/www.facebook.com\/seeb.sbs.9"],"url":"https:\/\/sindicatodosbancarios.org.br\/site2022\/author\/sindicatodosbancarios\/"}]}},"jetpack_featured_media_url":"https:\/\/sindicatodosbancarios.org.br\/site2022\/wp-content\/uploads\/2018\/04\/24-2018.png","jetpack_sharing_enabled":true,"jetpack_shortlink":"https:\/\/wp.me\/p8RSbI-Gv","jetpack-related-posts":[{"id":4289,"url":"https:\/\/sindicatodosbancarios.org.br\/site2022\/2020\/08\/18\/informe-bancario-299-2020-resultado-reuniao-bb-de-17-08-20-campanha-salarial-dos-bancarios-2020\/","url_meta":{"origin":2635,"position":0},"title":"INFORME BANC\u00c1RIO \u2013 299\/2020 RESULTADO REUNI\u00c3O BB DE 17\/08\/20 &#8211; CAMPANHA SALARIAL DOS BANC\u00c1RIOS 2020","date":"18 de agosto de 2020","format":false,"excerpt":"A Dire\u00e7\u00e3o do Banco do Brasil prop\u00f4s a retirada de uma s\u00e9rie de direitos atualmente clausulados no Acordo Coletivo de Trabalho (Acordo Espec\u00edfico) dos Funcion\u00e1rios da Empresa P\u00fablica, durante a quarta rodada de negocia\u00e7\u00e3o entre o Movimento Sindical e os e Representantes do Banco. O tema da rodada de negocia\u00e7\u00e3o,\u2026","rel":"","context":"Em &quot;Banco do Brasil&quot;","img":{"alt_text":"","src":"https:\/\/i0.wp.com\/sindicatodosbancarios.org.br\/site2022\/wp-content\/uploads\/2020\/08\/concurso-pu\u0301blico-bb-cursodememorizac\u0327a\u0303o-2.jpg?resize=350%2C200&ssl=1","width":350,"height":200},"classes":[]},{"id":4227,"url":"https:\/\/sindicatodosbancarios.org.br\/site2022\/2020\/08\/07\/informe-bancario-282-2020-terceira-reuniao-entre-a-comissao-de-negociacao-da-contec-e-a-comissao-de-negociacao-da-fenaban\/","url_meta":{"origin":2635,"position":1},"title":"INFORME BANC\u00c1RIO \u2013 282\/2020  Terceira reuni\u00e3o entre a Comiss\u00e3o de Negocia\u00e7\u00e3o da CONTEC e a Comiss\u00e3o de Negocia\u00e7\u00e3o da FENABAN","date":"7 de agosto de 2020","format":false,"excerpt":"Realizada\u00a0nesta\u00a0quinta-feira (06), a\u00a0partir das 12h,\u00a0via remota\/virtual, a\u00a0terceira\u00a0reuni\u00e3o entre a Comiss\u00e3o de Negocia\u00e7\u00e3o da\u00a0CONTEC\u00a0e a\u00a0Comiss\u00e3o de Negocia\u00e7\u00e3o da\u00a0FENABAN,\u00a0para debate\u00a0das reivindica\u00e7\u00f5es dos\u00a0banc\u00e1rios,\u00a0visando a\u00a0manuten\u00e7\u00e3o da\u00a0CCT\u00a0vigente e agrega\u00e7\u00e3o de\u00a0outros\u00a0benef\u00edcios,\u00a0objetivando\u00a0assegurar a qualidade de vida e\u00a0o bom atendimento da sociedade. Na\u00a0reuni\u00e3o\u00a0foram\u00a0debatidas\u00a0as quest\u00f5es\u00a0referentes \u00e0s Comiss\u00f5es Tem\u00e1ticas, com destaque para a preocupa\u00e7\u00e3o da manuten\u00e7\u00e3o dos planos de sa\u00fade\u2026","rel":"","context":"Em &quot;Banco do Brasil&quot;","img":{"alt_text":"","src":"https:\/\/i0.wp.com\/sindicatodosbancarios.org.br\/site2022\/wp-content\/uploads\/2020\/08\/camp-salarial-3.jpg?resize=350%2C200&ssl=1","width":350,"height":200},"classes":[]},{"id":4348,"url":"https:\/\/sindicatodosbancarios.org.br\/site2022\/2020\/08\/27\/informe-bancario-317-2020-campanha-salarial-dos-bancarios-2020-12a-reuniao-da-fenaban\/","url_meta":{"origin":2635,"position":2},"title":"INFORME BANC\u00c1RIO \u2013 317\/2020 CAMPANHA SALARIAL DOS BANC\u00c1RIOS 2020 \u2013 12\u00aa Reuni\u00e3o da Fenaban","date":"27 de agosto de 2020","format":false,"excerpt":"A\u00a0Comiss\u00e3o Executiva Banc\u00e1ria Nacional\u00a0de Negocia\u00e7\u00e3o \u2013 CEBNN\/CONTEC\u00a0voltou a se reunir,\u00a0a\u00a0partir\u00a0das 14h30,\u00a0desta\u00a0quarta-feira\u00a0(26\/08)\u00a0\u2013\u00a0via remota\/virtual \u2013,\u00a0com\u00a0a\u00a0Comiss\u00e3o de Negocia\u00e7\u00e3o da\u00a0FENABAN,\u00a0para\u00a0dar continuidade aos debates das\u00a0reivindica\u00e7\u00f5es dos\u00a0banc\u00e1rios\u00a0para a presente data-base,\u00a0reiterando o pedido de\u00a0manuten\u00e7\u00e3o dos\u00a0direitos\u00a0garantidos pela\u00a0Conven\u00e7\u00e3o\u00a0Coletiva de\u00a0Trabalho\u00a0vigente e buscando acrescer outros\u00a0benef\u00edcios, para\u00a0melhorar a\u00a0qualidade de vida\u00a0dos\u00a0banc\u00e1rios\u00a0e\u00a0o\u00a0atendimento da sociedade. Ap\u00f3s exaustivo debate pelas partes, a reuni\u00e3o de hoje terminou\u2026","rel":"","context":"Em &quot;Banco do Brasil&quot;","img":{"alt_text":"","src":"https:\/\/i0.wp.com\/sindicatodosbancarios.org.br\/site2022\/wp-content\/uploads\/2020\/08\/04f6a3cb0c372e08c33568a3fe46733d-2.jpeg?resize=350%2C200&ssl=1","width":350,"height":200},"classes":[]},{"id":4185,"url":"https:\/\/sindicatodosbancarios.org.br\/site2022\/2020\/07\/30\/informe-bancario-268-2020-reuniao-de-negociacao-com-a-fenaban-nesta-sexta-feira-31\/","url_meta":{"origin":2635,"position":3},"title":"INFORME BANC\u00c1RIO \u2013 268\/2020 Reuni\u00e3o de Negocia\u00e7\u00e3o com a FENABAN nesta sexta-feira (31)","date":"30 de julho de 2020","format":false,"excerpt":"Est\u00e1 agendada para essa sexta-feira (31) mais uma reuni\u00e3o de negocia\u00e7\u00e3o da Comiss\u00e3o Executiva Banc\u00e1ria Nacional de Negocia\u00e7\u00e3o (CEBNN\/CONTEC) e os representantes da Comiss\u00e3o de Negocia\u00e7\u00e3o da Federa\u00e7\u00e3o Nacional dos Bancos (Fenaban). O encontro que ser\u00e1 realizado por videoconfer\u00eancia est\u00e1 marcado para as 9h e vai definir o calend\u00e1rio das\u2026","rel":"","context":"Em &quot;Banco do Brasil&quot;","img":{"alt_text":"","src":"https:\/\/i0.wp.com\/sindicatodosbancarios.org.br\/site2022\/wp-content\/uploads\/2020\/06\/destaque-5programas-bancos.png?resize=350%2C200&ssl=1","width":350,"height":200},"classes":[]},{"id":4199,"url":"https:\/\/sindicatodosbancarios.org.br\/site2022\/2020\/08\/03\/informe-bancario-273-2020-bancarios-do-banco-do-brasil-defendem-mesa-unica-de-negociacao-com-a-fenaban\/","url_meta":{"origin":2635,"position":4},"title":"INFORME BANC\u00c1RIO \u2013 273\/2020 Banc\u00e1rios do Banco do Brasil defendem mesa \u00fanica de negocia\u00e7\u00e3o com a Fenaban","date":"3 de agosto de 2020","format":false,"excerpt":"Representantes dos trabalhadores reivindicam que a dire\u00e7\u00e3o do banco integre as negocia\u00e7\u00f5es junto com a federa\u00e7\u00e3o dos bancos; segundo o Dieese, 69% das empresas p\u00fablicas que fizeram greve no ano passado acabaram suas campanhas salariais no Tribunal Superior do Trabalho. Os banc\u00e1rios do\u00a0Banco do Brasil\u00a0defendem\u00a0a participa\u00e7\u00e3o do Banco do Brasil\u2026","rel":"","context":"Em &quot;Banco do Brasil&quot;","img":{"alt_text":"","src":"https:\/\/i0.wp.com\/sindicatodosbancarios.org.br\/site2022\/wp-content\/uploads\/2020\/08\/bancarios_do_banco_do_brasil_mesa_unica_negociacao_fenaban_campanha_nacional_2020.jpg?resize=350%2C200&ssl=1","width":350,"height":200},"classes":[]},{"id":4369,"url":"https:\/\/sindicatodosbancarios.org.br\/site2022\/2020\/08\/28\/informe-bancario-318-2020-resultado-reuniao-cef-de-27-08-20-campanha-salarial-dos-bancarios-2020\/","url_meta":{"origin":2635,"position":5},"title":"INFORME BANC\u00c1RIO \u2013 318\/2020 RESULTADO REUNI\u00c3O CEF DE 27\/08\/20 &#8211; CAMPANHA SALARIAL DOS BANC\u00c1RIOS 2020","date":"28 de agosto de 2020","format":false,"excerpt":"Banco garantiu propor\u00e7\u00e3o 70\/30 no modelo de custeio do Sa\u00fade Caixa at\u00e9 outubro de 2021 e inclus\u00e3o de novos contratados, mas individualiza mensalidade e teto de coparticipa\u00e7\u00e3o, al\u00e9m de n\u00e3o apresentar proposta de PLR Social e demais cl\u00e1usulas sociais;\u00a0Nova negocia\u00e7\u00e3o acontece nesta sexta 28, \u00e0s 10h. Os empregados da Caixa\u2026","rel":"","context":"Em &quot;Caixa Econ\u00f4mica Federal&quot;","img":{"alt_text":"","src":"https:\/\/i0.wp.com\/sindicatodosbancarios.org.br\/site2022\/wp-content\/uploads\/2020\/06\/69k7312phlkcv3tvs4wgnt66p.jpg?resize=350%2C200&ssl=1","width":350,"height":200},"classes":[]}],"_links":{"self":[{"href":"https:\/\/sindicatodosbancarios.org.br\/site2022\/wp-json\/wp\/v2\/posts\/2635"}],"collection":[{"href":"https:\/\/sindicatodosbancarios.org.br\/site2022\/wp-json\/wp\/v2\/posts"}],"about":[{"href":"https:\/\/sindicatodosbancarios.org.br\/site2022\/wp-json\/wp\/v2\/types\/post"}],"author":[{"embeddable":true,"href":"https:\/\/sindicatodosbancarios.org.br\/site2022\/wp-json\/wp\/v2\/users\/2"}],"replies":[{"embeddable":true,"href":"https:\/\/sindicatodosbancarios.org.br\/site2022\/wp-json\/wp\/v2\/comments?post=2635"}],"version-history":[{"count":3,"href":"https:\/\/sindicatodosbancarios.org.br\/site2022\/wp-json\/wp\/v2\/posts\/2635\/revisions"}],"predecessor-version":[{"id":2638,"href":"https:\/\/sindicatodosbancarios.org.br\/site2022\/wp-json\/wp\/v2\/posts\/2635\/revisions\/2638"}],"wp:featuredmedia":[{"embeddable":true,"href":"https:\/\/sindicatodosbancarios.org.br\/site2022\/wp-json\/wp\/v2\/media\/2473"}],"wp:attachment":[{"href":"https:\/\/sindicatodosbancarios.org.br\/site2022\/wp-json\/wp\/v2\/media?parent=2635"}],"wp:term":[{"taxonomy":"category","embeddable":true,"href":"https:\/\/sindicatodosbancarios.org.br\/site2022\/wp-json\/wp\/v2\/categories?post=2635"},{"taxonomy":"post_tag","embeddable":true,"href":"https:\/\/sindicatodosbancarios.org.br\/site2022\/wp-json\/wp\/v2\/tags?post=2635"}],"curies":[{"name":"wp","href":"https:\/\/api.w.org\/{rel}","templated":true}]}}