{"id":2639,"date":"2018-08-20T16:58:27","date_gmt":"2018-08-20T19:58:27","guid":{"rendered":"https:\/\/sindicatodosbancarios.org.br\/?p=2639"},"modified":"2018-08-20T16:58:27","modified_gmt":"2018-08-20T19:58:27","slug":"informe-bancario-064-2018-contec-rejeita-contraproposta-para-saude-caixa-que-retira-aposentados","status":"publish","type":"post","link":"https:\/\/sindicatodosbancarios.org.br\/site2022\/2018\/08\/20\/informe-bancario-064-2018-contec-rejeita-contraproposta-para-saude-caixa-que-retira-aposentados\/","title":{"rendered":"INFORME BANC\u00c1RIO &#8211; 064 \/2018 &#8211; CONTEC REJEITA CONTRAPROPOSTA PARA SA\u00daDE CAIXA QUE RETIRA APOSENTADOS"},"content":{"rendered":"<p><span style=\"font-size: 8pt;\">Na sexta-feira passada (17\/08\/18), no Maksoud Plaza, em S\u00e3o Paulo &#8211; SP, houve Reuni\u00e3o de Negocia\u00e7\u00e3o entre a Comiss\u00e3o Executiva Banc\u00e1ria Nacional de Negocia\u00e7\u00e3o \u2013 CEBNN\/CONTEC e a Caixa Econ\u00f4mica Federal. <\/span><\/p>\n<p><span style=\"font-size: 8pt;\">Na ocasi\u00e3o, a empresa apresentou contraproposta retirando o Sa\u00fade CAIXA para aposentados. A Comiss\u00e3o CONTEC rejeitou a proposta em mesa, reiterando a necessidade de manuten\u00e7\u00e3o do plano de sa\u00fade para todos os empregados sem qualquer exclus\u00e3o.<\/span><\/p>\n<p><span style=\"font-size: 8pt;\">A Comiss\u00e3o CONTEC afirmou que n\u00e3o se pode mudar as regras do plano, sem consultar os empregados e insistiu na manuten\u00e7\u00e3o do Sa\u00fade Caixa, programa superavit\u00e1rio, para todos os empregados, para os que ingressaram em 1997, sem programa de sa\u00fade, que eram atendidos pelo SUS, e foram inclu\u00eddos, tamb\u00e9m para aposentados e pensionistas que passaram a contribuir solidariamente.<\/span><\/p>\n<p><span style=\"font-size: 8pt;\">A CONTEC refor\u00e7ou ainda que o Sa\u00fade CAIXA \u00e9 um programa solid\u00e1rio, mutualista que tem sido superavit\u00e1rio. Por isto, n\u00e3o h\u00e1 motivo para modificar a gest\u00e3o do plano, que est\u00e1 indo muito bem e que foi objeto de Acordo Coletivo e inclusive faz parte do contrato de trabalho dos empregados.<\/span><\/p>\n<p><span style=\"font-size: 8pt;\">Tamb\u00e9m foi iniciada a apresenta\u00e7\u00e3o de contraproposta para a Cl\u00e1usula de Isen\u00e7\u00e3o de Tarifas Banc\u00e1rias para os Empregados, no entanto, os debates devem prosseguir na pr\u00f3xima reuni\u00e3o marcada para o dia 21\/08\/2018 amanha, ap\u00f3s reuni\u00e3o da FENABAN.<\/span><\/p>\n<p><span style=\"font-size: 8pt;\">Sa\u00fade Caixa para todos! Vamos seguir nossa luta para manter essa conquista!<\/span><\/p>\n<p><span style=\"font-size: 8pt;\">FONTE: CONTEC<\/span><\/p>\n","protected":false},"excerpt":{"rendered":"<p>Na sexta-feira passada (17\/08\/18), no Maksoud Plaza, em S\u00e3o Paulo &#8211; SP, houve Reuni\u00e3o de Negocia\u00e7\u00e3o entre a [&hellip;]<\/p>\n","protected":false},"author":2,"featured_media":2456,"comment_status":"open","ping_status":"open","sticky":false,"template":"","format":"standard","meta":{"jetpack_post_was_ever_published":false,"jetpack_publicize_message":"","jetpack_is_tweetstorm":false,"jetpack_publicize_feature_enabled":true,"jetpack_social_post_already_shared":true,"jetpack_social_options":[]},"categories":[1],"tags":[],"jetpack_publicize_connections":[],"acf":[],"yoast_head":"<!-- This site is optimized with the Yoast SEO plugin v19.14 - https:\/\/yoast.com\/wordpress\/plugins\/seo\/ -->\n<title>INFORME BANC\u00c1RIO - 064 \/2018 - CONTEC REJEITA CONTRAPROPOSTA PARA SA\u00daDE CAIXA QUE RETIRA APOSENTADOS - Sindicato dos Banc\u00e1rios de S\u00e3o Bento do Sul e Regi\u00e3o<\/title>\n<meta name=\"robots\" content=\"index, follow, max-snippet:-1, max-image-preview:large, max-video-preview:-1\" \/>\n<link rel=\"canonical\" href=\"https:\/\/sindicatodosbancarios.org.br\/site2022\/2018\/08\/20\/informe-bancario-064-2018-contec-rejeita-contraproposta-para-saude-caixa-que-retira-aposentados\/\" \/>\n<meta property=\"og:locale\" content=\"pt_BR\" \/>\n<meta property=\"og:type\" content=\"article\" \/>\n<meta property=\"og:title\" content=\"INFORME BANC\u00c1RIO - 064 \/2018 - CONTEC REJEITA CONTRAPROPOSTA PARA SA\u00daDE CAIXA QUE RETIRA APOSENTADOS - Sindicato dos Banc\u00e1rios de S\u00e3o Bento do Sul e Regi\u00e3o\" \/>\n<meta property=\"og:description\" content=\"Na sexta-feira passada (17\/08\/18), no Maksoud Plaza, em S\u00e3o Paulo &#8211; SP, houve Reuni\u00e3o de Negocia\u00e7\u00e3o entre a [&hellip;]\" \/>\n<meta property=\"og:url\" content=\"https:\/\/sindicatodosbancarios.org.br\/site2022\/2018\/08\/20\/informe-bancario-064-2018-contec-rejeita-contraproposta-para-saude-caixa-que-retira-aposentados\/\" \/>\n<meta property=\"og:site_name\" content=\"Sindicato dos Banc\u00e1rios de S\u00e3o Bento do Sul e Regi\u00e3o\" \/>\n<meta property=\"article:author\" content=\"https:\/\/www.facebook.com\/seeb.sbs.9\" \/>\n<meta property=\"article:published_time\" content=\"2018-08-20T19:58:27+00:00\" \/>\n<meta property=\"og:image\" content=\"https:\/\/sindicatodosbancarios.org.br\/site2022\/wp-content\/uploads\/2018\/03\/acordo-preve-pagamento-da-plr-da-caixa-ate-o-dia-31_ff054e538eda7f1699c15d455ee2018-1.jpg\" \/>\n\t<meta property=\"og:image:width\" content=\"700\" \/>\n\t<meta property=\"og:image:height\" content=\"302\" \/>\n\t<meta property=\"og:image:type\" content=\"image\/jpeg\" \/>\n<meta name=\"author\" content=\"Sindicato dos Banc\u00e1rios S\u00e3o Bento do Sul e Regi\u00e3o\" \/>\n<meta name=\"twitter:card\" content=\"summary_large_image\" \/>\n<meta name=\"twitter:label1\" content=\"Escrito por\" \/>\n\t<meta name=\"twitter:data1\" content=\"Sindicato dos Banc\u00e1rios S\u00e3o Bento do Sul e Regi\u00e3o\" \/>\n\t<meta name=\"twitter:label2\" content=\"Est. tempo de leitura\" \/>\n\t<meta name=\"twitter:data2\" content=\"1 minuto\" \/>\n<script type=\"application\/ld+json\" class=\"yoast-schema-graph\">{\"@context\":\"https:\/\/schema.org\",\"@graph\":[{\"@type\":\"Article\",\"@id\":\"https:\/\/sindicatodosbancarios.org.br\/site2022\/2018\/08\/20\/informe-bancario-064-2018-contec-rejeita-contraproposta-para-saude-caixa-que-retira-aposentados\/#article\",\"isPartOf\":{\"@id\":\"https:\/\/sindicatodosbancarios.org.br\/site2022\/2018\/08\/20\/informe-bancario-064-2018-contec-rejeita-contraproposta-para-saude-caixa-que-retira-aposentados\/\"},\"author\":{\"name\":\"Sindicato dos Banc\u00e1rios S\u00e3o Bento do Sul e Regi\u00e3o\",\"@id\":\"https:\/\/sindicatodosbancarios.org.br\/site2022\/#\/schema\/person\/a7d92da77d1084df4d28b57962f1e1bd\"},\"headline\":\"INFORME BANC\u00c1RIO &#8211; 064 \/2018 &#8211; CONTEC REJEITA CONTRAPROPOSTA PARA SA\u00daDE CAIXA QUE RETIRA APOSENTADOS\",\"datePublished\":\"2018-08-20T19:58:27+00:00\",\"dateModified\":\"2018-08-20T19:58:27+00:00\",\"mainEntityOfPage\":{\"@id\":\"https:\/\/sindicatodosbancarios.org.br\/site2022\/2018\/08\/20\/informe-bancario-064-2018-contec-rejeita-contraproposta-para-saude-caixa-que-retira-aposentados\/\"},\"wordCount\":274,\"commentCount\":0,\"publisher\":{\"@id\":\"https:\/\/sindicatodosbancarios.org.br\/site2022\/#organization\"},\"articleSection\":[\"Geral\"],\"inLanguage\":\"pt-BR\",\"potentialAction\":[{\"@type\":\"CommentAction\",\"name\":\"Comment\",\"target\":[\"https:\/\/sindicatodosbancarios.org.br\/site2022\/2018\/08\/20\/informe-bancario-064-2018-contec-rejeita-contraproposta-para-saude-caixa-que-retira-aposentados\/#respond\"]}]},{\"@type\":\"WebPage\",\"@id\":\"https:\/\/sindicatodosbancarios.org.br\/site2022\/2018\/08\/20\/informe-bancario-064-2018-contec-rejeita-contraproposta-para-saude-caixa-que-retira-aposentados\/\",\"url\":\"https:\/\/sindicatodosbancarios.org.br\/site2022\/2018\/08\/20\/informe-bancario-064-2018-contec-rejeita-contraproposta-para-saude-caixa-que-retira-aposentados\/\",\"name\":\"INFORME BANC\u00c1RIO - 064 \/2018 - CONTEC REJEITA CONTRAPROPOSTA PARA SA\u00daDE CAIXA QUE RETIRA APOSENTADOS - Sindicato dos Banc\u00e1rios de S\u00e3o Bento do Sul e Regi\u00e3o\",\"isPartOf\":{\"@id\":\"https:\/\/sindicatodosbancarios.org.br\/site2022\/#website\"},\"datePublished\":\"2018-08-20T19:58:27+00:00\",\"dateModified\":\"2018-08-20T19:58:27+00:00\",\"breadcrumb\":{\"@id\":\"https:\/\/sindicatodosbancarios.org.br\/site2022\/2018\/08\/20\/informe-bancario-064-2018-contec-rejeita-contraproposta-para-saude-caixa-que-retira-aposentados\/#breadcrumb\"},\"inLanguage\":\"pt-BR\",\"potentialAction\":[{\"@type\":\"ReadAction\",\"target\":[\"https:\/\/sindicatodosbancarios.org.br\/site2022\/2018\/08\/20\/informe-bancario-064-2018-contec-rejeita-contraproposta-para-saude-caixa-que-retira-aposentados\/\"]}]},{\"@type\":\"BreadcrumbList\",\"@id\":\"https:\/\/sindicatodosbancarios.org.br\/site2022\/2018\/08\/20\/informe-bancario-064-2018-contec-rejeita-contraproposta-para-saude-caixa-que-retira-aposentados\/#breadcrumb\",\"itemListElement\":[{\"@type\":\"ListItem\",\"position\":1,\"name\":\"In\u00edcio\",\"item\":\"https:\/\/sindicatodosbancarios.org.br\/site2022\/\"},{\"@type\":\"ListItem\",\"position\":2,\"name\":\"INFORME BANC\u00c1RIO &#8211; 064 \/2018 &#8211; CONTEC REJEITA CONTRAPROPOSTA PARA SA\u00daDE CAIXA QUE RETIRA APOSENTADOS\"}]},{\"@type\":\"WebSite\",\"@id\":\"https:\/\/sindicatodosbancarios.org.br\/site2022\/#website\",\"url\":\"https:\/\/sindicatodosbancarios.org.br\/site2022\/\",\"name\":\"Sindicato dos Banc\u00e1rios de S\u00e3o Bento do Sul e Regi\u00e3o\",\"description\":\"Website institucional do Sindicato dos Banc\u00e1rios de S\u00e3o Bento do Sul e Regi\u00e3o\",\"publisher\":{\"@id\":\"https:\/\/sindicatodosbancarios.org.br\/site2022\/#organization\"},\"potentialAction\":[{\"@type\":\"SearchAction\",\"target\":{\"@type\":\"EntryPoint\",\"urlTemplate\":\"https:\/\/sindicatodosbancarios.org.br\/site2022\/?s={search_term_string}\"},\"query-input\":\"required name=search_term_string\"}],\"inLanguage\":\"pt-BR\"},{\"@type\":\"Organization\",\"@id\":\"https:\/\/sindicatodosbancarios.org.br\/site2022\/#organization\",\"name\":\"Sindicato dos Banc\u00e1rios de S\u00e3o Bento do Sul e Regi\u00e3o\",\"url\":\"https:\/\/sindicatodosbancarios.org.br\/site2022\/\",\"logo\":{\"@type\":\"ImageObject\",\"inLanguage\":\"pt-BR\",\"@id\":\"https:\/\/sindicatodosbancarios.org.br\/site2022\/#\/schema\/logo\/image\/\",\"url\":\"https:\/\/sindicatodosbancarios.org.br\/site2022\/wp-content\/uploads\/2017\/06\/cropped-logo-2.png\",\"contentUrl\":\"https:\/\/sindicatodosbancarios.org.br\/site2022\/wp-content\/uploads\/2017\/06\/cropped-logo-2.png\",\"width\":292,\"height\":292,\"caption\":\"Sindicato dos Banc\u00e1rios de S\u00e3o Bento do Sul e Regi\u00e3o\"},\"image\":{\"@id\":\"https:\/\/sindicatodosbancarios.org.br\/site2022\/#\/schema\/logo\/image\/\"}},{\"@type\":\"Person\",\"@id\":\"https:\/\/sindicatodosbancarios.org.br\/site2022\/#\/schema\/person\/a7d92da77d1084df4d28b57962f1e1bd\",\"name\":\"Sindicato dos Banc\u00e1rios S\u00e3o Bento do Sul e Regi\u00e3o\",\"image\":{\"@type\":\"ImageObject\",\"inLanguage\":\"pt-BR\",\"@id\":\"https:\/\/sindicatodosbancarios.org.br\/site2022\/#\/schema\/person\/image\/\",\"url\":\"https:\/\/secure.gravatar.com\/avatar\/f1d1a06f698f2345352e539387180d42?s=96&d=mm&r=g\",\"contentUrl\":\"https:\/\/secure.gravatar.com\/avatar\/f1d1a06f698f2345352e539387180d42?s=96&d=mm&r=g\",\"caption\":\"Sindicato dos Banc\u00e1rios S\u00e3o Bento do Sul e Regi\u00e3o\"},\"sameAs\":[\"http:\/\/sindicatodosbancarios.org.br\/site2022\/\",\"https:\/\/www.facebook.com\/seeb.sbs.9\"],\"url\":\"https:\/\/sindicatodosbancarios.org.br\/site2022\/author\/sindicatodosbancarios\/\"}]}<\/script>\n<!-- \/ Yoast SEO plugin. -->","yoast_head_json":{"title":"INFORME BANC\u00c1RIO - 064 \/2018 - CONTEC REJEITA CONTRAPROPOSTA PARA SA\u00daDE CAIXA QUE RETIRA APOSENTADOS - Sindicato dos Banc\u00e1rios de S\u00e3o Bento do Sul e Regi\u00e3o","robots":{"index":"index","follow":"follow","max-snippet":"max-snippet:-1","max-image-preview":"max-image-preview:large","max-video-preview":"max-video-preview:-1"},"canonical":"https:\/\/sindicatodosbancarios.org.br\/site2022\/2018\/08\/20\/informe-bancario-064-2018-contec-rejeita-contraproposta-para-saude-caixa-que-retira-aposentados\/","og_locale":"pt_BR","og_type":"article","og_title":"INFORME BANC\u00c1RIO - 064 \/2018 - CONTEC REJEITA CONTRAPROPOSTA PARA SA\u00daDE CAIXA QUE RETIRA APOSENTADOS - Sindicato dos Banc\u00e1rios de S\u00e3o Bento do Sul e Regi\u00e3o","og_description":"Na sexta-feira passada (17\/08\/18), no Maksoud Plaza, em S\u00e3o Paulo &#8211; SP, houve Reuni\u00e3o de Negocia\u00e7\u00e3o entre a [&hellip;]","og_url":"https:\/\/sindicatodosbancarios.org.br\/site2022\/2018\/08\/20\/informe-bancario-064-2018-contec-rejeita-contraproposta-para-saude-caixa-que-retira-aposentados\/","og_site_name":"Sindicato dos Banc\u00e1rios de S\u00e3o Bento do Sul e Regi\u00e3o","article_author":"https:\/\/www.facebook.com\/seeb.sbs.9","article_published_time":"2018-08-20T19:58:27+00:00","og_image":[{"width":700,"height":302,"url":"https:\/\/sindicatodosbancarios.org.br\/site2022\/wp-content\/uploads\/2018\/03\/acordo-preve-pagamento-da-plr-da-caixa-ate-o-dia-31_ff054e538eda7f1699c15d455ee2018-1.jpg","type":"image\/jpeg"}],"author":"Sindicato dos Banc\u00e1rios S\u00e3o Bento do Sul e Regi\u00e3o","twitter_card":"summary_large_image","twitter_misc":{"Escrito por":"Sindicato dos Banc\u00e1rios S\u00e3o Bento do Sul e Regi\u00e3o","Est. tempo de leitura":"1 minuto"},"schema":{"@context":"https:\/\/schema.org","@graph":[{"@type":"Article","@id":"https:\/\/sindicatodosbancarios.org.br\/site2022\/2018\/08\/20\/informe-bancario-064-2018-contec-rejeita-contraproposta-para-saude-caixa-que-retira-aposentados\/#article","isPartOf":{"@id":"https:\/\/sindicatodosbancarios.org.br\/site2022\/2018\/08\/20\/informe-bancario-064-2018-contec-rejeita-contraproposta-para-saude-caixa-que-retira-aposentados\/"},"author":{"name":"Sindicato dos Banc\u00e1rios S\u00e3o Bento do Sul e Regi\u00e3o","@id":"https:\/\/sindicatodosbancarios.org.br\/site2022\/#\/schema\/person\/a7d92da77d1084df4d28b57962f1e1bd"},"headline":"INFORME BANC\u00c1RIO &#8211; 064 \/2018 &#8211; CONTEC REJEITA CONTRAPROPOSTA PARA SA\u00daDE CAIXA QUE RETIRA APOSENTADOS","datePublished":"2018-08-20T19:58:27+00:00","dateModified":"2018-08-20T19:58:27+00:00","mainEntityOfPage":{"@id":"https:\/\/sindicatodosbancarios.org.br\/site2022\/2018\/08\/20\/informe-bancario-064-2018-contec-rejeita-contraproposta-para-saude-caixa-que-retira-aposentados\/"},"wordCount":274,"commentCount":0,"publisher":{"@id":"https:\/\/sindicatodosbancarios.org.br\/site2022\/#organization"},"articleSection":["Geral"],"inLanguage":"pt-BR","potentialAction":[{"@type":"CommentAction","name":"Comment","target":["https:\/\/sindicatodosbancarios.org.br\/site2022\/2018\/08\/20\/informe-bancario-064-2018-contec-rejeita-contraproposta-para-saude-caixa-que-retira-aposentados\/#respond"]}]},{"@type":"WebPage","@id":"https:\/\/sindicatodosbancarios.org.br\/site2022\/2018\/08\/20\/informe-bancario-064-2018-contec-rejeita-contraproposta-para-saude-caixa-que-retira-aposentados\/","url":"https:\/\/sindicatodosbancarios.org.br\/site2022\/2018\/08\/20\/informe-bancario-064-2018-contec-rejeita-contraproposta-para-saude-caixa-que-retira-aposentados\/","name":"INFORME BANC\u00c1RIO - 064 \/2018 - CONTEC REJEITA CONTRAPROPOSTA PARA SA\u00daDE CAIXA QUE RETIRA APOSENTADOS - Sindicato dos Banc\u00e1rios de S\u00e3o Bento do Sul e Regi\u00e3o","isPartOf":{"@id":"https:\/\/sindicatodosbancarios.org.br\/site2022\/#website"},"datePublished":"2018-08-20T19:58:27+00:00","dateModified":"2018-08-20T19:58:27+00:00","breadcrumb":{"@id":"https:\/\/sindicatodosbancarios.org.br\/site2022\/2018\/08\/20\/informe-bancario-064-2018-contec-rejeita-contraproposta-para-saude-caixa-que-retira-aposentados\/#breadcrumb"},"inLanguage":"pt-BR","potentialAction":[{"@type":"ReadAction","target":["https:\/\/sindicatodosbancarios.org.br\/site2022\/2018\/08\/20\/informe-bancario-064-2018-contec-rejeita-contraproposta-para-saude-caixa-que-retira-aposentados\/"]}]},{"@type":"BreadcrumbList","@id":"https:\/\/sindicatodosbancarios.org.br\/site2022\/2018\/08\/20\/informe-bancario-064-2018-contec-rejeita-contraproposta-para-saude-caixa-que-retira-aposentados\/#breadcrumb","itemListElement":[{"@type":"ListItem","position":1,"name":"In\u00edcio","item":"https:\/\/sindicatodosbancarios.org.br\/site2022\/"},{"@type":"ListItem","position":2,"name":"INFORME BANC\u00c1RIO &#8211; 064 \/2018 &#8211; CONTEC REJEITA CONTRAPROPOSTA PARA SA\u00daDE CAIXA QUE RETIRA APOSENTADOS"}]},{"@type":"WebSite","@id":"https:\/\/sindicatodosbancarios.org.br\/site2022\/#website","url":"https:\/\/sindicatodosbancarios.org.br\/site2022\/","name":"Sindicato dos Banc\u00e1rios de S\u00e3o Bento do Sul e Regi\u00e3o","description":"Website institucional do Sindicato dos Banc\u00e1rios de S\u00e3o Bento do Sul e Regi\u00e3o","publisher":{"@id":"https:\/\/sindicatodosbancarios.org.br\/site2022\/#organization"},"potentialAction":[{"@type":"SearchAction","target":{"@type":"EntryPoint","urlTemplate":"https:\/\/sindicatodosbancarios.org.br\/site2022\/?s={search_term_string}"},"query-input":"required name=search_term_string"}],"inLanguage":"pt-BR"},{"@type":"Organization","@id":"https:\/\/sindicatodosbancarios.org.br\/site2022\/#organization","name":"Sindicato dos Banc\u00e1rios de S\u00e3o Bento do Sul e Regi\u00e3o","url":"https:\/\/sindicatodosbancarios.org.br\/site2022\/","logo":{"@type":"ImageObject","inLanguage":"pt-BR","@id":"https:\/\/sindicatodosbancarios.org.br\/site2022\/#\/schema\/logo\/image\/","url":"https:\/\/sindicatodosbancarios.org.br\/site2022\/wp-content\/uploads\/2017\/06\/cropped-logo-2.png","contentUrl":"https:\/\/sindicatodosbancarios.org.br\/site2022\/wp-content\/uploads\/2017\/06\/cropped-logo-2.png","width":292,"height":292,"caption":"Sindicato dos Banc\u00e1rios de S\u00e3o Bento do Sul e Regi\u00e3o"},"image":{"@id":"https:\/\/sindicatodosbancarios.org.br\/site2022\/#\/schema\/logo\/image\/"}},{"@type":"Person","@id":"https:\/\/sindicatodosbancarios.org.br\/site2022\/#\/schema\/person\/a7d92da77d1084df4d28b57962f1e1bd","name":"Sindicato dos Banc\u00e1rios S\u00e3o Bento do Sul e Regi\u00e3o","image":{"@type":"ImageObject","inLanguage":"pt-BR","@id":"https:\/\/sindicatodosbancarios.org.br\/site2022\/#\/schema\/person\/image\/","url":"https:\/\/secure.gravatar.com\/avatar\/f1d1a06f698f2345352e539387180d42?s=96&d=mm&r=g","contentUrl":"https:\/\/secure.gravatar.com\/avatar\/f1d1a06f698f2345352e539387180d42?s=96&d=mm&r=g","caption":"Sindicato dos Banc\u00e1rios S\u00e3o Bento do Sul e Regi\u00e3o"},"sameAs":["http:\/\/sindicatodosbancarios.org.br\/site2022\/","https:\/\/www.facebook.com\/seeb.sbs.9"],"url":"https:\/\/sindicatodosbancarios.org.br\/site2022\/author\/sindicatodosbancarios\/"}]}},"jetpack_featured_media_url":"https:\/\/sindicatodosbancarios.org.br\/site2022\/wp-content\/uploads\/2018\/03\/acordo-preve-pagamento-da-plr-da-caixa-ate-o-dia-31_ff054e538eda7f1699c15d455ee2018-1.jpg","jetpack_sharing_enabled":true,"jetpack_shortlink":"https:\/\/wp.me\/p8RSbI-Gz","jetpack-related-posts":[{"id":4337,"url":"https:\/\/sindicatodosbancarios.org.br\/site2022\/2020\/08\/25\/informe-bancario-313-2020-campanha-salarial-reuniao-de-negociacao-com-a-caixa-economica-federal\/","url_meta":{"origin":2639,"position":0},"title":"INFORME BANC\u00c1RIO \u2013 313\/2020 CAMPANHA SALARIAL: Reuni\u00e3o de negocia\u00e7\u00e3o com a Caixa Econ\u00f4mica Federal","date":"25 de agosto de 2020","format":false,"excerpt":"A Comiss\u00e3o Executiva Banc\u00e1ria Nacional de Negocia\u00e7\u00e3o \u2013 CEBNN\/Contec esteve reunida nesta segunda-feira (24), em videoconfer\u00eancia, com os representantes da Caixa Econ\u00f4mica Federal para debater a pauta de reivindica\u00e7\u00f5es dos empregados nesta Campanha Salarial. A reuni\u00e3o foi coordenada por parte da CONTEC, pela diretora de Finan\u00e7as da CONTEC, Rumiko Tanaka,\u2026","rel":"","context":"Em &quot;Caixa Econ\u00f4mica Federal&quot;","img":{"alt_text":"","src":"https:\/\/i0.wp.com\/sindicatodosbancarios.org.br\/site2022\/wp-content\/uploads\/2020\/08\/curiosidades-sobre-a-caixa-economica-federal-98.jpg?resize=350%2C200&ssl=1","width":350,"height":200},"classes":[]},{"id":5785,"url":"https:\/\/sindicatodosbancarios.org.br\/site2022\/2021\/11\/03\/informe-bancario-237-2021-saude-caixa-plano-de-assistencia-a-saude-dos-empregados-da-caixa\/","url_meta":{"origin":2639,"position":1},"title":"INFORME BANC\u00c1RIO \u2013 237\/2021 SA\u00daDE CAIXA \u2013 Plano de assist\u00eancia \u00e0 sa\u00fade dos empregados da CAIXA","date":"3 de novembro de 2021","format":false,"excerpt":"Entre os dias 28 e 29 de outubro passado, foram realizadas as vota\u00e7\u00f5es sobre a proposta de sustentabilidade e custeio do Plano Sa\u00fade CAIXA.\u00a0 Apesar de ser uma boa alternativa, a proposta da CONTEC do Plano Sa\u00fade Caixa, foi aprovada por pouco mais da metade dos votos.\u00a0 Foram\u00a059,84%\u00a0dos votos dos\u2026","rel":"","context":"Em &quot;Caixa Econ\u00f4mica Federal&quot;","img":{"alt_text":"","src":"https:\/\/i0.wp.com\/sindicatodosbancarios.org.br\/site2022\/wp-content\/uploads\/2021\/10\/unnamed-1.jpg?resize=350%2C200&ssl=1","width":350,"height":200},"classes":[]},{"id":4287,"url":"https:\/\/sindicatodosbancarios.org.br\/site2022\/2020\/08\/18\/informe-bancario-298-2020-campanha-salarial-reuniao-de-negociacao-coletiva-de-trabalho-com-a-caixa-economica-federal\/","url_meta":{"origin":2639,"position":2},"title":"INFORME BANC\u00c1RIO \u2013 298\/2020 CAMPANHA SALARIAL: Reuni\u00e3o de negocia\u00e7\u00e3o coletiva de trabalho com a Caixa Econ\u00f4mica Federal","date":"18 de agosto de 2020","format":false,"excerpt":"A Comiss\u00e3o Executiva Banc\u00e1ria Nacional de Negocia\u00e7\u00e3o \u2013 CEBNN\/Contec esteve reunida nesta segunda-feira \u00a0(17\/8), em videoconfer\u00eancia, com os representantes da Caixa Econ\u00f4mica Federal para debater a pauta de reivindica\u00e7\u00f5es dos empregados nesta Campanha Salarial.\u2028A reuni\u00e3o foi coordenada por parte da CONTEC, pela diretora de Finan\u00e7as da CONTEC, Rumiko Tanaka, acompanhada\u2026","rel":"","context":"Em &quot;Caixa Econ\u00f4mica Federal&quot;","img":{"alt_text":"","src":"https:\/\/i0.wp.com\/sindicatodosbancarios.org.br\/site2022\/wp-content\/uploads\/2020\/08\/curiosidades-sobre-a-caixa-economica-federal-98.jpg?resize=350%2C200&ssl=1","width":350,"height":200},"classes":[]},{"id":4277,"url":"https:\/\/sindicatodosbancarios.org.br\/site2022\/2020\/08\/14\/informe-bancario-296-2020-campanha-salarial-reuniao-de-negociacao-com-a-caixa-economica-federal\/","url_meta":{"origin":2639,"position":3},"title":"INFORME BANC\u00c1RIO \u2013 296\/2020 CAMPANHA SALARIAL: Reuni\u00e3o de negocia\u00e7\u00e3o com a Caixa Econ\u00f4mica Federal","date":"14 de agosto de 2020","format":false,"excerpt":"A Comiss\u00e3o Executiva Banc\u00e1ria Nacional de Negocia\u00e7\u00e3o \u2013 CEBNN\/Contec esteve reunida nesta quarta-feira \u00a0(12), em videoconfer\u00eancia, com os representantes da Caixa Econ\u00f4mica Federal para debater a pauta de reivindica\u00e7\u00f5es dos empregados nesta Campanha Salarial. A reuni\u00e3o foi coordenada por parte da CONTEC, pela diretora de Finan\u00e7as da CONTEC, Rumiko Tanaka,\u2026","rel":"","context":"Em &quot;Caixa Econ\u00f4mica Federal&quot;","img":{"alt_text":"","src":"https:\/\/i0.wp.com\/sindicatodosbancarios.org.br\/site2022\/wp-content\/uploads\/2020\/07\/caixa-economica-federal-1.jpg?resize=350%2C200&ssl=1","width":350,"height":200},"classes":[]},{"id":5402,"url":"https:\/\/sindicatodosbancarios.org.br\/site2022\/2021\/05\/20\/informe-bancario-125-2021-reuniao-negociacao-mesa-permanente-da-cef-realizada-no-dia-12-05-2021-on-line-a\/","url_meta":{"origin":2639,"position":4},"title":"INFORME BANC\u00c1RIO &#8211; 125\/2021 &#8211; REUNI\u00c3O NEGOCIA\u00c7\u00c3O MESA PERMANENTE DA CEF &#8211; REALIZADA NO DIA 12\/05\/2021 &#8211; ON LINE A","date":"20 de maio de 2021","format":false,"excerpt":"S\u00e3o Bento do Sul, 14 de maio de 2021. \u00a0REUNI\u00c3O DE NEGOCIA\u00c7\u00c3O MESA PERMANENTE DA CAIXA ECON\u00d4MICA FEDERAL, REALIZADA NO DIA 12 DE MAIO DE 2021, COM INICIO AS 10HORAS NO SISTEMA REMOTO (ON-LINE). Na abertura dos trabalhos, a Coordenadora da Comiss\u00e3o CAIXA e Gerente de Rela\u00e7\u00f5es Trabalhistas, Sra. Janaina,\u2026","rel":"","context":"Em &quot;Caixa Econ\u00f4mica Federal&quot;","img":{"alt_text":"","src":"https:\/\/i0.wp.com\/sindicatodosbancarios.org.br\/site2022\/wp-content\/uploads\/2020\/09\/brasilia-df-brasil-caixa-economica-federal-foto-marcelo-camargoagencia-brasil-1600822484947_v2_900x506.jpg?resize=350%2C200&ssl=1","width":350,"height":200},"classes":[]},{"id":4379,"url":"https:\/\/sindicatodosbancarios.org.br\/site2022\/2020\/08\/29\/informe-bancario-321-2020-proposta-da-caixa-economica-federal\/","url_meta":{"origin":2639,"position":5},"title":"INFORME BANC\u00c1RIO \u2013 321\/2020 Proposta da CAIXA ECON\u00d4MICA FEDERAL","date":"29 de agosto de 2020","format":false,"excerpt":"Nesta sexta-feira (28\/8) , em mais uma rodada de negocia\u00e7\u00e3o, a Caixa Econ\u00f4mica Federal apresentou sua proposta para a atual Campanha Salarial 2020\/2022. Permaneceram \u00a0negociando nas mesas representantes das \u00a0FEEB\u00a0 AL\/PE\/RN, FEEB GO\/TO, FEEB MG, FEEB PR, FEEB SP\/MS, SEEB GO, ADVOCEF, ANEAC, AUDICAIXA e FENAG , coordenada pela diretora\u2026","rel":"","context":"Em &quot;Caixa Econ\u00f4mica Federal&quot;","img":{"alt_text":"","src":"https:\/\/i0.wp.com\/sindicatodosbancarios.org.br\/site2022\/wp-content\/uploads\/2020\/06\/69k7312phlkcv3tvs4wgnt66p.jpg?resize=350%2C200&ssl=1","width":350,"height":200},"classes":[]}],"_links":{"self":[{"href":"https:\/\/sindicatodosbancarios.org.br\/site2022\/wp-json\/wp\/v2\/posts\/2639"}],"collection":[{"href":"https:\/\/sindicatodosbancarios.org.br\/site2022\/wp-json\/wp\/v2\/posts"}],"about":[{"href":"https:\/\/sindicatodosbancarios.org.br\/site2022\/wp-json\/wp\/v2\/types\/post"}],"author":[{"embeddable":true,"href":"https:\/\/sindicatodosbancarios.org.br\/site2022\/wp-json\/wp\/v2\/users\/2"}],"replies":[{"embeddable":true,"href":"https:\/\/sindicatodosbancarios.org.br\/site2022\/wp-json\/wp\/v2\/comments?post=2639"}],"version-history":[{"count":1,"href":"https:\/\/sindicatodosbancarios.org.br\/site2022\/wp-json\/wp\/v2\/posts\/2639\/revisions"}],"predecessor-version":[{"id":2640,"href":"https:\/\/sindicatodosbancarios.org.br\/site2022\/wp-json\/wp\/v2\/posts\/2639\/revisions\/2640"}],"wp:featuredmedia":[{"embeddable":true,"href":"https:\/\/sindicatodosbancarios.org.br\/site2022\/wp-json\/wp\/v2\/media\/2456"}],"wp:attachment":[{"href":"https:\/\/sindicatodosbancarios.org.br\/site2022\/wp-json\/wp\/v2\/media?parent=2639"}],"wp:term":[{"taxonomy":"category","embeddable":true,"href":"https:\/\/sindicatodosbancarios.org.br\/site2022\/wp-json\/wp\/v2\/categories?post=2639"},{"taxonomy":"post_tag","embeddable":true,"href":"https:\/\/sindicatodosbancarios.org.br\/site2022\/wp-json\/wp\/v2\/tags?post=2639"}],"curies":[{"name":"wp","href":"https:\/\/api.w.org\/{rel}","templated":true}]}}