{"id":2643,"date":"2018-08-26T14:56:04","date_gmt":"2018-08-26T17:56:04","guid":{"rendered":"https:\/\/sindicatodosbancarios.org.br\/?p=2643"},"modified":"2018-08-26T14:56:04","modified_gmt":"2018-08-26T17:56:04","slug":"informe-bancario-065-2018-fenaban-oferece-5","status":"publish","type":"post","link":"https:\/\/sindicatodosbancarios.org.br\/site2022\/2018\/08\/26\/informe-bancario-065-2018-fenaban-oferece-5\/","title":{"rendered":"INFORME BANC\u00c1RIO &#8211; 065 \/ 2018 &#8211; FENABAN OFERECE 5%"},"content":{"rendered":"<p>Em reuni\u00e3o com a Comiss\u00e3o Executiva Banc\u00e1ria Nacional de Negocia\u00e7\u00e3o \u2013 CEBNN\/CONTEC neste s\u00e1bado (25\/08\/18), a FENABAN apresenta nova contraproposta de reajuste de 5% e garantia de todos os direitos, inclusive aos hipersuficientes, (Aumento real de 1,18% sobre uma infla\u00e7\u00e3o do INPC projetada em 3,78%) para sal\u00e1rios e demais verbas, al\u00e9m da renova\u00e7\u00e3o da Conven\u00e7\u00e3o Coletiva de Trabalho (CCT) revisando, com garantia de<br \/>\nmanuten\u00e7\u00e3o de todos os direitos, v\u00e1lida para os Empregados de Bancos P\u00fablicos e Privados.<\/p>\n<p>Essa garantia \u00e9 fundamental diante da Lei Trabalhista que amea\u00e7a conquistas hist\u00f3ricas dos trabalhadores. A oferta \u00e9 para assinatura do acordo com validade de dois anos.<\/p>\n<p>CONFIRA ALGUNS PONTOS DA CONTRAPROPOSTA APRESENTADA NA NOITE DE S\u00c1BADO:<\/p>\n<p>\u2022PLR integral para banc\u00e1rias em licen\u00e7a-maternidade e afastados por doen\u00e7a ou acidente;<br \/>\n\u2022Garante o parcelamento do adiantamento de f\u00e9rias em tr\u00eas vezes, a pedido do<br \/>\nempregado; \u2022Mant\u00e9m o sal\u00e1rio substituto; \u2022Cl\u00e1usula do vale-transporte volta a ser a<br \/>\nconquista da categoria de 4% de desconto sobre o sal\u00e1rio base; \u2022Garantia da cl\u00e1usula do<br \/>\nadicional de insalubridade e periculosidade; \u2022Manuten\u00e7\u00e3o do vale-cultura.<br \/>\nCom essa proposta, reajustes e direitos est\u00e3o garantidos inclusive para os hipersuficientes<br \/>\n(Banc\u00e1rios com sal\u00e1rios superiores a R$ 11.291,60).<br \/>\nA proposta prev\u00ea, ainda, acordo com validade de 02 (Dois) anos, j\u00e1 garantida para 2019 a<br \/>\nmanuten\u00e7\u00e3o de todos os direitos, al\u00e9m da reposi\u00e7\u00e3o total da infla\u00e7\u00e3o (INPC) mais 1% de<br \/>\naumento real para sal\u00e1rios e demais verbas.<\/p>\n<p>TODOS OS DIREITOS EST\u00c3O GARANTIDOS APRESENTADA NESTA NOITE DE S\u00c1BADO:<\/p>\n<p>\u2022Volta a PLR integral para Banc\u00e1rias em Licen\u00e7a-maternidade e afastados por Doen\u00e7a ou Acidente;<br \/>\n\u2022Garante o parcelamento do adiantamento de F\u00e9rias em tr\u00eas vezes, a pedido do empregado;<br \/>\n\u2022Mant\u00e9m todos os Direito da CCT ao Hipersuficiente (quem ganha mais de R$ 11.291,60);<br \/>\n\u2022Mant\u00e9m o direito ao adiantamento emergencial para quem tem recurso ao INSS por 120 dias;<br \/>\n\u2022Realiza\u00e7\u00e3o do terceiro Censo da Diversidade, levantamento fundamental sobre o perfil da categoria para a promo\u00e7\u00e3o da igualdade de oportunidades;<br \/>\n\u2022Est\u00e1 mantida a proibi\u00e7\u00e3o da Divulga\u00e7\u00e3o de Ranking Individual, prevista na CCT, conquistada pela categoria como forma de reduzir a press\u00e3o por metas;<br \/>\n\u2022Banc\u00e1rio demitido n\u00e3o precisar\u00e1 mais requerer o pagamento da PLR proporcional se tiver conta corrente ativa no Banco; os demais ter\u00e3o prazo para solicitar o pagamento; \u2022Mant\u00e9mo sal\u00e1rio substituto;<br \/>\n\u2022Cl\u00e1usula do vale-transporte volta a ser a conquista da categoria de 4% de desconto sobre o sal\u00e1rio base;<br \/>\n\u2022Os Banc\u00e1rios e Bancarias ter\u00e3o at\u00e9 30 dias para apresentar o recibo para reembolso do aux\u00edlio-creche; os Bancos queriam que esse prazo fosse menor, de 10 dias;<br \/>\n\u2022Volta a Cl\u00e1usula que previa adicional de insalubridade e periculosidade;<br \/>\n\u2022 Hor\u00e1rio de almo\u00e7o poder\u00e1 ser flexibilizado de 15 minutos para 30 minutos na jornada de seis horas (exceto para Teleatendimento e Telemarketing);<br \/>\n\u2022Mant\u00e9m o vale-cultura conforme queriam os trabalhadores, para que o direito esteja garantido caso o governo retome o programa.<\/p>\n<p>&nbsp;<\/p>\n<p>&nbsp;<\/p>\n","protected":false},"excerpt":{"rendered":"<p>Em reuni\u00e3o com a Comiss\u00e3o Executiva Banc\u00e1ria Nacional de Negocia\u00e7\u00e3o \u2013 CEBNN\/CONTEC neste s\u00e1bado (25\/08\/18), a FENABAN apresenta [&hellip;]<\/p>\n","protected":false},"author":2,"featured_media":2473,"comment_status":"open","ping_status":"open","sticky":false,"template":"","format":"standard","meta":{"jetpack_post_was_ever_published":false,"jetpack_publicize_message":"","jetpack_is_tweetstorm":false,"jetpack_publicize_feature_enabled":true,"jetpack_social_post_already_shared":true,"jetpack_social_options":[]},"categories":[1],"tags":[],"jetpack_publicize_connections":[],"acf":[],"yoast_head":"<!-- This site is optimized with the Yoast SEO plugin v19.14 - https:\/\/yoast.com\/wordpress\/plugins\/seo\/ -->\n<title>INFORME BANC\u00c1RIO - 065 \/ 2018 - FENABAN OFERECE 5% - Sindicato dos Banc\u00e1rios de S\u00e3o Bento do Sul e Regi\u00e3o<\/title>\n<meta name=\"robots\" content=\"index, follow, max-snippet:-1, max-image-preview:large, max-video-preview:-1\" \/>\n<link rel=\"canonical\" href=\"https:\/\/sindicatodosbancarios.org.br\/site2022\/2018\/08\/26\/informe-bancario-065-2018-fenaban-oferece-5\/\" \/>\n<meta property=\"og:locale\" content=\"pt_BR\" \/>\n<meta property=\"og:type\" content=\"article\" \/>\n<meta property=\"og:title\" content=\"INFORME BANC\u00c1RIO - 065 \/ 2018 - FENABAN OFERECE 5% - Sindicato dos Banc\u00e1rios de S\u00e3o Bento do Sul e Regi\u00e3o\" \/>\n<meta property=\"og:description\" content=\"Em reuni\u00e3o com a Comiss\u00e3o Executiva Banc\u00e1ria Nacional de Negocia\u00e7\u00e3o \u2013 CEBNN\/CONTEC neste s\u00e1bado (25\/08\/18), a FENABAN apresenta [&hellip;]\" \/>\n<meta property=\"og:url\" content=\"https:\/\/sindicatodosbancarios.org.br\/site2022\/2018\/08\/26\/informe-bancario-065-2018-fenaban-oferece-5\/\" \/>\n<meta property=\"og:site_name\" content=\"Sindicato dos Banc\u00e1rios de S\u00e3o Bento do Sul e Regi\u00e3o\" \/>\n<meta property=\"article:author\" content=\"https:\/\/www.facebook.com\/seeb.sbs.9\" \/>\n<meta property=\"article:published_time\" content=\"2018-08-26T17:56:04+00:00\" \/>\n<meta property=\"og:image\" content=\"https:\/\/sindicatodosbancarios.org.br\/site2022\/wp-content\/uploads\/2018\/04\/24-2018.png\" \/>\n\t<meta property=\"og:image:width\" content=\"259\" \/>\n\t<meta property=\"og:image:height\" content=\"194\" \/>\n\t<meta property=\"og:image:type\" content=\"image\/png\" \/>\n<meta name=\"author\" content=\"Sindicato dos Banc\u00e1rios S\u00e3o Bento do Sul e Regi\u00e3o\" \/>\n<meta name=\"twitter:card\" content=\"summary_large_image\" \/>\n<meta name=\"twitter:label1\" content=\"Escrito por\" \/>\n\t<meta name=\"twitter:data1\" content=\"Sindicato dos Banc\u00e1rios S\u00e3o Bento do Sul e Regi\u00e3o\" \/>\n\t<meta name=\"twitter:label2\" content=\"Est. tempo de leitura\" \/>\n\t<meta name=\"twitter:data2\" content=\"3 minutos\" \/>\n<script type=\"application\/ld+json\" class=\"yoast-schema-graph\">{\"@context\":\"https:\/\/schema.org\",\"@graph\":[{\"@type\":\"Article\",\"@id\":\"https:\/\/sindicatodosbancarios.org.br\/site2022\/2018\/08\/26\/informe-bancario-065-2018-fenaban-oferece-5\/#article\",\"isPartOf\":{\"@id\":\"https:\/\/sindicatodosbancarios.org.br\/site2022\/2018\/08\/26\/informe-bancario-065-2018-fenaban-oferece-5\/\"},\"author\":{\"name\":\"Sindicato dos Banc\u00e1rios S\u00e3o Bento do Sul e Regi\u00e3o\",\"@id\":\"https:\/\/sindicatodosbancarios.org.br\/site2022\/#\/schema\/person\/a7d92da77d1084df4d28b57962f1e1bd\"},\"headline\":\"INFORME BANC\u00c1RIO &#8211; 065 \/ 2018 &#8211; FENABAN OFERECE 5%\",\"datePublished\":\"2018-08-26T17:56:04+00:00\",\"dateModified\":\"2018-08-26T17:56:04+00:00\",\"mainEntityOfPage\":{\"@id\":\"https:\/\/sindicatodosbancarios.org.br\/site2022\/2018\/08\/26\/informe-bancario-065-2018-fenaban-oferece-5\/\"},\"wordCount\":519,\"commentCount\":0,\"publisher\":{\"@id\":\"https:\/\/sindicatodosbancarios.org.br\/site2022\/#organization\"},\"articleSection\":[\"Geral\"],\"inLanguage\":\"pt-BR\",\"potentialAction\":[{\"@type\":\"CommentAction\",\"name\":\"Comment\",\"target\":[\"https:\/\/sindicatodosbancarios.org.br\/site2022\/2018\/08\/26\/informe-bancario-065-2018-fenaban-oferece-5\/#respond\"]}]},{\"@type\":\"WebPage\",\"@id\":\"https:\/\/sindicatodosbancarios.org.br\/site2022\/2018\/08\/26\/informe-bancario-065-2018-fenaban-oferece-5\/\",\"url\":\"https:\/\/sindicatodosbancarios.org.br\/site2022\/2018\/08\/26\/informe-bancario-065-2018-fenaban-oferece-5\/\",\"name\":\"INFORME BANC\u00c1RIO - 065 \/ 2018 - FENABAN OFERECE 5% - Sindicato dos Banc\u00e1rios de S\u00e3o Bento do Sul e Regi\u00e3o\",\"isPartOf\":{\"@id\":\"https:\/\/sindicatodosbancarios.org.br\/site2022\/#website\"},\"datePublished\":\"2018-08-26T17:56:04+00:00\",\"dateModified\":\"2018-08-26T17:56:04+00:00\",\"breadcrumb\":{\"@id\":\"https:\/\/sindicatodosbancarios.org.br\/site2022\/2018\/08\/26\/informe-bancario-065-2018-fenaban-oferece-5\/#breadcrumb\"},\"inLanguage\":\"pt-BR\",\"potentialAction\":[{\"@type\":\"ReadAction\",\"target\":[\"https:\/\/sindicatodosbancarios.org.br\/site2022\/2018\/08\/26\/informe-bancario-065-2018-fenaban-oferece-5\/\"]}]},{\"@type\":\"BreadcrumbList\",\"@id\":\"https:\/\/sindicatodosbancarios.org.br\/site2022\/2018\/08\/26\/informe-bancario-065-2018-fenaban-oferece-5\/#breadcrumb\",\"itemListElement\":[{\"@type\":\"ListItem\",\"position\":1,\"name\":\"In\u00edcio\",\"item\":\"https:\/\/sindicatodosbancarios.org.br\/site2022\/\"},{\"@type\":\"ListItem\",\"position\":2,\"name\":\"INFORME BANC\u00c1RIO &#8211; 065 \/ 2018 &#8211; FENABAN OFERECE 5%\"}]},{\"@type\":\"WebSite\",\"@id\":\"https:\/\/sindicatodosbancarios.org.br\/site2022\/#website\",\"url\":\"https:\/\/sindicatodosbancarios.org.br\/site2022\/\",\"name\":\"Sindicato dos Banc\u00e1rios de S\u00e3o Bento do Sul e Regi\u00e3o\",\"description\":\"Website institucional do Sindicato dos Banc\u00e1rios de S\u00e3o Bento do Sul e Regi\u00e3o\",\"publisher\":{\"@id\":\"https:\/\/sindicatodosbancarios.org.br\/site2022\/#organization\"},\"potentialAction\":[{\"@type\":\"SearchAction\",\"target\":{\"@type\":\"EntryPoint\",\"urlTemplate\":\"https:\/\/sindicatodosbancarios.org.br\/site2022\/?s={search_term_string}\"},\"query-input\":\"required name=search_term_string\"}],\"inLanguage\":\"pt-BR\"},{\"@type\":\"Organization\",\"@id\":\"https:\/\/sindicatodosbancarios.org.br\/site2022\/#organization\",\"name\":\"Sindicato dos Banc\u00e1rios de S\u00e3o Bento do Sul e Regi\u00e3o\",\"url\":\"https:\/\/sindicatodosbancarios.org.br\/site2022\/\",\"logo\":{\"@type\":\"ImageObject\",\"inLanguage\":\"pt-BR\",\"@id\":\"https:\/\/sindicatodosbancarios.org.br\/site2022\/#\/schema\/logo\/image\/\",\"url\":\"https:\/\/sindicatodosbancarios.org.br\/site2022\/wp-content\/uploads\/2017\/06\/cropped-logo-2.png\",\"contentUrl\":\"https:\/\/sindicatodosbancarios.org.br\/site2022\/wp-content\/uploads\/2017\/06\/cropped-logo-2.png\",\"width\":292,\"height\":292,\"caption\":\"Sindicato dos Banc\u00e1rios de S\u00e3o Bento do Sul e Regi\u00e3o\"},\"image\":{\"@id\":\"https:\/\/sindicatodosbancarios.org.br\/site2022\/#\/schema\/logo\/image\/\"}},{\"@type\":\"Person\",\"@id\":\"https:\/\/sindicatodosbancarios.org.br\/site2022\/#\/schema\/person\/a7d92da77d1084df4d28b57962f1e1bd\",\"name\":\"Sindicato dos Banc\u00e1rios S\u00e3o Bento do Sul e Regi\u00e3o\",\"image\":{\"@type\":\"ImageObject\",\"inLanguage\":\"pt-BR\",\"@id\":\"https:\/\/sindicatodosbancarios.org.br\/site2022\/#\/schema\/person\/image\/\",\"url\":\"https:\/\/secure.gravatar.com\/avatar\/f1d1a06f698f2345352e539387180d42?s=96&d=mm&r=g\",\"contentUrl\":\"https:\/\/secure.gravatar.com\/avatar\/f1d1a06f698f2345352e539387180d42?s=96&d=mm&r=g\",\"caption\":\"Sindicato dos Banc\u00e1rios S\u00e3o Bento do Sul e Regi\u00e3o\"},\"sameAs\":[\"http:\/\/sindicatodosbancarios.org.br\/site2022\/\",\"https:\/\/www.facebook.com\/seeb.sbs.9\"],\"url\":\"https:\/\/sindicatodosbancarios.org.br\/site2022\/author\/sindicatodosbancarios\/\"}]}<\/script>\n<!-- \/ Yoast SEO plugin. -->","yoast_head_json":{"title":"INFORME BANC\u00c1RIO - 065 \/ 2018 - FENABAN OFERECE 5% - Sindicato dos Banc\u00e1rios de S\u00e3o Bento do Sul e Regi\u00e3o","robots":{"index":"index","follow":"follow","max-snippet":"max-snippet:-1","max-image-preview":"max-image-preview:large","max-video-preview":"max-video-preview:-1"},"canonical":"https:\/\/sindicatodosbancarios.org.br\/site2022\/2018\/08\/26\/informe-bancario-065-2018-fenaban-oferece-5\/","og_locale":"pt_BR","og_type":"article","og_title":"INFORME BANC\u00c1RIO - 065 \/ 2018 - FENABAN OFERECE 5% - Sindicato dos Banc\u00e1rios de S\u00e3o Bento do Sul e Regi\u00e3o","og_description":"Em reuni\u00e3o com a Comiss\u00e3o Executiva Banc\u00e1ria Nacional de Negocia\u00e7\u00e3o \u2013 CEBNN\/CONTEC neste s\u00e1bado (25\/08\/18), a FENABAN apresenta [&hellip;]","og_url":"https:\/\/sindicatodosbancarios.org.br\/site2022\/2018\/08\/26\/informe-bancario-065-2018-fenaban-oferece-5\/","og_site_name":"Sindicato dos Banc\u00e1rios de S\u00e3o Bento do Sul e Regi\u00e3o","article_author":"https:\/\/www.facebook.com\/seeb.sbs.9","article_published_time":"2018-08-26T17:56:04+00:00","og_image":[{"width":259,"height":194,"url":"https:\/\/sindicatodosbancarios.org.br\/site2022\/wp-content\/uploads\/2018\/04\/24-2018.png","type":"image\/png"}],"author":"Sindicato dos Banc\u00e1rios S\u00e3o Bento do Sul e Regi\u00e3o","twitter_card":"summary_large_image","twitter_misc":{"Escrito por":"Sindicato dos Banc\u00e1rios S\u00e3o Bento do Sul e Regi\u00e3o","Est. tempo de leitura":"3 minutos"},"schema":{"@context":"https:\/\/schema.org","@graph":[{"@type":"Article","@id":"https:\/\/sindicatodosbancarios.org.br\/site2022\/2018\/08\/26\/informe-bancario-065-2018-fenaban-oferece-5\/#article","isPartOf":{"@id":"https:\/\/sindicatodosbancarios.org.br\/site2022\/2018\/08\/26\/informe-bancario-065-2018-fenaban-oferece-5\/"},"author":{"name":"Sindicato dos Banc\u00e1rios S\u00e3o Bento do Sul e Regi\u00e3o","@id":"https:\/\/sindicatodosbancarios.org.br\/site2022\/#\/schema\/person\/a7d92da77d1084df4d28b57962f1e1bd"},"headline":"INFORME BANC\u00c1RIO &#8211; 065 \/ 2018 &#8211; FENABAN OFERECE 5%","datePublished":"2018-08-26T17:56:04+00:00","dateModified":"2018-08-26T17:56:04+00:00","mainEntityOfPage":{"@id":"https:\/\/sindicatodosbancarios.org.br\/site2022\/2018\/08\/26\/informe-bancario-065-2018-fenaban-oferece-5\/"},"wordCount":519,"commentCount":0,"publisher":{"@id":"https:\/\/sindicatodosbancarios.org.br\/site2022\/#organization"},"articleSection":["Geral"],"inLanguage":"pt-BR","potentialAction":[{"@type":"CommentAction","name":"Comment","target":["https:\/\/sindicatodosbancarios.org.br\/site2022\/2018\/08\/26\/informe-bancario-065-2018-fenaban-oferece-5\/#respond"]}]},{"@type":"WebPage","@id":"https:\/\/sindicatodosbancarios.org.br\/site2022\/2018\/08\/26\/informe-bancario-065-2018-fenaban-oferece-5\/","url":"https:\/\/sindicatodosbancarios.org.br\/site2022\/2018\/08\/26\/informe-bancario-065-2018-fenaban-oferece-5\/","name":"INFORME BANC\u00c1RIO - 065 \/ 2018 - FENABAN OFERECE 5% - Sindicato dos Banc\u00e1rios de S\u00e3o Bento do Sul e Regi\u00e3o","isPartOf":{"@id":"https:\/\/sindicatodosbancarios.org.br\/site2022\/#website"},"datePublished":"2018-08-26T17:56:04+00:00","dateModified":"2018-08-26T17:56:04+00:00","breadcrumb":{"@id":"https:\/\/sindicatodosbancarios.org.br\/site2022\/2018\/08\/26\/informe-bancario-065-2018-fenaban-oferece-5\/#breadcrumb"},"inLanguage":"pt-BR","potentialAction":[{"@type":"ReadAction","target":["https:\/\/sindicatodosbancarios.org.br\/site2022\/2018\/08\/26\/informe-bancario-065-2018-fenaban-oferece-5\/"]}]},{"@type":"BreadcrumbList","@id":"https:\/\/sindicatodosbancarios.org.br\/site2022\/2018\/08\/26\/informe-bancario-065-2018-fenaban-oferece-5\/#breadcrumb","itemListElement":[{"@type":"ListItem","position":1,"name":"In\u00edcio","item":"https:\/\/sindicatodosbancarios.org.br\/site2022\/"},{"@type":"ListItem","position":2,"name":"INFORME BANC\u00c1RIO &#8211; 065 \/ 2018 &#8211; FENABAN OFERECE 5%"}]},{"@type":"WebSite","@id":"https:\/\/sindicatodosbancarios.org.br\/site2022\/#website","url":"https:\/\/sindicatodosbancarios.org.br\/site2022\/","name":"Sindicato dos Banc\u00e1rios de S\u00e3o Bento do Sul e Regi\u00e3o","description":"Website institucional do Sindicato dos Banc\u00e1rios de S\u00e3o Bento do Sul e Regi\u00e3o","publisher":{"@id":"https:\/\/sindicatodosbancarios.org.br\/site2022\/#organization"},"potentialAction":[{"@type":"SearchAction","target":{"@type":"EntryPoint","urlTemplate":"https:\/\/sindicatodosbancarios.org.br\/site2022\/?s={search_term_string}"},"query-input":"required name=search_term_string"}],"inLanguage":"pt-BR"},{"@type":"Organization","@id":"https:\/\/sindicatodosbancarios.org.br\/site2022\/#organization","name":"Sindicato dos Banc\u00e1rios de S\u00e3o Bento do Sul e Regi\u00e3o","url":"https:\/\/sindicatodosbancarios.org.br\/site2022\/","logo":{"@type":"ImageObject","inLanguage":"pt-BR","@id":"https:\/\/sindicatodosbancarios.org.br\/site2022\/#\/schema\/logo\/image\/","url":"https:\/\/sindicatodosbancarios.org.br\/site2022\/wp-content\/uploads\/2017\/06\/cropped-logo-2.png","contentUrl":"https:\/\/sindicatodosbancarios.org.br\/site2022\/wp-content\/uploads\/2017\/06\/cropped-logo-2.png","width":292,"height":292,"caption":"Sindicato dos Banc\u00e1rios de S\u00e3o Bento do Sul e Regi\u00e3o"},"image":{"@id":"https:\/\/sindicatodosbancarios.org.br\/site2022\/#\/schema\/logo\/image\/"}},{"@type":"Person","@id":"https:\/\/sindicatodosbancarios.org.br\/site2022\/#\/schema\/person\/a7d92da77d1084df4d28b57962f1e1bd","name":"Sindicato dos Banc\u00e1rios S\u00e3o Bento do Sul e Regi\u00e3o","image":{"@type":"ImageObject","inLanguage":"pt-BR","@id":"https:\/\/sindicatodosbancarios.org.br\/site2022\/#\/schema\/person\/image\/","url":"https:\/\/secure.gravatar.com\/avatar\/f1d1a06f698f2345352e539387180d42?s=96&d=mm&r=g","contentUrl":"https:\/\/secure.gravatar.com\/avatar\/f1d1a06f698f2345352e539387180d42?s=96&d=mm&r=g","caption":"Sindicato dos Banc\u00e1rios S\u00e3o Bento do Sul e Regi\u00e3o"},"sameAs":["http:\/\/sindicatodosbancarios.org.br\/site2022\/","https:\/\/www.facebook.com\/seeb.sbs.9"],"url":"https:\/\/sindicatodosbancarios.org.br\/site2022\/author\/sindicatodosbancarios\/"}]}},"jetpack_featured_media_url":"https:\/\/sindicatodosbancarios.org.br\/site2022\/wp-content\/uploads\/2018\/04\/24-2018.png","jetpack_sharing_enabled":true,"jetpack_shortlink":"https:\/\/wp.me\/p8RSbI-GD","jetpack-related-posts":[{"id":4219,"url":"https:\/\/sindicatodosbancarios.org.br\/site2022\/2020\/08\/05\/informe-bancario-280-2020-resultado-reuniao-fenaban-de-04-08-2020-campanha-salarial-dos-bancarios-2020\/","url_meta":{"origin":2643,"position":0},"title":"INFORME BANC\u00c1RIO \u2013 280\/2020 RESULTADO REUNI\u00c3O FENABAN DE 04\/08\/2020 &#8211; CAMPANHA SALARIAL DOS BANC\u00c1RIOS 2020","date":"5 de agosto de 2020","format":false,"excerpt":"Foi realizada na tarde desta ter\u00e7a-feira (04), a partir das 14h, via remota\/virtual, a segunda reuni\u00e3o entre a Comiss\u00e3o de Negocia\u00e7\u00e3o da CONTEC e a FENABAN, a fim de debater as Reivindica\u00e7\u00f5es dos Banc\u00e1rios 2020, para manter a Conven\u00e7\u00e3o Coletiva de Trabalho vigente e agregar outros benef\u00edcios relativos aos direitos\u2026","rel":"","context":"Em &quot;Banco do Brasil&quot;","img":{"alt_text":"","src":"https:\/\/i0.wp.com\/sindicatodosbancarios.org.br\/site2022\/wp-content\/uploads\/2020\/08\/050820143012-REUNI\u00c3O-FENABAN-04_08_20-SEEB-JGS-E-REGI\u00c3O-SC..png?resize=350%2C200&ssl=1","width":350,"height":200},"classes":[]},{"id":4326,"url":"https:\/\/sindicatodosbancarios.org.br\/site2022\/2020\/08\/21\/informe-bancario-310-2020-campanha-salarial-2020-fenaban\/","url_meta":{"origin":2643,"position":1},"title":"INFORME BANC\u00c1RIO \u2013 310\/2020 Campanha salarial 2020 \u2013 FENABAN","date":"21 de agosto de 2020","format":false,"excerpt":"A partir das 17h40 desta quinta-feira (20\/8), a Comiss\u00e3o Executiva Banc\u00e1ria Nacional de Negocia\u00e7\u00e3o da CONTEC realizou \u2013 via remota\/virtual \u2013, a oitava reuni\u00e3o com a Comiss\u00e3o de Negocia\u00e7\u00e3o da FENABAN, para dar continuidade aos debates das reivindica\u00e7\u00f5es dos banc\u00e1rios para a presente data-base, com vistas \u00e0 manuten\u00e7\u00e3o dos direitos\u2026","rel":"","context":"Em &quot;Banco do Brasil&quot;","img":{"alt_text":"","src":"https:\/\/i0.wp.com\/sindicatodosbancarios.org.br\/site2022\/wp-content\/uploads\/2020\/08\/BEDD0270-C889-4668-91EC-9BA7152B423F-2.jpeg?resize=350%2C200&ssl=1","width":350,"height":200},"classes":[]},{"id":4377,"url":"https:\/\/sindicatodosbancarios.org.br\/site2022\/2020\/08\/29\/informe-bancario-320-2020-proposta-avanca-reajuste-de-15-com-abono-de-r-2-mil\/","url_meta":{"origin":2643,"position":2},"title":"INFORME BANC\u00c1RIO \u2013 320\/2020 PROPOSTA AVAN\u00c7A: REAJUSTE DE 1,5% COM ABONO DE R$ 2 MIL","date":"29 de agosto de 2020","format":false,"excerpt":"FENABAN garante tamb\u00e9m, para 2021, reposi\u00e7\u00e3o da infla\u00e7\u00e3o mais aumento real de 0,5% para sal\u00e1rios e demais verbas; al\u00e9m da manuten\u00e7\u00e3o de todas as Cl\u00e1usula da CCT por Dois (02) anos e da PLR nos moldes atuais, com reposi\u00e7\u00e3o da infla\u00e7\u00e3o nos valores fixos e tetos. Os Bancos, que em\u2026","rel":"","context":"Em &quot;Banco do Brasil&quot;","img":{"alt_text":"","src":"https:\/\/i0.wp.com\/spbancarios.com.br\/sites\/default\/files\/images\/tabela%20salarios.jpeg?resize=350%2C200&ssl=1","width":350,"height":200},"classes":[]},{"id":5630,"url":"https:\/\/sindicatodosbancarios.org.br\/site2022\/2021\/08\/20\/informe-bancario-197-2021-fenaban-promete-manter-jornada-prevista-na-cct\/","url_meta":{"origin":2643,"position":3},"title":"INFORME BANC\u00c1RIO \u2013 197\/2021 FENABAN PROMETE MANTER JORNADA PREVISTA NA CCT","date":"20 de agosto de 2021","format":false,"excerpt":"MP do Governo Bolsonaro passou na C\u00e2mara e vai para o Senado. A mobiliza\u00e7\u00e3o do Movimento Sindical vai continuar para deter a retirada de direitos sem precedentes. A C\u00e2mara dos Deputados aprovou, dia 12 de agosto, a Medida Provis\u00f3ria 1045\/2021, editada pelo Governo Federal em abril e que institui o\u2026","rel":"","context":"Em &quot;Geral&quot;","img":{"alt_text":"","src":"https:\/\/i0.wp.com\/sindicatodosbancarios.org.br\/site2022\/wp-content\/uploads\/2020\/06\/46735750392_c403dc52f0_b.jpg?resize=350%2C200&ssl=1","width":350,"height":200},"classes":[]},{"id":4289,"url":"https:\/\/sindicatodosbancarios.org.br\/site2022\/2020\/08\/18\/informe-bancario-299-2020-resultado-reuniao-bb-de-17-08-20-campanha-salarial-dos-bancarios-2020\/","url_meta":{"origin":2643,"position":4},"title":"INFORME BANC\u00c1RIO \u2013 299\/2020 RESULTADO REUNI\u00c3O BB DE 17\/08\/20 &#8211; CAMPANHA SALARIAL DOS BANC\u00c1RIOS 2020","date":"18 de agosto de 2020","format":false,"excerpt":"A Dire\u00e7\u00e3o do Banco do Brasil prop\u00f4s a retirada de uma s\u00e9rie de direitos atualmente clausulados no Acordo Coletivo de Trabalho (Acordo Espec\u00edfico) dos Funcion\u00e1rios da Empresa P\u00fablica, durante a quarta rodada de negocia\u00e7\u00e3o entre o Movimento Sindical e os e Representantes do Banco. O tema da rodada de negocia\u00e7\u00e3o,\u2026","rel":"","context":"Em &quot;Banco do Brasil&quot;","img":{"alt_text":"","src":"https:\/\/i0.wp.com\/sindicatodosbancarios.org.br\/site2022\/wp-content\/uploads\/2020\/08\/concurso-pu\u0301blico-bb-cursodememorizac\u0327a\u0303o-2.jpg?resize=350%2C200&ssl=1","width":350,"height":200},"classes":[]},{"id":4414,"url":"https:\/\/sindicatodosbancarios.org.br\/site2022\/2020\/09\/01\/informe-bancario-322-20-bancarios-de-sao-bento-do-sul-aprovam-propostas-da-fenaban-banco-do-brasil-e-caixa-economica-federal\/","url_meta":{"origin":2643,"position":5},"title":"INFORME BANC\u00c1RIO \u2013 322\/20 &#8211; BANC\u00c1RIOS DE S\u00c3O BENTO DO SUL APROVAM PROPOSTAS DA FENABAN, BANCO DO BRASIL E CAIXA ECON\u00d4MICA FEDERAL","date":"1 de setembro de 2020","format":false,"excerpt":"Em Assembleia Geral Extraordin\u00e1ria Permanente (virtual), realizada no dia 31\/08\/2020, que teve a manifesta\u00e7\u00e3o de 74,1% dos trabalhadores banc\u00e1rios de S\u00e3o Bento do Sul e Regi\u00e3o, lotados nos Bancos Privados (Bradesco, Ita\u00fa Unibanco e Santander), e Bancos P\u00fablicos\u00a0 (Banco do Brasil e da Caixa Econ\u00f4mica Federal), sendo aprovada por 70%,\u2026","rel":"","context":"Em &quot;Geral&quot;","img":{"alt_text":"","src":"https:\/\/i0.wp.com\/sindicatodosbancarios.org.br\/site2022\/wp-content\/uploads\/2020\/06\/14075221_1290736954292390_1513991368_o-1.jpg?resize=350%2C200&ssl=1","width":350,"height":200},"classes":[]}],"_links":{"self":[{"href":"https:\/\/sindicatodosbancarios.org.br\/site2022\/wp-json\/wp\/v2\/posts\/2643"}],"collection":[{"href":"https:\/\/sindicatodosbancarios.org.br\/site2022\/wp-json\/wp\/v2\/posts"}],"about":[{"href":"https:\/\/sindicatodosbancarios.org.br\/site2022\/wp-json\/wp\/v2\/types\/post"}],"author":[{"embeddable":true,"href":"https:\/\/sindicatodosbancarios.org.br\/site2022\/wp-json\/wp\/v2\/users\/2"}],"replies":[{"embeddable":true,"href":"https:\/\/sindicatodosbancarios.org.br\/site2022\/wp-json\/wp\/v2\/comments?post=2643"}],"version-history":[{"count":1,"href":"https:\/\/sindicatodosbancarios.org.br\/site2022\/wp-json\/wp\/v2\/posts\/2643\/revisions"}],"predecessor-version":[{"id":2644,"href":"https:\/\/sindicatodosbancarios.org.br\/site2022\/wp-json\/wp\/v2\/posts\/2643\/revisions\/2644"}],"wp:featuredmedia":[{"embeddable":true,"href":"https:\/\/sindicatodosbancarios.org.br\/site2022\/wp-json\/wp\/v2\/media\/2473"}],"wp:attachment":[{"href":"https:\/\/sindicatodosbancarios.org.br\/site2022\/wp-json\/wp\/v2\/media?parent=2643"}],"wp:term":[{"taxonomy":"category","embeddable":true,"href":"https:\/\/sindicatodosbancarios.org.br\/site2022\/wp-json\/wp\/v2\/categories?post=2643"},{"taxonomy":"post_tag","embeddable":true,"href":"https:\/\/sindicatodosbancarios.org.br\/site2022\/wp-json\/wp\/v2\/tags?post=2643"}],"curies":[{"name":"wp","href":"https:\/\/api.w.org\/{rel}","templated":true}]}}